{"id":10089,"date":"2021-10-16T17:36:06","date_gmt":"2021-10-16T15:36:06","guid":{"rendered":"https:\/\/www.meslibellules.fr\/blog\/?p=10089"},"modified":"2025-05-14T07:21:30","modified_gmt":"2025-05-14T05:21:30","slug":"cordulegaster-boltonii-male","status":"publish","type":"post","link":"https:\/\/www.meslibellules.fr\/blog\/2021\/10\/16\/cordulegaster-boltonii-male\/","title":{"rendered":"Cordulegaster boltonii m\u00e2le 6\/6"},"content":{"rendered":"\n<figure class=\"wp-block-image aligncenter size-full is-resized\"><a href=\"https:\/\/www.meslibellules.fr\/blog\/wp-content\/uploads\/cordulegaster-boltonii-male-13big.webp\"><img decoding=\"async\" width=\"1627\" height=\"1204\" data-src=\"https:\/\/www.meslibellules.fr\/blog\/wp-content\/uploads\/cordulegaster-boltonii-male-13big.webp\" alt=\"Cordulegaster boltonii m\u00e2le, Nant (France,12), 11\/07\/2020\" class=\"wp-image-10084 lazyload\" style=\"--smush-placeholder-width: 1627px; --smush-placeholder-aspect-ratio: 1627\/1204;width:492px;height:auto\" data-srcset=\"https:\/\/www.meslibellules.fr\/blog\/wp-content\/uploads\/cordulegaster-boltonii-male-13big.webp 1627w, https:\/\/www.meslibellules.fr\/blog\/wp-content\/uploads\/cordulegaster-boltonii-male-13big-768x568.webp 768w, https:\/\/www.meslibellules.fr\/blog\/wp-content\/uploads\/cordulegaster-boltonii-male-13big-1536x1137.webp 1536w, https:\/\/www.meslibellules.fr\/blog\/wp-content\/uploads\/cordulegaster-boltonii-male-13big-1200x888.webp 1200w\" data-sizes=\"(max-width: 1627px) 100vw, 1627px\" src=\"data:image\/svg+xml;base64,PHN2ZyB3aWR0aD0iMSIgaGVpZ2h0PSIxIiB4bWxucz0iaHR0cDovL3d3dy53My5vcmcvMjAwMC9zdmciPjwvc3ZnPg==\" \/><\/a><figcaption class=\"wp-element-caption\">Cordulegaster boltonii m\u00e2le, Nant (France,12), 11\/07\/2020<\/figcaption><\/figure>\n\n\n\n<p style=\"font-size:15px\">C&rsquo;est toujours un grand plaisir que de rencontrer ce magnifique odonate dans un cadre aussi agr\u00e9able.<\/p>\n\n\n\n<figure class=\"wp-block-image aligncenter size-full is-resized\"><a href=\"https:\/\/www.meslibellules.fr\/blog\/wp-content\/uploads\/cordulegaster-boltonii-biotope.webp\"><img decoding=\"async\" width=\"1504\" height=\"1004\" data-src=\"https:\/\/www.meslibellules.fr\/blog\/wp-content\/uploads\/cordulegaster-boltonii-biotope.webp\" alt=\"Biotope de Cordulegaster boltonii m\u00e2le, Nant(France,12), sur la Dourbie, 11\/07\/2020\" class=\"wp-image-10083 lazyload\" style=\"--smush-placeholder-width: 1504px; --smush-placeholder-aspect-ratio: 1504\/1004;width:628px;height:auto\" data-srcset=\"https:\/\/www.meslibellules.fr\/blog\/wp-content\/uploads\/cordulegaster-boltonii-biotope.webp 1504w, https:\/\/www.meslibellules.fr\/blog\/wp-content\/uploads\/cordulegaster-boltonii-biotope-768x513.webp 768w, https:\/\/www.meslibellules.fr\/blog\/wp-content\/uploads\/cordulegaster-boltonii-biotope-1200x801.webp 1200w\" data-sizes=\"(max-width: 1504px) 100vw, 1504px\" src=\"data:image\/svg+xml;base64,PHN2ZyB3aWR0aD0iMSIgaGVpZ2h0PSIxIiB4bWxucz0iaHR0cDovL3d3dy53My5vcmcvMjAwMC9zdmciPjwvc3ZnPg==\" \/><\/a><figcaption class=\"wp-element-caption\">Biotope de Cordulegaster boltonii m\u00e2le, Nant ( France,12), sur la Dourbie, 11\/07\/2020<\/figcaption><\/figure>\n\n\n\n<p style=\"font-size:15px\">En fait, ils \u00e9taient 2 \u00e0 essayer de se partager quelque 30 m\u00e8tres de rives de la Dourbie, rasant l&rsquo;eau \u00e0 la recherche d&rsquo;une femelle, cherchant \u00e0 s&rsquo;intimider lorsque le vol les rapprochait. Mais le plus souvent, c&rsquo;est lorsque je cherchais \u00e0 m&rsquo;approcher d&rsquo;un sujet pos\u00e9 que le second, en approche, d\u00e9clenchait son envol&#8230;<br>Noter sur la photo de droite surtout la nervure costale, vraiment jaune (\u00e0 dominante sombre pour C. bidentata).<\/p>\n\n\n\n<figure class=\"wp-block-gallery has-nested-images columns-default is-cropped wp-block-gallery-1 is-layout-flex wp-block-gallery-is-layout-flex\">\n<figure class=\"wp-block-image size-large\"><a href=\"https:\/\/www.meslibellules.fr\/blog\/wp-content\/uploads\/cordulegaster-boltonii-male-14big.webp\"><img decoding=\"async\" width=\"1392\" height=\"1204\" data-id=\"10085\" data-src=\"https:\/\/www.meslibellules.fr\/blog\/wp-content\/uploads\/cordulegaster-boltonii-male-14big.webp\" alt=\"Cordulegaster boltonii m\u00e2le, Nant (France,12), 11\/07\/2020\" class=\"wp-image-10085 lazyload\" data-srcset=\"https:\/\/www.meslibellules.fr\/blog\/wp-content\/uploads\/cordulegaster-boltonii-male-14big.webp 1392w, https:\/\/www.meslibellules.fr\/blog\/wp-content\/uploads\/cordulegaster-boltonii-male-14big-768x664.webp 768w, https:\/\/www.meslibellules.fr\/blog\/wp-content\/uploads\/cordulegaster-boltonii-male-14big-1200x1038.webp 1200w\" data-sizes=\"(max-width: 1392px) 100vw, 1392px\" src=\"data:image\/svg+xml;base64,PHN2ZyB3aWR0aD0iMSIgaGVpZ2h0PSIxIiB4bWxucz0iaHR0cDovL3d3dy53My5vcmcvMjAwMC9zdmciPjwvc3ZnPg==\" style=\"--smush-placeholder-width: 1392px; --smush-placeholder-aspect-ratio: 1392\/1204;\" \/><\/a><\/figure>\n\n\n\n<figure class=\"wp-block-image size-large\"><a href=\"https:\/\/www.meslibellules.fr\/blog\/wp-content\/uploads\/cordulegaster-boltonii-male-15big.webp\"><img decoding=\"async\" width=\"1335\" height=\"1204\" data-id=\"10086\" data-src=\"https:\/\/www.meslibellules.fr\/blog\/wp-content\/uploads\/cordulegaster-boltonii-male-15big.webp\" alt=\"Cordulegaster boltonii m\u00e2le, Nant (France,12), 11\/07\/2020\" class=\"wp-image-10086 lazyload\" data-srcset=\"https:\/\/www.meslibellules.fr\/blog\/wp-content\/uploads\/cordulegaster-boltonii-male-15big.webp 1335w, https:\/\/www.meslibellules.fr\/blog\/wp-content\/uploads\/cordulegaster-boltonii-male-15big-768x693.webp 768w, https:\/\/www.meslibellules.fr\/blog\/wp-content\/uploads\/cordulegaster-boltonii-male-15big-1200x1082.webp 1200w\" data-sizes=\"(max-width: 1335px) 100vw, 1335px\" src=\"data:image\/svg+xml;base64,PHN2ZyB3aWR0aD0iMSIgaGVpZ2h0PSIxIiB4bWxucz0iaHR0cDovL3d3dy53My5vcmcvMjAwMC9zdmciPjwvc3ZnPg==\" style=\"--smush-placeholder-width: 1335px; --smush-placeholder-aspect-ratio: 1335\/1204;\" \/><\/a><\/figure>\n<figcaption class=\"blocks-gallery-caption wp-element-caption\"> Cordulegaster boltonii m\u00e2le, Nant (France,12), 11\/07\/2020 <\/figcaption><\/figure>\n\n\n\n<p style=\"font-size:15px\">Je ne savais pas si j&rsquo;avais pu prendre les deux individus en photo ou si c&rsquo;est toujours le m\u00eame qui avait pos\u00e9 pour moi, parfois un peu plus longtemps&#8230; mais le comptage des cellules des triangles anaux a r\u00e9solu ce petit myst\u00e8re ; il s&rsquo;agit bien de deux individus, l&rsquo;un ayant 4 et 4 cellules dans ces triangles, l&rsquo;autre 4 et 5 (C. bidentata est cens\u00e9 n&rsquo;en avoir que 3).<br>La photo ci-dessous permet une tr\u00e8s bonne observation du triangle occipital, juste en arri\u00e8re de l&rsquo;union des deux yeux ; il est jaune pour C. boltonii, noir pour son cousin C. bidentata.<\/p>\n\n\n\n<figure class=\"wp-block-image aligncenter size-full is-resized\"><a href=\"https:\/\/www.meslibellules.fr\/blog\/wp-content\/uploads\/cordulegaster-boltonii-male-16big.webp\"><img decoding=\"async\" width=\"1498\" height=\"1204\" data-src=\"https:\/\/www.meslibellules.fr\/blog\/wp-content\/uploads\/cordulegaster-boltonii-male-16big.webp\" alt=\"Cordulegaster boltonii m\u00e2le, Nant (France,12), 11\/07\/2020\" class=\"wp-image-10087 lazyload\" style=\"--smush-placeholder-width: 1498px; --smush-placeholder-aspect-ratio: 1498\/1204;width:554px;height:auto\" data-srcset=\"https:\/\/www.meslibellules.fr\/blog\/wp-content\/uploads\/cordulegaster-boltonii-male-16big.webp 1498w, https:\/\/www.meslibellules.fr\/blog\/wp-content\/uploads\/cordulegaster-boltonii-male-16big-768x617.webp 768w, https:\/\/www.meslibellules.fr\/blog\/wp-content\/uploads\/cordulegaster-boltonii-male-16big-1200x964.webp 1200w\" data-sizes=\"(max-width: 1498px) 100vw, 1498px\" src=\"data:image\/svg+xml;base64,PHN2ZyB3aWR0aD0iMSIgaGVpZ2h0PSIxIiB4bWxucz0iaHR0cDovL3d3dy53My5vcmcvMjAwMC9zdmciPjwvc3ZnPg==\" \/><\/a><figcaption class=\"wp-element-caption\">Cordulegaster boltonii m\u00e2le, Nant (France,12), 11\/07\/2020<\/figcaption><\/figure>\n\n\n\n<p style=\"font-size:15px\">Ci-dessous, une attitude classique de ces Cordulegasteridae, pendu par les pattes&#8230;<\/p>\n\n\n\n<figure class=\"wp-block-image aligncenter size-full is-resized\"><a href=\"https:\/\/www.meslibellules.fr\/blog\/wp-content\/uploads\/cordulegaster-boltonii-male-17big.webp\"><img decoding=\"async\" width=\"1573\" height=\"1204\" data-src=\"https:\/\/www.meslibellules.fr\/blog\/wp-content\/uploads\/cordulegaster-boltonii-male-17big.webp\" alt=\"Cordulegaster boltonii m\u00e2le, Nant (France,12), 11\/07\/2020\" class=\"wp-image-10088 lazyload\" style=\"--smush-placeholder-width: 1573px; --smush-placeholder-aspect-ratio: 1573\/1204;width:558px;height:auto\" data-srcset=\"https:\/\/www.meslibellules.fr\/blog\/wp-content\/uploads\/cordulegaster-boltonii-male-17big.webp 1573w, https:\/\/www.meslibellules.fr\/blog\/wp-content\/uploads\/cordulegaster-boltonii-male-17big-768x588.webp 768w, https:\/\/www.meslibellules.fr\/blog\/wp-content\/uploads\/cordulegaster-boltonii-male-17big-1536x1176.webp 1536w, https:\/\/www.meslibellules.fr\/blog\/wp-content\/uploads\/cordulegaster-boltonii-male-17big-1200x918.webp 1200w\" data-sizes=\"(max-width: 1573px) 100vw, 1573px\" src=\"data:image\/svg+xml;base64,PHN2ZyB3aWR0aD0iMSIgaGVpZ2h0PSIxIiB4bWxucz0iaHR0cDovL3d3dy53My5vcmcvMjAwMC9zdmciPjwvc3ZnPg==\" \/><\/a><figcaption class=\"wp-element-caption\">Cordulegaster boltonii m\u00e2le, Nant (France,12), 11\/07\/2020<\/figcaption><\/figure>\n\n\n\n<div style=\"height:85px\" aria-hidden=\"true\" class=\"wp-block-spacer\"><\/div>\n\n\n\n<figure class=\"wp-block-image size-full\"><a href=\"http:\/\/www.meslibellules.fr\/pagesweb\/cordulegasteridae\/cordulegaster-boltonii\/cordulegaster-boltonii-male-5.php\"><img decoding=\"async\" width=\"100\" height=\"20\" data-src=\"https:\/\/www.meslibellules.fr\/blog\/wp-content\/uploads\/retour.gif\" alt=\"\" class=\"wp-image-8468 lazyload\" src=\"data:image\/svg+xml;base64,PHN2ZyB3aWR0aD0iMSIgaGVpZ2h0PSIxIiB4bWxucz0iaHR0cDovL3d3dy53My5vcmcvMjAwMC9zdmciPjwvc3ZnPg==\" style=\"--smush-placeholder-width: 100px; --smush-placeholder-aspect-ratio: 100\/20;\" \/><\/a><\/figure>\n\n\n\n<figure class=\"wp-block-image size-full\"><a href=\"http:\/\/www.meslibellules.fr\/pagesweb\/cordulegasteridae\/cordulegaster-boltonii\/cordulegaster-boltonii-accueil.php\"><img decoding=\"async\" width=\"100\" height=\"20\" data-src=\"https:\/\/www.meslibellules.fr\/blog\/wp-content\/uploads\/accueil_cboltonii.gif\" alt=\"\" class=\"wp-image-10115 lazyload\" src=\"data:image\/svg+xml;base64,PHN2ZyB3aWR0aD0iMSIgaGVpZ2h0PSIxIiB4bWxucz0iaHR0cDovL3d3dy53My5vcmcvMjAwMC9zdmciPjwvc3ZnPg==\" style=\"--smush-placeholder-width: 100px; --smush-placeholder-aspect-ratio: 100\/20;\" \/><\/a><\/figure>\n\n\n\n<figure class=\"wp-block-image size-full\"><a href=\"https:\/\/www.meslibellules.fr\/blog\/\"><img decoding=\"async\" width=\"100\" height=\"20\" data-src=\"https:\/\/www.meslibellules.fr\/blog\/wp-content\/uploads\/accueil-3.gif\" alt=\"\" class=\"wp-image-8466 lazyload\" src=\"data:image\/svg+xml;base64,PHN2ZyB3aWR0aD0iMSIgaGVpZ2h0PSIxIiB4bWxucz0iaHR0cDovL3d3dy53My5vcmcvMjAwMC9zdmciPjwvc3ZnPg==\" style=\"--smush-placeholder-width: 100px; --smush-placeholder-aspect-ratio: 100\/20;\" \/><\/a><\/figure>\n\n\n\n<p><\/p>\n","protected":false},"excerpt":{"rendered":"<p>C&rsquo;est toujours un grand plaisir que de rencontrer ce magnifique odonate dans un cadre aussi agr\u00e9able. En fait, ils \u00e9taient 2 \u00e0 essayer de se partager quelque 30 m\u00e8tres de rives de la Dourbie, rasant l&rsquo;eau \u00e0 la recherche d&rsquo;une femelle, cherchant \u00e0 s&rsquo;intimider lorsque le vol les rapprochait. Mais le plus souvent, c&rsquo;est lorsque [&hellip;]<\/p>\n","protected":false},"author":1,"featured_media":0,"comment_status":"open","ping_status":"open","sticky":false,"template":"","format":"image","meta":{"site-sidebar-layout":"default","site-content-layout":"","ast-site-content-layout":"default","site-content-style":"default","site-sidebar-style":"default","ast-global-header-display":"","ast-banner-title-visibility":"","ast-main-header-display":"","ast-hfb-above-header-display":"","ast-hfb-below-header-display":"","ast-hfb-mobile-header-display":"","site-post-title":"","ast-breadcrumbs-content":"","ast-featured-img":"","footer-sml-layout":"","ast-disable-related-posts":"","theme-transparent-header-meta":"","adv-header-id-meta":"","stick-header-meta":"","header-above-stick-meta":"","header-main-stick-meta":"","header-below-stick-meta":"","astra-migrate-meta-layouts":"set","ast-page-background-enabled":"default","ast-page-background-meta":{"desktop":{"background-color":"var(--ast-global-color-4)","background-image":"","background-repeat":"repeat","background-position":"center center","background-size":"auto","background-attachment":"scroll","background-type":"","background-media":"","overlay-type":"","overlay-color":"","overlay-opacity":"","overlay-gradient":""},"tablet":{"background-color":"","background-image":"","background-repeat":"repeat","background-position":"center center","background-size":"auto","background-attachment":"scroll","background-type":"","background-media":"","overlay-type":"","overlay-color":"","overlay-opacity":"","overlay-gradient":""},"mobile":{"background-color":"","background-image":"","background-repeat":"repeat","background-position":"center center","background-size":"auto","background-attachment":"scroll","background-type":"","background-media":"","overlay-type":"","overlay-color":"","overlay-opacity":"","overlay-gradient":""}},"ast-content-background-meta":{"desktop":{"background-color":"var(--ast-global-color-5)","background-image":"","background-repeat":"repeat","background-position":"center center","background-size":"auto","background-attachment":"scroll","background-type":"","background-media":"","overlay-type":"","overlay-color":"","overlay-opacity":"","overlay-gradient":""},"tablet":{"background-color":"var(--ast-global-color-5)","background-image":"","background-repeat":"repeat","background-position":"center center","background-size":"auto","background-attachment":"scroll","background-type":"","background-media":"","overlay-type":"","overlay-color":"","overlay-opacity":"","overlay-gradient":""},"mobile":{"background-color":"var(--ast-global-color-5)","background-image":"","background-repeat":"repeat","background-position":"center center","background-size":"auto","background-attachment":"scroll","background-type":"","background-media":"","overlay-type":"","overlay-color":"","overlay-opacity":"","overlay-gradient":""}},"footnotes":""},"categories":[659,658,55],"tags":[660],"class_list":["post-10089","post","type-post","status-publish","format-image","hentry","category-cordulegaster-boltonii","category-cordulegasteridae-france-2","category-france","tag-cordulegasteridae","post_format-post-format-image"],"yoast_head":"<!-- This site is optimized with the Yoast SEO plugin v27.5 - https:\/\/yoast.com\/product\/yoast-seo-wordpress\/ -->\n<title>Cordulegaster boltonii m\u00e2le 6\/6 - Mes Libellules<\/title>\n<meta name=\"robots\" content=\"index, follow, max-snippet:-1, max-image-preview:large, max-video-preview:-1\" \/>\n<link rel=\"canonical\" href=\"https:\/\/www.meslibellules.fr\/blog\/2021\/10\/16\/cordulegaster-boltonii-male\/\" \/>\n<meta property=\"og:locale\" content=\"fr_FR\" \/>\n<meta property=\"og:type\" content=\"article\" \/>\n<meta property=\"og:title\" content=\"Cordulegaster boltonii m\u00e2le 6\/6 - Mes Libellules\" \/>\n<meta property=\"og:description\" content=\"C&rsquo;est toujours un grand plaisir que de rencontrer ce magnifique odonate dans un cadre aussi agr\u00e9able. En fait, ils \u00e9taient 2 \u00e0 essayer de se partager quelque 30 m\u00e8tres de rives de la Dourbie, rasant l&rsquo;eau \u00e0 la recherche d&rsquo;une femelle, cherchant \u00e0 s&rsquo;intimider lorsque le vol les rapprochait. Mais le plus souvent, c&rsquo;est lorsque [&hellip;]\" \/>\n<meta property=\"og:url\" content=\"https:\/\/www.meslibellules.fr\/blog\/2021\/10\/16\/cordulegaster-boltonii-male\/\" \/>\n<meta property=\"og:site_name\" content=\"Mes Libellules\" \/>\n<meta property=\"article:publisher\" content=\"https:\/\/www.facebook.com\/benoit.guillon.96\/\" \/>\n<meta property=\"article:author\" content=\"https:\/\/www.facebook.com\/benoit.guillon.96\/\" \/>\n<meta property=\"article:published_time\" content=\"2021-10-16T15:36:06+00:00\" \/>\n<meta property=\"article:modified_time\" content=\"2025-05-14T05:21:30+00:00\" \/>\n<meta property=\"og:image\" content=\"https:\/\/www.meslibellules.fr\/blog\/wp-content\/uploads\/cordulegaster-boltonii-male-13big.webp\" \/>\n\t<meta property=\"og:image:width\" content=\"1627\" \/>\n\t<meta property=\"og:image:height\" content=\"1204\" \/>\n\t<meta property=\"og:image:type\" content=\"image\/webp\" \/>\n<meta name=\"author\" content=\"Beno\u00eet Guillon\" \/>\n<meta name=\"twitter:card\" content=\"summary_large_image\" \/>\n<meta name=\"twitter:label1\" content=\"\u00c9crit par\" \/>\n\t<meta name=\"twitter:data1\" content=\"Beno\u00eet Guillon\" \/>\n\t<meta name=\"twitter:label2\" content=\"Dur\u00e9e de lecture estim\u00e9e\" \/>\n\t<meta name=\"twitter:data2\" content=\"3 minutes\" \/>\n<script type=\"application\/ld+json\" class=\"yoast-schema-graph\">{\"@context\":\"https:\\\/\\\/schema.org\",\"@graph\":[{\"@type\":\"Article\",\"@id\":\"https:\\\/\\\/www.meslibellules.fr\\\/blog\\\/2021\\\/10\\\/16\\\/cordulegaster-boltonii-male\\\/#article\",\"isPartOf\":{\"@id\":\"https:\\\/\\\/www.meslibellules.fr\\\/blog\\\/2021\\\/10\\\/16\\\/cordulegaster-boltonii-male\\\/\"},\"author\":{\"name\":\"Beno\u00eet Guillon\",\"@id\":\"https:\\\/\\\/www.meslibellules.fr\\\/blog\\\/#\\\/schema\\\/person\\\/9aa3586f9dd053fcf329f43b8b053c77\"},\"headline\":\"Cordulegaster boltonii m\u00e2le 6\\\/6\",\"datePublished\":\"2021-10-16T15:36:06+00:00\",\"dateModified\":\"2025-05-14T05:21:30+00:00\",\"mainEntityOfPage\":{\"@id\":\"https:\\\/\\\/www.meslibellules.fr\\\/blog\\\/2021\\\/10\\\/16\\\/cordulegaster-boltonii-male\\\/\"},\"wordCount\":248,\"commentCount\":2,\"publisher\":{\"@id\":\"https:\\\/\\\/www.meslibellules.fr\\\/blog\\\/#\\\/schema\\\/person\\\/9aa3586f9dd053fcf329f43b8b053c77\"},\"image\":{\"@id\":\"https:\\\/\\\/www.meslibellules.fr\\\/blog\\\/2021\\\/10\\\/16\\\/cordulegaster-boltonii-male\\\/#primaryimage\"},\"thumbnailUrl\":\"https:\\\/\\\/www.meslibellules.fr\\\/blog\\\/wp-content\\\/uploads\\\/cordulegaster-boltonii-male-13big.webp\",\"keywords\":[\"Cordulegasteridae\"],\"articleSection\":[\"Cordulegaster boltonii\",\"Cordulegasteridae\",\"France\"],\"inLanguage\":\"fr-FR\",\"potentialAction\":[{\"@type\":\"CommentAction\",\"name\":\"Comment\",\"target\":[\"https:\\\/\\\/www.meslibellules.fr\\\/blog\\\/2021\\\/10\\\/16\\\/cordulegaster-boltonii-male\\\/#respond\"]}]},{\"@type\":\"WebPage\",\"@id\":\"https:\\\/\\\/www.meslibellules.fr\\\/blog\\\/2021\\\/10\\\/16\\\/cordulegaster-boltonii-male\\\/\",\"url\":\"https:\\\/\\\/www.meslibellules.fr\\\/blog\\\/2021\\\/10\\\/16\\\/cordulegaster-boltonii-male\\\/\",\"name\":\"Cordulegaster boltonii m\u00e2le 6\\\/6 - Mes Libellules\",\"isPartOf\":{\"@id\":\"https:\\\/\\\/www.meslibellules.fr\\\/blog\\\/#website\"},\"primaryImageOfPage\":{\"@id\":\"https:\\\/\\\/www.meslibellules.fr\\\/blog\\\/2021\\\/10\\\/16\\\/cordulegaster-boltonii-male\\\/#primaryimage\"},\"image\":{\"@id\":\"https:\\\/\\\/www.meslibellules.fr\\\/blog\\\/2021\\\/10\\\/16\\\/cordulegaster-boltonii-male\\\/#primaryimage\"},\"thumbnailUrl\":\"https:\\\/\\\/www.meslibellules.fr\\\/blog\\\/wp-content\\\/uploads\\\/cordulegaster-boltonii-male-13big.webp\",\"datePublished\":\"2021-10-16T15:36:06+00:00\",\"dateModified\":\"2025-05-14T05:21:30+00:00\",\"breadcrumb\":{\"@id\":\"https:\\\/\\\/www.meslibellules.fr\\\/blog\\\/2021\\\/10\\\/16\\\/cordulegaster-boltonii-male\\\/#breadcrumb\"},\"inLanguage\":\"fr-FR\",\"potentialAction\":[{\"@type\":\"ReadAction\",\"target\":[\"https:\\\/\\\/www.meslibellules.fr\\\/blog\\\/2021\\\/10\\\/16\\\/cordulegaster-boltonii-male\\\/\"]}]},{\"@type\":\"ImageObject\",\"inLanguage\":\"fr-FR\",\"@id\":\"https:\\\/\\\/www.meslibellules.fr\\\/blog\\\/2021\\\/10\\\/16\\\/cordulegaster-boltonii-male\\\/#primaryimage\",\"url\":\"https:\\\/\\\/www.meslibellules.fr\\\/blog\\\/wp-content\\\/uploads\\\/cordulegaster-boltonii-male-13big.webp\",\"contentUrl\":\"https:\\\/\\\/www.meslibellules.fr\\\/blog\\\/wp-content\\\/uploads\\\/cordulegaster-boltonii-male-13big.webp\",\"width\":1627,\"height\":1204,\"caption\":\"Cordulegaster boltonii m\u00e2le, Nant (France,12), 11\\\/07\\\/2020\"},{\"@type\":\"BreadcrumbList\",\"@id\":\"https:\\\/\\\/www.meslibellules.fr\\\/blog\\\/2021\\\/10\\\/16\\\/cordulegaster-boltonii-male\\\/#breadcrumb\",\"itemListElement\":[{\"@type\":\"ListItem\",\"position\":1,\"name\":\"Accueil\",\"item\":\"https:\\\/\\\/www.meslibellules.fr\\\/blog\\\/\"},{\"@type\":\"ListItem\",\"position\":2,\"name\":\"Cordulegaster boltonii m\u00e2le 6\\\/6\"}]},{\"@type\":\"WebSite\",\"@id\":\"https:\\\/\\\/www.meslibellules.fr\\\/blog\\\/#website\",\"url\":\"https:\\\/\\\/www.meslibellules.fr\\\/blog\\\/\",\"name\":\"Mes Libellules\",\"description\":\"Pr\u00e9sentation des libellules rencontr\u00e9es dans le monde\",\"publisher\":{\"@id\":\"https:\\\/\\\/www.meslibellules.fr\\\/blog\\\/#\\\/schema\\\/person\\\/9aa3586f9dd053fcf329f43b8b053c77\"},\"potentialAction\":[{\"@type\":\"SearchAction\",\"target\":{\"@type\":\"EntryPoint\",\"urlTemplate\":\"https:\\\/\\\/www.meslibellules.fr\\\/blog\\\/?s={search_term_string}\"},\"query-input\":{\"@type\":\"PropertyValueSpecification\",\"valueRequired\":true,\"valueName\":\"search_term_string\"}}],\"inLanguage\":\"fr-FR\"},{\"@type\":[\"Person\",\"Organization\"],\"@id\":\"https:\\\/\\\/www.meslibellules.fr\\\/blog\\\/#\\\/schema\\\/person\\\/9aa3586f9dd053fcf329f43b8b053c77\",\"name\":\"Beno\u00eet Guillon\",\"image\":{\"@type\":\"ImageObject\",\"inLanguage\":\"fr-FR\",\"@id\":\"https:\\\/\\\/www.meslibellules.fr\\\/blog\\\/wp-content\\\/uploads\\\/cropped-avatar-150-pix.jpg\",\"url\":\"https:\\\/\\\/www.meslibellules.fr\\\/blog\\\/wp-content\\\/uploads\\\/cropped-avatar-150-pix.jpg\",\"contentUrl\":\"https:\\\/\\\/www.meslibellules.fr\\\/blog\\\/wp-content\\\/uploads\\\/cropped-avatar-150-pix.jpg\",\"width\":150,\"height\":137,\"caption\":\"Beno\u00eet Guillon\"},\"logo\":{\"@id\":\"https:\\\/\\\/www.meslibellules.fr\\\/blog\\\/wp-content\\\/uploads\\\/cropped-avatar-150-pix.jpg\"},\"sameAs\":[\"https:\\\/\\\/www.facebook.com\\\/benoit.guillon.96\\\/\"]}]}<\/script>\n<!-- \/ Yoast SEO plugin. -->","yoast_head_json":{"title":"Cordulegaster boltonii m\u00e2le 6\/6 - Mes Libellules","robots":{"index":"index","follow":"follow","max-snippet":"max-snippet:-1","max-image-preview":"max-image-preview:large","max-video-preview":"max-video-preview:-1"},"canonical":"https:\/\/www.meslibellules.fr\/blog\/2021\/10\/16\/cordulegaster-boltonii-male\/","og_locale":"fr_FR","og_type":"article","og_title":"Cordulegaster boltonii m\u00e2le 6\/6 - Mes Libellules","og_description":"C&rsquo;est toujours un grand plaisir que de rencontrer ce magnifique odonate dans un cadre aussi agr\u00e9able. En fait, ils \u00e9taient 2 \u00e0 essayer de se partager quelque 30 m\u00e8tres de rives de la Dourbie, rasant l&rsquo;eau \u00e0 la recherche d&rsquo;une femelle, cherchant \u00e0 s&rsquo;intimider lorsque le vol les rapprochait. Mais le plus souvent, c&rsquo;est lorsque [&hellip;]","og_url":"https:\/\/www.meslibellules.fr\/blog\/2021\/10\/16\/cordulegaster-boltonii-male\/","og_site_name":"Mes Libellules","article_publisher":"https:\/\/www.facebook.com\/benoit.guillon.96\/","article_author":"https:\/\/www.facebook.com\/benoit.guillon.96\/","article_published_time":"2021-10-16T15:36:06+00:00","article_modified_time":"2025-05-14T05:21:30+00:00","og_image":[{"width":1627,"height":1204,"url":"https:\/\/www.meslibellules.fr\/blog\/wp-content\/uploads\/cordulegaster-boltonii-male-13big.webp","type":"image\/webp"}],"author":"Beno\u00eet Guillon","twitter_card":"summary_large_image","twitter_misc":{"\u00c9crit par":"Beno\u00eet Guillon","Dur\u00e9e de lecture estim\u00e9e":"3 minutes"},"schema":{"@context":"https:\/\/schema.org","@graph":[{"@type":"Article","@id":"https:\/\/www.meslibellules.fr\/blog\/2021\/10\/16\/cordulegaster-boltonii-male\/#article","isPartOf":{"@id":"https:\/\/www.meslibellules.fr\/blog\/2021\/10\/16\/cordulegaster-boltonii-male\/"},"author":{"name":"Beno\u00eet Guillon","@id":"https:\/\/www.meslibellules.fr\/blog\/#\/schema\/person\/9aa3586f9dd053fcf329f43b8b053c77"},"headline":"Cordulegaster boltonii m\u00e2le 6\/6","datePublished":"2021-10-16T15:36:06+00:00","dateModified":"2025-05-14T05:21:30+00:00","mainEntityOfPage":{"@id":"https:\/\/www.meslibellules.fr\/blog\/2021\/10\/16\/cordulegaster-boltonii-male\/"},"wordCount":248,"commentCount":2,"publisher":{"@id":"https:\/\/www.meslibellules.fr\/blog\/#\/schema\/person\/9aa3586f9dd053fcf329f43b8b053c77"},"image":{"@id":"https:\/\/www.meslibellules.fr\/blog\/2021\/10\/16\/cordulegaster-boltonii-male\/#primaryimage"},"thumbnailUrl":"https:\/\/www.meslibellules.fr\/blog\/wp-content\/uploads\/cordulegaster-boltonii-male-13big.webp","keywords":["Cordulegasteridae"],"articleSection":["Cordulegaster boltonii","Cordulegasteridae","France"],"inLanguage":"fr-FR","potentialAction":[{"@type":"CommentAction","name":"Comment","target":["https:\/\/www.meslibellules.fr\/blog\/2021\/10\/16\/cordulegaster-boltonii-male\/#respond"]}]},{"@type":"WebPage","@id":"https:\/\/www.meslibellules.fr\/blog\/2021\/10\/16\/cordulegaster-boltonii-male\/","url":"https:\/\/www.meslibellules.fr\/blog\/2021\/10\/16\/cordulegaster-boltonii-male\/","name":"Cordulegaster boltonii m\u00e2le 6\/6 - Mes Libellules","isPartOf":{"@id":"https:\/\/www.meslibellules.fr\/blog\/#website"},"primaryImageOfPage":{"@id":"https:\/\/www.meslibellules.fr\/blog\/2021\/10\/16\/cordulegaster-boltonii-male\/#primaryimage"},"image":{"@id":"https:\/\/www.meslibellules.fr\/blog\/2021\/10\/16\/cordulegaster-boltonii-male\/#primaryimage"},"thumbnailUrl":"https:\/\/www.meslibellules.fr\/blog\/wp-content\/uploads\/cordulegaster-boltonii-male-13big.webp","datePublished":"2021-10-16T15:36:06+00:00","dateModified":"2025-05-14T05:21:30+00:00","breadcrumb":{"@id":"https:\/\/www.meslibellules.fr\/blog\/2021\/10\/16\/cordulegaster-boltonii-male\/#breadcrumb"},"inLanguage":"fr-FR","potentialAction":[{"@type":"ReadAction","target":["https:\/\/www.meslibellules.fr\/blog\/2021\/10\/16\/cordulegaster-boltonii-male\/"]}]},{"@type":"ImageObject","inLanguage":"fr-FR","@id":"https:\/\/www.meslibellules.fr\/blog\/2021\/10\/16\/cordulegaster-boltonii-male\/#primaryimage","url":"https:\/\/www.meslibellules.fr\/blog\/wp-content\/uploads\/cordulegaster-boltonii-male-13big.webp","contentUrl":"https:\/\/www.meslibellules.fr\/blog\/wp-content\/uploads\/cordulegaster-boltonii-male-13big.webp","width":1627,"height":1204,"caption":"Cordulegaster boltonii m\u00e2le, Nant (France,12), 11\/07\/2020"},{"@type":"BreadcrumbList","@id":"https:\/\/www.meslibellules.fr\/blog\/2021\/10\/16\/cordulegaster-boltonii-male\/#breadcrumb","itemListElement":[{"@type":"ListItem","position":1,"name":"Accueil","item":"https:\/\/www.meslibellules.fr\/blog\/"},{"@type":"ListItem","position":2,"name":"Cordulegaster boltonii m\u00e2le 6\/6"}]},{"@type":"WebSite","@id":"https:\/\/www.meslibellules.fr\/blog\/#website","url":"https:\/\/www.meslibellules.fr\/blog\/","name":"Mes Libellules","description":"Pr\u00e9sentation des libellules rencontr\u00e9es dans le monde","publisher":{"@id":"https:\/\/www.meslibellules.fr\/blog\/#\/schema\/person\/9aa3586f9dd053fcf329f43b8b053c77"},"potentialAction":[{"@type":"SearchAction","target":{"@type":"EntryPoint","urlTemplate":"https:\/\/www.meslibellules.fr\/blog\/?s={search_term_string}"},"query-input":{"@type":"PropertyValueSpecification","valueRequired":true,"valueName":"search_term_string"}}],"inLanguage":"fr-FR"},{"@type":["Person","Organization"],"@id":"https:\/\/www.meslibellules.fr\/blog\/#\/schema\/person\/9aa3586f9dd053fcf329f43b8b053c77","name":"Beno\u00eet Guillon","image":{"@type":"ImageObject","inLanguage":"fr-FR","@id":"https:\/\/www.meslibellules.fr\/blog\/wp-content\/uploads\/cropped-avatar-150-pix.jpg","url":"https:\/\/www.meslibellules.fr\/blog\/wp-content\/uploads\/cropped-avatar-150-pix.jpg","contentUrl":"https:\/\/www.meslibellules.fr\/blog\/wp-content\/uploads\/cropped-avatar-150-pix.jpg","width":150,"height":137,"caption":"Beno\u00eet Guillon"},"logo":{"@id":"https:\/\/www.meslibellules.fr\/blog\/wp-content\/uploads\/cropped-avatar-150-pix.jpg"},"sameAs":["https:\/\/www.facebook.com\/benoit.guillon.96\/"]}]}},"_links":{"self":[{"href":"https:\/\/www.meslibellules.fr\/blog\/wp-json\/wp\/v2\/posts\/10089","targetHints":{"allow":["GET"]}}],"collection":[{"href":"https:\/\/www.meslibellules.fr\/blog\/wp-json\/wp\/v2\/posts"}],"about":[{"href":"https:\/\/www.meslibellules.fr\/blog\/wp-json\/wp\/v2\/types\/post"}],"author":[{"embeddable":true,"href":"https:\/\/www.meslibellules.fr\/blog\/wp-json\/wp\/v2\/users\/1"}],"replies":[{"embeddable":true,"href":"https:\/\/www.meslibellules.fr\/blog\/wp-json\/wp\/v2\/comments?post=10089"}],"version-history":[{"count":1,"href":"https:\/\/www.meslibellules.fr\/blog\/wp-json\/wp\/v2\/posts\/10089\/revisions"}],"predecessor-version":[{"id":24707,"href":"https:\/\/www.meslibellules.fr\/blog\/wp-json\/wp\/v2\/posts\/10089\/revisions\/24707"}],"wp:attachment":[{"href":"https:\/\/www.meslibellules.fr\/blog\/wp-json\/wp\/v2\/media?parent=10089"}],"wp:term":[{"taxonomy":"category","embeddable":true,"href":"https:\/\/www.meslibellules.fr\/blog\/wp-json\/wp\/v2\/categories?post=10089"},{"taxonomy":"post_tag","embeddable":true,"href":"https:\/\/www.meslibellules.fr\/blog\/wp-json\/wp\/v2\/tags?post=10089"}],"curies":[{"name":"wp","href":"https:\/\/api.w.org\/{rel}","templated":true}]}}