{"id":10267,"date":"2021-11-15T18:39:24","date_gmt":"2021-11-15T17:39:24","guid":{"rendered":"https:\/\/www.meslibellules.fr\/blog\/?p=10267"},"modified":"2023-02-23T22:08:07","modified_gmt":"2023-02-23T21:08:07","slug":"jeune-male-trithemis-annulata","status":"publish","type":"post","link":"https:\/\/www.meslibellules.fr\/blog\/2021\/11\/15\/jeune-male-trithemis-annulata\/","title":{"rendered":"Trithemis annulata m\u00e2le &#8211; jeune mature  -2\/3-"},"content":{"rendered":"\n<figure class=\"wp-block-image aligncenter size-full is-resized\"><a href=\"https:\/\/www.meslibellules.fr\/blog\/wp-content\/uploads\/trithemis-annulata-jeune-6.webp\"><img decoding=\"async\" data-src=\"https:\/\/www.meslibellules.fr\/blog\/wp-content\/uploads\/trithemis-annulata-jeune-6.webp\" alt=\"Trithemis annulata, jeune m\u00e2le mature, Lugan (Tarn-81), 19\/06\/2021\" class=\"wp-image-10269 lazyload\" width=\"488\" height=\"355\" data-srcset=\"https:\/\/www.meslibellules.fr\/blog\/wp-content\/uploads\/trithemis-annulata-jeune-6.webp 1656w, https:\/\/www.meslibellules.fr\/blog\/wp-content\/uploads\/trithemis-annulata-jeune-6-768x558.webp 768w, https:\/\/www.meslibellules.fr\/blog\/wp-content\/uploads\/trithemis-annulata-jeune-6-1536x1117.webp 1536w, https:\/\/www.meslibellules.fr\/blog\/wp-content\/uploads\/trithemis-annulata-jeune-6-1200x872.webp 1200w\" data-sizes=\"(max-width: 488px) 100vw, 488px\" src=\"data:image\/svg+xml;base64,PHN2ZyB3aWR0aD0iMSIgaGVpZ2h0PSIxIiB4bWxucz0iaHR0cDovL3d3dy53My5vcmcvMjAwMC9zdmciPjwvc3ZnPg==\" style=\"--smush-placeholder-width: 488px; --smush-placeholder-aspect-ratio: 488\/355;\" \/><\/a><figcaption class=\"wp-element-caption\">Trithemis annulata, jeune m\u00e2le mature, Lugan (Tarn-81), 19\/06\/2021<\/figcaption><\/figure>\n\n\n\n<p style=\"font-size:15px\">Il est sans doute d\u00e9licat d&rsquo;introduire des classements parmi les m\u00e2les matures, mais la soif de classification, d&rsquo;ordonnancement nous pousse \u00e0 cr\u00e9er des cat\u00e9gories : ici, ce jeune m\u00e2le Trithemis annulata montre un comportement mature et territorial. Cependant, sa coloration n&rsquo;est pas encore vraiment celle d&rsquo;un m\u00e2le adulte, notamment son thorax qui n&rsquo;est pas compl\u00e8tement rouge cramoisi et laisse encore appara\u00eetre la coloration de sa jeunesse.<\/p>\n\n\n\n<figure class=\"wp-block-image aligncenter size-full is-resized\"><a href=\"https:\/\/www.meslibellules.fr\/blog\/wp-content\/uploads\/trithemis-annulata-jeune-7.webp\"><img decoding=\"async\" data-src=\"https:\/\/www.meslibellules.fr\/blog\/wp-content\/uploads\/trithemis-annulata-jeune-7.webp\" alt=\"Trithemis annulata, jeune m\u00e2le mature, Lugan (Tarn-81), 19\/06\/2021\" class=\"wp-image-10270 lazyload\" width=\"488\" height=\"288\" src=\"data:image\/svg+xml;base64,PHN2ZyB3aWR0aD0iMSIgaGVpZ2h0PSIxIiB4bWxucz0iaHR0cDovL3d3dy53My5vcmcvMjAwMC9zdmciPjwvc3ZnPg==\" style=\"--smush-placeholder-width: 488px; --smush-placeholder-aspect-ratio: 488\/288;\" \/><\/a><figcaption class=\"wp-element-caption\">Trith\u00e9mis pourpr\u00e9, jeune m\u00e2le mature, Lugan (Tarn-81), 19\/06\/2021<\/figcaption><\/figure>\n\n\n\n<p style=\"font-size:15px\">Les nervures de la partie ant\u00e9rieure des ailes sont color\u00e9es, la tache basale alaire bien \u00e9tablie, mais l&rsquo;abdomen pr\u00e9sente encore des traces jaunes<\/p>\n\n\n\n<figure class=\"wp-block-image aligncenter size-full is-resized\"><a href=\"https:\/\/www.meslibellules.fr\/blog\/wp-content\/uploads\/trithemis-annulata-jeune-8.webp\"><img decoding=\"async\" data-src=\"https:\/\/www.meslibellules.fr\/blog\/wp-content\/uploads\/trithemis-annulata-jeune-8.webp\" alt=\"Trithemis annulata, jeune m\u00e2le mature, Lugan (Tarn-81), 19\/06\/2021\" class=\"wp-image-10271 lazyload\" width=\"488\" height=\"374\" src=\"data:image\/svg+xml;base64,PHN2ZyB3aWR0aD0iMSIgaGVpZ2h0PSIxIiB4bWxucz0iaHR0cDovL3d3dy53My5vcmcvMjAwMC9zdmciPjwvc3ZnPg==\" style=\"--smush-placeholder-width: 488px; --smush-placeholder-aspect-ratio: 488\/374;\" \/><\/a><figcaption class=\"wp-element-caption\">Trith\u00e9mis poupr\u00e9, jeune m\u00e2le mature, Lugan (Tarn-81), 19\/06\/2021<\/figcaption><\/figure>\n\n\n\n<div style=\"height:80px\" aria-hidden=\"true\" class=\"wp-block-spacer\"><\/div>\n\n\n\n<figure class=\"wp-block-image size-full is-resized\"><a href=\"https:\/\/www.meslibellules.fr\/blog\/2020\/01\/10\/trithemis-annulata-male-1-1\/\"><img decoding=\"async\" data-src=\"https:\/\/www.meslibellules.fr\/blog\/wp-content\/uploads\/115-retour.gif\" alt=\"\" class=\"wp-image-7871 lazyload\" width=\"115\" height=\"20\" src=\"data:image\/svg+xml;base64,PHN2ZyB3aWR0aD0iMSIgaGVpZ2h0PSIxIiB4bWxucz0iaHR0cDovL3d3dy53My5vcmcvMjAwMC9zdmciPjwvc3ZnPg==\" style=\"--smush-placeholder-width: 115px; --smush-placeholder-aspect-ratio: 115\/20;\" \/><\/a><\/figure>\n\n\n\n<figure class=\"wp-block-image size-full\"><a href=\"https:\/\/www.meslibellules.fr\/blog\/2021\/11\/16\/trithemis-annulata-male-3\/\"><img decoding=\"async\" width=\"115\" height=\"20\" data-src=\"https:\/\/www.meslibellules.fr\/blog\/wp-content\/uploads\/suite-115-20pix.jpg\" alt=\"\" class=\"wp-image-9204 lazyload\" src=\"data:image\/svg+xml;base64,PHN2ZyB3aWR0aD0iMSIgaGVpZ2h0PSIxIiB4bWxucz0iaHR0cDovL3d3dy53My5vcmcvMjAwMC9zdmciPjwvc3ZnPg==\" style=\"--smush-placeholder-width: 115px; --smush-placeholder-aspect-ratio: 115\/20;\" \/><\/a><\/figure>\n\n\n\n<figure class=\"wp-block-image size-full is-resized\"><a href=\"https:\/\/www.meslibellules.fr\/blog\/trithemis-annulata-6\/\"><img decoding=\"async\" data-src=\"https:\/\/www.meslibellules.fr\/blog\/wp-content\/uploads\/Trithemis-annulata.gif\" alt=\"\" class=\"wp-image-10276 lazyload\" width=\"115\" height=\"20\" src=\"data:image\/svg+xml;base64,PHN2ZyB3aWR0aD0iMSIgaGVpZ2h0PSIxIiB4bWxucz0iaHR0cDovL3d3dy53My5vcmcvMjAwMC9zdmciPjwvc3ZnPg==\" style=\"--smush-placeholder-width: 115px; --smush-placeholder-aspect-ratio: 115\/20;\" \/><\/a><\/figure>\n\n\n\n<figure class=\"wp-block-image size-full\"><a href=\"https:\/\/www.meslibellules.fr\/blog\/\"><img decoding=\"async\" data-src=\"https:\/\/www.meslibellules.fr\/blog\/wp-content\/uploads\/accueil-115-20.jpg\" alt=\"bouton accueil big\" class=\"wp-image-9827 lazyload\" src=\"data:image\/svg+xml;base64,PHN2ZyB3aWR0aD0iMSIgaGVpZ2h0PSIxIiB4bWxucz0iaHR0cDovL3d3dy53My5vcmcvMjAwMC9zdmciPjwvc3ZnPg==\" style=\"--smush-placeholder-width: 115px; --smush-placeholder-aspect-ratio: 115\/20;\" \/><\/a><\/figure>\n","protected":false},"excerpt":{"rendered":"<p>Il est sans doute d\u00e9licat d&rsquo;introduire des classements parmi les m\u00e2les matures, mais la soif de classification, d&rsquo;ordonnancement nous pousse \u00e0 cr\u00e9er des cat\u00e9gories : ici, ce jeune m\u00e2le Trithemis annulata montre un comportement mature et territorial. Cependant, sa coloration n&rsquo;est pas encore vraiment celle d&rsquo;un m\u00e2le adulte, notamment son thorax qui n&rsquo;est pas compl\u00e8tement [&hellip;]<\/p>\n","protected":false},"author":1,"featured_media":0,"comment_status":"open","ping_status":"open","sticky":false,"template":"","format":"image","meta":{"site-sidebar-layout":"default","site-content-layout":"","ast-site-content-layout":"default","site-content-style":"default","site-sidebar-style":"default","ast-global-header-display":"","ast-banner-title-visibility":"","ast-main-header-display":"","ast-hfb-above-header-display":"","ast-hfb-below-header-display":"","ast-hfb-mobile-header-display":"","site-post-title":"","ast-breadcrumbs-content":"","ast-featured-img":"","footer-sml-layout":"","ast-disable-related-posts":"","theme-transparent-header-meta":"","adv-header-id-meta":"","stick-header-meta":"","header-above-stick-meta":"","header-main-stick-meta":"","header-below-stick-meta":"","astra-migrate-meta-layouts":"default","ast-page-background-enabled":"default","ast-page-background-meta":{"desktop":{"background-color":"var(--ast-global-color-4)","background-image":"","background-repeat":"repeat","background-position":"center center","background-size":"auto","background-attachment":"scroll","background-type":"","background-media":"","overlay-type":"","overlay-color":"","overlay-opacity":"","overlay-gradient":""},"tablet":{"background-color":"","background-image":"","background-repeat":"repeat","background-position":"center center","background-size":"auto","background-attachment":"scroll","background-type":"","background-media":"","overlay-type":"","overlay-color":"","overlay-opacity":"","overlay-gradient":""},"mobile":{"background-color":"","background-image":"","background-repeat":"repeat","background-position":"center center","background-size":"auto","background-attachment":"scroll","background-type":"","background-media":"","overlay-type":"","overlay-color":"","overlay-opacity":"","overlay-gradient":""}},"ast-content-background-meta":{"desktop":{"background-color":"var(--ast-global-color-5)","background-image":"","background-repeat":"repeat","background-position":"center center","background-size":"auto","background-attachment":"scroll","background-type":"","background-media":"","overlay-type":"","overlay-color":"","overlay-opacity":"","overlay-gradient":""},"tablet":{"background-color":"var(--ast-global-color-5)","background-image":"","background-repeat":"repeat","background-position":"center center","background-size":"auto","background-attachment":"scroll","background-type":"","background-media":"","overlay-type":"","overlay-color":"","overlay-opacity":"","overlay-gradient":""},"mobile":{"background-color":"var(--ast-global-color-5)","background-image":"","background-repeat":"repeat","background-position":"center center","background-size":"auto","background-attachment":"scroll","background-type":"","background-media":"","overlay-type":"","overlay-color":"","overlay-opacity":"","overlay-gradient":""}},"footnotes":""},"categories":[55,56,560],"tags":[561],"class_list":["post-10267","post","type-post","status-publish","format-image","hentry","category-france","category-libellulidae-france","category-trithemis-annulata","tag-trithemis-annulata-france","post_format-post-format-image"],"yoast_head":"<!-- This site is optimized with the Yoast SEO plugin v27.5 - https:\/\/yoast.com\/product\/yoast-seo-wordpress\/ -->\n<title>Jeune m\u00e2le Trithemis annulata - Mes Libellules<\/title>\n<meta name=\"description\" content=\"Jeune m\u00e2le Trithemis annulata, coloration incompl\u00e8te, traces jaunes sur l&#039;abdomen, malgr\u00e9 la coloration alaires\" \/>\n<meta name=\"robots\" content=\"index, follow, max-snippet:-1, max-image-preview:large, max-video-preview:-1\" \/>\n<link rel=\"canonical\" href=\"https:\/\/www.meslibellules.fr\/blog\/2021\/11\/15\/jeune-male-trithemis-annulata\/\" \/>\n<meta property=\"og:locale\" content=\"fr_FR\" \/>\n<meta property=\"og:type\" content=\"article\" \/>\n<meta property=\"og:title\" content=\"Jeune m\u00e2le Trithemis annulata - Mes Libellules\" \/>\n<meta property=\"og:description\" content=\"Jeune m\u00e2le Trithemis annulata, coloration incompl\u00e8te, traces jaunes sur l&#039;abdomen, malgr\u00e9 la coloration alaires\" \/>\n<meta property=\"og:url\" content=\"https:\/\/www.meslibellules.fr\/blog\/2021\/11\/15\/jeune-male-trithemis-annulata\/\" \/>\n<meta property=\"og:site_name\" content=\"Mes Libellules\" \/>\n<meta property=\"article:publisher\" content=\"https:\/\/www.facebook.com\/benoit.guillon.96\/\" \/>\n<meta property=\"article:author\" content=\"https:\/\/www.facebook.com\/benoit.guillon.96\/\" \/>\n<meta property=\"article:published_time\" content=\"2021-11-15T17:39:24+00:00\" \/>\n<meta property=\"article:modified_time\" content=\"2023-02-23T21:08:07+00:00\" \/>\n<meta property=\"og:image\" content=\"https:\/\/www.meslibellules.fr\/blog\/wp-content\/uploads\/trithemis-annulata-jeune-6.webp\" \/>\n<meta name=\"author\" content=\"Beno\u00eet Guillon\" \/>\n<meta name=\"twitter:card\" content=\"summary_large_image\" \/>\n<meta name=\"twitter:label1\" content=\"\u00c9crit par\" \/>\n\t<meta name=\"twitter:data1\" content=\"Beno\u00eet Guillon\" \/>\n\t<meta name=\"twitter:label2\" content=\"Dur\u00e9e de lecture estim\u00e9e\" \/>\n\t<meta name=\"twitter:data2\" content=\"2 minutes\" \/>\n<script type=\"application\/ld+json\" class=\"yoast-schema-graph\">{\"@context\":\"https:\\\/\\\/schema.org\",\"@graph\":[{\"@type\":\"Article\",\"@id\":\"https:\\\/\\\/www.meslibellules.fr\\\/blog\\\/2021\\\/11\\\/15\\\/jeune-male-trithemis-annulata\\\/#article\",\"isPartOf\":{\"@id\":\"https:\\\/\\\/www.meslibellules.fr\\\/blog\\\/2021\\\/11\\\/15\\\/jeune-male-trithemis-annulata\\\/\"},\"author\":{\"name\":\"Beno\u00eet Guillon\",\"@id\":\"https:\\\/\\\/www.meslibellules.fr\\\/blog\\\/#\\\/schema\\\/person\\\/9aa3586f9dd053fcf329f43b8b053c77\"},\"headline\":\"Trithemis annulata m\u00e2le &#8211; jeune mature -2\\\/3-\",\"datePublished\":\"2021-11-15T17:39:24+00:00\",\"dateModified\":\"2023-02-23T21:08:07+00:00\",\"mainEntityOfPage\":{\"@id\":\"https:\\\/\\\/www.meslibellules.fr\\\/blog\\\/2021\\\/11\\\/15\\\/jeune-male-trithemis-annulata\\\/\"},\"wordCount\":139,\"commentCount\":0,\"publisher\":{\"@id\":\"https:\\\/\\\/www.meslibellules.fr\\\/blog\\\/#\\\/schema\\\/person\\\/9aa3586f9dd053fcf329f43b8b053c77\"},\"image\":{\"@id\":\"https:\\\/\\\/www.meslibellules.fr\\\/blog\\\/2021\\\/11\\\/15\\\/jeune-male-trithemis-annulata\\\/#primaryimage\"},\"thumbnailUrl\":\"https:\\\/\\\/www.meslibellules.fr\\\/blog\\\/wp-content\\\/uploads\\\/trithemis-annulata-jeune-6.webp\",\"keywords\":[\"Trithemis annulata - France\"],\"articleSection\":[\"France\",\"Libellulidae\",\"Trithemis annulata\"],\"inLanguage\":\"fr-FR\",\"potentialAction\":[{\"@type\":\"CommentAction\",\"name\":\"Comment\",\"target\":[\"https:\\\/\\\/www.meslibellules.fr\\\/blog\\\/2021\\\/11\\\/15\\\/jeune-male-trithemis-annulata\\\/#respond\"]}]},{\"@type\":\"WebPage\",\"@id\":\"https:\\\/\\\/www.meslibellules.fr\\\/blog\\\/2021\\\/11\\\/15\\\/jeune-male-trithemis-annulata\\\/\",\"url\":\"https:\\\/\\\/www.meslibellules.fr\\\/blog\\\/2021\\\/11\\\/15\\\/jeune-male-trithemis-annulata\\\/\",\"name\":\"Jeune m\u00e2le Trithemis annulata - Mes Libellules\",\"isPartOf\":{\"@id\":\"https:\\\/\\\/www.meslibellules.fr\\\/blog\\\/#website\"},\"primaryImageOfPage\":{\"@id\":\"https:\\\/\\\/www.meslibellules.fr\\\/blog\\\/2021\\\/11\\\/15\\\/jeune-male-trithemis-annulata\\\/#primaryimage\"},\"image\":{\"@id\":\"https:\\\/\\\/www.meslibellules.fr\\\/blog\\\/2021\\\/11\\\/15\\\/jeune-male-trithemis-annulata\\\/#primaryimage\"},\"thumbnailUrl\":\"https:\\\/\\\/www.meslibellules.fr\\\/blog\\\/wp-content\\\/uploads\\\/trithemis-annulata-jeune-6.webp\",\"datePublished\":\"2021-11-15T17:39:24+00:00\",\"dateModified\":\"2023-02-23T21:08:07+00:00\",\"description\":\"Jeune m\u00e2le Trithemis annulata, coloration incompl\u00e8te, traces jaunes sur l'abdomen, malgr\u00e9 la coloration alaires\",\"breadcrumb\":{\"@id\":\"https:\\\/\\\/www.meslibellules.fr\\\/blog\\\/2021\\\/11\\\/15\\\/jeune-male-trithemis-annulata\\\/#breadcrumb\"},\"inLanguage\":\"fr-FR\",\"potentialAction\":[{\"@type\":\"ReadAction\",\"target\":[\"https:\\\/\\\/www.meslibellules.fr\\\/blog\\\/2021\\\/11\\\/15\\\/jeune-male-trithemis-annulata\\\/\"]}]},{\"@type\":\"ImageObject\",\"inLanguage\":\"fr-FR\",\"@id\":\"https:\\\/\\\/www.meslibellules.fr\\\/blog\\\/2021\\\/11\\\/15\\\/jeune-male-trithemis-annulata\\\/#primaryimage\",\"url\":\"https:\\\/\\\/www.meslibellules.fr\\\/blog\\\/wp-content\\\/uploads\\\/trithemis-annulata-jeune-6.webp\",\"contentUrl\":\"https:\\\/\\\/www.meslibellules.fr\\\/blog\\\/wp-content\\\/uploads\\\/trithemis-annulata-jeune-6.webp\",\"width\":1656,\"height\":1204,\"caption\":\"Trithemis annulata, jeune m\u00e2le mature, Lugan (Tarn-81), 19\\\/06\\\/2021\"},{\"@type\":\"BreadcrumbList\",\"@id\":\"https:\\\/\\\/www.meslibellules.fr\\\/blog\\\/2021\\\/11\\\/15\\\/jeune-male-trithemis-annulata\\\/#breadcrumb\",\"itemListElement\":[{\"@type\":\"ListItem\",\"position\":1,\"name\":\"Accueil\",\"item\":\"https:\\\/\\\/www.meslibellules.fr\\\/blog\\\/\"},{\"@type\":\"ListItem\",\"position\":2,\"name\":\"Trithemis annulata m\u00e2le &#8211; jeune mature -2\\\/3-\"}]},{\"@type\":\"WebSite\",\"@id\":\"https:\\\/\\\/www.meslibellules.fr\\\/blog\\\/#website\",\"url\":\"https:\\\/\\\/www.meslibellules.fr\\\/blog\\\/\",\"name\":\"Mes Libellules\",\"description\":\"Pr\u00e9sentation des libellules rencontr\u00e9es dans le monde\",\"publisher\":{\"@id\":\"https:\\\/\\\/www.meslibellules.fr\\\/blog\\\/#\\\/schema\\\/person\\\/9aa3586f9dd053fcf329f43b8b053c77\"},\"potentialAction\":[{\"@type\":\"SearchAction\",\"target\":{\"@type\":\"EntryPoint\",\"urlTemplate\":\"https:\\\/\\\/www.meslibellules.fr\\\/blog\\\/?s={search_term_string}\"},\"query-input\":{\"@type\":\"PropertyValueSpecification\",\"valueRequired\":true,\"valueName\":\"search_term_string\"}}],\"inLanguage\":\"fr-FR\"},{\"@type\":[\"Person\",\"Organization\"],\"@id\":\"https:\\\/\\\/www.meslibellules.fr\\\/blog\\\/#\\\/schema\\\/person\\\/9aa3586f9dd053fcf329f43b8b053c77\",\"name\":\"Beno\u00eet Guillon\",\"image\":{\"@type\":\"ImageObject\",\"inLanguage\":\"fr-FR\",\"@id\":\"https:\\\/\\\/www.meslibellules.fr\\\/blog\\\/wp-content\\\/uploads\\\/cropped-avatar-150-pix.jpg\",\"url\":\"https:\\\/\\\/www.meslibellules.fr\\\/blog\\\/wp-content\\\/uploads\\\/cropped-avatar-150-pix.jpg\",\"contentUrl\":\"https:\\\/\\\/www.meslibellules.fr\\\/blog\\\/wp-content\\\/uploads\\\/cropped-avatar-150-pix.jpg\",\"width\":150,\"height\":137,\"caption\":\"Beno\u00eet Guillon\"},\"logo\":{\"@id\":\"https:\\\/\\\/www.meslibellules.fr\\\/blog\\\/wp-content\\\/uploads\\\/cropped-avatar-150-pix.jpg\"},\"sameAs\":[\"https:\\\/\\\/www.facebook.com\\\/benoit.guillon.96\\\/\"]}]}<\/script>\n<!-- \/ Yoast SEO plugin. -->","yoast_head_json":{"title":"Jeune m\u00e2le Trithemis annulata - Mes Libellules","description":"Jeune m\u00e2le Trithemis annulata, coloration incompl\u00e8te, traces jaunes sur l'abdomen, malgr\u00e9 la coloration alaires","robots":{"index":"index","follow":"follow","max-snippet":"max-snippet:-1","max-image-preview":"max-image-preview:large","max-video-preview":"max-video-preview:-1"},"canonical":"https:\/\/www.meslibellules.fr\/blog\/2021\/11\/15\/jeune-male-trithemis-annulata\/","og_locale":"fr_FR","og_type":"article","og_title":"Jeune m\u00e2le Trithemis annulata - Mes Libellules","og_description":"Jeune m\u00e2le Trithemis annulata, coloration incompl\u00e8te, traces jaunes sur l'abdomen, malgr\u00e9 la coloration alaires","og_url":"https:\/\/www.meslibellules.fr\/blog\/2021\/11\/15\/jeune-male-trithemis-annulata\/","og_site_name":"Mes Libellules","article_publisher":"https:\/\/www.facebook.com\/benoit.guillon.96\/","article_author":"https:\/\/www.facebook.com\/benoit.guillon.96\/","article_published_time":"2021-11-15T17:39:24+00:00","article_modified_time":"2023-02-23T21:08:07+00:00","og_image":[{"url":"https:\/\/www.meslibellules.fr\/blog\/wp-content\/uploads\/trithemis-annulata-jeune-6.webp","type":"","width":"","height":""}],"author":"Beno\u00eet Guillon","twitter_card":"summary_large_image","twitter_misc":{"\u00c9crit par":"Beno\u00eet Guillon","Dur\u00e9e de lecture estim\u00e9e":"2 minutes"},"schema":{"@context":"https:\/\/schema.org","@graph":[{"@type":"Article","@id":"https:\/\/www.meslibellules.fr\/blog\/2021\/11\/15\/jeune-male-trithemis-annulata\/#article","isPartOf":{"@id":"https:\/\/www.meslibellules.fr\/blog\/2021\/11\/15\/jeune-male-trithemis-annulata\/"},"author":{"name":"Beno\u00eet Guillon","@id":"https:\/\/www.meslibellules.fr\/blog\/#\/schema\/person\/9aa3586f9dd053fcf329f43b8b053c77"},"headline":"Trithemis annulata m\u00e2le &#8211; jeune mature -2\/3-","datePublished":"2021-11-15T17:39:24+00:00","dateModified":"2023-02-23T21:08:07+00:00","mainEntityOfPage":{"@id":"https:\/\/www.meslibellules.fr\/blog\/2021\/11\/15\/jeune-male-trithemis-annulata\/"},"wordCount":139,"commentCount":0,"publisher":{"@id":"https:\/\/www.meslibellules.fr\/blog\/#\/schema\/person\/9aa3586f9dd053fcf329f43b8b053c77"},"image":{"@id":"https:\/\/www.meslibellules.fr\/blog\/2021\/11\/15\/jeune-male-trithemis-annulata\/#primaryimage"},"thumbnailUrl":"https:\/\/www.meslibellules.fr\/blog\/wp-content\/uploads\/trithemis-annulata-jeune-6.webp","keywords":["Trithemis annulata - France"],"articleSection":["France","Libellulidae","Trithemis annulata"],"inLanguage":"fr-FR","potentialAction":[{"@type":"CommentAction","name":"Comment","target":["https:\/\/www.meslibellules.fr\/blog\/2021\/11\/15\/jeune-male-trithemis-annulata\/#respond"]}]},{"@type":"WebPage","@id":"https:\/\/www.meslibellules.fr\/blog\/2021\/11\/15\/jeune-male-trithemis-annulata\/","url":"https:\/\/www.meslibellules.fr\/blog\/2021\/11\/15\/jeune-male-trithemis-annulata\/","name":"Jeune m\u00e2le Trithemis annulata - Mes Libellules","isPartOf":{"@id":"https:\/\/www.meslibellules.fr\/blog\/#website"},"primaryImageOfPage":{"@id":"https:\/\/www.meslibellules.fr\/blog\/2021\/11\/15\/jeune-male-trithemis-annulata\/#primaryimage"},"image":{"@id":"https:\/\/www.meslibellules.fr\/blog\/2021\/11\/15\/jeune-male-trithemis-annulata\/#primaryimage"},"thumbnailUrl":"https:\/\/www.meslibellules.fr\/blog\/wp-content\/uploads\/trithemis-annulata-jeune-6.webp","datePublished":"2021-11-15T17:39:24+00:00","dateModified":"2023-02-23T21:08:07+00:00","description":"Jeune m\u00e2le Trithemis annulata, coloration incompl\u00e8te, traces jaunes sur l'abdomen, malgr\u00e9 la coloration alaires","breadcrumb":{"@id":"https:\/\/www.meslibellules.fr\/blog\/2021\/11\/15\/jeune-male-trithemis-annulata\/#breadcrumb"},"inLanguage":"fr-FR","potentialAction":[{"@type":"ReadAction","target":["https:\/\/www.meslibellules.fr\/blog\/2021\/11\/15\/jeune-male-trithemis-annulata\/"]}]},{"@type":"ImageObject","inLanguage":"fr-FR","@id":"https:\/\/www.meslibellules.fr\/blog\/2021\/11\/15\/jeune-male-trithemis-annulata\/#primaryimage","url":"https:\/\/www.meslibellules.fr\/blog\/wp-content\/uploads\/trithemis-annulata-jeune-6.webp","contentUrl":"https:\/\/www.meslibellules.fr\/blog\/wp-content\/uploads\/trithemis-annulata-jeune-6.webp","width":1656,"height":1204,"caption":"Trithemis annulata, jeune m\u00e2le mature, Lugan (Tarn-81), 19\/06\/2021"},{"@type":"BreadcrumbList","@id":"https:\/\/www.meslibellules.fr\/blog\/2021\/11\/15\/jeune-male-trithemis-annulata\/#breadcrumb","itemListElement":[{"@type":"ListItem","position":1,"name":"Accueil","item":"https:\/\/www.meslibellules.fr\/blog\/"},{"@type":"ListItem","position":2,"name":"Trithemis annulata m\u00e2le &#8211; jeune mature -2\/3-"}]},{"@type":"WebSite","@id":"https:\/\/www.meslibellules.fr\/blog\/#website","url":"https:\/\/www.meslibellules.fr\/blog\/","name":"Mes Libellules","description":"Pr\u00e9sentation des libellules rencontr\u00e9es dans le monde","publisher":{"@id":"https:\/\/www.meslibellules.fr\/blog\/#\/schema\/person\/9aa3586f9dd053fcf329f43b8b053c77"},"potentialAction":[{"@type":"SearchAction","target":{"@type":"EntryPoint","urlTemplate":"https:\/\/www.meslibellules.fr\/blog\/?s={search_term_string}"},"query-input":{"@type":"PropertyValueSpecification","valueRequired":true,"valueName":"search_term_string"}}],"inLanguage":"fr-FR"},{"@type":["Person","Organization"],"@id":"https:\/\/www.meslibellules.fr\/blog\/#\/schema\/person\/9aa3586f9dd053fcf329f43b8b053c77","name":"Beno\u00eet Guillon","image":{"@type":"ImageObject","inLanguage":"fr-FR","@id":"https:\/\/www.meslibellules.fr\/blog\/wp-content\/uploads\/cropped-avatar-150-pix.jpg","url":"https:\/\/www.meslibellules.fr\/blog\/wp-content\/uploads\/cropped-avatar-150-pix.jpg","contentUrl":"https:\/\/www.meslibellules.fr\/blog\/wp-content\/uploads\/cropped-avatar-150-pix.jpg","width":150,"height":137,"caption":"Beno\u00eet Guillon"},"logo":{"@id":"https:\/\/www.meslibellules.fr\/blog\/wp-content\/uploads\/cropped-avatar-150-pix.jpg"},"sameAs":["https:\/\/www.facebook.com\/benoit.guillon.96\/"]}]}},"_links":{"self":[{"href":"https:\/\/www.meslibellules.fr\/blog\/wp-json\/wp\/v2\/posts\/10267","targetHints":{"allow":["GET"]}}],"collection":[{"href":"https:\/\/www.meslibellules.fr\/blog\/wp-json\/wp\/v2\/posts"}],"about":[{"href":"https:\/\/www.meslibellules.fr\/blog\/wp-json\/wp\/v2\/types\/post"}],"author":[{"embeddable":true,"href":"https:\/\/www.meslibellules.fr\/blog\/wp-json\/wp\/v2\/users\/1"}],"replies":[{"embeddable":true,"href":"https:\/\/www.meslibellules.fr\/blog\/wp-json\/wp\/v2\/comments?post=10267"}],"version-history":[{"count":0,"href":"https:\/\/www.meslibellules.fr\/blog\/wp-json\/wp\/v2\/posts\/10267\/revisions"}],"wp:attachment":[{"href":"https:\/\/www.meslibellules.fr\/blog\/wp-json\/wp\/v2\/media?parent=10267"}],"wp:term":[{"taxonomy":"category","embeddable":true,"href":"https:\/\/www.meslibellules.fr\/blog\/wp-json\/wp\/v2\/categories?post=10267"},{"taxonomy":"post_tag","embeddable":true,"href":"https:\/\/www.meslibellules.fr\/blog\/wp-json\/wp\/v2\/tags?post=10267"}],"curies":[{"name":"wp","href":"https:\/\/api.w.org\/{rel}","templated":true}]}}