{"id":10287,"date":"2021-11-16T05:04:35","date_gmt":"2021-11-16T04:04:35","guid":{"rendered":"https:\/\/www.meslibellules.fr\/blog\/?p=10287"},"modified":"2023-02-22T07:10:06","modified_gmt":"2023-02-22T06:10:06","slug":"trithemis-annulata-male-3","status":"publish","type":"post","link":"https:\/\/www.meslibellules.fr\/blog\/2021\/11\/16\/trithemis-annulata-male-3\/","title":{"rendered":"Trithemis annulata m\u00e2le &#8211; 3\/3"},"content":{"rendered":"\n<figure class=\"wp-block-image aligncenter size-full is-resized\"><a href=\"https:\/\/www.meslibellules.fr\/blog\/wp-content\/uploads\/trithemis-annulata-9.webp\"><img decoding=\"async\" data-src=\"https:\/\/www.meslibellules.fr\/blog\/wp-content\/uploads\/trithemis-annulata-9.webp\" alt=\"Trithemis annulata m\u00e2le, l'Isle-sur-Tarn (France-81), 08\/07\/2020\" class=\"wp-image-10282 lazyload\" width=\"528\" height=\"317\" data-srcset=\"https:\/\/www.meslibellules.fr\/blog\/wp-content\/uploads\/trithemis-annulata-9.webp 2005w, https:\/\/www.meslibellules.fr\/blog\/wp-content\/uploads\/trithemis-annulata-9-768x461.webp 768w, https:\/\/www.meslibellules.fr\/blog\/wp-content\/uploads\/trithemis-annulata-9-1536x922.webp 1536w, https:\/\/www.meslibellules.fr\/blog\/wp-content\/uploads\/trithemis-annulata-9-1200x721.webp 1200w\" data-sizes=\"(max-width: 528px) 100vw, 528px\" src=\"data:image\/svg+xml;base64,PHN2ZyB3aWR0aD0iMSIgaGVpZ2h0PSIxIiB4bWxucz0iaHR0cDovL3d3dy53My5vcmcvMjAwMC9zdmciPjwvc3ZnPg==\" style=\"--smush-placeholder-width: 528px; --smush-placeholder-aspect-ratio: 528\/317;\" \/><\/a><figcaption class=\"wp-element-caption\">Trithemis annulata m\u00e2le, l&rsquo;Isle-sur-Tarn (France-81), 08\/07\/2020<\/figcaption><\/figure>\n\n\n\n<p style=\"font-size:15px\">Trithemis annulata s&rsquo;est (trop ?) parfaitement int\u00e9gr\u00e9 \u00e0 l&rsquo;odonatofaune fran\u00e7aise du sud du pays, certainement aux d\u00e9pens des esp\u00e8ces autochtones, comme les Sympetrum ; sur certains sites Trithemis annulata est devenu le Libellulidae pr\u00e9pond\u00e9rant, sur d&rsquo;autres on a du mal \u00e0 retrouver des Sympetrum&#8230;<br>Il est totalement ubiquiste et s&rsquo;il est commun au bord des \u00e9tangs, les rivi\u00e8res, comme  ci-dessus le Tarn, lui conviennent parfaitement. <\/p>\n\n\n\n<p><\/p>\n\n\n\n<figure class=\"wp-block-gallery has-nested-images columns-2 is-cropped wp-block-gallery-1 is-layout-flex wp-block-gallery-is-layout-flex\">\n<figure class=\"wp-block-image size-large\"><a href=\"https:\/\/www.meslibellules.fr\/blog\/wp-content\/uploads\/trithemis-annulata-12.webp\"><img decoding=\"async\" width=\"1703\" height=\"1204\" data-id=\"10285\" data-src=\"https:\/\/www.meslibellules.fr\/blog\/wp-content\/uploads\/trithemis-annulata-12.webp\" alt=\"Trithemis annulata m\u00e2le, Castelnau-de-Montmiral (France-81), 21\/06\/2021\" class=\"wp-image-10285 lazyload\" data-srcset=\"https:\/\/www.meslibellules.fr\/blog\/wp-content\/uploads\/trithemis-annulata-12.webp 1703w, https:\/\/www.meslibellules.fr\/blog\/wp-content\/uploads\/trithemis-annulata-12-768x543.webp 768w, https:\/\/www.meslibellules.fr\/blog\/wp-content\/uploads\/trithemis-annulata-12-1536x1086.webp 1536w, https:\/\/www.meslibellules.fr\/blog\/wp-content\/uploads\/trithemis-annulata-12-1200x848.webp 1200w\" data-sizes=\"(max-width: 1703px) 100vw, 1703px\" src=\"data:image\/svg+xml;base64,PHN2ZyB3aWR0aD0iMSIgaGVpZ2h0PSIxIiB4bWxucz0iaHR0cDovL3d3dy53My5vcmcvMjAwMC9zdmciPjwvc3ZnPg==\" style=\"--smush-placeholder-width: 1703px; --smush-placeholder-aspect-ratio: 1703\/1204;\" \/><\/a><\/figure>\n\n\n\n<figure class=\"wp-block-image size-large\"><a href=\"https:\/\/www.meslibellules.fr\/blog\/wp-content\/uploads\/trithemis-annulata-10.webp\"><img decoding=\"async\" width=\"1671\" height=\"1204\" data-id=\"10283\" data-src=\"https:\/\/www.meslibellules.fr\/blog\/wp-content\/uploads\/trithemis-annulata-10.webp\" alt=\"Trithemis annulata m\u00e2le, Castelnau-de-Montmiral (France-81), 21\/06\/2021\" class=\"wp-image-10283 lazyload\" data-srcset=\"https:\/\/www.meslibellules.fr\/blog\/wp-content\/uploads\/trithemis-annulata-10.webp 1671w, https:\/\/www.meslibellules.fr\/blog\/wp-content\/uploads\/trithemis-annulata-10-768x553.webp 768w, https:\/\/www.meslibellules.fr\/blog\/wp-content\/uploads\/trithemis-annulata-10-1536x1107.webp 1536w, https:\/\/www.meslibellules.fr\/blog\/wp-content\/uploads\/trithemis-annulata-10-1200x865.webp 1200w\" data-sizes=\"(max-width: 1671px) 100vw, 1671px\" src=\"data:image\/svg+xml;base64,PHN2ZyB3aWR0aD0iMSIgaGVpZ2h0PSIxIiB4bWxucz0iaHR0cDovL3d3dy53My5vcmcvMjAwMC9zdmciPjwvc3ZnPg==\" style=\"--smush-placeholder-width: 1671px; --smush-placeholder-aspect-ratio: 1671\/1204;\" \/><\/a><\/figure>\n\n\n\n<figure class=\"wp-block-image size-large\"><a href=\"https:\/\/www.meslibellules.fr\/blog\/wp-content\/uploads\/trithemis-annulata-11.webp\"><img decoding=\"async\" width=\"2056\" height=\"1204\" data-id=\"10284\" data-src=\"https:\/\/www.meslibellules.fr\/blog\/wp-content\/uploads\/trithemis-annulata-11.webp\" alt=\"Trithemis annulata m\u00e2le, Castelnau-de-Montmiral (France-81), 21\/06\/2021\" class=\"wp-image-10284 lazyload\" data-srcset=\"https:\/\/www.meslibellules.fr\/blog\/wp-content\/uploads\/trithemis-annulata-11.webp 2056w, https:\/\/www.meslibellules.fr\/blog\/wp-content\/uploads\/trithemis-annulata-11-768x450.webp 768w, https:\/\/www.meslibellules.fr\/blog\/wp-content\/uploads\/trithemis-annulata-11-1536x899.webp 1536w, https:\/\/www.meslibellules.fr\/blog\/wp-content\/uploads\/trithemis-annulata-11-2048x1199.webp 2048w, https:\/\/www.meslibellules.fr\/blog\/wp-content\/uploads\/trithemis-annulata-11-1200x703.webp 1200w\" data-sizes=\"(max-width: 2056px) 100vw, 2056px\" src=\"data:image\/svg+xml;base64,PHN2ZyB3aWR0aD0iMSIgaGVpZ2h0PSIxIiB4bWxucz0iaHR0cDovL3d3dy53My5vcmcvMjAwMC9zdmciPjwvc3ZnPg==\" style=\"--smush-placeholder-width: 2056px; --smush-placeholder-aspect-ratio: 2056\/1204;\" \/><\/a><\/figure>\n<figcaption class=\"blocks-gallery-caption wp-element-caption\">Trithemis annulata m\u00e2le, Castelnau-de-Montmiral (France-81), 21\/06\/2021<\/figcaption><\/figure>\n\n\n\n<p style=\"font-size:15px\">On peut noter sur ces images une caract\u00e9ristique que je n&rsquo;ai pas soulign\u00e9e lorsque j&rsquo;ai montr\u00e9 les points communs et les diff\u00e9rences entre Trithemis annulata, Sympetrum sanguineum et Crocothemis erythraea ; Trithemis annulata porte des paires de points sombres tr\u00e8s visibles sur son abdomen.<\/p>\n\n\n\n<figure class=\"wp-block-image aligncenter size-full is-resized\"><a href=\"https:\/\/www.meslibellules.fr\/blog\/wp-content\/uploads\/trithemis-annulata-13.webp\"><img decoding=\"async\" data-src=\"https:\/\/www.meslibellules.fr\/blog\/wp-content\/uploads\/trithemis-annulata-13.webp\" alt=\"Trithemis annulata m\u00e2le, Castelnau-de-Montmiral (France-81), 21\/06\/2021\" class=\"wp-image-10286 lazyload\" width=\"440\" height=\"359\" data-srcset=\"https:\/\/www.meslibellules.fr\/blog\/wp-content\/uploads\/trithemis-annulata-13.webp 1473w, https:\/\/www.meslibellules.fr\/blog\/wp-content\/uploads\/trithemis-annulata-13-768x628.webp 768w, https:\/\/www.meslibellules.fr\/blog\/wp-content\/uploads\/trithemis-annulata-13-1200x981.webp 1200w\" data-sizes=\"(max-width: 440px) 100vw, 440px\" src=\"data:image\/svg+xml;base64,PHN2ZyB3aWR0aD0iMSIgaGVpZ2h0PSIxIiB4bWxucz0iaHR0cDovL3d3dy53My5vcmcvMjAwMC9zdmciPjwvc3ZnPg==\" style=\"--smush-placeholder-width: 440px; --smush-placeholder-aspect-ratio: 440\/359;\" \/><\/a><figcaption class=\"wp-element-caption\">Trithemis annulata m\u00e2le, Castelnau-de-Montmiral (France-81), 21\/06\/2021<\/figcaption><\/figure>\n\n\n\n<p style=\"font-size:15px\">Mais S. sanguineum et C. erythraea sont tellement diff\u00e9rents qu&rsquo;en principe un \u0153il un peu exerc\u00e9 n&rsquo;a pas l&rsquo;utilit\u00e9 de ce d\u00e9tail ! <\/p>\n\n\n\n<div style=\"height:60px\" aria-hidden=\"true\" class=\"wp-block-spacer\"><\/div>\n\n\n\n<figure class=\"wp-block-image size-full\"><a href=\"https:\/\/www.meslibellules.fr\/blog\/2021\/11\/15\/trithemis-annulata-male-jeune-mature\/\"><img decoding=\"async\" width=\"115\" height=\"20\" data-src=\"https:\/\/www.meslibellules.fr\/blog\/wp-content\/uploads\/115-retour.gif\" alt=\"\" class=\"wp-image-7871 lazyload\" src=\"data:image\/svg+xml;base64,PHN2ZyB3aWR0aD0iMSIgaGVpZ2h0PSIxIiB4bWxucz0iaHR0cDovL3d3dy53My5vcmcvMjAwMC9zdmciPjwvc3ZnPg==\" style=\"--smush-placeholder-width: 115px; --smush-placeholder-aspect-ratio: 115\/20;\" \/><\/a><\/figure>\n\n\n\n<figure class=\"wp-block-image size-full\"><a href=\"https:\/\/www.meslibellules.fr\/blog\/trithemis-annulata-6\/\"><img decoding=\"async\" width=\"115\" height=\"20\" data-src=\"https:\/\/www.meslibellules.fr\/blog\/wp-content\/uploads\/Trithemis-annulata.gif\" alt=\"\" class=\"wp-image-10276 lazyload\" src=\"data:image\/svg+xml;base64,PHN2ZyB3aWR0aD0iMSIgaGVpZ2h0PSIxIiB4bWxucz0iaHR0cDovL3d3dy53My5vcmcvMjAwMC9zdmciPjwvc3ZnPg==\" style=\"--smush-placeholder-width: 115px; --smush-placeholder-aspect-ratio: 115\/20;\" \/><\/a><\/figure>\n\n\n\n<figure class=\"wp-block-image size-full\"><a href=\"https:\/\/www.meslibellules.fr\/blog\/\"><img decoding=\"async\" data-src=\"https:\/\/www.meslibellules.fr\/blog\/wp-content\/uploads\/accueil-115-20.jpg\" alt=\"bouton accueil big\" class=\"wp-image-9827 lazyload\" src=\"data:image\/svg+xml;base64,PHN2ZyB3aWR0aD0iMSIgaGVpZ2h0PSIxIiB4bWxucz0iaHR0cDovL3d3dy53My5vcmcvMjAwMC9zdmciPjwvc3ZnPg==\" style=\"--smush-placeholder-width: 115px; --smush-placeholder-aspect-ratio: 115\/20;\" \/><\/a><\/figure>\n\n\n\n<p><\/p>\n","protected":false},"excerpt":{"rendered":"<p>Trithemis annulata s&rsquo;est (trop ?) parfaitement int\u00e9gr\u00e9 \u00e0 l&rsquo;odonatofaune fran\u00e7aise du sud du pays, certainement aux d\u00e9pens des esp\u00e8ces autochtones, comme les Sympetrum ; sur certains sites Trithemis annulata est devenu le Libellulidae pr\u00e9pond\u00e9rant, sur d&rsquo;autres on a du mal \u00e0 retrouver des Sympetrum&#8230;Il est totalement ubiquiste et s&rsquo;il est commun au bord des \u00e9tangs, [&hellip;]<\/p>\n","protected":false},"author":1,"featured_media":0,"comment_status":"open","ping_status":"open","sticky":false,"template":"","format":"image","meta":{"site-sidebar-layout":"default","site-content-layout":"","ast-site-content-layout":"default","site-content-style":"default","site-sidebar-style":"default","ast-global-header-display":"","ast-banner-title-visibility":"","ast-main-header-display":"","ast-hfb-above-header-display":"","ast-hfb-below-header-display":"","ast-hfb-mobile-header-display":"","site-post-title":"","ast-breadcrumbs-content":"","ast-featured-img":"","footer-sml-layout":"","ast-disable-related-posts":"","theme-transparent-header-meta":"","adv-header-id-meta":"","stick-header-meta":"","header-above-stick-meta":"","header-main-stick-meta":"","header-below-stick-meta":"","astra-migrate-meta-layouts":"default","ast-page-background-enabled":"default","ast-page-background-meta":{"desktop":{"background-color":"var(--ast-global-color-4)","background-image":"","background-repeat":"repeat","background-position":"center center","background-size":"auto","background-attachment":"scroll","background-type":"","background-media":"","overlay-type":"","overlay-color":"","overlay-opacity":"","overlay-gradient":""},"tablet":{"background-color":"","background-image":"","background-repeat":"repeat","background-position":"center center","background-size":"auto","background-attachment":"scroll","background-type":"","background-media":"","overlay-type":"","overlay-color":"","overlay-opacity":"","overlay-gradient":""},"mobile":{"background-color":"","background-image":"","background-repeat":"repeat","background-position":"center center","background-size":"auto","background-attachment":"scroll","background-type":"","background-media":"","overlay-type":"","overlay-color":"","overlay-opacity":"","overlay-gradient":""}},"ast-content-background-meta":{"desktop":{"background-color":"var(--ast-global-color-5)","background-image":"","background-repeat":"repeat","background-position":"center center","background-size":"auto","background-attachment":"scroll","background-type":"","background-media":"","overlay-type":"","overlay-color":"","overlay-opacity":"","overlay-gradient":""},"tablet":{"background-color":"var(--ast-global-color-5)","background-image":"","background-repeat":"repeat","background-position":"center center","background-size":"auto","background-attachment":"scroll","background-type":"","background-media":"","overlay-type":"","overlay-color":"","overlay-opacity":"","overlay-gradient":""},"mobile":{"background-color":"var(--ast-global-color-5)","background-image":"","background-repeat":"repeat","background-position":"center center","background-size":"auto","background-attachment":"scroll","background-type":"","background-media":"","overlay-type":"","overlay-color":"","overlay-opacity":"","overlay-gradient":""}},"footnotes":""},"categories":[55,56,560],"tags":[561],"class_list":["post-10287","post","type-post","status-publish","format-image","hentry","category-france","category-libellulidae-france","category-trithemis-annulata","tag-trithemis-annulata-france","post_format-post-format-image"],"yoast_head":"<!-- This site is optimized with the Yoast SEO plugin v27.5 - https:\/\/yoast.com\/product\/yoast-seo-wordpress\/ -->\n<title>Trithemis annulata m\u00e2le - 3\/3 - Mes Libellules<\/title>\n<meta name=\"robots\" content=\"index, follow, max-snippet:-1, max-image-preview:large, max-video-preview:-1\" \/>\n<link rel=\"canonical\" href=\"https:\/\/www.meslibellules.fr\/blog\/2021\/11\/16\/trithemis-annulata-male-3\/\" \/>\n<meta property=\"og:locale\" content=\"fr_FR\" \/>\n<meta property=\"og:type\" content=\"article\" \/>\n<meta property=\"og:title\" content=\"Trithemis annulata m\u00e2le - 3\/3 - Mes Libellules\" \/>\n<meta property=\"og:description\" content=\"Trithemis annulata s&rsquo;est (trop ?) parfaitement int\u00e9gr\u00e9 \u00e0 l&rsquo;odonatofaune fran\u00e7aise du sud du pays, certainement aux d\u00e9pens des esp\u00e8ces autochtones, comme les Sympetrum ; sur certains sites Trithemis annulata est devenu le Libellulidae pr\u00e9pond\u00e9rant, sur d&rsquo;autres on a du mal \u00e0 retrouver des Sympetrum&#8230;Il est totalement ubiquiste et s&rsquo;il est commun au bord des \u00e9tangs, [&hellip;]\" \/>\n<meta property=\"og:url\" content=\"https:\/\/www.meslibellules.fr\/blog\/2021\/11\/16\/trithemis-annulata-male-3\/\" \/>\n<meta property=\"og:site_name\" content=\"Mes Libellules\" \/>\n<meta property=\"article:publisher\" content=\"https:\/\/www.facebook.com\/benoit.guillon.96\/\" \/>\n<meta property=\"article:author\" content=\"https:\/\/www.facebook.com\/benoit.guillon.96\/\" \/>\n<meta property=\"article:published_time\" content=\"2021-11-16T04:04:35+00:00\" \/>\n<meta property=\"article:modified_time\" content=\"2023-02-22T06:10:06+00:00\" \/>\n<meta property=\"og:image\" content=\"https:\/\/www.meslibellules.fr\/blog\/wp-content\/uploads\/trithemis-annulata-9.webp\" \/>\n<meta name=\"author\" content=\"Beno\u00eet Guillon\" \/>\n<meta name=\"twitter:card\" content=\"summary_large_image\" \/>\n<meta name=\"twitter:label1\" content=\"\u00c9crit par\" \/>\n\t<meta name=\"twitter:data1\" content=\"Beno\u00eet Guillon\" \/>\n\t<meta name=\"twitter:label2\" content=\"Dur\u00e9e de lecture estim\u00e9e\" \/>\n\t<meta name=\"twitter:data2\" content=\"3 minutes\" \/>\n<script type=\"application\/ld+json\" class=\"yoast-schema-graph\">{\"@context\":\"https:\\\/\\\/schema.org\",\"@graph\":[{\"@type\":\"Article\",\"@id\":\"https:\\\/\\\/www.meslibellules.fr\\\/blog\\\/2021\\\/11\\\/16\\\/trithemis-annulata-male-3\\\/#article\",\"isPartOf\":{\"@id\":\"https:\\\/\\\/www.meslibellules.fr\\\/blog\\\/2021\\\/11\\\/16\\\/trithemis-annulata-male-3\\\/\"},\"author\":{\"name\":\"Beno\u00eet Guillon\",\"@id\":\"https:\\\/\\\/www.meslibellules.fr\\\/blog\\\/#\\\/schema\\\/person\\\/9aa3586f9dd053fcf329f43b8b053c77\"},\"headline\":\"Trithemis annulata m\u00e2le &#8211; 3\\\/3\",\"datePublished\":\"2021-11-16T04:04:35+00:00\",\"dateModified\":\"2023-02-22T06:10:06+00:00\",\"mainEntityOfPage\":{\"@id\":\"https:\\\/\\\/www.meslibellules.fr\\\/blog\\\/2021\\\/11\\\/16\\\/trithemis-annulata-male-3\\\/\"},\"wordCount\":172,\"commentCount\":0,\"publisher\":{\"@id\":\"https:\\\/\\\/www.meslibellules.fr\\\/blog\\\/#\\\/schema\\\/person\\\/9aa3586f9dd053fcf329f43b8b053c77\"},\"image\":{\"@id\":\"https:\\\/\\\/www.meslibellules.fr\\\/blog\\\/2021\\\/11\\\/16\\\/trithemis-annulata-male-3\\\/#primaryimage\"},\"thumbnailUrl\":\"https:\\\/\\\/www.meslibellules.fr\\\/blog\\\/wp-content\\\/uploads\\\/trithemis-annulata-9.webp\",\"keywords\":[\"Trithemis annulata - France\"],\"articleSection\":[\"France\",\"Libellulidae\",\"Trithemis annulata\"],\"inLanguage\":\"fr-FR\",\"potentialAction\":[{\"@type\":\"CommentAction\",\"name\":\"Comment\",\"target\":[\"https:\\\/\\\/www.meslibellules.fr\\\/blog\\\/2021\\\/11\\\/16\\\/trithemis-annulata-male-3\\\/#respond\"]}]},{\"@type\":\"WebPage\",\"@id\":\"https:\\\/\\\/www.meslibellules.fr\\\/blog\\\/2021\\\/11\\\/16\\\/trithemis-annulata-male-3\\\/\",\"url\":\"https:\\\/\\\/www.meslibellules.fr\\\/blog\\\/2021\\\/11\\\/16\\\/trithemis-annulata-male-3\\\/\",\"name\":\"Trithemis annulata m\u00e2le - 3\\\/3 - Mes Libellules\",\"isPartOf\":{\"@id\":\"https:\\\/\\\/www.meslibellules.fr\\\/blog\\\/#website\"},\"primaryImageOfPage\":{\"@id\":\"https:\\\/\\\/www.meslibellules.fr\\\/blog\\\/2021\\\/11\\\/16\\\/trithemis-annulata-male-3\\\/#primaryimage\"},\"image\":{\"@id\":\"https:\\\/\\\/www.meslibellules.fr\\\/blog\\\/2021\\\/11\\\/16\\\/trithemis-annulata-male-3\\\/#primaryimage\"},\"thumbnailUrl\":\"https:\\\/\\\/www.meslibellules.fr\\\/blog\\\/wp-content\\\/uploads\\\/trithemis-annulata-9.webp\",\"datePublished\":\"2021-11-16T04:04:35+00:00\",\"dateModified\":\"2023-02-22T06:10:06+00:00\",\"breadcrumb\":{\"@id\":\"https:\\\/\\\/www.meslibellules.fr\\\/blog\\\/2021\\\/11\\\/16\\\/trithemis-annulata-male-3\\\/#breadcrumb\"},\"inLanguage\":\"fr-FR\",\"potentialAction\":[{\"@type\":\"ReadAction\",\"target\":[\"https:\\\/\\\/www.meslibellules.fr\\\/blog\\\/2021\\\/11\\\/16\\\/trithemis-annulata-male-3\\\/\"]}]},{\"@type\":\"ImageObject\",\"inLanguage\":\"fr-FR\",\"@id\":\"https:\\\/\\\/www.meslibellules.fr\\\/blog\\\/2021\\\/11\\\/16\\\/trithemis-annulata-male-3\\\/#primaryimage\",\"url\":\"https:\\\/\\\/www.meslibellules.fr\\\/blog\\\/wp-content\\\/uploads\\\/trithemis-annulata-9.webp\",\"contentUrl\":\"https:\\\/\\\/www.meslibellules.fr\\\/blog\\\/wp-content\\\/uploads\\\/trithemis-annulata-9.webp\",\"width\":2005,\"height\":1204,\"caption\":\"Trithemis annulata m\u00e2le, l'Isle-sur-Tarn (France-81), 08\\\/07\\\/2020\"},{\"@type\":\"BreadcrumbList\",\"@id\":\"https:\\\/\\\/www.meslibellules.fr\\\/blog\\\/2021\\\/11\\\/16\\\/trithemis-annulata-male-3\\\/#breadcrumb\",\"itemListElement\":[{\"@type\":\"ListItem\",\"position\":1,\"name\":\"Accueil\",\"item\":\"https:\\\/\\\/www.meslibellules.fr\\\/blog\\\/\"},{\"@type\":\"ListItem\",\"position\":2,\"name\":\"Trithemis annulata m\u00e2le &#8211; 3\\\/3\"}]},{\"@type\":\"WebSite\",\"@id\":\"https:\\\/\\\/www.meslibellules.fr\\\/blog\\\/#website\",\"url\":\"https:\\\/\\\/www.meslibellules.fr\\\/blog\\\/\",\"name\":\"Mes Libellules\",\"description\":\"Pr\u00e9sentation des libellules rencontr\u00e9es dans le monde\",\"publisher\":{\"@id\":\"https:\\\/\\\/www.meslibellules.fr\\\/blog\\\/#\\\/schema\\\/person\\\/9aa3586f9dd053fcf329f43b8b053c77\"},\"potentialAction\":[{\"@type\":\"SearchAction\",\"target\":{\"@type\":\"EntryPoint\",\"urlTemplate\":\"https:\\\/\\\/www.meslibellules.fr\\\/blog\\\/?s={search_term_string}\"},\"query-input\":{\"@type\":\"PropertyValueSpecification\",\"valueRequired\":true,\"valueName\":\"search_term_string\"}}],\"inLanguage\":\"fr-FR\"},{\"@type\":[\"Person\",\"Organization\"],\"@id\":\"https:\\\/\\\/www.meslibellules.fr\\\/blog\\\/#\\\/schema\\\/person\\\/9aa3586f9dd053fcf329f43b8b053c77\",\"name\":\"Beno\u00eet Guillon\",\"image\":{\"@type\":\"ImageObject\",\"inLanguage\":\"fr-FR\",\"@id\":\"https:\\\/\\\/www.meslibellules.fr\\\/blog\\\/wp-content\\\/uploads\\\/cropped-avatar-150-pix.jpg\",\"url\":\"https:\\\/\\\/www.meslibellules.fr\\\/blog\\\/wp-content\\\/uploads\\\/cropped-avatar-150-pix.jpg\",\"contentUrl\":\"https:\\\/\\\/www.meslibellules.fr\\\/blog\\\/wp-content\\\/uploads\\\/cropped-avatar-150-pix.jpg\",\"width\":150,\"height\":137,\"caption\":\"Beno\u00eet Guillon\"},\"logo\":{\"@id\":\"https:\\\/\\\/www.meslibellules.fr\\\/blog\\\/wp-content\\\/uploads\\\/cropped-avatar-150-pix.jpg\"},\"sameAs\":[\"https:\\\/\\\/www.facebook.com\\\/benoit.guillon.96\\\/\"]}]}<\/script>\n<!-- \/ Yoast SEO plugin. -->","yoast_head_json":{"title":"Trithemis annulata m\u00e2le - 3\/3 - Mes Libellules","robots":{"index":"index","follow":"follow","max-snippet":"max-snippet:-1","max-image-preview":"max-image-preview:large","max-video-preview":"max-video-preview:-1"},"canonical":"https:\/\/www.meslibellules.fr\/blog\/2021\/11\/16\/trithemis-annulata-male-3\/","og_locale":"fr_FR","og_type":"article","og_title":"Trithemis annulata m\u00e2le - 3\/3 - Mes Libellules","og_description":"Trithemis annulata s&rsquo;est (trop ?) parfaitement int\u00e9gr\u00e9 \u00e0 l&rsquo;odonatofaune fran\u00e7aise du sud du pays, certainement aux d\u00e9pens des esp\u00e8ces autochtones, comme les Sympetrum ; sur certains sites Trithemis annulata est devenu le Libellulidae pr\u00e9pond\u00e9rant, sur d&rsquo;autres on a du mal \u00e0 retrouver des Sympetrum&#8230;Il est totalement ubiquiste et s&rsquo;il est commun au bord des \u00e9tangs, [&hellip;]","og_url":"https:\/\/www.meslibellules.fr\/blog\/2021\/11\/16\/trithemis-annulata-male-3\/","og_site_name":"Mes Libellules","article_publisher":"https:\/\/www.facebook.com\/benoit.guillon.96\/","article_author":"https:\/\/www.facebook.com\/benoit.guillon.96\/","article_published_time":"2021-11-16T04:04:35+00:00","article_modified_time":"2023-02-22T06:10:06+00:00","og_image":[{"url":"https:\/\/www.meslibellules.fr\/blog\/wp-content\/uploads\/trithemis-annulata-9.webp","type":"","width":"","height":""}],"author":"Beno\u00eet Guillon","twitter_card":"summary_large_image","twitter_misc":{"\u00c9crit par":"Beno\u00eet Guillon","Dur\u00e9e de lecture estim\u00e9e":"3 minutes"},"schema":{"@context":"https:\/\/schema.org","@graph":[{"@type":"Article","@id":"https:\/\/www.meslibellules.fr\/blog\/2021\/11\/16\/trithemis-annulata-male-3\/#article","isPartOf":{"@id":"https:\/\/www.meslibellules.fr\/blog\/2021\/11\/16\/trithemis-annulata-male-3\/"},"author":{"name":"Beno\u00eet Guillon","@id":"https:\/\/www.meslibellules.fr\/blog\/#\/schema\/person\/9aa3586f9dd053fcf329f43b8b053c77"},"headline":"Trithemis annulata m\u00e2le &#8211; 3\/3","datePublished":"2021-11-16T04:04:35+00:00","dateModified":"2023-02-22T06:10:06+00:00","mainEntityOfPage":{"@id":"https:\/\/www.meslibellules.fr\/blog\/2021\/11\/16\/trithemis-annulata-male-3\/"},"wordCount":172,"commentCount":0,"publisher":{"@id":"https:\/\/www.meslibellules.fr\/blog\/#\/schema\/person\/9aa3586f9dd053fcf329f43b8b053c77"},"image":{"@id":"https:\/\/www.meslibellules.fr\/blog\/2021\/11\/16\/trithemis-annulata-male-3\/#primaryimage"},"thumbnailUrl":"https:\/\/www.meslibellules.fr\/blog\/wp-content\/uploads\/trithemis-annulata-9.webp","keywords":["Trithemis annulata - France"],"articleSection":["France","Libellulidae","Trithemis annulata"],"inLanguage":"fr-FR","potentialAction":[{"@type":"CommentAction","name":"Comment","target":["https:\/\/www.meslibellules.fr\/blog\/2021\/11\/16\/trithemis-annulata-male-3\/#respond"]}]},{"@type":"WebPage","@id":"https:\/\/www.meslibellules.fr\/blog\/2021\/11\/16\/trithemis-annulata-male-3\/","url":"https:\/\/www.meslibellules.fr\/blog\/2021\/11\/16\/trithemis-annulata-male-3\/","name":"Trithemis annulata m\u00e2le - 3\/3 - Mes Libellules","isPartOf":{"@id":"https:\/\/www.meslibellules.fr\/blog\/#website"},"primaryImageOfPage":{"@id":"https:\/\/www.meslibellules.fr\/blog\/2021\/11\/16\/trithemis-annulata-male-3\/#primaryimage"},"image":{"@id":"https:\/\/www.meslibellules.fr\/blog\/2021\/11\/16\/trithemis-annulata-male-3\/#primaryimage"},"thumbnailUrl":"https:\/\/www.meslibellules.fr\/blog\/wp-content\/uploads\/trithemis-annulata-9.webp","datePublished":"2021-11-16T04:04:35+00:00","dateModified":"2023-02-22T06:10:06+00:00","breadcrumb":{"@id":"https:\/\/www.meslibellules.fr\/blog\/2021\/11\/16\/trithemis-annulata-male-3\/#breadcrumb"},"inLanguage":"fr-FR","potentialAction":[{"@type":"ReadAction","target":["https:\/\/www.meslibellules.fr\/blog\/2021\/11\/16\/trithemis-annulata-male-3\/"]}]},{"@type":"ImageObject","inLanguage":"fr-FR","@id":"https:\/\/www.meslibellules.fr\/blog\/2021\/11\/16\/trithemis-annulata-male-3\/#primaryimage","url":"https:\/\/www.meslibellules.fr\/blog\/wp-content\/uploads\/trithemis-annulata-9.webp","contentUrl":"https:\/\/www.meslibellules.fr\/blog\/wp-content\/uploads\/trithemis-annulata-9.webp","width":2005,"height":1204,"caption":"Trithemis annulata m\u00e2le, l'Isle-sur-Tarn (France-81), 08\/07\/2020"},{"@type":"BreadcrumbList","@id":"https:\/\/www.meslibellules.fr\/blog\/2021\/11\/16\/trithemis-annulata-male-3\/#breadcrumb","itemListElement":[{"@type":"ListItem","position":1,"name":"Accueil","item":"https:\/\/www.meslibellules.fr\/blog\/"},{"@type":"ListItem","position":2,"name":"Trithemis annulata m\u00e2le &#8211; 3\/3"}]},{"@type":"WebSite","@id":"https:\/\/www.meslibellules.fr\/blog\/#website","url":"https:\/\/www.meslibellules.fr\/blog\/","name":"Mes Libellules","description":"Pr\u00e9sentation des libellules rencontr\u00e9es dans le monde","publisher":{"@id":"https:\/\/www.meslibellules.fr\/blog\/#\/schema\/person\/9aa3586f9dd053fcf329f43b8b053c77"},"potentialAction":[{"@type":"SearchAction","target":{"@type":"EntryPoint","urlTemplate":"https:\/\/www.meslibellules.fr\/blog\/?s={search_term_string}"},"query-input":{"@type":"PropertyValueSpecification","valueRequired":true,"valueName":"search_term_string"}}],"inLanguage":"fr-FR"},{"@type":["Person","Organization"],"@id":"https:\/\/www.meslibellules.fr\/blog\/#\/schema\/person\/9aa3586f9dd053fcf329f43b8b053c77","name":"Beno\u00eet Guillon","image":{"@type":"ImageObject","inLanguage":"fr-FR","@id":"https:\/\/www.meslibellules.fr\/blog\/wp-content\/uploads\/cropped-avatar-150-pix.jpg","url":"https:\/\/www.meslibellules.fr\/blog\/wp-content\/uploads\/cropped-avatar-150-pix.jpg","contentUrl":"https:\/\/www.meslibellules.fr\/blog\/wp-content\/uploads\/cropped-avatar-150-pix.jpg","width":150,"height":137,"caption":"Beno\u00eet Guillon"},"logo":{"@id":"https:\/\/www.meslibellules.fr\/blog\/wp-content\/uploads\/cropped-avatar-150-pix.jpg"},"sameAs":["https:\/\/www.facebook.com\/benoit.guillon.96\/"]}]}},"_links":{"self":[{"href":"https:\/\/www.meslibellules.fr\/blog\/wp-json\/wp\/v2\/posts\/10287","targetHints":{"allow":["GET"]}}],"collection":[{"href":"https:\/\/www.meslibellules.fr\/blog\/wp-json\/wp\/v2\/posts"}],"about":[{"href":"https:\/\/www.meslibellules.fr\/blog\/wp-json\/wp\/v2\/types\/post"}],"author":[{"embeddable":true,"href":"https:\/\/www.meslibellules.fr\/blog\/wp-json\/wp\/v2\/users\/1"}],"replies":[{"embeddable":true,"href":"https:\/\/www.meslibellules.fr\/blog\/wp-json\/wp\/v2\/comments?post=10287"}],"version-history":[{"count":0,"href":"https:\/\/www.meslibellules.fr\/blog\/wp-json\/wp\/v2\/posts\/10287\/revisions"}],"wp:attachment":[{"href":"https:\/\/www.meslibellules.fr\/blog\/wp-json\/wp\/v2\/media?parent=10287"}],"wp:term":[{"taxonomy":"category","embeddable":true,"href":"https:\/\/www.meslibellules.fr\/blog\/wp-json\/wp\/v2\/categories?post=10287"},{"taxonomy":"post_tag","embeddable":true,"href":"https:\/\/www.meslibellules.fr\/blog\/wp-json\/wp\/v2\/tags?post=10287"}],"curies":[{"name":"wp","href":"https:\/\/api.w.org\/{rel}","templated":true}]}}