{"id":10421,"date":"2022-01-29T18:36:31","date_gmt":"2022-01-29T17:36:31","guid":{"rendered":"https:\/\/www.meslibellules.fr\/blog\/?p=10421"},"modified":"2023-02-03T07:04:19","modified_gmt":"2023-02-03T06:04:19","slug":"libellula-quadrimaculata-accouplement","status":"publish","type":"post","link":"https:\/\/www.meslibellules.fr\/blog\/2022\/01\/29\/libellula-quadrimaculata-accouplement\/","title":{"rendered":"Libellula quadrimaculata accouplement"},"content":{"rendered":"\n<figure class=\"wp-block-image aligncenter size-full is-resized\"><a href=\"https:\/\/www.meslibellules.fr\/blog\/wp-content\/uploads\/libellula-quadrimaculata-accouplement-1.webp\"><img decoding=\"async\" data-src=\"https:\/\/www.meslibellules.fr\/blog\/wp-content\/uploads\/libellula-quadrimaculata-accouplement-1.webp\" alt=\"Libellula quadrimaculata accouplement, Lac de Lamoura (France-39), 27\/08\/2021\" class=\"wp-image-10418 lazyload\" width=\"474\" height=\"410\" data-srcset=\"https:\/\/www.meslibellules.fr\/blog\/wp-content\/uploads\/libellula-quadrimaculata-accouplement-1.webp 1023w, https:\/\/www.meslibellules.fr\/blog\/wp-content\/uploads\/libellula-quadrimaculata-accouplement-1-768x664.webp 768w\" data-sizes=\"(max-width: 474px) 100vw, 474px\" src=\"data:image\/svg+xml;base64,PHN2ZyB3aWR0aD0iMSIgaGVpZ2h0PSIxIiB4bWxucz0iaHR0cDovL3d3dy53My5vcmcvMjAwMC9zdmciPjwvc3ZnPg==\" style=\"--smush-placeholder-width: 474px; --smush-placeholder-aspect-ratio: 474\/410;\" \/><\/a><figcaption class=\"wp-element-caption\">Libellula quadrimaculata accouplement, Lac de Lamoura (France-39), 27\/08\/2021<\/figcaption><\/figure>\n\n\n\n<p style=\"font-size: 15px;\"><span style=\"text-decoration: underline;\">Libellula quadrimaculata : accouplement<\/span><br \/>La Libellule \u00e0 quatre taches est une esp\u00e8ce commune au printemps sur les \u00e9tangs, les mares et les foss\u00e9s bien v\u00e9g\u00e9talis\u00e9s de ma r\u00e9gion et cela fait plus de 15 ans que je l&rsquo;observe et la photographie. Mais c&rsquo;est la premi\u00e8re fois que j&rsquo;observe bri\u00e8vement un accouplement.<br \/>J&rsquo;ai pourtant vu des lieux o\u00f9 les m\u00e2les se comptaient par dizaines (sur ce lac je n&rsquo;en ai vu que 2 ou 3) et se livraient sans cesse \u00e0 des joutes territoriales, mais\u2026 je n&rsquo;ai entraper\u00e7u qu&rsquo;une seule fois une femelle pondre dans un champ de Carex.<\/p>\n\n\n\n<figure class=\"wp-block-image aligncenter size-full is-resized\"><a href=\"https:\/\/www.meslibellules.fr\/blog\/wp-content\/uploads\/libellula-quadrimaculata-accouplement-2.webp\"><img decoding=\"async\" data-src=\"https:\/\/www.meslibellules.fr\/blog\/wp-content\/uploads\/libellula-quadrimaculata-accouplement-2.webp\" alt=\"Libellula quadrimaculata accouplement, Lac de Lamoura (France-39), 27\/08\/2021\" class=\"wp-image-10419 lazyload\" width=\"474\" height=\"374\" src=\"data:image\/svg+xml;base64,PHN2ZyB3aWR0aD0iMSIgaGVpZ2h0PSIxIiB4bWxucz0iaHR0cDovL3d3dy53My5vcmcvMjAwMC9zdmciPjwvc3ZnPg==\" style=\"--smush-placeholder-width: 474px; --smush-placeholder-aspect-ratio: 474\/374;\" \/><\/a><figcaption class=\"wp-element-caption\">Libellula quadrimaculata accouplement, Lac de Lamoura (France-39), 27\/08\/2021<\/figcaption><\/figure>\n\n\n\n<p style=\"font-size:15px\">Et je pense que c&rsquo;est exactement ce que faisait cette femelle avant d&rsquo;\u00eatre captur\u00e9e par un m\u00e2le, car si je n&rsquo;ai pas vu le couple se former j&rsquo;ai entendu des bruissements d&rsquo;ailes dans les touradons de carex, qui ont \u00e9veill\u00e9 mon attention.<br>J&rsquo;ai eu le temps de faire 4 photos avec mon 150 mm Macro. Malheureusement le temps \u00e9tait gris (et froid) ce qui enl\u00e8ve beaucoup de charme \u00e0 ces photos, certainement peu communes parce qu&rsquo;on voit tr\u00e8s peu d&rsquo;accouplements de L. quadrimaculata sur le Web.<\/p>\n\n\n\n<figure class=\"wp-block-image aligncenter size-full is-resized\"><a href=\"https:\/\/www.meslibellules.fr\/blog\/wp-content\/uploads\/libellula-quadrimaculata-accouplement-3.webp\"><img decoding=\"async\" data-src=\"https:\/\/www.meslibellules.fr\/blog\/wp-content\/uploads\/libellula-quadrimaculata-accouplement-3.webp\" alt=\"Libellula quadrimaculata accouplement, Lac de Lamoura (France-39), 27\/08\/2021\" class=\"wp-image-10420 lazyload\" width=\"474\" height=\"384\" src=\"data:image\/svg+xml;base64,PHN2ZyB3aWR0aD0iMSIgaGVpZ2h0PSIxIiB4bWxucz0iaHR0cDovL3d3dy53My5vcmcvMjAwMC9zdmciPjwvc3ZnPg==\" style=\"--smush-placeholder-width: 474px; --smush-placeholder-aspect-ratio: 474\/384;\" \/><\/a><figcaption class=\"wp-element-caption\">Libellula quadrimaculata accouplement, Lac de Lamoura (France-39), 27\/08\/2021<\/figcaption><\/figure>\n\n\n\n<p style=\"font-size:15px\">L&rsquo;accouplement a \u00e9t\u00e9 tr\u00e8s bref, 5 ou 10 secondes, essentiellement en vol stationnaire avant que le couple ne se s\u00e9pare et que je ne les perde de vue tous les 2. J&rsquo;ai cherch\u00e9 la femelle, esp\u00e9rant qu&rsquo;elle reviendrait pondre l\u00e0 o\u00f9 je l&rsquo;avais entendue, mais le ciel  gris et le vent froid  (13\u00b0C) ont d\u00fb la d\u00e9courager.<br><a href=\"http:\/\/www.meslibellules.fr\/pagesweb\/libellulidae\/libellula\/depressa\/libellula-depressa-accouplement\/libellula-depressa-accouplement.jpg\">Libellula depressa<\/a> s&rsquo;accouple de la m\u00eame fa\u00e7on et les observations sont aussi rares ; seule autre membre du genre Libellula, en Europe, <a href=\"http:\/\/www.meslibellules.fr\/pagesweb\/libellulidae\/libellula\/fulva\/fulva_accouplement2\/prof_big.jpg\">Libellula fulva<\/a> se montre beaucoup moins pudiques et les accouplements,  beaucoup plus longs et pos\u00e9s, sont facilement observ\u00e9s. \u00c9tonnant.<br>M\u00eame avec le temps anormalement froid de cette fin du mois d&rsquo;Ao\u00fbt, le lac de Lamoura vaut le voyage ; l&rsquo;accouplement a \u00e9t\u00e9 photographi\u00e9 juste au premier plan de ce paysage :<\/p>\n\n\n\n<figure class=\"wp-block-image aligncenter size-large is-resized\"><a href=\"https:\/\/www.meslibellules.fr\/blog\/wp-content\/uploads\/lac-de-lamoura.webp\"><img decoding=\"async\" data-src=\"https:\/\/www.meslibellules.fr\/blog\/wp-content\/uploads\/lac-de-lamoura.webp\" alt=\"Photo du Lac de Lamoura, France, 27\/08\/21\" width=\"615\" src=\"data:image\/svg+xml;base64,PHN2ZyB3aWR0aD0iMSIgaGVpZ2h0PSIxIiB4bWxucz0iaHR0cDovL3d3dy53My5vcmcvMjAwMC9zdmciPjwvc3ZnPg==\" class=\"lazyload\" style=\"--smush-placeholder-width: 2061px; --smush-placeholder-aspect-ratio: 2061\/1004;\" \/><\/a><figcaption class=\"wp-element-caption\">Lac de Lamoura (France-39), 27\/08\/2021<\/figcaption><\/figure>\n\n\n\n<p style=\"font-size:15px\"> <br><\/p>\n\n\n\n<div style=\"height:48px\" aria-hidden=\"true\" class=\"wp-block-spacer\"><\/div>\n\n\n\n<figure class=\"wp-block-image size-full\"><a href=\"http:\/\/www.meslibellules.fr\/pagesweb\/libellulidae\/libellula\/quadrimaculata\/libellula-quadrimaculata-accueil.php\"><img decoding=\"async\" width=\"130\" height=\"20\" data-src=\"https:\/\/www.meslibellules.fr\/blog\/wp-content\/uploads\/acc_quadrimacut130.gif\" alt=\"\" class=\"wp-image-10428 lazyload\" src=\"data:image\/svg+xml;base64,PHN2ZyB3aWR0aD0iMSIgaGVpZ2h0PSIxIiB4bWxucz0iaHR0cDovL3d3dy53My5vcmcvMjAwMC9zdmciPjwvc3ZnPg==\" style=\"--smush-placeholder-width: 130px; --smush-placeholder-aspect-ratio: 130\/20;\" \/><\/a><\/figure>\n\n\n\n<figure class=\"wp-block-image size-full\"><a href=\"https:\/\/www.meslibellules.fr\/blog\/\"><img decoding=\"async\" width=\"130\" height=\"20\" data-src=\"https:\/\/www.meslibellules.fr\/blog\/wp-content\/uploads\/accueil_130.gif\" alt=\"\" class=\"wp-image-10429 lazyload\" src=\"data:image\/svg+xml;base64,PHN2ZyB3aWR0aD0iMSIgaGVpZ2h0PSIxIiB4bWxucz0iaHR0cDovL3d3dy53My5vcmcvMjAwMC9zdmciPjwvc3ZnPg==\" style=\"--smush-placeholder-width: 130px; --smush-placeholder-aspect-ratio: 130\/20;\" \/><\/a><\/figure>\n","protected":false},"excerpt":{"rendered":"<p>Libellula quadrimaculata : accouplementLa Libellule \u00e0 quatre taches est une esp\u00e8ce commune au printemps sur les \u00e9tangs, les mares et les foss\u00e9s bien v\u00e9g\u00e9talis\u00e9s de ma r\u00e9gion et cela fait plus de 15 ans que je l&rsquo;observe et la photographie. Mais c&rsquo;est la premi\u00e8re fois que j&rsquo;observe bri\u00e8vement un accouplement.J&rsquo;ai pourtant vu des lieux o\u00f9 [&hellip;]<\/p>\n","protected":false},"author":1,"featured_media":0,"comment_status":"open","ping_status":"open","sticky":false,"template":"","format":"image","meta":{"site-sidebar-layout":"default","site-content-layout":"","ast-site-content-layout":"default","site-content-style":"default","site-sidebar-style":"default","ast-global-header-display":"","ast-banner-title-visibility":"","ast-main-header-display":"","ast-hfb-above-header-display":"","ast-hfb-below-header-display":"","ast-hfb-mobile-header-display":"","site-post-title":"","ast-breadcrumbs-content":"","ast-featured-img":"","footer-sml-layout":"","ast-disable-related-posts":"","theme-transparent-header-meta":"","adv-header-id-meta":"","stick-header-meta":"","header-above-stick-meta":"","header-main-stick-meta":"","header-below-stick-meta":"","astra-migrate-meta-layouts":"default","ast-page-background-enabled":"default","ast-page-background-meta":{"desktop":{"background-color":"var(--ast-global-color-4)","background-image":"","background-repeat":"repeat","background-position":"center center","background-size":"auto","background-attachment":"scroll","background-type":"","background-media":"","overlay-type":"","overlay-color":"","overlay-opacity":"","overlay-gradient":""},"tablet":{"background-color":"","background-image":"","background-repeat":"repeat","background-position":"center center","background-size":"auto","background-attachment":"scroll","background-type":"","background-media":"","overlay-type":"","overlay-color":"","overlay-opacity":"","overlay-gradient":""},"mobile":{"background-color":"","background-image":"","background-repeat":"repeat","background-position":"center center","background-size":"auto","background-attachment":"scroll","background-type":"","background-media":"","overlay-type":"","overlay-color":"","overlay-opacity":"","overlay-gradient":""}},"ast-content-background-meta":{"desktop":{"background-color":"var(--ast-global-color-5)","background-image":"","background-repeat":"repeat","background-position":"center center","background-size":"auto","background-attachment":"scroll","background-type":"","background-media":"","overlay-type":"","overlay-color":"","overlay-opacity":"","overlay-gradient":""},"tablet":{"background-color":"var(--ast-global-color-5)","background-image":"","background-repeat":"repeat","background-position":"center center","background-size":"auto","background-attachment":"scroll","background-type":"","background-media":"","overlay-type":"","overlay-color":"","overlay-opacity":"","overlay-gradient":""},"mobile":{"background-color":"var(--ast-global-color-5)","background-image":"","background-repeat":"repeat","background-position":"center center","background-size":"auto","background-attachment":"scroll","background-type":"","background-media":"","overlay-type":"","overlay-color":"","overlay-opacity":"","overlay-gradient":""}},"footnotes":""},"categories":[55,588,56],"tags":[482,655],"class_list":["post-10421","post","type-post","status-publish","format-image","hentry","category-france","category-libellula-quadrimaculata","category-libellulidae-france","tag-libellulidae-france","tag-libellulidae-accouplement","post_format-post-format-image"],"yoast_head":"<!-- This site is optimized with the Yoast SEO plugin v27.5 - https:\/\/yoast.com\/product\/yoast-seo-wordpress\/ -->\n<title>Libellula quadrimaculata accouplement - Mes Libellules<\/title>\n<meta name=\"description\" content=\"Libellula quadrimaculata accouplement en vol, raret\u00e9 des observations, rapidit\u00e9 du ph\u00e9nom\u00e8ne, comparaison avec les autres Libellula\" \/>\n<meta name=\"robots\" content=\"index, follow, max-snippet:-1, max-image-preview:large, max-video-preview:-1\" \/>\n<link rel=\"canonical\" href=\"https:\/\/www.meslibellules.fr\/blog\/2022\/01\/29\/libellula-quadrimaculata-accouplement\/\" \/>\n<meta property=\"og:locale\" content=\"fr_FR\" \/>\n<meta property=\"og:type\" content=\"article\" \/>\n<meta property=\"og:title\" content=\"Libellula quadrimaculata accouplement - Mes Libellules\" \/>\n<meta property=\"og:description\" content=\"Libellula quadrimaculata accouplement en vol, raret\u00e9 des observations, rapidit\u00e9 du ph\u00e9nom\u00e8ne, comparaison avec les autres Libellula\" \/>\n<meta property=\"og:url\" content=\"https:\/\/www.meslibellules.fr\/blog\/2022\/01\/29\/libellula-quadrimaculata-accouplement\/\" \/>\n<meta property=\"og:site_name\" content=\"Mes Libellules\" \/>\n<meta property=\"article:publisher\" content=\"https:\/\/www.facebook.com\/benoit.guillon.96\/\" \/>\n<meta property=\"article:author\" content=\"https:\/\/www.facebook.com\/benoit.guillon.96\/\" \/>\n<meta property=\"article:published_time\" content=\"2022-01-29T17:36:31+00:00\" \/>\n<meta property=\"article:modified_time\" content=\"2023-02-03T06:04:19+00:00\" \/>\n<meta property=\"og:image\" content=\"https:\/\/www.meslibellules.fr\/blog\/wp-content\/uploads\/libellula-quadrimaculata-accouplement-1.webp\" \/>\n<meta name=\"author\" content=\"Beno\u00eet Guillon\" \/>\n<meta name=\"twitter:card\" content=\"summary_large_image\" \/>\n<meta name=\"twitter:label1\" content=\"\u00c9crit par\" \/>\n\t<meta name=\"twitter:data1\" content=\"Beno\u00eet Guillon\" \/>\n\t<meta name=\"twitter:label2\" content=\"Dur\u00e9e de lecture estim\u00e9e\" \/>\n\t<meta name=\"twitter:data2\" content=\"3 minutes\" \/>\n<script type=\"application\/ld+json\" class=\"yoast-schema-graph\">{\"@context\":\"https:\\\/\\\/schema.org\",\"@graph\":[{\"@type\":\"Article\",\"@id\":\"https:\\\/\\\/www.meslibellules.fr\\\/blog\\\/2022\\\/01\\\/29\\\/libellula-quadrimaculata-accouplement\\\/#article\",\"isPartOf\":{\"@id\":\"https:\\\/\\\/www.meslibellules.fr\\\/blog\\\/2022\\\/01\\\/29\\\/libellula-quadrimaculata-accouplement\\\/\"},\"author\":{\"name\":\"Beno\u00eet Guillon\",\"@id\":\"https:\\\/\\\/www.meslibellules.fr\\\/blog\\\/#\\\/schema\\\/person\\\/9aa3586f9dd053fcf329f43b8b053c77\"},\"headline\":\"Libellula quadrimaculata accouplement\",\"datePublished\":\"2022-01-29T17:36:31+00:00\",\"dateModified\":\"2023-02-03T06:04:19+00:00\",\"mainEntityOfPage\":{\"@id\":\"https:\\\/\\\/www.meslibellules.fr\\\/blog\\\/2022\\\/01\\\/29\\\/libellula-quadrimaculata-accouplement\\\/\"},\"wordCount\":373,\"commentCount\":0,\"publisher\":{\"@id\":\"https:\\\/\\\/www.meslibellules.fr\\\/blog\\\/#\\\/schema\\\/person\\\/9aa3586f9dd053fcf329f43b8b053c77\"},\"image\":{\"@id\":\"https:\\\/\\\/www.meslibellules.fr\\\/blog\\\/2022\\\/01\\\/29\\\/libellula-quadrimaculata-accouplement\\\/#primaryimage\"},\"thumbnailUrl\":\"https:\\\/\\\/www.meslibellules.fr\\\/blog\\\/wp-content\\\/uploads\\\/libellula-quadrimaculata-accouplement-1.webp\",\"keywords\":[\"Libellulidae France\",\"Libellulidae-Accouplement\"],\"articleSection\":[\"France\",\"Libellula quadrimaculata\",\"Libellulidae\"],\"inLanguage\":\"fr-FR\",\"potentialAction\":[{\"@type\":\"CommentAction\",\"name\":\"Comment\",\"target\":[\"https:\\\/\\\/www.meslibellules.fr\\\/blog\\\/2022\\\/01\\\/29\\\/libellula-quadrimaculata-accouplement\\\/#respond\"]}]},{\"@type\":\"WebPage\",\"@id\":\"https:\\\/\\\/www.meslibellules.fr\\\/blog\\\/2022\\\/01\\\/29\\\/libellula-quadrimaculata-accouplement\\\/\",\"url\":\"https:\\\/\\\/www.meslibellules.fr\\\/blog\\\/2022\\\/01\\\/29\\\/libellula-quadrimaculata-accouplement\\\/\",\"name\":\"Libellula quadrimaculata accouplement - Mes Libellules\",\"isPartOf\":{\"@id\":\"https:\\\/\\\/www.meslibellules.fr\\\/blog\\\/#website\"},\"primaryImageOfPage\":{\"@id\":\"https:\\\/\\\/www.meslibellules.fr\\\/blog\\\/2022\\\/01\\\/29\\\/libellula-quadrimaculata-accouplement\\\/#primaryimage\"},\"image\":{\"@id\":\"https:\\\/\\\/www.meslibellules.fr\\\/blog\\\/2022\\\/01\\\/29\\\/libellula-quadrimaculata-accouplement\\\/#primaryimage\"},\"thumbnailUrl\":\"https:\\\/\\\/www.meslibellules.fr\\\/blog\\\/wp-content\\\/uploads\\\/libellula-quadrimaculata-accouplement-1.webp\",\"datePublished\":\"2022-01-29T17:36:31+00:00\",\"dateModified\":\"2023-02-03T06:04:19+00:00\",\"description\":\"Libellula quadrimaculata accouplement en vol, raret\u00e9 des observations, rapidit\u00e9 du ph\u00e9nom\u00e8ne, comparaison avec les autres Libellula\",\"breadcrumb\":{\"@id\":\"https:\\\/\\\/www.meslibellules.fr\\\/blog\\\/2022\\\/01\\\/29\\\/libellula-quadrimaculata-accouplement\\\/#breadcrumb\"},\"inLanguage\":\"fr-FR\",\"potentialAction\":[{\"@type\":\"ReadAction\",\"target\":[\"https:\\\/\\\/www.meslibellules.fr\\\/blog\\\/2022\\\/01\\\/29\\\/libellula-quadrimaculata-accouplement\\\/\"]}]},{\"@type\":\"ImageObject\",\"inLanguage\":\"fr-FR\",\"@id\":\"https:\\\/\\\/www.meslibellules.fr\\\/blog\\\/2022\\\/01\\\/29\\\/libellula-quadrimaculata-accouplement\\\/#primaryimage\",\"url\":\"https:\\\/\\\/www.meslibellules.fr\\\/blog\\\/wp-content\\\/uploads\\\/libellula-quadrimaculata-accouplement-1.webp\",\"contentUrl\":\"https:\\\/\\\/www.meslibellules.fr\\\/blog\\\/wp-content\\\/uploads\\\/libellula-quadrimaculata-accouplement-1.webp\",\"width\":1023,\"height\":884,\"caption\":\"Libellula quadrimaculata accouplement, Lac de Lamoura (France-39), 27\\\/08\\\/2021\"},{\"@type\":\"BreadcrumbList\",\"@id\":\"https:\\\/\\\/www.meslibellules.fr\\\/blog\\\/2022\\\/01\\\/29\\\/libellula-quadrimaculata-accouplement\\\/#breadcrumb\",\"itemListElement\":[{\"@type\":\"ListItem\",\"position\":1,\"name\":\"Accueil\",\"item\":\"https:\\\/\\\/www.meslibellules.fr\\\/blog\\\/\"},{\"@type\":\"ListItem\",\"position\":2,\"name\":\"Libellula quadrimaculata accouplement\"}]},{\"@type\":\"WebSite\",\"@id\":\"https:\\\/\\\/www.meslibellules.fr\\\/blog\\\/#website\",\"url\":\"https:\\\/\\\/www.meslibellules.fr\\\/blog\\\/\",\"name\":\"Mes Libellules\",\"description\":\"Pr\u00e9sentation des libellules rencontr\u00e9es dans le monde\",\"publisher\":{\"@id\":\"https:\\\/\\\/www.meslibellules.fr\\\/blog\\\/#\\\/schema\\\/person\\\/9aa3586f9dd053fcf329f43b8b053c77\"},\"potentialAction\":[{\"@type\":\"SearchAction\",\"target\":{\"@type\":\"EntryPoint\",\"urlTemplate\":\"https:\\\/\\\/www.meslibellules.fr\\\/blog\\\/?s={search_term_string}\"},\"query-input\":{\"@type\":\"PropertyValueSpecification\",\"valueRequired\":true,\"valueName\":\"search_term_string\"}}],\"inLanguage\":\"fr-FR\"},{\"@type\":[\"Person\",\"Organization\"],\"@id\":\"https:\\\/\\\/www.meslibellules.fr\\\/blog\\\/#\\\/schema\\\/person\\\/9aa3586f9dd053fcf329f43b8b053c77\",\"name\":\"Beno\u00eet Guillon\",\"image\":{\"@type\":\"ImageObject\",\"inLanguage\":\"fr-FR\",\"@id\":\"https:\\\/\\\/www.meslibellules.fr\\\/blog\\\/wp-content\\\/uploads\\\/cropped-avatar-150-pix.jpg\",\"url\":\"https:\\\/\\\/www.meslibellules.fr\\\/blog\\\/wp-content\\\/uploads\\\/cropped-avatar-150-pix.jpg\",\"contentUrl\":\"https:\\\/\\\/www.meslibellules.fr\\\/blog\\\/wp-content\\\/uploads\\\/cropped-avatar-150-pix.jpg\",\"width\":150,\"height\":137,\"caption\":\"Beno\u00eet Guillon\"},\"logo\":{\"@id\":\"https:\\\/\\\/www.meslibellules.fr\\\/blog\\\/wp-content\\\/uploads\\\/cropped-avatar-150-pix.jpg\"},\"sameAs\":[\"https:\\\/\\\/www.facebook.com\\\/benoit.guillon.96\\\/\"]}]}<\/script>\n<!-- \/ Yoast SEO plugin. -->","yoast_head_json":{"title":"Libellula quadrimaculata accouplement - Mes Libellules","description":"Libellula quadrimaculata accouplement en vol, raret\u00e9 des observations, rapidit\u00e9 du ph\u00e9nom\u00e8ne, comparaison avec les autres Libellula","robots":{"index":"index","follow":"follow","max-snippet":"max-snippet:-1","max-image-preview":"max-image-preview:large","max-video-preview":"max-video-preview:-1"},"canonical":"https:\/\/www.meslibellules.fr\/blog\/2022\/01\/29\/libellula-quadrimaculata-accouplement\/","og_locale":"fr_FR","og_type":"article","og_title":"Libellula quadrimaculata accouplement - Mes Libellules","og_description":"Libellula quadrimaculata accouplement en vol, raret\u00e9 des observations, rapidit\u00e9 du ph\u00e9nom\u00e8ne, comparaison avec les autres Libellula","og_url":"https:\/\/www.meslibellules.fr\/blog\/2022\/01\/29\/libellula-quadrimaculata-accouplement\/","og_site_name":"Mes Libellules","article_publisher":"https:\/\/www.facebook.com\/benoit.guillon.96\/","article_author":"https:\/\/www.facebook.com\/benoit.guillon.96\/","article_published_time":"2022-01-29T17:36:31+00:00","article_modified_time":"2023-02-03T06:04:19+00:00","og_image":[{"url":"https:\/\/www.meslibellules.fr\/blog\/wp-content\/uploads\/libellula-quadrimaculata-accouplement-1.webp","type":"","width":"","height":""}],"author":"Beno\u00eet Guillon","twitter_card":"summary_large_image","twitter_misc":{"\u00c9crit par":"Beno\u00eet Guillon","Dur\u00e9e de lecture estim\u00e9e":"3 minutes"},"schema":{"@context":"https:\/\/schema.org","@graph":[{"@type":"Article","@id":"https:\/\/www.meslibellules.fr\/blog\/2022\/01\/29\/libellula-quadrimaculata-accouplement\/#article","isPartOf":{"@id":"https:\/\/www.meslibellules.fr\/blog\/2022\/01\/29\/libellula-quadrimaculata-accouplement\/"},"author":{"name":"Beno\u00eet Guillon","@id":"https:\/\/www.meslibellules.fr\/blog\/#\/schema\/person\/9aa3586f9dd053fcf329f43b8b053c77"},"headline":"Libellula quadrimaculata accouplement","datePublished":"2022-01-29T17:36:31+00:00","dateModified":"2023-02-03T06:04:19+00:00","mainEntityOfPage":{"@id":"https:\/\/www.meslibellules.fr\/blog\/2022\/01\/29\/libellula-quadrimaculata-accouplement\/"},"wordCount":373,"commentCount":0,"publisher":{"@id":"https:\/\/www.meslibellules.fr\/blog\/#\/schema\/person\/9aa3586f9dd053fcf329f43b8b053c77"},"image":{"@id":"https:\/\/www.meslibellules.fr\/blog\/2022\/01\/29\/libellula-quadrimaculata-accouplement\/#primaryimage"},"thumbnailUrl":"https:\/\/www.meslibellules.fr\/blog\/wp-content\/uploads\/libellula-quadrimaculata-accouplement-1.webp","keywords":["Libellulidae France","Libellulidae-Accouplement"],"articleSection":["France","Libellula quadrimaculata","Libellulidae"],"inLanguage":"fr-FR","potentialAction":[{"@type":"CommentAction","name":"Comment","target":["https:\/\/www.meslibellules.fr\/blog\/2022\/01\/29\/libellula-quadrimaculata-accouplement\/#respond"]}]},{"@type":"WebPage","@id":"https:\/\/www.meslibellules.fr\/blog\/2022\/01\/29\/libellula-quadrimaculata-accouplement\/","url":"https:\/\/www.meslibellules.fr\/blog\/2022\/01\/29\/libellula-quadrimaculata-accouplement\/","name":"Libellula quadrimaculata accouplement - Mes Libellules","isPartOf":{"@id":"https:\/\/www.meslibellules.fr\/blog\/#website"},"primaryImageOfPage":{"@id":"https:\/\/www.meslibellules.fr\/blog\/2022\/01\/29\/libellula-quadrimaculata-accouplement\/#primaryimage"},"image":{"@id":"https:\/\/www.meslibellules.fr\/blog\/2022\/01\/29\/libellula-quadrimaculata-accouplement\/#primaryimage"},"thumbnailUrl":"https:\/\/www.meslibellules.fr\/blog\/wp-content\/uploads\/libellula-quadrimaculata-accouplement-1.webp","datePublished":"2022-01-29T17:36:31+00:00","dateModified":"2023-02-03T06:04:19+00:00","description":"Libellula quadrimaculata accouplement en vol, raret\u00e9 des observations, rapidit\u00e9 du ph\u00e9nom\u00e8ne, comparaison avec les autres Libellula","breadcrumb":{"@id":"https:\/\/www.meslibellules.fr\/blog\/2022\/01\/29\/libellula-quadrimaculata-accouplement\/#breadcrumb"},"inLanguage":"fr-FR","potentialAction":[{"@type":"ReadAction","target":["https:\/\/www.meslibellules.fr\/blog\/2022\/01\/29\/libellula-quadrimaculata-accouplement\/"]}]},{"@type":"ImageObject","inLanguage":"fr-FR","@id":"https:\/\/www.meslibellules.fr\/blog\/2022\/01\/29\/libellula-quadrimaculata-accouplement\/#primaryimage","url":"https:\/\/www.meslibellules.fr\/blog\/wp-content\/uploads\/libellula-quadrimaculata-accouplement-1.webp","contentUrl":"https:\/\/www.meslibellules.fr\/blog\/wp-content\/uploads\/libellula-quadrimaculata-accouplement-1.webp","width":1023,"height":884,"caption":"Libellula quadrimaculata accouplement, Lac de Lamoura (France-39), 27\/08\/2021"},{"@type":"BreadcrumbList","@id":"https:\/\/www.meslibellules.fr\/blog\/2022\/01\/29\/libellula-quadrimaculata-accouplement\/#breadcrumb","itemListElement":[{"@type":"ListItem","position":1,"name":"Accueil","item":"https:\/\/www.meslibellules.fr\/blog\/"},{"@type":"ListItem","position":2,"name":"Libellula quadrimaculata accouplement"}]},{"@type":"WebSite","@id":"https:\/\/www.meslibellules.fr\/blog\/#website","url":"https:\/\/www.meslibellules.fr\/blog\/","name":"Mes Libellules","description":"Pr\u00e9sentation des libellules rencontr\u00e9es dans le monde","publisher":{"@id":"https:\/\/www.meslibellules.fr\/blog\/#\/schema\/person\/9aa3586f9dd053fcf329f43b8b053c77"},"potentialAction":[{"@type":"SearchAction","target":{"@type":"EntryPoint","urlTemplate":"https:\/\/www.meslibellules.fr\/blog\/?s={search_term_string}"},"query-input":{"@type":"PropertyValueSpecification","valueRequired":true,"valueName":"search_term_string"}}],"inLanguage":"fr-FR"},{"@type":["Person","Organization"],"@id":"https:\/\/www.meslibellules.fr\/blog\/#\/schema\/person\/9aa3586f9dd053fcf329f43b8b053c77","name":"Beno\u00eet Guillon","image":{"@type":"ImageObject","inLanguage":"fr-FR","@id":"https:\/\/www.meslibellules.fr\/blog\/wp-content\/uploads\/cropped-avatar-150-pix.jpg","url":"https:\/\/www.meslibellules.fr\/blog\/wp-content\/uploads\/cropped-avatar-150-pix.jpg","contentUrl":"https:\/\/www.meslibellules.fr\/blog\/wp-content\/uploads\/cropped-avatar-150-pix.jpg","width":150,"height":137,"caption":"Beno\u00eet Guillon"},"logo":{"@id":"https:\/\/www.meslibellules.fr\/blog\/wp-content\/uploads\/cropped-avatar-150-pix.jpg"},"sameAs":["https:\/\/www.facebook.com\/benoit.guillon.96\/"]}]}},"_links":{"self":[{"href":"https:\/\/www.meslibellules.fr\/blog\/wp-json\/wp\/v2\/posts\/10421","targetHints":{"allow":["GET"]}}],"collection":[{"href":"https:\/\/www.meslibellules.fr\/blog\/wp-json\/wp\/v2\/posts"}],"about":[{"href":"https:\/\/www.meslibellules.fr\/blog\/wp-json\/wp\/v2\/types\/post"}],"author":[{"embeddable":true,"href":"https:\/\/www.meslibellules.fr\/blog\/wp-json\/wp\/v2\/users\/1"}],"replies":[{"embeddable":true,"href":"https:\/\/www.meslibellules.fr\/blog\/wp-json\/wp\/v2\/comments?post=10421"}],"version-history":[{"count":0,"href":"https:\/\/www.meslibellules.fr\/blog\/wp-json\/wp\/v2\/posts\/10421\/revisions"}],"wp:attachment":[{"href":"https:\/\/www.meslibellules.fr\/blog\/wp-json\/wp\/v2\/media?parent=10421"}],"wp:term":[{"taxonomy":"category","embeddable":true,"href":"https:\/\/www.meslibellules.fr\/blog\/wp-json\/wp\/v2\/categories?post=10421"},{"taxonomy":"post_tag","embeddable":true,"href":"https:\/\/www.meslibellules.fr\/blog\/wp-json\/wp\/v2\/tags?post=10421"}],"curies":[{"name":"wp","href":"https:\/\/api.w.org\/{rel}","templated":true}]}}