{"id":10486,"date":"2022-02-08T17:16:45","date_gmt":"2022-02-08T16:16:45","guid":{"rendered":"https:\/\/www.meslibellules.fr\/blog\/?p=10486"},"modified":"2022-02-08T17:16:46","modified_gmt":"2022-02-08T16:16:46","slug":"chalcolestes-viridis-galerie","status":"publish","type":"post","link":"https:\/\/www.meslibellules.fr\/blog\/2022\/02\/08\/chalcolestes-viridis-galerie\/","title":{"rendered":"Chalcolestes viridis : Galerie"},"content":{"rendered":"\n<div style=\"height:47px\" aria-hidden=\"true\" class=\"wp-block-spacer\"><\/div>\n\n\n\n<div style=\"height:40px\" aria-hidden=\"true\" class=\"wp-block-spacer\"><\/div>\n\n\n\n<p>Je vous invite \u00e0 visualiser la Galerie en mode plein \u00e9cran en cliquant sur la double fl\u00e8che en haut \u00e0 droite de l&rsquo;image.<\/p>\n\n\n\n\n\n<script type=\"text\/javascript\">\r\ndocument.addEventListener(\"DOMContentLoaded\", function(event) { \r\n\tjQuery( '#slider-pro-3-10508' ).sliderPro({\r\n\t\t\/\/width\r\n\t\t\t\twidth: \"100%\",\r\n\t\t\t\t\r\n\t\t\/\/height\r\n\t\t\t\tautoHeight: true,\r\n\t\t\t\t\r\n\t\t\/\/auto play\r\n\t\t\t\t\t\t\t\tautoplay:  false,\r\n\t\t\t\tautoplayDelay: 5000,\r\n\t\t\r\n\t\t\r\n\t\tarrows: true,\r\n\t\tbuttons: true,\r\n\t\tsmallSize: 500,\r\n\t\tmediumSize: 1000,\r\n\t\tlargeSize: 3000,\r\n\t\tfade: true,\r\n\t\t\r\n\t\t\/\/thumbnail\r\n\t\tthumbnailArrows: true,\r\n\t\tthumbnailWidth: 120,\r\n\t\tthumbnailHeight: 120,\r\n\t\t\t\t\t\t\t\tcenterImage: true,\r\n\t\timageScaleMode: 'contain',\r\n\t\tallowScaleUp: true,\r\n\t\t\t\tstartSlide: 0,\r\n\t\tloop: true,\r\n\t\tslideDistance: 5,\r\n\t\tautoplayDirection: 'normal',\r\n\t\ttouchSwipe: true,\r\n\t\tfullScreen: true,\r\n\t});\r\n});\r\n<\/script>\r\n\r\n\t\t<div id=\"slider-pro-3-10508\" class=\"slider-pro\">\r\n\t\t\t<!---- slides div start ---->\r\n\t\t\t<div class=\"sp-slides\">\r\n\t\t\t\t\t\t\t\t\t\t<div class=\"sp-slide\">\r\n\t\t\t\t\t\t\t<img decoding=\"async\" class=\"sp-image\" loading=\"lazy\" alt=\"Chalcolestes viridis femelle \u00e9mergente, Lugan (France-81), 19\/06\/2021\" src=\"https:\/\/www.meslibellules.fr\/blog\/wp-content\/plugins\/ultimate-responsive-image-slider\/assets\/css\/images\/blank.gif\" data-src=\"https:\/\/www.meslibellules.fr\/blog\/wp-content\/uploads\/chalclestes-viridis-g8.webp\" \/>\r\n\r\n\t\t\t\t\t\t\t\r\n\t\t\t\t\t\t\t\t\t\t\t\t\t<\/div>\r\n\t\t\t\t\t\t\t\t\t\t\t\t<div class=\"sp-slide\">\r\n\t\t\t\t\t\t\t<img decoding=\"async\" class=\"sp-image\" loading=\"lazy\" alt=\"Chalcolestes viridis femelle, le Fuilet (France-49), 11\/08\/2021\" src=\"https:\/\/www.meslibellules.fr\/blog\/wp-content\/plugins\/ultimate-responsive-image-slider\/assets\/css\/images\/blank.gif\" data-src=\"https:\/\/www.meslibellules.fr\/blog\/wp-content\/uploads\/chalclestes-viridis-g7.webp\" \/>\r\n\r\n\t\t\t\t\t\t\t\r\n\t\t\t\t\t\t\t\t\t\t\t\t\t<\/div>\r\n\t\t\t\t\t\t\t\t\t\t\t\t<div class=\"sp-slide\">\r\n\t\t\t\t\t\t\t<img decoding=\"async\" class=\"sp-image\" loading=\"lazy\" alt=\"Chalcolestes viridis m\u00e2le, Le Puiset Dor\u00e9 (France-49), 29\/08\/2011\" src=\"https:\/\/www.meslibellules.fr\/blog\/wp-content\/plugins\/ultimate-responsive-image-slider\/assets\/css\/images\/blank.gif\" data-src=\"https:\/\/www.meslibellules.fr\/blog\/wp-content\/uploads\/chalclestes-viridis-g3.webp\" \/>\r\n\r\n\t\t\t\t\t\t\t\r\n\t\t\t\t\t\t\t\t\t\t\t\t\t<\/div>\r\n\t\t\t\t\t\t\t\t\t\t\t\t<div class=\"sp-slide\">\r\n\t\t\t\t\t\t\t<img decoding=\"async\" class=\"sp-image\" loading=\"lazy\" alt=\"Chalcolestes viridis m\u00e2le mature, Saint Germain sur Moine (rance-49), 20\/08\/2017\" src=\"https:\/\/www.meslibellules.fr\/blog\/wp-content\/plugins\/ultimate-responsive-image-slider\/assets\/css\/images\/blank.gif\" data-src=\"https:\/\/www.meslibellules.fr\/blog\/wp-content\/uploads\/chalclestes-viridis-g6.webp\" \/>\r\n\r\n\t\t\t\t\t\t\t\r\n\t\t\t\t\t\t\t\t\t\t\t\t\t<\/div>\r\n\t\t\t\t\t\t\t\t\t\t\t\t<div class=\"sp-slide\">\r\n\t\t\t\t\t\t\t<img decoding=\"async\" class=\"sp-image\" loading=\"lazy\" alt=\"Chalcolestes viridis m\u00e2le, Saint R\u00e9my en Mauges (France-49), 29\/09\/2016\" src=\"https:\/\/www.meslibellules.fr\/blog\/wp-content\/plugins\/ultimate-responsive-image-slider\/assets\/css\/images\/blank.gif\" data-src=\"https:\/\/www.meslibellules.fr\/blog\/wp-content\/uploads\/chalclestes-viridis-g5.webp\" \/>\r\n\r\n\t\t\t\t\t\t\t\r\n\t\t\t\t\t\t\t\t\t\t\t\t\t<\/div>\r\n\t\t\t\t\t\t\t\t\t\t\t\t<div class=\"sp-slide\">\r\n\t\t\t\t\t\t\t<img decoding=\"async\" class=\"sp-image\" loading=\"lazy\" alt=\"Chalcolestes viridis m\u00e2le, Saint R\u00e9my en Mauges (France-49), 29\/09\/2016\" src=\"https:\/\/www.meslibellules.fr\/blog\/wp-content\/plugins\/ultimate-responsive-image-slider\/assets\/css\/images\/blank.gif\" data-src=\"https:\/\/www.meslibellules.fr\/blog\/wp-content\/uploads\/chalclestes-viridis-g4.webp\" \/>\r\n\r\n\t\t\t\t\t\t\t\r\n\t\t\t\t\t\t\t\t\t\t\t\t\t<\/div>\r\n\t\t\t\t\t\t\t\t\t\t\t\t<div class=\"sp-slide\">\r\n\t\t\t\t\t\t\t<img decoding=\"async\" class=\"sp-image\" loading=\"lazy\" alt=\"Chalcolestes viridis m\u00e2le, Le Fuilet (France-49), 13\/09\/2021\" src=\"https:\/\/www.meslibellules.fr\/blog\/wp-content\/plugins\/ultimate-responsive-image-slider\/assets\/css\/images\/blank.gif\" data-src=\"https:\/\/www.meslibellules.fr\/blog\/wp-content\/uploads\/chalclestes-viridis-oeil-g1.webp\" \/>\r\n\r\n\t\t\t\t\t\t\t\r\n\t\t\t\t\t\t\t\t\t\t\t\t\t<\/div>\r\n\t\t\t\t\t\t\t\t\t\t\t\t<div class=\"sp-slide\">\r\n\t\t\t\t\t\t\t<img decoding=\"async\" class=\"sp-image\" loading=\"lazy\" alt=\"Chalcolestes viridis m\u00e2le (en ponte), Le Pin en Mauges (France-49), 25\/09\/2011\" src=\"https:\/\/www.meslibellules.fr\/blog\/wp-content\/plugins\/ultimate-responsive-image-slider\/assets\/css\/images\/blank.gif\" data-src=\"https:\/\/www.meslibellules.fr\/blog\/wp-content\/uploads\/chalclestes-viridis-g2.webp\" \/>\r\n\r\n\t\t\t\t\t\t\t\r\n\t\t\t\t\t\t\t\t\t\t\t\t\t<\/div>\r\n\t\t\t\t\t\t\t\t\t\t\t\t<div class=\"sp-slide\">\r\n\t\t\t\t\t\t\t<img decoding=\"async\" class=\"sp-image\" loading=\"lazy\" alt=\"Chalcolestes viridis m\u00e2le, Chanteloup les Bois (France-49), 20\/09\/2015\" src=\"https:\/\/www.meslibellules.fr\/blog\/wp-content\/plugins\/ultimate-responsive-image-slider\/assets\/css\/images\/blank.gif\" data-src=\"https:\/\/www.meslibellules.fr\/blog\/wp-content\/uploads\/chalclestes-viridis-g9.webp\" \/>\r\n\r\n\t\t\t\t\t\t\t\r\n\t\t\t\t\t\t\t\t\t\t\t\t\t<\/div>\r\n\t\t\t\t\t\t\t\t\t\t\t\t<div class=\"sp-slide\">\r\n\t\t\t\t\t\t\t<img decoding=\"async\" class=\"sp-image\" loading=\"lazy\" alt=\"chalclestes viridis g10\" src=\"https:\/\/www.meslibellules.fr\/blog\/wp-content\/plugins\/ultimate-responsive-image-slider\/assets\/css\/images\/blank.gif\" data-src=\"https:\/\/www.meslibellules.fr\/blog\/wp-content\/uploads\/chalclestes-viridis-g10.webp\" \/>\r\n\r\n\t\t\t\t\t\t\t\r\n\t\t\t\t\t\t\t\t\t\t\t\t\t<\/div>\r\n\t\t\t\t\t\t\t\t\t\t\t\t<div class=\"sp-slide\">\r\n\t\t\t\t\t\t\t<img decoding=\"async\" class=\"sp-image\" loading=\"lazy\" alt=\"Chalcolestes viridis, exuvie, Lac du Verdon (France-49), 06\/07\/2013\" src=\"https:\/\/www.meslibellules.fr\/blog\/wp-content\/plugins\/ultimate-responsive-image-slider\/assets\/css\/images\/blank.gif\" data-src=\"https:\/\/www.meslibellules.fr\/blog\/wp-content\/uploads\/chalclestes-viridis-g11.webp\" \/>\r\n\r\n\t\t\t\t\t\t\t\r\n\t\t\t\t\t\t\t\t\t\t\t\t\t<\/div>\r\n\t\t\t\t\t\t\t\t\t\t\t\t<div class=\"sp-slide\">\r\n\t\t\t\t\t\t\t<img decoding=\"async\" class=\"sp-image\" loading=\"lazy\" alt=\"Chalcolestes viridis m\u00e2le, Beaupr\u00e9au (France-49), 13\/11\/2011\" src=\"https:\/\/www.meslibellules.fr\/blog\/wp-content\/plugins\/ultimate-responsive-image-slider\/assets\/css\/images\/blank.gif\" data-src=\"https:\/\/www.meslibellules.fr\/blog\/wp-content\/uploads\/chalclestes-viridis-g12.webp\" \/>\r\n\r\n\t\t\t\t\t\t\t\r\n\t\t\t\t\t\t\t\t\t\t\t\t\t<\/div>\r\n\t\t\t\t\t\t\t\t\t\t\t\t<div class=\"sp-slide\">\r\n\t\t\t\t\t\t\t<img decoding=\"async\" class=\"sp-image\" loading=\"lazy\" alt=\"Chalcolestes viridis femelle, Saint R\u00e9my en Mauges (france-49), 13\/06\/2010\" src=\"https:\/\/www.meslibellules.fr\/blog\/wp-content\/plugins\/ultimate-responsive-image-slider\/assets\/css\/images\/blank.gif\" data-src=\"https:\/\/www.meslibellules.fr\/blog\/wp-content\/uploads\/chalclestes-viridis-g13.webp\" \/>\r\n\r\n\t\t\t\t\t\t\t\r\n\t\t\t\t\t\t\t\t\t\t\t\t\t<\/div>\r\n\t\t\t\t\t\t\t\t\t<\/div>\r\n\t\t\t\r\n\t\t\t<!---- slides div end ---->\r\n\t\t\t\t\t\t<!-- slides thumbnails div end -->\r\n\t\t<\/div>\r\n\t\t<style>\r\n\/* Layout 3 *\/\r\n\/* border *\/\r\n#slider-pro-3-10508 .sp-selected-thumbnail {\r\n\tborder: 4px solid #000000;\r\n}\r\n\r\n\/* font + color *\/\r\n.title-in  {\r\n\tfont-family: Arial !important;\r\n\tcolor: #FFFFFF !important;\r\n\tbackground-color: #000000 !important;\r\n\topacity: 0.7 !important;\r\n}\r\n.desc-in  {\r\n\tfont-family: Arial !important;\r\n\tcolor: #FFFFFF !important;\r\n\tbackground-color: #00000 !important;\r\n\topacity: 0.7 !important;\r\n}\r\n\r\n\/* bullets color *\/\r\n.sp-button  {\r\n\tborder: 2px solid #bababa !important;\r\n}\r\n.sp-selected-button  {\r\n\tbackground-color: #bababa !important;\r\n}\r\n\r\n\/* pointer color - bottom *\/\r\n\r\n\/* pointer color - top *\/\r\n\r\n\/* full screen icon *\/\r\n.sp-full-screen-button::before {\r\n    color: #FFFFFF !important;\r\n}\r\n\r\n\/* hover navigation icon color *\/\r\n.sp-next-arrow::after, .sp-next-arrow::before {\r\n\tbackground-color: #FFFFFF !important;\r\n}\r\n.sp-previous-arrow::after, .sp-previous-arrow::before {\r\n\tbackground-color: #FFFFFF !important;\r\n}\r\n\r\n#slider-pro-3-10508 .title-in {\r\n\tcolor: #FFFFFF !important;\r\n\tfont-weight: bolder;\r\n\ttext-align: center;\r\n}\r\n\r\n#slider-pro-3-10508 .title-in-bg {\r\n\tbackground: rgba(255, 255, 255, 0.7); !important;\r\n\twhite-space: unset !important;\r\n\ttransform: initial !important;\r\n\t-webkit-transform: initial !important;\r\n\tfont-size: 14px !important;\r\n}\r\n\r\n#slider-pro-3-10508 .desc-in {\r\n\tcolor: #FFFFFF !important;\r\n\ttext-align: center;\r\n}\r\n#slider-pro-3-10508 .desc-in-bg {\r\n\tbackground: rgba(#00000, 0.7) !important;\r\n\twhite-space: unset !important;\r\n\ttransform: initial !important;\r\n\t-webkit-transform: initial !important;\r\n\tfont-size: 13px !important;\r\n}\r\n\r\n@media (max-width: 640px) {\r\n\t#slider-pro-3-10508 .hide-small-screen {\r\n\t\tdisplay: none;\r\n\t}\r\n}\r\n\r\n@media (max-width: 860px) {\r\n\t#slider-pro-3-10508 .sp-layer {\r\n\t\tfont-size: 18px;\r\n\t}\r\n\t\r\n\t#slider-pro-3-10508 .hide-medium-screen {\r\n\t\tdisplay: none;\r\n\t}\r\n}\r\n.slides-not-found {\r\n\tbackground-color: #a92929;\r\n\tborder-radius: 5px;\r\n\tcolor: #fff;\r\n\tfont-family: initial;\r\n\ttext-align: center;\r\n\tpadding:12px;\r\n}\r\n\/* Custom CSS *\/\r\n<\/style>\r\n\n\n\n\n<figure class=\"wp-block-image size-full is-resized\"><a href=\"http:\/\/www.meslibellules.fr\/pagesweb\/lestidae\/viridis\/lestes-viridis-accueil.php\"><img decoding=\"async\" data-src=\"https:\/\/www.meslibellules.fr\/blog\/wp-content\/uploads\/accueil-Cviridis-115-20.gif\" alt=\"Accueil C. viridis\" class=\"wp-image-10498 lazyload\" width=\"115\" height=\"20\" src=\"data:image\/svg+xml;base64,PHN2ZyB3aWR0aD0iMSIgaGVpZ2h0PSIxIiB4bWxucz0iaHR0cDovL3d3dy53My5vcmcvMjAwMC9zdmciPjwvc3ZnPg==\" style=\"--smush-placeholder-width: 115px; --smush-placeholder-aspect-ratio: 115\/20;\" \/><\/a><\/figure>\n\n\n\n<figure class=\"wp-block-image size-full\"><a href=\"https:\/\/www.meslibellules.fr\/blog\/\"><img decoding=\"async\" width=\"115\" height=\"20\" data-src=\"https:\/\/www.meslibellules.fr\/blog\/wp-content\/uploads\/accueil-115-20.jpg\" alt=\"bouton accueil big\" class=\"wp-image-10292 lazyload\" src=\"data:image\/svg+xml;base64,PHN2ZyB3aWR0aD0iMSIgaGVpZ2h0PSIxIiB4bWxucz0iaHR0cDovL3d3dy53My5vcmcvMjAwMC9zdmciPjwvc3ZnPg==\" style=\"--smush-placeholder-width: 115px; --smush-placeholder-aspect-ratio: 115\/20;\" \/><\/a><\/figure>\n","protected":false},"excerpt":{"rendered":"<p>Je vous invite \u00e0 visualiser la Galerie en mode plein \u00e9cran en cliquant sur la double fl\u00e8che en haut \u00e0 droite de l&rsquo;image.<\/p>\n","protected":false},"author":1,"featured_media":0,"comment_status":"open","ping_status":"open","sticky":false,"template":"","format":"image","meta":{"site-sidebar-layout":"default","site-content-layout":"","ast-site-content-layout":"default","site-content-style":"default","site-sidebar-style":"default","ast-global-header-display":"","ast-banner-title-visibility":"","ast-main-header-display":"","ast-hfb-above-header-display":"","ast-hfb-below-header-display":"","ast-hfb-mobile-header-display":"","site-post-title":"","ast-breadcrumbs-content":"","ast-featured-img":"","footer-sml-layout":"","ast-disable-related-posts":"","theme-transparent-header-meta":"","adv-header-id-meta":"","stick-header-meta":"","header-above-stick-meta":"","header-main-stick-meta":"","header-below-stick-meta":"","astra-migrate-meta-layouts":"default","ast-page-background-enabled":"default","ast-page-background-meta":{"desktop":{"background-color":"var(--ast-global-color-4)","background-image":"","background-repeat":"repeat","background-position":"center center","background-size":"auto","background-attachment":"scroll","background-type":"","background-media":"","overlay-type":"","overlay-color":"","overlay-opacity":"","overlay-gradient":""},"tablet":{"background-color":"","background-image":"","background-repeat":"repeat","background-position":"center center","background-size":"auto","background-attachment":"scroll","background-type":"","background-media":"","overlay-type":"","overlay-color":"","overlay-opacity":"","overlay-gradient":""},"mobile":{"background-color":"","background-image":"","background-repeat":"repeat","background-position":"center center","background-size":"auto","background-attachment":"scroll","background-type":"","background-media":"","overlay-type":"","overlay-color":"","overlay-opacity":"","overlay-gradient":""}},"ast-content-background-meta":{"desktop":{"background-color":"var(--ast-global-color-5)","background-image":"","background-repeat":"repeat","background-position":"center center","background-size":"auto","background-attachment":"scroll","background-type":"","background-media":"","overlay-type":"","overlay-color":"","overlay-opacity":"","overlay-gradient":""},"tablet":{"background-color":"var(--ast-global-color-5)","background-image":"","background-repeat":"repeat","background-position":"center center","background-size":"auto","background-attachment":"scroll","background-type":"","background-media":"","overlay-type":"","overlay-color":"","overlay-opacity":"","overlay-gradient":""},"mobile":{"background-color":"var(--ast-global-color-5)","background-image":"","background-repeat":"repeat","background-position":"center center","background-size":"auto","background-attachment":"scroll","background-type":"","background-media":"","overlay-type":"","overlay-color":"","overlay-opacity":"","overlay-gradient":""}},"footnotes":""},"categories":[673,55,90],"tags":[674,345],"class_list":["post-10486","post","type-post","status-publish","format-image","hentry","category-chalcolestes-viridis","category-france","category-lestidae-france","tag-chalcolestes-viridis-galerie","tag-galerie","post_format-post-format-image"],"yoast_head":"<!-- This site is optimized with the Yoast SEO plugin v27.5 - https:\/\/yoast.com\/product\/yoast-seo-wordpress\/ -->\n<title>Chalcolestes viridis : Galerie - Mes Libellules<\/title>\n<meta name=\"robots\" content=\"index, follow, max-snippet:-1, max-image-preview:large, max-video-preview:-1\" \/>\n<link rel=\"canonical\" href=\"https:\/\/www.meslibellules.fr\/blog\/2022\/02\/08\/chalcolestes-viridis-galerie\/\" \/>\n<meta property=\"og:locale\" content=\"fr_FR\" \/>\n<meta property=\"og:type\" content=\"article\" \/>\n<meta property=\"og:title\" content=\"Chalcolestes viridis : Galerie - Mes Libellules\" \/>\n<meta property=\"og:description\" content=\"Je vous invite \u00e0 visualiser la Galerie en mode plein \u00e9cran en cliquant sur la double fl\u00e8che en haut \u00e0 droite de l&rsquo;image.\" \/>\n<meta property=\"og:url\" content=\"https:\/\/www.meslibellules.fr\/blog\/2022\/02\/08\/chalcolestes-viridis-galerie\/\" \/>\n<meta property=\"og:site_name\" content=\"Mes Libellules\" \/>\n<meta property=\"article:publisher\" content=\"https:\/\/www.facebook.com\/benoit.guillon.96\/\" \/>\n<meta property=\"article:author\" content=\"https:\/\/www.facebook.com\/benoit.guillon.96\/\" \/>\n<meta property=\"article:published_time\" content=\"2022-02-08T16:16:45+00:00\" \/>\n<meta property=\"article:modified_time\" content=\"2022-02-08T16:16:46+00:00\" \/>\n<meta property=\"og:image\" content=\"https:\/\/www.meslibellules.fr\/blog\/wp-content\/uploads\/accueil-Cviridis-115-20.gif\" \/>\n<meta name=\"author\" content=\"Beno\u00eet Guillon\" \/>\n<meta name=\"twitter:card\" content=\"summary_large_image\" \/>\n<meta name=\"twitter:label1\" content=\"\u00c9crit par\" \/>\n\t<meta name=\"twitter:data1\" content=\"Beno\u00eet Guillon\" \/>\n<script type=\"application\/ld+json\" class=\"yoast-schema-graph\">{\"@context\":\"https:\\\/\\\/schema.org\",\"@graph\":[{\"@type\":\"Article\",\"@id\":\"https:\\\/\\\/www.meslibellules.fr\\\/blog\\\/2022\\\/02\\\/08\\\/chalcolestes-viridis-galerie\\\/#article\",\"isPartOf\":{\"@id\":\"https:\\\/\\\/www.meslibellules.fr\\\/blog\\\/2022\\\/02\\\/08\\\/chalcolestes-viridis-galerie\\\/\"},\"author\":{\"name\":\"Beno\u00eet Guillon\",\"@id\":\"https:\\\/\\\/www.meslibellules.fr\\\/blog\\\/#\\\/schema\\\/person\\\/9aa3586f9dd053fcf329f43b8b053c77\"},\"headline\":\"Chalcolestes viridis : Galerie\",\"datePublished\":\"2022-02-08T16:16:45+00:00\",\"dateModified\":\"2022-02-08T16:16:46+00:00\",\"mainEntityOfPage\":{\"@id\":\"https:\\\/\\\/www.meslibellules.fr\\\/blog\\\/2022\\\/02\\\/08\\\/chalcolestes-viridis-galerie\\\/\"},\"wordCount\":28,\"commentCount\":0,\"publisher\":{\"@id\":\"https:\\\/\\\/www.meslibellules.fr\\\/blog\\\/#\\\/schema\\\/person\\\/9aa3586f9dd053fcf329f43b8b053c77\"},\"image\":{\"@id\":\"https:\\\/\\\/www.meslibellules.fr\\\/blog\\\/2022\\\/02\\\/08\\\/chalcolestes-viridis-galerie\\\/#primaryimage\"},\"thumbnailUrl\":\"https:\\\/\\\/www.meslibellules.fr\\\/blog\\\/wp-content\\\/uploads\\\/accueil-Cviridis-115-20.gif\",\"keywords\":[\"Chalcolestes viridis - Galerie\",\"Galerie\"],\"articleSection\":[\"Chalcolestes viridis\",\"France\",\"Lestidae\"],\"inLanguage\":\"fr-FR\",\"potentialAction\":[{\"@type\":\"CommentAction\",\"name\":\"Comment\",\"target\":[\"https:\\\/\\\/www.meslibellules.fr\\\/blog\\\/2022\\\/02\\\/08\\\/chalcolestes-viridis-galerie\\\/#respond\"]}]},{\"@type\":\"WebPage\",\"@id\":\"https:\\\/\\\/www.meslibellules.fr\\\/blog\\\/2022\\\/02\\\/08\\\/chalcolestes-viridis-galerie\\\/\",\"url\":\"https:\\\/\\\/www.meslibellules.fr\\\/blog\\\/2022\\\/02\\\/08\\\/chalcolestes-viridis-galerie\\\/\",\"name\":\"Chalcolestes viridis : Galerie - Mes Libellules\",\"isPartOf\":{\"@id\":\"https:\\\/\\\/www.meslibellules.fr\\\/blog\\\/#website\"},\"primaryImageOfPage\":{\"@id\":\"https:\\\/\\\/www.meslibellules.fr\\\/blog\\\/2022\\\/02\\\/08\\\/chalcolestes-viridis-galerie\\\/#primaryimage\"},\"image\":{\"@id\":\"https:\\\/\\\/www.meslibellules.fr\\\/blog\\\/2022\\\/02\\\/08\\\/chalcolestes-viridis-galerie\\\/#primaryimage\"},\"thumbnailUrl\":\"https:\\\/\\\/www.meslibellules.fr\\\/blog\\\/wp-content\\\/uploads\\\/accueil-Cviridis-115-20.gif\",\"datePublished\":\"2022-02-08T16:16:45+00:00\",\"dateModified\":\"2022-02-08T16:16:46+00:00\",\"breadcrumb\":{\"@id\":\"https:\\\/\\\/www.meslibellules.fr\\\/blog\\\/2022\\\/02\\\/08\\\/chalcolestes-viridis-galerie\\\/#breadcrumb\"},\"inLanguage\":\"fr-FR\",\"potentialAction\":[{\"@type\":\"ReadAction\",\"target\":[\"https:\\\/\\\/www.meslibellules.fr\\\/blog\\\/2022\\\/02\\\/08\\\/chalcolestes-viridis-galerie\\\/\"]}]},{\"@type\":\"ImageObject\",\"inLanguage\":\"fr-FR\",\"@id\":\"https:\\\/\\\/www.meslibellules.fr\\\/blog\\\/2022\\\/02\\\/08\\\/chalcolestes-viridis-galerie\\\/#primaryimage\",\"url\":\"https:\\\/\\\/www.meslibellules.fr\\\/blog\\\/wp-content\\\/uploads\\\/accueil-Cviridis-115-20.gif\",\"contentUrl\":\"https:\\\/\\\/www.meslibellules.fr\\\/blog\\\/wp-content\\\/uploads\\\/accueil-Cviridis-115-20.gif\",\"width\":115,\"height\":20,\"caption\":\"Accueil C. viridis\"},{\"@type\":\"BreadcrumbList\",\"@id\":\"https:\\\/\\\/www.meslibellules.fr\\\/blog\\\/2022\\\/02\\\/08\\\/chalcolestes-viridis-galerie\\\/#breadcrumb\",\"itemListElement\":[{\"@type\":\"ListItem\",\"position\":1,\"name\":\"Accueil\",\"item\":\"https:\\\/\\\/www.meslibellules.fr\\\/blog\\\/\"},{\"@type\":\"ListItem\",\"position\":2,\"name\":\"Chalcolestes viridis : Galerie\"}]},{\"@type\":\"WebSite\",\"@id\":\"https:\\\/\\\/www.meslibellules.fr\\\/blog\\\/#website\",\"url\":\"https:\\\/\\\/www.meslibellules.fr\\\/blog\\\/\",\"name\":\"Mes Libellules\",\"description\":\"Pr\u00e9sentation des libellules rencontr\u00e9es dans le monde\",\"publisher\":{\"@id\":\"https:\\\/\\\/www.meslibellules.fr\\\/blog\\\/#\\\/schema\\\/person\\\/9aa3586f9dd053fcf329f43b8b053c77\"},\"potentialAction\":[{\"@type\":\"SearchAction\",\"target\":{\"@type\":\"EntryPoint\",\"urlTemplate\":\"https:\\\/\\\/www.meslibellules.fr\\\/blog\\\/?s={search_term_string}\"},\"query-input\":{\"@type\":\"PropertyValueSpecification\",\"valueRequired\":true,\"valueName\":\"search_term_string\"}}],\"inLanguage\":\"fr-FR\"},{\"@type\":[\"Person\",\"Organization\"],\"@id\":\"https:\\\/\\\/www.meslibellules.fr\\\/blog\\\/#\\\/schema\\\/person\\\/9aa3586f9dd053fcf329f43b8b053c77\",\"name\":\"Beno\u00eet Guillon\",\"image\":{\"@type\":\"ImageObject\",\"inLanguage\":\"fr-FR\",\"@id\":\"https:\\\/\\\/www.meslibellules.fr\\\/blog\\\/wp-content\\\/uploads\\\/cropped-avatar-150-pix.jpg\",\"url\":\"https:\\\/\\\/www.meslibellules.fr\\\/blog\\\/wp-content\\\/uploads\\\/cropped-avatar-150-pix.jpg\",\"contentUrl\":\"https:\\\/\\\/www.meslibellules.fr\\\/blog\\\/wp-content\\\/uploads\\\/cropped-avatar-150-pix.jpg\",\"width\":150,\"height\":137,\"caption\":\"Beno\u00eet Guillon\"},\"logo\":{\"@id\":\"https:\\\/\\\/www.meslibellules.fr\\\/blog\\\/wp-content\\\/uploads\\\/cropped-avatar-150-pix.jpg\"},\"sameAs\":[\"https:\\\/\\\/www.facebook.com\\\/benoit.guillon.96\\\/\"]}]}<\/script>\n<!-- \/ Yoast SEO plugin. -->","yoast_head_json":{"title":"Chalcolestes viridis : Galerie - Mes Libellules","robots":{"index":"index","follow":"follow","max-snippet":"max-snippet:-1","max-image-preview":"max-image-preview:large","max-video-preview":"max-video-preview:-1"},"canonical":"https:\/\/www.meslibellules.fr\/blog\/2022\/02\/08\/chalcolestes-viridis-galerie\/","og_locale":"fr_FR","og_type":"article","og_title":"Chalcolestes viridis : Galerie - Mes Libellules","og_description":"Je vous invite \u00e0 visualiser la Galerie en mode plein \u00e9cran en cliquant sur la double fl\u00e8che en haut \u00e0 droite de l&rsquo;image.","og_url":"https:\/\/www.meslibellules.fr\/blog\/2022\/02\/08\/chalcolestes-viridis-galerie\/","og_site_name":"Mes Libellules","article_publisher":"https:\/\/www.facebook.com\/benoit.guillon.96\/","article_author":"https:\/\/www.facebook.com\/benoit.guillon.96\/","article_published_time":"2022-02-08T16:16:45+00:00","article_modified_time":"2022-02-08T16:16:46+00:00","og_image":[{"url":"https:\/\/www.meslibellules.fr\/blog\/wp-content\/uploads\/accueil-Cviridis-115-20.gif","type":"","width":"","height":""}],"author":"Beno\u00eet Guillon","twitter_card":"summary_large_image","twitter_misc":{"\u00c9crit par":"Beno\u00eet Guillon"},"schema":{"@context":"https:\/\/schema.org","@graph":[{"@type":"Article","@id":"https:\/\/www.meslibellules.fr\/blog\/2022\/02\/08\/chalcolestes-viridis-galerie\/#article","isPartOf":{"@id":"https:\/\/www.meslibellules.fr\/blog\/2022\/02\/08\/chalcolestes-viridis-galerie\/"},"author":{"name":"Beno\u00eet Guillon","@id":"https:\/\/www.meslibellules.fr\/blog\/#\/schema\/person\/9aa3586f9dd053fcf329f43b8b053c77"},"headline":"Chalcolestes viridis : Galerie","datePublished":"2022-02-08T16:16:45+00:00","dateModified":"2022-02-08T16:16:46+00:00","mainEntityOfPage":{"@id":"https:\/\/www.meslibellules.fr\/blog\/2022\/02\/08\/chalcolestes-viridis-galerie\/"},"wordCount":28,"commentCount":0,"publisher":{"@id":"https:\/\/www.meslibellules.fr\/blog\/#\/schema\/person\/9aa3586f9dd053fcf329f43b8b053c77"},"image":{"@id":"https:\/\/www.meslibellules.fr\/blog\/2022\/02\/08\/chalcolestes-viridis-galerie\/#primaryimage"},"thumbnailUrl":"https:\/\/www.meslibellules.fr\/blog\/wp-content\/uploads\/accueil-Cviridis-115-20.gif","keywords":["Chalcolestes viridis - Galerie","Galerie"],"articleSection":["Chalcolestes viridis","France","Lestidae"],"inLanguage":"fr-FR","potentialAction":[{"@type":"CommentAction","name":"Comment","target":["https:\/\/www.meslibellules.fr\/blog\/2022\/02\/08\/chalcolestes-viridis-galerie\/#respond"]}]},{"@type":"WebPage","@id":"https:\/\/www.meslibellules.fr\/blog\/2022\/02\/08\/chalcolestes-viridis-galerie\/","url":"https:\/\/www.meslibellules.fr\/blog\/2022\/02\/08\/chalcolestes-viridis-galerie\/","name":"Chalcolestes viridis : Galerie - Mes Libellules","isPartOf":{"@id":"https:\/\/www.meslibellules.fr\/blog\/#website"},"primaryImageOfPage":{"@id":"https:\/\/www.meslibellules.fr\/blog\/2022\/02\/08\/chalcolestes-viridis-galerie\/#primaryimage"},"image":{"@id":"https:\/\/www.meslibellules.fr\/blog\/2022\/02\/08\/chalcolestes-viridis-galerie\/#primaryimage"},"thumbnailUrl":"https:\/\/www.meslibellules.fr\/blog\/wp-content\/uploads\/accueil-Cviridis-115-20.gif","datePublished":"2022-02-08T16:16:45+00:00","dateModified":"2022-02-08T16:16:46+00:00","breadcrumb":{"@id":"https:\/\/www.meslibellules.fr\/blog\/2022\/02\/08\/chalcolestes-viridis-galerie\/#breadcrumb"},"inLanguage":"fr-FR","potentialAction":[{"@type":"ReadAction","target":["https:\/\/www.meslibellules.fr\/blog\/2022\/02\/08\/chalcolestes-viridis-galerie\/"]}]},{"@type":"ImageObject","inLanguage":"fr-FR","@id":"https:\/\/www.meslibellules.fr\/blog\/2022\/02\/08\/chalcolestes-viridis-galerie\/#primaryimage","url":"https:\/\/www.meslibellules.fr\/blog\/wp-content\/uploads\/accueil-Cviridis-115-20.gif","contentUrl":"https:\/\/www.meslibellules.fr\/blog\/wp-content\/uploads\/accueil-Cviridis-115-20.gif","width":115,"height":20,"caption":"Accueil C. viridis"},{"@type":"BreadcrumbList","@id":"https:\/\/www.meslibellules.fr\/blog\/2022\/02\/08\/chalcolestes-viridis-galerie\/#breadcrumb","itemListElement":[{"@type":"ListItem","position":1,"name":"Accueil","item":"https:\/\/www.meslibellules.fr\/blog\/"},{"@type":"ListItem","position":2,"name":"Chalcolestes viridis : Galerie"}]},{"@type":"WebSite","@id":"https:\/\/www.meslibellules.fr\/blog\/#website","url":"https:\/\/www.meslibellules.fr\/blog\/","name":"Mes Libellules","description":"Pr\u00e9sentation des libellules rencontr\u00e9es dans le monde","publisher":{"@id":"https:\/\/www.meslibellules.fr\/blog\/#\/schema\/person\/9aa3586f9dd053fcf329f43b8b053c77"},"potentialAction":[{"@type":"SearchAction","target":{"@type":"EntryPoint","urlTemplate":"https:\/\/www.meslibellules.fr\/blog\/?s={search_term_string}"},"query-input":{"@type":"PropertyValueSpecification","valueRequired":true,"valueName":"search_term_string"}}],"inLanguage":"fr-FR"},{"@type":["Person","Organization"],"@id":"https:\/\/www.meslibellules.fr\/blog\/#\/schema\/person\/9aa3586f9dd053fcf329f43b8b053c77","name":"Beno\u00eet Guillon","image":{"@type":"ImageObject","inLanguage":"fr-FR","@id":"https:\/\/www.meslibellules.fr\/blog\/wp-content\/uploads\/cropped-avatar-150-pix.jpg","url":"https:\/\/www.meslibellules.fr\/blog\/wp-content\/uploads\/cropped-avatar-150-pix.jpg","contentUrl":"https:\/\/www.meslibellules.fr\/blog\/wp-content\/uploads\/cropped-avatar-150-pix.jpg","width":150,"height":137,"caption":"Beno\u00eet Guillon"},"logo":{"@id":"https:\/\/www.meslibellules.fr\/blog\/wp-content\/uploads\/cropped-avatar-150-pix.jpg"},"sameAs":["https:\/\/www.facebook.com\/benoit.guillon.96\/"]}]}},"_links":{"self":[{"href":"https:\/\/www.meslibellules.fr\/blog\/wp-json\/wp\/v2\/posts\/10486","targetHints":{"allow":["GET"]}}],"collection":[{"href":"https:\/\/www.meslibellules.fr\/blog\/wp-json\/wp\/v2\/posts"}],"about":[{"href":"https:\/\/www.meslibellules.fr\/blog\/wp-json\/wp\/v2\/types\/post"}],"author":[{"embeddable":true,"href":"https:\/\/www.meslibellules.fr\/blog\/wp-json\/wp\/v2\/users\/1"}],"replies":[{"embeddable":true,"href":"https:\/\/www.meslibellules.fr\/blog\/wp-json\/wp\/v2\/comments?post=10486"}],"version-history":[{"count":0,"href":"https:\/\/www.meslibellules.fr\/blog\/wp-json\/wp\/v2\/posts\/10486\/revisions"}],"wp:attachment":[{"href":"https:\/\/www.meslibellules.fr\/blog\/wp-json\/wp\/v2\/media?parent=10486"}],"wp:term":[{"taxonomy":"category","embeddable":true,"href":"https:\/\/www.meslibellules.fr\/blog\/wp-json\/wp\/v2\/categories?post=10486"},{"taxonomy":"post_tag","embeddable":true,"href":"https:\/\/www.meslibellules.fr\/blog\/wp-json\/wp\/v2\/tags?post=10486"}],"curies":[{"name":"wp","href":"https:\/\/api.w.org\/{rel}","templated":true}]}}