{"id":10523,"date":"2022-02-08T19:35:58","date_gmt":"2022-02-08T18:35:58","guid":{"rendered":"https:\/\/www.meslibellules.fr\/blog\/?p=10523"},"modified":"2023-01-09T06:56:06","modified_gmt":"2023-01-09T05:56:06","slug":"sympetrum-fonscolombii-galerie-2","status":"publish","type":"post","link":"https:\/\/www.meslibellules.fr\/blog\/2022\/02\/08\/sympetrum-fonscolombii-galerie-2\/","title":{"rendered":"Sympetrum fonscolombii : Galerie"},"content":{"rendered":"\n<div style=\"height:48px\" aria-hidden=\"true\" class=\"wp-block-spacer\"><\/div>\n\n\n\n<p style=\"font-size:15px\">Il faut cliquer sur la double fl\u00e8che en haut \u00e0 droite de la photo pour profiter correctement des photos en plein \u00e9cran.<\/p>\n\n\n\n<script type=\"text\/javascript\">\r\ndocument.addEventListener(\"DOMContentLoaded\", function(event) { \r\n\tjQuery( '#slider-pro-3-10522' ).sliderPro({\r\n\t\t\/\/width\r\n\t\t\t\twidth: \"100%\",\r\n\t\t\t\t\r\n\t\t\/\/height\r\n\t\t\t\tautoHeight: true,\r\n\t\t\t\t\r\n\t\t\/\/auto play\r\n\t\t\t\t\t\t\t\tautoplay:  false,\r\n\t\t\t\tautoplayDelay: 5000,\r\n\t\t\r\n\t\t\r\n\t\tarrows: true,\r\n\t\tbuttons: true,\r\n\t\tsmallSize: 500,\r\n\t\tmediumSize: 1000,\r\n\t\tlargeSize: 3000,\r\n\t\tfade: true,\r\n\t\t\r\n\t\t\/\/thumbnail\r\n\t\tthumbnailArrows: true,\r\n\t\tthumbnailWidth: 120,\r\n\t\tthumbnailHeight: 120,\r\n\t\t\t\t\t\t\t\tcenterImage: true,\r\n\t\timageScaleMode: 'contain',\r\n\t\tallowScaleUp: true,\r\n\t\t\t\tstartSlide: 0,\r\n\t\tloop: true,\r\n\t\tslideDistance: 5,\r\n\t\tautoplayDirection: 'normal',\r\n\t\ttouchSwipe: true,\r\n\t\tfullScreen: true,\r\n\t});\r\n});\r\n<\/script>\r\n\r\n\t\t<div id=\"slider-pro-3-10522\" class=\"slider-pro\">\r\n\t\t\t<!---- slides div start ---->\r\n\t\t\t<div class=\"sp-slides\">\r\n\t\t\t\t\t\t\t\t\t\t<div class=\"sp-slide\">\r\n\t\t\t\t\t\t\t<img decoding=\"async\" class=\"sp-image\" loading=\"lazy\" alt=\"Sympetrum fonscolombii m\u00e2le immature, le Puiset-Dor\u00e9 (France-49), 16\/08\/2015\" src=\"https:\/\/www.meslibellules.fr\/blog\/wp-content\/plugins\/ultimate-responsive-image-slider\/assets\/css\/images\/blank.gif\" data-src=\"https:\/\/www.meslibellules.fr\/blog\/wp-content\/uploads\/sympetrum-fonscolombii-male-immature-g6.jpg\" \/>\r\n\r\n\t\t\t\t\t\t\t\r\n\t\t\t\t\t\t\t\t\t\t\t\t\t<\/div>\r\n\t\t\t\t\t\t\t\t\t\t\t\t<div class=\"sp-slide\">\r\n\t\t\t\t\t\t\t<img decoding=\"async\" class=\"sp-image\" loading=\"lazy\" alt=\"Sympetrum fonscolombii m\u00e2le, Saint-Germain-sur-Moine (France-49), 12\/05\/2011\" src=\"https:\/\/www.meslibellules.fr\/blog\/wp-content\/plugins\/ultimate-responsive-image-slider\/assets\/css\/images\/blank.gif\" data-src=\"https:\/\/www.meslibellules.fr\/blog\/wp-content\/uploads\/sympetrum-fonscolombii-male-g5.jpg\" \/>\r\n\r\n\t\t\t\t\t\t\t\r\n\t\t\t\t\t\t\t\t\t\t\t\t\t<\/div>\r\n\t\t\t\t\t\t\t\t\t\t\t\t<div class=\"sp-slide\">\r\n\t\t\t\t\t\t\t<img decoding=\"async\" class=\"sp-image\" loading=\"lazy\" alt=\"Sympetrum fonscolombii \u00e9mergence m\u00e2le, marais du Logit (France-33), 28\/07\/2013\" src=\"https:\/\/www.meslibellules.fr\/blog\/wp-content\/plugins\/ultimate-responsive-image-slider\/assets\/css\/images\/blank.gif\" data-src=\"https:\/\/www.meslibellules.fr\/blog\/wp-content\/uploads\/sympetrum-fonscolombii-male-emergence-gmoins1.jpg\" \/>\r\n\r\n\t\t\t\t\t\t\t\r\n\t\t\t\t\t\t\t\t\t\t\t\t\t<\/div>\r\n\t\t\t\t\t\t\t\t\t\t\t\t<div class=\"sp-slide\">\r\n\t\t\t\t\t\t\t<img decoding=\"async\" class=\"sp-image\" loading=\"lazy\" alt=\"Sympetrum fonscolombii femelle, la Barre de Monts (France-85), 12\/07\/2018\" src=\"https:\/\/www.meslibellules.fr\/blog\/wp-content\/plugins\/ultimate-responsive-image-slider\/assets\/css\/images\/blank.gif\" data-src=\"https:\/\/www.meslibellules.fr\/blog\/wp-content\/uploads\/sympetrum-fonscolombii-femelle-g7.jpg\" \/>\r\n\r\n\t\t\t\t\t\t\t\r\n\t\t\t\t\t\t\t\t\t\t\t\t\t<\/div>\r\n\t\t\t\t\t\t\t\t\t\t\t\t<div class=\"sp-slide\">\r\n\t\t\t\t\t\t\t<img decoding=\"async\" class=\"sp-image\" loading=\"lazy\" alt=\"Sympetrum fonscolombii femelle \u00e9mergente, Le Fuilet (France-4), 25\/09\/2008\" src=\"https:\/\/www.meslibellules.fr\/blog\/wp-content\/plugins\/ultimate-responsive-image-slider\/assets\/css\/images\/blank.gif\" data-src=\"https:\/\/www.meslibellules.fr\/blog\/wp-content\/uploads\/sympetrum-fonscolombii-femelle-immature-g0.jpg\" \/>\r\n\r\n\t\t\t\t\t\t\t\r\n\t\t\t\t\t\t\t\t\t\t\t\t\t<\/div>\r\n\t\t\t\t\t\t\t\t\t\t\t\t<div class=\"sp-slide\">\r\n\t\t\t\t\t\t\t<img decoding=\"async\" class=\"sp-image\" loading=\"lazy\" alt=\"sympetrum-fonscolombii-1\" src=\"https:\/\/www.meslibellules.fr\/blog\/wp-content\/plugins\/ultimate-responsive-image-slider\/assets\/css\/images\/blank.gif\" data-src=\"https:\/\/www.meslibellules.fr\/blog\/wp-content\/uploads\/sympetrum-fonscolombii-1.jpg\" \/>\r\n\r\n\t\t\t\t\t\t\t\r\n\t\t\t\t\t\t\t\t\t\t\t\t\t<\/div>\r\n\t\t\t\t\t\t\t\t\t\t\t\t<div class=\"sp-slide\">\r\n\t\t\t\t\t\t\t<img decoding=\"async\" class=\"sp-image\" loading=\"lazy\" alt=\"Sympetrum fonscolombii femelle, Chanteloup-les-bois (France-49), 24\/05\/2020\" src=\"https:\/\/www.meslibellules.fr\/blog\/wp-content\/plugins\/ultimate-responsive-image-slider\/assets\/css\/images\/blank.gif\" data-src=\"https:\/\/www.meslibellules.fr\/blog\/wp-content\/uploads\/sympetrum-fonscolombii-femelle-g4.jpg\" \/>\r\n\r\n\t\t\t\t\t\t\t\r\n\t\t\t\t\t\t\t\t\t\t\t\t\t<\/div>\r\n\t\t\t\t\t\t\t\t\t\t\t\t<div class=\"sp-slide\">\r\n\t\t\t\t\t\t\t<img decoding=\"async\" class=\"sp-image\" loading=\"lazy\" alt=\"Sympetrum fonscolombii m\u00e2le, Namibie, lac du barrage Von Bach, 22\/02\/2020\" src=\"https:\/\/www.meslibellules.fr\/blog\/wp-content\/plugins\/ultimate-responsive-image-slider\/assets\/css\/images\/blank.gif\" data-src=\"https:\/\/www.meslibellules.fr\/blog\/wp-content\/uploads\/sympetrum-fonscolombii-2.jpg\" \/>\r\n\r\n\t\t\t\t\t\t\t\r\n\t\t\t\t\t\t\t\t\t\t\t\t\t<\/div>\r\n\t\t\t\t\t\t\t\t\t\t\t\t<div class=\"sp-slide\">\r\n\t\t\t\t\t\t\t<img decoding=\"async\" class=\"sp-image\" loading=\"lazy\" alt=\"Sympetrum fonscolombii m\u00e2le, Langogne (France-48), 13\/07\/2020\" src=\"https:\/\/www.meslibellules.fr\/blog\/wp-content\/plugins\/ultimate-responsive-image-slider\/assets\/css\/images\/blank.gif\" data-src=\"https:\/\/www.meslibellules.fr\/blog\/wp-content\/uploads\/sympetrum-fonscolombii-male-g2.jpg\" \/>\r\n\r\n\t\t\t\t\t\t\t\r\n\t\t\t\t\t\t\t\t\t\t\t\t\t<\/div>\r\n\t\t\t\t\t\t\t\t\t\t\t\t<div class=\"sp-slide\">\r\n\t\t\t\t\t\t\t<img decoding=\"async\" class=\"sp-image\" loading=\"lazy\" alt=\"Sympetrum fonscolombii m\u00e2le, Chanteloup-les-bois (France-49), 24\/05\/2020\" src=\"https:\/\/www.meslibellules.fr\/blog\/wp-content\/plugins\/ultimate-responsive-image-slider\/assets\/css\/images\/blank.gif\" data-src=\"https:\/\/www.meslibellules.fr\/blog\/wp-content\/uploads\/sympetrum-fonscolombii-male-g1.jpg\" \/>\r\n\r\n\t\t\t\t\t\t\t\r\n\t\t\t\t\t\t\t\t\t\t\t\t\t<\/div>\r\n\t\t\t\t\t\t\t\t\t\t\t\t<div class=\"sp-slide\">\r\n\t\t\t\t\t\t\t<img decoding=\"async\" class=\"sp-image\" loading=\"lazy\" alt=\"sympetrum-fonscolombii-male-g3\" src=\"https:\/\/www.meslibellules.fr\/blog\/wp-content\/plugins\/ultimate-responsive-image-slider\/assets\/css\/images\/blank.gif\" data-src=\"https:\/\/www.meslibellules.fr\/blog\/wp-content\/uploads\/sympetrum-fonscolombii-male-g3.jpg\" \/>\r\n\r\n\t\t\t\t\t\t\t\r\n\t\t\t\t\t\t\t\t\t\t\t\t\t<\/div>\r\n\t\t\t\t\t\t\t\t\t\t\t\t<div class=\"sp-slide\">\r\n\t\t\t\t\t\t\t<img decoding=\"async\" class=\"sp-image\" loading=\"lazy\" alt=\"Sympetrum fonscolombii m\u00e2le, Castelnau-Montmiral, France-81, 11\/08\/2022\" src=\"https:\/\/www.meslibellules.fr\/blog\/wp-content\/plugins\/ultimate-responsive-image-slider\/assets\/css\/images\/blank.gif\" data-src=\"https:\/\/www.meslibellules.fr\/blog\/wp-content\/uploads\/sympetrum-fonscolombii-male-g7.webp\" \/>\r\n\r\n\t\t\t\t\t\t\t\r\n\t\t\t\t\t\t\t\t\t\t\t\t\t<\/div>\r\n\t\t\t\t\t\t\t\t\t<\/div>\r\n\t\t\t\r\n\t\t\t<!---- slides div end ---->\r\n\t\t\t\t\t\t<!-- slides thumbnails div end -->\r\n\t\t<\/div>\r\n\t\t<style>\r\n\/* Layout 3 *\/\r\n\/* border *\/\r\n#slider-pro-3-10522 .sp-selected-thumbnail {\r\n\tborder: 4px solid #000000;\r\n}\r\n\r\n\/* font + color *\/\r\n.title-in  {\r\n\tfont-family: Arial !important;\r\n\tcolor: #FFFFFF !important;\r\n\tbackground-color: #000000 !important;\r\n\topacity: 0.7 !important;\r\n}\r\n.desc-in  {\r\n\tfont-family: Arial !important;\r\n\tcolor: #FFFFFF !important;\r\n\tbackground-color: #00000 !important;\r\n\topacity: 0.7 !important;\r\n}\r\n\r\n\/* bullets color *\/\r\n.sp-button  {\r\n\tborder: 2px solid #000000 !important;\r\n}\r\n.sp-selected-button  {\r\n\tbackground-color: #000000 !important;\r\n}\r\n\r\n\/* pointer color - bottom *\/\r\n\r\n\/* pointer color - top *\/\r\n\r\n\/* full screen icon *\/\r\n.sp-full-screen-button::before {\r\n    color: #FFFFFF !important;\r\n}\r\n\r\n\/* hover navigation icon color *\/\r\n.sp-next-arrow::after, .sp-next-arrow::before {\r\n\tbackground-color: #FFFFFF !important;\r\n}\r\n.sp-previous-arrow::after, .sp-previous-arrow::before {\r\n\tbackground-color: #FFFFFF !important;\r\n}\r\n\r\n#slider-pro-3-10522 .title-in {\r\n\tcolor: #FFFFFF !important;\r\n\tfont-weight: bolder;\r\n\ttext-align: center;\r\n}\r\n\r\n#slider-pro-3-10522 .title-in-bg {\r\n\tbackground: rgba(255, 255, 255, 0.7); !important;\r\n\twhite-space: unset !important;\r\n\ttransform: initial !important;\r\n\t-webkit-transform: initial !important;\r\n\tfont-size: 14px !important;\r\n}\r\n\r\n#slider-pro-3-10522 .desc-in {\r\n\tcolor: #FFFFFF !important;\r\n\ttext-align: center;\r\n}\r\n#slider-pro-3-10522 .desc-in-bg {\r\n\tbackground: rgba(#00000, 0.7) !important;\r\n\twhite-space: unset !important;\r\n\ttransform: initial !important;\r\n\t-webkit-transform: initial !important;\r\n\tfont-size: 13px !important;\r\n}\r\n\r\n@media (max-width: 640px) {\r\n\t#slider-pro-3-10522 .hide-small-screen {\r\n\t\tdisplay: none;\r\n\t}\r\n}\r\n\r\n@media (max-width: 860px) {\r\n\t#slider-pro-3-10522 .sp-layer {\r\n\t\tfont-size: 18px;\r\n\t}\r\n\t\r\n\t#slider-pro-3-10522 .hide-medium-screen {\r\n\t\tdisplay: none;\r\n\t}\r\n}\r\n.slides-not-found {\r\n\tbackground-color: #a92929;\r\n\tborder-radius: 5px;\r\n\tcolor: #fff;\r\n\tfont-family: initial;\r\n\ttext-align: center;\r\n\tpadding:12px;\r\n}\r\n\/* Custom CSS *\/\r\n<\/style>\r\n\n\n\n\n\n\n<figure class=\"wp-block-image size-full\"><a href=\"http:\/\/www.meslibellules.fr\/pagesweb\/libellulidae\/sympetrum\/sympetrumfonscolombii\/sympetrum-fonscolombii-accueil.php\"><img decoding=\"async\" width=\"100\" height=\"20\" data-src=\"https:\/\/www.meslibellules.fr\/blog\/wp-content\/uploads\/acc_fonscolombii.gif\" alt=\"\" class=\"wp-image-8583 lazyload\" src=\"data:image\/svg+xml;base64,PHN2ZyB3aWR0aD0iMSIgaGVpZ2h0PSIxIiB4bWxucz0iaHR0cDovL3d3dy53My5vcmcvMjAwMC9zdmciPjwvc3ZnPg==\" style=\"--smush-placeholder-width: 100px; --smush-placeholder-aspect-ratio: 100\/20;\" \/><\/a><\/figure>\n\n\n\n<figure class=\"wp-block-image size-full is-resized\"><a href=\"https:\/\/www.meslibellules.fr\/blog\/\"><img decoding=\"async\" data-src=\"https:\/\/www.meslibellules.fr\/blog\/wp-content\/uploads\/accueil-3.gif\" alt=\"\" class=\"wp-image-8466 lazyload\" width=\"100\" height=\"20\" src=\"data:image\/svg+xml;base64,PHN2ZyB3aWR0aD0iMSIgaGVpZ2h0PSIxIiB4bWxucz0iaHR0cDovL3d3dy53My5vcmcvMjAwMC9zdmciPjwvc3ZnPg==\" style=\"--smush-placeholder-width: 100px; --smush-placeholder-aspect-ratio: 100\/20;\" \/><\/a><\/figure>\n\n\n\n<p><\/p>\n","protected":false},"excerpt":{"rendered":"<p>Il faut cliquer sur la double fl\u00e8che en haut \u00e0 droite de la photo pour profiter correctement des photos en plein \u00e9cran.<\/p>\n","protected":false},"author":1,"featured_media":0,"comment_status":"open","ping_status":"open","sticky":false,"template":"","format":"image","meta":{"site-sidebar-layout":"default","site-content-layout":"","ast-site-content-layout":"default","site-content-style":"default","site-sidebar-style":"default","ast-global-header-display":"","ast-banner-title-visibility":"","ast-main-header-display":"","ast-hfb-above-header-display":"","ast-hfb-below-header-display":"","ast-hfb-mobile-header-display":"","site-post-title":"","ast-breadcrumbs-content":"","ast-featured-img":"","footer-sml-layout":"","ast-disable-related-posts":"","theme-transparent-header-meta":"","adv-header-id-meta":"","stick-header-meta":"","header-above-stick-meta":"","header-main-stick-meta":"","header-below-stick-meta":"","astra-migrate-meta-layouts":"default","ast-page-background-enabled":"default","ast-page-background-meta":{"desktop":{"background-color":"var(--ast-global-color-4)","background-image":"","background-repeat":"repeat","background-position":"center center","background-size":"auto","background-attachment":"scroll","background-type":"","background-media":"","overlay-type":"","overlay-color":"","overlay-opacity":"","overlay-gradient":""},"tablet":{"background-color":"","background-image":"","background-repeat":"repeat","background-position":"center center","background-size":"auto","background-attachment":"scroll","background-type":"","background-media":"","overlay-type":"","overlay-color":"","overlay-opacity":"","overlay-gradient":""},"mobile":{"background-color":"","background-image":"","background-repeat":"repeat","background-position":"center center","background-size":"auto","background-attachment":"scroll","background-type":"","background-media":"","overlay-type":"","overlay-color":"","overlay-opacity":"","overlay-gradient":""}},"ast-content-background-meta":{"desktop":{"background-color":"var(--ast-global-color-5)","background-image":"","background-repeat":"repeat","background-position":"center center","background-size":"auto","background-attachment":"scroll","background-type":"","background-media":"","overlay-type":"","overlay-color":"","overlay-opacity":"","overlay-gradient":""},"tablet":{"background-color":"var(--ast-global-color-5)","background-image":"","background-repeat":"repeat","background-position":"center center","background-size":"auto","background-attachment":"scroll","background-type":"","background-media":"","overlay-type":"","overlay-color":"","overlay-opacity":"","overlay-gradient":""},"mobile":{"background-color":"var(--ast-global-color-5)","background-image":"","background-repeat":"repeat","background-position":"center center","background-size":"auto","background-attachment":"scroll","background-type":"","background-media":"","overlay-type":"","overlay-color":"","overlay-opacity":"","overlay-gradient":""}},"footnotes":""},"categories":[55,56,550],"tags":[345,552],"class_list":["post-10523","post","type-post","status-publish","format-image","hentry","category-france","category-libellulidae-france","category-sympetrum-fonscolombii","tag-galerie","tag-sympetrum-fonscolombii-galerie","post_format-post-format-image"],"yoast_head":"<!-- This site is optimized with the Yoast SEO plugin v27.5 - https:\/\/yoast.com\/product\/yoast-seo-wordpress\/ -->\n<title>Sympetrum fonscolombii : Galerie - Mes Libellules<\/title>\n<meta name=\"robots\" content=\"index, follow, max-snippet:-1, max-image-preview:large, max-video-preview:-1\" \/>\n<link rel=\"canonical\" href=\"https:\/\/www.meslibellules.fr\/blog\/2022\/02\/08\/sympetrum-fonscolombii-galerie-2\/\" \/>\n<meta property=\"og:locale\" content=\"fr_FR\" \/>\n<meta property=\"og:type\" content=\"article\" \/>\n<meta property=\"og:title\" content=\"Sympetrum fonscolombii : Galerie - Mes Libellules\" \/>\n<meta property=\"og:description\" content=\"Il faut cliquer sur la double fl\u00e8che en haut \u00e0 droite de la photo pour profiter correctement des photos en plein \u00e9cran.\" \/>\n<meta property=\"og:url\" content=\"https:\/\/www.meslibellules.fr\/blog\/2022\/02\/08\/sympetrum-fonscolombii-galerie-2\/\" \/>\n<meta property=\"og:site_name\" content=\"Mes Libellules\" \/>\n<meta property=\"article:publisher\" content=\"https:\/\/www.facebook.com\/benoit.guillon.96\/\" \/>\n<meta property=\"article:author\" content=\"https:\/\/www.facebook.com\/benoit.guillon.96\/\" \/>\n<meta property=\"article:published_time\" content=\"2022-02-08T18:35:58+00:00\" \/>\n<meta property=\"article:modified_time\" content=\"2023-01-09T05:56:06+00:00\" \/>\n<meta property=\"og:image\" content=\"https:\/\/www.meslibellules.fr\/blog\/wp-content\/uploads\/acc_fonscolombii.gif\" \/>\n<meta name=\"author\" content=\"Beno\u00eet Guillon\" \/>\n<meta name=\"twitter:card\" content=\"summary_large_image\" \/>\n<meta name=\"twitter:label1\" content=\"\u00c9crit par\" \/>\n\t<meta name=\"twitter:data1\" content=\"Beno\u00eet Guillon\" \/>\n\t<meta name=\"twitter:label2\" content=\"Dur\u00e9e de lecture estim\u00e9e\" \/>\n\t<meta name=\"twitter:data2\" content=\"1 minute\" \/>\n<script type=\"application\/ld+json\" class=\"yoast-schema-graph\">{\"@context\":\"https:\\\/\\\/schema.org\",\"@graph\":[{\"@type\":\"Article\",\"@id\":\"https:\\\/\\\/www.meslibellules.fr\\\/blog\\\/2022\\\/02\\\/08\\\/sympetrum-fonscolombii-galerie-2\\\/#article\",\"isPartOf\":{\"@id\":\"https:\\\/\\\/www.meslibellules.fr\\\/blog\\\/2022\\\/02\\\/08\\\/sympetrum-fonscolombii-galerie-2\\\/\"},\"author\":{\"name\":\"Beno\u00eet Guillon\",\"@id\":\"https:\\\/\\\/www.meslibellules.fr\\\/blog\\\/#\\\/schema\\\/person\\\/9aa3586f9dd053fcf329f43b8b053c77\"},\"headline\":\"Sympetrum fonscolombii : Galerie\",\"datePublished\":\"2022-02-08T18:35:58+00:00\",\"dateModified\":\"2023-01-09T05:56:06+00:00\",\"mainEntityOfPage\":{\"@id\":\"https:\\\/\\\/www.meslibellules.fr\\\/blog\\\/2022\\\/02\\\/08\\\/sympetrum-fonscolombii-galerie-2\\\/\"},\"wordCount\":27,\"commentCount\":2,\"publisher\":{\"@id\":\"https:\\\/\\\/www.meslibellules.fr\\\/blog\\\/#\\\/schema\\\/person\\\/9aa3586f9dd053fcf329f43b8b053c77\"},\"image\":{\"@id\":\"https:\\\/\\\/www.meslibellules.fr\\\/blog\\\/2022\\\/02\\\/08\\\/sympetrum-fonscolombii-galerie-2\\\/#primaryimage\"},\"thumbnailUrl\":\"https:\\\/\\\/www.meslibellules.fr\\\/blog\\\/wp-content\\\/uploads\\\/acc_fonscolombii.gif\",\"keywords\":[\"Galerie\",\"Sympetrum fonscolombii - galerie\"],\"articleSection\":[\"France\",\"Libellulidae\",\"Sympetrum fonscolombii\"],\"inLanguage\":\"fr-FR\",\"potentialAction\":[{\"@type\":\"CommentAction\",\"name\":\"Comment\",\"target\":[\"https:\\\/\\\/www.meslibellules.fr\\\/blog\\\/2022\\\/02\\\/08\\\/sympetrum-fonscolombii-galerie-2\\\/#respond\"]}]},{\"@type\":\"WebPage\",\"@id\":\"https:\\\/\\\/www.meslibellules.fr\\\/blog\\\/2022\\\/02\\\/08\\\/sympetrum-fonscolombii-galerie-2\\\/\",\"url\":\"https:\\\/\\\/www.meslibellules.fr\\\/blog\\\/2022\\\/02\\\/08\\\/sympetrum-fonscolombii-galerie-2\\\/\",\"name\":\"Sympetrum fonscolombii : Galerie - Mes Libellules\",\"isPartOf\":{\"@id\":\"https:\\\/\\\/www.meslibellules.fr\\\/blog\\\/#website\"},\"primaryImageOfPage\":{\"@id\":\"https:\\\/\\\/www.meslibellules.fr\\\/blog\\\/2022\\\/02\\\/08\\\/sympetrum-fonscolombii-galerie-2\\\/#primaryimage\"},\"image\":{\"@id\":\"https:\\\/\\\/www.meslibellules.fr\\\/blog\\\/2022\\\/02\\\/08\\\/sympetrum-fonscolombii-galerie-2\\\/#primaryimage\"},\"thumbnailUrl\":\"https:\\\/\\\/www.meslibellules.fr\\\/blog\\\/wp-content\\\/uploads\\\/acc_fonscolombii.gif\",\"datePublished\":\"2022-02-08T18:35:58+00:00\",\"dateModified\":\"2023-01-09T05:56:06+00:00\",\"breadcrumb\":{\"@id\":\"https:\\\/\\\/www.meslibellules.fr\\\/blog\\\/2022\\\/02\\\/08\\\/sympetrum-fonscolombii-galerie-2\\\/#breadcrumb\"},\"inLanguage\":\"fr-FR\",\"potentialAction\":[{\"@type\":\"ReadAction\",\"target\":[\"https:\\\/\\\/www.meslibellules.fr\\\/blog\\\/2022\\\/02\\\/08\\\/sympetrum-fonscolombii-galerie-2\\\/\"]}]},{\"@type\":\"ImageObject\",\"inLanguage\":\"fr-FR\",\"@id\":\"https:\\\/\\\/www.meslibellules.fr\\\/blog\\\/2022\\\/02\\\/08\\\/sympetrum-fonscolombii-galerie-2\\\/#primaryimage\",\"url\":\"https:\\\/\\\/www.meslibellules.fr\\\/blog\\\/wp-content\\\/uploads\\\/acc_fonscolombii.gif\",\"contentUrl\":\"https:\\\/\\\/www.meslibellules.fr\\\/blog\\\/wp-content\\\/uploads\\\/acc_fonscolombii.gif\",\"width\":100,\"height\":20},{\"@type\":\"BreadcrumbList\",\"@id\":\"https:\\\/\\\/www.meslibellules.fr\\\/blog\\\/2022\\\/02\\\/08\\\/sympetrum-fonscolombii-galerie-2\\\/#breadcrumb\",\"itemListElement\":[{\"@type\":\"ListItem\",\"position\":1,\"name\":\"Accueil\",\"item\":\"https:\\\/\\\/www.meslibellules.fr\\\/blog\\\/\"},{\"@type\":\"ListItem\",\"position\":2,\"name\":\"Sympetrum fonscolombii : Galerie\"}]},{\"@type\":\"WebSite\",\"@id\":\"https:\\\/\\\/www.meslibellules.fr\\\/blog\\\/#website\",\"url\":\"https:\\\/\\\/www.meslibellules.fr\\\/blog\\\/\",\"name\":\"Mes Libellules\",\"description\":\"Pr\u00e9sentation des libellules rencontr\u00e9es dans le monde\",\"publisher\":{\"@id\":\"https:\\\/\\\/www.meslibellules.fr\\\/blog\\\/#\\\/schema\\\/person\\\/9aa3586f9dd053fcf329f43b8b053c77\"},\"potentialAction\":[{\"@type\":\"SearchAction\",\"target\":{\"@type\":\"EntryPoint\",\"urlTemplate\":\"https:\\\/\\\/www.meslibellules.fr\\\/blog\\\/?s={search_term_string}\"},\"query-input\":{\"@type\":\"PropertyValueSpecification\",\"valueRequired\":true,\"valueName\":\"search_term_string\"}}],\"inLanguage\":\"fr-FR\"},{\"@type\":[\"Person\",\"Organization\"],\"@id\":\"https:\\\/\\\/www.meslibellules.fr\\\/blog\\\/#\\\/schema\\\/person\\\/9aa3586f9dd053fcf329f43b8b053c77\",\"name\":\"Beno\u00eet Guillon\",\"image\":{\"@type\":\"ImageObject\",\"inLanguage\":\"fr-FR\",\"@id\":\"https:\\\/\\\/www.meslibellules.fr\\\/blog\\\/wp-content\\\/uploads\\\/cropped-avatar-150-pix.jpg\",\"url\":\"https:\\\/\\\/www.meslibellules.fr\\\/blog\\\/wp-content\\\/uploads\\\/cropped-avatar-150-pix.jpg\",\"contentUrl\":\"https:\\\/\\\/www.meslibellules.fr\\\/blog\\\/wp-content\\\/uploads\\\/cropped-avatar-150-pix.jpg\",\"width\":150,\"height\":137,\"caption\":\"Beno\u00eet Guillon\"},\"logo\":{\"@id\":\"https:\\\/\\\/www.meslibellules.fr\\\/blog\\\/wp-content\\\/uploads\\\/cropped-avatar-150-pix.jpg\"},\"sameAs\":[\"https:\\\/\\\/www.facebook.com\\\/benoit.guillon.96\\\/\"]}]}<\/script>\n<!-- \/ Yoast SEO plugin. -->","yoast_head_json":{"title":"Sympetrum fonscolombii : Galerie - Mes Libellules","robots":{"index":"index","follow":"follow","max-snippet":"max-snippet:-1","max-image-preview":"max-image-preview:large","max-video-preview":"max-video-preview:-1"},"canonical":"https:\/\/www.meslibellules.fr\/blog\/2022\/02\/08\/sympetrum-fonscolombii-galerie-2\/","og_locale":"fr_FR","og_type":"article","og_title":"Sympetrum fonscolombii : Galerie - Mes Libellules","og_description":"Il faut cliquer sur la double fl\u00e8che en haut \u00e0 droite de la photo pour profiter correctement des photos en plein \u00e9cran.","og_url":"https:\/\/www.meslibellules.fr\/blog\/2022\/02\/08\/sympetrum-fonscolombii-galerie-2\/","og_site_name":"Mes Libellules","article_publisher":"https:\/\/www.facebook.com\/benoit.guillon.96\/","article_author":"https:\/\/www.facebook.com\/benoit.guillon.96\/","article_published_time":"2022-02-08T18:35:58+00:00","article_modified_time":"2023-01-09T05:56:06+00:00","og_image":[{"url":"https:\/\/www.meslibellules.fr\/blog\/wp-content\/uploads\/acc_fonscolombii.gif","type":"","width":"","height":""}],"author":"Beno\u00eet Guillon","twitter_card":"summary_large_image","twitter_misc":{"\u00c9crit par":"Beno\u00eet Guillon","Dur\u00e9e de lecture estim\u00e9e":"1 minute"},"schema":{"@context":"https:\/\/schema.org","@graph":[{"@type":"Article","@id":"https:\/\/www.meslibellules.fr\/blog\/2022\/02\/08\/sympetrum-fonscolombii-galerie-2\/#article","isPartOf":{"@id":"https:\/\/www.meslibellules.fr\/blog\/2022\/02\/08\/sympetrum-fonscolombii-galerie-2\/"},"author":{"name":"Beno\u00eet Guillon","@id":"https:\/\/www.meslibellules.fr\/blog\/#\/schema\/person\/9aa3586f9dd053fcf329f43b8b053c77"},"headline":"Sympetrum fonscolombii : Galerie","datePublished":"2022-02-08T18:35:58+00:00","dateModified":"2023-01-09T05:56:06+00:00","mainEntityOfPage":{"@id":"https:\/\/www.meslibellules.fr\/blog\/2022\/02\/08\/sympetrum-fonscolombii-galerie-2\/"},"wordCount":27,"commentCount":2,"publisher":{"@id":"https:\/\/www.meslibellules.fr\/blog\/#\/schema\/person\/9aa3586f9dd053fcf329f43b8b053c77"},"image":{"@id":"https:\/\/www.meslibellules.fr\/blog\/2022\/02\/08\/sympetrum-fonscolombii-galerie-2\/#primaryimage"},"thumbnailUrl":"https:\/\/www.meslibellules.fr\/blog\/wp-content\/uploads\/acc_fonscolombii.gif","keywords":["Galerie","Sympetrum fonscolombii - galerie"],"articleSection":["France","Libellulidae","Sympetrum fonscolombii"],"inLanguage":"fr-FR","potentialAction":[{"@type":"CommentAction","name":"Comment","target":["https:\/\/www.meslibellules.fr\/blog\/2022\/02\/08\/sympetrum-fonscolombii-galerie-2\/#respond"]}]},{"@type":"WebPage","@id":"https:\/\/www.meslibellules.fr\/blog\/2022\/02\/08\/sympetrum-fonscolombii-galerie-2\/","url":"https:\/\/www.meslibellules.fr\/blog\/2022\/02\/08\/sympetrum-fonscolombii-galerie-2\/","name":"Sympetrum fonscolombii : Galerie - Mes Libellules","isPartOf":{"@id":"https:\/\/www.meslibellules.fr\/blog\/#website"},"primaryImageOfPage":{"@id":"https:\/\/www.meslibellules.fr\/blog\/2022\/02\/08\/sympetrum-fonscolombii-galerie-2\/#primaryimage"},"image":{"@id":"https:\/\/www.meslibellules.fr\/blog\/2022\/02\/08\/sympetrum-fonscolombii-galerie-2\/#primaryimage"},"thumbnailUrl":"https:\/\/www.meslibellules.fr\/blog\/wp-content\/uploads\/acc_fonscolombii.gif","datePublished":"2022-02-08T18:35:58+00:00","dateModified":"2023-01-09T05:56:06+00:00","breadcrumb":{"@id":"https:\/\/www.meslibellules.fr\/blog\/2022\/02\/08\/sympetrum-fonscolombii-galerie-2\/#breadcrumb"},"inLanguage":"fr-FR","potentialAction":[{"@type":"ReadAction","target":["https:\/\/www.meslibellules.fr\/blog\/2022\/02\/08\/sympetrum-fonscolombii-galerie-2\/"]}]},{"@type":"ImageObject","inLanguage":"fr-FR","@id":"https:\/\/www.meslibellules.fr\/blog\/2022\/02\/08\/sympetrum-fonscolombii-galerie-2\/#primaryimage","url":"https:\/\/www.meslibellules.fr\/blog\/wp-content\/uploads\/acc_fonscolombii.gif","contentUrl":"https:\/\/www.meslibellules.fr\/blog\/wp-content\/uploads\/acc_fonscolombii.gif","width":100,"height":20},{"@type":"BreadcrumbList","@id":"https:\/\/www.meslibellules.fr\/blog\/2022\/02\/08\/sympetrum-fonscolombii-galerie-2\/#breadcrumb","itemListElement":[{"@type":"ListItem","position":1,"name":"Accueil","item":"https:\/\/www.meslibellules.fr\/blog\/"},{"@type":"ListItem","position":2,"name":"Sympetrum fonscolombii : Galerie"}]},{"@type":"WebSite","@id":"https:\/\/www.meslibellules.fr\/blog\/#website","url":"https:\/\/www.meslibellules.fr\/blog\/","name":"Mes Libellules","description":"Pr\u00e9sentation des libellules rencontr\u00e9es dans le monde","publisher":{"@id":"https:\/\/www.meslibellules.fr\/blog\/#\/schema\/person\/9aa3586f9dd053fcf329f43b8b053c77"},"potentialAction":[{"@type":"SearchAction","target":{"@type":"EntryPoint","urlTemplate":"https:\/\/www.meslibellules.fr\/blog\/?s={search_term_string}"},"query-input":{"@type":"PropertyValueSpecification","valueRequired":true,"valueName":"search_term_string"}}],"inLanguage":"fr-FR"},{"@type":["Person","Organization"],"@id":"https:\/\/www.meslibellules.fr\/blog\/#\/schema\/person\/9aa3586f9dd053fcf329f43b8b053c77","name":"Beno\u00eet Guillon","image":{"@type":"ImageObject","inLanguage":"fr-FR","@id":"https:\/\/www.meslibellules.fr\/blog\/wp-content\/uploads\/cropped-avatar-150-pix.jpg","url":"https:\/\/www.meslibellules.fr\/blog\/wp-content\/uploads\/cropped-avatar-150-pix.jpg","contentUrl":"https:\/\/www.meslibellules.fr\/blog\/wp-content\/uploads\/cropped-avatar-150-pix.jpg","width":150,"height":137,"caption":"Beno\u00eet Guillon"},"logo":{"@id":"https:\/\/www.meslibellules.fr\/blog\/wp-content\/uploads\/cropped-avatar-150-pix.jpg"},"sameAs":["https:\/\/www.facebook.com\/benoit.guillon.96\/"]}]}},"_links":{"self":[{"href":"https:\/\/www.meslibellules.fr\/blog\/wp-json\/wp\/v2\/posts\/10523","targetHints":{"allow":["GET"]}}],"collection":[{"href":"https:\/\/www.meslibellules.fr\/blog\/wp-json\/wp\/v2\/posts"}],"about":[{"href":"https:\/\/www.meslibellules.fr\/blog\/wp-json\/wp\/v2\/types\/post"}],"author":[{"embeddable":true,"href":"https:\/\/www.meslibellules.fr\/blog\/wp-json\/wp\/v2\/users\/1"}],"replies":[{"embeddable":true,"href":"https:\/\/www.meslibellules.fr\/blog\/wp-json\/wp\/v2\/comments?post=10523"}],"version-history":[{"count":1,"href":"https:\/\/www.meslibellules.fr\/blog\/wp-json\/wp\/v2\/posts\/10523\/revisions"}],"predecessor-version":[{"id":26317,"href":"https:\/\/www.meslibellules.fr\/blog\/wp-json\/wp\/v2\/posts\/10523\/revisions\/26317"}],"wp:attachment":[{"href":"https:\/\/www.meslibellules.fr\/blog\/wp-json\/wp\/v2\/media?parent=10523"}],"wp:term":[{"taxonomy":"category","embeddable":true,"href":"https:\/\/www.meslibellules.fr\/blog\/wp-json\/wp\/v2\/categories?post=10523"},{"taxonomy":"post_tag","embeddable":true,"href":"https:\/\/www.meslibellules.fr\/blog\/wp-json\/wp\/v2\/tags?post=10523"}],"curies":[{"name":"wp","href":"https:\/\/api.w.org\/{rel}","templated":true}]}}