{"id":10529,"date":"2022-02-09T19:22:24","date_gmt":"2022-02-09T18:22:24","guid":{"rendered":"https:\/\/www.meslibellules.fr\/blog\/?p=10529"},"modified":"2024-02-23T22:09:32","modified_gmt":"2024-02-23T21:09:32","slug":"chalcolestes-viridis-un-repas-peu-commun","status":"publish","type":"post","link":"https:\/\/www.meslibellules.fr\/blog\/2022\/02\/09\/chalcolestes-viridis-un-repas-peu-commun\/","title":{"rendered":"Chalcolestes viridis : un repas peu commun"},"content":{"rendered":"\n<div style=\"height:36px\" aria-hidden=\"true\" class=\"wp-block-spacer\"><\/div>\n\n\n\n<figure class=\"wp-block-image size-full is-resized\"><a href=\"https:\/\/www.meslibellules.fr\/blog\/wp-content\/uploads\/chalcolestes-viridis-predation.webp\"><img decoding=\"async\" width=\"1794\" height=\"1204\" data-src=\"https:\/\/www.meslibellules.fr\/blog\/wp-content\/uploads\/chalcolestes-viridis-predation.webp\" alt=\"Chalcolestes viridis m\u00e2le, pr\u00e9dation sur un Trechinae, \u00c9tang de P\u00e9ronne (France-49), 20\/09\/2015\" class=\"wp-image-10530 lazyload\" style=\"--smush-placeholder-width: 1794px; --smush-placeholder-aspect-ratio: 1794\/1204;width:624px;height:418px\" data-srcset=\"https:\/\/www.meslibellules.fr\/blog\/wp-content\/uploads\/chalcolestes-viridis-predation.webp 1794w, https:\/\/www.meslibellules.fr\/blog\/wp-content\/uploads\/chalcolestes-viridis-predation-768x515.webp 768w, https:\/\/www.meslibellules.fr\/blog\/wp-content\/uploads\/chalcolestes-viridis-predation-1536x1031.webp 1536w, https:\/\/www.meslibellules.fr\/blog\/wp-content\/uploads\/chalcolestes-viridis-predation-1200x805.webp 1200w\" data-sizes=\"(max-width: 1794px) 100vw, 1794px\" src=\"data:image\/svg+xml;base64,PHN2ZyB3aWR0aD0iMSIgaGVpZ2h0PSIxIiB4bWxucz0iaHR0cDovL3d3dy53My5vcmcvMjAwMC9zdmciPjwvc3ZnPg==\" \/><\/a><figcaption class=\"wp-element-caption\">Chalcolestes viridis m\u00e2le, pr\u00e9dation sur un Trechinae, \u00c9tang de P\u00e9ronne (France-49), 20\/09\/2015<\/figcaption><\/figure>\n\n\n\n<p style=\"font-size:15px\">Les odonates sont exclusivement carnivores et mangent une grande vari\u00e9t\u00e9 d&rsquo;insectes ;  dipt\u00e8res, hym\u00e9nopt\u00e8res, l\u00e9pidopt\u00e8res&#8230; Il est rare de les voir manger des araign\u00e9es, et sans doute presque aussi rare pour eux de manger, comme ici, un col\u00e9opt\u00e8re.<br>Celui-ci mesure entre 3 et 4 mm et fait partie de Trechinae, une sous-famille des Carabidae. Il faut noter que le Chalcolestes se d\u00e9lecte de l&rsquo;abdomen, qu&rsquo;il a pris soin de s\u00e9parer du reste de la b\u00eate, que l&rsquo;on voit entre ses pattes ant\u00e9rieures (les pattes de chasse) et qu&rsquo;il ne mange certainement pas les \u00e9lytres rest\u00e9s fix\u00e9s au thorax&#8230;<br><br>Suite \u00e0 mes interrogations sur Facebook, on me dit que le genre Aphylla, de grands Gomphidae d&rsquo;Am\u00e9rique tropicale, se nourriraient r\u00e9guli\u00e8rement de col\u00e9opt\u00e8res.<\/p>\n\n\n\n<div style=\"height:40px\" aria-hidden=\"true\" class=\"wp-block-spacer\"><\/div>\n\n\n\n<figure class=\"wp-block-image size-full\"><a href=\"http:\/\/www.meslibellules.fr\/pagesweb\/lestidae\/viridis\/lestes-viridis-accueil.php\"><img decoding=\"async\" width=\"115\" height=\"20\" data-src=\"https:\/\/www.meslibellules.fr\/blog\/wp-content\/uploads\/accueil-Cviridis-115-20.gif\" alt=\"Accueil C. viridis\" class=\"wp-image-10498 lazyload\" src=\"data:image\/svg+xml;base64,PHN2ZyB3aWR0aD0iMSIgaGVpZ2h0PSIxIiB4bWxucz0iaHR0cDovL3d3dy53My5vcmcvMjAwMC9zdmciPjwvc3ZnPg==\" style=\"--smush-placeholder-width: 115px; --smush-placeholder-aspect-ratio: 115\/20;\" \/><\/a><\/figure>\n\n\n\n<figure class=\"wp-block-image size-full\"><a href=\"https:\/\/www.meslibellules.fr\/blog\/\"><img decoding=\"async\" width=\"115\" height=\"20\" data-src=\"https:\/\/www.meslibellules.fr\/blog\/wp-content\/uploads\/accueil-115-20.jpg\" alt=\"bouton accueil big\" class=\"wp-image-10292 lazyload\" src=\"data:image\/svg+xml;base64,PHN2ZyB3aWR0aD0iMSIgaGVpZ2h0PSIxIiB4bWxucz0iaHR0cDovL3d3dy53My5vcmcvMjAwMC9zdmciPjwvc3ZnPg==\" style=\"--smush-placeholder-width: 115px; --smush-placeholder-aspect-ratio: 115\/20;\" \/><\/a><\/figure>\n","protected":false},"excerpt":{"rendered":"<p>Les odonates sont exclusivement carnivores et mangent une grande vari\u00e9t\u00e9 d&rsquo;insectes ; dipt\u00e8res, hym\u00e9nopt\u00e8res, l\u00e9pidopt\u00e8res&#8230; Il est rare de les voir manger des araign\u00e9es, et sans doute presque aussi rare pour eux de manger, comme ici, un col\u00e9opt\u00e8re.Celui-ci mesure entre 3 et 4 mm et fait partie de Trechinae, une sous-famille des Carabidae. Il faut [&hellip;]<\/p>\n","protected":false},"author":1,"featured_media":0,"comment_status":"open","ping_status":"open","sticky":false,"template":"","format":"image","meta":{"site-sidebar-layout":"default","site-content-layout":"","ast-site-content-layout":"default","site-content-style":"default","site-sidebar-style":"default","ast-global-header-display":"","ast-banner-title-visibility":"","ast-main-header-display":"","ast-hfb-above-header-display":"","ast-hfb-below-header-display":"","ast-hfb-mobile-header-display":"","site-post-title":"","ast-breadcrumbs-content":"","ast-featured-img":"","footer-sml-layout":"","ast-disable-related-posts":"","theme-transparent-header-meta":"","adv-header-id-meta":"","stick-header-meta":"","header-above-stick-meta":"","header-main-stick-meta":"","header-below-stick-meta":"","astra-migrate-meta-layouts":"set","ast-page-background-enabled":"default","ast-page-background-meta":{"desktop":{"background-color":"var(--ast-global-color-4)","background-image":"","background-repeat":"repeat","background-position":"center center","background-size":"auto","background-attachment":"scroll","background-type":"","background-media":"","overlay-type":"","overlay-color":"","overlay-opacity":"","overlay-gradient":""},"tablet":{"background-color":"","background-image":"","background-repeat":"repeat","background-position":"center center","background-size":"auto","background-attachment":"scroll","background-type":"","background-media":"","overlay-type":"","overlay-color":"","overlay-opacity":"","overlay-gradient":""},"mobile":{"background-color":"","background-image":"","background-repeat":"repeat","background-position":"center center","background-size":"auto","background-attachment":"scroll","background-type":"","background-media":"","overlay-type":"","overlay-color":"","overlay-opacity":"","overlay-gradient":""}},"ast-content-background-meta":{"desktop":{"background-color":"var(--ast-global-color-5)","background-image":"","background-repeat":"repeat","background-position":"center center","background-size":"auto","background-attachment":"scroll","background-type":"","background-media":"","overlay-type":"","overlay-color":"","overlay-opacity":"","overlay-gradient":""},"tablet":{"background-color":"var(--ast-global-color-5)","background-image":"","background-repeat":"repeat","background-position":"center center","background-size":"auto","background-attachment":"scroll","background-type":"","background-media":"","overlay-type":"","overlay-color":"","overlay-opacity":"","overlay-gradient":""},"mobile":{"background-color":"var(--ast-global-color-5)","background-image":"","background-repeat":"repeat","background-position":"center center","background-size":"auto","background-attachment":"scroll","background-type":"","background-media":"","overlay-type":"","overlay-color":"","overlay-opacity":"","overlay-gradient":""}},"footnotes":""},"categories":[673,55,90,676],"tags":[677,619],"class_list":["post-10529","post","type-post","status-publish","format-image","hentry","category-chalcolestes-viridis","category-france","category-lestidae-france","category-predation-par-odonates","tag-predation-par-odonates","tag-repas","post_format-post-format-image"],"yoast_head":"<!-- This site is optimized with the Yoast SEO plugin v27.5 - https:\/\/yoast.com\/product\/yoast-seo-wordpress\/ -->\n<title>Chalcolestes viridis : un repas peu commun - Mes Libellules<\/title>\n<meta name=\"robots\" content=\"index, follow, max-snippet:-1, max-image-preview:large, max-video-preview:-1\" \/>\n<link rel=\"canonical\" href=\"https:\/\/www.meslibellules.fr\/blog\/2022\/02\/09\/chalcolestes-viridis-un-repas-peu-commun\/\" \/>\n<meta property=\"og:locale\" content=\"fr_FR\" \/>\n<meta property=\"og:type\" content=\"article\" \/>\n<meta property=\"og:title\" content=\"Chalcolestes viridis : un repas peu commun - Mes Libellules\" \/>\n<meta property=\"og:description\" content=\"Les odonates sont exclusivement carnivores et mangent une grande vari\u00e9t\u00e9 d&rsquo;insectes ; dipt\u00e8res, hym\u00e9nopt\u00e8res, l\u00e9pidopt\u00e8res&#8230; Il est rare de les voir manger des araign\u00e9es, et sans doute presque aussi rare pour eux de manger, comme ici, un col\u00e9opt\u00e8re.Celui-ci mesure entre 3 et 4 mm et fait partie de Trechinae, une sous-famille des Carabidae. Il faut [&hellip;]\" \/>\n<meta property=\"og:url\" content=\"https:\/\/www.meslibellules.fr\/blog\/2022\/02\/09\/chalcolestes-viridis-un-repas-peu-commun\/\" \/>\n<meta property=\"og:site_name\" content=\"Mes Libellules\" \/>\n<meta property=\"article:publisher\" content=\"https:\/\/www.facebook.com\/benoit.guillon.96\/\" \/>\n<meta property=\"article:author\" content=\"https:\/\/www.facebook.com\/benoit.guillon.96\/\" \/>\n<meta property=\"article:published_time\" content=\"2022-02-09T18:22:24+00:00\" \/>\n<meta property=\"article:modified_time\" content=\"2024-02-23T21:09:32+00:00\" \/>\n<meta property=\"og:image\" content=\"https:\/\/www.meslibellules.fr\/blog\/wp-content\/uploads\/chalcolestes-viridis-predation.webp\" \/>\n<meta name=\"author\" content=\"Beno\u00eet Guillon\" \/>\n<meta name=\"twitter:card\" content=\"summary_large_image\" \/>\n<meta name=\"twitter:label1\" content=\"\u00c9crit par\" \/>\n\t<meta name=\"twitter:data1\" content=\"Beno\u00eet Guillon\" \/>\n\t<meta name=\"twitter:label2\" content=\"Dur\u00e9e de lecture estim\u00e9e\" \/>\n\t<meta name=\"twitter:data2\" content=\"2 minutes\" \/>\n<script type=\"application\/ld+json\" class=\"yoast-schema-graph\">{\"@context\":\"https:\\\/\\\/schema.org\",\"@graph\":[{\"@type\":\"Article\",\"@id\":\"https:\\\/\\\/www.meslibellules.fr\\\/blog\\\/2022\\\/02\\\/09\\\/chalcolestes-viridis-un-repas-peu-commun\\\/#article\",\"isPartOf\":{\"@id\":\"https:\\\/\\\/www.meslibellules.fr\\\/blog\\\/2022\\\/02\\\/09\\\/chalcolestes-viridis-un-repas-peu-commun\\\/\"},\"author\":{\"name\":\"Beno\u00eet Guillon\",\"@id\":\"https:\\\/\\\/www.meslibellules.fr\\\/blog\\\/#\\\/schema\\\/person\\\/9aa3586f9dd053fcf329f43b8b053c77\"},\"headline\":\"Chalcolestes viridis : un repas peu commun\",\"datePublished\":\"2022-02-09T18:22:24+00:00\",\"dateModified\":\"2024-02-23T21:09:32+00:00\",\"mainEntityOfPage\":{\"@id\":\"https:\\\/\\\/www.meslibellules.fr\\\/blog\\\/2022\\\/02\\\/09\\\/chalcolestes-viridis-un-repas-peu-commun\\\/\"},\"wordCount\":163,\"commentCount\":0,\"publisher\":{\"@id\":\"https:\\\/\\\/www.meslibellules.fr\\\/blog\\\/#\\\/schema\\\/person\\\/9aa3586f9dd053fcf329f43b8b053c77\"},\"image\":{\"@id\":\"https:\\\/\\\/www.meslibellules.fr\\\/blog\\\/2022\\\/02\\\/09\\\/chalcolestes-viridis-un-repas-peu-commun\\\/#primaryimage\"},\"thumbnailUrl\":\"https:\\\/\\\/www.meslibellules.fr\\\/blog\\\/wp-content\\\/uploads\\\/chalcolestes-viridis-predation.webp\",\"keywords\":[\"Pr\u00e9dation par odonates\",\"Repas\"],\"articleSection\":[\"Chalcolestes viridis\",\"France\",\"Lestidae\",\"Pr\u00e9dation par odonates\"],\"inLanguage\":\"fr-FR\",\"potentialAction\":[{\"@type\":\"CommentAction\",\"name\":\"Comment\",\"target\":[\"https:\\\/\\\/www.meslibellules.fr\\\/blog\\\/2022\\\/02\\\/09\\\/chalcolestes-viridis-un-repas-peu-commun\\\/#respond\"]}]},{\"@type\":\"WebPage\",\"@id\":\"https:\\\/\\\/www.meslibellules.fr\\\/blog\\\/2022\\\/02\\\/09\\\/chalcolestes-viridis-un-repas-peu-commun\\\/\",\"url\":\"https:\\\/\\\/www.meslibellules.fr\\\/blog\\\/2022\\\/02\\\/09\\\/chalcolestes-viridis-un-repas-peu-commun\\\/\",\"name\":\"Chalcolestes viridis : un repas peu commun - Mes Libellules\",\"isPartOf\":{\"@id\":\"https:\\\/\\\/www.meslibellules.fr\\\/blog\\\/#website\"},\"primaryImageOfPage\":{\"@id\":\"https:\\\/\\\/www.meslibellules.fr\\\/blog\\\/2022\\\/02\\\/09\\\/chalcolestes-viridis-un-repas-peu-commun\\\/#primaryimage\"},\"image\":{\"@id\":\"https:\\\/\\\/www.meslibellules.fr\\\/blog\\\/2022\\\/02\\\/09\\\/chalcolestes-viridis-un-repas-peu-commun\\\/#primaryimage\"},\"thumbnailUrl\":\"https:\\\/\\\/www.meslibellules.fr\\\/blog\\\/wp-content\\\/uploads\\\/chalcolestes-viridis-predation.webp\",\"datePublished\":\"2022-02-09T18:22:24+00:00\",\"dateModified\":\"2024-02-23T21:09:32+00:00\",\"breadcrumb\":{\"@id\":\"https:\\\/\\\/www.meslibellules.fr\\\/blog\\\/2022\\\/02\\\/09\\\/chalcolestes-viridis-un-repas-peu-commun\\\/#breadcrumb\"},\"inLanguage\":\"fr-FR\",\"potentialAction\":[{\"@type\":\"ReadAction\",\"target\":[\"https:\\\/\\\/www.meslibellules.fr\\\/blog\\\/2022\\\/02\\\/09\\\/chalcolestes-viridis-un-repas-peu-commun\\\/\"]}]},{\"@type\":\"ImageObject\",\"inLanguage\":\"fr-FR\",\"@id\":\"https:\\\/\\\/www.meslibellules.fr\\\/blog\\\/2022\\\/02\\\/09\\\/chalcolestes-viridis-un-repas-peu-commun\\\/#primaryimage\",\"url\":\"https:\\\/\\\/www.meslibellules.fr\\\/blog\\\/wp-content\\\/uploads\\\/chalcolestes-viridis-predation.webp\",\"contentUrl\":\"https:\\\/\\\/www.meslibellules.fr\\\/blog\\\/wp-content\\\/uploads\\\/chalcolestes-viridis-predation.webp\",\"width\":1794,\"height\":1204,\"caption\":\"Chalcolestes viridis m\u00e2le, pr\u00e9dation sur un Trechinae, \u00c9tang de P\u00e9ronne (France-49), 20\\\/09\\\/2015\"},{\"@type\":\"BreadcrumbList\",\"@id\":\"https:\\\/\\\/www.meslibellules.fr\\\/blog\\\/2022\\\/02\\\/09\\\/chalcolestes-viridis-un-repas-peu-commun\\\/#breadcrumb\",\"itemListElement\":[{\"@type\":\"ListItem\",\"position\":1,\"name\":\"Accueil\",\"item\":\"https:\\\/\\\/www.meslibellules.fr\\\/blog\\\/\"},{\"@type\":\"ListItem\",\"position\":2,\"name\":\"Chalcolestes viridis : un repas peu commun\"}]},{\"@type\":\"WebSite\",\"@id\":\"https:\\\/\\\/www.meslibellules.fr\\\/blog\\\/#website\",\"url\":\"https:\\\/\\\/www.meslibellules.fr\\\/blog\\\/\",\"name\":\"Mes Libellules\",\"description\":\"Pr\u00e9sentation des libellules rencontr\u00e9es dans le monde\",\"publisher\":{\"@id\":\"https:\\\/\\\/www.meslibellules.fr\\\/blog\\\/#\\\/schema\\\/person\\\/9aa3586f9dd053fcf329f43b8b053c77\"},\"potentialAction\":[{\"@type\":\"SearchAction\",\"target\":{\"@type\":\"EntryPoint\",\"urlTemplate\":\"https:\\\/\\\/www.meslibellules.fr\\\/blog\\\/?s={search_term_string}\"},\"query-input\":{\"@type\":\"PropertyValueSpecification\",\"valueRequired\":true,\"valueName\":\"search_term_string\"}}],\"inLanguage\":\"fr-FR\"},{\"@type\":[\"Person\",\"Organization\"],\"@id\":\"https:\\\/\\\/www.meslibellules.fr\\\/blog\\\/#\\\/schema\\\/person\\\/9aa3586f9dd053fcf329f43b8b053c77\",\"name\":\"Beno\u00eet Guillon\",\"image\":{\"@type\":\"ImageObject\",\"inLanguage\":\"fr-FR\",\"@id\":\"https:\\\/\\\/www.meslibellules.fr\\\/blog\\\/wp-content\\\/uploads\\\/cropped-avatar-150-pix.jpg\",\"url\":\"https:\\\/\\\/www.meslibellules.fr\\\/blog\\\/wp-content\\\/uploads\\\/cropped-avatar-150-pix.jpg\",\"contentUrl\":\"https:\\\/\\\/www.meslibellules.fr\\\/blog\\\/wp-content\\\/uploads\\\/cropped-avatar-150-pix.jpg\",\"width\":150,\"height\":137,\"caption\":\"Beno\u00eet Guillon\"},\"logo\":{\"@id\":\"https:\\\/\\\/www.meslibellules.fr\\\/blog\\\/wp-content\\\/uploads\\\/cropped-avatar-150-pix.jpg\"},\"sameAs\":[\"https:\\\/\\\/www.facebook.com\\\/benoit.guillon.96\\\/\"]}]}<\/script>\n<!-- \/ Yoast SEO plugin. -->","yoast_head_json":{"title":"Chalcolestes viridis : un repas peu commun - Mes Libellules","robots":{"index":"index","follow":"follow","max-snippet":"max-snippet:-1","max-image-preview":"max-image-preview:large","max-video-preview":"max-video-preview:-1"},"canonical":"https:\/\/www.meslibellules.fr\/blog\/2022\/02\/09\/chalcolestes-viridis-un-repas-peu-commun\/","og_locale":"fr_FR","og_type":"article","og_title":"Chalcolestes viridis : un repas peu commun - Mes Libellules","og_description":"Les odonates sont exclusivement carnivores et mangent une grande vari\u00e9t\u00e9 d&rsquo;insectes ; dipt\u00e8res, hym\u00e9nopt\u00e8res, l\u00e9pidopt\u00e8res&#8230; Il est rare de les voir manger des araign\u00e9es, et sans doute presque aussi rare pour eux de manger, comme ici, un col\u00e9opt\u00e8re.Celui-ci mesure entre 3 et 4 mm et fait partie de Trechinae, une sous-famille des Carabidae. Il faut [&hellip;]","og_url":"https:\/\/www.meslibellules.fr\/blog\/2022\/02\/09\/chalcolestes-viridis-un-repas-peu-commun\/","og_site_name":"Mes Libellules","article_publisher":"https:\/\/www.facebook.com\/benoit.guillon.96\/","article_author":"https:\/\/www.facebook.com\/benoit.guillon.96\/","article_published_time":"2022-02-09T18:22:24+00:00","article_modified_time":"2024-02-23T21:09:32+00:00","og_image":[{"url":"https:\/\/www.meslibellules.fr\/blog\/wp-content\/uploads\/chalcolestes-viridis-predation.webp","type":"","width":"","height":""}],"author":"Beno\u00eet Guillon","twitter_card":"summary_large_image","twitter_misc":{"\u00c9crit par":"Beno\u00eet Guillon","Dur\u00e9e de lecture estim\u00e9e":"2 minutes"},"schema":{"@context":"https:\/\/schema.org","@graph":[{"@type":"Article","@id":"https:\/\/www.meslibellules.fr\/blog\/2022\/02\/09\/chalcolestes-viridis-un-repas-peu-commun\/#article","isPartOf":{"@id":"https:\/\/www.meslibellules.fr\/blog\/2022\/02\/09\/chalcolestes-viridis-un-repas-peu-commun\/"},"author":{"name":"Beno\u00eet Guillon","@id":"https:\/\/www.meslibellules.fr\/blog\/#\/schema\/person\/9aa3586f9dd053fcf329f43b8b053c77"},"headline":"Chalcolestes viridis : un repas peu commun","datePublished":"2022-02-09T18:22:24+00:00","dateModified":"2024-02-23T21:09:32+00:00","mainEntityOfPage":{"@id":"https:\/\/www.meslibellules.fr\/blog\/2022\/02\/09\/chalcolestes-viridis-un-repas-peu-commun\/"},"wordCount":163,"commentCount":0,"publisher":{"@id":"https:\/\/www.meslibellules.fr\/blog\/#\/schema\/person\/9aa3586f9dd053fcf329f43b8b053c77"},"image":{"@id":"https:\/\/www.meslibellules.fr\/blog\/2022\/02\/09\/chalcolestes-viridis-un-repas-peu-commun\/#primaryimage"},"thumbnailUrl":"https:\/\/www.meslibellules.fr\/blog\/wp-content\/uploads\/chalcolestes-viridis-predation.webp","keywords":["Pr\u00e9dation par odonates","Repas"],"articleSection":["Chalcolestes viridis","France","Lestidae","Pr\u00e9dation par odonates"],"inLanguage":"fr-FR","potentialAction":[{"@type":"CommentAction","name":"Comment","target":["https:\/\/www.meslibellules.fr\/blog\/2022\/02\/09\/chalcolestes-viridis-un-repas-peu-commun\/#respond"]}]},{"@type":"WebPage","@id":"https:\/\/www.meslibellules.fr\/blog\/2022\/02\/09\/chalcolestes-viridis-un-repas-peu-commun\/","url":"https:\/\/www.meslibellules.fr\/blog\/2022\/02\/09\/chalcolestes-viridis-un-repas-peu-commun\/","name":"Chalcolestes viridis : un repas peu commun - Mes Libellules","isPartOf":{"@id":"https:\/\/www.meslibellules.fr\/blog\/#website"},"primaryImageOfPage":{"@id":"https:\/\/www.meslibellules.fr\/blog\/2022\/02\/09\/chalcolestes-viridis-un-repas-peu-commun\/#primaryimage"},"image":{"@id":"https:\/\/www.meslibellules.fr\/blog\/2022\/02\/09\/chalcolestes-viridis-un-repas-peu-commun\/#primaryimage"},"thumbnailUrl":"https:\/\/www.meslibellules.fr\/blog\/wp-content\/uploads\/chalcolestes-viridis-predation.webp","datePublished":"2022-02-09T18:22:24+00:00","dateModified":"2024-02-23T21:09:32+00:00","breadcrumb":{"@id":"https:\/\/www.meslibellules.fr\/blog\/2022\/02\/09\/chalcolestes-viridis-un-repas-peu-commun\/#breadcrumb"},"inLanguage":"fr-FR","potentialAction":[{"@type":"ReadAction","target":["https:\/\/www.meslibellules.fr\/blog\/2022\/02\/09\/chalcolestes-viridis-un-repas-peu-commun\/"]}]},{"@type":"ImageObject","inLanguage":"fr-FR","@id":"https:\/\/www.meslibellules.fr\/blog\/2022\/02\/09\/chalcolestes-viridis-un-repas-peu-commun\/#primaryimage","url":"https:\/\/www.meslibellules.fr\/blog\/wp-content\/uploads\/chalcolestes-viridis-predation.webp","contentUrl":"https:\/\/www.meslibellules.fr\/blog\/wp-content\/uploads\/chalcolestes-viridis-predation.webp","width":1794,"height":1204,"caption":"Chalcolestes viridis m\u00e2le, pr\u00e9dation sur un Trechinae, \u00c9tang de P\u00e9ronne (France-49), 20\/09\/2015"},{"@type":"BreadcrumbList","@id":"https:\/\/www.meslibellules.fr\/blog\/2022\/02\/09\/chalcolestes-viridis-un-repas-peu-commun\/#breadcrumb","itemListElement":[{"@type":"ListItem","position":1,"name":"Accueil","item":"https:\/\/www.meslibellules.fr\/blog\/"},{"@type":"ListItem","position":2,"name":"Chalcolestes viridis : un repas peu commun"}]},{"@type":"WebSite","@id":"https:\/\/www.meslibellules.fr\/blog\/#website","url":"https:\/\/www.meslibellules.fr\/blog\/","name":"Mes Libellules","description":"Pr\u00e9sentation des libellules rencontr\u00e9es dans le monde","publisher":{"@id":"https:\/\/www.meslibellules.fr\/blog\/#\/schema\/person\/9aa3586f9dd053fcf329f43b8b053c77"},"potentialAction":[{"@type":"SearchAction","target":{"@type":"EntryPoint","urlTemplate":"https:\/\/www.meslibellules.fr\/blog\/?s={search_term_string}"},"query-input":{"@type":"PropertyValueSpecification","valueRequired":true,"valueName":"search_term_string"}}],"inLanguage":"fr-FR"},{"@type":["Person","Organization"],"@id":"https:\/\/www.meslibellules.fr\/blog\/#\/schema\/person\/9aa3586f9dd053fcf329f43b8b053c77","name":"Beno\u00eet Guillon","image":{"@type":"ImageObject","inLanguage":"fr-FR","@id":"https:\/\/www.meslibellules.fr\/blog\/wp-content\/uploads\/cropped-avatar-150-pix.jpg","url":"https:\/\/www.meslibellules.fr\/blog\/wp-content\/uploads\/cropped-avatar-150-pix.jpg","contentUrl":"https:\/\/www.meslibellules.fr\/blog\/wp-content\/uploads\/cropped-avatar-150-pix.jpg","width":150,"height":137,"caption":"Beno\u00eet Guillon"},"logo":{"@id":"https:\/\/www.meslibellules.fr\/blog\/wp-content\/uploads\/cropped-avatar-150-pix.jpg"},"sameAs":["https:\/\/www.facebook.com\/benoit.guillon.96\/"]}]}},"_links":{"self":[{"href":"https:\/\/www.meslibellules.fr\/blog\/wp-json\/wp\/v2\/posts\/10529","targetHints":{"allow":["GET"]}}],"collection":[{"href":"https:\/\/www.meslibellules.fr\/blog\/wp-json\/wp\/v2\/posts"}],"about":[{"href":"https:\/\/www.meslibellules.fr\/blog\/wp-json\/wp\/v2\/types\/post"}],"author":[{"embeddable":true,"href":"https:\/\/www.meslibellules.fr\/blog\/wp-json\/wp\/v2\/users\/1"}],"replies":[{"embeddable":true,"href":"https:\/\/www.meslibellules.fr\/blog\/wp-json\/wp\/v2\/comments?post=10529"}],"version-history":[{"count":0,"href":"https:\/\/www.meslibellules.fr\/blog\/wp-json\/wp\/v2\/posts\/10529\/revisions"}],"wp:attachment":[{"href":"https:\/\/www.meslibellules.fr\/blog\/wp-json\/wp\/v2\/media?parent=10529"}],"wp:term":[{"taxonomy":"category","embeddable":true,"href":"https:\/\/www.meslibellules.fr\/blog\/wp-json\/wp\/v2\/categories?post=10529"},{"taxonomy":"post_tag","embeddable":true,"href":"https:\/\/www.meslibellules.fr\/blog\/wp-json\/wp\/v2\/tags?post=10529"}],"curies":[{"name":"wp","href":"https:\/\/api.w.org\/{rel}","templated":true}]}}