{"id":10543,"date":"2022-02-11T04:32:19","date_gmt":"2022-02-11T03:32:19","guid":{"rendered":"https:\/\/www.meslibellules.fr\/blog\/?p=10543"},"modified":"2022-02-11T04:32:19","modified_gmt":"2022-02-11T03:32:19","slug":"orthetrum-albistylum-predation-sur-un-diptere","status":"publish","type":"post","link":"https:\/\/www.meslibellules.fr\/blog\/2022\/02\/11\/orthetrum-albistylum-predation-sur-un-diptere\/","title":{"rendered":"Orthetrum albistylum : pr\u00e9dation sur un dipt\u00e8re"},"content":{"rendered":"\n<figure class=\"wp-block-gallery has-nested-images columns-default is-cropped wp-block-gallery-1 is-layout-flex wp-block-gallery-is-layout-flex\">\n<figure class=\"wp-block-image size-large\"><a href=\"https:\/\/www.meslibellules.fr\/blog\/wp-content\/uploads\/orthetrum-albistylum-predation-5.webp\"><img decoding=\"async\" width=\"1833\" height=\"1204\" data-id=\"10538\" data-src=\"https:\/\/www.meslibellules.fr\/blog\/wp-content\/uploads\/orthetrum-albistylum-predation-5.webp\" alt=\"Orthetrum albistylum femelle, Den\u00e9e (France-49), 10\/08\/2021\" class=\"wp-image-10538 lazyload\" data-srcset=\"https:\/\/www.meslibellules.fr\/blog\/wp-content\/uploads\/orthetrum-albistylum-predation-5.webp 1833w, https:\/\/www.meslibellules.fr\/blog\/wp-content\/uploads\/orthetrum-albistylum-predation-5-768x504.webp 768w, https:\/\/www.meslibellules.fr\/blog\/wp-content\/uploads\/orthetrum-albistylum-predation-5-1536x1009.webp 1536w, https:\/\/www.meslibellules.fr\/blog\/wp-content\/uploads\/orthetrum-albistylum-predation-5-1200x788.webp 1200w\" data-sizes=\"(max-width: 1833px) 100vw, 1833px\" src=\"data:image\/svg+xml;base64,PHN2ZyB3aWR0aD0iMSIgaGVpZ2h0PSIxIiB4bWxucz0iaHR0cDovL3d3dy53My5vcmcvMjAwMC9zdmciPjwvc3ZnPg==\" style=\"--smush-placeholder-width: 1833px; --smush-placeholder-aspect-ratio: 1833\/1204;\" \/><\/a><\/figure>\n\n\n\n<figure class=\"wp-block-image size-large\"><a href=\"https:\/\/www.meslibellules.fr\/blog\/wp-content\/uploads\/orthetrum-albistylum-predation-4.webp\"><img decoding=\"async\" width=\"1769\" height=\"1204\" data-id=\"10537\" data-src=\"https:\/\/www.meslibellules.fr\/blog\/wp-content\/uploads\/orthetrum-albistylum-predation-4.webp\" alt=\"Orthetrum albistylum femelle, Den\u00e9e (France-49), 10\/08\/2021\" class=\"wp-image-10537 lazyload\" data-srcset=\"https:\/\/www.meslibellules.fr\/blog\/wp-content\/uploads\/orthetrum-albistylum-predation-4.webp 1769w, https:\/\/www.meslibellules.fr\/blog\/wp-content\/uploads\/orthetrum-albistylum-predation-4-768x523.webp 768w, https:\/\/www.meslibellules.fr\/blog\/wp-content\/uploads\/orthetrum-albistylum-predation-4-1536x1045.webp 1536w, https:\/\/www.meslibellules.fr\/blog\/wp-content\/uploads\/orthetrum-albistylum-predation-4-1200x817.webp 1200w\" data-sizes=\"(max-width: 1769px) 100vw, 1769px\" src=\"data:image\/svg+xml;base64,PHN2ZyB3aWR0aD0iMSIgaGVpZ2h0PSIxIiB4bWxucz0iaHR0cDovL3d3dy53My5vcmcvMjAwMC9zdmciPjwvc3ZnPg==\" style=\"--smush-placeholder-width: 1769px; --smush-placeholder-aspect-ratio: 1769\/1204;\" \/><\/a><\/figure>\n<figcaption class=\"blocks-gallery-caption\">Orthetrum albistylum femelle, Den\u00e9e (France-49), 10\/08\/2021<\/figcaption><\/figure>\n\n\n\n<p style=\"font-size:15px\">Le 10 ao\u00fbt 2021, \u00e0 Den\u00e9e (France-49), je suis parti \u00e0 la recherche de Stylurus flavipes sur les berges et dans les prairies voisinant le Louet, un bras de Loire. On trouve de nombreuses exuvies sur les enrochements qui l&rsquo;endiguent.<br>Au cours de cette qu\u00eate (vaine) j&rsquo;ai rencontr\u00e9 de plusieurs Aeshna affinis et cette femelle Orthetrum albistylum ; elle ne semble pas si veille, mais il manque une partie de son aile ant\u00e9rieure gauche qui montre de l\u00e9gers signes d&rsquo;un d\u00e9veloppement anormal au niveau de la 5\u00b0 veine ant\u00e9nodale. La post\u00e9rieure gauche a \u00e9t\u00e9 plus fortement touch\u00e9e par ce qui ressemble \u00e9galement \u00e0 un accident d&rsquo;\u00e9mergence, avec une coloration ambr\u00e9e insolite.<br>Lass\u00e9e par mon insistance \u00e0 la photographier elle s&rsquo;est d\u00e9plac\u00e9e de supports en supports, jusqu&rsquo;\u00e0 faire un bond plus important\u2026 et presque \u00e0 l&rsquo;ombre de ce jour sans soleil. Je l&rsquo;ai retrouv\u00e9e d\u00e9gustant ce qui m&rsquo;a sembl\u00e9 \u00eatre une <em>mouche<\/em>, mais trop tard pour que je parvienne \u00e0 identifier la proie :<\/p>\n\n\n\n<div class=\"wp-block-image\"><figure class=\"aligncenter size-full is-resized\"><a href=\"https:\/\/www.meslibellules.fr\/blog\/wp-content\/uploads\/orthetrum-albistylum-predation-6.webp\"><img decoding=\"async\" data-src=\"https:\/\/www.meslibellules.fr\/blog\/wp-content\/uploads\/orthetrum-albistylum-predation-6.webp\" alt=\"Orthetrum albistylum femelle, pr\u00e9dation sur dipt\u00e8re, Den\u00e9e (France-49), 10\/08\/2021\" class=\"wp-image-10539 lazyload\" width=\"418\" height=\"391\" data-srcset=\"https:\/\/www.meslibellules.fr\/blog\/wp-content\/uploads\/orthetrum-albistylum-predation-6.webp 1287w, https:\/\/www.meslibellules.fr\/blog\/wp-content\/uploads\/orthetrum-albistylum-predation-6-768x718.webp 768w, https:\/\/www.meslibellules.fr\/blog\/wp-content\/uploads\/orthetrum-albistylum-predation-6-1200x1123.webp 1200w\" data-sizes=\"(max-width: 418px) 100vw, 418px\" src=\"data:image\/svg+xml;base64,PHN2ZyB3aWR0aD0iMSIgaGVpZ2h0PSIxIiB4bWxucz0iaHR0cDovL3d3dy53My5vcmcvMjAwMC9zdmciPjwvc3ZnPg==\" style=\"--smush-placeholder-width: 418px; --smush-placeholder-aspect-ratio: 418\/391;\" \/><\/a><figcaption>Orthetrum albistylum femelle, pr\u00e9dation sur dipt\u00e8re, Den\u00e9e (France-49), 10\/08\/2021<\/figcaption><\/figure><\/div>\n\n\n\n<p style=\"font-size:15px\">Un expert forensique pourrait quelques minutes plus tard retrouver au sol les ailes et les pattes pour tenter l&rsquo;identification : les odonates sont des gourmets et ne mangent pas les parties fortement scl\u00e9rifi\u00e9es. <\/p>\n\n\n\n<div class=\"wp-block-image\"><figure class=\"aligncenter size-full is-resized\"><a href=\"https:\/\/www.meslibellules.fr\/blog\/wp-content\/uploads\/orthetrum-albistylum-predation-7.webp\"><img decoding=\"async\" data-src=\"https:\/\/www.meslibellules.fr\/blog\/wp-content\/uploads\/orthetrum-albistylum-predation-7.webp\" alt=\"Orthetrum albistylum femelle, Den\u00e9e (France-49), 10\/08\/2021\" class=\"wp-image-10540 lazyload\" width=\"418\" data-srcset=\"https:\/\/www.meslibellules.fr\/blog\/wp-content\/uploads\/orthetrum-albistylum-predation-7.webp 1140w, https:\/\/www.meslibellules.fr\/blog\/wp-content\/uploads\/orthetrum-albistylum-predation-7-768x676.webp 768w\" data-sizes=\"(max-width: 1140px) 100vw, 1140px\" src=\"data:image\/svg+xml;base64,PHN2ZyB3aWR0aD0iMSIgaGVpZ2h0PSIxIiB4bWxucz0iaHR0cDovL3d3dy53My5vcmcvMjAwMC9zdmciPjwvc3ZnPg==\" style=\"--smush-placeholder-width: 1140px; --smush-placeholder-aspect-ratio: 1140\/1004;\" \/><\/a><figcaption>Orthetrum albistylum femelle, Den\u00e9e (France-49), 10\/08\/2021<\/figcaption><\/figure><\/div>\n\n\n\n<div style=\"height:40px\" aria-hidden=\"true\" class=\"wp-block-spacer\"><\/div>\n\n\n\n<figure class=\"wp-block-image size-full\"><a href=\"https:\/\/www.meslibellules.fr\/blog\/2020\/11\/14\/orthetrum-albistylum-predation-sur-pyropteron-chrysidiformis\/\"><img decoding=\"async\" width=\"100\" height=\"20\" data-src=\"https:\/\/www.meslibellules.fr\/blog\/wp-content\/uploads\/retour.gif\" alt=\"\" class=\"wp-image-8468 lazyload\" src=\"data:image\/svg+xml;base64,PHN2ZyB3aWR0aD0iMSIgaGVpZ2h0PSIxIiB4bWxucz0iaHR0cDovL3d3dy53My5vcmcvMjAwMC9zdmciPjwvc3ZnPg==\" style=\"--smush-placeholder-width: 100px; --smush-placeholder-aspect-ratio: 100\/20;\" \/><\/a><\/figure>\n\n\n\n<figure class=\"wp-block-image size-full\"><a href=\"http:\/\/www.meslibellules.fr\/pagesweb\/libellulidae\/orthetrum\/albistylum\/orthetrum-albistylum-accueil.php\"><img decoding=\"async\" width=\"100\" height=\"20\" data-src=\"https:\/\/www.meslibellules.fr\/blog\/wp-content\/uploads\/accueil_albi.gif\" alt=\"\" class=\"wp-image-7764 lazyload\" src=\"data:image\/svg+xml;base64,PHN2ZyB3aWR0aD0iMSIgaGVpZ2h0PSIxIiB4bWxucz0iaHR0cDovL3d3dy53My5vcmcvMjAwMC9zdmciPjwvc3ZnPg==\" style=\"--smush-placeholder-width: 100px; --smush-placeholder-aspect-ratio: 100\/20;\" \/><\/a><\/figure>\n\n\n\n<figure class=\"wp-block-image size-full\"><a href=\"https:\/\/www.meslibellules.fr\/blog\/\"><img decoding=\"async\" width=\"100\" height=\"20\" data-src=\"https:\/\/www.meslibellules.fr\/blog\/wp-content\/uploads\/accueil-3.gif\" alt=\"\" class=\"wp-image-8466 lazyload\" src=\"data:image\/svg+xml;base64,PHN2ZyB3aWR0aD0iMSIgaGVpZ2h0PSIxIiB4bWxucz0iaHR0cDovL3d3dy53My5vcmcvMjAwMC9zdmciPjwvc3ZnPg==\" style=\"--smush-placeholder-width: 100px; --smush-placeholder-aspect-ratio: 100\/20;\" \/><\/a><\/figure>\n","protected":false},"excerpt":{"rendered":"<p>Le 10 ao\u00fbt 2021, \u00e0 Den\u00e9e (France-49), je suis parti \u00e0 la recherche de Stylurus flavipes sur les berges et dans les prairies voisinant le Louet, un bras de Loire. On trouve de nombreuses exuvies sur les enrochements qui l&rsquo;endiguent.Au cours de cette qu\u00eate (vaine) j&rsquo;ai rencontr\u00e9 de plusieurs Aeshna affinis et cette femelle Orthetrum [&hellip;]<\/p>\n","protected":false},"author":1,"featured_media":0,"comment_status":"open","ping_status":"open","sticky":false,"template":"","format":"image","meta":{"site-sidebar-layout":"default","site-content-layout":"","ast-site-content-layout":"default","site-content-style":"default","site-sidebar-style":"default","ast-global-header-display":"","ast-banner-title-visibility":"","ast-main-header-display":"","ast-hfb-above-header-display":"","ast-hfb-below-header-display":"","ast-hfb-mobile-header-display":"","site-post-title":"","ast-breadcrumbs-content":"","ast-featured-img":"","footer-sml-layout":"","ast-disable-related-posts":"","theme-transparent-header-meta":"","adv-header-id-meta":"","stick-header-meta":"","header-above-stick-meta":"","header-main-stick-meta":"","header-below-stick-meta":"","astra-migrate-meta-layouts":"default","ast-page-background-enabled":"default","ast-page-background-meta":{"desktop":{"background-color":"var(--ast-global-color-4)","background-image":"","background-repeat":"repeat","background-position":"center center","background-size":"auto","background-attachment":"scroll","background-type":"","background-media":"","overlay-type":"","overlay-color":"","overlay-opacity":"","overlay-gradient":""},"tablet":{"background-color":"","background-image":"","background-repeat":"repeat","background-position":"center center","background-size":"auto","background-attachment":"scroll","background-type":"","background-media":"","overlay-type":"","overlay-color":"","overlay-opacity":"","overlay-gradient":""},"mobile":{"background-color":"","background-image":"","background-repeat":"repeat","background-position":"center center","background-size":"auto","background-attachment":"scroll","background-type":"","background-media":"","overlay-type":"","overlay-color":"","overlay-opacity":"","overlay-gradient":""}},"ast-content-background-meta":{"desktop":{"background-color":"var(--ast-global-color-5)","background-image":"","background-repeat":"repeat","background-position":"center center","background-size":"auto","background-attachment":"scroll","background-type":"","background-media":"","overlay-type":"","overlay-color":"","overlay-opacity":"","overlay-gradient":""},"tablet":{"background-color":"var(--ast-global-color-5)","background-image":"","background-repeat":"repeat","background-position":"center center","background-size":"auto","background-attachment":"scroll","background-type":"","background-media":"","overlay-type":"","overlay-color":"","overlay-opacity":"","overlay-gradient":""},"mobile":{"background-color":"var(--ast-global-color-5)","background-image":"","background-repeat":"repeat","background-position":"center center","background-size":"auto","background-attachment":"scroll","background-type":"","background-media":"","overlay-type":"","overlay-color":"","overlay-opacity":"","overlay-gradient":""}},"footnotes":""},"categories":[55,56,130,676],"tags":[677,619],"class_list":["post-10543","post","type-post","status-publish","format-image","hentry","category-france","category-libellulidae-france","category-orthetrum-albistylum","category-predation-par-odonates","tag-predation-par-odonates","tag-repas","post_format-post-format-image"],"yoast_head":"<!-- This site is optimized with the Yoast SEO plugin v27.5 - https:\/\/yoast.com\/product\/yoast-seo-wordpress\/ -->\n<title>Orthetrum albistylum : pr\u00e9dation sur un dipt\u00e8re - Mes Libellules<\/title>\n<meta name=\"robots\" content=\"index, follow, max-snippet:-1, max-image-preview:large, max-video-preview:-1\" \/>\n<link rel=\"canonical\" href=\"https:\/\/www.meslibellules.fr\/blog\/2022\/02\/11\/orthetrum-albistylum-predation-sur-un-diptere\/\" \/>\n<meta property=\"og:locale\" content=\"fr_FR\" \/>\n<meta property=\"og:type\" content=\"article\" \/>\n<meta property=\"og:title\" content=\"Orthetrum albistylum : pr\u00e9dation sur un dipt\u00e8re - Mes Libellules\" \/>\n<meta property=\"og:description\" content=\"Le 10 ao\u00fbt 2021, \u00e0 Den\u00e9e (France-49), je suis parti \u00e0 la recherche de Stylurus flavipes sur les berges et dans les prairies voisinant le Louet, un bras de Loire. On trouve de nombreuses exuvies sur les enrochements qui l&rsquo;endiguent.Au cours de cette qu\u00eate (vaine) j&rsquo;ai rencontr\u00e9 de plusieurs Aeshna affinis et cette femelle Orthetrum [&hellip;]\" \/>\n<meta property=\"og:url\" content=\"https:\/\/www.meslibellules.fr\/blog\/2022\/02\/11\/orthetrum-albistylum-predation-sur-un-diptere\/\" \/>\n<meta property=\"og:site_name\" content=\"Mes Libellules\" \/>\n<meta property=\"article:publisher\" content=\"https:\/\/www.facebook.com\/benoit.guillon.96\/\" \/>\n<meta property=\"article:author\" content=\"https:\/\/www.facebook.com\/benoit.guillon.96\/\" \/>\n<meta property=\"article:published_time\" content=\"2022-02-11T03:32:19+00:00\" \/>\n<meta property=\"og:image\" content=\"https:\/\/www.meslibellules.fr\/blog\/wp-content\/uploads\/orthetrum-albistylum-predation-5.webp\" \/>\n<meta name=\"author\" content=\"Beno\u00eet Guillon\" \/>\n<meta name=\"twitter:card\" content=\"summary_large_image\" \/>\n<meta name=\"twitter:label1\" content=\"\u00c9crit par\" \/>\n\t<meta name=\"twitter:data1\" content=\"Beno\u00eet Guillon\" \/>\n\t<meta name=\"twitter:label2\" content=\"Dur\u00e9e de lecture estim\u00e9e\" \/>\n\t<meta name=\"twitter:data2\" content=\"1 minute\" \/>\n<script type=\"application\/ld+json\" class=\"yoast-schema-graph\">{\"@context\":\"https:\\\/\\\/schema.org\",\"@graph\":[{\"@type\":\"Article\",\"@id\":\"https:\\\/\\\/www.meslibellules.fr\\\/blog\\\/2022\\\/02\\\/11\\\/orthetrum-albistylum-predation-sur-un-diptere\\\/#article\",\"isPartOf\":{\"@id\":\"https:\\\/\\\/www.meslibellules.fr\\\/blog\\\/2022\\\/02\\\/11\\\/orthetrum-albistylum-predation-sur-un-diptere\\\/\"},\"author\":{\"name\":\"Beno\u00eet Guillon\",\"@id\":\"https:\\\/\\\/www.meslibellules.fr\\\/blog\\\/#\\\/schema\\\/person\\\/9aa3586f9dd053fcf329f43b8b053c77\"},\"headline\":\"Orthetrum albistylum : pr\u00e9dation sur un dipt\u00e8re\",\"datePublished\":\"2022-02-11T03:32:19+00:00\",\"mainEntityOfPage\":{\"@id\":\"https:\\\/\\\/www.meslibellules.fr\\\/blog\\\/2022\\\/02\\\/11\\\/orthetrum-albistylum-predation-sur-un-diptere\\\/\"},\"wordCount\":241,\"commentCount\":0,\"publisher\":{\"@id\":\"https:\\\/\\\/www.meslibellules.fr\\\/blog\\\/#\\\/schema\\\/person\\\/9aa3586f9dd053fcf329f43b8b053c77\"},\"image\":{\"@id\":\"https:\\\/\\\/www.meslibellules.fr\\\/blog\\\/2022\\\/02\\\/11\\\/orthetrum-albistylum-predation-sur-un-diptere\\\/#primaryimage\"},\"thumbnailUrl\":\"https:\\\/\\\/www.meslibellules.fr\\\/blog\\\/wp-content\\\/uploads\\\/orthetrum-albistylum-predation-5.webp\",\"keywords\":[\"Pr\u00e9dation par odonates\",\"Repas\"],\"articleSection\":[\"France\",\"Libellulidae\",\"Orthetrum albistylum\",\"Pr\u00e9dation par odonates\"],\"inLanguage\":\"fr-FR\",\"potentialAction\":[{\"@type\":\"CommentAction\",\"name\":\"Comment\",\"target\":[\"https:\\\/\\\/www.meslibellules.fr\\\/blog\\\/2022\\\/02\\\/11\\\/orthetrum-albistylum-predation-sur-un-diptere\\\/#respond\"]}]},{\"@type\":\"WebPage\",\"@id\":\"https:\\\/\\\/www.meslibellules.fr\\\/blog\\\/2022\\\/02\\\/11\\\/orthetrum-albistylum-predation-sur-un-diptere\\\/\",\"url\":\"https:\\\/\\\/www.meslibellules.fr\\\/blog\\\/2022\\\/02\\\/11\\\/orthetrum-albistylum-predation-sur-un-diptere\\\/\",\"name\":\"Orthetrum albistylum : pr\u00e9dation sur un dipt\u00e8re - Mes Libellules\",\"isPartOf\":{\"@id\":\"https:\\\/\\\/www.meslibellules.fr\\\/blog\\\/#website\"},\"primaryImageOfPage\":{\"@id\":\"https:\\\/\\\/www.meslibellules.fr\\\/blog\\\/2022\\\/02\\\/11\\\/orthetrum-albistylum-predation-sur-un-diptere\\\/#primaryimage\"},\"image\":{\"@id\":\"https:\\\/\\\/www.meslibellules.fr\\\/blog\\\/2022\\\/02\\\/11\\\/orthetrum-albistylum-predation-sur-un-diptere\\\/#primaryimage\"},\"thumbnailUrl\":\"https:\\\/\\\/www.meslibellules.fr\\\/blog\\\/wp-content\\\/uploads\\\/orthetrum-albistylum-predation-5.webp\",\"datePublished\":\"2022-02-11T03:32:19+00:00\",\"breadcrumb\":{\"@id\":\"https:\\\/\\\/www.meslibellules.fr\\\/blog\\\/2022\\\/02\\\/11\\\/orthetrum-albistylum-predation-sur-un-diptere\\\/#breadcrumb\"},\"inLanguage\":\"fr-FR\",\"potentialAction\":[{\"@type\":\"ReadAction\",\"target\":[\"https:\\\/\\\/www.meslibellules.fr\\\/blog\\\/2022\\\/02\\\/11\\\/orthetrum-albistylum-predation-sur-un-diptere\\\/\"]}]},{\"@type\":\"ImageObject\",\"inLanguage\":\"fr-FR\",\"@id\":\"https:\\\/\\\/www.meslibellules.fr\\\/blog\\\/2022\\\/02\\\/11\\\/orthetrum-albistylum-predation-sur-un-diptere\\\/#primaryimage\",\"url\":\"https:\\\/\\\/www.meslibellules.fr\\\/blog\\\/wp-content\\\/uploads\\\/orthetrum-albistylum-predation-5.webp\",\"contentUrl\":\"https:\\\/\\\/www.meslibellules.fr\\\/blog\\\/wp-content\\\/uploads\\\/orthetrum-albistylum-predation-5.webp\",\"width\":1833,\"height\":1204,\"caption\":\"Orthetrum albistylum femelle, Den\u00e9e (France-49), 10\\\/08\\\/2021\"},{\"@type\":\"BreadcrumbList\",\"@id\":\"https:\\\/\\\/www.meslibellules.fr\\\/blog\\\/2022\\\/02\\\/11\\\/orthetrum-albistylum-predation-sur-un-diptere\\\/#breadcrumb\",\"itemListElement\":[{\"@type\":\"ListItem\",\"position\":1,\"name\":\"Accueil\",\"item\":\"https:\\\/\\\/www.meslibellules.fr\\\/blog\\\/\"},{\"@type\":\"ListItem\",\"position\":2,\"name\":\"Orthetrum albistylum : pr\u00e9dation sur un dipt\u00e8re\"}]},{\"@type\":\"WebSite\",\"@id\":\"https:\\\/\\\/www.meslibellules.fr\\\/blog\\\/#website\",\"url\":\"https:\\\/\\\/www.meslibellules.fr\\\/blog\\\/\",\"name\":\"Mes Libellules\",\"description\":\"Pr\u00e9sentation des libellules rencontr\u00e9es dans le monde\",\"publisher\":{\"@id\":\"https:\\\/\\\/www.meslibellules.fr\\\/blog\\\/#\\\/schema\\\/person\\\/9aa3586f9dd053fcf329f43b8b053c77\"},\"potentialAction\":[{\"@type\":\"SearchAction\",\"target\":{\"@type\":\"EntryPoint\",\"urlTemplate\":\"https:\\\/\\\/www.meslibellules.fr\\\/blog\\\/?s={search_term_string}\"},\"query-input\":{\"@type\":\"PropertyValueSpecification\",\"valueRequired\":true,\"valueName\":\"search_term_string\"}}],\"inLanguage\":\"fr-FR\"},{\"@type\":[\"Person\",\"Organization\"],\"@id\":\"https:\\\/\\\/www.meslibellules.fr\\\/blog\\\/#\\\/schema\\\/person\\\/9aa3586f9dd053fcf329f43b8b053c77\",\"name\":\"Beno\u00eet Guillon\",\"image\":{\"@type\":\"ImageObject\",\"inLanguage\":\"fr-FR\",\"@id\":\"https:\\\/\\\/www.meslibellules.fr\\\/blog\\\/wp-content\\\/uploads\\\/cropped-avatar-150-pix.jpg\",\"url\":\"https:\\\/\\\/www.meslibellules.fr\\\/blog\\\/wp-content\\\/uploads\\\/cropped-avatar-150-pix.jpg\",\"contentUrl\":\"https:\\\/\\\/www.meslibellules.fr\\\/blog\\\/wp-content\\\/uploads\\\/cropped-avatar-150-pix.jpg\",\"width\":150,\"height\":137,\"caption\":\"Beno\u00eet Guillon\"},\"logo\":{\"@id\":\"https:\\\/\\\/www.meslibellules.fr\\\/blog\\\/wp-content\\\/uploads\\\/cropped-avatar-150-pix.jpg\"},\"sameAs\":[\"https:\\\/\\\/www.facebook.com\\\/benoit.guillon.96\\\/\"]}]}<\/script>\n<!-- \/ Yoast SEO plugin. -->","yoast_head_json":{"title":"Orthetrum albistylum : pr\u00e9dation sur un dipt\u00e8re - Mes Libellules","robots":{"index":"index","follow":"follow","max-snippet":"max-snippet:-1","max-image-preview":"max-image-preview:large","max-video-preview":"max-video-preview:-1"},"canonical":"https:\/\/www.meslibellules.fr\/blog\/2022\/02\/11\/orthetrum-albistylum-predation-sur-un-diptere\/","og_locale":"fr_FR","og_type":"article","og_title":"Orthetrum albistylum : pr\u00e9dation sur un dipt\u00e8re - Mes Libellules","og_description":"Le 10 ao\u00fbt 2021, \u00e0 Den\u00e9e (France-49), je suis parti \u00e0 la recherche de Stylurus flavipes sur les berges et dans les prairies voisinant le Louet, un bras de Loire. On trouve de nombreuses exuvies sur les enrochements qui l&rsquo;endiguent.Au cours de cette qu\u00eate (vaine) j&rsquo;ai rencontr\u00e9 de plusieurs Aeshna affinis et cette femelle Orthetrum [&hellip;]","og_url":"https:\/\/www.meslibellules.fr\/blog\/2022\/02\/11\/orthetrum-albistylum-predation-sur-un-diptere\/","og_site_name":"Mes Libellules","article_publisher":"https:\/\/www.facebook.com\/benoit.guillon.96\/","article_author":"https:\/\/www.facebook.com\/benoit.guillon.96\/","article_published_time":"2022-02-11T03:32:19+00:00","og_image":[{"url":"https:\/\/www.meslibellules.fr\/blog\/wp-content\/uploads\/orthetrum-albistylum-predation-5.webp","type":"","width":"","height":""}],"author":"Beno\u00eet Guillon","twitter_card":"summary_large_image","twitter_misc":{"\u00c9crit par":"Beno\u00eet Guillon","Dur\u00e9e de lecture estim\u00e9e":"1 minute"},"schema":{"@context":"https:\/\/schema.org","@graph":[{"@type":"Article","@id":"https:\/\/www.meslibellules.fr\/blog\/2022\/02\/11\/orthetrum-albistylum-predation-sur-un-diptere\/#article","isPartOf":{"@id":"https:\/\/www.meslibellules.fr\/blog\/2022\/02\/11\/orthetrum-albistylum-predation-sur-un-diptere\/"},"author":{"name":"Beno\u00eet Guillon","@id":"https:\/\/www.meslibellules.fr\/blog\/#\/schema\/person\/9aa3586f9dd053fcf329f43b8b053c77"},"headline":"Orthetrum albistylum : pr\u00e9dation sur un dipt\u00e8re","datePublished":"2022-02-11T03:32:19+00:00","mainEntityOfPage":{"@id":"https:\/\/www.meslibellules.fr\/blog\/2022\/02\/11\/orthetrum-albistylum-predation-sur-un-diptere\/"},"wordCount":241,"commentCount":0,"publisher":{"@id":"https:\/\/www.meslibellules.fr\/blog\/#\/schema\/person\/9aa3586f9dd053fcf329f43b8b053c77"},"image":{"@id":"https:\/\/www.meslibellules.fr\/blog\/2022\/02\/11\/orthetrum-albistylum-predation-sur-un-diptere\/#primaryimage"},"thumbnailUrl":"https:\/\/www.meslibellules.fr\/blog\/wp-content\/uploads\/orthetrum-albistylum-predation-5.webp","keywords":["Pr\u00e9dation par odonates","Repas"],"articleSection":["France","Libellulidae","Orthetrum albistylum","Pr\u00e9dation par odonates"],"inLanguage":"fr-FR","potentialAction":[{"@type":"CommentAction","name":"Comment","target":["https:\/\/www.meslibellules.fr\/blog\/2022\/02\/11\/orthetrum-albistylum-predation-sur-un-diptere\/#respond"]}]},{"@type":"WebPage","@id":"https:\/\/www.meslibellules.fr\/blog\/2022\/02\/11\/orthetrum-albistylum-predation-sur-un-diptere\/","url":"https:\/\/www.meslibellules.fr\/blog\/2022\/02\/11\/orthetrum-albistylum-predation-sur-un-diptere\/","name":"Orthetrum albistylum : pr\u00e9dation sur un dipt\u00e8re - Mes Libellules","isPartOf":{"@id":"https:\/\/www.meslibellules.fr\/blog\/#website"},"primaryImageOfPage":{"@id":"https:\/\/www.meslibellules.fr\/blog\/2022\/02\/11\/orthetrum-albistylum-predation-sur-un-diptere\/#primaryimage"},"image":{"@id":"https:\/\/www.meslibellules.fr\/blog\/2022\/02\/11\/orthetrum-albistylum-predation-sur-un-diptere\/#primaryimage"},"thumbnailUrl":"https:\/\/www.meslibellules.fr\/blog\/wp-content\/uploads\/orthetrum-albistylum-predation-5.webp","datePublished":"2022-02-11T03:32:19+00:00","breadcrumb":{"@id":"https:\/\/www.meslibellules.fr\/blog\/2022\/02\/11\/orthetrum-albistylum-predation-sur-un-diptere\/#breadcrumb"},"inLanguage":"fr-FR","potentialAction":[{"@type":"ReadAction","target":["https:\/\/www.meslibellules.fr\/blog\/2022\/02\/11\/orthetrum-albistylum-predation-sur-un-diptere\/"]}]},{"@type":"ImageObject","inLanguage":"fr-FR","@id":"https:\/\/www.meslibellules.fr\/blog\/2022\/02\/11\/orthetrum-albistylum-predation-sur-un-diptere\/#primaryimage","url":"https:\/\/www.meslibellules.fr\/blog\/wp-content\/uploads\/orthetrum-albistylum-predation-5.webp","contentUrl":"https:\/\/www.meslibellules.fr\/blog\/wp-content\/uploads\/orthetrum-albistylum-predation-5.webp","width":1833,"height":1204,"caption":"Orthetrum albistylum femelle, Den\u00e9e (France-49), 10\/08\/2021"},{"@type":"BreadcrumbList","@id":"https:\/\/www.meslibellules.fr\/blog\/2022\/02\/11\/orthetrum-albistylum-predation-sur-un-diptere\/#breadcrumb","itemListElement":[{"@type":"ListItem","position":1,"name":"Accueil","item":"https:\/\/www.meslibellules.fr\/blog\/"},{"@type":"ListItem","position":2,"name":"Orthetrum albistylum : pr\u00e9dation sur un dipt\u00e8re"}]},{"@type":"WebSite","@id":"https:\/\/www.meslibellules.fr\/blog\/#website","url":"https:\/\/www.meslibellules.fr\/blog\/","name":"Mes Libellules","description":"Pr\u00e9sentation des libellules rencontr\u00e9es dans le monde","publisher":{"@id":"https:\/\/www.meslibellules.fr\/blog\/#\/schema\/person\/9aa3586f9dd053fcf329f43b8b053c77"},"potentialAction":[{"@type":"SearchAction","target":{"@type":"EntryPoint","urlTemplate":"https:\/\/www.meslibellules.fr\/blog\/?s={search_term_string}"},"query-input":{"@type":"PropertyValueSpecification","valueRequired":true,"valueName":"search_term_string"}}],"inLanguage":"fr-FR"},{"@type":["Person","Organization"],"@id":"https:\/\/www.meslibellules.fr\/blog\/#\/schema\/person\/9aa3586f9dd053fcf329f43b8b053c77","name":"Beno\u00eet Guillon","image":{"@type":"ImageObject","inLanguage":"fr-FR","@id":"https:\/\/www.meslibellules.fr\/blog\/wp-content\/uploads\/cropped-avatar-150-pix.jpg","url":"https:\/\/www.meslibellules.fr\/blog\/wp-content\/uploads\/cropped-avatar-150-pix.jpg","contentUrl":"https:\/\/www.meslibellules.fr\/blog\/wp-content\/uploads\/cropped-avatar-150-pix.jpg","width":150,"height":137,"caption":"Beno\u00eet Guillon"},"logo":{"@id":"https:\/\/www.meslibellules.fr\/blog\/wp-content\/uploads\/cropped-avatar-150-pix.jpg"},"sameAs":["https:\/\/www.facebook.com\/benoit.guillon.96\/"]}]}},"_links":{"self":[{"href":"https:\/\/www.meslibellules.fr\/blog\/wp-json\/wp\/v2\/posts\/10543","targetHints":{"allow":["GET"]}}],"collection":[{"href":"https:\/\/www.meslibellules.fr\/blog\/wp-json\/wp\/v2\/posts"}],"about":[{"href":"https:\/\/www.meslibellules.fr\/blog\/wp-json\/wp\/v2\/types\/post"}],"author":[{"embeddable":true,"href":"https:\/\/www.meslibellules.fr\/blog\/wp-json\/wp\/v2\/users\/1"}],"replies":[{"embeddable":true,"href":"https:\/\/www.meslibellules.fr\/blog\/wp-json\/wp\/v2\/comments?post=10543"}],"version-history":[{"count":0,"href":"https:\/\/www.meslibellules.fr\/blog\/wp-json\/wp\/v2\/posts\/10543\/revisions"}],"wp:attachment":[{"href":"https:\/\/www.meslibellules.fr\/blog\/wp-json\/wp\/v2\/media?parent=10543"}],"wp:term":[{"taxonomy":"category","embeddable":true,"href":"https:\/\/www.meslibellules.fr\/blog\/wp-json\/wp\/v2\/categories?post=10543"},{"taxonomy":"post_tag","embeddable":true,"href":"https:\/\/www.meslibellules.fr\/blog\/wp-json\/wp\/v2\/tags?post=10543"}],"curies":[{"name":"wp","href":"https:\/\/api.w.org\/{rel}","templated":true}]}}