{"id":1068,"date":"2018-09-18T18:22:07","date_gmt":"2018-09-18T16:22:07","guid":{"rendered":"http:\/\/www.meslibellules.fr\/blog\/?p=1068"},"modified":"2024-01-18T09:02:57","modified_gmt":"2024-01-18T08:02:57","slug":"ischnura-rubilio","status":"publish","type":"post","link":"https:\/\/www.meslibellules.fr\/blog\/2018\/09\/18\/ischnura-rubilio\/","title":{"rendered":"Vietnam 2018 &#8211; Ischnura rubilio"},"content":{"rendered":"\n<figure class=\"wp-block-image aligncenter is-resized\"><a href=\"https:\/\/www.meslibellules.fr\/blog\/wp-content\/uploads\/2018\/09\/ischnura-rubilio-2.jpg\"><img decoding=\"async\" width=\"1730\" height=\"1204\" data-src=\"https:\/\/www.meslibellules.fr\/blog\/wp-content\/uploads\/2018\/09\/ischnura-rubilio-2.jpg\" alt=\"Ischnura rubilio; Vietnam, Xuan Son, 9 juin 2018\" class=\"wp-image-1071 lazyload\" style=\"--smush-placeholder-width: 1730px; --smush-placeholder-aspect-ratio: 1730\/1204;width:554px;height:386px\" data-srcset=\"https:\/\/www.meslibellules.fr\/blog\/wp-content\/uploads\/2018\/09\/ischnura-rubilio-2.jpg 1730w, https:\/\/www.meslibellules.fr\/blog\/wp-content\/uploads\/2018\/09\/ischnura-rubilio-2-768x534.jpg 768w, https:\/\/www.meslibellules.fr\/blog\/wp-content\/uploads\/2018\/09\/ischnura-rubilio-2-1200x835.jpg 1200w\" data-sizes=\"(max-width: 1730px) 100vw, 1730px\" src=\"data:image\/svg+xml;base64,PHN2ZyB3aWR0aD0iMSIgaGVpZ2h0PSIxIiB4bWxucz0iaHR0cDovL3d3dy53My5vcmcvMjAwMC9zdmciPjwvc3ZnPg==\" \/><\/a><figcaption class=\"wp-element-caption\">Ischnura rubilio,  Vietnam, Xuan Son, 9 juin 2018<\/figcaption><\/figure>\n\n\n\n<p style=\"font-size:15px\">Nous n&rsquo;avons rencontr\u00e9 Ischnura rubilio (ex Ischnura aurora) qu&rsquo;\u00e0 deux reprises et je n&rsquo;ai gard\u00e9 que quelques photos prises \u00e0 Xuan Son, car le manque de soleil les rendaient bien tristes. Et surtout, j&rsquo;avais plus longuement et pos\u00e9ment rencontr\u00e9 cette esp\u00e8ce au <a href=\"http:\/\/www.meslibellules.fr\/voyages\/laos\/ischnura-rubilio\/ischnura-rubilio.php\" target=\"_blank\" rel=\"noopener\">Laos<\/a> surtout et au <a href=\"http:\/\/www.meslibellules.fr\/voyages\/rajasthan\/ischnura-rubilio\/ischnura-rubilio-male.php\" target=\"_blank\" rel=\"noopener\">Rajasthan<\/a> (Inde). C&rsquo;est d&rsquo;ailleurs apr\u00e8s le Rajasthan que j&rsquo;ai appris qu&rsquo;on devait l&rsquo;appeler I. rubilio et non plus I. aurora r\u00e9serv\u00e9 \u00e0 l&rsquo;esp\u00e8ce australo-pacifique.<br>Il mesure 16 \u00e0 20 mm, on le trouve pr\u00e8s des mares, des foss\u00e9s ou m\u00eame des flaques d&rsquo;eau, dans les herbes, parfois avec des Agriocnemis.\u00a0<br>Il y a beau y avoir de fortes diff\u00e9rences g\u00e9n\u00e9tiques entre les esp\u00e8ces du sous-continent indien et celles australo pacifiques, je n&rsquo;ai pas trouv\u00e9 de limites pr\u00e9cises \u00e0 son aire de r\u00e9partition et il semble que tout ce qui est \u00e0 l&rsquo;ouest de la ligne de Wallace soit \u00e0 classer avec Ischnura rubilio.<br><br><a href=\"https:\/\/www.iucnredlist.org\/species\/173652997\/173653319\">IUCN Red List<\/a><br><br><\/p>\n\n\n\n<figure class=\"wp-block-image aligncenter is-resized\"><a href=\"https:\/\/www.meslibellules.fr\/blog\/wp-content\/uploads\/2018\/09\/ischnura-rubilio.jpg\"><img decoding=\"async\" width=\"1705\" height=\"1204\" data-src=\"https:\/\/www.meslibellules.fr\/blog\/wp-content\/uploads\/2018\/09\/ischnura-rubilio.jpg\" alt=\"Ischnura rubilio; Vietnam, Xuan Son, 9 juin 2018\" class=\"wp-image-1069 lazyload\" style=\"--smush-placeholder-width: 1705px; --smush-placeholder-aspect-ratio: 1705\/1204;width:703px;height:496px\" data-srcset=\"https:\/\/www.meslibellules.fr\/blog\/wp-content\/uploads\/2018\/09\/ischnura-rubilio.jpg 1705w, https:\/\/www.meslibellules.fr\/blog\/wp-content\/uploads\/2018\/09\/ischnura-rubilio-768x542.jpg 768w, https:\/\/www.meslibellules.fr\/blog\/wp-content\/uploads\/2018\/09\/ischnura-rubilio-1200x847.jpg 1200w\" data-sizes=\"(max-width: 1705px) 100vw, 1705px\" src=\"data:image\/svg+xml;base64,PHN2ZyB3aWR0aD0iMSIgaGVpZ2h0PSIxIiB4bWxucz0iaHR0cDovL3d3dy53My5vcmcvMjAwMC9zdmciPjwvc3ZnPg==\" \/><\/a><figcaption class=\"wp-element-caption\">Ischnura rubilio,  Vietnam, Xuan Son, 9 juin 2018<\/figcaption><\/figure>\n\n\n\n<p>Ischnura vient du grec\u00a0<em>ischnos<\/em>\u00a0pour<em>\u00a0fin<\/em>\u00a0ou\u00a0<em>mince<\/em>\u00a0et de\u00a0<em>oura<\/em>\u00a0qui signifie\u00a0<em>queue<\/em>. Charpentier explique qu\u2019il a cr\u00e9\u00e9 ce nom en raison de la finesse exceptionnelle de l\u2019abdomen (sans doute en comparaison du genre Calopteryx, d\u2019apr\u00e8s Fliedner (2006), car elle n\u2019a pour nous rien d\u2019\u00e9tonnant en soi).<br>Rubilio, vraisemblablement du latin ruber, rouge, pour souligner les pt\u00e9rostigmas rouges.<\/p>\n\n\n\n<div style=\"height:40px\" aria-hidden=\"true\" class=\"wp-block-spacer\"><\/div>\n\n\n\n<div class=\"wp-block-buttons is-vertical is-layout-flex wp-container-core-buttons-is-layout-fe9cc265 wp-block-buttons-is-layout-flex\">\n<div class=\"wp-block-button\"><a class=\"wp-block-button__link wp-element-button\" href=\"https:\/\/www.meslibellules.fr\/blog\/odonates-du-vietnam-2012-2018\/\">Accueil Vietnam<\/a><\/div>\n\n\n\n<div class=\"wp-block-button\"><a class=\"wp-block-button__link wp-element-button\" href=\"http:\/\/www.meslibellules.fr\/pagesweb\/divers\/liste-generale-odonates-du-site\/asia-odonates.php\">Liste Asie<\/a><\/div>\n\n\n\n<div class=\"wp-block-button\"><a class=\"wp-block-button__link wp-element-button\" href=\"https:\/\/www.meslibellules.fr\/blog\/\">Accueil<\/a><\/div>\n<\/div>\n","protected":false},"excerpt":{"rendered":"<p>Nous n&rsquo;avons rencontr\u00e9 Ischnura rubilio (ex Ischnura aurora) qu&rsquo;\u00e0 deux reprises et je n&rsquo;ai gard\u00e9 que quelques photos prises \u00e0 Xuan Son, car le manque de soleil les rendaient bien tristes. Et surtout, j&rsquo;avais plus longuement et pos\u00e9ment rencontr\u00e9 cette esp\u00e8ce au Laos surtout et au Rajasthan (Inde). C&rsquo;est d&rsquo;ailleurs apr\u00e8s le Rajasthan que j&rsquo;ai [&hellip;]<\/p>\n","protected":false},"author":1,"featured_media":0,"comment_status":"open","ping_status":"open","sticky":false,"template":"","format":"image","meta":{"site-sidebar-layout":"default","site-content-layout":"","ast-site-content-layout":"default","site-content-style":"default","site-sidebar-style":"default","ast-global-header-display":"","ast-banner-title-visibility":"","ast-main-header-display":"","ast-hfb-above-header-display":"","ast-hfb-below-header-display":"","ast-hfb-mobile-header-display":"","site-post-title":"","ast-breadcrumbs-content":"","ast-featured-img":"","footer-sml-layout":"","ast-disable-related-posts":"","theme-transparent-header-meta":"","adv-header-id-meta":"","stick-header-meta":"","header-above-stick-meta":"","header-main-stick-meta":"","header-below-stick-meta":"","astra-migrate-meta-layouts":"set","ast-page-background-enabled":"default","ast-page-background-meta":{"desktop":{"background-color":"var(--ast-global-color-4)","background-image":"","background-repeat":"repeat","background-position":"center center","background-size":"auto","background-attachment":"scroll","background-type":"","background-media":"","overlay-type":"","overlay-color":"","overlay-opacity":"","overlay-gradient":""},"tablet":{"background-color":"","background-image":"","background-repeat":"repeat","background-position":"center center","background-size":"auto","background-attachment":"scroll","background-type":"","background-media":"","overlay-type":"","overlay-color":"","overlay-opacity":"","overlay-gradient":""},"mobile":{"background-color":"","background-image":"","background-repeat":"repeat","background-position":"center center","background-size":"auto","background-attachment":"scroll","background-type":"","background-media":"","overlay-type":"","overlay-color":"","overlay-opacity":"","overlay-gradient":""}},"ast-content-background-meta":{"desktop":{"background-color":"var(--ast-global-color-5)","background-image":"","background-repeat":"repeat","background-position":"center center","background-size":"auto","background-attachment":"scroll","background-type":"","background-media":"","overlay-type":"","overlay-color":"","overlay-opacity":"","overlay-gradient":""},"tablet":{"background-color":"var(--ast-global-color-5)","background-image":"","background-repeat":"repeat","background-position":"center center","background-size":"auto","background-attachment":"scroll","background-type":"","background-media":"","overlay-type":"","overlay-color":"","overlay-opacity":"","overlay-gradient":""},"mobile":{"background-color":"var(--ast-global-color-5)","background-image":"","background-repeat":"repeat","background-position":"center center","background-size":"auto","background-attachment":"scroll","background-type":"","background-media":"","overlay-type":"","overlay-color":"","overlay-opacity":"","overlay-gradient":""}},"footnotes":""},"categories":[20],"tags":[],"class_list":["post-1068","post","type-post","status-publish","format-image","hentry","category-coenagrionidae","post_format-post-format-image"],"yoast_head":"<!-- This site is optimized with the Yoast SEO plugin v27.5 - https:\/\/yoast.com\/product\/yoast-seo-wordpress\/ -->\n<title>Ischnura rubilio - Mes Libellules<\/title>\n<meta name=\"description\" content=\"Ischnura rubilio m\u00e2le au Vietnam, description, identification, taille, habitat, distribution g\u00e9ographique, photos\" \/>\n<meta name=\"robots\" content=\"index, follow, max-snippet:-1, max-image-preview:large, max-video-preview:-1\" \/>\n<link rel=\"canonical\" href=\"https:\/\/www.meslibellules.fr\/blog\/2018\/09\/18\/ischnura-rubilio\/\" \/>\n<meta property=\"og:locale\" content=\"fr_FR\" \/>\n<meta property=\"og:type\" content=\"article\" \/>\n<meta property=\"og:title\" content=\"Ischnura rubilio - Mes Libellules\" \/>\n<meta property=\"og:description\" content=\"Ischnura rubilio m\u00e2le au Vietnam, description, identification, taille, habitat, distribution g\u00e9ographique, photos\" \/>\n<meta property=\"og:url\" content=\"https:\/\/www.meslibellules.fr\/blog\/2018\/09\/18\/ischnura-rubilio\/\" \/>\n<meta property=\"og:site_name\" content=\"Mes Libellules\" \/>\n<meta property=\"article:publisher\" content=\"https:\/\/www.facebook.com\/benoit.guillon.96\/\" \/>\n<meta property=\"article:author\" content=\"https:\/\/www.facebook.com\/benoit.guillon.96\/\" \/>\n<meta property=\"article:published_time\" content=\"2018-09-18T16:22:07+00:00\" \/>\n<meta property=\"article:modified_time\" content=\"2024-01-18T08:02:57+00:00\" \/>\n<meta property=\"og:image\" content=\"http:\/\/www.meslibellules.fr\/blog\/wp-content\/uploads\/2018\/09\/ischnura-rubilio-2.jpg\" \/>\n<meta name=\"author\" content=\"Beno\u00eet Guillon\" \/>\n<meta name=\"twitter:card\" content=\"summary_large_image\" \/>\n<meta name=\"twitter:label1\" content=\"\u00c9crit par\" \/>\n\t<meta name=\"twitter:data1\" content=\"Beno\u00eet Guillon\" \/>\n\t<meta name=\"twitter:label2\" content=\"Dur\u00e9e de lecture estim\u00e9e\" \/>\n\t<meta name=\"twitter:data2\" content=\"2 minutes\" \/>\n<script type=\"application\/ld+json\" class=\"yoast-schema-graph\">{\"@context\":\"https:\\\/\\\/schema.org\",\"@graph\":[{\"@type\":\"Article\",\"@id\":\"https:\\\/\\\/www.meslibellules.fr\\\/blog\\\/2018\\\/09\\\/18\\\/ischnura-rubilio\\\/#article\",\"isPartOf\":{\"@id\":\"https:\\\/\\\/www.meslibellules.fr\\\/blog\\\/2018\\\/09\\\/18\\\/ischnura-rubilio\\\/\"},\"author\":{\"name\":\"Beno\u00eet Guillon\",\"@id\":\"https:\\\/\\\/www.meslibellules.fr\\\/blog\\\/#\\\/schema\\\/person\\\/9aa3586f9dd053fcf329f43b8b053c77\"},\"headline\":\"Vietnam 2018 &#8211; Ischnura rubilio\",\"datePublished\":\"2018-09-18T16:22:07+00:00\",\"dateModified\":\"2024-01-18T08:02:57+00:00\",\"mainEntityOfPage\":{\"@id\":\"https:\\\/\\\/www.meslibellules.fr\\\/blog\\\/2018\\\/09\\\/18\\\/ischnura-rubilio\\\/\"},\"wordCount\":252,\"commentCount\":0,\"publisher\":{\"@id\":\"https:\\\/\\\/www.meslibellules.fr\\\/blog\\\/#\\\/schema\\\/person\\\/9aa3586f9dd053fcf329f43b8b053c77\"},\"image\":{\"@id\":\"https:\\\/\\\/www.meslibellules.fr\\\/blog\\\/2018\\\/09\\\/18\\\/ischnura-rubilio\\\/#primaryimage\"},\"thumbnailUrl\":\"http:\\\/\\\/www.meslibellules.fr\\\/blog\\\/wp-content\\\/uploads\\\/2018\\\/09\\\/ischnura-rubilio-2.jpg\",\"articleSection\":[\"Coenagrionidae\"],\"inLanguage\":\"fr-FR\",\"potentialAction\":[{\"@type\":\"CommentAction\",\"name\":\"Comment\",\"target\":[\"https:\\\/\\\/www.meslibellules.fr\\\/blog\\\/2018\\\/09\\\/18\\\/ischnura-rubilio\\\/#respond\"]}]},{\"@type\":\"WebPage\",\"@id\":\"https:\\\/\\\/www.meslibellules.fr\\\/blog\\\/2018\\\/09\\\/18\\\/ischnura-rubilio\\\/\",\"url\":\"https:\\\/\\\/www.meslibellules.fr\\\/blog\\\/2018\\\/09\\\/18\\\/ischnura-rubilio\\\/\",\"name\":\"Ischnura rubilio - Mes Libellules\",\"isPartOf\":{\"@id\":\"https:\\\/\\\/www.meslibellules.fr\\\/blog\\\/#website\"},\"primaryImageOfPage\":{\"@id\":\"https:\\\/\\\/www.meslibellules.fr\\\/blog\\\/2018\\\/09\\\/18\\\/ischnura-rubilio\\\/#primaryimage\"},\"image\":{\"@id\":\"https:\\\/\\\/www.meslibellules.fr\\\/blog\\\/2018\\\/09\\\/18\\\/ischnura-rubilio\\\/#primaryimage\"},\"thumbnailUrl\":\"http:\\\/\\\/www.meslibellules.fr\\\/blog\\\/wp-content\\\/uploads\\\/2018\\\/09\\\/ischnura-rubilio-2.jpg\",\"datePublished\":\"2018-09-18T16:22:07+00:00\",\"dateModified\":\"2024-01-18T08:02:57+00:00\",\"description\":\"Ischnura rubilio m\u00e2le au Vietnam, description, identification, taille, habitat, distribution g\u00e9ographique, photos\",\"breadcrumb\":{\"@id\":\"https:\\\/\\\/www.meslibellules.fr\\\/blog\\\/2018\\\/09\\\/18\\\/ischnura-rubilio\\\/#breadcrumb\"},\"inLanguage\":\"fr-FR\",\"potentialAction\":[{\"@type\":\"ReadAction\",\"target\":[\"https:\\\/\\\/www.meslibellules.fr\\\/blog\\\/2018\\\/09\\\/18\\\/ischnura-rubilio\\\/\"]}]},{\"@type\":\"ImageObject\",\"inLanguage\":\"fr-FR\",\"@id\":\"https:\\\/\\\/www.meslibellules.fr\\\/blog\\\/2018\\\/09\\\/18\\\/ischnura-rubilio\\\/#primaryimage\",\"url\":\"http:\\\/\\\/www.meslibellules.fr\\\/blog\\\/wp-content\\\/uploads\\\/2018\\\/09\\\/ischnura-rubilio-2.jpg\",\"contentUrl\":\"http:\\\/\\\/www.meslibellules.fr\\\/blog\\\/wp-content\\\/uploads\\\/2018\\\/09\\\/ischnura-rubilio-2.jpg\"},{\"@type\":\"BreadcrumbList\",\"@id\":\"https:\\\/\\\/www.meslibellules.fr\\\/blog\\\/2018\\\/09\\\/18\\\/ischnura-rubilio\\\/#breadcrumb\",\"itemListElement\":[{\"@type\":\"ListItem\",\"position\":1,\"name\":\"Accueil\",\"item\":\"https:\\\/\\\/www.meslibellules.fr\\\/blog\\\/\"},{\"@type\":\"ListItem\",\"position\":2,\"name\":\"Vietnam 2018 &#8211; Ischnura rubilio\"}]},{\"@type\":\"WebSite\",\"@id\":\"https:\\\/\\\/www.meslibellules.fr\\\/blog\\\/#website\",\"url\":\"https:\\\/\\\/www.meslibellules.fr\\\/blog\\\/\",\"name\":\"Mes Libellules\",\"description\":\"Pr\u00e9sentation des libellules rencontr\u00e9es dans le monde\",\"publisher\":{\"@id\":\"https:\\\/\\\/www.meslibellules.fr\\\/blog\\\/#\\\/schema\\\/person\\\/9aa3586f9dd053fcf329f43b8b053c77\"},\"potentialAction\":[{\"@type\":\"SearchAction\",\"target\":{\"@type\":\"EntryPoint\",\"urlTemplate\":\"https:\\\/\\\/www.meslibellules.fr\\\/blog\\\/?s={search_term_string}\"},\"query-input\":{\"@type\":\"PropertyValueSpecification\",\"valueRequired\":true,\"valueName\":\"search_term_string\"}}],\"inLanguage\":\"fr-FR\"},{\"@type\":[\"Person\",\"Organization\"],\"@id\":\"https:\\\/\\\/www.meslibellules.fr\\\/blog\\\/#\\\/schema\\\/person\\\/9aa3586f9dd053fcf329f43b8b053c77\",\"name\":\"Beno\u00eet Guillon\",\"image\":{\"@type\":\"ImageObject\",\"inLanguage\":\"fr-FR\",\"@id\":\"https:\\\/\\\/www.meslibellules.fr\\\/blog\\\/wp-content\\\/uploads\\\/cropped-avatar-150-pix.jpg\",\"url\":\"https:\\\/\\\/www.meslibellules.fr\\\/blog\\\/wp-content\\\/uploads\\\/cropped-avatar-150-pix.jpg\",\"contentUrl\":\"https:\\\/\\\/www.meslibellules.fr\\\/blog\\\/wp-content\\\/uploads\\\/cropped-avatar-150-pix.jpg\",\"width\":150,\"height\":137,\"caption\":\"Beno\u00eet Guillon\"},\"logo\":{\"@id\":\"https:\\\/\\\/www.meslibellules.fr\\\/blog\\\/wp-content\\\/uploads\\\/cropped-avatar-150-pix.jpg\"},\"sameAs\":[\"https:\\\/\\\/www.facebook.com\\\/benoit.guillon.96\\\/\"]}]}<\/script>\n<!-- \/ Yoast SEO plugin. -->","yoast_head_json":{"title":"Ischnura rubilio - Mes Libellules","description":"Ischnura rubilio m\u00e2le au Vietnam, description, identification, taille, habitat, distribution g\u00e9ographique, photos","robots":{"index":"index","follow":"follow","max-snippet":"max-snippet:-1","max-image-preview":"max-image-preview:large","max-video-preview":"max-video-preview:-1"},"canonical":"https:\/\/www.meslibellules.fr\/blog\/2018\/09\/18\/ischnura-rubilio\/","og_locale":"fr_FR","og_type":"article","og_title":"Ischnura rubilio - Mes Libellules","og_description":"Ischnura rubilio m\u00e2le au Vietnam, description, identification, taille, habitat, distribution g\u00e9ographique, photos","og_url":"https:\/\/www.meslibellules.fr\/blog\/2018\/09\/18\/ischnura-rubilio\/","og_site_name":"Mes Libellules","article_publisher":"https:\/\/www.facebook.com\/benoit.guillon.96\/","article_author":"https:\/\/www.facebook.com\/benoit.guillon.96\/","article_published_time":"2018-09-18T16:22:07+00:00","article_modified_time":"2024-01-18T08:02:57+00:00","og_image":[{"url":"http:\/\/www.meslibellules.fr\/blog\/wp-content\/uploads\/2018\/09\/ischnura-rubilio-2.jpg","type":"","width":"","height":""}],"author":"Beno\u00eet Guillon","twitter_card":"summary_large_image","twitter_misc":{"\u00c9crit par":"Beno\u00eet Guillon","Dur\u00e9e de lecture estim\u00e9e":"2 minutes"},"schema":{"@context":"https:\/\/schema.org","@graph":[{"@type":"Article","@id":"https:\/\/www.meslibellules.fr\/blog\/2018\/09\/18\/ischnura-rubilio\/#article","isPartOf":{"@id":"https:\/\/www.meslibellules.fr\/blog\/2018\/09\/18\/ischnura-rubilio\/"},"author":{"name":"Beno\u00eet Guillon","@id":"https:\/\/www.meslibellules.fr\/blog\/#\/schema\/person\/9aa3586f9dd053fcf329f43b8b053c77"},"headline":"Vietnam 2018 &#8211; Ischnura rubilio","datePublished":"2018-09-18T16:22:07+00:00","dateModified":"2024-01-18T08:02:57+00:00","mainEntityOfPage":{"@id":"https:\/\/www.meslibellules.fr\/blog\/2018\/09\/18\/ischnura-rubilio\/"},"wordCount":252,"commentCount":0,"publisher":{"@id":"https:\/\/www.meslibellules.fr\/blog\/#\/schema\/person\/9aa3586f9dd053fcf329f43b8b053c77"},"image":{"@id":"https:\/\/www.meslibellules.fr\/blog\/2018\/09\/18\/ischnura-rubilio\/#primaryimage"},"thumbnailUrl":"http:\/\/www.meslibellules.fr\/blog\/wp-content\/uploads\/2018\/09\/ischnura-rubilio-2.jpg","articleSection":["Coenagrionidae"],"inLanguage":"fr-FR","potentialAction":[{"@type":"CommentAction","name":"Comment","target":["https:\/\/www.meslibellules.fr\/blog\/2018\/09\/18\/ischnura-rubilio\/#respond"]}]},{"@type":"WebPage","@id":"https:\/\/www.meslibellules.fr\/blog\/2018\/09\/18\/ischnura-rubilio\/","url":"https:\/\/www.meslibellules.fr\/blog\/2018\/09\/18\/ischnura-rubilio\/","name":"Ischnura rubilio - Mes Libellules","isPartOf":{"@id":"https:\/\/www.meslibellules.fr\/blog\/#website"},"primaryImageOfPage":{"@id":"https:\/\/www.meslibellules.fr\/blog\/2018\/09\/18\/ischnura-rubilio\/#primaryimage"},"image":{"@id":"https:\/\/www.meslibellules.fr\/blog\/2018\/09\/18\/ischnura-rubilio\/#primaryimage"},"thumbnailUrl":"http:\/\/www.meslibellules.fr\/blog\/wp-content\/uploads\/2018\/09\/ischnura-rubilio-2.jpg","datePublished":"2018-09-18T16:22:07+00:00","dateModified":"2024-01-18T08:02:57+00:00","description":"Ischnura rubilio m\u00e2le au Vietnam, description, identification, taille, habitat, distribution g\u00e9ographique, photos","breadcrumb":{"@id":"https:\/\/www.meslibellules.fr\/blog\/2018\/09\/18\/ischnura-rubilio\/#breadcrumb"},"inLanguage":"fr-FR","potentialAction":[{"@type":"ReadAction","target":["https:\/\/www.meslibellules.fr\/blog\/2018\/09\/18\/ischnura-rubilio\/"]}]},{"@type":"ImageObject","inLanguage":"fr-FR","@id":"https:\/\/www.meslibellules.fr\/blog\/2018\/09\/18\/ischnura-rubilio\/#primaryimage","url":"http:\/\/www.meslibellules.fr\/blog\/wp-content\/uploads\/2018\/09\/ischnura-rubilio-2.jpg","contentUrl":"http:\/\/www.meslibellules.fr\/blog\/wp-content\/uploads\/2018\/09\/ischnura-rubilio-2.jpg"},{"@type":"BreadcrumbList","@id":"https:\/\/www.meslibellules.fr\/blog\/2018\/09\/18\/ischnura-rubilio\/#breadcrumb","itemListElement":[{"@type":"ListItem","position":1,"name":"Accueil","item":"https:\/\/www.meslibellules.fr\/blog\/"},{"@type":"ListItem","position":2,"name":"Vietnam 2018 &#8211; Ischnura rubilio"}]},{"@type":"WebSite","@id":"https:\/\/www.meslibellules.fr\/blog\/#website","url":"https:\/\/www.meslibellules.fr\/blog\/","name":"Mes Libellules","description":"Pr\u00e9sentation des libellules rencontr\u00e9es dans le monde","publisher":{"@id":"https:\/\/www.meslibellules.fr\/blog\/#\/schema\/person\/9aa3586f9dd053fcf329f43b8b053c77"},"potentialAction":[{"@type":"SearchAction","target":{"@type":"EntryPoint","urlTemplate":"https:\/\/www.meslibellules.fr\/blog\/?s={search_term_string}"},"query-input":{"@type":"PropertyValueSpecification","valueRequired":true,"valueName":"search_term_string"}}],"inLanguage":"fr-FR"},{"@type":["Person","Organization"],"@id":"https:\/\/www.meslibellules.fr\/blog\/#\/schema\/person\/9aa3586f9dd053fcf329f43b8b053c77","name":"Beno\u00eet Guillon","image":{"@type":"ImageObject","inLanguage":"fr-FR","@id":"https:\/\/www.meslibellules.fr\/blog\/wp-content\/uploads\/cropped-avatar-150-pix.jpg","url":"https:\/\/www.meslibellules.fr\/blog\/wp-content\/uploads\/cropped-avatar-150-pix.jpg","contentUrl":"https:\/\/www.meslibellules.fr\/blog\/wp-content\/uploads\/cropped-avatar-150-pix.jpg","width":150,"height":137,"caption":"Beno\u00eet Guillon"},"logo":{"@id":"https:\/\/www.meslibellules.fr\/blog\/wp-content\/uploads\/cropped-avatar-150-pix.jpg"},"sameAs":["https:\/\/www.facebook.com\/benoit.guillon.96\/"]}]}},"_links":{"self":[{"href":"https:\/\/www.meslibellules.fr\/blog\/wp-json\/wp\/v2\/posts\/1068","targetHints":{"allow":["GET"]}}],"collection":[{"href":"https:\/\/www.meslibellules.fr\/blog\/wp-json\/wp\/v2\/posts"}],"about":[{"href":"https:\/\/www.meslibellules.fr\/blog\/wp-json\/wp\/v2\/types\/post"}],"author":[{"embeddable":true,"href":"https:\/\/www.meslibellules.fr\/blog\/wp-json\/wp\/v2\/users\/1"}],"replies":[{"embeddable":true,"href":"https:\/\/www.meslibellules.fr\/blog\/wp-json\/wp\/v2\/comments?post=1068"}],"version-history":[{"count":0,"href":"https:\/\/www.meslibellules.fr\/blog\/wp-json\/wp\/v2\/posts\/1068\/revisions"}],"wp:attachment":[{"href":"https:\/\/www.meslibellules.fr\/blog\/wp-json\/wp\/v2\/media?parent=1068"}],"wp:term":[{"taxonomy":"category","embeddable":true,"href":"https:\/\/www.meslibellules.fr\/blog\/wp-json\/wp\/v2\/categories?post=1068"},{"taxonomy":"post_tag","embeddable":true,"href":"https:\/\/www.meslibellules.fr\/blog\/wp-json\/wp\/v2\/tags?post=1068"}],"curies":[{"name":"wp","href":"https:\/\/api.w.org\/{rel}","templated":true}]}}