{"id":1097,"date":"2018-09-22T05:03:51","date_gmt":"2018-09-22T03:03:51","guid":{"rendered":"http:\/\/www.meslibellules.fr\/blog\/?p=1097"},"modified":"2024-11-11T20:54:17","modified_gmt":"2024-11-11T19:54:17","slug":"vietnam-2012-agriocnemis-femina","status":"publish","type":"post","link":"https:\/\/www.meslibellules.fr\/blog\/2018\/09\/22\/vietnam-2012-agriocnemis-femina\/","title":{"rendered":"Vietnam 2012 &#8211; 2018    Agriocnemis femina"},"content":{"rendered":"\n<figure class=\"wp-block-image aligncenter is-resized\"><a href=\"https:\/\/www.meslibellules.fr\/blog\/wp-content\/uploads\/2018\/09\/agriocnemis-femina-male-1.jpg\"><img decoding=\"async\" width=\"915\" height=\"347\" data-src=\"https:\/\/www.meslibellules.fr\/blog\/wp-content\/uploads\/2018\/09\/agriocnemis-femina-male-1.jpg\" alt=\"Agriocnemis femina m\u00e2le, Vietnam, 2012\" class=\"wp-image-1101 lazyload\" style=\"--smush-placeholder-width: 915px; --smush-placeholder-aspect-ratio: 915\/347;width:765px;height:auto\" data-srcset=\"https:\/\/www.meslibellules.fr\/blog\/wp-content\/uploads\/2018\/09\/agriocnemis-femina-male-1.jpg 915w, https:\/\/www.meslibellules.fr\/blog\/wp-content\/uploads\/2018\/09\/agriocnemis-femina-male-1-768x291.jpg 768w\" data-sizes=\"(max-width: 915px) 100vw, 915px\" src=\"data:image\/svg+xml;base64,PHN2ZyB3aWR0aD0iMSIgaGVpZ2h0PSIxIiB4bWxucz0iaHR0cDovL3d3dy53My5vcmcvMjAwMC9zdmciPjwvc3ZnPg==\" \/><\/a><figcaption class=\"wp-element-caption\">Agriocnemis femina m\u00e2le, Vietnam, 2012<\/figcaption><\/figure>\n\n\n\n<p style=\"font-size:15px\">Le 4 et le 5 avril 2012, pr\u00e8s de la baie d&rsquo;Halong, puis \u00e0 Hano\u00ef, ces minuscules petits Coenagrionidae sont \u00e0 peine visibles dans les herbes. Leur abdomen mesure 16-17 mm, l&rsquo;aile post\u00e9rieure 11 mm.<br>Ils se plaisent dans les rizi\u00e8res abandonn\u00e9es, pr\u00e8s des petites mares, des foss\u00e9s ou des flaques, ou sur les canaux, comme dans le Mus\u00e9e des Ethnies, \u00e0 Hano\u00ef.&nbsp;<br>Ils sont assez faciles \u00e0 identifier, car leurs appendices anaux inf\u00e9rieurs sont sensiblement plus longs que les sup\u00e9rieurs.<\/p>\n\n\n\n<figure class=\"wp-block-gallery aligncenter has-nested-images columns-default wp-block-gallery-1 is-layout-flex wp-block-gallery-is-layout-flex\">\n<figure class=\"wp-block-image size-large is-resized\"><img decoding=\"async\" width=\"290\" height=\"613\" data-id=\"1105\" data-src=\"https:\/\/www.meslibellules.fr\/blog\/wp-content\/uploads\/2018\/09\/agriocnemis-femina-male-4big.jpg\" alt=\"Agriocnemis femina m\u00e2le, Vietnam, 2012\" class=\"wp-image-1105 lazyload\" style=\"--smush-placeholder-width: 290px; --smush-placeholder-aspect-ratio: 290\/613;object-fit:cover;width:290px;height:613px\" src=\"data:image\/svg+xml;base64,PHN2ZyB3aWR0aD0iMSIgaGVpZ2h0PSIxIiB4bWxucz0iaHR0cDovL3d3dy53My5vcmcvMjAwMC9zdmciPjwvc3ZnPg==\" \/><\/figure>\n\n\n\n<figure class=\"wp-block-image size-large is-resized\"><img decoding=\"async\" width=\"315\" height=\"613\" data-id=\"1104\" data-src=\"https:\/\/www.meslibellules.fr\/blog\/wp-content\/uploads\/2018\/09\/agriocnemis-femina-male-3bl.jpg\" alt=\"Agriocnemis femina m\u00e2le, Vietnam, 2012\" class=\"wp-image-1104 lazyload\" style=\"--smush-placeholder-width: 315px; --smush-placeholder-aspect-ratio: 315\/613;object-fit:cover;width:315px;height:613px\" src=\"data:image\/svg+xml;base64,PHN2ZyB3aWR0aD0iMSIgaGVpZ2h0PSIxIiB4bWxucz0iaHR0cDovL3d3dy53My5vcmcvMjAwMC9zdmciPjwvc3ZnPg==\" \/><\/figure>\n<\/figure>\n\n\n\n<p class=\"has-text-align-center has-cyan-bluish-gray-color has-text-color\" style=\"font-size:12px\">\n\nAgriocnemis femina m\u00e2le, Vietnam, 2012\n\n<\/p>\n\n\n\n<p style=\"font-size:30px\"><strong>Vietnam 2018&nbsp; &nbsp; &nbsp;Agriocnemis femina<\/strong><\/p>\n\n\n\n<figure class=\"wp-block-image aligncenter is-resized\"><a href=\"https:\/\/www.meslibellules.fr\/blog\/wp-content\/uploads\/2018\/09\/agriocnemis-femina-male-1-18.jpg\"><img decoding=\"async\" width=\"2389\" height=\"1204\" data-src=\"https:\/\/www.meslibellules.fr\/blog\/wp-content\/uploads\/2018\/09\/agriocnemis-femina-male-1-18.jpg\" alt=\"Agriocnemis femina m\u00e2le, Vietnam, Tam Dao, 2 juin 2018\" class=\"wp-image-1108 lazyload\" style=\"--smush-placeholder-width: 2389px; --smush-placeholder-aspect-ratio: 2389\/1204;width:597px;height:301px\" data-srcset=\"https:\/\/www.meslibellules.fr\/blog\/wp-content\/uploads\/2018\/09\/agriocnemis-femina-male-1-18.jpg 2389w, https:\/\/www.meslibellules.fr\/blog\/wp-content\/uploads\/2018\/09\/agriocnemis-femina-male-1-18-768x387.jpg 768w, https:\/\/www.meslibellules.fr\/blog\/wp-content\/uploads\/2018\/09\/agriocnemis-femina-male-1-18-1200x605.jpg 1200w\" data-sizes=\"(max-width: 2389px) 100vw, 2389px\" src=\"data:image\/svg+xml;base64,PHN2ZyB3aWR0aD0iMSIgaGVpZ2h0PSIxIiB4bWxucz0iaHR0cDovL3d3dy53My5vcmcvMjAwMC9zdmciPjwvc3ZnPg==\" \/><\/a><figcaption class=\"wp-element-caption\">Agriocnemis femina m\u00e2le, Vietnam, Tam Dao, 2 juin 2018<\/figcaption><\/figure>\n\n\n\n<p style=\"font-size:15px\">Nous avons rencontr\u00e9 ce petit Agriocnemis, Variable wisp en anglais, 7 jours sur les 13 de prospection, mais il a pu passer inaper\u00e7u, d&rsquo;autant que nous ne lui avons jamais consacr\u00e9 de temps, sachant \u00e0 chaque fois que nous le reverrions et que d&rsquo;autres esp\u00e8ces bien moins communes nous attendaient. Sur la photo ci-dessus de ce jeune m\u00e2le,  on note la longueur des appendices anaux inf\u00e9rieurs, nettement plus longs que les sup\u00e9rieurs\u202f; c&rsquo;est le crit\u00e8re qui permet de le s\u00e9parer de Agriocnemis pygmaea de fa\u00e7on d\u00e9finitive.<br>Quant aux femelles comme celle-ci dessous, c&rsquo;est la forme du pronotum qui permet de trancher entre ces m\u00eames esp\u00e8ces. Quand il y a un lobe post\u00e9rieur (d&rsquo;ailleurs redress\u00e9), bien visible ici en cliquant sur la photo, c&rsquo;est Agriocnemis femina. Ici, un sch\u00e9ma permet de les s\u00e9parer.<\/p>\n\n\n\n<figure class=\"wp-block-image aligncenter is-resized\"><a href=\"https:\/\/www.meslibellules.fr\/blog\/wp-content\/uploads\/2018\/09\/agriocnemis-femina-femelle-1-18.jpg\"><img decoding=\"async\" width=\"1865\" height=\"1204\" data-src=\"https:\/\/www.meslibellules.fr\/blog\/wp-content\/uploads\/2018\/09\/agriocnemis-femina-femelle-1-18.jpg\" alt=\"\" class=\"wp-image-1119 lazyload\" style=\"--smush-placeholder-width: 1865px; --smush-placeholder-aspect-ratio: 1865\/1204;width:466px;height:301px\" data-srcset=\"https:\/\/www.meslibellules.fr\/blog\/wp-content\/uploads\/2018\/09\/agriocnemis-femina-femelle-1-18.jpg 1865w, https:\/\/www.meslibellules.fr\/blog\/wp-content\/uploads\/2018\/09\/agriocnemis-femina-femelle-1-18-768x496.jpg 768w, https:\/\/www.meslibellules.fr\/blog\/wp-content\/uploads\/2018\/09\/agriocnemis-femina-femelle-1-18-1200x775.jpg 1200w\" data-sizes=\"(max-width: 1865px) 100vw, 1865px\" src=\"data:image\/svg+xml;base64,PHN2ZyB3aWR0aD0iMSIgaGVpZ2h0PSIxIiB4bWxucz0iaHR0cDovL3d3dy53My5vcmcvMjAwMC9zdmciPjwvc3ZnPg==\" \/><\/a><figcaption class=\"wp-element-caption\">Agriocnemis femina femelle, Vietnam, Xuan Son, 9 juin 2018<\/figcaption><\/figure>\n\n\n\n<figure class=\"wp-block-image aligncenter\"><img decoding=\"async\" width=\"489\" height=\"269\" data-src=\"https:\/\/www.meslibellules.fr\/blog\/wp-content\/uploads\/2018\/09\/pronotum-pygmaea-vs-femina-.jpg\" alt=\"\" class=\"wp-image-1121 lazyload\" src=\"data:image\/svg+xml;base64,PHN2ZyB3aWR0aD0iMSIgaGVpZ2h0PSIxIiB4bWxucz0iaHR0cDovL3d3dy53My5vcmcvMjAwMC9zdmciPjwvc3ZnPg==\" style=\"--smush-placeholder-width: 489px; --smush-placeholder-aspect-ratio: 489\/269;\" \/><figcaption class=\"wp-element-caption\">Je ne peux malheureusement donner cr\u00e9dit \u00e0 l&rsquo;auteur de ce sch\u00e9ma, je n&rsquo;ai pas pu retrouver son origine&#8230;<\/figcaption><\/figure>\n\n\n\n<p style=\"font-size:15px\">Quand on observe le sujet ci-dessous, il est difficile de penser qu&rsquo;il s&rsquo;agit de la m\u00eame esp\u00e8ce, et pourtant il s&rsquo;agit de la forme \u00e2g\u00e9e du m\u00e2le.&nbsp; Il a presque compl\u00e8tement perdu la coloration rouge des derniers segments et son thorax s&rsquo;est couvert d&rsquo;une spectaculaire pruinosit\u00e9 blanche. J&rsquo;ai d&rsquo;ailleurs rencontr\u00e9 en Malaisie un <a href=\"http:\/\/www.meslibellules.fr\/voyages\/malaisie\/agriocnemis-femina\/agriocnemis-femina-male-1\/agriocnemis-femina-male-2big.jpg\">m\u00e2le interm\u00e9diaire<\/a> avec pruinosit\u00e9 thoracique, mais les derniers segments encore rouges.<\/p>\n\n\n\n<figure class=\"wp-block-image aligncenter is-resized\"><a href=\"https:\/\/www.meslibellules.fr\/blog\/wp-content\/uploads\/2018\/09\/agriocnemis-femina-male-2-18.jpg\"><img decoding=\"async\" width=\"1813\" height=\"1204\" data-src=\"https:\/\/www.meslibellules.fr\/blog\/wp-content\/uploads\/2018\/09\/agriocnemis-femina-male-2-18.jpg\" alt=\"Variable wisp female, Vietnam, Huu Lien, 3 juin 2018\" class=\"wp-image-1116 lazyload\" style=\"--smush-placeholder-width: 1813px; --smush-placeholder-aspect-ratio: 1813\/1204;width:453px;height:301px\" data-srcset=\"https:\/\/www.meslibellules.fr\/blog\/wp-content\/uploads\/2018\/09\/agriocnemis-femina-male-2-18.jpg 1813w, https:\/\/www.meslibellules.fr\/blog\/wp-content\/uploads\/2018\/09\/agriocnemis-femina-male-2-18-768x510.jpg 768w, https:\/\/www.meslibellules.fr\/blog\/wp-content\/uploads\/2018\/09\/agriocnemis-femina-male-2-18-1200x797.jpg 1200w\" data-sizes=\"(max-width: 1813px) 100vw, 1813px\" src=\"data:image\/svg+xml;base64,PHN2ZyB3aWR0aD0iMSIgaGVpZ2h0PSIxIiB4bWxucz0iaHR0cDovL3d3dy53My5vcmcvMjAwMC9zdmciPjwvc3ZnPg==\" \/><\/a><figcaption class=\"wp-element-caption\">Agriocnemis femina&nbsp; m\u00e2le, Vietnam, Tam Dao, 2 juin 2018<\/figcaption><\/figure>\n\n\n\n<figure class=\"wp-block-image aligncenter is-resized\"><a href=\"https:\/\/www.meslibellules.fr\/blog\/wp-content\/uploads\/2018\/09\/agriocnemis-femina-male-3-18.jpg\"><img decoding=\"async\" width=\"2701\" height=\"1204\" data-src=\"https:\/\/www.meslibellules.fr\/blog\/wp-content\/uploads\/2018\/09\/agriocnemis-femina-male-3-18.jpg\" alt=\"Agriocnemis femina femelle, Vietnam, Huu Lien, 3 juin 2018\" class=\"wp-image-1125 lazyload\" style=\"--smush-placeholder-width: 2701px; --smush-placeholder-aspect-ratio: 2701\/1204;width:675px;height:301px\" data-srcset=\"https:\/\/www.meslibellules.fr\/blog\/wp-content\/uploads\/2018\/09\/agriocnemis-femina-male-3-18.jpg 2701w, https:\/\/www.meslibellules.fr\/blog\/wp-content\/uploads\/2018\/09\/agriocnemis-femina-male-3-18-768x342.jpg 768w, https:\/\/www.meslibellules.fr\/blog\/wp-content\/uploads\/2018\/09\/agriocnemis-femina-male-3-18-1200x535.jpg 1200w\" data-sizes=\"(max-width: 2701px) 100vw, 2701px\" src=\"data:image\/svg+xml;base64,PHN2ZyB3aWR0aD0iMSIgaGVpZ2h0PSIxIiB4bWxucz0iaHR0cDovL3d3dy53My5vcmcvMjAwMC9zdmciPjwvc3ZnPg==\" \/><\/a><figcaption class=\"wp-element-caption\">Agriocnemis femina femelle, Vietnam, Huu Lien, 3 juin 2018<\/figcaption><\/figure>\n\n\n\n<p style=\"font-size:15px\">Pour les femelles, l&rsquo;\u00e9volution de la coloration est encore plus spectaculaire\u202f; ci-dessus une femelle consid\u00e9r\u00e9e comme mature.  Ci-dessous cette femelle rouge est consid\u00e9r\u00e9e comme une forme immature\u202f; elle deviendra verte \u00e0 maturit\u00e9, mais on trouve n\u00e9anmoins dans \u00ab\u00a0Dragonflies of Singapore\u00a0\u00bb un m\u00e2le pruineux accoupl\u00e9 \u00e0 une femelle rouge, et bien d&rsquo;autres exemples sur le Web et ici plus bas, ce qui souligne encore une fois, que maturit\u00e9 sexuelle et ce que nous consid\u00e9rons comme la coloration des sujets matures ne va pas forc\u00e9ment de pair.<\/p>\n\n\n\n<figure class=\"wp-block-image aligncenter is-resized\"><a href=\"https:\/\/www.meslibellules.fr\/blog\/wp-content\/uploads\/2018\/09\/agriocnemis-femina-femelle-2-18.jpg\"><img decoding=\"async\" width=\"2169\" height=\"1204\" data-src=\"https:\/\/www.meslibellules.fr\/blog\/wp-content\/uploads\/2018\/09\/agriocnemis-femina-femelle-2-18.jpg\" alt=\"Variable wisp female, Vietnam, Tam Dao, 2 juin 2018\" class=\"wp-image-1128 lazyload\" style=\"--smush-placeholder-width: 2169px; --smush-placeholder-aspect-ratio: 2169\/1204;width:542px;height:301px\" data-srcset=\"https:\/\/www.meslibellules.fr\/blog\/wp-content\/uploads\/2018\/09\/agriocnemis-femina-femelle-2-18.jpg 2169w, https:\/\/www.meslibellules.fr\/blog\/wp-content\/uploads\/2018\/09\/agriocnemis-femina-femelle-2-18-768x426.jpg 768w, https:\/\/www.meslibellules.fr\/blog\/wp-content\/uploads\/2018\/09\/agriocnemis-femina-femelle-2-18-1200x666.jpg 1200w\" data-sizes=\"(max-width: 2169px) 100vw, 2169px\" src=\"data:image\/svg+xml;base64,PHN2ZyB3aWR0aD0iMSIgaGVpZ2h0PSIxIiB4bWxucz0iaHR0cDovL3d3dy53My5vcmcvMjAwMC9zdmciPjwvc3ZnPg==\" \/><\/a><figcaption class=\"wp-element-caption\">Agriocnemis femina femelle, Vietnam, Tam Dao, 2 juin 2018<\/figcaption><\/figure>\n\n\n\n<figure class=\"wp-block-image aligncenter is-resized\"><a href=\"https:\/\/www.meslibellules.fr\/blog\/wp-content\/uploads\/2018\/09\/agriocnemis-femina-femelle-3-18.jpg\"><img decoding=\"async\" width=\"1703\" height=\"1204\" data-src=\"https:\/\/www.meslibellules.fr\/blog\/wp-content\/uploads\/2018\/09\/agriocnemis-femina-femelle-3-18.jpg\" alt=\"Agriocnemis femina femelle, Vietnam, Cuc Phong, 13 juin 2018\" class=\"wp-image-1239 lazyload\" style=\"--smush-placeholder-width: 1703px; --smush-placeholder-aspect-ratio: 1703\/1204;width:426px;height:301px\" data-srcset=\"https:\/\/www.meslibellules.fr\/blog\/wp-content\/uploads\/2018\/09\/agriocnemis-femina-femelle-3-18.jpg 1703w, https:\/\/www.meslibellules.fr\/blog\/wp-content\/uploads\/2018\/09\/agriocnemis-femina-femelle-3-18-768x543.jpg 768w, https:\/\/www.meslibellules.fr\/blog\/wp-content\/uploads\/2018\/09\/agriocnemis-femina-femelle-3-18-1200x848.jpg 1200w\" data-sizes=\"(max-width: 1703px) 100vw, 1703px\" src=\"data:image\/svg+xml;base64,PHN2ZyB3aWR0aD0iMSIgaGVpZ2h0PSIxIiB4bWxucz0iaHR0cDovL3d3dy53My5vcmcvMjAwMC9zdmciPjwvc3ZnPg==\" \/><\/a><figcaption class=\"wp-element-caption\">Variable wisp femelle (pronotum redress\u00e9), Vietnam, Cuc Phuong, 13 juin 2018<\/figcaption><\/figure>\n\n\n\n<p style=\"font-size:15px\">Enfin un accouplement entre un m\u00e2le et une femelle verts (avec peut-\u00eatre une trace de pruinosit\u00e9 sur le m\u00e2le).<\/p>\n\n\n\n<figure class=\"wp-block-image aligncenter is-resized\"><a href=\"https:\/\/www.meslibellules.fr\/blog\/wp-content\/uploads\/2018\/09\/agriocnemis-femina-accouplement-18.jpg\"><img decoding=\"async\" width=\"1150\" height=\"1204\" data-src=\"https:\/\/www.meslibellules.fr\/blog\/wp-content\/uploads\/2018\/09\/agriocnemis-femina-accouplement-18.jpg\" alt=\"Agriocnemis femina accouplement, Vietnam, Tam Dao, 2 juin 2018\" class=\"wp-image-1130 lazyload\" style=\"--smush-placeholder-width: 1150px; --smush-placeholder-aspect-ratio: 1150\/1204;width:575px;height:602px\" data-srcset=\"https:\/\/www.meslibellules.fr\/blog\/wp-content\/uploads\/2018\/09\/agriocnemis-femina-accouplement-18.jpg 1150w, https:\/\/www.meslibellules.fr\/blog\/wp-content\/uploads\/2018\/09\/agriocnemis-femina-accouplement-18-768x804.jpg 768w\" data-sizes=\"(max-width: 1150px) 100vw, 1150px\" src=\"data:image\/svg+xml;base64,PHN2ZyB3aWR0aD0iMSIgaGVpZ2h0PSIxIiB4bWxucz0iaHR0cDovL3d3dy53My5vcmcvMjAwMC9zdmciPjwvc3ZnPg==\" \/><\/a><figcaption class=\"wp-element-caption\">A. femina accouplement, Vietnam, Tam Dao, 2 juin 2018<\/figcaption><\/figure>\n\n\n\n<p style=\"font-size:15px\">Pour simplifier&#8230; on reconna\u00eet actuellement deux sous-esp\u00e8ces d&rsquo;Agriocnemis femina; Agriocnemis femina <em>femina <\/em>et Agriocnemis femina <em>oryzae<\/em>. L&rsquo;aire de distribution de la premi\u00e8re s&rsquo;\u00e9tendrait du Sri Lanka jusqu&rsquo;au nord de l&rsquo;Australie (!) quant \u00e0 la seconde, elle serait sino-japonaise.\u00a0<br>Les diff\u00e9rences entre les m\u00e2les des 2 esp\u00e8ces sont tr\u00e8s l\u00e9g\u00e8res au niveau des appendices anaux, plus marqu\u00e9es au niveau du pronotum pour les femelles (Insects of Micronesia, M.A. Lieftinck, 1962, dans lequel on trouve des croquis et descriptions d\u00e9taill\u00e9s).\u00a0<br>La forme <em>oryzae<\/em> est pr\u00e9sente dans l&rsquo;ile d&rsquo;Hainan, dans la mer de Chine, \u00e0 environ 200 km des c\u00f4tes nord vietnamiennes et je n&rsquo;ai pas r\u00e9ussi \u00e0 savoir \u00e0 quelle sous-esp\u00e8ce (ou esp\u00e8ce diff\u00e9rente non encore valid\u00e9e) appartiennent les sujets que nous avons observ\u00e9s.<br><a href=\"https:\/\/www.iucnredlist.org\/species\/167208\/179263659\">IUCN Red List<\/a><br><br><br>Aussi au <a href=\"http:\/\/www.meslibellules.fr\/voyages\/laos\/agriocnfem\/agriocnemis-femina-male-1.php\" target=\"_blank\" rel=\"noopener noreferrer\">Laos<\/a> et en <a href=\"http:\/\/www.meslibellules.fr\/voyages\/malaisie\/agriocnemis-femina\/agriocnemis-femina-male-1.php\" target=\"_blank\" rel=\"noopener noreferrer\">Malaisie<\/a>.<\/p>\n\n\n\n<figure class=\"wp-block-image aligncenter is-resized\"><a href=\"https:\/\/www.meslibellules.fr\/blog\/wp-content\/uploads\/2018\/09\/agriocnemis-femina-accouplement-2-18.jpg\"><img decoding=\"async\" width=\"1312\" height=\"1204\" data-src=\"https:\/\/www.meslibellules.fr\/blog\/wp-content\/uploads\/2018\/09\/agriocnemis-femina-accouplement-2-18.jpg\" alt=\"Agriocnemis femina accouplement femelle rouge, Vietnam, Cuc Phong, 13 juin 2018\" class=\"wp-image-1242 lazyload\" style=\"--smush-placeholder-width: 1312px; --smush-placeholder-aspect-ratio: 1312\/1204;width:610px;height:auto\" data-srcset=\"https:\/\/www.meslibellules.fr\/blog\/wp-content\/uploads\/2018\/09\/agriocnemis-femina-accouplement-2-18.jpg 1312w, https:\/\/www.meslibellules.fr\/blog\/wp-content\/uploads\/2018\/09\/agriocnemis-femina-accouplement-2-18-768x705.jpg 768w, https:\/\/www.meslibellules.fr\/blog\/wp-content\/uploads\/2018\/09\/agriocnemis-femina-accouplement-2-18-1200x1101.jpg 1200w\" data-sizes=\"(max-width: 1312px) 100vw, 1312px\" src=\"data:image\/svg+xml;base64,PHN2ZyB3aWR0aD0iMSIgaGVpZ2h0PSIxIiB4bWxucz0iaHR0cDovL3d3dy53My5vcmcvMjAwMC9zdmciPjwvc3ZnPg==\" \/><\/a><figcaption class=\"wp-element-caption\">Agriocnemis femina accouplement femelle rouge, Vietnam, Cuc Phuong, 13 juin 2018<\/figcaption><\/figure>\n\n\n\n<div style=\"height:48px\" aria-hidden=\"true\" class=\"wp-block-spacer\"><\/div>\n\n\n\n<div class=\"wp-block-buttons is-vertical is-layout-flex wp-container-core-buttons-is-layout-fe9cc265 wp-block-buttons-is-layout-flex\">\n<div class=\"wp-block-button\"><a class=\"wp-block-button__link wp-element-button\" href=\"https:\/\/www.meslibellules.fr\/blog\/odonates-du-vietnam-2012-2018\/\">Accueil Vietnam<\/a><\/div>\n\n\n\n<div class=\"wp-block-button\"><a class=\"wp-block-button__link wp-element-button\" href=\"http:\/\/www.meslibellules.fr\/pagesweb\/divers\/liste-generale-odonates-du-site\/asia-odonates.php\">Liste Asie<\/a><\/div>\n\n\n\n<div class=\"wp-block-button\"><a class=\"wp-block-button__link wp-element-button\" href=\"https:\/\/www.meslibellules.fr\/blog\/\">Accueil<\/a><\/div>\n<\/div>\n","protected":false},"excerpt":{"rendered":"<p>Le 4 et le 5 avril 2012, pr\u00e8s de la baie d&rsquo;Halong, puis \u00e0 Hano\u00ef, ces minuscules petits Coenagrionidae sont \u00e0 peine visibles dans les herbes. Leur abdomen mesure 16-17 mm, l&rsquo;aile post\u00e9rieure 11 mm.Ils se plaisent dans les rizi\u00e8res abandonn\u00e9es, pr\u00e8s des petites mares, des foss\u00e9s ou des flaques, ou sur les canaux, comme [&hellip;]<\/p>\n","protected":false},"author":1,"featured_media":0,"comment_status":"open","ping_status":"open","sticky":false,"template":"","format":"image","meta":{"site-sidebar-layout":"default","site-content-layout":"","ast-site-content-layout":"default","site-content-style":"default","site-sidebar-style":"default","ast-global-header-display":"","ast-banner-title-visibility":"","ast-main-header-display":"","ast-hfb-above-header-display":"","ast-hfb-below-header-display":"","ast-hfb-mobile-header-display":"","site-post-title":"","ast-breadcrumbs-content":"","ast-featured-img":"","footer-sml-layout":"","ast-disable-related-posts":"","theme-transparent-header-meta":"","adv-header-id-meta":"","stick-header-meta":"","header-above-stick-meta":"","header-main-stick-meta":"","header-below-stick-meta":"","astra-migrate-meta-layouts":"set","ast-page-background-enabled":"default","ast-page-background-meta":{"desktop":{"background-color":"var(--ast-global-color-4)","background-image":"","background-repeat":"repeat","background-position":"center center","background-size":"auto","background-attachment":"scroll","background-type":"","background-media":"","overlay-type":"","overlay-color":"","overlay-opacity":"","overlay-gradient":""},"tablet":{"background-color":"","background-image":"","background-repeat":"repeat","background-position":"center center","background-size":"auto","background-attachment":"scroll","background-type":"","background-media":"","overlay-type":"","overlay-color":"","overlay-opacity":"","overlay-gradient":""},"mobile":{"background-color":"","background-image":"","background-repeat":"repeat","background-position":"center center","background-size":"auto","background-attachment":"scroll","background-type":"","background-media":"","overlay-type":"","overlay-color":"","overlay-opacity":"","overlay-gradient":""}},"ast-content-background-meta":{"desktop":{"background-color":"var(--ast-global-color-5)","background-image":"","background-repeat":"repeat","background-position":"center center","background-size":"auto","background-attachment":"scroll","background-type":"","background-media":"","overlay-type":"","overlay-color":"","overlay-opacity":"","overlay-gradient":""},"tablet":{"background-color":"var(--ast-global-color-5)","background-image":"","background-repeat":"repeat","background-position":"center center","background-size":"auto","background-attachment":"scroll","background-type":"","background-media":"","overlay-type":"","overlay-color":"","overlay-opacity":"","overlay-gradient":""},"mobile":{"background-color":"var(--ast-global-color-5)","background-image":"","background-repeat":"repeat","background-position":"center center","background-size":"auto","background-attachment":"scroll","background-type":"","background-media":"","overlay-type":"","overlay-color":"","overlay-opacity":"","overlay-gradient":""}},"footnotes":""},"categories":[20],"tags":[],"class_list":["post-1097","post","type-post","status-publish","format-image","hentry","category-coenagrionidae","post_format-post-format-image"],"yoast_head":"<!-- This site is optimized with the Yoast SEO plugin v27.4 - https:\/\/yoast.com\/product\/yoast-seo-wordpress\/ -->\n<title>Agriocnemis femina - Mes Libellules<\/title>\n<meta name=\"description\" content=\"Agriocnemis femina m\u00e2les et femelles, description, identification, taille, habitat, distribution g\u00e9ographique\" \/>\n<meta name=\"robots\" content=\"index, follow, max-snippet:-1, max-image-preview:large, max-video-preview:-1\" \/>\n<link rel=\"canonical\" href=\"https:\/\/www.meslibellules.fr\/blog\/2018\/09\/22\/vietnam-2012-agriocnemis-femina\/\" \/>\n<meta property=\"og:locale\" content=\"fr_FR\" \/>\n<meta property=\"og:type\" content=\"article\" \/>\n<meta property=\"og:title\" content=\"Agriocnemis femina - Mes Libellules\" \/>\n<meta property=\"og:description\" content=\"Agriocnemis femina m\u00e2les et femelles, description, identification, taille, habitat, distribution g\u00e9ographique\" \/>\n<meta property=\"og:url\" content=\"https:\/\/www.meslibellules.fr\/blog\/2018\/09\/22\/vietnam-2012-agriocnemis-femina\/\" \/>\n<meta property=\"og:site_name\" content=\"Mes Libellules\" \/>\n<meta property=\"article:publisher\" content=\"https:\/\/www.facebook.com\/benoit.guillon.96\/\" \/>\n<meta property=\"article:author\" content=\"https:\/\/www.facebook.com\/benoit.guillon.96\/\" \/>\n<meta property=\"article:published_time\" content=\"2018-09-22T03:03:51+00:00\" \/>\n<meta property=\"article:modified_time\" content=\"2024-11-11T19:54:17+00:00\" \/>\n<meta property=\"og:image\" content=\"http:\/\/www.meslibellules.fr\/blog\/wp-content\/uploads\/2018\/09\/agriocnemis-femina-male-1.jpg\" \/>\n<meta name=\"author\" content=\"Beno\u00eet Guillon\" \/>\n<meta name=\"twitter:card\" content=\"summary_large_image\" \/>\n<meta name=\"twitter:label1\" content=\"\u00c9crit par\" \/>\n\t<meta name=\"twitter:data1\" content=\"Beno\u00eet Guillon\" \/>\n\t<meta name=\"twitter:label2\" content=\"Dur\u00e9e de lecture estim\u00e9e\" \/>\n\t<meta name=\"twitter:data2\" content=\"6 minutes\" \/>\n<script type=\"application\/ld+json\" class=\"yoast-schema-graph\">{\"@context\":\"https:\\\/\\\/schema.org\",\"@graph\":[{\"@type\":\"Article\",\"@id\":\"https:\\\/\\\/www.meslibellules.fr\\\/blog\\\/2018\\\/09\\\/22\\\/vietnam-2012-agriocnemis-femina\\\/#article\",\"isPartOf\":{\"@id\":\"https:\\\/\\\/www.meslibellules.fr\\\/blog\\\/2018\\\/09\\\/22\\\/vietnam-2012-agriocnemis-femina\\\/\"},\"author\":{\"name\":\"Beno\u00eet Guillon\",\"@id\":\"https:\\\/\\\/www.meslibellules.fr\\\/blog\\\/#\\\/schema\\\/person\\\/9aa3586f9dd053fcf329f43b8b053c77\"},\"headline\":\"Vietnam 2012 &#8211; 2018 Agriocnemis femina\",\"datePublished\":\"2018-09-22T03:03:51+00:00\",\"dateModified\":\"2024-11-11T19:54:17+00:00\",\"mainEntityOfPage\":{\"@id\":\"https:\\\/\\\/www.meslibellules.fr\\\/blog\\\/2018\\\/09\\\/22\\\/vietnam-2012-agriocnemis-femina\\\/\"},\"wordCount\":684,\"commentCount\":0,\"publisher\":{\"@id\":\"https:\\\/\\\/www.meslibellules.fr\\\/blog\\\/#\\\/schema\\\/person\\\/9aa3586f9dd053fcf329f43b8b053c77\"},\"image\":{\"@id\":\"https:\\\/\\\/www.meslibellules.fr\\\/blog\\\/2018\\\/09\\\/22\\\/vietnam-2012-agriocnemis-femina\\\/#primaryimage\"},\"thumbnailUrl\":\"http:\\\/\\\/www.meslibellules.fr\\\/blog\\\/wp-content\\\/uploads\\\/2018\\\/09\\\/agriocnemis-femina-male-1.jpg\",\"articleSection\":[\"Coenagrionidae\"],\"inLanguage\":\"fr-FR\",\"potentialAction\":[{\"@type\":\"CommentAction\",\"name\":\"Comment\",\"target\":[\"https:\\\/\\\/www.meslibellules.fr\\\/blog\\\/2018\\\/09\\\/22\\\/vietnam-2012-agriocnemis-femina\\\/#respond\"]}]},{\"@type\":\"WebPage\",\"@id\":\"https:\\\/\\\/www.meslibellules.fr\\\/blog\\\/2018\\\/09\\\/22\\\/vietnam-2012-agriocnemis-femina\\\/\",\"url\":\"https:\\\/\\\/www.meslibellules.fr\\\/blog\\\/2018\\\/09\\\/22\\\/vietnam-2012-agriocnemis-femina\\\/\",\"name\":\"Agriocnemis femina - Mes Libellules\",\"isPartOf\":{\"@id\":\"https:\\\/\\\/www.meslibellules.fr\\\/blog\\\/#website\"},\"primaryImageOfPage\":{\"@id\":\"https:\\\/\\\/www.meslibellules.fr\\\/blog\\\/2018\\\/09\\\/22\\\/vietnam-2012-agriocnemis-femina\\\/#primaryimage\"},\"image\":{\"@id\":\"https:\\\/\\\/www.meslibellules.fr\\\/blog\\\/2018\\\/09\\\/22\\\/vietnam-2012-agriocnemis-femina\\\/#primaryimage\"},\"thumbnailUrl\":\"http:\\\/\\\/www.meslibellules.fr\\\/blog\\\/wp-content\\\/uploads\\\/2018\\\/09\\\/agriocnemis-femina-male-1.jpg\",\"datePublished\":\"2018-09-22T03:03:51+00:00\",\"dateModified\":\"2024-11-11T19:54:17+00:00\",\"description\":\"Agriocnemis femina m\u00e2les et femelles, description, identification, taille, habitat, distribution g\u00e9ographique\",\"breadcrumb\":{\"@id\":\"https:\\\/\\\/www.meslibellules.fr\\\/blog\\\/2018\\\/09\\\/22\\\/vietnam-2012-agriocnemis-femina\\\/#breadcrumb\"},\"inLanguage\":\"fr-FR\",\"potentialAction\":[{\"@type\":\"ReadAction\",\"target\":[\"https:\\\/\\\/www.meslibellules.fr\\\/blog\\\/2018\\\/09\\\/22\\\/vietnam-2012-agriocnemis-femina\\\/\"]}]},{\"@type\":\"ImageObject\",\"inLanguage\":\"fr-FR\",\"@id\":\"https:\\\/\\\/www.meslibellules.fr\\\/blog\\\/2018\\\/09\\\/22\\\/vietnam-2012-agriocnemis-femina\\\/#primaryimage\",\"url\":\"http:\\\/\\\/www.meslibellules.fr\\\/blog\\\/wp-content\\\/uploads\\\/2018\\\/09\\\/agriocnemis-femina-male-1.jpg\",\"contentUrl\":\"http:\\\/\\\/www.meslibellules.fr\\\/blog\\\/wp-content\\\/uploads\\\/2018\\\/09\\\/agriocnemis-femina-male-1.jpg\"},{\"@type\":\"BreadcrumbList\",\"@id\":\"https:\\\/\\\/www.meslibellules.fr\\\/blog\\\/2018\\\/09\\\/22\\\/vietnam-2012-agriocnemis-femina\\\/#breadcrumb\",\"itemListElement\":[{\"@type\":\"ListItem\",\"position\":1,\"name\":\"Accueil\",\"item\":\"https:\\\/\\\/www.meslibellules.fr\\\/blog\\\/\"},{\"@type\":\"ListItem\",\"position\":2,\"name\":\"Vietnam 2012 &#8211; 2018 Agriocnemis femina\"}]},{\"@type\":\"WebSite\",\"@id\":\"https:\\\/\\\/www.meslibellules.fr\\\/blog\\\/#website\",\"url\":\"https:\\\/\\\/www.meslibellules.fr\\\/blog\\\/\",\"name\":\"Mes Libellules\",\"description\":\"Pr\u00e9sentation des libellules rencontr\u00e9es dans le monde\",\"publisher\":{\"@id\":\"https:\\\/\\\/www.meslibellules.fr\\\/blog\\\/#\\\/schema\\\/person\\\/9aa3586f9dd053fcf329f43b8b053c77\"},\"potentialAction\":[{\"@type\":\"SearchAction\",\"target\":{\"@type\":\"EntryPoint\",\"urlTemplate\":\"https:\\\/\\\/www.meslibellules.fr\\\/blog\\\/?s={search_term_string}\"},\"query-input\":{\"@type\":\"PropertyValueSpecification\",\"valueRequired\":true,\"valueName\":\"search_term_string\"}}],\"inLanguage\":\"fr-FR\"},{\"@type\":[\"Person\",\"Organization\"],\"@id\":\"https:\\\/\\\/www.meslibellules.fr\\\/blog\\\/#\\\/schema\\\/person\\\/9aa3586f9dd053fcf329f43b8b053c77\",\"name\":\"Beno\u00eet Guillon\",\"image\":{\"@type\":\"ImageObject\",\"inLanguage\":\"fr-FR\",\"@id\":\"https:\\\/\\\/www.meslibellules.fr\\\/blog\\\/wp-content\\\/uploads\\\/cropped-avatar-150-pix.jpg\",\"url\":\"https:\\\/\\\/www.meslibellules.fr\\\/blog\\\/wp-content\\\/uploads\\\/cropped-avatar-150-pix.jpg\",\"contentUrl\":\"https:\\\/\\\/www.meslibellules.fr\\\/blog\\\/wp-content\\\/uploads\\\/cropped-avatar-150-pix.jpg\",\"width\":150,\"height\":137,\"caption\":\"Beno\u00eet Guillon\"},\"logo\":{\"@id\":\"https:\\\/\\\/www.meslibellules.fr\\\/blog\\\/wp-content\\\/uploads\\\/cropped-avatar-150-pix.jpg\"},\"sameAs\":[\"https:\\\/\\\/www.facebook.com\\\/benoit.guillon.96\\\/\"]}]}<\/script>\n<!-- \/ Yoast SEO plugin. -->","yoast_head_json":{"title":"Agriocnemis femina - Mes Libellules","description":"Agriocnemis femina m\u00e2les et femelles, description, identification, taille, habitat, distribution g\u00e9ographique","robots":{"index":"index","follow":"follow","max-snippet":"max-snippet:-1","max-image-preview":"max-image-preview:large","max-video-preview":"max-video-preview:-1"},"canonical":"https:\/\/www.meslibellules.fr\/blog\/2018\/09\/22\/vietnam-2012-agriocnemis-femina\/","og_locale":"fr_FR","og_type":"article","og_title":"Agriocnemis femina - Mes Libellules","og_description":"Agriocnemis femina m\u00e2les et femelles, description, identification, taille, habitat, distribution g\u00e9ographique","og_url":"https:\/\/www.meslibellules.fr\/blog\/2018\/09\/22\/vietnam-2012-agriocnemis-femina\/","og_site_name":"Mes Libellules","article_publisher":"https:\/\/www.facebook.com\/benoit.guillon.96\/","article_author":"https:\/\/www.facebook.com\/benoit.guillon.96\/","article_published_time":"2018-09-22T03:03:51+00:00","article_modified_time":"2024-11-11T19:54:17+00:00","og_image":[{"url":"http:\/\/www.meslibellules.fr\/blog\/wp-content\/uploads\/2018\/09\/agriocnemis-femina-male-1.jpg","type":"","width":"","height":""}],"author":"Beno\u00eet Guillon","twitter_card":"summary_large_image","twitter_misc":{"\u00c9crit par":"Beno\u00eet Guillon","Dur\u00e9e de lecture estim\u00e9e":"6 minutes"},"schema":{"@context":"https:\/\/schema.org","@graph":[{"@type":"Article","@id":"https:\/\/www.meslibellules.fr\/blog\/2018\/09\/22\/vietnam-2012-agriocnemis-femina\/#article","isPartOf":{"@id":"https:\/\/www.meslibellules.fr\/blog\/2018\/09\/22\/vietnam-2012-agriocnemis-femina\/"},"author":{"name":"Beno\u00eet Guillon","@id":"https:\/\/www.meslibellules.fr\/blog\/#\/schema\/person\/9aa3586f9dd053fcf329f43b8b053c77"},"headline":"Vietnam 2012 &#8211; 2018 Agriocnemis femina","datePublished":"2018-09-22T03:03:51+00:00","dateModified":"2024-11-11T19:54:17+00:00","mainEntityOfPage":{"@id":"https:\/\/www.meslibellules.fr\/blog\/2018\/09\/22\/vietnam-2012-agriocnemis-femina\/"},"wordCount":684,"commentCount":0,"publisher":{"@id":"https:\/\/www.meslibellules.fr\/blog\/#\/schema\/person\/9aa3586f9dd053fcf329f43b8b053c77"},"image":{"@id":"https:\/\/www.meslibellules.fr\/blog\/2018\/09\/22\/vietnam-2012-agriocnemis-femina\/#primaryimage"},"thumbnailUrl":"http:\/\/www.meslibellules.fr\/blog\/wp-content\/uploads\/2018\/09\/agriocnemis-femina-male-1.jpg","articleSection":["Coenagrionidae"],"inLanguage":"fr-FR","potentialAction":[{"@type":"CommentAction","name":"Comment","target":["https:\/\/www.meslibellules.fr\/blog\/2018\/09\/22\/vietnam-2012-agriocnemis-femina\/#respond"]}]},{"@type":"WebPage","@id":"https:\/\/www.meslibellules.fr\/blog\/2018\/09\/22\/vietnam-2012-agriocnemis-femina\/","url":"https:\/\/www.meslibellules.fr\/blog\/2018\/09\/22\/vietnam-2012-agriocnemis-femina\/","name":"Agriocnemis femina - Mes Libellules","isPartOf":{"@id":"https:\/\/www.meslibellules.fr\/blog\/#website"},"primaryImageOfPage":{"@id":"https:\/\/www.meslibellules.fr\/blog\/2018\/09\/22\/vietnam-2012-agriocnemis-femina\/#primaryimage"},"image":{"@id":"https:\/\/www.meslibellules.fr\/blog\/2018\/09\/22\/vietnam-2012-agriocnemis-femina\/#primaryimage"},"thumbnailUrl":"http:\/\/www.meslibellules.fr\/blog\/wp-content\/uploads\/2018\/09\/agriocnemis-femina-male-1.jpg","datePublished":"2018-09-22T03:03:51+00:00","dateModified":"2024-11-11T19:54:17+00:00","description":"Agriocnemis femina m\u00e2les et femelles, description, identification, taille, habitat, distribution g\u00e9ographique","breadcrumb":{"@id":"https:\/\/www.meslibellules.fr\/blog\/2018\/09\/22\/vietnam-2012-agriocnemis-femina\/#breadcrumb"},"inLanguage":"fr-FR","potentialAction":[{"@type":"ReadAction","target":["https:\/\/www.meslibellules.fr\/blog\/2018\/09\/22\/vietnam-2012-agriocnemis-femina\/"]}]},{"@type":"ImageObject","inLanguage":"fr-FR","@id":"https:\/\/www.meslibellules.fr\/blog\/2018\/09\/22\/vietnam-2012-agriocnemis-femina\/#primaryimage","url":"http:\/\/www.meslibellules.fr\/blog\/wp-content\/uploads\/2018\/09\/agriocnemis-femina-male-1.jpg","contentUrl":"http:\/\/www.meslibellules.fr\/blog\/wp-content\/uploads\/2018\/09\/agriocnemis-femina-male-1.jpg"},{"@type":"BreadcrumbList","@id":"https:\/\/www.meslibellules.fr\/blog\/2018\/09\/22\/vietnam-2012-agriocnemis-femina\/#breadcrumb","itemListElement":[{"@type":"ListItem","position":1,"name":"Accueil","item":"https:\/\/www.meslibellules.fr\/blog\/"},{"@type":"ListItem","position":2,"name":"Vietnam 2012 &#8211; 2018 Agriocnemis femina"}]},{"@type":"WebSite","@id":"https:\/\/www.meslibellules.fr\/blog\/#website","url":"https:\/\/www.meslibellules.fr\/blog\/","name":"Mes Libellules","description":"Pr\u00e9sentation des libellules rencontr\u00e9es dans le monde","publisher":{"@id":"https:\/\/www.meslibellules.fr\/blog\/#\/schema\/person\/9aa3586f9dd053fcf329f43b8b053c77"},"potentialAction":[{"@type":"SearchAction","target":{"@type":"EntryPoint","urlTemplate":"https:\/\/www.meslibellules.fr\/blog\/?s={search_term_string}"},"query-input":{"@type":"PropertyValueSpecification","valueRequired":true,"valueName":"search_term_string"}}],"inLanguage":"fr-FR"},{"@type":["Person","Organization"],"@id":"https:\/\/www.meslibellules.fr\/blog\/#\/schema\/person\/9aa3586f9dd053fcf329f43b8b053c77","name":"Beno\u00eet Guillon","image":{"@type":"ImageObject","inLanguage":"fr-FR","@id":"https:\/\/www.meslibellules.fr\/blog\/wp-content\/uploads\/cropped-avatar-150-pix.jpg","url":"https:\/\/www.meslibellules.fr\/blog\/wp-content\/uploads\/cropped-avatar-150-pix.jpg","contentUrl":"https:\/\/www.meslibellules.fr\/blog\/wp-content\/uploads\/cropped-avatar-150-pix.jpg","width":150,"height":137,"caption":"Beno\u00eet Guillon"},"logo":{"@id":"https:\/\/www.meslibellules.fr\/blog\/wp-content\/uploads\/cropped-avatar-150-pix.jpg"},"sameAs":["https:\/\/www.facebook.com\/benoit.guillon.96\/"]}]}},"_links":{"self":[{"href":"https:\/\/www.meslibellules.fr\/blog\/wp-json\/wp\/v2\/posts\/1097","targetHints":{"allow":["GET"]}}],"collection":[{"href":"https:\/\/www.meslibellules.fr\/blog\/wp-json\/wp\/v2\/posts"}],"about":[{"href":"https:\/\/www.meslibellules.fr\/blog\/wp-json\/wp\/v2\/types\/post"}],"author":[{"embeddable":true,"href":"https:\/\/www.meslibellules.fr\/blog\/wp-json\/wp\/v2\/users\/1"}],"replies":[{"embeddable":true,"href":"https:\/\/www.meslibellules.fr\/blog\/wp-json\/wp\/v2\/comments?post=1097"}],"version-history":[{"count":0,"href":"https:\/\/www.meslibellules.fr\/blog\/wp-json\/wp\/v2\/posts\/1097\/revisions"}],"wp:attachment":[{"href":"https:\/\/www.meslibellules.fr\/blog\/wp-json\/wp\/v2\/media?parent=1097"}],"wp:term":[{"taxonomy":"category","embeddable":true,"href":"https:\/\/www.meslibellules.fr\/blog\/wp-json\/wp\/v2\/categories?post=1097"},{"taxonomy":"post_tag","embeddable":true,"href":"https:\/\/www.meslibellules.fr\/blog\/wp-json\/wp\/v2\/tags?post=1097"}],"curies":[{"name":"wp","href":"https:\/\/api.w.org\/{rel}","templated":true}]}}