{"id":11454,"date":"2023-03-19T21:29:06","date_gmt":"2023-03-19T20:29:06","guid":{"rendered":"https:\/\/www.meslibellules.fr\/blog\/?p=11454"},"modified":"2026-03-25T05:17:57","modified_gmt":"2026-03-25T04:17:57","slug":"oiseaux-dafrique","status":"publish","type":"post","link":"https:\/\/www.meslibellules.fr\/blog\/2023\/03\/19\/oiseaux-dafrique\/","title":{"rendered":"Oiseaux d&rsquo;Afrique"},"content":{"rendered":"\n<figure class=\"wp-block-gallery has-nested-images columns-default is-cropped wp-block-gallery-1 is-layout-flex wp-block-gallery-is-layout-flex\">\n<figure class=\"wp-block-image size-large\"><a href=\"https:\/\/www.meslibellules.fr\/blog\/wp-content\/uploads\/Huppe-fasciee.webp\"><img decoding=\"async\" width=\"1204\" height=\"1204\" data-id=\"11455\" data-src=\"https:\/\/www.meslibellules.fr\/blog\/wp-content\/uploads\/Huppe-fasciee.webp\" alt=\"Huppe fasci\u00e9e, Nambie, Bwabwata National Park, 20\/02\/2020\" class=\"wp-image-11455 lazyload\" data-srcset=\"https:\/\/www.meslibellules.fr\/blog\/wp-content\/uploads\/Huppe-fasciee.webp 1204w, https:\/\/www.meslibellules.fr\/blog\/wp-content\/uploads\/Huppe-fasciee-768x768.webp 768w, https:\/\/www.meslibellules.fr\/blog\/wp-content\/uploads\/Huppe-fasciee-150x150.webp 150w\" data-sizes=\"(max-width: 1204px) 100vw, 1204px\" src=\"data:image\/svg+xml;base64,PHN2ZyB3aWR0aD0iMSIgaGVpZ2h0PSIxIiB4bWxucz0iaHR0cDovL3d3dy53My5vcmcvMjAwMC9zdmciPjwvc3ZnPg==\" style=\"--smush-placeholder-width: 1204px; --smush-placeholder-aspect-ratio: 1204\/1204;\" \/><\/a><\/figure>\n\n\n\n<figure class=\"wp-block-image size-large\"><a href=\"https:\/\/www.meslibellules.fr\/blog\/wp-content\/uploads\/bird-sa.jpg\"><img decoding=\"async\" width=\"1301\" height=\"1204\" data-id=\"11480\" data-src=\"https:\/\/www.meslibellules.fr\/blog\/wp-content\/uploads\/bird-sa.jpg\" alt=\"Calao d'Afrique du Sud, Tockus rufirostris, Afrique du Sud, Malelane Gate, 26\/10\/2017\" class=\"wp-image-11480 lazyload\" data-srcset=\"https:\/\/www.meslibellules.fr\/blog\/wp-content\/uploads\/bird-sa.jpg 1301w, https:\/\/www.meslibellules.fr\/blog\/wp-content\/uploads\/bird-sa-768x711.jpg 768w\" data-sizes=\"(max-width: 1301px) 100vw, 1301px\" src=\"data:image\/svg+xml;base64,PHN2ZyB3aWR0aD0iMSIgaGVpZ2h0PSIxIiB4bWxucz0iaHR0cDovL3d3dy53My5vcmcvMjAwMC9zdmciPjwvc3ZnPg==\" style=\"--smush-placeholder-width: 1301px; --smush-placeholder-aspect-ratio: 1301\/1204;\" \/><\/a><\/figure>\n\n\n\n<figure class=\"wp-block-image size-large\"><a href=\"https:\/\/www.meslibellules.fr\/blog\/wp-content\/uploads\/cormoran-africain.webp\"><img decoding=\"async\" width=\"1248\" height=\"1004\" data-id=\"11483\" data-src=\"https:\/\/www.meslibellules.fr\/blog\/wp-content\/uploads\/cormoran-africain.webp\" alt=\"Cormoran Africain, Microcarbo africanus, Afrique du Sud, Hout Bay, 22\/10\/2017\" class=\"wp-image-11483 lazyload\" data-srcset=\"https:\/\/www.meslibellules.fr\/blog\/wp-content\/uploads\/cormoran-africain.webp 1248w, https:\/\/www.meslibellules.fr\/blog\/wp-content\/uploads\/cormoran-africain-768x618.webp 768w\" data-sizes=\"(max-width: 1248px) 100vw, 1248px\" src=\"data:image\/svg+xml;base64,PHN2ZyB3aWR0aD0iMSIgaGVpZ2h0PSIxIiB4bWxucz0iaHR0cDovL3d3dy53My5vcmcvMjAwMC9zdmciPjwvc3ZnPg==\" style=\"--smush-placeholder-width: 1248px; --smush-placeholder-aspect-ratio: 1248\/1004;\" \/><\/a><\/figure>\n<figcaption class=\"blocks-gallery-caption wp-element-caption\">Huppe d&rsquo;Afrique&nbsp;Upupa epops&nbsp;ssp.&nbsp;africana, Nambie, Bwabwata National Park, 20\/02\/2020<br>Calao leucom\u00e8le, Tockus leucomelas, Afrique du Sud, Malelane Gate, 26\/10\/2017<br>Cormoran Africain, Microcarbo africanus, Afrique du Sud, Hout Bay, 22\/10\/2017<\/figcaption><\/figure>\n\n\n\n<figure class=\"wp-block-gallery has-nested-images columns-default is-cropped wp-block-gallery-2 is-layout-flex wp-block-gallery-is-layout-flex\">\n<figure class=\"wp-block-image size-large\"><a href=\"https:\/\/www.meslibellules.fr\/blog\/wp-content\/uploads\/pigeaon-roussard.webp\"><img decoding=\"async\" width=\"1451\" height=\"1204\" data-id=\"11485\" data-src=\"https:\/\/www.meslibellules.fr\/blog\/wp-content\/uploads\/pigeaon-roussard.webp\" alt=\"Pigeon Roussard, Columba guinea, Afrique du Sud, Camps Bay, 22\/10\/2017\" class=\"wp-image-11485 lazyload\" data-srcset=\"https:\/\/www.meslibellules.fr\/blog\/wp-content\/uploads\/pigeaon-roussard.webp 1451w, https:\/\/www.meslibellules.fr\/blog\/wp-content\/uploads\/pigeaon-roussard-768x637.webp 768w\" data-sizes=\"(max-width: 1451px) 100vw, 1451px\" src=\"data:image\/svg+xml;base64,PHN2ZyB3aWR0aD0iMSIgaGVpZ2h0PSIxIiB4bWxucz0iaHR0cDovL3d3dy53My5vcmcvMjAwMC9zdmciPjwvc3ZnPg==\" style=\"--smush-placeholder-width: 1451px; --smush-placeholder-aspect-ratio: 1451\/1204;\" \/><\/a><\/figure>\n\n\n\n<figure class=\"wp-block-image size-large\"><a href=\"https:\/\/www.meslibellules.fr\/blog\/wp-content\/uploads\/manchots-ducap.webp\"><img decoding=\"async\" width=\"1389\" height=\"1204\" data-id=\"11487\" data-src=\"https:\/\/www.meslibellules.fr\/blog\/wp-content\/uploads\/manchots-ducap.webp\" alt=\"Manchot du Cap Spheniscus demersus, Afrique du Sud, Simon's Town, Le Cap, 22\/10\/2017\" class=\"wp-image-11487 lazyload\" data-srcset=\"https:\/\/www.meslibellules.fr\/blog\/wp-content\/uploads\/manchots-ducap.webp 1389w, https:\/\/www.meslibellules.fr\/blog\/wp-content\/uploads\/manchots-ducap-768x666.webp 768w\" data-sizes=\"(max-width: 1389px) 100vw, 1389px\" src=\"data:image\/svg+xml;base64,PHN2ZyB3aWR0aD0iMSIgaGVpZ2h0PSIxIiB4bWxucz0iaHR0cDovL3d3dy53My5vcmcvMjAwMC9zdmciPjwvc3ZnPg==\" style=\"--smush-placeholder-width: 1389px; --smush-placeholder-aspect-ratio: 1389\/1204;\" \/><\/a><\/figure>\n\n\n\n<figure class=\"wp-block-image size-large\"><a href=\"https:\/\/www.meslibellules.fr\/blog\/wp-content\/uploads\/bird6sa.jpg\"><img decoding=\"async\" width=\"999\" height=\"1004\" data-id=\"11491\" data-src=\"https:\/\/www.meslibellules.fr\/blog\/wp-content\/uploads\/bird6sa.jpg\" alt=\"Cormoran \u00e0 Poitrine Blanche, Phalacrocorax carbo ssp. lucidus, Afrique du Sud, Hout Bay, 22\/10\/2017\" class=\"wp-image-11491 lazyload\" data-srcset=\"https:\/\/www.meslibellules.fr\/blog\/wp-content\/uploads\/bird6sa.jpg 999w, https:\/\/www.meslibellules.fr\/blog\/wp-content\/uploads\/bird6sa-768x772.jpg 768w, https:\/\/www.meslibellules.fr\/blog\/wp-content\/uploads\/bird6sa-150x150.jpg 150w\" data-sizes=\"(max-width: 999px) 100vw, 999px\" src=\"data:image\/svg+xml;base64,PHN2ZyB3aWR0aD0iMSIgaGVpZ2h0PSIxIiB4bWxucz0iaHR0cDovL3d3dy53My5vcmcvMjAwMC9zdmciPjwvc3ZnPg==\" style=\"--smush-placeholder-width: 999px; --smush-placeholder-aspect-ratio: 999\/1004;\" \/><\/a><\/figure>\n<figcaption class=\"blocks-gallery-caption wp-element-caption\">Pigeon Roussard, Columba guinea, Afrique du Sud, Camps Bay, 22\/10\/2017<br>Manchot du Cap Spheniscus demersus, Afrique du Sud, Simon&rsquo;s Town, Le Cap, 22\/10\/2017<br>Cormoran \u00e0 Poitrine Blanche, Phalacrocorax carbo ssp. lucidus, Afrique du Sud, Hout Bay, 22\/10\/2017<\/figcaption><\/figure>\n\n\n\n<figure class=\"wp-block-gallery has-nested-images columns-default is-cropped aligncenter wp-block-gallery-3 is-layout-flex wp-block-gallery-is-layout-flex\">\n<figure class=\"wp-block-image size-large is-resized\"><a href=\"https:\/\/www.meslibellules.fr\/blog\/wp-content\/uploads\/Tisserin-a-tete-rousse.webp\"><img decoding=\"async\" width=\"1037\" height=\"1004\" data-id=\"11596\" data-src=\"https:\/\/www.meslibellules.fr\/blog\/wp-content\/uploads\/Tisserin-a-tete-rousse.webp\" alt=\"Tisserin \u00e0 t\u00eate rousse, Ploceus velatus, Afrique du Sud, Petrusburg, 25\/10\/2017\" class=\"wp-image-11596 lazyload\" data-srcset=\"https:\/\/www.meslibellules.fr\/blog\/wp-content\/uploads\/Tisserin-a-tete-rousse.webp 1037w, https:\/\/www.meslibellules.fr\/blog\/wp-content\/uploads\/Tisserin-a-tete-rousse-768x744.webp 768w\" data-sizes=\"(max-width: 1037px) 100vw, 1037px\" src=\"data:image\/svg+xml;base64,PHN2ZyB3aWR0aD0iMSIgaGVpZ2h0PSIxIiB4bWxucz0iaHR0cDovL3d3dy53My5vcmcvMjAwMC9zdmciPjwvc3ZnPg==\" style=\"--smush-placeholder-width: 1037px; --smush-placeholder-aspect-ratio: 1037\/1004;\" \/><\/a><\/figure>\n\n\n\n<figure class=\"wp-block-image size-large\"><a href=\"https:\/\/www.meslibellules.fr\/blog\/wp-content\/uploads\/Souimanga-Chalybee.webp\"><img decoding=\"async\" width=\"1248\" height=\"1204\" data-id=\"11632\" data-src=\"https:\/\/www.meslibellules.fr\/blog\/wp-content\/uploads\/Souimanga-Chalybee.webp\" alt=\"Souimanga Chalyb\u00e9e, Cinnyris chalybeus, Simon's Town, Le Cap, Afrique du Sud, 22\/10\/2017\" class=\"wp-image-11632 lazyload\" data-srcset=\"https:\/\/www.meslibellules.fr\/blog\/wp-content\/uploads\/Souimanga-Chalybee.webp 1248w, https:\/\/www.meslibellules.fr\/blog\/wp-content\/uploads\/Souimanga-Chalybee-768x741.webp 768w\" data-sizes=\"(max-width: 1248px) 100vw, 1248px\" src=\"data:image\/svg+xml;base64,PHN2ZyB3aWR0aD0iMSIgaGVpZ2h0PSIxIiB4bWxucz0iaHR0cDovL3d3dy53My5vcmcvMjAwMC9zdmciPjwvc3ZnPg==\" style=\"--smush-placeholder-width: 1248px; --smush-placeholder-aspect-ratio: 1248\/1204;\" \/><\/a><\/figure>\n\n\n\n<figure class=\"wp-block-image size-large\"><a href=\"https:\/\/www.meslibellules.fr\/blog\/wp-content\/uploads\/cormoranducap.jpg\"><img decoding=\"async\" width=\"1359\" height=\"1004\" data-id=\"11635\" data-src=\"https:\/\/www.meslibellules.fr\/blog\/wp-content\/uploads\/cormoranducap.jpg\" alt=\"Cormoran du Cap, Phalacrocorax capensis, Afrique du Sud, Le Cap, Cape Point, 2210\/2017\" class=\"wp-image-11635 lazyload\" data-srcset=\"https:\/\/www.meslibellules.fr\/blog\/wp-content\/uploads\/cormoranducap.jpg 1359w, https:\/\/www.meslibellules.fr\/blog\/wp-content\/uploads\/cormoranducap-768x567.jpg 768w\" data-sizes=\"(max-width: 1359px) 100vw, 1359px\" src=\"data:image\/svg+xml;base64,PHN2ZyB3aWR0aD0iMSIgaGVpZ2h0PSIxIiB4bWxucz0iaHR0cDovL3d3dy53My5vcmcvMjAwMC9zdmciPjwvc3ZnPg==\" style=\"--smush-placeholder-width: 1359px; --smush-placeholder-aspect-ratio: 1359\/1004;\" \/><\/a><\/figure>\n<figcaption class=\"blocks-gallery-caption wp-element-caption\">Tisserin \u00e0 t\u00eate rousse, Ploceus velatus, Afrique du Sud, Petrusburg, 25\/10\/2017<br>Souimanga Chalyb\u00e9e, Cinnyris chalybeus, Simon&rsquo;s Town, Le Cap, Afrique du Sud, 22\/10\/2017<br>Cormoran du Cap, Phalacrocorax capensis, Afrique du Sud, Le Cap, Cape Point, 2210\/2017<\/figcaption><\/figure>\n\n\n\n<figure class=\"wp-block-gallery has-nested-images columns-default is-cropped aligncenter wp-block-gallery-4 is-layout-flex wp-block-gallery-is-layout-flex\">\n<figure class=\"wp-block-image size-full is-resized\"><a href=\"https:\/\/www.meslibellules.fr\/blog\/wp-content\/uploads\/Pintade-de-Numidie.webp\"><img decoding=\"async\" width=\"1317\" height=\"1204\" data-id=\"11592\" data-src=\"https:\/\/www.meslibellules.fr\/blog\/wp-content\/uploads\/Pintade-de-Numidie.webp\" alt=\"Pintade de Numidie, Numida meleagris, Afrique du Sud, Petrusburg, 24\/10\/2017\" class=\"wp-image-11592 lazyload\" data-srcset=\"https:\/\/www.meslibellules.fr\/blog\/wp-content\/uploads\/Pintade-de-Numidie.webp 1317w, https:\/\/www.meslibellules.fr\/blog\/wp-content\/uploads\/Pintade-de-Numidie-768x702.webp 768w\" data-sizes=\"(max-width: 1317px) 100vw, 1317px\" src=\"data:image\/svg+xml;base64,PHN2ZyB3aWR0aD0iMSIgaGVpZ2h0PSIxIiB4bWxucz0iaHR0cDovL3d3dy53My5vcmcvMjAwMC9zdmciPjwvc3ZnPg==\" style=\"--smush-placeholder-width: 1317px; --smush-placeholder-aspect-ratio: 1317\/1204;\" \/><\/a><\/figure>\n\n\n\n<figure class=\"wp-block-image size-full\"><a href=\"https:\/\/www.meslibellules.fr\/blog\/wp-content\/uploads\/Tisserin-intermediaire.webp\"><img decoding=\"async\" width=\"986\" height=\"1004\" data-id=\"11594\" data-src=\"https:\/\/www.meslibellules.fr\/blog\/wp-content\/uploads\/Tisserin-intermediaire.webp\" alt=\"Tisserin interm\u00e9diaire, Ploceus intermedius, Afrique du Sud, Petrusburg, 25\/10\/2017\" class=\"wp-image-11594 lazyload\" data-srcset=\"https:\/\/www.meslibellules.fr\/blog\/wp-content\/uploads\/Tisserin-intermediaire.webp 986w, https:\/\/www.meslibellules.fr\/blog\/wp-content\/uploads\/Tisserin-intermediaire-768x782.webp 768w\" data-sizes=\"(max-width: 986px) 100vw, 986px\" src=\"data:image\/svg+xml;base64,PHN2ZyB3aWR0aD0iMSIgaGVpZ2h0PSIxIiB4bWxucz0iaHR0cDovL3d3dy53My5vcmcvMjAwMC9zdmciPjwvc3ZnPg==\" style=\"--smush-placeholder-width: 986px; --smush-placeholder-aspect-ratio: 986\/1004;\" \/><\/a><\/figure>\n\n\n\n<figure class=\"wp-block-image size-full\"><a href=\"https:\/\/www.meslibellules.fr\/blog\/wp-content\/uploads\/Goeland-dominicain.webp\"><img decoding=\"async\" width=\"1172\" height=\"1004\" data-id=\"11639\" data-src=\"https:\/\/www.meslibellules.fr\/blog\/wp-content\/uploads\/Goeland-dominicain.webp\" alt=\"Go\u00e9land dominicain,Larus dominicanus,Afrique du Sud, Le Cap, Cape Point, 22\/10\/2017\" class=\"wp-image-11639 lazyload\" data-srcset=\"https:\/\/www.meslibellules.fr\/blog\/wp-content\/uploads\/Goeland-dominicain.webp 1172w, https:\/\/www.meslibellules.fr\/blog\/wp-content\/uploads\/Goeland-dominicain-768x658.webp 768w\" data-sizes=\"(max-width: 1172px) 100vw, 1172px\" src=\"data:image\/svg+xml;base64,PHN2ZyB3aWR0aD0iMSIgaGVpZ2h0PSIxIiB4bWxucz0iaHR0cDovL3d3dy53My5vcmcvMjAwMC9zdmciPjwvc3ZnPg==\" style=\"--smush-placeholder-width: 1172px; --smush-placeholder-aspect-ratio: 1172\/1004;\" \/><\/a><\/figure>\n<figcaption class=\"blocks-gallery-caption wp-element-caption\">Pintade de Numidie, Numida meleagris, Afrique du Sud, Petrusburg, 24\/10\/2017<br>Tisserin interm\u00e9diaire, Ploceus intermedius, Afrique du Sud, Petrusburg, 25\/10\/2017<br>Go\u00e9land dominicain,Larus dominicanus,Afrique du Sud, Le Cap, Cape Point, 22\/10\/2017<\/figcaption><\/figure>\n\n\n\n<figure class=\"wp-block-gallery has-nested-images columns-default is-cropped aligncenter wp-block-gallery-5 is-layout-flex wp-block-gallery-is-layout-flex\">\n<figure class=\"wp-block-image size-full is-resized\"><a href=\"https:\/\/www.meslibellules.fr\/blog\/wp-content\/uploads\/Rufipenne-morio.webp\"><img decoding=\"async\" width=\"1884\" height=\"1204\" data-id=\"11590\" data-src=\"https:\/\/www.meslibellules.fr\/blog\/wp-content\/uploads\/Rufipenne-morio.webp\" alt=\"Rufipenne morio, Onychognathus morio, Afrique du Sud, Le Cap, 22\/10\/2017\" class=\"wp-image-11590 lazyload\" data-srcset=\"https:\/\/www.meslibellules.fr\/blog\/wp-content\/uploads\/Rufipenne-morio.webp 1884w, https:\/\/www.meslibellules.fr\/blog\/wp-content\/uploads\/Rufipenne-morio-768x491.webp 768w, https:\/\/www.meslibellules.fr\/blog\/wp-content\/uploads\/Rufipenne-morio-1536x982.webp 1536w\" data-sizes=\"(max-width: 1884px) 100vw, 1884px\" src=\"data:image\/svg+xml;base64,PHN2ZyB3aWR0aD0iMSIgaGVpZ2h0PSIxIiB4bWxucz0iaHR0cDovL3d3dy53My5vcmcvMjAwMC9zdmciPjwvc3ZnPg==\" style=\"--smush-placeholder-width: 1884px; --smush-placeholder-aspect-ratio: 1884\/1204;\" \/><\/a><\/figure>\n\n\n\n<figure class=\"wp-block-image size-full\"><a href=\"https:\/\/www.meslibellules.fr\/blog\/wp-content\/uploads\/Bergeronnette-du-Cap.webp\"><img decoding=\"async\" width=\"1444\" height=\"1004\" data-id=\"11630\" data-src=\"https:\/\/www.meslibellules.fr\/blog\/wp-content\/uploads\/Bergeronnette-du-Cap.webp\" alt=\"Bergeronnette du Cap, Motacilla capensis, Simon's Town, Le Cap, Afrique du Sud\" class=\"wp-image-11630 lazyload\" data-srcset=\"https:\/\/www.meslibellules.fr\/blog\/wp-content\/uploads\/Bergeronnette-du-Cap.webp 1444w, https:\/\/www.meslibellules.fr\/blog\/wp-content\/uploads\/Bergeronnette-du-Cap-768x534.webp 768w\" data-sizes=\"(max-width: 1444px) 100vw, 1444px\" src=\"data:image\/svg+xml;base64,PHN2ZyB3aWR0aD0iMSIgaGVpZ2h0PSIxIiB4bWxucz0iaHR0cDovL3d3dy53My5vcmcvMjAwMC9zdmciPjwvc3ZnPg==\" style=\"--smush-placeholder-width: 1444px; --smush-placeholder-aspect-ratio: 1444\/1004;\" \/><\/a><\/figure>\n<figcaption class=\"blocks-gallery-caption wp-element-caption\">Rufipenne morio, Onychognathus morio, Afrique du Sud, Le Cap, 22\/10\/2017<br>Bergeronnette du Cap, Motacilla capensis, Simon&rsquo;s Town, Le Cap, Afrique du Sud<\/figcaption><\/figure>\n\n\n\n<figure class=\"wp-block-gallery has-nested-images columns-default is-cropped aligncenter wp-block-gallery-6 is-layout-flex wp-block-gallery-is-layout-flex\">\n<figure class=\"wp-block-image size-full is-resized\"><a href=\"https:\/\/www.meslibellules.fr\/blog\/wp-content\/uploads\/Veuve-dominicaine.webp\"><img decoding=\"async\" width=\"956\" height=\"1004\" data-id=\"11637\" data-src=\"https:\/\/www.meslibellules.fr\/blog\/wp-content\/uploads\/Veuve-dominicaine.webp\" alt=\"Veuve Dominicaine, Vidua macroura, Afrique du Sud, Stellenbosch, 23\/10\/2017\" class=\"wp-image-11637 lazyload\" data-srcset=\"https:\/\/www.meslibellules.fr\/blog\/wp-content\/uploads\/Veuve-dominicaine.webp 956w, https:\/\/www.meslibellules.fr\/blog\/wp-content\/uploads\/Veuve-dominicaine-768x807.webp 768w\" data-sizes=\"(max-width: 956px) 100vw, 956px\" src=\"data:image\/svg+xml;base64,PHN2ZyB3aWR0aD0iMSIgaGVpZ2h0PSIxIiB4bWxucz0iaHR0cDovL3d3dy53My5vcmcvMjAwMC9zdmciPjwvc3ZnPg==\" style=\"--smush-placeholder-width: 956px; --smush-placeholder-aspect-ratio: 956\/1004;\" \/><\/a><\/figure>\n\n\n\n<figure class=\"wp-block-image size-full\"><a href=\"https:\/\/www.meslibellules.fr\/blog\/wp-content\/uploads\/Ouette-dEgypte-poussin.webp\"><img decoding=\"async\" width=\"1209\" height=\"1204\" data-id=\"11641\" data-src=\"https:\/\/www.meslibellules.fr\/blog\/wp-content\/uploads\/Ouette-dEgypte-poussin.webp\" alt=\"Ouette d'Egypte, Alopochen aegyptiaca, Afrique du Sud, Cape Town, 23\/10\/2017\" class=\"wp-image-11641 lazyload\" data-srcset=\"https:\/\/www.meslibellules.fr\/blog\/wp-content\/uploads\/Ouette-dEgypte-poussin.webp 1209w, https:\/\/www.meslibellules.fr\/blog\/wp-content\/uploads\/Ouette-dEgypte-poussin-768x765.webp 768w, https:\/\/www.meslibellules.fr\/blog\/wp-content\/uploads\/Ouette-dEgypte-poussin-150x150.webp 150w\" data-sizes=\"(max-width: 1209px) 100vw, 1209px\" src=\"data:image\/svg+xml;base64,PHN2ZyB3aWR0aD0iMSIgaGVpZ2h0PSIxIiB4bWxucz0iaHR0cDovL3d3dy53My5vcmcvMjAwMC9zdmciPjwvc3ZnPg==\" style=\"--smush-placeholder-width: 1209px; --smush-placeholder-aspect-ratio: 1209\/1204;\" \/><\/a><\/figure>\n\n\n\n<figure class=\"wp-block-image size-full\"><a href=\"https:\/\/www.meslibellules.fr\/blog\/wp-content\/uploads\/Ouette-dEgypte.webp\"><img decoding=\"async\" width=\"1325\" height=\"1204\" data-id=\"11640\" data-src=\"https:\/\/www.meslibellules.fr\/blog\/wp-content\/uploads\/Ouette-dEgypte.webp\" alt=\"Ouette d'Egypte, Alopochen aegyptiaca, Afrique du Sud, Cape Town, 23\/10\/2017\" class=\"wp-image-11640 lazyload\" data-srcset=\"https:\/\/www.meslibellules.fr\/blog\/wp-content\/uploads\/Ouette-dEgypte.webp 1325w, https:\/\/www.meslibellules.fr\/blog\/wp-content\/uploads\/Ouette-dEgypte-768x698.webp 768w\" data-sizes=\"(max-width: 1325px) 100vw, 1325px\" src=\"data:image\/svg+xml;base64,PHN2ZyB3aWR0aD0iMSIgaGVpZ2h0PSIxIiB4bWxucz0iaHR0cDovL3d3dy53My5vcmcvMjAwMC9zdmciPjwvc3ZnPg==\" style=\"--smush-placeholder-width: 1325px; --smush-placeholder-aspect-ratio: 1325\/1204;\" \/><\/a><\/figure>\n<figcaption class=\"blocks-gallery-caption wp-element-caption\">Veuve Dominicaine, Vidua macroura, Afrique du Sud, Stellenbosch, 23\/10\/2017<br>2 &amp; 3 Ouette d&rsquo;Egypte, Alopochen aegyptiaca, Afrique du Sud, Cape Town, 23\/10\/2017<\/figcaption><\/figure>\n\n\n\n<figure class=\"wp-block-gallery aligncenter has-nested-images columns-default is-cropped wp-block-gallery-7 is-layout-flex wp-block-gallery-is-layout-flex\">\n<figure class=\"wp-block-image size-full\"><a href=\"https:\/\/www.meslibellules.fr\/blog\/wp-content\/uploads\/Ibis-hagedash.webp\"><img decoding=\"async\" width=\"1447\" height=\"1204\" data-id=\"11646\" data-src=\"https:\/\/www.meslibellules.fr\/blog\/wp-content\/uploads\/Ibis-hagedash.webp\" alt=\"Ibis Hagedash, Bostrychia hagedash, Afrique, Cape Town, 23\/10\/17\" class=\"wp-image-11646 lazyload\" data-srcset=\"https:\/\/www.meslibellules.fr\/blog\/wp-content\/uploads\/Ibis-hagedash.webp 1447w, https:\/\/www.meslibellules.fr\/blog\/wp-content\/uploads\/Ibis-hagedash-768x639.webp 768w\" data-sizes=\"(max-width: 1447px) 100vw, 1447px\" src=\"data:image\/svg+xml;base64,PHN2ZyB3aWR0aD0iMSIgaGVpZ2h0PSIxIiB4bWxucz0iaHR0cDovL3d3dy53My5vcmcvMjAwMC9zdmciPjwvc3ZnPg==\" style=\"--smush-placeholder-width: 1447px; --smush-placeholder-aspect-ratio: 1447\/1204;\" \/><\/a><\/figure>\n\n\n\n<figure class=\"wp-block-image size-full\"><a href=\"https:\/\/www.meslibellules.fr\/blog\/wp-content\/uploads\/Guepier-carmin.webp\"><img decoding=\"async\" width=\"1170\" height=\"1004\" data-id=\"13880\" data-src=\"https:\/\/www.meslibellules.fr\/blog\/wp-content\/uploads\/Guepier-carmin.webp\" alt=\"Gu\u00eapier carmin, Merops nubicoides, Namibie, 14\/02\/2020\" class=\"wp-image-13880 lazyload\" data-srcset=\"https:\/\/www.meslibellules.fr\/blog\/wp-content\/uploads\/Guepier-carmin.webp 1170w, https:\/\/www.meslibellules.fr\/blog\/wp-content\/uploads\/Guepier-carmin-768x659.webp 768w\" data-sizes=\"(max-width: 1170px) 100vw, 1170px\" src=\"data:image\/svg+xml;base64,PHN2ZyB3aWR0aD0iMSIgaGVpZ2h0PSIxIiB4bWxucz0iaHR0cDovL3d3dy53My5vcmcvMjAwMC9zdmciPjwvc3ZnPg==\" style=\"--smush-placeholder-width: 1170px; --smush-placeholder-aspect-ratio: 1170\/1004;\" \/><\/a><\/figure>\n\n\n\n<figure class=\"wp-block-image size-full\"><a href=\"https:\/\/www.meslibellules.fr\/blog\/wp-content\/uploads\/Guepier-carmin-2.webp\"><img decoding=\"async\" width=\"1278\" height=\"1204\" data-id=\"17191\" data-src=\"https:\/\/www.meslibellules.fr\/blog\/wp-content\/uploads\/Guepier-carmin-2.webp\" alt=\"\" class=\"wp-image-17191 lazyload\" data-srcset=\"https:\/\/www.meslibellules.fr\/blog\/wp-content\/uploads\/Guepier-carmin-2.webp 1278w, https:\/\/www.meslibellules.fr\/blog\/wp-content\/uploads\/Guepier-carmin-2-768x724.webp 768w\" data-sizes=\"(max-width: 1278px) 100vw, 1278px\" src=\"data:image\/svg+xml;base64,PHN2ZyB3aWR0aD0iMSIgaGVpZ2h0PSIxIiB4bWxucz0iaHR0cDovL3d3dy53My5vcmcvMjAwMC9zdmciPjwvc3ZnPg==\" style=\"--smush-placeholder-width: 1278px; --smush-placeholder-aspect-ratio: 1278\/1204;\" \/><\/a><\/figure>\n<figcaption class=\"blocks-gallery-caption wp-element-caption\">Ibis Hagedash, Bostrychia hagedash, Afrique, Cape Town, 23\/10\/17<br>Gu\u00eapier carmin, Merops nubicoides, Namibie, 14\/02\/2020 &amp; Rundu 11\/02\/2020<\/figcaption><\/figure>\n\n\n\n<figure class=\"wp-block-gallery aligncenter has-nested-images columns-default is-cropped wp-block-gallery-8 is-layout-flex wp-block-gallery-is-layout-flex\">\n<figure class=\"wp-block-image size-full\"><a href=\"https:\/\/www.meslibellules.fr\/blog\/wp-content\/uploads\/Barbican-promepic.webp\"><img decoding=\"async\" width=\"1508\" height=\"1004\" data-id=\"13882\" data-src=\"https:\/\/www.meslibellules.fr\/blog\/wp-content\/uploads\/Barbican-promepic.webp\" alt=\"Barbican Prom\u00e9pic, Trachyphonus vaillantii, Afrique du Sud, Mopani District Municipality, 28\/10\/2017.\" class=\"wp-image-13882 lazyload\" data-srcset=\"https:\/\/www.meslibellules.fr\/blog\/wp-content\/uploads\/Barbican-promepic.webp 1508w, https:\/\/www.meslibellules.fr\/blog\/wp-content\/uploads\/Barbican-promepic-768x511.webp 768w\" data-sizes=\"(max-width: 1508px) 100vw, 1508px\" src=\"data:image\/svg+xml;base64,PHN2ZyB3aWR0aD0iMSIgaGVpZ2h0PSIxIiB4bWxucz0iaHR0cDovL3d3dy53My5vcmcvMjAwMC9zdmciPjwvc3ZnPg==\" style=\"--smush-placeholder-width: 1508px; --smush-placeholder-aspect-ratio: 1508\/1004;\" \/><\/a><\/figure>\n\n\n\n<figure class=\"wp-block-image size-full\"><a href=\"https:\/\/www.meslibellules.fr\/blog\/wp-content\/uploads\/Calao-a-bec-rouge.webp\"><img decoding=\"async\" width=\"1390\" height=\"1004\" data-id=\"13886\" data-src=\"https:\/\/www.meslibellules.fr\/blog\/wp-content\/uploads\/Calao-a-bec-rouge.webp\" alt=\"Calao d'Afrique du Sud Tockus rufirostris, Afrique du Sud, Mopani District Municipality, 28\/10\/2017\" class=\"wp-image-13886 lazyload\" data-srcset=\"https:\/\/www.meslibellules.fr\/blog\/wp-content\/uploads\/Calao-a-bec-rouge.webp 1390w, https:\/\/www.meslibellules.fr\/blog\/wp-content\/uploads\/Calao-a-bec-rouge-768x555.webp 768w\" data-sizes=\"(max-width: 1390px) 100vw, 1390px\" src=\"data:image\/svg+xml;base64,PHN2ZyB3aWR0aD0iMSIgaGVpZ2h0PSIxIiB4bWxucz0iaHR0cDovL3d3dy53My5vcmcvMjAwMC9zdmciPjwvc3ZnPg==\" style=\"--smush-placeholder-width: 1390px; --smush-placeholder-aspect-ratio: 1390\/1004;\" \/><\/a><\/figure>\n\n\n\n<figure class=\"wp-block-image size-full\"><a href=\"https:\/\/www.meslibellules.fr\/blog\/wp-content\/uploads\/Ibis-falcinelle.webp\"><img decoding=\"async\" width=\"1212\" height=\"1004\" data-id=\"13892\" data-src=\"https:\/\/www.meslibellules.fr\/blog\/wp-content\/uploads\/Ibis-falcinelle.webp\" alt=\"Ibis Falcinelle Plegadis falcinellus, Afrique du Sud, Zululand District Municipality, 25\/10\/2017\" class=\"wp-image-13892 lazyload\" data-srcset=\"https:\/\/www.meslibellules.fr\/blog\/wp-content\/uploads\/Ibis-falcinelle.webp 1212w, https:\/\/www.meslibellules.fr\/blog\/wp-content\/uploads\/Ibis-falcinelle-768x636.webp 768w\" data-sizes=\"(max-width: 1212px) 100vw, 1212px\" src=\"data:image\/svg+xml;base64,PHN2ZyB3aWR0aD0iMSIgaGVpZ2h0PSIxIiB4bWxucz0iaHR0cDovL3d3dy53My5vcmcvMjAwMC9zdmciPjwvc3ZnPg==\" style=\"--smush-placeholder-width: 1212px; --smush-placeholder-aspect-ratio: 1212\/1004;\" \/><\/a><\/figure>\n<figcaption class=\"blocks-gallery-caption wp-element-caption\">Barbican Prom\u00e9pic, Trachyphonus vaillantii, Afrique du  Sud, Mopani District Municipality, 28\/10\/2017<br>Calao d&rsquo;Afrique du Sud Tockus rufirostris, Afrique du Sud, Mopani District Municipality, 28\/10\/2017<br>Ibis Falcinelle Plegadis falcinellus, Afrique du Sud, Zululand District Municipality, 25\/10\/2017<\/figcaption><\/figure>\n\n\n\n<figure class=\"wp-block-gallery aligncenter has-nested-images columns-default is-cropped wp-block-gallery-9 is-layout-flex wp-block-gallery-is-layout-flex\">\n<figure class=\"wp-block-image size-full\"><a href=\"https:\/\/www.meslibellules.fr\/blog\/wp-content\/uploads\/Corvinelle-noir-et-blanc.webp\"><img decoding=\"async\" width=\"1582\" height=\"1204\" data-id=\"13884\" data-src=\"https:\/\/www.meslibellules.fr\/blog\/wp-content\/uploads\/Corvinelle-noir-et-blanc.webp\" alt=\"Corvinelle noir et blanc, Urolestes melanoleucus, Afrique du Sud, Mopani District Municipality, 28\/10\/2017\" class=\"wp-image-13884 lazyload\" data-srcset=\"https:\/\/www.meslibellules.fr\/blog\/wp-content\/uploads\/Corvinelle-noir-et-blanc.webp 1582w, https:\/\/www.meslibellules.fr\/blog\/wp-content\/uploads\/Corvinelle-noir-et-blanc-768x584.webp 768w, https:\/\/www.meslibellules.fr\/blog\/wp-content\/uploads\/Corvinelle-noir-et-blanc-1536x1169.webp 1536w\" data-sizes=\"(max-width: 1582px) 100vw, 1582px\" src=\"data:image\/svg+xml;base64,PHN2ZyB3aWR0aD0iMSIgaGVpZ2h0PSIxIiB4bWxucz0iaHR0cDovL3d3dy53My5vcmcvMjAwMC9zdmciPjwvc3ZnPg==\" style=\"--smush-placeholder-width: 1582px; --smush-placeholder-aspect-ratio: 1582\/1204;\" \/><\/a><\/figure>\n\n\n\n<figure class=\"wp-block-image size-full\"><a href=\"https:\/\/www.meslibellules.fr\/blog\/wp-content\/uploads\/Serin-du-Cap.webp\"><img decoding=\"async\" width=\"1112\" height=\"1004\" data-id=\"13888\" data-src=\"https:\/\/www.meslibellules.fr\/blog\/wp-content\/uploads\/Serin-du-Cap.webp\" alt=\"Serin du Cap Serinus canicollis, Afrique du Sud, Franschhoek, 23\/10\/2017\" class=\"wp-image-13888 lazyload\" data-srcset=\"https:\/\/www.meslibellules.fr\/blog\/wp-content\/uploads\/Serin-du-Cap.webp 1112w, https:\/\/www.meslibellules.fr\/blog\/wp-content\/uploads\/Serin-du-Cap-768x693.webp 768w\" data-sizes=\"(max-width: 1112px) 100vw, 1112px\" src=\"data:image\/svg+xml;base64,PHN2ZyB3aWR0aD0iMSIgaGVpZ2h0PSIxIiB4bWxucz0iaHR0cDovL3d3dy53My5vcmcvMjAwMC9zdmciPjwvc3ZnPg==\" style=\"--smush-placeholder-width: 1112px; --smush-placeholder-aspect-ratio: 1112\/1004;\" \/><\/a><\/figure>\n\n\n\n<figure class=\"wp-block-image size-full\"><a href=\"https:\/\/www.meslibellules.fr\/blog\/wp-content\/uploads\/vautour-africain.jpg\"><img decoding=\"async\" width=\"1063\" height=\"884\" data-id=\"13890\" data-src=\"https:\/\/www.meslibellules.fr\/blog\/wp-content\/uploads\/vautour-africain.jpg\" alt=\"Vautour Africain Gyps africanus, Afrique du Sud, Zululand District Municipality, 25\/10\/2017\" class=\"wp-image-13890 lazyload\" data-srcset=\"https:\/\/www.meslibellules.fr\/blog\/wp-content\/uploads\/\/vautour-africain.jpg 1063w, https:\/\/www.meslibellules.fr\/blog\/wp-content\/uploads\/\/vautour-africain-768x639.jpg 768w\" data-sizes=\"(max-width: 1063px) 100vw, 1063px\" src=\"data:image\/svg+xml;base64,PHN2ZyB3aWR0aD0iMSIgaGVpZ2h0PSIxIiB4bWxucz0iaHR0cDovL3d3dy53My5vcmcvMjAwMC9zdmciPjwvc3ZnPg==\" style=\"--smush-placeholder-width: 1063px; --smush-placeholder-aspect-ratio: 1063\/884;\" \/><\/a><\/figure>\n<figcaption class=\"blocks-gallery-caption wp-element-caption\">Corvinelle noir et blanc, Urolestes melanoleucus, Afrique du Sud, Mopani District Municipality, 28\/10\/2017<br>Serin du Cap Serinus canicollis, Afrique du Sud, Franschhoek, 23\/10\/2017<br>Vautour Africain Gyps africanus, Afrique du Sud, Zululand District Municipality, 25\/10\/2017<\/figcaption><\/figure>\n\n\n\n<figure class=\"wp-block-gallery aligncenter has-nested-images columns-default is-cropped wp-block-gallery-10 is-layout-flex wp-block-gallery-is-layout-flex\">\n<figure class=\"wp-block-image size-full\"><a href=\"https:\/\/www.meslibellules.fr\/blog\/wp-content\/uploads\/Bulbul-des-jardins.webp\"><img decoding=\"async\" width=\"1106\" height=\"1004\" data-id=\"13894\" data-src=\"https:\/\/www.meslibellules.fr\/blog\/wp-content\/uploads\/Bulbul-des-jardins.webp\" alt=\"Bulbul des Jardins Pycnonotus barbatus, Afrique du Sud, Palabora, Phalaborwa, 29\/10\/2017\" class=\"wp-image-13894 lazyload\" data-srcset=\"https:\/\/www.meslibellules.fr\/blog\/wp-content\/uploads\/Bulbul-des-jardins.webp 1106w, https:\/\/www.meslibellules.fr\/blog\/wp-content\/uploads\/Bulbul-des-jardins-768x697.webp 768w\" data-sizes=\"(max-width: 1106px) 100vw, 1106px\" src=\"data:image\/svg+xml;base64,PHN2ZyB3aWR0aD0iMSIgaGVpZ2h0PSIxIiB4bWxucz0iaHR0cDovL3d3dy53My5vcmcvMjAwMC9zdmciPjwvc3ZnPg==\" style=\"--smush-placeholder-width: 1106px; --smush-placeholder-aspect-ratio: 1106\/1004;\" \/><\/a><\/figure>\n\n\n\n<figure class=\"wp-block-image size-full\"><a href=\"https:\/\/www.meslibellules.fr\/blog\/wp-content\/uploads\/Vanneau-a-Eperons.webp\"><img decoding=\"async\" width=\"1016\" height=\"1004\" data-id=\"13896\" data-src=\"https:\/\/www.meslibellules.fr\/blog\/wp-content\/uploads\/Vanneau-a-Eperons.webp\" alt=\"Vanneau \u00e0 \u00c9perons Vanellus spinosus, Ethiopie, Lac Awash, 01\/11\/2018\" class=\"wp-image-13896 lazyload\" data-srcset=\"https:\/\/www.meslibellules.fr\/blog\/wp-content\/uploads\/Vanneau-a-Eperons.webp 1016w, https:\/\/www.meslibellules.fr\/blog\/wp-content\/uploads\/Vanneau-a-Eperons-768x759.webp 768w\" data-sizes=\"(max-width: 1016px) 100vw, 1016px\" src=\"data:image\/svg+xml;base64,PHN2ZyB3aWR0aD0iMSIgaGVpZ2h0PSIxIiB4bWxucz0iaHR0cDovL3d3dy53My5vcmcvMjAwMC9zdmciPjwvc3ZnPg==\" style=\"--smush-placeholder-width: 1016px; --smush-placeholder-aspect-ratio: 1016\/1004;\" \/><\/a><\/figure>\n\n\n\n<figure class=\"wp-block-image size-full\"><a href=\"https:\/\/www.meslibellules.fr\/blog\/wp-content\/uploads\/Vanneau-a-Eperons-Benin.webp\"><img decoding=\"async\" width=\"901\" height=\"900\" data-id=\"16496\" data-src=\"https:\/\/www.meslibellules.fr\/blog\/wp-content\/uploads\/Vanneau-a-Eperons-Benin.webp\" alt=\"Vanneau \u00e0 \u00c9perons, Vanellus spinosus, B\u00e9nin, 30\/01\/08\" class=\"wp-image-16496 lazyload\" data-srcset=\"https:\/\/www.meslibellules.fr\/blog\/wp-content\/uploads\/Vanneau-a-Eperons-Benin.webp 901w, https:\/\/www.meslibellules.fr\/blog\/wp-content\/uploads\/Vanneau-a-Eperons-Benin-768x767.webp 768w, https:\/\/www.meslibellules.fr\/blog\/wp-content\/uploads\/Vanneau-a-Eperons-Benin-150x150.webp 150w\" data-sizes=\"(max-width: 901px) 100vw, 901px\" src=\"data:image\/svg+xml;base64,PHN2ZyB3aWR0aD0iMSIgaGVpZ2h0PSIxIiB4bWxucz0iaHR0cDovL3d3dy53My5vcmcvMjAwMC9zdmciPjwvc3ZnPg==\" style=\"--smush-placeholder-width: 901px; --smush-placeholder-aspect-ratio: 901\/900;\" \/><\/a><\/figure>\n<figcaption class=\"blocks-gallery-caption wp-element-caption\">Bulbul des Jardins Pycnonotus barbatus, Afrique du Sud, Palabora, Phalaborwa, 29\/10\/2017<br>Vanneau \u00e0 \u00c9perons Vanellus spinosus, Ethiopie, Lac Awash, 01\/11\/2018<br>Vanneau \u00e0 \u00c9perons, Vanellus spinosus, B\u00e9nin, 30\/01\/08<\/figcaption><\/figure>\n\n\n\n<figure class=\"wp-block-image aligncenter size-full is-resized\"><a href=\"https:\/\/www.meslibellules.fr\/blog\/wp-content\/uploads\/Tourterelle-a-collier.webp\"><img decoding=\"async\" width=\"1814\" height=\"1204\" data-src=\"https:\/\/www.meslibellules.fr\/blog\/wp-content\/uploads\/Tourterelle-a-collier.webp\" alt=\"Tourterelle \u00e0 Collier, Streptopelia semitorquata, \u00c9thiopie, Arba Minch, 23\/10\/2018\" class=\"wp-image-13930 lazyload\" style=\"--smush-placeholder-width: 1814px; --smush-placeholder-aspect-ratio: 1814\/1204;aspect-ratio:1.5066445182724253;width:460px;height:auto\" data-srcset=\"https:\/\/www.meslibellules.fr\/blog\/wp-content\/uploads\/Tourterelle-a-collier.webp 1814w, https:\/\/www.meslibellules.fr\/blog\/wp-content\/uploads\/Tourterelle-a-collier-768x510.webp 768w, https:\/\/www.meslibellules.fr\/blog\/wp-content\/uploads\/Tourterelle-a-collier-1536x1019.webp 1536w\" data-sizes=\"(max-width: 1814px) 100vw, 1814px\" src=\"data:image\/svg+xml;base64,PHN2ZyB3aWR0aD0iMSIgaGVpZ2h0PSIxIiB4bWxucz0iaHR0cDovL3d3dy53My5vcmcvMjAwMC9zdmciPjwvc3ZnPg==\" \/><\/a><figcaption class=\"wp-element-caption\">Tourterelle \u00e0 Collier, Streptopelia semitorquata, \u00c9thiopie, Arba Minch, 23\/10\/2018<\/figcaption><\/figure>\n\n\n\n<figure class=\"wp-block-gallery aligncenter has-nested-images columns-default is-cropped wp-block-gallery-11 is-layout-flex wp-block-gallery-is-layout-flex\">\n<figure class=\"wp-block-image size-full\"><a href=\"https:\/\/www.meslibellules.fr\/blog\/wp-content\/uploads\/guep.jpg\"><img decoding=\"async\" width=\"922\" height=\"1004\" data-id=\"13933\" data-src=\"https:\/\/www.meslibellules.fr\/blog\/wp-content\/uploads\/guep.jpg\" alt=\"Gu\u00eapier de Lafresnaye, Merops lafresnayii, \u00c9thiopie, 23\/10\/2018\" class=\"wp-image-13933 lazyload\" data-srcset=\"https:\/\/www.meslibellules.fr\/blog\/wp-content\/uploads\/\/guep.jpg 922w, https:\/\/www.meslibellules.fr\/blog\/wp-content\/uploads\/\/guep-768x836.jpg 768w\" data-sizes=\"(max-width: 922px) 100vw, 922px\" src=\"data:image\/svg+xml;base64,PHN2ZyB3aWR0aD0iMSIgaGVpZ2h0PSIxIiB4bWxucz0iaHR0cDovL3d3dy53My5vcmcvMjAwMC9zdmciPjwvc3ZnPg==\" style=\"--smush-placeholder-width: 922px; --smush-placeholder-aspect-ratio: 922\/1004;\" \/><\/a><\/figure>\n\n\n\n<figure class=\"wp-block-image size-full\"><a href=\"https:\/\/www.meslibellules.fr\/blog\/wp-content\/uploads\/cordonbleu-ethiop.jpg\"><img decoding=\"async\" width=\"1032\" height=\"1204\" data-id=\"13935\" data-src=\"https:\/\/www.meslibellules.fr\/blog\/wp-content\/uploads\/cordonbleu-ethiop.jpg\" alt=\"Cordonbleu \u00e0 Joues Rouges, Uraeginthus bengalus, \u00c9thiopie, Arba Minch, 24\/10\/2018\" class=\"wp-image-13935 lazyload\" data-srcset=\"https:\/\/www.meslibellules.fr\/blog\/wp-content\/uploads\/\/cordonbleu-ethiop.jpg 1032w, https:\/\/www.meslibellules.fr\/blog\/wp-content\/uploads\/\/cordonbleu-ethiop-768x896.jpg 768w\" data-sizes=\"(max-width: 1032px) 100vw, 1032px\" src=\"data:image\/svg+xml;base64,PHN2ZyB3aWR0aD0iMSIgaGVpZ2h0PSIxIiB4bWxucz0iaHR0cDovL3d3dy53My5vcmcvMjAwMC9zdmciPjwvc3ZnPg==\" style=\"--smush-placeholder-width: 1032px; --smush-placeholder-aspect-ratio: 1032\/1204;\" \/><\/a><\/figure>\n\n\n\n<figure class=\"wp-block-image size-full\"><a href=\"https:\/\/www.meslibellules.fr\/blog\/wp-content\/uploads\/oisethiop.jpg\"><img decoding=\"async\" width=\"1009\" height=\"1204\" data-id=\"13938\" data-src=\"https:\/\/www.meslibellules.fr\/blog\/wp-content\/uploads\/oisethiop.jpg\" alt=\"Rollier Vari\u00e9, Coracias naevius, \u00c9thiopie, Debub Omo, 28\/10\/2018\" class=\"wp-image-13938 lazyload\" data-srcset=\"https:\/\/www.meslibellules.fr\/blog\/wp-content\/uploads\/\/oisethiop.jpg 1009w, https:\/\/www.meslibellules.fr\/blog\/wp-content\/uploads\/\/oisethiop-768x916.jpg 768w\" data-sizes=\"(max-width: 1009px) 100vw, 1009px\" src=\"data:image\/svg+xml;base64,PHN2ZyB3aWR0aD0iMSIgaGVpZ2h0PSIxIiB4bWxucz0iaHR0cDovL3d3dy53My5vcmcvMjAwMC9zdmciPjwvc3ZnPg==\" style=\"--smush-placeholder-width: 1009px; --smush-placeholder-aspect-ratio: 1009\/1204;\" \/><\/a><\/figure>\n<figcaption class=\"blocks-gallery-caption wp-element-caption\">Gu\u00eapier de Lafresnaye, Merops lafresnayii, \u00c9thiopie, 23\/10\/2018<br>Cordonbleu \u00e0 Joues Rouges, Uraeginthus bengalus, \u00c9thiopie, Arba Minch, 24\/10\/2018<br>Rollier Vari\u00e9, Coracias naevius, \u00c9thiopie, Debub Omo, 28\/10\/2018<\/figcaption><\/figure>\n\n\n\n<figure class=\"wp-block-gallery aligncenter has-nested-images columns-default is-cropped wp-block-gallery-12 is-layout-flex wp-block-gallery-is-layout-flex\">\n<figure class=\"wp-block-image size-full\"><a href=\"https:\/\/www.meslibellules.fr\/blog\/wp-content\/uploads\/choucador.jpg\"><img decoding=\"async\" width=\"1187\" height=\"1204\" data-id=\"13941\" data-src=\"https:\/\/www.meslibellules.fr\/blog\/wp-content\/uploads\/choucador.jpg\" alt=\"Choucador \u00e0 Oreillons Bleus, Lamprotornis chalybaeus, \u00c9thiopie, Dimeka, 27\/10\/2018\" class=\"wp-image-13941 lazyload\" data-srcset=\"https:\/\/www.meslibellules.fr\/blog\/wp-content\/uploads\/\/choucador.jpg 1187w, https:\/\/www.meslibellules.fr\/blog\/wp-content\/uploads\/\/choucador-768x779.jpg 768w\" data-sizes=\"(max-width: 1187px) 100vw, 1187px\" src=\"data:image\/svg+xml;base64,PHN2ZyB3aWR0aD0iMSIgaGVpZ2h0PSIxIiB4bWxucz0iaHR0cDovL3d3dy53My5vcmcvMjAwMC9zdmciPjwvc3ZnPg==\" style=\"--smush-placeholder-width: 1187px; --smush-placeholder-aspect-ratio: 1187\/1204;\" \/><\/a><\/figure>\n\n\n\n<figure class=\"wp-block-image size-full\"><a href=\"https:\/\/www.meslibellules.fr\/blog\/wp-content\/uploads\/Pygargue-Vocifere.webp\"><img decoding=\"async\" width=\"862\" height=\"1004\" data-id=\"13943\" data-src=\"https:\/\/www.meslibellules.fr\/blog\/wp-content\/uploads\/Pygargue-Vocifere.webp\" alt=\"Pygargue Vocif\u00e8re, Haliaeetus vocifer, Ethiopie, Lac Langano, 23\/10\/2018\" class=\"wp-image-13943 lazyload\" data-srcset=\"https:\/\/www.meslibellules.fr\/blog\/wp-content\/uploads\/Pygargue-Vocifere.webp 862w, https:\/\/www.meslibellules.fr\/blog\/wp-content\/uploads\/Pygargue-Vocifere-768x895.webp 768w\" data-sizes=\"(max-width: 862px) 100vw, 862px\" src=\"data:image\/svg+xml;base64,PHN2ZyB3aWR0aD0iMSIgaGVpZ2h0PSIxIiB4bWxucz0iaHR0cDovL3d3dy53My5vcmcvMjAwMC9zdmciPjwvc3ZnPg==\" style=\"--smush-placeholder-width: 862px; --smush-placeholder-aspect-ratio: 862\/1004;\" \/><\/a><\/figure>\n\n\n\n<figure class=\"wp-block-image size-full\"><a href=\"https:\/\/www.meslibellules.fr\/blog\/wp-content\/uploads\/osiethio.jpg\"><img decoding=\"async\" width=\"851\" height=\"1204\" data-id=\"13948\" data-src=\"https:\/\/www.meslibellules.fr\/blog\/wp-content\/uploads\/osiethio.jpg\" alt=\"\u0152dicn\u00e8me du S\u00e9n\u00e9gal, Burhinus senegalensis, Ethiopie, Misraq Shewa, 01\/11\/2018\" class=\"wp-image-13948 lazyload\" data-srcset=\"https:\/\/www.meslibellules.fr\/blog\/wp-content\/uploads\/\/osiethio.jpg 851w, https:\/\/www.meslibellules.fr\/blog\/wp-content\/uploads\/\/osiethio-768x1087.jpg 768w\" data-sizes=\"(max-width: 851px) 100vw, 851px\" src=\"data:image\/svg+xml;base64,PHN2ZyB3aWR0aD0iMSIgaGVpZ2h0PSIxIiB4bWxucz0iaHR0cDovL3d3dy53My5vcmcvMjAwMC9zdmciPjwvc3ZnPg==\" style=\"--smush-placeholder-width: 851px; --smush-placeholder-aspect-ratio: 851\/1204;\" \/><\/a><\/figure>\n<figcaption class=\"blocks-gallery-caption wp-element-caption\">Choucador \u00e0 Oreillons Bleus, Lamprotornis chalybaeus, \u00c9thiopie, Dimeka, 27\/10\/2018<br>Pygargue Vocif\u00e8re, Haliaeetus vocifer, Ethiopie, Lac Langano, 23\/10\/2018<br>\u0152dicn\u00e8me du S\u00e9n\u00e9gal, Burhinus senegalensis, Ethiopie, Misraq Shewa, 01\/11\/2018<\/figcaption><\/figure>\n\n\n\n<figure class=\"wp-block-gallery aligncenter has-nested-images columns-default is-cropped wp-block-gallery-13 is-layout-flex wp-block-gallery-is-layout-flex\">\n<figure class=\"wp-block-image size-full\"><a href=\"https:\/\/www.meslibellules.fr\/blog\/wp-content\/uploads\/Huppe-fasciee-1.webp\"><img decoding=\"async\" width=\"781\" height=\"1004\" data-id=\"13951\" data-src=\"https:\/\/www.meslibellules.fr\/blog\/wp-content\/uploads\/Huppe-fasciee-1.webp\" alt=\"Huppe Fasci\u00e9e, Upupa epops, Ethiopie, Misraq Shewa, 01\/11\/2018\" class=\"wp-image-13951 lazyload\" data-srcset=\"https:\/\/www.meslibellules.fr\/blog\/wp-content\/uploads\/Huppe-fasciee-1.webp 781w, https:\/\/www.meslibellules.fr\/blog\/wp-content\/uploads\/Huppe-fasciee-1-768x987.webp 768w\" data-sizes=\"(max-width: 781px) 100vw, 781px\" src=\"data:image\/svg+xml;base64,PHN2ZyB3aWR0aD0iMSIgaGVpZ2h0PSIxIiB4bWxucz0iaHR0cDovL3d3dy53My5vcmcvMjAwMC9zdmciPjwvc3ZnPg==\" style=\"--smush-placeholder-width: 781px; --smush-placeholder-aspect-ratio: 781\/1004;\" \/><\/a><\/figure>\n\n\n\n<figure class=\"wp-block-image size-full\"><a href=\"https:\/\/www.meslibellules.fr\/blog\/wp-content\/uploads\/Martin-triste.webp\"><img decoding=\"async\" width=\"1063\" height=\"1004\" data-id=\"14049\" data-src=\"https:\/\/www.meslibellules.fr\/blog\/wp-content\/uploads\/Martin-triste.webp\" alt=\"Martin Triste, Acridotheres tristis, Afrique du Sud, Pr\u00e9toria, 30\/10\/2017\" class=\"wp-image-14049 lazyload\" data-srcset=\"https:\/\/www.meslibellules.fr\/blog\/wp-content\/uploads\/Martin-triste.webp 1063w, https:\/\/www.meslibellules.fr\/blog\/wp-content\/uploads\/Martin-triste-768x725.webp 768w\" data-sizes=\"(max-width: 1063px) 100vw, 1063px\" src=\"data:image\/svg+xml;base64,PHN2ZyB3aWR0aD0iMSIgaGVpZ2h0PSIxIiB4bWxucz0iaHR0cDovL3d3dy53My5vcmcvMjAwMC9zdmciPjwvc3ZnPg==\" style=\"--smush-placeholder-width: 1063px; --smush-placeholder-aspect-ratio: 1063\/1004;\" \/><\/a><\/figure>\n\n\n\n<figure class=\"wp-block-image size-full\"><a href=\"https:\/\/www.meslibellules.fr\/blog\/wp-content\/uploads\/crabier-chevelu.jpg\"><img decoding=\"async\" width=\"1112\" height=\"1204\" data-id=\"14052\" data-src=\"https:\/\/www.meslibellules.fr\/blog\/wp-content\/uploads\/crabier-chevelu.jpg\" alt=\"Crabier Chevelu, Ardeola ralloides, Afrique du Sud, Palabora, Phalaborwa, 29\/10\/2017\" class=\"wp-image-14052 lazyload\" data-srcset=\"https:\/\/www.meslibellules.fr\/blog\/wp-content\/uploads\/\/crabier-chevelu.jpg 1112w, https:\/\/www.meslibellules.fr\/blog\/wp-content\/uploads\/\/crabier-chevelu-768x832.jpg 768w\" data-sizes=\"(max-width: 1112px) 100vw, 1112px\" src=\"data:image\/svg+xml;base64,PHN2ZyB3aWR0aD0iMSIgaGVpZ2h0PSIxIiB4bWxucz0iaHR0cDovL3d3dy53My5vcmcvMjAwMC9zdmciPjwvc3ZnPg==\" style=\"--smush-placeholder-width: 1112px; --smush-placeholder-aspect-ratio: 1112\/1204;\" \/><\/a><\/figure>\n<figcaption class=\"blocks-gallery-caption wp-element-caption\">Huppe Fasci\u00e9e, Upupa epops, Ethiopie, Misraq Shewa, 01\/11\/2018<br>Martin Triste, Acridotheres tristis, Afrique du Sud, Pr\u00e9toria, 30\/10\/2017<br>Crabier Chevelu,  Ardeola ralloides, Afrique du Sud, Palabora, Phalaborwa,  29\/10\/2017<\/figcaption><\/figure>\n\n\n\n<figure class=\"wp-block-gallery aligncenter has-nested-images columns-default is-cropped wp-block-gallery-14 is-layout-flex wp-block-gallery-is-layout-flex\">\n<figure class=\"wp-block-image size-full\"><a href=\"https:\/\/www.meslibellules.fr\/blog\/wp-content\/uploads\/rollier-a.jpg\"><img decoding=\"async\" width=\"1283\" height=\"1204\" data-id=\"14055\" data-src=\"https:\/\/www.meslibellules.fr\/blog\/wp-content\/uploads\/rollier-a.jpg\" alt=\"Rollier \u00e0 Longs Brins, Coracias caudatus, Ehlanzeni District Municipality, Afrique du Sud, 27\/10\/2017\" class=\"wp-image-14055 lazyload\" data-srcset=\"https:\/\/www.meslibellules.fr\/blog\/wp-content\/uploads\/\/rollier-a.jpg 1283w, https:\/\/www.meslibellules.fr\/blog\/wp-content\/uploads\/\/rollier-a-768x721.jpg 768w\" data-sizes=\"(max-width: 1283px) 100vw, 1283px\" src=\"data:image\/svg+xml;base64,PHN2ZyB3aWR0aD0iMSIgaGVpZ2h0PSIxIiB4bWxucz0iaHR0cDovL3d3dy53My5vcmcvMjAwMC9zdmciPjwvc3ZnPg==\" style=\"--smush-placeholder-width: 1283px; --smush-placeholder-aspect-ratio: 1283\/1204;\" \/><\/a><\/figure>\n\n\n\n<figure class=\"wp-block-image size-full\"><a href=\"https:\/\/www.meslibellules.fr\/blog\/wp-content\/uploads\/Martin-pecheur-pie.webp\"><img decoding=\"async\" width=\"1212\" height=\"1004\" data-id=\"14066\" data-src=\"https:\/\/www.meslibellules.fr\/blog\/wp-content\/uploads\/Martin-pecheur-pie.webp\" alt=\"Martin-p\u00eacheur pie, Ceryle rudis ssp. rudis, Afrique du Sud, Palabora, Phalaborwa, 29\/10\/2017\" class=\"wp-image-14066 lazyload\" data-srcset=\"https:\/\/www.meslibellules.fr\/blog\/wp-content\/uploads\/Martin-pecheur-pie.webp 1212w, https:\/\/www.meslibellules.fr\/blog\/wp-content\/uploads\/Martin-pecheur-pie-768x636.webp 768w\" data-sizes=\"(max-width: 1212px) 100vw, 1212px\" src=\"data:image\/svg+xml;base64,PHN2ZyB3aWR0aD0iMSIgaGVpZ2h0PSIxIiB4bWxucz0iaHR0cDovL3d3dy53My5vcmcvMjAwMC9zdmciPjwvc3ZnPg==\" style=\"--smush-placeholder-width: 1212px; --smush-placeholder-aspect-ratio: 1212\/1004;\" \/><\/a><\/figure>\n\n\n\n<figure class=\"wp-block-image size-full\"><a href=\"https:\/\/www.meslibellules.fr\/blog\/wp-content\/uploads\/african-paradise-fly-catcher.jpg\"><img decoding=\"async\" width=\"1078\" height=\"1004\" data-id=\"14070\" data-src=\"https:\/\/www.meslibellules.fr\/blog\/wp-content\/uploads\/african-paradise-fly-catcher.jpg\" alt=\"Tchitrec d'Afrique, Terpsiphone viridis, Afrique du Sud, Phalaborwa, 29\/10\/2017\" class=\"wp-image-14070 lazyload\" data-srcset=\"https:\/\/www.meslibellules.fr\/blog\/wp-content\/uploads\/\/african-paradise-fly-catcher.jpg 1078w, https:\/\/www.meslibellules.fr\/blog\/wp-content\/uploads\/\/african-paradise-fly-catcher-768x715.jpg 768w\" data-sizes=\"(max-width: 1078px) 100vw, 1078px\" src=\"data:image\/svg+xml;base64,PHN2ZyB3aWR0aD0iMSIgaGVpZ2h0PSIxIiB4bWxucz0iaHR0cDovL3d3dy53My5vcmcvMjAwMC9zdmciPjwvc3ZnPg==\" style=\"--smush-placeholder-width: 1078px; --smush-placeholder-aspect-ratio: 1078\/1004;\" \/><\/a><\/figure>\n<figcaption class=\"blocks-gallery-caption wp-element-caption\">Rollier \u00e0 Longs Brins, Coracias caudatus ssp. caudatus, Ehlanzeni District Municipality, Afrique du Sud, 27\/10\/2017<br>Martin-p\u00eacheur pie, Ceryle rudis ssp. rudis, Afrique du Sud, Palabora, Phalaborwa, 29\/10\/2017<br>Tchitrec d&rsquo;Afrique, African Paradise Fly Catcher, Terpsiphone viridis, Afrique du Sud, Phalaborwa, 29\/10\/2017<\/figcaption><\/figure>\n\n\n\n<figure class=\"wp-block-gallery aligncenter has-nested-images columns-default is-cropped wp-block-gallery-15 is-layout-flex wp-block-gallery-is-layout-flex\">\n<figure class=\"wp-block-image size-full\"><a href=\"https:\/\/www.meslibellules.fr\/blog\/wp-content\/uploads\/Bergeronette-pie.webp\"><img decoding=\"async\" width=\"1681\" height=\"1204\" data-id=\"14057\" data-src=\"https:\/\/www.meslibellules.fr\/blog\/wp-content\/uploads\/Bergeronette-pie.webp\" alt=\"Bergeronnette Pie, Motacilla aguimp, Ehlanzeni District Municipality, Afrique du Sud, 28\/10\/2017\" class=\"wp-image-14057 lazyload\" data-srcset=\"https:\/\/www.meslibellules.fr\/blog\/wp-content\/uploads\/Bergeronette-pie.webp 1681w, https:\/\/www.meslibellules.fr\/blog\/wp-content\/uploads\/Bergeronette-pie-768x550.webp 768w, https:\/\/www.meslibellules.fr\/blog\/wp-content\/uploads\/Bergeronette-pie-1536x1100.webp 1536w\" data-sizes=\"(max-width: 1681px) 100vw, 1681px\" src=\"data:image\/svg+xml;base64,PHN2ZyB3aWR0aD0iMSIgaGVpZ2h0PSIxIiB4bWxucz0iaHR0cDovL3d3dy53My5vcmcvMjAwMC9zdmciPjwvc3ZnPg==\" style=\"--smush-placeholder-width: 1681px; --smush-placeholder-aspect-ratio: 1681\/1204;\" \/><\/a><\/figure>\n\n\n\n<figure class=\"wp-block-image size-full\"><a href=\"https:\/\/www.meslibellules.fr\/blog\/wp-content\/uploads\/Coucal-du-Senegal.webp\"><img decoding=\"async\" width=\"1232\" height=\"1204\" data-id=\"16493\" data-src=\"https:\/\/www.meslibellules.fr\/blog\/wp-content\/uploads\/Coucal-du-Senegal.webp\" alt=\"Coucal du S\u00e9n\u00e9gal, Centropus senegalensis, B\u00e9nin, 30\/01\/08\" class=\"wp-image-16493 lazyload\" data-srcset=\"https:\/\/www.meslibellules.fr\/blog\/wp-content\/uploads\/Coucal-du-Senegal.webp 1232w, https:\/\/www.meslibellules.fr\/blog\/wp-content\/uploads\/Coucal-du-Senegal-768x751.webp 768w\" data-sizes=\"(max-width: 1232px) 100vw, 1232px\" src=\"data:image\/svg+xml;base64,PHN2ZyB3aWR0aD0iMSIgaGVpZ2h0PSIxIiB4bWxucz0iaHR0cDovL3d3dy53My5vcmcvMjAwMC9zdmciPjwvc3ZnPg==\" style=\"--smush-placeholder-width: 1232px; --smush-placeholder-aspect-ratio: 1232\/1204;\" \/><\/a><\/figure>\n\n\n\n<figure class=\"wp-block-image size-full\"><a href=\"https:\/\/www.meslibellules.fr\/blog\/wp-content\/uploads\/Francolin-a-bec-rouge.webp\"><img decoding=\"async\" width=\"1256\" height=\"1204\" data-id=\"17417\" data-src=\"https:\/\/www.meslibellules.fr\/blog\/wp-content\/uploads\/Francolin-a-bec-rouge.webp\" alt=\"Francolin \u00e0 bec rouge, Pternistis adspersus, Namibie, Otjozondjupa, 08\/02\/2020\" class=\"wp-image-17417 lazyload\" data-srcset=\"https:\/\/www.meslibellules.fr\/blog\/wp-content\/uploads\/Francolin-a-bec-rouge.webp 1256w, https:\/\/www.meslibellules.fr\/blog\/wp-content\/uploads\/Francolin-a-bec-rouge-768x736.webp 768w\" data-sizes=\"(max-width: 1256px) 100vw, 1256px\" src=\"data:image\/svg+xml;base64,PHN2ZyB3aWR0aD0iMSIgaGVpZ2h0PSIxIiB4bWxucz0iaHR0cDovL3d3dy53My5vcmcvMjAwMC9zdmciPjwvc3ZnPg==\" style=\"--smush-placeholder-width: 1256px; --smush-placeholder-aspect-ratio: 1256\/1204;\" \/><\/a><\/figure>\n<figcaption class=\"blocks-gallery-caption wp-element-caption\">Bergeronnette Pie, Motacilla aguimp ssp. vidua, Ehlanzeni District Municipality, Afrique du Sud, 28\/10\/2017<br>Coucal du S\u00e9n\u00e9gal, Centropus senegalensis, B\u00e9nin, 30\/01\/08<br>Francolin \u00e0 bec rouge, Pternistis adspersus, Namibie, Otjozondjupa, 08\/02\/2020<\/figcaption><\/figure>\n\n\n\n<figure class=\"wp-block-gallery aligncenter has-nested-images columns-default is-cropped wp-block-gallery-16 is-layout-flex wp-block-gallery-is-layout-flex\">\n<figure class=\"wp-block-image size-full\"><a href=\"https:\/\/www.meslibellules.fr\/blog\/wp-content\/uploads\/Aigle-martial.webp\"><img decoding=\"async\" width=\"1286\" height=\"1204\" data-id=\"14073\" data-src=\"https:\/\/www.meslibellules.fr\/blog\/wp-content\/uploads\/Aigle-martial.webp\" alt=\"Aigle martial, Polemaetus bellicosus, Afique du Sud, Mopani District, 28\/10\/2017\" class=\"wp-image-14073 lazyload\" data-srcset=\"https:\/\/www.meslibellules.fr\/blog\/wp-content\/uploads\/Aigle-martial.webp 1286w, https:\/\/www.meslibellules.fr\/blog\/wp-content\/uploads\/Aigle-martial-768x719.webp 768w\" data-sizes=\"(max-width: 1286px) 100vw, 1286px\" src=\"data:image\/svg+xml;base64,PHN2ZyB3aWR0aD0iMSIgaGVpZ2h0PSIxIiB4bWxucz0iaHR0cDovL3d3dy53My5vcmcvMjAwMC9zdmciPjwvc3ZnPg==\" style=\"--smush-placeholder-width: 1286px; --smush-placeholder-aspect-ratio: 1286\/1204;\" \/><\/a><\/figure>\n\n\n\n<figure class=\"wp-block-image size-full\"><a href=\"https:\/\/www.meslibellules.fr\/blog\/wp-content\/uploads\/Ombrette-africaine.webp\"><img decoding=\"async\" width=\"1396\" height=\"1173\" data-id=\"16488\" data-src=\"https:\/\/www.meslibellules.fr\/blog\/wp-content\/uploads\/Ombrette-africaine.webp\" alt=\"Ombrette africaine, Scopus umbretta, B\u00e9nin, 29\/01\/2008\" class=\"wp-image-16488 lazyload\" data-srcset=\"https:\/\/www.meslibellules.fr\/blog\/wp-content\/uploads\/Ombrette-africaine.webp 1396w, https:\/\/www.meslibellules.fr\/blog\/wp-content\/uploads\/Ombrette-africaine-768x645.webp 768w\" data-sizes=\"(max-width: 1396px) 100vw, 1396px\" src=\"data:image\/svg+xml;base64,PHN2ZyB3aWR0aD0iMSIgaGVpZ2h0PSIxIiB4bWxucz0iaHR0cDovL3d3dy53My5vcmcvMjAwMC9zdmciPjwvc3ZnPg==\" style=\"--smush-placeholder-width: 1396px; --smush-placeholder-aspect-ratio: 1396\/1173;\" \/><\/a><\/figure>\n\n\n\n<figure class=\"wp-block-image size-full\"><a href=\"https:\/\/www.meslibellules.fr\/blog\/wp-content\/uploads\/Taleve-de-la-Reunion.webp\"><img decoding=\"async\" width=\"701\" height=\"637\" data-id=\"16491\" data-src=\"https:\/\/www.meslibellules.fr\/blog\/wp-content\/uploads\/Taleve-de-la-Reunion.webp\" alt=\"Tal\u00e8ve de la R\u00e9union, Porphyrio coerulescens, B\u00e9nin, 29\/01\/08\" class=\"wp-image-16491 lazyload\" src=\"data:image\/svg+xml;base64,PHN2ZyB3aWR0aD0iMSIgaGVpZ2h0PSIxIiB4bWxucz0iaHR0cDovL3d3dy53My5vcmcvMjAwMC9zdmciPjwvc3ZnPg==\" style=\"--smush-placeholder-width: 701px; --smush-placeholder-aspect-ratio: 701\/637;\" \/><\/a><\/figure>\n<figcaption class=\"blocks-gallery-caption wp-element-caption\">Aigle martial, Polemaetus bellicosus, Afique du Sud, Mopani District, 28\/10\/2017<br>Ombrette africaine, Scopus umbretta, B\u00e9nin, 29\/01\/2008<br>Choucador \u00e0 longue-queue, B\u00e9nin, 29\/01\/08<\/figcaption><\/figure>\n\n\n\n<figure class=\"wp-block-gallery has-nested-images columns-default is-cropped wp-block-gallery-17 is-layout-flex wp-block-gallery-is-layout-flex\">\n<figure class=\"wp-block-image size-full\"><a href=\"https:\/\/www.meslibellules.fr\/blog\/wp-content\/uploads\/Martin-pecheur-pie-benin-.webp\"><img decoding=\"async\" width=\"957\" height=\"921\" data-id=\"16501\" data-src=\"https:\/\/www.meslibellules.fr\/blog\/wp-content\/uploads\/Martin-pecheur-pie-benin-.webp\" alt=\"Martin-p\u00eacheur pie, B\u00e9nin, 29\/01\/2008\" class=\"wp-image-16501 lazyload\" style=\"--smush-placeholder-width: 957px; --smush-placeholder-aspect-ratio: 957\/921;aspect-ratio:1.0390879478827362\" data-srcset=\"https:\/\/www.meslibellules.fr\/blog\/wp-content\/uploads\/Martin-pecheur-pie-benin-.webp 957w, https:\/\/www.meslibellules.fr\/blog\/wp-content\/uploads\/Martin-pecheur-pie-benin--768x739.webp 768w\" data-sizes=\"(max-width: 957px) 100vw, 957px\" src=\"data:image\/svg+xml;base64,PHN2ZyB3aWR0aD0iMSIgaGVpZ2h0PSIxIiB4bWxucz0iaHR0cDovL3d3dy53My5vcmcvMjAwMC9zdmciPjwvc3ZnPg==\" \/><\/a><\/figure>\n\n\n\n<figure class=\"wp-block-image size-full\"><a href=\"https:\/\/www.meslibellules.fr\/blog\/wp-content\/uploads\/redb-namib.jpg\"><img decoding=\"async\" width=\"993\" height=\"1004\" data-id=\"17171\" data-src=\"https:\/\/www.meslibellules.fr\/blog\/wp-content\/uploads\/redb-namib.jpg\" alt=\"Euplecte Ignicolore, Red Bishop, Euplectes orix, Namibe, Kavango East Region, 10\/02\/2020\" class=\"wp-image-17171 lazyload\" data-srcset=\"https:\/\/www.meslibellules.fr\/blog\/wp-content\/uploads\/\/redb-namib.jpg 993w, https:\/\/www.meslibellules.fr\/blog\/wp-content\/uploads\/\/redb-namib-768x777.jpg 768w\" data-sizes=\"(max-width: 993px) 100vw, 993px\" src=\"data:image\/svg+xml;base64,PHN2ZyB3aWR0aD0iMSIgaGVpZ2h0PSIxIiB4bWxucz0iaHR0cDovL3d3dy53My5vcmcvMjAwMC9zdmciPjwvc3ZnPg==\" style=\"--smush-placeholder-width: 993px; --smush-placeholder-aspect-ratio: 993\/1004;\" \/><\/a><\/figure>\n\n\n\n<figure class=\"wp-block-image size-full\"><a href=\"https:\/\/www.meslibellules.fr\/blog\/wp-content\/uploads\/oiseau-ethio.jpg\"><img decoding=\"async\" width=\"1750\" height=\"1204\" data-id=\"22845\" data-src=\"https:\/\/www.meslibellules.fr\/blog\/wp-content\/uploads\/oiseau-ethio.jpg\" alt=\"Cossyphe de Huglin, Cossypha heuglini, Ethiopie, Konso, 21\/10\/2018\" class=\"wp-image-22845 lazyload\" data-srcset=\"https:\/\/www.meslibellules.fr\/blog\/wp-content\/uploads\/oiseau-ethio.jpg 1750w, https:\/\/www.meslibellules.fr\/blog\/wp-content\/uploads\/oiseau-ethio-768x528.jpg 768w, https:\/\/www.meslibellules.fr\/blog\/wp-content\/uploads\/oiseau-ethio-1536x1057.jpg 1536w\" data-sizes=\"(max-width: 1750px) 100vw, 1750px\" src=\"data:image\/svg+xml;base64,PHN2ZyB3aWR0aD0iMSIgaGVpZ2h0PSIxIiB4bWxucz0iaHR0cDovL3d3dy53My5vcmcvMjAwMC9zdmciPjwvc3ZnPg==\" style=\"--smush-placeholder-width: 1750px; --smush-placeholder-aspect-ratio: 1750\/1204;\" \/><\/a><\/figure>\n<figcaption class=\"blocks-gallery-caption wp-element-caption\">Martin-p\u00eacheur pie, B\u00e9nin, 29\/01\/2008<br>Euplecte Ignicolore, Red Bishop, Euplectes orix, Namibe, Kavango East Region, 10\/02\/2020<br>Cossyphe de Huglin, Cossypha heuglini, \u00c9thiopie, Konso, 21\/10\/2018<\/figcaption><\/figure>\n\n\n\n<figure class=\"wp-block-gallery aligncenter has-nested-images columns-default is-cropped wp-block-gallery-18 is-layout-flex wp-block-gallery-is-layout-flex\">\n<figure class=\"wp-block-image size-full\"><a href=\"https:\/\/www.meslibellules.fr\/blog\/wp-content\/uploads\/oiseau-ethio2.jpg\"><img decoding=\"async\" width=\"1392\" height=\"1204\" data-id=\"22849\" data-src=\"https:\/\/www.meslibellules.fr\/blog\/wp-content\/uploads\/oiseau-ethio2.jpg\" alt=\"Mahali \u00e0 Sourcils Blancs, Plocepasser mahali, Ethiopie, Turmi, 23\/10\/2018.\" class=\"wp-image-22849 lazyload\" data-srcset=\"https:\/\/www.meslibellules.fr\/blog\/wp-content\/uploads\/oiseau-ethio2.jpg 1392w, https:\/\/www.meslibellules.fr\/blog\/wp-content\/uploads\/oiseau-ethio2-768x664.jpg 768w\" data-sizes=\"(max-width: 1392px) 100vw, 1392px\" src=\"data:image\/svg+xml;base64,PHN2ZyB3aWR0aD0iMSIgaGVpZ2h0PSIxIiB4bWxucz0iaHR0cDovL3d3dy53My5vcmcvMjAwMC9zdmciPjwvc3ZnPg==\" style=\"--smush-placeholder-width: 1392px; --smush-placeholder-aspect-ratio: 1392\/1204;\" \/><\/a><\/figure>\n\n\n\n<figure class=\"wp-block-image size-full\"><a href=\"https:\/\/www.meslibellules.fr\/blog\/wp-content\/uploads\/oiseau-ethio3.jpg\"><img decoding=\"async\" width=\"1351\" height=\"1204\" data-id=\"22852\" data-src=\"https:\/\/www.meslibellules.fr\/blog\/wp-content\/uploads\/oiseau-ethio3.jpg\" alt=\"Tchagra \u00e0 T\u00eate Noire, Tchagra senegalus, Ethiopie, Arba Minch, 24\/10\/2018\" class=\"wp-image-22852 lazyload\" data-srcset=\"https:\/\/www.meslibellules.fr\/blog\/wp-content\/uploads\/oiseau-ethio3.jpg 1351w, https:\/\/www.meslibellules.fr\/blog\/wp-content\/uploads\/oiseau-ethio3-768x684.jpg 768w\" data-sizes=\"(max-width: 1351px) 100vw, 1351px\" src=\"data:image\/svg+xml;base64,PHN2ZyB3aWR0aD0iMSIgaGVpZ2h0PSIxIiB4bWxucz0iaHR0cDovL3d3dy53My5vcmcvMjAwMC9zdmciPjwvc3ZnPg==\" style=\"--smush-placeholder-width: 1351px; --smush-placeholder-aspect-ratio: 1351\/1204;\" \/><\/a><\/figure>\n\n\n\n<figure class=\"wp-block-image size-full\"><a href=\"https:\/\/www.meslibellules.fr\/blog\/wp-content\/uploads\/oiseau-ethio4.jpg\"><img decoding=\"async\" width=\"1091\" height=\"1204\" data-id=\"22855\" data-src=\"https:\/\/www.meslibellules.fr\/blog\/wp-content\/uploads\/oiseau-ethio4.jpg\" alt=\"Touraco \u00e0 Ventre Blanc, Crinifer leucogaster, Ethiopie, Turmi, 29\/10\/2018\" class=\"wp-image-22855 lazyload\" data-srcset=\"https:\/\/www.meslibellules.fr\/blog\/wp-content\/uploads\/oiseau-ethio4.jpg 1091w, https:\/\/www.meslibellules.fr\/blog\/wp-content\/uploads\/oiseau-ethio4-768x848.jpg 768w\" data-sizes=\"(max-width: 1091px) 100vw, 1091px\" src=\"data:image\/svg+xml;base64,PHN2ZyB3aWR0aD0iMSIgaGVpZ2h0PSIxIiB4bWxucz0iaHR0cDovL3d3dy53My5vcmcvMjAwMC9zdmciPjwvc3ZnPg==\" style=\"--smush-placeholder-width: 1091px; --smush-placeholder-aspect-ratio: 1091\/1204;\" \/><\/a><\/figure>\n<figcaption class=\"blocks-gallery-caption wp-element-caption\">Mahali \u00e0 Sourcils Blancs, Plocepasser mahali, Ethiopie, Turmi, 23\/10\/2018<br>Tchagra \u00e0 T\u00eate Noire, Tchagra senegalus, \u00c9thiopie, Arba Minch, 24\/10\/2018<br>Touraco \u00e0 Ventre Blanc, Crinifer leucogaster, \u00c9thiopie, Turmi, 29\/10\/2018<\/figcaption><\/figure>\n\n\n\n<figure class=\"wp-block-gallery aligncenter has-nested-images columns-default is-cropped wp-block-gallery-19 is-layout-flex wp-block-gallery-is-layout-flex\">\n<figure class=\"wp-block-image size-full\"><a href=\"https:\/\/www.meslibellules.fr\/blog\/wp-content\/uploads\/oiseau-ethio5.jpg\"><img decoding=\"async\" width=\"1102\" height=\"1204\" data-id=\"22858\" data-src=\"https:\/\/www.meslibellules.fr\/blog\/wp-content\/uploads\/oiseau-ethio5.jpg\" alt=\"Martin-chasseur du S\u00e9n\u00e9gal, Halcyon senegalensis, Ethiopie, lac Awasa, 31\/10\/2018\" class=\"wp-image-22858 lazyload\" data-srcset=\"https:\/\/www.meslibellules.fr\/blog\/wp-content\/uploads\/oiseau-ethio5.jpg 1102w, https:\/\/www.meslibellules.fr\/blog\/wp-content\/uploads\/oiseau-ethio5-768x839.jpg 768w\" data-sizes=\"(max-width: 1102px) 100vw, 1102px\" src=\"data:image\/svg+xml;base64,PHN2ZyB3aWR0aD0iMSIgaGVpZ2h0PSIxIiB4bWxucz0iaHR0cDovL3d3dy53My5vcmcvMjAwMC9zdmciPjwvc3ZnPg==\" style=\"--smush-placeholder-width: 1102px; --smush-placeholder-aspect-ratio: 1102\/1204;\" \/><\/a><\/figure>\n\n\n\n<figure class=\"wp-block-image size-full\"><a href=\"https:\/\/www.meslibellules.fr\/blog\/wp-content\/uploads\/oiseau-ethio6.jpg\"><img decoding=\"async\" width=\"1280\" height=\"1204\" data-id=\"22860\" data-src=\"https:\/\/www.meslibellules.fr\/blog\/wp-content\/uploads\/oiseau-ethio6.jpg\" alt=\"Bulbul des Jardins, Pycnonotus barbatus, Ethiopie, Arba Minch, 24\/10\/2018\" class=\"wp-image-22860 lazyload\" data-srcset=\"https:\/\/www.meslibellules.fr\/blog\/wp-content\/uploads\/oiseau-ethio6.jpg 1280w, https:\/\/www.meslibellules.fr\/blog\/wp-content\/uploads\/oiseau-ethio6-768x722.jpg 768w\" data-sizes=\"(max-width: 1280px) 100vw, 1280px\" src=\"data:image\/svg+xml;base64,PHN2ZyB3aWR0aD0iMSIgaGVpZ2h0PSIxIiB4bWxucz0iaHR0cDovL3d3dy53My5vcmcvMjAwMC9zdmciPjwvc3ZnPg==\" style=\"--smush-placeholder-width: 1280px; --smush-placeholder-aspect-ratio: 1280\/1204;\" \/><\/a><\/figure>\n\n\n\n<figure class=\"wp-block-image size-full\"><a href=\"https:\/\/www.meslibellules.fr\/blog\/wp-content\/uploads\/Tchitrec-des-Mascareignes.webp\"><img decoding=\"async\" width=\"1440\" height=\"1204\" data-id=\"26018\" data-src=\"https:\/\/www.meslibellules.fr\/blog\/wp-content\/uploads\/Tchitrec-des-Mascareignes.webp\" alt=\"Tchitrec des Mascareignes, Oiseau la Vierge, La R\u00e9union, 31\/08\/2025\" class=\"wp-image-26018 lazyload\" data-srcset=\"https:\/\/www.meslibellules.fr\/blog\/wp-content\/uploads\/Tchitrec-des-Mascareignes.webp 1440w, https:\/\/www.meslibellules.fr\/blog\/wp-content\/uploads\/Tchitrec-des-Mascareignes-768x642.webp 768w\" data-sizes=\"(max-width: 1440px) 100vw, 1440px\" src=\"data:image\/svg+xml;base64,PHN2ZyB3aWR0aD0iMSIgaGVpZ2h0PSIxIiB4bWxucz0iaHR0cDovL3d3dy53My5vcmcvMjAwMC9zdmciPjwvc3ZnPg==\" style=\"--smush-placeholder-width: 1440px; --smush-placeholder-aspect-ratio: 1440\/1204;\" \/><\/a><\/figure>\n<figcaption class=\"blocks-gallery-caption wp-element-caption\">Martin-chasseur du S\u00e9n\u00e9gal, Halcyon senegalensis, \u00c9thiopie, lac Awasa, 31\/10\/2018<br>Bulbul des Jardins, Pycnonotus barbatus, \u00c9thiopie, Arba Minch, 24\/10\/2018<br>Tchitrec des Mascareignes, Oiseau la Vierge, La R\u00e9union, 31\/08\/2025<\/figcaption><\/figure>\n\n\n\n<figure class=\"wp-block-gallery aligncenter has-nested-images columns-default is-cropped wp-block-gallery-20 is-layout-flex wp-block-gallery-is-layout-flex\">\n<figure class=\"wp-block-image size-full\"><a href=\"https:\/\/www.meslibellules.fr\/blog\/wp-content\/uploads\/oiseau-ethio7.jpg\"><img decoding=\"async\" width=\"1795\" height=\"1204\" data-id=\"22863\" data-src=\"https:\/\/www.meslibellules.fr\/blog\/wp-content\/uploads\/oiseau-ethio7.jpg\" alt=\"Milan Noir, Milvus migrans, Ethiopie, Arba Mich, 24\/10\/2018\" class=\"wp-image-22863 lazyload\" data-srcset=\"https:\/\/www.meslibellules.fr\/blog\/wp-content\/uploads\/oiseau-ethio7.jpg 1795w, https:\/\/www.meslibellules.fr\/blog\/wp-content\/uploads\/oiseau-ethio7-768x515.jpg 768w, https:\/\/www.meslibellules.fr\/blog\/wp-content\/uploads\/oiseau-ethio7-1536x1030.jpg 1536w\" data-sizes=\"(max-width: 1795px) 100vw, 1795px\" src=\"data:image\/svg+xml;base64,PHN2ZyB3aWR0aD0iMSIgaGVpZ2h0PSIxIiB4bWxucz0iaHR0cDovL3d3dy53My5vcmcvMjAwMC9zdmciPjwvc3ZnPg==\" style=\"--smush-placeholder-width: 1795px; --smush-placeholder-aspect-ratio: 1795\/1204;\" \/><\/a><\/figure>\n\n\n\n<figure class=\"wp-block-image size-full\"><a href=\"https:\/\/www.meslibellules.fr\/blog\/wp-content\/uploads\/oiseau-ethio8.jpg\"><img decoding=\"async\" width=\"2038\" height=\"1504\" data-id=\"22866\" data-src=\"https:\/\/www.meslibellules.fr\/blog\/wp-content\/uploads\/oiseau-ethio8.jpg\" alt=\"Martin-p\u00eacheur Pie, Ceryle rudis, Ethiopie, lac Langano, 31\/10\/2018\" class=\"wp-image-22866 lazyload\" data-srcset=\"https:\/\/www.meslibellules.fr\/blog\/wp-content\/uploads\/oiseau-ethio8.jpg 2038w, https:\/\/www.meslibellules.fr\/blog\/wp-content\/uploads\/oiseau-ethio8-768x567.jpg 768w, https:\/\/www.meslibellules.fr\/blog\/wp-content\/uploads\/oiseau-ethio8-1536x1134.jpg 1536w\" data-sizes=\"(max-width: 2038px) 100vw, 2038px\" src=\"data:image\/svg+xml;base64,PHN2ZyB3aWR0aD0iMSIgaGVpZ2h0PSIxIiB4bWxucz0iaHR0cDovL3d3dy53My5vcmcvMjAwMC9zdmciPjwvc3ZnPg==\" style=\"--smush-placeholder-width: 2038px; --smush-placeholder-aspect-ratio: 2038\/1504;\" \/><\/a><\/figure>\n\n\n\n<figure class=\"wp-block-image size-full\"><a href=\"https:\/\/www.meslibellules.fr\/blog\/wp-content\/uploads\/Bulbul-Orphee.webp\"><img decoding=\"async\" width=\"1121\" height=\"913\" data-id=\"26014\" data-src=\"https:\/\/www.meslibellules.fr\/blog\/wp-content\/uploads\/Bulbul-Orphee.webp\" alt=\"Bulbul Orph\u00e9e, Pycnonotus jocosus, La R\u00e9union, 16\/10\/2015\" class=\"wp-image-26014 lazyload\" data-srcset=\"https:\/\/www.meslibellules.fr\/blog\/wp-content\/uploads\/Bulbul-Orphee.webp 1121w, https:\/\/www.meslibellules.fr\/blog\/wp-content\/uploads\/Bulbul-Orphee-768x625.webp 768w\" data-sizes=\"(max-width: 1121px) 100vw, 1121px\" src=\"data:image\/svg+xml;base64,PHN2ZyB3aWR0aD0iMSIgaGVpZ2h0PSIxIiB4bWxucz0iaHR0cDovL3d3dy53My5vcmcvMjAwMC9zdmciPjwvc3ZnPg==\" style=\"--smush-placeholder-width: 1121px; --smush-placeholder-aspect-ratio: 1121\/913;\" \/><\/a><\/figure>\n<figcaption class=\"blocks-gallery-caption wp-element-caption\">Milan Noir, Milvus migrans, Ethiopie, Arba Mich, 24\/10\/2018<br>Martin-p\u00eacheur Pie, Ceryle rudis, \u00c9thiopie, lac Langano, 31\/10\/2018<br>Bulbul Orph\u00e9e, Pycnonotus jocosus, La R\u00e9union, 16\/10\/2015<\/figcaption><\/figure>\n\n\n\n<figure class=\"wp-block-gallery aligncenter has-nested-images columns-default is-cropped wp-block-gallery-21 is-layout-flex wp-block-gallery-is-layout-flex\">\n<figure class=\"wp-block-image size-full\"><a href=\"https:\/\/www.meslibellules.fr\/blog\/wp-content\/uploads\/Tarier-de-la-Reunion.webp\"><img decoding=\"async\" width=\"1358\" height=\"1204\" data-id=\"26020\" data-src=\"https:\/\/www.meslibellules.fr\/blog\/wp-content\/uploads\/Tarier-de-la-Reunion.webp\" alt=\"Tarier de la R\u00e9union, Saxicola tectes, La R\u00e9union, 17\/10\/2015\" class=\"wp-image-26020 lazyload\" data-srcset=\"https:\/\/www.meslibellules.fr\/blog\/wp-content\/uploads\/Tarier-de-la-Reunion.webp 1358w, https:\/\/www.meslibellules.fr\/blog\/wp-content\/uploads\/Tarier-de-la-Reunion-768x681.webp 768w\" data-sizes=\"(max-width: 1358px) 100vw, 1358px\" src=\"data:image\/svg+xml;base64,PHN2ZyB3aWR0aD0iMSIgaGVpZ2h0PSIxIiB4bWxucz0iaHR0cDovL3d3dy53My5vcmcvMjAwMC9zdmciPjwvc3ZnPg==\" style=\"--smush-placeholder-width: 1358px; --smush-placeholder-aspect-ratio: 1358\/1204;\" \/><\/a><\/figure>\n\n\n\n<figure class=\"wp-block-image size-full\"><a href=\"https:\/\/www.meslibellules.fr\/blog\/wp-content\/uploads\/Bulbul-de-Bourbon.webp\"><img decoding=\"async\" width=\"1051\" height=\"865\" data-id=\"26023\" data-src=\"https:\/\/www.meslibellules.fr\/blog\/wp-content\/uploads\/Bulbul-de-Bourbon.webp\" alt=\"Bulbul de Bourbon, Hypsipetes borbonicus, La R\u00e9union, 20\/10\/2015\" class=\"wp-image-26023 lazyload\" data-srcset=\"https:\/\/www.meslibellules.fr\/blog\/wp-content\/uploads\/Bulbul-de-Bourbon.webp 1051w, https:\/\/www.meslibellules.fr\/blog\/wp-content\/uploads\/Bulbul-de-Bourbon-768x632.webp 768w\" data-sizes=\"(max-width: 1051px) 100vw, 1051px\" src=\"data:image\/svg+xml;base64,PHN2ZyB3aWR0aD0iMSIgaGVpZ2h0PSIxIiB4bWxucz0iaHR0cDovL3d3dy53My5vcmcvMjAwMC9zdmciPjwvc3ZnPg==\" style=\"--smush-placeholder-width: 1051px; --smush-placeholder-aspect-ratio: 1051\/865;\" \/><\/a><\/figure>\n\n\n\n<figure class=\"wp-block-image size-full\"><a href=\"https:\/\/www.meslibellules.fr\/blog\/wp-content\/uploads\/Guepier-nain.webp\"><img decoding=\"async\" width=\"886\" height=\"853\" data-id=\"28830\" data-src=\"https:\/\/www.meslibellules.fr\/blog\/wp-content\/uploads\/Guepier-nain.webp\" alt=\"Gu\u00eapier nain, Merops pusillus, Ghana, Sagyimase, 23\/01\/2026\" class=\"wp-image-28830 lazyload\" data-srcset=\"https:\/\/www.meslibellules.fr\/blog\/wp-content\/uploads\/Guepier-nain.webp 886w, https:\/\/www.meslibellules.fr\/blog\/wp-content\/uploads\/Guepier-nain-768x739.webp 768w\" data-sizes=\"(max-width: 886px) 100vw, 886px\" src=\"data:image\/svg+xml;base64,PHN2ZyB3aWR0aD0iMSIgaGVpZ2h0PSIxIiB4bWxucz0iaHR0cDovL3d3dy53My5vcmcvMjAwMC9zdmciPjwvc3ZnPg==\" style=\"--smush-placeholder-width: 886px; --smush-placeholder-aspect-ratio: 886\/853;\" \/><\/a><\/figure>\n<figcaption class=\"blocks-gallery-caption wp-element-caption\">Tarier de la R\u00e9union, Saxicola tectes, La R\u00e9union, 17\/10\/2015<br>Bulbul de Bourbon, Hypsipetes borbonicus, La R\u00e9union, 20\/10\/2015<br>Gu\u00eapier nain, Merops pusillus, Ghana, Sagyimase, 23\/01\/2026<\/figcaption><\/figure>\n","protected":false},"excerpt":{"rendered":"","protected":false},"author":1,"featured_media":0,"comment_status":"open","ping_status":"open","sticky":false,"template":"","format":"image","meta":{"site-sidebar-layout":"default","site-content-layout":"","ast-site-content-layout":"default","site-content-style":"default","site-sidebar-style":"default","ast-global-header-display":"","ast-banner-title-visibility":"","ast-main-header-display":"","ast-hfb-above-header-display":"","ast-hfb-below-header-display":"","ast-hfb-mobile-header-display":"","site-post-title":"","ast-breadcrumbs-content":"","ast-featured-img":"","footer-sml-layout":"","ast-disable-related-posts":"","theme-transparent-header-meta":"","adv-header-id-meta":"","stick-header-meta":"","header-above-stick-meta":"","header-main-stick-meta":"","header-below-stick-meta":"","astra-migrate-meta-layouts":"set","ast-page-background-enabled":"default","ast-page-background-meta":{"desktop":{"background-color":"var(--ast-global-color-4)","background-image":"","background-repeat":"repeat","background-position":"center center","background-size":"auto","background-attachment":"scroll","background-type":"","background-media":"","overlay-type":"","overlay-color":"","overlay-opacity":"","overlay-gradient":""},"tablet":{"background-color":"","background-image":"","background-repeat":"repeat","background-position":"center center","background-size":"auto","background-attachment":"scroll","background-type":"","background-media":"","overlay-type":"","overlay-color":"","overlay-opacity":"","overlay-gradient":""},"mobile":{"background-color":"","background-image":"","background-repeat":"repeat","background-position":"center center","background-size":"auto","background-attachment":"scroll","background-type":"","background-media":"","overlay-type":"","overlay-color":"","overlay-opacity":"","overlay-gradient":""}},"ast-content-background-meta":{"desktop":{"background-color":"var(--ast-global-color-5)","background-image":"","background-repeat":"repeat","background-position":"center center","background-size":"auto","background-attachment":"scroll","background-type":"","background-media":"","overlay-type":"","overlay-color":"","overlay-opacity":"","overlay-gradient":""},"tablet":{"background-color":"var(--ast-global-color-5)","background-image":"","background-repeat":"repeat","background-position":"center center","background-size":"auto","background-attachment":"scroll","background-type":"","background-media":"","overlay-type":"","overlay-color":"","overlay-opacity":"","overlay-gradient":""},"mobile":{"background-color":"var(--ast-global-color-5)","background-image":"","background-repeat":"repeat","background-position":"center center","background-size":"auto","background-attachment":"scroll","background-type":"","background-media":"","overlay-type":"","overlay-color":"","overlay-opacity":"","overlay-gradient":""}},"footnotes":""},"categories":[1],"tags":[],"class_list":["post-11454","post","type-post","status-publish","format-image","hentry","category-non-classe","post_format-post-format-image"],"yoast_head":"<!-- This site is optimized with the Yoast SEO plugin v27.5 - https:\/\/yoast.com\/product\/yoast-seo-wordpress\/ -->\n<title>Oiseaux d&#039;Afrique - Mes Libellules<\/title>\n<meta name=\"robots\" content=\"index, follow, max-snippet:-1, max-image-preview:large, max-video-preview:-1\" \/>\n<link rel=\"canonical\" href=\"https:\/\/www.meslibellules.fr\/blog\/2023\/03\/19\/oiseaux-dafrique\/\" \/>\n<meta property=\"og:locale\" content=\"fr_FR\" \/>\n<meta property=\"og:type\" content=\"article\" \/>\n<meta property=\"og:title\" content=\"Oiseaux d&#039;Afrique - Mes Libellules\" \/>\n<meta property=\"og:url\" content=\"https:\/\/www.meslibellules.fr\/blog\/2023\/03\/19\/oiseaux-dafrique\/\" \/>\n<meta property=\"og:site_name\" content=\"Mes Libellules\" \/>\n<meta property=\"article:publisher\" content=\"https:\/\/www.facebook.com\/benoit.guillon.96\/\" \/>\n<meta property=\"article:author\" content=\"https:\/\/www.facebook.com\/benoit.guillon.96\/\" \/>\n<meta property=\"article:published_time\" content=\"2023-03-19T20:29:06+00:00\" \/>\n<meta property=\"article:modified_time\" content=\"2026-03-25T04:17:57+00:00\" \/>\n<meta property=\"og:image\" content=\"https:\/\/www.meslibellules.fr\/blog\/wp-content\/uploads\/Huppe-fasciee.webp\" \/>\n\t<meta property=\"og:image:width\" content=\"1204\" \/>\n\t<meta property=\"og:image:height\" content=\"1204\" \/>\n\t<meta property=\"og:image:type\" content=\"image\/webp\" \/>\n<meta name=\"author\" content=\"Beno\u00eet Guillon\" \/>\n<meta name=\"twitter:card\" content=\"summary_large_image\" \/>\n<meta name=\"twitter:label1\" content=\"\u00c9crit par\" \/>\n\t<meta name=\"twitter:data1\" content=\"Beno\u00eet Guillon\" \/>\n\t<meta name=\"twitter:label2\" content=\"Dur\u00e9e de lecture estim\u00e9e\" \/>\n\t<meta name=\"twitter:data2\" content=\"16 minutes\" \/>\n<script type=\"application\/ld+json\" class=\"yoast-schema-graph\">{\"@context\":\"https:\\\/\\\/schema.org\",\"@graph\":[{\"@type\":\"Article\",\"@id\":\"https:\\\/\\\/www.meslibellules.fr\\\/blog\\\/2023\\\/03\\\/19\\\/oiseaux-dafrique\\\/#article\",\"isPartOf\":{\"@id\":\"https:\\\/\\\/www.meslibellules.fr\\\/blog\\\/2023\\\/03\\\/19\\\/oiseaux-dafrique\\\/\"},\"author\":{\"name\":\"Beno\u00eet Guillon\",\"@id\":\"https:\\\/\\\/www.meslibellules.fr\\\/blog\\\/#\\\/schema\\\/person\\\/9aa3586f9dd053fcf329f43b8b053c77\"},\"headline\":\"Oiseaux d&rsquo;Afrique\",\"datePublished\":\"2023-03-19T20:29:06+00:00\",\"dateModified\":\"2026-03-25T04:17:57+00:00\",\"mainEntityOfPage\":{\"@id\":\"https:\\\/\\\/www.meslibellules.fr\\\/blog\\\/2023\\\/03\\\/19\\\/oiseaux-dafrique\\\/\"},\"wordCount\":565,\"commentCount\":0,\"publisher\":{\"@id\":\"https:\\\/\\\/www.meslibellules.fr\\\/blog\\\/#\\\/schema\\\/person\\\/9aa3586f9dd053fcf329f43b8b053c77\"},\"image\":{\"@id\":\"https:\\\/\\\/www.meslibellules.fr\\\/blog\\\/2023\\\/03\\\/19\\\/oiseaux-dafrique\\\/#primaryimage\"},\"thumbnailUrl\":\"https:\\\/\\\/www.meslibellules.fr\\\/blog\\\/wp-content\\\/uploads\\\/Huppe-fasciee.webp\",\"inLanguage\":\"fr-FR\",\"potentialAction\":[{\"@type\":\"CommentAction\",\"name\":\"Comment\",\"target\":[\"https:\\\/\\\/www.meslibellules.fr\\\/blog\\\/2023\\\/03\\\/19\\\/oiseaux-dafrique\\\/#respond\"]}]},{\"@type\":\"WebPage\",\"@id\":\"https:\\\/\\\/www.meslibellules.fr\\\/blog\\\/2023\\\/03\\\/19\\\/oiseaux-dafrique\\\/\",\"url\":\"https:\\\/\\\/www.meslibellules.fr\\\/blog\\\/2023\\\/03\\\/19\\\/oiseaux-dafrique\\\/\",\"name\":\"Oiseaux d'Afrique - Mes Libellules\",\"isPartOf\":{\"@id\":\"https:\\\/\\\/www.meslibellules.fr\\\/blog\\\/#website\"},\"primaryImageOfPage\":{\"@id\":\"https:\\\/\\\/www.meslibellules.fr\\\/blog\\\/2023\\\/03\\\/19\\\/oiseaux-dafrique\\\/#primaryimage\"},\"image\":{\"@id\":\"https:\\\/\\\/www.meslibellules.fr\\\/blog\\\/2023\\\/03\\\/19\\\/oiseaux-dafrique\\\/#primaryimage\"},\"thumbnailUrl\":\"https:\\\/\\\/www.meslibellules.fr\\\/blog\\\/wp-content\\\/uploads\\\/Huppe-fasciee.webp\",\"datePublished\":\"2023-03-19T20:29:06+00:00\",\"dateModified\":\"2026-03-25T04:17:57+00:00\",\"breadcrumb\":{\"@id\":\"https:\\\/\\\/www.meslibellules.fr\\\/blog\\\/2023\\\/03\\\/19\\\/oiseaux-dafrique\\\/#breadcrumb\"},\"inLanguage\":\"fr-FR\",\"potentialAction\":[{\"@type\":\"ReadAction\",\"target\":[\"https:\\\/\\\/www.meslibellules.fr\\\/blog\\\/2023\\\/03\\\/19\\\/oiseaux-dafrique\\\/\"]}]},{\"@type\":\"ImageObject\",\"inLanguage\":\"fr-FR\",\"@id\":\"https:\\\/\\\/www.meslibellules.fr\\\/blog\\\/2023\\\/03\\\/19\\\/oiseaux-dafrique\\\/#primaryimage\",\"url\":\"https:\\\/\\\/www.meslibellules.fr\\\/blog\\\/wp-content\\\/uploads\\\/Huppe-fasciee.webp\",\"contentUrl\":\"https:\\\/\\\/www.meslibellules.fr\\\/blog\\\/wp-content\\\/uploads\\\/Huppe-fasciee.webp\",\"width\":1204,\"height\":1204,\"caption\":\"Huppe fasci\u00e9e, Nambie, Bwabwata National Park, 20\\\/02\\\/2020\"},{\"@type\":\"BreadcrumbList\",\"@id\":\"https:\\\/\\\/www.meslibellules.fr\\\/blog\\\/2023\\\/03\\\/19\\\/oiseaux-dafrique\\\/#breadcrumb\",\"itemListElement\":[{\"@type\":\"ListItem\",\"position\":1,\"name\":\"Accueil\",\"item\":\"https:\\\/\\\/www.meslibellules.fr\\\/blog\\\/\"},{\"@type\":\"ListItem\",\"position\":2,\"name\":\"Oiseaux d&rsquo;Afrique\"}]},{\"@type\":\"WebSite\",\"@id\":\"https:\\\/\\\/www.meslibellules.fr\\\/blog\\\/#website\",\"url\":\"https:\\\/\\\/www.meslibellules.fr\\\/blog\\\/\",\"name\":\"Mes Libellules\",\"description\":\"Pr\u00e9sentation des libellules rencontr\u00e9es dans le monde\",\"publisher\":{\"@id\":\"https:\\\/\\\/www.meslibellules.fr\\\/blog\\\/#\\\/schema\\\/person\\\/9aa3586f9dd053fcf329f43b8b053c77\"},\"potentialAction\":[{\"@type\":\"SearchAction\",\"target\":{\"@type\":\"EntryPoint\",\"urlTemplate\":\"https:\\\/\\\/www.meslibellules.fr\\\/blog\\\/?s={search_term_string}\"},\"query-input\":{\"@type\":\"PropertyValueSpecification\",\"valueRequired\":true,\"valueName\":\"search_term_string\"}}],\"inLanguage\":\"fr-FR\"},{\"@type\":[\"Person\",\"Organization\"],\"@id\":\"https:\\\/\\\/www.meslibellules.fr\\\/blog\\\/#\\\/schema\\\/person\\\/9aa3586f9dd053fcf329f43b8b053c77\",\"name\":\"Beno\u00eet Guillon\",\"image\":{\"@type\":\"ImageObject\",\"inLanguage\":\"fr-FR\",\"@id\":\"https:\\\/\\\/www.meslibellules.fr\\\/blog\\\/wp-content\\\/uploads\\\/cropped-avatar-150-pix.jpg\",\"url\":\"https:\\\/\\\/www.meslibellules.fr\\\/blog\\\/wp-content\\\/uploads\\\/cropped-avatar-150-pix.jpg\",\"contentUrl\":\"https:\\\/\\\/www.meslibellules.fr\\\/blog\\\/wp-content\\\/uploads\\\/cropped-avatar-150-pix.jpg\",\"width\":150,\"height\":137,\"caption\":\"Beno\u00eet Guillon\"},\"logo\":{\"@id\":\"https:\\\/\\\/www.meslibellules.fr\\\/blog\\\/wp-content\\\/uploads\\\/cropped-avatar-150-pix.jpg\"},\"sameAs\":[\"https:\\\/\\\/www.facebook.com\\\/benoit.guillon.96\\\/\"]}]}<\/script>\n<!-- \/ Yoast SEO plugin. -->","yoast_head_json":{"title":"Oiseaux d'Afrique - Mes Libellules","robots":{"index":"index","follow":"follow","max-snippet":"max-snippet:-1","max-image-preview":"max-image-preview:large","max-video-preview":"max-video-preview:-1"},"canonical":"https:\/\/www.meslibellules.fr\/blog\/2023\/03\/19\/oiseaux-dafrique\/","og_locale":"fr_FR","og_type":"article","og_title":"Oiseaux d'Afrique - Mes Libellules","og_url":"https:\/\/www.meslibellules.fr\/blog\/2023\/03\/19\/oiseaux-dafrique\/","og_site_name":"Mes Libellules","article_publisher":"https:\/\/www.facebook.com\/benoit.guillon.96\/","article_author":"https:\/\/www.facebook.com\/benoit.guillon.96\/","article_published_time":"2023-03-19T20:29:06+00:00","article_modified_time":"2026-03-25T04:17:57+00:00","og_image":[{"width":1204,"height":1204,"url":"https:\/\/www.meslibellules.fr\/blog\/wp-content\/uploads\/Huppe-fasciee.webp","type":"image\/webp"}],"author":"Beno\u00eet Guillon","twitter_card":"summary_large_image","twitter_misc":{"\u00c9crit par":"Beno\u00eet Guillon","Dur\u00e9e de lecture estim\u00e9e":"16 minutes"},"schema":{"@context":"https:\/\/schema.org","@graph":[{"@type":"Article","@id":"https:\/\/www.meslibellules.fr\/blog\/2023\/03\/19\/oiseaux-dafrique\/#article","isPartOf":{"@id":"https:\/\/www.meslibellules.fr\/blog\/2023\/03\/19\/oiseaux-dafrique\/"},"author":{"name":"Beno\u00eet Guillon","@id":"https:\/\/www.meslibellules.fr\/blog\/#\/schema\/person\/9aa3586f9dd053fcf329f43b8b053c77"},"headline":"Oiseaux d&rsquo;Afrique","datePublished":"2023-03-19T20:29:06+00:00","dateModified":"2026-03-25T04:17:57+00:00","mainEntityOfPage":{"@id":"https:\/\/www.meslibellules.fr\/blog\/2023\/03\/19\/oiseaux-dafrique\/"},"wordCount":565,"commentCount":0,"publisher":{"@id":"https:\/\/www.meslibellules.fr\/blog\/#\/schema\/person\/9aa3586f9dd053fcf329f43b8b053c77"},"image":{"@id":"https:\/\/www.meslibellules.fr\/blog\/2023\/03\/19\/oiseaux-dafrique\/#primaryimage"},"thumbnailUrl":"https:\/\/www.meslibellules.fr\/blog\/wp-content\/uploads\/Huppe-fasciee.webp","inLanguage":"fr-FR","potentialAction":[{"@type":"CommentAction","name":"Comment","target":["https:\/\/www.meslibellules.fr\/blog\/2023\/03\/19\/oiseaux-dafrique\/#respond"]}]},{"@type":"WebPage","@id":"https:\/\/www.meslibellules.fr\/blog\/2023\/03\/19\/oiseaux-dafrique\/","url":"https:\/\/www.meslibellules.fr\/blog\/2023\/03\/19\/oiseaux-dafrique\/","name":"Oiseaux d'Afrique - Mes Libellules","isPartOf":{"@id":"https:\/\/www.meslibellules.fr\/blog\/#website"},"primaryImageOfPage":{"@id":"https:\/\/www.meslibellules.fr\/blog\/2023\/03\/19\/oiseaux-dafrique\/#primaryimage"},"image":{"@id":"https:\/\/www.meslibellules.fr\/blog\/2023\/03\/19\/oiseaux-dafrique\/#primaryimage"},"thumbnailUrl":"https:\/\/www.meslibellules.fr\/blog\/wp-content\/uploads\/Huppe-fasciee.webp","datePublished":"2023-03-19T20:29:06+00:00","dateModified":"2026-03-25T04:17:57+00:00","breadcrumb":{"@id":"https:\/\/www.meslibellules.fr\/blog\/2023\/03\/19\/oiseaux-dafrique\/#breadcrumb"},"inLanguage":"fr-FR","potentialAction":[{"@type":"ReadAction","target":["https:\/\/www.meslibellules.fr\/blog\/2023\/03\/19\/oiseaux-dafrique\/"]}]},{"@type":"ImageObject","inLanguage":"fr-FR","@id":"https:\/\/www.meslibellules.fr\/blog\/2023\/03\/19\/oiseaux-dafrique\/#primaryimage","url":"https:\/\/www.meslibellules.fr\/blog\/wp-content\/uploads\/Huppe-fasciee.webp","contentUrl":"https:\/\/www.meslibellules.fr\/blog\/wp-content\/uploads\/Huppe-fasciee.webp","width":1204,"height":1204,"caption":"Huppe fasci\u00e9e, Nambie, Bwabwata National Park, 20\/02\/2020"},{"@type":"BreadcrumbList","@id":"https:\/\/www.meslibellules.fr\/blog\/2023\/03\/19\/oiseaux-dafrique\/#breadcrumb","itemListElement":[{"@type":"ListItem","position":1,"name":"Accueil","item":"https:\/\/www.meslibellules.fr\/blog\/"},{"@type":"ListItem","position":2,"name":"Oiseaux d&rsquo;Afrique"}]},{"@type":"WebSite","@id":"https:\/\/www.meslibellules.fr\/blog\/#website","url":"https:\/\/www.meslibellules.fr\/blog\/","name":"Mes Libellules","description":"Pr\u00e9sentation des libellules rencontr\u00e9es dans le monde","publisher":{"@id":"https:\/\/www.meslibellules.fr\/blog\/#\/schema\/person\/9aa3586f9dd053fcf329f43b8b053c77"},"potentialAction":[{"@type":"SearchAction","target":{"@type":"EntryPoint","urlTemplate":"https:\/\/www.meslibellules.fr\/blog\/?s={search_term_string}"},"query-input":{"@type":"PropertyValueSpecification","valueRequired":true,"valueName":"search_term_string"}}],"inLanguage":"fr-FR"},{"@type":["Person","Organization"],"@id":"https:\/\/www.meslibellules.fr\/blog\/#\/schema\/person\/9aa3586f9dd053fcf329f43b8b053c77","name":"Beno\u00eet Guillon","image":{"@type":"ImageObject","inLanguage":"fr-FR","@id":"https:\/\/www.meslibellules.fr\/blog\/wp-content\/uploads\/cropped-avatar-150-pix.jpg","url":"https:\/\/www.meslibellules.fr\/blog\/wp-content\/uploads\/cropped-avatar-150-pix.jpg","contentUrl":"https:\/\/www.meslibellules.fr\/blog\/wp-content\/uploads\/cropped-avatar-150-pix.jpg","width":150,"height":137,"caption":"Beno\u00eet Guillon"},"logo":{"@id":"https:\/\/www.meslibellules.fr\/blog\/wp-content\/uploads\/cropped-avatar-150-pix.jpg"},"sameAs":["https:\/\/www.facebook.com\/benoit.guillon.96\/"]}]}},"_links":{"self":[{"href":"https:\/\/www.meslibellules.fr\/blog\/wp-json\/wp\/v2\/posts\/11454","targetHints":{"allow":["GET"]}}],"collection":[{"href":"https:\/\/www.meslibellules.fr\/blog\/wp-json\/wp\/v2\/posts"}],"about":[{"href":"https:\/\/www.meslibellules.fr\/blog\/wp-json\/wp\/v2\/types\/post"}],"author":[{"embeddable":true,"href":"https:\/\/www.meslibellules.fr\/blog\/wp-json\/wp\/v2\/users\/1"}],"replies":[{"embeddable":true,"href":"https:\/\/www.meslibellules.fr\/blog\/wp-json\/wp\/v2\/comments?post=11454"}],"version-history":[{"count":8,"href":"https:\/\/www.meslibellules.fr\/blog\/wp-json\/wp\/v2\/posts\/11454\/revisions"}],"predecessor-version":[{"id":28831,"href":"https:\/\/www.meslibellules.fr\/blog\/wp-json\/wp\/v2\/posts\/11454\/revisions\/28831"}],"wp:attachment":[{"href":"https:\/\/www.meslibellules.fr\/blog\/wp-json\/wp\/v2\/media?parent=11454"}],"wp:term":[{"taxonomy":"category","embeddable":true,"href":"https:\/\/www.meslibellules.fr\/blog\/wp-json\/wp\/v2\/categories?post=11454"},{"taxonomy":"post_tag","embeddable":true,"href":"https:\/\/www.meslibellules.fr\/blog\/wp-json\/wp\/v2\/tags?post=11454"}],"curies":[{"name":"wp","href":"https:\/\/api.w.org\/{rel}","templated":true}]}}