{"id":11458,"date":"2023-10-23T08:26:36","date_gmt":"2023-10-23T06:26:36","guid":{"rendered":"https:\/\/www.meslibellules.fr\/blog\/?p=11458"},"modified":"2025-01-20T22:57:51","modified_gmt":"2025-01-20T21:57:51","slug":"reptiles","status":"publish","type":"post","link":"https:\/\/www.meslibellules.fr\/blog\/2023\/10\/23\/reptiles\/","title":{"rendered":"Reptiles"},"content":{"rendered":"\n<figure class=\"wp-block-gallery has-nested-images columns-default aligncenter wp-block-gallery-1 is-layout-flex wp-block-gallery-is-layout-flex\">\n<figure class=\"wp-block-image size-large is-resized\"><a href=\"https:\/\/www.meslibellules.fr\/blog\/wp-content\/uploads\/Cameleon-Bilobe.webp\"><img decoding=\"async\" width=\"1204\" height=\"1204\" data-id=\"11459\" data-src=\"https:\/\/www.meslibellules.fr\/blog\/wp-content\/uploads\/Cameleon-Bilobe.webp\" alt=\"Cam\u00e9l\u00e9on Bilob\u00e9, Chamaeleo dilepis, Rundu, 10\/02\/2020\" class=\"wp-image-11459 lazyload\" style=\"--smush-placeholder-width: 1204px; --smush-placeholder-aspect-ratio: 1204\/1204;width:431px;height:431px\" data-srcset=\"https:\/\/www.meslibellules.fr\/blog\/wp-content\/uploads\/Cameleon-Bilobe.webp 1204w, https:\/\/www.meslibellules.fr\/blog\/wp-content\/uploads\/Cameleon-Bilobe-768x768.webp 768w, https:\/\/www.meslibellules.fr\/blog\/wp-content\/uploads\/Cameleon-Bilobe-150x150.webp 150w\" data-sizes=\"(max-width: 1204px) 100vw, 1204px\" src=\"data:image\/svg+xml;base64,PHN2ZyB3aWR0aD0iMSIgaGVpZ2h0PSIxIiB4bWxucz0iaHR0cDovL3d3dy53My5vcmcvMjAwMC9zdmciPjwvc3ZnPg==\" \/><\/a><\/figure>\n\n\n\n<figure class=\"wp-block-image size-large\"><a href=\"https:\/\/www.meslibellules.fr\/blog\/wp-content\/uploads\/Lezard-vert-occidental.webp\"><img decoding=\"async\" width=\"1204\" height=\"1010\" data-id=\"11584\" data-src=\"https:\/\/www.meslibellules.fr\/blog\/wp-content\/uploads\/Lezard-vert-occidental.webp\" alt=\"L\u00e9zard Vert Occidental, Lacerta bilineata, Montr\u00e9al (France-07), 14\/07\/2022\" class=\"wp-image-11584 lazyload\" data-srcset=\"https:\/\/www.meslibellules.fr\/blog\/wp-content\/uploads\/Lezard-vert-occidental.webp 1204w, https:\/\/www.meslibellules.fr\/blog\/wp-content\/uploads\/Lezard-vert-occidental-768x644.webp 768w\" data-sizes=\"(max-width: 1204px) 100vw, 1204px\" src=\"data:image\/svg+xml;base64,PHN2ZyB3aWR0aD0iMSIgaGVpZ2h0PSIxIiB4bWxucz0iaHR0cDovL3d3dy53My5vcmcvMjAwMC9zdmciPjwvc3ZnPg==\" style=\"--smush-placeholder-width: 1204px; --smush-placeholder-aspect-ratio: 1204\/1010;\" \/><\/a><\/figure>\n\n\n\n<figure class=\"wp-block-image size-large\"><a href=\"https:\/\/www.meslibellules.fr\/blog\/wp-content\/uploads\/lez-nam.jpg\"><img decoding=\"async\" width=\"884\" height=\"884\" data-id=\"11599\" data-src=\"https:\/\/www.meslibellules.fr\/blog\/wp-content\/uploads\/lez-nam.jpg\" alt=\"Heliobolus lugubris, Namibie, Shitemo, 21\/02\/2020\" class=\"wp-image-11599 lazyload\" data-srcset=\"https:\/\/www.meslibellules.fr\/blog\/wp-content\/uploads\/lez-nam.jpg 884w, https:\/\/www.meslibellules.fr\/blog\/wp-content\/uploads\/lez-nam-768x768.jpg 768w, https:\/\/www.meslibellules.fr\/blog\/wp-content\/uploads\/lez-nam-150x150.jpg 150w\" data-sizes=\"(max-width: 884px) 100vw, 884px\" src=\"data:image\/svg+xml;base64,PHN2ZyB3aWR0aD0iMSIgaGVpZ2h0PSIxIiB4bWxucz0iaHR0cDovL3d3dy53My5vcmcvMjAwMC9zdmciPjwvc3ZnPg==\" style=\"--smush-placeholder-width: 884px; --smush-placeholder-aspect-ratio: 884\/884;\" \/><\/a><\/figure>\n<figcaption class=\"blocks-gallery-caption wp-element-caption\">Cam\u00e9l\u00e9on Bilob\u00e9, Chamaeleo dilepis, Rundu, 10\/02\/2020<br>L\u00e9zard Vert Occidental, Lacerta bilineata, Montr\u00e9al (France-07), 14\/07\/2022<br>Heliobolus lugubris, Namibie, Shitemo, 21\/02\/2020<\/figcaption><\/figure>\n\n\n\n<p><\/p>\n\n\n\n<figure class=\"wp-block-gallery has-nested-images columns-default wp-block-gallery-2 is-layout-flex wp-block-gallery-is-layout-flex\">\n<figure class=\"wp-block-image size-full is-resized\"><a href=\"https:\/\/www.meslibellules.fr\/blog\/wp-content\/uploads\/Cameleon-Bilobe-2.webp\"><img decoding=\"async\" width=\"1920\" height=\"1004\" data-id=\"11504\" data-src=\"https:\/\/www.meslibellules.fr\/blog\/wp-content\/uploads\/Cameleon-Bilobe-2.webp\" alt=\"Cam\u00e9l\u00e9on Bilob\u00e9, Chamaeleo dilepis, Afrique du Sud, Parc Kruger, 27\/10\/2017\" class=\"wp-image-11504 lazyload\" style=\"--smush-placeholder-width: 1920px; --smush-placeholder-aspect-ratio: 1920\/1004;width:431px;height:224px\" data-srcset=\"https:\/\/www.meslibellules.fr\/blog\/wp-content\/uploads\/Cameleon-Bilobe-2.webp 1920w, https:\/\/www.meslibellules.fr\/blog\/wp-content\/uploads\/Cameleon-Bilobe-2-768x402.webp 768w, https:\/\/www.meslibellules.fr\/blog\/wp-content\/uploads\/Cameleon-Bilobe-2-1536x803.webp 1536w\" data-sizes=\"(max-width: 1920px) 100vw, 1920px\" src=\"data:image\/svg+xml;base64,PHN2ZyB3aWR0aD0iMSIgaGVpZ2h0PSIxIiB4bWxucz0iaHR0cDovL3d3dy53My5vcmcvMjAwMC9zdmciPjwvc3ZnPg==\" \/><\/a><\/figure>\n\n\n\n<figure class=\"wp-block-image size-full\"><a href=\"https:\/\/www.meslibellules.fr\/blog\/wp-content\/uploads\/lezard-noir-AS.jpg\"><img decoding=\"async\" width=\"1728\" height=\"1004\" data-id=\"11478\" data-src=\"https:\/\/www.meslibellules.fr\/blog\/wp-content\/uploads\/lezard-noir-AS.jpg\" alt=\"Cordylus niger, Afrique du Sud, Cap Point, 22\/10\/2017\" class=\"wp-image-11478 lazyload\" data-srcset=\"https:\/\/www.meslibellules.fr\/blog\/wp-content\/uploads\/lezard-noir-AS.jpg 1728w, https:\/\/www.meslibellules.fr\/blog\/wp-content\/uploads\/lezard-noir-AS-768x446.jpg 768w, https:\/\/www.meslibellules.fr\/blog\/wp-content\/uploads\/lezard-noir-AS-1536x892.jpg 1536w\" data-sizes=\"(max-width: 1728px) 100vw, 1728px\" src=\"data:image\/svg+xml;base64,PHN2ZyB3aWR0aD0iMSIgaGVpZ2h0PSIxIiB4bWxucz0iaHR0cDovL3d3dy53My5vcmcvMjAwMC9zdmciPjwvc3ZnPg==\" style=\"--smush-placeholder-width: 1728px; --smush-placeholder-aspect-ratio: 1728\/1004;\" \/><\/a><\/figure>\n\n\n\n<figure class=\"wp-block-image size-full\"><a href=\"https:\/\/www.meslibellules.fr\/blog\/wp-content\/uploads\/Trachemyde-ecrite.webp\"><img decoding=\"async\" width=\"1942\" height=\"1204\" data-id=\"17168\" data-src=\"https:\/\/www.meslibellules.fr\/blog\/wp-content\/uploads\/Trachemyde-ecrite.webp\" alt=\"Trach\u00e9myde \u00e9crite, Trachemys scripta, Panama, Canal area, 27\/08\/2012\" class=\"wp-image-17168 lazyload\" data-srcset=\"https:\/\/www.meslibellules.fr\/blog\/wp-content\/uploads\/Trachemyde-ecrite.webp 1942w, https:\/\/www.meslibellules.fr\/blog\/wp-content\/uploads\/Trachemyde-ecrite-768x476.webp 768w, https:\/\/www.meslibellules.fr\/blog\/wp-content\/uploads\/Trachemyde-ecrite-1536x952.webp 1536w\" data-sizes=\"(max-width: 1942px) 100vw, 1942px\" src=\"data:image\/svg+xml;base64,PHN2ZyB3aWR0aD0iMSIgaGVpZ2h0PSIxIiB4bWxucz0iaHR0cDovL3d3dy53My5vcmcvMjAwMC9zdmciPjwvc3ZnPg==\" style=\"--smush-placeholder-width: 1942px; --smush-placeholder-aspect-ratio: 1942\/1204;\" \/><\/a><\/figure>\n<figcaption class=\"blocks-gallery-caption wp-element-caption\">Cam\u00e9l\u00e9on Bilob\u00e9, Chamaeleo dilepis, Afrique du Sud, Parc Kruger, 27\/10\/2017<br>Cordylus niger, Afrique du Sud, Cap Point, 22\/10\/2017<br>Trach\u00e9myde \u00e9crite, Trachemys scripta, Panama, Canal area, 27\/08\/2012<\/figcaption><\/figure>\n\n\n\n<figure class=\"wp-block-gallery has-nested-images columns-default aligncenter wp-block-gallery-3 is-layout-flex wp-block-gallery-is-layout-flex\">\n<figure class=\"wp-block-image size-full is-resized\"><a href=\"https:\/\/www.meslibellules.fr\/blog\/wp-content\/uploads\/Tortue-leopard.webp\"><img decoding=\"async\" width=\"1685\" height=\"1204\" data-id=\"11497\" data-src=\"https:\/\/www.meslibellules.fr\/blog\/wp-content\/uploads\/Tortue-leopard.webp\" alt=\"Tortue L\u00e9opard, Stigmochelys pardalis, Afrique du Sud, Pongola, 26\/10\/2017\" class=\"wp-image-11497 lazyload\" style=\"--smush-placeholder-width: 1685px; --smush-placeholder-aspect-ratio: 1685\/1204;width:429px;height:306px\" data-srcset=\"https:\/\/www.meslibellules.fr\/blog\/wp-content\/uploads\/Tortue-leopard.webp 1685w, https:\/\/www.meslibellules.fr\/blog\/wp-content\/uploads\/Tortue-leopard-768x549.webp 768w, https:\/\/www.meslibellules.fr\/blog\/wp-content\/uploads\/Tortue-leopard-1536x1098.webp 1536w\" data-sizes=\"(max-width: 1685px) 100vw, 1685px\" src=\"data:image\/svg+xml;base64,PHN2ZyB3aWR0aD0iMSIgaGVpZ2h0PSIxIiB4bWxucz0iaHR0cDovL3d3dy53My5vcmcvMjAwMC9zdmciPjwvc3ZnPg==\" \/><\/a><\/figure>\n\n\n\n<figure class=\"wp-block-image size-full\"><a href=\"https:\/\/www.meslibellules.fr\/blog\/wp-content\/uploads\/Trachylepsis-striata.webp\"><img decoding=\"async\" width=\"1304\" height=\"884\" data-id=\"11511\" data-src=\"https:\/\/www.meslibellules.fr\/blog\/wp-content\/uploads\/Trachylepsis-striata.webp\" alt=\"Trachylepsis striata, Afrique du Sud, Off R66 Normanhurst Farm (Shakaland), 24\/10\/2017\" class=\"wp-image-11511 lazyload\" data-srcset=\"https:\/\/www.meslibellules.fr\/blog\/wp-content\/uploads\/Trachylepsis-striata.webp 1304w, https:\/\/www.meslibellules.fr\/blog\/wp-content\/uploads\/Trachylepsis-striata-768x521.webp 768w\" data-sizes=\"(max-width: 1304px) 100vw, 1304px\" src=\"data:image\/svg+xml;base64,PHN2ZyB3aWR0aD0iMSIgaGVpZ2h0PSIxIiB4bWxucz0iaHR0cDovL3d3dy53My5vcmcvMjAwMC9zdmciPjwvc3ZnPg==\" style=\"--smush-placeholder-width: 1304px; --smush-placeholder-aspect-ratio: 1304\/884;\" \/><\/a><\/figure>\n<figcaption class=\"blocks-gallery-caption wp-element-caption\">Tortue L\u00e9opard, Stigmochelys pardalis, Afrique du Sud, Pongola, 26\/10\/2017<br>Trachylepsis striata, Afrique du Sud, Off R66 Normanhurst Farm (Shakaland), 24\/10\/2017<\/figcaption><\/figure>\n\n\n\n<p><\/p>\n\n\n\n<figure class=\"wp-block-gallery has-nested-images columns-default aligncenter wp-block-gallery-4 is-layout-flex wp-block-gallery-is-layout-flex\">\n<figure class=\"wp-block-image size-full is-resized\"><a href=\"https:\/\/www.meslibellules.fr\/blog\/wp-content\/uploads\/Crocodile-du-Nil.webp\"><img decoding=\"async\" width=\"1778\" height=\"1204\" data-id=\"11513\" data-src=\"https:\/\/www.meslibellules.fr\/blog\/wp-content\/uploads\/Crocodile-du-Nil.webp\" alt=\"Crocodile du Nil, Crocodylus niloticus, Afrique du Sud, R\u00e9serve de Pongola (Zululand), 24\/10\/2017\" class=\"wp-image-11513 lazyload\" style=\"--smush-placeholder-width: 1778px; --smush-placeholder-aspect-ratio: 1778\/1204;width:469px;height:317px\" data-srcset=\"https:\/\/www.meslibellules.fr\/blog\/wp-content\/uploads\/Crocodile-du-Nil.webp 1778w, https:\/\/www.meslibellules.fr\/blog\/wp-content\/uploads\/Crocodile-du-Nil-768x520.webp 768w, https:\/\/www.meslibellules.fr\/blog\/wp-content\/uploads\/Crocodile-du-Nil-1536x1040.webp 1536w\" data-sizes=\"(max-width: 1778px) 100vw, 1778px\" src=\"data:image\/svg+xml;base64,PHN2ZyB3aWR0aD0iMSIgaGVpZ2h0PSIxIiB4bWxucz0iaHR0cDovL3d3dy53My5vcmcvMjAwMC9zdmciPjwvc3ZnPg==\" \/><\/a><\/figure>\n\n\n\n<figure class=\"wp-block-image size-full\"><a href=\"https:\/\/www.meslibellules.fr\/blog\/wp-content\/uploads\/pedioplanis-namaquensis.webp\"><img decoding=\"async\" width=\"2177\" height=\"1309\" data-id=\"11567\" data-src=\"https:\/\/www.meslibellules.fr\/blog\/wp-content\/uploads\/pedioplanis-namaquensis.webp\" alt=\"Pedioplanis namaquensis, \u00c9r\u00e9mias namaquois, Namibie, barrage Van Bach, 22\/02\/2020\" class=\"wp-image-11567 lazyload\" data-srcset=\"https:\/\/www.meslibellules.fr\/blog\/wp-content\/uploads\/pedioplanis-namaquensis.webp 2177w, https:\/\/www.meslibellules.fr\/blog\/wp-content\/uploads\/pedioplanis-namaquensis-768x462.webp 768w, https:\/\/www.meslibellules.fr\/blog\/wp-content\/uploads\/pedioplanis-namaquensis-1536x924.webp 1536w, https:\/\/www.meslibellules.fr\/blog\/wp-content\/uploads\/pedioplanis-namaquensis-2048x1231.webp 2048w\" data-sizes=\"(max-width: 2177px) 100vw, 2177px\" src=\"data:image\/svg+xml;base64,PHN2ZyB3aWR0aD0iMSIgaGVpZ2h0PSIxIiB4bWxucz0iaHR0cDovL3d3dy53My5vcmcvMjAwMC9zdmciPjwvc3ZnPg==\" style=\"--smush-placeholder-width: 2177px; --smush-placeholder-aspect-ratio: 2177\/1309;\" \/><\/a><\/figure>\n<figcaption class=\"blocks-gallery-caption wp-element-caption\">Crocodile du Nil, Crocodylus niloticus, Afrique du Sud, R\u00e9serve de Pongola (Zululand), 24\/10\/2017 <br>Pedioplanis mayeri, Namibie, barrage Van Bach, 22\/02\/2020<\/figcaption><\/figure>\n\n\n\n<figure class=\"wp-block-gallery has-nested-images columns-default aligncenter wp-block-gallery-5 is-layout-flex wp-block-gallery-is-layout-flex\">\n<figure class=\"wp-block-image size-full is-resized\"><a href=\"https:\/\/www.meslibellules.fr\/blog\/wp-content\/uploads\/agama-sp.webp\"><img decoding=\"async\" width=\"1102\" height=\"1004\" data-id=\"11562\" data-src=\"https:\/\/www.meslibellules.fr\/blog\/wp-content\/uploads\/agama-sp.webp\" alt=\"Agama sp., B\u00e9nin, 01\/02\/2008\" class=\"wp-image-11562 lazyload\" style=\"--smush-placeholder-width: 1102px; --smush-placeholder-aspect-ratio: 1102\/1004;width:397px;height:362px\" data-srcset=\"https:\/\/www.meslibellules.fr\/blog\/wp-content\/uploads\/agama-sp.webp 1102w, https:\/\/www.meslibellules.fr\/blog\/wp-content\/uploads\/agama-sp-768x700.webp 768w\" data-sizes=\"(max-width: 1102px) 100vw, 1102px\" src=\"data:image\/svg+xml;base64,PHN2ZyB3aWR0aD0iMSIgaGVpZ2h0PSIxIiB4bWxucz0iaHR0cDovL3d3dy53My5vcmcvMjAwMC9zdmciPjwvc3ZnPg==\" \/><\/a><\/figure>\n\n\n\n<figure class=\"wp-block-image size-full\"><a href=\"https:\/\/www.meslibellules.fr\/blog\/wp-content\/uploads\/marg-benin.jpg\"><img decoding=\"async\" width=\"1183\" height=\"799\" data-id=\"11564\" data-src=\"https:\/\/www.meslibellules.fr\/blog\/wp-content\/uploads\/marg-benin.jpg\" alt=\"Agama agama, Agame des colons, B\u00e9nin, lac Ah\u00e9m\u00e9, 24\/01\/2008\" class=\"wp-image-11564 lazyload\" data-srcset=\"https:\/\/www.meslibellules.fr\/blog\/wp-content\/uploads\/marg-benin.jpg 1183w, https:\/\/www.meslibellules.fr\/blog\/wp-content\/uploads\/marg-benin-768x519.jpg 768w\" data-sizes=\"(max-width: 1183px) 100vw, 1183px\" src=\"data:image\/svg+xml;base64,PHN2ZyB3aWR0aD0iMSIgaGVpZ2h0PSIxIiB4bWxucz0iaHR0cDovL3d3dy53My5vcmcvMjAwMC9zdmciPjwvc3ZnPg==\" style=\"--smush-placeholder-width: 1183px; --smush-placeholder-aspect-ratio: 1183\/799;\" \/><\/a><\/figure>\n<figcaption class=\"blocks-gallery-caption wp-element-caption\">Agama sp., B\u00e9nin, 01\/02\/2008<br>Agama agama, Agame des colons, B\u00e9nin, lac Ah\u00e9m\u00e9, 24\/01\/2008<\/figcaption><\/figure>\n\n\n\n<figure class=\"wp-block-gallery has-nested-images columns-default aligncenter wp-block-gallery-6 is-layout-flex wp-block-gallery-is-layout-flex\">\n<figure class=\"wp-block-image size-full is-resized\"><a href=\"https:\/\/www.meslibellules.fr\/blog\/wp-content\/uploads\/Agama-planiceps.webp\"><img decoding=\"async\" width=\"1896\" height=\"1204\" data-id=\"11570\" data-src=\"https:\/\/www.meslibellules.fr\/blog\/wp-content\/uploads\/Agama-planiceps.webp\" alt=\"\" class=\"wp-image-11570 lazyload\" style=\"--smush-placeholder-width: 1896px; --smush-placeholder-aspect-ratio: 1896\/1204;width:417px;height:264px\" data-srcset=\"https:\/\/www.meslibellules.fr\/blog\/wp-content\/uploads\/Agama-planiceps.webp 1896w, https:\/\/www.meslibellules.fr\/blog\/wp-content\/uploads\/Agama-planiceps-768x488.webp 768w, https:\/\/www.meslibellules.fr\/blog\/wp-content\/uploads\/Agama-planiceps-1536x975.webp 1536w\" data-sizes=\"(max-width: 1896px) 100vw, 1896px\" src=\"data:image\/svg+xml;base64,PHN2ZyB3aWR0aD0iMSIgaGVpZ2h0PSIxIiB4bWxucz0iaHR0cDovL3d3dy53My5vcmcvMjAwMC9zdmciPjwvc3ZnPg==\" \/><\/a><\/figure>\n\n\n\n<figure class=\"wp-block-image size-full\"><a href=\"https:\/\/www.meslibellules.fr\/blog\/wp-content\/uploads\/Basiliscus-basiliscus.webp\"><img decoding=\"async\" width=\"1520\" height=\"1204\" data-id=\"11655\" data-src=\"https:\/\/www.meslibellules.fr\/blog\/wp-content\/uploads\/Basiliscus-basiliscus.webp\" alt=\"Basiliscus basiliscus, Basilic commun, Panama, Anton Valley, 05\/09\/2012\" class=\"wp-image-11655 lazyload\" data-srcset=\"https:\/\/www.meslibellules.fr\/blog\/wp-content\/uploads\/Basiliscus-basiliscus.webp 1520w, https:\/\/www.meslibellules.fr\/blog\/wp-content\/uploads\/Basiliscus-basiliscus-768x608.webp 768w\" data-sizes=\"(max-width: 1520px) 100vw, 1520px\" src=\"data:image\/svg+xml;base64,PHN2ZyB3aWR0aD0iMSIgaGVpZ2h0PSIxIiB4bWxucz0iaHR0cDovL3d3dy53My5vcmcvMjAwMC9zdmciPjwvc3ZnPg==\" style=\"--smush-placeholder-width: 1520px; --smush-placeholder-aspect-ratio: 1520\/1204;\" \/><\/a><\/figure>\n\n\n\n<figure class=\"wp-block-image size-full\"><a href=\"https:\/\/www.meslibellules.fr\/blog\/wp-content\/uploads\/Basilic-commun.webp\"><img decoding=\"async\" width=\"1461\" height=\"1204\" data-id=\"17165\" data-src=\"https:\/\/www.meslibellules.fr\/blog\/wp-content\/uploads\/Basilic-commun.webp\" alt=\"Basilic commun, Basilicus basilicus, Panama, Canala area, 27\/08\/2012\" class=\"wp-image-17165 lazyload\" data-srcset=\"https:\/\/www.meslibellules.fr\/blog\/wp-content\/uploads\/Basilic-commun.webp 1461w, https:\/\/www.meslibellules.fr\/blog\/wp-content\/uploads\/Basilic-commun-768x633.webp 768w\" data-sizes=\"(max-width: 1461px) 100vw, 1461px\" src=\"data:image\/svg+xml;base64,PHN2ZyB3aWR0aD0iMSIgaGVpZ2h0PSIxIiB4bWxucz0iaHR0cDovL3d3dy53My5vcmcvMjAwMC9zdmciPjwvc3ZnPg==\" style=\"--smush-placeholder-width: 1461px; --smush-placeholder-aspect-ratio: 1461\/1204;\" \/><\/a><\/figure>\n<figcaption class=\"blocks-gallery-caption wp-element-caption\">Agama planiceps, Namibie, barrage Van Bach, 22\/02\/2020<br>Basiliscus basiliscus, Basilic commun, Panama, Anton Valley, 05\/09\/2012<br>Basilic commun, Basilicus basilicus, Panama, Canala area, 27\/08\/2012<\/figcaption><\/figure>\n\n\n\n<figure class=\"wp-block-image aligncenter size-full is-resized\"><a href=\"https:\/\/www.meslibellules.fr\/blog\/wp-content\/uploads\/Gecko-geant-de-Madagascar.webp\"><img decoding=\"async\" width=\"1955\" height=\"1004\" data-src=\"https:\/\/www.meslibellules.fr\/blog\/wp-content\/uploads\/Gecko-geant-de-Madagascar.webp\" alt=\"Grand Gecko vert Malgache, Phelsuma grandis, La R\u00e9union, Salazie, 21\/10\/2015\" class=\"wp-image-11605 lazyload\" style=\"--smush-placeholder-width: 1955px; --smush-placeholder-aspect-ratio: 1955\/1004;width:661px;height:339px\" data-srcset=\"https:\/\/www.meslibellules.fr\/blog\/wp-content\/uploads\/Gecko-geant-de-Madagascar.webp 1955w, https:\/\/www.meslibellules.fr\/blog\/wp-content\/uploads\/Gecko-geant-de-Madagascar-768x394.webp 768w, https:\/\/www.meslibellules.fr\/blog\/wp-content\/uploads\/Gecko-geant-de-Madagascar-1536x789.webp 1536w\" data-sizes=\"(max-width: 1955px) 100vw, 1955px\" src=\"data:image\/svg+xml;base64,PHN2ZyB3aWR0aD0iMSIgaGVpZ2h0PSIxIiB4bWxucz0iaHR0cDovL3d3dy53My5vcmcvMjAwMC9zdmciPjwvc3ZnPg==\" \/><\/a><figcaption class=\"wp-element-caption\">Grand Gecko vert Malgache, Phelsuma grandis, La R\u00e9union, Sainte Suzanne, 21\/10\/2015<\/figcaption><\/figure>\n\n\n\n<figure class=\"wp-block-gallery aligncenter has-nested-images columns-default wp-block-gallery-7 is-layout-flex wp-block-gallery-is-layout-flex\">\n<figure class=\"wp-block-image size-full\"><a href=\"https:\/\/www.meslibellules.fr\/blog\/wp-content\/uploads\/Trapelus-sanguinolentus.webp\"><img decoding=\"async\" width=\"1168\" height=\"560\" data-id=\"11654\" data-src=\"https:\/\/www.meslibellules.fr\/blog\/wp-content\/uploads\/Trapelus-sanguinolentus.webp\" alt=\"Trapelus sanguinolentus, Ouzb\u00e9kistan, Lac Aydar, 20\/07\/2008\" class=\"wp-image-11654 lazyload\" data-srcset=\"https:\/\/www.meslibellules.fr\/blog\/wp-content\/uploads\/Trapelus-sanguinolentus.webp 1168w, https:\/\/www.meslibellules.fr\/blog\/wp-content\/uploads\/Trapelus-sanguinolentus-768x368.webp 768w\" data-sizes=\"(max-width: 1168px) 100vw, 1168px\" src=\"data:image\/svg+xml;base64,PHN2ZyB3aWR0aD0iMSIgaGVpZ2h0PSIxIiB4bWxucz0iaHR0cDovL3d3dy53My5vcmcvMjAwMC9zdmciPjwvc3ZnPg==\" style=\"--smush-placeholder-width: 1168px; --smush-placeholder-aspect-ratio: 1168\/560;\" \/><\/a><\/figure>\n\n\n\n<figure class=\"wp-block-image size-full\"><a href=\"https:\/\/www.meslibellules.fr\/blog\/wp-content\/uploads\/Chlamydosaurus-kingii.webp\"><img decoding=\"async\" width=\"1924\" height=\"1004\" data-id=\"12104\" data-src=\"https:\/\/www.meslibellules.fr\/blog\/wp-content\/uploads\/Chlamydosaurus-kingii.webp\" alt=\"L\u00e9zard \u00e0 Collerette Chlamydosaurus kingii, Australie (NT), Lietchfield Park, 15\/04\/2022\" class=\"wp-image-12104 lazyload\" data-srcset=\"https:\/\/www.meslibellules.fr\/blog\/wp-content\/uploads\/Chlamydosaurus-kingii.webp 1924w, https:\/\/www.meslibellules.fr\/blog\/wp-content\/uploads\/Chlamydosaurus-kingii-768x401.webp 768w, https:\/\/www.meslibellules.fr\/blog\/wp-content\/uploads\/Chlamydosaurus-kingii-1536x802.webp 1536w\" data-sizes=\"(max-width: 1924px) 100vw, 1924px\" src=\"data:image\/svg+xml;base64,PHN2ZyB3aWR0aD0iMSIgaGVpZ2h0PSIxIiB4bWxucz0iaHR0cDovL3d3dy53My5vcmcvMjAwMC9zdmciPjwvc3ZnPg==\" style=\"--smush-placeholder-width: 1924px; --smush-placeholder-aspect-ratio: 1924\/1004;\" \/><\/a><\/figure>\n<figcaption class=\"blocks-gallery-caption wp-element-caption\">Trapelus sanguinolentus, Ouzb\u00e9kistan, Lac Aydar, 20\/07\/2008<br>L\u00e9zard \u00e0 Collerette Chlamydosaurus kingii, Australie (NT), Lietchfield Park, 15\/04\/202<\/figcaption><\/figure>\n\n\n\n<figure class=\"wp-block-gallery has-nested-images columns-default wp-block-gallery-8 is-layout-flex wp-block-gallery-is-layout-flex\">\n<figure class=\"wp-block-image size-large\"><a href=\"https:\/\/www.meslibellules.fr\/blog\/wp-content\/uploads\/Tropicagama-temporalis-1.webp\"><img decoding=\"async\" width=\"1711\" height=\"1004\" data-id=\"11755\" data-src=\"https:\/\/www.meslibellules.fr\/blog\/wp-content\/uploads\/Tropicagama-temporalis-1.webp\" alt=\"Tropicagama temporalis, Australie (NT), Howard Springs, 04\/05\/2022\" class=\"wp-image-11755 lazyload\" data-srcset=\"https:\/\/www.meslibellules.fr\/blog\/wp-content\/uploads\/Tropicagama-temporalis-1.webp 1711w, https:\/\/www.meslibellules.fr\/blog\/wp-content\/uploads\/Tropicagama-temporalis-1-768x451.webp 768w, https:\/\/www.meslibellules.fr\/blog\/wp-content\/uploads\/Tropicagama-temporalis-1-1536x901.webp 1536w\" data-sizes=\"(max-width: 1711px) 100vw, 1711px\" src=\"data:image\/svg+xml;base64,PHN2ZyB3aWR0aD0iMSIgaGVpZ2h0PSIxIiB4bWxucz0iaHR0cDovL3d3dy53My5vcmcvMjAwMC9zdmciPjwvc3ZnPg==\" style=\"--smush-placeholder-width: 1711px; --smush-placeholder-aspect-ratio: 1711\/1004;\" \/><\/a><\/figure>\n\n\n\n<figure class=\"wp-block-image size-large\"><a href=\"https:\/\/www.meslibellules.fr\/blog\/wp-content\/uploads\/Tropicagama-temporalis-2.webp\"><img decoding=\"async\" width=\"1412\" height=\"1204\" data-id=\"11756\" data-src=\"https:\/\/www.meslibellules.fr\/blog\/wp-content\/uploads\/Tropicagama-temporalis-2.webp\" alt=\"Tropicagama temporalis, Australie (NT), Howard Springs, 04\/05\/2022\" class=\"wp-image-11756 lazyload\" data-srcset=\"https:\/\/www.meslibellules.fr\/blog\/wp-content\/uploads\/Tropicagama-temporalis-2.webp 1412w, https:\/\/www.meslibellules.fr\/blog\/wp-content\/uploads\/Tropicagama-temporalis-2-768x655.webp 768w\" data-sizes=\"(max-width: 1412px) 100vw, 1412px\" src=\"data:image\/svg+xml;base64,PHN2ZyB3aWR0aD0iMSIgaGVpZ2h0PSIxIiB4bWxucz0iaHR0cDovL3d3dy53My5vcmcvMjAwMC9zdmciPjwvc3ZnPg==\" style=\"--smush-placeholder-width: 1412px; --smush-placeholder-aspect-ratio: 1412\/1204;\" \/><\/a><\/figure>\n<figcaption class=\"blocks-gallery-caption wp-element-caption\">Tropicagama temporalis, Australie (NT), Howard Springs, 04\/05\/2022<\/figcaption><\/figure>\n\n\n\n<figure class=\"wp-block-gallery aligncenter has-nested-images columns-default wp-block-gallery-9 is-layout-flex wp-block-gallery-is-layout-flex\">\n<figure class=\"wp-block-image size-full\"><a href=\"https:\/\/www.meslibellules.fr\/blog\/wp-content\/uploads\/Holocus-festivus.webp\"><img decoding=\"async\" width=\"1445\" height=\"1204\" data-id=\"14105\" data-src=\"https:\/\/www.meslibellules.fr\/blog\/wp-content\/uploads\/Holocus-festivus.webp\" alt=\"Holocus festivus, Central American whiptail, Costa Rica, Tortugueros, 26\/03\/2013\" class=\"wp-image-14105 lazyload\" data-srcset=\"https:\/\/www.meslibellules.fr\/blog\/wp-content\/uploads\/Holocus-festivus.webp 1445w, https:\/\/www.meslibellules.fr\/blog\/wp-content\/uploads\/Holocus-festivus-768x640.webp 768w\" data-sizes=\"(max-width: 1445px) 100vw, 1445px\" src=\"data:image\/svg+xml;base64,PHN2ZyB3aWR0aD0iMSIgaGVpZ2h0PSIxIiB4bWxucz0iaHR0cDovL3d3dy53My5vcmcvMjAwMC9zdmciPjwvc3ZnPg==\" style=\"--smush-placeholder-width: 1445px; --smush-placeholder-aspect-ratio: 1445\/1204;\" \/><\/a><\/figure>\n\n\n\n<figure class=\"wp-block-image size-full\"><a href=\"https:\/\/www.meslibellules.fr\/blog\/wp-content\/uploads\/Couleuvre-viperine.webp\"><img decoding=\"async\" width=\"1458\" height=\"1204\" data-id=\"11734\" data-src=\"https:\/\/www.meslibellules.fr\/blog\/wp-content\/uploads\/Couleuvre-viperine.webp\" alt=\"Couleuvre vip\u00e9rine, Natrix maura, Beaupr\u00e9au (F-49), les Ongl\u00e9es, 28\/05\/2021\" class=\"wp-image-11734 lazyload\" data-srcset=\"https:\/\/www.meslibellules.fr\/blog\/wp-content\/uploads\/Couleuvre-viperine.webp 1458w, https:\/\/www.meslibellules.fr\/blog\/wp-content\/uploads\/Couleuvre-viperine-768x634.webp 768w\" data-sizes=\"(max-width: 1458px) 100vw, 1458px\" src=\"data:image\/svg+xml;base64,PHN2ZyB3aWR0aD0iMSIgaGVpZ2h0PSIxIiB4bWxucz0iaHR0cDovL3d3dy53My5vcmcvMjAwMC9zdmciPjwvc3ZnPg==\" style=\"--smush-placeholder-width: 1458px; --smush-placeholder-aspect-ratio: 1458\/1204;\" \/><\/a><\/figure>\n\n\n\n<figure class=\"wp-block-image size-full\"><a href=\"https:\/\/www.meslibellules.fr\/blog\/wp-content\/uploads\/Lezard-des-murailles.webp\"><img decoding=\"async\" width=\"1269\" height=\"1204\" data-id=\"16956\" data-src=\"https:\/\/www.meslibellules.fr\/blog\/wp-content\/uploads\/Lezard-des-murailles.webp\" alt=\"L\u00e9zard des murailles, Podarcis muralis, Sort-en-Chalosse (F-40), 26\/06\/2023\" class=\"wp-image-16956 lazyload\" data-srcset=\"https:\/\/www.meslibellules.fr\/blog\/wp-content\/uploads\/Lezard-des-murailles.webp 1269w, https:\/\/www.meslibellules.fr\/blog\/wp-content\/uploads\/Lezard-des-murailles-768x729.webp 768w\" data-sizes=\"(max-width: 1269px) 100vw, 1269px\" src=\"data:image\/svg+xml;base64,PHN2ZyB3aWR0aD0iMSIgaGVpZ2h0PSIxIiB4bWxucz0iaHR0cDovL3d3dy53My5vcmcvMjAwMC9zdmciPjwvc3ZnPg==\" style=\"--smush-placeholder-width: 1269px; --smush-placeholder-aspect-ratio: 1269\/1204;\" \/><\/a><\/figure>\n<figcaption class=\"blocks-gallery-caption wp-element-caption\">Holocus festivus, Central American whiptail, Costa Rica, Tortugueros, 26\/03\/2013<br>Couleuvre vip\u00e9rine, Natrix maura, Beaupr\u00e9au (F-49), les Ongl\u00e9es, 28\/05\/2021<br>L\u00e9zard des murailles, Podarcis muralis, Sort-en-Chalosse (F-40), 26\/06\/2023<\/figcaption><\/figure>\n\n\n\n<figure class=\"wp-block-gallery aligncenter has-nested-images columns-default wp-block-gallery-10 is-layout-flex wp-block-gallery-is-layout-flex\">\n<figure class=\"wp-block-image size-full\"><a href=\"https:\/\/www.meslibellules.fr\/blog\/wp-content\/uploads\/Mayuba-a-points-noirs.webp\"><img decoding=\"async\" width=\"1238\" height=\"760\" data-id=\"16425\" data-src=\"https:\/\/www.meslibellules.fr\/blog\/wp-content\/uploads\/Mayuba-a-points-noirs.webp\" alt=\"Mayuba \u00e0 points noirs, Copeoglossum nigropunctatum, P\u00e9rou, Chino - ARC, 19\/08\/2023\" class=\"wp-image-16425 lazyload\" data-srcset=\"https:\/\/www.meslibellules.fr\/blog\/wp-content\/uploads\/Mayuba-a-points-noirs.webp 1238w, https:\/\/www.meslibellules.fr\/blog\/wp-content\/uploads\/Mayuba-a-points-noirs-768x471.webp 768w\" data-sizes=\"(max-width: 1238px) 100vw, 1238px\" src=\"data:image\/svg+xml;base64,PHN2ZyB3aWR0aD0iMSIgaGVpZ2h0PSIxIiB4bWxucz0iaHR0cDovL3d3dy53My5vcmcvMjAwMC9zdmciPjwvc3ZnPg==\" style=\"--smush-placeholder-width: 1238px; --smush-placeholder-aspect-ratio: 1238\/760;\" \/><\/a><\/figure>\n\n\n\n<figure class=\"wp-block-image size-full\"><a href=\"https:\/\/www.meslibellules.fr\/blog\/wp-content\/uploads\/Dipsas-a-nuque-rouge.webp\"><img decoding=\"async\" width=\"2033\" height=\"1204\" data-id=\"16967\" data-src=\"https:\/\/www.meslibellules.fr\/blog\/wp-content\/uploads\/Dipsas-a-nuque-rouge.webp\" alt=\"Dipsas \u00e0 nuque rouge, Dipsas catesbyi, Colombie, Calanoa, 20\/03\/2017\" class=\"wp-image-16967 lazyload\" data-srcset=\"https:\/\/www.meslibellules.fr\/blog\/wp-content\/uploads\/Dipsas-a-nuque-rouge.webp 2033w, https:\/\/www.meslibellules.fr\/blog\/wp-content\/uploads\/Dipsas-a-nuque-rouge-768x455.webp 768w, https:\/\/www.meslibellules.fr\/blog\/wp-content\/uploads\/Dipsas-a-nuque-rouge-1536x910.webp 1536w\" data-sizes=\"(max-width: 2033px) 100vw, 2033px\" src=\"data:image\/svg+xml;base64,PHN2ZyB3aWR0aD0iMSIgaGVpZ2h0PSIxIiB4bWxucz0iaHR0cDovL3d3dy53My5vcmcvMjAwMC9zdmciPjwvc3ZnPg==\" style=\"--smush-placeholder-width: 2033px; --smush-placeholder-aspect-ratio: 2033\/1204;\" \/><\/a><\/figure>\n\n\n\n<figure class=\"wp-block-image size-full\"><a href=\"https:\/\/www.meslibellules.fr\/blog\/wp-content\/uploads\/Gonatode-des-carbets.webp\"><img decoding=\"async\" width=\"1702\" height=\"1204\" data-id=\"16973\" data-src=\"https:\/\/www.meslibellules.fr\/blog\/wp-content\/uploads\/Gonatode-des-carbets.webp\" alt=\"Gonatode des carbets, Gonatodes humeralis, Colombie, Calanoa, 21\/03\/2017\" class=\"wp-image-16973 lazyload\" data-srcset=\"https:\/\/www.meslibellules.fr\/blog\/wp-content\/uploads\/Gonatode-des-carbets.webp 1702w, https:\/\/www.meslibellules.fr\/blog\/wp-content\/uploads\/Gonatode-des-carbets-768x543.webp 768w, https:\/\/www.meslibellules.fr\/blog\/wp-content\/uploads\/Gonatode-des-carbets-1536x1087.webp 1536w\" data-sizes=\"(max-width: 1702px) 100vw, 1702px\" src=\"data:image\/svg+xml;base64,PHN2ZyB3aWR0aD0iMSIgaGVpZ2h0PSIxIiB4bWxucz0iaHR0cDovL3d3dy53My5vcmcvMjAwMC9zdmciPjwvc3ZnPg==\" style=\"--smush-placeholder-width: 1702px; --smush-placeholder-aspect-ratio: 1702\/1204;\" \/><\/a><\/figure>\n<figcaption class=\"blocks-gallery-caption wp-element-caption\">Mayuba \u00e0 points noirs, Copeoglossum nigropunctatum, P\u00e9rou, Chino &#8211; ARC, 19\/08\/2023<br>Dipsas \u00e0 nuque rouge, Dipsas catesbyi, Colombie, Calanoa, 20\/03\/2017<br>Gonatode des carbets, Gonatodes humeralis, Colombie, Calanoa, 21\/03\/2017<\/figcaption><\/figure>\n\n\n\n<figure class=\"wp-block-gallery has-nested-images columns-default is-cropped wp-block-gallery-11 is-layout-flex wp-block-gallery-is-layout-flex\">\n<figure class=\"wp-block-image size-full\"><a href=\"https:\/\/www.meslibellules.fr\/blog\/wp-content\/uploads\/Python-tachete.webp\"><img decoding=\"async\" width=\"1942\" height=\"1204\" data-id=\"16454\" data-src=\"https:\/\/www.meslibellules.fr\/blog\/wp-content\/uploads\/Python-tachete.webp\" alt=\"Python tachet\u00e9, Antaresia maculosa, Australie, Queensland, Crystal Cascades, 03\/12\/2022\" class=\"wp-image-16454 lazyload\" data-srcset=\"https:\/\/www.meslibellules.fr\/blog\/wp-content\/uploads\/Python-tachete.webp 1942w, https:\/\/www.meslibellules.fr\/blog\/wp-content\/uploads\/Python-tachete-768x476.webp 768w, https:\/\/www.meslibellules.fr\/blog\/wp-content\/uploads\/Python-tachete-1536x952.webp 1536w\" data-sizes=\"(max-width: 1942px) 100vw, 1942px\" src=\"data:image\/svg+xml;base64,PHN2ZyB3aWR0aD0iMSIgaGVpZ2h0PSIxIiB4bWxucz0iaHR0cDovL3d3dy53My5vcmcvMjAwMC9zdmciPjwvc3ZnPg==\" style=\"--smush-placeholder-width: 1942px; --smush-placeholder-aspect-ratio: 1942\/1204;\" \/><\/a><\/figure>\n\n\n\n<figure class=\"wp-block-image size-full\"><a href=\"https:\/\/www.meslibellules.fr\/blog\/wp-content\/uploads\/Concinnia-sp.webp\"><img decoding=\"async\" width=\"1804\" height=\"1204\" data-id=\"16456\" data-src=\"https:\/\/www.meslibellules.fr\/blog\/wp-content\/uploads\/Concinnia-sp.webp\" alt=\"Concinnia sp., Australie, Queensland, Emerald Creek Falls, 05\/12\/2022\" class=\"wp-image-16456 lazyload\" data-srcset=\"https:\/\/www.meslibellules.fr\/blog\/wp-content\/uploads\/Concinnia-sp.webp 1804w, https:\/\/www.meslibellules.fr\/blog\/wp-content\/uploads\/Concinnia-sp-768x513.webp 768w, https:\/\/www.meslibellules.fr\/blog\/wp-content\/uploads\/Concinnia-sp-1536x1025.webp 1536w\" data-sizes=\"(max-width: 1804px) 100vw, 1804px\" src=\"data:image\/svg+xml;base64,PHN2ZyB3aWR0aD0iMSIgaGVpZ2h0PSIxIiB4bWxucz0iaHR0cDovL3d3dy53My5vcmcvMjAwMC9zdmciPjwvc3ZnPg==\" style=\"--smush-placeholder-width: 1804px; --smush-placeholder-aspect-ratio: 1804\/1204;\" \/><\/a><\/figure>\n<figcaption class=\"blocks-gallery-caption wp-element-caption\">Python tachet\u00e9, Antaresia maculosa, Australie, Queensland,  Crystal Cascades, 03\/12\/2022<br>Concinnia sp., Australie, Queensland, Emerald Creek Falls, 05\/12\/2022<\/figcaption><\/figure>\n\n\n\n<figure class=\"wp-block-gallery aligncenter has-nested-images columns-default wp-block-gallery-12 is-layout-flex wp-block-gallery-is-layout-flex\">\n<figure class=\"wp-block-image size-full\"><a href=\"https:\/\/www.meslibellules.fr\/blog\/wp-content\/uploads\/Calotes-calotes.webp\"><img decoding=\"async\" width=\"1344\" height=\"1204\" data-id=\"16505\" data-src=\"https:\/\/www.meslibellules.fr\/blog\/wp-content\/uploads\/Calotes-calotes.webp\" alt=\"Calotes calotes, Agamidae, Buduruwagala, Sri Lanka, 12\/10\/2011\" class=\"wp-image-16505 lazyload\" style=\"--smush-placeholder-width: 1344px; --smush-placeholder-aspect-ratio: 1344\/1204;aspect-ratio:1.1162790697674418\" data-srcset=\"https:\/\/www.meslibellules.fr\/blog\/wp-content\/uploads\/Calotes-calotes.webp 1344w, https:\/\/www.meslibellules.fr\/blog\/wp-content\/uploads\/Calotes-calotes-768x688.webp 768w\" data-sizes=\"(max-width: 1344px) 100vw, 1344px\" src=\"data:image\/svg+xml;base64,PHN2ZyB3aWR0aD0iMSIgaGVpZ2h0PSIxIiB4bWxucz0iaHR0cDovL3d3dy53My5vcmcvMjAwMC9zdmciPjwvc3ZnPg==\" \/><\/a><\/figure>\n\n\n\n<figure class=\"wp-block-image size-full\"><a href=\"https:\/\/www.meslibellules.fr\/blog\/wp-content\/uploads\/Varan-de-Mertens.webp\"><img decoding=\"async\" width=\"1256\" height=\"1204\" data-id=\"16701\" data-src=\"https:\/\/www.meslibellules.fr\/blog\/wp-content\/uploads\/Varan-de-Mertens.webp\" alt=\"Varan de Mertens, Varanus mertensi, Australie (NT), Bulley Rockhole, 16\/04\/2022\" class=\"wp-image-16701 lazyload\" data-srcset=\"https:\/\/www.meslibellules.fr\/blog\/wp-content\/uploads\/Varan-de-Mertens.webp 1256w, https:\/\/www.meslibellules.fr\/blog\/wp-content\/uploads\/Varan-de-Mertens-768x736.webp 768w\" data-sizes=\"(max-width: 1256px) 100vw, 1256px\" src=\"data:image\/svg+xml;base64,PHN2ZyB3aWR0aD0iMSIgaGVpZ2h0PSIxIiB4bWxucz0iaHR0cDovL3d3dy53My5vcmcvMjAwMC9zdmciPjwvc3ZnPg==\" style=\"--smush-placeholder-width: 1256px; --smush-placeholder-aspect-ratio: 1256\/1204;\" \/><\/a><\/figure>\n\n\n\n<figure class=\"wp-block-image size-full\"><a href=\"https:\/\/www.meslibellules.fr\/blog\/wp-content\/uploads\/Cobra-cracheur-du-Mozambique.webp\"><img decoding=\"async\" width=\"1227\" height=\"1204\" data-id=\"17209\" data-src=\"https:\/\/www.meslibellules.fr\/blog\/wp-content\/uploads\/Cobra-cracheur-du-Mozambique.webp\" alt=\"Cobra cracheur du Mozambique, Kavango East Region, 12\/02\/2020\" class=\"wp-image-17209 lazyload\" data-srcset=\"https:\/\/www.meslibellules.fr\/blog\/wp-content\/uploads\/Cobra-cracheur-du-Mozambique.webp 1227w, https:\/\/www.meslibellules.fr\/blog\/wp-content\/uploads\/Cobra-cracheur-du-Mozambique-768x754.webp 768w\" data-sizes=\"(max-width: 1227px) 100vw, 1227px\" src=\"data:image\/svg+xml;base64,PHN2ZyB3aWR0aD0iMSIgaGVpZ2h0PSIxIiB4bWxucz0iaHR0cDovL3d3dy53My5vcmcvMjAwMC9zdmciPjwvc3ZnPg==\" style=\"--smush-placeholder-width: 1227px; --smush-placeholder-aspect-ratio: 1227\/1204;\" \/><\/a><\/figure>\n<figcaption class=\"blocks-gallery-caption wp-element-caption\">Calotes calotes, Agamidae, Buduruwagala, Sri Lanka, 12\/10\/2011<br>Varan de Mertens, Varanus mertensi, Australie (NT), Bulley Rockhole, 16\/04\/2022<br>Cobra cracheur du Mozambique, Kavango East Region, 12\/02\/2020<\/figcaption><\/figure>\n\n\n\n<figure class=\"wp-block-gallery aligncenter has-nested-images columns-default wp-block-gallery-13 is-layout-flex wp-block-gallery-is-layout-flex\">\n<figure class=\"wp-block-image size-full\"><a href=\"https:\/\/www.meslibellules.fr\/blog\/wp-content\/uploads\/Vipere-de-la-mort.webp\"><img decoding=\"async\" width=\"1433\" height=\"1204\" data-id=\"16833\" data-src=\"https:\/\/www.meslibellules.fr\/blog\/wp-content\/uploads\/Vipere-de-la-mort.webp\" alt=\"Vip\u00e8re de l amort, Acanthopis antarticus, Australie (FNQld), Dinden National Park, 08\/12\/2022\" class=\"wp-image-16833 lazyload\" style=\"--smush-placeholder-width: 1433px; --smush-placeholder-aspect-ratio: 1433\/1204;aspect-ratio:1.1901993355481728\" data-srcset=\"https:\/\/www.meslibellules.fr\/blog\/wp-content\/uploads\/Vipere-de-la-mort.webp 1433w, https:\/\/www.meslibellules.fr\/blog\/wp-content\/uploads\/Vipere-de-la-mort-768x645.webp 768w\" data-sizes=\"(max-width: 1433px) 100vw, 1433px\" src=\"data:image\/svg+xml;base64,PHN2ZyB3aWR0aD0iMSIgaGVpZ2h0PSIxIiB4bWxucz0iaHR0cDovL3d3dy53My5vcmcvMjAwMC9zdmciPjwvc3ZnPg==\" \/><\/a><\/figure>\n\n\n\n<figure class=\"wp-block-image size-full\"><a href=\"https:\/\/www.meslibellules.fr\/blog\/wp-content\/uploads\/Gehyra-australis.webp\"><img decoding=\"async\" width=\"1587\" height=\"1204\" data-id=\"16705\" data-src=\"https:\/\/www.meslibellules.fr\/blog\/wp-content\/uploads\/Gehyra-australis.webp\" alt=\"Gehyra australis, Australie (NT), Nitmiluk, 18\/04\/2022\" class=\"wp-image-16705 lazyload\" data-srcset=\"https:\/\/www.meslibellules.fr\/blog\/wp-content\/uploads\/Gehyra-australis.webp 1587w, https:\/\/www.meslibellules.fr\/blog\/wp-content\/uploads\/Gehyra-australis-768x583.webp 768w, https:\/\/www.meslibellules.fr\/blog\/wp-content\/uploads\/Gehyra-australis-1536x1165.webp 1536w\" data-sizes=\"(max-width: 1587px) 100vw, 1587px\" src=\"data:image\/svg+xml;base64,PHN2ZyB3aWR0aD0iMSIgaGVpZ2h0PSIxIiB4bWxucz0iaHR0cDovL3d3dy53My5vcmcvMjAwMC9zdmciPjwvc3ZnPg==\" style=\"--smush-placeholder-width: 1587px; --smush-placeholder-aspect-ratio: 1587\/1204;\" \/><\/a><\/figure>\n<figcaption class=\"blocks-gallery-caption wp-element-caption\">Vip\u00e8re de la mort, Acanthopis praelongus, Australie (FNQld), Dinden National Park, 08\/12\/2022<br>Gehyra australis, Australie (NT), Nitmiluk, 18\/04\/2022<\/figcaption><\/figure>\n\n\n\n<figure class=\"wp-block-gallery aligncenter has-nested-images columns-default wp-block-gallery-14 is-layout-flex wp-block-gallery-is-layout-flex\">\n<figure class=\"wp-block-image size-full\"><a href=\"https:\/\/www.meslibellules.fr\/blog\/wp-content\/uploads\/Oxybelis-vittatus.webp\"><img decoding=\"async\" width=\"1922\" height=\"1204\" data-id=\"16844\" data-src=\"https:\/\/www.meslibellules.fr\/blog\/wp-content\/uploads\/Oxybelis-vittatus.webp\" alt=\"Oxybelis vittatus, Colubridae, Panama, Canal area, 28\/08\/2012\" class=\"wp-image-16844 lazyload\" style=\"--smush-placeholder-width: 1922px; --smush-placeholder-aspect-ratio: 1922\/1204;aspect-ratio:1.5963455149501662\" data-srcset=\"https:\/\/www.meslibellules.fr\/blog\/wp-content\/uploads\/Oxybelis-vittatus.webp 1922w, https:\/\/www.meslibellules.fr\/blog\/wp-content\/uploads\/Oxybelis-vittatus-768x481.webp 768w, https:\/\/www.meslibellules.fr\/blog\/wp-content\/uploads\/Oxybelis-vittatus-1536x962.webp 1536w\" data-sizes=\"(max-width: 1922px) 100vw, 1922px\" src=\"data:image\/svg+xml;base64,PHN2ZyB3aWR0aD0iMSIgaGVpZ2h0PSIxIiB4bWxucz0iaHR0cDovL3d3dy53My5vcmcvMjAwMC9zdmciPjwvc3ZnPg==\" \/><\/a><\/figure>\n\n\n\n<figure class=\"wp-block-image size-full\"><a href=\"https:\/\/www.meslibellules.fr\/blog\/wp-content\/uploads\/Iguane-vert-2.webp\"><img decoding=\"async\" width=\"1986\" height=\"1204\" data-id=\"16932\" data-src=\"https:\/\/www.meslibellules.fr\/blog\/wp-content\/uploads\/Iguane-vert-2.webp\" alt=\"Iguane vert, Iguana iguana, Panama, Pipeline Road, 28\/12\/2012\" class=\"wp-image-16932 lazyload\" data-srcset=\"https:\/\/www.meslibellules.fr\/blog\/wp-content\/uploads\/Iguane-vert-2.webp 1986w, https:\/\/www.meslibellules.fr\/blog\/wp-content\/uploads\/Iguane-vert-2-768x466.webp 768w, https:\/\/www.meslibellules.fr\/blog\/wp-content\/uploads\/Iguane-vert-2-1536x931.webp 1536w\" data-sizes=\"(max-width: 1986px) 100vw, 1986px\" src=\"data:image\/svg+xml;base64,PHN2ZyB3aWR0aD0iMSIgaGVpZ2h0PSIxIiB4bWxucz0iaHR0cDovL3d3dy53My5vcmcvMjAwMC9zdmciPjwvc3ZnPg==\" style=\"--smush-placeholder-width: 1986px; --smush-placeholder-aspect-ratio: 1986\/1204;\" \/><\/a><\/figure>\n<figcaption class=\"blocks-gallery-caption wp-element-caption\">Oxybelis vittatus, Colubridae, Panama, Canal area, 28\/08\/2012<br>Iguane vert, Iguana iguana, Panama, Pipeline Road, 28\/12\/2012<\/figcaption><\/figure>\n\n\n\n<figure class=\"wp-block-gallery aligncenter has-nested-images columns-default is-cropped wp-block-gallery-15 is-layout-flex wp-block-gallery-is-layout-flex\">\n<figure class=\"wp-block-image size-large\"><a href=\"https:\/\/www.meslibellules.fr\/blog\/wp-content\/uploads\/Iguane-vert.webp\"><img decoding=\"async\" width=\"1194\" height=\"1204\" data-id=\"16933\" data-src=\"https:\/\/www.meslibellules.fr\/blog\/wp-content\/uploads\/Iguane-vert.webp\" alt=\"Iguane vert, Iguana iguana, Panama, Pipeline Road, 28\/12\/2012\" class=\"wp-image-16933 lazyload\" style=\"--smush-placeholder-width: 1194px; --smush-placeholder-aspect-ratio: 1194\/1204;aspect-ratio:0.9916943521594684\" data-srcset=\"https:\/\/www.meslibellules.fr\/blog\/wp-content\/uploads\/Iguane-vert.webp 1194w, https:\/\/www.meslibellules.fr\/blog\/wp-content\/uploads\/Iguane-vert-768x774.webp 768w, https:\/\/www.meslibellules.fr\/blog\/wp-content\/uploads\/Iguane-vert-150x150.webp 150w\" data-sizes=\"(max-width: 1194px) 100vw, 1194px\" src=\"data:image\/svg+xml;base64,PHN2ZyB3aWR0aD0iMSIgaGVpZ2h0PSIxIiB4bWxucz0iaHR0cDovL3d3dy53My5vcmcvMjAwMC9zdmciPjwvc3ZnPg==\" \/><\/a><\/figure>\n\n\n\n<figure class=\"wp-block-image size-large\"><a href=\"https:\/\/www.meslibellules.fr\/blog\/wp-content\/uploads\/Trimesesurus-lanna.webp\"><img decoding=\"async\" width=\"1344\" height=\"1504\" data-id=\"23465\" data-src=\"https:\/\/www.meslibellules.fr\/blog\/wp-content\/uploads\/Trimesesurus-lanna.webp\" alt=\"Trimesesurus lanna, Tha\u00eflande, Hua Sai Lueang Waterfall, 04\/06\/2024\" class=\"wp-image-23465 lazyload\" data-srcset=\"https:\/\/www.meslibellules.fr\/blog\/wp-content\/uploads\/Trimesesurus-lanna.webp 1344w, https:\/\/www.meslibellules.fr\/blog\/wp-content\/uploads\/Trimesesurus-lanna-768x859.webp 768w\" data-sizes=\"(max-width: 1344px) 100vw, 1344px\" src=\"data:image\/svg+xml;base64,PHN2ZyB3aWR0aD0iMSIgaGVpZ2h0PSIxIiB4bWxucz0iaHR0cDovL3d3dy53My5vcmcvMjAwMC9zdmciPjwvc3ZnPg==\" style=\"--smush-placeholder-width: 1344px; --smush-placeholder-aspect-ratio: 1344\/1504;\" \/><\/a><\/figure>\n<figcaption class=\"blocks-gallery-caption wp-element-caption\">Iguane vert, Iguana iguana, Panama, Pipeline Road, 28\/12\/2012 &#8211; Trimesesurus lanna, Tha\u00eflande, Hua Sai Lueang Waterfall, 04\/06\/2024<\/figcaption><\/figure>\n\n\n\n<figure class=\"wp-block-gallery has-nested-images columns-default is-cropped wp-block-gallery-16 is-layout-flex wp-block-gallery-is-layout-flex\">\n<figure class=\"wp-block-image size-full\"><a href=\"https:\/\/www.meslibellules.fr\/blog\/wp-content\/uploads\/Anolis-porcatus.webp\"><img decoding=\"async\" width=\"1597\" height=\"1204\" data-id=\"16993\" data-src=\"https:\/\/www.meslibellules.fr\/blog\/wp-content\/uploads\/Anolis-porcatus.webp\" alt=\"Cuban green anole, Anolis porcatus, Cuba, Santiago de Cuba, 11\/11\/2023\" class=\"wp-image-16993 lazyload\" data-srcset=\"https:\/\/www.meslibellules.fr\/blog\/wp-content\/uploads\/Anolis-porcatus.webp 1597w, https:\/\/www.meslibellules.fr\/blog\/wp-content\/uploads\/Anolis-porcatus-768x579.webp 768w, https:\/\/www.meslibellules.fr\/blog\/wp-content\/uploads\/Anolis-porcatus-1536x1158.webp 1536w\" data-sizes=\"(max-width: 1597px) 100vw, 1597px\" src=\"data:image\/svg+xml;base64,PHN2ZyB3aWR0aD0iMSIgaGVpZ2h0PSIxIiB4bWxucz0iaHR0cDovL3d3dy53My5vcmcvMjAwMC9zdmciPjwvc3ZnPg==\" style=\"--smush-placeholder-width: 1597px; --smush-placeholder-aspect-ratio: 1597\/1204;\" \/><\/a><\/figure>\n\n\n\n<figure class=\"wp-block-image size-full\"><a href=\"https:\/\/www.meslibellules.fr\/blog\/wp-content\/uploads\/Trimeresurus-macrops.webp\"><img decoding=\"async\" width=\"1586\" height=\"1204\" data-id=\"19885\" data-src=\"https:\/\/www.meslibellules.fr\/blog\/wp-content\/uploads\/Trimeresurus-macrops.webp\" alt=\"Trimeresurus macrops, Large-eyed Pit Viper, Tha\u00eflande, Chiang Mai, 26\/05\/24\" class=\"wp-image-19885 lazyload\" data-srcset=\"https:\/\/www.meslibellules.fr\/blog\/wp-content\/uploads\/Trimeresurus-macrops.webp 1586w, https:\/\/www.meslibellules.fr\/blog\/wp-content\/uploads\/Trimeresurus-macrops-768x583.webp 768w, https:\/\/www.meslibellules.fr\/blog\/wp-content\/uploads\/Trimeresurus-macrops-1536x1166.webp 1536w\" data-sizes=\"(max-width: 1586px) 100vw, 1586px\" src=\"data:image\/svg+xml;base64,PHN2ZyB3aWR0aD0iMSIgaGVpZ2h0PSIxIiB4bWxucz0iaHR0cDovL3d3dy53My5vcmcvMjAwMC9zdmciPjwvc3ZnPg==\" style=\"--smush-placeholder-width: 1586px; --smush-placeholder-aspect-ratio: 1586\/1204;\" \/><\/a><\/figure>\n<figcaption class=\"blocks-gallery-caption wp-element-caption\">Cuban green anole, Anolis porcatus, Cuba, Santiago de Cuba, 11\/11\/2023<br>Trimeresurus macrops, Large-eyed Pit Viper, Tha\u00eflande, Chiang Mai,  26\/05\/24<\/figcaption><\/figure>\n\n\n\n<figure class=\"wp-block-gallery aligncenter has-nested-images columns-default is-cropped wp-block-gallery-17 is-layout-flex wp-block-gallery-is-layout-flex\">\n<figure class=\"wp-block-image size-full\"><a href=\"https:\/\/www.meslibellules.fr\/blog\/wp-content\/uploads\/Ahaetulla-fusca-Indochinese-long-nosed-whipsnake.webp\"><img decoding=\"async\" width=\"2406\" height=\"1204\" data-id=\"19887\" data-src=\"https:\/\/www.meslibellules.fr\/blog\/wp-content\/uploads\/Ahaetulla-fusca-Indochinese-long-nosed-whipsnake.webp\" alt=\"Ahaetulla fusca, Indochinese long-nosed whipsnake, Tha\u00eflande, Chiang Mai, Montha Than Waterfall, 30\/05\/2024\" class=\"wp-image-19887 lazyload\" data-srcset=\"https:\/\/www.meslibellules.fr\/blog\/wp-content\/uploads\/Ahaetulla-fusca-Indochinese-long-nosed-whipsnake.webp 2406w, https:\/\/www.meslibellules.fr\/blog\/wp-content\/uploads\/Ahaetulla-fusca-Indochinese-long-nosed-whipsnake-768x384.webp 768w, https:\/\/www.meslibellules.fr\/blog\/wp-content\/uploads\/Ahaetulla-fusca-Indochinese-long-nosed-whipsnake-1536x769.webp 1536w, https:\/\/www.meslibellules.fr\/blog\/wp-content\/uploads\/Ahaetulla-fusca-Indochinese-long-nosed-whipsnake-2048x1025.webp 2048w\" data-sizes=\"(max-width: 2406px) 100vw, 2406px\" src=\"data:image\/svg+xml;base64,PHN2ZyB3aWR0aD0iMSIgaGVpZ2h0PSIxIiB4bWxucz0iaHR0cDovL3d3dy53My5vcmcvMjAwMC9zdmciPjwvc3ZnPg==\" style=\"--smush-placeholder-width: 2406px; --smush-placeholder-aspect-ratio: 2406\/1204;\" \/><\/a><\/figure>\n\n\n\n<figure class=\"wp-block-image size-full\"><a href=\"https:\/\/www.meslibellules.fr\/blog\/wp-content\/uploads\/Calotes-goetzi-scaled.webp\"><img decoding=\"async\" width=\"2560\" height=\"1409\" data-id=\"23149\" data-src=\"https:\/\/www.meslibellules.fr\/blog\/wp-content\/uploads\/Calotes-goetzi-scaled.webp\" alt=\"Calotes goetzi, Tha\u00eflande, Chiang Mai, Ang Kaeo Reservoir, 31\/05\/2024\" class=\"wp-image-23149 lazyload\" data-srcset=\"https:\/\/www.meslibellules.fr\/blog\/wp-content\/uploads\/Calotes-goetzi-scaled.webp 2560w, https:\/\/www.meslibellules.fr\/blog\/wp-content\/uploads\/Calotes-goetzi-768x423.webp 768w, https:\/\/www.meslibellules.fr\/blog\/wp-content\/uploads\/Calotes-goetzi-1536x846.webp 1536w, https:\/\/www.meslibellules.fr\/blog\/wp-content\/uploads\/Calotes-goetzi-2048x1127.webp 2048w\" data-sizes=\"(max-width: 2560px) 100vw, 2560px\" src=\"data:image\/svg+xml;base64,PHN2ZyB3aWR0aD0iMSIgaGVpZ2h0PSIxIiB4bWxucz0iaHR0cDovL3d3dy53My5vcmcvMjAwMC9zdmciPjwvc3ZnPg==\" style=\"--smush-placeholder-width: 2560px; --smush-placeholder-aspect-ratio: 2560\/1409;\" \/><\/a><\/figure>\n<figcaption class=\"blocks-gallery-caption wp-element-caption\">Ahaetulla fusca, Indochinese long-nosed whipsnake, Tha\u00eflande, Chiang Mai, Montha Than Waterfall, 30\/05\/2024<br>Calotes goetzi, Tha\u00eflande, Chiang Mai, Ang Kaeo Reservoir, 31\/05\/2024<\/figcaption><\/figure>\n\n\n\n<figure class=\"wp-block-image aligncenter size-full is-resized\"><a href=\"https:\/\/www.meslibellules.fr\/blog\/wp-content\/uploads\/Agame-arlequin.webp\"><img decoding=\"async\" width=\"1983\" height=\"1204\" data-src=\"https:\/\/www.meslibellules.fr\/blog\/wp-content\/uploads\/Agame-arlequin.webp\" alt=\"Agame arlequin, Calotes versicolor, Tha\u00eflande, lodge Chom Thong, 04\/06\/2024\" class=\"wp-image-23506 lazyload\" style=\"--smush-placeholder-width: 1983px; --smush-placeholder-aspect-ratio: 1983\/1204;width:548px;height:auto\" data-srcset=\"https:\/\/www.meslibellules.fr\/blog\/wp-content\/uploads\/Agame-arlequin.webp 1983w, https:\/\/www.meslibellules.fr\/blog\/wp-content\/uploads\/Agame-arlequin-768x466.webp 768w, https:\/\/www.meslibellules.fr\/blog\/wp-content\/uploads\/Agame-arlequin-1536x933.webp 1536w\" data-sizes=\"(max-width: 1983px) 100vw, 1983px\" src=\"data:image\/svg+xml;base64,PHN2ZyB3aWR0aD0iMSIgaGVpZ2h0PSIxIiB4bWxucz0iaHR0cDovL3d3dy53My5vcmcvMjAwMC9zdmciPjwvc3ZnPg==\" \/><\/a><figcaption class=\"wp-element-caption\">Agame arlequin, Calotes versicolor, Tha\u00eflande, lodge Chom Thong, 04\/06\/2024<\/figcaption><\/figure>\n","protected":false},"excerpt":{"rendered":"","protected":false},"author":1,"featured_media":0,"comment_status":"open","ping_status":"open","sticky":false,"template":"","format":"image","meta":{"site-sidebar-layout":"default","site-content-layout":"","ast-site-content-layout":"default","site-content-style":"default","site-sidebar-style":"default","ast-global-header-display":"","ast-banner-title-visibility":"","ast-main-header-display":"","ast-hfb-above-header-display":"","ast-hfb-below-header-display":"","ast-hfb-mobile-header-display":"","site-post-title":"","ast-breadcrumbs-content":"","ast-featured-img":"","footer-sml-layout":"","ast-disable-related-posts":"","theme-transparent-header-meta":"","adv-header-id-meta":"","stick-header-meta":"","header-above-stick-meta":"","header-main-stick-meta":"","header-below-stick-meta":"","astra-migrate-meta-layouts":"set","ast-page-background-enabled":"default","ast-page-background-meta":{"desktop":{"background-color":"var(--ast-global-color-4)","background-image":"","background-repeat":"repeat","background-position":"center center","background-size":"auto","background-attachment":"scroll","background-type":"","background-media":"","overlay-type":"","overlay-color":"","overlay-opacity":"","overlay-gradient":""},"tablet":{"background-color":"","background-image":"","background-repeat":"repeat","background-position":"center center","background-size":"auto","background-attachment":"scroll","background-type":"","background-media":"","overlay-type":"","overlay-color":"","overlay-opacity":"","overlay-gradient":""},"mobile":{"background-color":"","background-image":"","background-repeat":"repeat","background-position":"center center","background-size":"auto","background-attachment":"scroll","background-type":"","background-media":"","overlay-type":"","overlay-color":"","overlay-opacity":"","overlay-gradient":""}},"ast-content-background-meta":{"desktop":{"background-color":"var(--ast-global-color-5)","background-image":"","background-repeat":"repeat","background-position":"center center","background-size":"auto","background-attachment":"scroll","background-type":"","background-media":"","overlay-type":"","overlay-color":"","overlay-opacity":"","overlay-gradient":""},"tablet":{"background-color":"var(--ast-global-color-5)","background-image":"","background-repeat":"repeat","background-position":"center center","background-size":"auto","background-attachment":"scroll","background-type":"","background-media":"","overlay-type":"","overlay-color":"","overlay-opacity":"","overlay-gradient":""},"mobile":{"background-color":"var(--ast-global-color-5)","background-image":"","background-repeat":"repeat","background-position":"center center","background-size":"auto","background-attachment":"scroll","background-type":"","background-media":"","overlay-type":"","overlay-color":"","overlay-opacity":"","overlay-gradient":""}},"footnotes":""},"categories":[1],"tags":[],"class_list":["post-11458","post","type-post","status-publish","format-image","hentry","category-non-classe","post_format-post-format-image"],"yoast_head":"<!-- This site is optimized with the Yoast SEO plugin v27.5 - https:\/\/yoast.com\/product\/yoast-seo-wordpress\/ -->\n<title>Reptiles - Mes Libellules<\/title>\n<meta name=\"description\" content=\"Reptiles\" \/>\n<meta name=\"robots\" content=\"index, follow, max-snippet:-1, max-image-preview:large, max-video-preview:-1\" \/>\n<link rel=\"canonical\" href=\"https:\/\/www.meslibellules.fr\/blog\/2023\/10\/23\/reptiles\/\" \/>\n<meta property=\"og:locale\" content=\"fr_FR\" \/>\n<meta property=\"og:type\" content=\"article\" \/>\n<meta property=\"og:title\" content=\"Reptiles - Mes Libellules\" \/>\n<meta property=\"og:description\" content=\"Reptiles\" \/>\n<meta property=\"og:url\" content=\"https:\/\/www.meslibellules.fr\/blog\/2023\/10\/23\/reptiles\/\" \/>\n<meta property=\"og:site_name\" content=\"Mes Libellules\" \/>\n<meta property=\"article:publisher\" content=\"https:\/\/www.facebook.com\/benoit.guillon.96\/\" \/>\n<meta property=\"article:author\" content=\"https:\/\/www.facebook.com\/benoit.guillon.96\/\" \/>\n<meta property=\"article:published_time\" content=\"2023-10-23T06:26:36+00:00\" \/>\n<meta property=\"article:modified_time\" content=\"2025-01-20T21:57:51+00:00\" \/>\n<meta property=\"og:image\" content=\"https:\/\/www.meslibellules.fr\/blog\/wp-content\/uploads\/Cameleon-Bilobe.webp\" \/>\n\t<meta property=\"og:image:width\" content=\"1204\" \/>\n\t<meta property=\"og:image:height\" content=\"1204\" \/>\n\t<meta property=\"og:image:type\" content=\"image\/webp\" \/>\n<meta name=\"author\" content=\"Beno\u00eet Guillon\" \/>\n<meta name=\"twitter:card\" content=\"summary_large_image\" \/>\n<meta name=\"twitter:label1\" content=\"\u00c9crit par\" \/>\n\t<meta name=\"twitter:data1\" content=\"Beno\u00eet Guillon\" \/>\n\t<meta name=\"twitter:label2\" content=\"Dur\u00e9e de lecture estim\u00e9e\" \/>\n\t<meta name=\"twitter:data2\" content=\"11 minutes\" \/>\n<script type=\"application\/ld+json\" class=\"yoast-schema-graph\">{\"@context\":\"https:\\\/\\\/schema.org\",\"@graph\":[{\"@type\":\"Article\",\"@id\":\"https:\\\/\\\/www.meslibellules.fr\\\/blog\\\/2023\\\/10\\\/23\\\/reptiles\\\/#article\",\"isPartOf\":{\"@id\":\"https:\\\/\\\/www.meslibellules.fr\\\/blog\\\/2023\\\/10\\\/23\\\/reptiles\\\/\"},\"author\":{\"name\":\"Beno\u00eet Guillon\",\"@id\":\"https:\\\/\\\/www.meslibellules.fr\\\/blog\\\/#\\\/schema\\\/person\\\/9aa3586f9dd053fcf329f43b8b053c77\"},\"headline\":\"Reptiles\",\"datePublished\":\"2023-10-23T06:26:36+00:00\",\"dateModified\":\"2025-01-20T21:57:51+00:00\",\"mainEntityOfPage\":{\"@id\":\"https:\\\/\\\/www.meslibellules.fr\\\/blog\\\/2023\\\/10\\\/23\\\/reptiles\\\/\"},\"wordCount\":333,\"commentCount\":0,\"publisher\":{\"@id\":\"https:\\\/\\\/www.meslibellules.fr\\\/blog\\\/#\\\/schema\\\/person\\\/9aa3586f9dd053fcf329f43b8b053c77\"},\"image\":{\"@id\":\"https:\\\/\\\/www.meslibellules.fr\\\/blog\\\/2023\\\/10\\\/23\\\/reptiles\\\/#primaryimage\"},\"thumbnailUrl\":\"https:\\\/\\\/www.meslibellules.fr\\\/blog\\\/wp-content\\\/uploads\\\/Cameleon-Bilobe.webp\",\"inLanguage\":\"fr-FR\",\"potentialAction\":[{\"@type\":\"CommentAction\",\"name\":\"Comment\",\"target\":[\"https:\\\/\\\/www.meslibellules.fr\\\/blog\\\/2023\\\/10\\\/23\\\/reptiles\\\/#respond\"]}]},{\"@type\":\"WebPage\",\"@id\":\"https:\\\/\\\/www.meslibellules.fr\\\/blog\\\/2023\\\/10\\\/23\\\/reptiles\\\/\",\"url\":\"https:\\\/\\\/www.meslibellules.fr\\\/blog\\\/2023\\\/10\\\/23\\\/reptiles\\\/\",\"name\":\"Reptiles - Mes Libellules\",\"isPartOf\":{\"@id\":\"https:\\\/\\\/www.meslibellules.fr\\\/blog\\\/#website\"},\"primaryImageOfPage\":{\"@id\":\"https:\\\/\\\/www.meslibellules.fr\\\/blog\\\/2023\\\/10\\\/23\\\/reptiles\\\/#primaryimage\"},\"image\":{\"@id\":\"https:\\\/\\\/www.meslibellules.fr\\\/blog\\\/2023\\\/10\\\/23\\\/reptiles\\\/#primaryimage\"},\"thumbnailUrl\":\"https:\\\/\\\/www.meslibellules.fr\\\/blog\\\/wp-content\\\/uploads\\\/Cameleon-Bilobe.webp\",\"datePublished\":\"2023-10-23T06:26:36+00:00\",\"dateModified\":\"2025-01-20T21:57:51+00:00\",\"description\":\"Reptiles\",\"breadcrumb\":{\"@id\":\"https:\\\/\\\/www.meslibellules.fr\\\/blog\\\/2023\\\/10\\\/23\\\/reptiles\\\/#breadcrumb\"},\"inLanguage\":\"fr-FR\",\"potentialAction\":[{\"@type\":\"ReadAction\",\"target\":[\"https:\\\/\\\/www.meslibellules.fr\\\/blog\\\/2023\\\/10\\\/23\\\/reptiles\\\/\"]}]},{\"@type\":\"ImageObject\",\"inLanguage\":\"fr-FR\",\"@id\":\"https:\\\/\\\/www.meslibellules.fr\\\/blog\\\/2023\\\/10\\\/23\\\/reptiles\\\/#primaryimage\",\"url\":\"https:\\\/\\\/www.meslibellules.fr\\\/blog\\\/wp-content\\\/uploads\\\/Cameleon-Bilobe.webp\",\"contentUrl\":\"https:\\\/\\\/www.meslibellules.fr\\\/blog\\\/wp-content\\\/uploads\\\/Cameleon-Bilobe.webp\"},{\"@type\":\"BreadcrumbList\",\"@id\":\"https:\\\/\\\/www.meslibellules.fr\\\/blog\\\/2023\\\/10\\\/23\\\/reptiles\\\/#breadcrumb\",\"itemListElement\":[{\"@type\":\"ListItem\",\"position\":1,\"name\":\"Accueil\",\"item\":\"https:\\\/\\\/www.meslibellules.fr\\\/blog\\\/\"},{\"@type\":\"ListItem\",\"position\":2,\"name\":\"Reptiles\"}]},{\"@type\":\"WebSite\",\"@id\":\"https:\\\/\\\/www.meslibellules.fr\\\/blog\\\/#website\",\"url\":\"https:\\\/\\\/www.meslibellules.fr\\\/blog\\\/\",\"name\":\"Mes Libellules\",\"description\":\"Pr\u00e9sentation des libellules rencontr\u00e9es dans le monde\",\"publisher\":{\"@id\":\"https:\\\/\\\/www.meslibellules.fr\\\/blog\\\/#\\\/schema\\\/person\\\/9aa3586f9dd053fcf329f43b8b053c77\"},\"potentialAction\":[{\"@type\":\"SearchAction\",\"target\":{\"@type\":\"EntryPoint\",\"urlTemplate\":\"https:\\\/\\\/www.meslibellules.fr\\\/blog\\\/?s={search_term_string}\"},\"query-input\":{\"@type\":\"PropertyValueSpecification\",\"valueRequired\":true,\"valueName\":\"search_term_string\"}}],\"inLanguage\":\"fr-FR\"},{\"@type\":[\"Person\",\"Organization\"],\"@id\":\"https:\\\/\\\/www.meslibellules.fr\\\/blog\\\/#\\\/schema\\\/person\\\/9aa3586f9dd053fcf329f43b8b053c77\",\"name\":\"Beno\u00eet Guillon\",\"image\":{\"@type\":\"ImageObject\",\"inLanguage\":\"fr-FR\",\"@id\":\"https:\\\/\\\/www.meslibellules.fr\\\/blog\\\/wp-content\\\/uploads\\\/cropped-avatar-150-pix.jpg\",\"url\":\"https:\\\/\\\/www.meslibellules.fr\\\/blog\\\/wp-content\\\/uploads\\\/cropped-avatar-150-pix.jpg\",\"contentUrl\":\"https:\\\/\\\/www.meslibellules.fr\\\/blog\\\/wp-content\\\/uploads\\\/cropped-avatar-150-pix.jpg\",\"width\":150,\"height\":137,\"caption\":\"Beno\u00eet Guillon\"},\"logo\":{\"@id\":\"https:\\\/\\\/www.meslibellules.fr\\\/blog\\\/wp-content\\\/uploads\\\/cropped-avatar-150-pix.jpg\"},\"sameAs\":[\"https:\\\/\\\/www.facebook.com\\\/benoit.guillon.96\\\/\"]}]}<\/script>\n<!-- \/ Yoast SEO plugin. -->","yoast_head_json":{"title":"Reptiles - Mes Libellules","description":"Reptiles","robots":{"index":"index","follow":"follow","max-snippet":"max-snippet:-1","max-image-preview":"max-image-preview:large","max-video-preview":"max-video-preview:-1"},"canonical":"https:\/\/www.meslibellules.fr\/blog\/2023\/10\/23\/reptiles\/","og_locale":"fr_FR","og_type":"article","og_title":"Reptiles - Mes Libellules","og_description":"Reptiles","og_url":"https:\/\/www.meslibellules.fr\/blog\/2023\/10\/23\/reptiles\/","og_site_name":"Mes Libellules","article_publisher":"https:\/\/www.facebook.com\/benoit.guillon.96\/","article_author":"https:\/\/www.facebook.com\/benoit.guillon.96\/","article_published_time":"2023-10-23T06:26:36+00:00","article_modified_time":"2025-01-20T21:57:51+00:00","og_image":[{"width":1204,"height":1204,"url":"https:\/\/www.meslibellules.fr\/blog\/wp-content\/uploads\/Cameleon-Bilobe.webp","type":"image\/webp"}],"author":"Beno\u00eet Guillon","twitter_card":"summary_large_image","twitter_misc":{"\u00c9crit par":"Beno\u00eet Guillon","Dur\u00e9e de lecture estim\u00e9e":"11 minutes"},"schema":{"@context":"https:\/\/schema.org","@graph":[{"@type":"Article","@id":"https:\/\/www.meslibellules.fr\/blog\/2023\/10\/23\/reptiles\/#article","isPartOf":{"@id":"https:\/\/www.meslibellules.fr\/blog\/2023\/10\/23\/reptiles\/"},"author":{"name":"Beno\u00eet Guillon","@id":"https:\/\/www.meslibellules.fr\/blog\/#\/schema\/person\/9aa3586f9dd053fcf329f43b8b053c77"},"headline":"Reptiles","datePublished":"2023-10-23T06:26:36+00:00","dateModified":"2025-01-20T21:57:51+00:00","mainEntityOfPage":{"@id":"https:\/\/www.meslibellules.fr\/blog\/2023\/10\/23\/reptiles\/"},"wordCount":333,"commentCount":0,"publisher":{"@id":"https:\/\/www.meslibellules.fr\/blog\/#\/schema\/person\/9aa3586f9dd053fcf329f43b8b053c77"},"image":{"@id":"https:\/\/www.meslibellules.fr\/blog\/2023\/10\/23\/reptiles\/#primaryimage"},"thumbnailUrl":"https:\/\/www.meslibellules.fr\/blog\/wp-content\/uploads\/Cameleon-Bilobe.webp","inLanguage":"fr-FR","potentialAction":[{"@type":"CommentAction","name":"Comment","target":["https:\/\/www.meslibellules.fr\/blog\/2023\/10\/23\/reptiles\/#respond"]}]},{"@type":"WebPage","@id":"https:\/\/www.meslibellules.fr\/blog\/2023\/10\/23\/reptiles\/","url":"https:\/\/www.meslibellules.fr\/blog\/2023\/10\/23\/reptiles\/","name":"Reptiles - Mes Libellules","isPartOf":{"@id":"https:\/\/www.meslibellules.fr\/blog\/#website"},"primaryImageOfPage":{"@id":"https:\/\/www.meslibellules.fr\/blog\/2023\/10\/23\/reptiles\/#primaryimage"},"image":{"@id":"https:\/\/www.meslibellules.fr\/blog\/2023\/10\/23\/reptiles\/#primaryimage"},"thumbnailUrl":"https:\/\/www.meslibellules.fr\/blog\/wp-content\/uploads\/Cameleon-Bilobe.webp","datePublished":"2023-10-23T06:26:36+00:00","dateModified":"2025-01-20T21:57:51+00:00","description":"Reptiles","breadcrumb":{"@id":"https:\/\/www.meslibellules.fr\/blog\/2023\/10\/23\/reptiles\/#breadcrumb"},"inLanguage":"fr-FR","potentialAction":[{"@type":"ReadAction","target":["https:\/\/www.meslibellules.fr\/blog\/2023\/10\/23\/reptiles\/"]}]},{"@type":"ImageObject","inLanguage":"fr-FR","@id":"https:\/\/www.meslibellules.fr\/blog\/2023\/10\/23\/reptiles\/#primaryimage","url":"https:\/\/www.meslibellules.fr\/blog\/wp-content\/uploads\/Cameleon-Bilobe.webp","contentUrl":"https:\/\/www.meslibellules.fr\/blog\/wp-content\/uploads\/Cameleon-Bilobe.webp"},{"@type":"BreadcrumbList","@id":"https:\/\/www.meslibellules.fr\/blog\/2023\/10\/23\/reptiles\/#breadcrumb","itemListElement":[{"@type":"ListItem","position":1,"name":"Accueil","item":"https:\/\/www.meslibellules.fr\/blog\/"},{"@type":"ListItem","position":2,"name":"Reptiles"}]},{"@type":"WebSite","@id":"https:\/\/www.meslibellules.fr\/blog\/#website","url":"https:\/\/www.meslibellules.fr\/blog\/","name":"Mes Libellules","description":"Pr\u00e9sentation des libellules rencontr\u00e9es dans le monde","publisher":{"@id":"https:\/\/www.meslibellules.fr\/blog\/#\/schema\/person\/9aa3586f9dd053fcf329f43b8b053c77"},"potentialAction":[{"@type":"SearchAction","target":{"@type":"EntryPoint","urlTemplate":"https:\/\/www.meslibellules.fr\/blog\/?s={search_term_string}"},"query-input":{"@type":"PropertyValueSpecification","valueRequired":true,"valueName":"search_term_string"}}],"inLanguage":"fr-FR"},{"@type":["Person","Organization"],"@id":"https:\/\/www.meslibellules.fr\/blog\/#\/schema\/person\/9aa3586f9dd053fcf329f43b8b053c77","name":"Beno\u00eet Guillon","image":{"@type":"ImageObject","inLanguage":"fr-FR","@id":"https:\/\/www.meslibellules.fr\/blog\/wp-content\/uploads\/cropped-avatar-150-pix.jpg","url":"https:\/\/www.meslibellules.fr\/blog\/wp-content\/uploads\/cropped-avatar-150-pix.jpg","contentUrl":"https:\/\/www.meslibellules.fr\/blog\/wp-content\/uploads\/cropped-avatar-150-pix.jpg","width":150,"height":137,"caption":"Beno\u00eet Guillon"},"logo":{"@id":"https:\/\/www.meslibellules.fr\/blog\/wp-content\/uploads\/cropped-avatar-150-pix.jpg"},"sameAs":["https:\/\/www.facebook.com\/benoit.guillon.96\/"]}]}},"_links":{"self":[{"href":"https:\/\/www.meslibellules.fr\/blog\/wp-json\/wp\/v2\/posts\/11458","targetHints":{"allow":["GET"]}}],"collection":[{"href":"https:\/\/www.meslibellules.fr\/blog\/wp-json\/wp\/v2\/posts"}],"about":[{"href":"https:\/\/www.meslibellules.fr\/blog\/wp-json\/wp\/v2\/types\/post"}],"author":[{"embeddable":true,"href":"https:\/\/www.meslibellules.fr\/blog\/wp-json\/wp\/v2\/users\/1"}],"replies":[{"embeddable":true,"href":"https:\/\/www.meslibellules.fr\/blog\/wp-json\/wp\/v2\/comments?post=11458"}],"version-history":[{"count":0,"href":"https:\/\/www.meslibellules.fr\/blog\/wp-json\/wp\/v2\/posts\/11458\/revisions"}],"wp:attachment":[{"href":"https:\/\/www.meslibellules.fr\/blog\/wp-json\/wp\/v2\/media?parent=11458"}],"wp:term":[{"taxonomy":"category","embeddable":true,"href":"https:\/\/www.meslibellules.fr\/blog\/wp-json\/wp\/v2\/categories?post=11458"},{"taxonomy":"post_tag","embeddable":true,"href":"https:\/\/www.meslibellules.fr\/blog\/wp-json\/wp\/v2\/tags?post=11458"}],"curies":[{"name":"wp","href":"https:\/\/api.w.org\/{rel}","templated":true}]}}