{"id":12035,"date":"2022-12-28T17:32:07","date_gmt":"2022-12-28T16:32:07","guid":{"rendered":"https:\/\/www.meslibellules.fr\/blog\/?p=12035"},"modified":"2025-11-26T21:23:30","modified_gmt":"2025-11-26T20:23:30","slug":"orthetrum-villosovittatum","status":"publish","type":"post","link":"https:\/\/www.meslibellules.fr\/blog\/2022\/12\/28\/orthetrum-villosovittatum\/","title":{"rendered":"Orthetrum villosovittatum (Brauer, 1868)"},"content":{"rendered":"\n<figure class=\"wp-block-image aligncenter size-full is-resized\"><a href=\"https:\/\/www.meslibellules.fr\/blog\/wp-content\/uploads\/Orthetrum-villosovittatum-male-3-.webp\"><img decoding=\"async\" width=\"1812\" height=\"1204\" data-src=\"https:\/\/www.meslibellules.fr\/blog\/wp-content\/uploads\/Orthetrum-villosovittatum-male-3-.webp\" alt=\"Orthetrum villosovittatum m\u00e2le, Australie (FNQ), Cattana Wetlands, 02\/12\/2022\" class=\"wp-image-12032 lazyload\" style=\"--smush-placeholder-width: 1812px; --smush-placeholder-aspect-ratio: 1812\/1204;width:656px;height:435px\" data-srcset=\"https:\/\/www.meslibellules.fr\/blog\/wp-content\/uploads\/Orthetrum-villosovittatum-male-3-.webp 1812w, https:\/\/www.meslibellules.fr\/blog\/wp-content\/uploads\/Orthetrum-villosovittatum-male-3--768x510.webp 768w, https:\/\/www.meslibellules.fr\/blog\/wp-content\/uploads\/Orthetrum-villosovittatum-male-3--1536x1021.webp 1536w\" data-sizes=\"(max-width: 1812px) 100vw, 1812px\" src=\"data:image\/svg+xml;base64,PHN2ZyB3aWR0aD0iMSIgaGVpZ2h0PSIxIiB4bWxucz0iaHR0cDovL3d3dy53My5vcmcvMjAwMC9zdmciPjwvc3ZnPg==\" \/><\/a><figcaption class=\"wp-element-caption\">Orthetrum villosovittatum m\u00e2le, Australie (FNQ), Cattana Wetlands, 02\/12\/2022<\/figcaption><\/figure>\n\n\n\n<p>Orthetrum villosovittatum est un odonate territorial tr\u00e8s actif qui mesure environ 47 mm, 45 mm seulement pour les femelles, que je n&rsquo;ai pas observ\u00e9es.<br>Il est facile \u00e0 identifier avec son abdomen dilat\u00e9 au niveau des segments 3 \u00e0 6.<\/p>\n\n\n\n<figure class=\"wp-block-gallery has-nested-images columns-default is-cropped wp-block-gallery-1 is-layout-flex wp-block-gallery-is-layout-flex\">\n<figure class=\"wp-block-image size-large\"><a href=\"https:\/\/www.meslibellules.fr\/blog\/wp-content\/uploads\/Orthetrum-villosovittatum-male-.webp\"><img decoding=\"async\" width=\"1557\" height=\"1204\" data-id=\"12030\" data-src=\"https:\/\/www.meslibellules.fr\/blog\/wp-content\/uploads\/Orthetrum-villosovittatum-male-.webp\" alt=\"Orthetrum villosovittatum m\u00e2le, Australie (FNQ), Cairns, Botanical Garden, 02\/12\/2022\" class=\"wp-image-12030 lazyload\" data-srcset=\"https:\/\/www.meslibellules.fr\/blog\/wp-content\/uploads\/Orthetrum-villosovittatum-male-.webp 1557w, https:\/\/www.meslibellules.fr\/blog\/wp-content\/uploads\/Orthetrum-villosovittatum-male--768x594.webp 768w, https:\/\/www.meslibellules.fr\/blog\/wp-content\/uploads\/Orthetrum-villosovittatum-male--1536x1188.webp 1536w\" data-sizes=\"(max-width: 1557px) 100vw, 1557px\" src=\"data:image\/svg+xml;base64,PHN2ZyB3aWR0aD0iMSIgaGVpZ2h0PSIxIiB4bWxucz0iaHR0cDovL3d3dy53My5vcmcvMjAwMC9zdmciPjwvc3ZnPg==\" style=\"--smush-placeholder-width: 1557px; --smush-placeholder-aspect-ratio: 1557\/1204;\" \/><\/a><\/figure>\n\n\n\n<figure class=\"wp-block-image size-full\"><a href=\"https:\/\/www.meslibellules.fr\/blog\/wp-content\/uploads\/Orthetrum-villosovittatum-male-5-.webp\"><img decoding=\"async\" width=\"1686\" height=\"1204\" data-id=\"12034\" data-src=\"https:\/\/www.meslibellules.fr\/blog\/wp-content\/uploads\/Orthetrum-villosovittatum-male-5-.webp\" alt=\"Orthetrum villosovittatum m\u00e2le, Australie (FNQ), Crystal Cascades, 03\/12\/2022\" class=\"wp-image-12034 lazyload\" data-srcset=\"https:\/\/www.meslibellules.fr\/blog\/wp-content\/uploads\/Orthetrum-villosovittatum-male-5-.webp 1686w, https:\/\/www.meslibellules.fr\/blog\/wp-content\/uploads\/Orthetrum-villosovittatum-male-5--768x548.webp 768w, https:\/\/www.meslibellules.fr\/blog\/wp-content\/uploads\/Orthetrum-villosovittatum-male-5--1536x1097.webp 1536w\" data-sizes=\"(max-width: 1686px) 100vw, 1686px\" src=\"data:image\/svg+xml;base64,PHN2ZyB3aWR0aD0iMSIgaGVpZ2h0PSIxIiB4bWxucz0iaHR0cDovL3d3dy53My5vcmcvMjAwMC9zdmciPjwvc3ZnPg==\" style=\"--smush-placeholder-width: 1686px; --smush-placeholder-aspect-ratio: 1686\/1204;\" \/><\/a><\/figure>\n<figcaption class=\"blocks-gallery-caption wp-element-caption\">Orthetrum villosovittatum m\u00e2le, Australie (FNQ), Cairns, Botanical Garden, 02\/12\/2022 <br>Orthetrum villosovittatum m\u00e2le, Australie (FNQ), Crystal Cascades, 03\/12\/2022<\/figcaption><\/figure>\n\n\n\n<p>On ne peut gu\u00e8re le confondre qu&rsquo;avec Rhodothemis lieftincki, mais celui-ci pr\u00e9sente 2 bandes ant\u00e9hum\u00e9rales claires.<br>D&rsquo;autres Libellulidae sont rouges ; les Aethriamanta sont beaucoup plus petits, Urothemis aliena montre un thorax rouge et des taches alaires basales ambr\u00e9es.<br>Un seul Orthetrum pourrait faire illusion, Orthetrum migratum mais son abdomen est plut\u00f4t rose et il n&rsquo;est pas dilat\u00e9.<\/p>\n\n\n\n<figure class=\"wp-block-image aligncenter size-full is-resized\"><a href=\"https:\/\/www.meslibellules.fr\/blog\/wp-content\/uploads\/Orthetrum-villosovittatum-male-4-.webp\"><img decoding=\"async\" width=\"1850\" height=\"1004\" data-src=\"https:\/\/www.meslibellules.fr\/blog\/wp-content\/uploads\/Orthetrum-villosovittatum-male-4-.webp\" alt=\"Orthetrum villosovittatum m\u00e2le, Australie (FNQ), Davies Creek, Dinden National Park, 08\/12\/2022\" class=\"wp-image-12033 lazyload\" style=\"--smush-placeholder-width: 1850px; --smush-placeholder-aspect-ratio: 1850\/1004;width:678px;height:367px\" data-srcset=\"https:\/\/www.meslibellules.fr\/blog\/wp-content\/uploads\/Orthetrum-villosovittatum-male-4-.webp 1850w, https:\/\/www.meslibellules.fr\/blog\/wp-content\/uploads\/Orthetrum-villosovittatum-male-4--768x417.webp 768w, https:\/\/www.meslibellules.fr\/blog\/wp-content\/uploads\/Orthetrum-villosovittatum-male-4--1536x834.webp 1536w\" data-sizes=\"(max-width: 1850px) 100vw, 1850px\" src=\"data:image\/svg+xml;base64,PHN2ZyB3aWR0aD0iMSIgaGVpZ2h0PSIxIiB4bWxucz0iaHR0cDovL3d3dy53My5vcmcvMjAwMC9zdmciPjwvc3ZnPg==\" \/><\/a><figcaption class=\"wp-element-caption\">Orthetrum villosovittatum m\u00e2le, Australie (FNQ), Davies Creek, Dinden National Park, 08\/12\/2022<\/figcaption><\/figure>\n\n\n\n<p>Il n&rsquo;est pas difficile sur son habitat m\u00eame s&rsquo;il semble tout de m\u00eame pr\u00e9f\u00e9rer les marais et les mares, mais on le trouve aussi le long des eaux courantes.<br>Il est pr\u00e9sent dans tout l&rsquo;ouest de l&rsquo;Australie, du sud du Victoria au nord du Queensland, et aussi dans le nord du Territoire du Nord o\u00f9 je l&rsquo;ai \u00e9galement rencontr\u00e9. On le trouve aussi en Nouvelle-Guin\u00e9e et dans les Moluques.<br><a href=\"https:\/\/www.iucnredlist.org\/species\/83369839\/83383913\">IUCN Red List<\/a>.<\/p>\n\n\n\n<figure class=\"wp-block-image aligncenter size-full is-resized\"><a href=\"https:\/\/www.meslibellules.fr\/blog\/wp-content\/uploads\/Orthetrum-villosovittatum-male-1-1.webp\"><img decoding=\"async\" width=\"1493\" height=\"1004\" data-src=\"https:\/\/www.meslibellules.fr\/blog\/wp-content\/uploads\/Orthetrum-villosovittatum-male-1-1.webp\" alt=\"Orthetrum villosovittatum m\u00e2le, Australie (FNQ), Cairns, Fresh Water Creek, 01\/12\/222\" class=\"wp-image-12031 lazyload\" style=\"--smush-placeholder-width: 1493px; --smush-placeholder-aspect-ratio: 1493\/1004;width:601px;height:403px\" data-srcset=\"https:\/\/www.meslibellules.fr\/blog\/wp-content\/uploads\/Orthetrum-villosovittatum-male-1-1.webp 1493w, https:\/\/www.meslibellules.fr\/blog\/wp-content\/uploads\/Orthetrum-villosovittatum-male-1-1-768x516.webp 768w\" data-sizes=\"(max-width: 1493px) 100vw, 1493px\" src=\"data:image\/svg+xml;base64,PHN2ZyB3aWR0aD0iMSIgaGVpZ2h0PSIxIiB4bWxucz0iaHR0cDovL3d3dy53My5vcmcvMjAwMC9zdmciPjwvc3ZnPg==\" \/><\/a><figcaption class=\"wp-element-caption\">Orthetrum villosovittatum m\u00e2le, Australie (FNQ), Cairns, Fresh Water Creek, 01\/12\/222<\/figcaption><\/figure>\n\n\n\n<p>Orthetrum (1) vient de deux mots grecs, orthos signifiant \u00ab\u00a0<em>droit<\/em> \u00ab\u00a0et <em>etron<\/em> \u00ab\u00a0<em>abdomen<\/em>\u00ab\u00a0, ceci pour signifier que les c\u00f4t\u00e9s de l&rsquo;abdomen sont parall\u00e8les. Ce nom de genre cr\u00e9\u00e9 par Newman en 1833 a perdu sa pertinence avec la d\u00e9couverte de nouvelles esp\u00e8ces, mais le nom est rest\u00e9.<br>Villosovittatum de <em>villosus<\/em> pour <em>hirsute <\/em>et <em>vittatus<\/em> signifiant <em>attach\u00e9 avec un filet<\/em>, car Brauer dans sa description (de <em>Libella villosovittata<\/em>) insiste sur le fait que prothorax et thorax sont couverts de poils hirsutes (2).<\/p>\n\n\n\n<div style=\"height:29px\" aria-hidden=\"true\" class=\"wp-block-spacer\"><\/div>\n\n\n\n<p style=\"font-size:13px\">1- <a href=\"https:\/\/www.researchgate.net\/publication\/283318421_The_Naming_of_Australia's_Dragonflies#fullTextFileContent\">The Naming of Australia&rsquo;s Dragonflies<\/a>, Ian Endersby &amp; Heinrich Fliedner, Busybird publishing.<br>2- Brauer, 1868 \u2013&nbsp;<a href=\"https:\/\/www.biodiversitylibrary.org\/item\/136836#page\/335\/mode\/1up\" target=\"_blank\" rel=\"noreferrer noopener\">Neue und wenig bekannte vom Herrn Doct. Semper gesammelte Odonaten<\/a>.&nbsp;<em>Verhandlungen der Kaiserlich-K\u00f6niglichen Zoologisch-Botanischen Gesellschaft in Wien<\/em>&nbsp;(Vol. 18, p. 167-188). Kaiserlich-K\u00f6nigliche Zoologisch-Botanische Gesellschaft in Wien. P. 167.<\/p>\n\n\n\n<div style=\"height:30px\" aria-hidden=\"true\" class=\"wp-block-spacer\"><\/div>\n\n\n\n<div class=\"wp-block-buttons is-layout-flex wp-block-buttons-is-layout-flex\">\n<div class=\"wp-block-button\"><a class=\"wp-block-button__link wp-element-button\" href=\"https:\/\/www.meslibellules.fr\/blog\/odonates-daustralie-australian-odonates\/\">Accueil Australie<\/a><\/div>\n<\/div>\n\n\n\n<p><\/p>\n","protected":false},"excerpt":{"rendered":"<p>Orthetrum villosovittatum est un odonate territorial tr\u00e8s actif qui mesure environ 47 mm, 45 mm seulement pour les femelles, que je n&rsquo;ai pas observ\u00e9es.Il est facile \u00e0 identifier avec son abdomen dilat\u00e9 au niveau des segments 3 \u00e0 6. On ne peut gu\u00e8re le confondre qu&rsquo;avec Rhodothemis lieftincki, mais celui-ci pr\u00e9sente 2 bandes ant\u00e9hum\u00e9rales claires.D&rsquo;autres [&hellip;]<\/p>\n","protected":false},"author":1,"featured_media":0,"comment_status":"open","ping_status":"open","sticky":false,"template":"","format":"image","meta":{"site-sidebar-layout":"default","site-content-layout":"","ast-site-content-layout":"default","site-content-style":"default","site-sidebar-style":"default","ast-global-header-display":"","ast-banner-title-visibility":"","ast-main-header-display":"","ast-hfb-above-header-display":"","ast-hfb-below-header-display":"","ast-hfb-mobile-header-display":"","site-post-title":"","ast-breadcrumbs-content":"","ast-featured-img":"","footer-sml-layout":"","ast-disable-related-posts":"","theme-transparent-header-meta":"","adv-header-id-meta":"","stick-header-meta":"","header-above-stick-meta":"","header-main-stick-meta":"","header-below-stick-meta":"","astra-migrate-meta-layouts":"set","ast-page-background-enabled":"default","ast-page-background-meta":{"desktop":{"background-color":"var(--ast-global-color-4)","background-image":"","background-repeat":"repeat","background-position":"center center","background-size":"auto","background-attachment":"scroll","background-type":"","background-media":"","overlay-type":"","overlay-color":"","overlay-opacity":"","overlay-gradient":""},"tablet":{"background-color":"","background-image":"","background-repeat":"repeat","background-position":"center center","background-size":"auto","background-attachment":"scroll","background-type":"","background-media":"","overlay-type":"","overlay-color":"","overlay-opacity":"","overlay-gradient":""},"mobile":{"background-color":"","background-image":"","background-repeat":"repeat","background-position":"center center","background-size":"auto","background-attachment":"scroll","background-type":"","background-media":"","overlay-type":"","overlay-color":"","overlay-opacity":"","overlay-gradient":""}},"ast-content-background-meta":{"desktop":{"background-color":"var(--ast-global-color-5)","background-image":"","background-repeat":"repeat","background-position":"center center","background-size":"auto","background-attachment":"scroll","background-type":"","background-media":"","overlay-type":"","overlay-color":"","overlay-opacity":"","overlay-gradient":""},"tablet":{"background-color":"var(--ast-global-color-5)","background-image":"","background-repeat":"repeat","background-position":"center center","background-size":"auto","background-attachment":"scroll","background-type":"","background-media":"","overlay-type":"","overlay-color":"","overlay-opacity":"","overlay-gradient":""},"mobile":{"background-color":"var(--ast-global-color-5)","background-image":"","background-repeat":"repeat","background-position":"center center","background-size":"auto","background-attachment":"scroll","background-type":"","background-media":"","overlay-type":"","overlay-color":"","overlay-opacity":"","overlay-gradient":""}},"footnotes":""},"categories":[684,685],"tags":[687,691],"class_list":["post-12035","post","type-post","status-publish","format-image","hentry","category-australie-nt","category-libellulidae-australie-nt","tag-australie","tag-libellulidae-australie","post_format-post-format-image"],"yoast_head":"<!-- This site is optimized with the Yoast SEO plugin v27.5 - https:\/\/yoast.com\/product\/yoast-seo-wordpress\/ -->\n<title>Orthetrum villosovittatum - Mes Libellules<\/title>\n<meta name=\"description\" content=\"Orthetrum villosovittatum en Australie, nombreuses photos, description, taille, habitat, distribution g\u00e9ographique, \u00e9tymologie du nom\" \/>\n<meta name=\"robots\" content=\"index, follow, max-snippet:-1, max-image-preview:large, max-video-preview:-1\" \/>\n<link rel=\"canonical\" href=\"https:\/\/www.meslibellules.fr\/blog\/2022\/12\/28\/orthetrum-villosovittatum\/\" \/>\n<meta property=\"og:locale\" content=\"fr_FR\" \/>\n<meta property=\"og:type\" content=\"article\" \/>\n<meta property=\"og:title\" content=\"Orthetrum villosovittatum - Mes Libellules\" \/>\n<meta property=\"og:description\" content=\"Orthetrum villosovittatum en Australie, nombreuses photos, description, taille, habitat, distribution g\u00e9ographique, \u00e9tymologie du nom\" \/>\n<meta property=\"og:url\" content=\"https:\/\/www.meslibellules.fr\/blog\/2022\/12\/28\/orthetrum-villosovittatum\/\" \/>\n<meta property=\"og:site_name\" content=\"Mes Libellules\" \/>\n<meta property=\"article:publisher\" content=\"https:\/\/www.facebook.com\/benoit.guillon.96\/\" \/>\n<meta property=\"article:author\" content=\"https:\/\/www.facebook.com\/benoit.guillon.96\/\" \/>\n<meta property=\"article:published_time\" content=\"2022-12-28T16:32:07+00:00\" \/>\n<meta property=\"article:modified_time\" content=\"2025-11-26T20:23:30+00:00\" \/>\n<meta property=\"og:image\" content=\"https:\/\/www.meslibellules.fr\/blog\/wp-content\/uploads\/Orthetrum-villosovittatum-male-3-.webp\" \/>\n\t<meta property=\"og:image:width\" content=\"1812\" \/>\n\t<meta property=\"og:image:height\" content=\"1204\" \/>\n\t<meta property=\"og:image:type\" content=\"image\/webp\" \/>\n<meta name=\"author\" content=\"Beno\u00eet Guillon\" \/>\n<meta name=\"twitter:card\" content=\"summary_large_image\" \/>\n<meta name=\"twitter:label1\" content=\"\u00c9crit par\" \/>\n\t<meta name=\"twitter:data1\" content=\"Beno\u00eet Guillon\" \/>\n\t<meta name=\"twitter:label2\" content=\"Dur\u00e9e de lecture estim\u00e9e\" \/>\n\t<meta name=\"twitter:data2\" content=\"3 minutes\" \/>\n<script type=\"application\/ld+json\" class=\"yoast-schema-graph\">{\"@context\":\"https:\\\/\\\/schema.org\",\"@graph\":[{\"@type\":\"Article\",\"@id\":\"https:\\\/\\\/www.meslibellules.fr\\\/blog\\\/2022\\\/12\\\/28\\\/orthetrum-villosovittatum\\\/#article\",\"isPartOf\":{\"@id\":\"https:\\\/\\\/www.meslibellules.fr\\\/blog\\\/2022\\\/12\\\/28\\\/orthetrum-villosovittatum\\\/\"},\"author\":{\"name\":\"Beno\u00eet Guillon\",\"@id\":\"https:\\\/\\\/www.meslibellules.fr\\\/blog\\\/#\\\/schema\\\/person\\\/9aa3586f9dd053fcf329f43b8b053c77\"},\"headline\":\"Orthetrum villosovittatum (Brauer, 1868)\",\"datePublished\":\"2022-12-28T16:32:07+00:00\",\"dateModified\":\"2025-11-26T20:23:30+00:00\",\"mainEntityOfPage\":{\"@id\":\"https:\\\/\\\/www.meslibellules.fr\\\/blog\\\/2022\\\/12\\\/28\\\/orthetrum-villosovittatum\\\/\"},\"wordCount\":365,\"commentCount\":0,\"publisher\":{\"@id\":\"https:\\\/\\\/www.meslibellules.fr\\\/blog\\\/#\\\/schema\\\/person\\\/9aa3586f9dd053fcf329f43b8b053c77\"},\"image\":{\"@id\":\"https:\\\/\\\/www.meslibellules.fr\\\/blog\\\/2022\\\/12\\\/28\\\/orthetrum-villosovittatum\\\/#primaryimage\"},\"thumbnailUrl\":\"https:\\\/\\\/www.meslibellules.fr\\\/blog\\\/wp-content\\\/uploads\\\/Orthetrum-villosovittatum-male-3-.webp\",\"keywords\":[\"Australie\",\"Libellulidae-Australie\"],\"articleSection\":[\"Australie (NT, WA &amp; FNQ)\",\"Libellulidae\"],\"inLanguage\":\"fr-FR\",\"potentialAction\":[{\"@type\":\"CommentAction\",\"name\":\"Comment\",\"target\":[\"https:\\\/\\\/www.meslibellules.fr\\\/blog\\\/2022\\\/12\\\/28\\\/orthetrum-villosovittatum\\\/#respond\"]}]},{\"@type\":\"WebPage\",\"@id\":\"https:\\\/\\\/www.meslibellules.fr\\\/blog\\\/2022\\\/12\\\/28\\\/orthetrum-villosovittatum\\\/\",\"url\":\"https:\\\/\\\/www.meslibellules.fr\\\/blog\\\/2022\\\/12\\\/28\\\/orthetrum-villosovittatum\\\/\",\"name\":\"Orthetrum villosovittatum - Mes Libellules\",\"isPartOf\":{\"@id\":\"https:\\\/\\\/www.meslibellules.fr\\\/blog\\\/#website\"},\"primaryImageOfPage\":{\"@id\":\"https:\\\/\\\/www.meslibellules.fr\\\/blog\\\/2022\\\/12\\\/28\\\/orthetrum-villosovittatum\\\/#primaryimage\"},\"image\":{\"@id\":\"https:\\\/\\\/www.meslibellules.fr\\\/blog\\\/2022\\\/12\\\/28\\\/orthetrum-villosovittatum\\\/#primaryimage\"},\"thumbnailUrl\":\"https:\\\/\\\/www.meslibellules.fr\\\/blog\\\/wp-content\\\/uploads\\\/Orthetrum-villosovittatum-male-3-.webp\",\"datePublished\":\"2022-12-28T16:32:07+00:00\",\"dateModified\":\"2025-11-26T20:23:30+00:00\",\"description\":\"Orthetrum villosovittatum en Australie, nombreuses photos, description, taille, habitat, distribution g\u00e9ographique, \u00e9tymologie du nom\",\"breadcrumb\":{\"@id\":\"https:\\\/\\\/www.meslibellules.fr\\\/blog\\\/2022\\\/12\\\/28\\\/orthetrum-villosovittatum\\\/#breadcrumb\"},\"inLanguage\":\"fr-FR\",\"potentialAction\":[{\"@type\":\"ReadAction\",\"target\":[\"https:\\\/\\\/www.meslibellules.fr\\\/blog\\\/2022\\\/12\\\/28\\\/orthetrum-villosovittatum\\\/\"]}]},{\"@type\":\"ImageObject\",\"inLanguage\":\"fr-FR\",\"@id\":\"https:\\\/\\\/www.meslibellules.fr\\\/blog\\\/2022\\\/12\\\/28\\\/orthetrum-villosovittatum\\\/#primaryimage\",\"url\":\"https:\\\/\\\/www.meslibellules.fr\\\/blog\\\/wp-content\\\/uploads\\\/Orthetrum-villosovittatum-male-3-.webp\",\"contentUrl\":\"https:\\\/\\\/www.meslibellules.fr\\\/blog\\\/wp-content\\\/uploads\\\/Orthetrum-villosovittatum-male-3-.webp\"},{\"@type\":\"BreadcrumbList\",\"@id\":\"https:\\\/\\\/www.meslibellules.fr\\\/blog\\\/2022\\\/12\\\/28\\\/orthetrum-villosovittatum\\\/#breadcrumb\",\"itemListElement\":[{\"@type\":\"ListItem\",\"position\":1,\"name\":\"Accueil\",\"item\":\"https:\\\/\\\/www.meslibellules.fr\\\/blog\\\/\"},{\"@type\":\"ListItem\",\"position\":2,\"name\":\"Orthetrum villosovittatum (Brauer, 1868)\"}]},{\"@type\":\"WebSite\",\"@id\":\"https:\\\/\\\/www.meslibellules.fr\\\/blog\\\/#website\",\"url\":\"https:\\\/\\\/www.meslibellules.fr\\\/blog\\\/\",\"name\":\"Mes Libellules\",\"description\":\"Pr\u00e9sentation des libellules rencontr\u00e9es dans le monde\",\"publisher\":{\"@id\":\"https:\\\/\\\/www.meslibellules.fr\\\/blog\\\/#\\\/schema\\\/person\\\/9aa3586f9dd053fcf329f43b8b053c77\"},\"potentialAction\":[{\"@type\":\"SearchAction\",\"target\":{\"@type\":\"EntryPoint\",\"urlTemplate\":\"https:\\\/\\\/www.meslibellules.fr\\\/blog\\\/?s={search_term_string}\"},\"query-input\":{\"@type\":\"PropertyValueSpecification\",\"valueRequired\":true,\"valueName\":\"search_term_string\"}}],\"inLanguage\":\"fr-FR\"},{\"@type\":[\"Person\",\"Organization\"],\"@id\":\"https:\\\/\\\/www.meslibellules.fr\\\/blog\\\/#\\\/schema\\\/person\\\/9aa3586f9dd053fcf329f43b8b053c77\",\"name\":\"Beno\u00eet Guillon\",\"image\":{\"@type\":\"ImageObject\",\"inLanguage\":\"fr-FR\",\"@id\":\"https:\\\/\\\/www.meslibellules.fr\\\/blog\\\/wp-content\\\/uploads\\\/cropped-avatar-150-pix.jpg\",\"url\":\"https:\\\/\\\/www.meslibellules.fr\\\/blog\\\/wp-content\\\/uploads\\\/cropped-avatar-150-pix.jpg\",\"contentUrl\":\"https:\\\/\\\/www.meslibellules.fr\\\/blog\\\/wp-content\\\/uploads\\\/cropped-avatar-150-pix.jpg\",\"width\":150,\"height\":137,\"caption\":\"Beno\u00eet Guillon\"},\"logo\":{\"@id\":\"https:\\\/\\\/www.meslibellules.fr\\\/blog\\\/wp-content\\\/uploads\\\/cropped-avatar-150-pix.jpg\"},\"sameAs\":[\"https:\\\/\\\/www.facebook.com\\\/benoit.guillon.96\\\/\"]}]}<\/script>\n<!-- \/ Yoast SEO plugin. -->","yoast_head_json":{"title":"Orthetrum villosovittatum - Mes Libellules","description":"Orthetrum villosovittatum en Australie, nombreuses photos, description, taille, habitat, distribution g\u00e9ographique, \u00e9tymologie du nom","robots":{"index":"index","follow":"follow","max-snippet":"max-snippet:-1","max-image-preview":"max-image-preview:large","max-video-preview":"max-video-preview:-1"},"canonical":"https:\/\/www.meslibellules.fr\/blog\/2022\/12\/28\/orthetrum-villosovittatum\/","og_locale":"fr_FR","og_type":"article","og_title":"Orthetrum villosovittatum - Mes Libellules","og_description":"Orthetrum villosovittatum en Australie, nombreuses photos, description, taille, habitat, distribution g\u00e9ographique, \u00e9tymologie du nom","og_url":"https:\/\/www.meslibellules.fr\/blog\/2022\/12\/28\/orthetrum-villosovittatum\/","og_site_name":"Mes Libellules","article_publisher":"https:\/\/www.facebook.com\/benoit.guillon.96\/","article_author":"https:\/\/www.facebook.com\/benoit.guillon.96\/","article_published_time":"2022-12-28T16:32:07+00:00","article_modified_time":"2025-11-26T20:23:30+00:00","og_image":[{"width":1812,"height":1204,"url":"https:\/\/www.meslibellules.fr\/blog\/wp-content\/uploads\/Orthetrum-villosovittatum-male-3-.webp","type":"image\/webp"}],"author":"Beno\u00eet Guillon","twitter_card":"summary_large_image","twitter_misc":{"\u00c9crit par":"Beno\u00eet Guillon","Dur\u00e9e de lecture estim\u00e9e":"3 minutes"},"schema":{"@context":"https:\/\/schema.org","@graph":[{"@type":"Article","@id":"https:\/\/www.meslibellules.fr\/blog\/2022\/12\/28\/orthetrum-villosovittatum\/#article","isPartOf":{"@id":"https:\/\/www.meslibellules.fr\/blog\/2022\/12\/28\/orthetrum-villosovittatum\/"},"author":{"name":"Beno\u00eet Guillon","@id":"https:\/\/www.meslibellules.fr\/blog\/#\/schema\/person\/9aa3586f9dd053fcf329f43b8b053c77"},"headline":"Orthetrum villosovittatum (Brauer, 1868)","datePublished":"2022-12-28T16:32:07+00:00","dateModified":"2025-11-26T20:23:30+00:00","mainEntityOfPage":{"@id":"https:\/\/www.meslibellules.fr\/blog\/2022\/12\/28\/orthetrum-villosovittatum\/"},"wordCount":365,"commentCount":0,"publisher":{"@id":"https:\/\/www.meslibellules.fr\/blog\/#\/schema\/person\/9aa3586f9dd053fcf329f43b8b053c77"},"image":{"@id":"https:\/\/www.meslibellules.fr\/blog\/2022\/12\/28\/orthetrum-villosovittatum\/#primaryimage"},"thumbnailUrl":"https:\/\/www.meslibellules.fr\/blog\/wp-content\/uploads\/Orthetrum-villosovittatum-male-3-.webp","keywords":["Australie","Libellulidae-Australie"],"articleSection":["Australie (NT, WA &amp; FNQ)","Libellulidae"],"inLanguage":"fr-FR","potentialAction":[{"@type":"CommentAction","name":"Comment","target":["https:\/\/www.meslibellules.fr\/blog\/2022\/12\/28\/orthetrum-villosovittatum\/#respond"]}]},{"@type":"WebPage","@id":"https:\/\/www.meslibellules.fr\/blog\/2022\/12\/28\/orthetrum-villosovittatum\/","url":"https:\/\/www.meslibellules.fr\/blog\/2022\/12\/28\/orthetrum-villosovittatum\/","name":"Orthetrum villosovittatum - Mes Libellules","isPartOf":{"@id":"https:\/\/www.meslibellules.fr\/blog\/#website"},"primaryImageOfPage":{"@id":"https:\/\/www.meslibellules.fr\/blog\/2022\/12\/28\/orthetrum-villosovittatum\/#primaryimage"},"image":{"@id":"https:\/\/www.meslibellules.fr\/blog\/2022\/12\/28\/orthetrum-villosovittatum\/#primaryimage"},"thumbnailUrl":"https:\/\/www.meslibellules.fr\/blog\/wp-content\/uploads\/Orthetrum-villosovittatum-male-3-.webp","datePublished":"2022-12-28T16:32:07+00:00","dateModified":"2025-11-26T20:23:30+00:00","description":"Orthetrum villosovittatum en Australie, nombreuses photos, description, taille, habitat, distribution g\u00e9ographique, \u00e9tymologie du nom","breadcrumb":{"@id":"https:\/\/www.meslibellules.fr\/blog\/2022\/12\/28\/orthetrum-villosovittatum\/#breadcrumb"},"inLanguage":"fr-FR","potentialAction":[{"@type":"ReadAction","target":["https:\/\/www.meslibellules.fr\/blog\/2022\/12\/28\/orthetrum-villosovittatum\/"]}]},{"@type":"ImageObject","inLanguage":"fr-FR","@id":"https:\/\/www.meslibellules.fr\/blog\/2022\/12\/28\/orthetrum-villosovittatum\/#primaryimage","url":"https:\/\/www.meslibellules.fr\/blog\/wp-content\/uploads\/Orthetrum-villosovittatum-male-3-.webp","contentUrl":"https:\/\/www.meslibellules.fr\/blog\/wp-content\/uploads\/Orthetrum-villosovittatum-male-3-.webp"},{"@type":"BreadcrumbList","@id":"https:\/\/www.meslibellules.fr\/blog\/2022\/12\/28\/orthetrum-villosovittatum\/#breadcrumb","itemListElement":[{"@type":"ListItem","position":1,"name":"Accueil","item":"https:\/\/www.meslibellules.fr\/blog\/"},{"@type":"ListItem","position":2,"name":"Orthetrum villosovittatum (Brauer, 1868)"}]},{"@type":"WebSite","@id":"https:\/\/www.meslibellules.fr\/blog\/#website","url":"https:\/\/www.meslibellules.fr\/blog\/","name":"Mes Libellules","description":"Pr\u00e9sentation des libellules rencontr\u00e9es dans le monde","publisher":{"@id":"https:\/\/www.meslibellules.fr\/blog\/#\/schema\/person\/9aa3586f9dd053fcf329f43b8b053c77"},"potentialAction":[{"@type":"SearchAction","target":{"@type":"EntryPoint","urlTemplate":"https:\/\/www.meslibellules.fr\/blog\/?s={search_term_string}"},"query-input":{"@type":"PropertyValueSpecification","valueRequired":true,"valueName":"search_term_string"}}],"inLanguage":"fr-FR"},{"@type":["Person","Organization"],"@id":"https:\/\/www.meslibellules.fr\/blog\/#\/schema\/person\/9aa3586f9dd053fcf329f43b8b053c77","name":"Beno\u00eet Guillon","image":{"@type":"ImageObject","inLanguage":"fr-FR","@id":"https:\/\/www.meslibellules.fr\/blog\/wp-content\/uploads\/cropped-avatar-150-pix.jpg","url":"https:\/\/www.meslibellules.fr\/blog\/wp-content\/uploads\/cropped-avatar-150-pix.jpg","contentUrl":"https:\/\/www.meslibellules.fr\/blog\/wp-content\/uploads\/cropped-avatar-150-pix.jpg","width":150,"height":137,"caption":"Beno\u00eet Guillon"},"logo":{"@id":"https:\/\/www.meslibellules.fr\/blog\/wp-content\/uploads\/cropped-avatar-150-pix.jpg"},"sameAs":["https:\/\/www.facebook.com\/benoit.guillon.96\/"]}]}},"_links":{"self":[{"href":"https:\/\/www.meslibellules.fr\/blog\/wp-json\/wp\/v2\/posts\/12035","targetHints":{"allow":["GET"]}}],"collection":[{"href":"https:\/\/www.meslibellules.fr\/blog\/wp-json\/wp\/v2\/posts"}],"about":[{"href":"https:\/\/www.meslibellules.fr\/blog\/wp-json\/wp\/v2\/types\/post"}],"author":[{"embeddable":true,"href":"https:\/\/www.meslibellules.fr\/blog\/wp-json\/wp\/v2\/users\/1"}],"replies":[{"embeddable":true,"href":"https:\/\/www.meslibellules.fr\/blog\/wp-json\/wp\/v2\/comments?post=12035"}],"version-history":[{"count":5,"href":"https:\/\/www.meslibellules.fr\/blog\/wp-json\/wp\/v2\/posts\/12035\/revisions"}],"predecessor-version":[{"id":26938,"href":"https:\/\/www.meslibellules.fr\/blog\/wp-json\/wp\/v2\/posts\/12035\/revisions\/26938"}],"wp:attachment":[{"href":"https:\/\/www.meslibellules.fr\/blog\/wp-json\/wp\/v2\/media?parent=12035"}],"wp:term":[{"taxonomy":"category","embeddable":true,"href":"https:\/\/www.meslibellules.fr\/blog\/wp-json\/wp\/v2\/categories?post=12035"},{"taxonomy":"post_tag","embeddable":true,"href":"https:\/\/www.meslibellules.fr\/blog\/wp-json\/wp\/v2\/tags?post=12035"}],"curies":[{"name":"wp","href":"https:\/\/api.w.org\/{rel}","templated":true}]}}