{"id":12046,"date":"2022-12-29T09:22:33","date_gmt":"2022-12-29T08:22:33","guid":{"rendered":"https:\/\/www.meslibellules.fr\/blog\/?p=12046"},"modified":"2025-01-29T03:42:52","modified_gmt":"2025-01-29T02:42:52","slug":"austrolestes-leda-selys-1892","status":"publish","type":"post","link":"https:\/\/www.meslibellules.fr\/blog\/2022\/12\/29\/austrolestes-leda-selys-1892\/","title":{"rendered":"Austrolestes leda (Selys, 1892)"},"content":{"rendered":"\n<figure class=\"wp-block-image aligncenter size-full is-resized\"><a href=\"https:\/\/www.meslibellules.fr\/blog\/wp-content\/uploads\/Austrolestes-leda-2.webp\"><img decoding=\"async\" width=\"1371\" height=\"884\" data-src=\"https:\/\/www.meslibellules.fr\/blog\/wp-content\/uploads\/Austrolestes-leda-2.webp\" alt=\"Austrolestes leda m\u00e2le, Australie (FNQ), Desailly, 07\/12\/2022\" class=\"wp-image-12047 lazyload\" style=\"--smush-placeholder-width: 1371px; --smush-placeholder-aspect-ratio: 1371\/884;width:598px;height:385px\" data-srcset=\"https:\/\/www.meslibellules.fr\/blog\/wp-content\/uploads\/Austrolestes-leda-2.webp 1371w, https:\/\/www.meslibellules.fr\/blog\/wp-content\/uploads\/Austrolestes-leda-2-768x495.webp 768w\" data-sizes=\"(max-width: 1371px) 100vw, 1371px\" src=\"data:image\/svg+xml;base64,PHN2ZyB3aWR0aD0iMSIgaGVpZ2h0PSIxIiB4bWxucz0iaHR0cDovL3d3dy53My5vcmcvMjAwMC9zdmciPjwvc3ZnPg==\" \/><\/a><figcaption class=\"wp-element-caption\">Austrolestes leda m\u00e2le, Australie (FNQ), Desailly, 07\/12\/2022<\/figcaption><\/figure>\n\n\n\n<p>Austolestes Leda, le Wandering ringtail pour nos amis australiens, est une tr\u00e8s br\u00e8ve rencontre,  l&rsquo;avons vu que quelques minutes, et pour moi le temps de 5 photos, sur 2 supports. Nous l&rsquo;avons cherch\u00e9 en vain dans ce ruisseau qui s&rsquo;apparente \u00e0 cette saison \u00e0 un tr\u00e8s profond foss\u00e9 avec quelques flaques, mais il s&rsquo;est \u00e9chapp\u00e9 vers le haut (\u00e0 gauche), les berges \u00e9taient trop abruptes pour les escalader sans risquer de le faire dispara\u00eetre d\u00e9finitivement.<br>Dommage, car c&rsquo;est le seul Austrolestes que j&rsquo;ai rencontr\u00e9 durant ces 2 s\u00e9jours. C&rsquo;est un genre qui comporte pourtant une dizaine d&rsquo;esp\u00e8ces en Australie.<\/p>\n\n\n\n<figure class=\"wp-block-image aligncenter size-full is-resized\"><a href=\"https:\/\/www.meslibellules.fr\/blog\/wp-content\/uploads\/Biotope-Austrolestes-leda.webp\"><img decoding=\"async\" width=\"1504\" height=\"1004\" data-src=\"https:\/\/www.meslibellules.fr\/blog\/wp-content\/uploads\/Biotope-Austrolestes-leda.webp\" alt=\"Biotope Austrolestes leda, Australie (FNQ), Desailly, 07\/12\/2022\" class=\"wp-image-12049 lazyload\" style=\"--smush-placeholder-width: 1504px; --smush-placeholder-aspect-ratio: 1504\/1004;width:438px;height:292px\" data-srcset=\"https:\/\/www.meslibellules.fr\/blog\/wp-content\/uploads\/Biotope-Austrolestes-leda.webp 1504w, https:\/\/www.meslibellules.fr\/blog\/wp-content\/uploads\/Biotope-Austrolestes-leda-768x513.webp 768w\" data-sizes=\"(max-width: 1504px) 100vw, 1504px\" src=\"data:image\/svg+xml;base64,PHN2ZyB3aWR0aD0iMSIgaGVpZ2h0PSIxIiB4bWxucz0iaHR0cDovL3d3dy53My5vcmcvMjAwMC9zdmciPjwvc3ZnPg==\" \/><\/a><figcaption class=\"wp-element-caption\">Biotope Austrolestes leda, Australie (FNQ), Desailly, 07\/12\/2022<\/figcaption><\/figure>\n\n\n\n<p>Il est pourtant tr\u00e8s commun&#8230; plus au sud et nous sommes sans doute ici sur une des observations la plus au nord en Australie, dont il est end\u00e9mique. On le trouve en effet essentiellement au sud-est de l&rsquo;Australie et Cairns constitue la limite nord de sa r\u00e9partition.<br>Il mesure 34 mm, pour un abdomen de 28 mm. Pour nous, europ\u00e9ens, ses pt\u00e9rostigmas sont vraiment typiques de nos Lestes, alors que son abdomen pourrait nous faire penser \u00e0 un Coenagrionidae. <\/p>\n\n\n\n<figure class=\"wp-block-image aligncenter size-full is-resized\"><a href=\"https:\/\/www.meslibellules.fr\/blog\/wp-content\/uploads\/Austrolestes-leda.webp\"><img decoding=\"async\" width=\"1305\" height=\"884\" data-src=\"https:\/\/www.meslibellules.fr\/blog\/wp-content\/uploads\/Austrolestes-leda.webp\" alt=\"Austrolestes leda m\u00e2le, Australie (FNQ), Desailly, 07\/12\/2022\" class=\"wp-image-12048 lazyload\" style=\"--smush-placeholder-width: 1305px; --smush-placeholder-aspect-ratio: 1305\/884;width:537px;height:363px\" data-srcset=\"https:\/\/www.meslibellules.fr\/blog\/wp-content\/uploads\/Austrolestes-leda.webp 1305w, https:\/\/www.meslibellules.fr\/blog\/wp-content\/uploads\/Austrolestes-leda-768x520.webp 768w\" data-sizes=\"(max-width: 1305px) 100vw, 1305px\" src=\"data:image\/svg+xml;base64,PHN2ZyB3aWR0aD0iMSIgaGVpZ2h0PSIxIiB4bWxucz0iaHR0cDovL3d3dy53My5vcmcvMjAwMC9zdmciPjwvc3ZnPg==\" \/><\/a><figcaption class=\"wp-element-caption\">Austrolestes leda m\u00e2le, Australie (FNQ), Desailly, 07\/12\/2022<\/figcaption><\/figure>\n\n\n\n<p><span style=\"text-decoration: underline;\"><strong>\u00c9tymologie<\/strong><\/span><br \/><strong>Austroleste<\/strong> (1) est un compos\u00e9 du latin\u00a0<em>Auster<\/em>, pour\u00a0<em>sud<\/em> (plus exactement vent du sud), comme dans austral ou\u2026 Australie et de <em>Lestes<\/em>, apparemment d&rsquo;un mot grec signifiant voleur ou pirate, tr\u00e8s vraisemblablement en raison de la forme des appendices anaux qui \u00e9voque le coutelas courb\u00e9 des pirates.<br \/><strong>Leda<\/strong> \u00e9tait l&rsquo;\u00e9pouse d&rsquo;un roi de Sparte, et il n&rsquo;y a pas de raison autre que la propension \u00e0 utiliser des noms issus de l&rsquo;histoire ou de la mythologie \u00e0 cette \u00e9poque.<\/p>\n\n\n\n<div style=\"height:28px\" aria-hidden=\"true\" class=\"wp-block-spacer\"><\/div>\n\n\n\n<p style=\"font-size:12px\">-1- <a href=\"https:\/\/www.researchgate.net\/publication\/283318421_The_Naming_of_Australia's_Dragonflies#fullTextFileContent\">The Naming of Australia&rsquo;s Dragonflies<\/a>, Ian Endersby &amp; Heinrich Fliedner, Busybird publishing.<\/p>\n\n\n\n<div style=\"height:39px\" aria-hidden=\"true\" class=\"wp-block-spacer\"><\/div>\n\n\n\n<div class=\"wp-block-buttons is-layout-flex wp-block-buttons-is-layout-flex\">\n<div class=\"wp-block-button\"><a class=\"wp-block-button__link wp-element-button\" href=\"https:\/\/www.meslibellules.fr\/blog\/odonates-daustralie-australian-odonates\/\">Accueil Australie<\/a><\/div>\n<\/div>\n","protected":false},"excerpt":{"rendered":"<p>Austolestes Leda, le Wandering ringtail pour nos amis australiens, est une tr\u00e8s br\u00e8ve rencontre, l&rsquo;avons vu que quelques minutes, et pour moi le temps de 5 photos, sur 2 supports. Nous l&rsquo;avons cherch\u00e9 en vain dans ce ruisseau qui s&rsquo;apparente \u00e0 cette saison \u00e0 un tr\u00e8s profond foss\u00e9 avec quelques flaques, mais il s&rsquo;est \u00e9chapp\u00e9 [&hellip;]<\/p>\n","protected":false},"author":1,"featured_media":0,"comment_status":"open","ping_status":"open","sticky":false,"template":"","format":"image","meta":{"site-sidebar-layout":"default","site-content-layout":"","ast-site-content-layout":"default","site-content-style":"default","site-sidebar-style":"default","ast-global-header-display":"","ast-banner-title-visibility":"","ast-main-header-display":"","ast-hfb-above-header-display":"","ast-hfb-below-header-display":"","ast-hfb-mobile-header-display":"","site-post-title":"","ast-breadcrumbs-content":"","ast-featured-img":"","footer-sml-layout":"","ast-disable-related-posts":"","theme-transparent-header-meta":"","adv-header-id-meta":"","stick-header-meta":"","header-above-stick-meta":"","header-main-stick-meta":"","header-below-stick-meta":"","astra-migrate-meta-layouts":"set","ast-page-background-enabled":"default","ast-page-background-meta":{"desktop":{"background-color":"var(--ast-global-color-4)","background-image":"","background-repeat":"repeat","background-position":"center center","background-size":"auto","background-attachment":"scroll","background-type":"","background-media":"","overlay-type":"","overlay-color":"","overlay-opacity":"","overlay-gradient":""},"tablet":{"background-color":"","background-image":"","background-repeat":"repeat","background-position":"center center","background-size":"auto","background-attachment":"scroll","background-type":"","background-media":"","overlay-type":"","overlay-color":"","overlay-opacity":"","overlay-gradient":""},"mobile":{"background-color":"","background-image":"","background-repeat":"repeat","background-position":"center center","background-size":"auto","background-attachment":"scroll","background-type":"","background-media":"","overlay-type":"","overlay-color":"","overlay-opacity":"","overlay-gradient":""}},"ast-content-background-meta":{"desktop":{"background-color":"var(--ast-global-color-5)","background-image":"","background-repeat":"repeat","background-position":"center center","background-size":"auto","background-attachment":"scroll","background-type":"","background-media":"","overlay-type":"","overlay-color":"","overlay-opacity":"","overlay-gradient":""},"tablet":{"background-color":"var(--ast-global-color-5)","background-image":"","background-repeat":"repeat","background-position":"center center","background-size":"auto","background-attachment":"scroll","background-type":"","background-media":"","overlay-type":"","overlay-color":"","overlay-opacity":"","overlay-gradient":""},"mobile":{"background-color":"var(--ast-global-color-5)","background-image":"","background-repeat":"repeat","background-position":"center center","background-size":"auto","background-attachment":"scroll","background-type":"","background-media":"","overlay-type":"","overlay-color":"","overlay-opacity":"","overlay-gradient":""}},"footnotes":""},"categories":[684,718],"tags":[687,719],"class_list":["post-12046","post","type-post","status-publish","format-image","hentry","category-australie-nt","category-lestidae-australie-nt","tag-australie","tag-lestidae-australie","post_format-post-format-image"],"yoast_head":"<!-- This site is optimized with the Yoast SEO plugin v27.5 - https:\/\/yoast.com\/product\/yoast-seo-wordpress\/ -->\n<title>Austrolestes leda (Selys, 1892) - Mes Libellules<\/title>\n<meta name=\"description\" content=\"Austrolestes leda en Australie, description, biotope, taille, distribution g\u00e9ographique, photos\" \/>\n<meta name=\"robots\" content=\"index, follow, max-snippet:-1, max-image-preview:large, max-video-preview:-1\" \/>\n<link rel=\"canonical\" href=\"https:\/\/www.meslibellules.fr\/blog\/2022\/12\/29\/austrolestes-leda-selys-1892\/\" \/>\n<meta property=\"og:locale\" content=\"fr_FR\" \/>\n<meta property=\"og:type\" content=\"article\" \/>\n<meta property=\"og:title\" content=\"Austrolestes leda (Selys, 1892) - Mes Libellules\" \/>\n<meta property=\"og:description\" content=\"Austrolestes leda en Australie, description, biotope, taille, distribution g\u00e9ographique, photos\" \/>\n<meta property=\"og:url\" content=\"https:\/\/www.meslibellules.fr\/blog\/2022\/12\/29\/austrolestes-leda-selys-1892\/\" \/>\n<meta property=\"og:site_name\" content=\"Mes Libellules\" \/>\n<meta property=\"article:publisher\" content=\"https:\/\/www.facebook.com\/benoit.guillon.96\/\" \/>\n<meta property=\"article:author\" content=\"https:\/\/www.facebook.com\/benoit.guillon.96\/\" \/>\n<meta property=\"article:published_time\" content=\"2022-12-29T08:22:33+00:00\" \/>\n<meta property=\"article:modified_time\" content=\"2025-01-29T02:42:52+00:00\" \/>\n<meta property=\"og:image\" content=\"https:\/\/www.meslibellules.fr\/blog\/wp-content\/uploads\/Austrolestes-leda-2.webp\" \/>\n\t<meta property=\"og:image:width\" content=\"1371\" \/>\n\t<meta property=\"og:image:height\" content=\"884\" \/>\n\t<meta property=\"og:image:type\" content=\"image\/webp\" \/>\n<meta name=\"author\" content=\"Beno\u00eet Guillon\" \/>\n<meta name=\"twitter:card\" content=\"summary_large_image\" \/>\n<meta name=\"twitter:label1\" content=\"\u00c9crit par\" \/>\n\t<meta name=\"twitter:data1\" content=\"Beno\u00eet Guillon\" \/>\n\t<meta name=\"twitter:label2\" content=\"Dur\u00e9e de lecture estim\u00e9e\" \/>\n\t<meta name=\"twitter:data2\" content=\"6 minutes\" \/>\n<script type=\"application\/ld+json\" class=\"yoast-schema-graph\">{\"@context\":\"https:\\\/\\\/schema.org\",\"@graph\":[{\"@type\":[\"Article\",\"BlogPosting\"],\"@id\":\"https:\\\/\\\/www.meslibellules.fr\\\/blog\\\/2022\\\/12\\\/29\\\/austrolestes-leda-selys-1892\\\/#article\",\"isPartOf\":{\"@id\":\"https:\\\/\\\/www.meslibellules.fr\\\/blog\\\/2022\\\/12\\\/29\\\/austrolestes-leda-selys-1892\\\/\"},\"author\":{\"name\":\"Beno\u00eet Guillon\",\"@id\":\"https:\\\/\\\/www.meslibellules.fr\\\/blog\\\/#\\\/schema\\\/person\\\/9aa3586f9dd053fcf329f43b8b053c77\"},\"headline\":\"Austrolestes leda (Selys, 1892)\",\"datePublished\":\"2022-12-29T08:22:33+00:00\",\"dateModified\":\"2025-01-29T02:42:52+00:00\",\"mainEntityOfPage\":{\"@id\":\"https:\\\/\\\/www.meslibellules.fr\\\/blog\\\/2022\\\/12\\\/29\\\/austrolestes-leda-selys-1892\\\/\"},\"wordCount\":297,\"commentCount\":0,\"publisher\":{\"@id\":\"https:\\\/\\\/www.meslibellules.fr\\\/blog\\\/#\\\/schema\\\/person\\\/9aa3586f9dd053fcf329f43b8b053c77\"},\"image\":{\"@id\":\"https:\\\/\\\/www.meslibellules.fr\\\/blog\\\/2022\\\/12\\\/29\\\/austrolestes-leda-selys-1892\\\/#primaryimage\"},\"thumbnailUrl\":\"https:\\\/\\\/www.meslibellules.fr\\\/blog\\\/wp-content\\\/uploads\\\/Austrolestes-leda-2.webp\",\"keywords\":[\"Australie\",\"Lestidae-Australie\"],\"articleSection\":[\"Australie (NT, WA &amp; FNQ)\",\"Lestidae\"],\"inLanguage\":\"fr-FR\",\"potentialAction\":[{\"@type\":\"CommentAction\",\"name\":\"Comment\",\"target\":[\"https:\\\/\\\/www.meslibellules.fr\\\/blog\\\/2022\\\/12\\\/29\\\/austrolestes-leda-selys-1892\\\/#respond\"]}]},{\"@type\":\"WebPage\",\"@id\":\"https:\\\/\\\/www.meslibellules.fr\\\/blog\\\/2022\\\/12\\\/29\\\/austrolestes-leda-selys-1892\\\/\",\"url\":\"https:\\\/\\\/www.meslibellules.fr\\\/blog\\\/2022\\\/12\\\/29\\\/austrolestes-leda-selys-1892\\\/\",\"name\":\"Austrolestes leda (Selys, 1892) - Mes Libellules\",\"isPartOf\":{\"@id\":\"https:\\\/\\\/www.meslibellules.fr\\\/blog\\\/#website\"},\"primaryImageOfPage\":{\"@id\":\"https:\\\/\\\/www.meslibellules.fr\\\/blog\\\/2022\\\/12\\\/29\\\/austrolestes-leda-selys-1892\\\/#primaryimage\"},\"image\":{\"@id\":\"https:\\\/\\\/www.meslibellules.fr\\\/blog\\\/2022\\\/12\\\/29\\\/austrolestes-leda-selys-1892\\\/#primaryimage\"},\"thumbnailUrl\":\"https:\\\/\\\/www.meslibellules.fr\\\/blog\\\/wp-content\\\/uploads\\\/Austrolestes-leda-2.webp\",\"datePublished\":\"2022-12-29T08:22:33+00:00\",\"dateModified\":\"2025-01-29T02:42:52+00:00\",\"description\":\"Austrolestes leda en Australie, description, biotope, taille, distribution g\u00e9ographique, photos\",\"breadcrumb\":{\"@id\":\"https:\\\/\\\/www.meslibellules.fr\\\/blog\\\/2022\\\/12\\\/29\\\/austrolestes-leda-selys-1892\\\/#breadcrumb\"},\"inLanguage\":\"fr-FR\",\"potentialAction\":[{\"@type\":\"ReadAction\",\"target\":[\"https:\\\/\\\/www.meslibellules.fr\\\/blog\\\/2022\\\/12\\\/29\\\/austrolestes-leda-selys-1892\\\/\"]}]},{\"@type\":\"ImageObject\",\"inLanguage\":\"fr-FR\",\"@id\":\"https:\\\/\\\/www.meslibellules.fr\\\/blog\\\/2022\\\/12\\\/29\\\/austrolestes-leda-selys-1892\\\/#primaryimage\",\"url\":\"https:\\\/\\\/www.meslibellules.fr\\\/blog\\\/wp-content\\\/uploads\\\/Austrolestes-leda-2.webp\",\"contentUrl\":\"https:\\\/\\\/www.meslibellules.fr\\\/blog\\\/wp-content\\\/uploads\\\/Austrolestes-leda-2.webp\",\"width\":1371,\"height\":884,\"caption\":\"Austrolestes leda m\u00e2le, Australie (FNQ), Desailly, 07\\\/12\\\/2022\"},{\"@type\":\"BreadcrumbList\",\"@id\":\"https:\\\/\\\/www.meslibellules.fr\\\/blog\\\/2022\\\/12\\\/29\\\/austrolestes-leda-selys-1892\\\/#breadcrumb\",\"itemListElement\":[{\"@type\":\"ListItem\",\"position\":1,\"name\":\"Accueil\",\"item\":\"https:\\\/\\\/www.meslibellules.fr\\\/blog\\\/\"},{\"@type\":\"ListItem\",\"position\":2,\"name\":\"Austrolestes leda (Selys, 1892)\"}]},{\"@type\":\"WebSite\",\"@id\":\"https:\\\/\\\/www.meslibellules.fr\\\/blog\\\/#website\",\"url\":\"https:\\\/\\\/www.meslibellules.fr\\\/blog\\\/\",\"name\":\"Mes Libellules\",\"description\":\"Pr\u00e9sentation des libellules rencontr\u00e9es dans le monde\",\"publisher\":{\"@id\":\"https:\\\/\\\/www.meslibellules.fr\\\/blog\\\/#\\\/schema\\\/person\\\/9aa3586f9dd053fcf329f43b8b053c77\"},\"potentialAction\":[{\"@type\":\"SearchAction\",\"target\":{\"@type\":\"EntryPoint\",\"urlTemplate\":\"https:\\\/\\\/www.meslibellules.fr\\\/blog\\\/?s={search_term_string}\"},\"query-input\":{\"@type\":\"PropertyValueSpecification\",\"valueRequired\":true,\"valueName\":\"search_term_string\"}}],\"inLanguage\":\"fr-FR\"},{\"@type\":[\"Person\",\"Organization\"],\"@id\":\"https:\\\/\\\/www.meslibellules.fr\\\/blog\\\/#\\\/schema\\\/person\\\/9aa3586f9dd053fcf329f43b8b053c77\",\"name\":\"Beno\u00eet Guillon\",\"image\":{\"@type\":\"ImageObject\",\"inLanguage\":\"fr-FR\",\"@id\":\"https:\\\/\\\/www.meslibellules.fr\\\/blog\\\/wp-content\\\/uploads\\\/cropped-avatar-150-pix.jpg\",\"url\":\"https:\\\/\\\/www.meslibellules.fr\\\/blog\\\/wp-content\\\/uploads\\\/cropped-avatar-150-pix.jpg\",\"contentUrl\":\"https:\\\/\\\/www.meslibellules.fr\\\/blog\\\/wp-content\\\/uploads\\\/cropped-avatar-150-pix.jpg\",\"width\":150,\"height\":137,\"caption\":\"Beno\u00eet Guillon\"},\"logo\":{\"@id\":\"https:\\\/\\\/www.meslibellules.fr\\\/blog\\\/wp-content\\\/uploads\\\/cropped-avatar-150-pix.jpg\"},\"sameAs\":[\"https:\\\/\\\/www.facebook.com\\\/benoit.guillon.96\\\/\"]}]}<\/script>\n<!-- \/ Yoast SEO plugin. -->","yoast_head_json":{"title":"Austrolestes leda (Selys, 1892) - Mes Libellules","description":"Austrolestes leda en Australie, description, biotope, taille, distribution g\u00e9ographique, photos","robots":{"index":"index","follow":"follow","max-snippet":"max-snippet:-1","max-image-preview":"max-image-preview:large","max-video-preview":"max-video-preview:-1"},"canonical":"https:\/\/www.meslibellules.fr\/blog\/2022\/12\/29\/austrolestes-leda-selys-1892\/","og_locale":"fr_FR","og_type":"article","og_title":"Austrolestes leda (Selys, 1892) - Mes Libellules","og_description":"Austrolestes leda en Australie, description, biotope, taille, distribution g\u00e9ographique, photos","og_url":"https:\/\/www.meslibellules.fr\/blog\/2022\/12\/29\/austrolestes-leda-selys-1892\/","og_site_name":"Mes Libellules","article_publisher":"https:\/\/www.facebook.com\/benoit.guillon.96\/","article_author":"https:\/\/www.facebook.com\/benoit.guillon.96\/","article_published_time":"2022-12-29T08:22:33+00:00","article_modified_time":"2025-01-29T02:42:52+00:00","og_image":[{"width":1371,"height":884,"url":"https:\/\/www.meslibellules.fr\/blog\/wp-content\/uploads\/Austrolestes-leda-2.webp","type":"image\/webp"}],"author":"Beno\u00eet Guillon","twitter_card":"summary_large_image","twitter_misc":{"\u00c9crit par":"Beno\u00eet Guillon","Dur\u00e9e de lecture estim\u00e9e":"6 minutes"},"schema":{"@context":"https:\/\/schema.org","@graph":[{"@type":["Article","BlogPosting"],"@id":"https:\/\/www.meslibellules.fr\/blog\/2022\/12\/29\/austrolestes-leda-selys-1892\/#article","isPartOf":{"@id":"https:\/\/www.meslibellules.fr\/blog\/2022\/12\/29\/austrolestes-leda-selys-1892\/"},"author":{"name":"Beno\u00eet Guillon","@id":"https:\/\/www.meslibellules.fr\/blog\/#\/schema\/person\/9aa3586f9dd053fcf329f43b8b053c77"},"headline":"Austrolestes leda (Selys, 1892)","datePublished":"2022-12-29T08:22:33+00:00","dateModified":"2025-01-29T02:42:52+00:00","mainEntityOfPage":{"@id":"https:\/\/www.meslibellules.fr\/blog\/2022\/12\/29\/austrolestes-leda-selys-1892\/"},"wordCount":297,"commentCount":0,"publisher":{"@id":"https:\/\/www.meslibellules.fr\/blog\/#\/schema\/person\/9aa3586f9dd053fcf329f43b8b053c77"},"image":{"@id":"https:\/\/www.meslibellules.fr\/blog\/2022\/12\/29\/austrolestes-leda-selys-1892\/#primaryimage"},"thumbnailUrl":"https:\/\/www.meslibellules.fr\/blog\/wp-content\/uploads\/Austrolestes-leda-2.webp","keywords":["Australie","Lestidae-Australie"],"articleSection":["Australie (NT, WA &amp; FNQ)","Lestidae"],"inLanguage":"fr-FR","potentialAction":[{"@type":"CommentAction","name":"Comment","target":["https:\/\/www.meslibellules.fr\/blog\/2022\/12\/29\/austrolestes-leda-selys-1892\/#respond"]}]},{"@type":"WebPage","@id":"https:\/\/www.meslibellules.fr\/blog\/2022\/12\/29\/austrolestes-leda-selys-1892\/","url":"https:\/\/www.meslibellules.fr\/blog\/2022\/12\/29\/austrolestes-leda-selys-1892\/","name":"Austrolestes leda (Selys, 1892) - Mes Libellules","isPartOf":{"@id":"https:\/\/www.meslibellules.fr\/blog\/#website"},"primaryImageOfPage":{"@id":"https:\/\/www.meslibellules.fr\/blog\/2022\/12\/29\/austrolestes-leda-selys-1892\/#primaryimage"},"image":{"@id":"https:\/\/www.meslibellules.fr\/blog\/2022\/12\/29\/austrolestes-leda-selys-1892\/#primaryimage"},"thumbnailUrl":"https:\/\/www.meslibellules.fr\/blog\/wp-content\/uploads\/Austrolestes-leda-2.webp","datePublished":"2022-12-29T08:22:33+00:00","dateModified":"2025-01-29T02:42:52+00:00","description":"Austrolestes leda en Australie, description, biotope, taille, distribution g\u00e9ographique, photos","breadcrumb":{"@id":"https:\/\/www.meslibellules.fr\/blog\/2022\/12\/29\/austrolestes-leda-selys-1892\/#breadcrumb"},"inLanguage":"fr-FR","potentialAction":[{"@type":"ReadAction","target":["https:\/\/www.meslibellules.fr\/blog\/2022\/12\/29\/austrolestes-leda-selys-1892\/"]}]},{"@type":"ImageObject","inLanguage":"fr-FR","@id":"https:\/\/www.meslibellules.fr\/blog\/2022\/12\/29\/austrolestes-leda-selys-1892\/#primaryimage","url":"https:\/\/www.meslibellules.fr\/blog\/wp-content\/uploads\/Austrolestes-leda-2.webp","contentUrl":"https:\/\/www.meslibellules.fr\/blog\/wp-content\/uploads\/Austrolestes-leda-2.webp","width":1371,"height":884,"caption":"Austrolestes leda m\u00e2le, Australie (FNQ), Desailly, 07\/12\/2022"},{"@type":"BreadcrumbList","@id":"https:\/\/www.meslibellules.fr\/blog\/2022\/12\/29\/austrolestes-leda-selys-1892\/#breadcrumb","itemListElement":[{"@type":"ListItem","position":1,"name":"Accueil","item":"https:\/\/www.meslibellules.fr\/blog\/"},{"@type":"ListItem","position":2,"name":"Austrolestes leda (Selys, 1892)"}]},{"@type":"WebSite","@id":"https:\/\/www.meslibellules.fr\/blog\/#website","url":"https:\/\/www.meslibellules.fr\/blog\/","name":"Mes Libellules","description":"Pr\u00e9sentation des libellules rencontr\u00e9es dans le monde","publisher":{"@id":"https:\/\/www.meslibellules.fr\/blog\/#\/schema\/person\/9aa3586f9dd053fcf329f43b8b053c77"},"potentialAction":[{"@type":"SearchAction","target":{"@type":"EntryPoint","urlTemplate":"https:\/\/www.meslibellules.fr\/blog\/?s={search_term_string}"},"query-input":{"@type":"PropertyValueSpecification","valueRequired":true,"valueName":"search_term_string"}}],"inLanguage":"fr-FR"},{"@type":["Person","Organization"],"@id":"https:\/\/www.meslibellules.fr\/blog\/#\/schema\/person\/9aa3586f9dd053fcf329f43b8b053c77","name":"Beno\u00eet Guillon","image":{"@type":"ImageObject","inLanguage":"fr-FR","@id":"https:\/\/www.meslibellules.fr\/blog\/wp-content\/uploads\/cropped-avatar-150-pix.jpg","url":"https:\/\/www.meslibellules.fr\/blog\/wp-content\/uploads\/cropped-avatar-150-pix.jpg","contentUrl":"https:\/\/www.meslibellules.fr\/blog\/wp-content\/uploads\/cropped-avatar-150-pix.jpg","width":150,"height":137,"caption":"Beno\u00eet Guillon"},"logo":{"@id":"https:\/\/www.meslibellules.fr\/blog\/wp-content\/uploads\/cropped-avatar-150-pix.jpg"},"sameAs":["https:\/\/www.facebook.com\/benoit.guillon.96\/"]}]}},"_links":{"self":[{"href":"https:\/\/www.meslibellules.fr\/blog\/wp-json\/wp\/v2\/posts\/12046","targetHints":{"allow":["GET"]}}],"collection":[{"href":"https:\/\/www.meslibellules.fr\/blog\/wp-json\/wp\/v2\/posts"}],"about":[{"href":"https:\/\/www.meslibellules.fr\/blog\/wp-json\/wp\/v2\/types\/post"}],"author":[{"embeddable":true,"href":"https:\/\/www.meslibellules.fr\/blog\/wp-json\/wp\/v2\/users\/1"}],"replies":[{"embeddable":true,"href":"https:\/\/www.meslibellules.fr\/blog\/wp-json\/wp\/v2\/comments?post=12046"}],"version-history":[{"count":0,"href":"https:\/\/www.meslibellules.fr\/blog\/wp-json\/wp\/v2\/posts\/12046\/revisions"}],"wp:attachment":[{"href":"https:\/\/www.meslibellules.fr\/blog\/wp-json\/wp\/v2\/media?parent=12046"}],"wp:term":[{"taxonomy":"category","embeddable":true,"href":"https:\/\/www.meslibellules.fr\/blog\/wp-json\/wp\/v2\/categories?post=12046"},{"taxonomy":"post_tag","embeddable":true,"href":"https:\/\/www.meslibellules.fr\/blog\/wp-json\/wp\/v2\/tags?post=12046"}],"curies":[{"name":"wp","href":"https:\/\/api.w.org\/{rel}","templated":true}]}}