{"id":1222,"date":"2018-09-29T07:36:31","date_gmt":"2018-09-29T05:36:31","guid":{"rendered":"http:\/\/www.meslibellules.fr\/blog\/?p=1222"},"modified":"2025-12-26T18:55:00","modified_gmt":"2025-12-26T17:55:00","slug":"vietnam-2018-periaeschna-magdalena","status":"publish","type":"post","link":"https:\/\/www.meslibellules.fr\/blog\/2018\/09\/29\/vietnam-2018-periaeschna-magdalena\/","title":{"rendered":"Vietnam 2018 &#8211; Periaeschna magdalena  Martin, 1909"},"content":{"rendered":"\n<figure class=\"wp-block-image aligncenter\"><a href=\"https:\/\/www.meslibellules.fr\/blog\/wp-content\/uploads\/2018\/09\/periaeschna-magdalena.jpg\"><img decoding=\"async\" width=\"2561\" height=\"1204\" data-src=\"https:\/\/www.meslibellules.fr\/blog\/wp-content\/uploads\/2018\/09\/periaeschna-magdalena.jpg\" alt=\"Periaeschna magdalena femelle, Vietnam, Pia Oac, 5 juin 2018\" class=\"wp-image-1223 lazyload\" data-srcset=\"https:\/\/www.meslibellules.fr\/blog\/wp-content\/uploads\/2018\/09\/periaeschna-magdalena.jpg 2561w, https:\/\/www.meslibellules.fr\/blog\/wp-content\/uploads\/2018\/09\/periaeschna-magdalena-768x361.jpg 768w, https:\/\/www.meslibellules.fr\/blog\/wp-content\/uploads\/2018\/09\/periaeschna-magdalena-1200x564.jpg 1200w\" data-sizes=\"(max-width: 2561px) 100vw, 2561px\" src=\"data:image\/svg+xml;base64,PHN2ZyB3aWR0aD0iMSIgaGVpZ2h0PSIxIiB4bWxucz0iaHR0cDovL3d3dy53My5vcmcvMjAwMC9zdmciPjwvc3ZnPg==\" style=\"--smush-placeholder-width: 2561px; --smush-placeholder-aspect-ratio: 2561\/1204;\" \/><\/a><figcaption class=\"wp-element-caption\">Periaeschna magdalena femelle, Vietnam, Pia Oac, 5 juin 2018<\/figcaption><\/figure>\n\n\n\n<p style=\"font-size:15px\">Periaeschna magdalena a \u00e9t\u00e9 d\u00e9crit par Ren\u00e9 Martin en 1909 dans\u00a0Collections zoologiques de Edmond de Selys Lonchamps, Aeschnines (1). Mais, il s&rsquo;agissait d&rsquo;un sujet de sa propre collection qu&rsquo;il avait captur\u00e9 justement au Tonkin, et comme moi \ud83d\ude09, il n&rsquo;avait vu qu&rsquo;une femelle. Celle-ci a \u00e9t\u00e9 captur\u00e9e \u00e0 <a href=\"https:\/\/www.google.fr\/maps\/place\/22%C2%B035'41.2%22N+105%C2%B053'15.0%22E\/@23.4441379,105.931452,3241292m\/data=!3m1!1e3!4m5!3m4!1s0x0:0x0!8m2!3d22.5947767!4d105.8875067\" target=\"_blank\" rel=\"noopener\">Pia Oac<\/a>, en for\u00eat \u00e0 1315 m d&rsquo;altitude.<br><br>Elle mesure 67 mm, 52 mm pour l&rsquo;abdomen et 44 pour l&rsquo;aile post\u00e9rieure. Comme toutes les femelles Periaeschna, elle montre un appendice fourchu, ou bifide sous le 10\u1d49 segment abdominal qu&rsquo;on voit tr\u00e8s bien en cliquant sur la photo\u202f; j&rsquo;en ignore la fonction, s&rsquo;il en a une\u202f; peut-\u00eatre double-t-il le stylet sous S9 qui sert \u00e0 palper le substrat de ponte, ou a-t-il une fonction particuli\u00e8re pendant l&rsquo;accouplement.<br><br>On le rencontre dans le grand sud de la Chine (Fujian, Guangxi, Hainan, Hubei, Jiangsu, Sichuan, Zhejiang), \u00e0 Ta\u00efwan, et au Vietnam, mais les citations dans l&rsquo;extr\u00eame est de l&rsquo;Inde, au\u00a0Meghalaya, seraient \u00e0 prendre avec pr\u00e9caution.<br><a href=\"https:\/\/www.iucnredlist.org\/species\/163654\/5630735#geographic-range\">IUCN Red List<\/a><\/p>\n\n\n\n<figure class=\"wp-block-image aligncenter\"><img decoding=\"async\" width=\"427\" height=\"495\" data-src=\"https:\/\/www.meslibellules.fr\/blog\/wp-content\/uploads\/2018\/09\/periaeschna-magdalena-martin-inSelys.jpg\" alt=\"Periaeschna magdalena femelle, Tonkin, Marin in Selys\" class=\"wp-image-1226 lazyload\" src=\"data:image\/svg+xml;base64,PHN2ZyB3aWR0aD0iMSIgaGVpZ2h0PSIxIiB4bWxucz0iaHR0cDovL3d3dy53My5vcmcvMjAwMC9zdmciPjwvc3ZnPg==\" style=\"--smush-placeholder-width: 427px; --smush-placeholder-aspect-ratio: 427\/495;\" \/><figcaption class=\"wp-element-caption\">Periaeschna magdalena femelle, Tonkin, Martin in Selys, 1909<\/figcaption><\/figure>\n\n\n\n<p><strong>\u00c9tymologie<\/strong><br><strong>Periaeschna<\/strong>\u00a0(Martin, 1909), du grec\u00a0<em>peri<\/em>, pour\u00a0<em>autour<\/em>, qui induit, en pr\u00e9fixe, une notion de proximit\u00e9 avec ce qui suit, dans notre cas une parent\u00e9 avec les autres Aeshnidae. Aeschna est un cas particulier dans l\u2019\u00e9tymologie des noms d\u2019odonates. Il est ici \u00e9crit dans sa version\u00a0corrig\u00e9e, et on a en Europe, l\u2019habitude de l\u2019\u00e9crire sans \u00ab\u00a0c\u00a0\u00bb, la version de Fabricius (1775) qui a cr\u00e9\u00e9 le nom de genre Aeshna.<br>On suppose, car il ne l\u2019a pas pr\u00e9cis\u00e9, que Fabricius a form\u00e9 ce nom depuis un mot grec signifiant\u00a0<em>d\u00e9figurer<\/em>\u00a0ou\u00a0<em>ternir<\/em>\u00a0(pourquoi, c\u2019est une autre \u00e9nigme ?) ; mais Fabricius est un puriste et on ne peut expliquer cette absence de \u00ab\u00a0c \u00a0\u00bb que par une erreur de transcription ou une erreur typographique.<br>L\u2019absence de ce \u00ab\u00a0c\u00a0\u00bb n\u2019est rest\u00e9e la norme que pour le genre Aeshna et tous les \u00ab\u00a0compos\u00e9s\u00a0\u00bb l\u2019ont int\u00e9gr\u00e9.<br><strong>Magdalena<\/strong> ; Martin ne donne aucune indication et on ne peut faire que des suppositions. C&rsquo;est soit un hommage (latinis\u00e9) \u00e0 une de ses connaissances, soit il s&rsquo;est conform\u00e9 \u00e0 l&rsquo;habitude de l&rsquo;\u00e9poque de donner des noms de personnages historiques ou mythologiques, peut-\u00eatre Sainte Madeleine en l&rsquo;occurrence.<\/p>\n\n\n\n<div style=\"height:30px\" aria-hidden=\"true\" class=\"wp-block-spacer\"><\/div>\n\n\n\n<p style=\"font-size:13px\">1-Martin, Ren\u00e9. 1908 <a href=\"https:\/\/archive.org\/details\/collectionszoolo1820sely\/page\/n185\/mode\/2up?q=periaeschna\">Aeschnines Collections zoologiques du Baron Edmond de Selys Longchamps. Catalogue syst\u00e9matique et descriptif <\/a>18: 1\u201384; Pls. 1\u20132.<\/p>\n\n\n\n<div style=\"height:20px\" aria-hidden=\"true\" class=\"wp-block-spacer\"><\/div>\n\n\n\n<div class=\"wp-block-buttons is-vertical is-layout-flex wp-container-core-buttons-is-layout-fe9cc265 wp-block-buttons-is-layout-flex\">\n<div class=\"wp-block-button\"><a class=\"wp-block-button__link wp-element-button\" href=\"https:\/\/www.meslibellules.fr\/blog\/odonates-du-vietnam-2012-2018\/\">Accueil Vietnam<\/a><\/div>\n\n\n\n<div class=\"wp-block-button\"><a class=\"wp-block-button__link wp-element-button\" href=\"http:\/\/www.meslibellules.fr\/pagesweb\/divers\/liste-generale-odonates-du-site\/asia-odonates.php\">Liste Asie<\/a><\/div>\n\n\n\n<div class=\"wp-block-button\"><a class=\"wp-block-button__link wp-element-button\" href=\"https:\/\/www.meslibellules.fr\/blog\/\">Accueil<\/a><\/div>\n<\/div>\n","protected":false},"excerpt":{"rendered":"<p>Periaeschna magdalena a \u00e9t\u00e9 d\u00e9crit par Ren\u00e9 Martin en 1909 dans\u00a0Collections zoologiques de Edmond de Selys Lonchamps, Aeschnines (1). Mais, il s&rsquo;agissait d&rsquo;un sujet de sa propre collection qu&rsquo;il avait captur\u00e9 justement au Tonkin, et comme moi \ud83d\ude09, il n&rsquo;avait vu qu&rsquo;une femelle. Celle-ci a \u00e9t\u00e9 captur\u00e9e \u00e0 Pia Oac, en for\u00eat \u00e0 1315 m [&hellip;]<\/p>\n","protected":false},"author":1,"featured_media":0,"comment_status":"open","ping_status":"open","sticky":false,"template":"","format":"image","meta":{"site-sidebar-layout":"default","site-content-layout":"","ast-site-content-layout":"default","site-content-style":"default","site-sidebar-style":"default","ast-global-header-display":"","ast-banner-title-visibility":"","ast-main-header-display":"","ast-hfb-above-header-display":"","ast-hfb-below-header-display":"","ast-hfb-mobile-header-display":"","site-post-title":"","ast-breadcrumbs-content":"","ast-featured-img":"","footer-sml-layout":"","ast-disable-related-posts":"","theme-transparent-header-meta":"","adv-header-id-meta":"","stick-header-meta":"","header-above-stick-meta":"","header-main-stick-meta":"","header-below-stick-meta":"","astra-migrate-meta-layouts":"set","ast-page-background-enabled":"default","ast-page-background-meta":{"desktop":{"background-color":"var(--ast-global-color-4)","background-image":"","background-repeat":"repeat","background-position":"center center","background-size":"auto","background-attachment":"scroll","background-type":"","background-media":"","overlay-type":"","overlay-color":"","overlay-opacity":"","overlay-gradient":""},"tablet":{"background-color":"","background-image":"","background-repeat":"repeat","background-position":"center center","background-size":"auto","background-attachment":"scroll","background-type":"","background-media":"","overlay-type":"","overlay-color":"","overlay-opacity":"","overlay-gradient":""},"mobile":{"background-color":"","background-image":"","background-repeat":"repeat","background-position":"center center","background-size":"auto","background-attachment":"scroll","background-type":"","background-media":"","overlay-type":"","overlay-color":"","overlay-opacity":"","overlay-gradient":""}},"ast-content-background-meta":{"desktop":{"background-color":"var(--ast-global-color-5)","background-image":"","background-repeat":"repeat","background-position":"center center","background-size":"auto","background-attachment":"scroll","background-type":"","background-media":"","overlay-type":"","overlay-color":"","overlay-opacity":"","overlay-gradient":""},"tablet":{"background-color":"var(--ast-global-color-5)","background-image":"","background-repeat":"repeat","background-position":"center center","background-size":"auto","background-attachment":"scroll","background-type":"","background-media":"","overlay-type":"","overlay-color":"","overlay-opacity":"","overlay-gradient":""},"mobile":{"background-color":"var(--ast-global-color-5)","background-image":"","background-repeat":"repeat","background-position":"center center","background-size":"auto","background-attachment":"scroll","background-type":"","background-media":"","overlay-type":"","overlay-color":"","overlay-opacity":"","overlay-gradient":""}},"footnotes":""},"categories":[25],"tags":[],"class_list":["post-1222","post","type-post","status-publish","format-image","hentry","category-aeshnidae","post_format-post-format-image"],"yoast_head":"<!-- This site is optimized with the Yoast SEO plugin v27.5 - https:\/\/yoast.com\/product\/yoast-seo-wordpress\/ -->\n<title>Periaeschna magdalena - Mes Libellules<\/title>\n<meta name=\"description\" content=\"Periaeschna magdalena femelle au Vietnam, description, identification, taille, habitat, distribution g\u00e9ographique\" \/>\n<meta name=\"robots\" content=\"index, follow, max-snippet:-1, max-image-preview:large, max-video-preview:-1\" \/>\n<link rel=\"canonical\" href=\"https:\/\/www.meslibellules.fr\/blog\/2018\/09\/29\/vietnam-2018-periaeschna-magdalena\/\" \/>\n<meta property=\"og:locale\" content=\"fr_FR\" \/>\n<meta property=\"og:type\" content=\"article\" \/>\n<meta property=\"og:title\" content=\"Periaeschna magdalena - Mes Libellules\" \/>\n<meta property=\"og:description\" content=\"Periaeschna magdalena femelle au Vietnam, description, identification, taille, habitat, distribution g\u00e9ographique\" \/>\n<meta property=\"og:url\" content=\"https:\/\/www.meslibellules.fr\/blog\/2018\/09\/29\/vietnam-2018-periaeschna-magdalena\/\" \/>\n<meta property=\"og:site_name\" content=\"Mes Libellules\" \/>\n<meta property=\"article:publisher\" content=\"https:\/\/www.facebook.com\/benoit.guillon.96\/\" \/>\n<meta property=\"article:author\" content=\"https:\/\/www.facebook.com\/benoit.guillon.96\/\" \/>\n<meta property=\"article:published_time\" content=\"2018-09-29T05:36:31+00:00\" \/>\n<meta property=\"article:modified_time\" content=\"2025-12-26T17:55:00+00:00\" \/>\n<meta property=\"og:image\" content=\"http:\/\/www.meslibellules.fr\/blog\/wp-content\/uploads\/2018\/09\/periaeschna-magdalena.jpg\" \/>\n<meta name=\"author\" content=\"Beno\u00eet Guillon\" \/>\n<meta name=\"twitter:card\" content=\"summary_large_image\" \/>\n<meta name=\"twitter:label1\" content=\"\u00c9crit par\" \/>\n\t<meta name=\"twitter:data1\" content=\"Beno\u00eet Guillon\" \/>\n\t<meta name=\"twitter:label2\" content=\"Dur\u00e9e de lecture estim\u00e9e\" \/>\n\t<meta name=\"twitter:data2\" content=\"3 minutes\" \/>\n<script type=\"application\/ld+json\" class=\"yoast-schema-graph\">{\"@context\":\"https:\\\/\\\/schema.org\",\"@graph\":[{\"@type\":\"Article\",\"@id\":\"https:\\\/\\\/www.meslibellules.fr\\\/blog\\\/2018\\\/09\\\/29\\\/vietnam-2018-periaeschna-magdalena\\\/#article\",\"isPartOf\":{\"@id\":\"https:\\\/\\\/www.meslibellules.fr\\\/blog\\\/2018\\\/09\\\/29\\\/vietnam-2018-periaeschna-magdalena\\\/\"},\"author\":{\"name\":\"Beno\u00eet Guillon\",\"@id\":\"https:\\\/\\\/www.meslibellules.fr\\\/blog\\\/#\\\/schema\\\/person\\\/9aa3586f9dd053fcf329f43b8b053c77\"},\"headline\":\"Vietnam 2018 &#8211; Periaeschna magdalena Martin, 1909\",\"datePublished\":\"2018-09-29T05:36:31+00:00\",\"dateModified\":\"2025-12-26T17:55:00+00:00\",\"mainEntityOfPage\":{\"@id\":\"https:\\\/\\\/www.meslibellules.fr\\\/blog\\\/2018\\\/09\\\/29\\\/vietnam-2018-periaeschna-magdalena\\\/\"},\"wordCount\":417,\"commentCount\":0,\"publisher\":{\"@id\":\"https:\\\/\\\/www.meslibellules.fr\\\/blog\\\/#\\\/schema\\\/person\\\/9aa3586f9dd053fcf329f43b8b053c77\"},\"image\":{\"@id\":\"https:\\\/\\\/www.meslibellules.fr\\\/blog\\\/2018\\\/09\\\/29\\\/vietnam-2018-periaeschna-magdalena\\\/#primaryimage\"},\"thumbnailUrl\":\"http:\\\/\\\/www.meslibellules.fr\\\/blog\\\/wp-content\\\/uploads\\\/2018\\\/09\\\/periaeschna-magdalena.jpg\",\"articleSection\":[\"Aeshnidae\"],\"inLanguage\":\"fr-FR\",\"potentialAction\":[{\"@type\":\"CommentAction\",\"name\":\"Comment\",\"target\":[\"https:\\\/\\\/www.meslibellules.fr\\\/blog\\\/2018\\\/09\\\/29\\\/vietnam-2018-periaeschna-magdalena\\\/#respond\"]}]},{\"@type\":\"WebPage\",\"@id\":\"https:\\\/\\\/www.meslibellules.fr\\\/blog\\\/2018\\\/09\\\/29\\\/vietnam-2018-periaeschna-magdalena\\\/\",\"url\":\"https:\\\/\\\/www.meslibellules.fr\\\/blog\\\/2018\\\/09\\\/29\\\/vietnam-2018-periaeschna-magdalena\\\/\",\"name\":\"Periaeschna magdalena - Mes Libellules\",\"isPartOf\":{\"@id\":\"https:\\\/\\\/www.meslibellules.fr\\\/blog\\\/#website\"},\"primaryImageOfPage\":{\"@id\":\"https:\\\/\\\/www.meslibellules.fr\\\/blog\\\/2018\\\/09\\\/29\\\/vietnam-2018-periaeschna-magdalena\\\/#primaryimage\"},\"image\":{\"@id\":\"https:\\\/\\\/www.meslibellules.fr\\\/blog\\\/2018\\\/09\\\/29\\\/vietnam-2018-periaeschna-magdalena\\\/#primaryimage\"},\"thumbnailUrl\":\"http:\\\/\\\/www.meslibellules.fr\\\/blog\\\/wp-content\\\/uploads\\\/2018\\\/09\\\/periaeschna-magdalena.jpg\",\"datePublished\":\"2018-09-29T05:36:31+00:00\",\"dateModified\":\"2025-12-26T17:55:00+00:00\",\"description\":\"Periaeschna magdalena femelle au Vietnam, description, identification, taille, habitat, distribution g\u00e9ographique\",\"breadcrumb\":{\"@id\":\"https:\\\/\\\/www.meslibellules.fr\\\/blog\\\/2018\\\/09\\\/29\\\/vietnam-2018-periaeschna-magdalena\\\/#breadcrumb\"},\"inLanguage\":\"fr-FR\",\"potentialAction\":[{\"@type\":\"ReadAction\",\"target\":[\"https:\\\/\\\/www.meslibellules.fr\\\/blog\\\/2018\\\/09\\\/29\\\/vietnam-2018-periaeschna-magdalena\\\/\"]}]},{\"@type\":\"ImageObject\",\"inLanguage\":\"fr-FR\",\"@id\":\"https:\\\/\\\/www.meslibellules.fr\\\/blog\\\/2018\\\/09\\\/29\\\/vietnam-2018-periaeschna-magdalena\\\/#primaryimage\",\"url\":\"http:\\\/\\\/www.meslibellules.fr\\\/blog\\\/wp-content\\\/uploads\\\/2018\\\/09\\\/periaeschna-magdalena.jpg\",\"contentUrl\":\"http:\\\/\\\/www.meslibellules.fr\\\/blog\\\/wp-content\\\/uploads\\\/2018\\\/09\\\/periaeschna-magdalena.jpg\"},{\"@type\":\"BreadcrumbList\",\"@id\":\"https:\\\/\\\/www.meslibellules.fr\\\/blog\\\/2018\\\/09\\\/29\\\/vietnam-2018-periaeschna-magdalena\\\/#breadcrumb\",\"itemListElement\":[{\"@type\":\"ListItem\",\"position\":1,\"name\":\"Accueil\",\"item\":\"https:\\\/\\\/www.meslibellules.fr\\\/blog\\\/\"},{\"@type\":\"ListItem\",\"position\":2,\"name\":\"Vietnam 2018 &#8211; Periaeschna magdalena Martin, 1909\"}]},{\"@type\":\"WebSite\",\"@id\":\"https:\\\/\\\/www.meslibellules.fr\\\/blog\\\/#website\",\"url\":\"https:\\\/\\\/www.meslibellules.fr\\\/blog\\\/\",\"name\":\"Mes Libellules\",\"description\":\"Pr\u00e9sentation des libellules rencontr\u00e9es dans le monde\",\"publisher\":{\"@id\":\"https:\\\/\\\/www.meslibellules.fr\\\/blog\\\/#\\\/schema\\\/person\\\/9aa3586f9dd053fcf329f43b8b053c77\"},\"potentialAction\":[{\"@type\":\"SearchAction\",\"target\":{\"@type\":\"EntryPoint\",\"urlTemplate\":\"https:\\\/\\\/www.meslibellules.fr\\\/blog\\\/?s={search_term_string}\"},\"query-input\":{\"@type\":\"PropertyValueSpecification\",\"valueRequired\":true,\"valueName\":\"search_term_string\"}}],\"inLanguage\":\"fr-FR\"},{\"@type\":[\"Person\",\"Organization\"],\"@id\":\"https:\\\/\\\/www.meslibellules.fr\\\/blog\\\/#\\\/schema\\\/person\\\/9aa3586f9dd053fcf329f43b8b053c77\",\"name\":\"Beno\u00eet Guillon\",\"image\":{\"@type\":\"ImageObject\",\"inLanguage\":\"fr-FR\",\"@id\":\"https:\\\/\\\/www.meslibellules.fr\\\/blog\\\/wp-content\\\/uploads\\\/cropped-avatar-150-pix.jpg\",\"url\":\"https:\\\/\\\/www.meslibellules.fr\\\/blog\\\/wp-content\\\/uploads\\\/cropped-avatar-150-pix.jpg\",\"contentUrl\":\"https:\\\/\\\/www.meslibellules.fr\\\/blog\\\/wp-content\\\/uploads\\\/cropped-avatar-150-pix.jpg\",\"width\":150,\"height\":137,\"caption\":\"Beno\u00eet Guillon\"},\"logo\":{\"@id\":\"https:\\\/\\\/www.meslibellules.fr\\\/blog\\\/wp-content\\\/uploads\\\/cropped-avatar-150-pix.jpg\"},\"sameAs\":[\"https:\\\/\\\/www.facebook.com\\\/benoit.guillon.96\\\/\"]}]}<\/script>\n<!-- \/ Yoast SEO plugin. -->","yoast_head_json":{"title":"Periaeschna magdalena - Mes Libellules","description":"Periaeschna magdalena femelle au Vietnam, description, identification, taille, habitat, distribution g\u00e9ographique","robots":{"index":"index","follow":"follow","max-snippet":"max-snippet:-1","max-image-preview":"max-image-preview:large","max-video-preview":"max-video-preview:-1"},"canonical":"https:\/\/www.meslibellules.fr\/blog\/2018\/09\/29\/vietnam-2018-periaeschna-magdalena\/","og_locale":"fr_FR","og_type":"article","og_title":"Periaeschna magdalena - Mes Libellules","og_description":"Periaeschna magdalena femelle au Vietnam, description, identification, taille, habitat, distribution g\u00e9ographique","og_url":"https:\/\/www.meslibellules.fr\/blog\/2018\/09\/29\/vietnam-2018-periaeschna-magdalena\/","og_site_name":"Mes Libellules","article_publisher":"https:\/\/www.facebook.com\/benoit.guillon.96\/","article_author":"https:\/\/www.facebook.com\/benoit.guillon.96\/","article_published_time":"2018-09-29T05:36:31+00:00","article_modified_time":"2025-12-26T17:55:00+00:00","og_image":[{"url":"http:\/\/www.meslibellules.fr\/blog\/wp-content\/uploads\/2018\/09\/periaeschna-magdalena.jpg","type":"","width":"","height":""}],"author":"Beno\u00eet Guillon","twitter_card":"summary_large_image","twitter_misc":{"\u00c9crit par":"Beno\u00eet Guillon","Dur\u00e9e de lecture estim\u00e9e":"3 minutes"},"schema":{"@context":"https:\/\/schema.org","@graph":[{"@type":"Article","@id":"https:\/\/www.meslibellules.fr\/blog\/2018\/09\/29\/vietnam-2018-periaeschna-magdalena\/#article","isPartOf":{"@id":"https:\/\/www.meslibellules.fr\/blog\/2018\/09\/29\/vietnam-2018-periaeschna-magdalena\/"},"author":{"name":"Beno\u00eet Guillon","@id":"https:\/\/www.meslibellules.fr\/blog\/#\/schema\/person\/9aa3586f9dd053fcf329f43b8b053c77"},"headline":"Vietnam 2018 &#8211; Periaeschna magdalena Martin, 1909","datePublished":"2018-09-29T05:36:31+00:00","dateModified":"2025-12-26T17:55:00+00:00","mainEntityOfPage":{"@id":"https:\/\/www.meslibellules.fr\/blog\/2018\/09\/29\/vietnam-2018-periaeschna-magdalena\/"},"wordCount":417,"commentCount":0,"publisher":{"@id":"https:\/\/www.meslibellules.fr\/blog\/#\/schema\/person\/9aa3586f9dd053fcf329f43b8b053c77"},"image":{"@id":"https:\/\/www.meslibellules.fr\/blog\/2018\/09\/29\/vietnam-2018-periaeschna-magdalena\/#primaryimage"},"thumbnailUrl":"http:\/\/www.meslibellules.fr\/blog\/wp-content\/uploads\/2018\/09\/periaeschna-magdalena.jpg","articleSection":["Aeshnidae"],"inLanguage":"fr-FR","potentialAction":[{"@type":"CommentAction","name":"Comment","target":["https:\/\/www.meslibellules.fr\/blog\/2018\/09\/29\/vietnam-2018-periaeschna-magdalena\/#respond"]}]},{"@type":"WebPage","@id":"https:\/\/www.meslibellules.fr\/blog\/2018\/09\/29\/vietnam-2018-periaeschna-magdalena\/","url":"https:\/\/www.meslibellules.fr\/blog\/2018\/09\/29\/vietnam-2018-periaeschna-magdalena\/","name":"Periaeschna magdalena - Mes Libellules","isPartOf":{"@id":"https:\/\/www.meslibellules.fr\/blog\/#website"},"primaryImageOfPage":{"@id":"https:\/\/www.meslibellules.fr\/blog\/2018\/09\/29\/vietnam-2018-periaeschna-magdalena\/#primaryimage"},"image":{"@id":"https:\/\/www.meslibellules.fr\/blog\/2018\/09\/29\/vietnam-2018-periaeschna-magdalena\/#primaryimage"},"thumbnailUrl":"http:\/\/www.meslibellules.fr\/blog\/wp-content\/uploads\/2018\/09\/periaeschna-magdalena.jpg","datePublished":"2018-09-29T05:36:31+00:00","dateModified":"2025-12-26T17:55:00+00:00","description":"Periaeschna magdalena femelle au Vietnam, description, identification, taille, habitat, distribution g\u00e9ographique","breadcrumb":{"@id":"https:\/\/www.meslibellules.fr\/blog\/2018\/09\/29\/vietnam-2018-periaeschna-magdalena\/#breadcrumb"},"inLanguage":"fr-FR","potentialAction":[{"@type":"ReadAction","target":["https:\/\/www.meslibellules.fr\/blog\/2018\/09\/29\/vietnam-2018-periaeschna-magdalena\/"]}]},{"@type":"ImageObject","inLanguage":"fr-FR","@id":"https:\/\/www.meslibellules.fr\/blog\/2018\/09\/29\/vietnam-2018-periaeschna-magdalena\/#primaryimage","url":"http:\/\/www.meslibellules.fr\/blog\/wp-content\/uploads\/2018\/09\/periaeschna-magdalena.jpg","contentUrl":"http:\/\/www.meslibellules.fr\/blog\/wp-content\/uploads\/2018\/09\/periaeschna-magdalena.jpg"},{"@type":"BreadcrumbList","@id":"https:\/\/www.meslibellules.fr\/blog\/2018\/09\/29\/vietnam-2018-periaeschna-magdalena\/#breadcrumb","itemListElement":[{"@type":"ListItem","position":1,"name":"Accueil","item":"https:\/\/www.meslibellules.fr\/blog\/"},{"@type":"ListItem","position":2,"name":"Vietnam 2018 &#8211; Periaeschna magdalena Martin, 1909"}]},{"@type":"WebSite","@id":"https:\/\/www.meslibellules.fr\/blog\/#website","url":"https:\/\/www.meslibellules.fr\/blog\/","name":"Mes Libellules","description":"Pr\u00e9sentation des libellules rencontr\u00e9es dans le monde","publisher":{"@id":"https:\/\/www.meslibellules.fr\/blog\/#\/schema\/person\/9aa3586f9dd053fcf329f43b8b053c77"},"potentialAction":[{"@type":"SearchAction","target":{"@type":"EntryPoint","urlTemplate":"https:\/\/www.meslibellules.fr\/blog\/?s={search_term_string}"},"query-input":{"@type":"PropertyValueSpecification","valueRequired":true,"valueName":"search_term_string"}}],"inLanguage":"fr-FR"},{"@type":["Person","Organization"],"@id":"https:\/\/www.meslibellules.fr\/blog\/#\/schema\/person\/9aa3586f9dd053fcf329f43b8b053c77","name":"Beno\u00eet Guillon","image":{"@type":"ImageObject","inLanguage":"fr-FR","@id":"https:\/\/www.meslibellules.fr\/blog\/wp-content\/uploads\/cropped-avatar-150-pix.jpg","url":"https:\/\/www.meslibellules.fr\/blog\/wp-content\/uploads\/cropped-avatar-150-pix.jpg","contentUrl":"https:\/\/www.meslibellules.fr\/blog\/wp-content\/uploads\/cropped-avatar-150-pix.jpg","width":150,"height":137,"caption":"Beno\u00eet Guillon"},"logo":{"@id":"https:\/\/www.meslibellules.fr\/blog\/wp-content\/uploads\/cropped-avatar-150-pix.jpg"},"sameAs":["https:\/\/www.facebook.com\/benoit.guillon.96\/"]}]}},"_links":{"self":[{"href":"https:\/\/www.meslibellules.fr\/blog\/wp-json\/wp\/v2\/posts\/1222","targetHints":{"allow":["GET"]}}],"collection":[{"href":"https:\/\/www.meslibellules.fr\/blog\/wp-json\/wp\/v2\/posts"}],"about":[{"href":"https:\/\/www.meslibellules.fr\/blog\/wp-json\/wp\/v2\/types\/post"}],"author":[{"embeddable":true,"href":"https:\/\/www.meslibellules.fr\/blog\/wp-json\/wp\/v2\/users\/1"}],"replies":[{"embeddable":true,"href":"https:\/\/www.meslibellules.fr\/blog\/wp-json\/wp\/v2\/comments?post=1222"}],"version-history":[{"count":4,"href":"https:\/\/www.meslibellules.fr\/blog\/wp-json\/wp\/v2\/posts\/1222\/revisions"}],"predecessor-version":[{"id":27542,"href":"https:\/\/www.meslibellules.fr\/blog\/wp-json\/wp\/v2\/posts\/1222\/revisions\/27542"}],"wp:attachment":[{"href":"https:\/\/www.meslibellules.fr\/blog\/wp-json\/wp\/v2\/media?parent=1222"}],"wp:term":[{"taxonomy":"category","embeddable":true,"href":"https:\/\/www.meslibellules.fr\/blog\/wp-json\/wp\/v2\/categories?post=1222"},{"taxonomy":"post_tag","embeddable":true,"href":"https:\/\/www.meslibellules.fr\/blog\/wp-json\/wp\/v2\/tags?post=1222"}],"curies":[{"name":"wp","href":"https:\/\/api.w.org\/{rel}","templated":true}]}}