{"id":13694,"date":"2023-03-10T04:49:18","date_gmt":"2023-03-10T03:49:18","guid":{"rendered":"https:\/\/www.meslibellules.fr\/blog\/?p=13694"},"modified":"2023-03-10T05:28:19","modified_gmt":"2023-03-10T04:28:19","slug":"lithosticta-macra","status":"publish","type":"post","link":"https:\/\/www.meslibellules.fr\/blog\/2023\/03\/10\/lithosticta-macra\/","title":{"rendered":"Lithosticta macra (Watson, 1991)"},"content":{"rendered":"\n<figure class=\"wp-block-image aligncenter size-full is-resized\"><a href=\"https:\/\/www.meslibellules.fr\/blog\/wp-content\/uploads\/Lithosticta-macra-male-1.webp\"><img decoding=\"async\" data-src=\"https:\/\/www.meslibellules.fr\/blog\/wp-content\/uploads\/Lithosticta-macra-male-1.webp\" alt=\"Lithosticta macra m\u00e2le, Australie (NT), Nitmiluk, 19\/04\/2022\" class=\"wp-image-13676 lazyload\" width=\"531\" height=\"342\" src=\"data:image\/svg+xml;base64,PHN2ZyB3aWR0aD0iMSIgaGVpZ2h0PSIxIiB4bWxucz0iaHR0cDovL3d3dy53My5vcmcvMjAwMC9zdmciPjwvc3ZnPg==\" style=\"--smush-placeholder-width: 531px; --smush-placeholder-aspect-ratio: 531\/342;\" \/><\/a><figcaption class=\"wp-element-caption\">Lithosticta macra m\u00e2le, Australie (NT), Nitmiluk, 19\/04\/2022<\/figcaption><\/figure>\n\n\n\n<p>La rencontre avec Lithosticta macra a \u00e9t\u00e9 un des moments forts de ces 3 semaines de prospection dans le territoire du Nord, en avril et mai 2022. En effet, cette esp\u00e8ce, tout comme Eurysticta coomalie, n&rsquo;avait jamais \u00e9t\u00e9 photographi\u00e9e sur le terrain auparavant.<\/p>\n\n\n\n<figure class=\"wp-block-gallery aligncenter has-nested-images columns-default is-cropped wp-block-gallery-1 is-layout-flex wp-block-gallery-is-layout-flex\">\n<figure class=\"wp-block-image size-large\"><a href=\"https:\/\/www.meslibellules.fr\/blog\/wp-content\/uploads\/Lithosticta-macra-male-1-1.webp\"><img decoding=\"async\" width=\"1393\" height=\"1204\" data-id=\"13677\" data-src=\"https:\/\/www.meslibellules.fr\/blog\/wp-content\/uploads\/Lithosticta-macra-male-1-1.webp\" alt=\"Lithosticta macra m\u00e2le, Australie (NT), Nitmiluk, 19\/04\/2022\" class=\"wp-image-13677 lazyload\" data-srcset=\"https:\/\/www.meslibellules.fr\/blog\/wp-content\/uploads\/Lithosticta-macra-male-1-1.webp 1393w, https:\/\/www.meslibellules.fr\/blog\/wp-content\/uploads\/Lithosticta-macra-male-1-1-768x664.webp 768w\" data-sizes=\"(max-width: 1393px) 100vw, 1393px\" src=\"data:image\/svg+xml;base64,PHN2ZyB3aWR0aD0iMSIgaGVpZ2h0PSIxIiB4bWxucz0iaHR0cDovL3d3dy53My5vcmcvMjAwMC9zdmciPjwvc3ZnPg==\" style=\"--smush-placeholder-width: 1393px; --smush-placeholder-aspect-ratio: 1393\/1204;\" \/><\/a><\/figure>\n\n\n\n<figure class=\"wp-block-image size-large\"><a href=\"https:\/\/www.meslibellules.fr\/blog\/wp-content\/uploads\/Lithosticta-macra-male-2.webp\"><img decoding=\"async\" width=\"1474\" height=\"1204\" data-id=\"13678\" data-src=\"https:\/\/www.meslibellules.fr\/blog\/wp-content\/uploads\/Lithosticta-macra-male-2.webp\" alt=\"Lithosticta macra m\u00e2le, Australie (NT), Nitmiluk, 19\/04\/2022\" class=\"wp-image-13678 lazyload\" data-srcset=\"https:\/\/www.meslibellules.fr\/blog\/wp-content\/uploads\/Lithosticta-macra-male-2.webp 1474w, https:\/\/www.meslibellules.fr\/blog\/wp-content\/uploads\/Lithosticta-macra-male-2-768x627.webp 768w\" data-sizes=\"(max-width: 1474px) 100vw, 1474px\" src=\"data:image\/svg+xml;base64,PHN2ZyB3aWR0aD0iMSIgaGVpZ2h0PSIxIiB4bWxucz0iaHR0cDovL3d3dy53My5vcmcvMjAwMC9zdmciPjwvc3ZnPg==\" style=\"--smush-placeholder-width: 1474px; --smush-placeholder-aspect-ratio: 1474\/1204;\" \/><\/a><\/figure>\n<figcaption class=\"blocks-gallery-caption wp-element-caption\">Lithosticta macra m\u00e2le, Australie (NT), Nitmiluk, 19\/04\/2022<\/figcaption><\/figure>\n\n\n\n<p>La seule photo disponible se trouvait dans <em>The Complete Field Guide to Dragonflies of Australia<\/em>&nbsp;par G\u00fcnther Theischinger et John Hawking, montrant une femelle dess\u00e9ch\u00e9e et d\u00e9color\u00e9e, l\u00e9gend\u00e9e d&rsquo;ailleurs Lithosticta macra m\u00e2le&#8230;<br>Ce 19 avril 2022,  presque sur les berges de la <a href=\"https:\/\/www.meslibellules.fr\/blog\/wp-content\/uploads\/biotope-Lithosticta-macra-19-04-22.webp\">Katherine River<\/a> et de ses gorges, nous avons rencontr\u00e9 plusieurs individus m\u00e2les d&rsquo;\u00e2ges divers et un tandem ; noter la couleur des yeux et des parties sombres des sujets ci-dessus ; celui de gauche, plus jeune, a encore les yeux laiteux et sa coloration vert fonc\u00e9 n&rsquo;est pas encore ternie. Il mesure environ 40 mm et ceci est une approximation a posteriori : la description originale de Watson (que m&rsquo;a tr\u00e8s gentiment adress\u00e9 Ian Endersby) est la plus courte que j&rsquo;ai jamais vue (6 lignes) !<\/p>\n\n\n\n<figure class=\"wp-block-gallery has-nested-images columns-default is-cropped wp-block-gallery-2 is-layout-flex wp-block-gallery-is-layout-flex\">\n<figure class=\"wp-block-image size-full\"><a href=\"https:\/\/www.meslibellules.fr\/blog\/wp-content\/uploads\/Lithosticta-macra-male-3.webp\"><img decoding=\"async\" width=\"1401\" height=\"884\" data-id=\"13679\" data-src=\"https:\/\/www.meslibellules.fr\/blog\/wp-content\/uploads\/Lithosticta-macra-male-3.webp\" alt=\"Lithosticta macra m\u00e2le, Australie (NT), Nitmiluk, 19\/04\/2022\" class=\"wp-image-13679 lazyload\" data-srcset=\"https:\/\/www.meslibellules.fr\/blog\/wp-content\/uploads\/Lithosticta-macra-male-3.webp 1401w, https:\/\/www.meslibellules.fr\/blog\/wp-content\/uploads\/Lithosticta-macra-male-3-768x485.webp 768w\" data-sizes=\"(max-width: 1401px) 100vw, 1401px\" src=\"data:image\/svg+xml;base64,PHN2ZyB3aWR0aD0iMSIgaGVpZ2h0PSIxIiB4bWxucz0iaHR0cDovL3d3dy53My5vcmcvMjAwMC9zdmciPjwvc3ZnPg==\" style=\"--smush-placeholder-width: 1401px; --smush-placeholder-aspect-ratio: 1401\/884;\" \/><\/a><\/figure>\n\n\n\n<figure class=\"wp-block-image size-large\"><a href=\"https:\/\/www.meslibellules.fr\/blog\/wp-content\/uploads\/Lithosticta-macra-male-8.webp\"><img decoding=\"async\" width=\"1284\" height=\"884\" data-id=\"13684\" data-src=\"https:\/\/www.meslibellules.fr\/blog\/wp-content\/uploads\/Lithosticta-macra-male-8.webp\" alt=\"Rock narrow-wing male, Australie (NT), Nitmiluk, 19\/04\/2022\" class=\"wp-image-13684 lazyload\" data-srcset=\"https:\/\/www.meslibellules.fr\/blog\/wp-content\/uploads\/Lithosticta-macra-male-8.webp 1284w, https:\/\/www.meslibellules.fr\/blog\/wp-content\/uploads\/Lithosticta-macra-male-8-768x529.webp 768w\" data-sizes=\"(max-width: 1284px) 100vw, 1284px\" src=\"data:image\/svg+xml;base64,PHN2ZyB3aWR0aD0iMSIgaGVpZ2h0PSIxIiB4bWxucz0iaHR0cDovL3d3dy53My5vcmcvMjAwMC9zdmciPjwvc3ZnPg==\" style=\"--smush-placeholder-width: 1284px; --smush-placeholder-aspect-ratio: 1284\/884;\" \/><\/a><\/figure>\n<figcaption class=\"blocks-gallery-caption wp-element-caption\">L. macra m\u00e2le, Australie (NT), Nitmiluk, 19\/04\/2022<\/figcaption><\/figure>\n\n\n\n<p>Ci-dessous, sur ces 2 gros-plans du Rock narrow-wing, on remarque le pronotum avec son bord relev\u00e9 dans sa partie post\u00e9rieure, formant 2 petites \u00e9pines lat\u00e9ralement. Ce sont des sujets matures, encore jeune, aux yeux verts magnifiques, tr\u00e8s peu envahis de pruinosit\u00e9 que l&rsquo;on distingue derri\u00e8re la t\u00eate.<\/p>\n\n\n\n<figure class=\"wp-block-gallery has-nested-images columns-default is-cropped wp-block-gallery-3 is-layout-flex wp-block-gallery-is-layout-flex\">\n<figure class=\"wp-block-image size-large\"><a href=\"https:\/\/www.meslibellules.fr\/blog\/wp-content\/uploads\/Lithosticta-macra-male-10.webp\"><img decoding=\"async\" width=\"858\" height=\"884\" data-id=\"13686\" data-src=\"https:\/\/www.meslibellules.fr\/blog\/wp-content\/uploads\/Lithosticta-macra-male-10.webp\" alt=\"Lithosticta macra m\u00e2le, Australie (NT), Nitmiluk, 19\/04\/2022\" class=\"wp-image-13686 lazyload\" data-srcset=\"https:\/\/www.meslibellules.fr\/blog\/wp-content\/uploads\/Lithosticta-macra-male-10.webp 858w, https:\/\/www.meslibellules.fr\/blog\/wp-content\/uploads\/Lithosticta-macra-male-10-768x791.webp 768w\" data-sizes=\"(max-width: 858px) 100vw, 858px\" src=\"data:image\/svg+xml;base64,PHN2ZyB3aWR0aD0iMSIgaGVpZ2h0PSIxIiB4bWxucz0iaHR0cDovL3d3dy53My5vcmcvMjAwMC9zdmciPjwvc3ZnPg==\" style=\"--smush-placeholder-width: 858px; --smush-placeholder-aspect-ratio: 858\/884;\" \/><\/a><\/figure>\n\n\n\n<figure class=\"wp-block-image size-large\"><a href=\"https:\/\/www.meslibellules.fr\/blog\/wp-content\/uploads\/Lithosticta-macra-male-6.webp\"><img decoding=\"async\" width=\"1208\" height=\"1004\" data-id=\"13682\" data-src=\"https:\/\/www.meslibellules.fr\/blog\/wp-content\/uploads\/Lithosticta-macra-male-6.webp\" alt=\"Rock narrow-wing male, Australie (NT), Anbangbang, 02\/05\/2022\" class=\"wp-image-13682 lazyload\" data-srcset=\"https:\/\/www.meslibellules.fr\/blog\/wp-content\/uploads\/Lithosticta-macra-male-6.webp 1208w, https:\/\/www.meslibellules.fr\/blog\/wp-content\/uploads\/Lithosticta-macra-male-6-768x638.webp 768w\" data-sizes=\"(max-width: 1208px) 100vw, 1208px\" src=\"data:image\/svg+xml;base64,PHN2ZyB3aWR0aD0iMSIgaGVpZ2h0PSIxIiB4bWxucz0iaHR0cDovL3d3dy53My5vcmcvMjAwMC9zdmciPjwvc3ZnPg==\" style=\"--smush-placeholder-width: 1208px; --smush-placeholder-aspect-ratio: 1208\/1004;\" \/><\/a><\/figure>\n<figcaption class=\"blocks-gallery-caption wp-element-caption\">Lithosticta macra m\u00e2le, Australie (NT), Nitmiluk, 19\/04\/2022<br>Lithosticta macra m\u00e2le, Australie (NT), Anbangbang, 02\/05\/2022<\/figcaption><\/figure>\n\n\n\n<p style=\"font-size:14px\">A droite sur ce gros-plan des appendices anaux, on remarque le 9\u00b0 et 10\u00b0 segment qui se couvrent \u00e9galement d&rsquo;une discr\u00e8te pruinosit\u00e9, \u00e0 la fa\u00e7on de certains de nos lestes europ\u00e9ens, qu&rsquo;ils ne sont d&rsquo;ailleurs pas sans rappeler par la forme de leurs ailes \u00e9troites et leur coloration vert m\u00e9tallique.<\/p>\n\n\n\n<figure class=\"wp-block-gallery has-nested-images columns-2 wp-block-gallery-4 is-layout-flex wp-block-gallery-is-layout-flex\">\n<figure class=\"wp-block-image size-full\"><a href=\"https:\/\/www.meslibellules.fr\/blog\/wp-content\/uploads\/Lithosticta-macra-male-5.webp\"><img decoding=\"async\" width=\"1986\" height=\"1204\" data-id=\"13681\" data-src=\"https:\/\/www.meslibellules.fr\/blog\/wp-content\/uploads\/Lithosticta-macra-male-5.webp\" alt=\"Lithosticta macra m\u00e2le, Australie (NT), Anbangbang, 02\/05\/2022\" class=\"wp-image-13681 lazyload\" data-srcset=\"https:\/\/www.meslibellules.fr\/blog\/wp-content\/uploads\/Lithosticta-macra-male-5.webp 1986w, https:\/\/www.meslibellules.fr\/blog\/wp-content\/uploads\/Lithosticta-macra-male-5-768x466.webp 768w, https:\/\/www.meslibellules.fr\/blog\/wp-content\/uploads\/Lithosticta-macra-male-5-1536x931.webp 1536w\" data-sizes=\"(max-width: 1986px) 100vw, 1986px\" src=\"data:image\/svg+xml;base64,PHN2ZyB3aWR0aD0iMSIgaGVpZ2h0PSIxIiB4bWxucz0iaHR0cDovL3d3dy53My5vcmcvMjAwMC9zdmciPjwvc3ZnPg==\" style=\"--smush-placeholder-width: 1986px; --smush-placeholder-aspect-ratio: 1986\/1204;\" \/><\/a><\/figure>\n\n\n\n<figure class=\"wp-block-image size-large\"><a href=\"https:\/\/www.meslibellules.fr\/blog\/wp-content\/uploads\/Lithosticta-macra-male-9.webp\"><img decoding=\"async\" width=\"1311\" height=\"571\" data-id=\"13685\" data-src=\"https:\/\/www.meslibellules.fr\/blog\/wp-content\/uploads\/Lithosticta-macra-male-9.webp\" alt=\"Lithosticta macra m\u00e2le, Australie (NT), Nitmiluk, 19\/04\/2022\" class=\"wp-image-13685 lazyload\" data-srcset=\"https:\/\/www.meslibellules.fr\/blog\/wp-content\/uploads\/Lithosticta-macra-male-9.webp 1311w, https:\/\/www.meslibellules.fr\/blog\/wp-content\/uploads\/Lithosticta-macra-male-9-768x334.webp 768w\" data-sizes=\"(max-width: 1311px) 100vw, 1311px\" src=\"data:image\/svg+xml;base64,PHN2ZyB3aWR0aD0iMSIgaGVpZ2h0PSIxIiB4bWxucz0iaHR0cDovL3d3dy53My5vcmcvMjAwMC9zdmciPjwvc3ZnPg==\" style=\"--smush-placeholder-width: 1311px; --smush-placeholder-aspect-ratio: 1311\/571;\" \/><\/a><\/figure>\n<figcaption class=\"blocks-gallery-caption wp-element-caption\">Lithosticta macra m\u00e2le, Australie (NT), Anbangbang, 02\/05\/2022<br>Lithosticta macra m\u00e2le, Australie (NT), Nitmiluk, 19\/04\/2022<\/figcaption><\/figure>\n\n\n\n<p>End\u00e9mique d&rsquo;Australie, les Lithosticta macra sont m\u00eame end\u00e9miques du Territoire du Nord. Dans le guide d\u00e9j\u00e0 mentionn\u00e9, ils sont restreints \u00e0 l&rsquo;extr\u00eame nord-est du territoire du Nord, une zone, qu&rsquo;on appelle Arnhem Land.  Mais nous les avons rencontr\u00e9s un peu plus \u00e0 l&rsquo;ouest de cette zone.<br><a href=\"https:\/\/www.iucnredlist.org\/species\/163554\/5615376\">IUCN Red List<\/a><br>On ne peut cependant pas dire qu&rsquo;ils sont vraiment rares, nous les avons rencontr\u00e9s sur 3 sites diff\u00e9rents, certes recul\u00e9s, l&rsquo;un plus  difficile d&rsquo;acc\u00e8s et o\u00f9 il faut vraiment avoir envie d&rsquo;y trouver des libellules&#8230;<\/p>\n\n\n\n<figure class=\"wp-block-gallery aligncenter has-nested-images columns-default is-cropped wp-block-gallery-5 is-layout-flex wp-block-gallery-is-layout-flex\">\n<figure class=\"wp-block-image size-full\"><a href=\"https:\/\/www.meslibellules.fr\/blog\/wp-content\/uploads\/Lithosticta-macra-male-4.webp\"><img decoding=\"async\" width=\"1058\" height=\"1204\" data-id=\"13680\" data-src=\"https:\/\/www.meslibellules.fr\/blog\/wp-content\/uploads\/Lithosticta-macra-male-4.webp\" alt=\"Lithosticta macra tandem, Australie (NT), Edith Falls, 20\/04\/2022\" class=\"wp-image-13680 lazyload\" data-srcset=\"https:\/\/www.meslibellules.fr\/blog\/wp-content\/uploads\/Lithosticta-macra-male-4.webp 1058w, https:\/\/www.meslibellules.fr\/blog\/wp-content\/uploads\/Lithosticta-macra-male-4-768x874.webp 768w\" data-sizes=\"(max-width: 1058px) 100vw, 1058px\" src=\"data:image\/svg+xml;base64,PHN2ZyB3aWR0aD0iMSIgaGVpZ2h0PSIxIiB4bWxucz0iaHR0cDovL3d3dy53My5vcmcvMjAwMC9zdmciPjwvc3ZnPg==\" style=\"--smush-placeholder-width: 1058px; --smush-placeholder-aspect-ratio: 1058\/1204;\" \/><\/a><\/figure>\n\n\n\n<figure class=\"wp-block-image size-full\"><a href=\"https:\/\/www.meslibellules.fr\/blog\/wp-content\/uploads\/Lithosticta-macra-male-7.webp\"><img decoding=\"async\" width=\"1493\" height=\"1204\" data-id=\"13683\" data-src=\"https:\/\/www.meslibellules.fr\/blog\/wp-content\/uploads\/Lithosticta-macra-male-7.webp\" alt=\"Rock narrow-wing male, Australie (NT), Edith Falls, 20\/04\/2022\" class=\"wp-image-13683 lazyload\" data-srcset=\"https:\/\/www.meslibellules.fr\/blog\/wp-content\/uploads\/Lithosticta-macra-male-7.webp 1493w, https:\/\/www.meslibellules.fr\/blog\/wp-content\/uploads\/Lithosticta-macra-male-7-768x619.webp 768w\" data-sizes=\"(max-width: 1493px) 100vw, 1493px\" src=\"data:image\/svg+xml;base64,PHN2ZyB3aWR0aD0iMSIgaGVpZ2h0PSIxIiB4bWxucz0iaHR0cDovL3d3dy53My5vcmcvMjAwMC9zdmciPjwvc3ZnPg==\" style=\"--smush-placeholder-width: 1493px; --smush-placeholder-aspect-ratio: 1493\/1204;\" \/><\/a><\/figure>\n<figcaption class=\"blocks-gallery-caption wp-element-caption\">Rock narrow-wing m\u00e2le, Australie (NT), Edith Falls, 20\/04\/2022<\/figcaption><\/figure>\n\n\n\n<p>Le sujet ci-dessus a d\u00fb se tirer d&rsquo;un mauvais pas, car son abdomen ab\u00eem\u00e9, \u00e9cras\u00e9, montre qu&rsquo;il a \u00e9chapp\u00e9 de peu \u00e0 un pr\u00e9dateur&#8230;<br>Voici d&rsquo;ailleurs <a href=\"https:\/\/www.meslibellules.fr\/blog\/wp-content\/uploads\/Biotope-Lithosticta-macra-Edith-Falls-20-04-2022-.webp\">son habitat<\/a> sur le site d&rsquo;Edith Falls.<\/p>\n\n\n\n<div class=\"wp-block-buttons is-layout-flex wp-block-buttons-is-layout-flex\">\n<div class=\"wp-block-button aligncenter\"><a class=\"wp-block-button__link has-background wp-element-button\" href=\"https:\/\/www.meslibellules.fr\/blog\/2023\/03\/10\/lithosticta-macra-femelle-tandem-et-accouplement\/\" style=\"background:linear-gradient(311deg,rgb(238,238,238) 0%,rgb(169,184,195) 100%)\">Suite : femelles, tandem &amp; accouplement<\/a><\/div>\n<\/div>\n","protected":false},"excerpt":{"rendered":"<p>La rencontre avec Lithosticta macra a \u00e9t\u00e9 un des moments forts de ces 3 semaines de prospection dans le territoire du Nord, en avril et mai 2022. En effet, cette esp\u00e8ce, tout comme Eurysticta coomalie, n&rsquo;avait jamais \u00e9t\u00e9 photographi\u00e9e sur le terrain auparavant. La seule photo disponible se trouvait dans The Complete Field Guide to [&hellip;]<\/p>\n","protected":false},"author":1,"featured_media":0,"comment_status":"open","ping_status":"open","sticky":false,"template":"","format":"image","meta":{"site-sidebar-layout":"default","site-content-layout":"","ast-site-content-layout":"default","site-content-style":"default","site-sidebar-style":"default","ast-global-header-display":"","ast-banner-title-visibility":"","ast-main-header-display":"","ast-hfb-above-header-display":"","ast-hfb-below-header-display":"","ast-hfb-mobile-header-display":"","site-post-title":"","ast-breadcrumbs-content":"","ast-featured-img":"","footer-sml-layout":"","ast-disable-related-posts":"","theme-transparent-header-meta":"","adv-header-id-meta":"","stick-header-meta":"","header-above-stick-meta":"","header-main-stick-meta":"","header-below-stick-meta":"","astra-migrate-meta-layouts":"default","ast-page-background-enabled":"default","ast-page-background-meta":{"desktop":{"background-color":"var(--ast-global-color-4)","background-image":"","background-repeat":"repeat","background-position":"center center","background-size":"auto","background-attachment":"scroll","background-type":"","background-media":"","overlay-type":"","overlay-color":"","overlay-opacity":"","overlay-gradient":""},"tablet":{"background-color":"","background-image":"","background-repeat":"repeat","background-position":"center center","background-size":"auto","background-attachment":"scroll","background-type":"","background-media":"","overlay-type":"","overlay-color":"","overlay-opacity":"","overlay-gradient":""},"mobile":{"background-color":"","background-image":"","background-repeat":"repeat","background-position":"center center","background-size":"auto","background-attachment":"scroll","background-type":"","background-media":"","overlay-type":"","overlay-color":"","overlay-opacity":"","overlay-gradient":""}},"ast-content-background-meta":{"desktop":{"background-color":"var(--ast-global-color-5)","background-image":"","background-repeat":"repeat","background-position":"center center","background-size":"auto","background-attachment":"scroll","background-type":"","background-media":"","overlay-type":"","overlay-color":"","overlay-opacity":"","overlay-gradient":""},"tablet":{"background-color":"var(--ast-global-color-5)","background-image":"","background-repeat":"repeat","background-position":"center center","background-size":"auto","background-attachment":"scroll","background-type":"","background-media":"","overlay-type":"","overlay-color":"","overlay-opacity":"","overlay-gradient":""},"mobile":{"background-color":"var(--ast-global-color-5)","background-image":"","background-repeat":"repeat","background-position":"center center","background-size":"auto","background-attachment":"scroll","background-type":"","background-media":"","overlay-type":"","overlay-color":"","overlay-opacity":"","overlay-gradient":""}},"footnotes":""},"categories":[684,699],"tags":[687,708],"class_list":["post-13694","post","type-post","status-publish","format-image","hentry","category-australie-nt","category-isostictidae","tag-australie","tag-isostictidae-australie","post_format-post-format-image"],"yoast_head":"<!-- This site is optimized with the Yoast SEO plugin v27.5 - https:\/\/yoast.com\/product\/yoast-seo-wordpress\/ -->\n<title>Lithosticta macra - Mes Libellules<\/title>\n<meta name=\"description\" content=\"Lithosticta macra m\u00e2les, description, identification, taille, habitat, distribution g\u00e9ographique, \u00e9tymologie\" \/>\n<meta name=\"robots\" content=\"index, follow, max-snippet:-1, max-image-preview:large, max-video-preview:-1\" \/>\n<link rel=\"canonical\" href=\"https:\/\/www.meslibellules.fr\/blog\/2023\/03\/10\/lithosticta-macra\/\" \/>\n<meta property=\"og:locale\" content=\"fr_FR\" \/>\n<meta property=\"og:type\" content=\"article\" \/>\n<meta property=\"og:title\" content=\"Lithosticta macra - Mes Libellules\" \/>\n<meta property=\"og:description\" content=\"Lithosticta macra m\u00e2les, description, identification, taille, habitat, distribution g\u00e9ographique, \u00e9tymologie\" \/>\n<meta property=\"og:url\" content=\"https:\/\/www.meslibellules.fr\/blog\/2023\/03\/10\/lithosticta-macra\/\" \/>\n<meta property=\"og:site_name\" content=\"Mes Libellules\" \/>\n<meta property=\"article:publisher\" content=\"https:\/\/www.facebook.com\/benoit.guillon.96\/\" \/>\n<meta property=\"article:author\" content=\"https:\/\/www.facebook.com\/benoit.guillon.96\/\" \/>\n<meta property=\"article:published_time\" content=\"2023-03-10T03:49:18+00:00\" \/>\n<meta property=\"article:modified_time\" content=\"2023-03-10T04:28:19+00:00\" \/>\n<meta property=\"og:image\" content=\"https:\/\/www.meslibellules.fr\/blog\/wp-content\/uploads\/Lithosticta-macra-male-1.webp\" \/>\n<meta name=\"author\" content=\"Beno\u00eet Guillon\" \/>\n<meta name=\"twitter:card\" content=\"summary_large_image\" \/>\n<meta name=\"twitter:label1\" content=\"\u00c9crit par\" \/>\n\t<meta name=\"twitter:data1\" content=\"Beno\u00eet Guillon\" \/>\n\t<meta name=\"twitter:label2\" content=\"Dur\u00e9e de lecture estim\u00e9e\" \/>\n\t<meta name=\"twitter:data2\" content=\"5 minutes\" \/>\n<script type=\"application\/ld+json\" class=\"yoast-schema-graph\">{\"@context\":\"https:\\\/\\\/schema.org\",\"@graph\":[{\"@type\":\"Article\",\"@id\":\"https:\\\/\\\/www.meslibellules.fr\\\/blog\\\/2023\\\/03\\\/10\\\/lithosticta-macra\\\/#article\",\"isPartOf\":{\"@id\":\"https:\\\/\\\/www.meslibellules.fr\\\/blog\\\/2023\\\/03\\\/10\\\/lithosticta-macra\\\/\"},\"author\":{\"name\":\"Beno\u00eet Guillon\",\"@id\":\"https:\\\/\\\/www.meslibellules.fr\\\/blog\\\/#\\\/schema\\\/person\\\/9aa3586f9dd053fcf329f43b8b053c77\"},\"headline\":\"Lithosticta macra (Watson, 1991)\",\"datePublished\":\"2023-03-10T03:49:18+00:00\",\"dateModified\":\"2023-03-10T04:28:19+00:00\",\"mainEntityOfPage\":{\"@id\":\"https:\\\/\\\/www.meslibellules.fr\\\/blog\\\/2023\\\/03\\\/10\\\/lithosticta-macra\\\/\"},\"wordCount\":487,\"commentCount\":0,\"publisher\":{\"@id\":\"https:\\\/\\\/www.meslibellules.fr\\\/blog\\\/#\\\/schema\\\/person\\\/9aa3586f9dd053fcf329f43b8b053c77\"},\"image\":{\"@id\":\"https:\\\/\\\/www.meslibellules.fr\\\/blog\\\/2023\\\/03\\\/10\\\/lithosticta-macra\\\/#primaryimage\"},\"thumbnailUrl\":\"https:\\\/\\\/www.meslibellules.fr\\\/blog\\\/wp-content\\\/uploads\\\/Lithosticta-macra-male-1.webp\",\"keywords\":[\"Australie\",\"Isostictidae- Australie\"],\"articleSection\":[\"Australie (NT, WA &amp; FNQ)\",\"Isostictidae\"],\"inLanguage\":\"fr-FR\",\"potentialAction\":[{\"@type\":\"CommentAction\",\"name\":\"Comment\",\"target\":[\"https:\\\/\\\/www.meslibellules.fr\\\/blog\\\/2023\\\/03\\\/10\\\/lithosticta-macra\\\/#respond\"]}]},{\"@type\":\"WebPage\",\"@id\":\"https:\\\/\\\/www.meslibellules.fr\\\/blog\\\/2023\\\/03\\\/10\\\/lithosticta-macra\\\/\",\"url\":\"https:\\\/\\\/www.meslibellules.fr\\\/blog\\\/2023\\\/03\\\/10\\\/lithosticta-macra\\\/\",\"name\":\"Lithosticta macra - Mes Libellules\",\"isPartOf\":{\"@id\":\"https:\\\/\\\/www.meslibellules.fr\\\/blog\\\/#website\"},\"primaryImageOfPage\":{\"@id\":\"https:\\\/\\\/www.meslibellules.fr\\\/blog\\\/2023\\\/03\\\/10\\\/lithosticta-macra\\\/#primaryimage\"},\"image\":{\"@id\":\"https:\\\/\\\/www.meslibellules.fr\\\/blog\\\/2023\\\/03\\\/10\\\/lithosticta-macra\\\/#primaryimage\"},\"thumbnailUrl\":\"https:\\\/\\\/www.meslibellules.fr\\\/blog\\\/wp-content\\\/uploads\\\/Lithosticta-macra-male-1.webp\",\"datePublished\":\"2023-03-10T03:49:18+00:00\",\"dateModified\":\"2023-03-10T04:28:19+00:00\",\"description\":\"Lithosticta macra m\u00e2les, description, identification, taille, habitat, distribution g\u00e9ographique, \u00e9tymologie\",\"breadcrumb\":{\"@id\":\"https:\\\/\\\/www.meslibellules.fr\\\/blog\\\/2023\\\/03\\\/10\\\/lithosticta-macra\\\/#breadcrumb\"},\"inLanguage\":\"fr-FR\",\"potentialAction\":[{\"@type\":\"ReadAction\",\"target\":[\"https:\\\/\\\/www.meslibellules.fr\\\/blog\\\/2023\\\/03\\\/10\\\/lithosticta-macra\\\/\"]}]},{\"@type\":\"ImageObject\",\"inLanguage\":\"fr-FR\",\"@id\":\"https:\\\/\\\/www.meslibellules.fr\\\/blog\\\/2023\\\/03\\\/10\\\/lithosticta-macra\\\/#primaryimage\",\"url\":\"https:\\\/\\\/www.meslibellules.fr\\\/blog\\\/wp-content\\\/uploads\\\/Lithosticta-macra-male-1.webp\",\"contentUrl\":\"https:\\\/\\\/www.meslibellules.fr\\\/blog\\\/wp-content\\\/uploads\\\/Lithosticta-macra-male-1.webp\"},{\"@type\":\"BreadcrumbList\",\"@id\":\"https:\\\/\\\/www.meslibellules.fr\\\/blog\\\/2023\\\/03\\\/10\\\/lithosticta-macra\\\/#breadcrumb\",\"itemListElement\":[{\"@type\":\"ListItem\",\"position\":1,\"name\":\"Accueil\",\"item\":\"https:\\\/\\\/www.meslibellules.fr\\\/blog\\\/\"},{\"@type\":\"ListItem\",\"position\":2,\"name\":\"Lithosticta macra (Watson, 1991)\"}]},{\"@type\":\"WebSite\",\"@id\":\"https:\\\/\\\/www.meslibellules.fr\\\/blog\\\/#website\",\"url\":\"https:\\\/\\\/www.meslibellules.fr\\\/blog\\\/\",\"name\":\"Mes Libellules\",\"description\":\"Pr\u00e9sentation des libellules rencontr\u00e9es dans le monde\",\"publisher\":{\"@id\":\"https:\\\/\\\/www.meslibellules.fr\\\/blog\\\/#\\\/schema\\\/person\\\/9aa3586f9dd053fcf329f43b8b053c77\"},\"potentialAction\":[{\"@type\":\"SearchAction\",\"target\":{\"@type\":\"EntryPoint\",\"urlTemplate\":\"https:\\\/\\\/www.meslibellules.fr\\\/blog\\\/?s={search_term_string}\"},\"query-input\":{\"@type\":\"PropertyValueSpecification\",\"valueRequired\":true,\"valueName\":\"search_term_string\"}}],\"inLanguage\":\"fr-FR\"},{\"@type\":[\"Person\",\"Organization\"],\"@id\":\"https:\\\/\\\/www.meslibellules.fr\\\/blog\\\/#\\\/schema\\\/person\\\/9aa3586f9dd053fcf329f43b8b053c77\",\"name\":\"Beno\u00eet Guillon\",\"image\":{\"@type\":\"ImageObject\",\"inLanguage\":\"fr-FR\",\"@id\":\"https:\\\/\\\/www.meslibellules.fr\\\/blog\\\/wp-content\\\/uploads\\\/cropped-avatar-150-pix.jpg\",\"url\":\"https:\\\/\\\/www.meslibellules.fr\\\/blog\\\/wp-content\\\/uploads\\\/cropped-avatar-150-pix.jpg\",\"contentUrl\":\"https:\\\/\\\/www.meslibellules.fr\\\/blog\\\/wp-content\\\/uploads\\\/cropped-avatar-150-pix.jpg\",\"width\":150,\"height\":137,\"caption\":\"Beno\u00eet Guillon\"},\"logo\":{\"@id\":\"https:\\\/\\\/www.meslibellules.fr\\\/blog\\\/wp-content\\\/uploads\\\/cropped-avatar-150-pix.jpg\"},\"sameAs\":[\"https:\\\/\\\/www.facebook.com\\\/benoit.guillon.96\\\/\"]}]}<\/script>\n<!-- \/ Yoast SEO plugin. -->","yoast_head_json":{"title":"Lithosticta macra - Mes Libellules","description":"Lithosticta macra m\u00e2les, description, identification, taille, habitat, distribution g\u00e9ographique, \u00e9tymologie","robots":{"index":"index","follow":"follow","max-snippet":"max-snippet:-1","max-image-preview":"max-image-preview:large","max-video-preview":"max-video-preview:-1"},"canonical":"https:\/\/www.meslibellules.fr\/blog\/2023\/03\/10\/lithosticta-macra\/","og_locale":"fr_FR","og_type":"article","og_title":"Lithosticta macra - Mes Libellules","og_description":"Lithosticta macra m\u00e2les, description, identification, taille, habitat, distribution g\u00e9ographique, \u00e9tymologie","og_url":"https:\/\/www.meslibellules.fr\/blog\/2023\/03\/10\/lithosticta-macra\/","og_site_name":"Mes Libellules","article_publisher":"https:\/\/www.facebook.com\/benoit.guillon.96\/","article_author":"https:\/\/www.facebook.com\/benoit.guillon.96\/","article_published_time":"2023-03-10T03:49:18+00:00","article_modified_time":"2023-03-10T04:28:19+00:00","og_image":[{"url":"https:\/\/www.meslibellules.fr\/blog\/wp-content\/uploads\/Lithosticta-macra-male-1.webp","type":"","width":"","height":""}],"author":"Beno\u00eet Guillon","twitter_card":"summary_large_image","twitter_misc":{"\u00c9crit par":"Beno\u00eet Guillon","Dur\u00e9e de lecture estim\u00e9e":"5 minutes"},"schema":{"@context":"https:\/\/schema.org","@graph":[{"@type":"Article","@id":"https:\/\/www.meslibellules.fr\/blog\/2023\/03\/10\/lithosticta-macra\/#article","isPartOf":{"@id":"https:\/\/www.meslibellules.fr\/blog\/2023\/03\/10\/lithosticta-macra\/"},"author":{"name":"Beno\u00eet Guillon","@id":"https:\/\/www.meslibellules.fr\/blog\/#\/schema\/person\/9aa3586f9dd053fcf329f43b8b053c77"},"headline":"Lithosticta macra (Watson, 1991)","datePublished":"2023-03-10T03:49:18+00:00","dateModified":"2023-03-10T04:28:19+00:00","mainEntityOfPage":{"@id":"https:\/\/www.meslibellules.fr\/blog\/2023\/03\/10\/lithosticta-macra\/"},"wordCount":487,"commentCount":0,"publisher":{"@id":"https:\/\/www.meslibellules.fr\/blog\/#\/schema\/person\/9aa3586f9dd053fcf329f43b8b053c77"},"image":{"@id":"https:\/\/www.meslibellules.fr\/blog\/2023\/03\/10\/lithosticta-macra\/#primaryimage"},"thumbnailUrl":"https:\/\/www.meslibellules.fr\/blog\/wp-content\/uploads\/Lithosticta-macra-male-1.webp","keywords":["Australie","Isostictidae- Australie"],"articleSection":["Australie (NT, WA &amp; FNQ)","Isostictidae"],"inLanguage":"fr-FR","potentialAction":[{"@type":"CommentAction","name":"Comment","target":["https:\/\/www.meslibellules.fr\/blog\/2023\/03\/10\/lithosticta-macra\/#respond"]}]},{"@type":"WebPage","@id":"https:\/\/www.meslibellules.fr\/blog\/2023\/03\/10\/lithosticta-macra\/","url":"https:\/\/www.meslibellules.fr\/blog\/2023\/03\/10\/lithosticta-macra\/","name":"Lithosticta macra - Mes Libellules","isPartOf":{"@id":"https:\/\/www.meslibellules.fr\/blog\/#website"},"primaryImageOfPage":{"@id":"https:\/\/www.meslibellules.fr\/blog\/2023\/03\/10\/lithosticta-macra\/#primaryimage"},"image":{"@id":"https:\/\/www.meslibellules.fr\/blog\/2023\/03\/10\/lithosticta-macra\/#primaryimage"},"thumbnailUrl":"https:\/\/www.meslibellules.fr\/blog\/wp-content\/uploads\/Lithosticta-macra-male-1.webp","datePublished":"2023-03-10T03:49:18+00:00","dateModified":"2023-03-10T04:28:19+00:00","description":"Lithosticta macra m\u00e2les, description, identification, taille, habitat, distribution g\u00e9ographique, \u00e9tymologie","breadcrumb":{"@id":"https:\/\/www.meslibellules.fr\/blog\/2023\/03\/10\/lithosticta-macra\/#breadcrumb"},"inLanguage":"fr-FR","potentialAction":[{"@type":"ReadAction","target":["https:\/\/www.meslibellules.fr\/blog\/2023\/03\/10\/lithosticta-macra\/"]}]},{"@type":"ImageObject","inLanguage":"fr-FR","@id":"https:\/\/www.meslibellules.fr\/blog\/2023\/03\/10\/lithosticta-macra\/#primaryimage","url":"https:\/\/www.meslibellules.fr\/blog\/wp-content\/uploads\/Lithosticta-macra-male-1.webp","contentUrl":"https:\/\/www.meslibellules.fr\/blog\/wp-content\/uploads\/Lithosticta-macra-male-1.webp"},{"@type":"BreadcrumbList","@id":"https:\/\/www.meslibellules.fr\/blog\/2023\/03\/10\/lithosticta-macra\/#breadcrumb","itemListElement":[{"@type":"ListItem","position":1,"name":"Accueil","item":"https:\/\/www.meslibellules.fr\/blog\/"},{"@type":"ListItem","position":2,"name":"Lithosticta macra (Watson, 1991)"}]},{"@type":"WebSite","@id":"https:\/\/www.meslibellules.fr\/blog\/#website","url":"https:\/\/www.meslibellules.fr\/blog\/","name":"Mes Libellules","description":"Pr\u00e9sentation des libellules rencontr\u00e9es dans le monde","publisher":{"@id":"https:\/\/www.meslibellules.fr\/blog\/#\/schema\/person\/9aa3586f9dd053fcf329f43b8b053c77"},"potentialAction":[{"@type":"SearchAction","target":{"@type":"EntryPoint","urlTemplate":"https:\/\/www.meslibellules.fr\/blog\/?s={search_term_string}"},"query-input":{"@type":"PropertyValueSpecification","valueRequired":true,"valueName":"search_term_string"}}],"inLanguage":"fr-FR"},{"@type":["Person","Organization"],"@id":"https:\/\/www.meslibellules.fr\/blog\/#\/schema\/person\/9aa3586f9dd053fcf329f43b8b053c77","name":"Beno\u00eet Guillon","image":{"@type":"ImageObject","inLanguage":"fr-FR","@id":"https:\/\/www.meslibellules.fr\/blog\/wp-content\/uploads\/cropped-avatar-150-pix.jpg","url":"https:\/\/www.meslibellules.fr\/blog\/wp-content\/uploads\/cropped-avatar-150-pix.jpg","contentUrl":"https:\/\/www.meslibellules.fr\/blog\/wp-content\/uploads\/cropped-avatar-150-pix.jpg","width":150,"height":137,"caption":"Beno\u00eet Guillon"},"logo":{"@id":"https:\/\/www.meslibellules.fr\/blog\/wp-content\/uploads\/cropped-avatar-150-pix.jpg"},"sameAs":["https:\/\/www.facebook.com\/benoit.guillon.96\/"]}]}},"_links":{"self":[{"href":"https:\/\/www.meslibellules.fr\/blog\/wp-json\/wp\/v2\/posts\/13694","targetHints":{"allow":["GET"]}}],"collection":[{"href":"https:\/\/www.meslibellules.fr\/blog\/wp-json\/wp\/v2\/posts"}],"about":[{"href":"https:\/\/www.meslibellules.fr\/blog\/wp-json\/wp\/v2\/types\/post"}],"author":[{"embeddable":true,"href":"https:\/\/www.meslibellules.fr\/blog\/wp-json\/wp\/v2\/users\/1"}],"replies":[{"embeddable":true,"href":"https:\/\/www.meslibellules.fr\/blog\/wp-json\/wp\/v2\/comments?post=13694"}],"version-history":[{"count":0,"href":"https:\/\/www.meslibellules.fr\/blog\/wp-json\/wp\/v2\/posts\/13694\/revisions"}],"wp:attachment":[{"href":"https:\/\/www.meslibellules.fr\/blog\/wp-json\/wp\/v2\/media?parent=13694"}],"wp:term":[{"taxonomy":"category","embeddable":true,"href":"https:\/\/www.meslibellules.fr\/blog\/wp-json\/wp\/v2\/categories?post=13694"},{"taxonomy":"post_tag","embeddable":true,"href":"https:\/\/www.meslibellules.fr\/blog\/wp-json\/wp\/v2\/tags?post=13694"}],"curies":[{"name":"wp","href":"https:\/\/api.w.org\/{rel}","templated":true}]}}