{"id":1383,"date":"2018-11-06T07:21:10","date_gmt":"2018-11-06T06:21:10","guid":{"rendered":"http:\/\/www.meslibellules.fr\/blog\/?p=1383"},"modified":"2024-10-19T09:21:55","modified_gmt":"2024-10-19T07:21:55","slug":"ethiopie-2018-brachythemis-impartita","status":"publish","type":"post","link":"https:\/\/www.meslibellules.fr\/blog\/2018\/11\/06\/ethiopie-2018-brachythemis-impartita\/","title":{"rendered":"\u00c9thiopie 2018 &#8211; Brachythemis impartita (Karsch, 1890)"},"content":{"rendered":"\n<figure class=\"wp-block-image aligncenter is-resized\"><a href=\"https:\/\/www.meslibellules.fr\/blog\/wp-content\/uploads\/2018\/11\/brachythemis-impartita-male-1.jpg\"><img decoding=\"async\" width=\"1348\" height=\"1204\" data-src=\"https:\/\/www.meslibellules.fr\/blog\/wp-content\/uploads\/2018\/11\/brachythemis-impartita-male-1.jpg\" alt=\"Brachythemis impartita m\u00e2le, lac Chamo, 23\/10\/2018\" class=\"wp-image-1384 lazyload\" style=\"--smush-placeholder-width: 1348px; --smush-placeholder-aspect-ratio: 1348\/1204;width:477px;height:425px\" data-srcset=\"https:\/\/www.meslibellules.fr\/blog\/wp-content\/uploads\/2018\/11\/brachythemis-impartita-male-1.jpg 1348w, https:\/\/www.meslibellules.fr\/blog\/wp-content\/uploads\/2018\/11\/brachythemis-impartita-male-1-768x686.jpg 768w, https:\/\/www.meslibellules.fr\/blog\/wp-content\/uploads\/2018\/11\/brachythemis-impartita-male-1-1200x1072.jpg 1200w\" data-sizes=\"(max-width: 1348px) 100vw, 1348px\" src=\"data:image\/svg+xml;base64,PHN2ZyB3aWR0aD0iMSIgaGVpZ2h0PSIxIiB4bWxucz0iaHR0cDovL3d3dy53My5vcmcvMjAwMC9zdmciPjwvc3ZnPg==\" \/><\/a><figcaption class=\"wp-element-caption\">Brachythemis impartita m\u00e2le, lac Chamo, 23\/10\/2018<\/figcaption><\/figure>\n\n\n\n\n\n<p style=\"font-size:15px\">Brachythemis impartita\u00a0 (Libellulidae) semble tr\u00e8s commun, omnipr\u00e9sent au bord des lacs, mais son identification n\u00e9cessite de la rigueur, car son cousin Brachythemis leucosticta est aussi pr\u00e9sent en \u00c9thiopie (limite nord de sa r\u00e9partition) et ils sont indiscernables \u00e0 premi\u00e8re vue\u202f; ils sont d&rsquo;ailleurs rest\u00e9s confondus pendant 170 ans !<br>K.D. Dijkstra et\u00a0N. Matushkina ont apport\u00e9 la solution dans\u00a0<em>Kindred spirits : \u201cBrachythemis leucosticta\u201d, Africa&rsquo;s most familiar dragonfly, consists of two species (Odonata: Libellulidae)<\/em>, dans International Journal of Odonatology,\u00a0Volume 12 (2) 2009.<br>La diff\u00e9rence la plus simple \u00e0 mettre en \u0153uvre sur le terrain et sur photo se situe au niveau du pt\u00e9rostigma et de la nervation. Pour B. impartita la partie proximale des veines qui bordent en avant et en arri\u00e8re le pt\u00e9rostigma (veine costale et sub costale), les veines sous ce pt\u00e9rostigma sont claires. Malheureusement, le comportement de l&rsquo;esp\u00e8ce ne facilite pas les choses, car elle volette \u00e0 ras du sol sur lequel elle se pose quasi invariablement et la coloration du sol influe sur notre perception de la couleur de ces veines.<\/p>\n\n\n\n<figure class=\"wp-block-gallery has-nested-images columns-default is-cropped wp-block-gallery-1 is-layout-flex wp-block-gallery-is-layout-flex\">\n<figure class=\"wp-block-image\"><img decoding=\"async\" width=\"342\" height=\"306\" data-id=\"1386\" data-src=\"https:\/\/www.meslibellules.fr\/blog\/wp-content\/uploads\/2018\/11\/brachythemis-impartita-veination.jpg\" alt=\"Brachythemis impartita m\u00e2le, veination et pt\u00e9rostigma\" class=\"wp-image-1386 lazyload\" src=\"data:image\/svg+xml;base64,PHN2ZyB3aWR0aD0iMSIgaGVpZ2h0PSIxIiB4bWxucz0iaHR0cDovL3d3dy53My5vcmcvMjAwMC9zdmciPjwvc3ZnPg==\" style=\"--smush-placeholder-width: 342px; --smush-placeholder-aspect-ratio: 342\/306;\" \/><figcaption class=\"wp-element-caption\">B. impartita, lac Chamo, 23\/10\/2018<\/figcaption><\/figure>\n\n\n\n<figure class=\"wp-block-image\"><img decoding=\"async\" width=\"342\" height=\"306\" data-id=\"1387\" data-src=\"https:\/\/www.meslibellules.fr\/blog\/wp-content\/uploads\/2018\/11\/brachythemis-leucosticta-veination.jpg\" alt=\"Brachythemis leucosticta veination et pt\u00e9rostigma\" class=\"wp-image-1387 lazyload\" src=\"data:image\/svg+xml;base64,PHN2ZyB3aWR0aD0iMSIgaGVpZ2h0PSIxIiB4bWxucz0iaHR0cDovL3d3dy53My5vcmcvMjAwMC9zdmciPjwvc3ZnPg==\" style=\"--smush-placeholder-width: 342px; --smush-placeholder-aspect-ratio: 342\/306;\" \/><figcaption class=\"wp-element-caption\">B. leucosticta, lac Awasa, 31\/10\/2018<\/figcaption><\/figure>\n<\/figure>\n\n\n\n<p style=\"font-size:15px\">Ils ont relev\u00e9 d&rsquo;autres diff\u00e9rences, bien s\u00fbr sur les appendices anaux et le lobe g\u00e9nital, mais aussi le nombre de cellules dans le champ disco\u00efdal plus \u00e9lev\u00e9 pour B. impartita, qui ne d\u00e9passe jamais 86 pour B. leucosticta (sur un \u00e9chantillon de 1154 m\u00e2les&#8230;). Ci-dessous, sur ce B. impartita \u00e9mergent, il d\u00e9passe la centaine. On note \u00e9galement sur ce sujet qui vient de faire son vol inaugural que le crit\u00e8re de pt\u00e9rostigma et de nervation est d\u00e9j\u00e0 pr\u00e9sent, sur l&rsquo;aile ant\u00e9rieure (l&rsquo;aile post\u00e9rieure ayant certainement eu un \u00ab\u00a0probl\u00e8me\u00a0\u00bb lors de l&rsquo;\u00e9mergence).<\/p>\n\n\n\n<figure class=\"wp-block-image aligncenter is-resized\"><a href=\"https:\/\/www.meslibellules.fr\/blog\/wp-content\/uploads\/2018\/11\/brachythemis-impartita-champ-discoidal.jpg\"><img decoding=\"async\" width=\"1531\" height=\"1204\" data-src=\"https:\/\/www.meslibellules.fr\/blog\/wp-content\/uploads\/2018\/11\/brachythemis-impartita-champ-discoidal.jpg\" alt=\"Brachythemis impartita m\u00e2le, cellules du champ disco\u00efdal de l'aile post\u00e9rieure, lac Lagano, 01\/11\/2018\" class=\"wp-image-1388 lazyload\" style=\"--smush-placeholder-width: 1531px; --smush-placeholder-aspect-ratio: 1531\/1204;width:511px;height:401px\" data-srcset=\"https:\/\/www.meslibellules.fr\/blog\/wp-content\/uploads\/2018\/11\/brachythemis-impartita-champ-discoidal.jpg 1531w, https:\/\/www.meslibellules.fr\/blog\/wp-content\/uploads\/2018\/11\/brachythemis-impartita-champ-discoidal-768x604.jpg 768w, https:\/\/www.meslibellules.fr\/blog\/wp-content\/uploads\/2018\/11\/brachythemis-impartita-champ-discoidal-1200x944.jpg 1200w\" data-sizes=\"(max-width: 1531px) 100vw, 1531px\" src=\"data:image\/svg+xml;base64,PHN2ZyB3aWR0aD0iMSIgaGVpZ2h0PSIxIiB4bWxucz0iaHR0cDovL3d3dy53My5vcmcvMjAwMC9zdmciPjwvc3ZnPg==\" \/><\/a><figcaption class=\"wp-element-caption\">Brachythemis impartita m\u00e2le \u00e9mergent, lac Lagano, 01\/11\/2018<\/figcaption><\/figure>\n\n\n\n<p style=\"font-size:15px\">On note aussi les bandes caract\u00e9ristiques des yeux de tous les Brachythemis, m\u00eame ceux du rouge B. lacustris en Afrique ou de l&rsquo;orange B. contaminata en Asie.<\/p>\n\n\n\n<figure class=\"wp-block-gallery has-nested-images columns-default is-cropped wp-block-gallery-2 is-layout-flex wp-block-gallery-is-layout-flex\">\n<figure class=\"wp-block-image\"><a href=\"https:\/\/www.meslibellules.fr\/blog\/wp-content\/uploads\/2018\/11\/brachythemis-impartita-male-2.jpg\"><img decoding=\"async\" width=\"1402\" height=\"1204\" data-id=\"1393\" data-src=\"https:\/\/www.meslibellules.fr\/blog\/wp-content\/uploads\/2018\/11\/brachythemis-impartita-male-2.jpg\" alt=\"Brachythemis impartita jeune m\u00e2le, lac Chamo, 23\/10\/2018\" class=\"wp-image-1393 lazyload\" data-srcset=\"https:\/\/www.meslibellules.fr\/blog\/wp-content\/uploads\/2018\/11\/brachythemis-impartita-male-2.jpg 1402w, https:\/\/www.meslibellules.fr\/blog\/wp-content\/uploads\/2018\/11\/brachythemis-impartita-male-2-768x660.jpg 768w, https:\/\/www.meslibellules.fr\/blog\/wp-content\/uploads\/2018\/11\/brachythemis-impartita-male-2-1200x1031.jpg 1200w\" data-sizes=\"(max-width: 1402px) 100vw, 1402px\" src=\"data:image\/svg+xml;base64,PHN2ZyB3aWR0aD0iMSIgaGVpZ2h0PSIxIiB4bWxucz0iaHR0cDovL3d3dy53My5vcmcvMjAwMC9zdmciPjwvc3ZnPg==\" style=\"--smush-placeholder-width: 1402px; --smush-placeholder-aspect-ratio: 1402\/1204;\" \/><\/a><\/figure>\n\n\n\n<figure class=\"wp-block-image\"><a href=\"https:\/\/www.meslibellules.fr\/blog\/wp-content\/uploads\/2018\/11\/brachythemis-impartita-male-3.jpg\"><img decoding=\"async\" width=\"1983\" height=\"1204\" data-id=\"1394\" data-src=\"https:\/\/www.meslibellules.fr\/blog\/wp-content\/uploads\/2018\/11\/brachythemis-impartita-male-3.jpg\" alt=\"Brachythemis impartita m\u00e2le largement mature, lac Chamo, 23\/10\/2018\" class=\"wp-image-1394 lazyload\" data-srcset=\"https:\/\/www.meslibellules.fr\/blog\/wp-content\/uploads\/2018\/11\/brachythemis-impartita-male-3.jpg 1983w, https:\/\/www.meslibellules.fr\/blog\/wp-content\/uploads\/2018\/11\/brachythemis-impartita-male-3-768x466.jpg 768w, https:\/\/www.meslibellules.fr\/blog\/wp-content\/uploads\/2018\/11\/brachythemis-impartita-male-3-1200x729.jpg 1200w\" data-sizes=\"(max-width: 1983px) 100vw, 1983px\" src=\"data:image\/svg+xml;base64,PHN2ZyB3aWR0aD0iMSIgaGVpZ2h0PSIxIiB4bWxucz0iaHR0cDovL3d3dy53My5vcmcvMjAwMC9zdmciPjwvc3ZnPg==\" style=\"--smush-placeholder-width: 1983px; --smush-placeholder-aspect-ratio: 1983\/1204;\" \/><\/a><\/figure>\n<figcaption class=\"blocks-gallery-caption wp-element-caption\">\u00c0 gauche un m\u00e2le encore jeune, \u00e0 droite tr\u00e8s largement mature, lac Chamo, 23\/10\/2018\u00a0<\/figcaption><\/figure>\n\n\n\n<p style=\"font-size:15px\">Ci-dessus \u00e0 gauche un jeune m\u00e2le, mais il faut noter que le m\u00e2le nettement plus \u00e2g\u00e9 \u00e0 droite ne montre pas un abdomen (ou thorax comme ci-dessous) vraiment noir (plut\u00f4t brun\u00e2tre) comme les B. leucosticta, on peut comparer <em><a href=\"http:\/\/www.meslibellules.fr\/voyages\/afrique-du-sud\/brachythemis-leucosticta\/brachythemis-leucosticta-male.php\" target=\"_blank\" rel=\"noreferrer noopener\">ici<\/a><\/em> avec des sujets sud-africains, contr\u00e9e o\u00f9 il n&rsquo;y a pas ce genre de probl\u00e8me d&rsquo;identification.<\/p>\n\n\n\n<figure class=\"wp-block-image aligncenter is-resized\"><a href=\"https:\/\/www.meslibellules.fr\/blog\/wp-content\/uploads\/2018\/11\/brachythemis-impartita-male-4.jpg\"><img decoding=\"async\" width=\"1734\" height=\"1204\" data-src=\"https:\/\/www.meslibellules.fr\/blog\/wp-content\/uploads\/2018\/11\/brachythemis-impartita-male-4.jpg\" alt=\"Northern Banded Groundling male, Langano lake, 01\/11\/2018\" class=\"wp-image-1398 lazyload\" style=\"--smush-placeholder-width: 1734px; --smush-placeholder-aspect-ratio: 1734\/1204;width:511px;height:355px\" data-srcset=\"https:\/\/www.meslibellules.fr\/blog\/wp-content\/uploads\/2018\/11\/brachythemis-impartita-male-4.jpg 1734w, https:\/\/www.meslibellules.fr\/blog\/wp-content\/uploads\/2018\/11\/brachythemis-impartita-male-4-768x533.jpg 768w, https:\/\/www.meslibellules.fr\/blog\/wp-content\/uploads\/2018\/11\/brachythemis-impartita-male-4-1200x833.jpg 1200w\" data-sizes=\"(max-width: 1734px) 100vw, 1734px\" src=\"data:image\/svg+xml;base64,PHN2ZyB3aWR0aD0iMSIgaGVpZ2h0PSIxIiB4bWxucz0iaHR0cDovL3d3dy53My5vcmcvMjAwMC9zdmciPjwvc3ZnPg==\" \/><\/a><figcaption class=\"wp-element-caption\">Brachythemis impartita m\u00e2le, lac Langano, 01\/11\/2018.<\/figcaption><\/figure>\n\n\n\n<p class=\"has-text-align-left has-ast-global-color-8-color has-text-color\" style=\"font-size:15px\">Pour les femelles, la situation est beaucoup plus complexe quand les deux esp\u00e8ces sont pr\u00e9sentes, car selon les m\u00eames auteurs, il n&rsquo;y a pas actuellement de possibilit\u00e9 de les identifier&#8230; On peut tout de m\u00eame avoir de tr\u00e8s fortes indications pour une femelle quand dans un environnement sableux, on n&rsquo;a rencontr\u00e9 \u00e0 c\u00f4t\u00e9 d&rsquo;elle que des m\u00e2les B. impartita. En effet, les larves de B. impartita pr\u00e9f\u00e9reraient les substrats sableux, celles de B. leucosticta les substrats ou domine la boue ou la vase.<br>Mais K. D. Dijkstra m&rsquo;a confirm\u00e9 que m\u00eame les femelles qui montrent le m\u00eame type de pt\u00e9rostigma, c&rsquo;est-\u00e0-dire avec la partie proximale des marges claires, ne peuvent \u00eatre s\u00e9rieusement identifi\u00e9es, que donc ce crit\u00e8re n&rsquo;est pas valide pour les femelles.<br>Je montre donc quelques femelles, avec ces r\u00e9serves. Sur le site du lac Chamo, je n&rsquo;ai vu que des m\u00e2les Brachythemis impartita ainsi, je suis bien confiant pour l&rsquo;identification de la jeune femelle de gauche ci-dessous.<\/p>\n\n\n\n<figure class=\"wp-block-gallery has-nested-images columns-default is-cropped wp-block-gallery-3 is-layout-flex wp-block-gallery-is-layout-flex\">\n<figure class=\"wp-block-image\"><a href=\"https:\/\/www.meslibellules.fr\/blog\/wp-content\/uploads\/2018\/11\/brachythemis-impartita-femelle-1.jpg\"><img decoding=\"async\" width=\"1304\" height=\"1204\" data-id=\"1400\" data-src=\"https:\/\/www.meslibellules.fr\/blog\/wp-content\/uploads\/2018\/11\/brachythemis-impartita-femelle-1.jpg\" alt=\"Brachythemis impartita femelle, lac Chamo, 23\/10\/2018\" class=\"wp-image-1400 lazyload\" data-srcset=\"https:\/\/www.meslibellules.fr\/blog\/wp-content\/uploads\/2018\/11\/brachythemis-impartita-femelle-1.jpg 1304w, https:\/\/www.meslibellules.fr\/blog\/wp-content\/uploads\/2018\/11\/brachythemis-impartita-femelle-1-768x709.jpg 768w, https:\/\/www.meslibellules.fr\/blog\/wp-content\/uploads\/2018\/11\/brachythemis-impartita-femelle-1-1200x1108.jpg 1200w\" data-sizes=\"(max-width: 1304px) 100vw, 1304px\" src=\"data:image\/svg+xml;base64,PHN2ZyB3aWR0aD0iMSIgaGVpZ2h0PSIxIiB4bWxucz0iaHR0cDovL3d3dy53My5vcmcvMjAwMC9zdmciPjwvc3ZnPg==\" style=\"--smush-placeholder-width: 1304px; --smush-placeholder-aspect-ratio: 1304\/1204;\" \/><\/a><\/figure>\n\n\n\n<figure class=\"wp-block-image\"><a href=\"https:\/\/www.meslibellules.fr\/blog\/wp-content\/uploads\/2018\/11\/brachythemis-impartita-femelle-2.jpg\"><img decoding=\"async\" width=\"1221\" height=\"1204\" data-id=\"1402\" data-src=\"https:\/\/www.meslibellules.fr\/blog\/wp-content\/uploads\/2018\/11\/brachythemis-impartita-femelle-2.jpg\" alt=\"Northern Banded Groundling female, Arba Minch, 22\/10\/2018\" class=\"wp-image-1402 lazyload\" data-srcset=\"https:\/\/www.meslibellules.fr\/blog\/wp-content\/uploads\/2018\/11\/brachythemis-impartita-femelle-2.jpg 1221w, https:\/\/www.meslibellules.fr\/blog\/wp-content\/uploads\/2018\/11\/brachythemis-impartita-femelle-2-768x757.jpg 768w, https:\/\/www.meslibellules.fr\/blog\/wp-content\/uploads\/2018\/11\/brachythemis-impartita-femelle-2-1200x1183.jpg 1200w\" data-sizes=\"(max-width: 1221px) 100vw, 1221px\" src=\"data:image\/svg+xml;base64,PHN2ZyB3aWR0aD0iMSIgaGVpZ2h0PSIxIiB4bWxucz0iaHR0cDovL3d3dy53My5vcmcvMjAwMC9zdmciPjwvc3ZnPg==\" style=\"--smush-placeholder-width: 1221px; --smush-placeholder-aspect-ratio: 1221\/1204;\" \/><\/a><\/figure>\n<figcaption class=\"blocks-gallery-caption wp-element-caption\">B. impartita femelle, lac Chamo, 23\/10\/2018 &#8211; B. impartita femelle, Arba Minch, 22\/10\/2018\u00a0 \u00a0 \u00a0 \u00a0 \u00a0<\/figcaption><\/figure>\n\n\n\n<p style=\"font-size:15px\">J&rsquo;ai moins de certitude pour celle de droite sur un site ou je n&rsquo;ai pas de photo de m\u00e2le. Mais la partie proximale des pt\u00e9rostigmas est bien bord\u00e9e de clair&#8230;<br>Enfin, le premier novembre 2018, j&rsquo;ai prospect\u00e9 de bon matin un tout petit secteur de la <a href=\"https:\/\/www.meslibellules.fr\/blog\/wp-content\/uploads\/2018\/11\/biotope-langano-emergence.jpg\">rive sableuse du lac Langano<\/a> et j&rsquo;ai d\u00fb attendre 6 heures 50 avant d&rsquo;apercevoir les premiers Brachythemis. Quelques minutes plus tard, j&rsquo;ai trouv\u00e9 les premi\u00e8res \u00e9mergences dans les herbes. Le sujet ci-dessous montre une aile un peu ab\u00eem\u00e9e, mais il a d\u00e9coll\u00e9 devant moi pour se poser l\u00e0 o\u00f9 on le voit ici.<\/p>\n\n\n\n<figure class=\"wp-block-gallery has-nested-images columns-default is-cropped wp-block-gallery-4 is-layout-flex wp-block-gallery-is-layout-flex\">\n<figure class=\"wp-block-image\"><a href=\"https:\/\/www.meslibellules.fr\/blog\/wp-content\/uploads\/2018\/11\/brachythemis-impartita-male-emergent-2.jpg\"><img decoding=\"async\" width=\"1943\" height=\"1204\" data-id=\"1406\" data-src=\"https:\/\/www.meslibellules.fr\/blog\/wp-content\/uploads\/2018\/11\/brachythemis-impartita-male-emergent-2.jpg\" alt=\"Brachythemis impartita m\u00e2le \u00e9mergent, lac Langano, 01\/11\/2018\" class=\"wp-image-1406 lazyload\" data-srcset=\"https:\/\/www.meslibellules.fr\/blog\/wp-content\/uploads\/2018\/11\/brachythemis-impartita-male-emergent-2.jpg 1943w, https:\/\/www.meslibellules.fr\/blog\/wp-content\/uploads\/2018\/11\/brachythemis-impartita-male-emergent-2-768x476.jpg 768w, https:\/\/www.meslibellules.fr\/blog\/wp-content\/uploads\/2018\/11\/brachythemis-impartita-male-emergent-2-1200x744.jpg 1200w\" data-sizes=\"(max-width: 1943px) 100vw, 1943px\" src=\"data:image\/svg+xml;base64,PHN2ZyB3aWR0aD0iMSIgaGVpZ2h0PSIxIiB4bWxucz0iaHR0cDovL3d3dy53My5vcmcvMjAwMC9zdmciPjwvc3ZnPg==\" style=\"--smush-placeholder-width: 1943px; --smush-placeholder-aspect-ratio: 1943\/1204;\" \/><\/a><\/figure>\n\n\n\n<figure class=\"wp-block-image\"><a href=\"https:\/\/www.meslibellules.fr\/blog\/wp-content\/uploads\/2018\/11\/brachythemis-impartita-male-emergent-1.jpg\"><img decoding=\"async\" width=\"1407\" height=\"1204\" data-id=\"1405\" data-src=\"https:\/\/www.meslibellules.fr\/blog\/wp-content\/uploads\/2018\/11\/brachythemis-impartita-male-emergent-1.jpg\" alt=\"Northern Banded Groundling m\u00e2le \u00e9mergent, lac Langano, 01\/11\/2018\" class=\"wp-image-1405 lazyload\" data-srcset=\"https:\/\/www.meslibellules.fr\/blog\/wp-content\/uploads\/2018\/11\/brachythemis-impartita-male-emergent-1.jpg 1407w, https:\/\/www.meslibellules.fr\/blog\/wp-content\/uploads\/2018\/11\/brachythemis-impartita-male-emergent-1-768x657.jpg 768w, https:\/\/www.meslibellules.fr\/blog\/wp-content\/uploads\/2018\/11\/brachythemis-impartita-male-emergent-1-1200x1027.jpg 1200w\" data-sizes=\"(max-width: 1407px) 100vw, 1407px\" src=\"data:image\/svg+xml;base64,PHN2ZyB3aWR0aD0iMSIgaGVpZ2h0PSIxIiB4bWxucz0iaHR0cDovL3d3dy53My5vcmcvMjAwMC9zdmciPjwvc3ZnPg==\" style=\"--smush-placeholder-width: 1407px; --smush-placeholder-aspect-ratio: 1407\/1204;\" \/><\/a><\/figure>\n<figcaption class=\"blocks-gallery-caption wp-element-caption\">Brachythemis impartita m\u00e2les \u00e9mergents, lac Langano, 01\/11\/2018<\/figcaption><\/figure>\n\n\n\n<p style=\"font-size:15px\">Il mesure environ 30 mm, un peu plus petit que B. leucosticta qui atteint environ 34 mm. La limite nord de sa r\u00e9partition atteint l&rsquo;Espagne, la Sicile et la Sardaigne, elle est plus incertaine au sud ou B. leucosticta et impartita cohabitent et o\u00f9 les donn\u00e9es anciennes ne sont pas valides puisqu&rsquo;on ignorait que deux esp\u00e8ces \u00e9taient pr\u00e9sentes.\u00a0 Grossi\u00e8rement, cette limite sud se situerait sur la ligne Gabon &#8211; Tanzanie.\u00a0<br><a href=\"https:\/\/www.iucnredlist.org\/species\/13186352\/83895282\">IUCN Red List<\/a><\/p>\n\n\n\n<div style=\"height:100px\" aria-hidden=\"true\" class=\"wp-block-spacer\"><\/div>\n\n\n\n\n\n<p class=\"has-background\" style=\"background-color:#e1df8f;font-size:14px\">Cet article fait partie des odonates observ\u00e9s en \u00c9thiopie, pour revenir \u00e0 la page des Odonates d&rsquo;\u00c9thiopie cliquer\u00a0<strong><a href=\"https:\/\/www.meslibellules.fr\/blog\/odonates-dethiopie-ethiopian-odonates\/\">ici<\/a>.<\/strong><\/p>\n\n\n\n<p><\/p>\n","protected":false},"excerpt":{"rendered":"<p>Brachythemis impartita\u00a0 (Libellulidae) semble tr\u00e8s commun, omnipr\u00e9sent au bord des lacs, mais son identification n\u00e9cessite de la rigueur, car son cousin Brachythemis leucosticta est aussi pr\u00e9sent en \u00c9thiopie (limite nord de sa r\u00e9partition) et ils sont indiscernables \u00e0 premi\u00e8re vue\u202f; ils sont d&rsquo;ailleurs rest\u00e9s confondus pendant 170 ans !K.D. Dijkstra et\u00a0N. Matushkina ont apport\u00e9 la [&hellip;]<\/p>\n","protected":false},"author":1,"featured_media":0,"comment_status":"open","ping_status":"open","sticky":false,"template":"","format":"image","meta":{"site-sidebar-layout":"default","site-content-layout":"","ast-site-content-layout":"default","site-content-style":"default","site-sidebar-style":"default","ast-global-header-display":"","ast-banner-title-visibility":"","ast-main-header-display":"","ast-hfb-above-header-display":"","ast-hfb-below-header-display":"","ast-hfb-mobile-header-display":"","site-post-title":"","ast-breadcrumbs-content":"","ast-featured-img":"","footer-sml-layout":"","ast-disable-related-posts":"","theme-transparent-header-meta":"","adv-header-id-meta":"","stick-header-meta":"","header-above-stick-meta":"","header-main-stick-meta":"","header-below-stick-meta":"","astra-migrate-meta-layouts":"set","ast-page-background-enabled":"default","ast-page-background-meta":{"desktop":{"background-color":"var(--ast-global-color-4)","background-image":"","background-repeat":"repeat","background-position":"center center","background-size":"auto","background-attachment":"scroll","background-type":"","background-media":"","overlay-type":"","overlay-color":"","overlay-opacity":"","overlay-gradient":""},"tablet":{"background-color":"","background-image":"","background-repeat":"repeat","background-position":"center center","background-size":"auto","background-attachment":"scroll","background-type":"","background-media":"","overlay-type":"","overlay-color":"","overlay-opacity":"","overlay-gradient":""},"mobile":{"background-color":"","background-image":"","background-repeat":"repeat","background-position":"center center","background-size":"auto","background-attachment":"scroll","background-type":"","background-media":"","overlay-type":"","overlay-color":"","overlay-opacity":"","overlay-gradient":""}},"ast-content-background-meta":{"desktop":{"background-color":"var(--ast-global-color-5)","background-image":"","background-repeat":"repeat","background-position":"center center","background-size":"auto","background-attachment":"scroll","background-type":"","background-media":"","overlay-type":"","overlay-color":"","overlay-opacity":"","overlay-gradient":""},"tablet":{"background-color":"var(--ast-global-color-5)","background-image":"","background-repeat":"repeat","background-position":"center center","background-size":"auto","background-attachment":"scroll","background-type":"","background-media":"","overlay-type":"","overlay-color":"","overlay-opacity":"","overlay-gradient":""},"mobile":{"background-color":"var(--ast-global-color-5)","background-image":"","background-repeat":"repeat","background-position":"center center","background-size":"auto","background-attachment":"scroll","background-type":"","background-media":"","overlay-type":"","overlay-color":"","overlay-opacity":"","overlay-gradient":""}},"footnotes":""},"categories":[67,68],"tags":[],"class_list":["post-1383","post","type-post","status-publish","format-image","hentry","category-ethiopie","category-libellulidae-ethiopie","post_format-post-format-image"],"yoast_head":"<!-- This site is optimized with the Yoast SEO plugin v27.4 - https:\/\/yoast.com\/product\/yoast-seo-wordpress\/ -->\n<title>Brachythemis impartita - Mes Libellules<\/title>\n<meta name=\"description\" content=\"Brachythemis impartita m\u00e2les et femelles en \u00c9thiopie, description, identification, taille, habitat, distribution g\u00e9ographique\" \/>\n<meta name=\"robots\" content=\"index, follow, max-snippet:-1, max-image-preview:large, max-video-preview:-1\" \/>\n<link rel=\"canonical\" href=\"https:\/\/www.meslibellules.fr\/blog\/2018\/11\/06\/ethiopie-2018-brachythemis-impartita\/\" \/>\n<meta property=\"og:locale\" content=\"fr_FR\" \/>\n<meta property=\"og:type\" content=\"article\" \/>\n<meta property=\"og:title\" content=\"Brachythemis impartita - Mes Libellules\" \/>\n<meta property=\"og:description\" content=\"Brachythemis impartita m\u00e2les et femelles en \u00c9thiopie, description, identification, taille, habitat, distribution g\u00e9ographique\" \/>\n<meta property=\"og:url\" content=\"https:\/\/www.meslibellules.fr\/blog\/2018\/11\/06\/ethiopie-2018-brachythemis-impartita\/\" \/>\n<meta property=\"og:site_name\" content=\"Mes Libellules\" \/>\n<meta property=\"article:publisher\" content=\"https:\/\/www.facebook.com\/benoit.guillon.96\/\" \/>\n<meta property=\"article:author\" content=\"https:\/\/www.facebook.com\/benoit.guillon.96\/\" \/>\n<meta property=\"article:published_time\" content=\"2018-11-06T06:21:10+00:00\" \/>\n<meta property=\"article:modified_time\" content=\"2024-10-19T07:21:55+00:00\" \/>\n<meta property=\"og:image\" content=\"http:\/\/www.meslibellules.fr\/blog\/wp-content\/uploads\/2018\/11\/brachythemis-impartita-male-1.jpg\" \/>\n<meta name=\"author\" content=\"Beno\u00eet Guillon\" \/>\n<meta name=\"twitter:card\" content=\"summary_large_image\" \/>\n<meta name=\"twitter:label1\" content=\"\u00c9crit par\" \/>\n\t<meta name=\"twitter:data1\" content=\"Beno\u00eet Guillon\" \/>\n\t<meta name=\"twitter:label2\" content=\"Dur\u00e9e de lecture estim\u00e9e\" \/>\n\t<meta name=\"twitter:data2\" content=\"19 minutes\" \/>\n<script type=\"application\/ld+json\" class=\"yoast-schema-graph\">{\"@context\":\"https:\\\/\\\/schema.org\",\"@graph\":[{\"@type\":\"Article\",\"@id\":\"https:\\\/\\\/www.meslibellules.fr\\\/blog\\\/2018\\\/11\\\/06\\\/ethiopie-2018-brachythemis-impartita\\\/#article\",\"isPartOf\":{\"@id\":\"https:\\\/\\\/www.meslibellules.fr\\\/blog\\\/2018\\\/11\\\/06\\\/ethiopie-2018-brachythemis-impartita\\\/\"},\"author\":{\"name\":\"Beno\u00eet Guillon\",\"@id\":\"https:\\\/\\\/www.meslibellules.fr\\\/blog\\\/#\\\/schema\\\/person\\\/9aa3586f9dd053fcf329f43b8b053c77\"},\"headline\":\"\u00c9thiopie 2018 &#8211; Brachythemis impartita (Karsch, 1890)\",\"datePublished\":\"2018-11-06T06:21:10+00:00\",\"dateModified\":\"2024-10-19T07:21:55+00:00\",\"mainEntityOfPage\":{\"@id\":\"https:\\\/\\\/www.meslibellules.fr\\\/blog\\\/2018\\\/11\\\/06\\\/ethiopie-2018-brachythemis-impartita\\\/\"},\"wordCount\":815,\"commentCount\":0,\"publisher\":{\"@id\":\"https:\\\/\\\/www.meslibellules.fr\\\/blog\\\/#\\\/schema\\\/person\\\/9aa3586f9dd053fcf329f43b8b053c77\"},\"image\":{\"@id\":\"https:\\\/\\\/www.meslibellules.fr\\\/blog\\\/2018\\\/11\\\/06\\\/ethiopie-2018-brachythemis-impartita\\\/#primaryimage\"},\"thumbnailUrl\":\"http:\\\/\\\/www.meslibellules.fr\\\/blog\\\/wp-content\\\/uploads\\\/2018\\\/11\\\/brachythemis-impartita-male-1.jpg\",\"articleSection\":[\"Ethiopie\",\"Libellulidae\"],\"inLanguage\":\"fr-FR\",\"potentialAction\":[{\"@type\":\"CommentAction\",\"name\":\"Comment\",\"target\":[\"https:\\\/\\\/www.meslibellules.fr\\\/blog\\\/2018\\\/11\\\/06\\\/ethiopie-2018-brachythemis-impartita\\\/#respond\"]}]},{\"@type\":\"WebPage\",\"@id\":\"https:\\\/\\\/www.meslibellules.fr\\\/blog\\\/2018\\\/11\\\/06\\\/ethiopie-2018-brachythemis-impartita\\\/\",\"url\":\"https:\\\/\\\/www.meslibellules.fr\\\/blog\\\/2018\\\/11\\\/06\\\/ethiopie-2018-brachythemis-impartita\\\/\",\"name\":\"Brachythemis impartita - Mes Libellules\",\"isPartOf\":{\"@id\":\"https:\\\/\\\/www.meslibellules.fr\\\/blog\\\/#website\"},\"primaryImageOfPage\":{\"@id\":\"https:\\\/\\\/www.meslibellules.fr\\\/blog\\\/2018\\\/11\\\/06\\\/ethiopie-2018-brachythemis-impartita\\\/#primaryimage\"},\"image\":{\"@id\":\"https:\\\/\\\/www.meslibellules.fr\\\/blog\\\/2018\\\/11\\\/06\\\/ethiopie-2018-brachythemis-impartita\\\/#primaryimage\"},\"thumbnailUrl\":\"http:\\\/\\\/www.meslibellules.fr\\\/blog\\\/wp-content\\\/uploads\\\/2018\\\/11\\\/brachythemis-impartita-male-1.jpg\",\"datePublished\":\"2018-11-06T06:21:10+00:00\",\"dateModified\":\"2024-10-19T07:21:55+00:00\",\"description\":\"Brachythemis impartita m\u00e2les et femelles en \u00c9thiopie, description, identification, taille, habitat, distribution g\u00e9ographique\",\"breadcrumb\":{\"@id\":\"https:\\\/\\\/www.meslibellules.fr\\\/blog\\\/2018\\\/11\\\/06\\\/ethiopie-2018-brachythemis-impartita\\\/#breadcrumb\"},\"inLanguage\":\"fr-FR\",\"potentialAction\":[{\"@type\":\"ReadAction\",\"target\":[\"https:\\\/\\\/www.meslibellules.fr\\\/blog\\\/2018\\\/11\\\/06\\\/ethiopie-2018-brachythemis-impartita\\\/\"]}]},{\"@type\":\"ImageObject\",\"inLanguage\":\"fr-FR\",\"@id\":\"https:\\\/\\\/www.meslibellules.fr\\\/blog\\\/2018\\\/11\\\/06\\\/ethiopie-2018-brachythemis-impartita\\\/#primaryimage\",\"url\":\"http:\\\/\\\/www.meslibellules.fr\\\/blog\\\/wp-content\\\/uploads\\\/2018\\\/11\\\/brachythemis-impartita-male-1.jpg\",\"contentUrl\":\"http:\\\/\\\/www.meslibellules.fr\\\/blog\\\/wp-content\\\/uploads\\\/2018\\\/11\\\/brachythemis-impartita-male-1.jpg\"},{\"@type\":\"BreadcrumbList\",\"@id\":\"https:\\\/\\\/www.meslibellules.fr\\\/blog\\\/2018\\\/11\\\/06\\\/ethiopie-2018-brachythemis-impartita\\\/#breadcrumb\",\"itemListElement\":[{\"@type\":\"ListItem\",\"position\":1,\"name\":\"Accueil\",\"item\":\"https:\\\/\\\/www.meslibellules.fr\\\/blog\\\/\"},{\"@type\":\"ListItem\",\"position\":2,\"name\":\"\u00c9thiopie 2018 &#8211; Brachythemis impartita (Karsch, 1890)\"}]},{\"@type\":\"WebSite\",\"@id\":\"https:\\\/\\\/www.meslibellules.fr\\\/blog\\\/#website\",\"url\":\"https:\\\/\\\/www.meslibellules.fr\\\/blog\\\/\",\"name\":\"Mes Libellules\",\"description\":\"Pr\u00e9sentation des libellules rencontr\u00e9es dans le monde\",\"publisher\":{\"@id\":\"https:\\\/\\\/www.meslibellules.fr\\\/blog\\\/#\\\/schema\\\/person\\\/9aa3586f9dd053fcf329f43b8b053c77\"},\"potentialAction\":[{\"@type\":\"SearchAction\",\"target\":{\"@type\":\"EntryPoint\",\"urlTemplate\":\"https:\\\/\\\/www.meslibellules.fr\\\/blog\\\/?s={search_term_string}\"},\"query-input\":{\"@type\":\"PropertyValueSpecification\",\"valueRequired\":true,\"valueName\":\"search_term_string\"}}],\"inLanguage\":\"fr-FR\"},{\"@type\":[\"Person\",\"Organization\"],\"@id\":\"https:\\\/\\\/www.meslibellules.fr\\\/blog\\\/#\\\/schema\\\/person\\\/9aa3586f9dd053fcf329f43b8b053c77\",\"name\":\"Beno\u00eet Guillon\",\"image\":{\"@type\":\"ImageObject\",\"inLanguage\":\"fr-FR\",\"@id\":\"https:\\\/\\\/www.meslibellules.fr\\\/blog\\\/wp-content\\\/uploads\\\/cropped-avatar-150-pix.jpg\",\"url\":\"https:\\\/\\\/www.meslibellules.fr\\\/blog\\\/wp-content\\\/uploads\\\/cropped-avatar-150-pix.jpg\",\"contentUrl\":\"https:\\\/\\\/www.meslibellules.fr\\\/blog\\\/wp-content\\\/uploads\\\/cropped-avatar-150-pix.jpg\",\"width\":150,\"height\":137,\"caption\":\"Beno\u00eet Guillon\"},\"logo\":{\"@id\":\"https:\\\/\\\/www.meslibellules.fr\\\/blog\\\/wp-content\\\/uploads\\\/cropped-avatar-150-pix.jpg\"},\"sameAs\":[\"https:\\\/\\\/www.facebook.com\\\/benoit.guillon.96\\\/\"]}]}<\/script>\n<!-- \/ Yoast SEO plugin. -->","yoast_head_json":{"title":"Brachythemis impartita - Mes Libellules","description":"Brachythemis impartita m\u00e2les et femelles en \u00c9thiopie, description, identification, taille, habitat, distribution g\u00e9ographique","robots":{"index":"index","follow":"follow","max-snippet":"max-snippet:-1","max-image-preview":"max-image-preview:large","max-video-preview":"max-video-preview:-1"},"canonical":"https:\/\/www.meslibellules.fr\/blog\/2018\/11\/06\/ethiopie-2018-brachythemis-impartita\/","og_locale":"fr_FR","og_type":"article","og_title":"Brachythemis impartita - Mes Libellules","og_description":"Brachythemis impartita m\u00e2les et femelles en \u00c9thiopie, description, identification, taille, habitat, distribution g\u00e9ographique","og_url":"https:\/\/www.meslibellules.fr\/blog\/2018\/11\/06\/ethiopie-2018-brachythemis-impartita\/","og_site_name":"Mes Libellules","article_publisher":"https:\/\/www.facebook.com\/benoit.guillon.96\/","article_author":"https:\/\/www.facebook.com\/benoit.guillon.96\/","article_published_time":"2018-11-06T06:21:10+00:00","article_modified_time":"2024-10-19T07:21:55+00:00","og_image":[{"url":"http:\/\/www.meslibellules.fr\/blog\/wp-content\/uploads\/2018\/11\/brachythemis-impartita-male-1.jpg","type":"","width":"","height":""}],"author":"Beno\u00eet Guillon","twitter_card":"summary_large_image","twitter_misc":{"\u00c9crit par":"Beno\u00eet Guillon","Dur\u00e9e de lecture estim\u00e9e":"19 minutes"},"schema":{"@context":"https:\/\/schema.org","@graph":[{"@type":"Article","@id":"https:\/\/www.meslibellules.fr\/blog\/2018\/11\/06\/ethiopie-2018-brachythemis-impartita\/#article","isPartOf":{"@id":"https:\/\/www.meslibellules.fr\/blog\/2018\/11\/06\/ethiopie-2018-brachythemis-impartita\/"},"author":{"name":"Beno\u00eet Guillon","@id":"https:\/\/www.meslibellules.fr\/blog\/#\/schema\/person\/9aa3586f9dd053fcf329f43b8b053c77"},"headline":"\u00c9thiopie 2018 &#8211; Brachythemis impartita (Karsch, 1890)","datePublished":"2018-11-06T06:21:10+00:00","dateModified":"2024-10-19T07:21:55+00:00","mainEntityOfPage":{"@id":"https:\/\/www.meslibellules.fr\/blog\/2018\/11\/06\/ethiopie-2018-brachythemis-impartita\/"},"wordCount":815,"commentCount":0,"publisher":{"@id":"https:\/\/www.meslibellules.fr\/blog\/#\/schema\/person\/9aa3586f9dd053fcf329f43b8b053c77"},"image":{"@id":"https:\/\/www.meslibellules.fr\/blog\/2018\/11\/06\/ethiopie-2018-brachythemis-impartita\/#primaryimage"},"thumbnailUrl":"http:\/\/www.meslibellules.fr\/blog\/wp-content\/uploads\/2018\/11\/brachythemis-impartita-male-1.jpg","articleSection":["Ethiopie","Libellulidae"],"inLanguage":"fr-FR","potentialAction":[{"@type":"CommentAction","name":"Comment","target":["https:\/\/www.meslibellules.fr\/blog\/2018\/11\/06\/ethiopie-2018-brachythemis-impartita\/#respond"]}]},{"@type":"WebPage","@id":"https:\/\/www.meslibellules.fr\/blog\/2018\/11\/06\/ethiopie-2018-brachythemis-impartita\/","url":"https:\/\/www.meslibellules.fr\/blog\/2018\/11\/06\/ethiopie-2018-brachythemis-impartita\/","name":"Brachythemis impartita - Mes Libellules","isPartOf":{"@id":"https:\/\/www.meslibellules.fr\/blog\/#website"},"primaryImageOfPage":{"@id":"https:\/\/www.meslibellules.fr\/blog\/2018\/11\/06\/ethiopie-2018-brachythemis-impartita\/#primaryimage"},"image":{"@id":"https:\/\/www.meslibellules.fr\/blog\/2018\/11\/06\/ethiopie-2018-brachythemis-impartita\/#primaryimage"},"thumbnailUrl":"http:\/\/www.meslibellules.fr\/blog\/wp-content\/uploads\/2018\/11\/brachythemis-impartita-male-1.jpg","datePublished":"2018-11-06T06:21:10+00:00","dateModified":"2024-10-19T07:21:55+00:00","description":"Brachythemis impartita m\u00e2les et femelles en \u00c9thiopie, description, identification, taille, habitat, distribution g\u00e9ographique","breadcrumb":{"@id":"https:\/\/www.meslibellules.fr\/blog\/2018\/11\/06\/ethiopie-2018-brachythemis-impartita\/#breadcrumb"},"inLanguage":"fr-FR","potentialAction":[{"@type":"ReadAction","target":["https:\/\/www.meslibellules.fr\/blog\/2018\/11\/06\/ethiopie-2018-brachythemis-impartita\/"]}]},{"@type":"ImageObject","inLanguage":"fr-FR","@id":"https:\/\/www.meslibellules.fr\/blog\/2018\/11\/06\/ethiopie-2018-brachythemis-impartita\/#primaryimage","url":"http:\/\/www.meslibellules.fr\/blog\/wp-content\/uploads\/2018\/11\/brachythemis-impartita-male-1.jpg","contentUrl":"http:\/\/www.meslibellules.fr\/blog\/wp-content\/uploads\/2018\/11\/brachythemis-impartita-male-1.jpg"},{"@type":"BreadcrumbList","@id":"https:\/\/www.meslibellules.fr\/blog\/2018\/11\/06\/ethiopie-2018-brachythemis-impartita\/#breadcrumb","itemListElement":[{"@type":"ListItem","position":1,"name":"Accueil","item":"https:\/\/www.meslibellules.fr\/blog\/"},{"@type":"ListItem","position":2,"name":"\u00c9thiopie 2018 &#8211; Brachythemis impartita (Karsch, 1890)"}]},{"@type":"WebSite","@id":"https:\/\/www.meslibellules.fr\/blog\/#website","url":"https:\/\/www.meslibellules.fr\/blog\/","name":"Mes Libellules","description":"Pr\u00e9sentation des libellules rencontr\u00e9es dans le monde","publisher":{"@id":"https:\/\/www.meslibellules.fr\/blog\/#\/schema\/person\/9aa3586f9dd053fcf329f43b8b053c77"},"potentialAction":[{"@type":"SearchAction","target":{"@type":"EntryPoint","urlTemplate":"https:\/\/www.meslibellules.fr\/blog\/?s={search_term_string}"},"query-input":{"@type":"PropertyValueSpecification","valueRequired":true,"valueName":"search_term_string"}}],"inLanguage":"fr-FR"},{"@type":["Person","Organization"],"@id":"https:\/\/www.meslibellules.fr\/blog\/#\/schema\/person\/9aa3586f9dd053fcf329f43b8b053c77","name":"Beno\u00eet Guillon","image":{"@type":"ImageObject","inLanguage":"fr-FR","@id":"https:\/\/www.meslibellules.fr\/blog\/wp-content\/uploads\/cropped-avatar-150-pix.jpg","url":"https:\/\/www.meslibellules.fr\/blog\/wp-content\/uploads\/cropped-avatar-150-pix.jpg","contentUrl":"https:\/\/www.meslibellules.fr\/blog\/wp-content\/uploads\/cropped-avatar-150-pix.jpg","width":150,"height":137,"caption":"Beno\u00eet Guillon"},"logo":{"@id":"https:\/\/www.meslibellules.fr\/blog\/wp-content\/uploads\/cropped-avatar-150-pix.jpg"},"sameAs":["https:\/\/www.facebook.com\/benoit.guillon.96\/"]}]}},"_links":{"self":[{"href":"https:\/\/www.meslibellules.fr\/blog\/wp-json\/wp\/v2\/posts\/1383","targetHints":{"allow":["GET"]}}],"collection":[{"href":"https:\/\/www.meslibellules.fr\/blog\/wp-json\/wp\/v2\/posts"}],"about":[{"href":"https:\/\/www.meslibellules.fr\/blog\/wp-json\/wp\/v2\/types\/post"}],"author":[{"embeddable":true,"href":"https:\/\/www.meslibellules.fr\/blog\/wp-json\/wp\/v2\/users\/1"}],"replies":[{"embeddable":true,"href":"https:\/\/www.meslibellules.fr\/blog\/wp-json\/wp\/v2\/comments?post=1383"}],"version-history":[{"count":0,"href":"https:\/\/www.meslibellules.fr\/blog\/wp-json\/wp\/v2\/posts\/1383\/revisions"}],"wp:attachment":[{"href":"https:\/\/www.meslibellules.fr\/blog\/wp-json\/wp\/v2\/media?parent=1383"}],"wp:term":[{"taxonomy":"category","embeddable":true,"href":"https:\/\/www.meslibellules.fr\/blog\/wp-json\/wp\/v2\/categories?post=1383"},{"taxonomy":"post_tag","embeddable":true,"href":"https:\/\/www.meslibellules.fr\/blog\/wp-json\/wp\/v2\/tags?post=1383"}],"curies":[{"name":"wp","href":"https:\/\/api.w.org\/{rel}","templated":true}]}}