{"id":1450,"date":"2018-11-15T11:48:42","date_gmt":"2018-11-15T10:48:42","guid":{"rendered":"http:\/\/www.meslibellules.fr\/blog\/?p=1450"},"modified":"2024-03-11T17:24:04","modified_gmt":"2024-03-11T16:24:04","slug":"vietnam-2018-macromia-katae","status":"publish","type":"post","link":"https:\/\/www.meslibellules.fr\/blog\/2018\/11\/15\/vietnam-2018-macromia-katae\/","title":{"rendered":"Vietnam 2018 &#8211; Macromia katae"},"content":{"rendered":"\n<figure class=\"wp-block-image aligncenter is-resized\"><a href=\"https:\/\/www.meslibellules.fr\/blog\/wp-content\/uploads\/2018\/11\/macromia-katae-2.jpg\"><img decoding=\"async\" width=\"1917\" height=\"1204\" data-src=\"https:\/\/www.meslibellules.fr\/blog\/wp-content\/uploads\/2018\/11\/macromia-katae-2.jpg\" alt=\"Macromia katae, Vietnam, Huu Lien, 03\/06\/2018\" class=\"wp-image-1452 lazyload\" style=\"--smush-placeholder-width: 1917px; --smush-placeholder-aspect-ratio: 1917\/1204;width:670px;height:auto\" data-srcset=\"https:\/\/www.meslibellules.fr\/blog\/wp-content\/uploads\/2018\/11\/macromia-katae-2.jpg 1917w, https:\/\/www.meslibellules.fr\/blog\/wp-content\/uploads\/2018\/11\/macromia-katae-2-768x482.jpg 768w, https:\/\/www.meslibellules.fr\/blog\/wp-content\/uploads\/2018\/11\/macromia-katae-2-1200x754.jpg 1200w\" data-sizes=\"(max-width: 1917px) 100vw, 1917px\" src=\"data:image\/svg+xml;base64,PHN2ZyB3aWR0aD0iMSIgaGVpZ2h0PSIxIiB4bWxucz0iaHR0cDovL3d3dy53My5vcmcvMjAwMC9zdmciPjwvc3ZnPg==\" \/><\/a><figcaption class=\"wp-element-caption\">Macromia katae, Vietnam, Huu Lien, 03\/06\/2018<\/figcaption><\/figure>\n\n\n\n<p style=\"font-size:15px\">Macromia katae (Wilson, 1993), Macromiidae,&nbsp;est une addition r\u00e9cente \u00e0 la liste des odonates vietnamiens puisqu&rsquo;il a fait l&rsquo;objet d&rsquo;une publication en 2015 par&nbsp;Natalia von Ellenrieder, Martin Hauser, Stephen D. Gaimari et Thai H. Pham dans Checklist, publication ou ils mentionnaient \u00e9galement la premi\u00e8re mention pour le Vietnam pour Indothemis carnatica.&nbsp;<br>Il se diff\u00e9rencie assez facilement de tous les autres Macromia pr\u00e9sents dans le sud de la Chine ou au Vietnam par le fait qu&rsquo;il associe bandes ant\u00e9hum\u00e9rales nettement visibles ci-dessus et une \u00e9pine sur la face dorsale du 10\u00b0 segment abdominal qu&rsquo;on aper\u00e7oit mieux sur la photo ci-dessous.<\/p>\n\n\n\n<figure class=\"wp-block-image aligncenter is-resized\"><a href=\"https:\/\/www.meslibellules.fr\/blog\/wp-content\/uploads\/2018\/11\/macromia-katae.jpg\"><img decoding=\"async\" width=\"1402\" height=\"1204\" data-src=\"https:\/\/www.meslibellules.fr\/blog\/wp-content\/uploads\/2018\/11\/macromia-katae.jpg\" alt=\"Macromia katae, Vietnam, Huu Lien, 03\/06\/2018\" class=\"wp-image-1451 lazyload\" style=\"--smush-placeholder-width: 1402px; --smush-placeholder-aspect-ratio: 1402\/1204;width:552px;height:auto\" data-srcset=\"https:\/\/www.meslibellules.fr\/blog\/wp-content\/uploads\/2018\/11\/macromia-katae.jpg 1402w, https:\/\/www.meslibellules.fr\/blog\/wp-content\/uploads\/2018\/11\/macromia-katae-768x660.jpg 768w, https:\/\/www.meslibellules.fr\/blog\/wp-content\/uploads\/2018\/11\/macromia-katae-1200x1031.jpg 1200w\" data-sizes=\"(max-width: 1402px) 100vw, 1402px\" src=\"data:image\/svg+xml;base64,PHN2ZyB3aWR0aD0iMSIgaGVpZ2h0PSIxIiB4bWxucz0iaHR0cDovL3d3dy53My5vcmcvMjAwMC9zdmciPjwvc3ZnPg==\" \/><\/a><figcaption class=\"wp-element-caption\">Macromia katae, Vietnam, Huu Lien, 03\/06\/2018<\/figcaption><\/figure>\n\n\n\n<p style=\"font-size:15px\">Son abdomen mesure 55 mm si bien qu&rsquo;il doit atteindre au moins 70 mm pour une aile post\u00e9rieure de 45 mm.<br>Il est pr\u00e9sent au sud de la Chine (Guangdong, Ha\u00efnan et Hong Kong), au Laos, pr\u00e8s de la fronti\u00e8re vietnamienne, et au Vietnam, dans des rivi\u00e8res \u00e0 faible pente, au courant mod\u00e9r\u00e9 \u00e0 rapide, en for\u00eat secondaire.<br><a href=\"https:\/\/www.iucnredlist.org\/species\/167219\/6317179\">IUCN Red List<\/a><br><\/p>\n\n\n\n<figure class=\"wp-block-image aligncenter is-resized\"><a href=\"https:\/\/www.meslibellules.fr\/blog\/wp-content\/uploads\/2018\/11\/macromia-katae-3.jpg\"><img decoding=\"async\" width=\"1254\" height=\"1204\" data-src=\"https:\/\/www.meslibellules.fr\/blog\/wp-content\/uploads\/2018\/11\/macromia-katae-3.jpg\" alt=\"Macromia katae, Vietnam, Huu Lien, 03\/06\/2018\" class=\"wp-image-1453 lazyload\" style=\"--smush-placeholder-width: 1254px; --smush-placeholder-aspect-ratio: 1254\/1204;width:551px;height:auto\" data-srcset=\"https:\/\/www.meslibellules.fr\/blog\/wp-content\/uploads\/2018\/11\/macromia-katae-3.jpg 1254w, https:\/\/www.meslibellules.fr\/blog\/wp-content\/uploads\/2018\/11\/macromia-katae-3-768x737.jpg 768w, https:\/\/www.meslibellules.fr\/blog\/wp-content\/uploads\/2018\/11\/macromia-katae-3-1200x1152.jpg 1200w\" data-sizes=\"(max-width: 1254px) 100vw, 1254px\" src=\"data:image\/svg+xml;base64,PHN2ZyB3aWR0aD0iMSIgaGVpZ2h0PSIxIiB4bWxucz0iaHR0cDovL3d3dy53My5vcmcvMjAwMC9zdmciPjwvc3ZnPg==\" \/><\/a><figcaption class=\"wp-element-caption\">Macromia katae, Vietnam, Huu Lien, 03\/06\/2018<\/figcaption><\/figure>\n\n\n\n<p>On peut acc\u00e9der \u00e0 la <a href=\"https:\/\/www.researchgate.net\/publication\/274043502_Notes_on_Macromia_from_Hong_Kong_with_a_description_of_M_katae_spec_nov_Anisoptera_Corduliidae\">description<\/a> originale de l&rsquo;esp\u00e8ce par Keith Wilson, sur Researchgate.<\/p>\n\n\n\n<div style=\"height:53px\" aria-hidden=\"true\" class=\"wp-block-spacer\"><\/div>\n\n\n\n<div class=\"wp-block-buttons is-vertical is-layout-flex wp-container-core-buttons-is-layout-fe9cc265 wp-block-buttons-is-layout-flex\">\n<div class=\"wp-block-button\"><a class=\"wp-block-button__link wp-element-button\" href=\"https:\/\/www.meslibellules.fr\/blog\/odonates-du-vietnam-2012-2018\/\">Accueil Vietnam<\/a><\/div>\n\n\n\n<div class=\"wp-block-button\"><a class=\"wp-block-button__link wp-element-button\" href=\"http:\/\/www.meslibellules.fr\/pagesweb\/divers\/liste-generale-odonates-du-site\/asia-odonates.php\">Liste Asie<\/a><\/div>\n\n\n\n<div class=\"wp-block-button\"><a class=\"wp-block-button__link wp-element-button\" href=\"https:\/\/www.meslibellules.fr\/blog\/\">Accueil<\/a><\/div>\n<\/div>\n\n\n\n<p><br><br><\/p>\n","protected":false},"excerpt":{"rendered":"<p>Macromia katae (Wilson, 1993), Macromiidae,&nbsp;est une addition r\u00e9cente \u00e0 la liste des odonates vietnamiens puisqu&rsquo;il a fait l&rsquo;objet d&rsquo;une publication en 2015 par&nbsp;Natalia von Ellenrieder, Martin Hauser, Stephen D. Gaimari et Thai H. Pham dans Checklist, publication ou ils mentionnaient \u00e9galement la premi\u00e8re mention pour le Vietnam pour Indothemis carnatica.&nbsp;Il se diff\u00e9rencie assez facilement de [&hellip;]<\/p>\n","protected":false},"author":1,"featured_media":0,"comment_status":"open","ping_status":"open","sticky":false,"template":"","format":"image","meta":{"site-sidebar-layout":"default","site-content-layout":"","ast-site-content-layout":"default","site-content-style":"default","site-sidebar-style":"default","ast-global-header-display":"","ast-banner-title-visibility":"","ast-main-header-display":"","ast-hfb-above-header-display":"","ast-hfb-below-header-display":"","ast-hfb-mobile-header-display":"","site-post-title":"","ast-breadcrumbs-content":"","ast-featured-img":"","footer-sml-layout":"","ast-disable-related-posts":"","theme-transparent-header-meta":"","adv-header-id-meta":"","stick-header-meta":"","header-above-stick-meta":"","header-main-stick-meta":"","header-below-stick-meta":"","astra-migrate-meta-layouts":"set","ast-page-background-enabled":"default","ast-page-background-meta":{"desktop":{"background-color":"var(--ast-global-color-4)","background-image":"","background-repeat":"repeat","background-position":"center center","background-size":"auto","background-attachment":"scroll","background-type":"","background-media":"","overlay-type":"","overlay-color":"","overlay-opacity":"","overlay-gradient":""},"tablet":{"background-color":"","background-image":"","background-repeat":"repeat","background-position":"center center","background-size":"auto","background-attachment":"scroll","background-type":"","background-media":"","overlay-type":"","overlay-color":"","overlay-opacity":"","overlay-gradient":""},"mobile":{"background-color":"","background-image":"","background-repeat":"repeat","background-position":"center center","background-size":"auto","background-attachment":"scroll","background-type":"","background-media":"","overlay-type":"","overlay-color":"","overlay-opacity":"","overlay-gradient":""}},"ast-content-background-meta":{"desktop":{"background-color":"var(--ast-global-color-5)","background-image":"","background-repeat":"repeat","background-position":"center center","background-size":"auto","background-attachment":"scroll","background-type":"","background-media":"","overlay-type":"","overlay-color":"","overlay-opacity":"","overlay-gradient":""},"tablet":{"background-color":"var(--ast-global-color-5)","background-image":"","background-repeat":"repeat","background-position":"center center","background-size":"auto","background-attachment":"scroll","background-type":"","background-media":"","overlay-type":"","overlay-color":"","overlay-opacity":"","overlay-gradient":""},"mobile":{"background-color":"var(--ast-global-color-5)","background-image":"","background-repeat":"repeat","background-position":"center center","background-size":"auto","background-attachment":"scroll","background-type":"","background-media":"","overlay-type":"","overlay-color":"","overlay-opacity":"","overlay-gradient":""}},"footnotes":""},"categories":[24,54],"tags":[],"class_list":["post-1450","post","type-post","status-publish","format-image","hentry","category-macromiidae","category-vietnam","post_format-post-format-image"],"yoast_head":"<!-- This site is optimized with the Yoast SEO plugin v27.5 - https:\/\/yoast.com\/product\/yoast-seo-wordpress\/ -->\n<title>Macromia katae - Mes Libellules<\/title>\n<meta name=\"description\" content=\"Macromia katae m\u00e2le au Vietnam, description, identification, taille, habitat, distribution g\u00e9ographique, acc\u00e8s \u00e0 la description originale\" \/>\n<meta name=\"robots\" content=\"index, follow, max-snippet:-1, max-image-preview:large, max-video-preview:-1\" \/>\n<link rel=\"canonical\" href=\"https:\/\/www.meslibellules.fr\/blog\/2018\/11\/15\/vietnam-2018-macromia-katae\/\" \/>\n<meta property=\"og:locale\" content=\"fr_FR\" \/>\n<meta property=\"og:type\" content=\"article\" \/>\n<meta property=\"og:title\" content=\"Macromia katae - Mes Libellules\" \/>\n<meta property=\"og:description\" content=\"Macromia katae m\u00e2le au Vietnam, description, identification, taille, habitat, distribution g\u00e9ographique, acc\u00e8s \u00e0 la description originale\" \/>\n<meta property=\"og:url\" content=\"https:\/\/www.meslibellules.fr\/blog\/2018\/11\/15\/vietnam-2018-macromia-katae\/\" \/>\n<meta property=\"og:site_name\" content=\"Mes Libellules\" \/>\n<meta property=\"article:publisher\" content=\"https:\/\/www.facebook.com\/benoit.guillon.96\/\" \/>\n<meta property=\"article:author\" content=\"https:\/\/www.facebook.com\/benoit.guillon.96\/\" \/>\n<meta property=\"article:published_time\" content=\"2018-11-15T10:48:42+00:00\" \/>\n<meta property=\"article:modified_time\" content=\"2024-03-11T16:24:04+00:00\" \/>\n<meta property=\"og:image\" content=\"http:\/\/www.meslibellules.fr\/blog\/wp-content\/uploads\/2018\/11\/macromia-katae-2.jpg\" \/>\n<meta name=\"author\" content=\"Beno\u00eet Guillon\" \/>\n<meta name=\"twitter:card\" content=\"summary_large_image\" \/>\n<meta name=\"twitter:label1\" content=\"\u00c9crit par\" \/>\n\t<meta name=\"twitter:data1\" content=\"Beno\u00eet Guillon\" \/>\n\t<meta name=\"twitter:label2\" content=\"Dur\u00e9e de lecture estim\u00e9e\" \/>\n\t<meta name=\"twitter:data2\" content=\"2 minutes\" \/>\n<script type=\"application\/ld+json\" class=\"yoast-schema-graph\">{\"@context\":\"https:\\\/\\\/schema.org\",\"@graph\":[{\"@type\":\"Article\",\"@id\":\"https:\\\/\\\/www.meslibellules.fr\\\/blog\\\/2018\\\/11\\\/15\\\/vietnam-2018-macromia-katae\\\/#article\",\"isPartOf\":{\"@id\":\"https:\\\/\\\/www.meslibellules.fr\\\/blog\\\/2018\\\/11\\\/15\\\/vietnam-2018-macromia-katae\\\/\"},\"author\":{\"name\":\"Beno\u00eet Guillon\",\"@id\":\"https:\\\/\\\/www.meslibellules.fr\\\/blog\\\/#\\\/schema\\\/person\\\/9aa3586f9dd053fcf329f43b8b053c77\"},\"headline\":\"Vietnam 2018 &#8211; Macromia katae\",\"datePublished\":\"2018-11-15T10:48:42+00:00\",\"dateModified\":\"2024-03-11T16:24:04+00:00\",\"mainEntityOfPage\":{\"@id\":\"https:\\\/\\\/www.meslibellules.fr\\\/blog\\\/2018\\\/11\\\/15\\\/vietnam-2018-macromia-katae\\\/\"},\"wordCount\":211,\"commentCount\":0,\"publisher\":{\"@id\":\"https:\\\/\\\/www.meslibellules.fr\\\/blog\\\/#\\\/schema\\\/person\\\/9aa3586f9dd053fcf329f43b8b053c77\"},\"image\":{\"@id\":\"https:\\\/\\\/www.meslibellules.fr\\\/blog\\\/2018\\\/11\\\/15\\\/vietnam-2018-macromia-katae\\\/#primaryimage\"},\"thumbnailUrl\":\"http:\\\/\\\/www.meslibellules.fr\\\/blog\\\/wp-content\\\/uploads\\\/2018\\\/11\\\/macromia-katae-2.jpg\",\"articleSection\":[\"Macromiidae\",\"Vietnam\"],\"inLanguage\":\"fr-FR\",\"potentialAction\":[{\"@type\":\"CommentAction\",\"name\":\"Comment\",\"target\":[\"https:\\\/\\\/www.meslibellules.fr\\\/blog\\\/2018\\\/11\\\/15\\\/vietnam-2018-macromia-katae\\\/#respond\"]}]},{\"@type\":\"WebPage\",\"@id\":\"https:\\\/\\\/www.meslibellules.fr\\\/blog\\\/2018\\\/11\\\/15\\\/vietnam-2018-macromia-katae\\\/\",\"url\":\"https:\\\/\\\/www.meslibellules.fr\\\/blog\\\/2018\\\/11\\\/15\\\/vietnam-2018-macromia-katae\\\/\",\"name\":\"Macromia katae - Mes Libellules\",\"isPartOf\":{\"@id\":\"https:\\\/\\\/www.meslibellules.fr\\\/blog\\\/#website\"},\"primaryImageOfPage\":{\"@id\":\"https:\\\/\\\/www.meslibellules.fr\\\/blog\\\/2018\\\/11\\\/15\\\/vietnam-2018-macromia-katae\\\/#primaryimage\"},\"image\":{\"@id\":\"https:\\\/\\\/www.meslibellules.fr\\\/blog\\\/2018\\\/11\\\/15\\\/vietnam-2018-macromia-katae\\\/#primaryimage\"},\"thumbnailUrl\":\"http:\\\/\\\/www.meslibellules.fr\\\/blog\\\/wp-content\\\/uploads\\\/2018\\\/11\\\/macromia-katae-2.jpg\",\"datePublished\":\"2018-11-15T10:48:42+00:00\",\"dateModified\":\"2024-03-11T16:24:04+00:00\",\"description\":\"Macromia katae m\u00e2le au Vietnam, description, identification, taille, habitat, distribution g\u00e9ographique, acc\u00e8s \u00e0 la description originale\",\"breadcrumb\":{\"@id\":\"https:\\\/\\\/www.meslibellules.fr\\\/blog\\\/2018\\\/11\\\/15\\\/vietnam-2018-macromia-katae\\\/#breadcrumb\"},\"inLanguage\":\"fr-FR\",\"potentialAction\":[{\"@type\":\"ReadAction\",\"target\":[\"https:\\\/\\\/www.meslibellules.fr\\\/blog\\\/2018\\\/11\\\/15\\\/vietnam-2018-macromia-katae\\\/\"]}]},{\"@type\":\"ImageObject\",\"inLanguage\":\"fr-FR\",\"@id\":\"https:\\\/\\\/www.meslibellules.fr\\\/blog\\\/2018\\\/11\\\/15\\\/vietnam-2018-macromia-katae\\\/#primaryimage\",\"url\":\"http:\\\/\\\/www.meslibellules.fr\\\/blog\\\/wp-content\\\/uploads\\\/2018\\\/11\\\/macromia-katae-2.jpg\",\"contentUrl\":\"http:\\\/\\\/www.meslibellules.fr\\\/blog\\\/wp-content\\\/uploads\\\/2018\\\/11\\\/macromia-katae-2.jpg\"},{\"@type\":\"BreadcrumbList\",\"@id\":\"https:\\\/\\\/www.meslibellules.fr\\\/blog\\\/2018\\\/11\\\/15\\\/vietnam-2018-macromia-katae\\\/#breadcrumb\",\"itemListElement\":[{\"@type\":\"ListItem\",\"position\":1,\"name\":\"Accueil\",\"item\":\"https:\\\/\\\/www.meslibellules.fr\\\/blog\\\/\"},{\"@type\":\"ListItem\",\"position\":2,\"name\":\"Vietnam 2018 &#8211; Macromia katae\"}]},{\"@type\":\"WebSite\",\"@id\":\"https:\\\/\\\/www.meslibellules.fr\\\/blog\\\/#website\",\"url\":\"https:\\\/\\\/www.meslibellules.fr\\\/blog\\\/\",\"name\":\"Mes Libellules\",\"description\":\"Pr\u00e9sentation des libellules rencontr\u00e9es dans le monde\",\"publisher\":{\"@id\":\"https:\\\/\\\/www.meslibellules.fr\\\/blog\\\/#\\\/schema\\\/person\\\/9aa3586f9dd053fcf329f43b8b053c77\"},\"potentialAction\":[{\"@type\":\"SearchAction\",\"target\":{\"@type\":\"EntryPoint\",\"urlTemplate\":\"https:\\\/\\\/www.meslibellules.fr\\\/blog\\\/?s={search_term_string}\"},\"query-input\":{\"@type\":\"PropertyValueSpecification\",\"valueRequired\":true,\"valueName\":\"search_term_string\"}}],\"inLanguage\":\"fr-FR\"},{\"@type\":[\"Person\",\"Organization\"],\"@id\":\"https:\\\/\\\/www.meslibellules.fr\\\/blog\\\/#\\\/schema\\\/person\\\/9aa3586f9dd053fcf329f43b8b053c77\",\"name\":\"Beno\u00eet Guillon\",\"image\":{\"@type\":\"ImageObject\",\"inLanguage\":\"fr-FR\",\"@id\":\"https:\\\/\\\/www.meslibellules.fr\\\/blog\\\/wp-content\\\/uploads\\\/cropped-avatar-150-pix.jpg\",\"url\":\"https:\\\/\\\/www.meslibellules.fr\\\/blog\\\/wp-content\\\/uploads\\\/cropped-avatar-150-pix.jpg\",\"contentUrl\":\"https:\\\/\\\/www.meslibellules.fr\\\/blog\\\/wp-content\\\/uploads\\\/cropped-avatar-150-pix.jpg\",\"width\":150,\"height\":137,\"caption\":\"Beno\u00eet Guillon\"},\"logo\":{\"@id\":\"https:\\\/\\\/www.meslibellules.fr\\\/blog\\\/wp-content\\\/uploads\\\/cropped-avatar-150-pix.jpg\"},\"sameAs\":[\"https:\\\/\\\/www.facebook.com\\\/benoit.guillon.96\\\/\"]}]}<\/script>\n<!-- \/ Yoast SEO plugin. -->","yoast_head_json":{"title":"Macromia katae - Mes Libellules","description":"Macromia katae m\u00e2le au Vietnam, description, identification, taille, habitat, distribution g\u00e9ographique, acc\u00e8s \u00e0 la description originale","robots":{"index":"index","follow":"follow","max-snippet":"max-snippet:-1","max-image-preview":"max-image-preview:large","max-video-preview":"max-video-preview:-1"},"canonical":"https:\/\/www.meslibellules.fr\/blog\/2018\/11\/15\/vietnam-2018-macromia-katae\/","og_locale":"fr_FR","og_type":"article","og_title":"Macromia katae - Mes Libellules","og_description":"Macromia katae m\u00e2le au Vietnam, description, identification, taille, habitat, distribution g\u00e9ographique, acc\u00e8s \u00e0 la description originale","og_url":"https:\/\/www.meslibellules.fr\/blog\/2018\/11\/15\/vietnam-2018-macromia-katae\/","og_site_name":"Mes Libellules","article_publisher":"https:\/\/www.facebook.com\/benoit.guillon.96\/","article_author":"https:\/\/www.facebook.com\/benoit.guillon.96\/","article_published_time":"2018-11-15T10:48:42+00:00","article_modified_time":"2024-03-11T16:24:04+00:00","og_image":[{"url":"http:\/\/www.meslibellules.fr\/blog\/wp-content\/uploads\/2018\/11\/macromia-katae-2.jpg","type":"","width":"","height":""}],"author":"Beno\u00eet Guillon","twitter_card":"summary_large_image","twitter_misc":{"\u00c9crit par":"Beno\u00eet Guillon","Dur\u00e9e de lecture estim\u00e9e":"2 minutes"},"schema":{"@context":"https:\/\/schema.org","@graph":[{"@type":"Article","@id":"https:\/\/www.meslibellules.fr\/blog\/2018\/11\/15\/vietnam-2018-macromia-katae\/#article","isPartOf":{"@id":"https:\/\/www.meslibellules.fr\/blog\/2018\/11\/15\/vietnam-2018-macromia-katae\/"},"author":{"name":"Beno\u00eet Guillon","@id":"https:\/\/www.meslibellules.fr\/blog\/#\/schema\/person\/9aa3586f9dd053fcf329f43b8b053c77"},"headline":"Vietnam 2018 &#8211; Macromia katae","datePublished":"2018-11-15T10:48:42+00:00","dateModified":"2024-03-11T16:24:04+00:00","mainEntityOfPage":{"@id":"https:\/\/www.meslibellules.fr\/blog\/2018\/11\/15\/vietnam-2018-macromia-katae\/"},"wordCount":211,"commentCount":0,"publisher":{"@id":"https:\/\/www.meslibellules.fr\/blog\/#\/schema\/person\/9aa3586f9dd053fcf329f43b8b053c77"},"image":{"@id":"https:\/\/www.meslibellules.fr\/blog\/2018\/11\/15\/vietnam-2018-macromia-katae\/#primaryimage"},"thumbnailUrl":"http:\/\/www.meslibellules.fr\/blog\/wp-content\/uploads\/2018\/11\/macromia-katae-2.jpg","articleSection":["Macromiidae","Vietnam"],"inLanguage":"fr-FR","potentialAction":[{"@type":"CommentAction","name":"Comment","target":["https:\/\/www.meslibellules.fr\/blog\/2018\/11\/15\/vietnam-2018-macromia-katae\/#respond"]}]},{"@type":"WebPage","@id":"https:\/\/www.meslibellules.fr\/blog\/2018\/11\/15\/vietnam-2018-macromia-katae\/","url":"https:\/\/www.meslibellules.fr\/blog\/2018\/11\/15\/vietnam-2018-macromia-katae\/","name":"Macromia katae - Mes Libellules","isPartOf":{"@id":"https:\/\/www.meslibellules.fr\/blog\/#website"},"primaryImageOfPage":{"@id":"https:\/\/www.meslibellules.fr\/blog\/2018\/11\/15\/vietnam-2018-macromia-katae\/#primaryimage"},"image":{"@id":"https:\/\/www.meslibellules.fr\/blog\/2018\/11\/15\/vietnam-2018-macromia-katae\/#primaryimage"},"thumbnailUrl":"http:\/\/www.meslibellules.fr\/blog\/wp-content\/uploads\/2018\/11\/macromia-katae-2.jpg","datePublished":"2018-11-15T10:48:42+00:00","dateModified":"2024-03-11T16:24:04+00:00","description":"Macromia katae m\u00e2le au Vietnam, description, identification, taille, habitat, distribution g\u00e9ographique, acc\u00e8s \u00e0 la description originale","breadcrumb":{"@id":"https:\/\/www.meslibellules.fr\/blog\/2018\/11\/15\/vietnam-2018-macromia-katae\/#breadcrumb"},"inLanguage":"fr-FR","potentialAction":[{"@type":"ReadAction","target":["https:\/\/www.meslibellules.fr\/blog\/2018\/11\/15\/vietnam-2018-macromia-katae\/"]}]},{"@type":"ImageObject","inLanguage":"fr-FR","@id":"https:\/\/www.meslibellules.fr\/blog\/2018\/11\/15\/vietnam-2018-macromia-katae\/#primaryimage","url":"http:\/\/www.meslibellules.fr\/blog\/wp-content\/uploads\/2018\/11\/macromia-katae-2.jpg","contentUrl":"http:\/\/www.meslibellules.fr\/blog\/wp-content\/uploads\/2018\/11\/macromia-katae-2.jpg"},{"@type":"BreadcrumbList","@id":"https:\/\/www.meslibellules.fr\/blog\/2018\/11\/15\/vietnam-2018-macromia-katae\/#breadcrumb","itemListElement":[{"@type":"ListItem","position":1,"name":"Accueil","item":"https:\/\/www.meslibellules.fr\/blog\/"},{"@type":"ListItem","position":2,"name":"Vietnam 2018 &#8211; Macromia katae"}]},{"@type":"WebSite","@id":"https:\/\/www.meslibellules.fr\/blog\/#website","url":"https:\/\/www.meslibellules.fr\/blog\/","name":"Mes Libellules","description":"Pr\u00e9sentation des libellules rencontr\u00e9es dans le monde","publisher":{"@id":"https:\/\/www.meslibellules.fr\/blog\/#\/schema\/person\/9aa3586f9dd053fcf329f43b8b053c77"},"potentialAction":[{"@type":"SearchAction","target":{"@type":"EntryPoint","urlTemplate":"https:\/\/www.meslibellules.fr\/blog\/?s={search_term_string}"},"query-input":{"@type":"PropertyValueSpecification","valueRequired":true,"valueName":"search_term_string"}}],"inLanguage":"fr-FR"},{"@type":["Person","Organization"],"@id":"https:\/\/www.meslibellules.fr\/blog\/#\/schema\/person\/9aa3586f9dd053fcf329f43b8b053c77","name":"Beno\u00eet Guillon","image":{"@type":"ImageObject","inLanguage":"fr-FR","@id":"https:\/\/www.meslibellules.fr\/blog\/wp-content\/uploads\/cropped-avatar-150-pix.jpg","url":"https:\/\/www.meslibellules.fr\/blog\/wp-content\/uploads\/cropped-avatar-150-pix.jpg","contentUrl":"https:\/\/www.meslibellules.fr\/blog\/wp-content\/uploads\/cropped-avatar-150-pix.jpg","width":150,"height":137,"caption":"Beno\u00eet Guillon"},"logo":{"@id":"https:\/\/www.meslibellules.fr\/blog\/wp-content\/uploads\/cropped-avatar-150-pix.jpg"},"sameAs":["https:\/\/www.facebook.com\/benoit.guillon.96\/"]}]}},"_links":{"self":[{"href":"https:\/\/www.meslibellules.fr\/blog\/wp-json\/wp\/v2\/posts\/1450","targetHints":{"allow":["GET"]}}],"collection":[{"href":"https:\/\/www.meslibellules.fr\/blog\/wp-json\/wp\/v2\/posts"}],"about":[{"href":"https:\/\/www.meslibellules.fr\/blog\/wp-json\/wp\/v2\/types\/post"}],"author":[{"embeddable":true,"href":"https:\/\/www.meslibellules.fr\/blog\/wp-json\/wp\/v2\/users\/1"}],"replies":[{"embeddable":true,"href":"https:\/\/www.meslibellules.fr\/blog\/wp-json\/wp\/v2\/comments?post=1450"}],"version-history":[{"count":0,"href":"https:\/\/www.meslibellules.fr\/blog\/wp-json\/wp\/v2\/posts\/1450\/revisions"}],"wp:attachment":[{"href":"https:\/\/www.meslibellules.fr\/blog\/wp-json\/wp\/v2\/media?parent=1450"}],"wp:term":[{"taxonomy":"category","embeddable":true,"href":"https:\/\/www.meslibellules.fr\/blog\/wp-json\/wp\/v2\/categories?post=1450"},{"taxonomy":"post_tag","embeddable":true,"href":"https:\/\/www.meslibellules.fr\/blog\/wp-json\/wp\/v2\/tags?post=1450"}],"curies":[{"name":"wp","href":"https:\/\/api.w.org\/{rel}","templated":true}]}}