{"id":14639,"date":"2023-06-13T19:36:35","date_gmt":"2023-06-13T17:36:35","guid":{"rendered":"https:\/\/www.meslibellules.fr\/blog\/?p=14639"},"modified":"2025-01-28T09:01:47","modified_gmt":"2025-01-28T08:01:47","slug":"libellula-fulva-harcelement-fin","status":"publish","type":"post","link":"https:\/\/www.meslibellules.fr\/blog\/2023\/06\/13\/libellula-fulva-harcelement-fin\/","title":{"rendered":"Libellula fulva : harc\u00e8lement (fin)"},"content":{"rendered":"\n<figure class=\"wp-block-image size-full\"><img decoding=\"async\" width=\"1199\" height=\"1000\" data-src=\"https:\/\/www.meslibellules.fr\/blog\/wp-content\/uploads\/lfulva-vs-lfulva-1.gif\" alt=\"Libellula fulva m\u00e2le vs L. fulva, Andrez\u00e9 sur le Beuvron (F-49), 01\/06\/23\" class=\"wp-image-14642 lazyload\" data-srcset=\"https:\/\/www.meslibellules.fr\/blog\/wp-content\/uploads\/\/lfulva-vs-lfulva-1.gif 1199w, https:\/\/www.meslibellules.fr\/blog\/wp-content\/uploads\/\/lfulva-vs-lfulva-1-768x641.gif 768w\" data-sizes=\"(max-width: 1199px) 100vw, 1199px\" src=\"data:image\/svg+xml;base64,PHN2ZyB3aWR0aD0iMSIgaGVpZ2h0PSIxIiB4bWxucz0iaHR0cDovL3d3dy53My5vcmcvMjAwMC9zdmciPjwvc3ZnPg==\" style=\"--smush-placeholder-width: 1199px; --smush-placeholder-aspect-ratio: 1199\/1000;\" \/><figcaption class=\"wp-element-caption\">Libellula fulva m\u00e2le vs L. fulva, Andrez\u00e9 sur le Beuvron (F-49), 01\/06\/23<\/figcaption><\/figure>\n\n\n\n<p>Noter ci-dessous la position des pattes ant\u00e9rieures du m\u00e2le agress\u00e9 lorsque le Calopteryx virgo est pos\u00e9, il semble se <em>rendre<\/em>, <em>mains en l&rsquo;air<\/em>  \ud83d\ude03 D&rsquo;ailleurs le m\u00e2le C. virgo tend aussi sa patte  ant\u00e9rieure \u00e0 droite.<\/p>\n\n\n\n<figure class=\"wp-block-image size-full\"><img decoding=\"async\" width=\"1460\" height=\"1183\" data-src=\"https:\/\/www.meslibellules.fr\/blog\/wp-content\/uploads\/Libellula-fulva-male-vs-C-virgo-9.gif\" alt=\"Libellula fulva m\u00e2le vs C. virgo, Andrez\u00e9 sur le Beuvron (F-49), 01\/06\/23\" class=\"wp-image-14630 lazyload\" data-srcset=\"https:\/\/www.meslibellules.fr\/blog\/wp-content\/uploads\/\/Libellula-fulva-male-vs-C-virgo-9.gif 1460w, https:\/\/www.meslibellules.fr\/blog\/wp-content\/uploads\/\/Libellula-fulva-male-vs-C-virgo-9-768x622.gif 768w\" data-sizes=\"(max-width: 1460px) 100vw, 1460px\" src=\"data:image\/svg+xml;base64,PHN2ZyB3aWR0aD0iMSIgaGVpZ2h0PSIxIiB4bWxucz0iaHR0cDovL3d3dy53My5vcmcvMjAwMC9zdmciPjwvc3ZnPg==\" style=\"--smush-placeholder-width: 1460px; --smush-placeholder-aspect-ratio: 1460\/1183;\" \/><figcaption class=\"wp-element-caption\">Libellula fulva m\u00e2le vs C. virgo, Andrez\u00e9 sur le Beuvron (F-49), 01\/06\/23 &#8211; 15:36:12<\/figcaption><\/figure>\n\n\n\n<div style=\"height:30px\" aria-hidden=\"true\" class=\"wp-block-spacer\"><\/div>\n\n\n\n<div class=\"wp-block-buttons is-layout-flex wp-block-buttons-is-layout-flex\">\n<div class=\"wp-block-button\"><a class=\"wp-block-button__link wp-element-button\" href=\"https:\/\/www.meslibellules.fr\/blog\/2023\/06\/13\/libellula-fulva-harcelement\/\">Retour<\/a><\/div>\n\n\n\n<div class=\"wp-block-button\"><a class=\"wp-block-button__link wp-element-button\" href=\"https:\/\/www.meslibellules.fr\/blog\/libellula-fulva\/\">Accueil Libellula fulva<\/a><\/div>\n<\/div>\n","protected":false},"excerpt":{"rendered":"<p>Noter ci-dessous la position des pattes ant\u00e9rieures du m\u00e2le agress\u00e9 lorsque le Calopteryx virgo est pos\u00e9, il semble se rendre, mains en l&rsquo;air \ud83d\ude03 D&rsquo;ailleurs le m\u00e2le C. virgo tend aussi sa patte ant\u00e9rieure \u00e0 droite.<\/p>\n","protected":false},"author":1,"featured_media":0,"comment_status":"open","ping_status":"open","sticky":false,"template":"","format":"image","meta":{"site-sidebar-layout":"default","site-content-layout":"","ast-site-content-layout":"default","site-content-style":"default","site-sidebar-style":"default","ast-global-header-display":"","ast-banner-title-visibility":"","ast-main-header-display":"","ast-hfb-above-header-display":"","ast-hfb-below-header-display":"","ast-hfb-mobile-header-display":"","site-post-title":"","ast-breadcrumbs-content":"","ast-featured-img":"","footer-sml-layout":"","ast-disable-related-posts":"","theme-transparent-header-meta":"","adv-header-id-meta":"","stick-header-meta":"","header-above-stick-meta":"","header-main-stick-meta":"","header-below-stick-meta":"","astra-migrate-meta-layouts":"set","ast-page-background-enabled":"default","ast-page-background-meta":{"desktop":{"background-color":"var(--ast-global-color-4)","background-image":"","background-repeat":"repeat","background-position":"center center","background-size":"auto","background-attachment":"scroll","background-type":"","background-media":"","overlay-type":"","overlay-color":"","overlay-opacity":"","overlay-gradient":""},"tablet":{"background-color":"","background-image":"","background-repeat":"repeat","background-position":"center center","background-size":"auto","background-attachment":"scroll","background-type":"","background-media":"","overlay-type":"","overlay-color":"","overlay-opacity":"","overlay-gradient":""},"mobile":{"background-color":"","background-image":"","background-repeat":"repeat","background-position":"center center","background-size":"auto","background-attachment":"scroll","background-type":"","background-media":"","overlay-type":"","overlay-color":"","overlay-opacity":"","overlay-gradient":""}},"ast-content-background-meta":{"desktop":{"background-color":"var(--ast-global-color-5)","background-image":"","background-repeat":"repeat","background-position":"center center","background-size":"auto","background-attachment":"scroll","background-type":"","background-media":"","overlay-type":"","overlay-color":"","overlay-opacity":"","overlay-gradient":""},"tablet":{"background-color":"var(--ast-global-color-5)","background-image":"","background-repeat":"repeat","background-position":"center center","background-size":"auto","background-attachment":"scroll","background-type":"","background-media":"","overlay-type":"","overlay-color":"","overlay-opacity":"","overlay-gradient":""},"mobile":{"background-color":"var(--ast-global-color-5)","background-image":"","background-repeat":"repeat","background-position":"center center","background-size":"auto","background-attachment":"scroll","background-type":"","background-media":"","overlay-type":"","overlay-color":"","overlay-opacity":"","overlay-gradient":""}},"footnotes":""},"categories":[55,578,56,1],"tags":[],"class_list":["post-14639","post","type-post","status-publish","format-image","hentry","category-france","category-libellula-fulva","category-libellulidae-france","category-non-classe","post_format-post-format-image"],"yoast_head":"<!-- This site is optimized with the Yoast SEO plugin v27.5 - https:\/\/yoast.com\/product\/yoast-seo-wordpress\/ -->\n<title>Libellula fulva : harc\u00e8lement (fin) - Mes Libellules<\/title>\n<meta name=\"robots\" content=\"index, follow, max-snippet:-1, max-image-preview:large, max-video-preview:-1\" \/>\n<link rel=\"canonical\" href=\"https:\/\/www.meslibellules.fr\/blog\/2023\/06\/13\/libellula-fulva-harcelement-fin\/\" \/>\n<meta property=\"og:locale\" content=\"fr_FR\" \/>\n<meta property=\"og:type\" content=\"article\" \/>\n<meta property=\"og:title\" content=\"Libellula fulva : harc\u00e8lement (fin) - Mes Libellules\" \/>\n<meta property=\"og:description\" content=\"Noter ci-dessous la position des pattes ant\u00e9rieures du m\u00e2le agress\u00e9 lorsque le Calopteryx virgo est pos\u00e9, il semble se rendre, mains en l&rsquo;air \ud83d\ude03 D&rsquo;ailleurs le m\u00e2le C. virgo tend aussi sa patte ant\u00e9rieure \u00e0 droite.\" \/>\n<meta property=\"og:url\" content=\"https:\/\/www.meslibellules.fr\/blog\/2023\/06\/13\/libellula-fulva-harcelement-fin\/\" \/>\n<meta property=\"og:site_name\" content=\"Mes Libellules\" \/>\n<meta property=\"article:publisher\" content=\"https:\/\/www.facebook.com\/benoit.guillon.96\/\" \/>\n<meta property=\"article:author\" content=\"https:\/\/www.facebook.com\/benoit.guillon.96\/\" \/>\n<meta property=\"article:published_time\" content=\"2023-06-13T17:36:35+00:00\" \/>\n<meta property=\"article:modified_time\" content=\"2025-01-28T08:01:47+00:00\" \/>\n<meta property=\"og:image\" content=\"https:\/\/www.meslibellules.fr\/blog\/wp-content\/uploads\/lfulva-vs-lfulva-1.gif\" \/>\n\t<meta property=\"og:image:width\" content=\"1199\" \/>\n\t<meta property=\"og:image:height\" content=\"1000\" \/>\n\t<meta property=\"og:image:type\" content=\"image\/gif\" \/>\n<meta name=\"author\" content=\"Beno\u00eet Guillon\" \/>\n<meta name=\"twitter:card\" content=\"summary_large_image\" \/>\n<meta name=\"twitter:label1\" content=\"\u00c9crit par\" \/>\n\t<meta name=\"twitter:data1\" content=\"Beno\u00eet Guillon\" \/>\n\t<meta name=\"twitter:label2\" content=\"Dur\u00e9e de lecture estim\u00e9e\" \/>\n\t<meta name=\"twitter:data2\" content=\"1 minute\" \/>\n<script type=\"application\/ld+json\" class=\"yoast-schema-graph\">{\"@context\":\"https:\\\/\\\/schema.org\",\"@graph\":[{\"@type\":\"Article\",\"@id\":\"https:\\\/\\\/www.meslibellules.fr\\\/blog\\\/2023\\\/06\\\/13\\\/libellula-fulva-harcelement-fin\\\/#article\",\"isPartOf\":{\"@id\":\"https:\\\/\\\/www.meslibellules.fr\\\/blog\\\/2023\\\/06\\\/13\\\/libellula-fulva-harcelement-fin\\\/\"},\"author\":{\"name\":\"Beno\u00eet Guillon\",\"@id\":\"https:\\\/\\\/www.meslibellules.fr\\\/blog\\\/#\\\/schema\\\/person\\\/9aa3586f9dd053fcf329f43b8b053c77\"},\"headline\":\"Libellula fulva : harc\u00e8lement (fin)\",\"datePublished\":\"2023-06-13T17:36:35+00:00\",\"dateModified\":\"2025-01-28T08:01:47+00:00\",\"mainEntityOfPage\":{\"@id\":\"https:\\\/\\\/www.meslibellules.fr\\\/blog\\\/2023\\\/06\\\/13\\\/libellula-fulva-harcelement-fin\\\/\"},\"wordCount\":74,\"commentCount\":0,\"publisher\":{\"@id\":\"https:\\\/\\\/www.meslibellules.fr\\\/blog\\\/#\\\/schema\\\/person\\\/9aa3586f9dd053fcf329f43b8b053c77\"},\"image\":{\"@id\":\"https:\\\/\\\/www.meslibellules.fr\\\/blog\\\/2023\\\/06\\\/13\\\/libellula-fulva-harcelement-fin\\\/#primaryimage\"},\"thumbnailUrl\":\"https:\\\/\\\/www.meslibellules.fr\\\/blog\\\/wp-content\\\/uploads\\\/lfulva-vs-lfulva-1.gif\",\"articleSection\":[\"France\",\"Libellula fulva\",\"Libellulidae\"],\"inLanguage\":\"fr-FR\",\"potentialAction\":[{\"@type\":\"CommentAction\",\"name\":\"Comment\",\"target\":[\"https:\\\/\\\/www.meslibellules.fr\\\/blog\\\/2023\\\/06\\\/13\\\/libellula-fulva-harcelement-fin\\\/#respond\"]}]},{\"@type\":\"WebPage\",\"@id\":\"https:\\\/\\\/www.meslibellules.fr\\\/blog\\\/2023\\\/06\\\/13\\\/libellula-fulva-harcelement-fin\\\/\",\"url\":\"https:\\\/\\\/www.meslibellules.fr\\\/blog\\\/2023\\\/06\\\/13\\\/libellula-fulva-harcelement-fin\\\/\",\"name\":\"Libellula fulva : harc\u00e8lement (fin) - Mes Libellules\",\"isPartOf\":{\"@id\":\"https:\\\/\\\/www.meslibellules.fr\\\/blog\\\/#website\"},\"primaryImageOfPage\":{\"@id\":\"https:\\\/\\\/www.meslibellules.fr\\\/blog\\\/2023\\\/06\\\/13\\\/libellula-fulva-harcelement-fin\\\/#primaryimage\"},\"image\":{\"@id\":\"https:\\\/\\\/www.meslibellules.fr\\\/blog\\\/2023\\\/06\\\/13\\\/libellula-fulva-harcelement-fin\\\/#primaryimage\"},\"thumbnailUrl\":\"https:\\\/\\\/www.meslibellules.fr\\\/blog\\\/wp-content\\\/uploads\\\/lfulva-vs-lfulva-1.gif\",\"datePublished\":\"2023-06-13T17:36:35+00:00\",\"dateModified\":\"2025-01-28T08:01:47+00:00\",\"breadcrumb\":{\"@id\":\"https:\\\/\\\/www.meslibellules.fr\\\/blog\\\/2023\\\/06\\\/13\\\/libellula-fulva-harcelement-fin\\\/#breadcrumb\"},\"inLanguage\":\"fr-FR\",\"potentialAction\":[{\"@type\":\"ReadAction\",\"target\":[\"https:\\\/\\\/www.meslibellules.fr\\\/blog\\\/2023\\\/06\\\/13\\\/libellula-fulva-harcelement-fin\\\/\"]}]},{\"@type\":\"ImageObject\",\"inLanguage\":\"fr-FR\",\"@id\":\"https:\\\/\\\/www.meslibellules.fr\\\/blog\\\/2023\\\/06\\\/13\\\/libellula-fulva-harcelement-fin\\\/#primaryimage\",\"url\":\"https:\\\/\\\/www.meslibellules.fr\\\/blog\\\/wp-content\\\/uploads\\\/lfulva-vs-lfulva-1.gif\",\"contentUrl\":\"https:\\\/\\\/www.meslibellules.fr\\\/blog\\\/wp-content\\\/uploads\\\/lfulva-vs-lfulva-1.gif\",\"width\":1199,\"height\":1000,\"caption\":\"Libellula fulva m\u00e2le vs L. fulva, Andrez\u00e9 sur le Beuvron (F-49), 01\\\/06\\\/23\"},{\"@type\":\"BreadcrumbList\",\"@id\":\"https:\\\/\\\/www.meslibellules.fr\\\/blog\\\/2023\\\/06\\\/13\\\/libellula-fulva-harcelement-fin\\\/#breadcrumb\",\"itemListElement\":[{\"@type\":\"ListItem\",\"position\":1,\"name\":\"Accueil\",\"item\":\"https:\\\/\\\/www.meslibellules.fr\\\/blog\\\/\"},{\"@type\":\"ListItem\",\"position\":2,\"name\":\"Libellula fulva : harc\u00e8lement (fin)\"}]},{\"@type\":\"WebSite\",\"@id\":\"https:\\\/\\\/www.meslibellules.fr\\\/blog\\\/#website\",\"url\":\"https:\\\/\\\/www.meslibellules.fr\\\/blog\\\/\",\"name\":\"Mes Libellules\",\"description\":\"Pr\u00e9sentation des libellules rencontr\u00e9es dans le monde\",\"publisher\":{\"@id\":\"https:\\\/\\\/www.meslibellules.fr\\\/blog\\\/#\\\/schema\\\/person\\\/9aa3586f9dd053fcf329f43b8b053c77\"},\"potentialAction\":[{\"@type\":\"SearchAction\",\"target\":{\"@type\":\"EntryPoint\",\"urlTemplate\":\"https:\\\/\\\/www.meslibellules.fr\\\/blog\\\/?s={search_term_string}\"},\"query-input\":{\"@type\":\"PropertyValueSpecification\",\"valueRequired\":true,\"valueName\":\"search_term_string\"}}],\"inLanguage\":\"fr-FR\"},{\"@type\":[\"Person\",\"Organization\"],\"@id\":\"https:\\\/\\\/www.meslibellules.fr\\\/blog\\\/#\\\/schema\\\/person\\\/9aa3586f9dd053fcf329f43b8b053c77\",\"name\":\"Beno\u00eet Guillon\",\"image\":{\"@type\":\"ImageObject\",\"inLanguage\":\"fr-FR\",\"@id\":\"https:\\\/\\\/www.meslibellules.fr\\\/blog\\\/wp-content\\\/uploads\\\/cropped-avatar-150-pix.jpg\",\"url\":\"https:\\\/\\\/www.meslibellules.fr\\\/blog\\\/wp-content\\\/uploads\\\/cropped-avatar-150-pix.jpg\",\"contentUrl\":\"https:\\\/\\\/www.meslibellules.fr\\\/blog\\\/wp-content\\\/uploads\\\/cropped-avatar-150-pix.jpg\",\"width\":150,\"height\":137,\"caption\":\"Beno\u00eet Guillon\"},\"logo\":{\"@id\":\"https:\\\/\\\/www.meslibellules.fr\\\/blog\\\/wp-content\\\/uploads\\\/cropped-avatar-150-pix.jpg\"},\"sameAs\":[\"https:\\\/\\\/www.facebook.com\\\/benoit.guillon.96\\\/\"]}]}<\/script>\n<!-- \/ Yoast SEO plugin. -->","yoast_head_json":{"title":"Libellula fulva : harc\u00e8lement (fin) - Mes Libellules","robots":{"index":"index","follow":"follow","max-snippet":"max-snippet:-1","max-image-preview":"max-image-preview:large","max-video-preview":"max-video-preview:-1"},"canonical":"https:\/\/www.meslibellules.fr\/blog\/2023\/06\/13\/libellula-fulva-harcelement-fin\/","og_locale":"fr_FR","og_type":"article","og_title":"Libellula fulva : harc\u00e8lement (fin) - Mes Libellules","og_description":"Noter ci-dessous la position des pattes ant\u00e9rieures du m\u00e2le agress\u00e9 lorsque le Calopteryx virgo est pos\u00e9, il semble se rendre, mains en l&rsquo;air \ud83d\ude03 D&rsquo;ailleurs le m\u00e2le C. virgo tend aussi sa patte ant\u00e9rieure \u00e0 droite.","og_url":"https:\/\/www.meslibellules.fr\/blog\/2023\/06\/13\/libellula-fulva-harcelement-fin\/","og_site_name":"Mes Libellules","article_publisher":"https:\/\/www.facebook.com\/benoit.guillon.96\/","article_author":"https:\/\/www.facebook.com\/benoit.guillon.96\/","article_published_time":"2023-06-13T17:36:35+00:00","article_modified_time":"2025-01-28T08:01:47+00:00","og_image":[{"url":"https:\/\/www.meslibellules.fr\/blog\/wp-content\/uploads\/lfulva-vs-lfulva-1.gif","width":1199,"height":1000,"type":"image\/gif"}],"author":"Beno\u00eet Guillon","twitter_card":"summary_large_image","twitter_misc":{"\u00c9crit par":"Beno\u00eet Guillon","Dur\u00e9e de lecture estim\u00e9e":"1 minute"},"schema":{"@context":"https:\/\/schema.org","@graph":[{"@type":"Article","@id":"https:\/\/www.meslibellules.fr\/blog\/2023\/06\/13\/libellula-fulva-harcelement-fin\/#article","isPartOf":{"@id":"https:\/\/www.meslibellules.fr\/blog\/2023\/06\/13\/libellula-fulva-harcelement-fin\/"},"author":{"name":"Beno\u00eet Guillon","@id":"https:\/\/www.meslibellules.fr\/blog\/#\/schema\/person\/9aa3586f9dd053fcf329f43b8b053c77"},"headline":"Libellula fulva : harc\u00e8lement (fin)","datePublished":"2023-06-13T17:36:35+00:00","dateModified":"2025-01-28T08:01:47+00:00","mainEntityOfPage":{"@id":"https:\/\/www.meslibellules.fr\/blog\/2023\/06\/13\/libellula-fulva-harcelement-fin\/"},"wordCount":74,"commentCount":0,"publisher":{"@id":"https:\/\/www.meslibellules.fr\/blog\/#\/schema\/person\/9aa3586f9dd053fcf329f43b8b053c77"},"image":{"@id":"https:\/\/www.meslibellules.fr\/blog\/2023\/06\/13\/libellula-fulva-harcelement-fin\/#primaryimage"},"thumbnailUrl":"https:\/\/www.meslibellules.fr\/blog\/wp-content\/uploads\/lfulva-vs-lfulva-1.gif","articleSection":["France","Libellula fulva","Libellulidae"],"inLanguage":"fr-FR","potentialAction":[{"@type":"CommentAction","name":"Comment","target":["https:\/\/www.meslibellules.fr\/blog\/2023\/06\/13\/libellula-fulva-harcelement-fin\/#respond"]}]},{"@type":"WebPage","@id":"https:\/\/www.meslibellules.fr\/blog\/2023\/06\/13\/libellula-fulva-harcelement-fin\/","url":"https:\/\/www.meslibellules.fr\/blog\/2023\/06\/13\/libellula-fulva-harcelement-fin\/","name":"Libellula fulva : harc\u00e8lement (fin) - Mes Libellules","isPartOf":{"@id":"https:\/\/www.meslibellules.fr\/blog\/#website"},"primaryImageOfPage":{"@id":"https:\/\/www.meslibellules.fr\/blog\/2023\/06\/13\/libellula-fulva-harcelement-fin\/#primaryimage"},"image":{"@id":"https:\/\/www.meslibellules.fr\/blog\/2023\/06\/13\/libellula-fulva-harcelement-fin\/#primaryimage"},"thumbnailUrl":"https:\/\/www.meslibellules.fr\/blog\/wp-content\/uploads\/lfulva-vs-lfulva-1.gif","datePublished":"2023-06-13T17:36:35+00:00","dateModified":"2025-01-28T08:01:47+00:00","breadcrumb":{"@id":"https:\/\/www.meslibellules.fr\/blog\/2023\/06\/13\/libellula-fulva-harcelement-fin\/#breadcrumb"},"inLanguage":"fr-FR","potentialAction":[{"@type":"ReadAction","target":["https:\/\/www.meslibellules.fr\/blog\/2023\/06\/13\/libellula-fulva-harcelement-fin\/"]}]},{"@type":"ImageObject","inLanguage":"fr-FR","@id":"https:\/\/www.meslibellules.fr\/blog\/2023\/06\/13\/libellula-fulva-harcelement-fin\/#primaryimage","url":"https:\/\/www.meslibellules.fr\/blog\/wp-content\/uploads\/lfulva-vs-lfulva-1.gif","contentUrl":"https:\/\/www.meslibellules.fr\/blog\/wp-content\/uploads\/lfulva-vs-lfulva-1.gif","width":1199,"height":1000,"caption":"Libellula fulva m\u00e2le vs L. fulva, Andrez\u00e9 sur le Beuvron (F-49), 01\/06\/23"},{"@type":"BreadcrumbList","@id":"https:\/\/www.meslibellules.fr\/blog\/2023\/06\/13\/libellula-fulva-harcelement-fin\/#breadcrumb","itemListElement":[{"@type":"ListItem","position":1,"name":"Accueil","item":"https:\/\/www.meslibellules.fr\/blog\/"},{"@type":"ListItem","position":2,"name":"Libellula fulva : harc\u00e8lement (fin)"}]},{"@type":"WebSite","@id":"https:\/\/www.meslibellules.fr\/blog\/#website","url":"https:\/\/www.meslibellules.fr\/blog\/","name":"Mes Libellules","description":"Pr\u00e9sentation des libellules rencontr\u00e9es dans le monde","publisher":{"@id":"https:\/\/www.meslibellules.fr\/blog\/#\/schema\/person\/9aa3586f9dd053fcf329f43b8b053c77"},"potentialAction":[{"@type":"SearchAction","target":{"@type":"EntryPoint","urlTemplate":"https:\/\/www.meslibellules.fr\/blog\/?s={search_term_string}"},"query-input":{"@type":"PropertyValueSpecification","valueRequired":true,"valueName":"search_term_string"}}],"inLanguage":"fr-FR"},{"@type":["Person","Organization"],"@id":"https:\/\/www.meslibellules.fr\/blog\/#\/schema\/person\/9aa3586f9dd053fcf329f43b8b053c77","name":"Beno\u00eet Guillon","image":{"@type":"ImageObject","inLanguage":"fr-FR","@id":"https:\/\/www.meslibellules.fr\/blog\/wp-content\/uploads\/cropped-avatar-150-pix.jpg","url":"https:\/\/www.meslibellules.fr\/blog\/wp-content\/uploads\/cropped-avatar-150-pix.jpg","contentUrl":"https:\/\/www.meslibellules.fr\/blog\/wp-content\/uploads\/cropped-avatar-150-pix.jpg","width":150,"height":137,"caption":"Beno\u00eet Guillon"},"logo":{"@id":"https:\/\/www.meslibellules.fr\/blog\/wp-content\/uploads\/cropped-avatar-150-pix.jpg"},"sameAs":["https:\/\/www.facebook.com\/benoit.guillon.96\/"]}]}},"_links":{"self":[{"href":"https:\/\/www.meslibellules.fr\/blog\/wp-json\/wp\/v2\/posts\/14639","targetHints":{"allow":["GET"]}}],"collection":[{"href":"https:\/\/www.meslibellules.fr\/blog\/wp-json\/wp\/v2\/posts"}],"about":[{"href":"https:\/\/www.meslibellules.fr\/blog\/wp-json\/wp\/v2\/types\/post"}],"author":[{"embeddable":true,"href":"https:\/\/www.meslibellules.fr\/blog\/wp-json\/wp\/v2\/users\/1"}],"replies":[{"embeddable":true,"href":"https:\/\/www.meslibellules.fr\/blog\/wp-json\/wp\/v2\/comments?post=14639"}],"version-history":[{"count":0,"href":"https:\/\/www.meslibellules.fr\/blog\/wp-json\/wp\/v2\/posts\/14639\/revisions"}],"wp:attachment":[{"href":"https:\/\/www.meslibellules.fr\/blog\/wp-json\/wp\/v2\/media?parent=14639"}],"wp:term":[{"taxonomy":"category","embeddable":true,"href":"https:\/\/www.meslibellules.fr\/blog\/wp-json\/wp\/v2\/categories?post=14639"},{"taxonomy":"post_tag","embeddable":true,"href":"https:\/\/www.meslibellules.fr\/blog\/wp-json\/wp\/v2\/tags?post=14639"}],"curies":[{"name":"wp","href":"https:\/\/api.w.org\/{rel}","templated":true}]}}