{"id":14753,"date":"2023-06-30T06:20:40","date_gmt":"2023-06-30T04:20:40","guid":{"rendered":"https:\/\/www.meslibellules.fr\/blog\/?p=14753"},"modified":"2024-01-03T11:14:04","modified_gmt":"2024-01-03T10:14:04","slug":"anax-parthenope-male-en-vol","status":"publish","type":"post","link":"https:\/\/www.meslibellules.fr\/blog\/2023\/06\/30\/anax-parthenope-male-en-vol\/","title":{"rendered":"Anax parthenope m\u00e2le en vol  3\/3"},"content":{"rendered":"\n<figure class=\"wp-block-image aligncenter size-full is-resized\"><a href=\"https:\/\/www.meslibellules.fr\/blog\/wp-content\/uploads\/Anax-parthenope-male-en-vol-1.webp\"><img decoding=\"async\" width=\"1593\" height=\"1204\" data-src=\"https:\/\/www.meslibellules.fr\/blog\/wp-content\/uploads\/Anax-parthenope-male-en-vol-1.webp\" alt=\"Anax parthenope m\u00e2le en vol, Donzacq (France-40), 27\/06\/2023\" class=\"wp-image-14756 lazyload\" style=\"--smush-placeholder-width: 1593px; --smush-placeholder-aspect-ratio: 1593\/1204;width:555px;height:419px\" data-srcset=\"https:\/\/www.meslibellules.fr\/blog\/wp-content\/uploads\/Anax-parthenope-male-en-vol-1.webp 1593w, https:\/\/www.meslibellules.fr\/blog\/wp-content\/uploads\/Anax-parthenope-male-en-vol-1-768x580.webp 768w, https:\/\/www.meslibellules.fr\/blog\/wp-content\/uploads\/Anax-parthenope-male-en-vol-1-1536x1161.webp 1536w\" data-sizes=\"(max-width: 1593px) 100vw, 1593px\" src=\"data:image\/svg+xml;base64,PHN2ZyB3aWR0aD0iMSIgaGVpZ2h0PSIxIiB4bWxucz0iaHR0cDovL3d3dy53My5vcmcvMjAwMC9zdmciPjwvc3ZnPg==\" \/><\/a><figcaption class=\"wp-element-caption\">Anax parthenope m\u00e2le en vol, Donzacq (France-40), 27\/06\/2023<\/figcaption><\/figure>\n\n\n\n<p>Cet Anax parthenope m\u00e2le en vol est un bonus appr\u00e9ci\u00e9 \u00e0 sa juste valeur; je suis venu dans les Landes pour revoir les Gomphidae qui sont rares dans ma r\u00e9gion, Gomphus simillimus &amp; graslinii et Stylurus flavipes. Mais pas de chance, malgr\u00e9 une journ\u00e9e et demie de prospection, ils ne se sont pas montr\u00e9s. Est-ce trop t\u00f4t en saison ou est-ce que les 10 jours d&rsquo;orages qui ont pr\u00e9c\u00e9d\u00e9 ma venue en sont responsables ? Sans doute un peu les 2.<br>Olivier Payen, mon guide sur place, s&rsquo;est alors rabattu sur un petit \u00e9tang, d&rsquo;environ 70 m sur 25 m, qui semble bien ordinaire : ses bords sont verticaux, pas de plage de sable ou de terre, tr\u00e8s peu  de v\u00e9g\u00e9tation aquatique, pas de roseli\u00e8re.<\/p>\n\n\n\n<figure class=\"wp-block-image aligncenter size-full is-resized\"><a href=\"https:\/\/www.meslibellules.fr\/blog\/wp-content\/uploads\/Anax-parthenope-male-en-vol-6.webp\"><img decoding=\"async\" width=\"1494\" height=\"1204\" data-src=\"https:\/\/www.meslibellules.fr\/blog\/wp-content\/uploads\/Anax-parthenope-male-en-vol-6.webp\" alt=\"Anax parthenope m\u00e2le en vol, Donzacq (France-40), 27\/06\/2023\" class=\"wp-image-14757 lazyload\" style=\"--smush-placeholder-width: 1494px; --smush-placeholder-aspect-ratio: 1494\/1204;width:555px;height:448px\" data-srcset=\"https:\/\/www.meslibellules.fr\/blog\/wp-content\/uploads\/Anax-parthenope-male-en-vol-6.webp 1494w, https:\/\/www.meslibellules.fr\/blog\/wp-content\/uploads\/Anax-parthenope-male-en-vol-6-768x619.webp 768w\" data-sizes=\"(max-width: 1494px) 100vw, 1494px\" src=\"data:image\/svg+xml;base64,PHN2ZyB3aWR0aD0iMSIgaGVpZ2h0PSIxIiB4bWxucz0iaHR0cDovL3d3dy53My5vcmcvMjAwMC9zdmciPjwvc3ZnPg==\" \/><\/a><figcaption class=\"wp-element-caption\">Anax parthenope m\u00e2le en vol, Donzacq (France-40), 27\/06\/2023<\/figcaption><\/figure>\n\n\n\n<p>Il est cependant bien riche ce petit plan d&rsquo;eau; nous y avons  observ\u00e9 S. sanguineum et meridionale, O. albistylum et cancellatum, T. annulata, E. lindenii, E. cyathigerum et viridulum, I. elegans, S. fusca, C. viridis, Calopteryx sp. et enfin A. imperator et parthenope. <br>A. imperator semblait d&rsquo;abord r\u00e9gner seul, mais nous l&rsquo;avons aper\u00e7u combattre un autre Aeshnidae que nous avons identifi\u00e9 comme Anax parthenope.<br>D\u00e8s que leurs vols se rapprochaient, l&rsquo;A. imperator poursuivait l&rsquo;Anax parthenope pour lui faire quitter les lieux, c&rsquo;\u00e9tait syst\u00e9matiquement l&rsquo;Empereur qui attaquait et le bien nomm\u00e9 <em>Lesser emperor<\/em> quittait la place, ce qui est tout \u00e0 fat conforme aux observations des interactions de ces 2 esp\u00e8ces. Finalement, l&rsquo;Anax napolitain s&rsquo;est content\u00e9 d&rsquo;un angle de l&rsquo;\u00e9tang, embouchure d&rsquo;un ruisseau, o\u00f9 son adversaire ne s&rsquo;aventurait pas, et c&rsquo;est sur cette partie que j&rsquo;ai pu faire ces photos.<\/p>\n\n\n\n<figure class=\"wp-block-image aligncenter size-full is-resized\"><a href=\"https:\/\/www.meslibellules.fr\/blog\/wp-content\/uploads\/Anax-parthenope-male-en-vol-7.webp\"><img decoding=\"async\" width=\"1760\" height=\"1204\" data-src=\"https:\/\/www.meslibellules.fr\/blog\/wp-content\/uploads\/Anax-parthenope-male-en-vol-7.webp\" alt=\"Anax parthenope m\u00e2le en vol, Donzacq (France-40), 27\/06\/2023\" class=\"wp-image-14758 lazyload\" style=\"--smush-placeholder-width: 1760px; --smush-placeholder-aspect-ratio: 1760\/1204;width:555px;height:374px\" data-srcset=\"https:\/\/www.meslibellules.fr\/blog\/wp-content\/uploads\/Anax-parthenope-male-en-vol-7.webp 1760w, https:\/\/www.meslibellules.fr\/blog\/wp-content\/uploads\/Anax-parthenope-male-en-vol-7-768x525.webp 768w, https:\/\/www.meslibellules.fr\/blog\/wp-content\/uploads\/Anax-parthenope-male-en-vol-7-1536x1051.webp 1536w\" data-sizes=\"(max-width: 1760px) 100vw, 1760px\" src=\"data:image\/svg+xml;base64,PHN2ZyB3aWR0aD0iMSIgaGVpZ2h0PSIxIiB4bWxucz0iaHR0cDovL3d3dy53My5vcmcvMjAwMC9zdmciPjwvc3ZnPg==\" \/><\/a><figcaption class=\"wp-element-caption\">Anax parthenope m\u00e2le en vol, Donzacq (France-40), 27\/06\/2023<\/figcaption><\/figure>\n\n\n\n<p>\u00c0 plusieurs reprises, nous avons m\u00eame eu droit \u00e0 des affrontements entre 2 Anax parthenope, si bien que je ne suis pas certain d&rsquo;avoir photographi\u00e9 toujours le m\u00eame, car si je ne montre que 3 photos, il faut bien r\u00e9aliser que j&rsquo;en ai fait des dizaines&#8230;<br>Il s&rsquo;est pos\u00e9 \u00e0 2 ou 3 reprises. Cependant, je n&rsquo;\u00e9tais pas au bon endroit, Olivier lui \u00e9tait justement install\u00e9 devant la seule branche qui \u00e9mergeait de l&rsquo;eau&#8230; bien vu !<\/p>\n\n\n\n<div style=\"height:30px\" aria-hidden=\"true\" class=\"wp-block-spacer\"><\/div>\n\n\n\n<div class=\"wp-block-buttons is-vertical is-layout-flex wp-container-core-buttons-is-layout-fe9cc265 wp-block-buttons-is-layout-flex\">\n<div class=\"wp-block-button\"><a class=\"wp-block-button__link wp-element-button\" href=\"https:\/\/www.meslibellules.fr\/blog\/2019\/07\/21\/anax-parthenope-male-lac-dhourtin-juillet-2019\/\">Retour<\/a><\/div>\n\n\n\n<div class=\"wp-block-button\"><a class=\"wp-block-button__link wp-element-button\" href=\"http:\/\/www.meslibellules.fr\/pagesweb\/aeshnidae\/anax\/anax-parthenope\/anax-parthenope-accueil.php\">Accueil A. parthenope<\/a><\/div>\n<\/div>\n","protected":false},"excerpt":{"rendered":"<p>Cet Anax parthenope m\u00e2le en vol est un bonus appr\u00e9ci\u00e9 \u00e0 sa juste valeur; je suis venu dans les Landes pour revoir les Gomphidae qui sont rares dans ma r\u00e9gion, Gomphus simillimus &amp; graslinii et Stylurus flavipes. Mais pas de chance, malgr\u00e9 une journ\u00e9e et demie de prospection, ils ne se sont pas montr\u00e9s. Est-ce [&hellip;]<\/p>\n","protected":false},"author":1,"featured_media":0,"comment_status":"open","ping_status":"open","sticky":false,"template":"","format":"image","meta":{"site-sidebar-layout":"default","site-content-layout":"","ast-site-content-layout":"default","site-content-style":"default","site-sidebar-style":"default","ast-global-header-display":"","ast-banner-title-visibility":"","ast-main-header-display":"","ast-hfb-above-header-display":"","ast-hfb-below-header-display":"","ast-hfb-mobile-header-display":"","site-post-title":"","ast-breadcrumbs-content":"","ast-featured-img":"","footer-sml-layout":"","ast-disable-related-posts":"","theme-transparent-header-meta":"","adv-header-id-meta":"","stick-header-meta":"","header-above-stick-meta":"","header-main-stick-meta":"","header-below-stick-meta":"","astra-migrate-meta-layouts":"set","ast-page-background-enabled":"default","ast-page-background-meta":{"desktop":{"background-color":"var(--ast-global-color-4)","background-image":"","background-repeat":"repeat","background-position":"center center","background-size":"auto","background-attachment":"scroll","background-type":"","background-media":"","overlay-type":"","overlay-color":"","overlay-opacity":"","overlay-gradient":""},"tablet":{"background-color":"","background-image":"","background-repeat":"repeat","background-position":"center center","background-size":"auto","background-attachment":"scroll","background-type":"","background-media":"","overlay-type":"","overlay-color":"","overlay-opacity":"","overlay-gradient":""},"mobile":{"background-color":"","background-image":"","background-repeat":"repeat","background-position":"center center","background-size":"auto","background-attachment":"scroll","background-type":"","background-media":"","overlay-type":"","overlay-color":"","overlay-opacity":"","overlay-gradient":""}},"ast-content-background-meta":{"desktop":{"background-color":"var(--ast-global-color-5)","background-image":"","background-repeat":"repeat","background-position":"center center","background-size":"auto","background-attachment":"scroll","background-type":"","background-media":"","overlay-type":"","overlay-color":"","overlay-opacity":"","overlay-gradient":""},"tablet":{"background-color":"var(--ast-global-color-5)","background-image":"","background-repeat":"repeat","background-position":"center center","background-size":"auto","background-attachment":"scroll","background-type":"","background-media":"","overlay-type":"","overlay-color":"","overlay-opacity":"","overlay-gradient":""},"mobile":{"background-color":"var(--ast-global-color-5)","background-image":"","background-repeat":"repeat","background-position":"center center","background-size":"auto","background-attachment":"scroll","background-type":"","background-media":"","overlay-type":"","overlay-color":"","overlay-opacity":"","overlay-gradient":""}},"footnotes":""},"categories":[118,119,55],"tags":[396,757],"class_list":["post-14753","post","type-post","status-publish","format-image","hentry","category-aeshnidae-france","category-anax-parthenope","category-france","tag-aeshnidae-france","tag-anax-france","post_format-post-format-image"],"yoast_head":"<!-- This site is optimized with the Yoast SEO plugin v27.4 - https:\/\/yoast.com\/product\/yoast-seo-wordpress\/ -->\n<title>Anax parthenope m\u00e2le en vol - Mes Libellules<\/title>\n<meta name=\"description\" content=\"Anax parthenope m\u00e2le en vol dans les Landes, cort\u00e8ge odonatologique, comportement, environnement et habitat\" \/>\n<meta name=\"robots\" content=\"index, follow, max-snippet:-1, max-image-preview:large, max-video-preview:-1\" \/>\n<link rel=\"canonical\" href=\"https:\/\/www.meslibellules.fr\/blog\/2023\/06\/30\/anax-parthenope-male-en-vol\/\" \/>\n<meta property=\"og:locale\" content=\"fr_FR\" \/>\n<meta property=\"og:type\" content=\"article\" \/>\n<meta property=\"og:title\" content=\"Anax parthenope m\u00e2le en vol - Mes Libellules\" \/>\n<meta property=\"og:description\" content=\"Anax parthenope m\u00e2le en vol dans les Landes, cort\u00e8ge odonatologique, comportement, environnement et habitat\" \/>\n<meta property=\"og:url\" content=\"https:\/\/www.meslibellules.fr\/blog\/2023\/06\/30\/anax-parthenope-male-en-vol\/\" \/>\n<meta property=\"og:site_name\" content=\"Mes Libellules\" \/>\n<meta property=\"article:publisher\" content=\"https:\/\/www.facebook.com\/benoit.guillon.96\/\" \/>\n<meta property=\"article:author\" content=\"https:\/\/www.facebook.com\/benoit.guillon.96\/\" \/>\n<meta property=\"article:published_time\" content=\"2023-06-30T04:20:40+00:00\" \/>\n<meta property=\"article:modified_time\" content=\"2024-01-03T10:14:04+00:00\" \/>\n<meta property=\"og:image\" content=\"https:\/\/www.meslibellules.fr\/blog\/wp-content\/uploads\/Anax-parthenope-male-en-vol-1.webp\" \/>\n<meta name=\"author\" content=\"Beno\u00eet Guillon\" \/>\n<meta name=\"twitter:card\" content=\"summary_large_image\" \/>\n<meta name=\"twitter:label1\" content=\"\u00c9crit par\" \/>\n\t<meta name=\"twitter:data1\" content=\"Beno\u00eet Guillon\" \/>\n\t<meta name=\"twitter:label2\" content=\"Dur\u00e9e de lecture estim\u00e9e\" \/>\n\t<meta name=\"twitter:data2\" content=\"3 minutes\" \/>\n<script type=\"application\/ld+json\" class=\"yoast-schema-graph\">{\"@context\":\"https:\\\/\\\/schema.org\",\"@graph\":[{\"@type\":\"Article\",\"@id\":\"https:\\\/\\\/www.meslibellules.fr\\\/blog\\\/2023\\\/06\\\/30\\\/anax-parthenope-male-en-vol\\\/#article\",\"isPartOf\":{\"@id\":\"https:\\\/\\\/www.meslibellules.fr\\\/blog\\\/2023\\\/06\\\/30\\\/anax-parthenope-male-en-vol\\\/\"},\"author\":{\"name\":\"Beno\u00eet Guillon\",\"@id\":\"https:\\\/\\\/www.meslibellules.fr\\\/blog\\\/#\\\/schema\\\/person\\\/9aa3586f9dd053fcf329f43b8b053c77\"},\"headline\":\"Anax parthenope m\u00e2le en vol 3\\\/3\",\"datePublished\":\"2023-06-30T04:20:40+00:00\",\"dateModified\":\"2024-01-03T10:14:04+00:00\",\"mainEntityOfPage\":{\"@id\":\"https:\\\/\\\/www.meslibellules.fr\\\/blog\\\/2023\\\/06\\\/30\\\/anax-parthenope-male-en-vol\\\/\"},\"wordCount\":401,\"commentCount\":0,\"publisher\":{\"@id\":\"https:\\\/\\\/www.meslibellules.fr\\\/blog\\\/#\\\/schema\\\/person\\\/9aa3586f9dd053fcf329f43b8b053c77\"},\"image\":{\"@id\":\"https:\\\/\\\/www.meslibellules.fr\\\/blog\\\/2023\\\/06\\\/30\\\/anax-parthenope-male-en-vol\\\/#primaryimage\"},\"thumbnailUrl\":\"https:\\\/\\\/www.meslibellules.fr\\\/blog\\\/wp-content\\\/uploads\\\/Anax-parthenope-male-en-vol-1.webp\",\"keywords\":[\"Aeshnidae - France\",\"Anax-France\"],\"articleSection\":[\"Aeshnidae\",\"Anax parthenope\",\"France\"],\"inLanguage\":\"fr-FR\",\"potentialAction\":[{\"@type\":\"CommentAction\",\"name\":\"Comment\",\"target\":[\"https:\\\/\\\/www.meslibellules.fr\\\/blog\\\/2023\\\/06\\\/30\\\/anax-parthenope-male-en-vol\\\/#respond\"]}]},{\"@type\":\"WebPage\",\"@id\":\"https:\\\/\\\/www.meslibellules.fr\\\/blog\\\/2023\\\/06\\\/30\\\/anax-parthenope-male-en-vol\\\/\",\"url\":\"https:\\\/\\\/www.meslibellules.fr\\\/blog\\\/2023\\\/06\\\/30\\\/anax-parthenope-male-en-vol\\\/\",\"name\":\"Anax parthenope m\u00e2le en vol - Mes Libellules\",\"isPartOf\":{\"@id\":\"https:\\\/\\\/www.meslibellules.fr\\\/blog\\\/#website\"},\"primaryImageOfPage\":{\"@id\":\"https:\\\/\\\/www.meslibellules.fr\\\/blog\\\/2023\\\/06\\\/30\\\/anax-parthenope-male-en-vol\\\/#primaryimage\"},\"image\":{\"@id\":\"https:\\\/\\\/www.meslibellules.fr\\\/blog\\\/2023\\\/06\\\/30\\\/anax-parthenope-male-en-vol\\\/#primaryimage\"},\"thumbnailUrl\":\"https:\\\/\\\/www.meslibellules.fr\\\/blog\\\/wp-content\\\/uploads\\\/Anax-parthenope-male-en-vol-1.webp\",\"datePublished\":\"2023-06-30T04:20:40+00:00\",\"dateModified\":\"2024-01-03T10:14:04+00:00\",\"description\":\"Anax parthenope m\u00e2le en vol dans les Landes, cort\u00e8ge odonatologique, comportement, environnement et habitat\",\"breadcrumb\":{\"@id\":\"https:\\\/\\\/www.meslibellules.fr\\\/blog\\\/2023\\\/06\\\/30\\\/anax-parthenope-male-en-vol\\\/#breadcrumb\"},\"inLanguage\":\"fr-FR\",\"potentialAction\":[{\"@type\":\"ReadAction\",\"target\":[\"https:\\\/\\\/www.meslibellules.fr\\\/blog\\\/2023\\\/06\\\/30\\\/anax-parthenope-male-en-vol\\\/\"]}]},{\"@type\":\"ImageObject\",\"inLanguage\":\"fr-FR\",\"@id\":\"https:\\\/\\\/www.meslibellules.fr\\\/blog\\\/2023\\\/06\\\/30\\\/anax-parthenope-male-en-vol\\\/#primaryimage\",\"url\":\"https:\\\/\\\/www.meslibellules.fr\\\/blog\\\/wp-content\\\/uploads\\\/Anax-parthenope-male-en-vol-1.webp\",\"contentUrl\":\"https:\\\/\\\/www.meslibellules.fr\\\/blog\\\/wp-content\\\/uploads\\\/Anax-parthenope-male-en-vol-1.webp\"},{\"@type\":\"BreadcrumbList\",\"@id\":\"https:\\\/\\\/www.meslibellules.fr\\\/blog\\\/2023\\\/06\\\/30\\\/anax-parthenope-male-en-vol\\\/#breadcrumb\",\"itemListElement\":[{\"@type\":\"ListItem\",\"position\":1,\"name\":\"Accueil\",\"item\":\"https:\\\/\\\/www.meslibellules.fr\\\/blog\\\/\"},{\"@type\":\"ListItem\",\"position\":2,\"name\":\"Anax parthenope m\u00e2le en vol 3\\\/3\"}]},{\"@type\":\"WebSite\",\"@id\":\"https:\\\/\\\/www.meslibellules.fr\\\/blog\\\/#website\",\"url\":\"https:\\\/\\\/www.meslibellules.fr\\\/blog\\\/\",\"name\":\"Mes Libellules\",\"description\":\"Pr\u00e9sentation des libellules rencontr\u00e9es dans le monde\",\"publisher\":{\"@id\":\"https:\\\/\\\/www.meslibellules.fr\\\/blog\\\/#\\\/schema\\\/person\\\/9aa3586f9dd053fcf329f43b8b053c77\"},\"potentialAction\":[{\"@type\":\"SearchAction\",\"target\":{\"@type\":\"EntryPoint\",\"urlTemplate\":\"https:\\\/\\\/www.meslibellules.fr\\\/blog\\\/?s={search_term_string}\"},\"query-input\":{\"@type\":\"PropertyValueSpecification\",\"valueRequired\":true,\"valueName\":\"search_term_string\"}}],\"inLanguage\":\"fr-FR\"},{\"@type\":[\"Person\",\"Organization\"],\"@id\":\"https:\\\/\\\/www.meslibellules.fr\\\/blog\\\/#\\\/schema\\\/person\\\/9aa3586f9dd053fcf329f43b8b053c77\",\"name\":\"Beno\u00eet Guillon\",\"image\":{\"@type\":\"ImageObject\",\"inLanguage\":\"fr-FR\",\"@id\":\"https:\\\/\\\/www.meslibellules.fr\\\/blog\\\/wp-content\\\/uploads\\\/cropped-avatar-150-pix.jpg\",\"url\":\"https:\\\/\\\/www.meslibellules.fr\\\/blog\\\/wp-content\\\/uploads\\\/cropped-avatar-150-pix.jpg\",\"contentUrl\":\"https:\\\/\\\/www.meslibellules.fr\\\/blog\\\/wp-content\\\/uploads\\\/cropped-avatar-150-pix.jpg\",\"width\":150,\"height\":137,\"caption\":\"Beno\u00eet Guillon\"},\"logo\":{\"@id\":\"https:\\\/\\\/www.meslibellules.fr\\\/blog\\\/wp-content\\\/uploads\\\/cropped-avatar-150-pix.jpg\"},\"sameAs\":[\"https:\\\/\\\/www.facebook.com\\\/benoit.guillon.96\\\/\"]}]}<\/script>\n<!-- \/ Yoast SEO plugin. -->","yoast_head_json":{"title":"Anax parthenope m\u00e2le en vol - Mes Libellules","description":"Anax parthenope m\u00e2le en vol dans les Landes, cort\u00e8ge odonatologique, comportement, environnement et habitat","robots":{"index":"index","follow":"follow","max-snippet":"max-snippet:-1","max-image-preview":"max-image-preview:large","max-video-preview":"max-video-preview:-1"},"canonical":"https:\/\/www.meslibellules.fr\/blog\/2023\/06\/30\/anax-parthenope-male-en-vol\/","og_locale":"fr_FR","og_type":"article","og_title":"Anax parthenope m\u00e2le en vol - Mes Libellules","og_description":"Anax parthenope m\u00e2le en vol dans les Landes, cort\u00e8ge odonatologique, comportement, environnement et habitat","og_url":"https:\/\/www.meslibellules.fr\/blog\/2023\/06\/30\/anax-parthenope-male-en-vol\/","og_site_name":"Mes Libellules","article_publisher":"https:\/\/www.facebook.com\/benoit.guillon.96\/","article_author":"https:\/\/www.facebook.com\/benoit.guillon.96\/","article_published_time":"2023-06-30T04:20:40+00:00","article_modified_time":"2024-01-03T10:14:04+00:00","og_image":[{"url":"https:\/\/www.meslibellules.fr\/blog\/wp-content\/uploads\/Anax-parthenope-male-en-vol-1.webp","type":"","width":"","height":""}],"author":"Beno\u00eet Guillon","twitter_card":"summary_large_image","twitter_misc":{"\u00c9crit par":"Beno\u00eet Guillon","Dur\u00e9e de lecture estim\u00e9e":"3 minutes"},"schema":{"@context":"https:\/\/schema.org","@graph":[{"@type":"Article","@id":"https:\/\/www.meslibellules.fr\/blog\/2023\/06\/30\/anax-parthenope-male-en-vol\/#article","isPartOf":{"@id":"https:\/\/www.meslibellules.fr\/blog\/2023\/06\/30\/anax-parthenope-male-en-vol\/"},"author":{"name":"Beno\u00eet Guillon","@id":"https:\/\/www.meslibellules.fr\/blog\/#\/schema\/person\/9aa3586f9dd053fcf329f43b8b053c77"},"headline":"Anax parthenope m\u00e2le en vol 3\/3","datePublished":"2023-06-30T04:20:40+00:00","dateModified":"2024-01-03T10:14:04+00:00","mainEntityOfPage":{"@id":"https:\/\/www.meslibellules.fr\/blog\/2023\/06\/30\/anax-parthenope-male-en-vol\/"},"wordCount":401,"commentCount":0,"publisher":{"@id":"https:\/\/www.meslibellules.fr\/blog\/#\/schema\/person\/9aa3586f9dd053fcf329f43b8b053c77"},"image":{"@id":"https:\/\/www.meslibellules.fr\/blog\/2023\/06\/30\/anax-parthenope-male-en-vol\/#primaryimage"},"thumbnailUrl":"https:\/\/www.meslibellules.fr\/blog\/wp-content\/uploads\/Anax-parthenope-male-en-vol-1.webp","keywords":["Aeshnidae - France","Anax-France"],"articleSection":["Aeshnidae","Anax parthenope","France"],"inLanguage":"fr-FR","potentialAction":[{"@type":"CommentAction","name":"Comment","target":["https:\/\/www.meslibellules.fr\/blog\/2023\/06\/30\/anax-parthenope-male-en-vol\/#respond"]}]},{"@type":"WebPage","@id":"https:\/\/www.meslibellules.fr\/blog\/2023\/06\/30\/anax-parthenope-male-en-vol\/","url":"https:\/\/www.meslibellules.fr\/blog\/2023\/06\/30\/anax-parthenope-male-en-vol\/","name":"Anax parthenope m\u00e2le en vol - Mes Libellules","isPartOf":{"@id":"https:\/\/www.meslibellules.fr\/blog\/#website"},"primaryImageOfPage":{"@id":"https:\/\/www.meslibellules.fr\/blog\/2023\/06\/30\/anax-parthenope-male-en-vol\/#primaryimage"},"image":{"@id":"https:\/\/www.meslibellules.fr\/blog\/2023\/06\/30\/anax-parthenope-male-en-vol\/#primaryimage"},"thumbnailUrl":"https:\/\/www.meslibellules.fr\/blog\/wp-content\/uploads\/Anax-parthenope-male-en-vol-1.webp","datePublished":"2023-06-30T04:20:40+00:00","dateModified":"2024-01-03T10:14:04+00:00","description":"Anax parthenope m\u00e2le en vol dans les Landes, cort\u00e8ge odonatologique, comportement, environnement et habitat","breadcrumb":{"@id":"https:\/\/www.meslibellules.fr\/blog\/2023\/06\/30\/anax-parthenope-male-en-vol\/#breadcrumb"},"inLanguage":"fr-FR","potentialAction":[{"@type":"ReadAction","target":["https:\/\/www.meslibellules.fr\/blog\/2023\/06\/30\/anax-parthenope-male-en-vol\/"]}]},{"@type":"ImageObject","inLanguage":"fr-FR","@id":"https:\/\/www.meslibellules.fr\/blog\/2023\/06\/30\/anax-parthenope-male-en-vol\/#primaryimage","url":"https:\/\/www.meslibellules.fr\/blog\/wp-content\/uploads\/Anax-parthenope-male-en-vol-1.webp","contentUrl":"https:\/\/www.meslibellules.fr\/blog\/wp-content\/uploads\/Anax-parthenope-male-en-vol-1.webp"},{"@type":"BreadcrumbList","@id":"https:\/\/www.meslibellules.fr\/blog\/2023\/06\/30\/anax-parthenope-male-en-vol\/#breadcrumb","itemListElement":[{"@type":"ListItem","position":1,"name":"Accueil","item":"https:\/\/www.meslibellules.fr\/blog\/"},{"@type":"ListItem","position":2,"name":"Anax parthenope m\u00e2le en vol 3\/3"}]},{"@type":"WebSite","@id":"https:\/\/www.meslibellules.fr\/blog\/#website","url":"https:\/\/www.meslibellules.fr\/blog\/","name":"Mes Libellules","description":"Pr\u00e9sentation des libellules rencontr\u00e9es dans le monde","publisher":{"@id":"https:\/\/www.meslibellules.fr\/blog\/#\/schema\/person\/9aa3586f9dd053fcf329f43b8b053c77"},"potentialAction":[{"@type":"SearchAction","target":{"@type":"EntryPoint","urlTemplate":"https:\/\/www.meslibellules.fr\/blog\/?s={search_term_string}"},"query-input":{"@type":"PropertyValueSpecification","valueRequired":true,"valueName":"search_term_string"}}],"inLanguage":"fr-FR"},{"@type":["Person","Organization"],"@id":"https:\/\/www.meslibellules.fr\/blog\/#\/schema\/person\/9aa3586f9dd053fcf329f43b8b053c77","name":"Beno\u00eet Guillon","image":{"@type":"ImageObject","inLanguage":"fr-FR","@id":"https:\/\/www.meslibellules.fr\/blog\/wp-content\/uploads\/cropped-avatar-150-pix.jpg","url":"https:\/\/www.meslibellules.fr\/blog\/wp-content\/uploads\/cropped-avatar-150-pix.jpg","contentUrl":"https:\/\/www.meslibellules.fr\/blog\/wp-content\/uploads\/cropped-avatar-150-pix.jpg","width":150,"height":137,"caption":"Beno\u00eet Guillon"},"logo":{"@id":"https:\/\/www.meslibellules.fr\/blog\/wp-content\/uploads\/cropped-avatar-150-pix.jpg"},"sameAs":["https:\/\/www.facebook.com\/benoit.guillon.96\/"]}]}},"_links":{"self":[{"href":"https:\/\/www.meslibellules.fr\/blog\/wp-json\/wp\/v2\/posts\/14753","targetHints":{"allow":["GET"]}}],"collection":[{"href":"https:\/\/www.meslibellules.fr\/blog\/wp-json\/wp\/v2\/posts"}],"about":[{"href":"https:\/\/www.meslibellules.fr\/blog\/wp-json\/wp\/v2\/types\/post"}],"author":[{"embeddable":true,"href":"https:\/\/www.meslibellules.fr\/blog\/wp-json\/wp\/v2\/users\/1"}],"replies":[{"embeddable":true,"href":"https:\/\/www.meslibellules.fr\/blog\/wp-json\/wp\/v2\/comments?post=14753"}],"version-history":[{"count":0,"href":"https:\/\/www.meslibellules.fr\/blog\/wp-json\/wp\/v2\/posts\/14753\/revisions"}],"wp:attachment":[{"href":"https:\/\/www.meslibellules.fr\/blog\/wp-json\/wp\/v2\/media?parent=14753"}],"wp:term":[{"taxonomy":"category","embeddable":true,"href":"https:\/\/www.meslibellules.fr\/blog\/wp-json\/wp\/v2\/categories?post=14753"},{"taxonomy":"post_tag","embeddable":true,"href":"https:\/\/www.meslibellules.fr\/blog\/wp-json\/wp\/v2\/tags?post=14753"}],"curies":[{"name":"wp","href":"https:\/\/api.w.org\/{rel}","templated":true}]}}