{"id":15009,"date":"2023-07-17T21:42:27","date_gmt":"2023-07-17T19:42:27","guid":{"rendered":"https:\/\/www.meslibellules.fr\/blog\/?p=15009"},"modified":"2025-01-18T09:08:55","modified_gmt":"2025-01-18T08:08:55","slug":"zyxomma-elgneri","status":"publish","type":"post","link":"https:\/\/www.meslibellules.fr\/blog\/2023\/07\/17\/zyxomma-elgneri\/","title":{"rendered":"Zyxomma elgneri (Ris, 1913)"},"content":{"rendered":"\n<figure class=\"wp-block-image aligncenter size-full is-resized\"><img decoding=\"async\" width=\"1539\" height=\"1204\" data-src=\"https:\/\/www.meslibellules.fr\/blog\/wp-content\/uploads\/Zyxomma-elgneri-male-1.webp\" alt=\"Zyxomma elgneri m\u00e2le , Australie (NT), Ubirr, 01\/05\/2022\" class=\"wp-image-15005 lazyload\" style=\"--smush-placeholder-width: 1539px; --smush-placeholder-aspect-ratio: 1539\/1204;width:637px;height:459px\" data-srcset=\"https:\/\/www.meslibellules.fr\/blog\/wp-content\/uploads\/Zyxomma-elgneri-male-1.webp 1539w, https:\/\/www.meslibellules.fr\/blog\/wp-content\/uploads\/Zyxomma-elgneri-male-1-768x601.webp 768w, https:\/\/www.meslibellules.fr\/blog\/wp-content\/uploads\/Zyxomma-elgneri-male-1-1536x1202.webp 1536w\" data-sizes=\"(max-width: 1539px) 100vw, 1539px\" src=\"data:image\/svg+xml;base64,PHN2ZyB3aWR0aD0iMSIgaGVpZ2h0PSIxIiB4bWxucz0iaHR0cDovL3d3dy53My5vcmcvMjAwMC9zdmciPjwvc3ZnPg==\" \/><figcaption class=\"wp-element-caption\">Zyxomma elgneri m\u00e2le , Australie (NT), Ubirr, 01\/05\/2022<\/figcaption><\/figure>\n\n\n\n<p>Zyxomma elgneri est un Libellulidae de 40 mm. Son abdomen court mesure 29 mm, et n&rsquo;est pas plus long que son aile post\u00e9rieure, ce qui le diff\u00e9rencie, entre autres, de <em><a href=\"https:\/\/www.meslibellules.fr\/blog\/wp-content\/uploads\/Zyxomma-petiolatum-male-3.webp\">Zyxomma petiolatum<\/a><\/em> qui montre un tr\u00e8s long abdomen. Un troisi\u00e8me rare Zyxomma est pr\u00e9sent \u00e0 l&rsquo;extr\u00eame nord du Queensland, on n&rsquo;en conna\u00eet que les femelles dont l&rsquo;abdomen est tr\u00e8s fortement \u00e9trangl\u00e9 au niveau du 4\u00b0 segment.<br>Cet abdomen court et sa propension \u00e0 voler tard en journ\u00e9e lui valent le nom australien de Short-tailed duskdarter<\/p>\n\n\n\n<figure class=\"wp-block-gallery has-nested-images columns-default is-cropped wp-block-gallery-1 is-layout-flex wp-block-gallery-is-layout-flex\">\n<figure class=\"wp-block-image size-large\"><a href=\"https:\/\/www.meslibellules.fr\/blog\/wp-content\/uploads\/Zyxomma-elgneri-male-2.webp\"><img decoding=\"async\" width=\"1826\" height=\"1204\" data-id=\"15006\" data-src=\"https:\/\/www.meslibellules.fr\/blog\/wp-content\/uploads\/Zyxomma-elgneri-male-2.webp\" alt=\"Zyxomma elgneri m\u00e2le , Australie (NT), Ubirr, 01\/05\/2022\" class=\"wp-image-15006 lazyload\" data-srcset=\"https:\/\/www.meslibellules.fr\/blog\/wp-content\/uploads\/Zyxomma-elgneri-male-2.webp 1826w, https:\/\/www.meslibellules.fr\/blog\/wp-content\/uploads\/Zyxomma-elgneri-male-2-768x506.webp 768w, https:\/\/www.meslibellules.fr\/blog\/wp-content\/uploads\/Zyxomma-elgneri-male-2-1536x1013.webp 1536w\" data-sizes=\"(max-width: 1826px) 100vw, 1826px\" src=\"data:image\/svg+xml;base64,PHN2ZyB3aWR0aD0iMSIgaGVpZ2h0PSIxIiB4bWxucz0iaHR0cDovL3d3dy53My5vcmcvMjAwMC9zdmciPjwvc3ZnPg==\" style=\"--smush-placeholder-width: 1826px; --smush-placeholder-aspect-ratio: 1826\/1204;\" \/><\/a><\/figure>\n\n\n\n<figure class=\"wp-block-image size-large\"><a href=\"https:\/\/www.meslibellules.fr\/blog\/wp-content\/uploads\/Zyxomma-elgneri-male-3.webp\"><img decoding=\"async\" width=\"1666\" height=\"1204\" data-id=\"15007\" data-src=\"https:\/\/www.meslibellules.fr\/blog\/wp-content\/uploads\/Zyxomma-elgneri-male-3.webp\" alt=\" Short-tailed duskdarter male , Australie (FNQ), Cattana Wetlands, 02\/12\/2022\" class=\"wp-image-15007 lazyload\" data-srcset=\"https:\/\/www.meslibellules.fr\/blog\/wp-content\/uploads\/Zyxomma-elgneri-male-3.webp 1666w, https:\/\/www.meslibellules.fr\/blog\/wp-content\/uploads\/Zyxomma-elgneri-male-3-768x555.webp 768w, https:\/\/www.meslibellules.fr\/blog\/wp-content\/uploads\/Zyxomma-elgneri-male-3-1536x1110.webp 1536w\" data-sizes=\"(max-width: 1666px) 100vw, 1666px\" src=\"data:image\/svg+xml;base64,PHN2ZyB3aWR0aD0iMSIgaGVpZ2h0PSIxIiB4bWxucz0iaHR0cDovL3d3dy53My5vcmcvMjAwMC9zdmciPjwvc3ZnPg==\" style=\"--smush-placeholder-width: 1666px; --smush-placeholder-aspect-ratio: 1666\/1204;\" \/><\/a><\/figure>\n<figcaption class=\"blocks-gallery-caption wp-element-caption\">Zyxomma elgneri m\u00e2le , Australie (NT), Ubirr, 01\/05\/2022  &#8211;  Australie (FNQ), Cattana Wetlands, 02\/12\/2022<\/figcaption><\/figure>\n\n\n\n<p>On peut s&rsquo;en douter sur mes photos, nous ne l&rsquo;avons trouv\u00e9 que dans des endroits o\u00f9 l&rsquo;ombre des arbres est dense ; c&rsquo;est un odonate cr\u00e9pusculaire qui vole parfois les jours gris. Mais quand ils volent le soir, les Zyxomma sont \u00e0 peu pr\u00e8s impossibles \u00e0 identifier.<br>Et bien s\u00fbr, quand ils se posent, c&rsquo;est toujours dans des endroits sombres.<br><br>Il se pla\u00eet sur les rivi\u00e8res, les ruisseaux, les marais et les mares.<\/p>\n\n\n\n<figure class=\"wp-block-image aligncenter size-full is-resized\"><a href=\"https:\/\/www.meslibellules.fr\/blog\/wp-content\/uploads\/Zyxomma-elgneri-male-4.webp\"><img decoding=\"async\" width=\"1837\" height=\"1004\" data-src=\"https:\/\/www.meslibellules.fr\/blog\/wp-content\/uploads\/Zyxomma-elgneri-male-4.webp\" alt=\"Zyxomma elgneri m\u00e2le , Australie (FNQ), Cattana Wetlands, 02\/12\/2022\" class=\"wp-image-15008 lazyload\" style=\"--smush-placeholder-width: 1837px; --smush-placeholder-aspect-ratio: 1837\/1004;width:805px;height:440px\" data-srcset=\"https:\/\/www.meslibellules.fr\/blog\/wp-content\/uploads\/Zyxomma-elgneri-male-4.webp 1837w, https:\/\/www.meslibellules.fr\/blog\/wp-content\/uploads\/Zyxomma-elgneri-male-4-768x420.webp 768w, https:\/\/www.meslibellules.fr\/blog\/wp-content\/uploads\/Zyxomma-elgneri-male-4-1536x839.webp 1536w\" data-sizes=\"(max-width: 1837px) 100vw, 1837px\" src=\"data:image\/svg+xml;base64,PHN2ZyB3aWR0aD0iMSIgaGVpZ2h0PSIxIiB4bWxucz0iaHR0cDovL3d3dy53My5vcmcvMjAwMC9zdmciPjwvc3ZnPg==\" \/><\/a><figcaption class=\"wp-element-caption\">Zyxomma elgneri m\u00e2le , Australie (FNQ), Cattana Wetlands, 02\/12\/2022<\/figcaption><\/figure>\n\n\n\n<p>On note l&rsquo;apex des ailes marqu\u00e9 d&rsquo;une tache brune alors que les femelles exhibent des ailes color\u00e9es de fa\u00e7on diffuse.<br>Les femelles Zyxomma elgneri, vues de profil, ont \u00e9galement un abdomen rectiligne, celui des m\u00e2les est notablement arqu\u00e9.<\/p>\n\n\n\n<figure class=\"wp-block-gallery has-nested-images columns-default is-cropped wp-block-gallery-2 is-layout-flex wp-block-gallery-is-layout-flex\">\n<figure class=\"wp-block-image size-large\"><a href=\"https:\/\/www.meslibellules.fr\/blog\/wp-content\/uploads\/Zyxomma-elgneri-femelle-3.webp\"><img decoding=\"async\" width=\"1753\" height=\"1204\" data-id=\"15003\" data-src=\"https:\/\/www.meslibellules.fr\/blog\/wp-content\/uploads\/Zyxomma-elgneri-femelle-3.webp\" alt=\"Zyxomma elgneri femelle , Australie (FNQ), Cattana Wetlands, 04\/12\/2022\" class=\"wp-image-15003 lazyload\" data-srcset=\"https:\/\/www.meslibellules.fr\/blog\/wp-content\/uploads\/Zyxomma-elgneri-femelle-3.webp 1753w, https:\/\/www.meslibellules.fr\/blog\/wp-content\/uploads\/Zyxomma-elgneri-femelle-3-768x527.webp 768w, https:\/\/www.meslibellules.fr\/blog\/wp-content\/uploads\/Zyxomma-elgneri-femelle-3-1536x1055.webp 1536w\" data-sizes=\"(max-width: 1753px) 100vw, 1753px\" src=\"data:image\/svg+xml;base64,PHN2ZyB3aWR0aD0iMSIgaGVpZ2h0PSIxIiB4bWxucz0iaHR0cDovL3d3dy53My5vcmcvMjAwMC9zdmciPjwvc3ZnPg==\" style=\"--smush-placeholder-width: 1753px; --smush-placeholder-aspect-ratio: 1753\/1204;\" \/><\/a><\/figure>\n\n\n\n<figure class=\"wp-block-image size-large\"><a href=\"https:\/\/www.meslibellules.fr\/blog\/wp-content\/uploads\/Zyxomma-elgneri-femelle-4.webp\"><img decoding=\"async\" width=\"1715\" height=\"1204\" data-id=\"15004\" data-src=\"https:\/\/www.meslibellules.fr\/blog\/wp-content\/uploads\/Zyxomma-elgneri-femelle-4.webp\" alt=\"Zyxomma elgneri femelle , Australie (FNQ), Cattana Wetlands, 04\/12\/2022\" class=\"wp-image-15004 lazyload\" data-srcset=\"https:\/\/www.meslibellules.fr\/blog\/wp-content\/uploads\/Zyxomma-elgneri-femelle-4.webp 1715w, https:\/\/www.meslibellules.fr\/blog\/wp-content\/uploads\/Zyxomma-elgneri-femelle-4-768x539.webp 768w, https:\/\/www.meslibellules.fr\/blog\/wp-content\/uploads\/Zyxomma-elgneri-femelle-4-1536x1078.webp 1536w\" data-sizes=\"(max-width: 1715px) 100vw, 1715px\" src=\"data:image\/svg+xml;base64,PHN2ZyB3aWR0aD0iMSIgaGVpZ2h0PSIxIiB4bWxucz0iaHR0cDovL3d3dy53My5vcmcvMjAwMC9zdmciPjwvc3ZnPg==\" style=\"--smush-placeholder-width: 1715px; --smush-placeholder-aspect-ratio: 1715\/1204;\" \/><\/a><\/figure>\n<figcaption class=\"blocks-gallery-caption wp-element-caption\">Zyxomma elgneri femelle , Australie (FNQ), Cattana Wetlands, 04\/12\/2022<\/figcaption><\/figure>\n\n\n\n<p>On le trouve en des lieux tr\u00e8s diss\u00e9min\u00e9s, depuis le sud-est de l&rsquo;Australie, Sydney, jusqu&rsquo;\u00e0 l&rsquo;est de l&rsquo;Australie-Occidentale. Mais il est aussi pr\u00e9sent en Papouasie indon\u00e9sienne, et sans doute en Papouasie-Nouvelle-Guin\u00e9e.<br><br><a href=\"https:\/\/bie.ala.org.au\/species\/https:\/\/biodiversity.org.au\/afd\/taxa\/e4c99d3e-03d0-4b8c-b22a-157967feb13d#overview\">Atlas of Living Australia<\/a><br><a href=\"https:\/\/www.iucnredlist.org\/species\/87535402\/87540059#geographic-range\">IUCN Red List<\/a><\/p>\n\n\n\n<figure class=\"wp-block-image aligncenter size-large is-resized\"><img decoding=\"async\" width=\"1714\" height=\"1204\" data-src=\"https:\/\/www.meslibellules.fr\/blog\/wp-content\/uploads\/Zyxomma-elgneri-femelle-2.webp\" alt=\"Zyxomma elgneri femelle , Australie (NT), Rum Jungle Lake, 16\/04\/2022\" class=\"wp-image-15002 lazyload\" style=\"--smush-placeholder-width: 1714px; --smush-placeholder-aspect-ratio: 1714\/1204;width:543px;height:381px\" data-srcset=\"https:\/\/www.meslibellules.fr\/blog\/wp-content\/uploads\/Zyxomma-elgneri-femelle-2.webp 1714w, https:\/\/www.meslibellules.fr\/blog\/wp-content\/uploads\/Zyxomma-elgneri-femelle-2-768x539.webp 768w, https:\/\/www.meslibellules.fr\/blog\/wp-content\/uploads\/Zyxomma-elgneri-femelle-2-1536x1079.webp 1536w\" data-sizes=\"(max-width: 1714px) 100vw, 1714px\" src=\"data:image\/svg+xml;base64,PHN2ZyB3aWR0aD0iMSIgaGVpZ2h0PSIxIiB4bWxucz0iaHR0cDovL3d3dy53My5vcmcvMjAwMC9zdmciPjwvc3ZnPg==\" \/><figcaption class=\"wp-element-caption\">Zyxomma elgneri femelle , Australie (NT), Rum Jungle Lake, 16\/04\/2022<\/figcaption><\/figure>\n\n\n\n<p><span style=\"text-decoration: underline;\"><strong>\u00c9tymologie<\/strong><\/span><br \/><strong>Zyxomma<\/strong> (1) est compos\u00e9 de 2 mots grecs, le premier signifiant \u2013<em>accoupl\u00e9<\/em>, le second \u2013<em>omma<\/em>\u00a0pour\u00a0<em>\u0153il<\/em>\u00a0(comme dans\u00a0<a href=\"http:\/\/meslibellules.fr\/pagesweb\/divers\/glossaire.php\">ommatidies<\/a>), ceci se r\u00e9f\u00e9rant \u00e0 ses larges yeux contigus. On lit dans la description originale \u00ab\u00a0T\u00eate grosse, ayant la face tr\u00e8s \u00e9troite, yeux tr\u00e8s d\u00e9velopp\u00e9s comme chez les Aeshna, contigus dans une \u00e9tendue \u00e9gale \u00e0 peu pr\u00e8s \u00e0 leur plus grande largeur\u00a0\u00bb. Ce nom de genre a \u00e9t\u00e9 cr\u00e9\u00e9 pour l\u2019esp\u00e8ce\u00a0<em>petiolatum<\/em>, seule connue \u00e0 cette \u00e9poque.<br \/><strong>Elgneri<\/strong> ; l&rsquo;esp\u00e8ce est d\u00e9di\u00e9e, selon les dires m\u00eames de Ris, \u00e0 Hermann Elgner qui lui a adress\u00e9 du mat\u00e9riel de valeur depuis le Territoire du Nord et les \u00eeles Aru.<\/p>\n\n\n\n<figure class=\"wp-block-image aligncenter size-full is-resized\"><a href=\"https:\/\/www.meslibellules.fr\/blog\/wp-content\/uploads\/Zyxomma-elgneri-femelle-1.webp\"><img decoding=\"async\" width=\"1394\" height=\"1204\" data-src=\"https:\/\/www.meslibellules.fr\/blog\/wp-content\/uploads\/Zyxomma-elgneri-femelle-1.webp\" alt=\" Short-tailed duskdarter female, Australie (NT), Lietchfield National Park, 16\/04\/2022\" class=\"wp-image-15001 lazyload\" style=\"--smush-placeholder-width: 1394px; --smush-placeholder-aspect-ratio: 1394\/1204;width:550px;height:474px\" data-srcset=\"https:\/\/www.meslibellules.fr\/blog\/wp-content\/uploads\/Zyxomma-elgneri-femelle-1.webp 1394w, https:\/\/www.meslibellules.fr\/blog\/wp-content\/uploads\/Zyxomma-elgneri-femelle-1-768x663.webp 768w\" data-sizes=\"(max-width: 1394px) 100vw, 1394px\" src=\"data:image\/svg+xml;base64,PHN2ZyB3aWR0aD0iMSIgaGVpZ2h0PSIxIiB4bWxucz0iaHR0cDovL3d3dy53My5vcmcvMjAwMC9zdmciPjwvc3ZnPg==\" \/><\/a><figcaption class=\"wp-element-caption\">Zyxomma elgneri femelle , Australie (NT), Lietchfield National Park, 16\/04\/2022<\/figcaption><\/figure>\n\n\n\n<div style=\"height:31px\" aria-hidden=\"true\" class=\"wp-block-spacer\"><\/div>\n\n\n\n<p style=\"font-size:12px\">-1- <a href=\"https:\/\/www.researchgate.net\/publication\/283318421_The_Naming_of_Australia's_Dragonflies#fullTextFileContent\">The Naming of Australia&rsquo;s Dragonflies<\/a>, Ian Endersby &amp; Heinrich Fliedner, Busybird publishing.<\/p>\n\n\n\n<div style=\"height:31px\" aria-hidden=\"true\" class=\"wp-block-spacer\"><\/div>\n\n\n\n<div class=\"wp-block-buttons is-layout-flex wp-block-buttons-is-layout-flex\">\n<div class=\"wp-block-button\"><a class=\"wp-block-button__link wp-element-button\" href=\"https:\/\/www.meslibellules.fr\/blog\/odonates-daustralie-australian-odonates\/\">Accueil Australie<\/a><\/div>\n<\/div>\n","protected":false},"excerpt":{"rendered":"<p>Zyxomma elgneri est un Libellulidae de 40 mm. Son abdomen court mesure 29 mm, et n&rsquo;est pas plus long que son aile post\u00e9rieure, ce qui le diff\u00e9rencie, entre autres, de Zyxomma petiolatum qui montre un tr\u00e8s long abdomen. Un troisi\u00e8me rare Zyxomma est pr\u00e9sent \u00e0 l&rsquo;extr\u00eame nord du Queensland, on n&rsquo;en conna\u00eet que les femelles [&hellip;]<\/p>\n","protected":false},"author":1,"featured_media":0,"comment_status":"open","ping_status":"open","sticky":false,"template":"","format":"image","meta":{"site-sidebar-layout":"default","site-content-layout":"","ast-site-content-layout":"default","site-content-style":"default","site-sidebar-style":"default","ast-global-header-display":"","ast-banner-title-visibility":"","ast-main-header-display":"","ast-hfb-above-header-display":"","ast-hfb-below-header-display":"","ast-hfb-mobile-header-display":"","site-post-title":"","ast-breadcrumbs-content":"","ast-featured-img":"","footer-sml-layout":"","ast-disable-related-posts":"","theme-transparent-header-meta":"","adv-header-id-meta":"","stick-header-meta":"","header-above-stick-meta":"","header-main-stick-meta":"","header-below-stick-meta":"","astra-migrate-meta-layouts":"set","ast-page-background-enabled":"default","ast-page-background-meta":{"desktop":{"background-color":"var(--ast-global-color-4)","background-image":"","background-repeat":"repeat","background-position":"center center","background-size":"auto","background-attachment":"scroll","background-type":"","background-media":"","overlay-type":"","overlay-color":"","overlay-opacity":"","overlay-gradient":""},"tablet":{"background-color":"","background-image":"","background-repeat":"repeat","background-position":"center center","background-size":"auto","background-attachment":"scroll","background-type":"","background-media":"","overlay-type":"","overlay-color":"","overlay-opacity":"","overlay-gradient":""},"mobile":{"background-color":"","background-image":"","background-repeat":"repeat","background-position":"center center","background-size":"auto","background-attachment":"scroll","background-type":"","background-media":"","overlay-type":"","overlay-color":"","overlay-opacity":"","overlay-gradient":""}},"ast-content-background-meta":{"desktop":{"background-color":"var(--ast-global-color-5)","background-image":"","background-repeat":"repeat","background-position":"center center","background-size":"auto","background-attachment":"scroll","background-type":"","background-media":"","overlay-type":"","overlay-color":"","overlay-opacity":"","overlay-gradient":""},"tablet":{"background-color":"var(--ast-global-color-5)","background-image":"","background-repeat":"repeat","background-position":"center center","background-size":"auto","background-attachment":"scroll","background-type":"","background-media":"","overlay-type":"","overlay-color":"","overlay-opacity":"","overlay-gradient":""},"mobile":{"background-color":"var(--ast-global-color-5)","background-image":"","background-repeat":"repeat","background-position":"center center","background-size":"auto","background-attachment":"scroll","background-type":"","background-media":"","overlay-type":"","overlay-color":"","overlay-opacity":"","overlay-gradient":""}},"footnotes":""},"categories":[1],"tags":[],"class_list":["post-15009","post","type-post","status-publish","format-image","hentry","category-non-classe","post_format-post-format-image"],"yoast_head":"<!-- This site is optimized with the Yoast SEO plugin v27.5 - https:\/\/yoast.com\/product\/yoast-seo-wordpress\/ -->\n<title>Zyxomma elgneri - Mes Libellules<\/title>\n<meta name=\"description\" content=\"Zyxomma elgneri m\u00e2le et femelle, description, identification, taille, habitat, distribution g\u00e9ographique, \u00e9tymologie\" \/>\n<meta name=\"robots\" content=\"index, follow, max-snippet:-1, max-image-preview:large, max-video-preview:-1\" \/>\n<link rel=\"canonical\" href=\"https:\/\/www.meslibellules.fr\/blog\/2023\/07\/17\/zyxomma-elgneri\/\" \/>\n<meta property=\"og:locale\" content=\"fr_FR\" \/>\n<meta property=\"og:type\" content=\"article\" \/>\n<meta property=\"og:title\" content=\"Zyxomma elgneri - Mes Libellules\" \/>\n<meta property=\"og:description\" content=\"Zyxomma elgneri m\u00e2le et femelle, description, identification, taille, habitat, distribution g\u00e9ographique, \u00e9tymologie\" \/>\n<meta property=\"og:url\" content=\"https:\/\/www.meslibellules.fr\/blog\/2023\/07\/17\/zyxomma-elgneri\/\" \/>\n<meta property=\"og:site_name\" content=\"Mes Libellules\" \/>\n<meta property=\"article:publisher\" content=\"https:\/\/www.facebook.com\/benoit.guillon.96\/\" \/>\n<meta property=\"article:author\" content=\"https:\/\/www.facebook.com\/benoit.guillon.96\/\" \/>\n<meta property=\"article:published_time\" content=\"2023-07-17T19:42:27+00:00\" \/>\n<meta property=\"article:modified_time\" content=\"2025-01-18T08:08:55+00:00\" \/>\n<meta property=\"og:image\" content=\"https:\/\/www.meslibellules.fr\/blog\/wp-content\/uploads\/Zyxomma-elgneri-male-1.webp\" \/>\n\t<meta property=\"og:image:width\" content=\"1539\" \/>\n\t<meta property=\"og:image:height\" content=\"1204\" \/>\n\t<meta property=\"og:image:type\" content=\"image\/webp\" \/>\n<meta name=\"author\" content=\"Beno\u00eet Guillon\" \/>\n<meta name=\"twitter:card\" content=\"summary_large_image\" \/>\n<meta name=\"twitter:label1\" content=\"\u00c9crit par\" \/>\n\t<meta name=\"twitter:data1\" content=\"Beno\u00eet Guillon\" \/>\n\t<meta name=\"twitter:label2\" content=\"Dur\u00e9e de lecture estim\u00e9e\" \/>\n\t<meta name=\"twitter:data2\" content=\"4 minutes\" \/>\n<script type=\"application\/ld+json\" class=\"yoast-schema-graph\">{\"@context\":\"https:\\\/\\\/schema.org\",\"@graph\":[{\"@type\":\"Article\",\"@id\":\"https:\\\/\\\/www.meslibellules.fr\\\/blog\\\/2023\\\/07\\\/17\\\/zyxomma-elgneri\\\/#article\",\"isPartOf\":{\"@id\":\"https:\\\/\\\/www.meslibellules.fr\\\/blog\\\/2023\\\/07\\\/17\\\/zyxomma-elgneri\\\/\"},\"author\":{\"name\":\"Beno\u00eet Guillon\",\"@id\":\"https:\\\/\\\/www.meslibellules.fr\\\/blog\\\/#\\\/schema\\\/person\\\/9aa3586f9dd053fcf329f43b8b053c77\"},\"headline\":\"Zyxomma elgneri (Ris, 1913)\",\"datePublished\":\"2023-07-17T19:42:27+00:00\",\"dateModified\":\"2025-01-18T08:08:55+00:00\",\"mainEntityOfPage\":{\"@id\":\"https:\\\/\\\/www.meslibellules.fr\\\/blog\\\/2023\\\/07\\\/17\\\/zyxomma-elgneri\\\/\"},\"wordCount\":432,\"commentCount\":0,\"publisher\":{\"@id\":\"https:\\\/\\\/www.meslibellules.fr\\\/blog\\\/#\\\/schema\\\/person\\\/9aa3586f9dd053fcf329f43b8b053c77\"},\"image\":{\"@id\":\"https:\\\/\\\/www.meslibellules.fr\\\/blog\\\/2023\\\/07\\\/17\\\/zyxomma-elgneri\\\/#primaryimage\"},\"thumbnailUrl\":\"https:\\\/\\\/www.meslibellules.fr\\\/blog\\\/wp-content\\\/uploads\\\/Zyxomma-elgneri-male-1.webp\",\"inLanguage\":\"fr-FR\",\"potentialAction\":[{\"@type\":\"CommentAction\",\"name\":\"Comment\",\"target\":[\"https:\\\/\\\/www.meslibellules.fr\\\/blog\\\/2023\\\/07\\\/17\\\/zyxomma-elgneri\\\/#respond\"]}]},{\"@type\":\"WebPage\",\"@id\":\"https:\\\/\\\/www.meslibellules.fr\\\/blog\\\/2023\\\/07\\\/17\\\/zyxomma-elgneri\\\/\",\"url\":\"https:\\\/\\\/www.meslibellules.fr\\\/blog\\\/2023\\\/07\\\/17\\\/zyxomma-elgneri\\\/\",\"name\":\"Zyxomma elgneri - Mes Libellules\",\"isPartOf\":{\"@id\":\"https:\\\/\\\/www.meslibellules.fr\\\/blog\\\/#website\"},\"primaryImageOfPage\":{\"@id\":\"https:\\\/\\\/www.meslibellules.fr\\\/blog\\\/2023\\\/07\\\/17\\\/zyxomma-elgneri\\\/#primaryimage\"},\"image\":{\"@id\":\"https:\\\/\\\/www.meslibellules.fr\\\/blog\\\/2023\\\/07\\\/17\\\/zyxomma-elgneri\\\/#primaryimage\"},\"thumbnailUrl\":\"https:\\\/\\\/www.meslibellules.fr\\\/blog\\\/wp-content\\\/uploads\\\/Zyxomma-elgneri-male-1.webp\",\"datePublished\":\"2023-07-17T19:42:27+00:00\",\"dateModified\":\"2025-01-18T08:08:55+00:00\",\"description\":\"Zyxomma elgneri m\u00e2le et femelle, description, identification, taille, habitat, distribution g\u00e9ographique, \u00e9tymologie\",\"breadcrumb\":{\"@id\":\"https:\\\/\\\/www.meslibellules.fr\\\/blog\\\/2023\\\/07\\\/17\\\/zyxomma-elgneri\\\/#breadcrumb\"},\"inLanguage\":\"fr-FR\",\"potentialAction\":[{\"@type\":\"ReadAction\",\"target\":[\"https:\\\/\\\/www.meslibellules.fr\\\/blog\\\/2023\\\/07\\\/17\\\/zyxomma-elgneri\\\/\"]}]},{\"@type\":\"ImageObject\",\"inLanguage\":\"fr-FR\",\"@id\":\"https:\\\/\\\/www.meslibellules.fr\\\/blog\\\/2023\\\/07\\\/17\\\/zyxomma-elgneri\\\/#primaryimage\",\"url\":\"https:\\\/\\\/www.meslibellules.fr\\\/blog\\\/wp-content\\\/uploads\\\/Zyxomma-elgneri-male-1.webp\",\"contentUrl\":\"https:\\\/\\\/www.meslibellules.fr\\\/blog\\\/wp-content\\\/uploads\\\/Zyxomma-elgneri-male-1.webp\",\"width\":1539,\"height\":1204,\"caption\":\"Zyxomma elgneri m\u00e2le , Australie (NT), Ubirr, 01\\\/05\\\/2022\"},{\"@type\":\"BreadcrumbList\",\"@id\":\"https:\\\/\\\/www.meslibellules.fr\\\/blog\\\/2023\\\/07\\\/17\\\/zyxomma-elgneri\\\/#breadcrumb\",\"itemListElement\":[{\"@type\":\"ListItem\",\"position\":1,\"name\":\"Accueil\",\"item\":\"https:\\\/\\\/www.meslibellules.fr\\\/blog\\\/\"},{\"@type\":\"ListItem\",\"position\":2,\"name\":\"Zyxomma elgneri (Ris, 1913)\"}]},{\"@type\":\"WebSite\",\"@id\":\"https:\\\/\\\/www.meslibellules.fr\\\/blog\\\/#website\",\"url\":\"https:\\\/\\\/www.meslibellules.fr\\\/blog\\\/\",\"name\":\"Mes Libellules\",\"description\":\"Pr\u00e9sentation des libellules rencontr\u00e9es dans le monde\",\"publisher\":{\"@id\":\"https:\\\/\\\/www.meslibellules.fr\\\/blog\\\/#\\\/schema\\\/person\\\/9aa3586f9dd053fcf329f43b8b053c77\"},\"potentialAction\":[{\"@type\":\"SearchAction\",\"target\":{\"@type\":\"EntryPoint\",\"urlTemplate\":\"https:\\\/\\\/www.meslibellules.fr\\\/blog\\\/?s={search_term_string}\"},\"query-input\":{\"@type\":\"PropertyValueSpecification\",\"valueRequired\":true,\"valueName\":\"search_term_string\"}}],\"inLanguage\":\"fr-FR\"},{\"@type\":[\"Person\",\"Organization\"],\"@id\":\"https:\\\/\\\/www.meslibellules.fr\\\/blog\\\/#\\\/schema\\\/person\\\/9aa3586f9dd053fcf329f43b8b053c77\",\"name\":\"Beno\u00eet Guillon\",\"image\":{\"@type\":\"ImageObject\",\"inLanguage\":\"fr-FR\",\"@id\":\"https:\\\/\\\/www.meslibellules.fr\\\/blog\\\/wp-content\\\/uploads\\\/cropped-avatar-150-pix.jpg\",\"url\":\"https:\\\/\\\/www.meslibellules.fr\\\/blog\\\/wp-content\\\/uploads\\\/cropped-avatar-150-pix.jpg\",\"contentUrl\":\"https:\\\/\\\/www.meslibellules.fr\\\/blog\\\/wp-content\\\/uploads\\\/cropped-avatar-150-pix.jpg\",\"width\":150,\"height\":137,\"caption\":\"Beno\u00eet Guillon\"},\"logo\":{\"@id\":\"https:\\\/\\\/www.meslibellules.fr\\\/blog\\\/wp-content\\\/uploads\\\/cropped-avatar-150-pix.jpg\"},\"sameAs\":[\"https:\\\/\\\/www.facebook.com\\\/benoit.guillon.96\\\/\"]}]}<\/script>\n<!-- \/ Yoast SEO plugin. -->","yoast_head_json":{"title":"Zyxomma elgneri - Mes Libellules","description":"Zyxomma elgneri m\u00e2le et femelle, description, identification, taille, habitat, distribution g\u00e9ographique, \u00e9tymologie","robots":{"index":"index","follow":"follow","max-snippet":"max-snippet:-1","max-image-preview":"max-image-preview:large","max-video-preview":"max-video-preview:-1"},"canonical":"https:\/\/www.meslibellules.fr\/blog\/2023\/07\/17\/zyxomma-elgneri\/","og_locale":"fr_FR","og_type":"article","og_title":"Zyxomma elgneri - Mes Libellules","og_description":"Zyxomma elgneri m\u00e2le et femelle, description, identification, taille, habitat, distribution g\u00e9ographique, \u00e9tymologie","og_url":"https:\/\/www.meslibellules.fr\/blog\/2023\/07\/17\/zyxomma-elgneri\/","og_site_name":"Mes Libellules","article_publisher":"https:\/\/www.facebook.com\/benoit.guillon.96\/","article_author":"https:\/\/www.facebook.com\/benoit.guillon.96\/","article_published_time":"2023-07-17T19:42:27+00:00","article_modified_time":"2025-01-18T08:08:55+00:00","og_image":[{"width":1539,"height":1204,"url":"https:\/\/www.meslibellules.fr\/blog\/wp-content\/uploads\/Zyxomma-elgneri-male-1.webp","type":"image\/webp"}],"author":"Beno\u00eet Guillon","twitter_card":"summary_large_image","twitter_misc":{"\u00c9crit par":"Beno\u00eet Guillon","Dur\u00e9e de lecture estim\u00e9e":"4 minutes"},"schema":{"@context":"https:\/\/schema.org","@graph":[{"@type":"Article","@id":"https:\/\/www.meslibellules.fr\/blog\/2023\/07\/17\/zyxomma-elgneri\/#article","isPartOf":{"@id":"https:\/\/www.meslibellules.fr\/blog\/2023\/07\/17\/zyxomma-elgneri\/"},"author":{"name":"Beno\u00eet Guillon","@id":"https:\/\/www.meslibellules.fr\/blog\/#\/schema\/person\/9aa3586f9dd053fcf329f43b8b053c77"},"headline":"Zyxomma elgneri (Ris, 1913)","datePublished":"2023-07-17T19:42:27+00:00","dateModified":"2025-01-18T08:08:55+00:00","mainEntityOfPage":{"@id":"https:\/\/www.meslibellules.fr\/blog\/2023\/07\/17\/zyxomma-elgneri\/"},"wordCount":432,"commentCount":0,"publisher":{"@id":"https:\/\/www.meslibellules.fr\/blog\/#\/schema\/person\/9aa3586f9dd053fcf329f43b8b053c77"},"image":{"@id":"https:\/\/www.meslibellules.fr\/blog\/2023\/07\/17\/zyxomma-elgneri\/#primaryimage"},"thumbnailUrl":"https:\/\/www.meslibellules.fr\/blog\/wp-content\/uploads\/Zyxomma-elgneri-male-1.webp","inLanguage":"fr-FR","potentialAction":[{"@type":"CommentAction","name":"Comment","target":["https:\/\/www.meslibellules.fr\/blog\/2023\/07\/17\/zyxomma-elgneri\/#respond"]}]},{"@type":"WebPage","@id":"https:\/\/www.meslibellules.fr\/blog\/2023\/07\/17\/zyxomma-elgneri\/","url":"https:\/\/www.meslibellules.fr\/blog\/2023\/07\/17\/zyxomma-elgneri\/","name":"Zyxomma elgneri - Mes Libellules","isPartOf":{"@id":"https:\/\/www.meslibellules.fr\/blog\/#website"},"primaryImageOfPage":{"@id":"https:\/\/www.meslibellules.fr\/blog\/2023\/07\/17\/zyxomma-elgneri\/#primaryimage"},"image":{"@id":"https:\/\/www.meslibellules.fr\/blog\/2023\/07\/17\/zyxomma-elgneri\/#primaryimage"},"thumbnailUrl":"https:\/\/www.meslibellules.fr\/blog\/wp-content\/uploads\/Zyxomma-elgneri-male-1.webp","datePublished":"2023-07-17T19:42:27+00:00","dateModified":"2025-01-18T08:08:55+00:00","description":"Zyxomma elgneri m\u00e2le et femelle, description, identification, taille, habitat, distribution g\u00e9ographique, \u00e9tymologie","breadcrumb":{"@id":"https:\/\/www.meslibellules.fr\/blog\/2023\/07\/17\/zyxomma-elgneri\/#breadcrumb"},"inLanguage":"fr-FR","potentialAction":[{"@type":"ReadAction","target":["https:\/\/www.meslibellules.fr\/blog\/2023\/07\/17\/zyxomma-elgneri\/"]}]},{"@type":"ImageObject","inLanguage":"fr-FR","@id":"https:\/\/www.meslibellules.fr\/blog\/2023\/07\/17\/zyxomma-elgneri\/#primaryimage","url":"https:\/\/www.meslibellules.fr\/blog\/wp-content\/uploads\/Zyxomma-elgneri-male-1.webp","contentUrl":"https:\/\/www.meslibellules.fr\/blog\/wp-content\/uploads\/Zyxomma-elgneri-male-1.webp","width":1539,"height":1204,"caption":"Zyxomma elgneri m\u00e2le , Australie (NT), Ubirr, 01\/05\/2022"},{"@type":"BreadcrumbList","@id":"https:\/\/www.meslibellules.fr\/blog\/2023\/07\/17\/zyxomma-elgneri\/#breadcrumb","itemListElement":[{"@type":"ListItem","position":1,"name":"Accueil","item":"https:\/\/www.meslibellules.fr\/blog\/"},{"@type":"ListItem","position":2,"name":"Zyxomma elgneri (Ris, 1913)"}]},{"@type":"WebSite","@id":"https:\/\/www.meslibellules.fr\/blog\/#website","url":"https:\/\/www.meslibellules.fr\/blog\/","name":"Mes Libellules","description":"Pr\u00e9sentation des libellules rencontr\u00e9es dans le monde","publisher":{"@id":"https:\/\/www.meslibellules.fr\/blog\/#\/schema\/person\/9aa3586f9dd053fcf329f43b8b053c77"},"potentialAction":[{"@type":"SearchAction","target":{"@type":"EntryPoint","urlTemplate":"https:\/\/www.meslibellules.fr\/blog\/?s={search_term_string}"},"query-input":{"@type":"PropertyValueSpecification","valueRequired":true,"valueName":"search_term_string"}}],"inLanguage":"fr-FR"},{"@type":["Person","Organization"],"@id":"https:\/\/www.meslibellules.fr\/blog\/#\/schema\/person\/9aa3586f9dd053fcf329f43b8b053c77","name":"Beno\u00eet Guillon","image":{"@type":"ImageObject","inLanguage":"fr-FR","@id":"https:\/\/www.meslibellules.fr\/blog\/wp-content\/uploads\/cropped-avatar-150-pix.jpg","url":"https:\/\/www.meslibellules.fr\/blog\/wp-content\/uploads\/cropped-avatar-150-pix.jpg","contentUrl":"https:\/\/www.meslibellules.fr\/blog\/wp-content\/uploads\/cropped-avatar-150-pix.jpg","width":150,"height":137,"caption":"Beno\u00eet Guillon"},"logo":{"@id":"https:\/\/www.meslibellules.fr\/blog\/wp-content\/uploads\/cropped-avatar-150-pix.jpg"},"sameAs":["https:\/\/www.facebook.com\/benoit.guillon.96\/"]}]}},"_links":{"self":[{"href":"https:\/\/www.meslibellules.fr\/blog\/wp-json\/wp\/v2\/posts\/15009","targetHints":{"allow":["GET"]}}],"collection":[{"href":"https:\/\/www.meslibellules.fr\/blog\/wp-json\/wp\/v2\/posts"}],"about":[{"href":"https:\/\/www.meslibellules.fr\/blog\/wp-json\/wp\/v2\/types\/post"}],"author":[{"embeddable":true,"href":"https:\/\/www.meslibellules.fr\/blog\/wp-json\/wp\/v2\/users\/1"}],"replies":[{"embeddable":true,"href":"https:\/\/www.meslibellules.fr\/blog\/wp-json\/wp\/v2\/comments?post=15009"}],"version-history":[{"count":0,"href":"https:\/\/www.meslibellules.fr\/blog\/wp-json\/wp\/v2\/posts\/15009\/revisions"}],"wp:attachment":[{"href":"https:\/\/www.meslibellules.fr\/blog\/wp-json\/wp\/v2\/media?parent=15009"}],"wp:term":[{"taxonomy":"category","embeddable":true,"href":"https:\/\/www.meslibellules.fr\/blog\/wp-json\/wp\/v2\/categories?post=15009"},{"taxonomy":"post_tag","embeddable":true,"href":"https:\/\/www.meslibellules.fr\/blog\/wp-json\/wp\/v2\/tags?post=15009"}],"curies":[{"name":"wp","href":"https:\/\/api.w.org\/{rel}","templated":true}]}}