{"id":1502,"date":"2018-11-21T14:52:17","date_gmt":"2018-11-21T13:52:17","guid":{"rendered":"http:\/\/www.meslibellules.fr\/blog\/?p=1502"},"modified":"2026-01-05T21:20:54","modified_gmt":"2026-01-05T20:20:54","slug":"vietnam-2018-protosticta-satoi-asahina-1997","status":"publish","type":"post","link":"https:\/\/www.meslibellules.fr\/blog\/2018\/11\/21\/vietnam-2018-protosticta-satoi-asahina-1997\/","title":{"rendered":"Vietnam 2018 &#8211; Protosticta satoi (Asahina, 1997)"},"content":{"rendered":"\n<figure class=\"wp-block-image aligncenter is-resized\"><a href=\"https:\/\/www.meslibellules.fr\/blog\/wp-content\/uploads\/2018\/11\/protosticta-satoi.jpg\"><img decoding=\"async\" width=\"677\" height=\"1204\" data-src=\"https:\/\/www.meslibellules.fr\/blog\/wp-content\/uploads\/2018\/11\/protosticta-satoi.jpg\" alt=\"Prorosticta satoi m\u00e2le, Vietnam, Ba Vi, 07\/06\/2018\" class=\"wp-image-1501 lazyload\" style=\"--smush-placeholder-width: 677px; --smush-placeholder-aspect-ratio: 677\/1204;width:339px;height:602px\" src=\"data:image\/svg+xml;base64,PHN2ZyB3aWR0aD0iMSIgaGVpZ2h0PSIxIiB4bWxucz0iaHR0cDovL3d3dy53My5vcmcvMjAwMC9zdmciPjwvc3ZnPg==\" \/><\/a><figcaption class=\"wp-element-caption\">Protosticta satoi m\u00e2le, Vietnam, Ba Vi, 07\/06\/2018<\/figcaption><\/figure>\n\n\n\n<p><\/p>\n\n\n\n<p style=\"font-size:14px\">Lorsqu&rsquo;en 2016&nbsp;Quoc Toan Phan &amp; Tom Kompier ont publi\u00e9&nbsp;<em>A study of the genus Protosticta Selys, 1855, with descriptions of four new species from Vietnam (Odonata: Platystictidae)<\/em>&nbsp;on comptait 41 esp\u00e8ces de Protosticta. Ce papier en ajoute 4 nouvelles et porte \u00e0 9 le nombre d&rsquo;esp\u00e8ces connues au Vietnam. Le genre est difficile (tr\u00e8s difficile pour un amateur&#8230;) et cette complexit\u00e9 pourrait conduire \u00e0 d&rsquo;autres changements de nomenclature.<br>L&rsquo;esp\u00e8ce a d&rsquo;abord \u00e9t\u00e9 d\u00e9crite par Asahina \u00e0 partir d&rsquo;une femelle du parc nationale de Tam Dao comme une sous-esp\u00e8ce de Protosticta&nbsp; khaosoidaoensis sous le nom de&nbsp;Protosticta&nbsp; khaosoidaoensis satoi en raison de diff\u00e9rences  avec l&rsquo;esp\u00e8ce nominale d\u00e9crite en Tha\u00eflande par Asahina. Mais en 2008 Van Tool examinant \u00e0 nouveau ce mat\u00e9riel et le trouvant diff\u00e9rent de P.&nbsp; khaosoidaoensis l&rsquo;a \u00e9lev\u00e9 au rang d&rsquo;esp\u00e8ce sous le nom de Protosticta satoi. <br>Il y a m\u00eame reconnu 2 formes, une claire et une fonc\u00e9. Mais en 2016, Tom Kompier dans N<em>ew species of&nbsp;Protosticta&nbsp;Selys from Vietnam with a key to the males of the P. curiosa group<\/em>&nbsp;a \u00e9lev\u00e9 la forme sombre au rang d&rsquo;esp\u00e8ce sous le nom de Protosticta nigra en raison de diff\u00e9rences morphologiques des appendices anaux.<br><a href=\"https:\/\/www.iucnredlist.org\/species\/190839\/123526246\">IUCN Red List<\/a><br><br><\/p>\n\n\n\n<figure class=\"wp-block-gallery has-nested-images columns-default is-cropped wp-block-gallery-1 is-layout-flex wp-block-gallery-is-layout-flex\">\n<figure class=\"wp-block-image\"><a href=\"https:\/\/www.meslibellules.fr\/blog\/wp-content\/uploads\/2018\/11\/protosticta-satoi-male-2.jpg\"><img decoding=\"async\" width=\"919\" height=\"1204\" data-id=\"1508\" data-src=\"https:\/\/www.meslibellules.fr\/blog\/wp-content\/uploads\/2018\/11\/protosticta-satoi-male-2.jpg\" alt=\"Protosrticta satoi m\u00e2le, Vietnam, Xuan Son, 09\/06\/2018\" class=\"wp-image-1508 lazyload\" data-srcset=\"https:\/\/www.meslibellules.fr\/blog\/wp-content\/uploads\/2018\/11\/protosticta-satoi-male-2.jpg 919w, https:\/\/www.meslibellules.fr\/blog\/wp-content\/uploads\/2018\/11\/protosticta-satoi-male-2-768x1006.jpg 768w\" data-sizes=\"(max-width: 919px) 100vw, 919px\" src=\"data:image\/svg+xml;base64,PHN2ZyB3aWR0aD0iMSIgaGVpZ2h0PSIxIiB4bWxucz0iaHR0cDovL3d3dy53My5vcmcvMjAwMC9zdmciPjwvc3ZnPg==\" style=\"--smush-placeholder-width: 919px; --smush-placeholder-aspect-ratio: 919\/1204;\" \/><\/a><\/figure>\n\n\n\n<figure class=\"wp-block-image\"><a href=\"https:\/\/www.meslibellules.fr\/blog\/wp-content\/uploads\/2018\/11\/protosticta-satoi-male-3-1.jpg\"><img decoding=\"async\" width=\"917\" height=\"1204\" data-id=\"1511\" data-src=\"https:\/\/www.meslibellules.fr\/blog\/wp-content\/uploads\/2018\/11\/protosticta-satoi-male-3-1.jpg\" alt=\"\" class=\"wp-image-1511 lazyload\" data-srcset=\"https:\/\/www.meslibellules.fr\/blog\/wp-content\/uploads\/2018\/11\/protosticta-satoi-male-3-1.jpg 917w, https:\/\/www.meslibellules.fr\/blog\/wp-content\/uploads\/2018\/11\/protosticta-satoi-male-3-1-768x1008.jpg 768w\" data-sizes=\"(max-width: 917px) 100vw, 917px\" src=\"data:image\/svg+xml;base64,PHN2ZyB3aWR0aD0iMSIgaGVpZ2h0PSIxIiB4bWxucz0iaHR0cDovL3d3dy53My5vcmcvMjAwMC9zdmciPjwvc3ZnPg==\" style=\"--smush-placeholder-width: 917px; --smush-placeholder-aspect-ratio: 917\/1204;\" \/><\/a><\/figure>\n<\/figure>\n\n\n\n<p class=\"has-text-align-center has-small-font-size\">Protosticta satoi, \u00e0 gauche le 09\/06\/2018 \u00e0 Xuan Son, \u00e0 droite le 14\/06\/2018 \u00e0 Cuc Phong<\/p>\n\n\n\n<p style=\"font-size:14px\">Ci-dessus on peut appr\u00e9cier comme ses ailes sont courtes par rapport \u00e0 son abdomen d\u00e9mesur\u00e9ment long et fin ; si on se base sur une mesure moyenne de l&rsquo;abdomen de 42 mm (Phan et Kompier donnent des extr\u00eames de 39 \u00e0 45 mm) la longueur totale de l&rsquo;insecte d\u00e9passe \u00e0 peine 48 mm et le diam\u00e8tre de l&rsquo;abdomen atteint \u00e0 peine 0.5 mm dans ses parties les plus fines.<br>Je trouve tout de m\u00eame surprenant la diff\u00e9rence d&rsquo;aspect du pronotum de ces 2 sujets; l&rsquo;un \u00e0 gauche est sombre, vert m\u00e9tallis\u00e9, celui de droite est presque totalement clair, avec seulement une marge ant\u00e9rieure et post\u00e9rieure sombre.<br>Il se plait dans les sous-bois assez denses pr\u00e8s des ruisseaux ou rivi\u00e8res cach\u00e9es sous les arbres, dans l&rsquo;ombre et se pose sur la mousse ou pend bout des feuilles.<br>Ci-dessous on note quelques caract\u00e9ristiques de l&rsquo;esp\u00e8ce comme la fine ligne sombre sur la suture m\u00e9tapleurale ou les petites taches claires \u00e0 la partie post\u00e9rieure du thorax, pr\u00e8s de l&rsquo;insertion des ailes.<\/p>\n\n\n\n<figure class=\"wp-block-image aligncenter is-resized\"><a href=\"https:\/\/www.meslibellules.fr\/blog\/wp-content\/uploads\/2018\/11\/protosticta-satoi-male-4.jpg\"><img decoding=\"async\" width=\"1888\" height=\"1204\" data-src=\"https:\/\/www.meslibellules.fr\/blog\/wp-content\/uploads\/2018\/11\/protosticta-satoi-male-4.jpg\" alt=\"Protosticta satoi m\u00e2le, Vietnam, Cuc Phong, 14\/06\/2018\" class=\"wp-image-1516 lazyload\" style=\"--smush-placeholder-width: 1888px; --smush-placeholder-aspect-ratio: 1888\/1204;width:615px\" data-srcset=\"https:\/\/www.meslibellules.fr\/blog\/wp-content\/uploads\/2018\/11\/protosticta-satoi-male-4.jpg 1888w, https:\/\/www.meslibellules.fr\/blog\/wp-content\/uploads\/2018\/11\/protosticta-satoi-male-4-768x490.jpg 768w, https:\/\/www.meslibellules.fr\/blog\/wp-content\/uploads\/2018\/11\/protosticta-satoi-male-4-1200x765.jpg 1200w\" data-sizes=\"(max-width: 1888px) 100vw, 1888px\" src=\"data:image\/svg+xml;base64,PHN2ZyB3aWR0aD0iMSIgaGVpZ2h0PSIxIiB4bWxucz0iaHR0cDovL3d3dy53My5vcmcvMjAwMC9zdmciPjwvc3ZnPg==\" \/><\/a><figcaption class=\"wp-element-caption\">Protosticta satoi m\u00e2le, Vietnam, Cuc Phong, 14\/06\/2018<\/figcaption><\/figure>\n\n\n\n<p style=\"font-size:14px\">Je n&rsquo;ai aper\u00e7u qu&rsquo;une seule femelle, tr\u00e8s ressemblante au m\u00e2le pour les d\u00e9tails donn\u00e9s plus haut, et encore celle-ci \u00e9tait pendu non pas ou bout d&rsquo;une feuille mais \u00e0 l&rsquo;abdomen d&rsquo;un m\u00e2le; pas question de saisir les 2&nbsp; \u00e0 la fois sur la m\u00eame photo, le thorax est tellement petit, l&rsquo;abdomen tellement fin qu&rsquo;en se reculant on ne voit plus gu\u00e8re les d\u00e9tails&nbsp; \ud83d\ude42 .<\/p>\n\n\n\n<figure class=\"wp-block-image aligncenter is-resized\"><a href=\"https:\/\/www.meslibellules.fr\/blog\/wp-content\/uploads\/2018\/11\/protosticta-satoi-femelle.jpg\"><img decoding=\"async\" width=\"849\" height=\"1204\" data-src=\"https:\/\/www.meslibellules.fr\/blog\/wp-content\/uploads\/2018\/11\/protosticta-satoi-femelle.jpg\" alt=\"P. satoi femelle, Vietnam, Cuc Phong, 14\/06\/2018\" class=\"wp-image-1519 lazyload\" style=\"--smush-placeholder-width: 849px; --smush-placeholder-aspect-ratio: 849\/1204;width:425px;height:602px\" data-srcset=\"https:\/\/www.meslibellules.fr\/blog\/wp-content\/uploads\/2018\/11\/protosticta-satoi-femelle.jpg 849w, https:\/\/www.meslibellules.fr\/blog\/wp-content\/uploads\/2018\/11\/protosticta-satoi-femelle-768x1089.jpg 768w\" data-sizes=\"(max-width: 849px) 100vw, 849px\" src=\"data:image\/svg+xml;base64,PHN2ZyB3aWR0aD0iMSIgaGVpZ2h0PSIxIiB4bWxucz0iaHR0cDovL3d3dy53My5vcmcvMjAwMC9zdmciPjwvc3ZnPg==\" \/><\/a><figcaption class=\"wp-element-caption\">Protosticta satoi femelle, Vietnam, Cuc Phong, 14\/06\/2018<\/figcaption><\/figure>\n\n\n\n<p style=\"font-size:14px\">Mais c&rsquo;est un gros avantage de voir les femelles en tandem car, isol\u00e9es, elles sont souvent tr\u00e8s difficiles, voire impossibles \u00e0 identifier au niveau de l&rsquo;esp\u00e8ce.<br> Sur le site de Cuc Phong, toujours le 14 juin 2018, bien \u00e0 l&rsquo;ombre et&nbsp; au milieu d&rsquo;un faible ruisseau nous avons pu assister \u00e0 un accouplement tr\u00e8s \u00e9tonnant, o\u00f9 la femelle s&rsquo;est retrouv\u00e9e compl\u00e8tement \u00e0 l&rsquo;envers, mais toujours cramponn\u00e9e \u00e0 l&rsquo;abdomen du m\u00e2le&#8230;<\/p>\n\n\n\n<figure class=\"wp-block-gallery has-nested-images columns-default is-cropped wp-block-gallery-2 is-layout-flex wp-block-gallery-is-layout-flex\">\n<figure class=\"wp-block-image\"><a href=\"https:\/\/www.meslibellules.fr\/blog\/wp-content\/uploads\/2018\/11\/protosticta-satoi-accouplement-2.jpg\"><img decoding=\"async\" width=\"992\" height=\"1204\" data-id=\"1523\" data-src=\"https:\/\/www.meslibellules.fr\/blog\/wp-content\/uploads\/2018\/11\/protosticta-satoi-accouplement-2.jpg\" alt=\"Protosticta satoi accouplement, Vietnam, Cuc Phong, 14\/06\/2018\" class=\"wp-image-1523 lazyload\" data-srcset=\"https:\/\/www.meslibellules.fr\/blog\/wp-content\/uploads\/2018\/11\/protosticta-satoi-accouplement-2.jpg 992w, https:\/\/www.meslibellules.fr\/blog\/wp-content\/uploads\/2018\/11\/protosticta-satoi-accouplement-2-768x932.jpg 768w\" data-sizes=\"(max-width: 992px) 100vw, 992px\" src=\"data:image\/svg+xml;base64,PHN2ZyB3aWR0aD0iMSIgaGVpZ2h0PSIxIiB4bWxucz0iaHR0cDovL3d3dy53My5vcmcvMjAwMC9zdmciPjwvc3ZnPg==\" style=\"--smush-placeholder-width: 992px; --smush-placeholder-aspect-ratio: 992\/1204;\" \/><\/a><\/figure>\n\n\n\n<figure class=\"wp-block-image\"><a href=\"https:\/\/www.meslibellules.fr\/blog\/wp-content\/uploads\/2018\/11\/protosticta-satoi-accouplement.jpg\"><img decoding=\"async\" width=\"752\" height=\"1204\" data-id=\"1522\" data-src=\"https:\/\/www.meslibellules.fr\/blog\/wp-content\/uploads\/2018\/11\/protosticta-satoi-accouplement.jpg\" alt=\"Protosticta satoi accouplement, Vietnam, Cuc Phong, 14\/06\/2018\" class=\"wp-image-1522 lazyload\" src=\"data:image\/svg+xml;base64,PHN2ZyB3aWR0aD0iMSIgaGVpZ2h0PSIxIiB4bWxucz0iaHR0cDovL3d3dy53My5vcmcvMjAwMC9zdmciPjwvc3ZnPg==\" style=\"--smush-placeholder-width: 752px; --smush-placeholder-aspect-ratio: 752\/1204;\" \/><\/a><\/figure>\n<figcaption class=\"blocks-gallery-caption wp-element-caption\">Protosticta satoi accouplement, Vietnam, Cuc Phong, 14\/06\/2018<\/figcaption><\/figure>\n\n\n\n<p style=\"font-size:14px\">Enfin une derni\u00e8re photo d&rsquo;un m\u00e2le dans le m\u00eame lieu, un coup de chance&#8230; On peut apercevoir la complexit\u00e9 de ses appendices anaux.<\/p>\n\n\n\n<figure class=\"wp-block-image aligncenter is-resized\"><a href=\"https:\/\/www.meslibellules.fr\/blog\/wp-content\/uploads\/2018\/11\/protosticta-satoi-male-5.jpg\"><img decoding=\"async\" width=\"1146\" height=\"1204\" data-src=\"https:\/\/www.meslibellules.fr\/blog\/wp-content\/uploads\/2018\/11\/protosticta-satoi-male-5.jpg\" alt=\"Protosticta satoi m\u00e2le, Vietnam, Cuc Phong, 14\/06\/2018\" class=\"wp-image-1521 lazyload\" style=\"--smush-placeholder-width: 1146px; --smush-placeholder-aspect-ratio: 1146\/1204;width:388px;height:666px\" data-srcset=\"https:\/\/www.meslibellules.fr\/blog\/wp-content\/uploads\/2018\/11\/protosticta-satoi-male-5.jpg 1146w, https:\/\/www.meslibellules.fr\/blog\/wp-content\/uploads\/2018\/11\/protosticta-satoi-male-5-768x807.jpg 768w\" data-sizes=\"(max-width: 1146px) 100vw, 1146px\" src=\"data:image\/svg+xml;base64,PHN2ZyB3aWR0aD0iMSIgaGVpZ2h0PSIxIiB4bWxucz0iaHR0cDovL3d3dy53My5vcmcvMjAwMC9zdmciPjwvc3ZnPg==\" \/><\/a><figcaption class=\"wp-element-caption\">Protosticta satoi m\u00e2le, Vietnam, Cuc Phong, 14\/06\/2018<\/figcaption><\/figure>\n\n\n\n\n\n<div style=\"height:20px\" aria-hidden=\"true\" class=\"wp-block-spacer\"><\/div>\n\n\n\n<p><strong>\u00c9tymologie<\/strong><br><strong>Protosticta\u00a0<\/strong>(Selys, 1885), du grec\u00a0<em>protos<\/em>,\u00a0<em>premier<\/em>\u00a0et de\u00a0<em>sticta<\/em>, forme latinis\u00e9e du grec\u00a0<em>stiktos<\/em>, pour\u00a0<em>tatou\u00e9, marqu\u00e9<\/em>, bien qu&rsquo;il ne faille certainement pas y chercher un sens particulier se rapportant \u00e0 une ou des marques sp\u00e9cifiques, mais plut\u00f4t l&rsquo;appartenance \u00e0 un famille d&rsquo;insectes d&rsquo;apparence voisine : Platysticta, Drepanosticta, Isosticta, Ceylonosticta, Sinosticta, Sulcosticta, Telosticta, Yunnanosticta, tous membres des Platystictidae. Selys dans \u00ab\u00a0<em>Programme d\u2019une revision des Agrionines<\/em>\u00a0\u00bb (4) dans lequel il cr\u00e9e ce nouveau genre, pr\u00e9cise qu&rsquo;il est tr\u00e8s proche, mais sans doute ant\u00e9rieur (<em>premier<\/em>\u00a0dans l&rsquo;\u00e9volution) aux Platysticta, car on note \u00ab\u00a0<em>l&rsquo;absence de rudiment du secteur inf\u00e9rieur du triangle<\/em>\u00ab\u00a0. Il est \u00e9vident que \u00ab\u00a0sticta\u00a0\u00bb s&rsquo;est s\u00fbrement rapport\u00e9, \u00e0 l&rsquo;origine, \u00e0 un d\u00e9tail de coloration particulier, pour un de ces genres, mais j&rsquo;ignore lequel&#8230;<br><strong>Satoi<\/strong> est un hommage \u00e0 Masataka Sat\u00f4<strong> <\/strong>(1937\u20132006), un \u00e9minent entomologiste japonais, professeur \u00e0 l&rsquo;universit\u00e9 de Nagoya et expert mondial des col\u00e9opt\u00e8res aquatiques qui collectait cependant bien d&rsquo;autres insectes qu&rsquo;il a partag\u00e9s entre autres avec Asahina.<\/p>\n\n\n\n<div style=\"height:28px\" aria-hidden=\"true\" class=\"wp-block-spacer\"><\/div>\n\n\n\n<p style=\"font-size:13px\"><strong>Asahina, 1997<\/strong> &#8211; <a href=\"https:\/\/www.kahaku.go.jp\/albums\/abm.php?d=4662&amp;f=abm00001050.pdf&amp;n=BNSM230203.pdf\">Records of the Northern Vietnamese Odonata taken by the expedition members from the National Science Museum<\/a>, Tokyo. 6. Platystictidae, Megapodagrionidae, Lestidae and Synlestidae &#8211; <em>Bulletin of the National Science Museum, Series A (Zoology)<\/em>, volume 23, 107 &#8211; 113. P. 108.<br><strong>Selys Longchamps, E. de., 1885<\/strong>\u00a0&#8211;\u00a0<a href=\"https:\/\/books.google.fr\/books?id=pCQqAAAAYAAJ&amp;pg=PA1&amp;hl=fr&amp;source=gbs_selected_pages&amp;cad=1#v=onepage&amp;q&amp;f=false\">Programme d\u2019une revision des Agrionines<\/a>. Annales de la Soci\u00e9t\u00e9 Entomologique de Belgique,29, 141\u2013146.<\/p>\n\n\n\n<div style=\"height:31px\" aria-hidden=\"true\" class=\"wp-block-spacer\"><\/div>\n\n\n\n<div class=\"wp-block-buttons is-vertical is-layout-flex wp-container-core-buttons-is-layout-fe9cc265 wp-block-buttons-is-layout-flex\">\n<div class=\"wp-block-button\"><a class=\"wp-block-button__link wp-element-button\" href=\"https:\/\/www.meslibellules.fr\/blog\/odonates-du-vietnam-2012-2018\/\">Accueil Vietnam<\/a><\/div>\n\n\n\n<div class=\"wp-block-button\"><a class=\"wp-block-button__link wp-element-button\" href=\"http:\/\/www.meslibellules.fr\/pagesweb\/divers\/liste-generale-odonates-du-site\/asia-odonates.php\">Liste Asie<\/a><\/div>\n\n\n\n<div class=\"wp-block-button\"><a class=\"wp-block-button__link wp-element-button\" href=\"https:\/\/www.meslibellules.fr\/blog\/\">Accueil<\/a><\/div>\n<\/div>\n","protected":false},"excerpt":{"rendered":"<p>Lorsqu&rsquo;en 2016&nbsp;Quoc Toan Phan &amp; Tom Kompier ont publi\u00e9&nbsp;A study of the genus Protosticta Selys, 1855, with descriptions of four new species from Vietnam (Odonata: Platystictidae)&nbsp;on comptait 41 esp\u00e8ces de Protosticta. Ce papier en ajoute 4 nouvelles et porte \u00e0 9 le nombre d&rsquo;esp\u00e8ces connues au Vietnam. Le genre est difficile (tr\u00e8s difficile pour un [&hellip;]<\/p>\n","protected":false},"author":1,"featured_media":0,"comment_status":"open","ping_status":"open","sticky":false,"template":"","format":"image","meta":{"site-sidebar-layout":"default","site-content-layout":"","ast-site-content-layout":"default","site-content-style":"default","site-sidebar-style":"default","ast-global-header-display":"","ast-banner-title-visibility":"","ast-main-header-display":"","ast-hfb-above-header-display":"","ast-hfb-below-header-display":"","ast-hfb-mobile-header-display":"","site-post-title":"","ast-breadcrumbs-content":"","ast-featured-img":"","footer-sml-layout":"","ast-disable-related-posts":"","theme-transparent-header-meta":"","adv-header-id-meta":"","stick-header-meta":"","header-above-stick-meta":"","header-main-stick-meta":"","header-below-stick-meta":"","astra-migrate-meta-layouts":"set","ast-page-background-enabled":"default","ast-page-background-meta":{"desktop":{"background-color":"var(--ast-global-color-4)","background-image":"","background-repeat":"repeat","background-position":"center center","background-size":"auto","background-attachment":"scroll","background-type":"","background-media":"","overlay-type":"","overlay-color":"","overlay-opacity":"","overlay-gradient":""},"tablet":{"background-color":"","background-image":"","background-repeat":"repeat","background-position":"center center","background-size":"auto","background-attachment":"scroll","background-type":"","background-media":"","overlay-type":"","overlay-color":"","overlay-opacity":"","overlay-gradient":""},"mobile":{"background-color":"","background-image":"","background-repeat":"repeat","background-position":"center center","background-size":"auto","background-attachment":"scroll","background-type":"","background-media":"","overlay-type":"","overlay-color":"","overlay-opacity":"","overlay-gradient":""}},"ast-content-background-meta":{"desktop":{"background-color":"var(--ast-global-color-5)","background-image":"","background-repeat":"repeat","background-position":"center center","background-size":"auto","background-attachment":"scroll","background-type":"","background-media":"","overlay-type":"","overlay-color":"","overlay-opacity":"","overlay-gradient":""},"tablet":{"background-color":"var(--ast-global-color-5)","background-image":"","background-repeat":"repeat","background-position":"center center","background-size":"auto","background-attachment":"scroll","background-type":"","background-media":"","overlay-type":"","overlay-color":"","overlay-opacity":"","overlay-gradient":""},"mobile":{"background-color":"var(--ast-global-color-5)","background-image":"","background-repeat":"repeat","background-position":"center center","background-size":"auto","background-attachment":"scroll","background-type":"","background-media":"","overlay-type":"","overlay-color":"","overlay-opacity":"","overlay-gradient":""}},"footnotes":""},"categories":[28,54],"tags":[],"class_list":["post-1502","post","type-post","status-publish","format-image","hentry","category-plastystictidae","category-vietnam","post_format-post-format-image"],"yoast_head":"<!-- This site is optimized with the Yoast SEO plugin v27.5 - https:\/\/yoast.com\/product\/yoast-seo-wordpress\/ -->\n<title>Protosticta satoi - Mes Libellules<\/title>\n<meta name=\"description\" content=\"Protosticta satoi m\u00e2les et femelle au Vietnam, description, identification, taille, habitat, distribution g\u00e9ographique, photos\" \/>\n<meta name=\"robots\" content=\"index, follow, max-snippet:-1, max-image-preview:large, max-video-preview:-1\" \/>\n<link rel=\"canonical\" href=\"https:\/\/www.meslibellules.fr\/blog\/2018\/11\/21\/vietnam-2018-protosticta-satoi-asahina-1997\/\" \/>\n<meta property=\"og:locale\" content=\"fr_FR\" \/>\n<meta property=\"og:type\" content=\"article\" \/>\n<meta property=\"og:title\" content=\"Protosticta satoi - Mes Libellules\" \/>\n<meta property=\"og:description\" content=\"Protosticta satoi m\u00e2les et femelle au Vietnam, description, identification, taille, habitat, distribution g\u00e9ographique, photos\" \/>\n<meta property=\"og:url\" content=\"https:\/\/www.meslibellules.fr\/blog\/2018\/11\/21\/vietnam-2018-protosticta-satoi-asahina-1997\/\" \/>\n<meta property=\"og:site_name\" content=\"Mes Libellules\" \/>\n<meta property=\"article:publisher\" content=\"https:\/\/www.facebook.com\/benoit.guillon.96\/\" \/>\n<meta property=\"article:author\" content=\"https:\/\/www.facebook.com\/benoit.guillon.96\/\" \/>\n<meta property=\"article:published_time\" content=\"2018-11-21T13:52:17+00:00\" \/>\n<meta property=\"article:modified_time\" content=\"2026-01-05T20:20:54+00:00\" \/>\n<meta property=\"og:image\" content=\"http:\/\/www.meslibellules.fr\/blog\/wp-content\/uploads\/2018\/11\/protosticta-satoi.jpg\" \/>\n<meta name=\"author\" content=\"Beno\u00eet Guillon\" \/>\n<meta name=\"twitter:card\" content=\"summary_large_image\" \/>\n<meta name=\"twitter:label1\" content=\"\u00c9crit par\" \/>\n\t<meta name=\"twitter:data1\" content=\"Beno\u00eet Guillon\" \/>\n\t<meta name=\"twitter:label2\" content=\"Dur\u00e9e de lecture estim\u00e9e\" \/>\n\t<meta name=\"twitter:data2\" content=\"12 minutes\" \/>\n<script type=\"application\/ld+json\" class=\"yoast-schema-graph\">{\"@context\":\"https:\\\/\\\/schema.org\",\"@graph\":[{\"@type\":\"Article\",\"@id\":\"https:\\\/\\\/www.meslibellules.fr\\\/blog\\\/2018\\\/11\\\/21\\\/vietnam-2018-protosticta-satoi-asahina-1997\\\/#article\",\"isPartOf\":{\"@id\":\"https:\\\/\\\/www.meslibellules.fr\\\/blog\\\/2018\\\/11\\\/21\\\/vietnam-2018-protosticta-satoi-asahina-1997\\\/\"},\"author\":{\"name\":\"Beno\u00eet Guillon\",\"@id\":\"https:\\\/\\\/www.meslibellules.fr\\\/blog\\\/#\\\/schema\\\/person\\\/9aa3586f9dd053fcf329f43b8b053c77\"},\"headline\":\"Vietnam 2018 &#8211; Protosticta satoi (Asahina, 1997)\",\"datePublished\":\"2018-11-21T13:52:17+00:00\",\"dateModified\":\"2026-01-05T20:20:54+00:00\",\"mainEntityOfPage\":{\"@id\":\"https:\\\/\\\/www.meslibellules.fr\\\/blog\\\/2018\\\/11\\\/21\\\/vietnam-2018-protosticta-satoi-asahina-1997\\\/\"},\"wordCount\":871,\"commentCount\":2,\"publisher\":{\"@id\":\"https:\\\/\\\/www.meslibellules.fr\\\/blog\\\/#\\\/schema\\\/person\\\/9aa3586f9dd053fcf329f43b8b053c77\"},\"image\":{\"@id\":\"https:\\\/\\\/www.meslibellules.fr\\\/blog\\\/2018\\\/11\\\/21\\\/vietnam-2018-protosticta-satoi-asahina-1997\\\/#primaryimage\"},\"thumbnailUrl\":\"http:\\\/\\\/www.meslibellules.fr\\\/blog\\\/wp-content\\\/uploads\\\/2018\\\/11\\\/protosticta-satoi.jpg\",\"articleSection\":[\"Plastystictidae\",\"Vietnam\"],\"inLanguage\":\"fr-FR\",\"potentialAction\":[{\"@type\":\"CommentAction\",\"name\":\"Comment\",\"target\":[\"https:\\\/\\\/www.meslibellules.fr\\\/blog\\\/2018\\\/11\\\/21\\\/vietnam-2018-protosticta-satoi-asahina-1997\\\/#respond\"]}]},{\"@type\":\"WebPage\",\"@id\":\"https:\\\/\\\/www.meslibellules.fr\\\/blog\\\/2018\\\/11\\\/21\\\/vietnam-2018-protosticta-satoi-asahina-1997\\\/\",\"url\":\"https:\\\/\\\/www.meslibellules.fr\\\/blog\\\/2018\\\/11\\\/21\\\/vietnam-2018-protosticta-satoi-asahina-1997\\\/\",\"name\":\"Protosticta satoi - Mes Libellules\",\"isPartOf\":{\"@id\":\"https:\\\/\\\/www.meslibellules.fr\\\/blog\\\/#website\"},\"primaryImageOfPage\":{\"@id\":\"https:\\\/\\\/www.meslibellules.fr\\\/blog\\\/2018\\\/11\\\/21\\\/vietnam-2018-protosticta-satoi-asahina-1997\\\/#primaryimage\"},\"image\":{\"@id\":\"https:\\\/\\\/www.meslibellules.fr\\\/blog\\\/2018\\\/11\\\/21\\\/vietnam-2018-protosticta-satoi-asahina-1997\\\/#primaryimage\"},\"thumbnailUrl\":\"http:\\\/\\\/www.meslibellules.fr\\\/blog\\\/wp-content\\\/uploads\\\/2018\\\/11\\\/protosticta-satoi.jpg\",\"datePublished\":\"2018-11-21T13:52:17+00:00\",\"dateModified\":\"2026-01-05T20:20:54+00:00\",\"description\":\"Protosticta satoi m\u00e2les et femelle au Vietnam, description, identification, taille, habitat, distribution g\u00e9ographique, photos\",\"breadcrumb\":{\"@id\":\"https:\\\/\\\/www.meslibellules.fr\\\/blog\\\/2018\\\/11\\\/21\\\/vietnam-2018-protosticta-satoi-asahina-1997\\\/#breadcrumb\"},\"inLanguage\":\"fr-FR\",\"potentialAction\":[{\"@type\":\"ReadAction\",\"target\":[\"https:\\\/\\\/www.meslibellules.fr\\\/blog\\\/2018\\\/11\\\/21\\\/vietnam-2018-protosticta-satoi-asahina-1997\\\/\"]}]},{\"@type\":\"ImageObject\",\"inLanguage\":\"fr-FR\",\"@id\":\"https:\\\/\\\/www.meslibellules.fr\\\/blog\\\/2018\\\/11\\\/21\\\/vietnam-2018-protosticta-satoi-asahina-1997\\\/#primaryimage\",\"url\":\"http:\\\/\\\/www.meslibellules.fr\\\/blog\\\/wp-content\\\/uploads\\\/2018\\\/11\\\/protosticta-satoi.jpg\",\"contentUrl\":\"http:\\\/\\\/www.meslibellules.fr\\\/blog\\\/wp-content\\\/uploads\\\/2018\\\/11\\\/protosticta-satoi.jpg\"},{\"@type\":\"BreadcrumbList\",\"@id\":\"https:\\\/\\\/www.meslibellules.fr\\\/blog\\\/2018\\\/11\\\/21\\\/vietnam-2018-protosticta-satoi-asahina-1997\\\/#breadcrumb\",\"itemListElement\":[{\"@type\":\"ListItem\",\"position\":1,\"name\":\"Accueil\",\"item\":\"https:\\\/\\\/www.meslibellules.fr\\\/blog\\\/\"},{\"@type\":\"ListItem\",\"position\":2,\"name\":\"Vietnam 2018 &#8211; Protosticta satoi (Asahina, 1997)\"}]},{\"@type\":\"WebSite\",\"@id\":\"https:\\\/\\\/www.meslibellules.fr\\\/blog\\\/#website\",\"url\":\"https:\\\/\\\/www.meslibellules.fr\\\/blog\\\/\",\"name\":\"Mes Libellules\",\"description\":\"Pr\u00e9sentation des libellules rencontr\u00e9es dans le monde\",\"publisher\":{\"@id\":\"https:\\\/\\\/www.meslibellules.fr\\\/blog\\\/#\\\/schema\\\/person\\\/9aa3586f9dd053fcf329f43b8b053c77\"},\"potentialAction\":[{\"@type\":\"SearchAction\",\"target\":{\"@type\":\"EntryPoint\",\"urlTemplate\":\"https:\\\/\\\/www.meslibellules.fr\\\/blog\\\/?s={search_term_string}\"},\"query-input\":{\"@type\":\"PropertyValueSpecification\",\"valueRequired\":true,\"valueName\":\"search_term_string\"}}],\"inLanguage\":\"fr-FR\"},{\"@type\":[\"Person\",\"Organization\"],\"@id\":\"https:\\\/\\\/www.meslibellules.fr\\\/blog\\\/#\\\/schema\\\/person\\\/9aa3586f9dd053fcf329f43b8b053c77\",\"name\":\"Beno\u00eet Guillon\",\"image\":{\"@type\":\"ImageObject\",\"inLanguage\":\"fr-FR\",\"@id\":\"https:\\\/\\\/www.meslibellules.fr\\\/blog\\\/wp-content\\\/uploads\\\/cropped-avatar-150-pix.jpg\",\"url\":\"https:\\\/\\\/www.meslibellules.fr\\\/blog\\\/wp-content\\\/uploads\\\/cropped-avatar-150-pix.jpg\",\"contentUrl\":\"https:\\\/\\\/www.meslibellules.fr\\\/blog\\\/wp-content\\\/uploads\\\/cropped-avatar-150-pix.jpg\",\"width\":150,\"height\":137,\"caption\":\"Beno\u00eet Guillon\"},\"logo\":{\"@id\":\"https:\\\/\\\/www.meslibellules.fr\\\/blog\\\/wp-content\\\/uploads\\\/cropped-avatar-150-pix.jpg\"},\"sameAs\":[\"https:\\\/\\\/www.facebook.com\\\/benoit.guillon.96\\\/\"]}]}<\/script>\n<!-- \/ Yoast SEO plugin. -->","yoast_head_json":{"title":"Protosticta satoi - Mes Libellules","description":"Protosticta satoi m\u00e2les et femelle au Vietnam, description, identification, taille, habitat, distribution g\u00e9ographique, photos","robots":{"index":"index","follow":"follow","max-snippet":"max-snippet:-1","max-image-preview":"max-image-preview:large","max-video-preview":"max-video-preview:-1"},"canonical":"https:\/\/www.meslibellules.fr\/blog\/2018\/11\/21\/vietnam-2018-protosticta-satoi-asahina-1997\/","og_locale":"fr_FR","og_type":"article","og_title":"Protosticta satoi - Mes Libellules","og_description":"Protosticta satoi m\u00e2les et femelle au Vietnam, description, identification, taille, habitat, distribution g\u00e9ographique, photos","og_url":"https:\/\/www.meslibellules.fr\/blog\/2018\/11\/21\/vietnam-2018-protosticta-satoi-asahina-1997\/","og_site_name":"Mes Libellules","article_publisher":"https:\/\/www.facebook.com\/benoit.guillon.96\/","article_author":"https:\/\/www.facebook.com\/benoit.guillon.96\/","article_published_time":"2018-11-21T13:52:17+00:00","article_modified_time":"2026-01-05T20:20:54+00:00","og_image":[{"url":"http:\/\/www.meslibellules.fr\/blog\/wp-content\/uploads\/2018\/11\/protosticta-satoi.jpg","type":"","width":"","height":""}],"author":"Beno\u00eet Guillon","twitter_card":"summary_large_image","twitter_misc":{"\u00c9crit par":"Beno\u00eet Guillon","Dur\u00e9e de lecture estim\u00e9e":"12 minutes"},"schema":{"@context":"https:\/\/schema.org","@graph":[{"@type":"Article","@id":"https:\/\/www.meslibellules.fr\/blog\/2018\/11\/21\/vietnam-2018-protosticta-satoi-asahina-1997\/#article","isPartOf":{"@id":"https:\/\/www.meslibellules.fr\/blog\/2018\/11\/21\/vietnam-2018-protosticta-satoi-asahina-1997\/"},"author":{"name":"Beno\u00eet Guillon","@id":"https:\/\/www.meslibellules.fr\/blog\/#\/schema\/person\/9aa3586f9dd053fcf329f43b8b053c77"},"headline":"Vietnam 2018 &#8211; Protosticta satoi (Asahina, 1997)","datePublished":"2018-11-21T13:52:17+00:00","dateModified":"2026-01-05T20:20:54+00:00","mainEntityOfPage":{"@id":"https:\/\/www.meslibellules.fr\/blog\/2018\/11\/21\/vietnam-2018-protosticta-satoi-asahina-1997\/"},"wordCount":871,"commentCount":2,"publisher":{"@id":"https:\/\/www.meslibellules.fr\/blog\/#\/schema\/person\/9aa3586f9dd053fcf329f43b8b053c77"},"image":{"@id":"https:\/\/www.meslibellules.fr\/blog\/2018\/11\/21\/vietnam-2018-protosticta-satoi-asahina-1997\/#primaryimage"},"thumbnailUrl":"http:\/\/www.meslibellules.fr\/blog\/wp-content\/uploads\/2018\/11\/protosticta-satoi.jpg","articleSection":["Plastystictidae","Vietnam"],"inLanguage":"fr-FR","potentialAction":[{"@type":"CommentAction","name":"Comment","target":["https:\/\/www.meslibellules.fr\/blog\/2018\/11\/21\/vietnam-2018-protosticta-satoi-asahina-1997\/#respond"]}]},{"@type":"WebPage","@id":"https:\/\/www.meslibellules.fr\/blog\/2018\/11\/21\/vietnam-2018-protosticta-satoi-asahina-1997\/","url":"https:\/\/www.meslibellules.fr\/blog\/2018\/11\/21\/vietnam-2018-protosticta-satoi-asahina-1997\/","name":"Protosticta satoi - Mes Libellules","isPartOf":{"@id":"https:\/\/www.meslibellules.fr\/blog\/#website"},"primaryImageOfPage":{"@id":"https:\/\/www.meslibellules.fr\/blog\/2018\/11\/21\/vietnam-2018-protosticta-satoi-asahina-1997\/#primaryimage"},"image":{"@id":"https:\/\/www.meslibellules.fr\/blog\/2018\/11\/21\/vietnam-2018-protosticta-satoi-asahina-1997\/#primaryimage"},"thumbnailUrl":"http:\/\/www.meslibellules.fr\/blog\/wp-content\/uploads\/2018\/11\/protosticta-satoi.jpg","datePublished":"2018-11-21T13:52:17+00:00","dateModified":"2026-01-05T20:20:54+00:00","description":"Protosticta satoi m\u00e2les et femelle au Vietnam, description, identification, taille, habitat, distribution g\u00e9ographique, photos","breadcrumb":{"@id":"https:\/\/www.meslibellules.fr\/blog\/2018\/11\/21\/vietnam-2018-protosticta-satoi-asahina-1997\/#breadcrumb"},"inLanguage":"fr-FR","potentialAction":[{"@type":"ReadAction","target":["https:\/\/www.meslibellules.fr\/blog\/2018\/11\/21\/vietnam-2018-protosticta-satoi-asahina-1997\/"]}]},{"@type":"ImageObject","inLanguage":"fr-FR","@id":"https:\/\/www.meslibellules.fr\/blog\/2018\/11\/21\/vietnam-2018-protosticta-satoi-asahina-1997\/#primaryimage","url":"http:\/\/www.meslibellules.fr\/blog\/wp-content\/uploads\/2018\/11\/protosticta-satoi.jpg","contentUrl":"http:\/\/www.meslibellules.fr\/blog\/wp-content\/uploads\/2018\/11\/protosticta-satoi.jpg"},{"@type":"BreadcrumbList","@id":"https:\/\/www.meslibellules.fr\/blog\/2018\/11\/21\/vietnam-2018-protosticta-satoi-asahina-1997\/#breadcrumb","itemListElement":[{"@type":"ListItem","position":1,"name":"Accueil","item":"https:\/\/www.meslibellules.fr\/blog\/"},{"@type":"ListItem","position":2,"name":"Vietnam 2018 &#8211; Protosticta satoi (Asahina, 1997)"}]},{"@type":"WebSite","@id":"https:\/\/www.meslibellules.fr\/blog\/#website","url":"https:\/\/www.meslibellules.fr\/blog\/","name":"Mes Libellules","description":"Pr\u00e9sentation des libellules rencontr\u00e9es dans le monde","publisher":{"@id":"https:\/\/www.meslibellules.fr\/blog\/#\/schema\/person\/9aa3586f9dd053fcf329f43b8b053c77"},"potentialAction":[{"@type":"SearchAction","target":{"@type":"EntryPoint","urlTemplate":"https:\/\/www.meslibellules.fr\/blog\/?s={search_term_string}"},"query-input":{"@type":"PropertyValueSpecification","valueRequired":true,"valueName":"search_term_string"}}],"inLanguage":"fr-FR"},{"@type":["Person","Organization"],"@id":"https:\/\/www.meslibellules.fr\/blog\/#\/schema\/person\/9aa3586f9dd053fcf329f43b8b053c77","name":"Beno\u00eet Guillon","image":{"@type":"ImageObject","inLanguage":"fr-FR","@id":"https:\/\/www.meslibellules.fr\/blog\/wp-content\/uploads\/cropped-avatar-150-pix.jpg","url":"https:\/\/www.meslibellules.fr\/blog\/wp-content\/uploads\/cropped-avatar-150-pix.jpg","contentUrl":"https:\/\/www.meslibellules.fr\/blog\/wp-content\/uploads\/cropped-avatar-150-pix.jpg","width":150,"height":137,"caption":"Beno\u00eet Guillon"},"logo":{"@id":"https:\/\/www.meslibellules.fr\/blog\/wp-content\/uploads\/cropped-avatar-150-pix.jpg"},"sameAs":["https:\/\/www.facebook.com\/benoit.guillon.96\/"]}]}},"_links":{"self":[{"href":"https:\/\/www.meslibellules.fr\/blog\/wp-json\/wp\/v2\/posts\/1502","targetHints":{"allow":["GET"]}}],"collection":[{"href":"https:\/\/www.meslibellules.fr\/blog\/wp-json\/wp\/v2\/posts"}],"about":[{"href":"https:\/\/www.meslibellules.fr\/blog\/wp-json\/wp\/v2\/types\/post"}],"author":[{"embeddable":true,"href":"https:\/\/www.meslibellules.fr\/blog\/wp-json\/wp\/v2\/users\/1"}],"replies":[{"embeddable":true,"href":"https:\/\/www.meslibellules.fr\/blog\/wp-json\/wp\/v2\/comments?post=1502"}],"version-history":[{"count":2,"href":"https:\/\/www.meslibellules.fr\/blog\/wp-json\/wp\/v2\/posts\/1502\/revisions"}],"predecessor-version":[{"id":27731,"href":"https:\/\/www.meslibellules.fr\/blog\/wp-json\/wp\/v2\/posts\/1502\/revisions\/27731"}],"wp:attachment":[{"href":"https:\/\/www.meslibellules.fr\/blog\/wp-json\/wp\/v2\/media?parent=1502"}],"wp:term":[{"taxonomy":"category","embeddable":true,"href":"https:\/\/www.meslibellules.fr\/blog\/wp-json\/wp\/v2\/categories?post=1502"},{"taxonomy":"post_tag","embeddable":true,"href":"https:\/\/www.meslibellules.fr\/blog\/wp-json\/wp\/v2\/tags?post=1502"}],"curies":[{"name":"wp","href":"https:\/\/api.w.org\/{rel}","templated":true}]}}