{"id":15214,"date":"2023-07-30T18:32:48","date_gmt":"2023-07-30T16:32:48","guid":{"rendered":"https:\/\/www.meslibellules.fr\/blog\/?p=15214"},"modified":"2023-07-30T18:32:49","modified_gmt":"2023-07-30T16:32:49","slug":"rhyothemis-resplendens","status":"publish","type":"post","link":"https:\/\/www.meslibellules.fr\/blog\/2023\/07\/30\/rhyothemis-resplendens\/","title":{"rendered":"Rhyothemis resplendens (Selys, 1878)"},"content":{"rendered":"\n<figure class=\"wp-block-image aligncenter size-full is-resized\"><a href=\"https:\/\/www.meslibellules.fr\/blog\/wp-content\/uploads\/Rhyothemis-resplendens-male-1.webp\"><img decoding=\"async\" data-src=\"https:\/\/www.meslibellules.fr\/blog\/wp-content\/uploads\/Rhyothemis-resplendens-male-1.webp\" alt=\"Rhyothemis resplendens m\u00e2le, Australie (FNQ), Cattana Wetlands, 02\/12\/2022\" class=\"wp-image-15212 lazyload\" width=\"476\" height=\"465\" data-srcset=\"https:\/\/www.meslibellules.fr\/blog\/wp-content\/uploads\/Rhyothemis-resplendens-male-1.webp 1027w, https:\/\/www.meslibellules.fr\/blog\/wp-content\/uploads\/Rhyothemis-resplendens-male-1-768x751.webp 768w\" data-sizes=\"(max-width: 476px) 100vw, 476px\" src=\"data:image\/svg+xml;base64,PHN2ZyB3aWR0aD0iMSIgaGVpZ2h0PSIxIiB4bWxucz0iaHR0cDovL3d3dy53My5vcmcvMjAwMC9zdmciPjwvc3ZnPg==\" style=\"--smush-placeholder-width: 476px; --smush-placeholder-aspect-ratio: 476\/465;\" \/><\/a><figcaption class=\"wp-element-caption\">Rhyothemis resplendens m\u00e2le, Australie (FNQ), Cattana Wetlands, 02\/12\/2022<\/figcaption><\/figure>\n\n\n\n<p>Rhyothemis resplendens est un de mes grands regrets de ce s\u00e9jour de prospection au Queensland ; nous ne l&rsquo;avons aper\u00e7u qu&rsquo;une seule fois, bri\u00e8vement et de beaucoup trop loin pour en rapporter des photos correctes. Tous les Rhyothemis sont beaux, mais celui-ci est en haut de l&rsquo;\u00e9chelle ! Ses ailes renvoient la lumi\u00e8re de fa\u00e7on incroyable. Un bleu unique avec des reflets violac\u00e9s bord\u00e9s de noir pour l&rsquo;aile post\u00e9rieure.<br>Il n&rsquo;y a \u00e9videmment pas de confusion possible avec une autre odonate en Australie, m\u00eame avec un des 4 autres Rhyothemis pr\u00e9sents. Nous les avons d&rsquo;ailleurs tous rencontr\u00e9s. Sur cette zone humide qui fourni des habitats tr\u00e8s diff\u00e9rents, for\u00eat mar\u00e9cageuse, ruisseaux et \u00e9tangs, nous avons \u00e9galement contact\u00e9 R. graphitera et R. princeps.<\/p>\n\n\n\n<figure class=\"wp-block-gallery aligncenter has-nested-images columns-default is-cropped wp-block-gallery-1 is-layout-flex wp-block-gallery-is-layout-flex\">\n<figure class=\"wp-block-image size-full\"><a href=\"https:\/\/www.meslibellules.fr\/blog\/wp-content\/uploads\/cattana-wetlands-R-resplendens.webp\"><img decoding=\"async\" width=\"1804\" height=\"1204\" data-id=\"15216\" data-src=\"https:\/\/www.meslibellules.fr\/blog\/wp-content\/uploads\/cattana-wetlands-R-resplendens.webp\" alt=\"Cattana Wetlands, Australie, Queensland, 02\/12\/2022\" class=\"wp-image-15216 lazyload\" data-srcset=\"https:\/\/www.meslibellules.fr\/blog\/wp-content\/uploads\/cattana-wetlands-R-resplendens.webp 1804w, https:\/\/www.meslibellules.fr\/blog\/wp-content\/uploads\/cattana-wetlands-R-resplendens-768x513.webp 768w, https:\/\/www.meslibellules.fr\/blog\/wp-content\/uploads\/cattana-wetlands-R-resplendens-1536x1025.webp 1536w\" data-sizes=\"(max-width: 1804px) 100vw, 1804px\" src=\"data:image\/svg+xml;base64,PHN2ZyB3aWR0aD0iMSIgaGVpZ2h0PSIxIiB4bWxucz0iaHR0cDovL3d3dy53My5vcmcvMjAwMC9zdmciPjwvc3ZnPg==\" style=\"--smush-placeholder-width: 1804px; --smush-placeholder-aspect-ratio: 1804\/1204;\" \/><\/a><\/figure>\n\n\n\n<figure class=\"wp-block-image size-full\"><a href=\"https:\/\/www.meslibellules.fr\/blog\/wp-content\/uploads\/cattana-wetlands-R-resplendens-2.webp\"><img decoding=\"async\" width=\"1504\" height=\"1004\" data-id=\"15217\" data-src=\"https:\/\/www.meslibellules.fr\/blog\/wp-content\/uploads\/cattana-wetlands-R-resplendens-2.webp\" alt=\"Cattana Wetlands, Australie, Queensland, 02\/12\/2022\" class=\"wp-image-15217 lazyload\" data-srcset=\"https:\/\/www.meslibellules.fr\/blog\/wp-content\/uploads\/cattana-wetlands-R-resplendens-2.webp 1504w, https:\/\/www.meslibellules.fr\/blog\/wp-content\/uploads\/cattana-wetlands-R-resplendens-2-768x513.webp 768w\" data-sizes=\"(max-width: 1504px) 100vw, 1504px\" src=\"data:image\/svg+xml;base64,PHN2ZyB3aWR0aD0iMSIgaGVpZ2h0PSIxIiB4bWxucz0iaHR0cDovL3d3dy53My5vcmcvMjAwMC9zdmciPjwvc3ZnPg==\" style=\"--smush-placeholder-width: 1504px; --smush-placeholder-aspect-ratio: 1504\/1004;\" \/><\/a><\/figure>\n<figcaption class=\"blocks-gallery-caption wp-element-caption\">Cattana Wetlands, Australie, Queensland, 02\/12\/2022<\/figcaption><\/figure>\n\n\n\n<p>Rhyothemis resplendens est un tout petit Libellulidae, et je suis m\u00eame surpris, \u00e0 posteriori, de la petite taille que lui donne Selys dans <em>&nbsp;<\/em><a href=\"https:\/\/www.biodiversitylibrary.org\/page\/31377317\" target=\"_blank\" rel=\"noreferrer noopener\">\u00ab\u00a0Odonates de la r\u00e9gion de la Nouvelle Guin\u00e9e\u00a0\u00bb<\/a>, soit 14 \u00e0 16 mm pour l&rsquo;abdomen, ce qui donnerait un total de 25-26 mm. Il est tr\u00e8s difficile, sur le terrain, d&rsquo;\u00e9valuer la taille des insectes, on a toujours tendance \u00e0 la surestimer, surtout quand c&rsquo;est un souvenir marquant.<br>Mais cette valeur est confirm\u00e9e dans l&rsquo;<a href=\"https:\/\/bie.ala.org.au\/species\/https:\/\/biodiversity.org.au\/afd\/taxa\/74241a20-e0ed-4b56-a493-76c6b2e9f2d1\">Atlas or Living Australia<\/a>, ou on lit aussi que son envergure atteint 40 \u00e0 60 mm, ce qui est \u00e9tonnamment variable.<\/p>\n\n\n\n<figure class=\"wp-block-image aligncenter size-full is-resized\"><a href=\"https:\/\/www.meslibellules.fr\/blog\/wp-content\/uploads\/Rhyothemis-resplendens-male-2.webp\"><img decoding=\"async\" data-src=\"https:\/\/www.meslibellules.fr\/blog\/wp-content\/uploads\/Rhyothemis-resplendens-male-2.webp\" alt=\"Rhyothemis resplendens m\u00e2le, Australie (FNQ), Cattana Wetlands, 02\/12\/2022\" class=\"wp-image-15213 lazyload\" width=\"716\" height=\"435\" data-srcset=\"https:\/\/www.meslibellules.fr\/blog\/wp-content\/uploads\/Rhyothemis-resplendens-male-2.webp 1652w, https:\/\/www.meslibellules.fr\/blog\/wp-content\/uploads\/Rhyothemis-resplendens-male-2-768x467.webp 768w, https:\/\/www.meslibellules.fr\/blog\/wp-content\/uploads\/Rhyothemis-resplendens-male-2-1536x934.webp 1536w\" data-sizes=\"(max-width: 716px) 100vw, 716px\" src=\"data:image\/svg+xml;base64,PHN2ZyB3aWR0aD0iMSIgaGVpZ2h0PSIxIiB4bWxucz0iaHR0cDovL3d3dy53My5vcmcvMjAwMC9zdmciPjwvc3ZnPg==\" style=\"--smush-placeholder-width: 716px; --smush-placeholder-aspect-ratio: 716\/435;\" \/><\/a><figcaption class=\"wp-element-caption\">Rhyothemis resplendens m\u00e2le, Australie (FNQ), Cattana Wetlands, 02\/12\/2022<\/figcaption><\/figure>\n\n\n\n<p>Il n&rsquo;est pas difficile quant \u00e0 son habitat puisqu&rsquo;il accepte autant les ruisseaux et rivi\u00e8res que les eaux dormantes.<br>En Australie, on ne le trouve que sur la c\u00f4te est de la moiti\u00e9 nord du Queensland. Mais, le Jewel flutterer, son nom anglais, se rencontre \u00e9galement en Nouvelle-Guin\u00e9e, aux \u00celes Salomon et aux Moluques.<br><br>Dans Rhyothemis (Hagen, 1867) on reconnait le nom de la d\u00e9esse de L\u2019Ordre et de la Justice (1), fr\u00e9quemment utilis\u00e9 encore apr\u00e8s Hagen, pour nommer des Libellulidae, par imitation de ce que faisaient les anciens en utilisant des noms issus de la mythologie. La premi\u00e8re partie du nom vient sans doute, selon Fliedner, d\u2019une roche, la Rhyolite, d\u00e9couverte en 1861 et dont le nom est compos\u00e9 de 2 mots grecs signifiant \u2013<em>couler<\/em>\u00a0et \u2013<em>pierre<\/em>, cette roche magmatique montrant des bandes ou couches semblant avoir coul\u00e9 les unes sur les autres. Quand on regarde la Rhyolite, cette explication est  surprenante.<br>Resplendens, du latin &#8211;<em>resplendens<\/em>, &#8211;<em>brillant<\/em>, et on retrouve le terme fran\u00e7ais, &#8211;<em>resplendissant<\/em>. Selys n&rsquo;explique pas litt\u00e9ralement mais, dans le document d\u00e9j\u00e0 mentionn\u00e9, il \u00e9crit ce qui est ci-dessous : <\/p>\n\n\n\n<figure class=\"wp-block-image aligncenter size-full is-resized\"><img decoding=\"async\" data-src=\"https:\/\/www.meslibellules.fr\/blog\/wp-content\/uploads\/Selys.webp\" alt=\"Description de Selys dans &quot;Odonates de la r\u00e9gion de la Nouvelle Guin\u00e9e&quot;\" class=\"wp-image-15220 lazyload\" width=\"844\" height=\"190\" data-srcset=\"https:\/\/www.meslibellules.fr\/blog\/wp-content\/uploads\/Selys.webp 1214w, https:\/\/www.meslibellules.fr\/blog\/wp-content\/uploads\/Selys-768x173.webp 768w\" data-sizes=\"(max-width: 844px) 100vw, 844px\" src=\"data:image\/svg+xml;base64,PHN2ZyB3aWR0aD0iMSIgaGVpZ2h0PSIxIiB4bWxucz0iaHR0cDovL3d3dy53My5vcmcvMjAwMC9zdmciPjwvc3ZnPg==\" style=\"--smush-placeholder-width: 844px; --smush-placeholder-aspect-ratio: 844\/190;\" \/><figcaption class=\"wp-element-caption\">Description de Selys dans \u00ab\u00a0Odonates de la r\u00e9gion de la Nouvelle-Guin\u00e9e\u00a0\u00bb<\/figcaption><\/figure>\n\n\n\n<div style=\"height:28px\" aria-hidden=\"true\" class=\"wp-block-spacer\"><\/div>\n\n\n\n<p style=\"font-size:12px\">-1- <a href=\"https:\/\/www.researchgate.net\/publication\/283318421_The_Naming_of_Australia's_Dragonflies#fullTextFileContent\">The Naming of Australia&rsquo;s Dragonflies<\/a>, Ian Endersby &amp; Heinrich Fliedner, Busybird publishing.<\/p>\n\n\n\n<div style=\"height:30px\" aria-hidden=\"true\" class=\"wp-block-spacer\"><\/div>\n\n\n\n<div class=\"wp-block-buttons is-layout-flex wp-block-buttons-is-layout-flex\">\n<div class=\"wp-block-button\"><a class=\"wp-block-button__link wp-element-button\" href=\"https:\/\/www.meslibellules.fr\/blog\/odonates-daustralie-australian-odonates\/\">Accueil Australie<\/a><\/div>\n<\/div>\n","protected":false},"excerpt":{"rendered":"<p>Rhyothemis resplendens est un de mes grands regrets de ce s\u00e9jour de prospection au Queensland ; nous ne l&rsquo;avons aper\u00e7u qu&rsquo;une seule fois, bri\u00e8vement et de beaucoup trop loin pour en rapporter des photos correctes. Tous les Rhyothemis sont beaux, mais celui-ci est en haut de l&rsquo;\u00e9chelle ! Ses ailes renvoient la lumi\u00e8re de fa\u00e7on [&hellip;]<\/p>\n","protected":false},"author":1,"featured_media":0,"comment_status":"open","ping_status":"open","sticky":false,"template":"","format":"image","meta":{"site-sidebar-layout":"default","site-content-layout":"","ast-site-content-layout":"default","site-content-style":"default","site-sidebar-style":"default","ast-global-header-display":"","ast-banner-title-visibility":"","ast-main-header-display":"","ast-hfb-above-header-display":"","ast-hfb-below-header-display":"","ast-hfb-mobile-header-display":"","site-post-title":"","ast-breadcrumbs-content":"","ast-featured-img":"","footer-sml-layout":"","ast-disable-related-posts":"","theme-transparent-header-meta":"","adv-header-id-meta":"","stick-header-meta":"","header-above-stick-meta":"","header-main-stick-meta":"","header-below-stick-meta":"","astra-migrate-meta-layouts":"default","ast-page-background-enabled":"default","ast-page-background-meta":{"desktop":{"background-color":"var(--ast-global-color-4)","background-image":"","background-repeat":"repeat","background-position":"center center","background-size":"auto","background-attachment":"scroll","background-type":"","background-media":"","overlay-type":"","overlay-color":"","overlay-opacity":"","overlay-gradient":""},"tablet":{"background-color":"","background-image":"","background-repeat":"repeat","background-position":"center center","background-size":"auto","background-attachment":"scroll","background-type":"","background-media":"","overlay-type":"","overlay-color":"","overlay-opacity":"","overlay-gradient":""},"mobile":{"background-color":"","background-image":"","background-repeat":"repeat","background-position":"center center","background-size":"auto","background-attachment":"scroll","background-type":"","background-media":"","overlay-type":"","overlay-color":"","overlay-opacity":"","overlay-gradient":""}},"ast-content-background-meta":{"desktop":{"background-color":"var(--ast-global-color-5)","background-image":"","background-repeat":"repeat","background-position":"center center","background-size":"auto","background-attachment":"scroll","background-type":"","background-media":"","overlay-type":"","overlay-color":"","overlay-opacity":"","overlay-gradient":""},"tablet":{"background-color":"var(--ast-global-color-5)","background-image":"","background-repeat":"repeat","background-position":"center center","background-size":"auto","background-attachment":"scroll","background-type":"","background-media":"","overlay-type":"","overlay-color":"","overlay-opacity":"","overlay-gradient":""},"mobile":{"background-color":"var(--ast-global-color-5)","background-image":"","background-repeat":"repeat","background-position":"center center","background-size":"auto","background-attachment":"scroll","background-type":"","background-media":"","overlay-type":"","overlay-color":"","overlay-opacity":"","overlay-gradient":""}},"footnotes":""},"categories":[684,68],"tags":[687,691],"class_list":["post-15214","post","type-post","status-publish","format-image","hentry","category-australie-nt","category-libellulidae-ethiopie","tag-australie","tag-libellulidae-australie","post_format-post-format-image"],"yoast_head":"<!-- This site is optimized with the Yoast SEO plugin v27.5 - https:\/\/yoast.com\/product\/yoast-seo-wordpress\/ -->\n<title>Rhyothemis resplendens - Mes Libellules<\/title>\n<meta name=\"description\" content=\"Rhyothemis resplendens m\u00e2le, description, identification, taille, habitat, distribution g\u00e9ographique, \u00e9tymologie\" \/>\n<meta name=\"robots\" content=\"index, follow, max-snippet:-1, max-image-preview:large, max-video-preview:-1\" \/>\n<link rel=\"canonical\" href=\"https:\/\/www.meslibellules.fr\/blog\/2023\/07\/30\/rhyothemis-resplendens\/\" \/>\n<meta property=\"og:locale\" content=\"fr_FR\" \/>\n<meta property=\"og:type\" content=\"article\" \/>\n<meta property=\"og:title\" content=\"Rhyothemis resplendens - Mes Libellules\" \/>\n<meta property=\"og:description\" content=\"Rhyothemis resplendens m\u00e2le, description, identification, taille, habitat, distribution g\u00e9ographique, \u00e9tymologie\" \/>\n<meta property=\"og:url\" content=\"https:\/\/www.meslibellules.fr\/blog\/2023\/07\/30\/rhyothemis-resplendens\/\" \/>\n<meta property=\"og:site_name\" content=\"Mes Libellules\" \/>\n<meta property=\"article:publisher\" content=\"https:\/\/www.facebook.com\/benoit.guillon.96\/\" \/>\n<meta property=\"article:author\" content=\"https:\/\/www.facebook.com\/benoit.guillon.96\/\" \/>\n<meta property=\"article:published_time\" content=\"2023-07-30T16:32:48+00:00\" \/>\n<meta property=\"article:modified_time\" content=\"2023-07-30T16:32:49+00:00\" \/>\n<meta property=\"og:image\" content=\"https:\/\/www.meslibellules.fr\/blog\/wp-content\/uploads\/Rhyothemis-resplendens-male-1.webp\" \/>\n<meta name=\"author\" content=\"Beno\u00eet Guillon\" \/>\n<meta name=\"twitter:card\" content=\"summary_large_image\" \/>\n<meta name=\"twitter:label1\" content=\"\u00c9crit par\" \/>\n\t<meta name=\"twitter:data1\" content=\"Beno\u00eet Guillon\" \/>\n\t<meta name=\"twitter:label2\" content=\"Dur\u00e9e de lecture estim\u00e9e\" \/>\n\t<meta name=\"twitter:data2\" content=\"4 minutes\" \/>\n<script type=\"application\/ld+json\" class=\"yoast-schema-graph\">{\"@context\":\"https:\\\/\\\/schema.org\",\"@graph\":[{\"@type\":\"Article\",\"@id\":\"https:\\\/\\\/www.meslibellules.fr\\\/blog\\\/2023\\\/07\\\/30\\\/rhyothemis-resplendens\\\/#article\",\"isPartOf\":{\"@id\":\"https:\\\/\\\/www.meslibellules.fr\\\/blog\\\/2023\\\/07\\\/30\\\/rhyothemis-resplendens\\\/\"},\"author\":{\"name\":\"Beno\u00eet Guillon\",\"@id\":\"https:\\\/\\\/www.meslibellules.fr\\\/blog\\\/#\\\/schema\\\/person\\\/9aa3586f9dd053fcf329f43b8b053c77\"},\"headline\":\"Rhyothemis resplendens (Selys, 1878)\",\"datePublished\":\"2023-07-30T16:32:48+00:00\",\"dateModified\":\"2023-07-30T16:32:49+00:00\",\"mainEntityOfPage\":{\"@id\":\"https:\\\/\\\/www.meslibellules.fr\\\/blog\\\/2023\\\/07\\\/30\\\/rhyothemis-resplendens\\\/\"},\"wordCount\":467,\"commentCount\":0,\"publisher\":{\"@id\":\"https:\\\/\\\/www.meslibellules.fr\\\/blog\\\/#\\\/schema\\\/person\\\/9aa3586f9dd053fcf329f43b8b053c77\"},\"image\":{\"@id\":\"https:\\\/\\\/www.meslibellules.fr\\\/blog\\\/2023\\\/07\\\/30\\\/rhyothemis-resplendens\\\/#primaryimage\"},\"thumbnailUrl\":\"https:\\\/\\\/www.meslibellules.fr\\\/blog\\\/wp-content\\\/uploads\\\/Rhyothemis-resplendens-male-1.webp\",\"keywords\":[\"Australie\",\"Libellulidae-Australie\"],\"articleSection\":[\"Australie (NT, WA &amp; FNQ)\",\"Libellulidae\"],\"inLanguage\":\"fr-FR\",\"potentialAction\":[{\"@type\":\"CommentAction\",\"name\":\"Comment\",\"target\":[\"https:\\\/\\\/www.meslibellules.fr\\\/blog\\\/2023\\\/07\\\/30\\\/rhyothemis-resplendens\\\/#respond\"]}]},{\"@type\":\"WebPage\",\"@id\":\"https:\\\/\\\/www.meslibellules.fr\\\/blog\\\/2023\\\/07\\\/30\\\/rhyothemis-resplendens\\\/\",\"url\":\"https:\\\/\\\/www.meslibellules.fr\\\/blog\\\/2023\\\/07\\\/30\\\/rhyothemis-resplendens\\\/\",\"name\":\"Rhyothemis resplendens - Mes Libellules\",\"isPartOf\":{\"@id\":\"https:\\\/\\\/www.meslibellules.fr\\\/blog\\\/#website\"},\"primaryImageOfPage\":{\"@id\":\"https:\\\/\\\/www.meslibellules.fr\\\/blog\\\/2023\\\/07\\\/30\\\/rhyothemis-resplendens\\\/#primaryimage\"},\"image\":{\"@id\":\"https:\\\/\\\/www.meslibellules.fr\\\/blog\\\/2023\\\/07\\\/30\\\/rhyothemis-resplendens\\\/#primaryimage\"},\"thumbnailUrl\":\"https:\\\/\\\/www.meslibellules.fr\\\/blog\\\/wp-content\\\/uploads\\\/Rhyothemis-resplendens-male-1.webp\",\"datePublished\":\"2023-07-30T16:32:48+00:00\",\"dateModified\":\"2023-07-30T16:32:49+00:00\",\"description\":\"Rhyothemis resplendens m\u00e2le, description, identification, taille, habitat, distribution g\u00e9ographique, \u00e9tymologie\",\"breadcrumb\":{\"@id\":\"https:\\\/\\\/www.meslibellules.fr\\\/blog\\\/2023\\\/07\\\/30\\\/rhyothemis-resplendens\\\/#breadcrumb\"},\"inLanguage\":\"fr-FR\",\"potentialAction\":[{\"@type\":\"ReadAction\",\"target\":[\"https:\\\/\\\/www.meslibellules.fr\\\/blog\\\/2023\\\/07\\\/30\\\/rhyothemis-resplendens\\\/\"]}]},{\"@type\":\"ImageObject\",\"inLanguage\":\"fr-FR\",\"@id\":\"https:\\\/\\\/www.meslibellules.fr\\\/blog\\\/2023\\\/07\\\/30\\\/rhyothemis-resplendens\\\/#primaryimage\",\"url\":\"https:\\\/\\\/www.meslibellules.fr\\\/blog\\\/wp-content\\\/uploads\\\/Rhyothemis-resplendens-male-1.webp\",\"contentUrl\":\"https:\\\/\\\/www.meslibellules.fr\\\/blog\\\/wp-content\\\/uploads\\\/Rhyothemis-resplendens-male-1.webp\",\"width\":1027,\"height\":1004,\"caption\":\"Rhyothemis resplendens m\u00e2le, Australie (FNQ), Cattana Wetlands, 02\\\/12\\\/2022\"},{\"@type\":\"BreadcrumbList\",\"@id\":\"https:\\\/\\\/www.meslibellules.fr\\\/blog\\\/2023\\\/07\\\/30\\\/rhyothemis-resplendens\\\/#breadcrumb\",\"itemListElement\":[{\"@type\":\"ListItem\",\"position\":1,\"name\":\"Accueil\",\"item\":\"https:\\\/\\\/www.meslibellules.fr\\\/blog\\\/\"},{\"@type\":\"ListItem\",\"position\":2,\"name\":\"Rhyothemis resplendens (Selys, 1878)\"}]},{\"@type\":\"WebSite\",\"@id\":\"https:\\\/\\\/www.meslibellules.fr\\\/blog\\\/#website\",\"url\":\"https:\\\/\\\/www.meslibellules.fr\\\/blog\\\/\",\"name\":\"Mes Libellules\",\"description\":\"Pr\u00e9sentation des libellules rencontr\u00e9es dans le monde\",\"publisher\":{\"@id\":\"https:\\\/\\\/www.meslibellules.fr\\\/blog\\\/#\\\/schema\\\/person\\\/9aa3586f9dd053fcf329f43b8b053c77\"},\"potentialAction\":[{\"@type\":\"SearchAction\",\"target\":{\"@type\":\"EntryPoint\",\"urlTemplate\":\"https:\\\/\\\/www.meslibellules.fr\\\/blog\\\/?s={search_term_string}\"},\"query-input\":{\"@type\":\"PropertyValueSpecification\",\"valueRequired\":true,\"valueName\":\"search_term_string\"}}],\"inLanguage\":\"fr-FR\"},{\"@type\":[\"Person\",\"Organization\"],\"@id\":\"https:\\\/\\\/www.meslibellules.fr\\\/blog\\\/#\\\/schema\\\/person\\\/9aa3586f9dd053fcf329f43b8b053c77\",\"name\":\"Beno\u00eet Guillon\",\"image\":{\"@type\":\"ImageObject\",\"inLanguage\":\"fr-FR\",\"@id\":\"https:\\\/\\\/www.meslibellules.fr\\\/blog\\\/wp-content\\\/uploads\\\/cropped-avatar-150-pix.jpg\",\"url\":\"https:\\\/\\\/www.meslibellules.fr\\\/blog\\\/wp-content\\\/uploads\\\/cropped-avatar-150-pix.jpg\",\"contentUrl\":\"https:\\\/\\\/www.meslibellules.fr\\\/blog\\\/wp-content\\\/uploads\\\/cropped-avatar-150-pix.jpg\",\"width\":150,\"height\":137,\"caption\":\"Beno\u00eet Guillon\"},\"logo\":{\"@id\":\"https:\\\/\\\/www.meslibellules.fr\\\/blog\\\/wp-content\\\/uploads\\\/cropped-avatar-150-pix.jpg\"},\"sameAs\":[\"https:\\\/\\\/www.facebook.com\\\/benoit.guillon.96\\\/\"]}]}<\/script>\n<!-- \/ Yoast SEO plugin. -->","yoast_head_json":{"title":"Rhyothemis resplendens - Mes Libellules","description":"Rhyothemis resplendens m\u00e2le, description, identification, taille, habitat, distribution g\u00e9ographique, \u00e9tymologie","robots":{"index":"index","follow":"follow","max-snippet":"max-snippet:-1","max-image-preview":"max-image-preview:large","max-video-preview":"max-video-preview:-1"},"canonical":"https:\/\/www.meslibellules.fr\/blog\/2023\/07\/30\/rhyothemis-resplendens\/","og_locale":"fr_FR","og_type":"article","og_title":"Rhyothemis resplendens - Mes Libellules","og_description":"Rhyothemis resplendens m\u00e2le, description, identification, taille, habitat, distribution g\u00e9ographique, \u00e9tymologie","og_url":"https:\/\/www.meslibellules.fr\/blog\/2023\/07\/30\/rhyothemis-resplendens\/","og_site_name":"Mes Libellules","article_publisher":"https:\/\/www.facebook.com\/benoit.guillon.96\/","article_author":"https:\/\/www.facebook.com\/benoit.guillon.96\/","article_published_time":"2023-07-30T16:32:48+00:00","article_modified_time":"2023-07-30T16:32:49+00:00","og_image":[{"url":"https:\/\/www.meslibellules.fr\/blog\/wp-content\/uploads\/Rhyothemis-resplendens-male-1.webp","type":"","width":"","height":""}],"author":"Beno\u00eet Guillon","twitter_card":"summary_large_image","twitter_misc":{"\u00c9crit par":"Beno\u00eet Guillon","Dur\u00e9e de lecture estim\u00e9e":"4 minutes"},"schema":{"@context":"https:\/\/schema.org","@graph":[{"@type":"Article","@id":"https:\/\/www.meslibellules.fr\/blog\/2023\/07\/30\/rhyothemis-resplendens\/#article","isPartOf":{"@id":"https:\/\/www.meslibellules.fr\/blog\/2023\/07\/30\/rhyothemis-resplendens\/"},"author":{"name":"Beno\u00eet Guillon","@id":"https:\/\/www.meslibellules.fr\/blog\/#\/schema\/person\/9aa3586f9dd053fcf329f43b8b053c77"},"headline":"Rhyothemis resplendens (Selys, 1878)","datePublished":"2023-07-30T16:32:48+00:00","dateModified":"2023-07-30T16:32:49+00:00","mainEntityOfPage":{"@id":"https:\/\/www.meslibellules.fr\/blog\/2023\/07\/30\/rhyothemis-resplendens\/"},"wordCount":467,"commentCount":0,"publisher":{"@id":"https:\/\/www.meslibellules.fr\/blog\/#\/schema\/person\/9aa3586f9dd053fcf329f43b8b053c77"},"image":{"@id":"https:\/\/www.meslibellules.fr\/blog\/2023\/07\/30\/rhyothemis-resplendens\/#primaryimage"},"thumbnailUrl":"https:\/\/www.meslibellules.fr\/blog\/wp-content\/uploads\/Rhyothemis-resplendens-male-1.webp","keywords":["Australie","Libellulidae-Australie"],"articleSection":["Australie (NT, WA &amp; FNQ)","Libellulidae"],"inLanguage":"fr-FR","potentialAction":[{"@type":"CommentAction","name":"Comment","target":["https:\/\/www.meslibellules.fr\/blog\/2023\/07\/30\/rhyothemis-resplendens\/#respond"]}]},{"@type":"WebPage","@id":"https:\/\/www.meslibellules.fr\/blog\/2023\/07\/30\/rhyothemis-resplendens\/","url":"https:\/\/www.meslibellules.fr\/blog\/2023\/07\/30\/rhyothemis-resplendens\/","name":"Rhyothemis resplendens - Mes Libellules","isPartOf":{"@id":"https:\/\/www.meslibellules.fr\/blog\/#website"},"primaryImageOfPage":{"@id":"https:\/\/www.meslibellules.fr\/blog\/2023\/07\/30\/rhyothemis-resplendens\/#primaryimage"},"image":{"@id":"https:\/\/www.meslibellules.fr\/blog\/2023\/07\/30\/rhyothemis-resplendens\/#primaryimage"},"thumbnailUrl":"https:\/\/www.meslibellules.fr\/blog\/wp-content\/uploads\/Rhyothemis-resplendens-male-1.webp","datePublished":"2023-07-30T16:32:48+00:00","dateModified":"2023-07-30T16:32:49+00:00","description":"Rhyothemis resplendens m\u00e2le, description, identification, taille, habitat, distribution g\u00e9ographique, \u00e9tymologie","breadcrumb":{"@id":"https:\/\/www.meslibellules.fr\/blog\/2023\/07\/30\/rhyothemis-resplendens\/#breadcrumb"},"inLanguage":"fr-FR","potentialAction":[{"@type":"ReadAction","target":["https:\/\/www.meslibellules.fr\/blog\/2023\/07\/30\/rhyothemis-resplendens\/"]}]},{"@type":"ImageObject","inLanguage":"fr-FR","@id":"https:\/\/www.meslibellules.fr\/blog\/2023\/07\/30\/rhyothemis-resplendens\/#primaryimage","url":"https:\/\/www.meslibellules.fr\/blog\/wp-content\/uploads\/Rhyothemis-resplendens-male-1.webp","contentUrl":"https:\/\/www.meslibellules.fr\/blog\/wp-content\/uploads\/Rhyothemis-resplendens-male-1.webp","width":1027,"height":1004,"caption":"Rhyothemis resplendens m\u00e2le, Australie (FNQ), Cattana Wetlands, 02\/12\/2022"},{"@type":"BreadcrumbList","@id":"https:\/\/www.meslibellules.fr\/blog\/2023\/07\/30\/rhyothemis-resplendens\/#breadcrumb","itemListElement":[{"@type":"ListItem","position":1,"name":"Accueil","item":"https:\/\/www.meslibellules.fr\/blog\/"},{"@type":"ListItem","position":2,"name":"Rhyothemis resplendens (Selys, 1878)"}]},{"@type":"WebSite","@id":"https:\/\/www.meslibellules.fr\/blog\/#website","url":"https:\/\/www.meslibellules.fr\/blog\/","name":"Mes Libellules","description":"Pr\u00e9sentation des libellules rencontr\u00e9es dans le monde","publisher":{"@id":"https:\/\/www.meslibellules.fr\/blog\/#\/schema\/person\/9aa3586f9dd053fcf329f43b8b053c77"},"potentialAction":[{"@type":"SearchAction","target":{"@type":"EntryPoint","urlTemplate":"https:\/\/www.meslibellules.fr\/blog\/?s={search_term_string}"},"query-input":{"@type":"PropertyValueSpecification","valueRequired":true,"valueName":"search_term_string"}}],"inLanguage":"fr-FR"},{"@type":["Person","Organization"],"@id":"https:\/\/www.meslibellules.fr\/blog\/#\/schema\/person\/9aa3586f9dd053fcf329f43b8b053c77","name":"Beno\u00eet Guillon","image":{"@type":"ImageObject","inLanguage":"fr-FR","@id":"https:\/\/www.meslibellules.fr\/blog\/wp-content\/uploads\/cropped-avatar-150-pix.jpg","url":"https:\/\/www.meslibellules.fr\/blog\/wp-content\/uploads\/cropped-avatar-150-pix.jpg","contentUrl":"https:\/\/www.meslibellules.fr\/blog\/wp-content\/uploads\/cropped-avatar-150-pix.jpg","width":150,"height":137,"caption":"Beno\u00eet Guillon"},"logo":{"@id":"https:\/\/www.meslibellules.fr\/blog\/wp-content\/uploads\/cropped-avatar-150-pix.jpg"},"sameAs":["https:\/\/www.facebook.com\/benoit.guillon.96\/"]}]}},"_links":{"self":[{"href":"https:\/\/www.meslibellules.fr\/blog\/wp-json\/wp\/v2\/posts\/15214","targetHints":{"allow":["GET"]}}],"collection":[{"href":"https:\/\/www.meslibellules.fr\/blog\/wp-json\/wp\/v2\/posts"}],"about":[{"href":"https:\/\/www.meslibellules.fr\/blog\/wp-json\/wp\/v2\/types\/post"}],"author":[{"embeddable":true,"href":"https:\/\/www.meslibellules.fr\/blog\/wp-json\/wp\/v2\/users\/1"}],"replies":[{"embeddable":true,"href":"https:\/\/www.meslibellules.fr\/blog\/wp-json\/wp\/v2\/comments?post=15214"}],"version-history":[{"count":0,"href":"https:\/\/www.meslibellules.fr\/blog\/wp-json\/wp\/v2\/posts\/15214\/revisions"}],"wp:attachment":[{"href":"https:\/\/www.meslibellules.fr\/blog\/wp-json\/wp\/v2\/media?parent=15214"}],"wp:term":[{"taxonomy":"category","embeddable":true,"href":"https:\/\/www.meslibellules.fr\/blog\/wp-json\/wp\/v2\/categories?post=15214"},{"taxonomy":"post_tag","embeddable":true,"href":"https:\/\/www.meslibellules.fr\/blog\/wp-json\/wp\/v2\/tags?post=15214"}],"curies":[{"name":"wp","href":"https:\/\/api.w.org\/{rel}","templated":true}]}}