{"id":1545,"date":"2018-11-24T07:17:04","date_gmt":"2018-11-24T06:17:04","guid":{"rendered":"http:\/\/www.meslibellules.fr\/blog\/?p=1545"},"modified":"2026-01-05T20:55:18","modified_gmt":"2026-01-05T19:55:18","slug":"protosticta-nigra","status":"publish","type":"post","link":"https:\/\/www.meslibellules.fr\/blog\/2018\/11\/24\/protosticta-nigra\/","title":{"rendered":"Vietnam 2018 &#8211; Protosticta nigra (Kompier, 2016)"},"content":{"rendered":"\n<figure class=\"wp-block-image aligncenter is-resized\"><a href=\"https:\/\/www.meslibellules.fr\/blog\/wp-content\/uploads\/2018\/11\/protosticta-nigra-3.jpg\"><img decoding=\"async\" width=\"721\" height=\"600\" data-src=\"https:\/\/www.meslibellules.fr\/blog\/wp-content\/uploads\/2018\/11\/protosticta-nigra-3.jpg\" alt=\"Protosticta nigra m\u00e2le, Vietnam, Pia Oac, 05\/06\/2018\" class=\"wp-image-1550 lazyload\" style=\"--smush-placeholder-width: 721px; --smush-placeholder-aspect-ratio: 721\/600;width:519px;height:432px\" src=\"data:image\/svg+xml;base64,PHN2ZyB3aWR0aD0iMSIgaGVpZ2h0PSIxIiB4bWxucz0iaHR0cDovL3d3dy53My5vcmcvMjAwMC9zdmciPjwvc3ZnPg==\" \/><\/a><figcaption class=\"wp-element-caption\">Protosticta nigra m\u00e2le, Vietnam, Pia Oac, 05\/06\/2018<\/figcaption><\/figure>\n\n\n\n<p style=\"font-size:14px\">Protosticta nigra est rest\u00e9e confondue avec Protosticta satoi jusqu&rsquo;\u00e0 la publication par Tom Kompier de <em>New species of Protosticta Selys from Vietnam with a key to the males of the P. curiosa group (Odonata: Platystictidae),\u00a0<\/em>Zootaxa 4193 (2). Jusqu&rsquo;\u00e0 cette date, on d\u00e9crivait en effet pour P. satoi une forme claire et une forme sombre.\u00a0<br>Son nom d&rsquo;esp\u00e8ce vient justement du fait que c&rsquo;est cette forme sombre qui a \u00e9t\u00e9 \u00e9lev\u00e9e au rang d&rsquo;esp\u00e8ce en raison de fines diff\u00e9rences structurales, en particulier sur une vue dorsolat\u00e9rale des appendices anaux.<\/p>\n\n\n\n<figure class=\"wp-block-gallery has-nested-images columns-default is-cropped wp-block-gallery-1 is-layout-flex wp-block-gallery-is-layout-flex\">\n<figure class=\"wp-block-image\"><a href=\"https:\/\/www.meslibellules.fr\/blog\/wp-content\/uploads\/2018\/11\/protosticta-nigra-2.jpg\"><img decoding=\"async\" width=\"903\" height=\"1204\" data-id=\"1549\" data-src=\"https:\/\/www.meslibellules.fr\/blog\/wp-content\/uploads\/2018\/11\/protosticta-nigra-2.jpg\" alt=\"Protosticta nigra m\u00e2le, Vietnam, Pia Oac, 05\/06\/2018\" class=\"wp-image-1549 lazyload\" data-srcset=\"https:\/\/www.meslibellules.fr\/blog\/wp-content\/uploads\/2018\/11\/protosticta-nigra-2.jpg 903w, https:\/\/www.meslibellules.fr\/blog\/wp-content\/uploads\/2018\/11\/protosticta-nigra-2-768x1024.jpg 768w\" data-sizes=\"(max-width: 903px) 100vw, 903px\" src=\"data:image\/svg+xml;base64,PHN2ZyB3aWR0aD0iMSIgaGVpZ2h0PSIxIiB4bWxucz0iaHR0cDovL3d3dy53My5vcmcvMjAwMC9zdmciPjwvc3ZnPg==\" style=\"--smush-placeholder-width: 903px; --smush-placeholder-aspect-ratio: 903\/1204;\" \/><\/a><\/figure>\n\n\n\n<figure class=\"wp-block-image\"><a href=\"https:\/\/www.meslibellules.fr\/blog\/wp-content\/uploads\/2018\/11\/protosticta-nigra.jpg\"><img decoding=\"async\" width=\"813\" height=\"1204\" data-id=\"1548\" data-src=\"https:\/\/www.meslibellules.fr\/blog\/wp-content\/uploads\/2018\/11\/protosticta-nigra.jpg\" alt=\"Protosticta nigra m\u00e2le, Vietnam, Pia Oac, 05\/06\/2018\" class=\"wp-image-1548 lazyload\" data-srcset=\"https:\/\/www.meslibellules.fr\/blog\/wp-content\/uploads\/2018\/11\/protosticta-nigra.jpg 813w, https:\/\/www.meslibellules.fr\/blog\/wp-content\/uploads\/2018\/11\/protosticta-nigra-768x1137.jpg 768w\" data-sizes=\"(max-width: 813px) 100vw, 813px\" src=\"data:image\/svg+xml;base64,PHN2ZyB3aWR0aD0iMSIgaGVpZ2h0PSIxIiB4bWxucz0iaHR0cDovL3d3dy53My5vcmcvMjAwMC9zdmciPjwvc3ZnPg==\" style=\"--smush-placeholder-width: 813px; --smush-placeholder-aspect-ratio: 813\/1204;\" \/><\/a><\/figure>\n<figcaption class=\"blocks-gallery-caption wp-element-caption\">Protosticta nigra m\u00e2le, Vietnam, Pia Oac, 05\/06\/2018<\/figcaption><\/figure>\n\n\n\n<p style=\"font-size:14px\">C&rsquo;est en tout cas le seul que nous ayons vu \u00e0 montrer un thorax compl\u00e8tement noir.<br>Il mesure environ 48 mm.<br>On le trouve bien s\u00fbr dans le m\u00eame type d&rsquo;environnement que P. satoi, c&rsquo;est-\u00e0-dire pr\u00e8s des ruisseaux et rivi\u00e8res en sous-bois, parfois tr\u00e8s \u00e0 l&rsquo;ombre (la photo de droite\u00a0: Iso 3200, F\/4, 1\/30s).<br>Sa r\u00e9partition g\u00e9ographique le limite pour l&rsquo;instant au nord Vietnam.<br><a href=\"https:\/\/www.iucnredlist.org\/species\/173721152\/173775440\">IUCN Red List<\/a><\/p>\n\n\n\n<p><strong>\u00c9tymologie<br>Protosticta\u00a0<\/strong>(Selys, 1885), du grec\u00a0<em>protos<\/em>,\u00a0<em>premier<\/em>\u00a0et de\u00a0<em>sticta<\/em>, forme latinis\u00e9e du grec\u00a0<em>stiktos<\/em>, pour\u00a0<em>tatou\u00e9, marqu\u00e9<\/em>, bien qu&rsquo;il ne faille certainement pas y chercher un sens particulier se rapportant \u00e0 une ou des marques sp\u00e9cifiques, mais plut\u00f4t l&rsquo;appartenance \u00e0 un famille d&rsquo;insectes d&rsquo;apparence voisine : Platysticta, Drepanosticta, Isosticta, Ceylonosticta, Sinosticta, Sulcosticta, Telosticta, Yunnanosticta, tous membres des Platystictidae. Selys dans \u00ab\u00a0<em>Programme d\u2019une revision des Agrionines<\/em>\u00a0\u00bb (4) dans lequel il cr\u00e9e ce nouveau genre, pr\u00e9cise qu&rsquo;il est tr\u00e8s proche, mais sans doute ant\u00e9rieur (<em>premier<\/em>\u00a0dans l&rsquo;\u00e9volution) aux Platysticta, car on note \u00ab\u00a0<em>l&rsquo;absence de rudiment du secteur inf\u00e9rieur du triangle<\/em>\u00ab\u00a0. Il est \u00e9vident que \u00ab\u00a0sticta\u00a0\u00bb s&rsquo;est s\u00fbrement rapport\u00e9, \u00e0 l&rsquo;origine, \u00e0 un d\u00e9tail de coloration particulier, pour un de ces genres, mais j&rsquo;ignore lequel&#8230;<br><strong>Nigra<\/strong>, du latin <em>niger<\/em>, pour <em>noir<\/em>, en raison de sa coloration sombre.<\/p>\n\n\n\n<div style=\"height:32px\" aria-hidden=\"true\" class=\"wp-block-spacer\"><\/div>\n\n\n\n<div class=\"wp-block-buttons is-vertical is-layout-flex wp-container-core-buttons-is-layout-fe9cc265 wp-block-buttons-is-layout-flex\">\n<div class=\"wp-block-button\"><a class=\"wp-block-button__link wp-element-button\" href=\"https:\/\/www.meslibellules.fr\/blog\/odonates-du-vietnam-2012-2018\/\">Accueil Vietnam<\/a><\/div>\n\n\n\n<div class=\"wp-block-button\"><a class=\"wp-block-button__link wp-element-button\" href=\"http:\/\/www.meslibellules.fr\/pagesweb\/divers\/liste-generale-odonates-du-site\/asia-odonates.php\">Liste Asie<\/a><\/div>\n\n\n\n<div class=\"wp-block-button\"><a class=\"wp-block-button__link wp-element-button\" href=\"https:\/\/www.meslibellules.fr\/blog\/\">Accueil<\/a><\/div>\n<\/div>\n","protected":false},"excerpt":{"rendered":"<p>Protosticta nigra est rest\u00e9e confondue avec Protosticta satoi jusqu&rsquo;\u00e0 la publication par Tom Kompier de New species of Protosticta Selys from Vietnam with a key to the males of the P. curiosa group (Odonata: Platystictidae),\u00a0Zootaxa 4193 (2). Jusqu&rsquo;\u00e0 cette date, on d\u00e9crivait en effet pour P. satoi une forme claire et une forme sombre.\u00a0Son nom [&hellip;]<\/p>\n","protected":false},"author":1,"featured_media":0,"comment_status":"open","ping_status":"open","sticky":false,"template":"","format":"image","meta":{"site-sidebar-layout":"default","site-content-layout":"","ast-site-content-layout":"default","site-content-style":"default","site-sidebar-style":"default","ast-global-header-display":"","ast-banner-title-visibility":"","ast-main-header-display":"","ast-hfb-above-header-display":"","ast-hfb-below-header-display":"","ast-hfb-mobile-header-display":"","site-post-title":"","ast-breadcrumbs-content":"","ast-featured-img":"","footer-sml-layout":"","ast-disable-related-posts":"","theme-transparent-header-meta":"","adv-header-id-meta":"","stick-header-meta":"","header-above-stick-meta":"","header-main-stick-meta":"","header-below-stick-meta":"","astra-migrate-meta-layouts":"set","ast-page-background-enabled":"default","ast-page-background-meta":{"desktop":{"background-color":"var(--ast-global-color-4)","background-image":"","background-repeat":"repeat","background-position":"center center","background-size":"auto","background-attachment":"scroll","background-type":"","background-media":"","overlay-type":"","overlay-color":"","overlay-opacity":"","overlay-gradient":""},"tablet":{"background-color":"","background-image":"","background-repeat":"repeat","background-position":"center center","background-size":"auto","background-attachment":"scroll","background-type":"","background-media":"","overlay-type":"","overlay-color":"","overlay-opacity":"","overlay-gradient":""},"mobile":{"background-color":"","background-image":"","background-repeat":"repeat","background-position":"center center","background-size":"auto","background-attachment":"scroll","background-type":"","background-media":"","overlay-type":"","overlay-color":"","overlay-opacity":"","overlay-gradient":""}},"ast-content-background-meta":{"desktop":{"background-color":"var(--ast-global-color-5)","background-image":"","background-repeat":"repeat","background-position":"center center","background-size":"auto","background-attachment":"scroll","background-type":"","background-media":"","overlay-type":"","overlay-color":"","overlay-opacity":"","overlay-gradient":""},"tablet":{"background-color":"var(--ast-global-color-5)","background-image":"","background-repeat":"repeat","background-position":"center center","background-size":"auto","background-attachment":"scroll","background-type":"","background-media":"","overlay-type":"","overlay-color":"","overlay-opacity":"","overlay-gradient":""},"mobile":{"background-color":"var(--ast-global-color-5)","background-image":"","background-repeat":"repeat","background-position":"center center","background-size":"auto","background-attachment":"scroll","background-type":"","background-media":"","overlay-type":"","overlay-color":"","overlay-opacity":"","overlay-gradient":""}},"footnotes":""},"categories":[1],"tags":[],"class_list":["post-1545","post","type-post","status-publish","format-image","hentry","category-non-classe","post_format-post-format-image"],"yoast_head":"<!-- This site is optimized with the Yoast SEO plugin v27.4 - https:\/\/yoast.com\/product\/yoast-seo-wordpress\/ -->\n<title>Protosticta nigra - Mes Libellules<\/title>\n<meta name=\"description\" content=\"Protosticta nigra m\u00e2le, description, identification, taille, habitat, distribution g\u00e9ographique, \u00e9tymologie\" \/>\n<meta name=\"robots\" content=\"index, follow, max-snippet:-1, max-image-preview:large, max-video-preview:-1\" \/>\n<link rel=\"canonical\" href=\"https:\/\/www.meslibellules.fr\/blog\/2018\/11\/24\/protosticta-nigra\/\" \/>\n<meta property=\"og:locale\" content=\"fr_FR\" \/>\n<meta property=\"og:type\" content=\"article\" \/>\n<meta property=\"og:title\" content=\"Protosticta nigra - Mes Libellules\" \/>\n<meta property=\"og:description\" content=\"Protosticta nigra m\u00e2le, description, identification, taille, habitat, distribution g\u00e9ographique, \u00e9tymologie\" \/>\n<meta property=\"og:url\" content=\"https:\/\/www.meslibellules.fr\/blog\/2018\/11\/24\/protosticta-nigra\/\" \/>\n<meta property=\"og:site_name\" content=\"Mes Libellules\" \/>\n<meta property=\"article:publisher\" content=\"https:\/\/www.facebook.com\/benoit.guillon.96\/\" \/>\n<meta property=\"article:author\" content=\"https:\/\/www.facebook.com\/benoit.guillon.96\/\" \/>\n<meta property=\"article:published_time\" content=\"2018-11-24T06:17:04+00:00\" \/>\n<meta property=\"article:modified_time\" content=\"2026-01-05T19:55:18+00:00\" \/>\n<meta property=\"og:image\" content=\"http:\/\/www.meslibellules.fr\/blog\/wp-content\/uploads\/2018\/11\/protosticta-nigra-3.jpg\" \/>\n<meta name=\"author\" content=\"Beno\u00eet Guillon\" \/>\n<meta name=\"twitter:card\" content=\"summary_large_image\" \/>\n<meta name=\"twitter:label1\" content=\"\u00c9crit par\" \/>\n\t<meta name=\"twitter:data1\" content=\"Beno\u00eet Guillon\" \/>\n\t<meta name=\"twitter:label2\" content=\"Dur\u00e9e de lecture estim\u00e9e\" \/>\n\t<meta name=\"twitter:data2\" content=\"3 minutes\" \/>\n<script type=\"application\/ld+json\" class=\"yoast-schema-graph\">{\"@context\":\"https:\\\/\\\/schema.org\",\"@graph\":[{\"@type\":\"Article\",\"@id\":\"https:\\\/\\\/www.meslibellules.fr\\\/blog\\\/2018\\\/11\\\/24\\\/protosticta-nigra\\\/#article\",\"isPartOf\":{\"@id\":\"https:\\\/\\\/www.meslibellules.fr\\\/blog\\\/2018\\\/11\\\/24\\\/protosticta-nigra\\\/\"},\"author\":{\"name\":\"Beno\u00eet Guillon\",\"@id\":\"https:\\\/\\\/www.meslibellules.fr\\\/blog\\\/#\\\/schema\\\/person\\\/9aa3586f9dd053fcf329f43b8b053c77\"},\"headline\":\"Vietnam 2018 &#8211; Protosticta nigra (Kompier, 2016)\",\"datePublished\":\"2018-11-24T06:17:04+00:00\",\"dateModified\":\"2026-01-05T19:55:18+00:00\",\"mainEntityOfPage\":{\"@id\":\"https:\\\/\\\/www.meslibellules.fr\\\/blog\\\/2018\\\/11\\\/24\\\/protosticta-nigra\\\/\"},\"wordCount\":342,\"commentCount\":0,\"publisher\":{\"@id\":\"https:\\\/\\\/www.meslibellules.fr\\\/blog\\\/#\\\/schema\\\/person\\\/9aa3586f9dd053fcf329f43b8b053c77\"},\"image\":{\"@id\":\"https:\\\/\\\/www.meslibellules.fr\\\/blog\\\/2018\\\/11\\\/24\\\/protosticta-nigra\\\/#primaryimage\"},\"thumbnailUrl\":\"http:\\\/\\\/www.meslibellules.fr\\\/blog\\\/wp-content\\\/uploads\\\/2018\\\/11\\\/protosticta-nigra-3.jpg\",\"inLanguage\":\"fr-FR\",\"potentialAction\":[{\"@type\":\"CommentAction\",\"name\":\"Comment\",\"target\":[\"https:\\\/\\\/www.meslibellules.fr\\\/blog\\\/2018\\\/11\\\/24\\\/protosticta-nigra\\\/#respond\"]}]},{\"@type\":\"WebPage\",\"@id\":\"https:\\\/\\\/www.meslibellules.fr\\\/blog\\\/2018\\\/11\\\/24\\\/protosticta-nigra\\\/\",\"url\":\"https:\\\/\\\/www.meslibellules.fr\\\/blog\\\/2018\\\/11\\\/24\\\/protosticta-nigra\\\/\",\"name\":\"Protosticta nigra - Mes Libellules\",\"isPartOf\":{\"@id\":\"https:\\\/\\\/www.meslibellules.fr\\\/blog\\\/#website\"},\"primaryImageOfPage\":{\"@id\":\"https:\\\/\\\/www.meslibellules.fr\\\/blog\\\/2018\\\/11\\\/24\\\/protosticta-nigra\\\/#primaryimage\"},\"image\":{\"@id\":\"https:\\\/\\\/www.meslibellules.fr\\\/blog\\\/2018\\\/11\\\/24\\\/protosticta-nigra\\\/#primaryimage\"},\"thumbnailUrl\":\"http:\\\/\\\/www.meslibellules.fr\\\/blog\\\/wp-content\\\/uploads\\\/2018\\\/11\\\/protosticta-nigra-3.jpg\",\"datePublished\":\"2018-11-24T06:17:04+00:00\",\"dateModified\":\"2026-01-05T19:55:18+00:00\",\"description\":\"Protosticta nigra m\u00e2le, description, identification, taille, habitat, distribution g\u00e9ographique, \u00e9tymologie\",\"breadcrumb\":{\"@id\":\"https:\\\/\\\/www.meslibellules.fr\\\/blog\\\/2018\\\/11\\\/24\\\/protosticta-nigra\\\/#breadcrumb\"},\"inLanguage\":\"fr-FR\",\"potentialAction\":[{\"@type\":\"ReadAction\",\"target\":[\"https:\\\/\\\/www.meslibellules.fr\\\/blog\\\/2018\\\/11\\\/24\\\/protosticta-nigra\\\/\"]}]},{\"@type\":\"ImageObject\",\"inLanguage\":\"fr-FR\",\"@id\":\"https:\\\/\\\/www.meslibellules.fr\\\/blog\\\/2018\\\/11\\\/24\\\/protosticta-nigra\\\/#primaryimage\",\"url\":\"http:\\\/\\\/www.meslibellules.fr\\\/blog\\\/wp-content\\\/uploads\\\/2018\\\/11\\\/protosticta-nigra-3.jpg\",\"contentUrl\":\"http:\\\/\\\/www.meslibellules.fr\\\/blog\\\/wp-content\\\/uploads\\\/2018\\\/11\\\/protosticta-nigra-3.jpg\"},{\"@type\":\"BreadcrumbList\",\"@id\":\"https:\\\/\\\/www.meslibellules.fr\\\/blog\\\/2018\\\/11\\\/24\\\/protosticta-nigra\\\/#breadcrumb\",\"itemListElement\":[{\"@type\":\"ListItem\",\"position\":1,\"name\":\"Accueil\",\"item\":\"https:\\\/\\\/www.meslibellules.fr\\\/blog\\\/\"},{\"@type\":\"ListItem\",\"position\":2,\"name\":\"Vietnam 2018 &#8211; Protosticta nigra (Kompier, 2016)\"}]},{\"@type\":\"WebSite\",\"@id\":\"https:\\\/\\\/www.meslibellules.fr\\\/blog\\\/#website\",\"url\":\"https:\\\/\\\/www.meslibellules.fr\\\/blog\\\/\",\"name\":\"Mes Libellules\",\"description\":\"Pr\u00e9sentation des libellules rencontr\u00e9es dans le monde\",\"publisher\":{\"@id\":\"https:\\\/\\\/www.meslibellules.fr\\\/blog\\\/#\\\/schema\\\/person\\\/9aa3586f9dd053fcf329f43b8b053c77\"},\"potentialAction\":[{\"@type\":\"SearchAction\",\"target\":{\"@type\":\"EntryPoint\",\"urlTemplate\":\"https:\\\/\\\/www.meslibellules.fr\\\/blog\\\/?s={search_term_string}\"},\"query-input\":{\"@type\":\"PropertyValueSpecification\",\"valueRequired\":true,\"valueName\":\"search_term_string\"}}],\"inLanguage\":\"fr-FR\"},{\"@type\":[\"Person\",\"Organization\"],\"@id\":\"https:\\\/\\\/www.meslibellules.fr\\\/blog\\\/#\\\/schema\\\/person\\\/9aa3586f9dd053fcf329f43b8b053c77\",\"name\":\"Beno\u00eet Guillon\",\"image\":{\"@type\":\"ImageObject\",\"inLanguage\":\"fr-FR\",\"@id\":\"https:\\\/\\\/www.meslibellules.fr\\\/blog\\\/wp-content\\\/uploads\\\/cropped-avatar-150-pix.jpg\",\"url\":\"https:\\\/\\\/www.meslibellules.fr\\\/blog\\\/wp-content\\\/uploads\\\/cropped-avatar-150-pix.jpg\",\"contentUrl\":\"https:\\\/\\\/www.meslibellules.fr\\\/blog\\\/wp-content\\\/uploads\\\/cropped-avatar-150-pix.jpg\",\"width\":150,\"height\":137,\"caption\":\"Beno\u00eet Guillon\"},\"logo\":{\"@id\":\"https:\\\/\\\/www.meslibellules.fr\\\/blog\\\/wp-content\\\/uploads\\\/cropped-avatar-150-pix.jpg\"},\"sameAs\":[\"https:\\\/\\\/www.facebook.com\\\/benoit.guillon.96\\\/\"]}]}<\/script>\n<!-- \/ Yoast SEO plugin. -->","yoast_head_json":{"title":"Protosticta nigra - Mes Libellules","description":"Protosticta nigra m\u00e2le, description, identification, taille, habitat, distribution g\u00e9ographique, \u00e9tymologie","robots":{"index":"index","follow":"follow","max-snippet":"max-snippet:-1","max-image-preview":"max-image-preview:large","max-video-preview":"max-video-preview:-1"},"canonical":"https:\/\/www.meslibellules.fr\/blog\/2018\/11\/24\/protosticta-nigra\/","og_locale":"fr_FR","og_type":"article","og_title":"Protosticta nigra - Mes Libellules","og_description":"Protosticta nigra m\u00e2le, description, identification, taille, habitat, distribution g\u00e9ographique, \u00e9tymologie","og_url":"https:\/\/www.meslibellules.fr\/blog\/2018\/11\/24\/protosticta-nigra\/","og_site_name":"Mes Libellules","article_publisher":"https:\/\/www.facebook.com\/benoit.guillon.96\/","article_author":"https:\/\/www.facebook.com\/benoit.guillon.96\/","article_published_time":"2018-11-24T06:17:04+00:00","article_modified_time":"2026-01-05T19:55:18+00:00","og_image":[{"url":"http:\/\/www.meslibellules.fr\/blog\/wp-content\/uploads\/2018\/11\/protosticta-nigra-3.jpg","type":"","width":"","height":""}],"author":"Beno\u00eet Guillon","twitter_card":"summary_large_image","twitter_misc":{"\u00c9crit par":"Beno\u00eet Guillon","Dur\u00e9e de lecture estim\u00e9e":"3 minutes"},"schema":{"@context":"https:\/\/schema.org","@graph":[{"@type":"Article","@id":"https:\/\/www.meslibellules.fr\/blog\/2018\/11\/24\/protosticta-nigra\/#article","isPartOf":{"@id":"https:\/\/www.meslibellules.fr\/blog\/2018\/11\/24\/protosticta-nigra\/"},"author":{"name":"Beno\u00eet Guillon","@id":"https:\/\/www.meslibellules.fr\/blog\/#\/schema\/person\/9aa3586f9dd053fcf329f43b8b053c77"},"headline":"Vietnam 2018 &#8211; Protosticta nigra (Kompier, 2016)","datePublished":"2018-11-24T06:17:04+00:00","dateModified":"2026-01-05T19:55:18+00:00","mainEntityOfPage":{"@id":"https:\/\/www.meslibellules.fr\/blog\/2018\/11\/24\/protosticta-nigra\/"},"wordCount":342,"commentCount":0,"publisher":{"@id":"https:\/\/www.meslibellules.fr\/blog\/#\/schema\/person\/9aa3586f9dd053fcf329f43b8b053c77"},"image":{"@id":"https:\/\/www.meslibellules.fr\/blog\/2018\/11\/24\/protosticta-nigra\/#primaryimage"},"thumbnailUrl":"http:\/\/www.meslibellules.fr\/blog\/wp-content\/uploads\/2018\/11\/protosticta-nigra-3.jpg","inLanguage":"fr-FR","potentialAction":[{"@type":"CommentAction","name":"Comment","target":["https:\/\/www.meslibellules.fr\/blog\/2018\/11\/24\/protosticta-nigra\/#respond"]}]},{"@type":"WebPage","@id":"https:\/\/www.meslibellules.fr\/blog\/2018\/11\/24\/protosticta-nigra\/","url":"https:\/\/www.meslibellules.fr\/blog\/2018\/11\/24\/protosticta-nigra\/","name":"Protosticta nigra - Mes Libellules","isPartOf":{"@id":"https:\/\/www.meslibellules.fr\/blog\/#website"},"primaryImageOfPage":{"@id":"https:\/\/www.meslibellules.fr\/blog\/2018\/11\/24\/protosticta-nigra\/#primaryimage"},"image":{"@id":"https:\/\/www.meslibellules.fr\/blog\/2018\/11\/24\/protosticta-nigra\/#primaryimage"},"thumbnailUrl":"http:\/\/www.meslibellules.fr\/blog\/wp-content\/uploads\/2018\/11\/protosticta-nigra-3.jpg","datePublished":"2018-11-24T06:17:04+00:00","dateModified":"2026-01-05T19:55:18+00:00","description":"Protosticta nigra m\u00e2le, description, identification, taille, habitat, distribution g\u00e9ographique, \u00e9tymologie","breadcrumb":{"@id":"https:\/\/www.meslibellules.fr\/blog\/2018\/11\/24\/protosticta-nigra\/#breadcrumb"},"inLanguage":"fr-FR","potentialAction":[{"@type":"ReadAction","target":["https:\/\/www.meslibellules.fr\/blog\/2018\/11\/24\/protosticta-nigra\/"]}]},{"@type":"ImageObject","inLanguage":"fr-FR","@id":"https:\/\/www.meslibellules.fr\/blog\/2018\/11\/24\/protosticta-nigra\/#primaryimage","url":"http:\/\/www.meslibellules.fr\/blog\/wp-content\/uploads\/2018\/11\/protosticta-nigra-3.jpg","contentUrl":"http:\/\/www.meslibellules.fr\/blog\/wp-content\/uploads\/2018\/11\/protosticta-nigra-3.jpg"},{"@type":"BreadcrumbList","@id":"https:\/\/www.meslibellules.fr\/blog\/2018\/11\/24\/protosticta-nigra\/#breadcrumb","itemListElement":[{"@type":"ListItem","position":1,"name":"Accueil","item":"https:\/\/www.meslibellules.fr\/blog\/"},{"@type":"ListItem","position":2,"name":"Vietnam 2018 &#8211; Protosticta nigra (Kompier, 2016)"}]},{"@type":"WebSite","@id":"https:\/\/www.meslibellules.fr\/blog\/#website","url":"https:\/\/www.meslibellules.fr\/blog\/","name":"Mes Libellules","description":"Pr\u00e9sentation des libellules rencontr\u00e9es dans le monde","publisher":{"@id":"https:\/\/www.meslibellules.fr\/blog\/#\/schema\/person\/9aa3586f9dd053fcf329f43b8b053c77"},"potentialAction":[{"@type":"SearchAction","target":{"@type":"EntryPoint","urlTemplate":"https:\/\/www.meslibellules.fr\/blog\/?s={search_term_string}"},"query-input":{"@type":"PropertyValueSpecification","valueRequired":true,"valueName":"search_term_string"}}],"inLanguage":"fr-FR"},{"@type":["Person","Organization"],"@id":"https:\/\/www.meslibellules.fr\/blog\/#\/schema\/person\/9aa3586f9dd053fcf329f43b8b053c77","name":"Beno\u00eet Guillon","image":{"@type":"ImageObject","inLanguage":"fr-FR","@id":"https:\/\/www.meslibellules.fr\/blog\/wp-content\/uploads\/cropped-avatar-150-pix.jpg","url":"https:\/\/www.meslibellules.fr\/blog\/wp-content\/uploads\/cropped-avatar-150-pix.jpg","contentUrl":"https:\/\/www.meslibellules.fr\/blog\/wp-content\/uploads\/cropped-avatar-150-pix.jpg","width":150,"height":137,"caption":"Beno\u00eet Guillon"},"logo":{"@id":"https:\/\/www.meslibellules.fr\/blog\/wp-content\/uploads\/cropped-avatar-150-pix.jpg"},"sameAs":["https:\/\/www.facebook.com\/benoit.guillon.96\/"]}]}},"_links":{"self":[{"href":"https:\/\/www.meslibellules.fr\/blog\/wp-json\/wp\/v2\/posts\/1545","targetHints":{"allow":["GET"]}}],"collection":[{"href":"https:\/\/www.meslibellules.fr\/blog\/wp-json\/wp\/v2\/posts"}],"about":[{"href":"https:\/\/www.meslibellules.fr\/blog\/wp-json\/wp\/v2\/types\/post"}],"author":[{"embeddable":true,"href":"https:\/\/www.meslibellules.fr\/blog\/wp-json\/wp\/v2\/users\/1"}],"replies":[{"embeddable":true,"href":"https:\/\/www.meslibellules.fr\/blog\/wp-json\/wp\/v2\/comments?post=1545"}],"version-history":[{"count":1,"href":"https:\/\/www.meslibellules.fr\/blog\/wp-json\/wp\/v2\/posts\/1545\/revisions"}],"predecessor-version":[{"id":27727,"href":"https:\/\/www.meslibellules.fr\/blog\/wp-json\/wp\/v2\/posts\/1545\/revisions\/27727"}],"wp:attachment":[{"href":"https:\/\/www.meslibellules.fr\/blog\/wp-json\/wp\/v2\/media?parent=1545"}],"wp:term":[{"taxonomy":"category","embeddable":true,"href":"https:\/\/www.meslibellules.fr\/blog\/wp-json\/wp\/v2\/categories?post=1545"},{"taxonomy":"post_tag","embeddable":true,"href":"https:\/\/www.meslibellules.fr\/blog\/wp-json\/wp\/v2\/tags?post=1545"}],"curies":[{"name":"wp","href":"https:\/\/api.w.org\/{rel}","templated":true}]}}