{"id":16341,"date":"2023-10-03T19:04:24","date_gmt":"2023-10-03T17:04:24","guid":{"rendered":"https:\/\/www.meslibellules.fr\/blog\/?p=16341"},"modified":"2025-12-04T09:27:57","modified_gmt":"2025-12-04T08:27:57","slug":"rhyothemis-phyllis","status":"publish","type":"post","link":"https:\/\/www.meslibellules.fr\/blog\/2023\/10\/03\/rhyothemis-phyllis\/","title":{"rendered":"Australie &#8211; Rhyothemis phyllis (Sulzer, 1773)"},"content":{"rendered":"\n<figure class=\"wp-block-image aligncenter size-full is-resized\"><a href=\"https:\/\/www.meslibellules.fr\/blog\/wp-content\/uploads\/Rhyothemis-phyllis-male-4.webp\"><img decoding=\"async\" width=\"1761\" height=\"1204\" data-src=\"https:\/\/www.meslibellules.fr\/blog\/wp-content\/uploads\/Rhyothemis-phyllis-male-4.webp\" alt=\"Rhyothemis phyllis m\u00e2le, Australie (FNQ), Annan River, 07\/12\/2022\" class=\"wp-image-16339 lazyload\" style=\"--smush-placeholder-width: 1761px; --smush-placeholder-aspect-ratio: 1761\/1204;width:586px;height:401px\" data-srcset=\"https:\/\/www.meslibellules.fr\/blog\/wp-content\/uploads\/Rhyothemis-phyllis-male-4.webp 1761w, https:\/\/www.meslibellules.fr\/blog\/wp-content\/uploads\/Rhyothemis-phyllis-male-4-768x525.webp 768w, https:\/\/www.meslibellules.fr\/blog\/wp-content\/uploads\/Rhyothemis-phyllis-male-4-1536x1050.webp 1536w\" data-sizes=\"(max-width: 1761px) 100vw, 1761px\" src=\"data:image\/svg+xml;base64,PHN2ZyB3aWR0aD0iMSIgaGVpZ2h0PSIxIiB4bWxucz0iaHR0cDovL3d3dy53My5vcmcvMjAwMC9zdmciPjwvc3ZnPg==\" \/><\/a><figcaption class=\"wp-element-caption\">Rhyothemis phyllis m\u00e2le, Australie (FNQ), Annan River, 07\/12\/2022<\/figcaption><\/figure>\n\n\n\n<p><em>En d\u00e9cembre 2025, on apprend que deux esp\u00e8ces communes et spectaculaires, d\u00e9crites depuis plus de 250\u00a0ans, sont en r\u00e9alit\u00e9 la m\u00eame esp\u00e8ce\u00a0; des analyses g\u00e9n\u00e9tiques (2) ont en effet montr\u00e9 que Rhyothemis phyllis est un <span style=\"text-decoration: underline;\">synonyme junior de <a href=\"https:\/\/www.meslibellules.fr\/blog\/wp-content\/uploads\/2019\/06\/rhyothemis-variegata.jpg\">Rhyothemis variegata<\/a><\/span> ! Ceci signifie que comme R. variegata (Linnaeus, 1763)\u00a0 a \u00e9t\u00e9 d\u00e9crit le premier, son nom conserve la pr\u00e9s\u00e9ance.<\/em><\/p>\n\n\n\n<p>Heureusement, j&rsquo;avais d\u00e9j\u00e0 rencontr\u00e9 Rhyothemis phyllis \u00e0 deux reprises en Asie, car, en tout cas dans le Territoire du Nord, je n&rsquo;ai pas eu de chance. Syst\u00e9matiquement, mon approche d\u00e9clenchait son envol et j&rsquo;ai d\u00fb me r\u00e9soudre \u00e0 faire des photos en vol, immontrables\u2026 Mes compagnons de voyage se sont gentiment moqu\u00e9s de moi, et j&rsquo;avais le droit \u00e0 un appel, d\u00e8s que l&rsquo;un d&rsquo;eux apercevait l&rsquo;esp\u00e8ce, m\u00eame au loin\u2026<br>Comme tous les Rhyothemis, c&rsquo;est une esp\u00e8ce spectaculaire par sa d\u00e9coration alaire, qu&rsquo;on pourrait confondre avec Rhyothemis variegata, \u00e0 la coloration plus \u00e9tendue, si elle \u00e9tait pr\u00e9sente en Australie. <a href=\"https:\/\/www.meslibellules.fr\/blog\/wp-content\/uploads\/Rhyothemis-graphitera-male-2.webp\">Rhyothemis graphiptera<\/a>, assez commune en Australie, est aussi beaucoup plus color\u00e9e.<br>Sur la photo ci-dessus, on note la largeur de ses ailes post\u00e9rieures, et ce n&rsquo;est donc pas un hasard si on le voit se nourrir tr\u00e8s longuement en vol, parfois <em>en essaim<\/em>, \u00e0 plusieurs m\u00e8tres au-dessus du sol.<\/p>\n\n\n\n<figure class=\"wp-block-gallery has-nested-images columns-default is-cropped wp-block-gallery-1 is-layout-flex wp-block-gallery-is-layout-flex\">\n<figure class=\"wp-block-image size-large\"><a href=\"https:\/\/www.meslibellules.fr\/blog\/wp-content\/uploads\/Rhyothemis-phyllis-male-2.webp\"><img decoding=\"async\" width=\"1622\" height=\"976\" data-id=\"16337\" data-src=\"https:\/\/www.meslibellules.fr\/blog\/wp-content\/uploads\/Rhyothemis-phyllis-male-2.webp\" alt=\"Rhyothemis phyllis m\u00e2le, Australie (NT), Ubirr, 01\/05\/2022\" class=\"wp-image-16337 lazyload\" data-srcset=\"https:\/\/www.meslibellules.fr\/blog\/wp-content\/uploads\/Rhyothemis-phyllis-male-2.webp 1622w, https:\/\/www.meslibellules.fr\/blog\/wp-content\/uploads\/Rhyothemis-phyllis-male-2-768x462.webp 768w, https:\/\/www.meslibellules.fr\/blog\/wp-content\/uploads\/Rhyothemis-phyllis-male-2-1536x924.webp 1536w\" data-sizes=\"(max-width: 1622px) 100vw, 1622px\" src=\"data:image\/svg+xml;base64,PHN2ZyB3aWR0aD0iMSIgaGVpZ2h0PSIxIiB4bWxucz0iaHR0cDovL3d3dy53My5vcmcvMjAwMC9zdmciPjwvc3ZnPg==\" style=\"--smush-placeholder-width: 1622px; --smush-placeholder-aspect-ratio: 1622\/976;\" \/><\/a><\/figure>\n\n\n\n<figure class=\"wp-block-image size-large\"><a href=\"https:\/\/www.meslibellules.fr\/blog\/wp-content\/uploads\/Rhyothemis-phyllis-male-1.webp\"><img decoding=\"async\" width=\"1947\" height=\"1204\" data-id=\"16336\" data-src=\"https:\/\/www.meslibellules.fr\/blog\/wp-content\/uploads\/Rhyothemis-phyllis-male-1.webp\" alt=\"Rhyothemis phyllis m\u00e2le, Australie (NT), Ubirr, 01\/05\/2022\" class=\"wp-image-16336 lazyload\" data-srcset=\"https:\/\/www.meslibellules.fr\/blog\/wp-content\/uploads\/Rhyothemis-phyllis-male-1.webp 1947w, https:\/\/www.meslibellules.fr\/blog\/wp-content\/uploads\/Rhyothemis-phyllis-male-1-768x475.webp 768w, https:\/\/www.meslibellules.fr\/blog\/wp-content\/uploads\/Rhyothemis-phyllis-male-1-1536x950.webp 1536w\" data-sizes=\"(max-width: 1947px) 100vw, 1947px\" src=\"data:image\/svg+xml;base64,PHN2ZyB3aWR0aD0iMSIgaGVpZ2h0PSIxIiB4bWxucz0iaHR0cDovL3d3dy53My5vcmcvMjAwMC9zdmciPjwvc3ZnPg==\" style=\"--smush-placeholder-width: 1947px; --smush-placeholder-aspect-ratio: 1947\/1204;\" \/><\/a><\/figure>\n<figcaption class=\"blocks-gallery-caption wp-element-caption\">Rhyothemis phyllis m\u00e2le, Australie(NT), Ubirr, 01\/05\/2022<\/figcaption><\/figure>\n\n\n\n<p>Il mesure 39 \u00e0 41 mm avec une envergure de 70 mm.<br>On le rencontre sur les eaux stagnantes bien v\u00e9g\u00e9talis\u00e9es, mares, \u00e9tangs, marais et foss\u00e9s.<br><br>En Australie, on ne rencontre pas l&rsquo;esp\u00e8ce nominale, Rhyothemis phyllis phyllis, mais R. p. beatrix et R. p. chloe qui diff\u00e8rent par l&rsquo;\u00e9tendue des taches alaires, en particulier au niveau du nodus. <br><br>Nous l&rsquo;avons peu rencontr\u00e9, que ce soit dans le Territoire du Nord ou dans le nord du Queensland. S&rsquo;il y est pr\u00e9sent, il est beaucoup moins abondant que sur la r\u00e9gion c\u00f4ti\u00e8re est, jusqu&rsquo;\u00e0 Newcastle, Nouvelle-Galles du Sud. <br>En dehors de l&rsquo;Australie, on le contacte \u00e0 travers les \u00eeles du Pacifique, du Laos, du Cambodge et du Myanmar jusqu&rsquo;en Chine, et \u00e0 Ta\u00efwan.<br><a href=\"https:\/\/bie.ala.org.au\/species\/https:\/\/biodiversity.org.au\/afd\/taxa\/10f68137-0448-4f30-9b2a-8bec10b69917\">Atlas of Living Australia<\/a><br><a href=\"https:\/\/www.iucnredlist.org\/species\/167448\/83383933#geographic-range\">IUCN Red List<\/a><\/p>\n\n\n\n<figure class=\"wp-block-image aligncenter size-full is-resized\"><a href=\"https:\/\/www.meslibellules.fr\/blog\/wp-content\/uploads\/Rhyothemis-phyllis-male-3.webp\"><img decoding=\"async\" width=\"1798\" height=\"1204\" data-src=\"https:\/\/www.meslibellules.fr\/blog\/wp-content\/uploads\/Rhyothemis-phyllis-male-3.webp\" alt=\"Yellow-stripped flutterer  male, Australia (FNQ), Cairns Botanical Garden, 02\/12\/2022\" class=\"wp-image-16338 lazyload\" style=\"--smush-placeholder-width: 1798px; --smush-placeholder-aspect-ratio: 1798\/1204;width:573px;height:384px\" data-srcset=\"https:\/\/www.meslibellules.fr\/blog\/wp-content\/uploads\/Rhyothemis-phyllis-male-3.webp 1798w, https:\/\/www.meslibellules.fr\/blog\/wp-content\/uploads\/Rhyothemis-phyllis-male-3-768x514.webp 768w, https:\/\/www.meslibellules.fr\/blog\/wp-content\/uploads\/Rhyothemis-phyllis-male-3-1536x1029.webp 1536w\" data-sizes=\"(max-width: 1798px) 100vw, 1798px\" src=\"data:image\/svg+xml;base64,PHN2ZyB3aWR0aD0iMSIgaGVpZ2h0PSIxIiB4bWxucz0iaHR0cDovL3d3dy53My5vcmcvMjAwMC9zdmciPjwvc3ZnPg==\" \/><\/a><figcaption class=\"wp-element-caption\">Rhyothemis phyllis m\u00e2le, Australie(FNQ), Cairns Botanical Garden, 02\/12\/2022<\/figcaption><\/figure>\n\n\n\n<p>En Asie ou en Australie, il prend le nom de Yellow-stripped flutterer ou Yellow-barred flutterer. Si la premi\u00e8re partie se r\u00e9f\u00e8re \u00e0 la large tache alaire basale noire travers\u00e9e de jaune, la seconde traduit sa fa\u00e7on de voler, alternant vol battu et plan\u00e9, \u00e0 la fa\u00e7on d&rsquo;un papillon.<br>Au <a href=\"http:\/\/www.meslibellules.fr\/voyages\/cambodge\/rhyothemis-phyllis\/rhyothemis-phyllis.php\">Cambodge<\/a>. En <a href=\"http:\/\/www.meslibellules.fr\/voyages\/malaisie\/rhyothemis-phyllis\/rhyothemis-phyllis-male-1.php\">Malaisie<\/a>.<br><br>Malgr\u00e9 sa pauvre qualit\u00e9, je livre une photo de femelle pour compl\u00e9ter le tableau ; elles sont identiques quant au motif alaire et il faut se r\u00e9f\u00e9rer aux appendices anaux pour d\u00e9terminer le sexe.<\/p>\n\n\n\n<figure class=\"wp-block-image aligncenter size-full is-resized\"><a href=\"https:\/\/www.meslibellules.fr\/blog\/wp-content\/uploads\/Rhyothemis-phyllis-femelle-1.webp\"><img decoding=\"async\" width=\"1751\" height=\"1004\" data-src=\"https:\/\/www.meslibellules.fr\/blog\/wp-content\/uploads\/Rhyothemis-phyllis-femelle-1.webp\" alt=\"Rhyothemis phyllis m\u00e2le, Australie (FNQ), Cairns Botanical Garden, 02\/12\/2022\" class=\"wp-image-16340 lazyload\" style=\"--smush-placeholder-width: 1751px; --smush-placeholder-aspect-ratio: 1751\/1004;width:636px;height:365px\" data-srcset=\"https:\/\/www.meslibellules.fr\/blog\/wp-content\/uploads\/Rhyothemis-phyllis-femelle-1.webp 1751w, https:\/\/www.meslibellules.fr\/blog\/wp-content\/uploads\/Rhyothemis-phyllis-femelle-1-768x440.webp 768w, https:\/\/www.meslibellules.fr\/blog\/wp-content\/uploads\/Rhyothemis-phyllis-femelle-1-1536x881.webp 1536w\" data-sizes=\"(max-width: 1751px) 100vw, 1751px\" src=\"data:image\/svg+xml;base64,PHN2ZyB3aWR0aD0iMSIgaGVpZ2h0PSIxIiB4bWxucz0iaHR0cDovL3d3dy53My5vcmcvMjAwMC9zdmciPjwvc3ZnPg==\" \/><\/a><figcaption class=\"wp-element-caption\">Rhyothemis phyllis m\u00e2le, Australie(FNQ), Cairns Botanical Garden, 02\/12\/2022<\/figcaption><\/figure>\n\n\n\n<p><strong>\u00c9tymologie<\/strong><br>Dans <em><strong>Rhyothemis<\/strong><\/em> (Hagen, 1867) on reconnait le nom de la d\u00e9esse de L\u2019Ordre et de la Justice (1), Themis, fr\u00e9quemment utilis\u00e9 encore apr\u00e8s Hagen, pour nommer des Libellulidae, par imitation de ce que faisaient les anciens en utilisant des noms issus de la mythologie. La premi\u00e8re partie du nom vient sans doute, selon Fliedner, d\u2019une roche, la Rhyolite, d\u00e9couverte en 1861 et dont le nom est compos\u00e9 de 2 mots grecs signifiant \u2013<em>couler<\/em>&nbsp;et \u2013<em>pierre<\/em>, cette roche magmatique montrant des bandes ou couches semblant avoir coul\u00e9 les unes sur les autres. Quand on regarde la Rhyolite, cette explication est surprenante.<br><strong>Phyllis<\/strong> est une princesse Thrace dont le destin est vari\u00e9 en fonction des versions ; il ne faut pas voir de rapport avec son (tragique) destin, seulement, encore une fois, l&rsquo;attrait pour la mythologie \u00e0 cette \u00e9poque.<\/p>\n\n\n\n<div style=\"height:33px\" aria-hidden=\"true\" class=\"wp-block-spacer\"><\/div>\n\n\n\n<p style=\"font-size:12px\">-1- <a href=\"https:\/\/www.researchgate.net\/publication\/283318421_The_Naming_of_Australia's_Dragonflies#fullTextFileContent\">The Naming of Australia&rsquo;s Dragonflies<\/a>, Ian Endersby &amp; Heinrich Fliedner, Busybird publishing.<\/p>\n\n\n\n<p style=\"font-size:13px\">2- Kosterin, O.E., Vshivtseva, E.I. &amp; Blinov, A.G. (2025) \u2013&nbsp;<a href=\"https:\/\/mapress.com\/zt\/article\/view\/zootaxa.5725.4.7\">What was known as Rhyothemis variegata (Linnaeus, 1763) and R. phyllis (Sulzer, 1776) (Odonata, Libellulidae) are the same species<\/a>. Zootaxa, 5725 (4), 567\u2013582.<\/p>\n\n\n\n<div style=\"height:32px\" aria-hidden=\"true\" class=\"wp-block-spacer\"><\/div>\n\n\n\n<div class=\"wp-block-buttons is-layout-flex wp-block-buttons-is-layout-flex\">\n<div class=\"wp-block-button\"><a class=\"wp-block-button__link wp-element-button\" href=\"https:\/\/www.meslibellules.fr\/blog\/odonates-daustralie-australian-odonates\/\">Accueil Australie<\/a><\/div>\n<\/div>\n","protected":false},"excerpt":{"rendered":"<p>En d\u00e9cembre 2025, on apprend que deux esp\u00e8ces communes et spectaculaires, d\u00e9crites depuis plus de 250\u00a0ans, sont en r\u00e9alit\u00e9 la m\u00eame esp\u00e8ce\u00a0; des analyses g\u00e9n\u00e9tiques (2) ont en effet montr\u00e9 que Rhyothemis phyllis est un synonyme junior de Rhyothemis variegata ! Ceci signifie que comme R. variegata (Linnaeus, 1763)\u00a0 a \u00e9t\u00e9 d\u00e9crit le premier, son [&hellip;]<\/p>\n","protected":false},"author":1,"featured_media":0,"comment_status":"open","ping_status":"open","sticky":false,"template":"","format":"image","meta":{"site-sidebar-layout":"default","site-content-layout":"","ast-site-content-layout":"default","site-content-style":"default","site-sidebar-style":"default","ast-global-header-display":"","ast-banner-title-visibility":"","ast-main-header-display":"","ast-hfb-above-header-display":"","ast-hfb-below-header-display":"","ast-hfb-mobile-header-display":"","site-post-title":"","ast-breadcrumbs-content":"","ast-featured-img":"","footer-sml-layout":"","ast-disable-related-posts":"","theme-transparent-header-meta":"","adv-header-id-meta":"","stick-header-meta":"","header-above-stick-meta":"","header-main-stick-meta":"","header-below-stick-meta":"","astra-migrate-meta-layouts":"set","ast-page-background-enabled":"default","ast-page-background-meta":{"desktop":{"background-color":"var(--ast-global-color-4)","background-image":"","background-repeat":"repeat","background-position":"center center","background-size":"auto","background-attachment":"scroll","background-type":"","background-media":"","overlay-type":"","overlay-color":"","overlay-opacity":"","overlay-gradient":""},"tablet":{"background-color":"","background-image":"","background-repeat":"repeat","background-position":"center center","background-size":"auto","background-attachment":"scroll","background-type":"","background-media":"","overlay-type":"","overlay-color":"","overlay-opacity":"","overlay-gradient":""},"mobile":{"background-color":"","background-image":"","background-repeat":"repeat","background-position":"center center","background-size":"auto","background-attachment":"scroll","background-type":"","background-media":"","overlay-type":"","overlay-color":"","overlay-opacity":"","overlay-gradient":""}},"ast-content-background-meta":{"desktop":{"background-color":"var(--ast-global-color-5)","background-image":"","background-repeat":"repeat","background-position":"center center","background-size":"auto","background-attachment":"scroll","background-type":"","background-media":"","overlay-type":"","overlay-color":"","overlay-opacity":"","overlay-gradient":""},"tablet":{"background-color":"var(--ast-global-color-5)","background-image":"","background-repeat":"repeat","background-position":"center center","background-size":"auto","background-attachment":"scroll","background-type":"","background-media":"","overlay-type":"","overlay-color":"","overlay-opacity":"","overlay-gradient":""},"mobile":{"background-color":"var(--ast-global-color-5)","background-image":"","background-repeat":"repeat","background-position":"center center","background-size":"auto","background-attachment":"scroll","background-type":"","background-media":"","overlay-type":"","overlay-color":"","overlay-opacity":"","overlay-gradient":""}},"footnotes":""},"categories":[684,685],"tags":[687,691],"class_list":["post-16341","post","type-post","status-publish","format-image","hentry","category-australie-nt","category-libellulidae-australie-nt","tag-australie","tag-libellulidae-australie","post_format-post-format-image"],"yoast_head":"<!-- This site is optimized with the Yoast SEO plugin v27.5 - https:\/\/yoast.com\/product\/yoast-seo-wordpress\/ -->\n<title>Rhyothemis phyllis - Mes Libellules<\/title>\n<meta name=\"description\" content=\"Rhyothemis phyllis m\u00e2les et femelle, description, identification, taille, habitat, distribution g\u00e9ographique, \u00e9tymologie\" \/>\n<meta name=\"robots\" content=\"index, follow, max-snippet:-1, max-image-preview:large, max-video-preview:-1\" \/>\n<link rel=\"canonical\" href=\"https:\/\/www.meslibellules.fr\/blog\/2023\/10\/03\/rhyothemis-phyllis\/\" \/>\n<meta property=\"og:locale\" content=\"fr_FR\" \/>\n<meta property=\"og:type\" content=\"article\" \/>\n<meta property=\"og:title\" content=\"Rhyothemis phyllis - Mes Libellules\" \/>\n<meta property=\"og:description\" content=\"Rhyothemis phyllis m\u00e2les et femelle, description, identification, taille, habitat, distribution g\u00e9ographique, \u00e9tymologie\" \/>\n<meta property=\"og:url\" content=\"https:\/\/www.meslibellules.fr\/blog\/2023\/10\/03\/rhyothemis-phyllis\/\" \/>\n<meta property=\"og:site_name\" content=\"Mes Libellules\" \/>\n<meta property=\"article:publisher\" content=\"https:\/\/www.facebook.com\/benoit.guillon.96\/\" \/>\n<meta property=\"article:author\" content=\"https:\/\/www.facebook.com\/benoit.guillon.96\/\" \/>\n<meta property=\"article:published_time\" content=\"2023-10-03T17:04:24+00:00\" \/>\n<meta property=\"article:modified_time\" content=\"2025-12-04T08:27:57+00:00\" \/>\n<meta property=\"og:image\" content=\"https:\/\/www.meslibellules.fr\/blog\/wp-content\/uploads\/Rhyothemis-phyllis-male-4.webp\" \/>\n\t<meta property=\"og:image:width\" content=\"1761\" \/>\n\t<meta property=\"og:image:height\" content=\"1204\" \/>\n\t<meta property=\"og:image:type\" content=\"image\/webp\" \/>\n<meta name=\"author\" content=\"Beno\u00eet Guillon\" \/>\n<meta name=\"twitter:card\" content=\"summary_large_image\" \/>\n<meta name=\"twitter:label1\" content=\"\u00c9crit par\" \/>\n\t<meta name=\"twitter:data1\" content=\"Beno\u00eet Guillon\" \/>\n\t<meta name=\"twitter:label2\" content=\"Dur\u00e9e de lecture estim\u00e9e\" \/>\n\t<meta name=\"twitter:data2\" content=\"5 minutes\" \/>\n<script type=\"application\/ld+json\" class=\"yoast-schema-graph\">{\"@context\":\"https:\\\/\\\/schema.org\",\"@graph\":[{\"@type\":\"Article\",\"@id\":\"https:\\\/\\\/www.meslibellules.fr\\\/blog\\\/2023\\\/10\\\/03\\\/rhyothemis-phyllis\\\/#article\",\"isPartOf\":{\"@id\":\"https:\\\/\\\/www.meslibellules.fr\\\/blog\\\/2023\\\/10\\\/03\\\/rhyothemis-phyllis\\\/\"},\"author\":{\"name\":\"Beno\u00eet Guillon\",\"@id\":\"https:\\\/\\\/www.meslibellules.fr\\\/blog\\\/#\\\/schema\\\/person\\\/9aa3586f9dd053fcf329f43b8b053c77\"},\"headline\":\"Australie &#8211; Rhyothemis phyllis (Sulzer, 1773)\",\"datePublished\":\"2023-10-03T17:04:24+00:00\",\"dateModified\":\"2025-12-04T08:27:57+00:00\",\"mainEntityOfPage\":{\"@id\":\"https:\\\/\\\/www.meslibellules.fr\\\/blog\\\/2023\\\/10\\\/03\\\/rhyothemis-phyllis\\\/\"},\"wordCount\":676,\"commentCount\":0,\"publisher\":{\"@id\":\"https:\\\/\\\/www.meslibellules.fr\\\/blog\\\/#\\\/schema\\\/person\\\/9aa3586f9dd053fcf329f43b8b053c77\"},\"image\":{\"@id\":\"https:\\\/\\\/www.meslibellules.fr\\\/blog\\\/2023\\\/10\\\/03\\\/rhyothemis-phyllis\\\/#primaryimage\"},\"thumbnailUrl\":\"https:\\\/\\\/www.meslibellules.fr\\\/blog\\\/wp-content\\\/uploads\\\/Rhyothemis-phyllis-male-4.webp\",\"keywords\":[\"Australie\",\"Libellulidae-Australie\"],\"articleSection\":[\"Australie (NT, WA &amp; FNQ)\",\"Libellulidae\"],\"inLanguage\":\"fr-FR\",\"potentialAction\":[{\"@type\":\"CommentAction\",\"name\":\"Comment\",\"target\":[\"https:\\\/\\\/www.meslibellules.fr\\\/blog\\\/2023\\\/10\\\/03\\\/rhyothemis-phyllis\\\/#respond\"]}]},{\"@type\":\"WebPage\",\"@id\":\"https:\\\/\\\/www.meslibellules.fr\\\/blog\\\/2023\\\/10\\\/03\\\/rhyothemis-phyllis\\\/\",\"url\":\"https:\\\/\\\/www.meslibellules.fr\\\/blog\\\/2023\\\/10\\\/03\\\/rhyothemis-phyllis\\\/\",\"name\":\"Rhyothemis phyllis - Mes Libellules\",\"isPartOf\":{\"@id\":\"https:\\\/\\\/www.meslibellules.fr\\\/blog\\\/#website\"},\"primaryImageOfPage\":{\"@id\":\"https:\\\/\\\/www.meslibellules.fr\\\/blog\\\/2023\\\/10\\\/03\\\/rhyothemis-phyllis\\\/#primaryimage\"},\"image\":{\"@id\":\"https:\\\/\\\/www.meslibellules.fr\\\/blog\\\/2023\\\/10\\\/03\\\/rhyothemis-phyllis\\\/#primaryimage\"},\"thumbnailUrl\":\"https:\\\/\\\/www.meslibellules.fr\\\/blog\\\/wp-content\\\/uploads\\\/Rhyothemis-phyllis-male-4.webp\",\"datePublished\":\"2023-10-03T17:04:24+00:00\",\"dateModified\":\"2025-12-04T08:27:57+00:00\",\"description\":\"Rhyothemis phyllis m\u00e2les et femelle, description, identification, taille, habitat, distribution g\u00e9ographique, \u00e9tymologie\",\"breadcrumb\":{\"@id\":\"https:\\\/\\\/www.meslibellules.fr\\\/blog\\\/2023\\\/10\\\/03\\\/rhyothemis-phyllis\\\/#breadcrumb\"},\"inLanguage\":\"fr-FR\",\"potentialAction\":[{\"@type\":\"ReadAction\",\"target\":[\"https:\\\/\\\/www.meslibellules.fr\\\/blog\\\/2023\\\/10\\\/03\\\/rhyothemis-phyllis\\\/\"]}]},{\"@type\":\"ImageObject\",\"inLanguage\":\"fr-FR\",\"@id\":\"https:\\\/\\\/www.meslibellules.fr\\\/blog\\\/2023\\\/10\\\/03\\\/rhyothemis-phyllis\\\/#primaryimage\",\"url\":\"https:\\\/\\\/www.meslibellules.fr\\\/blog\\\/wp-content\\\/uploads\\\/Rhyothemis-phyllis-male-4.webp\",\"contentUrl\":\"https:\\\/\\\/www.meslibellules.fr\\\/blog\\\/wp-content\\\/uploads\\\/Rhyothemis-phyllis-male-4.webp\",\"width\":1761,\"height\":1204,\"caption\":\"Rhyothemis phyllis m\u00e2le, Australie(FNQ), Annan River, 07\\\/12\\\/2022\"},{\"@type\":\"BreadcrumbList\",\"@id\":\"https:\\\/\\\/www.meslibellules.fr\\\/blog\\\/2023\\\/10\\\/03\\\/rhyothemis-phyllis\\\/#breadcrumb\",\"itemListElement\":[{\"@type\":\"ListItem\",\"position\":1,\"name\":\"Accueil\",\"item\":\"https:\\\/\\\/www.meslibellules.fr\\\/blog\\\/\"},{\"@type\":\"ListItem\",\"position\":2,\"name\":\"Australie &#8211; Rhyothemis phyllis (Sulzer, 1773)\"}]},{\"@type\":\"WebSite\",\"@id\":\"https:\\\/\\\/www.meslibellules.fr\\\/blog\\\/#website\",\"url\":\"https:\\\/\\\/www.meslibellules.fr\\\/blog\\\/\",\"name\":\"Mes Libellules\",\"description\":\"Pr\u00e9sentation des libellules rencontr\u00e9es dans le monde\",\"publisher\":{\"@id\":\"https:\\\/\\\/www.meslibellules.fr\\\/blog\\\/#\\\/schema\\\/person\\\/9aa3586f9dd053fcf329f43b8b053c77\"},\"potentialAction\":[{\"@type\":\"SearchAction\",\"target\":{\"@type\":\"EntryPoint\",\"urlTemplate\":\"https:\\\/\\\/www.meslibellules.fr\\\/blog\\\/?s={search_term_string}\"},\"query-input\":{\"@type\":\"PropertyValueSpecification\",\"valueRequired\":true,\"valueName\":\"search_term_string\"}}],\"inLanguage\":\"fr-FR\"},{\"@type\":[\"Person\",\"Organization\"],\"@id\":\"https:\\\/\\\/www.meslibellules.fr\\\/blog\\\/#\\\/schema\\\/person\\\/9aa3586f9dd053fcf329f43b8b053c77\",\"name\":\"Beno\u00eet Guillon\",\"image\":{\"@type\":\"ImageObject\",\"inLanguage\":\"fr-FR\",\"@id\":\"https:\\\/\\\/www.meslibellules.fr\\\/blog\\\/wp-content\\\/uploads\\\/cropped-avatar-150-pix.jpg\",\"url\":\"https:\\\/\\\/www.meslibellules.fr\\\/blog\\\/wp-content\\\/uploads\\\/cropped-avatar-150-pix.jpg\",\"contentUrl\":\"https:\\\/\\\/www.meslibellules.fr\\\/blog\\\/wp-content\\\/uploads\\\/cropped-avatar-150-pix.jpg\",\"width\":150,\"height\":137,\"caption\":\"Beno\u00eet Guillon\"},\"logo\":{\"@id\":\"https:\\\/\\\/www.meslibellules.fr\\\/blog\\\/wp-content\\\/uploads\\\/cropped-avatar-150-pix.jpg\"},\"sameAs\":[\"https:\\\/\\\/www.facebook.com\\\/benoit.guillon.96\\\/\"]}]}<\/script>\n<!-- \/ Yoast SEO plugin. -->","yoast_head_json":{"title":"Rhyothemis phyllis - Mes Libellules","description":"Rhyothemis phyllis m\u00e2les et femelle, description, identification, taille, habitat, distribution g\u00e9ographique, \u00e9tymologie","robots":{"index":"index","follow":"follow","max-snippet":"max-snippet:-1","max-image-preview":"max-image-preview:large","max-video-preview":"max-video-preview:-1"},"canonical":"https:\/\/www.meslibellules.fr\/blog\/2023\/10\/03\/rhyothemis-phyllis\/","og_locale":"fr_FR","og_type":"article","og_title":"Rhyothemis phyllis - Mes Libellules","og_description":"Rhyothemis phyllis m\u00e2les et femelle, description, identification, taille, habitat, distribution g\u00e9ographique, \u00e9tymologie","og_url":"https:\/\/www.meslibellules.fr\/blog\/2023\/10\/03\/rhyothemis-phyllis\/","og_site_name":"Mes Libellules","article_publisher":"https:\/\/www.facebook.com\/benoit.guillon.96\/","article_author":"https:\/\/www.facebook.com\/benoit.guillon.96\/","article_published_time":"2023-10-03T17:04:24+00:00","article_modified_time":"2025-12-04T08:27:57+00:00","og_image":[{"width":1761,"height":1204,"url":"https:\/\/www.meslibellules.fr\/blog\/wp-content\/uploads\/Rhyothemis-phyllis-male-4.webp","type":"image\/webp"}],"author":"Beno\u00eet Guillon","twitter_card":"summary_large_image","twitter_misc":{"\u00c9crit par":"Beno\u00eet Guillon","Dur\u00e9e de lecture estim\u00e9e":"5 minutes"},"schema":{"@context":"https:\/\/schema.org","@graph":[{"@type":"Article","@id":"https:\/\/www.meslibellules.fr\/blog\/2023\/10\/03\/rhyothemis-phyllis\/#article","isPartOf":{"@id":"https:\/\/www.meslibellules.fr\/blog\/2023\/10\/03\/rhyothemis-phyllis\/"},"author":{"name":"Beno\u00eet Guillon","@id":"https:\/\/www.meslibellules.fr\/blog\/#\/schema\/person\/9aa3586f9dd053fcf329f43b8b053c77"},"headline":"Australie &#8211; Rhyothemis phyllis (Sulzer, 1773)","datePublished":"2023-10-03T17:04:24+00:00","dateModified":"2025-12-04T08:27:57+00:00","mainEntityOfPage":{"@id":"https:\/\/www.meslibellules.fr\/blog\/2023\/10\/03\/rhyothemis-phyllis\/"},"wordCount":676,"commentCount":0,"publisher":{"@id":"https:\/\/www.meslibellules.fr\/blog\/#\/schema\/person\/9aa3586f9dd053fcf329f43b8b053c77"},"image":{"@id":"https:\/\/www.meslibellules.fr\/blog\/2023\/10\/03\/rhyothemis-phyllis\/#primaryimage"},"thumbnailUrl":"https:\/\/www.meslibellules.fr\/blog\/wp-content\/uploads\/Rhyothemis-phyllis-male-4.webp","keywords":["Australie","Libellulidae-Australie"],"articleSection":["Australie (NT, WA &amp; FNQ)","Libellulidae"],"inLanguage":"fr-FR","potentialAction":[{"@type":"CommentAction","name":"Comment","target":["https:\/\/www.meslibellules.fr\/blog\/2023\/10\/03\/rhyothemis-phyllis\/#respond"]}]},{"@type":"WebPage","@id":"https:\/\/www.meslibellules.fr\/blog\/2023\/10\/03\/rhyothemis-phyllis\/","url":"https:\/\/www.meslibellules.fr\/blog\/2023\/10\/03\/rhyothemis-phyllis\/","name":"Rhyothemis phyllis - Mes Libellules","isPartOf":{"@id":"https:\/\/www.meslibellules.fr\/blog\/#website"},"primaryImageOfPage":{"@id":"https:\/\/www.meslibellules.fr\/blog\/2023\/10\/03\/rhyothemis-phyllis\/#primaryimage"},"image":{"@id":"https:\/\/www.meslibellules.fr\/blog\/2023\/10\/03\/rhyothemis-phyllis\/#primaryimage"},"thumbnailUrl":"https:\/\/www.meslibellules.fr\/blog\/wp-content\/uploads\/Rhyothemis-phyllis-male-4.webp","datePublished":"2023-10-03T17:04:24+00:00","dateModified":"2025-12-04T08:27:57+00:00","description":"Rhyothemis phyllis m\u00e2les et femelle, description, identification, taille, habitat, distribution g\u00e9ographique, \u00e9tymologie","breadcrumb":{"@id":"https:\/\/www.meslibellules.fr\/blog\/2023\/10\/03\/rhyothemis-phyllis\/#breadcrumb"},"inLanguage":"fr-FR","potentialAction":[{"@type":"ReadAction","target":["https:\/\/www.meslibellules.fr\/blog\/2023\/10\/03\/rhyothemis-phyllis\/"]}]},{"@type":"ImageObject","inLanguage":"fr-FR","@id":"https:\/\/www.meslibellules.fr\/blog\/2023\/10\/03\/rhyothemis-phyllis\/#primaryimage","url":"https:\/\/www.meslibellules.fr\/blog\/wp-content\/uploads\/Rhyothemis-phyllis-male-4.webp","contentUrl":"https:\/\/www.meslibellules.fr\/blog\/wp-content\/uploads\/Rhyothemis-phyllis-male-4.webp","width":1761,"height":1204,"caption":"Rhyothemis phyllis m\u00e2le, Australie(FNQ), Annan River, 07\/12\/2022"},{"@type":"BreadcrumbList","@id":"https:\/\/www.meslibellules.fr\/blog\/2023\/10\/03\/rhyothemis-phyllis\/#breadcrumb","itemListElement":[{"@type":"ListItem","position":1,"name":"Accueil","item":"https:\/\/www.meslibellules.fr\/blog\/"},{"@type":"ListItem","position":2,"name":"Australie &#8211; Rhyothemis phyllis (Sulzer, 1773)"}]},{"@type":"WebSite","@id":"https:\/\/www.meslibellules.fr\/blog\/#website","url":"https:\/\/www.meslibellules.fr\/blog\/","name":"Mes Libellules","description":"Pr\u00e9sentation des libellules rencontr\u00e9es dans le monde","publisher":{"@id":"https:\/\/www.meslibellules.fr\/blog\/#\/schema\/person\/9aa3586f9dd053fcf329f43b8b053c77"},"potentialAction":[{"@type":"SearchAction","target":{"@type":"EntryPoint","urlTemplate":"https:\/\/www.meslibellules.fr\/blog\/?s={search_term_string}"},"query-input":{"@type":"PropertyValueSpecification","valueRequired":true,"valueName":"search_term_string"}}],"inLanguage":"fr-FR"},{"@type":["Person","Organization"],"@id":"https:\/\/www.meslibellules.fr\/blog\/#\/schema\/person\/9aa3586f9dd053fcf329f43b8b053c77","name":"Beno\u00eet Guillon","image":{"@type":"ImageObject","inLanguage":"fr-FR","@id":"https:\/\/www.meslibellules.fr\/blog\/wp-content\/uploads\/cropped-avatar-150-pix.jpg","url":"https:\/\/www.meslibellules.fr\/blog\/wp-content\/uploads\/cropped-avatar-150-pix.jpg","contentUrl":"https:\/\/www.meslibellules.fr\/blog\/wp-content\/uploads\/cropped-avatar-150-pix.jpg","width":150,"height":137,"caption":"Beno\u00eet Guillon"},"logo":{"@id":"https:\/\/www.meslibellules.fr\/blog\/wp-content\/uploads\/cropped-avatar-150-pix.jpg"},"sameAs":["https:\/\/www.facebook.com\/benoit.guillon.96\/"]}]}},"_links":{"self":[{"href":"https:\/\/www.meslibellules.fr\/blog\/wp-json\/wp\/v2\/posts\/16341","targetHints":{"allow":["GET"]}}],"collection":[{"href":"https:\/\/www.meslibellules.fr\/blog\/wp-json\/wp\/v2\/posts"}],"about":[{"href":"https:\/\/www.meslibellules.fr\/blog\/wp-json\/wp\/v2\/types\/post"}],"author":[{"embeddable":true,"href":"https:\/\/www.meslibellules.fr\/blog\/wp-json\/wp\/v2\/users\/1"}],"replies":[{"embeddable":true,"href":"https:\/\/www.meslibellules.fr\/blog\/wp-json\/wp\/v2\/comments?post=16341"}],"version-history":[{"count":3,"href":"https:\/\/www.meslibellules.fr\/blog\/wp-json\/wp\/v2\/posts\/16341\/revisions"}],"predecessor-version":[{"id":27063,"href":"https:\/\/www.meslibellules.fr\/blog\/wp-json\/wp\/v2\/posts\/16341\/revisions\/27063"}],"wp:attachment":[{"href":"https:\/\/www.meslibellules.fr\/blog\/wp-json\/wp\/v2\/media?parent=16341"}],"wp:term":[{"taxonomy":"category","embeddable":true,"href":"https:\/\/www.meslibellules.fr\/blog\/wp-json\/wp\/v2\/categories?post=16341"},{"taxonomy":"post_tag","embeddable":true,"href":"https:\/\/www.meslibellules.fr\/blog\/wp-json\/wp\/v2\/tags?post=16341"}],"curies":[{"name":"wp","href":"https:\/\/api.w.org\/{rel}","templated":true}]}}