{"id":16551,"date":"2023-10-16T18:06:25","date_gmt":"2023-10-16T16:06:25","guid":{"rendered":"https:\/\/www.meslibellules.fr\/blog\/?p=16551"},"modified":"2025-01-29T04:01:12","modified_gmt":"2025-01-29T03:01:12","slug":"lestes-concinnus","status":"publish","type":"post","link":"https:\/\/www.meslibellules.fr\/blog\/2023\/10\/16\/lestes-concinnus\/","title":{"rendered":"Lestes concinnus (Hagen et Selys ou Hagen in Selys, 1862)"},"content":{"rendered":"\n<figure class=\"wp-block-gallery has-nested-images columns-default is-cropped wp-block-gallery-1 is-layout-flex wp-block-gallery-is-layout-flex\">\n<figure class=\"wp-block-image size-large\"><a href=\"https:\/\/www.meslibellules.fr\/blog\/wp-content\/uploads\/Lestes-concinnus-male-1.webp\"><img decoding=\"async\" width=\"1486\" height=\"1204\" data-id=\"16546\" data-src=\"https:\/\/www.meslibellules.fr\/blog\/wp-content\/uploads\/Lestes-concinnus-male-1.webp\" alt=\"Lestes concinnus m\u00e2le, Australie (NT), Lietchfield Camp Site, 15\/04\/2022\" class=\"wp-image-16546 lazyload\" data-srcset=\"https:\/\/www.meslibellules.fr\/blog\/wp-content\/uploads\/Lestes-concinnus-male-1.webp 1486w, https:\/\/www.meslibellules.fr\/blog\/wp-content\/uploads\/Lestes-concinnus-male-1-768x622.webp 768w\" data-sizes=\"(max-width: 1486px) 100vw, 1486px\" src=\"data:image\/svg+xml;base64,PHN2ZyB3aWR0aD0iMSIgaGVpZ2h0PSIxIiB4bWxucz0iaHR0cDovL3d3dy53My5vcmcvMjAwMC9zdmciPjwvc3ZnPg==\" style=\"--smush-placeholder-width: 1486px; --smush-placeholder-aspect-ratio: 1486\/1204;\" \/><\/a><\/figure>\n\n\n\n<figure class=\"wp-block-image size-large\"><a href=\"https:\/\/www.meslibellules.fr\/blog\/wp-content\/uploads\/Lestes-concinnus-male-4.webp\"><img decoding=\"async\" width=\"1631\" height=\"1204\" data-id=\"16549\" data-src=\"https:\/\/www.meslibellules.fr\/blog\/wp-content\/uploads\/Lestes-concinnus-male-4.webp\" alt=\"Lestes concinnus m\u00e2le, Australie (FNQ), Big Mitchell Creek Reserve, 09\/12\/2022\" class=\"wp-image-16549 lazyload\" data-srcset=\"https:\/\/www.meslibellules.fr\/blog\/wp-content\/uploads\/Lestes-concinnus-male-4.webp 1631w, https:\/\/www.meslibellules.fr\/blog\/wp-content\/uploads\/Lestes-concinnus-male-4-768x567.webp 768w, https:\/\/www.meslibellules.fr\/blog\/wp-content\/uploads\/Lestes-concinnus-male-4-1536x1134.webp 1536w\" data-sizes=\"(max-width: 1631px) 100vw, 1631px\" src=\"data:image\/svg+xml;base64,PHN2ZyB3aWR0aD0iMSIgaGVpZ2h0PSIxIiB4bWxucz0iaHR0cDovL3d3dy53My5vcmcvMjAwMC9zdmciPjwvc3ZnPg==\" style=\"--smush-placeholder-width: 1631px; --smush-placeholder-aspect-ratio: 1631\/1204;\" \/><\/a><\/figure>\n<figcaption class=\"blocks-gallery-caption wp-element-caption\">Lestes concinnus m\u00e2le, Australie (NT), Lietchfield Camp Site, 15\/04\/2022 &#8211; (FNQ), Big Mitchell Creek Reserve, 09\/12\/2022<\/figcaption><\/figure>\n\n\n\n<p>Nous avons rencontr\u00e9 Lestes concinnus dans le Territoire du Nord, en avril 2022 et au Queensland en d\u00e9cembre 2022. Bien s\u00fbr, ce sont des r\u00e9gions tropicales o\u00f9 les esp\u00e8ces sont, pour certaines,  multi-voltines (plusieurs g\u00e9n\u00e9rations dans l&rsquo;ann\u00e9e).  S&rsquo;il n&rsquo;est donc pas vraiment \u00e9tonnant de rencontrer l&rsquo;esp\u00e8ce \u00e0 8 mois d&rsquo;\u00e9cart, c&rsquo;est la diff\u00e9rence d&rsquo;aspect qui m&rsquo;interroge, car les formes ocre clair, comme le sujet ci-dessos \u00e0 gauche, ne semble pas jeunes. Peut-\u00eatre existe-t-il, comme cela est connu pour d&rsquo;autres esp\u00e8ces, une forme de saison s\u00e8che, immature sexuellement, qui \u00e9volue vers une autre, quand le temps des accouplements et des pontes se profile.<br><br>Sur Inaturalist, les 2 formes sont accept\u00e9es par les sp\u00e9cialistes australiens. Je n&rsquo;ai trouv\u00e9 qu&rsquo;une seule photo de tandem (et pas d&rsquo;accouplement sur environ 250 observations) et les 2 sujets appartiennent \u00e0 la forme aux yeux bleus&#8230;<\/p>\n\n\n\n<figure class=\"wp-block-gallery has-nested-images columns-default is-cropped wp-block-gallery-2 is-layout-flex wp-block-gallery-is-layout-flex\">\n<figure class=\"wp-block-image size-full\"><a href=\"https:\/\/www.meslibellules.fr\/blog\/wp-content\/uploads\/Lestes-concinnus-male-3.webp\"><img decoding=\"async\" width=\"1700\" height=\"1204\" data-id=\"16548\" data-src=\"https:\/\/www.meslibellules.fr\/blog\/wp-content\/uploads\/Lestes-concinnus-male-3.webp\" alt=\"Lestes concinnus m\u00e2le, Australie (NT), Mataranka, Roper Creek, 18\/04\/2022\" class=\"wp-image-16548 lazyload\" data-srcset=\"https:\/\/www.meslibellules.fr\/blog\/wp-content\/uploads\/Lestes-concinnus-male-3.webp 1700w, https:\/\/www.meslibellules.fr\/blog\/wp-content\/uploads\/Lestes-concinnus-male-3-768x544.webp 768w, https:\/\/www.meslibellules.fr\/blog\/wp-content\/uploads\/Lestes-concinnus-male-3-1536x1088.webp 1536w\" data-sizes=\"(max-width: 1700px) 100vw, 1700px\" src=\"data:image\/svg+xml;base64,PHN2ZyB3aWR0aD0iMSIgaGVpZ2h0PSIxIiB4bWxucz0iaHR0cDovL3d3dy53My5vcmcvMjAwMC9zdmciPjwvc3ZnPg==\" style=\"--smush-placeholder-width: 1700px; --smush-placeholder-aspect-ratio: 1700\/1204;\" \/><\/a><\/figure>\n\n\n\n<figure class=\"wp-block-image size-large\"><a href=\"https:\/\/www.meslibellules.fr\/blog\/wp-content\/uploads\/Lestes-concinnus-male-5.webp\"><img decoding=\"async\" width=\"1920\" height=\"1204\" data-id=\"16550\" data-src=\"https:\/\/www.meslibellules.fr\/blog\/wp-content\/uploads\/Lestes-concinnus-male-5.webp\" alt=\"Lestes concinnus m\u00e2le, Australie (FNQ), Big Mitchell Creek Reserve, 09\/12\/2022\" class=\"wp-image-16550 lazyload\" data-srcset=\"https:\/\/www.meslibellules.fr\/blog\/wp-content\/uploads\/Lestes-concinnus-male-5.webp 1920w, https:\/\/www.meslibellules.fr\/blog\/wp-content\/uploads\/Lestes-concinnus-male-5-768x482.webp 768w, https:\/\/www.meslibellules.fr\/blog\/wp-content\/uploads\/Lestes-concinnus-male-5-1536x963.webp 1536w\" data-sizes=\"(max-width: 1920px) 100vw, 1920px\" src=\"data:image\/svg+xml;base64,PHN2ZyB3aWR0aD0iMSIgaGVpZ2h0PSIxIiB4bWxucz0iaHR0cDovL3d3dy53My5vcmcvMjAwMC9zdmciPjwvc3ZnPg==\" style=\"--smush-placeholder-width: 1920px; --smush-placeholder-aspect-ratio: 1920\/1204;\" \/><\/a><\/figure>\n<figcaption class=\"blocks-gallery-caption wp-element-caption\">Lestes concinnus m\u00e2le, Australie (NT), Mataranka, Roper Creek, 18\/04\/2022 &#8211; (FNQ), Big Mitchell Creek Reserve, 09\/12\/2022<\/figcaption><\/figure>\n\n\n\n<p>J&rsquo;avais d\u00e9j\u00e0 rencontr\u00e9 l&rsquo;esp\u00e8ce au Rajasthan (Inde), en 2016, sous le nom de Lestes umbrinus, sous la forme ocre. Actuellement, sur la <a href=\"https:\/\/www.pugetsound.edu\/puget-sound-museum-natural-history\/biodiversity-resources\/insects\/dragonflies\/world-odonata-list\">World Odonata List<\/a> ces 2 esp\u00e8ces sont synonymis\u00e9es sous le nom de Lestes concinnus. Il faut dire qu&rsquo;elles ont une histoire compliqu\u00e9e, d\u00e9crites s\u00e9par\u00e9ment, puis synonymis\u00e9es, puis \u00e0 nouveau consid\u00e9r\u00e9es comme 2 esp\u00e8ces valides, avant d&rsquo;\u00eatre \u00e0 nouveau fondues au sein de la m\u00eame esp\u00e8ce, en 2017, \u00e0 la suite du tr\u00e8s int\u00e9ressant travail de Dumont et al. (2).<br> Les taches sombres thoraciques que porte la forme bleue ont m\u00eame fait douter de l&rsquo;existence d&rsquo;une autre esp\u00e8ce, Lestes thoracicus, elle aussi int\u00e9gr\u00e9e maintenant \u00e0 notre Dusky spreadwing, son nom anglais.<\/p>\n\n\n\n<div class=\"wp-block-media-text is-stacked-on-mobile\"><figure class=\"wp-block-media-text__media\"><a href=\"https:\/\/www.meslibellules.fr\/blog\/wp-content\/uploads\/Lestes-concinnus-male-2.webp\"><img decoding=\"async\" width=\"1463\" height=\"1204\" data-src=\"https:\/\/www.meslibellules.fr\/blog\/wp-content\/uploads\/Lestes-concinnus-male-2.webp\" alt=\"Dusky spreadwing male, Australia (NT), Lietchfield Camp Site, 15\/04\/2022\" class=\"wp-image-16547 size-full lazyload\" data-srcset=\"https:\/\/www.meslibellules.fr\/blog\/wp-content\/uploads\/Lestes-concinnus-male-2.webp 1463w, https:\/\/www.meslibellules.fr\/blog\/wp-content\/uploads\/Lestes-concinnus-male-2-768x632.webp 768w\" data-sizes=\"(max-width: 1463px) 100vw, 1463px\" src=\"data:image\/svg+xml;base64,PHN2ZyB3aWR0aD0iMSIgaGVpZ2h0PSIxIiB4bWxucz0iaHR0cDovL3d3dy53My5vcmcvMjAwMC9zdmciPjwvc3ZnPg==\" style=\"--smush-placeholder-width: 1463px; --smush-placeholder-aspect-ratio: 1463\/1204;\" \/><\/a><\/figure><div class=\"wp-block-media-text__content\">\n<p><\/p>\n\n\n\n<p>Il mesure \u00e0 peine 40 mm, pour un abdomen de 32 et une envergure de 45 mm.<br><br>On le rencontre sur une grande vari\u00e9t\u00e9 d&rsquo;eaux stagnantes, mares, marais et <em>lagoons<\/em> (parties <em>mortes<\/em> des rivi\u00e8res).<br><br>Dusky spreadwing male, Australia (NT), Lietchfield Camp Site, 15\/04\/2022<\/p>\n<\/div><\/div>\n\n\n\n<div style=\"height:30px\" aria-hidden=\"true\" class=\"wp-block-spacer\"><\/div>\n\n\n\n<p>Les femelles pr\u00e9sentes la m\u00eame diversit\u00e9 de coloration, mais j&rsquo;ai tendance \u00e0 pr\u00e9f\u00e9rer la forme ocre, tr\u00e8s \u00e9l\u00e9gante !<br>Quand l&rsquo;appareil sexuel secondaire sous le 2\u00b0 segment n&rsquo;est pas visible, elles sont les copies conformes des m\u00e2les, aux appendices anaux pr\u00e8s, bien s\u00fbr.<\/p>\n\n\n\n<figure class=\"wp-block-image aligncenter size-large is-resized\"><a href=\"https:\/\/www.meslibellules.fr\/blog\/wp-content\/uploads\/Lestes-concinnus-femelle-1.webp\"><img decoding=\"async\" width=\"1725\" height=\"1204\" data-src=\"https:\/\/www.meslibellules.fr\/blog\/wp-content\/uploads\/Lestes-concinnus-femelle-1.webp\" alt=\"Lestes concinnus femelle, Australie (NT), Mayiba, Black Rock Fall, 22\/04\/2022\" class=\"wp-image-16541 lazyload\" style=\"--smush-placeholder-width: 1725px; --smush-placeholder-aspect-ratio: 1725\/1204;aspect-ratio:1.4327242524916943;width:529px;height:auto\" data-srcset=\"https:\/\/www.meslibellules.fr\/blog\/wp-content\/uploads\/Lestes-concinnus-femelle-1.webp 1725w, https:\/\/www.meslibellules.fr\/blog\/wp-content\/uploads\/Lestes-concinnus-femelle-1-768x536.webp 768w, https:\/\/www.meslibellules.fr\/blog\/wp-content\/uploads\/Lestes-concinnus-femelle-1-1536x1072.webp 1536w\" data-sizes=\"(max-width: 1725px) 100vw, 1725px\" src=\"data:image\/svg+xml;base64,PHN2ZyB3aWR0aD0iMSIgaGVpZ2h0PSIxIiB4bWxucz0iaHR0cDovL3d3dy53My5vcmcvMjAwMC9zdmciPjwvc3ZnPg==\" \/><\/a><figcaption class=\"wp-element-caption\">Lestes concinnus femelle, Australie (NT), Mayiba, Black Rock Fall, 22\/04\/2022<\/figcaption><\/figure>\n\n\n\n<p>En Australie, on le trouve de fa\u00e7on dispers\u00e9e au nord et \u00e0 l&rsquo;est, depuis l&rsquo;est de l&rsquo;Australie-Occidentale, \u00e0 travers le Territoire du Nord, pour atteindre Brisbane, au sud du Queensland.<br>Mais sa distribution mondiale est gigantesque, puisque depuis l&rsquo;Australie, il est pr\u00e9sent dans la presque totalit\u00e9 de l&rsquo;Inde, \u00e0 travers les iles du Pacifique, l&rsquo;Indon\u00e9sie et la Malaisie, jusqu&rsquo;aux Philippines et le sud de la Chine.<br><a href=\"https:\/\/www.iucnredlist.org\/species\/158656\/83379420#geographic-range\">IUCN Red Li<\/a>st<br><a href=\"https:\/\/bie.ala.org.au\/species\/https:\/\/biodiversity.org.au\/afd\/taxa\/4a960f61-640d-4c85-bb8c-2fdee616cd07\">Atlas of Living Australia<\/a><\/p>\n\n\n\n<figure class=\"wp-block-gallery has-nested-images columns-default is-cropped wp-block-gallery-3 is-layout-flex wp-block-gallery-is-layout-flex\">\n<figure class=\"wp-block-image size-large\"><a href=\"https:\/\/www.meslibellules.fr\/blog\/wp-content\/uploads\/Lestes-concinnus-femelle-2.webp\"><img decoding=\"async\" width=\"1146\" height=\"1204\" data-id=\"16542\" data-src=\"https:\/\/www.meslibellules.fr\/blog\/wp-content\/uploads\/Lestes-concinnus-femelle-2.webp\" alt=\"Lestes concinnus femelle, Australie (NT), Mayiba, Black Rock Fall, 22\/04\/2022\" class=\"wp-image-16542 lazyload\" data-srcset=\"https:\/\/www.meslibellules.fr\/blog\/wp-content\/uploads\/Lestes-concinnus-femelle-2.webp 1146w, https:\/\/www.meslibellules.fr\/blog\/wp-content\/uploads\/Lestes-concinnus-femelle-2-768x807.webp 768w\" data-sizes=\"(max-width: 1146px) 100vw, 1146px\" src=\"data:image\/svg+xml;base64,PHN2ZyB3aWR0aD0iMSIgaGVpZ2h0PSIxIiB4bWxucz0iaHR0cDovL3d3dy53My5vcmcvMjAwMC9zdmciPjwvc3ZnPg==\" style=\"--smush-placeholder-width: 1146px; --smush-placeholder-aspect-ratio: 1146\/1204;\" \/><\/a><\/figure>\n\n\n\n<figure class=\"wp-block-image size-large\"><a href=\"https:\/\/www.meslibellules.fr\/blog\/wp-content\/uploads\/Lestes-concinnus-femelle-4.webp\"><img decoding=\"async\" width=\"996\" height=\"1204\" data-id=\"16544\" data-src=\"https:\/\/www.meslibellules.fr\/blog\/wp-content\/uploads\/Lestes-concinnus-femelle-4.webp\" alt=\"Dusky spreadwing female, Australia (FNQ), Big Mitchell Creek Reserve, 09\/12\/2022\" class=\"wp-image-16544 lazyload\" data-srcset=\"https:\/\/www.meslibellules.fr\/blog\/wp-content\/uploads\/Lestes-concinnus-femelle-4.webp 996w, https:\/\/www.meslibellules.fr\/blog\/wp-content\/uploads\/Lestes-concinnus-femelle-4-768x928.webp 768w\" data-sizes=\"(max-width: 996px) 100vw, 996px\" src=\"data:image\/svg+xml;base64,PHN2ZyB3aWR0aD0iMSIgaGVpZ2h0PSIxIiB4bWxucz0iaHR0cDovL3d3dy53My5vcmcvMjAwMC9zdmciPjwvc3ZnPg==\" style=\"--smush-placeholder-width: 996px; --smush-placeholder-aspect-ratio: 996\/1204;\" \/><\/a><\/figure>\n<figcaption class=\"blocks-gallery-caption wp-element-caption\">Lestes concinnus femelle, Australie (NT), Mayiba, Black Rock Fall, 22\/04\/2022 &#8211; (FNQ), Big Mitchell Creek Reserve, 09\/12\/2022<\/figcaption><\/figure>\n\n\n\n<p><strong>\u00c9tymologie<\/strong><br><em><strong>Lestes<\/strong><\/em> (Leach, 1815), apparemment d\u2019un mot grec signifiant voleur ou pirate, par analogie de la forme des appendices anaux sup\u00e9rieurs (cerques) avec le coutelas des pirates (3).<br> [<em><s>Je me permets une hypoth\u00e8se, sans doute ridicule aux yeux des linguistes, mais au moins charg\u00e9e de sens ; pourquoi ne se serait-il pas directement inspir\u00e9 du fran\u00e7ais leste, \u00ab\u00a0qui se meut avec agilit\u00e9 et aisance\u00a0\u00bb nous dit le Larousse. William Leach, entomologiste, entre autres, avait s\u00e9journ\u00e9 en France, connaissait bien le fran\u00e7ais, le lisait et avait tiss\u00e9 des liens assez \u00e9troits avec cette langue puisqu&rsquo;en d\u00e9pit de la guerre, il lisait les textes fran\u00e7ais, communiquait avec ses coll\u00e8gues fran\u00e7ais et s&rsquo;en inspirait.<br>Et que nos Lestes se meuvent avec facilit\u00e9 et l\u00e9g\u00e8ret\u00e9 dans les mouvements est une \u00e9vidence :<\/s>)<\/em>    <br>Cette hypoth\u00e8se est r\u00e9fut\u00e9e par Matti H\u00e4m\u00e4l\u00e4inen &amp; Heinrich Fliedner.]<br><br><strong>Concinnus <\/strong>signifie <em>\u00e9l\u00e9gant<\/em>, <em>plaisant<\/em> en latin. Hagen semble avoir suivi la tradition d&rsquo;utiliser pour une <em>demoiselle<\/em> un nom qui \u00e9voque la beaut\u00e9 f\u00e9minine, mais rien dans sa description ne vient le souligner.<\/p>\n\n\n\n<figure class=\"wp-block-gallery has-nested-images columns-default is-cropped wp-block-gallery-4 is-layout-flex wp-block-gallery-is-layout-flex\">\n<figure class=\"wp-block-image size-large\"><a href=\"https:\/\/www.meslibellules.fr\/blog\/wp-content\/uploads\/Lestes-concinnus-femelle-3.webp\"><img decoding=\"async\" width=\"1668\" height=\"1204\" data-id=\"16543\" data-src=\"https:\/\/www.meslibellules.fr\/blog\/wp-content\/uploads\/Lestes-concinnus-femelle-3.webp\" alt=\"Lestes concinnus femelle, Australie (FNQ), Big Mitchell Creek Reserve, 09\/12\/2022\" class=\"wp-image-16543 lazyload\" data-srcset=\"https:\/\/www.meslibellules.fr\/blog\/wp-content\/uploads\/Lestes-concinnus-femelle-3.webp 1668w, https:\/\/www.meslibellules.fr\/blog\/wp-content\/uploads\/Lestes-concinnus-femelle-3-768x554.webp 768w, https:\/\/www.meslibellules.fr\/blog\/wp-content\/uploads\/Lestes-concinnus-femelle-3-1536x1109.webp 1536w\" data-sizes=\"(max-width: 1668px) 100vw, 1668px\" src=\"data:image\/svg+xml;base64,PHN2ZyB3aWR0aD0iMSIgaGVpZ2h0PSIxIiB4bWxucz0iaHR0cDovL3d3dy53My5vcmcvMjAwMC9zdmciPjwvc3ZnPg==\" style=\"--smush-placeholder-width: 1668px; --smush-placeholder-aspect-ratio: 1668\/1204;\" \/><\/a><\/figure>\n\n\n\n<figure class=\"wp-block-image size-large\"><a href=\"https:\/\/www.meslibellules.fr\/blog\/wp-content\/uploads\/Lestes-concinnus-femelle-5.webp\"><img decoding=\"async\" width=\"1567\" height=\"1204\" data-id=\"16545\" data-src=\"https:\/\/www.meslibellules.fr\/blog\/wp-content\/uploads\/Lestes-concinnus-femelle-5.webp\" alt=\"Dusky spreadwing female, Australia (FNQ), Big Mitchell Creek Reserve, 09\/12\/2022\" class=\"wp-image-16545 lazyload\" data-srcset=\"https:\/\/www.meslibellules.fr\/blog\/wp-content\/uploads\/Lestes-concinnus-femelle-5.webp 1567w, https:\/\/www.meslibellules.fr\/blog\/wp-content\/uploads\/Lestes-concinnus-femelle-5-768x590.webp 768w, https:\/\/www.meslibellules.fr\/blog\/wp-content\/uploads\/Lestes-concinnus-femelle-5-1536x1180.webp 1536w\" data-sizes=\"(max-width: 1567px) 100vw, 1567px\" src=\"data:image\/svg+xml;base64,PHN2ZyB3aWR0aD0iMSIgaGVpZ2h0PSIxIiB4bWxucz0iaHR0cDovL3d3dy53My5vcmcvMjAwMC9zdmciPjwvc3ZnPg==\" style=\"--smush-placeholder-width: 1567px; --smush-placeholder-aspect-ratio: 1567\/1204;\" \/><\/a><\/figure>\n<figcaption class=\"blocks-gallery-caption wp-element-caption\">Lestes concinnus femelle, Australie (FNQ), Big Mitchell Creek Reserve, 09\/12\/2022<\/figcaption><\/figure>\n\n\n\n<div style=\"height:30px\" aria-hidden=\"true\" class=\"wp-block-spacer\"><\/div>\n\n\n\n<p style=\"font-size:13px\">-1- The Naming of Australia\u2019s Dragonflies, Ian Endersby &amp; Heinrich Fliedner, Busybird publishing.<br>-2- <a href=\"https:\/\/www.researchgate.net\/publication\/318723431_Lestes_concinnus_and_L_pallidus_two_non-metallic_species_with_wide_complementary_ranges_Odonata_Lestidae\">Lestes concinnus and L. pallidus : two non-metallic species with wide,complementary ranges (Odonata: Lestidae)<\/a>,Henri J. Dumont, Dietmar Ikemeyer &amp; Thomas Schneider, Odonatologica, 2017.<br>3- <a href=\"https:\/\/www.researchgate.net\/publication\/373156947_Why_did_William_Elford_Leach_call_a_small_damselfly_a_'pirate'_-_Revisiting_the_etymology_of_the_genus_Lestes_Odonata_Lestidae\">Why did William Elford Leach call a small damselfly a \u00ab\u00a0pirate\u00a0\u00bb ? \u2013 Revisiting the etymology of the genus Lestes (Odonata: Lestidae)<\/a>, Matti H\u00e4m\u00e4l\u00e4inen &amp; Heinrich Fliedner, Notulae odonatologicae 10(1) 2023:8-16<\/p>\n\n\n\n<div style=\"height:34px\" aria-hidden=\"true\" class=\"wp-block-spacer\"><\/div>\n\n\n\n<div class=\"wp-block-buttons is-layout-flex wp-block-buttons-is-layout-flex\">\n<div class=\"wp-block-button\"><a class=\"wp-block-button__link wp-element-button\" href=\"https:\/\/www.meslibellules.fr\/blog\/odonates-daustralie-australian-odonates\/\">Accueil Australie<\/a><\/div>\n<\/div>\n","protected":false},"excerpt":{"rendered":"<p>Nous avons rencontr\u00e9 Lestes concinnus dans le Territoire du Nord, en avril 2022 et au Queensland en d\u00e9cembre 2022. Bien s\u00fbr, ce sont des r\u00e9gions tropicales o\u00f9 les esp\u00e8ces sont, pour certaines, multi-voltines (plusieurs g\u00e9n\u00e9rations dans l&rsquo;ann\u00e9e). S&rsquo;il n&rsquo;est donc pas vraiment \u00e9tonnant de rencontrer l&rsquo;esp\u00e8ce \u00e0 8 mois d&rsquo;\u00e9cart, c&rsquo;est la diff\u00e9rence d&rsquo;aspect qui [&hellip;]<\/p>\n","protected":false},"author":1,"featured_media":0,"comment_status":"open","ping_status":"open","sticky":false,"template":"","format":"image","meta":{"site-sidebar-layout":"default","site-content-layout":"","ast-site-content-layout":"default","site-content-style":"default","site-sidebar-style":"default","ast-global-header-display":"","ast-banner-title-visibility":"","ast-main-header-display":"","ast-hfb-above-header-display":"","ast-hfb-below-header-display":"","ast-hfb-mobile-header-display":"","site-post-title":"","ast-breadcrumbs-content":"","ast-featured-img":"","footer-sml-layout":"","ast-disable-related-posts":"","theme-transparent-header-meta":"","adv-header-id-meta":"","stick-header-meta":"","header-above-stick-meta":"","header-main-stick-meta":"","header-below-stick-meta":"","astra-migrate-meta-layouts":"set","ast-page-background-enabled":"default","ast-page-background-meta":{"desktop":{"background-color":"var(--ast-global-color-4)","background-image":"","background-repeat":"repeat","background-position":"center center","background-size":"auto","background-attachment":"scroll","background-type":"","background-media":"","overlay-type":"","overlay-color":"","overlay-opacity":"","overlay-gradient":""},"tablet":{"background-color":"","background-image":"","background-repeat":"repeat","background-position":"center center","background-size":"auto","background-attachment":"scroll","background-type":"","background-media":"","overlay-type":"","overlay-color":"","overlay-opacity":"","overlay-gradient":""},"mobile":{"background-color":"","background-image":"","background-repeat":"repeat","background-position":"center center","background-size":"auto","background-attachment":"scroll","background-type":"","background-media":"","overlay-type":"","overlay-color":"","overlay-opacity":"","overlay-gradient":""}},"ast-content-background-meta":{"desktop":{"background-color":"var(--ast-global-color-5)","background-image":"","background-repeat":"repeat","background-position":"center center","background-size":"auto","background-attachment":"scroll","background-type":"","background-media":"","overlay-type":"","overlay-color":"","overlay-opacity":"","overlay-gradient":""},"tablet":{"background-color":"var(--ast-global-color-5)","background-image":"","background-repeat":"repeat","background-position":"center center","background-size":"auto","background-attachment":"scroll","background-type":"","background-media":"","overlay-type":"","overlay-color":"","overlay-opacity":"","overlay-gradient":""},"mobile":{"background-color":"var(--ast-global-color-5)","background-image":"","background-repeat":"repeat","background-position":"center center","background-size":"auto","background-attachment":"scroll","background-type":"","background-media":"","overlay-type":"","overlay-color":"","overlay-opacity":"","overlay-gradient":""}},"footnotes":""},"categories":[684,718],"tags":[687,719],"class_list":["post-16551","post","type-post","status-publish","format-image","hentry","category-australie-nt","category-lestidae-australie-nt","tag-australie","tag-lestidae-australie","post_format-post-format-image"],"yoast_head":"<!-- This site is optimized with the Yoast SEO plugin v27.5 - https:\/\/yoast.com\/product\/yoast-seo-wordpress\/ -->\n<title>Lestes concinnus - Mes Libellules<\/title>\n<meta name=\"description\" content=\"Lestes concinnus m\u00e2les et femelles, description, identification, taille, habitat, distribution g\u00e9ographique, \u00e9tymologie\" \/>\n<meta name=\"robots\" content=\"index, follow, max-snippet:-1, max-image-preview:large, max-video-preview:-1\" \/>\n<link rel=\"canonical\" href=\"https:\/\/www.meslibellules.fr\/blog\/2023\/10\/16\/lestes-concinnus\/\" \/>\n<meta property=\"og:locale\" content=\"fr_FR\" \/>\n<meta property=\"og:type\" content=\"article\" \/>\n<meta property=\"og:title\" content=\"Lestes concinnus - Mes Libellules\" \/>\n<meta property=\"og:description\" content=\"Lestes concinnus m\u00e2les et femelles, description, identification, taille, habitat, distribution g\u00e9ographique, \u00e9tymologie\" \/>\n<meta property=\"og:url\" content=\"https:\/\/www.meslibellules.fr\/blog\/2023\/10\/16\/lestes-concinnus\/\" \/>\n<meta property=\"og:site_name\" content=\"Mes Libellules\" \/>\n<meta property=\"article:publisher\" content=\"https:\/\/www.facebook.com\/benoit.guillon.96\/\" \/>\n<meta property=\"article:author\" content=\"https:\/\/www.facebook.com\/benoit.guillon.96\/\" \/>\n<meta property=\"article:published_time\" content=\"2023-10-16T16:06:25+00:00\" \/>\n<meta property=\"article:modified_time\" content=\"2025-01-29T03:01:12+00:00\" \/>\n<meta property=\"og:image\" content=\"https:\/\/www.meslibellules.fr\/blog\/wp-content\/uploads\/Lestes-concinnus-male-1.webp\" \/>\n\t<meta property=\"og:image:width\" content=\"1486\" \/>\n\t<meta property=\"og:image:height\" content=\"1204\" \/>\n\t<meta property=\"og:image:type\" content=\"image\/webp\" \/>\n<meta name=\"author\" content=\"Beno\u00eet Guillon\" \/>\n<meta name=\"twitter:card\" content=\"summary_large_image\" \/>\n<meta name=\"twitter:label1\" content=\"\u00c9crit par\" \/>\n\t<meta name=\"twitter:data1\" content=\"Beno\u00eet Guillon\" \/>\n<script type=\"application\/ld+json\" class=\"yoast-schema-graph\">{\"@context\":\"https:\\\/\\\/schema.org\",\"@graph\":[{\"@type\":\"Article\",\"@id\":\"https:\\\/\\\/www.meslibellules.fr\\\/blog\\\/2023\\\/10\\\/16\\\/lestes-concinnus\\\/#article\",\"isPartOf\":{\"@id\":\"https:\\\/\\\/www.meslibellules.fr\\\/blog\\\/2023\\\/10\\\/16\\\/lestes-concinnus\\\/\"},\"author\":{\"name\":\"Beno\u00eet Guillon\",\"@id\":\"https:\\\/\\\/www.meslibellules.fr\\\/blog\\\/#\\\/schema\\\/person\\\/9aa3586f9dd053fcf329f43b8b053c77\"},\"headline\":\"Lestes concinnus (Hagen et Selys ou Hagen in Selys, 1862)\",\"datePublished\":\"2023-10-16T16:06:25+00:00\",\"dateModified\":\"2025-01-29T03:01:12+00:00\",\"mainEntityOfPage\":{\"@id\":\"https:\\\/\\\/www.meslibellules.fr\\\/blog\\\/2023\\\/10\\\/16\\\/lestes-concinnus\\\/\"},\"wordCount\":793,\"commentCount\":0,\"publisher\":{\"@id\":\"https:\\\/\\\/www.meslibellules.fr\\\/blog\\\/#\\\/schema\\\/person\\\/9aa3586f9dd053fcf329f43b8b053c77\"},\"image\":{\"@id\":\"https:\\\/\\\/www.meslibellules.fr\\\/blog\\\/2023\\\/10\\\/16\\\/lestes-concinnus\\\/#primaryimage\"},\"thumbnailUrl\":\"https:\\\/\\\/www.meslibellules.fr\\\/blog\\\/wp-content\\\/uploads\\\/Lestes-concinnus-male-1.webp\",\"keywords\":[\"Australie\",\"Lestidae-Australie\"],\"articleSection\":[\"Australie (NT, WA &amp; FNQ)\",\"Lestidae\"],\"inLanguage\":\"fr-FR\",\"potentialAction\":[{\"@type\":\"CommentAction\",\"name\":\"Comment\",\"target\":[\"https:\\\/\\\/www.meslibellules.fr\\\/blog\\\/2023\\\/10\\\/16\\\/lestes-concinnus\\\/#respond\"]}]},{\"@type\":\"WebPage\",\"@id\":\"https:\\\/\\\/www.meslibellules.fr\\\/blog\\\/2023\\\/10\\\/16\\\/lestes-concinnus\\\/\",\"url\":\"https:\\\/\\\/www.meslibellules.fr\\\/blog\\\/2023\\\/10\\\/16\\\/lestes-concinnus\\\/\",\"name\":\"Lestes concinnus - Mes Libellules\",\"isPartOf\":{\"@id\":\"https:\\\/\\\/www.meslibellules.fr\\\/blog\\\/#website\"},\"primaryImageOfPage\":{\"@id\":\"https:\\\/\\\/www.meslibellules.fr\\\/blog\\\/2023\\\/10\\\/16\\\/lestes-concinnus\\\/#primaryimage\"},\"image\":{\"@id\":\"https:\\\/\\\/www.meslibellules.fr\\\/blog\\\/2023\\\/10\\\/16\\\/lestes-concinnus\\\/#primaryimage\"},\"thumbnailUrl\":\"https:\\\/\\\/www.meslibellules.fr\\\/blog\\\/wp-content\\\/uploads\\\/Lestes-concinnus-male-1.webp\",\"datePublished\":\"2023-10-16T16:06:25+00:00\",\"dateModified\":\"2025-01-29T03:01:12+00:00\",\"description\":\"Lestes concinnus m\u00e2les et femelles, description, identification, taille, habitat, distribution g\u00e9ographique, \u00e9tymologie\",\"breadcrumb\":{\"@id\":\"https:\\\/\\\/www.meslibellules.fr\\\/blog\\\/2023\\\/10\\\/16\\\/lestes-concinnus\\\/#breadcrumb\"},\"inLanguage\":\"fr-FR\",\"potentialAction\":[{\"@type\":\"ReadAction\",\"target\":[\"https:\\\/\\\/www.meslibellules.fr\\\/blog\\\/2023\\\/10\\\/16\\\/lestes-concinnus\\\/\"]}]},{\"@type\":\"ImageObject\",\"inLanguage\":\"fr-FR\",\"@id\":\"https:\\\/\\\/www.meslibellules.fr\\\/blog\\\/2023\\\/10\\\/16\\\/lestes-concinnus\\\/#primaryimage\",\"url\":\"https:\\\/\\\/www.meslibellules.fr\\\/blog\\\/wp-content\\\/uploads\\\/Lestes-concinnus-male-1.webp\",\"contentUrl\":\"https:\\\/\\\/www.meslibellules.fr\\\/blog\\\/wp-content\\\/uploads\\\/Lestes-concinnus-male-1.webp\",\"width\":1486,\"height\":1204,\"caption\":\"Lestes concinnus m\u00e2le, Australie (NT), Lietchfield Camp Site, 15\\\/04\\\/2022\"},{\"@type\":\"BreadcrumbList\",\"@id\":\"https:\\\/\\\/www.meslibellules.fr\\\/blog\\\/2023\\\/10\\\/16\\\/lestes-concinnus\\\/#breadcrumb\",\"itemListElement\":[{\"@type\":\"ListItem\",\"position\":1,\"name\":\"Accueil\",\"item\":\"https:\\\/\\\/www.meslibellules.fr\\\/blog\\\/\"},{\"@type\":\"ListItem\",\"position\":2,\"name\":\"Lestes concinnus (Hagen et Selys ou Hagen in Selys, 1862)\"}]},{\"@type\":\"WebSite\",\"@id\":\"https:\\\/\\\/www.meslibellules.fr\\\/blog\\\/#website\",\"url\":\"https:\\\/\\\/www.meslibellules.fr\\\/blog\\\/\",\"name\":\"Mes Libellules\",\"description\":\"Pr\u00e9sentation des libellules rencontr\u00e9es dans le monde\",\"publisher\":{\"@id\":\"https:\\\/\\\/www.meslibellules.fr\\\/blog\\\/#\\\/schema\\\/person\\\/9aa3586f9dd053fcf329f43b8b053c77\"},\"potentialAction\":[{\"@type\":\"SearchAction\",\"target\":{\"@type\":\"EntryPoint\",\"urlTemplate\":\"https:\\\/\\\/www.meslibellules.fr\\\/blog\\\/?s={search_term_string}\"},\"query-input\":{\"@type\":\"PropertyValueSpecification\",\"valueRequired\":true,\"valueName\":\"search_term_string\"}}],\"inLanguage\":\"fr-FR\"},{\"@type\":[\"Person\",\"Organization\"],\"@id\":\"https:\\\/\\\/www.meslibellules.fr\\\/blog\\\/#\\\/schema\\\/person\\\/9aa3586f9dd053fcf329f43b8b053c77\",\"name\":\"Beno\u00eet Guillon\",\"image\":{\"@type\":\"ImageObject\",\"inLanguage\":\"fr-FR\",\"@id\":\"https:\\\/\\\/www.meslibellules.fr\\\/blog\\\/wp-content\\\/uploads\\\/cropped-avatar-150-pix.jpg\",\"url\":\"https:\\\/\\\/www.meslibellules.fr\\\/blog\\\/wp-content\\\/uploads\\\/cropped-avatar-150-pix.jpg\",\"contentUrl\":\"https:\\\/\\\/www.meslibellules.fr\\\/blog\\\/wp-content\\\/uploads\\\/cropped-avatar-150-pix.jpg\",\"width\":150,\"height\":137,\"caption\":\"Beno\u00eet Guillon\"},\"logo\":{\"@id\":\"https:\\\/\\\/www.meslibellules.fr\\\/blog\\\/wp-content\\\/uploads\\\/cropped-avatar-150-pix.jpg\"},\"sameAs\":[\"https:\\\/\\\/www.facebook.com\\\/benoit.guillon.96\\\/\"]}]}<\/script>\n<!-- \/ Yoast SEO plugin. -->","yoast_head_json":{"title":"Lestes concinnus - Mes Libellules","description":"Lestes concinnus m\u00e2les et femelles, description, identification, taille, habitat, distribution g\u00e9ographique, \u00e9tymologie","robots":{"index":"index","follow":"follow","max-snippet":"max-snippet:-1","max-image-preview":"max-image-preview:large","max-video-preview":"max-video-preview:-1"},"canonical":"https:\/\/www.meslibellules.fr\/blog\/2023\/10\/16\/lestes-concinnus\/","og_locale":"fr_FR","og_type":"article","og_title":"Lestes concinnus - Mes Libellules","og_description":"Lestes concinnus m\u00e2les et femelles, description, identification, taille, habitat, distribution g\u00e9ographique, \u00e9tymologie","og_url":"https:\/\/www.meslibellules.fr\/blog\/2023\/10\/16\/lestes-concinnus\/","og_site_name":"Mes Libellules","article_publisher":"https:\/\/www.facebook.com\/benoit.guillon.96\/","article_author":"https:\/\/www.facebook.com\/benoit.guillon.96\/","article_published_time":"2023-10-16T16:06:25+00:00","article_modified_time":"2025-01-29T03:01:12+00:00","og_image":[{"width":1486,"height":1204,"url":"https:\/\/www.meslibellules.fr\/blog\/wp-content\/uploads\/Lestes-concinnus-male-1.webp","type":"image\/webp"}],"author":"Beno\u00eet Guillon","twitter_card":"summary_large_image","twitter_misc":{"\u00c9crit par":"Beno\u00eet Guillon"},"schema":{"@context":"https:\/\/schema.org","@graph":[{"@type":"Article","@id":"https:\/\/www.meslibellules.fr\/blog\/2023\/10\/16\/lestes-concinnus\/#article","isPartOf":{"@id":"https:\/\/www.meslibellules.fr\/blog\/2023\/10\/16\/lestes-concinnus\/"},"author":{"name":"Beno\u00eet Guillon","@id":"https:\/\/www.meslibellules.fr\/blog\/#\/schema\/person\/9aa3586f9dd053fcf329f43b8b053c77"},"headline":"Lestes concinnus (Hagen et Selys ou Hagen in Selys, 1862)","datePublished":"2023-10-16T16:06:25+00:00","dateModified":"2025-01-29T03:01:12+00:00","mainEntityOfPage":{"@id":"https:\/\/www.meslibellules.fr\/blog\/2023\/10\/16\/lestes-concinnus\/"},"wordCount":793,"commentCount":0,"publisher":{"@id":"https:\/\/www.meslibellules.fr\/blog\/#\/schema\/person\/9aa3586f9dd053fcf329f43b8b053c77"},"image":{"@id":"https:\/\/www.meslibellules.fr\/blog\/2023\/10\/16\/lestes-concinnus\/#primaryimage"},"thumbnailUrl":"https:\/\/www.meslibellules.fr\/blog\/wp-content\/uploads\/Lestes-concinnus-male-1.webp","keywords":["Australie","Lestidae-Australie"],"articleSection":["Australie (NT, WA &amp; FNQ)","Lestidae"],"inLanguage":"fr-FR","potentialAction":[{"@type":"CommentAction","name":"Comment","target":["https:\/\/www.meslibellules.fr\/blog\/2023\/10\/16\/lestes-concinnus\/#respond"]}]},{"@type":"WebPage","@id":"https:\/\/www.meslibellules.fr\/blog\/2023\/10\/16\/lestes-concinnus\/","url":"https:\/\/www.meslibellules.fr\/blog\/2023\/10\/16\/lestes-concinnus\/","name":"Lestes concinnus - Mes Libellules","isPartOf":{"@id":"https:\/\/www.meslibellules.fr\/blog\/#website"},"primaryImageOfPage":{"@id":"https:\/\/www.meslibellules.fr\/blog\/2023\/10\/16\/lestes-concinnus\/#primaryimage"},"image":{"@id":"https:\/\/www.meslibellules.fr\/blog\/2023\/10\/16\/lestes-concinnus\/#primaryimage"},"thumbnailUrl":"https:\/\/www.meslibellules.fr\/blog\/wp-content\/uploads\/Lestes-concinnus-male-1.webp","datePublished":"2023-10-16T16:06:25+00:00","dateModified":"2025-01-29T03:01:12+00:00","description":"Lestes concinnus m\u00e2les et femelles, description, identification, taille, habitat, distribution g\u00e9ographique, \u00e9tymologie","breadcrumb":{"@id":"https:\/\/www.meslibellules.fr\/blog\/2023\/10\/16\/lestes-concinnus\/#breadcrumb"},"inLanguage":"fr-FR","potentialAction":[{"@type":"ReadAction","target":["https:\/\/www.meslibellules.fr\/blog\/2023\/10\/16\/lestes-concinnus\/"]}]},{"@type":"ImageObject","inLanguage":"fr-FR","@id":"https:\/\/www.meslibellules.fr\/blog\/2023\/10\/16\/lestes-concinnus\/#primaryimage","url":"https:\/\/www.meslibellules.fr\/blog\/wp-content\/uploads\/Lestes-concinnus-male-1.webp","contentUrl":"https:\/\/www.meslibellules.fr\/blog\/wp-content\/uploads\/Lestes-concinnus-male-1.webp","width":1486,"height":1204,"caption":"Lestes concinnus m\u00e2le, Australie (NT), Lietchfield Camp Site, 15\/04\/2022"},{"@type":"BreadcrumbList","@id":"https:\/\/www.meslibellules.fr\/blog\/2023\/10\/16\/lestes-concinnus\/#breadcrumb","itemListElement":[{"@type":"ListItem","position":1,"name":"Accueil","item":"https:\/\/www.meslibellules.fr\/blog\/"},{"@type":"ListItem","position":2,"name":"Lestes concinnus (Hagen et Selys ou Hagen in Selys, 1862)"}]},{"@type":"WebSite","@id":"https:\/\/www.meslibellules.fr\/blog\/#website","url":"https:\/\/www.meslibellules.fr\/blog\/","name":"Mes Libellules","description":"Pr\u00e9sentation des libellules rencontr\u00e9es dans le monde","publisher":{"@id":"https:\/\/www.meslibellules.fr\/blog\/#\/schema\/person\/9aa3586f9dd053fcf329f43b8b053c77"},"potentialAction":[{"@type":"SearchAction","target":{"@type":"EntryPoint","urlTemplate":"https:\/\/www.meslibellules.fr\/blog\/?s={search_term_string}"},"query-input":{"@type":"PropertyValueSpecification","valueRequired":true,"valueName":"search_term_string"}}],"inLanguage":"fr-FR"},{"@type":["Person","Organization"],"@id":"https:\/\/www.meslibellules.fr\/blog\/#\/schema\/person\/9aa3586f9dd053fcf329f43b8b053c77","name":"Beno\u00eet Guillon","image":{"@type":"ImageObject","inLanguage":"fr-FR","@id":"https:\/\/www.meslibellules.fr\/blog\/wp-content\/uploads\/cropped-avatar-150-pix.jpg","url":"https:\/\/www.meslibellules.fr\/blog\/wp-content\/uploads\/cropped-avatar-150-pix.jpg","contentUrl":"https:\/\/www.meslibellules.fr\/blog\/wp-content\/uploads\/cropped-avatar-150-pix.jpg","width":150,"height":137,"caption":"Beno\u00eet Guillon"},"logo":{"@id":"https:\/\/www.meslibellules.fr\/blog\/wp-content\/uploads\/cropped-avatar-150-pix.jpg"},"sameAs":["https:\/\/www.facebook.com\/benoit.guillon.96\/"]}]}},"_links":{"self":[{"href":"https:\/\/www.meslibellules.fr\/blog\/wp-json\/wp\/v2\/posts\/16551","targetHints":{"allow":["GET"]}}],"collection":[{"href":"https:\/\/www.meslibellules.fr\/blog\/wp-json\/wp\/v2\/posts"}],"about":[{"href":"https:\/\/www.meslibellules.fr\/blog\/wp-json\/wp\/v2\/types\/post"}],"author":[{"embeddable":true,"href":"https:\/\/www.meslibellules.fr\/blog\/wp-json\/wp\/v2\/users\/1"}],"replies":[{"embeddable":true,"href":"https:\/\/www.meslibellules.fr\/blog\/wp-json\/wp\/v2\/comments?post=16551"}],"version-history":[{"count":0,"href":"https:\/\/www.meslibellules.fr\/blog\/wp-json\/wp\/v2\/posts\/16551\/revisions"}],"wp:attachment":[{"href":"https:\/\/www.meslibellules.fr\/blog\/wp-json\/wp\/v2\/media?parent=16551"}],"wp:term":[{"taxonomy":"category","embeddable":true,"href":"https:\/\/www.meslibellules.fr\/blog\/wp-json\/wp\/v2\/categories?post=16551"},{"taxonomy":"post_tag","embeddable":true,"href":"https:\/\/www.meslibellules.fr\/blog\/wp-json\/wp\/v2\/tags?post=16551"}],"curies":[{"name":"wp","href":"https:\/\/api.w.org\/{rel}","templated":true}]}}