{"id":17081,"date":"2023-11-26T18:10:44","date_gmt":"2023-11-26T17:10:44","guid":{"rendered":"https:\/\/www.meslibellules.fr\/blog\/?p=17081"},"modified":"2024-03-24T22:34:15","modified_gmt":"2024-03-24T21:34:15","slug":"argia-euphorbia","status":"publish","type":"post","link":"https:\/\/www.meslibellules.fr\/blog\/2023\/11\/26\/argia-euphorbia\/","title":{"rendered":"Argia euphorbia (Fraser, 1946)"},"content":{"rendered":"\n<figure class=\"wp-block-image aligncenter size-full is-resized\"><a href=\"https:\/\/www.meslibellules.fr\/blog\/wp-content\/uploads\/Argia-euphorbia-male-1.webp\"><img decoding=\"async\" width=\"2171\" height=\"1204\" data-src=\"https:\/\/www.meslibellules.fr\/blog\/wp-content\/uploads\/Argia-euphorbia-male-1.webp\" alt=\"Argia euphorbia m\u00e2le, P\u00e9rou, ARC, Chino, 1610, 16\/08\/2023\" class=\"wp-image-17071 lazyload\" style=\"--smush-placeholder-width: 2171px; --smush-placeholder-aspect-ratio: 2171\/1204;width:617px;height:auto\" data-srcset=\"https:\/\/www.meslibellules.fr\/blog\/wp-content\/uploads\/Argia-euphorbia-male-1.webp 2171w, https:\/\/www.meslibellules.fr\/blog\/wp-content\/uploads\/Argia-euphorbia-male-1-768x426.webp 768w, https:\/\/www.meslibellules.fr\/blog\/wp-content\/uploads\/Argia-euphorbia-male-1-1536x852.webp 1536w, https:\/\/www.meslibellules.fr\/blog\/wp-content\/uploads\/Argia-euphorbia-male-1-2048x1136.webp 2048w\" data-sizes=\"(max-width: 2171px) 100vw, 2171px\" src=\"data:image\/svg+xml;base64,PHN2ZyB3aWR0aD0iMSIgaGVpZ2h0PSIxIiB4bWxucz0iaHR0cDovL3d3dy53My5vcmcvMjAwMC9zdmciPjwvc3ZnPg==\" \/><\/a><figcaption class=\"wp-element-caption\">Argia euphorbia m\u00e2le, P\u00e9rou, ARC, Chino, 1610, 16\/08\/2023<\/figcaption><\/figure>\n\n\n\n<p>Argia euphorbia, Coenagrionidae, fait partie de ces <em>Dancers<\/em> (nom du genre Argia en anglais) aux ailes fum\u00e9es, un des 28 (!) du P\u00e9rou ; comme ceux aux yeux rouges, ils font partie des plus spectaculaires. Il est facile \u00e0 identifier parmi les cinq esp\u00e8ces que nous avons rencontr\u00e9es durant ce s\u00e9jour de prospection, c&rsquo;est le seul \u00e0 associer ailes fum\u00e9es et coloration sur S8 et S9.<\/p>\n\n\n\n<figure class=\"wp-block-image aligncenter size-full is-resized\"><a href=\"https:\/\/www.meslibellules.fr\/blog\/wp-content\/uploads\/Argia-euphorbia-male-2-1.webp\"><img decoding=\"async\" width=\"2305\" height=\"1204\" data-src=\"https:\/\/www.meslibellules.fr\/blog\/wp-content\/uploads\/Argia-euphorbia-male-2-1.webp\" alt=\"Argia euphorbia m\u00e2le, P\u00e9rou, ARC, Chino, 1610, 16\/08\/2023\" class=\"wp-image-17080 lazyload\" style=\"--smush-placeholder-width: 2305px; --smush-placeholder-aspect-ratio: 2305\/1204;width:620px;height:auto\" data-srcset=\"https:\/\/www.meslibellules.fr\/blog\/wp-content\/uploads\/Argia-euphorbia-male-2-1.webp 2305w, https:\/\/www.meslibellules.fr\/blog\/wp-content\/uploads\/Argia-euphorbia-male-2-1-768x401.webp 768w, https:\/\/www.meslibellules.fr\/blog\/wp-content\/uploads\/Argia-euphorbia-male-2-1-1536x802.webp 1536w, https:\/\/www.meslibellules.fr\/blog\/wp-content\/uploads\/Argia-euphorbia-male-2-1-2048x1070.webp 2048w\" data-sizes=\"(max-width: 2305px) 100vw, 2305px\" src=\"data:image\/svg+xml;base64,PHN2ZyB3aWR0aD0iMSIgaGVpZ2h0PSIxIiB4bWxucz0iaHR0cDovL3d3dy53My5vcmcvMjAwMC9zdmciPjwvc3ZnPg==\" \/><\/a><figcaption class=\"wp-element-caption\">Argia euphorbia m\u00e2le, P\u00e9rou, ARC, Chino, 1610, 16\/08\/2023<\/figcaption><\/figure>\n\n\n\n<p>Comme le montrent les photos ci-dessus et ci-dessous, il est quelque peu variable, surtout en ce qui concerne la bande ant\u00e9hum\u00e9rale convexe vers le bas, qui est plus ou moins compl\u00e8te. Lorsqu&rsquo;elle est compl\u00e8te, il est tr\u00e8s proche de A. fumigata, que je n&rsquo;ai jamais rencontr\u00e9 et qui n&rsquo;est pas pr\u00e9sent au P\u00e9rou. Il est aussi proche de A. oculata, qui ne serait pr\u00e9sent qu&rsquo;au sud du P\u00e9rou.<\/p>\n\n\n\n<figure class=\"wp-block-gallery has-nested-images columns-default is-cropped wp-block-gallery-1 is-layout-flex wp-block-gallery-is-layout-flex\">\n<figure class=\"wp-block-image size-large\"><a href=\"https:\/\/www.meslibellules.fr\/blog\/wp-content\/uploads\/Argia-euphorbia-male-5.webp\"><img decoding=\"async\" width=\"1155\" height=\"1204\" data-id=\"17075\" data-src=\"https:\/\/www.meslibellules.fr\/blog\/wp-content\/uploads\/Argia-euphorbia-male-5.webp\" alt=\"Argia euphorbia m\u00e2le, P\u00e9rou, ARC, Chino, 1610, 18\/08\/2023\" class=\"wp-image-17075 lazyload\" data-srcset=\"https:\/\/www.meslibellules.fr\/blog\/wp-content\/uploads\/Argia-euphorbia-male-5.webp 1155w, https:\/\/www.meslibellules.fr\/blog\/wp-content\/uploads\/Argia-euphorbia-male-5-768x801.webp 768w\" data-sizes=\"(max-width: 1155px) 100vw, 1155px\" src=\"data:image\/svg+xml;base64,PHN2ZyB3aWR0aD0iMSIgaGVpZ2h0PSIxIiB4bWxucz0iaHR0cDovL3d3dy53My5vcmcvMjAwMC9zdmciPjwvc3ZnPg==\" style=\"--smush-placeholder-width: 1155px; --smush-placeholder-aspect-ratio: 1155\/1204;\" \/><\/a><\/figure>\n\n\n\n<figure class=\"wp-block-image size-large\"><a href=\"https:\/\/www.meslibellules.fr\/blog\/wp-content\/uploads\/Argia-euphorbia-male-7.webp\"><img decoding=\"async\" width=\"1403\" height=\"1204\" data-id=\"17077\" data-src=\"https:\/\/www.meslibellules.fr\/blog\/wp-content\/uploads\/Argia-euphorbia-male-7.webp\" alt=\"M\u00e2le, P\u00e9rou, ARC, Chino, 1610, 16\/08\/2023\" class=\"wp-image-17077 lazyload\" data-srcset=\"https:\/\/www.meslibellules.fr\/blog\/wp-content\/uploads\/Argia-euphorbia-male-7.webp 1403w, https:\/\/www.meslibellules.fr\/blog\/wp-content\/uploads\/Argia-euphorbia-male-7-768x659.webp 768w\" data-sizes=\"(max-width: 1403px) 100vw, 1403px\" src=\"data:image\/svg+xml;base64,PHN2ZyB3aWR0aD0iMSIgaGVpZ2h0PSIxIiB4bWxucz0iaHR0cDovL3d3dy53My5vcmcvMjAwMC9zdmciPjwvc3ZnPg==\" style=\"--smush-placeholder-width: 1403px; --smush-placeholder-aspect-ratio: 1403\/1204;\" \/><\/a><\/figure>\n<figcaption class=\"blocks-gallery-caption wp-element-caption\">Argia euphorbia m\u00e2le, P\u00e9rou, ARC, Chino, 1610, 16\/08\/2023<\/figcaption><\/figure>\n\n\n\n<p>Il mesure environ 33 mm pour un abdomen de 25.5.<br>Nous l&rsquo;avons rencontr\u00e9 \u00e0 proximit\u00e9 ou sur les rives de petits ruisseaux, en for\u00eat humide, dans des zones bien \u00e9clair\u00e9es.<\/p>\n\n\n\n<figure class=\"wp-block-gallery aligncenter has-nested-images columns-default wp-block-gallery-2 is-layout-flex wp-block-gallery-is-layout-flex\">\n<figure class=\"wp-block-image size-full\"><a href=\"https:\/\/www.meslibellules.fr\/blog\/wp-content\/uploads\/Argia-euphorbia-male-4.webp\"><img decoding=\"async\" width=\"1876\" height=\"1204\" data-id=\"17074\" data-src=\"https:\/\/www.meslibellules.fr\/blog\/wp-content\/uploads\/Argia-euphorbia-male-4.webp\" alt=\"Argia euphorbia m\u00e2le, P\u00e9rou, ARC, Chino, 1610, 20\/08\/2023\" class=\"wp-image-17074 lazyload\" data-srcset=\"https:\/\/www.meslibellules.fr\/blog\/wp-content\/uploads\/Argia-euphorbia-male-4.webp 1876w, https:\/\/www.meslibellules.fr\/blog\/wp-content\/uploads\/Argia-euphorbia-male-4-768x493.webp 768w, https:\/\/www.meslibellules.fr\/blog\/wp-content\/uploads\/Argia-euphorbia-male-4-1536x986.webp 1536w\" data-sizes=\"(max-width: 1876px) 100vw, 1876px\" src=\"data:image\/svg+xml;base64,PHN2ZyB3aWR0aD0iMSIgaGVpZ2h0PSIxIiB4bWxucz0iaHR0cDovL3d3dy53My5vcmcvMjAwMC9zdmciPjwvc3ZnPg==\" style=\"--smush-placeholder-width: 1876px; --smush-placeholder-aspect-ratio: 1876\/1204;\" \/><\/a><\/figure>\n\n\n\n<figure class=\"wp-block-image aligncenter size-full\"><a href=\"https:\/\/www.meslibellules.fr\/blog\/wp-content\/uploads\/Argia-euphorbia-male-3.webp\"><img decoding=\"async\" width=\"2432\" height=\"1204\" data-id=\"17073\" data-src=\"https:\/\/www.meslibellules.fr\/blog\/wp-content\/uploads\/Argia-euphorbia-male-3.webp\" alt=\"Argia euphorbia m\u00e2le, P\u00e9rou, ARC, Chino, 1610, 18\/08\/2023\" class=\"wp-image-17073 lazyload\" data-srcset=\"https:\/\/www.meslibellules.fr\/blog\/wp-content\/uploads\/Argia-euphorbia-male-3.webp 2432w, https:\/\/www.meslibellules.fr\/blog\/wp-content\/uploads\/Argia-euphorbia-male-3-768x380.webp 768w, https:\/\/www.meslibellules.fr\/blog\/wp-content\/uploads\/Argia-euphorbia-male-3-1536x760.webp 1536w, https:\/\/www.meslibellules.fr\/blog\/wp-content\/uploads\/Argia-euphorbia-male-3-2048x1014.webp 2048w\" data-sizes=\"(max-width: 2432px) 100vw, 2432px\" src=\"data:image\/svg+xml;base64,PHN2ZyB3aWR0aD0iMSIgaGVpZ2h0PSIxIiB4bWxucz0iaHR0cDovL3d3dy53My5vcmcvMjAwMC9zdmciPjwvc3ZnPg==\" style=\"--smush-placeholder-width: 2432px; --smush-placeholder-aspect-ratio: 2432\/1204;\" \/><\/a><\/figure>\n<figcaption class=\"blocks-gallery-caption wp-element-caption\">Argia euphorbia m\u00e2le, P\u00e9rou, ARC, Chino, 1610, 20 &amp; 18\/08\/2023<\/figcaption><\/figure>\n\n\n\n<p>C&rsquo;est une esp\u00e8ce rare pour laquelle il y a peu de donn\u00e9es, la distribution est donc forc\u00e9ment incompl\u00e8te. Le mieux est de faire  confiance aux sp\u00e9cialistes mondiaux du genre que sont Garrison et Von Ellenreider : \u00ab\u00a0Pr\u00e9sent le long des franges ouest et sud-ouest du bouclier guyanais et du bassin amazonien s&rsquo;\u00e9tendant \u00e0 l&rsquo;ouest jusqu&rsquo;\u00e0 l&rsquo;\u00c9quateur et au P\u00e9rou et au sud dans l&rsquo;\u00c9tat de Rond\u00f4nia, au Br\u00e9sil (2).\u00a0\u00bb<br><a href=\"https:\/\/www.iucnredlist.org\/species\/49254569\/49255153#geographic-range\">IUCN Red List<\/a><\/p>\n\n\n\n<div class=\"wp-block-media-text is-stacked-on-mobile\"><figure class=\"wp-block-media-text__media\"><a href=\"https:\/\/www.meslibellules.fr\/blog\/wp-content\/uploads\/Argia-euphorbia-male-6.webp\"><img decoding=\"async\" width=\"1320\" height=\"1204\" data-src=\"https:\/\/www.meslibellules.fr\/blog\/wp-content\/uploads\/Argia-euphorbia-male-6.webp\" alt=\"M\u00e2le, P\u00e9rou, ARC, Chino, 1610, 21\/08\/2023\" class=\"wp-image-17076 size-full lazyload\" data-srcset=\"https:\/\/www.meslibellules.fr\/blog\/wp-content\/uploads\/Argia-euphorbia-male-6.webp 1320w, https:\/\/www.meslibellules.fr\/blog\/wp-content\/uploads\/Argia-euphorbia-male-6-768x701.webp 768w\" data-sizes=\"(max-width: 1320px) 100vw, 1320px\" src=\"data:image\/svg+xml;base64,PHN2ZyB3aWR0aD0iMSIgaGVpZ2h0PSIxIiB4bWxucz0iaHR0cDovL3d3dy53My5vcmcvMjAwMC9zdmciPjwvc3ZnPg==\" style=\"--smush-placeholder-width: 1320px; --smush-placeholder-aspect-ratio: 1320\/1204;\" \/><\/a><\/figure><div class=\"wp-block-media-text__content\">\n<p>Dans la mythologie grecque, <strong>Argia<\/strong> (1) est le nom de plusieurs personnages f\u00e9minins de la mythologie grecque ; il ne faut sans doute pourtant pas chercher de lien et il semble plut\u00f4t que Rambur ait choisi un nom de genre aussi pr\u00e8s que possible de Agrion, dont la nervation, dit-il, est similaire : \u00ab\u00a0par le pt\u00e9rostigma et les deux nervules du premier espace costal, ils se rapprochent des Agrion\u201d.<\/p>\n\n\n\n<p>Argia euphorbia m\u00e2le, P\u00e9rou, ARC, Chino, 1610, 21\/08\/2023<\/p>\n<\/div><\/div>\n\n\n\n<div style=\"height:19px\" aria-hidden=\"true\" class=\"wp-block-spacer\"><\/div>\n\n\n\n<div class=\"wp-block-media-text has-media-on-the-right is-stacked-on-mobile\" style=\"grid-template-columns:auto 55%\"><div class=\"wp-block-media-text__content\">\n<p><\/p>\n\n\n\n<p><strong>Euphorbia<\/strong> est le nom donn\u00e9 par Fraser, qui avait d&rsquo;abord trait\u00e9 cette esp\u00e8ce comme une sous-esp\u00e8ce de A. extranea. Euphorbe, dans la mythologie grecque, est un des plus illustres guerrier troyen, mais encore une fois, il n&rsquo;y a vraisemblablement aucun rapport&#8230; Rien dans la description originale (3) ne permet de comprendre  pourquoi il l&rsquo;a nomm\u00e9 ainsi ; je n&rsquo;ai vu mentionn\u00e9 nulle part une quelconque affinit\u00e9 de l&rsquo;esp\u00e8ce (de la ponte par exemple) pour les <em>euphorbes<\/em>.<\/p>\n<\/div><figure class=\"wp-block-media-text__media\"><a href=\"https:\/\/www.meslibellules.fr\/blog\/wp-content\/uploads\/Argia-euphorbia-tandem-2.webp\"><img decoding=\"async\" width=\"2188\" height=\"1193\" data-src=\"https:\/\/www.meslibellules.fr\/blog\/wp-content\/uploads\/Argia-euphorbia-tandem-2.webp\" alt=\"Argia euphorbia m\u00e2le, P\u00e9rou, ARC, Chino, 1610, 16\/08\/2023\" class=\"wp-image-17079 size-full lazyload\" data-srcset=\"https:\/\/www.meslibellules.fr\/blog\/wp-content\/uploads\/Argia-euphorbia-tandem-2.webp 2188w, https:\/\/www.meslibellules.fr\/blog\/wp-content\/uploads\/Argia-euphorbia-tandem-2-768x419.webp 768w, https:\/\/www.meslibellules.fr\/blog\/wp-content\/uploads\/Argia-euphorbia-tandem-2-1536x837.webp 1536w, https:\/\/www.meslibellules.fr\/blog\/wp-content\/uploads\/Argia-euphorbia-tandem-2-2048x1117.webp 2048w\" data-sizes=\"(max-width: 2188px) 100vw, 2188px\" src=\"data:image\/svg+xml;base64,PHN2ZyB3aWR0aD0iMSIgaGVpZ2h0PSIxIiB4bWxucz0iaHR0cDovL3d3dy53My5vcmcvMjAwMC9zdmciPjwvc3ZnPg==\" style=\"--smush-placeholder-width: 2188px; --smush-placeholder-aspect-ratio: 2188\/1193;\" \/><\/a><\/figure><\/div>\n\n\n\n<div style=\"height:18px\" aria-hidden=\"true\" class=\"wp-block-spacer\"><\/div>\n\n\n\n<div class=\"wp-block-media-text is-stacked-on-mobile\"><figure class=\"wp-block-media-text__media\"><a href=\"https:\/\/www.meslibellules.fr\/blog\/wp-content\/uploads\/Argia-euphorbia-tandem-1.webp\"><img decoding=\"async\" width=\"1320\" height=\"1204\" data-src=\"https:\/\/www.meslibellules.fr\/blog\/wp-content\/uploads\/Argia-euphorbia-tandem-1.webp\" alt=\"Photo d'un couple, P\u00e9rou, ARC, Chino, 1610, 16\/08\/2023\" class=\"wp-image-17078 size-full lazyload\" data-srcset=\"https:\/\/www.meslibellules.fr\/blog\/wp-content\/uploads\/Argia-euphorbia-tandem-1.webp 1320w, https:\/\/www.meslibellules.fr\/blog\/wp-content\/uploads\/Argia-euphorbia-tandem-1-768x701.webp 768w\" data-sizes=\"(max-width: 1320px) 100vw, 1320px\" src=\"data:image\/svg+xml;base64,PHN2ZyB3aWR0aD0iMSIgaGVpZ2h0PSIxIiB4bWxucz0iaHR0cDovL3d3dy53My5vcmcvMjAwMC9zdmciPjwvc3ZnPg==\" style=\"--smush-placeholder-width: 1320px; --smush-placeholder-aspect-ratio: 1320\/1204;\" \/><\/a><\/figure><div class=\"wp-block-media-text__content\">\n<p>Sur les photos de ces deux couples, les seules occasions o\u00f9 j&rsquo;ai aper\u00e7u des femelles, on note leur variabilit\u00e9 ; comme tr\u00e8s souvent dans ce genre, les femelles se pr\u00e9sentent sous plusieurs formes, au moins une dite <em>androchrome<\/em>, l&rsquo;autre dite <em>terne<\/em>.<br><br>Les 2 couples ont \u00e9t\u00e9 photographi\u00e9es sur le m\u00eame ruisseau, le 16\/08\/2023, pr\u00e8s de l&rsquo;Amazon Research Center, pr\u00e8s de Chino.<\/p>\n\n\n\n<p><\/p>\n<\/div><\/div>\n\n\n\n<div style=\"height:72px\" aria-hidden=\"true\" class=\"wp-block-spacer\"><\/div>\n\n\n\n<p style=\"font-size:13px\">1- The Scientific Names of North American Dragonflies, Heinrich Fliedner, Ian Endersby &#8211; Busybird Publishing 2019<br>2- Damselflies of the genus Argia of the Guina Shield (Odonata : Coenagrionidae) &#8211; R. W. Garrison &amp; N. von Ellerieder<br>3- Fraser, F.C. (1946) Notes on Amazonian Odonata in the Leeds Museum. Transactions of the Royal Entomological Society of London, 96 (2), 11\u201346.<\/p>\n\n\n\n<div style=\"height:30px\" aria-hidden=\"true\" class=\"wp-block-spacer\"><\/div>\n\n\n\n<div class=\"wp-block-buttons is-layout-flex wp-block-buttons-is-layout-flex\">\n<div class=\"wp-block-button\"><a class=\"wp-block-button__link wp-element-button\" href=\"https:\/\/www.meslibellules.fr\/blog\/odonates-du-perou-peruvian-odonates\/\">Accueil P\u00e9rou<\/a><\/div>\n<\/div>\n","protected":false},"excerpt":{"rendered":"<p>Argia euphorbia, Coenagrionidae, fait partie de ces Dancers (nom du genre Argia en anglais) aux ailes fum\u00e9es, un des 28 (!) du P\u00e9rou ; comme ceux aux yeux rouges, ils font partie des plus spectaculaires. Il est facile \u00e0 identifier parmi les cinq esp\u00e8ces que nous avons rencontr\u00e9es durant ce s\u00e9jour de prospection, c&rsquo;est le [&hellip;]<\/p>\n","protected":false},"author":1,"featured_media":0,"comment_status":"open","ping_status":"open","sticky":false,"template":"","format":"image","meta":{"site-sidebar-layout":"default","site-content-layout":"","ast-site-content-layout":"default","site-content-style":"default","site-sidebar-style":"default","ast-global-header-display":"","ast-banner-title-visibility":"","ast-main-header-display":"","ast-hfb-above-header-display":"","ast-hfb-below-header-display":"","ast-hfb-mobile-header-display":"","site-post-title":"","ast-breadcrumbs-content":"","ast-featured-img":"","footer-sml-layout":"","ast-disable-related-posts":"","theme-transparent-header-meta":"","adv-header-id-meta":"","stick-header-meta":"","header-above-stick-meta":"","header-main-stick-meta":"","header-below-stick-meta":"","astra-migrate-meta-layouts":"set","ast-page-background-enabled":"default","ast-page-background-meta":{"desktop":{"background-color":"var(--ast-global-color-4)","background-image":"","background-repeat":"repeat","background-position":"center center","background-size":"auto","background-attachment":"scroll","background-type":"","background-media":"","overlay-type":"","overlay-color":"","overlay-opacity":"","overlay-gradient":""},"tablet":{"background-color":"","background-image":"","background-repeat":"repeat","background-position":"center center","background-size":"auto","background-attachment":"scroll","background-type":"","background-media":"","overlay-type":"","overlay-color":"","overlay-opacity":"","overlay-gradient":""},"mobile":{"background-color":"","background-image":"","background-repeat":"repeat","background-position":"center center","background-size":"auto","background-attachment":"scroll","background-type":"","background-media":"","overlay-type":"","overlay-color":"","overlay-opacity":"","overlay-gradient":""}},"ast-content-background-meta":{"desktop":{"background-color":"var(--ast-global-color-5)","background-image":"","background-repeat":"repeat","background-position":"center center","background-size":"auto","background-attachment":"scroll","background-type":"","background-media":"","overlay-type":"","overlay-color":"","overlay-opacity":"","overlay-gradient":""},"tablet":{"background-color":"var(--ast-global-color-5)","background-image":"","background-repeat":"repeat","background-position":"center center","background-size":"auto","background-attachment":"scroll","background-type":"","background-media":"","overlay-type":"","overlay-color":"","overlay-opacity":"","overlay-gradient":""},"mobile":{"background-color":"var(--ast-global-color-5)","background-image":"","background-repeat":"repeat","background-position":"center center","background-size":"auto","background-attachment":"scroll","background-type":"","background-media":"","overlay-type":"","overlay-color":"","overlay-opacity":"","overlay-gradient":""}},"footnotes":""},"categories":[1308,1303],"tags":[1309,1305],"class_list":["post-17081","post","type-post","status-publish","format-image","hentry","category-coenagrionidae-perou-2","category-perou","tag-coenagrionidae-perou","tag-perou","post_format-post-format-image"],"yoast_head":"<!-- This site is optimized with the Yoast SEO plugin v27.5 - https:\/\/yoast.com\/product\/yoast-seo-wordpress\/ -->\n<title>Argia euphorbia - Mes Libellules<\/title>\n<meta name=\"description\" content=\"Argia euphorbia au P\u00e9rou, description, identification, taille, habitat, distribution g\u00e9ographique, \u00e9tymologie\" \/>\n<meta name=\"robots\" content=\"index, follow, max-snippet:-1, max-image-preview:large, max-video-preview:-1\" \/>\n<link rel=\"canonical\" href=\"https:\/\/www.meslibellules.fr\/blog\/2023\/11\/26\/argia-euphorbia\/\" \/>\n<meta property=\"og:locale\" content=\"fr_FR\" \/>\n<meta property=\"og:type\" content=\"article\" \/>\n<meta property=\"og:title\" content=\"Argia euphorbia - Mes Libellules\" \/>\n<meta property=\"og:description\" content=\"Argia euphorbia au P\u00e9rou, description, identification, taille, habitat, distribution g\u00e9ographique, \u00e9tymologie\" \/>\n<meta property=\"og:url\" content=\"https:\/\/www.meslibellules.fr\/blog\/2023\/11\/26\/argia-euphorbia\/\" \/>\n<meta property=\"og:site_name\" content=\"Mes Libellules\" \/>\n<meta property=\"article:publisher\" content=\"https:\/\/www.facebook.com\/benoit.guillon.96\/\" \/>\n<meta property=\"article:author\" content=\"https:\/\/www.facebook.com\/benoit.guillon.96\/\" \/>\n<meta property=\"article:published_time\" content=\"2023-11-26T17:10:44+00:00\" \/>\n<meta property=\"article:modified_time\" content=\"2024-03-24T21:34:15+00:00\" \/>\n<meta property=\"og:image\" content=\"https:\/\/www.meslibellules.fr\/blog\/wp-content\/uploads\/Argia-euphorbia-male-1.webp\" \/>\n<meta name=\"author\" content=\"Beno\u00eet Guillon\" \/>\n<meta name=\"twitter:card\" content=\"summary_large_image\" \/>\n<meta name=\"twitter:label1\" content=\"\u00c9crit par\" \/>\n\t<meta name=\"twitter:data1\" content=\"Beno\u00eet Guillon\" \/>\n\t<meta name=\"twitter:label2\" content=\"Dur\u00e9e de lecture estim\u00e9e\" \/>\n\t<meta name=\"twitter:data2\" content=\"5 minutes\" \/>\n<script type=\"application\/ld+json\" class=\"yoast-schema-graph\">{\"@context\":\"https:\\\/\\\/schema.org\",\"@graph\":[{\"@type\":\"Article\",\"@id\":\"https:\\\/\\\/www.meslibellules.fr\\\/blog\\\/2023\\\/11\\\/26\\\/argia-euphorbia\\\/#article\",\"isPartOf\":{\"@id\":\"https:\\\/\\\/www.meslibellules.fr\\\/blog\\\/2023\\\/11\\\/26\\\/argia-euphorbia\\\/\"},\"author\":{\"name\":\"Beno\u00eet Guillon\",\"@id\":\"https:\\\/\\\/www.meslibellules.fr\\\/blog\\\/#\\\/schema\\\/person\\\/9aa3586f9dd053fcf329f43b8b053c77\"},\"headline\":\"Argia euphorbia (Fraser, 1946)\",\"datePublished\":\"2023-11-26T17:10:44+00:00\",\"dateModified\":\"2024-03-24T21:34:15+00:00\",\"mainEntityOfPage\":{\"@id\":\"https:\\\/\\\/www.meslibellules.fr\\\/blog\\\/2023\\\/11\\\/26\\\/argia-euphorbia\\\/\"},\"wordCount\":581,\"commentCount\":0,\"publisher\":{\"@id\":\"https:\\\/\\\/www.meslibellules.fr\\\/blog\\\/#\\\/schema\\\/person\\\/9aa3586f9dd053fcf329f43b8b053c77\"},\"image\":{\"@id\":\"https:\\\/\\\/www.meslibellules.fr\\\/blog\\\/2023\\\/11\\\/26\\\/argia-euphorbia\\\/#primaryimage\"},\"thumbnailUrl\":\"https:\\\/\\\/www.meslibellules.fr\\\/blog\\\/wp-content\\\/uploads\\\/Argia-euphorbia-male-1.webp\",\"keywords\":[\"Coenagrionidae - P\u00e9rou\",\"P\u00e9rou\"],\"articleSection\":[\"Coenagrionidae\",\"P\u00e9rou\"],\"inLanguage\":\"fr-FR\",\"potentialAction\":[{\"@type\":\"CommentAction\",\"name\":\"Comment\",\"target\":[\"https:\\\/\\\/www.meslibellules.fr\\\/blog\\\/2023\\\/11\\\/26\\\/argia-euphorbia\\\/#respond\"]}]},{\"@type\":\"WebPage\",\"@id\":\"https:\\\/\\\/www.meslibellules.fr\\\/blog\\\/2023\\\/11\\\/26\\\/argia-euphorbia\\\/\",\"url\":\"https:\\\/\\\/www.meslibellules.fr\\\/blog\\\/2023\\\/11\\\/26\\\/argia-euphorbia\\\/\",\"name\":\"Argia euphorbia - Mes Libellules\",\"isPartOf\":{\"@id\":\"https:\\\/\\\/www.meslibellules.fr\\\/blog\\\/#website\"},\"primaryImageOfPage\":{\"@id\":\"https:\\\/\\\/www.meslibellules.fr\\\/blog\\\/2023\\\/11\\\/26\\\/argia-euphorbia\\\/#primaryimage\"},\"image\":{\"@id\":\"https:\\\/\\\/www.meslibellules.fr\\\/blog\\\/2023\\\/11\\\/26\\\/argia-euphorbia\\\/#primaryimage\"},\"thumbnailUrl\":\"https:\\\/\\\/www.meslibellules.fr\\\/blog\\\/wp-content\\\/uploads\\\/Argia-euphorbia-male-1.webp\",\"datePublished\":\"2023-11-26T17:10:44+00:00\",\"dateModified\":\"2024-03-24T21:34:15+00:00\",\"description\":\"Argia euphorbia au P\u00e9rou, description, identification, taille, habitat, distribution g\u00e9ographique, \u00e9tymologie\",\"breadcrumb\":{\"@id\":\"https:\\\/\\\/www.meslibellules.fr\\\/blog\\\/2023\\\/11\\\/26\\\/argia-euphorbia\\\/#breadcrumb\"},\"inLanguage\":\"fr-FR\",\"potentialAction\":[{\"@type\":\"ReadAction\",\"target\":[\"https:\\\/\\\/www.meslibellules.fr\\\/blog\\\/2023\\\/11\\\/26\\\/argia-euphorbia\\\/\"]}]},{\"@type\":\"ImageObject\",\"inLanguage\":\"fr-FR\",\"@id\":\"https:\\\/\\\/www.meslibellules.fr\\\/blog\\\/2023\\\/11\\\/26\\\/argia-euphorbia\\\/#primaryimage\",\"url\":\"https:\\\/\\\/www.meslibellules.fr\\\/blog\\\/wp-content\\\/uploads\\\/Argia-euphorbia-male-1.webp\",\"contentUrl\":\"https:\\\/\\\/www.meslibellules.fr\\\/blog\\\/wp-content\\\/uploads\\\/Argia-euphorbia-male-1.webp\"},{\"@type\":\"BreadcrumbList\",\"@id\":\"https:\\\/\\\/www.meslibellules.fr\\\/blog\\\/2023\\\/11\\\/26\\\/argia-euphorbia\\\/#breadcrumb\",\"itemListElement\":[{\"@type\":\"ListItem\",\"position\":1,\"name\":\"Accueil\",\"item\":\"https:\\\/\\\/www.meslibellules.fr\\\/blog\\\/\"},{\"@type\":\"ListItem\",\"position\":2,\"name\":\"Argia euphorbia (Fraser, 1946)\"}]},{\"@type\":\"WebSite\",\"@id\":\"https:\\\/\\\/www.meslibellules.fr\\\/blog\\\/#website\",\"url\":\"https:\\\/\\\/www.meslibellules.fr\\\/blog\\\/\",\"name\":\"Mes Libellules\",\"description\":\"Pr\u00e9sentation des libellules rencontr\u00e9es dans le monde\",\"publisher\":{\"@id\":\"https:\\\/\\\/www.meslibellules.fr\\\/blog\\\/#\\\/schema\\\/person\\\/9aa3586f9dd053fcf329f43b8b053c77\"},\"potentialAction\":[{\"@type\":\"SearchAction\",\"target\":{\"@type\":\"EntryPoint\",\"urlTemplate\":\"https:\\\/\\\/www.meslibellules.fr\\\/blog\\\/?s={search_term_string}\"},\"query-input\":{\"@type\":\"PropertyValueSpecification\",\"valueRequired\":true,\"valueName\":\"search_term_string\"}}],\"inLanguage\":\"fr-FR\"},{\"@type\":[\"Person\",\"Organization\"],\"@id\":\"https:\\\/\\\/www.meslibellules.fr\\\/blog\\\/#\\\/schema\\\/person\\\/9aa3586f9dd053fcf329f43b8b053c77\",\"name\":\"Beno\u00eet Guillon\",\"image\":{\"@type\":\"ImageObject\",\"inLanguage\":\"fr-FR\",\"@id\":\"https:\\\/\\\/www.meslibellules.fr\\\/blog\\\/wp-content\\\/uploads\\\/cropped-avatar-150-pix.jpg\",\"url\":\"https:\\\/\\\/www.meslibellules.fr\\\/blog\\\/wp-content\\\/uploads\\\/cropped-avatar-150-pix.jpg\",\"contentUrl\":\"https:\\\/\\\/www.meslibellules.fr\\\/blog\\\/wp-content\\\/uploads\\\/cropped-avatar-150-pix.jpg\",\"width\":150,\"height\":137,\"caption\":\"Beno\u00eet Guillon\"},\"logo\":{\"@id\":\"https:\\\/\\\/www.meslibellules.fr\\\/blog\\\/wp-content\\\/uploads\\\/cropped-avatar-150-pix.jpg\"},\"sameAs\":[\"https:\\\/\\\/www.facebook.com\\\/benoit.guillon.96\\\/\"]}]}<\/script>\n<!-- \/ Yoast SEO plugin. -->","yoast_head_json":{"title":"Argia euphorbia - Mes Libellules","description":"Argia euphorbia au P\u00e9rou, description, identification, taille, habitat, distribution g\u00e9ographique, \u00e9tymologie","robots":{"index":"index","follow":"follow","max-snippet":"max-snippet:-1","max-image-preview":"max-image-preview:large","max-video-preview":"max-video-preview:-1"},"canonical":"https:\/\/www.meslibellules.fr\/blog\/2023\/11\/26\/argia-euphorbia\/","og_locale":"fr_FR","og_type":"article","og_title":"Argia euphorbia - Mes Libellules","og_description":"Argia euphorbia au P\u00e9rou, description, identification, taille, habitat, distribution g\u00e9ographique, \u00e9tymologie","og_url":"https:\/\/www.meslibellules.fr\/blog\/2023\/11\/26\/argia-euphorbia\/","og_site_name":"Mes Libellules","article_publisher":"https:\/\/www.facebook.com\/benoit.guillon.96\/","article_author":"https:\/\/www.facebook.com\/benoit.guillon.96\/","article_published_time":"2023-11-26T17:10:44+00:00","article_modified_time":"2024-03-24T21:34:15+00:00","og_image":[{"url":"https:\/\/www.meslibellules.fr\/blog\/wp-content\/uploads\/Argia-euphorbia-male-1.webp","type":"","width":"","height":""}],"author":"Beno\u00eet Guillon","twitter_card":"summary_large_image","twitter_misc":{"\u00c9crit par":"Beno\u00eet Guillon","Dur\u00e9e de lecture estim\u00e9e":"5 minutes"},"schema":{"@context":"https:\/\/schema.org","@graph":[{"@type":"Article","@id":"https:\/\/www.meslibellules.fr\/blog\/2023\/11\/26\/argia-euphorbia\/#article","isPartOf":{"@id":"https:\/\/www.meslibellules.fr\/blog\/2023\/11\/26\/argia-euphorbia\/"},"author":{"name":"Beno\u00eet Guillon","@id":"https:\/\/www.meslibellules.fr\/blog\/#\/schema\/person\/9aa3586f9dd053fcf329f43b8b053c77"},"headline":"Argia euphorbia (Fraser, 1946)","datePublished":"2023-11-26T17:10:44+00:00","dateModified":"2024-03-24T21:34:15+00:00","mainEntityOfPage":{"@id":"https:\/\/www.meslibellules.fr\/blog\/2023\/11\/26\/argia-euphorbia\/"},"wordCount":581,"commentCount":0,"publisher":{"@id":"https:\/\/www.meslibellules.fr\/blog\/#\/schema\/person\/9aa3586f9dd053fcf329f43b8b053c77"},"image":{"@id":"https:\/\/www.meslibellules.fr\/blog\/2023\/11\/26\/argia-euphorbia\/#primaryimage"},"thumbnailUrl":"https:\/\/www.meslibellules.fr\/blog\/wp-content\/uploads\/Argia-euphorbia-male-1.webp","keywords":["Coenagrionidae - P\u00e9rou","P\u00e9rou"],"articleSection":["Coenagrionidae","P\u00e9rou"],"inLanguage":"fr-FR","potentialAction":[{"@type":"CommentAction","name":"Comment","target":["https:\/\/www.meslibellules.fr\/blog\/2023\/11\/26\/argia-euphorbia\/#respond"]}]},{"@type":"WebPage","@id":"https:\/\/www.meslibellules.fr\/blog\/2023\/11\/26\/argia-euphorbia\/","url":"https:\/\/www.meslibellules.fr\/blog\/2023\/11\/26\/argia-euphorbia\/","name":"Argia euphorbia - Mes Libellules","isPartOf":{"@id":"https:\/\/www.meslibellules.fr\/blog\/#website"},"primaryImageOfPage":{"@id":"https:\/\/www.meslibellules.fr\/blog\/2023\/11\/26\/argia-euphorbia\/#primaryimage"},"image":{"@id":"https:\/\/www.meslibellules.fr\/blog\/2023\/11\/26\/argia-euphorbia\/#primaryimage"},"thumbnailUrl":"https:\/\/www.meslibellules.fr\/blog\/wp-content\/uploads\/Argia-euphorbia-male-1.webp","datePublished":"2023-11-26T17:10:44+00:00","dateModified":"2024-03-24T21:34:15+00:00","description":"Argia euphorbia au P\u00e9rou, description, identification, taille, habitat, distribution g\u00e9ographique, \u00e9tymologie","breadcrumb":{"@id":"https:\/\/www.meslibellules.fr\/blog\/2023\/11\/26\/argia-euphorbia\/#breadcrumb"},"inLanguage":"fr-FR","potentialAction":[{"@type":"ReadAction","target":["https:\/\/www.meslibellules.fr\/blog\/2023\/11\/26\/argia-euphorbia\/"]}]},{"@type":"ImageObject","inLanguage":"fr-FR","@id":"https:\/\/www.meslibellules.fr\/blog\/2023\/11\/26\/argia-euphorbia\/#primaryimage","url":"https:\/\/www.meslibellules.fr\/blog\/wp-content\/uploads\/Argia-euphorbia-male-1.webp","contentUrl":"https:\/\/www.meslibellules.fr\/blog\/wp-content\/uploads\/Argia-euphorbia-male-1.webp"},{"@type":"BreadcrumbList","@id":"https:\/\/www.meslibellules.fr\/blog\/2023\/11\/26\/argia-euphorbia\/#breadcrumb","itemListElement":[{"@type":"ListItem","position":1,"name":"Accueil","item":"https:\/\/www.meslibellules.fr\/blog\/"},{"@type":"ListItem","position":2,"name":"Argia euphorbia (Fraser, 1946)"}]},{"@type":"WebSite","@id":"https:\/\/www.meslibellules.fr\/blog\/#website","url":"https:\/\/www.meslibellules.fr\/blog\/","name":"Mes Libellules","description":"Pr\u00e9sentation des libellules rencontr\u00e9es dans le monde","publisher":{"@id":"https:\/\/www.meslibellules.fr\/blog\/#\/schema\/person\/9aa3586f9dd053fcf329f43b8b053c77"},"potentialAction":[{"@type":"SearchAction","target":{"@type":"EntryPoint","urlTemplate":"https:\/\/www.meslibellules.fr\/blog\/?s={search_term_string}"},"query-input":{"@type":"PropertyValueSpecification","valueRequired":true,"valueName":"search_term_string"}}],"inLanguage":"fr-FR"},{"@type":["Person","Organization"],"@id":"https:\/\/www.meslibellules.fr\/blog\/#\/schema\/person\/9aa3586f9dd053fcf329f43b8b053c77","name":"Beno\u00eet Guillon","image":{"@type":"ImageObject","inLanguage":"fr-FR","@id":"https:\/\/www.meslibellules.fr\/blog\/wp-content\/uploads\/cropped-avatar-150-pix.jpg","url":"https:\/\/www.meslibellules.fr\/blog\/wp-content\/uploads\/cropped-avatar-150-pix.jpg","contentUrl":"https:\/\/www.meslibellules.fr\/blog\/wp-content\/uploads\/cropped-avatar-150-pix.jpg","width":150,"height":137,"caption":"Beno\u00eet Guillon"},"logo":{"@id":"https:\/\/www.meslibellules.fr\/blog\/wp-content\/uploads\/cropped-avatar-150-pix.jpg"},"sameAs":["https:\/\/www.facebook.com\/benoit.guillon.96\/"]}]}},"_links":{"self":[{"href":"https:\/\/www.meslibellules.fr\/blog\/wp-json\/wp\/v2\/posts\/17081","targetHints":{"allow":["GET"]}}],"collection":[{"href":"https:\/\/www.meslibellules.fr\/blog\/wp-json\/wp\/v2\/posts"}],"about":[{"href":"https:\/\/www.meslibellules.fr\/blog\/wp-json\/wp\/v2\/types\/post"}],"author":[{"embeddable":true,"href":"https:\/\/www.meslibellules.fr\/blog\/wp-json\/wp\/v2\/users\/1"}],"replies":[{"embeddable":true,"href":"https:\/\/www.meslibellules.fr\/blog\/wp-json\/wp\/v2\/comments?post=17081"}],"version-history":[{"count":0,"href":"https:\/\/www.meslibellules.fr\/blog\/wp-json\/wp\/v2\/posts\/17081\/revisions"}],"wp:attachment":[{"href":"https:\/\/www.meslibellules.fr\/blog\/wp-json\/wp\/v2\/media?parent=17081"}],"wp:term":[{"taxonomy":"category","embeddable":true,"href":"https:\/\/www.meslibellules.fr\/blog\/wp-json\/wp\/v2\/categories?post=17081"},{"taxonomy":"post_tag","embeddable":true,"href":"https:\/\/www.meslibellules.fr\/blog\/wp-json\/wp\/v2\/tags?post=17081"}],"curies":[{"name":"wp","href":"https:\/\/api.w.org\/{rel}","templated":true}]}}