{"id":17135,"date":"2023-12-01T13:23:55","date_gmt":"2023-12-01T12:23:55","guid":{"rendered":"https:\/\/www.meslibellules.fr\/blog\/?p=17135"},"modified":"2023-12-01T13:23:57","modified_gmt":"2023-12-01T12:23:57","slug":"neoneura-bilinearis","status":"publish","type":"post","link":"https:\/\/www.meslibellules.fr\/blog\/2023\/12\/01\/neoneura-bilinearis\/","title":{"rendered":"Neoneura bilinearis (Selys, 1860)"},"content":{"rendered":"\n<figure class=\"wp-block-image aligncenter size-full is-resized\"><a href=\"https:\/\/www.meslibellules.fr\/blog\/wp-content\/uploads\/Neoneura-bilinearis.webp\"><img decoding=\"async\" width=\"1427\" height=\"845\" data-src=\"https:\/\/www.meslibellules.fr\/blog\/wp-content\/uploads\/Neoneura-bilinearis.webp\" alt=\"Neoneura bilinearis m\u00e2le, Rio Tahuayo, 13\/08\/2023\" class=\"wp-image-17134 lazyload\" style=\"--smush-placeholder-width: 1427px; --smush-placeholder-aspect-ratio: 1427\/845;width:582px;height:auto\" data-srcset=\"https:\/\/www.meslibellules.fr\/blog\/wp-content\/uploads\/Neoneura-bilinearis.webp 1427w, https:\/\/www.meslibellules.fr\/blog\/wp-content\/uploads\/Neoneura-bilinearis-768x455.webp 768w\" data-sizes=\"(max-width: 1427px) 100vw, 1427px\" src=\"data:image\/svg+xml;base64,PHN2ZyB3aWR0aD0iMSIgaGVpZ2h0PSIxIiB4bWxucz0iaHR0cDovL3d3dy53My5vcmcvMjAwMC9zdmciPjwvc3ZnPg==\" \/><\/a><figcaption class=\"wp-element-caption\">Neoneura bilinearis m\u00e2le, Rio Tahuayo, 13\/08\/2023<\/figcaption><\/figure>\n\n\n\n<p>Nous n&rsquo;avons rencontr\u00e9 Neoneura bilinearis (Protoneuridae) que 2 fois, l&rsquo;une sur le Rio Tahuayo et l&rsquo;autre  sur un bras de l&rsquo;Amazone, lui au milieu de l&rsquo;eau et nous sur une pirogue, ce qui explique \u00e0 la fois la qualit\u00e9 des photos et leur faible nombre&#8230; Sur place, je l&rsquo;ai identifi\u00e9 par erreur comme une esp\u00e8ce proche, que j&rsquo;avais contact\u00e9e en Colombie et au Br\u00e9sil, <a href=\"http:\/\/www.meslibellules.fr\/voyages\/colombie\/neoneura-confundens\/neoneura-confundens\/neoneura-confundens-male-1big.jpg\">Neoneura confundens<\/a>.<br>En fait, c&rsquo;est historiquement l&rsquo;inverse, Neoneura confundens \u00e9tant longtemps rest\u00e9 cach\u00e9 et confondu (comme son nom l&rsquo;indique) avec Neoneura bilinearis, jusqu&rsquo;en 2013 et la publication de Marcel Wasscher dans Zootaxa 3599 (1): 019\u2013036, \u00ab\u00a0<em>The true identity of Neoneura bilinearis Selys, 1860, with the synonymy of N. gaida R\u00e1cenis, 1953, and the description of N. confundens sp. nov.(Odonata: Protoneuridae<\/em>\u00ab\u00a0. <\/p>\n\n\n\n<figure class=\"wp-block-image aligncenter size-full is-resized\"><a href=\"https:\/\/www.meslibellules.fr\/blog\/wp-content\/uploads\/Neoneura-bilinearis-tandem.webp\"><img decoding=\"async\" width=\"1631\" height=\"1204\" data-src=\"https:\/\/www.meslibellules.fr\/blog\/wp-content\/uploads\/Neoneura-bilinearis-tandem.webp\" alt=\"Neoneura bilinearis tandem en ponte, Rio vers l'Amazon Research Center, 16\/08\/2023\" class=\"wp-image-17133 lazyload\" style=\"--smush-placeholder-width: 1631px; --smush-placeholder-aspect-ratio: 1631\/1204;width:614px;height:auto\" data-srcset=\"https:\/\/www.meslibellules.fr\/blog\/wp-content\/uploads\/Neoneura-bilinearis-tandem.webp 1631w, https:\/\/www.meslibellules.fr\/blog\/wp-content\/uploads\/Neoneura-bilinearis-tandem-768x567.webp 768w, https:\/\/www.meslibellules.fr\/blog\/wp-content\/uploads\/Neoneura-bilinearis-tandem-1536x1134.webp 1536w\" data-sizes=\"(max-width: 1631px) 100vw, 1631px\" src=\"data:image\/svg+xml;base64,PHN2ZyB3aWR0aD0iMSIgaGVpZ2h0PSIxIiB4bWxucz0iaHR0cDovL3d3dy53My5vcmcvMjAwMC9zdmciPjwvc3ZnPg==\" \/><\/a><figcaption class=\"wp-element-caption\">Neoneura bilinearis tandem en ponte, Rio vers l&rsquo;Amazon Research Center, 16\/08\/2023<\/figcaption><\/figure>\n\n\n\n<p>L&rsquo;identification est beaucoup plus facile quand on voit les sujets l&rsquo;un \u00e0 c\u00f4t\u00e9 de l&rsquo;autre ; la diff\u00e9rence la plus \u00e9vidente est la coloration du 8\u00b0 segment abdominal, presque enti\u00e8rement jaune vif pour N. confundens, vert dans la m\u00eame teinte que l&rsquo;abdomen pour N. bilinearis. On note \u00e9galement pour ce dernier une petite marque noire qui s&rsquo;\u00e9chappe \u00e0 la partie inf\u00e9rieure et post\u00e9rieure de la large bande ant\u00e9hum\u00e9rale noire.<br>Il est aussi plus petit que son cousin et mesure entre 29 et 33 mm, 30 \u00e0 36 pour son cousin, mesures que l&rsquo;on trouve dans l&rsquo;excellent <em>Tabel voor de libellen van Suriname<\/em>, de Marcel Wasscher et qui est disponible en chargement libre sur le Web !<br>C&rsquo;est une esp\u00e8ce rare, essentiellement pr\u00e9sente sur les rivi\u00e8res et les ruisseaux, beaucoup plus rarement sur des milieux lentiques, que l&rsquo;on ne trouve qu&rsquo;au nord du Br\u00e9sil, au P\u00e9rou, au Venezuela et au Suriname.<br><a href=\"https:\/\/www.iucnredlist.org\/species\/158832\/5280046#geographic-range\">IUCN Red List<\/a> : malheureusement le site n&rsquo;est pas \u00e0 jour (2009), la distribution relat\u00e9e ne le distingue pas de celle de Neoneura confundens.<\/p>\n\n\n\n<figure class=\"wp-block-image aligncenter size-full is-resized\"><a href=\"https:\/\/www.meslibellules.fr\/blog\/wp-content\/uploads\/Neoneura-bilinearis-tandem-2.webp\"><img decoding=\"async\" width=\"1716\" height=\"1204\" data-src=\"https:\/\/www.meslibellules.fr\/blog\/wp-content\/uploads\/Neoneura-bilinearis-tandem-2.webp\" alt=\"Neoneura bilinearis tandem en ponte, Rio vers l'Amazon Research Center, 16\/08\/2023\" class=\"wp-image-17132 lazyload\" style=\"--smush-placeholder-width: 1716px; --smush-placeholder-aspect-ratio: 1716\/1204;width:543px;height:auto\" data-srcset=\"https:\/\/www.meslibellules.fr\/blog\/wp-content\/uploads\/Neoneura-bilinearis-tandem-2.webp 1716w, https:\/\/www.meslibellules.fr\/blog\/wp-content\/uploads\/Neoneura-bilinearis-tandem-2-768x539.webp 768w, https:\/\/www.meslibellules.fr\/blog\/wp-content\/uploads\/Neoneura-bilinearis-tandem-2-1536x1078.webp 1536w\" data-sizes=\"(max-width: 1716px) 100vw, 1716px\" src=\"data:image\/svg+xml;base64,PHN2ZyB3aWR0aD0iMSIgaGVpZ2h0PSIxIiB4bWxucz0iaHR0cDovL3d3dy53My5vcmcvMjAwMC9zdmciPjwvc3ZnPg==\" \/><\/a><figcaption class=\"wp-element-caption\">Neoneura bilinearis tandem en ponte, Rio vers l&rsquo;Amazon Research Center, 16\/08\/2023<\/figcaption><\/figure>\n\n\n\n<p>Les femelles montrent un motif thoracique bien diff\u00e9rent, o\u00f9 les lignes noires sont discr\u00e8tes avec une simple ponctuation, de la m\u00eame fa\u00e7on que pour sa cousine <a href=\"http:\/\/www.meslibellules.fr\/voyages\/colombie\/neoneura-confundens\/neoneura-confundens-femelle\/neoneura-confundens-femelle-1big.jpg\">N. confundens<\/a>.<br><br>Neoneura  du grec <em>neo<\/em> pour <em>nouveau<\/em> et de la forme latinis\u00e9e du grec <em>neuron<\/em>, signifiant <em>nerf, tendon, veine<\/em>. Selys cr\u00e9\u00e9 ce genre comme un sous-genre de Protoneura et semble trouver la preuve dans la nervation qu&rsquo;il est plus historiquement plus r\u00e9cent, sans apporter d&rsquo;explication (ou tout simplement qu&rsquo;il est tr\u00e8s proche du genre protoneura ?)(1).<br>Bilinearis compos\u00e9 de<em> bi<\/em>, pour <em>deux<\/em> et de <em>linearis<\/em>, de <em>linea<\/em> signifiant <em>fil, ligne<\/em> et du suffixe <em>aris<\/em>, sans signification particuli\u00e8re (\u00e0 mon sens !). Selys dans son <em>Synopsis des Agrionines, derni\u00e8re l\u00e9gion : Protoneura<\/em> \u00e9crit \u00ab\u00a0<em>Thorax oliv\u00e2tre, avec deux bandes subm\u00e9dianes \u00e9paisses, rapproch\u00e9es, une hum\u00e9rale double, et une ligne lat\u00e9rale noire<\/em>\u00a0\u00bb et le nom d&rsquo;esp\u00e8ce se r\u00e9f\u00e8re vraisemblablement \u00e0 la double bande ant\u00e9hum\u00e9rale. Neoneura confundens montre les m\u00eames lignes thoraciques, mais Selys ne le connaissait pas&#8230;<\/p>\n\n\n\n<div style=\"height:31px\" aria-hidden=\"true\" class=\"wp-block-spacer\"><\/div>\n\n\n\n<p style=\"font-size:13px\">1- The Scientific Names of North American Dragonflies, Heinrich Fliedner, Ian Endersby &#8211; Busybird Publishing 2019<\/p>\n\n\n\n<div style=\"height:28px\" aria-hidden=\"true\" class=\"wp-block-spacer\"><\/div>\n\n\n\n<div class=\"wp-block-buttons is-layout-flex wp-block-buttons-is-layout-flex\">\n<div class=\"wp-block-button\"><a class=\"wp-block-button__link wp-element-button\" href=\"https:\/\/www.meslibellules.fr\/blog\/odonates-du-perou-peruvian-odonates\/\">Accueil P\u00e9rou<\/a><\/div>\n<\/div>\n","protected":false},"excerpt":{"rendered":"<p>Nous n&rsquo;avons rencontr\u00e9 Neoneura bilinearis (Protoneuridae) que 2 fois, l&rsquo;une sur le Rio Tahuayo et l&rsquo;autre sur un bras de l&rsquo;Amazone, lui au milieu de l&rsquo;eau et nous sur une pirogue, ce qui explique \u00e0 la fois la qualit\u00e9 des photos et leur faible nombre&#8230; Sur place, je l&rsquo;ai identifi\u00e9 par erreur comme une esp\u00e8ce [&hellip;]<\/p>\n","protected":false},"author":1,"featured_media":0,"comment_status":"open","ping_status":"open","sticky":false,"template":"","format":"image","meta":{"site-sidebar-layout":"default","site-content-layout":"","ast-site-content-layout":"default","site-content-style":"default","site-sidebar-style":"default","ast-global-header-display":"","ast-banner-title-visibility":"","ast-main-header-display":"","ast-hfb-above-header-display":"","ast-hfb-below-header-display":"","ast-hfb-mobile-header-display":"","site-post-title":"","ast-breadcrumbs-content":"","ast-featured-img":"","footer-sml-layout":"","ast-disable-related-posts":"","theme-transparent-header-meta":"","adv-header-id-meta":"","stick-header-meta":"","header-above-stick-meta":"","header-main-stick-meta":"","header-below-stick-meta":"","astra-migrate-meta-layouts":"set","ast-page-background-enabled":"default","ast-page-background-meta":{"desktop":{"background-color":"var(--ast-global-color-4)","background-image":"","background-repeat":"repeat","background-position":"center center","background-size":"auto","background-attachment":"scroll","background-type":"","background-media":"","overlay-type":"","overlay-color":"","overlay-opacity":"","overlay-gradient":""},"tablet":{"background-color":"","background-image":"","background-repeat":"repeat","background-position":"center center","background-size":"auto","background-attachment":"scroll","background-type":"","background-media":"","overlay-type":"","overlay-color":"","overlay-opacity":"","overlay-gradient":""},"mobile":{"background-color":"","background-image":"","background-repeat":"repeat","background-position":"center center","background-size":"auto","background-attachment":"scroll","background-type":"","background-media":"","overlay-type":"","overlay-color":"","overlay-opacity":"","overlay-gradient":""}},"ast-content-background-meta":{"desktop":{"background-color":"var(--ast-global-color-5)","background-image":"","background-repeat":"repeat","background-position":"center center","background-size":"auto","background-attachment":"scroll","background-type":"","background-media":"","overlay-type":"","overlay-color":"","overlay-opacity":"","overlay-gradient":""},"tablet":{"background-color":"var(--ast-global-color-5)","background-image":"","background-repeat":"repeat","background-position":"center center","background-size":"auto","background-attachment":"scroll","background-type":"","background-media":"","overlay-type":"","overlay-color":"","overlay-opacity":"","overlay-gradient":""},"mobile":{"background-color":"var(--ast-global-color-5)","background-image":"","background-repeat":"repeat","background-position":"center center","background-size":"auto","background-attachment":"scroll","background-type":"","background-media":"","overlay-type":"","overlay-color":"","overlay-opacity":"","overlay-gradient":""}},"footnotes":""},"categories":[1303,1311],"tags":[1305,1312],"class_list":["post-17135","post","type-post","status-publish","format-image","hentry","category-perou","category-protoneuridae-perou","tag-perou","tag-protoneuridae-perou","post_format-post-format-image"],"yoast_head":"<!-- This site is optimized with the Yoast SEO plugin v27.4 - https:\/\/yoast.com\/product\/yoast-seo-wordpress\/ -->\n<title>Neoneura bilinearis - Mes Libellules<\/title>\n<meta name=\"description\" content=\"Neoneura bilinearis m\u00e2le et femelle, description, identification, taille, habitat, distribution g\u00e9ographique, \u00e9tymologie\" \/>\n<meta name=\"robots\" content=\"index, follow, max-snippet:-1, max-image-preview:large, max-video-preview:-1\" \/>\n<link rel=\"canonical\" href=\"https:\/\/www.meslibellules.fr\/blog\/2023\/12\/01\/neoneura-bilinearis\/\" \/>\n<meta property=\"og:locale\" content=\"fr_FR\" \/>\n<meta property=\"og:type\" content=\"article\" \/>\n<meta property=\"og:title\" content=\"Neoneura bilinearis - Mes Libellules\" \/>\n<meta property=\"og:description\" content=\"Neoneura bilinearis m\u00e2le et femelle, description, identification, taille, habitat, distribution g\u00e9ographique, \u00e9tymologie\" \/>\n<meta property=\"og:url\" content=\"https:\/\/www.meslibellules.fr\/blog\/2023\/12\/01\/neoneura-bilinearis\/\" \/>\n<meta property=\"og:site_name\" content=\"Mes Libellules\" \/>\n<meta property=\"article:publisher\" content=\"https:\/\/www.facebook.com\/benoit.guillon.96\/\" \/>\n<meta property=\"article:author\" content=\"https:\/\/www.facebook.com\/benoit.guillon.96\/\" \/>\n<meta property=\"article:published_time\" content=\"2023-12-01T12:23:55+00:00\" \/>\n<meta property=\"article:modified_time\" content=\"2023-12-01T12:23:57+00:00\" \/>\n<meta property=\"og:image\" content=\"https:\/\/www.meslibellules.fr\/blog\/wp-content\/uploads\/Neoneura-bilinearis.webp\" \/>\n<meta name=\"author\" content=\"Beno\u00eet Guillon\" \/>\n<meta name=\"twitter:card\" content=\"summary_large_image\" \/>\n<meta name=\"twitter:label1\" content=\"\u00c9crit par\" \/>\n\t<meta name=\"twitter:data1\" content=\"Beno\u00eet Guillon\" \/>\n\t<meta name=\"twitter:label2\" content=\"Dur\u00e9e de lecture estim\u00e9e\" \/>\n\t<meta name=\"twitter:data2\" content=\"4 minutes\" \/>\n<script type=\"application\/ld+json\" class=\"yoast-schema-graph\">{\"@context\":\"https:\\\/\\\/schema.org\",\"@graph\":[{\"@type\":\"Article\",\"@id\":\"https:\\\/\\\/www.meslibellules.fr\\\/blog\\\/2023\\\/12\\\/01\\\/neoneura-bilinearis\\\/#article\",\"isPartOf\":{\"@id\":\"https:\\\/\\\/www.meslibellules.fr\\\/blog\\\/2023\\\/12\\\/01\\\/neoneura-bilinearis\\\/\"},\"author\":{\"name\":\"Beno\u00eet Guillon\",\"@id\":\"https:\\\/\\\/www.meslibellules.fr\\\/blog\\\/#\\\/schema\\\/person\\\/9aa3586f9dd053fcf329f43b8b053c77\"},\"headline\":\"Neoneura bilinearis (Selys, 1860)\",\"datePublished\":\"2023-12-01T12:23:55+00:00\",\"dateModified\":\"2023-12-01T12:23:57+00:00\",\"mainEntityOfPage\":{\"@id\":\"https:\\\/\\\/www.meslibellules.fr\\\/blog\\\/2023\\\/12\\\/01\\\/neoneura-bilinearis\\\/\"},\"wordCount\":529,\"commentCount\":0,\"publisher\":{\"@id\":\"https:\\\/\\\/www.meslibellules.fr\\\/blog\\\/#\\\/schema\\\/person\\\/9aa3586f9dd053fcf329f43b8b053c77\"},\"image\":{\"@id\":\"https:\\\/\\\/www.meslibellules.fr\\\/blog\\\/2023\\\/12\\\/01\\\/neoneura-bilinearis\\\/#primaryimage\"},\"thumbnailUrl\":\"https:\\\/\\\/www.meslibellules.fr\\\/blog\\\/wp-content\\\/uploads\\\/Neoneura-bilinearis.webp\",\"keywords\":[\"P\u00e9rou\",\"Protoneuridae - P\u00e9rou\"],\"articleSection\":[\"P\u00e9rou\",\"Protoneuridae\"],\"inLanguage\":\"fr-FR\",\"potentialAction\":[{\"@type\":\"CommentAction\",\"name\":\"Comment\",\"target\":[\"https:\\\/\\\/www.meslibellules.fr\\\/blog\\\/2023\\\/12\\\/01\\\/neoneura-bilinearis\\\/#respond\"]}]},{\"@type\":\"WebPage\",\"@id\":\"https:\\\/\\\/www.meslibellules.fr\\\/blog\\\/2023\\\/12\\\/01\\\/neoneura-bilinearis\\\/\",\"url\":\"https:\\\/\\\/www.meslibellules.fr\\\/blog\\\/2023\\\/12\\\/01\\\/neoneura-bilinearis\\\/\",\"name\":\"Neoneura bilinearis - Mes Libellules\",\"isPartOf\":{\"@id\":\"https:\\\/\\\/www.meslibellules.fr\\\/blog\\\/#website\"},\"primaryImageOfPage\":{\"@id\":\"https:\\\/\\\/www.meslibellules.fr\\\/blog\\\/2023\\\/12\\\/01\\\/neoneura-bilinearis\\\/#primaryimage\"},\"image\":{\"@id\":\"https:\\\/\\\/www.meslibellules.fr\\\/blog\\\/2023\\\/12\\\/01\\\/neoneura-bilinearis\\\/#primaryimage\"},\"thumbnailUrl\":\"https:\\\/\\\/www.meslibellules.fr\\\/blog\\\/wp-content\\\/uploads\\\/Neoneura-bilinearis.webp\",\"datePublished\":\"2023-12-01T12:23:55+00:00\",\"dateModified\":\"2023-12-01T12:23:57+00:00\",\"description\":\"Neoneura bilinearis m\u00e2le et femelle, description, identification, taille, habitat, distribution g\u00e9ographique, \u00e9tymologie\",\"breadcrumb\":{\"@id\":\"https:\\\/\\\/www.meslibellules.fr\\\/blog\\\/2023\\\/12\\\/01\\\/neoneura-bilinearis\\\/#breadcrumb\"},\"inLanguage\":\"fr-FR\",\"potentialAction\":[{\"@type\":\"ReadAction\",\"target\":[\"https:\\\/\\\/www.meslibellules.fr\\\/blog\\\/2023\\\/12\\\/01\\\/neoneura-bilinearis\\\/\"]}]},{\"@type\":\"ImageObject\",\"inLanguage\":\"fr-FR\",\"@id\":\"https:\\\/\\\/www.meslibellules.fr\\\/blog\\\/2023\\\/12\\\/01\\\/neoneura-bilinearis\\\/#primaryimage\",\"url\":\"https:\\\/\\\/www.meslibellules.fr\\\/blog\\\/wp-content\\\/uploads\\\/Neoneura-bilinearis.webp\",\"contentUrl\":\"https:\\\/\\\/www.meslibellules.fr\\\/blog\\\/wp-content\\\/uploads\\\/Neoneura-bilinearis.webp\"},{\"@type\":\"BreadcrumbList\",\"@id\":\"https:\\\/\\\/www.meslibellules.fr\\\/blog\\\/2023\\\/12\\\/01\\\/neoneura-bilinearis\\\/#breadcrumb\",\"itemListElement\":[{\"@type\":\"ListItem\",\"position\":1,\"name\":\"Accueil\",\"item\":\"https:\\\/\\\/www.meslibellules.fr\\\/blog\\\/\"},{\"@type\":\"ListItem\",\"position\":2,\"name\":\"Neoneura bilinearis (Selys, 1860)\"}]},{\"@type\":\"WebSite\",\"@id\":\"https:\\\/\\\/www.meslibellules.fr\\\/blog\\\/#website\",\"url\":\"https:\\\/\\\/www.meslibellules.fr\\\/blog\\\/\",\"name\":\"Mes Libellules\",\"description\":\"Pr\u00e9sentation des libellules rencontr\u00e9es dans le monde\",\"publisher\":{\"@id\":\"https:\\\/\\\/www.meslibellules.fr\\\/blog\\\/#\\\/schema\\\/person\\\/9aa3586f9dd053fcf329f43b8b053c77\"},\"potentialAction\":[{\"@type\":\"SearchAction\",\"target\":{\"@type\":\"EntryPoint\",\"urlTemplate\":\"https:\\\/\\\/www.meslibellules.fr\\\/blog\\\/?s={search_term_string}\"},\"query-input\":{\"@type\":\"PropertyValueSpecification\",\"valueRequired\":true,\"valueName\":\"search_term_string\"}}],\"inLanguage\":\"fr-FR\"},{\"@type\":[\"Person\",\"Organization\"],\"@id\":\"https:\\\/\\\/www.meslibellules.fr\\\/blog\\\/#\\\/schema\\\/person\\\/9aa3586f9dd053fcf329f43b8b053c77\",\"name\":\"Beno\u00eet Guillon\",\"image\":{\"@type\":\"ImageObject\",\"inLanguage\":\"fr-FR\",\"@id\":\"https:\\\/\\\/www.meslibellules.fr\\\/blog\\\/wp-content\\\/uploads\\\/cropped-avatar-150-pix.jpg\",\"url\":\"https:\\\/\\\/www.meslibellules.fr\\\/blog\\\/wp-content\\\/uploads\\\/cropped-avatar-150-pix.jpg\",\"contentUrl\":\"https:\\\/\\\/www.meslibellules.fr\\\/blog\\\/wp-content\\\/uploads\\\/cropped-avatar-150-pix.jpg\",\"width\":150,\"height\":137,\"caption\":\"Beno\u00eet Guillon\"},\"logo\":{\"@id\":\"https:\\\/\\\/www.meslibellules.fr\\\/blog\\\/wp-content\\\/uploads\\\/cropped-avatar-150-pix.jpg\"},\"sameAs\":[\"https:\\\/\\\/www.facebook.com\\\/benoit.guillon.96\\\/\"]}]}<\/script>\n<!-- \/ Yoast SEO plugin. -->","yoast_head_json":{"title":"Neoneura bilinearis - Mes Libellules","description":"Neoneura bilinearis m\u00e2le et femelle, description, identification, taille, habitat, distribution g\u00e9ographique, \u00e9tymologie","robots":{"index":"index","follow":"follow","max-snippet":"max-snippet:-1","max-image-preview":"max-image-preview:large","max-video-preview":"max-video-preview:-1"},"canonical":"https:\/\/www.meslibellules.fr\/blog\/2023\/12\/01\/neoneura-bilinearis\/","og_locale":"fr_FR","og_type":"article","og_title":"Neoneura bilinearis - Mes Libellules","og_description":"Neoneura bilinearis m\u00e2le et femelle, description, identification, taille, habitat, distribution g\u00e9ographique, \u00e9tymologie","og_url":"https:\/\/www.meslibellules.fr\/blog\/2023\/12\/01\/neoneura-bilinearis\/","og_site_name":"Mes Libellules","article_publisher":"https:\/\/www.facebook.com\/benoit.guillon.96\/","article_author":"https:\/\/www.facebook.com\/benoit.guillon.96\/","article_published_time":"2023-12-01T12:23:55+00:00","article_modified_time":"2023-12-01T12:23:57+00:00","og_image":[{"url":"https:\/\/www.meslibellules.fr\/blog\/wp-content\/uploads\/Neoneura-bilinearis.webp","type":"","width":"","height":""}],"author":"Beno\u00eet Guillon","twitter_card":"summary_large_image","twitter_misc":{"\u00c9crit par":"Beno\u00eet Guillon","Dur\u00e9e de lecture estim\u00e9e":"4 minutes"},"schema":{"@context":"https:\/\/schema.org","@graph":[{"@type":"Article","@id":"https:\/\/www.meslibellules.fr\/blog\/2023\/12\/01\/neoneura-bilinearis\/#article","isPartOf":{"@id":"https:\/\/www.meslibellules.fr\/blog\/2023\/12\/01\/neoneura-bilinearis\/"},"author":{"name":"Beno\u00eet Guillon","@id":"https:\/\/www.meslibellules.fr\/blog\/#\/schema\/person\/9aa3586f9dd053fcf329f43b8b053c77"},"headline":"Neoneura bilinearis (Selys, 1860)","datePublished":"2023-12-01T12:23:55+00:00","dateModified":"2023-12-01T12:23:57+00:00","mainEntityOfPage":{"@id":"https:\/\/www.meslibellules.fr\/blog\/2023\/12\/01\/neoneura-bilinearis\/"},"wordCount":529,"commentCount":0,"publisher":{"@id":"https:\/\/www.meslibellules.fr\/blog\/#\/schema\/person\/9aa3586f9dd053fcf329f43b8b053c77"},"image":{"@id":"https:\/\/www.meslibellules.fr\/blog\/2023\/12\/01\/neoneura-bilinearis\/#primaryimage"},"thumbnailUrl":"https:\/\/www.meslibellules.fr\/blog\/wp-content\/uploads\/Neoneura-bilinearis.webp","keywords":["P\u00e9rou","Protoneuridae - P\u00e9rou"],"articleSection":["P\u00e9rou","Protoneuridae"],"inLanguage":"fr-FR","potentialAction":[{"@type":"CommentAction","name":"Comment","target":["https:\/\/www.meslibellules.fr\/blog\/2023\/12\/01\/neoneura-bilinearis\/#respond"]}]},{"@type":"WebPage","@id":"https:\/\/www.meslibellules.fr\/blog\/2023\/12\/01\/neoneura-bilinearis\/","url":"https:\/\/www.meslibellules.fr\/blog\/2023\/12\/01\/neoneura-bilinearis\/","name":"Neoneura bilinearis - Mes Libellules","isPartOf":{"@id":"https:\/\/www.meslibellules.fr\/blog\/#website"},"primaryImageOfPage":{"@id":"https:\/\/www.meslibellules.fr\/blog\/2023\/12\/01\/neoneura-bilinearis\/#primaryimage"},"image":{"@id":"https:\/\/www.meslibellules.fr\/blog\/2023\/12\/01\/neoneura-bilinearis\/#primaryimage"},"thumbnailUrl":"https:\/\/www.meslibellules.fr\/blog\/wp-content\/uploads\/Neoneura-bilinearis.webp","datePublished":"2023-12-01T12:23:55+00:00","dateModified":"2023-12-01T12:23:57+00:00","description":"Neoneura bilinearis m\u00e2le et femelle, description, identification, taille, habitat, distribution g\u00e9ographique, \u00e9tymologie","breadcrumb":{"@id":"https:\/\/www.meslibellules.fr\/blog\/2023\/12\/01\/neoneura-bilinearis\/#breadcrumb"},"inLanguage":"fr-FR","potentialAction":[{"@type":"ReadAction","target":["https:\/\/www.meslibellules.fr\/blog\/2023\/12\/01\/neoneura-bilinearis\/"]}]},{"@type":"ImageObject","inLanguage":"fr-FR","@id":"https:\/\/www.meslibellules.fr\/blog\/2023\/12\/01\/neoneura-bilinearis\/#primaryimage","url":"https:\/\/www.meslibellules.fr\/blog\/wp-content\/uploads\/Neoneura-bilinearis.webp","contentUrl":"https:\/\/www.meslibellules.fr\/blog\/wp-content\/uploads\/Neoneura-bilinearis.webp"},{"@type":"BreadcrumbList","@id":"https:\/\/www.meslibellules.fr\/blog\/2023\/12\/01\/neoneura-bilinearis\/#breadcrumb","itemListElement":[{"@type":"ListItem","position":1,"name":"Accueil","item":"https:\/\/www.meslibellules.fr\/blog\/"},{"@type":"ListItem","position":2,"name":"Neoneura bilinearis (Selys, 1860)"}]},{"@type":"WebSite","@id":"https:\/\/www.meslibellules.fr\/blog\/#website","url":"https:\/\/www.meslibellules.fr\/blog\/","name":"Mes Libellules","description":"Pr\u00e9sentation des libellules rencontr\u00e9es dans le monde","publisher":{"@id":"https:\/\/www.meslibellules.fr\/blog\/#\/schema\/person\/9aa3586f9dd053fcf329f43b8b053c77"},"potentialAction":[{"@type":"SearchAction","target":{"@type":"EntryPoint","urlTemplate":"https:\/\/www.meslibellules.fr\/blog\/?s={search_term_string}"},"query-input":{"@type":"PropertyValueSpecification","valueRequired":true,"valueName":"search_term_string"}}],"inLanguage":"fr-FR"},{"@type":["Person","Organization"],"@id":"https:\/\/www.meslibellules.fr\/blog\/#\/schema\/person\/9aa3586f9dd053fcf329f43b8b053c77","name":"Beno\u00eet Guillon","image":{"@type":"ImageObject","inLanguage":"fr-FR","@id":"https:\/\/www.meslibellules.fr\/blog\/wp-content\/uploads\/cropped-avatar-150-pix.jpg","url":"https:\/\/www.meslibellules.fr\/blog\/wp-content\/uploads\/cropped-avatar-150-pix.jpg","contentUrl":"https:\/\/www.meslibellules.fr\/blog\/wp-content\/uploads\/cropped-avatar-150-pix.jpg","width":150,"height":137,"caption":"Beno\u00eet Guillon"},"logo":{"@id":"https:\/\/www.meslibellules.fr\/blog\/wp-content\/uploads\/cropped-avatar-150-pix.jpg"},"sameAs":["https:\/\/www.facebook.com\/benoit.guillon.96\/"]}]}},"_links":{"self":[{"href":"https:\/\/www.meslibellules.fr\/blog\/wp-json\/wp\/v2\/posts\/17135","targetHints":{"allow":["GET"]}}],"collection":[{"href":"https:\/\/www.meslibellules.fr\/blog\/wp-json\/wp\/v2\/posts"}],"about":[{"href":"https:\/\/www.meslibellules.fr\/blog\/wp-json\/wp\/v2\/types\/post"}],"author":[{"embeddable":true,"href":"https:\/\/www.meslibellules.fr\/blog\/wp-json\/wp\/v2\/users\/1"}],"replies":[{"embeddable":true,"href":"https:\/\/www.meslibellules.fr\/blog\/wp-json\/wp\/v2\/comments?post=17135"}],"version-history":[{"count":0,"href":"https:\/\/www.meslibellules.fr\/blog\/wp-json\/wp\/v2\/posts\/17135\/revisions"}],"wp:attachment":[{"href":"https:\/\/www.meslibellules.fr\/blog\/wp-json\/wp\/v2\/media?parent=17135"}],"wp:term":[{"taxonomy":"category","embeddable":true,"href":"https:\/\/www.meslibellules.fr\/blog\/wp-json\/wp\/v2\/categories?post=17135"},{"taxonomy":"post_tag","embeddable":true,"href":"https:\/\/www.meslibellules.fr\/blog\/wp-json\/wp\/v2\/tags?post=17135"}],"curies":[{"name":"wp","href":"https:\/\/api.w.org\/{rel}","templated":true}]}}