{"id":17403,"date":"2023-12-17T09:31:27","date_gmt":"2023-12-17T08:31:27","guid":{"rendered":"https:\/\/www.meslibellules.fr\/blog\/?p=17403"},"modified":"2023-12-17T09:31:28","modified_gmt":"2023-12-17T08:31:28","slug":"miathyria-marcella","status":"publish","type":"post","link":"https:\/\/www.meslibellules.fr\/blog\/2023\/12\/17\/miathyria-marcella\/","title":{"rendered":"Miathyria marcella (Selys in Sagra, 1857)"},"content":{"rendered":"\n<figure class=\"wp-block-image aligncenter size-full is-resized\"><a href=\"https:\/\/www.meslibellules.fr\/blog\/wp-content\/uploads\/Miathyria-marcella-male-1.webp\"><img decoding=\"async\" width=\"1354\" height=\"1204\" data-src=\"https:\/\/www.meslibellules.fr\/blog\/wp-content\/uploads\/Miathyria-marcella-male-1.webp\" alt=\"Miathyria marcella m\u00e2le, Br\u00e9sil, REGUA, 06\/01\/2015\" class=\"wp-image-17400 lazyload\" style=\"--smush-placeholder-width: 1354px; --smush-placeholder-aspect-ratio: 1354\/1204;width:467px;height:auto\" data-srcset=\"https:\/\/www.meslibellules.fr\/blog\/wp-content\/uploads\/Miathyria-marcella-male-1.webp 1354w, https:\/\/www.meslibellules.fr\/blog\/wp-content\/uploads\/Miathyria-marcella-male-1-768x683.webp 768w\" data-sizes=\"(max-width: 1354px) 100vw, 1354px\" src=\"data:image\/svg+xml;base64,PHN2ZyB3aWR0aD0iMSIgaGVpZ2h0PSIxIiB4bWxucz0iaHR0cDovL3d3dy53My5vcmcvMjAwMC9zdmciPjwvc3ZnPg==\" \/><\/a><figcaption class=\"wp-element-caption\">Miathyria marcella m\u00e2le, Br\u00e9sil, REGUA, 06\/01\/2015<\/figcaption><\/figure>\n\n\n\n<p>C&rsquo;est la premi\u00e8re fois que je vois Miathyria marcella pos\u00e9 ; c&rsquo;est en effet un planeur infatigable que j&rsquo;avais rencontr\u00e9\u00a0<a href=\"http:\/\/www.meslibellules.fr\/voyages\/panama\/miathyria-marcella\/miathyria-marcella.php\">au Panama<\/a>, apr\u00e8s sa capture. Malheureusement, il est pos\u00e9 ici tr\u00e8s haut, certainement \u00e0 plus de 5 m\u00e8tres, ce qui n&rsquo;est pas son habitude, mais il est d\u00e9j\u00e0 17 heures 15 et c&rsquo;est sans doute son perchoir pour la nuit.  Ils sont d&rsquo;ailleurs 4 ou 5 individus dans cet arbre-dortoir, ce 6 janvier 2015, pr\u00e8s de REGUA. C&rsquo;est une esp\u00e8ce gr\u00e9gaire et on peut parfois observer des vols de dizaines d&rsquo;individus.<br>Ils semblent rester en vol des heures, c&rsquo;est du moins ce que pensent les photographes&#8230;, et cette facult\u00e9 est bien s\u00fbr directement li\u00e9e \u00e0 la spectaculaire largeur des ailes post\u00e9rieures qui portent une tache tr\u00e8s sombre \u00e0 nervures jaunes.<\/p>\n\n\n\n<figure class=\"wp-block-image aligncenter size-full is-resized\"><a href=\"https:\/\/www.meslibellules.fr\/blog\/wp-content\/uploads\/Miathyria-marcella-male-3.webp\"><img decoding=\"async\" width=\"1366\" height=\"1204\" data-src=\"https:\/\/www.meslibellules.fr\/blog\/wp-content\/uploads\/Miathyria-marcella-male-3.webp\" alt=\"Miathyria marcella m\u00e2le, Br\u00e9sil, REGUA, 06\/01\/2015\" class=\"wp-image-17401 lazyload\" style=\"--smush-placeholder-width: 1366px; --smush-placeholder-aspect-ratio: 1366\/1204;width:543px;height:auto\" data-srcset=\"https:\/\/www.meslibellules.fr\/blog\/wp-content\/uploads\/Miathyria-marcella-male-3.webp 1366w, https:\/\/www.meslibellules.fr\/blog\/wp-content\/uploads\/Miathyria-marcella-male-3-768x677.webp 768w\" data-sizes=\"(max-width: 1366px) 100vw, 1366px\" src=\"data:image\/svg+xml;base64,PHN2ZyB3aWR0aD0iMSIgaGVpZ2h0PSIxIiB4bWxucz0iaHR0cDovL3d3dy53My5vcmcvMjAwMC9zdmciPjwvc3ZnPg==\" \/><\/a><figcaption class=\"wp-element-caption\">Miathyria marcella m\u00e2le, Br\u00e9sil, REGUA, 06\/01\/2015<\/figcaption><\/figure>\n\n\n\n<p>Son nom anglais est Hyacinth Glider et t\u00e9moigne de sa d\u00e9pendance aux Jacinthes d&rsquo;eau (Eicchornia crassipes) qui constituent son substrat pr\u00e9f\u00e9rentiel de ponte. Les femelles que je n&rsquo;ai pas rencontr\u00e9es ne d\u00e9daignent pas non plus la Laitue d&rsquo;eau (<em>Pistia stratiotes<\/em>).<br>Ces choix font qu&rsquo;on ne le trouve que sur des eaux dormantes ou \u00e0 tr\u00e8s faible courant, mare, marais \u00e9tangs et lacs.<br>On le rencontre depuis le sud des \u00c9tats-Unis jusqu&rsquo;en l&rsquo;Argentine et aux Grandes Antilles.<br><a href=\"https:\/\/www.iucnredlist.org\/species\/165066\/80685834#geographic-range\">IUCN Red List<\/a><br><br>Il mesure 37 \u00e0 40 mm, l&rsquo;accouplement se produit en vol et la vile larvaire dure 4 \u00e0 6 mois.<br>Avec sa tache basale alaire, on ne peut gu\u00e8re le confondre qu&rsquo;avec <a href=\"http:\/\/www.meslibellules.fr\/voyages\/colombie\/tramea-calverti\/tramea-calverti\/tramea-calverti-male-1big.jpg\">Tramea calverti<\/a> ou <a href=\"http:\/\/www.meslibellules.fr\/voyages\/bresil\/tramea-cophysa\/tramea-cophysa-femelle\/tramea-cophysa-femelle-2big.jpg\">Tramea cophysa<\/a>, seuls Tramea montrant une bande claire lat\u00e9rale sur la face lat\u00e9rale du thorax. Mais ils ont tous les deux un abdomen plus rouge et leur tache basale alaire n&rsquo;est pas parcourue de nervures jaunes.<\/p>\n\n\n\n<figure class=\"wp-block-image aligncenter size-full is-resized\"><a href=\"https:\/\/www.meslibellules.fr\/blog\/wp-content\/uploads\/Miathyria-marcella-male-parasite.webp\"><img decoding=\"async\" width=\"1101\" height=\"1004\" data-src=\"https:\/\/www.meslibellules.fr\/blog\/wp-content\/uploads\/Miathyria-marcella-male-parasite.webp\" alt=\"Miathyria marcella m\u00e2le, Br\u00e9sil, REGUA, 06\/01\/2015\" class=\"wp-image-17402 lazyload\" style=\"--smush-placeholder-width: 1101px; --smush-placeholder-aspect-ratio: 1101\/1004;width:471px;height:auto\" data-srcset=\"https:\/\/www.meslibellules.fr\/blog\/wp-content\/uploads\/Miathyria-marcella-male-parasite.webp 1101w, https:\/\/www.meslibellules.fr\/blog\/wp-content\/uploads\/Miathyria-marcella-male-parasite-768x700.webp 768w\" data-sizes=\"(max-width: 1101px) 100vw, 1101px\" src=\"data:image\/svg+xml;base64,PHN2ZyB3aWR0aD0iMSIgaGVpZ2h0PSIxIiB4bWxucz0iaHR0cDovL3d3dy53My5vcmcvMjAwMC9zdmciPjwvc3ZnPg==\" \/><\/a><figcaption class=\"wp-element-caption\">Miathyria marcella m\u00e2le, Br\u00e9sil, REGUA, 06\/01\/2015<\/figcaption><\/figure>\n\n\n\n<p>Parmi les individus observ\u00e9s sur cet arbre, celui ci-dessus \u00e9tait spectaculairement charg\u00e9 en parasites, certainement des hydracariens, qui se fixent sur la larve et migrent sur leur h\u00f4te lors de l&rsquo;\u00e9mergence.<br><br>Je livre l&rsquo;\u00e9tymologie du nom d&rsquo;esp\u00e8ce et de genre telle qu&rsquo;on les trouve dans \u00ab\u00a0T<em>he Scientific Names of North American Dragonflies\u00a0\u00bb, Heinrich Fliedner, Ian Endersby, Busybird Publishing 2019<\/em>.<br>Miathyria est compos\u00e9 de trois mots grecs, le premier signifiant &#8211;<em>une<\/em>, le second &#8211;<em>entr\u00e9e, porte ou volet de fen\u00eatre<\/em>, le troisi\u00e8me, &#8211;<em>concernant, se rapportant \u00e0<\/em>. Et \u00ab\u00a0ce qui se rapporterait \u00e0 une entr\u00e9e ou un volet\u00a0\u00bb pourrait \u00eatre \u00a0\u00bb l&rsquo;espace du sous-triangle sous la forme d&rsquo;une tr\u00e8s large cellule pentagonale\u00a0\u00bb.<br>L&rsquo;esp\u00e8ce <em>marcella<\/em> est nomm\u00e9e d&rsquo;apr\u00e8s une femme inconnue ou une sainte du IV\u00b0 si\u00e8cle connue pour son r\u00f4le dans la fondation de l&rsquo;institution monastique&#8230;<br>Autant dire qu&rsquo;on ne sait pas pourquoi  elle a \u00e9t\u00e9 ainsi nomm\u00e9e.<\/p>\n","protected":false},"excerpt":{"rendered":"<p>C&rsquo;est la premi\u00e8re fois que je vois Miathyria marcella pos\u00e9 ; c&rsquo;est en effet un planeur infatigable que j&rsquo;avais rencontr\u00e9\u00a0au Panama, apr\u00e8s sa capture. Malheureusement, il est pos\u00e9 ici tr\u00e8s haut, certainement \u00e0 plus de 5 m\u00e8tres, ce qui n&rsquo;est pas son habitude, mais il est d\u00e9j\u00e0 17 heures 15 et c&rsquo;est sans doute son [&hellip;]<\/p>\n","protected":false},"author":1,"featured_media":0,"comment_status":"open","ping_status":"open","sticky":false,"template":"","format":"image","meta":{"site-sidebar-layout":"default","site-content-layout":"","ast-site-content-layout":"default","site-content-style":"default","site-sidebar-style":"default","ast-global-header-display":"","ast-banner-title-visibility":"","ast-main-header-display":"","ast-hfb-above-header-display":"","ast-hfb-below-header-display":"","ast-hfb-mobile-header-display":"","site-post-title":"","ast-breadcrumbs-content":"","ast-featured-img":"","footer-sml-layout":"","ast-disable-related-posts":"","theme-transparent-header-meta":"","adv-header-id-meta":"","stick-header-meta":"","header-above-stick-meta":"","header-main-stick-meta":"","header-below-stick-meta":"","astra-migrate-meta-layouts":"set","ast-page-background-enabled":"default","ast-page-background-meta":{"desktop":{"background-color":"var(--ast-global-color-4)","background-image":"","background-repeat":"repeat","background-position":"center center","background-size":"auto","background-attachment":"scroll","background-type":"","background-media":"","overlay-type":"","overlay-color":"","overlay-opacity":"","overlay-gradient":""},"tablet":{"background-color":"","background-image":"","background-repeat":"repeat","background-position":"center center","background-size":"auto","background-attachment":"scroll","background-type":"","background-media":"","overlay-type":"","overlay-color":"","overlay-opacity":"","overlay-gradient":""},"mobile":{"background-color":"","background-image":"","background-repeat":"repeat","background-position":"center center","background-size":"auto","background-attachment":"scroll","background-type":"","background-media":"","overlay-type":"","overlay-color":"","overlay-opacity":"","overlay-gradient":""}},"ast-content-background-meta":{"desktop":{"background-color":"var(--ast-global-color-5)","background-image":"","background-repeat":"repeat","background-position":"center center","background-size":"auto","background-attachment":"scroll","background-type":"","background-media":"","overlay-type":"","overlay-color":"","overlay-opacity":"","overlay-gradient":""},"tablet":{"background-color":"var(--ast-global-color-5)","background-image":"","background-repeat":"repeat","background-position":"center center","background-size":"auto","background-attachment":"scroll","background-type":"","background-media":"","overlay-type":"","overlay-color":"","overlay-opacity":"","overlay-gradient":""},"mobile":{"background-color":"var(--ast-global-color-5)","background-image":"","background-repeat":"repeat","background-position":"center center","background-size":"auto","background-attachment":"scroll","background-type":"","background-media":"","overlay-type":"","overlay-color":"","overlay-opacity":"","overlay-gradient":""}},"footnotes":""},"categories":[1315],"tags":[1316,1317],"class_list":["post-17403","post","type-post","status-publish","format-image","hentry","category-bresil","tag-bresil","tag-libellulidae-bresil","post_format-post-format-image"],"yoast_head":"<!-- This site is optimized with the Yoast SEO plugin v27.4 - https:\/\/yoast.com\/product\/yoast-seo-wordpress\/ -->\n<title>Miathyria marcella - Mes Libellules<\/title>\n<meta name=\"description\" content=\"Miathyria marcella m\u00e2le, description, identification, taille, habitat, distribution g\u00e9ographique, \u00e9tymologie\" \/>\n<meta name=\"robots\" content=\"index, follow, max-snippet:-1, max-image-preview:large, max-video-preview:-1\" \/>\n<link rel=\"canonical\" href=\"https:\/\/www.meslibellules.fr\/blog\/2023\/12\/17\/miathyria-marcella\/\" \/>\n<meta property=\"og:locale\" content=\"fr_FR\" \/>\n<meta property=\"og:type\" content=\"article\" \/>\n<meta property=\"og:title\" content=\"Miathyria marcella - Mes Libellules\" \/>\n<meta property=\"og:description\" content=\"Miathyria marcella m\u00e2le, description, identification, taille, habitat, distribution g\u00e9ographique, \u00e9tymologie\" \/>\n<meta property=\"og:url\" content=\"https:\/\/www.meslibellules.fr\/blog\/2023\/12\/17\/miathyria-marcella\/\" \/>\n<meta property=\"og:site_name\" content=\"Mes Libellules\" \/>\n<meta property=\"article:publisher\" content=\"https:\/\/www.facebook.com\/benoit.guillon.96\/\" \/>\n<meta property=\"article:author\" content=\"https:\/\/www.facebook.com\/benoit.guillon.96\/\" \/>\n<meta property=\"article:published_time\" content=\"2023-12-17T08:31:27+00:00\" \/>\n<meta property=\"article:modified_time\" content=\"2023-12-17T08:31:28+00:00\" \/>\n<meta property=\"og:image\" content=\"https:\/\/www.meslibellules.fr\/blog\/wp-content\/uploads\/Miathyria-marcella-male-1.webp\" \/>\n<meta name=\"author\" content=\"Beno\u00eet Guillon\" \/>\n<meta name=\"twitter:card\" content=\"summary_large_image\" \/>\n<meta name=\"twitter:label1\" content=\"\u00c9crit par\" \/>\n\t<meta name=\"twitter:data1\" content=\"Beno\u00eet Guillon\" \/>\n\t<meta name=\"twitter:label2\" content=\"Dur\u00e9e de lecture estim\u00e9e\" \/>\n\t<meta name=\"twitter:data2\" content=\"3 minutes\" \/>\n<script type=\"application\/ld+json\" class=\"yoast-schema-graph\">{\"@context\":\"https:\\\/\\\/schema.org\",\"@graph\":[{\"@type\":\"Article\",\"@id\":\"https:\\\/\\\/www.meslibellules.fr\\\/blog\\\/2023\\\/12\\\/17\\\/miathyria-marcella\\\/#article\",\"isPartOf\":{\"@id\":\"https:\\\/\\\/www.meslibellules.fr\\\/blog\\\/2023\\\/12\\\/17\\\/miathyria-marcella\\\/\"},\"author\":{\"name\":\"Beno\u00eet Guillon\",\"@id\":\"https:\\\/\\\/www.meslibellules.fr\\\/blog\\\/#\\\/schema\\\/person\\\/9aa3586f9dd053fcf329f43b8b053c77\"},\"headline\":\"Miathyria marcella (Selys in Sagra, 1857)\",\"datePublished\":\"2023-12-17T08:31:27+00:00\",\"dateModified\":\"2023-12-17T08:31:28+00:00\",\"mainEntityOfPage\":{\"@id\":\"https:\\\/\\\/www.meslibellules.fr\\\/blog\\\/2023\\\/12\\\/17\\\/miathyria-marcella\\\/\"},\"wordCount\":493,\"commentCount\":0,\"publisher\":{\"@id\":\"https:\\\/\\\/www.meslibellules.fr\\\/blog\\\/#\\\/schema\\\/person\\\/9aa3586f9dd053fcf329f43b8b053c77\"},\"image\":{\"@id\":\"https:\\\/\\\/www.meslibellules.fr\\\/blog\\\/2023\\\/12\\\/17\\\/miathyria-marcella\\\/#primaryimage\"},\"thumbnailUrl\":\"https:\\\/\\\/www.meslibellules.fr\\\/blog\\\/wp-content\\\/uploads\\\/Miathyria-marcella-male-1.webp\",\"keywords\":[\"Br\u00e9sil\",\"Libellulidae-Br\u00e9sil\"],\"articleSection\":[\"Br\u00e9sil\"],\"inLanguage\":\"fr-FR\",\"potentialAction\":[{\"@type\":\"CommentAction\",\"name\":\"Comment\",\"target\":[\"https:\\\/\\\/www.meslibellules.fr\\\/blog\\\/2023\\\/12\\\/17\\\/miathyria-marcella\\\/#respond\"]}]},{\"@type\":\"WebPage\",\"@id\":\"https:\\\/\\\/www.meslibellules.fr\\\/blog\\\/2023\\\/12\\\/17\\\/miathyria-marcella\\\/\",\"url\":\"https:\\\/\\\/www.meslibellules.fr\\\/blog\\\/2023\\\/12\\\/17\\\/miathyria-marcella\\\/\",\"name\":\"Miathyria marcella - Mes Libellules\",\"isPartOf\":{\"@id\":\"https:\\\/\\\/www.meslibellules.fr\\\/blog\\\/#website\"},\"primaryImageOfPage\":{\"@id\":\"https:\\\/\\\/www.meslibellules.fr\\\/blog\\\/2023\\\/12\\\/17\\\/miathyria-marcella\\\/#primaryimage\"},\"image\":{\"@id\":\"https:\\\/\\\/www.meslibellules.fr\\\/blog\\\/2023\\\/12\\\/17\\\/miathyria-marcella\\\/#primaryimage\"},\"thumbnailUrl\":\"https:\\\/\\\/www.meslibellules.fr\\\/blog\\\/wp-content\\\/uploads\\\/Miathyria-marcella-male-1.webp\",\"datePublished\":\"2023-12-17T08:31:27+00:00\",\"dateModified\":\"2023-12-17T08:31:28+00:00\",\"description\":\"Miathyria marcella m\u00e2le, description, identification, taille, habitat, distribution g\u00e9ographique, \u00e9tymologie\",\"breadcrumb\":{\"@id\":\"https:\\\/\\\/www.meslibellules.fr\\\/blog\\\/2023\\\/12\\\/17\\\/miathyria-marcella\\\/#breadcrumb\"},\"inLanguage\":\"fr-FR\",\"potentialAction\":[{\"@type\":\"ReadAction\",\"target\":[\"https:\\\/\\\/www.meslibellules.fr\\\/blog\\\/2023\\\/12\\\/17\\\/miathyria-marcella\\\/\"]}]},{\"@type\":\"ImageObject\",\"inLanguage\":\"fr-FR\",\"@id\":\"https:\\\/\\\/www.meslibellules.fr\\\/blog\\\/2023\\\/12\\\/17\\\/miathyria-marcella\\\/#primaryimage\",\"url\":\"https:\\\/\\\/www.meslibellules.fr\\\/blog\\\/wp-content\\\/uploads\\\/Miathyria-marcella-male-1.webp\",\"contentUrl\":\"https:\\\/\\\/www.meslibellules.fr\\\/blog\\\/wp-content\\\/uploads\\\/Miathyria-marcella-male-1.webp\"},{\"@type\":\"BreadcrumbList\",\"@id\":\"https:\\\/\\\/www.meslibellules.fr\\\/blog\\\/2023\\\/12\\\/17\\\/miathyria-marcella\\\/#breadcrumb\",\"itemListElement\":[{\"@type\":\"ListItem\",\"position\":1,\"name\":\"Accueil\",\"item\":\"https:\\\/\\\/www.meslibellules.fr\\\/blog\\\/\"},{\"@type\":\"ListItem\",\"position\":2,\"name\":\"Miathyria marcella (Selys in Sagra, 1857)\"}]},{\"@type\":\"WebSite\",\"@id\":\"https:\\\/\\\/www.meslibellules.fr\\\/blog\\\/#website\",\"url\":\"https:\\\/\\\/www.meslibellules.fr\\\/blog\\\/\",\"name\":\"Mes Libellules\",\"description\":\"Pr\u00e9sentation des libellules rencontr\u00e9es dans le monde\",\"publisher\":{\"@id\":\"https:\\\/\\\/www.meslibellules.fr\\\/blog\\\/#\\\/schema\\\/person\\\/9aa3586f9dd053fcf329f43b8b053c77\"},\"potentialAction\":[{\"@type\":\"SearchAction\",\"target\":{\"@type\":\"EntryPoint\",\"urlTemplate\":\"https:\\\/\\\/www.meslibellules.fr\\\/blog\\\/?s={search_term_string}\"},\"query-input\":{\"@type\":\"PropertyValueSpecification\",\"valueRequired\":true,\"valueName\":\"search_term_string\"}}],\"inLanguage\":\"fr-FR\"},{\"@type\":[\"Person\",\"Organization\"],\"@id\":\"https:\\\/\\\/www.meslibellules.fr\\\/blog\\\/#\\\/schema\\\/person\\\/9aa3586f9dd053fcf329f43b8b053c77\",\"name\":\"Beno\u00eet Guillon\",\"image\":{\"@type\":\"ImageObject\",\"inLanguage\":\"fr-FR\",\"@id\":\"https:\\\/\\\/www.meslibellules.fr\\\/blog\\\/wp-content\\\/uploads\\\/cropped-avatar-150-pix.jpg\",\"url\":\"https:\\\/\\\/www.meslibellules.fr\\\/blog\\\/wp-content\\\/uploads\\\/cropped-avatar-150-pix.jpg\",\"contentUrl\":\"https:\\\/\\\/www.meslibellules.fr\\\/blog\\\/wp-content\\\/uploads\\\/cropped-avatar-150-pix.jpg\",\"width\":150,\"height\":137,\"caption\":\"Beno\u00eet Guillon\"},\"logo\":{\"@id\":\"https:\\\/\\\/www.meslibellules.fr\\\/blog\\\/wp-content\\\/uploads\\\/cropped-avatar-150-pix.jpg\"},\"sameAs\":[\"https:\\\/\\\/www.facebook.com\\\/benoit.guillon.96\\\/\"]}]}<\/script>\n<!-- \/ Yoast SEO plugin. -->","yoast_head_json":{"title":"Miathyria marcella - Mes Libellules","description":"Miathyria marcella m\u00e2le, description, identification, taille, habitat, distribution g\u00e9ographique, \u00e9tymologie","robots":{"index":"index","follow":"follow","max-snippet":"max-snippet:-1","max-image-preview":"max-image-preview:large","max-video-preview":"max-video-preview:-1"},"canonical":"https:\/\/www.meslibellules.fr\/blog\/2023\/12\/17\/miathyria-marcella\/","og_locale":"fr_FR","og_type":"article","og_title":"Miathyria marcella - Mes Libellules","og_description":"Miathyria marcella m\u00e2le, description, identification, taille, habitat, distribution g\u00e9ographique, \u00e9tymologie","og_url":"https:\/\/www.meslibellules.fr\/blog\/2023\/12\/17\/miathyria-marcella\/","og_site_name":"Mes Libellules","article_publisher":"https:\/\/www.facebook.com\/benoit.guillon.96\/","article_author":"https:\/\/www.facebook.com\/benoit.guillon.96\/","article_published_time":"2023-12-17T08:31:27+00:00","article_modified_time":"2023-12-17T08:31:28+00:00","og_image":[{"url":"https:\/\/www.meslibellules.fr\/blog\/wp-content\/uploads\/Miathyria-marcella-male-1.webp","type":"","width":"","height":""}],"author":"Beno\u00eet Guillon","twitter_card":"summary_large_image","twitter_misc":{"\u00c9crit par":"Beno\u00eet Guillon","Dur\u00e9e de lecture estim\u00e9e":"3 minutes"},"schema":{"@context":"https:\/\/schema.org","@graph":[{"@type":"Article","@id":"https:\/\/www.meslibellules.fr\/blog\/2023\/12\/17\/miathyria-marcella\/#article","isPartOf":{"@id":"https:\/\/www.meslibellules.fr\/blog\/2023\/12\/17\/miathyria-marcella\/"},"author":{"name":"Beno\u00eet Guillon","@id":"https:\/\/www.meslibellules.fr\/blog\/#\/schema\/person\/9aa3586f9dd053fcf329f43b8b053c77"},"headline":"Miathyria marcella (Selys in Sagra, 1857)","datePublished":"2023-12-17T08:31:27+00:00","dateModified":"2023-12-17T08:31:28+00:00","mainEntityOfPage":{"@id":"https:\/\/www.meslibellules.fr\/blog\/2023\/12\/17\/miathyria-marcella\/"},"wordCount":493,"commentCount":0,"publisher":{"@id":"https:\/\/www.meslibellules.fr\/blog\/#\/schema\/person\/9aa3586f9dd053fcf329f43b8b053c77"},"image":{"@id":"https:\/\/www.meslibellules.fr\/blog\/2023\/12\/17\/miathyria-marcella\/#primaryimage"},"thumbnailUrl":"https:\/\/www.meslibellules.fr\/blog\/wp-content\/uploads\/Miathyria-marcella-male-1.webp","keywords":["Br\u00e9sil","Libellulidae-Br\u00e9sil"],"articleSection":["Br\u00e9sil"],"inLanguage":"fr-FR","potentialAction":[{"@type":"CommentAction","name":"Comment","target":["https:\/\/www.meslibellules.fr\/blog\/2023\/12\/17\/miathyria-marcella\/#respond"]}]},{"@type":"WebPage","@id":"https:\/\/www.meslibellules.fr\/blog\/2023\/12\/17\/miathyria-marcella\/","url":"https:\/\/www.meslibellules.fr\/blog\/2023\/12\/17\/miathyria-marcella\/","name":"Miathyria marcella - Mes Libellules","isPartOf":{"@id":"https:\/\/www.meslibellules.fr\/blog\/#website"},"primaryImageOfPage":{"@id":"https:\/\/www.meslibellules.fr\/blog\/2023\/12\/17\/miathyria-marcella\/#primaryimage"},"image":{"@id":"https:\/\/www.meslibellules.fr\/blog\/2023\/12\/17\/miathyria-marcella\/#primaryimage"},"thumbnailUrl":"https:\/\/www.meslibellules.fr\/blog\/wp-content\/uploads\/Miathyria-marcella-male-1.webp","datePublished":"2023-12-17T08:31:27+00:00","dateModified":"2023-12-17T08:31:28+00:00","description":"Miathyria marcella m\u00e2le, description, identification, taille, habitat, distribution g\u00e9ographique, \u00e9tymologie","breadcrumb":{"@id":"https:\/\/www.meslibellules.fr\/blog\/2023\/12\/17\/miathyria-marcella\/#breadcrumb"},"inLanguage":"fr-FR","potentialAction":[{"@type":"ReadAction","target":["https:\/\/www.meslibellules.fr\/blog\/2023\/12\/17\/miathyria-marcella\/"]}]},{"@type":"ImageObject","inLanguage":"fr-FR","@id":"https:\/\/www.meslibellules.fr\/blog\/2023\/12\/17\/miathyria-marcella\/#primaryimage","url":"https:\/\/www.meslibellules.fr\/blog\/wp-content\/uploads\/Miathyria-marcella-male-1.webp","contentUrl":"https:\/\/www.meslibellules.fr\/blog\/wp-content\/uploads\/Miathyria-marcella-male-1.webp"},{"@type":"BreadcrumbList","@id":"https:\/\/www.meslibellules.fr\/blog\/2023\/12\/17\/miathyria-marcella\/#breadcrumb","itemListElement":[{"@type":"ListItem","position":1,"name":"Accueil","item":"https:\/\/www.meslibellules.fr\/blog\/"},{"@type":"ListItem","position":2,"name":"Miathyria marcella (Selys in Sagra, 1857)"}]},{"@type":"WebSite","@id":"https:\/\/www.meslibellules.fr\/blog\/#website","url":"https:\/\/www.meslibellules.fr\/blog\/","name":"Mes Libellules","description":"Pr\u00e9sentation des libellules rencontr\u00e9es dans le monde","publisher":{"@id":"https:\/\/www.meslibellules.fr\/blog\/#\/schema\/person\/9aa3586f9dd053fcf329f43b8b053c77"},"potentialAction":[{"@type":"SearchAction","target":{"@type":"EntryPoint","urlTemplate":"https:\/\/www.meslibellules.fr\/blog\/?s={search_term_string}"},"query-input":{"@type":"PropertyValueSpecification","valueRequired":true,"valueName":"search_term_string"}}],"inLanguage":"fr-FR"},{"@type":["Person","Organization"],"@id":"https:\/\/www.meslibellules.fr\/blog\/#\/schema\/person\/9aa3586f9dd053fcf329f43b8b053c77","name":"Beno\u00eet Guillon","image":{"@type":"ImageObject","inLanguage":"fr-FR","@id":"https:\/\/www.meslibellules.fr\/blog\/wp-content\/uploads\/cropped-avatar-150-pix.jpg","url":"https:\/\/www.meslibellules.fr\/blog\/wp-content\/uploads\/cropped-avatar-150-pix.jpg","contentUrl":"https:\/\/www.meslibellules.fr\/blog\/wp-content\/uploads\/cropped-avatar-150-pix.jpg","width":150,"height":137,"caption":"Beno\u00eet Guillon"},"logo":{"@id":"https:\/\/www.meslibellules.fr\/blog\/wp-content\/uploads\/cropped-avatar-150-pix.jpg"},"sameAs":["https:\/\/www.facebook.com\/benoit.guillon.96\/"]}]}},"_links":{"self":[{"href":"https:\/\/www.meslibellules.fr\/blog\/wp-json\/wp\/v2\/posts\/17403","targetHints":{"allow":["GET"]}}],"collection":[{"href":"https:\/\/www.meslibellules.fr\/blog\/wp-json\/wp\/v2\/posts"}],"about":[{"href":"https:\/\/www.meslibellules.fr\/blog\/wp-json\/wp\/v2\/types\/post"}],"author":[{"embeddable":true,"href":"https:\/\/www.meslibellules.fr\/blog\/wp-json\/wp\/v2\/users\/1"}],"replies":[{"embeddable":true,"href":"https:\/\/www.meslibellules.fr\/blog\/wp-json\/wp\/v2\/comments?post=17403"}],"version-history":[{"count":0,"href":"https:\/\/www.meslibellules.fr\/blog\/wp-json\/wp\/v2\/posts\/17403\/revisions"}],"wp:attachment":[{"href":"https:\/\/www.meslibellules.fr\/blog\/wp-json\/wp\/v2\/media?parent=17403"}],"wp:term":[{"taxonomy":"category","embeddable":true,"href":"https:\/\/www.meslibellules.fr\/blog\/wp-json\/wp\/v2\/categories?post=17403"},{"taxonomy":"post_tag","embeddable":true,"href":"https:\/\/www.meslibellules.fr\/blog\/wp-json\/wp\/v2\/tags?post=17403"}],"curies":[{"name":"wp","href":"https:\/\/api.w.org\/{rel}","templated":true}]}}