{"id":18184,"date":"2024-02-11T08:21:24","date_gmt":"2024-02-11T07:21:24","guid":{"rendered":"https:\/\/www.meslibellules.fr\/blog\/?p=18184"},"modified":"2024-06-29T15:15:07","modified_gmt":"2024-06-29T13:15:07","slug":"inpabasis-hubelli","status":"publish","type":"post","link":"https:\/\/www.meslibellules.fr\/blog\/2024\/02\/11\/inpabasis-hubelli\/","title":{"rendered":"Inpabasis hubelli (Santos, 1961)"},"content":{"rendered":"\n<figure class=\"wp-block-image aligncenter size-full is-resized\"><a href=\"https:\/\/www.meslibellules.fr\/blog\/wp-content\/uploads\/Inpabasis-hubelli-male-1-scaled.jpg\"><img decoding=\"async\" width=\"2560\" height=\"1191\" data-src=\"https:\/\/www.meslibellules.fr\/blog\/wp-content\/uploads\/Inpabasis-hubelli-male-1-scaled.jpg\" alt=\"Inpabasis hubelli m\u00e2le, P\u00e9rou, Arc (Chino), 17\/08\/2023\" class=\"wp-image-18180 lazyload\" style=\"--smush-placeholder-width: 2560px; --smush-placeholder-aspect-ratio: 2560\/1191;width:700px;height:auto\" data-srcset=\"https:\/\/www.meslibellules.fr\/blog\/wp-content\/uploads\/Inpabasis-hubelli-male-1-scaled.jpg 2560w, https:\/\/www.meslibellules.fr\/blog\/wp-content\/uploads\/Inpabasis-hubelli-male-1-768x357.webp 768w, https:\/\/www.meslibellules.fr\/blog\/wp-content\/uploads\/Inpabasis-hubelli-male-1-1536x715.webp 1536w, https:\/\/www.meslibellules.fr\/blog\/wp-content\/uploads\/Inpabasis-hubelli-male-1-2048x953.webp 2048w\" data-sizes=\"(max-width: 2560px) 100vw, 2560px\" src=\"data:image\/svg+xml;base64,PHN2ZyB3aWR0aD0iMSIgaGVpZ2h0PSIxIiB4bWxucz0iaHR0cDovL3d3dy53My5vcmcvMjAwMC9zdmciPjwvc3ZnPg==\" \/><\/a><figcaption class=\"wp-element-caption\">Inpabasis hubelli m\u00e2le, P\u00e9rou, Arc (Chino), 17\/08\/2023<\/figcaption><\/figure>\n\n\n\n<p>Inpabasis hubelli fait partie des cinq esp\u00e8ces du genre actuellement d\u00e9crites, toutes dans le bassin amazonien.<br>M\u00e2les et femelles peuvent apparemment \u00eatre identifi\u00e9s par la face lat\u00e9rale du thorax qui porte une \u00ab\u00a0\u00e9pine\u00a0\u00bb, verte, m\u00e9tallique, un  peu plus \u00e9mouss\u00e9e que celle de notre Chalcolestes viridis. Seul, <a href=\"https:\/\/www.meslibellules.fr\/blog\/wp-content\/uploads\/Inpabasis-nigridorsum-male-1.webp\">I. nigridorsum<\/a>, dont l&rsquo;abdomen n&rsquo;est pas compl\u00e8tement rouge, pr\u00e9sente une irr\u00e9gularit\u00e9 de la coloration \u00e0 ce niveau.<\/p>\n\n\n\n<figure class=\"wp-block-image aligncenter size-full is-resized\"><a href=\"https:\/\/www.meslibellules.fr\/blog\/wp-content\/uploads\/Inpabasis-hubelli-male-2.webp\"><img decoding=\"async\" width=\"2053\" height=\"1204\" data-src=\"https:\/\/www.meslibellules.fr\/blog\/wp-content\/uploads\/Inpabasis-hubelli-male-2.webp\" alt=\"Inpabasis hubelli m\u00e2le, P\u00e9rou, Arc (Chino), 19\/08\/2023\" class=\"wp-image-18181 lazyload\" style=\"--smush-placeholder-width: 2053px; --smush-placeholder-aspect-ratio: 2053\/1204;width:675px;height:auto\" data-srcset=\"https:\/\/www.meslibellules.fr\/blog\/wp-content\/uploads\/Inpabasis-hubelli-male-2.webp 2053w, https:\/\/www.meslibellules.fr\/blog\/wp-content\/uploads\/Inpabasis-hubelli-male-2-768x450.webp 768w, https:\/\/www.meslibellules.fr\/blog\/wp-content\/uploads\/Inpabasis-hubelli-male-2-1536x901.webp 1536w, https:\/\/www.meslibellules.fr\/blog\/wp-content\/uploads\/Inpabasis-hubelli-male-2-2048x1201.webp 2048w\" data-sizes=\"(max-width: 2053px) 100vw, 2053px\" src=\"data:image\/svg+xml;base64,PHN2ZyB3aWR0aD0iMSIgaGVpZ2h0PSIxIiB4bWxucz0iaHR0cDovL3d3dy53My5vcmcvMjAwMC9zdmciPjwvc3ZnPg==\" \/><\/a><figcaption class=\"wp-element-caption\">Inpabasis hubelli m\u00e2le, P\u00e9rou, Arc (Chino), 19\/08\/2023<\/figcaption><\/figure>\n\n\n\n<p>Si la coloration vert-bronze du thorax est commune \u00e0 toutes les esp\u00e8ces du genre (parfois avec une bande ante hum\u00e9rale claire, comme I. rosea), seul Inpabasis hubelli montre un abdomen compl\u00e8tement rouge, totalement d\u00e9pourvu de marque sombre.<br>Il mesure environ 35 mm.<\/p>\n\n\n\n<figure class=\"wp-block-image aligncenter size-full is-resized\"><a href=\"https:\/\/www.meslibellules.fr\/blog\/wp-content\/uploads\/Inpabasis-hubelli-male-3.webp\"><img decoding=\"async\" width=\"1911\" height=\"1204\" data-src=\"https:\/\/www.meslibellules.fr\/blog\/wp-content\/uploads\/Inpabasis-hubelli-male-3.webp\" alt=\"Inpabasis hubelli m\u00e2le, P\u00e9rou, Arc (Chino), 17\/08\/2023\" class=\"wp-image-18182 lazyload\" style=\"--smush-placeholder-width: 1911px; --smush-placeholder-aspect-ratio: 1911\/1204;width:617px;height:auto\" data-srcset=\"https:\/\/www.meslibellules.fr\/blog\/wp-content\/uploads\/Inpabasis-hubelli-male-3.webp 1911w, https:\/\/www.meslibellules.fr\/blog\/wp-content\/uploads\/Inpabasis-hubelli-male-3-768x484.webp 768w, https:\/\/www.meslibellules.fr\/blog\/wp-content\/uploads\/Inpabasis-hubelli-male-3-1536x968.webp 1536w\" data-sizes=\"(max-width: 1911px) 100vw, 1911px\" src=\"data:image\/svg+xml;base64,PHN2ZyB3aWR0aD0iMSIgaGVpZ2h0PSIxIiB4bWxucz0iaHR0cDovL3d3dy53My5vcmcvMjAwMC9zdmciPjwvc3ZnPg==\" \/><\/a><figcaption class=\"wp-element-caption\">Inpabasis hubelli m\u00e2le, P\u00e9rou, Arc (Chino), 17\/08\/2023<\/figcaption><\/figure>\n\n\n\n<p>Nous l&rsquo;avons observ\u00e9 en for\u00eat, bien s\u00fbr, dans une <a href=\"https:\/\/www.meslibellules.fr\/blog\/wp-content\/uploads\/19-08-23-10-h-00.webp\">zone de marais<\/a>, succession de mares mal d\u00e9finies o\u00f9 la progression est difficile, il faut souvent jeter des branches ou couper de petits troncs pour improviser des ponts pour \u00e9quilibristes ; il n&rsquo;y a pas de danger, peu d&rsquo;eau, beaucoup de vase, mais la crainte est pour le mat\u00e9riel photo et on se dit \u00e0 chaque fois qu&rsquo;on est bien content d&rsquo;\u00eatre pass\u00e9&#8230;<br>Nous avons rencontr\u00e9 les femelles \u00e0 plusieurs reprises, toujours dans des conditions d&rsquo;approche difficiles.<\/p>\n\n\n\n<figure class=\"wp-block-image aligncenter size-large is-resized\"><a href=\"https:\/\/www.meslibellules.fr\/blog\/wp-content\/uploads\/Inpabasis-hubelli-femelle-1.webp\"><img decoding=\"async\" width=\"2121\" height=\"1204\" data-src=\"https:\/\/www.meslibellules.fr\/blog\/wp-content\/uploads\/Inpabasis-hubelli-femelle-1.webp\" alt=\"Inpabasis hubelli femelle, P\u00e9rou, Arc (Chino), 17\/08\/2023\" class=\"wp-image-18177 lazyload\" style=\"--smush-placeholder-width: 2121px; --smush-placeholder-aspect-ratio: 2121\/1204;width:606px;height:auto\" data-srcset=\"https:\/\/www.meslibellules.fr\/blog\/wp-content\/uploads\/Inpabasis-hubelli-femelle-1.webp 2121w, https:\/\/www.meslibellules.fr\/blog\/wp-content\/uploads\/Inpabasis-hubelli-femelle-1-768x436.webp 768w, https:\/\/www.meslibellules.fr\/blog\/wp-content\/uploads\/Inpabasis-hubelli-femelle-1-1536x872.webp 1536w, https:\/\/www.meslibellules.fr\/blog\/wp-content\/uploads\/Inpabasis-hubelli-femelle-1-2048x1163.webp 2048w\" data-sizes=\"(max-width: 2121px) 100vw, 2121px\" src=\"data:image\/svg+xml;base64,PHN2ZyB3aWR0aD0iMSIgaGVpZ2h0PSIxIiB4bWxucz0iaHR0cDovL3d3dy53My5vcmcvMjAwMC9zdmciPjwvc3ZnPg==\" \/><\/a><figcaption class=\"wp-element-caption\">Inpabasis hubelli femelle, P\u00e9rou, Arc (Chino), 17\/08\/2023<\/figcaption><\/figure>\n\n\n\n<p>Si leur coloration est beaucoup moins vive, elles n&rsquo;en sont pas moins spectaculaires pour leur tr\u00e8s long ovipositeur ; je n&rsquo;avais jamais rencontr\u00e9 un tel outil chez un zygopt\u00e8re. C&rsquo;est une tr\u00e8s mauvaise photo qui fait tout de m\u00eame voir un fin filament \u00e0 l&rsquo;extr\u00e9mit\u00e9 de l&rsquo;organe de ponte. C&rsquo;est un palpe qui renseigne la femelle sur le substrat de ponte.<\/p>\n\n\n\n<figure class=\"wp-block-image aligncenter size-full is-resized\"><a href=\"https:\/\/www.meslibellules.fr\/blog\/wp-content\/uploads\/Inpabasis-femelle-ovipositeur.jpg\"><img decoding=\"async\" width=\"736\" height=\"504\" data-src=\"https:\/\/www.meslibellules.fr\/blog\/wp-content\/uploads\/Inpabasis-femelle-ovipositeur.jpg\" alt=\"Ovipositeur, P\u00e9rou, Arc (Chino), 20\/08\/2023\" class=\"wp-image-18157 lazyload\" style=\"--smush-placeholder-width: 736px; --smush-placeholder-aspect-ratio: 736\/504;width:430px;height:auto\" src=\"data:image\/svg+xml;base64,PHN2ZyB3aWR0aD0iMSIgaGVpZ2h0PSIxIiB4bWxucz0iaHR0cDovL3d3dy53My5vcmcvMjAwMC9zdmciPjwvc3ZnPg==\" \/><\/a><figcaption class=\"wp-element-caption\">Inpabasis hubelli femelle ovipositeur, P\u00e9rou, Arc (Chino), 20\/08\/2023<\/figcaption><\/figure>\n\n\n\n<p>Sa distribution g\u00e9ographique est extr\u00eamement r\u00e9duite puisqu&rsquo;on ne le contacte qu&rsquo;au P\u00e9rou, dans le d\u00e9partement de Loreto, au sud d&rsquo;Iquitos, et en particulier, l\u00e0 o\u00f9 nous l&rsquo;avons trouv\u00e9, dans la r\u00e9serve de Tamshiyacu-Tahuayo.<br><a href=\"https:\/\/www.iucnredlist.org\/species\/158844\/56405404#geographic-range\">IUCN Red List<\/a><\/p>\n\n\n\n<figure class=\"wp-block-gallery has-nested-images columns-default is-cropped wp-block-gallery-1 is-layout-flex wp-block-gallery-is-layout-flex\">\n<figure class=\"wp-block-image size-large\"><a href=\"https:\/\/www.meslibellules.fr\/blog\/wp-content\/uploads\/Inpabasis-hubelli-femelle-1-2.webp\"><img decoding=\"async\" width=\"1894\" height=\"1204\" data-id=\"18176\" data-src=\"https:\/\/www.meslibellules.fr\/blog\/wp-content\/uploads\/Inpabasis-hubelli-femelle-1-2.webp\" alt=\"Inpabasis hubelli femelle, P\u00e9rou, Arc (Chino), 20\/08\/2023\" class=\"wp-image-18176 lazyload\" data-srcset=\"https:\/\/www.meslibellules.fr\/blog\/wp-content\/uploads\/Inpabasis-hubelli-femelle-1-2.webp 1894w, https:\/\/www.meslibellules.fr\/blog\/wp-content\/uploads\/Inpabasis-hubelli-femelle-1-2-768x488.webp 768w, https:\/\/www.meslibellules.fr\/blog\/wp-content\/uploads\/Inpabasis-hubelli-femelle-1-2-1536x976.webp 1536w\" data-sizes=\"(max-width: 1894px) 100vw, 1894px\" src=\"data:image\/svg+xml;base64,PHN2ZyB3aWR0aD0iMSIgaGVpZ2h0PSIxIiB4bWxucz0iaHR0cDovL3d3dy53My5vcmcvMjAwMC9zdmciPjwvc3ZnPg==\" style=\"--smush-placeholder-width: 1894px; --smush-placeholder-aspect-ratio: 1894\/1204;\" \/><\/a><\/figure>\n\n\n\n<figure class=\"wp-block-image size-large\"><a href=\"https:\/\/www.meslibellules.fr\/blog\/wp-content\/uploads\/Inpabasis-hubelli-femelle-2.webp\"><img decoding=\"async\" width=\"2017\" height=\"1204\" data-id=\"18178\" data-src=\"https:\/\/www.meslibellules.fr\/blog\/wp-content\/uploads\/Inpabasis-hubelli-femelle-2.webp\" alt=\"P\u00e9rou, Arc (Chino), 20\/08\/2023\" class=\"wp-image-18178 lazyload\" data-srcset=\"https:\/\/www.meslibellules.fr\/blog\/wp-content\/uploads\/Inpabasis-hubelli-femelle-2.webp 2017w, https:\/\/www.meslibellules.fr\/blog\/wp-content\/uploads\/Inpabasis-hubelli-femelle-2-768x458.webp 768w, https:\/\/www.meslibellules.fr\/blog\/wp-content\/uploads\/Inpabasis-hubelli-femelle-2-1536x917.webp 1536w\" data-sizes=\"(max-width: 2017px) 100vw, 2017px\" src=\"data:image\/svg+xml;base64,PHN2ZyB3aWR0aD0iMSIgaGVpZ2h0PSIxIiB4bWxucz0iaHR0cDovL3d3dy53My5vcmcvMjAwMC9zdmciPjwvc3ZnPg==\" style=\"--smush-placeholder-width: 2017px; --smush-placeholder-aspect-ratio: 2017\/1204;\" \/><\/a><\/figure>\n<figcaption class=\"blocks-gallery-caption wp-element-caption\">Inpabasis hubelli femelle, P\u00e9rou, Arc (Chino), 20\/08\/2023<\/figcaption><\/figure>\n\n\n\n<p><strong>Inpabasis<\/strong> (Santos, 1961) ; (Santos, 1961) ; il est possible que ce nom de genre soit form\u00e9 par l&rsquo;acronyme INPA et par <em>basis<\/em>, <em>basis<\/em> \u00e9tant repris dans d&rsquo;autres noms de genre comme <em>Telebasis<\/em> au moins et \u00e9voquant la p\u00e9tiolation de la base de l&rsquo;aile. INPA serait un hommage \u00e0 l&rsquo;<em>Instituto Nacional de Pesquisas da Amaz\u00f4nia<\/em>, Institut national de recherche amazonienne br\u00e9silien, situ\u00e9 \u00e0 Manaus, dont les objectifs sont de rechercher et de fournir des connaissances scientifiques sur la r\u00e9gion amazonienne et qui h\u00e9berge une importante collection d&rsquo;odonates d&rsquo;Amazonie.<br><strong>Hubelli<\/strong> ; Santos a probablement cherch\u00e9 \u00e0 rendre hommage \u00e0 un certain Hubell, mais, ne lisant pas l&rsquo;espagnol, j&rsquo;ai \u00e9t\u00e9 incapable de trouver son identit\u00e9. Je n&rsquo;ai pas pu non plus acc\u00e9der \u00e0 la description de l&rsquo;esp\u00e8ce dans <em>Boletim do Museu Paraense Em\u00edlio Goeldi (Nova s\u00e9rie) Zoolog\u00eda, 34<\/em>.<\/p>\n\n\n\n<figure class=\"wp-block-image aligncenter size-full is-resized\"><a href=\"https:\/\/www.meslibellules.fr\/blog\/wp-content\/uploads\/Inpabasis-hubelli-femelle-3.webp\"><img decoding=\"async\" width=\"1967\" height=\"1204\" data-src=\"https:\/\/www.meslibellules.fr\/blog\/wp-content\/uploads\/Inpabasis-hubelli-femelle-3.webp\" alt=\"I. hubelli femelle, P\u00e9rou, Arc (Chino), 20\/08\/2023\" class=\"wp-image-18179 lazyload\" style=\"--smush-placeholder-width: 1967px; --smush-placeholder-aspect-ratio: 1967\/1204;width:582px;height:auto\" data-srcset=\"https:\/\/www.meslibellules.fr\/blog\/wp-content\/uploads\/Inpabasis-hubelli-femelle-3.webp 1967w, https:\/\/www.meslibellules.fr\/blog\/wp-content\/uploads\/Inpabasis-hubelli-femelle-3-768x470.webp 768w, https:\/\/www.meslibellules.fr\/blog\/wp-content\/uploads\/Inpabasis-hubelli-femelle-3-1536x940.webp 1536w\" data-sizes=\"(max-width: 1967px) 100vw, 1967px\" src=\"data:image\/svg+xml;base64,PHN2ZyB3aWR0aD0iMSIgaGVpZ2h0PSIxIiB4bWxucz0iaHR0cDovL3d3dy53My5vcmcvMjAwMC9zdmciPjwvc3ZnPg==\" \/><\/a><figcaption class=\"wp-element-caption\">I. hubelli femelle, P\u00e9rou, Arc (Chino), 20\/08\/2023<\/figcaption><\/figure>\n\n\n\n<div style=\"height:62px\" aria-hidden=\"true\" class=\"wp-block-spacer\"><\/div>\n\n\n\n<div class=\"wp-block-buttons is-layout-flex wp-block-buttons-is-layout-flex\">\n<div class=\"wp-block-button\"><a class=\"wp-block-button__link wp-element-button\" href=\"https:\/\/www.meslibellules.fr\/blog\/odonates-du-perou-peruvian-odonates\/\">Accueil P\u00e9rou<\/a><\/div>\n<\/div>\n","protected":false},"excerpt":{"rendered":"<p>Inpabasis hubelli fait partie des cinq esp\u00e8ces du genre actuellement d\u00e9crites, toutes dans le bassin amazonien.M\u00e2les et femelles peuvent apparemment \u00eatre identifi\u00e9s par la face lat\u00e9rale du thorax qui porte une \u00ab\u00a0\u00e9pine\u00a0\u00bb, verte, m\u00e9tallique, un peu plus \u00e9mouss\u00e9e que celle de notre Chalcolestes viridis. Seul, I. nigridorsum, dont l&rsquo;abdomen n&rsquo;est pas compl\u00e8tement rouge, pr\u00e9sente une [&hellip;]<\/p>\n","protected":false},"author":1,"featured_media":0,"comment_status":"open","ping_status":"open","sticky":false,"template":"","format":"image","meta":{"site-sidebar-layout":"default","site-content-layout":"","ast-site-content-layout":"default","site-content-style":"default","site-sidebar-style":"default","ast-global-header-display":"","ast-banner-title-visibility":"","ast-main-header-display":"","ast-hfb-above-header-display":"","ast-hfb-below-header-display":"","ast-hfb-mobile-header-display":"","site-post-title":"","ast-breadcrumbs-content":"","ast-featured-img":"","footer-sml-layout":"","ast-disable-related-posts":"","theme-transparent-header-meta":"","adv-header-id-meta":"","stick-header-meta":"","header-above-stick-meta":"","header-main-stick-meta":"","header-below-stick-meta":"","astra-migrate-meta-layouts":"set","ast-page-background-enabled":"default","ast-page-background-meta":{"desktop":{"background-color":"var(--ast-global-color-4)","background-image":"","background-repeat":"repeat","background-position":"center center","background-size":"auto","background-attachment":"scroll","background-type":"","background-media":"","overlay-type":"","overlay-color":"","overlay-opacity":"","overlay-gradient":""},"tablet":{"background-color":"","background-image":"","background-repeat":"repeat","background-position":"center center","background-size":"auto","background-attachment":"scroll","background-type":"","background-media":"","overlay-type":"","overlay-color":"","overlay-opacity":"","overlay-gradient":""},"mobile":{"background-color":"","background-image":"","background-repeat":"repeat","background-position":"center center","background-size":"auto","background-attachment":"scroll","background-type":"","background-media":"","overlay-type":"","overlay-color":"","overlay-opacity":"","overlay-gradient":""}},"ast-content-background-meta":{"desktop":{"background-color":"var(--ast-global-color-5)","background-image":"","background-repeat":"repeat","background-position":"center center","background-size":"auto","background-attachment":"scroll","background-type":"","background-media":"","overlay-type":"","overlay-color":"","overlay-opacity":"","overlay-gradient":""},"tablet":{"background-color":"var(--ast-global-color-5)","background-image":"","background-repeat":"repeat","background-position":"center center","background-size":"auto","background-attachment":"scroll","background-type":"","background-media":"","overlay-type":"","overlay-color":"","overlay-opacity":"","overlay-gradient":""},"mobile":{"background-color":"var(--ast-global-color-5)","background-image":"","background-repeat":"repeat","background-position":"center center","background-size":"auto","background-attachment":"scroll","background-type":"","background-media":"","overlay-type":"","overlay-color":"","overlay-opacity":"","overlay-gradient":""}},"footnotes":""},"categories":[1308,1303],"tags":[1309,1305],"class_list":["post-18184","post","type-post","status-publish","format-image","hentry","category-coenagrionidae-perou-2","category-perou","tag-coenagrionidae-perou","tag-perou","post_format-post-format-image"],"yoast_head":"<!-- This site is optimized with the Yoast SEO plugin v27.4 - https:\/\/yoast.com\/product\/yoast-seo-wordpress\/ -->\n<title>Inpabasis hubelli - Mes Libellules<\/title>\n<meta name=\"description\" content=\"Inpabasis hubelli m\u00e2les et femelles, description, identification, taille, habitat, distribution g\u00e9ographique, \u00e9tymologie\" \/>\n<meta name=\"robots\" content=\"index, follow, max-snippet:-1, max-image-preview:large, max-video-preview:-1\" \/>\n<link rel=\"canonical\" href=\"https:\/\/www.meslibellules.fr\/blog\/2024\/02\/11\/inpabasis-hubelli\/\" \/>\n<meta property=\"og:locale\" content=\"fr_FR\" \/>\n<meta property=\"og:type\" content=\"article\" \/>\n<meta property=\"og:title\" content=\"Inpabasis hubelli - Mes Libellules\" \/>\n<meta property=\"og:description\" content=\"Inpabasis hubelli m\u00e2les et femelles, description, identification, taille, habitat, distribution g\u00e9ographique, \u00e9tymologie\" \/>\n<meta property=\"og:url\" content=\"https:\/\/www.meslibellules.fr\/blog\/2024\/02\/11\/inpabasis-hubelli\/\" \/>\n<meta property=\"og:site_name\" content=\"Mes Libellules\" \/>\n<meta property=\"article:publisher\" content=\"https:\/\/www.facebook.com\/benoit.guillon.96\/\" \/>\n<meta property=\"article:author\" content=\"https:\/\/www.facebook.com\/benoit.guillon.96\/\" \/>\n<meta property=\"article:published_time\" content=\"2024-02-11T07:21:24+00:00\" \/>\n<meta property=\"article:modified_time\" content=\"2024-06-29T13:15:07+00:00\" \/>\n<meta property=\"og:image\" content=\"https:\/\/www.meslibellules.fr\/blog\/wp-content\/uploads\/Inpabasis-hubelli-male-1-scaled.jpg\" \/>\n<meta name=\"author\" content=\"Beno\u00eet Guillon\" \/>\n<meta name=\"twitter:card\" content=\"summary_large_image\" \/>\n<meta name=\"twitter:label1\" content=\"\u00c9crit par\" \/>\n\t<meta name=\"twitter:data1\" content=\"Beno\u00eet Guillon\" \/>\n\t<meta name=\"twitter:label2\" content=\"Dur\u00e9e de lecture estim\u00e9e\" \/>\n\t<meta name=\"twitter:data2\" content=\"5 minutes\" \/>\n<script type=\"application\/ld+json\" class=\"yoast-schema-graph\">{\"@context\":\"https:\\\/\\\/schema.org\",\"@graph\":[{\"@type\":\"Article\",\"@id\":\"https:\\\/\\\/www.meslibellules.fr\\\/blog\\\/2024\\\/02\\\/11\\\/inpabasis-hubelli\\\/#article\",\"isPartOf\":{\"@id\":\"https:\\\/\\\/www.meslibellules.fr\\\/blog\\\/2024\\\/02\\\/11\\\/inpabasis-hubelli\\\/\"},\"author\":{\"name\":\"Beno\u00eet Guillon\",\"@id\":\"https:\\\/\\\/www.meslibellules.fr\\\/blog\\\/#\\\/schema\\\/person\\\/9aa3586f9dd053fcf329f43b8b053c77\"},\"headline\":\"Inpabasis hubelli (Santos, 1961)\",\"datePublished\":\"2024-02-11T07:21:24+00:00\",\"dateModified\":\"2024-06-29T13:15:07+00:00\",\"mainEntityOfPage\":{\"@id\":\"https:\\\/\\\/www.meslibellules.fr\\\/blog\\\/2024\\\/02\\\/11\\\/inpabasis-hubelli\\\/\"},\"wordCount\":528,\"commentCount\":0,\"publisher\":{\"@id\":\"https:\\\/\\\/www.meslibellules.fr\\\/blog\\\/#\\\/schema\\\/person\\\/9aa3586f9dd053fcf329f43b8b053c77\"},\"image\":{\"@id\":\"https:\\\/\\\/www.meslibellules.fr\\\/blog\\\/2024\\\/02\\\/11\\\/inpabasis-hubelli\\\/#primaryimage\"},\"thumbnailUrl\":\"https:\\\/\\\/www.meslibellules.fr\\\/blog\\\/wp-content\\\/uploads\\\/Inpabasis-hubelli-male-1-scaled.jpg\",\"keywords\":[\"Coenagrionidae - P\u00e9rou\",\"P\u00e9rou\"],\"articleSection\":[\"Coenagrionidae\",\"P\u00e9rou\"],\"inLanguage\":\"fr-FR\",\"potentialAction\":[{\"@type\":\"CommentAction\",\"name\":\"Comment\",\"target\":[\"https:\\\/\\\/www.meslibellules.fr\\\/blog\\\/2024\\\/02\\\/11\\\/inpabasis-hubelli\\\/#respond\"]}]},{\"@type\":\"WebPage\",\"@id\":\"https:\\\/\\\/www.meslibellules.fr\\\/blog\\\/2024\\\/02\\\/11\\\/inpabasis-hubelli\\\/\",\"url\":\"https:\\\/\\\/www.meslibellules.fr\\\/blog\\\/2024\\\/02\\\/11\\\/inpabasis-hubelli\\\/\",\"name\":\"Inpabasis hubelli - Mes Libellules\",\"isPartOf\":{\"@id\":\"https:\\\/\\\/www.meslibellules.fr\\\/blog\\\/#website\"},\"primaryImageOfPage\":{\"@id\":\"https:\\\/\\\/www.meslibellules.fr\\\/blog\\\/2024\\\/02\\\/11\\\/inpabasis-hubelli\\\/#primaryimage\"},\"image\":{\"@id\":\"https:\\\/\\\/www.meslibellules.fr\\\/blog\\\/2024\\\/02\\\/11\\\/inpabasis-hubelli\\\/#primaryimage\"},\"thumbnailUrl\":\"https:\\\/\\\/www.meslibellules.fr\\\/blog\\\/wp-content\\\/uploads\\\/Inpabasis-hubelli-male-1-scaled.jpg\",\"datePublished\":\"2024-02-11T07:21:24+00:00\",\"dateModified\":\"2024-06-29T13:15:07+00:00\",\"description\":\"Inpabasis hubelli m\u00e2les et femelles, description, identification, taille, habitat, distribution g\u00e9ographique, \u00e9tymologie\",\"breadcrumb\":{\"@id\":\"https:\\\/\\\/www.meslibellules.fr\\\/blog\\\/2024\\\/02\\\/11\\\/inpabasis-hubelli\\\/#breadcrumb\"},\"inLanguage\":\"fr-FR\",\"potentialAction\":[{\"@type\":\"ReadAction\",\"target\":[\"https:\\\/\\\/www.meslibellules.fr\\\/blog\\\/2024\\\/02\\\/11\\\/inpabasis-hubelli\\\/\"]}]},{\"@type\":\"ImageObject\",\"inLanguage\":\"fr-FR\",\"@id\":\"https:\\\/\\\/www.meslibellules.fr\\\/blog\\\/2024\\\/02\\\/11\\\/inpabasis-hubelli\\\/#primaryimage\",\"url\":\"https:\\\/\\\/www.meslibellules.fr\\\/blog\\\/wp-content\\\/uploads\\\/Inpabasis-hubelli-male-1-scaled.jpg\",\"contentUrl\":\"https:\\\/\\\/www.meslibellules.fr\\\/blog\\\/wp-content\\\/uploads\\\/Inpabasis-hubelli-male-1-scaled.jpg\"},{\"@type\":\"BreadcrumbList\",\"@id\":\"https:\\\/\\\/www.meslibellules.fr\\\/blog\\\/2024\\\/02\\\/11\\\/inpabasis-hubelli\\\/#breadcrumb\",\"itemListElement\":[{\"@type\":\"ListItem\",\"position\":1,\"name\":\"Accueil\",\"item\":\"https:\\\/\\\/www.meslibellules.fr\\\/blog\\\/\"},{\"@type\":\"ListItem\",\"position\":2,\"name\":\"Inpabasis hubelli (Santos, 1961)\"}]},{\"@type\":\"WebSite\",\"@id\":\"https:\\\/\\\/www.meslibellules.fr\\\/blog\\\/#website\",\"url\":\"https:\\\/\\\/www.meslibellules.fr\\\/blog\\\/\",\"name\":\"Mes Libellules\",\"description\":\"Pr\u00e9sentation des libellules rencontr\u00e9es dans le monde\",\"publisher\":{\"@id\":\"https:\\\/\\\/www.meslibellules.fr\\\/blog\\\/#\\\/schema\\\/person\\\/9aa3586f9dd053fcf329f43b8b053c77\"},\"potentialAction\":[{\"@type\":\"SearchAction\",\"target\":{\"@type\":\"EntryPoint\",\"urlTemplate\":\"https:\\\/\\\/www.meslibellules.fr\\\/blog\\\/?s={search_term_string}\"},\"query-input\":{\"@type\":\"PropertyValueSpecification\",\"valueRequired\":true,\"valueName\":\"search_term_string\"}}],\"inLanguage\":\"fr-FR\"},{\"@type\":[\"Person\",\"Organization\"],\"@id\":\"https:\\\/\\\/www.meslibellules.fr\\\/blog\\\/#\\\/schema\\\/person\\\/9aa3586f9dd053fcf329f43b8b053c77\",\"name\":\"Beno\u00eet Guillon\",\"image\":{\"@type\":\"ImageObject\",\"inLanguage\":\"fr-FR\",\"@id\":\"https:\\\/\\\/www.meslibellules.fr\\\/blog\\\/wp-content\\\/uploads\\\/cropped-avatar-150-pix.jpg\",\"url\":\"https:\\\/\\\/www.meslibellules.fr\\\/blog\\\/wp-content\\\/uploads\\\/cropped-avatar-150-pix.jpg\",\"contentUrl\":\"https:\\\/\\\/www.meslibellules.fr\\\/blog\\\/wp-content\\\/uploads\\\/cropped-avatar-150-pix.jpg\",\"width\":150,\"height\":137,\"caption\":\"Beno\u00eet Guillon\"},\"logo\":{\"@id\":\"https:\\\/\\\/www.meslibellules.fr\\\/blog\\\/wp-content\\\/uploads\\\/cropped-avatar-150-pix.jpg\"},\"sameAs\":[\"https:\\\/\\\/www.facebook.com\\\/benoit.guillon.96\\\/\"]}]}<\/script>\n<!-- \/ Yoast SEO plugin. -->","yoast_head_json":{"title":"Inpabasis hubelli - Mes Libellules","description":"Inpabasis hubelli m\u00e2les et femelles, description, identification, taille, habitat, distribution g\u00e9ographique, \u00e9tymologie","robots":{"index":"index","follow":"follow","max-snippet":"max-snippet:-1","max-image-preview":"max-image-preview:large","max-video-preview":"max-video-preview:-1"},"canonical":"https:\/\/www.meslibellules.fr\/blog\/2024\/02\/11\/inpabasis-hubelli\/","og_locale":"fr_FR","og_type":"article","og_title":"Inpabasis hubelli - Mes Libellules","og_description":"Inpabasis hubelli m\u00e2les et femelles, description, identification, taille, habitat, distribution g\u00e9ographique, \u00e9tymologie","og_url":"https:\/\/www.meslibellules.fr\/blog\/2024\/02\/11\/inpabasis-hubelli\/","og_site_name":"Mes Libellules","article_publisher":"https:\/\/www.facebook.com\/benoit.guillon.96\/","article_author":"https:\/\/www.facebook.com\/benoit.guillon.96\/","article_published_time":"2024-02-11T07:21:24+00:00","article_modified_time":"2024-06-29T13:15:07+00:00","og_image":[{"url":"https:\/\/www.meslibellules.fr\/blog\/wp-content\/uploads\/Inpabasis-hubelli-male-1-scaled.jpg","type":"","width":"","height":""}],"author":"Beno\u00eet Guillon","twitter_card":"summary_large_image","twitter_misc":{"\u00c9crit par":"Beno\u00eet Guillon","Dur\u00e9e de lecture estim\u00e9e":"5 minutes"},"schema":{"@context":"https:\/\/schema.org","@graph":[{"@type":"Article","@id":"https:\/\/www.meslibellules.fr\/blog\/2024\/02\/11\/inpabasis-hubelli\/#article","isPartOf":{"@id":"https:\/\/www.meslibellules.fr\/blog\/2024\/02\/11\/inpabasis-hubelli\/"},"author":{"name":"Beno\u00eet Guillon","@id":"https:\/\/www.meslibellules.fr\/blog\/#\/schema\/person\/9aa3586f9dd053fcf329f43b8b053c77"},"headline":"Inpabasis hubelli (Santos, 1961)","datePublished":"2024-02-11T07:21:24+00:00","dateModified":"2024-06-29T13:15:07+00:00","mainEntityOfPage":{"@id":"https:\/\/www.meslibellules.fr\/blog\/2024\/02\/11\/inpabasis-hubelli\/"},"wordCount":528,"commentCount":0,"publisher":{"@id":"https:\/\/www.meslibellules.fr\/blog\/#\/schema\/person\/9aa3586f9dd053fcf329f43b8b053c77"},"image":{"@id":"https:\/\/www.meslibellules.fr\/blog\/2024\/02\/11\/inpabasis-hubelli\/#primaryimage"},"thumbnailUrl":"https:\/\/www.meslibellules.fr\/blog\/wp-content\/uploads\/Inpabasis-hubelli-male-1-scaled.jpg","keywords":["Coenagrionidae - P\u00e9rou","P\u00e9rou"],"articleSection":["Coenagrionidae","P\u00e9rou"],"inLanguage":"fr-FR","potentialAction":[{"@type":"CommentAction","name":"Comment","target":["https:\/\/www.meslibellules.fr\/blog\/2024\/02\/11\/inpabasis-hubelli\/#respond"]}]},{"@type":"WebPage","@id":"https:\/\/www.meslibellules.fr\/blog\/2024\/02\/11\/inpabasis-hubelli\/","url":"https:\/\/www.meslibellules.fr\/blog\/2024\/02\/11\/inpabasis-hubelli\/","name":"Inpabasis hubelli - Mes Libellules","isPartOf":{"@id":"https:\/\/www.meslibellules.fr\/blog\/#website"},"primaryImageOfPage":{"@id":"https:\/\/www.meslibellules.fr\/blog\/2024\/02\/11\/inpabasis-hubelli\/#primaryimage"},"image":{"@id":"https:\/\/www.meslibellules.fr\/blog\/2024\/02\/11\/inpabasis-hubelli\/#primaryimage"},"thumbnailUrl":"https:\/\/www.meslibellules.fr\/blog\/wp-content\/uploads\/Inpabasis-hubelli-male-1-scaled.jpg","datePublished":"2024-02-11T07:21:24+00:00","dateModified":"2024-06-29T13:15:07+00:00","description":"Inpabasis hubelli m\u00e2les et femelles, description, identification, taille, habitat, distribution g\u00e9ographique, \u00e9tymologie","breadcrumb":{"@id":"https:\/\/www.meslibellules.fr\/blog\/2024\/02\/11\/inpabasis-hubelli\/#breadcrumb"},"inLanguage":"fr-FR","potentialAction":[{"@type":"ReadAction","target":["https:\/\/www.meslibellules.fr\/blog\/2024\/02\/11\/inpabasis-hubelli\/"]}]},{"@type":"ImageObject","inLanguage":"fr-FR","@id":"https:\/\/www.meslibellules.fr\/blog\/2024\/02\/11\/inpabasis-hubelli\/#primaryimage","url":"https:\/\/www.meslibellules.fr\/blog\/wp-content\/uploads\/Inpabasis-hubelli-male-1-scaled.jpg","contentUrl":"https:\/\/www.meslibellules.fr\/blog\/wp-content\/uploads\/Inpabasis-hubelli-male-1-scaled.jpg"},{"@type":"BreadcrumbList","@id":"https:\/\/www.meslibellules.fr\/blog\/2024\/02\/11\/inpabasis-hubelli\/#breadcrumb","itemListElement":[{"@type":"ListItem","position":1,"name":"Accueil","item":"https:\/\/www.meslibellules.fr\/blog\/"},{"@type":"ListItem","position":2,"name":"Inpabasis hubelli (Santos, 1961)"}]},{"@type":"WebSite","@id":"https:\/\/www.meslibellules.fr\/blog\/#website","url":"https:\/\/www.meslibellules.fr\/blog\/","name":"Mes Libellules","description":"Pr\u00e9sentation des libellules rencontr\u00e9es dans le monde","publisher":{"@id":"https:\/\/www.meslibellules.fr\/blog\/#\/schema\/person\/9aa3586f9dd053fcf329f43b8b053c77"},"potentialAction":[{"@type":"SearchAction","target":{"@type":"EntryPoint","urlTemplate":"https:\/\/www.meslibellules.fr\/blog\/?s={search_term_string}"},"query-input":{"@type":"PropertyValueSpecification","valueRequired":true,"valueName":"search_term_string"}}],"inLanguage":"fr-FR"},{"@type":["Person","Organization"],"@id":"https:\/\/www.meslibellules.fr\/blog\/#\/schema\/person\/9aa3586f9dd053fcf329f43b8b053c77","name":"Beno\u00eet Guillon","image":{"@type":"ImageObject","inLanguage":"fr-FR","@id":"https:\/\/www.meslibellules.fr\/blog\/wp-content\/uploads\/cropped-avatar-150-pix.jpg","url":"https:\/\/www.meslibellules.fr\/blog\/wp-content\/uploads\/cropped-avatar-150-pix.jpg","contentUrl":"https:\/\/www.meslibellules.fr\/blog\/wp-content\/uploads\/cropped-avatar-150-pix.jpg","width":150,"height":137,"caption":"Beno\u00eet Guillon"},"logo":{"@id":"https:\/\/www.meslibellules.fr\/blog\/wp-content\/uploads\/cropped-avatar-150-pix.jpg"},"sameAs":["https:\/\/www.facebook.com\/benoit.guillon.96\/"]}]}},"_links":{"self":[{"href":"https:\/\/www.meslibellules.fr\/blog\/wp-json\/wp\/v2\/posts\/18184","targetHints":{"allow":["GET"]}}],"collection":[{"href":"https:\/\/www.meslibellules.fr\/blog\/wp-json\/wp\/v2\/posts"}],"about":[{"href":"https:\/\/www.meslibellules.fr\/blog\/wp-json\/wp\/v2\/types\/post"}],"author":[{"embeddable":true,"href":"https:\/\/www.meslibellules.fr\/blog\/wp-json\/wp\/v2\/users\/1"}],"replies":[{"embeddable":true,"href":"https:\/\/www.meslibellules.fr\/blog\/wp-json\/wp\/v2\/comments?post=18184"}],"version-history":[{"count":0,"href":"https:\/\/www.meslibellules.fr\/blog\/wp-json\/wp\/v2\/posts\/18184\/revisions"}],"wp:attachment":[{"href":"https:\/\/www.meslibellules.fr\/blog\/wp-json\/wp\/v2\/media?parent=18184"}],"wp:term":[{"taxonomy":"category","embeddable":true,"href":"https:\/\/www.meslibellules.fr\/blog\/wp-json\/wp\/v2\/categories?post=18184"},{"taxonomy":"post_tag","embeddable":true,"href":"https:\/\/www.meslibellules.fr\/blog\/wp-json\/wp\/v2\/tags?post=18184"}],"curies":[{"name":"wp","href":"https:\/\/api.w.org\/{rel}","templated":true}]}}