{"id":1909,"date":"2018-12-28T17:53:43","date_gmt":"2018-12-28T16:53:43","guid":{"rendered":"http:\/\/www.meslibellules.fr\/blog\/?p=1909"},"modified":"2025-08-04T19:02:10","modified_gmt":"2025-08-04T17:02:10","slug":"vietnam-2018-coeliccia-scutellum","status":"publish","type":"post","link":"https:\/\/www.meslibellules.fr\/blog\/2018\/12\/28\/vietnam-2018-coeliccia-scutellum\/","title":{"rendered":"Vietnam 2018 &#8211; Coeliccia scutellum (Laidlaw, 1932)"},"content":{"rendered":"\n<figure class=\"wp-block-image aligncenter is-resized\"><a href=\"https:\/\/www.meslibellules.fr\/blog\/wp-content\/uploads\/2018\/12\/coeliccia-scutellum-2.jpg\"><img decoding=\"async\" width=\"716\" height=\"760\" data-src=\"https:\/\/www.meslibellules.fr\/blog\/wp-content\/uploads\/2018\/12\/coeliccia-scutellum-2.jpg\" alt=\"Coeliccia scutellum m\u00e2le, Vietnam, Ba Vi, 07\/06\/2018\" class=\"wp-image-1913 lazyload\" style=\"--smush-placeholder-width: 716px; --smush-placeholder-aspect-ratio: 716\/760;width:437px;height:443px\" src=\"data:image\/svg+xml;base64,PHN2ZyB3aWR0aD0iMSIgaGVpZ2h0PSIxIiB4bWxucz0iaHR0cDovL3d3dy53My5vcmcvMjAwMC9zdmciPjwvc3ZnPg==\" \/><\/a><figcaption class=\"wp-element-caption\">Coeliccia scutellum m\u00e2le, Vietnam, Ba Vi, 07\/06\/2018<\/figcaption><\/figure>\n\n\n\n<p style=\"font-size:14px\">Le nom d&rsquo;esp\u00e8ce de Coeliccia scutellum (Platycnemididae) est directement li\u00e9 \u00e0 son apparence\u202f; il porte sur la face dorsale de son thorax une tache jaune vif, en forme de bouclier ou d&rsquo;\u00e9cusson, traduction latine du mot <em>scutellum<\/em> en latin. <br>Dans <em>Taxonomy and nomenclature of some mainland SE-Asian Coeliccia species  (Odonata, Platycnemididae) using micro-CT analysis, Zootaxa 4059 (2): 257\u2013276,  PHILIP O. M. STEINHOFF &amp; GABRIELE UHL<\/em>, on apprend que les sujets vietnamiens analys\u00e9s mesuraient entre 55 et 61 mm (abdomen 47 \u00e0 52 mm).<br>L&rsquo;esp\u00e8ce a \u00e9t\u00e9 d\u00e9crite par Laidlaw en 1932 et \u00e0 cette \u00e9poque il comptait 27 esp\u00e8ces : en 2013 il y en avait d\u00e9j\u00e0 plus de 60 d\u00e9crites (80 en ao\u00fbt 2025) !<\/p>\n\n\n\n<figure class=\"wp-block-image aligncenter is-resized\"><a href=\"https:\/\/www.meslibellules.fr\/blog\/wp-content\/uploads\/2018\/12\/coeliccia-scutellum.jpg\"><img decoding=\"async\" width=\"692\" height=\"760\" data-src=\"https:\/\/www.meslibellules.fr\/blog\/wp-content\/uploads\/2018\/12\/coeliccia-scutellum.jpg\" alt=\"Coeliccia scutellum m\u00e2le, Vietnam, Ba Vi, 07\/06\/2018\" class=\"wp-image-1912 lazyload\" style=\"--smush-placeholder-width: 692px; --smush-placeholder-aspect-ratio: 692\/760;width:450px;height:478px\" src=\"data:image\/svg+xml;base64,PHN2ZyB3aWR0aD0iMSIgaGVpZ2h0PSIxIiB4bWxucz0iaHR0cDovL3d3dy53My5vcmcvMjAwMC9zdmciPjwvc3ZnPg==\" \/><\/a><figcaption class=\"wp-element-caption\">Coeliccia scutellum m\u00e2le, Vietnam, Ba Vi, 07\/06\/2018<\/figcaption><\/figure>\n\n\n\n<p style=\"font-size:14px\">Nous avons observ\u00e9 ces sujets en descendant une piste dans le parc de Ba Vi, le chemin \u00e9tant bord\u00e9 par une falaise assez escarp\u00e9e, ruisselante par endroits et laissant passage de temps en temps \u00e0 des ruisseaux forestiers. Il se tenait en compagnie de Calicnemia miles, Coeliccia pyriformis,  Indocnemis orang, tous aussi Plactynemididae que lui.<br><br>Un peu plus loin, j&rsquo;ai pu faire quelques photos, au flash, de ce tandem, ce qui permet de constater que la femelle ne semble pas porter ce bouclier jaune sur le thorax\u202f; la marque jaune semble plus fine et plus longue.<\/p>\n\n\n\n<figure class=\"wp-block-image aligncenter is-resized\"><a href=\"https:\/\/www.meslibellules.fr\/blog\/wp-content\/uploads\/2018\/12\/coeliccia-scutellum-tandem.jpg\"><img decoding=\"async\" width=\"587\" height=\"1204\" data-src=\"https:\/\/www.meslibellules.fr\/blog\/wp-content\/uploads\/2018\/12\/coeliccia-scutellum-tandem.jpg\" alt=\"Coeliccia scutellum tandem, Vietnam, Ba Vi, 07\/06\/2018\" class=\"wp-image-1924 lazyload\" style=\"--smush-placeholder-width: 587px; --smush-placeholder-aspect-ratio: 587\/1204;width:333px;height:685px\" src=\"data:image\/svg+xml;base64,PHN2ZyB3aWR0aD0iMSIgaGVpZ2h0PSIxIiB4bWxucz0iaHR0cDovL3d3dy53My5vcmcvMjAwMC9zdmciPjwvc3ZnPg==\" \/><\/a><figcaption class=\"wp-element-caption\">Coeliccia scutellum tandem, Vietnam, Ba Vi, 07\/06\/2018<\/figcaption><\/figure>\n\n\n\n<p style=\"font-size:14px\">Pour l&rsquo;U.I.C.N ( International Union for Conservation of Nature and Natural Resources ) il ne serait pr\u00e9sent qu&rsquo;au Vietnam, Laos et dans la province de Chine du Hainan.<br><a href=\"https:\/\/www.iucnredlist.org\/species\/190866\/176216038\">IUCN Red LIst<\/a><\/p>\n\n\n\n\n\n<div class=\"wp-block-buttons is-vertical is-layout-flex wp-container-core-buttons-is-layout-fe9cc265 wp-block-buttons-is-layout-flex\">\n<div class=\"wp-block-button\"><a class=\"wp-block-button__link wp-element-button\" href=\"https:\/\/www.meslibellules.fr\/blog\/odonates-du-vietnam-2012-2018\/\">Accueil Vietnam<\/a><\/div>\n\n\n\n<div class=\"wp-block-button\"><a class=\"wp-block-button__link wp-element-button\" href=\"http:\/\/www.meslibellules.fr\/pagesweb\/divers\/liste-generale-odonates-du-site\/asia-odonates.php\">Liste Asie<\/a><\/div>\n\n\n\n<div class=\"wp-block-button\"><a class=\"wp-block-button__link wp-element-button\" href=\"https:\/\/www.meslibellules.fr\/blog\/\">Accueil<\/a><\/div>\n<\/div>\n","protected":false},"excerpt":{"rendered":"<p>Le nom d&rsquo;esp\u00e8ce de Coeliccia scutellum (Platycnemididae) est directement li\u00e9 \u00e0 son apparence\u202f; il porte sur la face dorsale de son thorax une tache jaune vif, en forme de bouclier ou d&rsquo;\u00e9cusson, traduction latine du mot scutellum en latin. Dans Taxonomy and nomenclature of some mainland SE-Asian Coeliccia species (Odonata, Platycnemididae) using micro-CT analysis, Zootaxa [&hellip;]<\/p>\n","protected":false},"author":1,"featured_media":0,"comment_status":"open","ping_status":"open","sticky":false,"template":"","format":"image","meta":{"site-sidebar-layout":"default","site-content-layout":"","ast-site-content-layout":"default","site-content-style":"default","site-sidebar-style":"default","ast-global-header-display":"","ast-banner-title-visibility":"","ast-main-header-display":"","ast-hfb-above-header-display":"","ast-hfb-below-header-display":"","ast-hfb-mobile-header-display":"","site-post-title":"","ast-breadcrumbs-content":"","ast-featured-img":"","footer-sml-layout":"","ast-disable-related-posts":"","theme-transparent-header-meta":"","adv-header-id-meta":"","stick-header-meta":"","header-above-stick-meta":"","header-main-stick-meta":"","header-below-stick-meta":"","astra-migrate-meta-layouts":"set","ast-page-background-enabled":"default","ast-page-background-meta":{"desktop":{"background-color":"var(--ast-global-color-4)","background-image":"","background-repeat":"repeat","background-position":"center center","background-size":"auto","background-attachment":"scroll","background-type":"","background-media":"","overlay-type":"","overlay-color":"","overlay-opacity":"","overlay-gradient":""},"tablet":{"background-color":"","background-image":"","background-repeat":"repeat","background-position":"center center","background-size":"auto","background-attachment":"scroll","background-type":"","background-media":"","overlay-type":"","overlay-color":"","overlay-opacity":"","overlay-gradient":""},"mobile":{"background-color":"","background-image":"","background-repeat":"repeat","background-position":"center center","background-size":"auto","background-attachment":"scroll","background-type":"","background-media":"","overlay-type":"","overlay-color":"","overlay-opacity":"","overlay-gradient":""}},"ast-content-background-meta":{"desktop":{"background-color":"var(--ast-global-color-5)","background-image":"","background-repeat":"repeat","background-position":"center center","background-size":"auto","background-attachment":"scroll","background-type":"","background-media":"","overlay-type":"","overlay-color":"","overlay-opacity":"","overlay-gradient":""},"tablet":{"background-color":"var(--ast-global-color-5)","background-image":"","background-repeat":"repeat","background-position":"center center","background-size":"auto","background-attachment":"scroll","background-type":"","background-media":"","overlay-type":"","overlay-color":"","overlay-opacity":"","overlay-gradient":""},"mobile":{"background-color":"var(--ast-global-color-5)","background-image":"","background-repeat":"repeat","background-position":"center center","background-size":"auto","background-attachment":"scroll","background-type":"","background-media":"","overlay-type":"","overlay-color":"","overlay-opacity":"","overlay-gradient":""}},"footnotes":""},"categories":[16,54],"tags":[],"class_list":["post-1909","post","type-post","status-publish","format-image","hentry","category-platycnemididae","category-vietnam","post_format-post-format-image"],"yoast_head":"<!-- This site is optimized with the Yoast SEO plugin v27.5 - https:\/\/yoast.com\/product\/yoast-seo-wordpress\/ -->\n<title>Coeliccia scutellum - Mes Libellules<\/title>\n<meta name=\"description\" content=\"Coeliccia scutellum m\u00e2le et tandem au Vietnam, description, identification, taille, habitat, distribution g\u00e9ographique, \u00e9tymologie\" \/>\n<meta name=\"robots\" content=\"index, follow, max-snippet:-1, max-image-preview:large, max-video-preview:-1\" \/>\n<link rel=\"canonical\" href=\"https:\/\/www.meslibellules.fr\/blog\/2018\/12\/28\/vietnam-2018-coeliccia-scutellum\/\" \/>\n<meta property=\"og:locale\" content=\"fr_FR\" \/>\n<meta property=\"og:type\" content=\"article\" \/>\n<meta property=\"og:title\" content=\"Coeliccia scutellum - Mes Libellules\" \/>\n<meta property=\"og:description\" content=\"Coeliccia scutellum m\u00e2le et tandem au Vietnam, description, identification, taille, habitat, distribution g\u00e9ographique, \u00e9tymologie\" \/>\n<meta property=\"og:url\" content=\"https:\/\/www.meslibellules.fr\/blog\/2018\/12\/28\/vietnam-2018-coeliccia-scutellum\/\" \/>\n<meta property=\"og:site_name\" content=\"Mes Libellules\" \/>\n<meta property=\"article:publisher\" content=\"https:\/\/www.facebook.com\/benoit.guillon.96\/\" \/>\n<meta property=\"article:author\" content=\"https:\/\/www.facebook.com\/benoit.guillon.96\/\" \/>\n<meta property=\"article:published_time\" content=\"2018-12-28T16:53:43+00:00\" \/>\n<meta property=\"article:modified_time\" content=\"2025-08-04T17:02:10+00:00\" \/>\n<meta property=\"og:image\" content=\"http:\/\/www.meslibellules.fr\/blog\/wp-content\/uploads\/2018\/12\/coeliccia-scutellum-2.jpg\" \/>\n<meta name=\"author\" content=\"Beno\u00eet Guillon\" \/>\n<meta name=\"twitter:card\" content=\"summary_large_image\" \/>\n<meta name=\"twitter:label1\" content=\"\u00c9crit par\" \/>\n\t<meta name=\"twitter:data1\" content=\"Beno\u00eet Guillon\" \/>\n\t<meta name=\"twitter:label2\" content=\"Dur\u00e9e de lecture estim\u00e9e\" \/>\n\t<meta name=\"twitter:data2\" content=\"4 minutes\" \/>\n<script type=\"application\/ld+json\" class=\"yoast-schema-graph\">{\"@context\":\"https:\\\/\\\/schema.org\",\"@graph\":[{\"@type\":\"Article\",\"@id\":\"https:\\\/\\\/www.meslibellules.fr\\\/blog\\\/2018\\\/12\\\/28\\\/vietnam-2018-coeliccia-scutellum\\\/#article\",\"isPartOf\":{\"@id\":\"https:\\\/\\\/www.meslibellules.fr\\\/blog\\\/2018\\\/12\\\/28\\\/vietnam-2018-coeliccia-scutellum\\\/\"},\"author\":{\"name\":\"Beno\u00eet Guillon\",\"@id\":\"https:\\\/\\\/www.meslibellules.fr\\\/blog\\\/#\\\/schema\\\/person\\\/9aa3586f9dd053fcf329f43b8b053c77\"},\"headline\":\"Vietnam 2018 &#8211; Coeliccia scutellum (Laidlaw, 1932)\",\"datePublished\":\"2018-12-28T16:53:43+00:00\",\"dateModified\":\"2025-08-04T17:02:10+00:00\",\"mainEntityOfPage\":{\"@id\":\"https:\\\/\\\/www.meslibellules.fr\\\/blog\\\/2018\\\/12\\\/28\\\/vietnam-2018-coeliccia-scutellum\\\/\"},\"wordCount\":266,\"commentCount\":0,\"publisher\":{\"@id\":\"https:\\\/\\\/www.meslibellules.fr\\\/blog\\\/#\\\/schema\\\/person\\\/9aa3586f9dd053fcf329f43b8b053c77\"},\"image\":{\"@id\":\"https:\\\/\\\/www.meslibellules.fr\\\/blog\\\/2018\\\/12\\\/28\\\/vietnam-2018-coeliccia-scutellum\\\/#primaryimage\"},\"thumbnailUrl\":\"http:\\\/\\\/www.meslibellules.fr\\\/blog\\\/wp-content\\\/uploads\\\/2018\\\/12\\\/coeliccia-scutellum-2.jpg\",\"articleSection\":[\"Platycnemididae\",\"Vietnam\"],\"inLanguage\":\"fr-FR\",\"potentialAction\":[{\"@type\":\"CommentAction\",\"name\":\"Comment\",\"target\":[\"https:\\\/\\\/www.meslibellules.fr\\\/blog\\\/2018\\\/12\\\/28\\\/vietnam-2018-coeliccia-scutellum\\\/#respond\"]}]},{\"@type\":\"WebPage\",\"@id\":\"https:\\\/\\\/www.meslibellules.fr\\\/blog\\\/2018\\\/12\\\/28\\\/vietnam-2018-coeliccia-scutellum\\\/\",\"url\":\"https:\\\/\\\/www.meslibellules.fr\\\/blog\\\/2018\\\/12\\\/28\\\/vietnam-2018-coeliccia-scutellum\\\/\",\"name\":\"Coeliccia scutellum - Mes Libellules\",\"isPartOf\":{\"@id\":\"https:\\\/\\\/www.meslibellules.fr\\\/blog\\\/#website\"},\"primaryImageOfPage\":{\"@id\":\"https:\\\/\\\/www.meslibellules.fr\\\/blog\\\/2018\\\/12\\\/28\\\/vietnam-2018-coeliccia-scutellum\\\/#primaryimage\"},\"image\":{\"@id\":\"https:\\\/\\\/www.meslibellules.fr\\\/blog\\\/2018\\\/12\\\/28\\\/vietnam-2018-coeliccia-scutellum\\\/#primaryimage\"},\"thumbnailUrl\":\"http:\\\/\\\/www.meslibellules.fr\\\/blog\\\/wp-content\\\/uploads\\\/2018\\\/12\\\/coeliccia-scutellum-2.jpg\",\"datePublished\":\"2018-12-28T16:53:43+00:00\",\"dateModified\":\"2025-08-04T17:02:10+00:00\",\"description\":\"Coeliccia scutellum m\u00e2le et tandem au Vietnam, description, identification, taille, habitat, distribution g\u00e9ographique, \u00e9tymologie\",\"breadcrumb\":{\"@id\":\"https:\\\/\\\/www.meslibellules.fr\\\/blog\\\/2018\\\/12\\\/28\\\/vietnam-2018-coeliccia-scutellum\\\/#breadcrumb\"},\"inLanguage\":\"fr-FR\",\"potentialAction\":[{\"@type\":\"ReadAction\",\"target\":[\"https:\\\/\\\/www.meslibellules.fr\\\/blog\\\/2018\\\/12\\\/28\\\/vietnam-2018-coeliccia-scutellum\\\/\"]}]},{\"@type\":\"ImageObject\",\"inLanguage\":\"fr-FR\",\"@id\":\"https:\\\/\\\/www.meslibellules.fr\\\/blog\\\/2018\\\/12\\\/28\\\/vietnam-2018-coeliccia-scutellum\\\/#primaryimage\",\"url\":\"http:\\\/\\\/www.meslibellules.fr\\\/blog\\\/wp-content\\\/uploads\\\/2018\\\/12\\\/coeliccia-scutellum-2.jpg\",\"contentUrl\":\"http:\\\/\\\/www.meslibellules.fr\\\/blog\\\/wp-content\\\/uploads\\\/2018\\\/12\\\/coeliccia-scutellum-2.jpg\"},{\"@type\":\"BreadcrumbList\",\"@id\":\"https:\\\/\\\/www.meslibellules.fr\\\/blog\\\/2018\\\/12\\\/28\\\/vietnam-2018-coeliccia-scutellum\\\/#breadcrumb\",\"itemListElement\":[{\"@type\":\"ListItem\",\"position\":1,\"name\":\"Accueil\",\"item\":\"https:\\\/\\\/www.meslibellules.fr\\\/blog\\\/\"},{\"@type\":\"ListItem\",\"position\":2,\"name\":\"Vietnam 2018 &#8211; Coeliccia scutellum (Laidlaw, 1932)\"}]},{\"@type\":\"WebSite\",\"@id\":\"https:\\\/\\\/www.meslibellules.fr\\\/blog\\\/#website\",\"url\":\"https:\\\/\\\/www.meslibellules.fr\\\/blog\\\/\",\"name\":\"Mes Libellules\",\"description\":\"Pr\u00e9sentation des libellules rencontr\u00e9es dans le monde\",\"publisher\":{\"@id\":\"https:\\\/\\\/www.meslibellules.fr\\\/blog\\\/#\\\/schema\\\/person\\\/9aa3586f9dd053fcf329f43b8b053c77\"},\"potentialAction\":[{\"@type\":\"SearchAction\",\"target\":{\"@type\":\"EntryPoint\",\"urlTemplate\":\"https:\\\/\\\/www.meslibellules.fr\\\/blog\\\/?s={search_term_string}\"},\"query-input\":{\"@type\":\"PropertyValueSpecification\",\"valueRequired\":true,\"valueName\":\"search_term_string\"}}],\"inLanguage\":\"fr-FR\"},{\"@type\":[\"Person\",\"Organization\"],\"@id\":\"https:\\\/\\\/www.meslibellules.fr\\\/blog\\\/#\\\/schema\\\/person\\\/9aa3586f9dd053fcf329f43b8b053c77\",\"name\":\"Beno\u00eet Guillon\",\"image\":{\"@type\":\"ImageObject\",\"inLanguage\":\"fr-FR\",\"@id\":\"https:\\\/\\\/www.meslibellules.fr\\\/blog\\\/wp-content\\\/uploads\\\/cropped-avatar-150-pix.jpg\",\"url\":\"https:\\\/\\\/www.meslibellules.fr\\\/blog\\\/wp-content\\\/uploads\\\/cropped-avatar-150-pix.jpg\",\"contentUrl\":\"https:\\\/\\\/www.meslibellules.fr\\\/blog\\\/wp-content\\\/uploads\\\/cropped-avatar-150-pix.jpg\",\"width\":150,\"height\":137,\"caption\":\"Beno\u00eet Guillon\"},\"logo\":{\"@id\":\"https:\\\/\\\/www.meslibellules.fr\\\/blog\\\/wp-content\\\/uploads\\\/cropped-avatar-150-pix.jpg\"},\"sameAs\":[\"https:\\\/\\\/www.facebook.com\\\/benoit.guillon.96\\\/\"]}]}<\/script>\n<!-- \/ Yoast SEO plugin. -->","yoast_head_json":{"title":"Coeliccia scutellum - Mes Libellules","description":"Coeliccia scutellum m\u00e2le et tandem au Vietnam, description, identification, taille, habitat, distribution g\u00e9ographique, \u00e9tymologie","robots":{"index":"index","follow":"follow","max-snippet":"max-snippet:-1","max-image-preview":"max-image-preview:large","max-video-preview":"max-video-preview:-1"},"canonical":"https:\/\/www.meslibellules.fr\/blog\/2018\/12\/28\/vietnam-2018-coeliccia-scutellum\/","og_locale":"fr_FR","og_type":"article","og_title":"Coeliccia scutellum - Mes Libellules","og_description":"Coeliccia scutellum m\u00e2le et tandem au Vietnam, description, identification, taille, habitat, distribution g\u00e9ographique, \u00e9tymologie","og_url":"https:\/\/www.meslibellules.fr\/blog\/2018\/12\/28\/vietnam-2018-coeliccia-scutellum\/","og_site_name":"Mes Libellules","article_publisher":"https:\/\/www.facebook.com\/benoit.guillon.96\/","article_author":"https:\/\/www.facebook.com\/benoit.guillon.96\/","article_published_time":"2018-12-28T16:53:43+00:00","article_modified_time":"2025-08-04T17:02:10+00:00","og_image":[{"url":"http:\/\/www.meslibellules.fr\/blog\/wp-content\/uploads\/2018\/12\/coeliccia-scutellum-2.jpg","type":"","width":"","height":""}],"author":"Beno\u00eet Guillon","twitter_card":"summary_large_image","twitter_misc":{"\u00c9crit par":"Beno\u00eet Guillon","Dur\u00e9e de lecture estim\u00e9e":"4 minutes"},"schema":{"@context":"https:\/\/schema.org","@graph":[{"@type":"Article","@id":"https:\/\/www.meslibellules.fr\/blog\/2018\/12\/28\/vietnam-2018-coeliccia-scutellum\/#article","isPartOf":{"@id":"https:\/\/www.meslibellules.fr\/blog\/2018\/12\/28\/vietnam-2018-coeliccia-scutellum\/"},"author":{"name":"Beno\u00eet Guillon","@id":"https:\/\/www.meslibellules.fr\/blog\/#\/schema\/person\/9aa3586f9dd053fcf329f43b8b053c77"},"headline":"Vietnam 2018 &#8211; Coeliccia scutellum (Laidlaw, 1932)","datePublished":"2018-12-28T16:53:43+00:00","dateModified":"2025-08-04T17:02:10+00:00","mainEntityOfPage":{"@id":"https:\/\/www.meslibellules.fr\/blog\/2018\/12\/28\/vietnam-2018-coeliccia-scutellum\/"},"wordCount":266,"commentCount":0,"publisher":{"@id":"https:\/\/www.meslibellules.fr\/blog\/#\/schema\/person\/9aa3586f9dd053fcf329f43b8b053c77"},"image":{"@id":"https:\/\/www.meslibellules.fr\/blog\/2018\/12\/28\/vietnam-2018-coeliccia-scutellum\/#primaryimage"},"thumbnailUrl":"http:\/\/www.meslibellules.fr\/blog\/wp-content\/uploads\/2018\/12\/coeliccia-scutellum-2.jpg","articleSection":["Platycnemididae","Vietnam"],"inLanguage":"fr-FR","potentialAction":[{"@type":"CommentAction","name":"Comment","target":["https:\/\/www.meslibellules.fr\/blog\/2018\/12\/28\/vietnam-2018-coeliccia-scutellum\/#respond"]}]},{"@type":"WebPage","@id":"https:\/\/www.meslibellules.fr\/blog\/2018\/12\/28\/vietnam-2018-coeliccia-scutellum\/","url":"https:\/\/www.meslibellules.fr\/blog\/2018\/12\/28\/vietnam-2018-coeliccia-scutellum\/","name":"Coeliccia scutellum - Mes Libellules","isPartOf":{"@id":"https:\/\/www.meslibellules.fr\/blog\/#website"},"primaryImageOfPage":{"@id":"https:\/\/www.meslibellules.fr\/blog\/2018\/12\/28\/vietnam-2018-coeliccia-scutellum\/#primaryimage"},"image":{"@id":"https:\/\/www.meslibellules.fr\/blog\/2018\/12\/28\/vietnam-2018-coeliccia-scutellum\/#primaryimage"},"thumbnailUrl":"http:\/\/www.meslibellules.fr\/blog\/wp-content\/uploads\/2018\/12\/coeliccia-scutellum-2.jpg","datePublished":"2018-12-28T16:53:43+00:00","dateModified":"2025-08-04T17:02:10+00:00","description":"Coeliccia scutellum m\u00e2le et tandem au Vietnam, description, identification, taille, habitat, distribution g\u00e9ographique, \u00e9tymologie","breadcrumb":{"@id":"https:\/\/www.meslibellules.fr\/blog\/2018\/12\/28\/vietnam-2018-coeliccia-scutellum\/#breadcrumb"},"inLanguage":"fr-FR","potentialAction":[{"@type":"ReadAction","target":["https:\/\/www.meslibellules.fr\/blog\/2018\/12\/28\/vietnam-2018-coeliccia-scutellum\/"]}]},{"@type":"ImageObject","inLanguage":"fr-FR","@id":"https:\/\/www.meslibellules.fr\/blog\/2018\/12\/28\/vietnam-2018-coeliccia-scutellum\/#primaryimage","url":"http:\/\/www.meslibellules.fr\/blog\/wp-content\/uploads\/2018\/12\/coeliccia-scutellum-2.jpg","contentUrl":"http:\/\/www.meslibellules.fr\/blog\/wp-content\/uploads\/2018\/12\/coeliccia-scutellum-2.jpg"},{"@type":"BreadcrumbList","@id":"https:\/\/www.meslibellules.fr\/blog\/2018\/12\/28\/vietnam-2018-coeliccia-scutellum\/#breadcrumb","itemListElement":[{"@type":"ListItem","position":1,"name":"Accueil","item":"https:\/\/www.meslibellules.fr\/blog\/"},{"@type":"ListItem","position":2,"name":"Vietnam 2018 &#8211; Coeliccia scutellum (Laidlaw, 1932)"}]},{"@type":"WebSite","@id":"https:\/\/www.meslibellules.fr\/blog\/#website","url":"https:\/\/www.meslibellules.fr\/blog\/","name":"Mes Libellules","description":"Pr\u00e9sentation des libellules rencontr\u00e9es dans le monde","publisher":{"@id":"https:\/\/www.meslibellules.fr\/blog\/#\/schema\/person\/9aa3586f9dd053fcf329f43b8b053c77"},"potentialAction":[{"@type":"SearchAction","target":{"@type":"EntryPoint","urlTemplate":"https:\/\/www.meslibellules.fr\/blog\/?s={search_term_string}"},"query-input":{"@type":"PropertyValueSpecification","valueRequired":true,"valueName":"search_term_string"}}],"inLanguage":"fr-FR"},{"@type":["Person","Organization"],"@id":"https:\/\/www.meslibellules.fr\/blog\/#\/schema\/person\/9aa3586f9dd053fcf329f43b8b053c77","name":"Beno\u00eet Guillon","image":{"@type":"ImageObject","inLanguage":"fr-FR","@id":"https:\/\/www.meslibellules.fr\/blog\/wp-content\/uploads\/cropped-avatar-150-pix.jpg","url":"https:\/\/www.meslibellules.fr\/blog\/wp-content\/uploads\/cropped-avatar-150-pix.jpg","contentUrl":"https:\/\/www.meslibellules.fr\/blog\/wp-content\/uploads\/cropped-avatar-150-pix.jpg","width":150,"height":137,"caption":"Beno\u00eet Guillon"},"logo":{"@id":"https:\/\/www.meslibellules.fr\/blog\/wp-content\/uploads\/cropped-avatar-150-pix.jpg"},"sameAs":["https:\/\/www.facebook.com\/benoit.guillon.96\/"]}]}},"_links":{"self":[{"href":"https:\/\/www.meslibellules.fr\/blog\/wp-json\/wp\/v2\/posts\/1909","targetHints":{"allow":["GET"]}}],"collection":[{"href":"https:\/\/www.meslibellules.fr\/blog\/wp-json\/wp\/v2\/posts"}],"about":[{"href":"https:\/\/www.meslibellules.fr\/blog\/wp-json\/wp\/v2\/types\/post"}],"author":[{"embeddable":true,"href":"https:\/\/www.meslibellules.fr\/blog\/wp-json\/wp\/v2\/users\/1"}],"replies":[{"embeddable":true,"href":"https:\/\/www.meslibellules.fr\/blog\/wp-json\/wp\/v2\/comments?post=1909"}],"version-history":[{"count":1,"href":"https:\/\/www.meslibellules.fr\/blog\/wp-json\/wp\/v2\/posts\/1909\/revisions"}],"predecessor-version":[{"id":25735,"href":"https:\/\/www.meslibellules.fr\/blog\/wp-json\/wp\/v2\/posts\/1909\/revisions\/25735"}],"wp:attachment":[{"href":"https:\/\/www.meslibellules.fr\/blog\/wp-json\/wp\/v2\/media?parent=1909"}],"wp:term":[{"taxonomy":"category","embeddable":true,"href":"https:\/\/www.meslibellules.fr\/blog\/wp-json\/wp\/v2\/categories?post=1909"},{"taxonomy":"post_tag","embeddable":true,"href":"https:\/\/www.meslibellules.fr\/blog\/wp-json\/wp\/v2\/tags?post=1909"}],"curies":[{"name":"wp","href":"https:\/\/api.w.org\/{rel}","templated":true}]}}