{"id":19220,"date":"2024-04-10T21:10:23","date_gmt":"2024-04-10T19:10:23","guid":{"rendered":"https:\/\/www.meslibellules.fr\/blog\/?p=19220"},"modified":"2024-04-10T21:34:33","modified_gmt":"2024-04-10T19:34:33","slug":"drepanoneura-muzoni","status":"publish","type":"post","link":"https:\/\/www.meslibellules.fr\/blog\/2024\/04\/10\/drepanoneura-muzoni\/","title":{"rendered":"Drepanoneura muzoni (von Ellerieder &amp; Garrison, 2008)"},"content":{"rendered":"\n<figure data-wp-context=\"{&quot;imageId&quot;:&quot;69f361fa256e3&quot;}\" data-wp-interactive=\"core\/image\" data-wp-key=\"69f361fa256e3\" class=\"wp-block-image aligncenter size-full is-resized wp-lightbox-container\"><img decoding=\"async\" width=\"2206\" height=\"1204\" data-wp-class--hide=\"state.isContentHidden\" data-wp-class--show=\"state.isContentVisible\" data-wp-init=\"callbacks.setButtonStyles\" data-wp-on--click=\"actions.showLightbox\" data-wp-on--load=\"callbacks.setButtonStyles\" data-wp-on-window--resize=\"callbacks.setButtonStyles\" data-src=\"https:\/\/www.meslibellules.fr\/blog\/wp-content\/uploads\/Drepanoneura-muzoni-male-1.webp\" alt=\"Drepanoneura muzoni m\u00e2le, P\u00e9rou, San Pedro (Chino), 24\/08\/2023\" class=\"wp-image-19215 lazyload\" style=\"--smush-placeholder-width: 2206px; --smush-placeholder-aspect-ratio: 2206\/1204;width:695px;height:auto\" data-srcset=\"https:\/\/www.meslibellules.fr\/blog\/wp-content\/uploads\/Drepanoneura-muzoni-male-1.webp 2206w, https:\/\/www.meslibellules.fr\/blog\/wp-content\/uploads\/Drepanoneura-muzoni-male-1-768x419.webp 768w, https:\/\/www.meslibellules.fr\/blog\/wp-content\/uploads\/Drepanoneura-muzoni-male-1-1536x838.webp 1536w, https:\/\/www.meslibellules.fr\/blog\/wp-content\/uploads\/Drepanoneura-muzoni-male-1-2048x1118.webp 2048w\" data-sizes=\"(max-width: 2206px) 100vw, 2206px\" src=\"data:image\/svg+xml;base64,PHN2ZyB3aWR0aD0iMSIgaGVpZ2h0PSIxIiB4bWxucz0iaHR0cDovL3d3dy53My5vcmcvMjAwMC9zdmciPjwvc3ZnPg==\" \/><button\n\t\t\tclass=\"lightbox-trigger\"\n\t\t\ttype=\"button\"\n\t\t\taria-haspopup=\"dialog\"\n\t\t\taria-label=\"Agrandir\"\n\t\t\tdata-wp-init=\"callbacks.initTriggerButton\"\n\t\t\tdata-wp-on--click=\"actions.showLightbox\"\n\t\t\tdata-wp-style--right=\"state.imageButtonRight\"\n\t\t\tdata-wp-style--top=\"state.imageButtonTop\"\n\t\t>\n\t\t\t<svg xmlns=\"http:\/\/www.w3.org\/2000\/svg\" width=\"12\" height=\"12\" fill=\"none\" viewBox=\"0 0 12 12\">\n\t\t\t\t<path fill=\"#fff\" d=\"M2 0a2 2 0 0 0-2 2v2h1.5V2a.5.5 0 0 1 .5-.5h2V0H2Zm2 10.5H2a.5.5 0 0 1-.5-.5V8H0v2a2 2 0 0 0 2 2h2v-1.5ZM8 12v-1.5h2a.5.5 0 0 0 .5-.5V8H12v2a2 2 0 0 1-2 2H8Zm2-12a2 2 0 0 1 2 2v2h-1.5V2a.5.5 0 0 0-.5-.5H8V0h2Z\" \/>\n\t\t\t<\/svg>\n\t\t<\/button><figcaption class=\"wp-element-caption\">Drepanoneura muzoni m\u00e2le, P\u00e9rou, San Pedro (Chino), 24\/08\/2023<\/figcaption><\/figure>\n\n\n\n<p>Drepanoneura muzoni (Protoneuridae) est \u00e0 la fois un genre et une esp\u00e8ce de cr\u00e9ation r\u00e9cente ; Natalia von Ellenrieder et Rosser Garrison (1) ont cr\u00e9\u00e9 le genre pour y int\u00e9grer certaines esp\u00e8ces qui se s\u00e9paraient des Protoneura et des Epipleoneura par certains caract\u00e8res, en particulier la forme de l&rsquo;<a href=\"https:\/\/meslibellules.fr\/pagesweb\/divers\/glossaire.php\">\u00e9piprocte<\/a> et du <em>p\u00e9nis<\/em> (genital ligula). Il ne faut pas se le cacher, la <a href=\"https:\/\/meslibellules.fr\/pagesweb\/divers\/glossaire.php\">taxinomie<\/a> et l&rsquo;identification de ces esp\u00e8ces rarement rencontr\u00e9es est une affaire de sp\u00e9cialistes et de laboratoire.<br><\/p>\n\n\n\n<div class=\"wp-block-media-text is-stacked-on-mobile\"><figure class=\"wp-block-media-text__media\"><a href=\"https:\/\/www.meslibellules.fr\/blog\/wp-content\/uploads\/Drepanoneura-muzoni-male-2.webp\"><img decoding=\"async\" width=\"1346\" height=\"1204\" data-src=\"https:\/\/www.meslibellules.fr\/blog\/wp-content\/uploads\/Drepanoneura-muzoni-male-2.webp\" alt=\"Drepanoneura muzoni m\u00e2le, P\u00e9rou, San Pedro (Chino), 24\/08\/2023\" class=\"wp-image-19216 size-full lazyload\" data-srcset=\"https:\/\/www.meslibellules.fr\/blog\/wp-content\/uploads\/Drepanoneura-muzoni-male-2.webp 1346w, https:\/\/www.meslibellules.fr\/blog\/wp-content\/uploads\/Drepanoneura-muzoni-male-2-768x687.webp 768w\" data-sizes=\"(max-width: 1346px) 100vw, 1346px\" src=\"data:image\/svg+xml;base64,PHN2ZyB3aWR0aD0iMSIgaGVpZ2h0PSIxIiB4bWxucz0iaHR0cDovL3d3dy53My5vcmcvMjAwMC9zdmciPjwvc3ZnPg==\" style=\"--smush-placeholder-width: 1346px; --smush-placeholder-aspect-ratio: 1346\/1204;\" \/><\/a><\/figure><div class=\"wp-block-media-text__content\">\n<p>Je me suis donc <em>content\u00e9<\/em>, dans la mesure du possible, de v\u00e9rifier les appendices anaux des m\u00e2les et le pronotum des femelles, en les comparant aux dessins tr\u00e8s d\u00e9taill\u00e9s des deux auteurs d\u00e9j\u00e0 cit\u00e9s (1). C&rsquo;est toujours une t\u00e2che difficile, car ce sont des esp\u00e8ces difficiles \u00e0 rep\u00e9rer dans <a href=\"https:\/\/www.meslibellules.fr\/blog\/wp-content\/uploads\/24-08-26-09h59.webp\">leur environnement sombre<\/a> et donc probl\u00e9matiques \u00e0 photographier correctement si tant est qu&rsquo;on parvienne \u00e0 les approcher suffisamment pour ce genre de d\u00e9tails.<\/p>\n\n\n\n<p>Drepanoneura muzoni m\u00e2le, petit d\u00e9jeuner tardif, P\u00e9rou, San Pedro (Chino), 24\/08\/2023<\/p>\n<\/div><\/div>\n\n\n\n<div style=\"height:39px\" aria-hidden=\"true\" class=\"wp-block-spacer\"><\/div>\n\n\n\n<p>Actuellement, dans cette r\u00e9gion, il n&rsquo;y a que deux esp\u00e8ces connues ; Drepanoneura peruviensis et muzoni. Tim Faasen qui a prospect\u00e9 la zone n&rsquo;a rencontr\u00e9 que le second et il semble bien que ce soit effectivement cette esp\u00e8ce que nous avons aussi contact\u00e9e.<br>Je ne fais pas voir mes photos des appendices anaux qui n\u00e9cessitent un grossissement trop important.<br>Noter la pauvret\u00e9 de la nervation (une caract\u00e9ristique commune \u00e0 tous ces Epipleo, Epipoto, Drepano et Proto-neura), le petit pt\u00e9rostigma quadrilat\u00e8re et \u00e9pais, et la forme aigu\u00eb, non arrondie, de l&rsquo;apex de l&rsquo;aile.<\/p>\n\n\n\n<figure data-wp-context=\"{&quot;imageId&quot;:&quot;69f361fa25e29&quot;}\" data-wp-interactive=\"core\/image\" data-wp-key=\"69f361fa25e29\" class=\"wp-block-image aligncenter size-full is-resized wp-lightbox-container\"><img decoding=\"async\" width=\"1864\" height=\"1204\" data-wp-class--hide=\"state.isContentHidden\" data-wp-class--show=\"state.isContentVisible\" data-wp-init=\"callbacks.setButtonStyles\" data-wp-on--click=\"actions.showLightbox\" data-wp-on--load=\"callbacks.setButtonStyles\" data-wp-on-window--resize=\"callbacks.setButtonStyles\" data-src=\"https:\/\/www.meslibellules.fr\/blog\/wp-content\/uploads\/Drepanoneura-muzoni-male-3.webp\" alt=\"Drepanoneura muzoni m\u00e2le, P\u00e9rou, San Pedro (Chino), 24\/08\/2023\" class=\"wp-image-19217 lazyload\" style=\"--smush-placeholder-width: 1864px; --smush-placeholder-aspect-ratio: 1864\/1204;width:558px;height:auto\" data-srcset=\"https:\/\/www.meslibellules.fr\/blog\/wp-content\/uploads\/Drepanoneura-muzoni-male-3.webp 1864w, https:\/\/www.meslibellules.fr\/blog\/wp-content\/uploads\/Drepanoneura-muzoni-male-3-768x496.webp 768w, https:\/\/www.meslibellules.fr\/blog\/wp-content\/uploads\/Drepanoneura-muzoni-male-3-1536x992.webp 1536w\" data-sizes=\"(max-width: 1864px) 100vw, 1864px\" src=\"data:image\/svg+xml;base64,PHN2ZyB3aWR0aD0iMSIgaGVpZ2h0PSIxIiB4bWxucz0iaHR0cDovL3d3dy53My5vcmcvMjAwMC9zdmciPjwvc3ZnPg==\" \/><button\n\t\t\tclass=\"lightbox-trigger\"\n\t\t\ttype=\"button\"\n\t\t\taria-haspopup=\"dialog\"\n\t\t\taria-label=\"Agrandir\"\n\t\t\tdata-wp-init=\"callbacks.initTriggerButton\"\n\t\t\tdata-wp-on--click=\"actions.showLightbox\"\n\t\t\tdata-wp-style--right=\"state.imageButtonRight\"\n\t\t\tdata-wp-style--top=\"state.imageButtonTop\"\n\t\t>\n\t\t\t<svg xmlns=\"http:\/\/www.w3.org\/2000\/svg\" width=\"12\" height=\"12\" fill=\"none\" viewBox=\"0 0 12 12\">\n\t\t\t\t<path fill=\"#fff\" d=\"M2 0a2 2 0 0 0-2 2v2h1.5V2a.5.5 0 0 1 .5-.5h2V0H2Zm2 10.5H2a.5.5 0 0 1-.5-.5V8H0v2a2 2 0 0 0 2 2h2v-1.5ZM8 12v-1.5h2a.5.5 0 0 0 .5-.5V8H12v2a2 2 0 0 1-2 2H8Zm2-12a2 2 0 0 1 2 2v2h-1.5V2a.5.5 0 0 0-.5-.5H8V0h2Z\" \/>\n\t\t\t<\/svg>\n\t\t<\/button><figcaption class=\"wp-element-caption\">Drepanoneura muzoni m\u00e2le, P\u00e9rou, San Pedro (Chino), 24\/08\/2023<\/figcaption><\/figure>\n\n\n\n<div class=\"wp-block-media-text has-media-on-the-right is-stacked-on-mobile\"><div class=\"wp-block-media-text__content\">\n<p>C&rsquo;est une esp\u00e8ce de ruisseaux forestiers, mais il est \u00e0 noter que nous \u00e9tions alors sur la Terra Firme et non plus sur les zones inond\u00e9es une partie de l&rsquo;ann\u00e9e.<br>Il mesure en moyenne 33.9 mm (1).<br>Sa distribution se limite (actuellement) \u00e0 quelques rares signalements \u00e9parpill\u00e9s, sur le versant est de la cordill\u00e8re, de l&rsquo;\u00c9quateur au sud du P\u00e9rou (tr\u00e8s diss\u00e9min\u00e9s !).<br><a href=\"https:\/\/www.iucnredlist.org\/species\/49254403\/49256641\">IUCN Red LIst<\/a><\/p>\n\n\n\n<p>Drepanoneura muzoni m\u00e2le, P\u00e9rou, San Pedro (Chino), 24\/08\/2023<\/p>\n<\/div><figure class=\"wp-block-media-text__media\"><a href=\"https:\/\/www.meslibellules.fr\/blog\/wp-content\/uploads\/Drepanoneura-muzoni-male-4.webp\"><img decoding=\"async\" width=\"1404\" height=\"1204\" data-src=\"https:\/\/www.meslibellules.fr\/blog\/wp-content\/uploads\/Drepanoneura-muzoni-male-4.webp\" alt=\"Drepanoneura muzoni m\u00e2le, P\u00e9rou, San Pedro (Chino), 24\/08\/2023\" class=\"wp-image-19218 size-full lazyload\" data-srcset=\"https:\/\/www.meslibellules.fr\/blog\/wp-content\/uploads\/Drepanoneura-muzoni-male-4.webp 1404w, https:\/\/www.meslibellules.fr\/blog\/wp-content\/uploads\/Drepanoneura-muzoni-male-4-768x659.webp 768w\" data-sizes=\"(max-width: 1404px) 100vw, 1404px\" src=\"data:image\/svg+xml;base64,PHN2ZyB3aWR0aD0iMSIgaGVpZ2h0PSIxIiB4bWxucz0iaHR0cDovL3d3dy53My5vcmcvMjAwMC9zdmciPjwvc3ZnPg==\" style=\"--smush-placeholder-width: 1404px; --smush-placeholder-aspect-ratio: 1404\/1204;\" \/><\/a><\/figure><\/div>\n\n\n\n<div style=\"height:26px\" aria-hidden=\"true\" class=\"wp-block-spacer\"><\/div>\n\n\n\n<p>Sur le m\u00eame site, nous avons pu photographier une femelle dont le pronotum ressemble bien \u00e0 celui montr\u00e9 sur les planches de von Ellerieder et Garrison. Tr\u00e8s \u00e0 l&rsquo;ombre, le flash a agr\u00e9ment\u00e9 les photos de reflets originaux&#8230;<br>Ci-dessous, deux photos quasi identiques sur deux supports diff\u00e9rents, mais celle de droite permet de mieux voir l&rsquo;extr\u00e9mit\u00e9 pointue de l&rsquo;ovipositeur, ce qui diff\u00e9rencie cette femelle de D. peruviensis.<\/p>\n\n\n\n<figure class=\"wp-block-gallery aligncenter has-nested-images columns-default is-cropped wp-block-gallery-1 is-layout-flex wp-block-gallery-is-layout-flex\">\n<figure data-wp-context=\"{&quot;imageId&quot;:&quot;69f361fa263ee&quot;}\" data-wp-interactive=\"core\/image\" data-wp-key=\"69f361fa263ee\" class=\"wp-block-image size-full wp-lightbox-container\"><img decoding=\"async\" width=\"2044\" height=\"1204\" data-wp-class--hide=\"state.isContentHidden\" data-wp-class--show=\"state.isContentVisible\" data-wp-init=\"callbacks.setButtonStyles\" data-wp-on--click=\"actions.showLightbox\" data-wp-on--load=\"callbacks.setButtonStyles\" data-wp-on-window--resize=\"callbacks.setButtonStyles\" data-id=\"19211\" data-src=\"https:\/\/www.meslibellules.fr\/blog\/wp-content\/uploads\/Drepanoneura-muzoni-femelle-1.webp\" alt=\"Drepanoneura muzoni femelle, P\u00e9rou, San Pedro (Chino), 24\/08\/2023\" class=\"wp-image-19211 lazyload\" data-srcset=\"https:\/\/www.meslibellules.fr\/blog\/wp-content\/uploads\/Drepanoneura-muzoni-femelle-1.webp 2044w, https:\/\/www.meslibellules.fr\/blog\/wp-content\/uploads\/Drepanoneura-muzoni-femelle-1-768x452.webp 768w, https:\/\/www.meslibellules.fr\/blog\/wp-content\/uploads\/Drepanoneura-muzoni-femelle-1-1536x905.webp 1536w\" data-sizes=\"(max-width: 2044px) 100vw, 2044px\" src=\"data:image\/svg+xml;base64,PHN2ZyB3aWR0aD0iMSIgaGVpZ2h0PSIxIiB4bWxucz0iaHR0cDovL3d3dy53My5vcmcvMjAwMC9zdmciPjwvc3ZnPg==\" style=\"--smush-placeholder-width: 2044px; --smush-placeholder-aspect-ratio: 2044\/1204;\" \/><button\n\t\t\tclass=\"lightbox-trigger\"\n\t\t\ttype=\"button\"\n\t\t\taria-haspopup=\"dialog\"\n\t\t\taria-label=\"Agrandir\"\n\t\t\tdata-wp-init=\"callbacks.initTriggerButton\"\n\t\t\tdata-wp-on--click=\"actions.showLightbox\"\n\t\t\tdata-wp-style--right=\"state.imageButtonRight\"\n\t\t\tdata-wp-style--top=\"state.imageButtonTop\"\n\t\t>\n\t\t\t<svg xmlns=\"http:\/\/www.w3.org\/2000\/svg\" width=\"12\" height=\"12\" fill=\"none\" viewBox=\"0 0 12 12\">\n\t\t\t\t<path fill=\"#fff\" d=\"M2 0a2 2 0 0 0-2 2v2h1.5V2a.5.5 0 0 1 .5-.5h2V0H2Zm2 10.5H2a.5.5 0 0 1-.5-.5V8H0v2a2 2 0 0 0 2 2h2v-1.5ZM8 12v-1.5h2a.5.5 0 0 0 .5-.5V8H12v2a2 2 0 0 1-2 2H8Zm2-12a2 2 0 0 1 2 2v2h-1.5V2a.5.5 0 0 0-.5-.5H8V0h2Z\" \/>\n\t\t\t<\/svg>\n\t\t<\/button><\/figure>\n\n\n\n<figure data-wp-context=\"{&quot;imageId&quot;:&quot;69f361fa268a5&quot;}\" data-wp-interactive=\"core\/image\" data-wp-key=\"69f361fa268a5\" class=\"wp-block-image size-full wp-lightbox-container\"><img decoding=\"async\" width=\"2271\" height=\"1204\" data-wp-class--hide=\"state.isContentHidden\" data-wp-class--show=\"state.isContentVisible\" data-wp-init=\"callbacks.setButtonStyles\" data-wp-on--click=\"actions.showLightbox\" data-wp-on--load=\"callbacks.setButtonStyles\" data-wp-on-window--resize=\"callbacks.setButtonStyles\" data-id=\"19214\" data-src=\"https:\/\/www.meslibellules.fr\/blog\/wp-content\/uploads\/Drepanoneura-muzoni-femelle-4.webp\" alt=\"Drepanoneura muzoni femelle, P\u00e9rou, San Pedro (Chino), 24\/08\/2023\" class=\"wp-image-19214 lazyload\" data-srcset=\"https:\/\/www.meslibellules.fr\/blog\/wp-content\/uploads\/Drepanoneura-muzoni-femelle-4.webp 2271w, https:\/\/www.meslibellules.fr\/blog\/wp-content\/uploads\/Drepanoneura-muzoni-femelle-4-768x407.webp 768w, https:\/\/www.meslibellules.fr\/blog\/wp-content\/uploads\/Drepanoneura-muzoni-femelle-4-1536x814.webp 1536w, https:\/\/www.meslibellules.fr\/blog\/wp-content\/uploads\/Drepanoneura-muzoni-femelle-4-2048x1086.webp 2048w\" data-sizes=\"(max-width: 2271px) 100vw, 2271px\" src=\"data:image\/svg+xml;base64,PHN2ZyB3aWR0aD0iMSIgaGVpZ2h0PSIxIiB4bWxucz0iaHR0cDovL3d3dy53My5vcmcvMjAwMC9zdmciPjwvc3ZnPg==\" style=\"--smush-placeholder-width: 2271px; --smush-placeholder-aspect-ratio: 2271\/1204;\" \/><button\n\t\t\tclass=\"lightbox-trigger\"\n\t\t\ttype=\"button\"\n\t\t\taria-haspopup=\"dialog\"\n\t\t\taria-label=\"Agrandir\"\n\t\t\tdata-wp-init=\"callbacks.initTriggerButton\"\n\t\t\tdata-wp-on--click=\"actions.showLightbox\"\n\t\t\tdata-wp-style--right=\"state.imageButtonRight\"\n\t\t\tdata-wp-style--top=\"state.imageButtonTop\"\n\t\t>\n\t\t\t<svg xmlns=\"http:\/\/www.w3.org\/2000\/svg\" width=\"12\" height=\"12\" fill=\"none\" viewBox=\"0 0 12 12\">\n\t\t\t\t<path fill=\"#fff\" d=\"M2 0a2 2 0 0 0-2 2v2h1.5V2a.5.5 0 0 1 .5-.5h2V0H2Zm2 10.5H2a.5.5 0 0 1-.5-.5V8H0v2a2 2 0 0 0 2 2h2v-1.5ZM8 12v-1.5h2a.5.5 0 0 0 .5-.5V8H12v2a2 2 0 0 1-2 2H8Zm2-12a2 2 0 0 1 2 2v2h-1.5V2a.5.5 0 0 0-.5-.5H8V0h2Z\" \/>\n\t\t\t<\/svg>\n\t\t<\/button><\/figure>\n<figcaption class=\"blocks-gallery-caption wp-element-caption\">Drepanoneura muzoni m\u00e2le, P\u00e9rou, San Pedro (Chino), 24\/08\/2023<\/figcaption><\/figure>\n\n\n\n<figure data-wp-context=\"{&quot;imageId&quot;:&quot;69f361fa276e7&quot;}\" data-wp-interactive=\"core\/image\" data-wp-key=\"69f361fa276e7\" class=\"wp-block-image aligncenter size-full is-resized wp-lightbox-container\"><img decoding=\"async\" width=\"1445\" height=\"461\" data-wp-class--hide=\"state.isContentHidden\" data-wp-class--show=\"state.isContentVisible\" data-wp-init=\"callbacks.setButtonStyles\" data-wp-on--click=\"actions.showLightbox\" data-wp-on--load=\"callbacks.setButtonStyles\" data-wp-on-window--resize=\"callbacks.setButtonStyles\" data-src=\"https:\/\/www.meslibellules.fr\/blog\/wp-content\/uploads\/Ovipositeur-D-muzoni-vs-peruviensis-von-Ellenrieder-and-Garrison.webp\" alt=\"Ovipositeur D. muzoni vs peruviensis, von Ellenrieder &amp; Garrison (1)\" class=\"wp-image-19228 lazyload\" style=\"--smush-placeholder-width: 1445px; --smush-placeholder-aspect-ratio: 1445\/461;width:639px;height:auto\" data-srcset=\"https:\/\/www.meslibellules.fr\/blog\/wp-content\/uploads\/Ovipositeur-D-muzoni-vs-peruviensis-von-Ellenrieder-and-Garrison.webp 1445w, https:\/\/www.meslibellules.fr\/blog\/wp-content\/uploads\/Ovipositeur-D-muzoni-vs-peruviensis-von-Ellenrieder-and-Garrison-768x245.webp 768w\" data-sizes=\"(max-width: 1445px) 100vw, 1445px\" src=\"data:image\/svg+xml;base64,PHN2ZyB3aWR0aD0iMSIgaGVpZ2h0PSIxIiB4bWxucz0iaHR0cDovL3d3dy53My5vcmcvMjAwMC9zdmciPjwvc3ZnPg==\" \/><button\n\t\t\tclass=\"lightbox-trigger\"\n\t\t\ttype=\"button\"\n\t\t\taria-haspopup=\"dialog\"\n\t\t\taria-label=\"Agrandir\"\n\t\t\tdata-wp-init=\"callbacks.initTriggerButton\"\n\t\t\tdata-wp-on--click=\"actions.showLightbox\"\n\t\t\tdata-wp-style--right=\"state.imageButtonRight\"\n\t\t\tdata-wp-style--top=\"state.imageButtonTop\"\n\t\t>\n\t\t\t<svg xmlns=\"http:\/\/www.w3.org\/2000\/svg\" width=\"12\" height=\"12\" fill=\"none\" viewBox=\"0 0 12 12\">\n\t\t\t\t<path fill=\"#fff\" d=\"M2 0a2 2 0 0 0-2 2v2h1.5V2a.5.5 0 0 1 .5-.5h2V0H2Zm2 10.5H2a.5.5 0 0 1-.5-.5V8H0v2a2 2 0 0 0 2 2h2v-1.5ZM8 12v-1.5h2a.5.5 0 0 0 .5-.5V8H12v2a2 2 0 0 1-2 2H8Zm2-12a2 2 0 0 1 2 2v2h-1.5V2a.5.5 0 0 0-.5-.5H8V0h2Z\" \/>\n\t\t\t<\/svg>\n\t\t<\/button><figcaption class=\"wp-element-caption\">Ovipositeur D. muzoni vs peruviensis, von Ellenrieder &amp; Garrison (1)<\/figcaption><\/figure>\n\n\n\n<p>Ci-dessous, un gros plan tr\u00e8s agrandi du pronotum et de la plaque m\u00e9sostigmal (juste en arri\u00e8re du pronotum) de la femelle, \u00e0 comparer avec les dessins plus bas (clic !). On note la forme nettement en \u00ab\u00a0v\u00a0\u00bb invers\u00e9, on devine \u00e9galement, \u00e0 gauche, une des deux \u00e9pines divergentes (vl).<\/p>\n\n\n\n<figure class=\"wp-block-gallery has-nested-images columns-default is-cropped wp-block-gallery-2 is-layout-flex wp-block-gallery-is-layout-flex\">\n<figure data-wp-context=\"{&quot;imageId&quot;:&quot;69f361fa27b76&quot;}\" data-wp-interactive=\"core\/image\" data-wp-key=\"69f361fa27b76\" class=\"wp-block-image size-full wp-lightbox-container\"><img decoding=\"async\" width=\"1120\" height=\"1004\" data-wp-class--hide=\"state.isContentHidden\" data-wp-class--show=\"state.isContentVisible\" data-wp-init=\"callbacks.setButtonStyles\" data-wp-on--click=\"actions.showLightbox\" data-wp-on--load=\"callbacks.setButtonStyles\" data-wp-on-window--resize=\"callbacks.setButtonStyles\" data-id=\"19212\" data-src=\"https:\/\/www.meslibellules.fr\/blog\/wp-content\/uploads\/Drepanoneura-muzoni-femelle-2.webp\" alt=\"Drepanoneura muzoni femelle, P\u00e9rou, San Pedro (Chino), 24\/08\/2023\" class=\"wp-image-19212 lazyload\" data-srcset=\"https:\/\/www.meslibellules.fr\/blog\/wp-content\/uploads\/Drepanoneura-muzoni-femelle-2.webp 1120w, https:\/\/www.meslibellules.fr\/blog\/wp-content\/uploads\/Drepanoneura-muzoni-femelle-2-768x688.webp 768w\" data-sizes=\"(max-width: 1120px) 100vw, 1120px\" src=\"data:image\/svg+xml;base64,PHN2ZyB3aWR0aD0iMSIgaGVpZ2h0PSIxIiB4bWxucz0iaHR0cDovL3d3dy53My5vcmcvMjAwMC9zdmciPjwvc3ZnPg==\" style=\"--smush-placeholder-width: 1120px; --smush-placeholder-aspect-ratio: 1120\/1004;\" \/><button\n\t\t\tclass=\"lightbox-trigger\"\n\t\t\ttype=\"button\"\n\t\t\taria-haspopup=\"dialog\"\n\t\t\taria-label=\"Agrandir\"\n\t\t\tdata-wp-init=\"callbacks.initTriggerButton\"\n\t\t\tdata-wp-on--click=\"actions.showLightbox\"\n\t\t\tdata-wp-style--right=\"state.imageButtonRight\"\n\t\t\tdata-wp-style--top=\"state.imageButtonTop\"\n\t\t>\n\t\t\t<svg xmlns=\"http:\/\/www.w3.org\/2000\/svg\" width=\"12\" height=\"12\" fill=\"none\" viewBox=\"0 0 12 12\">\n\t\t\t\t<path fill=\"#fff\" d=\"M2 0a2 2 0 0 0-2 2v2h1.5V2a.5.5 0 0 1 .5-.5h2V0H2Zm2 10.5H2a.5.5 0 0 1-.5-.5V8H0v2a2 2 0 0 0 2 2h2v-1.5ZM8 12v-1.5h2a.5.5 0 0 0 .5-.5V8H12v2a2 2 0 0 1-2 2H8Zm2-12a2 2 0 0 1 2 2v2h-1.5V2a.5.5 0 0 0-.5-.5H8V0h2Z\" \/>\n\t\t\t<\/svg>\n\t\t<\/button><\/figure>\n\n\n\n<figure data-wp-context=\"{&quot;imageId&quot;:&quot;69f361fa27f54&quot;}\" data-wp-interactive=\"core\/image\" data-wp-key=\"69f361fa27f54\" class=\"wp-block-image size-full wp-lightbox-container\"><img decoding=\"async\" width=\"1312\" height=\"1204\" data-wp-class--hide=\"state.isContentHidden\" data-wp-class--show=\"state.isContentVisible\" data-wp-init=\"callbacks.setButtonStyles\" data-wp-on--click=\"actions.showLightbox\" data-wp-on--load=\"callbacks.setButtonStyles\" data-wp-on-window--resize=\"callbacks.setButtonStyles\" data-id=\"19213\" data-src=\"https:\/\/www.meslibellules.fr\/blog\/wp-content\/uploads\/Drepanoneura-muzoni-femelle-3.webp\" alt=\"Drepanoneura muzoni femelle, P\u00e9rou, San Pedro (Chino), 24\/08\/2023\" class=\"wp-image-19213 lazyload\" data-srcset=\"https:\/\/www.meslibellules.fr\/blog\/wp-content\/uploads\/Drepanoneura-muzoni-femelle-3.webp 1312w, https:\/\/www.meslibellules.fr\/blog\/wp-content\/uploads\/Drepanoneura-muzoni-femelle-3-768x705.webp 768w\" data-sizes=\"(max-width: 1312px) 100vw, 1312px\" src=\"data:image\/svg+xml;base64,PHN2ZyB3aWR0aD0iMSIgaGVpZ2h0PSIxIiB4bWxucz0iaHR0cDovL3d3dy53My5vcmcvMjAwMC9zdmciPjwvc3ZnPg==\" style=\"--smush-placeholder-width: 1312px; --smush-placeholder-aspect-ratio: 1312\/1204;\" \/><button\n\t\t\tclass=\"lightbox-trigger\"\n\t\t\ttype=\"button\"\n\t\t\taria-haspopup=\"dialog\"\n\t\t\taria-label=\"Agrandir\"\n\t\t\tdata-wp-init=\"callbacks.initTriggerButton\"\n\t\t\tdata-wp-on--click=\"actions.showLightbox\"\n\t\t\tdata-wp-style--right=\"state.imageButtonRight\"\n\t\t\tdata-wp-style--top=\"state.imageButtonTop\"\n\t\t>\n\t\t\t<svg xmlns=\"http:\/\/www.w3.org\/2000\/svg\" width=\"12\" height=\"12\" fill=\"none\" viewBox=\"0 0 12 12\">\n\t\t\t\t<path fill=\"#fff\" d=\"M2 0a2 2 0 0 0-2 2v2h1.5V2a.5.5 0 0 1 .5-.5h2V0H2Zm2 10.5H2a.5.5 0 0 1-.5-.5V8H0v2a2 2 0 0 0 2 2h2v-1.5ZM8 12v-1.5h2a.5.5 0 0 0 .5-.5V8H12v2a2 2 0 0 1-2 2H8Zm2-12a2 2 0 0 1 2 2v2h-1.5V2a.5.5 0 0 0-.5-.5H8V0h2Z\" \/>\n\t\t\t<\/svg>\n\t\t<\/button><\/figure>\n<figcaption class=\"blocks-gallery-caption wp-element-caption\">Drepanoneura muzoni femelle, P\u00e9rou, San Pedro (Chino), 24\/08\/2023<\/figcaption><\/figure>\n\n\n\n<figure data-wp-context=\"{&quot;imageId&quot;:&quot;69f361fa28366&quot;}\" data-wp-interactive=\"core\/image\" data-wp-key=\"69f361fa28366\" class=\"wp-block-image aligncenter size-full is-resized wp-lightbox-container\"><img decoding=\"async\" width=\"1047\" height=\"300\" data-wp-class--hide=\"state.isContentHidden\" data-wp-class--show=\"state.isContentVisible\" data-wp-init=\"callbacks.setButtonStyles\" data-wp-on--click=\"actions.showLightbox\" data-wp-on--load=\"callbacks.setButtonStyles\" data-wp-on-window--resize=\"callbacks.setButtonStyles\" data-src=\"https:\/\/www.meslibellules.fr\/blog\/wp-content\/uploads\/Pronotum-et-plaque-mesostigmal-D-muzoni-et-peruviensis.webp\" alt=\"Pronotum et plaque mesostigmal, D. muzoni vs peruviensis, von Ellenrieder &amp; Garrison (1)\" class=\"wp-image-19229 lazyload\" style=\"--smush-placeholder-width: 1047px; --smush-placeholder-aspect-ratio: 1047\/300;width:628px;height:auto\" data-srcset=\"https:\/\/www.meslibellules.fr\/blog\/wp-content\/uploads\/Pronotum-et-plaque-mesostigmal-D-muzoni-et-peruviensis.webp 1047w, https:\/\/www.meslibellules.fr\/blog\/wp-content\/uploads\/Pronotum-et-plaque-mesostigmal-D-muzoni-et-peruviensis-768x220.webp 768w\" data-sizes=\"(max-width: 1047px) 100vw, 1047px\" src=\"data:image\/svg+xml;base64,PHN2ZyB3aWR0aD0iMSIgaGVpZ2h0PSIxIiB4bWxucz0iaHR0cDovL3d3dy53My5vcmcvMjAwMC9zdmciPjwvc3ZnPg==\" \/><button\n\t\t\tclass=\"lightbox-trigger\"\n\t\t\ttype=\"button\"\n\t\t\taria-haspopup=\"dialog\"\n\t\t\taria-label=\"Agrandir\"\n\t\t\tdata-wp-init=\"callbacks.initTriggerButton\"\n\t\t\tdata-wp-on--click=\"actions.showLightbox\"\n\t\t\tdata-wp-style--right=\"state.imageButtonRight\"\n\t\t\tdata-wp-style--top=\"state.imageButtonTop\"\n\t\t>\n\t\t\t<svg xmlns=\"http:\/\/www.w3.org\/2000\/svg\" width=\"12\" height=\"12\" fill=\"none\" viewBox=\"0 0 12 12\">\n\t\t\t\t<path fill=\"#fff\" d=\"M2 0a2 2 0 0 0-2 2v2h1.5V2a.5.5 0 0 1 .5-.5h2V0H2Zm2 10.5H2a.5.5 0 0 1-.5-.5V8H0v2a2 2 0 0 0 2 2h2v-1.5ZM8 12v-1.5h2a.5.5 0 0 0 .5-.5V8H12v2a2 2 0 0 1-2 2H8Zm2-12a2 2 0 0 1 2 2v2h-1.5V2a.5.5 0 0 0-.5-.5H8V0h2Z\" \/>\n\t\t\t<\/svg>\n\t\t<\/button><figcaption class=\"wp-element-caption\">Pronotum et plaque mesostigmal, D. muzoni vs peruviensis, von Ellenrieder &amp; Garrison (1)<\/figcaption><\/figure>\n\n\n\n<p>Les auteurs expliquent l&rsquo;\u00e9tymologie du nom de genre et d&rsquo;esp\u00e8ce.<br><strong>Drepanoneura<\/strong> :  Latinis\u00e9 du grec <em>drepanon<\/em> signifiant \u00ab faucille \u00bb faisant r\u00e9f\u00e9rence \u00e0 la forme des cerques m\u00e2les &#8211; et du grec neura (nerf ou nervure), un suffixe commun pour les genres de Protoneuridae.<br><strong>Muzoni<\/strong> : \u00ab\u00a0Nous nommons cette esp\u00e8ce muzoni (nom au g\u00e9nitif) en l&rsquo;honneur de notre bon ami et coll\u00e8gue Javier Muz\u00f3n, en remerciement pour avoir pr\u00e9sent\u00e9 l&rsquo;auteur principal \u00e0 l&rsquo;odonatologie et pour son aide continue au cours de nos \u00e9tudes, et en reconnaissance de ses contributions \u00e0 la connaissance des Odonates n\u00e9otropicaux.\u00a0\u00bb<\/p>\n\n\n\n<div style=\"height:24px\" aria-hidden=\"true\" class=\"wp-block-spacer\"><\/div>\n\n\n\n<p>1- Natalia von Ellerieder et Rosser W. Garrison, <em>Drepanoneura gen. nov. for Epipleoneura letitia and Protoneura peruviensis, with descriptions of eight new Protoneuridae from South America (Odonata: Protoneuridae)<\/em>, Zootaxa 1842: 1\u201334 (2008)<\/p>\n\n\n\n<div style=\"height:35px\" aria-hidden=\"true\" class=\"wp-block-spacer\"><\/div>\n\n\n\n<div class=\"wp-block-buttons is-layout-flex wp-block-buttons-is-layout-flex\">\n<div class=\"wp-block-button\"><a class=\"wp-block-button__link wp-element-button\" href=\"https:\/\/www.meslibellules.fr\/blog\/odonates-du-perou-peruvian-odonates\/\">Accueil P\u00e9rou<\/a><\/div>\n<\/div>\n\n\n\n<p><br><\/p>\n","protected":false},"excerpt":{"rendered":"<p>Drepanoneura muzoni (Protoneuridae) est \u00e0 la fois un genre et une esp\u00e8ce de cr\u00e9ation r\u00e9cente ; Natalia von Ellenrieder et Rosser Garrison (1) ont cr\u00e9\u00e9 le genre pour y int\u00e9grer certaines esp\u00e8ces qui se s\u00e9paraient des Protoneura et des Epipleoneura par certains caract\u00e8res, en particulier la forme de l&rsquo;\u00e9piprocte et du p\u00e9nis (genital ligula). Il [&hellip;]<\/p>\n","protected":false},"author":1,"featured_media":0,"comment_status":"open","ping_status":"open","sticky":false,"template":"","format":"image","meta":{"site-sidebar-layout":"default","site-content-layout":"","ast-site-content-layout":"default","site-content-style":"default","site-sidebar-style":"default","ast-global-header-display":"","ast-banner-title-visibility":"","ast-main-header-display":"","ast-hfb-above-header-display":"","ast-hfb-below-header-display":"","ast-hfb-mobile-header-display":"","site-post-title":"","ast-breadcrumbs-content":"","ast-featured-img":"","footer-sml-layout":"","ast-disable-related-posts":"","theme-transparent-header-meta":"","adv-header-id-meta":"","stick-header-meta":"","header-above-stick-meta":"","header-main-stick-meta":"","header-below-stick-meta":"","astra-migrate-meta-layouts":"set","ast-page-background-enabled":"default","ast-page-background-meta":{"desktop":{"background-color":"var(--ast-global-color-4)","background-image":"","background-repeat":"repeat","background-position":"center center","background-size":"auto","background-attachment":"scroll","background-type":"","background-media":"","overlay-type":"","overlay-color":"","overlay-opacity":"","overlay-gradient":""},"tablet":{"background-color":"","background-image":"","background-repeat":"repeat","background-position":"center center","background-size":"auto","background-attachment":"scroll","background-type":"","background-media":"","overlay-type":"","overlay-color":"","overlay-opacity":"","overlay-gradient":""},"mobile":{"background-color":"","background-image":"","background-repeat":"repeat","background-position":"center center","background-size":"auto","background-attachment":"scroll","background-type":"","background-media":"","overlay-type":"","overlay-color":"","overlay-opacity":"","overlay-gradient":""}},"ast-content-background-meta":{"desktop":{"background-color":"var(--ast-global-color-5)","background-image":"","background-repeat":"repeat","background-position":"center center","background-size":"auto","background-attachment":"scroll","background-type":"","background-media":"","overlay-type":"","overlay-color":"","overlay-opacity":"","overlay-gradient":""},"tablet":{"background-color":"var(--ast-global-color-5)","background-image":"","background-repeat":"repeat","background-position":"center center","background-size":"auto","background-attachment":"scroll","background-type":"","background-media":"","overlay-type":"","overlay-color":"","overlay-opacity":"","overlay-gradient":""},"mobile":{"background-color":"var(--ast-global-color-5)","background-image":"","background-repeat":"repeat","background-position":"center center","background-size":"auto","background-attachment":"scroll","background-type":"","background-media":"","overlay-type":"","overlay-color":"","overlay-opacity":"","overlay-gradient":""}},"footnotes":""},"categories":[1303,1311],"tags":[1305,1312],"class_list":["post-19220","post","type-post","status-publish","format-image","hentry","category-perou","category-protoneuridae-perou","tag-perou","tag-protoneuridae-perou","post_format-post-format-image"],"yoast_head":"<!-- This site is optimized with the Yoast SEO plugin v27.5 - https:\/\/yoast.com\/product\/yoast-seo-wordpress\/ -->\n<title>Drepanoneura muzoni - Mes Libellules<\/title>\n<meta name=\"description\" content=\"Drepanoneura muzoni m\u00e2le et femelle au P\u00e9rou, description, identification, taille, habitat, distribution g\u00e9ographique, \u00e9tymologie\" \/>\n<meta name=\"robots\" content=\"index, follow, max-snippet:-1, max-image-preview:large, max-video-preview:-1\" \/>\n<link rel=\"canonical\" href=\"https:\/\/www.meslibellules.fr\/blog\/2024\/04\/10\/drepanoneura-muzoni\/\" \/>\n<meta property=\"og:locale\" content=\"fr_FR\" \/>\n<meta property=\"og:type\" content=\"article\" \/>\n<meta property=\"og:title\" content=\"Drepanoneura muzoni - Mes Libellules\" \/>\n<meta property=\"og:description\" content=\"Drepanoneura muzoni m\u00e2le et femelle au P\u00e9rou, description, identification, taille, habitat, distribution g\u00e9ographique, \u00e9tymologie\" \/>\n<meta property=\"og:url\" content=\"https:\/\/www.meslibellules.fr\/blog\/2024\/04\/10\/drepanoneura-muzoni\/\" \/>\n<meta property=\"og:site_name\" content=\"Mes Libellules\" \/>\n<meta property=\"article:publisher\" content=\"https:\/\/www.facebook.com\/benoit.guillon.96\/\" \/>\n<meta property=\"article:author\" content=\"https:\/\/www.facebook.com\/benoit.guillon.96\/\" \/>\n<meta property=\"article:published_time\" content=\"2024-04-10T19:10:23+00:00\" \/>\n<meta property=\"article:modified_time\" content=\"2024-04-10T19:34:33+00:00\" \/>\n<meta property=\"og:image\" content=\"https:\/\/www.meslibellules.fr\/blog\/wp-content\/uploads\/Drepanoneura-muzoni-male-1.webp\" \/>\n<meta name=\"author\" content=\"Beno\u00eet Guillon\" \/>\n<meta name=\"twitter:card\" content=\"summary_large_image\" \/>\n<meta name=\"twitter:label1\" content=\"\u00c9crit par\" \/>\n\t<meta name=\"twitter:data1\" content=\"Beno\u00eet Guillon\" \/>\n\t<meta name=\"twitter:label2\" content=\"Dur\u00e9e de lecture estim\u00e9e\" \/>\n\t<meta name=\"twitter:data2\" content=\"6 minutes\" \/>\n<script type=\"application\/ld+json\" class=\"yoast-schema-graph\">{\"@context\":\"https:\\\/\\\/schema.org\",\"@graph\":[{\"@type\":\"Article\",\"@id\":\"https:\\\/\\\/www.meslibellules.fr\\\/blog\\\/2024\\\/04\\\/10\\\/drepanoneura-muzoni\\\/#article\",\"isPartOf\":{\"@id\":\"https:\\\/\\\/www.meslibellules.fr\\\/blog\\\/2024\\\/04\\\/10\\\/drepanoneura-muzoni\\\/\"},\"author\":{\"name\":\"Beno\u00eet Guillon\",\"@id\":\"https:\\\/\\\/www.meslibellules.fr\\\/blog\\\/#\\\/schema\\\/person\\\/9aa3586f9dd053fcf329f43b8b053c77\"},\"headline\":\"Drepanoneura muzoni (von Ellerieder &amp; Garrison, 2008)\",\"datePublished\":\"2024-04-10T19:10:23+00:00\",\"dateModified\":\"2024-04-10T19:34:33+00:00\",\"mainEntityOfPage\":{\"@id\":\"https:\\\/\\\/www.meslibellules.fr\\\/blog\\\/2024\\\/04\\\/10\\\/drepanoneura-muzoni\\\/\"},\"wordCount\":684,\"commentCount\":0,\"publisher\":{\"@id\":\"https:\\\/\\\/www.meslibellules.fr\\\/blog\\\/#\\\/schema\\\/person\\\/9aa3586f9dd053fcf329f43b8b053c77\"},\"image\":{\"@id\":\"https:\\\/\\\/www.meslibellules.fr\\\/blog\\\/2024\\\/04\\\/10\\\/drepanoneura-muzoni\\\/#primaryimage\"},\"thumbnailUrl\":\"https:\\\/\\\/www.meslibellules.fr\\\/blog\\\/wp-content\\\/uploads\\\/Drepanoneura-muzoni-male-1.webp\",\"keywords\":[\"P\u00e9rou\",\"Protoneuridae - P\u00e9rou\"],\"articleSection\":[\"P\u00e9rou\",\"Protoneuridae\"],\"inLanguage\":\"fr-FR\",\"potentialAction\":[{\"@type\":\"CommentAction\",\"name\":\"Comment\",\"target\":[\"https:\\\/\\\/www.meslibellules.fr\\\/blog\\\/2024\\\/04\\\/10\\\/drepanoneura-muzoni\\\/#respond\"]}]},{\"@type\":\"WebPage\",\"@id\":\"https:\\\/\\\/www.meslibellules.fr\\\/blog\\\/2024\\\/04\\\/10\\\/drepanoneura-muzoni\\\/\",\"url\":\"https:\\\/\\\/www.meslibellules.fr\\\/blog\\\/2024\\\/04\\\/10\\\/drepanoneura-muzoni\\\/\",\"name\":\"Drepanoneura muzoni - Mes Libellules\",\"isPartOf\":{\"@id\":\"https:\\\/\\\/www.meslibellules.fr\\\/blog\\\/#website\"},\"primaryImageOfPage\":{\"@id\":\"https:\\\/\\\/www.meslibellules.fr\\\/blog\\\/2024\\\/04\\\/10\\\/drepanoneura-muzoni\\\/#primaryimage\"},\"image\":{\"@id\":\"https:\\\/\\\/www.meslibellules.fr\\\/blog\\\/2024\\\/04\\\/10\\\/drepanoneura-muzoni\\\/#primaryimage\"},\"thumbnailUrl\":\"https:\\\/\\\/www.meslibellules.fr\\\/blog\\\/wp-content\\\/uploads\\\/Drepanoneura-muzoni-male-1.webp\",\"datePublished\":\"2024-04-10T19:10:23+00:00\",\"dateModified\":\"2024-04-10T19:34:33+00:00\",\"description\":\"Drepanoneura muzoni m\u00e2le et femelle au P\u00e9rou, description, identification, taille, habitat, distribution g\u00e9ographique, \u00e9tymologie\",\"breadcrumb\":{\"@id\":\"https:\\\/\\\/www.meslibellules.fr\\\/blog\\\/2024\\\/04\\\/10\\\/drepanoneura-muzoni\\\/#breadcrumb\"},\"inLanguage\":\"fr-FR\",\"potentialAction\":[{\"@type\":\"ReadAction\",\"target\":[\"https:\\\/\\\/www.meslibellules.fr\\\/blog\\\/2024\\\/04\\\/10\\\/drepanoneura-muzoni\\\/\"]}]},{\"@type\":\"ImageObject\",\"inLanguage\":\"fr-FR\",\"@id\":\"https:\\\/\\\/www.meslibellules.fr\\\/blog\\\/2024\\\/04\\\/10\\\/drepanoneura-muzoni\\\/#primaryimage\",\"url\":\"https:\\\/\\\/www.meslibellules.fr\\\/blog\\\/wp-content\\\/uploads\\\/Drepanoneura-muzoni-male-1.webp\",\"contentUrl\":\"https:\\\/\\\/www.meslibellules.fr\\\/blog\\\/wp-content\\\/uploads\\\/Drepanoneura-muzoni-male-1.webp\",\"width\":2206,\"height\":1204,\"caption\":\"Drepanoneura muzoni m\u00e2le, P\u00e9rou, San Pedro (Chino), 24\\\/08\\\/2023\"},{\"@type\":\"BreadcrumbList\",\"@id\":\"https:\\\/\\\/www.meslibellules.fr\\\/blog\\\/2024\\\/04\\\/10\\\/drepanoneura-muzoni\\\/#breadcrumb\",\"itemListElement\":[{\"@type\":\"ListItem\",\"position\":1,\"name\":\"Accueil\",\"item\":\"https:\\\/\\\/www.meslibellules.fr\\\/blog\\\/\"},{\"@type\":\"ListItem\",\"position\":2,\"name\":\"Drepanoneura muzoni (von Ellerieder &amp; Garrison, 2008)\"}]},{\"@type\":\"WebSite\",\"@id\":\"https:\\\/\\\/www.meslibellules.fr\\\/blog\\\/#website\",\"url\":\"https:\\\/\\\/www.meslibellules.fr\\\/blog\\\/\",\"name\":\"Mes Libellules\",\"description\":\"Pr\u00e9sentation des libellules rencontr\u00e9es dans le monde\",\"publisher\":{\"@id\":\"https:\\\/\\\/www.meslibellules.fr\\\/blog\\\/#\\\/schema\\\/person\\\/9aa3586f9dd053fcf329f43b8b053c77\"},\"potentialAction\":[{\"@type\":\"SearchAction\",\"target\":{\"@type\":\"EntryPoint\",\"urlTemplate\":\"https:\\\/\\\/www.meslibellules.fr\\\/blog\\\/?s={search_term_string}\"},\"query-input\":{\"@type\":\"PropertyValueSpecification\",\"valueRequired\":true,\"valueName\":\"search_term_string\"}}],\"inLanguage\":\"fr-FR\"},{\"@type\":[\"Person\",\"Organization\"],\"@id\":\"https:\\\/\\\/www.meslibellules.fr\\\/blog\\\/#\\\/schema\\\/person\\\/9aa3586f9dd053fcf329f43b8b053c77\",\"name\":\"Beno\u00eet Guillon\",\"image\":{\"@type\":\"ImageObject\",\"inLanguage\":\"fr-FR\",\"@id\":\"https:\\\/\\\/www.meslibellules.fr\\\/blog\\\/wp-content\\\/uploads\\\/cropped-avatar-150-pix.jpg\",\"url\":\"https:\\\/\\\/www.meslibellules.fr\\\/blog\\\/wp-content\\\/uploads\\\/cropped-avatar-150-pix.jpg\",\"contentUrl\":\"https:\\\/\\\/www.meslibellules.fr\\\/blog\\\/wp-content\\\/uploads\\\/cropped-avatar-150-pix.jpg\",\"width\":150,\"height\":137,\"caption\":\"Beno\u00eet Guillon\"},\"logo\":{\"@id\":\"https:\\\/\\\/www.meslibellules.fr\\\/blog\\\/wp-content\\\/uploads\\\/cropped-avatar-150-pix.jpg\"},\"sameAs\":[\"https:\\\/\\\/www.facebook.com\\\/benoit.guillon.96\\\/\"]}]}<\/script>\n<!-- \/ Yoast SEO plugin. -->","yoast_head_json":{"title":"Drepanoneura muzoni - Mes Libellules","description":"Drepanoneura muzoni m\u00e2le et femelle au P\u00e9rou, description, identification, taille, habitat, distribution g\u00e9ographique, \u00e9tymologie","robots":{"index":"index","follow":"follow","max-snippet":"max-snippet:-1","max-image-preview":"max-image-preview:large","max-video-preview":"max-video-preview:-1"},"canonical":"https:\/\/www.meslibellules.fr\/blog\/2024\/04\/10\/drepanoneura-muzoni\/","og_locale":"fr_FR","og_type":"article","og_title":"Drepanoneura muzoni - Mes Libellules","og_description":"Drepanoneura muzoni m\u00e2le et femelle au P\u00e9rou, description, identification, taille, habitat, distribution g\u00e9ographique, \u00e9tymologie","og_url":"https:\/\/www.meslibellules.fr\/blog\/2024\/04\/10\/drepanoneura-muzoni\/","og_site_name":"Mes Libellules","article_publisher":"https:\/\/www.facebook.com\/benoit.guillon.96\/","article_author":"https:\/\/www.facebook.com\/benoit.guillon.96\/","article_published_time":"2024-04-10T19:10:23+00:00","article_modified_time":"2024-04-10T19:34:33+00:00","og_image":[{"url":"https:\/\/www.meslibellules.fr\/blog\/wp-content\/uploads\/Drepanoneura-muzoni-male-1.webp","type":"","width":"","height":""}],"author":"Beno\u00eet Guillon","twitter_card":"summary_large_image","twitter_misc":{"\u00c9crit par":"Beno\u00eet Guillon","Dur\u00e9e de lecture estim\u00e9e":"6 minutes"},"schema":{"@context":"https:\/\/schema.org","@graph":[{"@type":"Article","@id":"https:\/\/www.meslibellules.fr\/blog\/2024\/04\/10\/drepanoneura-muzoni\/#article","isPartOf":{"@id":"https:\/\/www.meslibellules.fr\/blog\/2024\/04\/10\/drepanoneura-muzoni\/"},"author":{"name":"Beno\u00eet Guillon","@id":"https:\/\/www.meslibellules.fr\/blog\/#\/schema\/person\/9aa3586f9dd053fcf329f43b8b053c77"},"headline":"Drepanoneura muzoni (von Ellerieder &amp; Garrison, 2008)","datePublished":"2024-04-10T19:10:23+00:00","dateModified":"2024-04-10T19:34:33+00:00","mainEntityOfPage":{"@id":"https:\/\/www.meslibellules.fr\/blog\/2024\/04\/10\/drepanoneura-muzoni\/"},"wordCount":684,"commentCount":0,"publisher":{"@id":"https:\/\/www.meslibellules.fr\/blog\/#\/schema\/person\/9aa3586f9dd053fcf329f43b8b053c77"},"image":{"@id":"https:\/\/www.meslibellules.fr\/blog\/2024\/04\/10\/drepanoneura-muzoni\/#primaryimage"},"thumbnailUrl":"https:\/\/www.meslibellules.fr\/blog\/wp-content\/uploads\/Drepanoneura-muzoni-male-1.webp","keywords":["P\u00e9rou","Protoneuridae - P\u00e9rou"],"articleSection":["P\u00e9rou","Protoneuridae"],"inLanguage":"fr-FR","potentialAction":[{"@type":"CommentAction","name":"Comment","target":["https:\/\/www.meslibellules.fr\/blog\/2024\/04\/10\/drepanoneura-muzoni\/#respond"]}]},{"@type":"WebPage","@id":"https:\/\/www.meslibellules.fr\/blog\/2024\/04\/10\/drepanoneura-muzoni\/","url":"https:\/\/www.meslibellules.fr\/blog\/2024\/04\/10\/drepanoneura-muzoni\/","name":"Drepanoneura muzoni - Mes Libellules","isPartOf":{"@id":"https:\/\/www.meslibellules.fr\/blog\/#website"},"primaryImageOfPage":{"@id":"https:\/\/www.meslibellules.fr\/blog\/2024\/04\/10\/drepanoneura-muzoni\/#primaryimage"},"image":{"@id":"https:\/\/www.meslibellules.fr\/blog\/2024\/04\/10\/drepanoneura-muzoni\/#primaryimage"},"thumbnailUrl":"https:\/\/www.meslibellules.fr\/blog\/wp-content\/uploads\/Drepanoneura-muzoni-male-1.webp","datePublished":"2024-04-10T19:10:23+00:00","dateModified":"2024-04-10T19:34:33+00:00","description":"Drepanoneura muzoni m\u00e2le et femelle au P\u00e9rou, description, identification, taille, habitat, distribution g\u00e9ographique, \u00e9tymologie","breadcrumb":{"@id":"https:\/\/www.meslibellules.fr\/blog\/2024\/04\/10\/drepanoneura-muzoni\/#breadcrumb"},"inLanguage":"fr-FR","potentialAction":[{"@type":"ReadAction","target":["https:\/\/www.meslibellules.fr\/blog\/2024\/04\/10\/drepanoneura-muzoni\/"]}]},{"@type":"ImageObject","inLanguage":"fr-FR","@id":"https:\/\/www.meslibellules.fr\/blog\/2024\/04\/10\/drepanoneura-muzoni\/#primaryimage","url":"https:\/\/www.meslibellules.fr\/blog\/wp-content\/uploads\/Drepanoneura-muzoni-male-1.webp","contentUrl":"https:\/\/www.meslibellules.fr\/blog\/wp-content\/uploads\/Drepanoneura-muzoni-male-1.webp","width":2206,"height":1204,"caption":"Drepanoneura muzoni m\u00e2le, P\u00e9rou, San Pedro (Chino), 24\/08\/2023"},{"@type":"BreadcrumbList","@id":"https:\/\/www.meslibellules.fr\/blog\/2024\/04\/10\/drepanoneura-muzoni\/#breadcrumb","itemListElement":[{"@type":"ListItem","position":1,"name":"Accueil","item":"https:\/\/www.meslibellules.fr\/blog\/"},{"@type":"ListItem","position":2,"name":"Drepanoneura muzoni (von Ellerieder &amp; Garrison, 2008)"}]},{"@type":"WebSite","@id":"https:\/\/www.meslibellules.fr\/blog\/#website","url":"https:\/\/www.meslibellules.fr\/blog\/","name":"Mes Libellules","description":"Pr\u00e9sentation des libellules rencontr\u00e9es dans le monde","publisher":{"@id":"https:\/\/www.meslibellules.fr\/blog\/#\/schema\/person\/9aa3586f9dd053fcf329f43b8b053c77"},"potentialAction":[{"@type":"SearchAction","target":{"@type":"EntryPoint","urlTemplate":"https:\/\/www.meslibellules.fr\/blog\/?s={search_term_string}"},"query-input":{"@type":"PropertyValueSpecification","valueRequired":true,"valueName":"search_term_string"}}],"inLanguage":"fr-FR"},{"@type":["Person","Organization"],"@id":"https:\/\/www.meslibellules.fr\/blog\/#\/schema\/person\/9aa3586f9dd053fcf329f43b8b053c77","name":"Beno\u00eet Guillon","image":{"@type":"ImageObject","inLanguage":"fr-FR","@id":"https:\/\/www.meslibellules.fr\/blog\/wp-content\/uploads\/cropped-avatar-150-pix.jpg","url":"https:\/\/www.meslibellules.fr\/blog\/wp-content\/uploads\/cropped-avatar-150-pix.jpg","contentUrl":"https:\/\/www.meslibellules.fr\/blog\/wp-content\/uploads\/cropped-avatar-150-pix.jpg","width":150,"height":137,"caption":"Beno\u00eet Guillon"},"logo":{"@id":"https:\/\/www.meslibellules.fr\/blog\/wp-content\/uploads\/cropped-avatar-150-pix.jpg"},"sameAs":["https:\/\/www.facebook.com\/benoit.guillon.96\/"]}]}},"_links":{"self":[{"href":"https:\/\/www.meslibellules.fr\/blog\/wp-json\/wp\/v2\/posts\/19220","targetHints":{"allow":["GET"]}}],"collection":[{"href":"https:\/\/www.meslibellules.fr\/blog\/wp-json\/wp\/v2\/posts"}],"about":[{"href":"https:\/\/www.meslibellules.fr\/blog\/wp-json\/wp\/v2\/types\/post"}],"author":[{"embeddable":true,"href":"https:\/\/www.meslibellules.fr\/blog\/wp-json\/wp\/v2\/users\/1"}],"replies":[{"embeddable":true,"href":"https:\/\/www.meslibellules.fr\/blog\/wp-json\/wp\/v2\/comments?post=19220"}],"version-history":[{"count":0,"href":"https:\/\/www.meslibellules.fr\/blog\/wp-json\/wp\/v2\/posts\/19220\/revisions"}],"wp:attachment":[{"href":"https:\/\/www.meslibellules.fr\/blog\/wp-json\/wp\/v2\/media?parent=19220"}],"wp:term":[{"taxonomy":"category","embeddable":true,"href":"https:\/\/www.meslibellules.fr\/blog\/wp-json\/wp\/v2\/categories?post=19220"},{"taxonomy":"post_tag","embeddable":true,"href":"https:\/\/www.meslibellules.fr\/blog\/wp-json\/wp\/v2\/tags?post=19220"}],"curies":[{"name":"wp","href":"https:\/\/api.w.org\/{rel}","templated":true}]}}