{"id":19380,"date":"2024-04-21T04:51:49","date_gmt":"2024-04-21T02:51:49","guid":{"rendered":"https:\/\/www.meslibellules.fr\/blog\/?p=19380"},"modified":"2024-10-20T08:15:04","modified_gmt":"2024-10-20T06:15:04","slug":"orthemis-cultriformis","status":"publish","type":"post","link":"https:\/\/www.meslibellules.fr\/blog\/2024\/04\/21\/orthemis-cultriformis\/","title":{"rendered":"Br\u00e9sil &#8211; Orthemis cultriformis (Calvert, 1899)"},"content":{"rendered":"\n<figure class=\"wp-block-image aligncenter size-full is-resized\"><a href=\"https:\/\/www.meslibellules.fr\/blog\/wp-content\/uploads\/Orthemis-cultriformis-male-4.webp\"><img decoding=\"async\" width=\"1289\" height=\"1204\" data-src=\"https:\/\/www.meslibellules.fr\/blog\/wp-content\/uploads\/Orthemis-cultriformis-male-4.webp\" alt=\"Orthemis cultriformis m\u00e2le, Br\u00e9sil, Regua, Wecchy Area, 07\/01\/2015\" class=\"wp-image-19379 lazyload\" style=\"--smush-placeholder-width: 1289px; --smush-placeholder-aspect-ratio: 1289\/1204;width:475px;height:auto\" data-srcset=\"https:\/\/www.meslibellules.fr\/blog\/wp-content\/uploads\/Orthemis-cultriformis-male-4.webp 1289w, https:\/\/www.meslibellules.fr\/blog\/wp-content\/uploads\/Orthemis-cultriformis-male-4-768x717.webp 768w\" data-sizes=\"(max-width: 1289px) 100vw, 1289px\" src=\"data:image\/svg+xml;base64,PHN2ZyB3aWR0aD0iMSIgaGVpZ2h0PSIxIiB4bWxucz0iaHR0cDovL3d3dy53My5vcmcvMjAwMC9zdmciPjwvc3ZnPg==\" \/><\/a><figcaption class=\"wp-element-caption\">Orthemis cultriformis m\u00e2le, Br\u00e9sil, Regua, Wecchy Area, 07\/01\/2015<\/figcaption><\/figure>\n\n\n\n<p>J&rsquo;avais d\u00e9j\u00e0 rencontr\u00e9 Orthemis cultriformis <a href=\"https:\/\/www.meslibellules.fr\/voyages\/panama\/orthemis-cultriformis\/orthemis-cultriformis.php\">au Panama<\/a>, je l&rsquo;apercevrai plus tard au <a href=\"https:\/\/www.meslibellules.fr\/blog\/2024\/04\/22\/orthemis-cultriformis-male\/\">P\u00e9rou<\/a>. <br>Sur une telle photo, il est impossible de le confondre avec une autre esp\u00e8ce ; son front porte une tache sombre m\u00e9tallique, son thorax est couvert d&rsquo;une pruine bleut\u00e9e, barr\u00e9 lat\u00e9ralement d&rsquo;une bande claire. Une zone claire entre les deux ailes se poursuit sur les premiers segments de l&rsquo;abdomen qui porte \u00e9galement des traits jaunes lat\u00e9ralement. L&rsquo;abdomen est globalement rouge marqu\u00e9 d&rsquo;un anneau noir \u00e0 chaque segment, les derniers \u00e9l\u00e9ments et les appendices anaux sont noirs.<br>Sur une photo de profil, et chez les sujets \u00e2g\u00e9s, on peut le confondre avec O. attenuata, car lorsqu&rsquo;ils vieillissent tous les 2, leurs bandes thoraciques lat\u00e9rales s&rsquo;att\u00e9nuent et peuvent dispara\u00eetre. Mais l&rsquo;abdomen de ce dernier est beaucoup plus sombre, moins color\u00e9.<\/p>\n\n\n\n<figure class=\"wp-block-image aligncenter size-full is-resized\"><a href=\"https:\/\/www.meslibellules.fr\/blog\/wp-content\/uploads\/Orthemis-cultriformis-male-2.webp\"><img decoding=\"async\" width=\"1395\" height=\"1204\" data-src=\"https:\/\/www.meslibellules.fr\/blog\/wp-content\/uploads\/Orthemis-cultriformis-male-2.webp\" alt=\"Orthemis cultriformis m\u00e2le, Br\u00e9sil, Regua, Forest Fragment, 06\/01\/2015\" class=\"wp-image-19377 lazyload\" style=\"--smush-placeholder-width: 1395px; --smush-placeholder-aspect-ratio: 1395\/1204;width:542px;height:auto\" data-srcset=\"https:\/\/www.meslibellules.fr\/blog\/wp-content\/uploads\/Orthemis-cultriformis-male-2.webp 1395w, https:\/\/www.meslibellules.fr\/blog\/wp-content\/uploads\/Orthemis-cultriformis-male-2-768x663.webp 768w\" data-sizes=\"(max-width: 1395px) 100vw, 1395px\" src=\"data:image\/svg+xml;base64,PHN2ZyB3aWR0aD0iMSIgaGVpZ2h0PSIxIiB4bWxucz0iaHR0cDovL3d3dy53My5vcmcvMjAwMC9zdmciPjwvc3ZnPg==\" \/><\/a><figcaption class=\"wp-element-caption\">Orthemis cultriformis m\u00e2le, Br\u00e9sil, Regua, Forest Fragment, 06\/01\/2015<\/figcaption><\/figure>\n\n\n\n<p>Il mesure environ 45 mm avec une aile post\u00e9rieure de 36 mm.<br>Il se pla\u00eet sur les mares et marais forestiers, les ruisseaux et s&rsquo;aventure rarement en dehors des for\u00eats. Le premier sujet a \u00e9t\u00e9 rencontr\u00e9 pr\u00e8s d&rsquo;un \u00e9tang, en franchissant sur un tronc d&rsquo;arbre, le ruisseau qui l&rsquo;alimentait ; j&rsquo;ai d\u00fb le d\u00e9ranger sans le voir et il est venu bri\u00e8vement se poser \u00e0 1 m\u00e8tre devant moi.<br>Orthemis cultriformis se perche en hauteur, mais s&rsquo;aventure au-dessus de l&rsquo;eau, s&rsquo;arr\u00eatant fr\u00e9quemment en vol stationnaire.<\/p>\n\n\n\n<figure class=\"wp-block-image aligncenter size-full is-resized\"><a href=\"https:\/\/www.meslibellules.fr\/blog\/wp-content\/uploads\/Orthemis-cultriformis-male-1.webp\"><img decoding=\"async\" width=\"1304\" height=\"1204\" data-src=\"https:\/\/www.meslibellules.fr\/blog\/wp-content\/uploads\/Orthemis-cultriformis-male-1.webp\" alt=\"Orthemis cultriformis m\u00e2le, Br\u00e9sil, Regua, Forest Fragment, 06\/01\/2015\" class=\"wp-image-19376 lazyload\" style=\"--smush-placeholder-width: 1304px; --smush-placeholder-aspect-ratio: 1304\/1204;width:517px;height:auto\" data-srcset=\"https:\/\/www.meslibellules.fr\/blog\/wp-content\/uploads\/Orthemis-cultriformis-male-1.webp 1304w, https:\/\/www.meslibellules.fr\/blog\/wp-content\/uploads\/Orthemis-cultriformis-male-1-768x709.webp 768w\" data-sizes=\"(max-width: 1304px) 100vw, 1304px\" src=\"data:image\/svg+xml;base64,PHN2ZyB3aWR0aD0iMSIgaGVpZ2h0PSIxIiB4bWxucz0iaHR0cDovL3d3dy53My5vcmcvMjAwMC9zdmciPjwvc3ZnPg==\" \/><\/a><figcaption class=\"wp-element-caption\">Orthemis cultriformis m\u00e2le, Br\u00e9sil, Regua, Forest Fragment, 06\/01\/2015<\/figcaption><\/figure>\n\n\n\n<p>C&rsquo;est un odonate assez commun que l&rsquo;on rencontre du Costa Rica, au Paraguay et au nord de l&rsquo;Argentine (1)<br><a href=\"https:\/\/www.iucnredlist.org\/species\/49254489\/49256101\">IUCN Red List<\/a><\/p>\n\n\n\n<figure class=\"wp-block-image aligncenter size-full is-resized\"><a href=\"https:\/\/www.meslibellules.fr\/blog\/wp-content\/uploads\/Orthemis-cultriformis-male-3.webp\"><img decoding=\"async\" width=\"1522\" height=\"1204\" data-src=\"https:\/\/www.meslibellules.fr\/blog\/wp-content\/uploads\/Orthemis-cultriformis-male-3.webp\" alt=\"Orthemis cultriformis m\u00e2le, Br\u00e9sil, Regua, Forest Fragment, 06\/01\/2015\" class=\"wp-image-19378 lazyload\" style=\"--smush-placeholder-width: 1522px; --smush-placeholder-aspect-ratio: 1522\/1204;width:523px;height:auto\" data-srcset=\"https:\/\/www.meslibellules.fr\/blog\/wp-content\/uploads\/Orthemis-cultriformis-male-3.webp 1522w, https:\/\/www.meslibellules.fr\/blog\/wp-content\/uploads\/Orthemis-cultriformis-male-3-768x608.webp 768w\" data-sizes=\"(max-width: 1522px) 100vw, 1522px\" src=\"data:image\/svg+xml;base64,PHN2ZyB3aWR0aD0iMSIgaGVpZ2h0PSIxIiB4bWxucz0iaHR0cDovL3d3dy53My5vcmcvMjAwMC9zdmciPjwvc3ZnPg==\" \/><\/a><figcaption class=\"wp-element-caption\">Orthemis cultriformis m\u00e2le, Br\u00e9sil, Regua, Forest Fragment, 06\/01\/2015<\/figcaption><\/figure>\n\n\n\n<p><span style=\"text-decoration: underline;\"><strong>\u00c9tymologie<\/strong><\/span><br \/><strong>Orthemis<\/strong>, du grec\u00a0<em>ortho<\/em>, \u2013<em>droit<\/em> et de Themis, la d\u00e9esse de L\u2019Ordre et de la Justice, souvent utilis\u00e9 pour nommer des Libellulidae, par imitation de ce que faisaient les anciens en utilisant des noms issus de la mythologie. On lit dans Hagen (1861) qui a cr\u00e9\u00e9 le genre : \u00ab\u00a0Le premier secteur du triangle rectiligne\u00a0\u00bb, une caract\u00e9ristique du genre.<br \/><strong>Cultriformis, <\/strong>du latin <em>culter<\/em>, &#8211;<em>couteau<\/em> et <em>formo<\/em>, pour <em>former. <\/em>C&rsquo;est Hagen qui a le premier signal\u00e9 ce<em> Lepthemis cultriformis, <\/em>sans en faire la description, et je ne parviens pas \u00e0 trouver \u00e0 quelle partie de l&rsquo;insecte se rapporte cette forme en couteau.<i> <\/i>Si un lecteur peut m&rsquo;aider, sans doute son abdomen tr\u00e8s fin&#8230;<\/p>\n\n\n\n<div style=\"height:39px\" aria-hidden=\"true\" class=\"wp-block-spacer\"><\/div>\n\n\n\n<p style=\"font-size:13px\">1-&nbsp;<a href=\"https:\/\/www.researchgate.net\/publication\/261948224_The_levis-group_of_Orthemis_revisited_A_synopsis_including_a_synonymy_and_description_of_six_new_species_of_Orthemis_from_South_America_Odonata_Libellulidae\">The levis group of Orthemis revisited: a synopsis including a synonymy and description of six new species of Orthemis from<br>South America (Odonata: Libellulidae)<\/a>, Natalia von Ellenrieder, International Journal of Odonatology, Vol. 15, No. 3, September 2012, 115\u2013207.<\/p>\n\n\n\n<div style=\"height:32px\" aria-hidden=\"true\" class=\"wp-block-spacer\"><\/div>\n\n\n\n<div class=\"wp-block-buttons is-layout-flex wp-block-buttons-is-layout-flex\">\n<div class=\"wp-block-button\"><a class=\"wp-block-button__link wp-element-button\" href=\"https:\/\/www.meslibellules.fr\/blog\/odonates-du-perou-peruvian-odonates\/\">Accueil P\u00e9rou<\/a><\/div>\n<\/div>\n\n\n\n<p><\/p>\n","protected":false},"excerpt":{"rendered":"<p>J&rsquo;avais d\u00e9j\u00e0 rencontr\u00e9 Orthemis cultriformis au Panama, je l&rsquo;apercevrai plus tard au P\u00e9rou. Sur une telle photo, il est impossible de le confondre avec une autre esp\u00e8ce ; son front porte une tache sombre m\u00e9tallique, son thorax est couvert d&rsquo;une pruine bleut\u00e9e, barr\u00e9 lat\u00e9ralement d&rsquo;une bande claire. Une zone claire entre les deux ailes se [&hellip;]<\/p>\n","protected":false},"author":1,"featured_media":0,"comment_status":"open","ping_status":"open","sticky":false,"template":"","format":"image","meta":{"site-sidebar-layout":"default","site-content-layout":"","ast-site-content-layout":"default","site-content-style":"default","site-sidebar-style":"default","ast-global-header-display":"","ast-banner-title-visibility":"","ast-main-header-display":"","ast-hfb-above-header-display":"","ast-hfb-below-header-display":"","ast-hfb-mobile-header-display":"","site-post-title":"","ast-breadcrumbs-content":"","ast-featured-img":"","footer-sml-layout":"","ast-disable-related-posts":"","theme-transparent-header-meta":"","adv-header-id-meta":"","stick-header-meta":"","header-above-stick-meta":"","header-main-stick-meta":"","header-below-stick-meta":"","astra-migrate-meta-layouts":"set","ast-page-background-enabled":"default","ast-page-background-meta":{"desktop":{"background-color":"var(--ast-global-color-4)","background-image":"","background-repeat":"repeat","background-position":"center center","background-size":"auto","background-attachment":"scroll","background-type":"","background-media":"","overlay-type":"","overlay-color":"","overlay-opacity":"","overlay-gradient":""},"tablet":{"background-color":"","background-image":"","background-repeat":"repeat","background-position":"center center","background-size":"auto","background-attachment":"scroll","background-type":"","background-media":"","overlay-type":"","overlay-color":"","overlay-opacity":"","overlay-gradient":""},"mobile":{"background-color":"","background-image":"","background-repeat":"repeat","background-position":"center center","background-size":"auto","background-attachment":"scroll","background-type":"","background-media":"","overlay-type":"","overlay-color":"","overlay-opacity":"","overlay-gradient":""}},"ast-content-background-meta":{"desktop":{"background-color":"var(--ast-global-color-5)","background-image":"","background-repeat":"repeat","background-position":"center center","background-size":"auto","background-attachment":"scroll","background-type":"","background-media":"","overlay-type":"","overlay-color":"","overlay-opacity":"","overlay-gradient":""},"tablet":{"background-color":"var(--ast-global-color-5)","background-image":"","background-repeat":"repeat","background-position":"center center","background-size":"auto","background-attachment":"scroll","background-type":"","background-media":"","overlay-type":"","overlay-color":"","overlay-opacity":"","overlay-gradient":""},"mobile":{"background-color":"var(--ast-global-color-5)","background-image":"","background-repeat":"repeat","background-position":"center center","background-size":"auto","background-attachment":"scroll","background-type":"","background-media":"","overlay-type":"","overlay-color":"","overlay-opacity":"","overlay-gradient":""}},"footnotes":""},"categories":[1304,1303],"tags":[1306,1305],"class_list":["post-19380","post","type-post","status-publish","format-image","hentry","category-libellulidae-perou-2","category-perou","tag-libellulidae-perou","tag-perou","post_format-post-format-image"],"yoast_head":"<!-- This site is optimized with the Yoast SEO plugin v27.4 - https:\/\/yoast.com\/product\/yoast-seo-wordpress\/ -->\n<title>Orthemis cultriformis - Mes Libellules<\/title>\n<meta name=\"description\" content=\"Orthemis cultriformis m\u00e2le au Br\u00e9sil, description, identification, taille, habitat, distribution g\u00e9ographique, \u00e9tymologie\" \/>\n<meta name=\"robots\" content=\"index, follow, max-snippet:-1, max-image-preview:large, max-video-preview:-1\" \/>\n<link rel=\"canonical\" href=\"https:\/\/www.meslibellules.fr\/blog\/2024\/04\/21\/orthemis-cultriformis\/\" \/>\n<meta property=\"og:locale\" content=\"fr_FR\" \/>\n<meta property=\"og:type\" content=\"article\" \/>\n<meta property=\"og:title\" content=\"Orthemis cultriformis - Mes Libellules\" \/>\n<meta property=\"og:description\" content=\"Orthemis cultriformis m\u00e2le au Br\u00e9sil, description, identification, taille, habitat, distribution g\u00e9ographique, \u00e9tymologie\" \/>\n<meta property=\"og:url\" content=\"https:\/\/www.meslibellules.fr\/blog\/2024\/04\/21\/orthemis-cultriformis\/\" \/>\n<meta property=\"og:site_name\" content=\"Mes Libellules\" \/>\n<meta property=\"article:publisher\" content=\"https:\/\/www.facebook.com\/benoit.guillon.96\/\" \/>\n<meta property=\"article:author\" content=\"https:\/\/www.facebook.com\/benoit.guillon.96\/\" \/>\n<meta property=\"article:published_time\" content=\"2024-04-21T02:51:49+00:00\" \/>\n<meta property=\"article:modified_time\" content=\"2024-10-20T06:15:04+00:00\" \/>\n<meta property=\"og:image\" content=\"https:\/\/www.meslibellules.fr\/blog\/wp-content\/uploads\/Orthemis-cultriformis-male-4.webp\" \/>\n\t<meta property=\"og:image:width\" content=\"1289\" \/>\n\t<meta property=\"og:image:height\" content=\"1204\" \/>\n\t<meta property=\"og:image:type\" content=\"image\/webp\" \/>\n<meta name=\"author\" content=\"Beno\u00eet Guillon\" \/>\n<meta name=\"twitter:card\" content=\"summary_large_image\" \/>\n<meta name=\"twitter:label1\" content=\"\u00c9crit par\" \/>\n\t<meta name=\"twitter:data1\" content=\"Beno\u00eet Guillon\" \/>\n\t<meta name=\"twitter:label2\" content=\"Dur\u00e9e de lecture estim\u00e9e\" \/>\n\t<meta name=\"twitter:data2\" content=\"3 minutes\" \/>\n<script type=\"application\/ld+json\" class=\"yoast-schema-graph\">{\"@context\":\"https:\\\/\\\/schema.org\",\"@graph\":[{\"@type\":\"Article\",\"@id\":\"https:\\\/\\\/www.meslibellules.fr\\\/blog\\\/2024\\\/04\\\/21\\\/orthemis-cultriformis\\\/#article\",\"isPartOf\":{\"@id\":\"https:\\\/\\\/www.meslibellules.fr\\\/blog\\\/2024\\\/04\\\/21\\\/orthemis-cultriformis\\\/\"},\"author\":{\"name\":\"Beno\u00eet Guillon\",\"@id\":\"https:\\\/\\\/www.meslibellules.fr\\\/blog\\\/#\\\/schema\\\/person\\\/9aa3586f9dd053fcf329f43b8b053c77\"},\"headline\":\"Br\u00e9sil &#8211; Orthemis cultriformis (Calvert, 1899)\",\"datePublished\":\"2024-04-21T02:51:49+00:00\",\"dateModified\":\"2024-10-20T06:15:04+00:00\",\"mainEntityOfPage\":{\"@id\":\"https:\\\/\\\/www.meslibellules.fr\\\/blog\\\/2024\\\/04\\\/21\\\/orthemis-cultriformis\\\/\"},\"wordCount\":464,\"commentCount\":0,\"publisher\":{\"@id\":\"https:\\\/\\\/www.meslibellules.fr\\\/blog\\\/#\\\/schema\\\/person\\\/9aa3586f9dd053fcf329f43b8b053c77\"},\"image\":{\"@id\":\"https:\\\/\\\/www.meslibellules.fr\\\/blog\\\/2024\\\/04\\\/21\\\/orthemis-cultriformis\\\/#primaryimage\"},\"thumbnailUrl\":\"https:\\\/\\\/www.meslibellules.fr\\\/blog\\\/wp-content\\\/uploads\\\/Orthemis-cultriformis-male-4.webp\",\"keywords\":[\"Libellulidae - P\u00e9rou\",\"P\u00e9rou\"],\"articleSection\":[\"Libellulidae\",\"P\u00e9rou\"],\"inLanguage\":\"fr-FR\",\"potentialAction\":[{\"@type\":\"CommentAction\",\"name\":\"Comment\",\"target\":[\"https:\\\/\\\/www.meslibellules.fr\\\/blog\\\/2024\\\/04\\\/21\\\/orthemis-cultriformis\\\/#respond\"]}]},{\"@type\":\"WebPage\",\"@id\":\"https:\\\/\\\/www.meslibellules.fr\\\/blog\\\/2024\\\/04\\\/21\\\/orthemis-cultriformis\\\/\",\"url\":\"https:\\\/\\\/www.meslibellules.fr\\\/blog\\\/2024\\\/04\\\/21\\\/orthemis-cultriformis\\\/\",\"name\":\"Orthemis cultriformis - Mes Libellules\",\"isPartOf\":{\"@id\":\"https:\\\/\\\/www.meslibellules.fr\\\/blog\\\/#website\"},\"primaryImageOfPage\":{\"@id\":\"https:\\\/\\\/www.meslibellules.fr\\\/blog\\\/2024\\\/04\\\/21\\\/orthemis-cultriformis\\\/#primaryimage\"},\"image\":{\"@id\":\"https:\\\/\\\/www.meslibellules.fr\\\/blog\\\/2024\\\/04\\\/21\\\/orthemis-cultriformis\\\/#primaryimage\"},\"thumbnailUrl\":\"https:\\\/\\\/www.meslibellules.fr\\\/blog\\\/wp-content\\\/uploads\\\/Orthemis-cultriformis-male-4.webp\",\"datePublished\":\"2024-04-21T02:51:49+00:00\",\"dateModified\":\"2024-10-20T06:15:04+00:00\",\"description\":\"Orthemis cultriformis m\u00e2le au Br\u00e9sil, description, identification, taille, habitat, distribution g\u00e9ographique, \u00e9tymologie\",\"breadcrumb\":{\"@id\":\"https:\\\/\\\/www.meslibellules.fr\\\/blog\\\/2024\\\/04\\\/21\\\/orthemis-cultriformis\\\/#breadcrumb\"},\"inLanguage\":\"fr-FR\",\"potentialAction\":[{\"@type\":\"ReadAction\",\"target\":[\"https:\\\/\\\/www.meslibellules.fr\\\/blog\\\/2024\\\/04\\\/21\\\/orthemis-cultriformis\\\/\"]}]},{\"@type\":\"ImageObject\",\"inLanguage\":\"fr-FR\",\"@id\":\"https:\\\/\\\/www.meslibellules.fr\\\/blog\\\/2024\\\/04\\\/21\\\/orthemis-cultriformis\\\/#primaryimage\",\"url\":\"https:\\\/\\\/www.meslibellules.fr\\\/blog\\\/wp-content\\\/uploads\\\/Orthemis-cultriformis-male-4.webp\",\"contentUrl\":\"https:\\\/\\\/www.meslibellules.fr\\\/blog\\\/wp-content\\\/uploads\\\/Orthemis-cultriformis-male-4.webp\",\"width\":1289,\"height\":1204,\"caption\":\"Orthemis cultriformis m\u00e2le, Br\u00e9sil, Regua, Wecchy Area, 07\\\/01\\\/2015\"},{\"@type\":\"BreadcrumbList\",\"@id\":\"https:\\\/\\\/www.meslibellules.fr\\\/blog\\\/2024\\\/04\\\/21\\\/orthemis-cultriformis\\\/#breadcrumb\",\"itemListElement\":[{\"@type\":\"ListItem\",\"position\":1,\"name\":\"Accueil\",\"item\":\"https:\\\/\\\/www.meslibellules.fr\\\/blog\\\/\"},{\"@type\":\"ListItem\",\"position\":2,\"name\":\"Br\u00e9sil &#8211; Orthemis cultriformis (Calvert, 1899)\"}]},{\"@type\":\"WebSite\",\"@id\":\"https:\\\/\\\/www.meslibellules.fr\\\/blog\\\/#website\",\"url\":\"https:\\\/\\\/www.meslibellules.fr\\\/blog\\\/\",\"name\":\"Mes Libellules\",\"description\":\"Pr\u00e9sentation des libellules rencontr\u00e9es dans le monde\",\"publisher\":{\"@id\":\"https:\\\/\\\/www.meslibellules.fr\\\/blog\\\/#\\\/schema\\\/person\\\/9aa3586f9dd053fcf329f43b8b053c77\"},\"potentialAction\":[{\"@type\":\"SearchAction\",\"target\":{\"@type\":\"EntryPoint\",\"urlTemplate\":\"https:\\\/\\\/www.meslibellules.fr\\\/blog\\\/?s={search_term_string}\"},\"query-input\":{\"@type\":\"PropertyValueSpecification\",\"valueRequired\":true,\"valueName\":\"search_term_string\"}}],\"inLanguage\":\"fr-FR\"},{\"@type\":[\"Person\",\"Organization\"],\"@id\":\"https:\\\/\\\/www.meslibellules.fr\\\/blog\\\/#\\\/schema\\\/person\\\/9aa3586f9dd053fcf329f43b8b053c77\",\"name\":\"Beno\u00eet Guillon\",\"image\":{\"@type\":\"ImageObject\",\"inLanguage\":\"fr-FR\",\"@id\":\"https:\\\/\\\/www.meslibellules.fr\\\/blog\\\/wp-content\\\/uploads\\\/cropped-avatar-150-pix.jpg\",\"url\":\"https:\\\/\\\/www.meslibellules.fr\\\/blog\\\/wp-content\\\/uploads\\\/cropped-avatar-150-pix.jpg\",\"contentUrl\":\"https:\\\/\\\/www.meslibellules.fr\\\/blog\\\/wp-content\\\/uploads\\\/cropped-avatar-150-pix.jpg\",\"width\":150,\"height\":137,\"caption\":\"Beno\u00eet Guillon\"},\"logo\":{\"@id\":\"https:\\\/\\\/www.meslibellules.fr\\\/blog\\\/wp-content\\\/uploads\\\/cropped-avatar-150-pix.jpg\"},\"sameAs\":[\"https:\\\/\\\/www.facebook.com\\\/benoit.guillon.96\\\/\"]}]}<\/script>\n<!-- \/ Yoast SEO plugin. -->","yoast_head_json":{"title":"Orthemis cultriformis - Mes Libellules","description":"Orthemis cultriformis m\u00e2le au Br\u00e9sil, description, identification, taille, habitat, distribution g\u00e9ographique, \u00e9tymologie","robots":{"index":"index","follow":"follow","max-snippet":"max-snippet:-1","max-image-preview":"max-image-preview:large","max-video-preview":"max-video-preview:-1"},"canonical":"https:\/\/www.meslibellules.fr\/blog\/2024\/04\/21\/orthemis-cultriformis\/","og_locale":"fr_FR","og_type":"article","og_title":"Orthemis cultriformis - Mes Libellules","og_description":"Orthemis cultriformis m\u00e2le au Br\u00e9sil, description, identification, taille, habitat, distribution g\u00e9ographique, \u00e9tymologie","og_url":"https:\/\/www.meslibellules.fr\/blog\/2024\/04\/21\/orthemis-cultriformis\/","og_site_name":"Mes Libellules","article_publisher":"https:\/\/www.facebook.com\/benoit.guillon.96\/","article_author":"https:\/\/www.facebook.com\/benoit.guillon.96\/","article_published_time":"2024-04-21T02:51:49+00:00","article_modified_time":"2024-10-20T06:15:04+00:00","og_image":[{"width":1289,"height":1204,"url":"https:\/\/www.meslibellules.fr\/blog\/wp-content\/uploads\/Orthemis-cultriformis-male-4.webp","type":"image\/webp"}],"author":"Beno\u00eet Guillon","twitter_card":"summary_large_image","twitter_misc":{"\u00c9crit par":"Beno\u00eet Guillon","Dur\u00e9e de lecture estim\u00e9e":"3 minutes"},"schema":{"@context":"https:\/\/schema.org","@graph":[{"@type":"Article","@id":"https:\/\/www.meslibellules.fr\/blog\/2024\/04\/21\/orthemis-cultriformis\/#article","isPartOf":{"@id":"https:\/\/www.meslibellules.fr\/blog\/2024\/04\/21\/orthemis-cultriformis\/"},"author":{"name":"Beno\u00eet Guillon","@id":"https:\/\/www.meslibellules.fr\/blog\/#\/schema\/person\/9aa3586f9dd053fcf329f43b8b053c77"},"headline":"Br\u00e9sil &#8211; Orthemis cultriformis (Calvert, 1899)","datePublished":"2024-04-21T02:51:49+00:00","dateModified":"2024-10-20T06:15:04+00:00","mainEntityOfPage":{"@id":"https:\/\/www.meslibellules.fr\/blog\/2024\/04\/21\/orthemis-cultriformis\/"},"wordCount":464,"commentCount":0,"publisher":{"@id":"https:\/\/www.meslibellules.fr\/blog\/#\/schema\/person\/9aa3586f9dd053fcf329f43b8b053c77"},"image":{"@id":"https:\/\/www.meslibellules.fr\/blog\/2024\/04\/21\/orthemis-cultriformis\/#primaryimage"},"thumbnailUrl":"https:\/\/www.meslibellules.fr\/blog\/wp-content\/uploads\/Orthemis-cultriformis-male-4.webp","keywords":["Libellulidae - P\u00e9rou","P\u00e9rou"],"articleSection":["Libellulidae","P\u00e9rou"],"inLanguage":"fr-FR","potentialAction":[{"@type":"CommentAction","name":"Comment","target":["https:\/\/www.meslibellules.fr\/blog\/2024\/04\/21\/orthemis-cultriformis\/#respond"]}]},{"@type":"WebPage","@id":"https:\/\/www.meslibellules.fr\/blog\/2024\/04\/21\/orthemis-cultriformis\/","url":"https:\/\/www.meslibellules.fr\/blog\/2024\/04\/21\/orthemis-cultriformis\/","name":"Orthemis cultriformis - Mes Libellules","isPartOf":{"@id":"https:\/\/www.meslibellules.fr\/blog\/#website"},"primaryImageOfPage":{"@id":"https:\/\/www.meslibellules.fr\/blog\/2024\/04\/21\/orthemis-cultriformis\/#primaryimage"},"image":{"@id":"https:\/\/www.meslibellules.fr\/blog\/2024\/04\/21\/orthemis-cultriformis\/#primaryimage"},"thumbnailUrl":"https:\/\/www.meslibellules.fr\/blog\/wp-content\/uploads\/Orthemis-cultriformis-male-4.webp","datePublished":"2024-04-21T02:51:49+00:00","dateModified":"2024-10-20T06:15:04+00:00","description":"Orthemis cultriformis m\u00e2le au Br\u00e9sil, description, identification, taille, habitat, distribution g\u00e9ographique, \u00e9tymologie","breadcrumb":{"@id":"https:\/\/www.meslibellules.fr\/blog\/2024\/04\/21\/orthemis-cultriformis\/#breadcrumb"},"inLanguage":"fr-FR","potentialAction":[{"@type":"ReadAction","target":["https:\/\/www.meslibellules.fr\/blog\/2024\/04\/21\/orthemis-cultriformis\/"]}]},{"@type":"ImageObject","inLanguage":"fr-FR","@id":"https:\/\/www.meslibellules.fr\/blog\/2024\/04\/21\/orthemis-cultriformis\/#primaryimage","url":"https:\/\/www.meslibellules.fr\/blog\/wp-content\/uploads\/Orthemis-cultriformis-male-4.webp","contentUrl":"https:\/\/www.meslibellules.fr\/blog\/wp-content\/uploads\/Orthemis-cultriformis-male-4.webp","width":1289,"height":1204,"caption":"Orthemis cultriformis m\u00e2le, Br\u00e9sil, Regua, Wecchy Area, 07\/01\/2015"},{"@type":"BreadcrumbList","@id":"https:\/\/www.meslibellules.fr\/blog\/2024\/04\/21\/orthemis-cultriformis\/#breadcrumb","itemListElement":[{"@type":"ListItem","position":1,"name":"Accueil","item":"https:\/\/www.meslibellules.fr\/blog\/"},{"@type":"ListItem","position":2,"name":"Br\u00e9sil &#8211; Orthemis cultriformis (Calvert, 1899)"}]},{"@type":"WebSite","@id":"https:\/\/www.meslibellules.fr\/blog\/#website","url":"https:\/\/www.meslibellules.fr\/blog\/","name":"Mes Libellules","description":"Pr\u00e9sentation des libellules rencontr\u00e9es dans le monde","publisher":{"@id":"https:\/\/www.meslibellules.fr\/blog\/#\/schema\/person\/9aa3586f9dd053fcf329f43b8b053c77"},"potentialAction":[{"@type":"SearchAction","target":{"@type":"EntryPoint","urlTemplate":"https:\/\/www.meslibellules.fr\/blog\/?s={search_term_string}"},"query-input":{"@type":"PropertyValueSpecification","valueRequired":true,"valueName":"search_term_string"}}],"inLanguage":"fr-FR"},{"@type":["Person","Organization"],"@id":"https:\/\/www.meslibellules.fr\/blog\/#\/schema\/person\/9aa3586f9dd053fcf329f43b8b053c77","name":"Beno\u00eet Guillon","image":{"@type":"ImageObject","inLanguage":"fr-FR","@id":"https:\/\/www.meslibellules.fr\/blog\/wp-content\/uploads\/cropped-avatar-150-pix.jpg","url":"https:\/\/www.meslibellules.fr\/blog\/wp-content\/uploads\/cropped-avatar-150-pix.jpg","contentUrl":"https:\/\/www.meslibellules.fr\/blog\/wp-content\/uploads\/cropped-avatar-150-pix.jpg","width":150,"height":137,"caption":"Beno\u00eet Guillon"},"logo":{"@id":"https:\/\/www.meslibellules.fr\/blog\/wp-content\/uploads\/cropped-avatar-150-pix.jpg"},"sameAs":["https:\/\/www.facebook.com\/benoit.guillon.96\/"]}]}},"_links":{"self":[{"href":"https:\/\/www.meslibellules.fr\/blog\/wp-json\/wp\/v2\/posts\/19380","targetHints":{"allow":["GET"]}}],"collection":[{"href":"https:\/\/www.meslibellules.fr\/blog\/wp-json\/wp\/v2\/posts"}],"about":[{"href":"https:\/\/www.meslibellules.fr\/blog\/wp-json\/wp\/v2\/types\/post"}],"author":[{"embeddable":true,"href":"https:\/\/www.meslibellules.fr\/blog\/wp-json\/wp\/v2\/users\/1"}],"replies":[{"embeddable":true,"href":"https:\/\/www.meslibellules.fr\/blog\/wp-json\/wp\/v2\/comments?post=19380"}],"version-history":[{"count":0,"href":"https:\/\/www.meslibellules.fr\/blog\/wp-json\/wp\/v2\/posts\/19380\/revisions"}],"wp:attachment":[{"href":"https:\/\/www.meslibellules.fr\/blog\/wp-json\/wp\/v2\/media?parent=19380"}],"wp:term":[{"taxonomy":"category","embeddable":true,"href":"https:\/\/www.meslibellules.fr\/blog\/wp-json\/wp\/v2\/categories?post=19380"},{"taxonomy":"post_tag","embeddable":true,"href":"https:\/\/www.meslibellules.fr\/blog\/wp-json\/wp\/v2\/tags?post=19380"}],"curies":[{"name":"wp","href":"https:\/\/api.w.org\/{rel}","templated":true}]}}