{"id":19524,"date":"2024-04-28T18:33:51","date_gmt":"2024-04-28T16:33:51","guid":{"rendered":"https:\/\/www.meslibellules.fr\/blog\/?p=19524"},"modified":"2024-11-10T07:02:35","modified_gmt":"2024-11-10T06:02:35","slug":"oligoclada-walkeri","status":"publish","type":"post","link":"https:\/\/www.meslibellules.fr\/blog\/2024\/04\/28\/oligoclada-walkeri\/","title":{"rendered":"P\u00e9rou &#8211; Oligoclada walkeri (Geijskes, 1931)"},"content":{"rendered":"\n<figure data-wp-context=\"{&quot;imageId&quot;:&quot;69f2fd20d39fa&quot;}\" data-wp-interactive=\"core\/image\" data-wp-key=\"69f2fd20d39fa\" class=\"wp-block-image aligncenter size-full is-resized wp-lightbox-container\"><img decoding=\"async\" width=\"1896\" height=\"1204\" data-wp-class--hide=\"state.isContentHidden\" data-wp-class--show=\"state.isContentVisible\" data-wp-init=\"callbacks.setButtonStyles\" data-wp-on--click=\"actions.showLightbox\" data-wp-on--load=\"callbacks.setButtonStyles\" data-wp-on-window--resize=\"callbacks.setButtonStyles\" data-src=\"https:\/\/www.meslibellules.fr\/blog\/wp-content\/uploads\/Oligoclada-walkeri-male-1.webp\" alt=\"Oligoclada walkeri m\u00e2le, P\u00e9rou, Arc (Chino), 16\/08\/2023\" class=\"wp-image-19519 lazyload\" style=\"--smush-placeholder-width: 1896px; --smush-placeholder-aspect-ratio: 1896\/1204;width:646px;height:auto\" data-srcset=\"https:\/\/www.meslibellules.fr\/blog\/wp-content\/uploads\/Oligoclada-walkeri-male-1.webp 1896w, https:\/\/www.meslibellules.fr\/blog\/wp-content\/uploads\/Oligoclada-walkeri-male-1-768x488.webp 768w, https:\/\/www.meslibellules.fr\/blog\/wp-content\/uploads\/Oligoclada-walkeri-male-1-1536x975.webp 1536w\" data-sizes=\"(max-width: 1896px) 100vw, 1896px\" src=\"data:image\/svg+xml;base64,PHN2ZyB3aWR0aD0iMSIgaGVpZ2h0PSIxIiB4bWxucz0iaHR0cDovL3d3dy53My5vcmcvMjAwMC9zdmciPjwvc3ZnPg==\" \/><button\n\t\t\tclass=\"lightbox-trigger\"\n\t\t\ttype=\"button\"\n\t\t\taria-haspopup=\"dialog\"\n\t\t\taria-label=\"Agrandir\"\n\t\t\tdata-wp-init=\"callbacks.initTriggerButton\"\n\t\t\tdata-wp-on--click=\"actions.showLightbox\"\n\t\t\tdata-wp-style--right=\"state.imageButtonRight\"\n\t\t\tdata-wp-style--top=\"state.imageButtonTop\"\n\t\t>\n\t\t\t<svg xmlns=\"http:\/\/www.w3.org\/2000\/svg\" width=\"12\" height=\"12\" fill=\"none\" viewBox=\"0 0 12 12\">\n\t\t\t\t<path fill=\"#fff\" d=\"M2 0a2 2 0 0 0-2 2v2h1.5V2a.5.5 0 0 1 .5-.5h2V0H2Zm2 10.5H2a.5.5 0 0 1-.5-.5V8H0v2a2 2 0 0 0 2 2h2v-1.5ZM8 12v-1.5h2a.5.5 0 0 0 .5-.5V8H12v2a2 2 0 0 1-2 2H8Zm2-12a2 2 0 0 1 2 2v2h-1.5V2a.5.5 0 0 0-.5-.5H8V0h2Z\" \/>\n\t\t\t<\/svg>\n\t\t<\/button><figcaption class=\"wp-element-caption\">Oligoclada walkeri m\u00e2le, P\u00e9rou, Arc (Chino), 16\/08\/2023<\/figcaption><\/figure>\n\n\n\n<p>Le genre Oligoclada est tr\u00e8s difficile, mais je suis assez confiant dans l&rsquo;identification de ces Oligoclada walkeri. Il semblerait, dans cette r\u00e9gion en tout cas, que l&rsquo;aspect vert m\u00e9tallique brillant qui appara\u00eet sur le thorax soit un bon indice : \u00ab\u00a0synthorax metallic green blue\u00a0\u00bb \u00e9crit Geijskes dans \u00ab\u00a0A new species of Oligoclada of Trinidad\u00a0\u00bb (1). Il pr\u00e9cise \u00e9galement un d\u00e9tail tr\u00e8s int\u00e9ressant, qui figure \u00e9galement dans la cl\u00e9 de Borror (2), sous la forme d&rsquo;une tr\u00e8s petite marque sombre \u00e0 la base de l&rsquo;aile post\u00e9rieure et ne serait partag\u00e9e qu&rsquo;avec O. abbreviata (dont ce serait l&rsquo;extr\u00eame limite ouest de sa zone de r\u00e9partition&#8230;).<\/p>\n\n\n\n<figure data-wp-context=\"{&quot;imageId&quot;:&quot;69f2fd20d3fdc&quot;}\" data-wp-interactive=\"core\/image\" data-wp-key=\"69f2fd20d3fdc\" class=\"wp-block-image aligncenter size-full is-resized wp-lightbox-container\"><img decoding=\"async\" width=\"880\" height=\"648\" data-wp-class--hide=\"state.isContentHidden\" data-wp-class--show=\"state.isContentVisible\" data-wp-init=\"callbacks.setButtonStyles\" data-wp-on--click=\"actions.showLightbox\" data-wp-on--load=\"callbacks.setButtonStyles\" data-wp-on-window--resize=\"callbacks.setButtonStyles\" data-src=\"https:\/\/www.meslibellules.fr\/blog\/wp-content\/uploads\/Oligoclada-walkeri-male-6bis.webp\" alt=\"Oligoclada walkeri m\u00e2le, P\u00e9rou, ARC (Chino), 20\/08\/2023\" class=\"wp-image-19527 lazyload\" style=\"--smush-placeholder-width: 880px; --smush-placeholder-aspect-ratio: 880\/648;width:480px;height:auto\" data-srcset=\"https:\/\/www.meslibellules.fr\/blog\/wp-content\/uploads\/Oligoclada-walkeri-male-6bis.webp 880w, https:\/\/www.meslibellules.fr\/blog\/wp-content\/uploads\/Oligoclada-walkeri-male-6bis-768x566.webp 768w\" data-sizes=\"(max-width: 880px) 100vw, 880px\" src=\"data:image\/svg+xml;base64,PHN2ZyB3aWR0aD0iMSIgaGVpZ2h0PSIxIiB4bWxucz0iaHR0cDovL3d3dy53My5vcmcvMjAwMC9zdmciPjwvc3ZnPg==\" \/><button\n\t\t\tclass=\"lightbox-trigger\"\n\t\t\ttype=\"button\"\n\t\t\taria-haspopup=\"dialog\"\n\t\t\taria-label=\"Agrandir\"\n\t\t\tdata-wp-init=\"callbacks.initTriggerButton\"\n\t\t\tdata-wp-on--click=\"actions.showLightbox\"\n\t\t\tdata-wp-style--right=\"state.imageButtonRight\"\n\t\t\tdata-wp-style--top=\"state.imageButtonTop\"\n\t\t>\n\t\t\t<svg xmlns=\"http:\/\/www.w3.org\/2000\/svg\" width=\"12\" height=\"12\" fill=\"none\" viewBox=\"0 0 12 12\">\n\t\t\t\t<path fill=\"#fff\" d=\"M2 0a2 2 0 0 0-2 2v2h1.5V2a.5.5 0 0 1 .5-.5h2V0H2Zm2 10.5H2a.5.5 0 0 1-.5-.5V8H0v2a2 2 0 0 0 2 2h2v-1.5ZM8 12v-1.5h2a.5.5 0 0 0 .5-.5V8H12v2a2 2 0 0 1-2 2H8Zm2-12a2 2 0 0 1 2 2v2h-1.5V2a.5.5 0 0 0-.5-.5H8V0h2Z\" \/>\n\t\t\t<\/svg>\n\t\t<\/button><figcaption class=\"wp-element-caption\">Oligoclada walkeri m\u00e2le, P\u00e9rou, ARC (Chino), 20\/08\/2023<\/figcaption><\/figure>\n\n\n\n<p>D&rsquo;autres d\u00e9tails de nervation oriente vers cette esp\u00e8ce et \u00e9limine les deux autres rencontr\u00e9es pendant nos prospections : la derni\u00e8re  nervure ant\u00e9nodale incompl\u00e8te, le triangle de l&rsquo;aile ant\u00e9rieur travers\u00e9 d&rsquo;une nervure et suivi de deux rang\u00e9es de cellules, le nombre de veines ant\u00e9nodales (9 1\/2) et de postnodales (9). Je n&rsquo;ai pas de photo correcte des appendices anaux, ni des <a href=\"https:\/\/meslibellules.fr\/pagesweb\/divers\/glossaire.php\">genitalias<\/a>&#8230;<\/p>\n\n\n\n<figure class=\"wp-block-gallery has-nested-images columns-default is-cropped wp-block-gallery-1 is-layout-flex wp-block-gallery-is-layout-flex\">\n<figure data-wp-context=\"{&quot;imageId&quot;:&quot;69f2fd20d4510&quot;}\" data-wp-interactive=\"core\/image\" data-wp-key=\"69f2fd20d4510\" class=\"wp-block-image size-large wp-lightbox-container\"><img decoding=\"async\" width=\"1603\" height=\"1147\" data-wp-class--hide=\"state.isContentHidden\" data-wp-class--show=\"state.isContentVisible\" data-wp-init=\"callbacks.setButtonStyles\" data-wp-on--click=\"actions.showLightbox\" data-wp-on--load=\"callbacks.setButtonStyles\" data-wp-on-window--resize=\"callbacks.setButtonStyles\" data-id=\"19521\" data-src=\"https:\/\/www.meslibellules.fr\/blog\/wp-content\/uploads\/Oligoclada-walkeri-male-3.webp\" alt=\"Oligoclada walkeri m\u00e2le, P\u00e9rou, Arc (Chino), 20\/08\/2023\" class=\"wp-image-19521 lazyload\" data-srcset=\"https:\/\/www.meslibellules.fr\/blog\/wp-content\/uploads\/Oligoclada-walkeri-male-3.webp 1603w, https:\/\/www.meslibellules.fr\/blog\/wp-content\/uploads\/Oligoclada-walkeri-male-3-768x550.webp 768w, https:\/\/www.meslibellules.fr\/blog\/wp-content\/uploads\/Oligoclada-walkeri-male-3-1536x1099.webp 1536w\" data-sizes=\"(max-width: 1603px) 100vw, 1603px\" src=\"data:image\/svg+xml;base64,PHN2ZyB3aWR0aD0iMSIgaGVpZ2h0PSIxIiB4bWxucz0iaHR0cDovL3d3dy53My5vcmcvMjAwMC9zdmciPjwvc3ZnPg==\" style=\"--smush-placeholder-width: 1603px; --smush-placeholder-aspect-ratio: 1603\/1147;\" \/><button\n\t\t\tclass=\"lightbox-trigger\"\n\t\t\ttype=\"button\"\n\t\t\taria-haspopup=\"dialog\"\n\t\t\taria-label=\"Agrandir\"\n\t\t\tdata-wp-init=\"callbacks.initTriggerButton\"\n\t\t\tdata-wp-on--click=\"actions.showLightbox\"\n\t\t\tdata-wp-style--right=\"state.imageButtonRight\"\n\t\t\tdata-wp-style--top=\"state.imageButtonTop\"\n\t\t>\n\t\t\t<svg xmlns=\"http:\/\/www.w3.org\/2000\/svg\" width=\"12\" height=\"12\" fill=\"none\" viewBox=\"0 0 12 12\">\n\t\t\t\t<path fill=\"#fff\" d=\"M2 0a2 2 0 0 0-2 2v2h1.5V2a.5.5 0 0 1 .5-.5h2V0H2Zm2 10.5H2a.5.5 0 0 1-.5-.5V8H0v2a2 2 0 0 0 2 2h2v-1.5ZM8 12v-1.5h2a.5.5 0 0 0 .5-.5V8H12v2a2 2 0 0 1-2 2H8Zm2-12a2 2 0 0 1 2 2v2h-1.5V2a.5.5 0 0 0-.5-.5H8V0h2Z\" \/>\n\t\t\t<\/svg>\n\t\t<\/button><\/figure>\n\n\n\n<figure data-wp-context=\"{&quot;imageId&quot;:&quot;69f2fd20d4972&quot;}\" data-wp-interactive=\"core\/image\" data-wp-key=\"69f2fd20d4972\" class=\"wp-block-image size-large wp-lightbox-container\"><img decoding=\"async\" width=\"1565\" height=\"1204\" data-wp-class--hide=\"state.isContentHidden\" data-wp-class--show=\"state.isContentVisible\" data-wp-init=\"callbacks.setButtonStyles\" data-wp-on--click=\"actions.showLightbox\" data-wp-on--load=\"callbacks.setButtonStyles\" data-wp-on-window--resize=\"callbacks.setButtonStyles\" data-id=\"19520\" data-src=\"https:\/\/www.meslibellules.fr\/blog\/wp-content\/uploads\/Oligoclada-walkeri-male-2.webp\" alt=\"Oligoclada walkeri m\u00e2le, P\u00e9rou, Arc (Chino), 20\/08\/2023\" class=\"wp-image-19520 lazyload\" data-srcset=\"https:\/\/www.meslibellules.fr\/blog\/wp-content\/uploads\/Oligoclada-walkeri-male-2.webp 1565w, https:\/\/www.meslibellules.fr\/blog\/wp-content\/uploads\/Oligoclada-walkeri-male-2-768x591.webp 768w, https:\/\/www.meslibellules.fr\/blog\/wp-content\/uploads\/Oligoclada-walkeri-male-2-1536x1182.webp 1536w\" data-sizes=\"(max-width: 1565px) 100vw, 1565px\" src=\"data:image\/svg+xml;base64,PHN2ZyB3aWR0aD0iMSIgaGVpZ2h0PSIxIiB4bWxucz0iaHR0cDovL3d3dy53My5vcmcvMjAwMC9zdmciPjwvc3ZnPg==\" style=\"--smush-placeholder-width: 1565px; --smush-placeholder-aspect-ratio: 1565\/1204;\" \/><button\n\t\t\tclass=\"lightbox-trigger\"\n\t\t\ttype=\"button\"\n\t\t\taria-haspopup=\"dialog\"\n\t\t\taria-label=\"Agrandir\"\n\t\t\tdata-wp-init=\"callbacks.initTriggerButton\"\n\t\t\tdata-wp-on--click=\"actions.showLightbox\"\n\t\t\tdata-wp-style--right=\"state.imageButtonRight\"\n\t\t\tdata-wp-style--top=\"state.imageButtonTop\"\n\t\t>\n\t\t\t<svg xmlns=\"http:\/\/www.w3.org\/2000\/svg\" width=\"12\" height=\"12\" fill=\"none\" viewBox=\"0 0 12 12\">\n\t\t\t\t<path fill=\"#fff\" d=\"M2 0a2 2 0 0 0-2 2v2h1.5V2a.5.5 0 0 1 .5-.5h2V0H2Zm2 10.5H2a.5.5 0 0 1-.5-.5V8H0v2a2 2 0 0 0 2 2h2v-1.5ZM8 12v-1.5h2a.5.5 0 0 0 .5-.5V8H12v2a2 2 0 0 1-2 2H8Zm2-12a2 2 0 0 1 2 2v2h-1.5V2a.5.5 0 0 0-.5-.5H8V0h2Z\" \/>\n\t\t\t<\/svg>\n\t\t<\/button><\/figure>\n<figcaption class=\"blocks-gallery-caption wp-element-caption\">Oligoclada walkeri m\u00e2le, P\u00e9rou, Arc (Chino), 20\/08\/2023<\/figcaption><\/figure>\n\n\n\n<p>Selon Geijskes l&rsquo;abdomen mesure 17 mm, l&rsquo;insecte aurait une longueur totale d&rsquo;\u00e0 peine 27 mm.<br>Parmi plusieurs rencontres, nous l&rsquo;avons contact\u00e9 en compagnie de Mnesarete sp. sur un ruisseau forestier, Culpuayo creek. Nous y avons d&rsquo;ailleurs observ\u00e9 une extraordinaire anguille \u00e9lectrique, d&rsquo;environ 1,5 m et d&rsquo;aspect tout \u00e0 fait pr\u00e9historique, <a href=\"https:\/\/www.meslibellules.fr\/blog\/wp-content\/uploads\/electrophorus-varii.webp\">Electrophorus varii<\/a>. Mais nous l&rsquo;avons aussi photographi\u00e9 au bord d&rsquo;un lac, peut-\u00eatre l\u00e0 o\u00f9 se jette, \u00e0 la saison des pluies, un petit ruisseau.<br>On notera que les ponts locaux sont assez sportifs ; on ne risque pas grand-chose \u00e0 tomber dans l&rsquo;eau (sauf pr\u00e9sence d&rsquo;une anguille \u00e9lectrique !) mais on est toujours inquiet pour le mat\u00e9riel photo.<\/p>\n\n\n\n<figure data-wp-context=\"{&quot;imageId&quot;:&quot;69f2fd20d5753&quot;}\" data-wp-interactive=\"core\/image\" data-wp-key=\"69f2fd20d5753\" class=\"wp-block-image aligncenter size-full is-resized wp-lightbox-container\"><img decoding=\"async\" width=\"2473\" height=\"1204\" data-wp-class--hide=\"state.isContentHidden\" data-wp-class--show=\"state.isContentVisible\" data-wp-init=\"callbacks.setButtonStyles\" data-wp-on--click=\"actions.showLightbox\" data-wp-on--load=\"callbacks.setButtonStyles\" data-wp-on-window--resize=\"callbacks.setButtonStyles\" data-src=\"https:\/\/www.meslibellules.fr\/blog\/wp-content\/uploads\/16-08-2023-12-h-15.webp\" alt=\"Biotope, P\u00e9rou, ARC (Chino), 16\/08\/2023\" class=\"wp-image-19528 lazyload\" style=\"--smush-placeholder-width: 2473px; --smush-placeholder-aspect-ratio: 2473\/1204;width:678px;height:auto\" data-srcset=\"https:\/\/www.meslibellules.fr\/blog\/wp-content\/uploads\/16-08-2023-12-h-15.webp 2473w, https:\/\/www.meslibellules.fr\/blog\/wp-content\/uploads\/16-08-2023-12-h-15-768x374.webp 768w, https:\/\/www.meslibellules.fr\/blog\/wp-content\/uploads\/16-08-2023-12-h-15-1536x748.webp 1536w, https:\/\/www.meslibellules.fr\/blog\/wp-content\/uploads\/16-08-2023-12-h-15-2048x997.webp 2048w\" data-sizes=\"(max-width: 2473px) 100vw, 2473px\" src=\"data:image\/svg+xml;base64,PHN2ZyB3aWR0aD0iMSIgaGVpZ2h0PSIxIiB4bWxucz0iaHR0cDovL3d3dy53My5vcmcvMjAwMC9zdmciPjwvc3ZnPg==\" \/><button\n\t\t\tclass=\"lightbox-trigger\"\n\t\t\ttype=\"button\"\n\t\t\taria-haspopup=\"dialog\"\n\t\t\taria-label=\"Agrandir\"\n\t\t\tdata-wp-init=\"callbacks.initTriggerButton\"\n\t\t\tdata-wp-on--click=\"actions.showLightbox\"\n\t\t\tdata-wp-style--right=\"state.imageButtonRight\"\n\t\t\tdata-wp-style--top=\"state.imageButtonTop\"\n\t\t>\n\t\t\t<svg xmlns=\"http:\/\/www.w3.org\/2000\/svg\" width=\"12\" height=\"12\" fill=\"none\" viewBox=\"0 0 12 12\">\n\t\t\t\t<path fill=\"#fff\" d=\"M2 0a2 2 0 0 0-2 2v2h1.5V2a.5.5 0 0 1 .5-.5h2V0H2Zm2 10.5H2a.5.5 0 0 1-.5-.5V8H0v2a2 2 0 0 0 2 2h2v-1.5ZM8 12v-1.5h2a.5.5 0 0 0 .5-.5V8H12v2a2 2 0 0 1-2 2H8Zm2-12a2 2 0 0 1 2 2v2h-1.5V2a.5.5 0 0 0-.5-.5H8V0h2Z\" \/>\n\t\t\t<\/svg>\n\t\t<\/button><figcaption class=\"wp-element-caption\">Biotope, P\u00e9rou, ARC (Chino),  16\/08\/2023<\/figcaption><\/figure>\n\n\n\n<p>J&rsquo;avais <em>sans doute<\/em> d\u00e9j\u00e0 rencontr\u00e9 Oligoclada walkeri <a href=\"https:\/\/www.meslibellules.fr\/voyages\/colombie\/oligoclada-walkeri\/oligoclada-walkeri.php\">en Colombie<\/a>, tout pr\u00e8s du P\u00e9rou, dans la r\u00e9gion de Leticia. On le rencontre dans tous les \u00e9tats qui bordent le bassin amazonien, y compris bien s\u00fbr la Guyane Fran\u00e7aise, et bien entendu les iles Trinidad et Tobago.<\/p>\n\n\n\n<div class=\"wp-block-media-text is-stacked-on-mobile\" style=\"grid-template-columns:37% auto\"><figure class=\"wp-block-media-text__media\"><a href=\"https:\/\/www.meslibellules.fr\/blog\/wp-content\/uploads\/Oligoclada-walkeri-male-4.webp\"><img decoding=\"async\" width=\"942\" height=\"1204\" data-src=\"https:\/\/www.meslibellules.fr\/blog\/wp-content\/uploads\/Oligoclada-walkeri-male-4.webp\" alt=\"Oligoclada walkeri m\u00e2le, P\u00e9rou, Tahuayo lodge, 24\/08\/2023\" class=\"wp-image-19522 size-full lazyload\" data-srcset=\"https:\/\/www.meslibellules.fr\/blog\/wp-content\/uploads\/Oligoclada-walkeri-male-4.webp 942w, https:\/\/www.meslibellules.fr\/blog\/wp-content\/uploads\/Oligoclada-walkeri-male-4-768x982.webp 768w\" data-sizes=\"(max-width: 942px) 100vw, 942px\" src=\"data:image\/svg+xml;base64,PHN2ZyB3aWR0aD0iMSIgaGVpZ2h0PSIxIiB4bWxucz0iaHR0cDovL3d3dy53My5vcmcvMjAwMC9zdmciPjwvc3ZnPg==\" style=\"--smush-placeholder-width: 942px; --smush-placeholder-aspect-ratio: 942\/1204;\" \/><\/a><\/figure><div class=\"wp-block-media-text__content\">\n<p><span style=\"text-decoration: underline;\">\u00c9tymologie<br \/><\/span><br \/><strong>Oligoclada<\/strong> de deux mots grecs, oligo pour \u2013<em>peu, faible<\/em>\u00a0et\u00a0<em>klados<\/em>\u00a0signifiant \u2013<em>branche<\/em>, sans doute pour la nervation l\u00e2che et r\u00e9duite.<br \/><strong>Walkeri<\/strong> est expliqu\u00e9 par Geijskes (1) : \u00ab\u00a0The species is named after Dr. E. M. WALKER, whose collection of Trinidad dragonflies, lent with the greatest liberality, has been an important source of knowledge for my undertoken (sic) study. Soit \u00ab\u00a0L&rsquo;esp\u00e8ce porte le nom du Dr E. M. WALKER [entomologiste Canadien], dont la collection de libellules de Trinidad, pr\u00eat\u00e9e avec la plus grande lib\u00e9ralit\u00e9, a \u00e9t\u00e9 une source importante de connaissances pour l&rsquo;\u00e9tude entreprise\u00a0\u00bb.<\/p>\n<\/div><\/div>\n\n\n\n<div style=\"height:29px\" aria-hidden=\"true\" class=\"wp-block-spacer\"><\/div>\n\n\n\n<figure class=\"wp-block-gallery aligncenter has-nested-images columns-default is-cropped wp-block-gallery-2 is-layout-flex wp-block-gallery-is-layout-flex\">\n<figure data-wp-context=\"{&quot;imageId&quot;:&quot;69f2fd20d5caa&quot;}\" data-wp-interactive=\"core\/image\" data-wp-key=\"69f2fd20d5caa\" class=\"wp-block-image size-full wp-lightbox-container\"><img decoding=\"async\" width=\"1508\" height=\"1204\" data-wp-class--hide=\"state.isContentHidden\" data-wp-class--show=\"state.isContentVisible\" data-wp-init=\"callbacks.setButtonStyles\" data-wp-on--click=\"actions.showLightbox\" data-wp-on--load=\"callbacks.setButtonStyles\" data-wp-on-window--resize=\"callbacks.setButtonStyles\" data-id=\"19539\" data-src=\"https:\/\/www.meslibellules.fr\/blog\/wp-content\/uploads\/Oligoclada-walkeri-male-7.webp\" alt=\"Oligoclada walkeri m\u00e2le, Perou, Cocha Trabix (Lake), 21\/08\/2028\" class=\"wp-image-19539 lazyload\" data-srcset=\"https:\/\/www.meslibellules.fr\/blog\/wp-content\/uploads\/Oligoclada-walkeri-male-7.webp 1508w, https:\/\/www.meslibellules.fr\/blog\/wp-content\/uploads\/Oligoclada-walkeri-male-7-768x613.webp 768w\" data-sizes=\"(max-width: 1508px) 100vw, 1508px\" src=\"data:image\/svg+xml;base64,PHN2ZyB3aWR0aD0iMSIgaGVpZ2h0PSIxIiB4bWxucz0iaHR0cDovL3d3dy53My5vcmcvMjAwMC9zdmciPjwvc3ZnPg==\" style=\"--smush-placeholder-width: 1508px; --smush-placeholder-aspect-ratio: 1508\/1204;\" \/><button\n\t\t\tclass=\"lightbox-trigger\"\n\t\t\ttype=\"button\"\n\t\t\taria-haspopup=\"dialog\"\n\t\t\taria-label=\"Agrandir\"\n\t\t\tdata-wp-init=\"callbacks.initTriggerButton\"\n\t\t\tdata-wp-on--click=\"actions.showLightbox\"\n\t\t\tdata-wp-style--right=\"state.imageButtonRight\"\n\t\t\tdata-wp-style--top=\"state.imageButtonTop\"\n\t\t>\n\t\t\t<svg xmlns=\"http:\/\/www.w3.org\/2000\/svg\" width=\"12\" height=\"12\" fill=\"none\" viewBox=\"0 0 12 12\">\n\t\t\t\t<path fill=\"#fff\" d=\"M2 0a2 2 0 0 0-2 2v2h1.5V2a.5.5 0 0 1 .5-.5h2V0H2Zm2 10.5H2a.5.5 0 0 1-.5-.5V8H0v2a2 2 0 0 0 2 2h2v-1.5ZM8 12v-1.5h2a.5.5 0 0 0 .5-.5V8H12v2a2 2 0 0 1-2 2H8Zm2-12a2 2 0 0 1 2 2v2h-1.5V2a.5.5 0 0 0-.5-.5H8V0h2Z\" \/>\n\t\t\t<\/svg>\n\t\t<\/button><\/figure>\n\n\n\n<figure data-wp-context=\"{&quot;imageId&quot;:&quot;69f2fd20d6114&quot;}\" data-wp-interactive=\"core\/image\" data-wp-key=\"69f2fd20d6114\" class=\"wp-block-image size-full wp-lightbox-container\"><img decoding=\"async\" width=\"1529\" height=\"1204\" data-wp-class--hide=\"state.isContentHidden\" data-wp-class--show=\"state.isContentVisible\" data-wp-init=\"callbacks.setButtonStyles\" data-wp-on--click=\"actions.showLightbox\" data-wp-on--load=\"callbacks.setButtonStyles\" data-wp-on-window--resize=\"callbacks.setButtonStyles\" data-id=\"19523\" data-src=\"https:\/\/www.meslibellules.fr\/blog\/wp-content\/uploads\/Oligoclada-walkeri-male-5.webp\" alt=\"Oligoclada walkeri m\u00e2le, P\u00e9rou, Tahuayo lodge, 24\/08\/2023\" class=\"wp-image-19523 lazyload\" data-srcset=\"https:\/\/www.meslibellules.fr\/blog\/wp-content\/uploads\/Oligoclada-walkeri-male-5.webp 1529w, https:\/\/www.meslibellules.fr\/blog\/wp-content\/uploads\/Oligoclada-walkeri-male-5-768x605.webp 768w\" data-sizes=\"(max-width: 1529px) 100vw, 1529px\" src=\"data:image\/svg+xml;base64,PHN2ZyB3aWR0aD0iMSIgaGVpZ2h0PSIxIiB4bWxucz0iaHR0cDovL3d3dy53My5vcmcvMjAwMC9zdmciPjwvc3ZnPg==\" style=\"--smush-placeholder-width: 1529px; --smush-placeholder-aspect-ratio: 1529\/1204;\" \/><button\n\t\t\tclass=\"lightbox-trigger\"\n\t\t\ttype=\"button\"\n\t\t\taria-haspopup=\"dialog\"\n\t\t\taria-label=\"Agrandir\"\n\t\t\tdata-wp-init=\"callbacks.initTriggerButton\"\n\t\t\tdata-wp-on--click=\"actions.showLightbox\"\n\t\t\tdata-wp-style--right=\"state.imageButtonRight\"\n\t\t\tdata-wp-style--top=\"state.imageButtonTop\"\n\t\t>\n\t\t\t<svg xmlns=\"http:\/\/www.w3.org\/2000\/svg\" width=\"12\" height=\"12\" fill=\"none\" viewBox=\"0 0 12 12\">\n\t\t\t\t<path fill=\"#fff\" d=\"M2 0a2 2 0 0 0-2 2v2h1.5V2a.5.5 0 0 1 .5-.5h2V0H2Zm2 10.5H2a.5.5 0 0 1-.5-.5V8H0v2a2 2 0 0 0 2 2h2v-1.5ZM8 12v-1.5h2a.5.5 0 0 0 .5-.5V8H12v2a2 2 0 0 1-2 2H8Zm2-12a2 2 0 0 1 2 2v2h-1.5V2a.5.5 0 0 0-.5-.5H8V0h2Z\" \/>\n\t\t\t<\/svg>\n\t\t<\/button><\/figure>\n<figcaption class=\"blocks-gallery-caption wp-element-caption\">Oligoclada walkeri m\u00e2le, Perou, Cocha Trabix (Lake), 21\/08\/2028 &amp; Tahuayo lodge, 24\/08\/2023<\/figcaption><\/figure>\n\n\n\n<div style=\"height:27px\" aria-hidden=\"true\" class=\"wp-block-spacer\"><\/div>\n\n\n\n<p style=\"font-size:13px\">1- Geijskes, D. C , 1931. \u00ab\u00a0<a href=\"https:\/\/www.biodiversitylibrary.org\/item\/264426#page\/289\/mode\/1up\">A new species of Oligoclada from Trinidad<\/a>\u00a0\u00bb B.W.I. \u2014 Entom. Ber. Amst. 8 (178) : 213-214<br>2- Donald J. Borror,&nbsp;\u00ab\u00a0<a href=\"https:\/\/deepblue.lib.umich.edu\/handle\/2027.42\/56267\">The Genus Oligoclada (Odonata)\u00a0\u00bb, University of Michigan, Museum of Zoology<\/a>, April 30, 1931.<\/p>\n\n\n\n<div style=\"height:35px\" aria-hidden=\"true\" class=\"wp-block-spacer\"><\/div>\n\n\n\n<div class=\"wp-block-buttons is-layout-flex wp-block-buttons-is-layout-flex\">\n<div class=\"wp-block-button\"><a class=\"wp-block-button__link wp-element-button\" href=\"https:\/\/www.meslibellules.fr\/blog\/odonates-du-perou-peruvian-odonates\/\">Accueil P\u00e9rou<\/a><\/div>\n<\/div>\n\n\n\n<p><\/p>\n","protected":false},"excerpt":{"rendered":"<p>Le genre Oligoclada est tr\u00e8s difficile, mais je suis assez confiant dans l&rsquo;identification de ces Oligoclada walkeri. Il semblerait, dans cette r\u00e9gion en tout cas, que l&rsquo;aspect vert m\u00e9tallique brillant qui appara\u00eet sur le thorax soit un bon indice : \u00ab\u00a0synthorax metallic green blue\u00a0\u00bb \u00e9crit Geijskes dans \u00ab\u00a0A new species of Oligoclada of Trinidad\u00a0\u00bb (1). [&hellip;]<\/p>\n","protected":false},"author":1,"featured_media":0,"comment_status":"open","ping_status":"open","sticky":false,"template":"","format":"image","meta":{"site-sidebar-layout":"default","site-content-layout":"","ast-site-content-layout":"default","site-content-style":"default","site-sidebar-style":"default","ast-global-header-display":"","ast-banner-title-visibility":"","ast-main-header-display":"","ast-hfb-above-header-display":"","ast-hfb-below-header-display":"","ast-hfb-mobile-header-display":"","site-post-title":"","ast-breadcrumbs-content":"","ast-featured-img":"","footer-sml-layout":"","ast-disable-related-posts":"","theme-transparent-header-meta":"","adv-header-id-meta":"","stick-header-meta":"","header-above-stick-meta":"","header-main-stick-meta":"","header-below-stick-meta":"","astra-migrate-meta-layouts":"set","ast-page-background-enabled":"default","ast-page-background-meta":{"desktop":{"background-color":"var(--ast-global-color-4)","background-image":"","background-repeat":"repeat","background-position":"center center","background-size":"auto","background-attachment":"scroll","background-type":"","background-media":"","overlay-type":"","overlay-color":"","overlay-opacity":"","overlay-gradient":""},"tablet":{"background-color":"","background-image":"","background-repeat":"repeat","background-position":"center center","background-size":"auto","background-attachment":"scroll","background-type":"","background-media":"","overlay-type":"","overlay-color":"","overlay-opacity":"","overlay-gradient":""},"mobile":{"background-color":"","background-image":"","background-repeat":"repeat","background-position":"center center","background-size":"auto","background-attachment":"scroll","background-type":"","background-media":"","overlay-type":"","overlay-color":"","overlay-opacity":"","overlay-gradient":""}},"ast-content-background-meta":{"desktop":{"background-color":"var(--ast-global-color-5)","background-image":"","background-repeat":"repeat","background-position":"center center","background-size":"auto","background-attachment":"scroll","background-type":"","background-media":"","overlay-type":"","overlay-color":"","overlay-opacity":"","overlay-gradient":""},"tablet":{"background-color":"var(--ast-global-color-5)","background-image":"","background-repeat":"repeat","background-position":"center center","background-size":"auto","background-attachment":"scroll","background-type":"","background-media":"","overlay-type":"","overlay-color":"","overlay-opacity":"","overlay-gradient":""},"mobile":{"background-color":"var(--ast-global-color-5)","background-image":"","background-repeat":"repeat","background-position":"center center","background-size":"auto","background-attachment":"scroll","background-type":"","background-media":"","overlay-type":"","overlay-color":"","overlay-opacity":"","overlay-gradient":""}},"footnotes":""},"categories":[1304,1303],"tags":[1306,1305],"class_list":["post-19524","post","type-post","status-publish","format-image","hentry","category-libellulidae-perou-2","category-perou","tag-libellulidae-perou","tag-perou","post_format-post-format-image"],"yoast_head":"<!-- This site is optimized with the Yoast SEO plugin v27.5 - https:\/\/yoast.com\/product\/yoast-seo-wordpress\/ -->\n<title>Oligoclada walkeri - Mes Libellules<\/title>\n<meta name=\"description\" content=\"Oligoclada walkeri m\u00e2les au P\u00e9rou, description, identification, taille, habitat, distribution g\u00e9ographique, \u00e9tymologie\" \/>\n<meta name=\"robots\" content=\"index, follow, max-snippet:-1, max-image-preview:large, max-video-preview:-1\" \/>\n<link rel=\"canonical\" href=\"https:\/\/www.meslibellules.fr\/blog\/2024\/04\/28\/oligoclada-walkeri\/\" \/>\n<meta property=\"og:locale\" content=\"fr_FR\" \/>\n<meta property=\"og:type\" content=\"article\" \/>\n<meta property=\"og:title\" content=\"Oligoclada walkeri - Mes Libellules\" \/>\n<meta property=\"og:description\" content=\"Oligoclada walkeri m\u00e2les au P\u00e9rou, description, identification, taille, habitat, distribution g\u00e9ographique, \u00e9tymologie\" \/>\n<meta property=\"og:url\" content=\"https:\/\/www.meslibellules.fr\/blog\/2024\/04\/28\/oligoclada-walkeri\/\" \/>\n<meta property=\"og:site_name\" content=\"Mes Libellules\" \/>\n<meta property=\"article:publisher\" content=\"https:\/\/www.facebook.com\/benoit.guillon.96\/\" \/>\n<meta property=\"article:author\" content=\"https:\/\/www.facebook.com\/benoit.guillon.96\/\" \/>\n<meta property=\"article:published_time\" content=\"2024-04-28T16:33:51+00:00\" \/>\n<meta property=\"article:modified_time\" content=\"2024-11-10T06:02:35+00:00\" \/>\n<meta property=\"og:image\" content=\"https:\/\/www.meslibellules.fr\/blog\/wp-content\/uploads\/Oligoclada-walkeri-male-1.webp\" \/>\n\t<meta property=\"og:image:width\" content=\"1896\" \/>\n\t<meta property=\"og:image:height\" content=\"1204\" \/>\n\t<meta property=\"og:image:type\" content=\"image\/webp\" \/>\n<meta name=\"author\" content=\"Beno\u00eet Guillon\" \/>\n<meta name=\"twitter:card\" content=\"summary_large_image\" \/>\n<meta name=\"twitter:label1\" content=\"\u00c9crit par\" \/>\n\t<meta name=\"twitter:data1\" content=\"Beno\u00eet Guillon\" \/>\n\t<meta name=\"twitter:label2\" content=\"Dur\u00e9e de lecture estim\u00e9e\" \/>\n\t<meta name=\"twitter:data2\" content=\"5 minutes\" \/>\n<script type=\"application\/ld+json\" class=\"yoast-schema-graph\">{\"@context\":\"https:\\\/\\\/schema.org\",\"@graph\":[{\"@type\":\"Article\",\"@id\":\"https:\\\/\\\/www.meslibellules.fr\\\/blog\\\/2024\\\/04\\\/28\\\/oligoclada-walkeri\\\/#article\",\"isPartOf\":{\"@id\":\"https:\\\/\\\/www.meslibellules.fr\\\/blog\\\/2024\\\/04\\\/28\\\/oligoclada-walkeri\\\/\"},\"author\":{\"name\":\"Beno\u00eet Guillon\",\"@id\":\"https:\\\/\\\/www.meslibellules.fr\\\/blog\\\/#\\\/schema\\\/person\\\/9aa3586f9dd053fcf329f43b8b053c77\"},\"headline\":\"P\u00e9rou &#8211; Oligoclada walkeri (Geijskes, 1931)\",\"datePublished\":\"2024-04-28T16:33:51+00:00\",\"dateModified\":\"2024-11-10T06:02:35+00:00\",\"mainEntityOfPage\":{\"@id\":\"https:\\\/\\\/www.meslibellules.fr\\\/blog\\\/2024\\\/04\\\/28\\\/oligoclada-walkeri\\\/\"},\"wordCount\":535,\"commentCount\":0,\"publisher\":{\"@id\":\"https:\\\/\\\/www.meslibellules.fr\\\/blog\\\/#\\\/schema\\\/person\\\/9aa3586f9dd053fcf329f43b8b053c77\"},\"image\":{\"@id\":\"https:\\\/\\\/www.meslibellules.fr\\\/blog\\\/2024\\\/04\\\/28\\\/oligoclada-walkeri\\\/#primaryimage\"},\"thumbnailUrl\":\"https:\\\/\\\/www.meslibellules.fr\\\/blog\\\/wp-content\\\/uploads\\\/Oligoclada-walkeri-male-1.webp\",\"keywords\":[\"Libellulidae - P\u00e9rou\",\"P\u00e9rou\"],\"articleSection\":[\"Libellulidae\",\"P\u00e9rou\"],\"inLanguage\":\"fr-FR\",\"potentialAction\":[{\"@type\":\"CommentAction\",\"name\":\"Comment\",\"target\":[\"https:\\\/\\\/www.meslibellules.fr\\\/blog\\\/2024\\\/04\\\/28\\\/oligoclada-walkeri\\\/#respond\"]}]},{\"@type\":\"WebPage\",\"@id\":\"https:\\\/\\\/www.meslibellules.fr\\\/blog\\\/2024\\\/04\\\/28\\\/oligoclada-walkeri\\\/\",\"url\":\"https:\\\/\\\/www.meslibellules.fr\\\/blog\\\/2024\\\/04\\\/28\\\/oligoclada-walkeri\\\/\",\"name\":\"Oligoclada walkeri - Mes Libellules\",\"isPartOf\":{\"@id\":\"https:\\\/\\\/www.meslibellules.fr\\\/blog\\\/#website\"},\"primaryImageOfPage\":{\"@id\":\"https:\\\/\\\/www.meslibellules.fr\\\/blog\\\/2024\\\/04\\\/28\\\/oligoclada-walkeri\\\/#primaryimage\"},\"image\":{\"@id\":\"https:\\\/\\\/www.meslibellules.fr\\\/blog\\\/2024\\\/04\\\/28\\\/oligoclada-walkeri\\\/#primaryimage\"},\"thumbnailUrl\":\"https:\\\/\\\/www.meslibellules.fr\\\/blog\\\/wp-content\\\/uploads\\\/Oligoclada-walkeri-male-1.webp\",\"datePublished\":\"2024-04-28T16:33:51+00:00\",\"dateModified\":\"2024-11-10T06:02:35+00:00\",\"description\":\"Oligoclada walkeri m\u00e2les au P\u00e9rou, description, identification, taille, habitat, distribution g\u00e9ographique, \u00e9tymologie\",\"breadcrumb\":{\"@id\":\"https:\\\/\\\/www.meslibellules.fr\\\/blog\\\/2024\\\/04\\\/28\\\/oligoclada-walkeri\\\/#breadcrumb\"},\"inLanguage\":\"fr-FR\",\"potentialAction\":[{\"@type\":\"ReadAction\",\"target\":[\"https:\\\/\\\/www.meslibellules.fr\\\/blog\\\/2024\\\/04\\\/28\\\/oligoclada-walkeri\\\/\"]}]},{\"@type\":\"ImageObject\",\"inLanguage\":\"fr-FR\",\"@id\":\"https:\\\/\\\/www.meslibellules.fr\\\/blog\\\/2024\\\/04\\\/28\\\/oligoclada-walkeri\\\/#primaryimage\",\"url\":\"https:\\\/\\\/www.meslibellules.fr\\\/blog\\\/wp-content\\\/uploads\\\/Oligoclada-walkeri-male-1.webp\",\"contentUrl\":\"https:\\\/\\\/www.meslibellules.fr\\\/blog\\\/wp-content\\\/uploads\\\/Oligoclada-walkeri-male-1.webp\",\"width\":1896,\"height\":1204,\"caption\":\"Oligoclada walkeri m\u00e2le, P\u00e9rou, Arc (Chino), 16\\\/08\\\/2023\"},{\"@type\":\"BreadcrumbList\",\"@id\":\"https:\\\/\\\/www.meslibellules.fr\\\/blog\\\/2024\\\/04\\\/28\\\/oligoclada-walkeri\\\/#breadcrumb\",\"itemListElement\":[{\"@type\":\"ListItem\",\"position\":1,\"name\":\"Accueil\",\"item\":\"https:\\\/\\\/www.meslibellules.fr\\\/blog\\\/\"},{\"@type\":\"ListItem\",\"position\":2,\"name\":\"P\u00e9rou &#8211; Oligoclada walkeri (Geijskes, 1931)\"}]},{\"@type\":\"WebSite\",\"@id\":\"https:\\\/\\\/www.meslibellules.fr\\\/blog\\\/#website\",\"url\":\"https:\\\/\\\/www.meslibellules.fr\\\/blog\\\/\",\"name\":\"Mes Libellules\",\"description\":\"Pr\u00e9sentation des libellules rencontr\u00e9es dans le monde\",\"publisher\":{\"@id\":\"https:\\\/\\\/www.meslibellules.fr\\\/blog\\\/#\\\/schema\\\/person\\\/9aa3586f9dd053fcf329f43b8b053c77\"},\"potentialAction\":[{\"@type\":\"SearchAction\",\"target\":{\"@type\":\"EntryPoint\",\"urlTemplate\":\"https:\\\/\\\/www.meslibellules.fr\\\/blog\\\/?s={search_term_string}\"},\"query-input\":{\"@type\":\"PropertyValueSpecification\",\"valueRequired\":true,\"valueName\":\"search_term_string\"}}],\"inLanguage\":\"fr-FR\"},{\"@type\":[\"Person\",\"Organization\"],\"@id\":\"https:\\\/\\\/www.meslibellules.fr\\\/blog\\\/#\\\/schema\\\/person\\\/9aa3586f9dd053fcf329f43b8b053c77\",\"name\":\"Beno\u00eet Guillon\",\"image\":{\"@type\":\"ImageObject\",\"inLanguage\":\"fr-FR\",\"@id\":\"https:\\\/\\\/www.meslibellules.fr\\\/blog\\\/wp-content\\\/uploads\\\/cropped-avatar-150-pix.jpg\",\"url\":\"https:\\\/\\\/www.meslibellules.fr\\\/blog\\\/wp-content\\\/uploads\\\/cropped-avatar-150-pix.jpg\",\"contentUrl\":\"https:\\\/\\\/www.meslibellules.fr\\\/blog\\\/wp-content\\\/uploads\\\/cropped-avatar-150-pix.jpg\",\"width\":150,\"height\":137,\"caption\":\"Beno\u00eet Guillon\"},\"logo\":{\"@id\":\"https:\\\/\\\/www.meslibellules.fr\\\/blog\\\/wp-content\\\/uploads\\\/cropped-avatar-150-pix.jpg\"},\"sameAs\":[\"https:\\\/\\\/www.facebook.com\\\/benoit.guillon.96\\\/\"]}]}<\/script>\n<!-- \/ Yoast SEO plugin. -->","yoast_head_json":{"title":"Oligoclada walkeri - Mes Libellules","description":"Oligoclada walkeri m\u00e2les au P\u00e9rou, description, identification, taille, habitat, distribution g\u00e9ographique, \u00e9tymologie","robots":{"index":"index","follow":"follow","max-snippet":"max-snippet:-1","max-image-preview":"max-image-preview:large","max-video-preview":"max-video-preview:-1"},"canonical":"https:\/\/www.meslibellules.fr\/blog\/2024\/04\/28\/oligoclada-walkeri\/","og_locale":"fr_FR","og_type":"article","og_title":"Oligoclada walkeri - Mes Libellules","og_description":"Oligoclada walkeri m\u00e2les au P\u00e9rou, description, identification, taille, habitat, distribution g\u00e9ographique, \u00e9tymologie","og_url":"https:\/\/www.meslibellules.fr\/blog\/2024\/04\/28\/oligoclada-walkeri\/","og_site_name":"Mes Libellules","article_publisher":"https:\/\/www.facebook.com\/benoit.guillon.96\/","article_author":"https:\/\/www.facebook.com\/benoit.guillon.96\/","article_published_time":"2024-04-28T16:33:51+00:00","article_modified_time":"2024-11-10T06:02:35+00:00","og_image":[{"width":1896,"height":1204,"url":"https:\/\/www.meslibellules.fr\/blog\/wp-content\/uploads\/Oligoclada-walkeri-male-1.webp","type":"image\/webp"}],"author":"Beno\u00eet Guillon","twitter_card":"summary_large_image","twitter_misc":{"\u00c9crit par":"Beno\u00eet Guillon","Dur\u00e9e de lecture estim\u00e9e":"5 minutes"},"schema":{"@context":"https:\/\/schema.org","@graph":[{"@type":"Article","@id":"https:\/\/www.meslibellules.fr\/blog\/2024\/04\/28\/oligoclada-walkeri\/#article","isPartOf":{"@id":"https:\/\/www.meslibellules.fr\/blog\/2024\/04\/28\/oligoclada-walkeri\/"},"author":{"name":"Beno\u00eet Guillon","@id":"https:\/\/www.meslibellules.fr\/blog\/#\/schema\/person\/9aa3586f9dd053fcf329f43b8b053c77"},"headline":"P\u00e9rou &#8211; Oligoclada walkeri (Geijskes, 1931)","datePublished":"2024-04-28T16:33:51+00:00","dateModified":"2024-11-10T06:02:35+00:00","mainEntityOfPage":{"@id":"https:\/\/www.meslibellules.fr\/blog\/2024\/04\/28\/oligoclada-walkeri\/"},"wordCount":535,"commentCount":0,"publisher":{"@id":"https:\/\/www.meslibellules.fr\/blog\/#\/schema\/person\/9aa3586f9dd053fcf329f43b8b053c77"},"image":{"@id":"https:\/\/www.meslibellules.fr\/blog\/2024\/04\/28\/oligoclada-walkeri\/#primaryimage"},"thumbnailUrl":"https:\/\/www.meslibellules.fr\/blog\/wp-content\/uploads\/Oligoclada-walkeri-male-1.webp","keywords":["Libellulidae - P\u00e9rou","P\u00e9rou"],"articleSection":["Libellulidae","P\u00e9rou"],"inLanguage":"fr-FR","potentialAction":[{"@type":"CommentAction","name":"Comment","target":["https:\/\/www.meslibellules.fr\/blog\/2024\/04\/28\/oligoclada-walkeri\/#respond"]}]},{"@type":"WebPage","@id":"https:\/\/www.meslibellules.fr\/blog\/2024\/04\/28\/oligoclada-walkeri\/","url":"https:\/\/www.meslibellules.fr\/blog\/2024\/04\/28\/oligoclada-walkeri\/","name":"Oligoclada walkeri - Mes Libellules","isPartOf":{"@id":"https:\/\/www.meslibellules.fr\/blog\/#website"},"primaryImageOfPage":{"@id":"https:\/\/www.meslibellules.fr\/blog\/2024\/04\/28\/oligoclada-walkeri\/#primaryimage"},"image":{"@id":"https:\/\/www.meslibellules.fr\/blog\/2024\/04\/28\/oligoclada-walkeri\/#primaryimage"},"thumbnailUrl":"https:\/\/www.meslibellules.fr\/blog\/wp-content\/uploads\/Oligoclada-walkeri-male-1.webp","datePublished":"2024-04-28T16:33:51+00:00","dateModified":"2024-11-10T06:02:35+00:00","description":"Oligoclada walkeri m\u00e2les au P\u00e9rou, description, identification, taille, habitat, distribution g\u00e9ographique, \u00e9tymologie","breadcrumb":{"@id":"https:\/\/www.meslibellules.fr\/blog\/2024\/04\/28\/oligoclada-walkeri\/#breadcrumb"},"inLanguage":"fr-FR","potentialAction":[{"@type":"ReadAction","target":["https:\/\/www.meslibellules.fr\/blog\/2024\/04\/28\/oligoclada-walkeri\/"]}]},{"@type":"ImageObject","inLanguage":"fr-FR","@id":"https:\/\/www.meslibellules.fr\/blog\/2024\/04\/28\/oligoclada-walkeri\/#primaryimage","url":"https:\/\/www.meslibellules.fr\/blog\/wp-content\/uploads\/Oligoclada-walkeri-male-1.webp","contentUrl":"https:\/\/www.meslibellules.fr\/blog\/wp-content\/uploads\/Oligoclada-walkeri-male-1.webp","width":1896,"height":1204,"caption":"Oligoclada walkeri m\u00e2le, P\u00e9rou, Arc (Chino), 16\/08\/2023"},{"@type":"BreadcrumbList","@id":"https:\/\/www.meslibellules.fr\/blog\/2024\/04\/28\/oligoclada-walkeri\/#breadcrumb","itemListElement":[{"@type":"ListItem","position":1,"name":"Accueil","item":"https:\/\/www.meslibellules.fr\/blog\/"},{"@type":"ListItem","position":2,"name":"P\u00e9rou &#8211; Oligoclada walkeri (Geijskes, 1931)"}]},{"@type":"WebSite","@id":"https:\/\/www.meslibellules.fr\/blog\/#website","url":"https:\/\/www.meslibellules.fr\/blog\/","name":"Mes Libellules","description":"Pr\u00e9sentation des libellules rencontr\u00e9es dans le monde","publisher":{"@id":"https:\/\/www.meslibellules.fr\/blog\/#\/schema\/person\/9aa3586f9dd053fcf329f43b8b053c77"},"potentialAction":[{"@type":"SearchAction","target":{"@type":"EntryPoint","urlTemplate":"https:\/\/www.meslibellules.fr\/blog\/?s={search_term_string}"},"query-input":{"@type":"PropertyValueSpecification","valueRequired":true,"valueName":"search_term_string"}}],"inLanguage":"fr-FR"},{"@type":["Person","Organization"],"@id":"https:\/\/www.meslibellules.fr\/blog\/#\/schema\/person\/9aa3586f9dd053fcf329f43b8b053c77","name":"Beno\u00eet Guillon","image":{"@type":"ImageObject","inLanguage":"fr-FR","@id":"https:\/\/www.meslibellules.fr\/blog\/wp-content\/uploads\/cropped-avatar-150-pix.jpg","url":"https:\/\/www.meslibellules.fr\/blog\/wp-content\/uploads\/cropped-avatar-150-pix.jpg","contentUrl":"https:\/\/www.meslibellules.fr\/blog\/wp-content\/uploads\/cropped-avatar-150-pix.jpg","width":150,"height":137,"caption":"Beno\u00eet Guillon"},"logo":{"@id":"https:\/\/www.meslibellules.fr\/blog\/wp-content\/uploads\/cropped-avatar-150-pix.jpg"},"sameAs":["https:\/\/www.facebook.com\/benoit.guillon.96\/"]}]}},"_links":{"self":[{"href":"https:\/\/www.meslibellules.fr\/blog\/wp-json\/wp\/v2\/posts\/19524","targetHints":{"allow":["GET"]}}],"collection":[{"href":"https:\/\/www.meslibellules.fr\/blog\/wp-json\/wp\/v2\/posts"}],"about":[{"href":"https:\/\/www.meslibellules.fr\/blog\/wp-json\/wp\/v2\/types\/post"}],"author":[{"embeddable":true,"href":"https:\/\/www.meslibellules.fr\/blog\/wp-json\/wp\/v2\/users\/1"}],"replies":[{"embeddable":true,"href":"https:\/\/www.meslibellules.fr\/blog\/wp-json\/wp\/v2\/comments?post=19524"}],"version-history":[{"count":0,"href":"https:\/\/www.meslibellules.fr\/blog\/wp-json\/wp\/v2\/posts\/19524\/revisions"}],"wp:attachment":[{"href":"https:\/\/www.meslibellules.fr\/blog\/wp-json\/wp\/v2\/media?parent=19524"}],"wp:term":[{"taxonomy":"category","embeddable":true,"href":"https:\/\/www.meslibellules.fr\/blog\/wp-json\/wp\/v2\/categories?post=19524"},{"taxonomy":"post_tag","embeddable":true,"href":"https:\/\/www.meslibellules.fr\/blog\/wp-json\/wp\/v2\/tags?post=19524"}],"curies":[{"name":"wp","href":"https:\/\/api.w.org\/{rel}","templated":true}]}}