{"id":19586,"date":"2024-05-02T19:27:24","date_gmt":"2024-05-02T17:27:24","guid":{"rendered":"https:\/\/www.meslibellules.fr\/blog\/?p=19586"},"modified":"2024-05-07T20:58:21","modified_gmt":"2024-05-07T18:58:21","slug":"perithemis-bella","status":"publish","type":"post","link":"https:\/\/www.meslibellules.fr\/blog\/2024\/05\/02\/perithemis-bella\/","title":{"rendered":"P\u00e9rou &#8211; Perithemis bella (Kirby, 1889)"},"content":{"rendered":"\n<figure class=\"wp-block-image aligncenter size-full is-resized\"><a href=\"https:\/\/www.meslibellules.fr\/blog\/wp-content\/uploads\/Perithemis-bella-male-1.webp\"><img decoding=\"async\" width=\"1281\" height=\"1204\" data-src=\"https:\/\/www.meslibellules.fr\/blog\/wp-content\/uploads\/Perithemis-bella-male-1.webp\" alt=\"Perithemis bella m\u00e2le, petit lac entre ARC et Tahuayo, 18\/08\/23\" class=\"wp-image-19587 lazyload\" style=\"--smush-placeholder-width: 1281px; --smush-placeholder-aspect-ratio: 1281\/1204;width:442px;height:auto\" data-srcset=\"https:\/\/www.meslibellules.fr\/blog\/wp-content\/uploads\/Perithemis-bella-male-1.webp 1281w, https:\/\/www.meslibellules.fr\/blog\/wp-content\/uploads\/Perithemis-bella-male-1-768x722.webp 768w\" data-sizes=\"(max-width: 1281px) 100vw, 1281px\" src=\"data:image\/svg+xml;base64,PHN2ZyB3aWR0aD0iMSIgaGVpZ2h0PSIxIiB4bWxucz0iaHR0cDovL3d3dy53My5vcmcvMjAwMC9zdmciPjwvc3ZnPg==\" \/><\/a><figcaption class=\"wp-element-caption\">Perithemis bella m\u00e2le, petit lac entre ARC et Tahuayo, 18\/08\/23<\/figcaption><\/figure>\n\n\n\n<p>Perithemis bella est une raret\u00e9, il n&rsquo;existait pas de photos disponibles sur le Web avant celles de notre \u00e9quipe, \u00e0 part celles de Dennis Paulson, \u00e0 la fois sous forme de scan, dans <a href=\"https:\/\/www.pugetsound.edu\/puget-sound-museum-natural-history\/biodiversity-resources\/insects\/dragonflies\/image-collection\/neotropical-odonata-specimens\">sa collection<\/a> ou au P\u00e9rou sur <a href=\"https:\/\/www.inaturalist.org\/observations?taxon_id=563227\">Inaturalist<\/a>.<br>C&rsquo;est un insecte minuscule, 23 \u00e0 24 mm au total, dont les ailes sont tr\u00e8s richement color\u00e9es, \u00ab\u00a0Wings rich and pure golden yellow&#8230;\u00a0\u00bb (les ailes d&rsquo;un riche et pur jaune dor\u00e9) \u00e9crit Ris dans sa r\u00e9vision du genre (3) en 1931.<br>J&rsquo;ai abord\u00e9 mes <em>recherches<\/em> sur l&rsquo;esp\u00e8ce par ce document et j&rsquo;ai \u00e9t\u00e9 emb\u00eat\u00e9, car il \u00e9crit ensuite :\u00a0\u00bb&#8230;the hind wing entirely, the front<br>wing to the pterostigma in the costal space, to half-way between the triangle and nodus in the rest of the wing, the border line slanting towards the base.\u00a0\u00bb Pour Ris, hormis l&rsquo;espace <a href=\"https:\/\/meslibellules.fr\/pagesweb\/divers\/glossaire.php\">sous-costal<\/a> <a href=\"https:\/\/meslibellules.fr\/pagesweb\/divers\/glossaire.php\">postnodal<\/a>, l&rsquo;aile ant\u00e9rieure n&rsquo;est color\u00e9e qu&rsquo;\u00e0 sa base, ce qui ne correspond pas \u00e0 ce que nous avons observ\u00e9, o\u00f9 elle est color\u00e9e de la base au pt\u00e9rostigma.<br>Je n&rsquo;ai pas \u00e9t\u00e9 plus rassur\u00e9 quand j&rsquo;ai lu la m\u00eame description dans Kirby (1) accompagn\u00e9e d&rsquo;une planche tr\u00e8s explicite :<\/p>\n\n\n\n<figure class=\"wp-block-image aligncenter size-full is-resized\"><a href=\"https:\/\/www.meslibellules.fr\/blog\/wp-content\/uploads\/Perithemis-bella-Kirby.webp\"><img decoding=\"async\" width=\"1103\" height=\"900\" data-src=\"https:\/\/www.meslibellules.fr\/blog\/wp-content\/uploads\/Perithemis-bella-Kirby.webp\" alt=\"Perithemis bella m\u00e2le, dans Kirby (1)\" class=\"wp-image-19593 lazyload\" style=\"--smush-placeholder-width: 1103px; --smush-placeholder-aspect-ratio: 1103\/900;width:458px;height:auto\" data-srcset=\"https:\/\/www.meslibellules.fr\/blog\/wp-content\/uploads\/Perithemis-bella-Kirby.webp 1103w, https:\/\/www.meslibellules.fr\/blog\/wp-content\/uploads\/Perithemis-bella-Kirby-768x627.webp 768w\" data-sizes=\"(max-width: 1103px) 100vw, 1103px\" src=\"data:image\/svg+xml;base64,PHN2ZyB3aWR0aD0iMSIgaGVpZ2h0PSIxIiB4bWxucz0iaHR0cDovL3d3dy53My5vcmcvMjAwMC9zdmciPjwvc3ZnPg==\" \/><\/a><figcaption class=\"wp-element-caption\">Perithemis bella m\u00e2le, dans Kirby (1)<\/figcaption><\/figure>\n\n\n\n<p>En continuant mes recherches, j&rsquo;ai vu que le m\u00eame Kirby a d\u00e9crit Perithemis austeni en 1897 (2), un Perithemis qu&rsquo;il trouvait tr\u00e8s proche de P. bella : \u00ab\u00a0<em>Closely allied to P. bella<\/em>\u2026\u00a0\u00bb \u00ab\u00a0<em>In most other characters this insect agrees with P. bella<\/em> ;\u2026\u00a0\u00bb . Mais dont seulement la partie apicale de l&rsquo;aile ant\u00e9rieure \u00e9tait subhyaline (\u00ab\u00a0<em>only the apical area of the fore wings subhyaline<\/em>\u00ab\u00a0).  Et les deux esp\u00e8ces ont \u00e9t\u00e9 ult\u00e9rieurement synonymis\u00e9es, retenant le premier nom donn\u00e9 \u00e0 l&rsquo;esp\u00e8ce, et reconnaissant la variabilit\u00e9 de l&rsquo;extension de la coloration.<\/p>\n\n\n\n<figure class=\"wp-block-image aligncenter size-full is-resized\"><a href=\"https:\/\/www.meslibellules.fr\/blog\/wp-content\/uploads\/Perithemis-bella-male-2.webp\"><img decoding=\"async\" width=\"1353\" height=\"1204\" data-src=\"https:\/\/www.meslibellules.fr\/blog\/wp-content\/uploads\/Perithemis-bella-male-2.webp\" alt=\"Perithemis bella m\u00e2le, petit lac entre ARC et Tahuayo, 18\/08\/23\" class=\"wp-image-19588 lazyload\" style=\"--smush-placeholder-width: 1353px; --smush-placeholder-aspect-ratio: 1353\/1204;width:494px;height:auto\" data-srcset=\"https:\/\/www.meslibellules.fr\/blog\/wp-content\/uploads\/Perithemis-bella-male-2.webp 1353w, https:\/\/www.meslibellules.fr\/blog\/wp-content\/uploads\/Perithemis-bella-male-2-768x683.webp 768w\" data-sizes=\"(max-width: 1353px) 100vw, 1353px\" src=\"data:image\/svg+xml;base64,PHN2ZyB3aWR0aD0iMSIgaGVpZ2h0PSIxIiB4bWxucz0iaHR0cDovL3d3dy53My5vcmcvMjAwMC9zdmciPjwvc3ZnPg==\" \/><\/a><figcaption class=\"wp-element-caption\">Perithemis bella m\u00e2le, petit lac entre ARC et Tahuayo, 18\/08\/23<\/figcaption><\/figure>\n\n\n\n<p>Il n&rsquo;y a pas beaucoup de vari\u00e9t\u00e9 dans mes photos ; elles ont \u00e9t\u00e9 faites sur une p\u00e9riode de 3 minutes, toutes sur le m\u00eame perchoir, une branche morte sortant de l&rsquo;eau, \u00e0 une dizaine de m\u00e8tres du rivage d&rsquo;un petit lac, pr\u00e8s de la rivi\u00e8re Tahuayo. Il surveillait son territoire, faisant de brefs vols d&rsquo;intimidation vers d&rsquo;autres odonates qui tentaient d&#8217;empi\u00e9ter sur son terrain r\u00e9serv\u00e9. <br>Mais Phil Benstead en a fait des photos, trois jours auparavant, sur la rivi\u00e8re Tahuayo, depuis la pirogue&#8230;<br><br>L&rsquo;habitat de Perithemis bella est donc large, rivi\u00e8re tr\u00e8s lente (tr\u00e8s faible niveau) ou eau stagnante, en limite de for\u00eat.<br>Il est tr\u00e8s rare, mais sa distribution semble pourtant \u00e9tendue, selon l&rsquo;IUCN : l&rsquo;\u00e9tat br\u00e9silien du Para (mais pas Amazonas), l&rsquo;Amazonie Colombienne et P\u00e9ruvienne. La carte de l&rsquo;<a href=\"https:\/\/www.iucnredlist.org\/species\/49254264\/49256145#geographic-range\">IUCN<\/a> montre des donn\u00e9es en \u00c9quateur, non reprise dans le texte.<\/p>\n\n\n\n<figure class=\"wp-block-image aligncenter size-full is-resized\"><a href=\"https:\/\/www.meslibellules.fr\/blog\/wp-content\/uploads\/Perithemis-bella-male-3.webp\"><img decoding=\"async\" width=\"1329\" height=\"1204\" data-src=\"https:\/\/www.meslibellules.fr\/blog\/wp-content\/uploads\/Perithemis-bella-male-3.webp\" alt=\"Perithemis bella m\u00e2le, petit lac entre ARC et Tahuayo, 18\/08\/23\" class=\"wp-image-19589 lazyload\" style=\"--smush-placeholder-width: 1329px; --smush-placeholder-aspect-ratio: 1329\/1204;width:488px;height:auto\" data-srcset=\"https:\/\/www.meslibellules.fr\/blog\/wp-content\/uploads\/Perithemis-bella-male-3.webp 1329w, https:\/\/www.meslibellules.fr\/blog\/wp-content\/uploads\/Perithemis-bella-male-3-768x696.webp 768w\" data-sizes=\"(max-width: 1329px) 100vw, 1329px\" src=\"data:image\/svg+xml;base64,PHN2ZyB3aWR0aD0iMSIgaGVpZ2h0PSIxIiB4bWxucz0iaHR0cDovL3d3dy53My5vcmcvMjAwMC9zdmciPjwvc3ZnPg==\" \/><\/a><figcaption class=\"wp-element-caption\">Perithemis bella m\u00e2le, petit lac entre ARC et Tahuayo, 18\/08\/23<\/figcaption><\/figure>\n\n\n\n<p><span style=\"text-decoration: underline;\">\u00c9tymologie<br \/><\/span>Le genre <strong>Perithemis<\/strong> a \u00e9t\u00e9 cr\u00e9\u00e9 par Hagen en 1861, du grec <em>peri<\/em>, &#8211;<em>autour<\/em> et de <em>Themis<\/em>, d\u00e9esse grecque de L\u2019Ordre et de la Justice. Themis est fr\u00e9quemment utilis\u00e9 encore apr\u00e8s Hagen, pour nommer des Libellulidae, par imitation de ce que faisaient les anciens en utilisant des noms issus de la mythologie.\u00a0<br \/>Ian Endersby et Heinrich Fliedner (4) proposent cette origine : \u00ab\u00a0Le nom se rapporte probablement \u00e0 l&rsquo;abdomen plus \u00e9troit \u00e0 la base (= autour du corps) qui est une caract\u00e9ristique distinctive\u00a0\u00bb et Hagen \u00e9crit :\u00a0\u00bb abdomen beaucoup plus court que\u00a0 les ailes, large, aplati, plus \u00e9troit \u00e0 la base\u00a0\u00bb.<br \/><strong>Bella<\/strong> est fourni par Kirby, qui ne donne aucun indice. Mais, en latin, c&rsquo;est le<em> nominatif\u00a0singulier\u00a0f\u00e9minin\u00a0d&rsquo;un\u00a0adjectif<\/em> signifiant \u00ab joli, \u00e9l\u00e9gant \u00bb et il est vraisemblable que Kirby l&rsquo;ait trouv\u00e9 tr\u00e8s joli&#8230;<\/p>\n\n\n\n<div style=\"height:40px\" aria-hidden=\"true\" class=\"wp-block-spacer\"><\/div>\n\n\n\n<p style=\"font-size:13px\">1- Kirby W. F. \u00ab\u00a0<a href=\"https:\/\/www.biodiversitylibrary.org\/page\/32227964#page\/440\/mode\/1up\">A revision of the subfamily Libellulinae, with descriptions of new genera and species<\/a>\u00ab\u00a0. Trans. 2001. Soc. London 12: 249-348, pls. 51-57. 1889<br>2- Kirby W. F. \u00ab\u00a0<a href=\"https:\/\/www.biodiversitylibrary.org\/partpdf\/59660\">List of the Neuroptera collected by Mr. E. E. Austen on the Amazons &amp;c. during the recent expedition of Messrs. Siemens Bros. Cable S. S. \u2018Faraday,\u2019 with descriptions of several new species of Odonata (dragonflies)<\/a>\u00ab\u00a0<br>3- Ris F. \u00ab\u00a0<a href=\"https:\/\/deepblue.lib.umich.edu\/bitstream\/handle\/2027.42\/56266\/MP021.pdf?sequence=1\">A Revision of the Libelluline Genus Perithemis (Odonata)<\/a>\u00a0\u00bb , University of Michigan, Museum of Zoology, Miscellaneous Publications No. 21<br>4- The Scientific Names of North American Dragonflies, Heinrich Fliedner, Ian Endersby \u2013 Busybird Publishing 2019<\/p>\n\n\n\n<div style=\"height:33px\" aria-hidden=\"true\" class=\"wp-block-spacer\"><\/div>\n\n\n\n<div class=\"wp-block-buttons is-layout-flex wp-block-buttons-is-layout-flex\">\n<div class=\"wp-block-button\"><a class=\"wp-block-button__link wp-element-button\" href=\"https:\/\/www.meslibellules.fr\/blog\/odonates-du-perou-peruvian-odonates\/\">Accueil P\u00e9rou<\/a><\/div>\n<\/div>\n\n\n\n<p><\/p>\n","protected":false},"excerpt":{"rendered":"<p>Perithemis bella est une raret\u00e9, il n&rsquo;existait pas de photos disponibles sur le Web avant celles de notre \u00e9quipe, \u00e0 part celles de Dennis Paulson, \u00e0 la fois sous forme de scan, dans sa collection ou au P\u00e9rou sur Inaturalist.C&rsquo;est un insecte minuscule, 23 \u00e0 24 mm au total, dont les ailes sont tr\u00e8s richement [&hellip;]<\/p>\n","protected":false},"author":1,"featured_media":0,"comment_status":"open","ping_status":"open","sticky":false,"template":"","format":"image","meta":{"site-sidebar-layout":"default","site-content-layout":"","ast-site-content-layout":"default","site-content-style":"default","site-sidebar-style":"default","ast-global-header-display":"","ast-banner-title-visibility":"","ast-main-header-display":"","ast-hfb-above-header-display":"","ast-hfb-below-header-display":"","ast-hfb-mobile-header-display":"","site-post-title":"","ast-breadcrumbs-content":"","ast-featured-img":"","footer-sml-layout":"","ast-disable-related-posts":"","theme-transparent-header-meta":"","adv-header-id-meta":"","stick-header-meta":"","header-above-stick-meta":"","header-main-stick-meta":"","header-below-stick-meta":"","astra-migrate-meta-layouts":"set","ast-page-background-enabled":"default","ast-page-background-meta":{"desktop":{"background-color":"var(--ast-global-color-4)","background-image":"","background-repeat":"repeat","background-position":"center center","background-size":"auto","background-attachment":"scroll","background-type":"","background-media":"","overlay-type":"","overlay-color":"","overlay-opacity":"","overlay-gradient":""},"tablet":{"background-color":"","background-image":"","background-repeat":"repeat","background-position":"center center","background-size":"auto","background-attachment":"scroll","background-type":"","background-media":"","overlay-type":"","overlay-color":"","overlay-opacity":"","overlay-gradient":""},"mobile":{"background-color":"","background-image":"","background-repeat":"repeat","background-position":"center center","background-size":"auto","background-attachment":"scroll","background-type":"","background-media":"","overlay-type":"","overlay-color":"","overlay-opacity":"","overlay-gradient":""}},"ast-content-background-meta":{"desktop":{"background-color":"var(--ast-global-color-5)","background-image":"","background-repeat":"repeat","background-position":"center center","background-size":"auto","background-attachment":"scroll","background-type":"","background-media":"","overlay-type":"","overlay-color":"","overlay-opacity":"","overlay-gradient":""},"tablet":{"background-color":"var(--ast-global-color-5)","background-image":"","background-repeat":"repeat","background-position":"center center","background-size":"auto","background-attachment":"scroll","background-type":"","background-media":"","overlay-type":"","overlay-color":"","overlay-opacity":"","overlay-gradient":""},"mobile":{"background-color":"var(--ast-global-color-5)","background-image":"","background-repeat":"repeat","background-position":"center center","background-size":"auto","background-attachment":"scroll","background-type":"","background-media":"","overlay-type":"","overlay-color":"","overlay-opacity":"","overlay-gradient":""}},"footnotes":""},"categories":[1304,1303],"tags":[1306,1305],"class_list":["post-19586","post","type-post","status-publish","format-image","hentry","category-libellulidae-perou-2","category-perou","tag-libellulidae-perou","tag-perou","post_format-post-format-image"],"yoast_head":"<!-- This site is optimized with the Yoast SEO plugin v27.5 - https:\/\/yoast.com\/product\/yoast-seo-wordpress\/ -->\n<title>Perithemis bella - Mes Libellules<\/title>\n<meta name=\"description\" content=\"Perithemis bella au P\u00e9rou, description, identification, taille, habitat, distribution g\u00e9ographique, \u00e9tymologie\" \/>\n<meta name=\"robots\" content=\"index, follow, max-snippet:-1, max-image-preview:large, max-video-preview:-1\" \/>\n<link rel=\"canonical\" href=\"https:\/\/www.meslibellules.fr\/blog\/2024\/05\/02\/perithemis-bella\/\" \/>\n<meta property=\"og:locale\" content=\"fr_FR\" \/>\n<meta property=\"og:type\" content=\"article\" \/>\n<meta property=\"og:title\" content=\"Perithemis bella - Mes Libellules\" \/>\n<meta property=\"og:description\" content=\"Perithemis bella au P\u00e9rou, description, identification, taille, habitat, distribution g\u00e9ographique, \u00e9tymologie\" \/>\n<meta property=\"og:url\" content=\"https:\/\/www.meslibellules.fr\/blog\/2024\/05\/02\/perithemis-bella\/\" \/>\n<meta property=\"og:site_name\" content=\"Mes Libellules\" \/>\n<meta property=\"article:publisher\" content=\"https:\/\/www.facebook.com\/benoit.guillon.96\/\" \/>\n<meta property=\"article:author\" content=\"https:\/\/www.facebook.com\/benoit.guillon.96\/\" \/>\n<meta property=\"article:published_time\" content=\"2024-05-02T17:27:24+00:00\" \/>\n<meta property=\"article:modified_time\" content=\"2024-05-07T18:58:21+00:00\" \/>\n<meta property=\"og:image\" content=\"https:\/\/www.meslibellules.fr\/blog\/wp-content\/uploads\/Perithemis-bella-male-1.webp\" \/>\n<meta name=\"author\" content=\"Beno\u00eet Guillon\" \/>\n<meta name=\"twitter:card\" content=\"summary_large_image\" \/>\n<meta name=\"twitter:label1\" content=\"\u00c9crit par\" \/>\n\t<meta name=\"twitter:data1\" content=\"Beno\u00eet Guillon\" \/>\n\t<meta name=\"twitter:label2\" content=\"Dur\u00e9e de lecture estim\u00e9e\" \/>\n\t<meta name=\"twitter:data2\" content=\"5 minutes\" \/>\n<script type=\"application\/ld+json\" class=\"yoast-schema-graph\">{\"@context\":\"https:\\\/\\\/schema.org\",\"@graph\":[{\"@type\":\"Article\",\"@id\":\"https:\\\/\\\/www.meslibellules.fr\\\/blog\\\/2024\\\/05\\\/02\\\/perithemis-bella\\\/#article\",\"isPartOf\":{\"@id\":\"https:\\\/\\\/www.meslibellules.fr\\\/blog\\\/2024\\\/05\\\/02\\\/perithemis-bella\\\/\"},\"author\":{\"name\":\"Beno\u00eet Guillon\",\"@id\":\"https:\\\/\\\/www.meslibellules.fr\\\/blog\\\/#\\\/schema\\\/person\\\/9aa3586f9dd053fcf329f43b8b053c77\"},\"headline\":\"P\u00e9rou &#8211; Perithemis bella (Kirby, 1889)\",\"datePublished\":\"2024-05-02T17:27:24+00:00\",\"dateModified\":\"2024-05-07T18:58:21+00:00\",\"mainEntityOfPage\":{\"@id\":\"https:\\\/\\\/www.meslibellules.fr\\\/blog\\\/2024\\\/05\\\/02\\\/perithemis-bella\\\/\"},\"wordCount\":739,\"commentCount\":0,\"publisher\":{\"@id\":\"https:\\\/\\\/www.meslibellules.fr\\\/blog\\\/#\\\/schema\\\/person\\\/9aa3586f9dd053fcf329f43b8b053c77\"},\"image\":{\"@id\":\"https:\\\/\\\/www.meslibellules.fr\\\/blog\\\/2024\\\/05\\\/02\\\/perithemis-bella\\\/#primaryimage\"},\"thumbnailUrl\":\"https:\\\/\\\/www.meslibellules.fr\\\/blog\\\/wp-content\\\/uploads\\\/Perithemis-bella-male-1.webp\",\"keywords\":[\"Libellulidae - P\u00e9rou\",\"P\u00e9rou\"],\"articleSection\":[\"Libellulidae\",\"P\u00e9rou\"],\"inLanguage\":\"fr-FR\",\"potentialAction\":[{\"@type\":\"CommentAction\",\"name\":\"Comment\",\"target\":[\"https:\\\/\\\/www.meslibellules.fr\\\/blog\\\/2024\\\/05\\\/02\\\/perithemis-bella\\\/#respond\"]}]},{\"@type\":\"WebPage\",\"@id\":\"https:\\\/\\\/www.meslibellules.fr\\\/blog\\\/2024\\\/05\\\/02\\\/perithemis-bella\\\/\",\"url\":\"https:\\\/\\\/www.meslibellules.fr\\\/blog\\\/2024\\\/05\\\/02\\\/perithemis-bella\\\/\",\"name\":\"Perithemis bella - Mes Libellules\",\"isPartOf\":{\"@id\":\"https:\\\/\\\/www.meslibellules.fr\\\/blog\\\/#website\"},\"primaryImageOfPage\":{\"@id\":\"https:\\\/\\\/www.meslibellules.fr\\\/blog\\\/2024\\\/05\\\/02\\\/perithemis-bella\\\/#primaryimage\"},\"image\":{\"@id\":\"https:\\\/\\\/www.meslibellules.fr\\\/blog\\\/2024\\\/05\\\/02\\\/perithemis-bella\\\/#primaryimage\"},\"thumbnailUrl\":\"https:\\\/\\\/www.meslibellules.fr\\\/blog\\\/wp-content\\\/uploads\\\/Perithemis-bella-male-1.webp\",\"datePublished\":\"2024-05-02T17:27:24+00:00\",\"dateModified\":\"2024-05-07T18:58:21+00:00\",\"description\":\"Perithemis bella au P\u00e9rou, description, identification, taille, habitat, distribution g\u00e9ographique, \u00e9tymologie\",\"breadcrumb\":{\"@id\":\"https:\\\/\\\/www.meslibellules.fr\\\/blog\\\/2024\\\/05\\\/02\\\/perithemis-bella\\\/#breadcrumb\"},\"inLanguage\":\"fr-FR\",\"potentialAction\":[{\"@type\":\"ReadAction\",\"target\":[\"https:\\\/\\\/www.meslibellules.fr\\\/blog\\\/2024\\\/05\\\/02\\\/perithemis-bella\\\/\"]}]},{\"@type\":\"ImageObject\",\"inLanguage\":\"fr-FR\",\"@id\":\"https:\\\/\\\/www.meslibellules.fr\\\/blog\\\/2024\\\/05\\\/02\\\/perithemis-bella\\\/#primaryimage\",\"url\":\"https:\\\/\\\/www.meslibellules.fr\\\/blog\\\/wp-content\\\/uploads\\\/Perithemis-bella-male-1.webp\",\"contentUrl\":\"https:\\\/\\\/www.meslibellules.fr\\\/blog\\\/wp-content\\\/uploads\\\/Perithemis-bella-male-1.webp\"},{\"@type\":\"BreadcrumbList\",\"@id\":\"https:\\\/\\\/www.meslibellules.fr\\\/blog\\\/2024\\\/05\\\/02\\\/perithemis-bella\\\/#breadcrumb\",\"itemListElement\":[{\"@type\":\"ListItem\",\"position\":1,\"name\":\"Accueil\",\"item\":\"https:\\\/\\\/www.meslibellules.fr\\\/blog\\\/\"},{\"@type\":\"ListItem\",\"position\":2,\"name\":\"P\u00e9rou &#8211; Perithemis bella (Kirby, 1889)\"}]},{\"@type\":\"WebSite\",\"@id\":\"https:\\\/\\\/www.meslibellules.fr\\\/blog\\\/#website\",\"url\":\"https:\\\/\\\/www.meslibellules.fr\\\/blog\\\/\",\"name\":\"Mes Libellules\",\"description\":\"Pr\u00e9sentation des libellules rencontr\u00e9es dans le monde\",\"publisher\":{\"@id\":\"https:\\\/\\\/www.meslibellules.fr\\\/blog\\\/#\\\/schema\\\/person\\\/9aa3586f9dd053fcf329f43b8b053c77\"},\"potentialAction\":[{\"@type\":\"SearchAction\",\"target\":{\"@type\":\"EntryPoint\",\"urlTemplate\":\"https:\\\/\\\/www.meslibellules.fr\\\/blog\\\/?s={search_term_string}\"},\"query-input\":{\"@type\":\"PropertyValueSpecification\",\"valueRequired\":true,\"valueName\":\"search_term_string\"}}],\"inLanguage\":\"fr-FR\"},{\"@type\":[\"Person\",\"Organization\"],\"@id\":\"https:\\\/\\\/www.meslibellules.fr\\\/blog\\\/#\\\/schema\\\/person\\\/9aa3586f9dd053fcf329f43b8b053c77\",\"name\":\"Beno\u00eet Guillon\",\"image\":{\"@type\":\"ImageObject\",\"inLanguage\":\"fr-FR\",\"@id\":\"https:\\\/\\\/www.meslibellules.fr\\\/blog\\\/wp-content\\\/uploads\\\/cropped-avatar-150-pix.jpg\",\"url\":\"https:\\\/\\\/www.meslibellules.fr\\\/blog\\\/wp-content\\\/uploads\\\/cropped-avatar-150-pix.jpg\",\"contentUrl\":\"https:\\\/\\\/www.meslibellules.fr\\\/blog\\\/wp-content\\\/uploads\\\/cropped-avatar-150-pix.jpg\",\"width\":150,\"height\":137,\"caption\":\"Beno\u00eet Guillon\"},\"logo\":{\"@id\":\"https:\\\/\\\/www.meslibellules.fr\\\/blog\\\/wp-content\\\/uploads\\\/cropped-avatar-150-pix.jpg\"},\"sameAs\":[\"https:\\\/\\\/www.facebook.com\\\/benoit.guillon.96\\\/\"]}]}<\/script>\n<!-- \/ Yoast SEO plugin. -->","yoast_head_json":{"title":"Perithemis bella - Mes Libellules","description":"Perithemis bella au P\u00e9rou, description, identification, taille, habitat, distribution g\u00e9ographique, \u00e9tymologie","robots":{"index":"index","follow":"follow","max-snippet":"max-snippet:-1","max-image-preview":"max-image-preview:large","max-video-preview":"max-video-preview:-1"},"canonical":"https:\/\/www.meslibellules.fr\/blog\/2024\/05\/02\/perithemis-bella\/","og_locale":"fr_FR","og_type":"article","og_title":"Perithemis bella - Mes Libellules","og_description":"Perithemis bella au P\u00e9rou, description, identification, taille, habitat, distribution g\u00e9ographique, \u00e9tymologie","og_url":"https:\/\/www.meslibellules.fr\/blog\/2024\/05\/02\/perithemis-bella\/","og_site_name":"Mes Libellules","article_publisher":"https:\/\/www.facebook.com\/benoit.guillon.96\/","article_author":"https:\/\/www.facebook.com\/benoit.guillon.96\/","article_published_time":"2024-05-02T17:27:24+00:00","article_modified_time":"2024-05-07T18:58:21+00:00","og_image":[{"url":"https:\/\/www.meslibellules.fr\/blog\/wp-content\/uploads\/Perithemis-bella-male-1.webp","type":"","width":"","height":""}],"author":"Beno\u00eet Guillon","twitter_card":"summary_large_image","twitter_misc":{"\u00c9crit par":"Beno\u00eet Guillon","Dur\u00e9e de lecture estim\u00e9e":"5 minutes"},"schema":{"@context":"https:\/\/schema.org","@graph":[{"@type":"Article","@id":"https:\/\/www.meslibellules.fr\/blog\/2024\/05\/02\/perithemis-bella\/#article","isPartOf":{"@id":"https:\/\/www.meslibellules.fr\/blog\/2024\/05\/02\/perithemis-bella\/"},"author":{"name":"Beno\u00eet Guillon","@id":"https:\/\/www.meslibellules.fr\/blog\/#\/schema\/person\/9aa3586f9dd053fcf329f43b8b053c77"},"headline":"P\u00e9rou &#8211; Perithemis bella (Kirby, 1889)","datePublished":"2024-05-02T17:27:24+00:00","dateModified":"2024-05-07T18:58:21+00:00","mainEntityOfPage":{"@id":"https:\/\/www.meslibellules.fr\/blog\/2024\/05\/02\/perithemis-bella\/"},"wordCount":739,"commentCount":0,"publisher":{"@id":"https:\/\/www.meslibellules.fr\/blog\/#\/schema\/person\/9aa3586f9dd053fcf329f43b8b053c77"},"image":{"@id":"https:\/\/www.meslibellules.fr\/blog\/2024\/05\/02\/perithemis-bella\/#primaryimage"},"thumbnailUrl":"https:\/\/www.meslibellules.fr\/blog\/wp-content\/uploads\/Perithemis-bella-male-1.webp","keywords":["Libellulidae - P\u00e9rou","P\u00e9rou"],"articleSection":["Libellulidae","P\u00e9rou"],"inLanguage":"fr-FR","potentialAction":[{"@type":"CommentAction","name":"Comment","target":["https:\/\/www.meslibellules.fr\/blog\/2024\/05\/02\/perithemis-bella\/#respond"]}]},{"@type":"WebPage","@id":"https:\/\/www.meslibellules.fr\/blog\/2024\/05\/02\/perithemis-bella\/","url":"https:\/\/www.meslibellules.fr\/blog\/2024\/05\/02\/perithemis-bella\/","name":"Perithemis bella - Mes Libellules","isPartOf":{"@id":"https:\/\/www.meslibellules.fr\/blog\/#website"},"primaryImageOfPage":{"@id":"https:\/\/www.meslibellules.fr\/blog\/2024\/05\/02\/perithemis-bella\/#primaryimage"},"image":{"@id":"https:\/\/www.meslibellules.fr\/blog\/2024\/05\/02\/perithemis-bella\/#primaryimage"},"thumbnailUrl":"https:\/\/www.meslibellules.fr\/blog\/wp-content\/uploads\/Perithemis-bella-male-1.webp","datePublished":"2024-05-02T17:27:24+00:00","dateModified":"2024-05-07T18:58:21+00:00","description":"Perithemis bella au P\u00e9rou, description, identification, taille, habitat, distribution g\u00e9ographique, \u00e9tymologie","breadcrumb":{"@id":"https:\/\/www.meslibellules.fr\/blog\/2024\/05\/02\/perithemis-bella\/#breadcrumb"},"inLanguage":"fr-FR","potentialAction":[{"@type":"ReadAction","target":["https:\/\/www.meslibellules.fr\/blog\/2024\/05\/02\/perithemis-bella\/"]}]},{"@type":"ImageObject","inLanguage":"fr-FR","@id":"https:\/\/www.meslibellules.fr\/blog\/2024\/05\/02\/perithemis-bella\/#primaryimage","url":"https:\/\/www.meslibellules.fr\/blog\/wp-content\/uploads\/Perithemis-bella-male-1.webp","contentUrl":"https:\/\/www.meslibellules.fr\/blog\/wp-content\/uploads\/Perithemis-bella-male-1.webp"},{"@type":"BreadcrumbList","@id":"https:\/\/www.meslibellules.fr\/blog\/2024\/05\/02\/perithemis-bella\/#breadcrumb","itemListElement":[{"@type":"ListItem","position":1,"name":"Accueil","item":"https:\/\/www.meslibellules.fr\/blog\/"},{"@type":"ListItem","position":2,"name":"P\u00e9rou &#8211; Perithemis bella (Kirby, 1889)"}]},{"@type":"WebSite","@id":"https:\/\/www.meslibellules.fr\/blog\/#website","url":"https:\/\/www.meslibellules.fr\/blog\/","name":"Mes Libellules","description":"Pr\u00e9sentation des libellules rencontr\u00e9es dans le monde","publisher":{"@id":"https:\/\/www.meslibellules.fr\/blog\/#\/schema\/person\/9aa3586f9dd053fcf329f43b8b053c77"},"potentialAction":[{"@type":"SearchAction","target":{"@type":"EntryPoint","urlTemplate":"https:\/\/www.meslibellules.fr\/blog\/?s={search_term_string}"},"query-input":{"@type":"PropertyValueSpecification","valueRequired":true,"valueName":"search_term_string"}}],"inLanguage":"fr-FR"},{"@type":["Person","Organization"],"@id":"https:\/\/www.meslibellules.fr\/blog\/#\/schema\/person\/9aa3586f9dd053fcf329f43b8b053c77","name":"Beno\u00eet Guillon","image":{"@type":"ImageObject","inLanguage":"fr-FR","@id":"https:\/\/www.meslibellules.fr\/blog\/wp-content\/uploads\/cropped-avatar-150-pix.jpg","url":"https:\/\/www.meslibellules.fr\/blog\/wp-content\/uploads\/cropped-avatar-150-pix.jpg","contentUrl":"https:\/\/www.meslibellules.fr\/blog\/wp-content\/uploads\/cropped-avatar-150-pix.jpg","width":150,"height":137,"caption":"Beno\u00eet Guillon"},"logo":{"@id":"https:\/\/www.meslibellules.fr\/blog\/wp-content\/uploads\/cropped-avatar-150-pix.jpg"},"sameAs":["https:\/\/www.facebook.com\/benoit.guillon.96\/"]}]}},"_links":{"self":[{"href":"https:\/\/www.meslibellules.fr\/blog\/wp-json\/wp\/v2\/posts\/19586","targetHints":{"allow":["GET"]}}],"collection":[{"href":"https:\/\/www.meslibellules.fr\/blog\/wp-json\/wp\/v2\/posts"}],"about":[{"href":"https:\/\/www.meslibellules.fr\/blog\/wp-json\/wp\/v2\/types\/post"}],"author":[{"embeddable":true,"href":"https:\/\/www.meslibellules.fr\/blog\/wp-json\/wp\/v2\/users\/1"}],"replies":[{"embeddable":true,"href":"https:\/\/www.meslibellules.fr\/blog\/wp-json\/wp\/v2\/comments?post=19586"}],"version-history":[{"count":0,"href":"https:\/\/www.meslibellules.fr\/blog\/wp-json\/wp\/v2\/posts\/19586\/revisions"}],"wp:attachment":[{"href":"https:\/\/www.meslibellules.fr\/blog\/wp-json\/wp\/v2\/media?parent=19586"}],"wp:term":[{"taxonomy":"category","embeddable":true,"href":"https:\/\/www.meslibellules.fr\/blog\/wp-json\/wp\/v2\/categories?post=19586"},{"taxonomy":"post_tag","embeddable":true,"href":"https:\/\/www.meslibellules.fr\/blog\/wp-json\/wp\/v2\/tags?post=19586"}],"curies":[{"name":"wp","href":"https:\/\/api.w.org\/{rel}","templated":true}]}}