{"id":19690,"date":"2024-05-08T18:52:30","date_gmt":"2024-05-08T16:52:30","guid":{"rendered":"https:\/\/www.meslibellules.fr\/blog\/?p=19690"},"modified":"2025-01-18T09:00:26","modified_gmt":"2025-01-18T08:00:26","slug":"perithemis-cornelia","status":"publish","type":"post","link":"https:\/\/www.meslibellules.fr\/blog\/2024\/05\/08\/perithemis-cornelia\/","title":{"rendered":"P\u00e9rou &#8211; Perithemis cornelia (Ris, 1910)"},"content":{"rendered":"\n<figure class=\"wp-block-image aligncenter size-full is-resized\"><a href=\"https:\/\/www.meslibellules.fr\/blog\/wp-content\/uploads\/Perithemis-cornelia-male-1.webp\"><img decoding=\"async\" width=\"1256\" height=\"1204\" data-src=\"https:\/\/www.meslibellules.fr\/blog\/wp-content\/uploads\/Perithemis-cornelia-male-1.webp\" alt=\"Perithemis cornelia m\u00e2le, P\u00e9rou, Tahuayo Lodge, 25\/08\/2023\" class=\"wp-image-19687 lazyload\" style=\"--smush-placeholder-width: 1256px; --smush-placeholder-aspect-ratio: 1256\/1204;width:480px;height:auto\" data-srcset=\"https:\/\/www.meslibellules.fr\/blog\/wp-content\/uploads\/Perithemis-cornelia-male-1.webp 1256w, https:\/\/www.meslibellules.fr\/blog\/wp-content\/uploads\/Perithemis-cornelia-male-1-768x736.webp 768w\" data-sizes=\"(max-width: 1256px) 100vw, 1256px\" src=\"data:image\/svg+xml;base64,PHN2ZyB3aWR0aD0iMSIgaGVpZ2h0PSIxIiB4bWxucz0iaHR0cDovL3d3dy53My5vcmcvMjAwMC9zdmciPjwvc3ZnPg==\" \/><\/a><figcaption class=\"wp-element-caption\">Perithemis cornelia m\u00e2le, P\u00e9rou, Tahuayo Lodge, 25\/08\/2023<\/figcaption><\/figure>\n\n\n\n<p>Une seule et unique rencontre avec Perithemis cornelia sur un seul support, sous le m\u00eame angle, en tentant de s&rsquo;approcher dans l&rsquo;eau trop profonde d&rsquo;une petite rivi\u00e8re. C&rsquo;est tout de m\u00eame un cadeau, car c&rsquo;est la derni\u00e8re matin\u00e9e de prospection, nous reprenons la pirogue pour retourner vers Iquitos d\u00e8s l&rsquo;apr\u00e8s-midi.<br>C&rsquo;est sans doute un jeune sujet dont les ailes dor\u00e9es montrent \u00e0 peine les marques plus sombres caract\u00e9ristiques de l&rsquo;esp\u00e8ce ; on les devine cependant, sur l&rsquo;aile post\u00e9rieure, juste apr\u00e8s et en dessous du nodus et plus bas, sous la forme d&rsquo;une large virgule un peu plus sombre. On ne distingue pas les marques des ailes ant\u00e9rieures, en principe identiques pr\u00e8s du nodus mais aussi \u00e0 l&rsquo;extr\u00e9mit\u00e9 du subtriangle.<br>Mais ces marques sombres sont tr\u00e8s variables quant \u00e0 leur extension et leur intensit\u00e9. Et j&rsquo;ai eu quelques doutes quand j&rsquo;ai vu les pt\u00e9rographies figurant dans la r\u00e9vision de Ris (1). Elles semblent n&rsquo;avoir aucun rapport avec les ailes de mon sujet&#8230; Il me manque sans doute un \u00e9l\u00e9ment, car mon sujet est bien copie-conforme de ce qu&rsquo;on trouve sur le Web,<a href=\"https:\/\/www.inaturalist.org\/observations?taxon_id=109157\"> Inaturalist<\/a> par exemple.<\/p>\n\n\n\n<figure class=\"wp-block-image aligncenter size-full is-resized\"><a href=\"https:\/\/www.meslibellules.fr\/blog\/wp-content\/uploads\/Perithemis-cornelia-male-2.webp\"><img decoding=\"async\" width=\"1234\" height=\"1204\" data-src=\"https:\/\/www.meslibellules.fr\/blog\/wp-content\/uploads\/Perithemis-cornelia-male-2.webp\" alt=\"Perithemis cornelia m\u00e2le, P\u00e9rou, Tahuayo Lodge, 25\/08\/2023\" class=\"wp-image-19688 lazyload\" style=\"--smush-placeholder-width: 1234px; --smush-placeholder-aspect-ratio: 1234\/1204;width:488px;height:auto\" data-srcset=\"https:\/\/www.meslibellules.fr\/blog\/wp-content\/uploads\/Perithemis-cornelia-male-2.webp 1234w, https:\/\/www.meslibellules.fr\/blog\/wp-content\/uploads\/Perithemis-cornelia-male-2-768x749.webp 768w\" data-sizes=\"(max-width: 1234px) 100vw, 1234px\" src=\"data:image\/svg+xml;base64,PHN2ZyB3aWR0aD0iMSIgaGVpZ2h0PSIxIiB4bWxucz0iaHR0cDovL3d3dy53My5vcmcvMjAwMC9zdmciPjwvc3ZnPg==\" \/><\/a><figcaption class=\"wp-element-caption\">Perithemis cornelia m\u00e2le, P\u00e9rou, Tahuayo Lodge, 25\/08\/2023<\/figcaption><\/figure>\n\n\n\n<p>Plusieurs autres d\u00e9tails confirment l&rsquo;identification : les pattes toutes jaunes, le thorax jaune avec des faibles marques noires sur les sutures, l&rsquo;abdomen d\u00e9pourvu de marques sombres. Et surtout, l&rsquo;extr\u00e9mit\u00e9 des ailes hyalines, tr\u00e8s visiblement sur les ailes ant\u00e9rieures, moins sur les post\u00e9rieures.<br>C&rsquo;est une tr\u00e8s petite esp\u00e8ce et Ris, dans sa r\u00e9vision du genre (1) nous dit que l&rsquo;abdomen mesure seulement 13 mm, ce qui donne une longueur totale de moins de 25 mm (le \u00d8 d&rsquo;une pi\u00e8ce de 2\u20ac !).<br>La photo ci-dessus souligne l&rsquo;aspect disproportionn\u00e9 de l&rsquo;insecte, les yeux \u00e9normes par rapport au thorax.<br><br>Les Perithemis se rencontrent, selon les esp\u00e8ces, sur des ruisseaux, des petites rivi\u00e8res ou des lacs et \u00e9tangs ; celui-ci semble donc pr\u00e9f\u00e9rer les eaux faiblement courantes.<\/p>\n\n\n\n<figure class=\"wp-block-image aligncenter size-full is-resized\"><a href=\"https:\/\/www.meslibellules.fr\/blog\/wp-content\/uploads\/Perithemis-cornelia-male-3.webp\"><img decoding=\"async\" width=\"1107\" height=\"1204\" data-src=\"https:\/\/www.meslibellules.fr\/blog\/wp-content\/uploads\/Perithemis-cornelia-male-3.webp\" alt=\"Perithemis cornelia m\u00e2le, P\u00e9rou, Tahuayo Lodge, 25\/08\/2023\" class=\"wp-image-19689 lazyload\" style=\"--smush-placeholder-width: 1107px; --smush-placeholder-aspect-ratio: 1107\/1204;width:497px;height:auto\" data-srcset=\"https:\/\/www.meslibellules.fr\/blog\/wp-content\/uploads\/Perithemis-cornelia-male-3.webp 1107w, https:\/\/www.meslibellules.fr\/blog\/wp-content\/uploads\/Perithemis-cornelia-male-3-768x835.webp 768w\" data-sizes=\"(max-width: 1107px) 100vw, 1107px\" src=\"data:image\/svg+xml;base64,PHN2ZyB3aWR0aD0iMSIgaGVpZ2h0PSIxIiB4bWxucz0iaHR0cDovL3d3dy53My5vcmcvMjAwMC9zdmciPjwvc3ZnPg==\" \/><\/a><figcaption class=\"wp-element-caption\">Perithemis cornelia m\u00e2le, P\u00e9rou, Tahuayo Lodge, 25\/08\/2023<\/figcaption><\/figure>\n\n\n\n<p>On peut rencontrer Perithemis cornelia dans tout l&rsquo;est du bassin amazonien : de la Guyane Fran\u00e7aise \u00e0 la Colombie, l&rsquo;est du P\u00e9rou,   le nord de la Bolivie et l&rsquo;est du Br\u00e9sil. <br><a href=\"https:\/\/www.iucnredlist.org\/species\/158904\/5290229#geographic-range\">IUCN Red List<\/a><\/p>\n\n\n\n<p><span style=\"text-decoration: underline;\">\u00c9tymologie<\/span><br \/>Le genre\u00a0<strong>Perithemis<\/strong>\u00a0a \u00e9t\u00e9 cr\u00e9\u00e9 par Hagen en 1861, du grec\u00a0<em>peri<\/em>, \u2013<em>autour<\/em>\u00a0et de\u00a0<em>Themis<\/em>, d\u00e9esse grecque de L\u2019Ordre et de la Justice. Themis est fr\u00e9quemment utilis\u00e9 encore apr\u00e8s Hagen, pour nommer des Libellulidae, par imitation de ce que faisaient les anciens en utilisant des noms issus de la mythologie.\u00a0<br \/>Ian Endersby et Heinrich Fliedner (2) proposent cette origine : \u00ab Le nom se rapporte probablement \u00e0 l\u2019abdomen plus \u00e9troit \u00e0 la base (= autour du corps) qui est une caract\u00e9ristique distinctive \u00bb et Hagen \u00e9crit : \u00bb abdomen beaucoup plus court que les ailes, large, aplati, plus \u00e9troit \u00e0 la base \u00bb.<br \/><strong>Cornelia<\/strong> est une r\u00e9f\u00e9rence \u00e0 l&rsquo;histoire antique ; Ris, \u00e9crit dans ses \u00ab\u00a0Libellulinen\u00a0\u00bb que pour quelques nouveaux noms, il a suivi l&rsquo;exemple de Drury en les choisissant parmi les femmes de l&rsquo;<em>Ancien Monde <\/em>(3)<em>.<\/em> De nombreux personnages historiques romains portent ce nom, issu du clan Corneli, mais il est impossible de conna\u00eetre de fa\u00e7on certaine celui (celle plut\u00f4t !) qu&rsquo;honore Ris, peut-\u00eatre Cornelia Africana, la fille de Scipion l&rsquo;Africain et m\u00e8re des r\u00e9formateurs Gracchus, peinte par de nombreux artistes.<\/p>\n\n\n\n<div style=\"height:34px\" aria-hidden=\"true\" class=\"wp-block-spacer\"><\/div>\n\n\n\n<p style=\"font-size:13px\">1- Ris F. \u00ab\u00a0<a href=\"https:\/\/deepblue.lib.umich.edu\/bitstream\/handle\/2027.42\/56266\/MP021.pdf?sequence=1\">A Revision of the Libelluline Genus Perithemis (Odonata)<\/a>\u00a0\u00bb, University of Michigan, Museum of Zoology, Miscellaneous Publications No. 21<br>2- The Scientific Names of North American Dragonflies, Heinrich Fliedner, Ian Endersby \u2013 Busybird Publishing 2019<br>3- 3- Heinrich Fliedner, 2021 &#8211; <a href=\"https:\/\/www.researchgate.net\/publication\/367150062_The_scientific_names_of_Ris'_odonate_taxa#fullTextFileContent\">The scientific names of Ris&rsquo; odonate taxa<\/a> &#8211; Journal of the International Dragonfly Fund<\/p>\n\n\n\n<div style=\"height:30px\" aria-hidden=\"true\" class=\"wp-block-spacer\"><\/div>\n\n\n\n<div class=\"wp-block-buttons is-layout-flex wp-block-buttons-is-layout-flex\">\n<div class=\"wp-block-button\"><a class=\"wp-block-button__link wp-element-button\" href=\"https:\/\/www.meslibellules.fr\/blog\/odonates-du-perou-peruvian-odonates\/\">Accueil P\u00e9rou<\/a><\/div>\n<\/div>\n\n\n\n<p><\/p>\n\n\n\n<p><\/p>\n\n\n\n<p><\/p>\n\n\n\n<p><\/p>\n\n\n\n<p><\/p>\n\n\n\n<p><\/p>\n\n\n\n<p><\/p>\n\n\n\n<p><\/p>\n\n\n\n<p><\/p>\n\n\n\n<p><\/p>\n\n\n\n<p><\/p>\n","protected":false},"excerpt":{"rendered":"<p>Une seule et unique rencontre avec Perithemis cornelia sur un seul support, sous le m\u00eame angle, en tentant de s&rsquo;approcher dans l&rsquo;eau trop profonde d&rsquo;une petite rivi\u00e8re. C&rsquo;est tout de m\u00eame un cadeau, car c&rsquo;est la derni\u00e8re matin\u00e9e de prospection, nous reprenons la pirogue pour retourner vers Iquitos d\u00e8s l&rsquo;apr\u00e8s-midi.C&rsquo;est sans doute un jeune sujet [&hellip;]<\/p>\n","protected":false},"author":1,"featured_media":0,"comment_status":"open","ping_status":"open","sticky":false,"template":"","format":"image","meta":{"site-sidebar-layout":"default","site-content-layout":"","ast-site-content-layout":"default","site-content-style":"default","site-sidebar-style":"default","ast-global-header-display":"","ast-banner-title-visibility":"","ast-main-header-display":"","ast-hfb-above-header-display":"","ast-hfb-below-header-display":"","ast-hfb-mobile-header-display":"","site-post-title":"","ast-breadcrumbs-content":"","ast-featured-img":"","footer-sml-layout":"","ast-disable-related-posts":"","theme-transparent-header-meta":"","adv-header-id-meta":"","stick-header-meta":"","header-above-stick-meta":"","header-main-stick-meta":"","header-below-stick-meta":"","astra-migrate-meta-layouts":"set","ast-page-background-enabled":"default","ast-page-background-meta":{"desktop":{"background-color":"var(--ast-global-color-4)","background-image":"","background-repeat":"repeat","background-position":"center center","background-size":"auto","background-attachment":"scroll","background-type":"","background-media":"","overlay-type":"","overlay-color":"","overlay-opacity":"","overlay-gradient":""},"tablet":{"background-color":"","background-image":"","background-repeat":"repeat","background-position":"center center","background-size":"auto","background-attachment":"scroll","background-type":"","background-media":"","overlay-type":"","overlay-color":"","overlay-opacity":"","overlay-gradient":""},"mobile":{"background-color":"","background-image":"","background-repeat":"repeat","background-position":"center center","background-size":"auto","background-attachment":"scroll","background-type":"","background-media":"","overlay-type":"","overlay-color":"","overlay-opacity":"","overlay-gradient":""}},"ast-content-background-meta":{"desktop":{"background-color":"var(--ast-global-color-5)","background-image":"","background-repeat":"repeat","background-position":"center center","background-size":"auto","background-attachment":"scroll","background-type":"","background-media":"","overlay-type":"","overlay-color":"","overlay-opacity":"","overlay-gradient":""},"tablet":{"background-color":"var(--ast-global-color-5)","background-image":"","background-repeat":"repeat","background-position":"center center","background-size":"auto","background-attachment":"scroll","background-type":"","background-media":"","overlay-type":"","overlay-color":"","overlay-opacity":"","overlay-gradient":""},"mobile":{"background-color":"var(--ast-global-color-5)","background-image":"","background-repeat":"repeat","background-position":"center center","background-size":"auto","background-attachment":"scroll","background-type":"","background-media":"","overlay-type":"","overlay-color":"","overlay-opacity":"","overlay-gradient":""}},"footnotes":""},"categories":[1304,1303],"tags":[1306,1305],"class_list":["post-19690","post","type-post","status-publish","format-image","hentry","category-libellulidae-perou-2","category-perou","tag-libellulidae-perou","tag-perou","post_format-post-format-image"],"yoast_head":"<!-- This site is optimized with the Yoast SEO plugin v27.5 - https:\/\/yoast.com\/product\/yoast-seo-wordpress\/ -->\n<title>Perithemis cornelia - Mes Libellules<\/title>\n<meta name=\"description\" content=\"Perithemis cornelia m\u00e2le au P\u00e9rou, description, identification, taille, habitat, distribution g\u00e9ographique, \u00e9tymologie\" \/>\n<meta name=\"robots\" content=\"index, follow, max-snippet:-1, max-image-preview:large, max-video-preview:-1\" \/>\n<link rel=\"canonical\" href=\"https:\/\/www.meslibellules.fr\/blog\/2024\/05\/08\/perithemis-cornelia\/\" \/>\n<meta property=\"og:locale\" content=\"fr_FR\" \/>\n<meta property=\"og:type\" content=\"article\" \/>\n<meta property=\"og:title\" content=\"Perithemis cornelia - Mes Libellules\" \/>\n<meta property=\"og:description\" content=\"Perithemis cornelia m\u00e2le au P\u00e9rou, description, identification, taille, habitat, distribution g\u00e9ographique, \u00e9tymologie\" \/>\n<meta property=\"og:url\" content=\"https:\/\/www.meslibellules.fr\/blog\/2024\/05\/08\/perithemis-cornelia\/\" \/>\n<meta property=\"og:site_name\" content=\"Mes Libellules\" \/>\n<meta property=\"article:publisher\" content=\"https:\/\/www.facebook.com\/benoit.guillon.96\/\" \/>\n<meta property=\"article:author\" content=\"https:\/\/www.facebook.com\/benoit.guillon.96\/\" \/>\n<meta property=\"article:published_time\" content=\"2024-05-08T16:52:30+00:00\" \/>\n<meta property=\"article:modified_time\" content=\"2025-01-18T08:00:26+00:00\" \/>\n<meta property=\"og:image\" content=\"https:\/\/www.meslibellules.fr\/blog\/wp-content\/uploads\/Perithemis-cornelia-male-1.webp\" \/>\n\t<meta property=\"og:image:width\" content=\"1256\" \/>\n\t<meta property=\"og:image:height\" content=\"1204\" \/>\n\t<meta property=\"og:image:type\" content=\"image\/webp\" \/>\n<meta name=\"author\" content=\"Beno\u00eet Guillon\" \/>\n<meta name=\"twitter:card\" content=\"summary_large_image\" \/>\n<meta name=\"twitter:label1\" content=\"\u00c9crit par\" \/>\n\t<meta name=\"twitter:data1\" content=\"Beno\u00eet Guillon\" \/>\n\t<meta name=\"twitter:label2\" content=\"Dur\u00e9e de lecture estim\u00e9e\" \/>\n\t<meta name=\"twitter:data2\" content=\"4 minutes\" \/>\n<script type=\"application\/ld+json\" class=\"yoast-schema-graph\">{\"@context\":\"https:\\\/\\\/schema.org\",\"@graph\":[{\"@type\":\"Article\",\"@id\":\"https:\\\/\\\/www.meslibellules.fr\\\/blog\\\/2024\\\/05\\\/08\\\/perithemis-cornelia\\\/#article\",\"isPartOf\":{\"@id\":\"https:\\\/\\\/www.meslibellules.fr\\\/blog\\\/2024\\\/05\\\/08\\\/perithemis-cornelia\\\/\"},\"author\":{\"name\":\"Beno\u00eet Guillon\",\"@id\":\"https:\\\/\\\/www.meslibellules.fr\\\/blog\\\/#\\\/schema\\\/person\\\/9aa3586f9dd053fcf329f43b8b053c77\"},\"headline\":\"P\u00e9rou &#8211; Perithemis cornelia (Ris, 1910)\",\"datePublished\":\"2024-05-08T16:52:30+00:00\",\"dateModified\":\"2025-01-18T08:00:26+00:00\",\"mainEntityOfPage\":{\"@id\":\"https:\\\/\\\/www.meslibellules.fr\\\/blog\\\/2024\\\/05\\\/08\\\/perithemis-cornelia\\\/\"},\"wordCount\":659,\"commentCount\":0,\"publisher\":{\"@id\":\"https:\\\/\\\/www.meslibellules.fr\\\/blog\\\/#\\\/schema\\\/person\\\/9aa3586f9dd053fcf329f43b8b053c77\"},\"image\":{\"@id\":\"https:\\\/\\\/www.meslibellules.fr\\\/blog\\\/2024\\\/05\\\/08\\\/perithemis-cornelia\\\/#primaryimage\"},\"thumbnailUrl\":\"https:\\\/\\\/www.meslibellules.fr\\\/blog\\\/wp-content\\\/uploads\\\/Perithemis-cornelia-male-1.webp\",\"keywords\":[\"Libellulidae - P\u00e9rou\",\"P\u00e9rou\"],\"articleSection\":[\"Libellulidae\",\"P\u00e9rou\"],\"inLanguage\":\"fr-FR\",\"potentialAction\":[{\"@type\":\"CommentAction\",\"name\":\"Comment\",\"target\":[\"https:\\\/\\\/www.meslibellules.fr\\\/blog\\\/2024\\\/05\\\/08\\\/perithemis-cornelia\\\/#respond\"]}]},{\"@type\":\"WebPage\",\"@id\":\"https:\\\/\\\/www.meslibellules.fr\\\/blog\\\/2024\\\/05\\\/08\\\/perithemis-cornelia\\\/\",\"url\":\"https:\\\/\\\/www.meslibellules.fr\\\/blog\\\/2024\\\/05\\\/08\\\/perithemis-cornelia\\\/\",\"name\":\"Perithemis cornelia - Mes Libellules\",\"isPartOf\":{\"@id\":\"https:\\\/\\\/www.meslibellules.fr\\\/blog\\\/#website\"},\"primaryImageOfPage\":{\"@id\":\"https:\\\/\\\/www.meslibellules.fr\\\/blog\\\/2024\\\/05\\\/08\\\/perithemis-cornelia\\\/#primaryimage\"},\"image\":{\"@id\":\"https:\\\/\\\/www.meslibellules.fr\\\/blog\\\/2024\\\/05\\\/08\\\/perithemis-cornelia\\\/#primaryimage\"},\"thumbnailUrl\":\"https:\\\/\\\/www.meslibellules.fr\\\/blog\\\/wp-content\\\/uploads\\\/Perithemis-cornelia-male-1.webp\",\"datePublished\":\"2024-05-08T16:52:30+00:00\",\"dateModified\":\"2025-01-18T08:00:26+00:00\",\"description\":\"Perithemis cornelia m\u00e2le au P\u00e9rou, description, identification, taille, habitat, distribution g\u00e9ographique, \u00e9tymologie\",\"breadcrumb\":{\"@id\":\"https:\\\/\\\/www.meslibellules.fr\\\/blog\\\/2024\\\/05\\\/08\\\/perithemis-cornelia\\\/#breadcrumb\"},\"inLanguage\":\"fr-FR\",\"potentialAction\":[{\"@type\":\"ReadAction\",\"target\":[\"https:\\\/\\\/www.meslibellules.fr\\\/blog\\\/2024\\\/05\\\/08\\\/perithemis-cornelia\\\/\"]}]},{\"@type\":\"ImageObject\",\"inLanguage\":\"fr-FR\",\"@id\":\"https:\\\/\\\/www.meslibellules.fr\\\/blog\\\/2024\\\/05\\\/08\\\/perithemis-cornelia\\\/#primaryimage\",\"url\":\"https:\\\/\\\/www.meslibellules.fr\\\/blog\\\/wp-content\\\/uploads\\\/Perithemis-cornelia-male-1.webp\",\"contentUrl\":\"https:\\\/\\\/www.meslibellules.fr\\\/blog\\\/wp-content\\\/uploads\\\/Perithemis-cornelia-male-1.webp\"},{\"@type\":\"BreadcrumbList\",\"@id\":\"https:\\\/\\\/www.meslibellules.fr\\\/blog\\\/2024\\\/05\\\/08\\\/perithemis-cornelia\\\/#breadcrumb\",\"itemListElement\":[{\"@type\":\"ListItem\",\"position\":1,\"name\":\"Accueil\",\"item\":\"https:\\\/\\\/www.meslibellules.fr\\\/blog\\\/\"},{\"@type\":\"ListItem\",\"position\":2,\"name\":\"P\u00e9rou &#8211; Perithemis cornelia (Ris, 1910)\"}]},{\"@type\":\"WebSite\",\"@id\":\"https:\\\/\\\/www.meslibellules.fr\\\/blog\\\/#website\",\"url\":\"https:\\\/\\\/www.meslibellules.fr\\\/blog\\\/\",\"name\":\"Mes Libellules\",\"description\":\"Pr\u00e9sentation des libellules rencontr\u00e9es dans le monde\",\"publisher\":{\"@id\":\"https:\\\/\\\/www.meslibellules.fr\\\/blog\\\/#\\\/schema\\\/person\\\/9aa3586f9dd053fcf329f43b8b053c77\"},\"potentialAction\":[{\"@type\":\"SearchAction\",\"target\":{\"@type\":\"EntryPoint\",\"urlTemplate\":\"https:\\\/\\\/www.meslibellules.fr\\\/blog\\\/?s={search_term_string}\"},\"query-input\":{\"@type\":\"PropertyValueSpecification\",\"valueRequired\":true,\"valueName\":\"search_term_string\"}}],\"inLanguage\":\"fr-FR\"},{\"@type\":[\"Person\",\"Organization\"],\"@id\":\"https:\\\/\\\/www.meslibellules.fr\\\/blog\\\/#\\\/schema\\\/person\\\/9aa3586f9dd053fcf329f43b8b053c77\",\"name\":\"Beno\u00eet Guillon\",\"image\":{\"@type\":\"ImageObject\",\"inLanguage\":\"fr-FR\",\"@id\":\"https:\\\/\\\/www.meslibellules.fr\\\/blog\\\/wp-content\\\/uploads\\\/cropped-avatar-150-pix.jpg\",\"url\":\"https:\\\/\\\/www.meslibellules.fr\\\/blog\\\/wp-content\\\/uploads\\\/cropped-avatar-150-pix.jpg\",\"contentUrl\":\"https:\\\/\\\/www.meslibellules.fr\\\/blog\\\/wp-content\\\/uploads\\\/cropped-avatar-150-pix.jpg\",\"width\":150,\"height\":137,\"caption\":\"Beno\u00eet Guillon\"},\"logo\":{\"@id\":\"https:\\\/\\\/www.meslibellules.fr\\\/blog\\\/wp-content\\\/uploads\\\/cropped-avatar-150-pix.jpg\"},\"sameAs\":[\"https:\\\/\\\/www.facebook.com\\\/benoit.guillon.96\\\/\"]}]}<\/script>\n<!-- \/ Yoast SEO plugin. -->","yoast_head_json":{"title":"Perithemis cornelia - Mes Libellules","description":"Perithemis cornelia m\u00e2le au P\u00e9rou, description, identification, taille, habitat, distribution g\u00e9ographique, \u00e9tymologie","robots":{"index":"index","follow":"follow","max-snippet":"max-snippet:-1","max-image-preview":"max-image-preview:large","max-video-preview":"max-video-preview:-1"},"canonical":"https:\/\/www.meslibellules.fr\/blog\/2024\/05\/08\/perithemis-cornelia\/","og_locale":"fr_FR","og_type":"article","og_title":"Perithemis cornelia - Mes Libellules","og_description":"Perithemis cornelia m\u00e2le au P\u00e9rou, description, identification, taille, habitat, distribution g\u00e9ographique, \u00e9tymologie","og_url":"https:\/\/www.meslibellules.fr\/blog\/2024\/05\/08\/perithemis-cornelia\/","og_site_name":"Mes Libellules","article_publisher":"https:\/\/www.facebook.com\/benoit.guillon.96\/","article_author":"https:\/\/www.facebook.com\/benoit.guillon.96\/","article_published_time":"2024-05-08T16:52:30+00:00","article_modified_time":"2025-01-18T08:00:26+00:00","og_image":[{"width":1256,"height":1204,"url":"https:\/\/www.meslibellules.fr\/blog\/wp-content\/uploads\/Perithemis-cornelia-male-1.webp","type":"image\/webp"}],"author":"Beno\u00eet Guillon","twitter_card":"summary_large_image","twitter_misc":{"\u00c9crit par":"Beno\u00eet Guillon","Dur\u00e9e de lecture estim\u00e9e":"4 minutes"},"schema":{"@context":"https:\/\/schema.org","@graph":[{"@type":"Article","@id":"https:\/\/www.meslibellules.fr\/blog\/2024\/05\/08\/perithemis-cornelia\/#article","isPartOf":{"@id":"https:\/\/www.meslibellules.fr\/blog\/2024\/05\/08\/perithemis-cornelia\/"},"author":{"name":"Beno\u00eet Guillon","@id":"https:\/\/www.meslibellules.fr\/blog\/#\/schema\/person\/9aa3586f9dd053fcf329f43b8b053c77"},"headline":"P\u00e9rou &#8211; Perithemis cornelia (Ris, 1910)","datePublished":"2024-05-08T16:52:30+00:00","dateModified":"2025-01-18T08:00:26+00:00","mainEntityOfPage":{"@id":"https:\/\/www.meslibellules.fr\/blog\/2024\/05\/08\/perithemis-cornelia\/"},"wordCount":659,"commentCount":0,"publisher":{"@id":"https:\/\/www.meslibellules.fr\/blog\/#\/schema\/person\/9aa3586f9dd053fcf329f43b8b053c77"},"image":{"@id":"https:\/\/www.meslibellules.fr\/blog\/2024\/05\/08\/perithemis-cornelia\/#primaryimage"},"thumbnailUrl":"https:\/\/www.meslibellules.fr\/blog\/wp-content\/uploads\/Perithemis-cornelia-male-1.webp","keywords":["Libellulidae - P\u00e9rou","P\u00e9rou"],"articleSection":["Libellulidae","P\u00e9rou"],"inLanguage":"fr-FR","potentialAction":[{"@type":"CommentAction","name":"Comment","target":["https:\/\/www.meslibellules.fr\/blog\/2024\/05\/08\/perithemis-cornelia\/#respond"]}]},{"@type":"WebPage","@id":"https:\/\/www.meslibellules.fr\/blog\/2024\/05\/08\/perithemis-cornelia\/","url":"https:\/\/www.meslibellules.fr\/blog\/2024\/05\/08\/perithemis-cornelia\/","name":"Perithemis cornelia - Mes Libellules","isPartOf":{"@id":"https:\/\/www.meslibellules.fr\/blog\/#website"},"primaryImageOfPage":{"@id":"https:\/\/www.meslibellules.fr\/blog\/2024\/05\/08\/perithemis-cornelia\/#primaryimage"},"image":{"@id":"https:\/\/www.meslibellules.fr\/blog\/2024\/05\/08\/perithemis-cornelia\/#primaryimage"},"thumbnailUrl":"https:\/\/www.meslibellules.fr\/blog\/wp-content\/uploads\/Perithemis-cornelia-male-1.webp","datePublished":"2024-05-08T16:52:30+00:00","dateModified":"2025-01-18T08:00:26+00:00","description":"Perithemis cornelia m\u00e2le au P\u00e9rou, description, identification, taille, habitat, distribution g\u00e9ographique, \u00e9tymologie","breadcrumb":{"@id":"https:\/\/www.meslibellules.fr\/blog\/2024\/05\/08\/perithemis-cornelia\/#breadcrumb"},"inLanguage":"fr-FR","potentialAction":[{"@type":"ReadAction","target":["https:\/\/www.meslibellules.fr\/blog\/2024\/05\/08\/perithemis-cornelia\/"]}]},{"@type":"ImageObject","inLanguage":"fr-FR","@id":"https:\/\/www.meslibellules.fr\/blog\/2024\/05\/08\/perithemis-cornelia\/#primaryimage","url":"https:\/\/www.meslibellules.fr\/blog\/wp-content\/uploads\/Perithemis-cornelia-male-1.webp","contentUrl":"https:\/\/www.meslibellules.fr\/blog\/wp-content\/uploads\/Perithemis-cornelia-male-1.webp"},{"@type":"BreadcrumbList","@id":"https:\/\/www.meslibellules.fr\/blog\/2024\/05\/08\/perithemis-cornelia\/#breadcrumb","itemListElement":[{"@type":"ListItem","position":1,"name":"Accueil","item":"https:\/\/www.meslibellules.fr\/blog\/"},{"@type":"ListItem","position":2,"name":"P\u00e9rou &#8211; Perithemis cornelia (Ris, 1910)"}]},{"@type":"WebSite","@id":"https:\/\/www.meslibellules.fr\/blog\/#website","url":"https:\/\/www.meslibellules.fr\/blog\/","name":"Mes Libellules","description":"Pr\u00e9sentation des libellules rencontr\u00e9es dans le monde","publisher":{"@id":"https:\/\/www.meslibellules.fr\/blog\/#\/schema\/person\/9aa3586f9dd053fcf329f43b8b053c77"},"potentialAction":[{"@type":"SearchAction","target":{"@type":"EntryPoint","urlTemplate":"https:\/\/www.meslibellules.fr\/blog\/?s={search_term_string}"},"query-input":{"@type":"PropertyValueSpecification","valueRequired":true,"valueName":"search_term_string"}}],"inLanguage":"fr-FR"},{"@type":["Person","Organization"],"@id":"https:\/\/www.meslibellules.fr\/blog\/#\/schema\/person\/9aa3586f9dd053fcf329f43b8b053c77","name":"Beno\u00eet Guillon","image":{"@type":"ImageObject","inLanguage":"fr-FR","@id":"https:\/\/www.meslibellules.fr\/blog\/wp-content\/uploads\/cropped-avatar-150-pix.jpg","url":"https:\/\/www.meslibellules.fr\/blog\/wp-content\/uploads\/cropped-avatar-150-pix.jpg","contentUrl":"https:\/\/www.meslibellules.fr\/blog\/wp-content\/uploads\/cropped-avatar-150-pix.jpg","width":150,"height":137,"caption":"Beno\u00eet Guillon"},"logo":{"@id":"https:\/\/www.meslibellules.fr\/blog\/wp-content\/uploads\/cropped-avatar-150-pix.jpg"},"sameAs":["https:\/\/www.facebook.com\/benoit.guillon.96\/"]}]}},"_links":{"self":[{"href":"https:\/\/www.meslibellules.fr\/blog\/wp-json\/wp\/v2\/posts\/19690","targetHints":{"allow":["GET"]}}],"collection":[{"href":"https:\/\/www.meslibellules.fr\/blog\/wp-json\/wp\/v2\/posts"}],"about":[{"href":"https:\/\/www.meslibellules.fr\/blog\/wp-json\/wp\/v2\/types\/post"}],"author":[{"embeddable":true,"href":"https:\/\/www.meslibellules.fr\/blog\/wp-json\/wp\/v2\/users\/1"}],"replies":[{"embeddable":true,"href":"https:\/\/www.meslibellules.fr\/blog\/wp-json\/wp\/v2\/comments?post=19690"}],"version-history":[{"count":0,"href":"https:\/\/www.meslibellules.fr\/blog\/wp-json\/wp\/v2\/posts\/19690\/revisions"}],"wp:attachment":[{"href":"https:\/\/www.meslibellules.fr\/blog\/wp-json\/wp\/v2\/media?parent=19690"}],"wp:term":[{"taxonomy":"category","embeddable":true,"href":"https:\/\/www.meslibellules.fr\/blog\/wp-json\/wp\/v2\/categories?post=19690"},{"taxonomy":"post_tag","embeddable":true,"href":"https:\/\/www.meslibellules.fr\/blog\/wp-json\/wp\/v2\/tags?post=19690"}],"curies":[{"name":"wp","href":"https:\/\/api.w.org\/{rel}","templated":true}]}}