{"id":19830,"date":"2024-05-20T17:19:57","date_gmt":"2024-05-20T15:19:57","guid":{"rendered":"https:\/\/www.meslibellules.fr\/blog\/?p=19830"},"modified":"2024-05-20T20:50:35","modified_gmt":"2024-05-20T18:50:35","slug":"polythore-aurora","status":"publish","type":"post","link":"https:\/\/www.meslibellules.fr\/blog\/2024\/05\/20\/polythore-aurora\/","title":{"rendered":"P\u00e9rou &#8211; Polythore aurora (Selys, 1879)"},"content":{"rendered":"\n<figure class=\"wp-block-image aligncenter size-full is-resized\"><a href=\"https:\/\/www.meslibellules.fr\/blog\/wp-content\/uploads\/Polythore-aurora-male-1.webp\"><img decoding=\"async\" width=\"1596\" height=\"1204\" data-src=\"https:\/\/www.meslibellules.fr\/blog\/wp-content\/uploads\/Polythore-aurora-male-1.webp\" alt=\"Polythore aurora m\u00e2le, P\u00e9rou, San Pedro (Chino), 24\/08\/2023\" class=\"wp-image-19832 lazyload\" style=\"--smush-placeholder-width: 1596px; --smush-placeholder-aspect-ratio: 1596\/1204;width:678px;height:auto\" data-srcset=\"https:\/\/www.meslibellules.fr\/blog\/wp-content\/uploads\/Polythore-aurora-male-1.webp 1596w, https:\/\/www.meslibellules.fr\/blog\/wp-content\/uploads\/Polythore-aurora-male-1-768x579.webp 768w, https:\/\/www.meslibellules.fr\/blog\/wp-content\/uploads\/Polythore-aurora-male-1-1536x1159.webp 1536w\" data-sizes=\"(max-width: 1596px) 100vw, 1596px\" src=\"data:image\/svg+xml;base64,PHN2ZyB3aWR0aD0iMSIgaGVpZ2h0PSIxIiB4bWxucz0iaHR0cDovL3d3dy53My5vcmcvMjAwMC9zdmciPjwvc3ZnPg==\" \/><\/a><figcaption class=\"wp-element-caption\">Polythore aurora m\u00e2le, P\u00e9rou, San Pedro (Chino), 24\/08\/2023<\/figcaption><\/figure>\n\n\n\n<p>Les Polythoridae sont spectaculaires, Polythore aurora  est magnifique dans l&rsquo;ombre du sous-bois. Il fait partie d&rsquo;un genre (Calvert, 1917) qui comprend 23 esp\u00e8ces et dont de nombreux membres ont les ailes color\u00e9es par bandes, d&rsquo;extension et d&rsquo;intensit\u00e9 variables au sein d&rsquo;une m\u00eame esp\u00e8ce. Ils ont fait l&rsquo;objet de nombreuses \u00e9tudes tr\u00e8s techniques comme \u00ab\u00a0Color Polymorphism in Tropical Damselflies\u00a0\u00bb (1) dans laquelle on trouve les photos ci-dessous, montrant \u00e0 gauche les formes fr\u00e9quentes et \u00e0 droite les formes extr\u00eames pour Polythore aurora. \u00c0 noter que l&rsquo;irisation bleut\u00e9e sur la photo ci-dessus est accentu\u00e9e par le flash.<\/p>\n\n\n\n<figure class=\"wp-block-image aligncenter size-full is-resized\"><img decoding=\"async\" width=\"778\" height=\"328\" data-src=\"https:\/\/www.meslibellules.fr\/blog\/wp-content\/uploads\/Polythore-aurora-1.webp\" alt=\"Variabilit\u00e9 des ailes de Polythore aurora montr\u00e9es dans (1)\" class=\"wp-image-19838 lazyload\" style=\"--smush-placeholder-width: 778px; --smush-placeholder-aspect-ratio: 778\/328;width:506px;height:auto\" data-srcset=\"https:\/\/www.meslibellules.fr\/blog\/wp-content\/uploads\/Polythore-aurora-1.webp 778w, https:\/\/www.meslibellules.fr\/blog\/wp-content\/uploads\/Polythore-aurora-1-768x324.webp 768w\" data-sizes=\"(max-width: 778px) 100vw, 778px\" src=\"data:image\/svg+xml;base64,PHN2ZyB3aWR0aD0iMSIgaGVpZ2h0PSIxIiB4bWxucz0iaHR0cDovL3d3dy53My5vcmcvMjAwMC9zdmciPjwvc3ZnPg==\" \/><figcaption class=\"wp-element-caption\">Variabilit\u00e9 des ailes de Polythore aurora montr\u00e9es dans  \u00ab\u00a0Color Polymorphism in Tropical Damselflies\u00a0\u00bb (1) <\/figcaption><\/figure>\n\n\n\n<p>Ce sont des esp\u00e8ces des pentes andines particuli\u00e8rement abondantes au P\u00e9rou. Elles sont incluses pour leurs caract\u00e9ristiques physiques et g\u00e9ographiques dans  six groupes et celui qui contient P. aurora est celui dont le territoire est le plus \u00e0 l&rsquo;est.<\/p>\n\n\n\n<figure class=\"wp-block-gallery has-nested-images columns-default is-cropped wp-block-gallery-1 is-layout-flex wp-block-gallery-is-layout-flex\">\n<figure class=\"wp-block-image size-large\"><a href=\"https:\/\/www.meslibellules.fr\/blog\/wp-content\/uploads\/Polythore-aurora-male-4.webp\"><img decoding=\"async\" width=\"1650\" height=\"1204\" data-id=\"19835\" data-src=\"https:\/\/www.meslibellules.fr\/blog\/wp-content\/uploads\/Polythore-aurora-male-4.webp\" alt=\"Polythore aurora m\u00e2le, P\u00e9rou, San Pedro (Chino), 24\/08\/2023\" class=\"wp-image-19835 lazyload\" data-srcset=\"https:\/\/www.meslibellules.fr\/blog\/wp-content\/uploads\/Polythore-aurora-male-4.webp 1650w, https:\/\/www.meslibellules.fr\/blog\/wp-content\/uploads\/Polythore-aurora-male-4-768x560.webp 768w, https:\/\/www.meslibellules.fr\/blog\/wp-content\/uploads\/Polythore-aurora-male-4-1536x1121.webp 1536w\" data-sizes=\"(max-width: 1650px) 100vw, 1650px\" src=\"data:image\/svg+xml;base64,PHN2ZyB3aWR0aD0iMSIgaGVpZ2h0PSIxIiB4bWxucz0iaHR0cDovL3d3dy53My5vcmcvMjAwMC9zdmciPjwvc3ZnPg==\" style=\"--smush-placeholder-width: 1650px; --smush-placeholder-aspect-ratio: 1650\/1204;\" \/><\/a><\/figure>\n\n\n\n<figure class=\"wp-block-image size-large\"><a href=\"https:\/\/www.meslibellules.fr\/blog\/wp-content\/uploads\/Polythore-aurora-male-3.webp\"><img decoding=\"async\" width=\"1710\" height=\"1204\" data-id=\"19834\" data-src=\"https:\/\/www.meslibellules.fr\/blog\/wp-content\/uploads\/Polythore-aurora-male-3.webp\" alt=\"P\u00e9rou, San Pedro (Chino), 24\/08\/2023\" class=\"wp-image-19834 lazyload\" data-srcset=\"https:\/\/www.meslibellules.fr\/blog\/wp-content\/uploads\/Polythore-aurora-male-3.webp 1710w, https:\/\/www.meslibellules.fr\/blog\/wp-content\/uploads\/Polythore-aurora-male-3-768x541.webp 768w, https:\/\/www.meslibellules.fr\/blog\/wp-content\/uploads\/Polythore-aurora-male-3-1536x1081.webp 1536w\" data-sizes=\"(max-width: 1710px) 100vw, 1710px\" src=\"data:image\/svg+xml;base64,PHN2ZyB3aWR0aD0iMSIgaGVpZ2h0PSIxIiB4bWxucz0iaHR0cDovL3d3dy53My5vcmcvMjAwMC9zdmciPjwvc3ZnPg==\" style=\"--smush-placeholder-width: 1710px; --smush-placeholder-aspect-ratio: 1710\/1204;\" \/><\/a><\/figure>\n<figcaption class=\"blocks-gallery-caption wp-element-caption\">Polythore aurora m\u00e2le, P\u00e9rou, San Pedro (Chino), 24\/08\/2023<\/figcaption><\/figure>\n\n\n\n<p>Lorsque les ailes sont ferm\u00e9es, il est plus facile de constater que la bande orange est surtout marqu\u00e9e sur l&rsquo;aile ant\u00e9rieure, les ailes post\u00e9rieures ne portant au m\u00eame endroit qu&rsquo;une bande p\u00e2le.<br>Je ne crois pas que tous ces sujets soient le m\u00eame individu ; les photos 1 et 4 repr\u00e9sentent le m\u00eame sujet, mais les autres photos ont \u00e9t\u00e9 faites 25 minutes avant. Je n&rsquo;ai pas de souvenir pr\u00e9cis ; je me souviens seulement que la sc\u00e8ne se d\u00e9roule le long d&rsquo;un ruisseau, dans l&rsquo;ombre, et que nous avons poursuivi ce ou ces individus dans un enchev\u00eatrement de troncs et de branches pendant un bon moment, et qu&rsquo;ils se sont r\u00e9v\u00e9l\u00e9s tr\u00e8s difficiles \u00e0 approcher. Nous \u00e9tions alors sur la <em>Terra Firme<\/em>, cette partie de la for\u00eat amazonienne qui n&rsquo;est jamais inond\u00e9e et qui nous a offert des esp\u00e8ces bien diff\u00e9rentes.<\/p>\n\n\n\n<figure class=\"wp-block-gallery has-nested-images columns-default is-cropped wp-block-gallery-2 is-layout-flex wp-block-gallery-is-layout-flex\">\n<figure class=\"wp-block-image size-large\"><a href=\"https:\/\/www.meslibellules.fr\/blog\/wp-content\/uploads\/Polythore-aurora-male-2.webp\"><img decoding=\"async\" width=\"1777\" height=\"1204\" data-id=\"19833\" data-src=\"https:\/\/www.meslibellules.fr\/blog\/wp-content\/uploads\/Polythore-aurora-male-2.webp\" alt=\"Polythore aurora m\u00e2le, P\u00e9rou, San Pedro (Chino), 24\/08\/2023\" class=\"wp-image-19833 lazyload\" data-srcset=\"https:\/\/www.meslibellules.fr\/blog\/wp-content\/uploads\/Polythore-aurora-male-2.webp 1777w, https:\/\/www.meslibellules.fr\/blog\/wp-content\/uploads\/Polythore-aurora-male-2-768x520.webp 768w, https:\/\/www.meslibellules.fr\/blog\/wp-content\/uploads\/Polythore-aurora-male-2-1536x1041.webp 1536w\" data-sizes=\"(max-width: 1777px) 100vw, 1777px\" src=\"data:image\/svg+xml;base64,PHN2ZyB3aWR0aD0iMSIgaGVpZ2h0PSIxIiB4bWxucz0iaHR0cDovL3d3dy53My5vcmcvMjAwMC9zdmciPjwvc3ZnPg==\" style=\"--smush-placeholder-width: 1777px; --smush-placeholder-aspect-ratio: 1777\/1204;\" \/><\/a><\/figure>\n\n\n\n<figure class=\"wp-block-image size-large\"><a href=\"https:\/\/www.meslibellules.fr\/blog\/wp-content\/uploads\/Polythore-aurora-male-5.webp\"><img decoding=\"async\" width=\"1685\" height=\"1204\" data-id=\"19836\" data-src=\"https:\/\/www.meslibellules.fr\/blog\/wp-content\/uploads\/Polythore-aurora-male-5.webp\" alt=\"P\u00e9rou, San Pedro (Chino), 24\/08\/2023\" class=\"wp-image-19836 lazyload\" data-srcset=\"https:\/\/www.meslibellules.fr\/blog\/wp-content\/uploads\/Polythore-aurora-male-5.webp 1685w, https:\/\/www.meslibellules.fr\/blog\/wp-content\/uploads\/Polythore-aurora-male-5-768x549.webp 768w, https:\/\/www.meslibellules.fr\/blog\/wp-content\/uploads\/Polythore-aurora-male-5-1536x1098.webp 1536w\" data-sizes=\"(max-width: 1685px) 100vw, 1685px\" src=\"data:image\/svg+xml;base64,PHN2ZyB3aWR0aD0iMSIgaGVpZ2h0PSIxIiB4bWxucz0iaHR0cDovL3d3dy53My5vcmcvMjAwMC9zdmciPjwvc3ZnPg==\" style=\"--smush-placeholder-width: 1685px; --smush-placeholder-aspect-ratio: 1685\/1204;\" \/><\/a><\/figure>\n<figcaption class=\"blocks-gallery-caption wp-element-caption\">Polythore aurora m\u00e2le, P\u00e9rou, San Pedro (Chino), 24\/08\/2023<\/figcaption><\/figure>\n\n\n\n<p>Selys dans ses <em>Quatri\u00e8mes additions au Synopsis de Calopterygines<\/em> (2) nous dit que l&rsquo;aile post\u00e9rieure du m\u00e2le <em>Thore aurora<\/em> mesure 29 mm, son abdomen 35 ; l&rsquo;insecte entier mesure environ 44 mm. On trouve la m\u00eame longueur d&rsquo;aile dans Bick &amp; Bick (1986) (3). Ils fournissent une cl\u00e9 et des photos des ailes des esp\u00e8ces qui \u00e9taient connues \u00e0 cette \u00e9poque (hors groupe P. picta qu&rsquo;ils d\u00e9taillent dans un autre document).<\/p>\n\n\n\n<figure class=\"wp-block-image aligncenter size-full is-resized\"><a href=\"https:\/\/www.meslibellules.fr\/blog\/wp-content\/uploads\/Polythore-aurora-male-6.webp\"><img decoding=\"async\" width=\"748\" height=\"705\" data-src=\"https:\/\/www.meslibellules.fr\/blog\/wp-content\/uploads\/Polythore-aurora-male-6.webp\" alt=\"Polythore aurora m\u00e2le, P\u00e9rou, San Pedro (Chino), 24\/08\/2023\" class=\"wp-image-19860 lazyload\" style=\"--smush-placeholder-width: 748px; --smush-placeholder-aspect-ratio: 748\/705;width:542px;height:auto\" src=\"data:image\/svg+xml;base64,PHN2ZyB3aWR0aD0iMSIgaGVpZ2h0PSIxIiB4bWxucz0iaHR0cDovL3d3dy53My5vcmcvMjAwMC9zdmciPjwvc3ZnPg==\" \/><\/a><figcaption class=\"wp-element-caption\">Polythore aurora m\u00e2le, P\u00e9rou, San Pedro (Chino), 24\/08\/2023<\/figcaption><\/figure>\n\n\n\n<p>Ci-dessus une image \u00e0 100% qui permet d&rsquo;observer les pt\u00e9rostigmas sombres, en position extr\u00eamement apicale.<br><br>On rencontre Polythore aurora sur les ruisseaux et rivi\u00e8res en for\u00eat des r\u00e9gions amazoniennes de Colombie, d&rsquo;Equateur, du P\u00e9rou et du Br\u00e9sil.<br><a href=\"https:\/\/www.iucnredlist.org\/species\/158915\/5291756#geographic-range\">IUCN Red List<\/a><br><br>Quarante-huit heures avant cette rencontre, sur un autre site sur la Terra Firme, nous avions aper\u00e7u une femelle. Elle a tr\u00e8s rapidement disparu. On voit que son apparence est tr\u00e8s proche de celle du m\u00e2le, en excluant bien s\u00fbr le lourd abdomen et l&rsquo;ovipositeur massif \u00e0 son apex.<\/p>\n\n\n\n<figure class=\"wp-block-image aligncenter size-full is-resized\"><a href=\"https:\/\/www.meslibellules.fr\/blog\/wp-content\/uploads\/Polythore-aurora-femelle-1.webp\"><img decoding=\"async\" width=\"1500\" height=\"1204\" data-src=\"https:\/\/www.meslibellules.fr\/blog\/wp-content\/uploads\/Polythore-aurora-femelle-1.webp\" alt=\"Polythore aurora femelle, P\u00e9rou, Terra Firme, up the Rio Blanco, 22\/058\/2023\" class=\"wp-image-19831 lazyload\" style=\"--smush-placeholder-width: 1500px; --smush-placeholder-aspect-ratio: 1500\/1204;width:574px;height:auto\" data-srcset=\"https:\/\/www.meslibellules.fr\/blog\/wp-content\/uploads\/Polythore-aurora-femelle-1.webp 1500w, https:\/\/www.meslibellules.fr\/blog\/wp-content\/uploads\/Polythore-aurora-femelle-1-768x616.webp 768w\" data-sizes=\"(max-width: 1500px) 100vw, 1500px\" src=\"data:image\/svg+xml;base64,PHN2ZyB3aWR0aD0iMSIgaGVpZ2h0PSIxIiB4bWxucz0iaHR0cDovL3d3dy53My5vcmcvMjAwMC9zdmciPjwvc3ZnPg==\" \/><\/a><figcaption class=\"wp-element-caption\">Polythore aurora femelle, P\u00e9rou, Terra Firme, up the Rio Blanco, 22\/058\/2023<\/figcaption><\/figure>\n\n\n\n<p><strong>Polythore<\/strong> ; je ne suis pas parvenu \u00e0 trouver une origine satisfaisante au mot \u00ab\u00a0<em>thore<\/em>\u00ab\u00a0.<br><strong>Aurora<\/strong>, du latin &#8211; <em>aurore<\/em>,<em> aube<\/em> doit \u00eatre compris comme une couleur, couleur du ciel \u00e0 l&rsquo;aube. Historiquement, c&rsquo;est un jaune-orang\u00e9 et Selys (2) \u00e9crit : \u00a0\u00bb <em>La bande transverse m\u00e9diane des ailes est d&rsquo;un orang\u00e9 plus vif<\/em>\u00ab\u00a0. Et plus loin, d\u00e9crivant une jeune femelle : \u00ab\u00a0<em>La bande aurore, plus \u00e9troite<\/em>&#8230;\u00a0\u00bb.<\/p>\n\n\n\n<div style=\"height:59px\" aria-hidden=\"true\" class=\"wp-block-spacer\"><\/div>\n\n\n\n<p style=\"font-size:13px\">1- S\u00e1nchez Herrera M, Kuhn WR,Lorenzo-Carballa MO, Harding KM, Ankrom N, Sherratt TN, et al. (2015) <a href=\"https:\/\/www.researchgate.net\/publication\/275660867_Mixed_Signals_Morphological_and_Molecular_Evidence_Suggest_a_Color_Polymorphism_in_Some_Neotropical_Polythore_Damselflies#fullTextFileContent\">Mixed Signals ? Morphological and Molecular Evidence Suggest a Color Polymorphism in Some Neotropical Polythore Damselflies.<\/a><br>2- De Selys, <em><a href=\"https:\/\/www.biodiversitylibrary.org\/item\/111107#page\/405\/mode\/1up\">Quatri\u00e8mes additions au Synopsis de Calopterygines<\/a><\/em>, Bulletins de l&rsquo;Acad\u00e9mie royale des sciences, des lettres et des beaux-arts de Belgique, t47, 1879, p 401.<br>3 Bick &amp; Bick, <a href=\"https:\/\/natuurtijdschriften.nl\/pub\/591751\/OJIOS1986015003001.pdf\">The genus Polythore exclusive of the picta group (Zygoptera: Polythoridae)<\/a>, Odonalologica 15(3): 245-273, September I, 1986<br><\/p>\n\n\n\n<div style=\"height:39px\" aria-hidden=\"true\" class=\"wp-block-spacer\"><\/div>\n\n\n\n<div class=\"wp-block-buttons is-layout-flex wp-block-buttons-is-layout-flex\">\n<div class=\"wp-block-button\"><a class=\"wp-block-button__link wp-element-button\" href=\"https:\/\/www.meslibellules.fr\/blog\/odonates-du-perou-peruvian-odonates\/\">Accueil P\u00e9rou<\/a><\/div>\n<\/div>\n","protected":false},"excerpt":{"rendered":"<p>Les Polythoridae sont spectaculaires, Polythore aurora est magnifique dans l&rsquo;ombre du sous-bois. Il fait partie d&rsquo;un genre (Calvert, 1917) qui comprend 23 esp\u00e8ces et dont de nombreux membres ont les ailes color\u00e9es par bandes, d&rsquo;extension et d&rsquo;intensit\u00e9 variables au sein d&rsquo;une m\u00eame esp\u00e8ce. Ils ont fait l&rsquo;objet de nombreuses \u00e9tudes tr\u00e8s techniques comme \u00ab\u00a0Color Polymorphism [&hellip;]<\/p>\n","protected":false},"author":1,"featured_media":0,"comment_status":"open","ping_status":"open","sticky":false,"template":"","format":"image","meta":{"site-sidebar-layout":"default","site-content-layout":"","ast-site-content-layout":"default","site-content-style":"default","site-sidebar-style":"default","ast-global-header-display":"","ast-banner-title-visibility":"","ast-main-header-display":"","ast-hfb-above-header-display":"","ast-hfb-below-header-display":"","ast-hfb-mobile-header-display":"","site-post-title":"","ast-breadcrumbs-content":"","ast-featured-img":"","footer-sml-layout":"","ast-disable-related-posts":"","theme-transparent-header-meta":"","adv-header-id-meta":"","stick-header-meta":"","header-above-stick-meta":"","header-main-stick-meta":"","header-below-stick-meta":"","astra-migrate-meta-layouts":"set","ast-page-background-enabled":"default","ast-page-background-meta":{"desktop":{"background-color":"var(--ast-global-color-4)","background-image":"","background-repeat":"repeat","background-position":"center center","background-size":"auto","background-attachment":"scroll","background-type":"","background-media":"","overlay-type":"","overlay-color":"","overlay-opacity":"","overlay-gradient":""},"tablet":{"background-color":"","background-image":"","background-repeat":"repeat","background-position":"center center","background-size":"auto","background-attachment":"scroll","background-type":"","background-media":"","overlay-type":"","overlay-color":"","overlay-opacity":"","overlay-gradient":""},"mobile":{"background-color":"","background-image":"","background-repeat":"repeat","background-position":"center center","background-size":"auto","background-attachment":"scroll","background-type":"","background-media":"","overlay-type":"","overlay-color":"","overlay-opacity":"","overlay-gradient":""}},"ast-content-background-meta":{"desktop":{"background-color":"var(--ast-global-color-5)","background-image":"","background-repeat":"repeat","background-position":"center center","background-size":"auto","background-attachment":"scroll","background-type":"","background-media":"","overlay-type":"","overlay-color":"","overlay-opacity":"","overlay-gradient":""},"tablet":{"background-color":"var(--ast-global-color-5)","background-image":"","background-repeat":"repeat","background-position":"center center","background-size":"auto","background-attachment":"scroll","background-type":"","background-media":"","overlay-type":"","overlay-color":"","overlay-opacity":"","overlay-gradient":""},"mobile":{"background-color":"var(--ast-global-color-5)","background-image":"","background-repeat":"repeat","background-position":"center center","background-size":"auto","background-attachment":"scroll","background-type":"","background-media":"","overlay-type":"","overlay-color":"","overlay-opacity":"","overlay-gradient":""}},"footnotes":""},"categories":[1303,1365],"tags":[1305,1366],"class_list":["post-19830","post","type-post","status-publish","format-image","hentry","category-perou","category-polythoridae","tag-perou","tag-polythoridae-perou","post_format-post-format-image"],"yoast_head":"<!-- This site is optimized with the Yoast SEO plugin v27.5 - https:\/\/yoast.com\/product\/yoast-seo-wordpress\/ -->\n<title>Polythore aurora - Mes Libellules<\/title>\n<meta name=\"description\" content=\"Polythore aurora m\u00e2les et femelle au P\u00e9rou, description, identification, taille, habitat, distribution g\u00e9ographique, \u00e9tymologie\" \/>\n<meta name=\"robots\" content=\"index, follow, max-snippet:-1, max-image-preview:large, max-video-preview:-1\" \/>\n<link rel=\"canonical\" href=\"https:\/\/www.meslibellules.fr\/blog\/2024\/05\/20\/polythore-aurora\/\" \/>\n<meta property=\"og:locale\" content=\"fr_FR\" \/>\n<meta property=\"og:type\" content=\"article\" \/>\n<meta property=\"og:title\" content=\"Polythore aurora - Mes Libellules\" \/>\n<meta property=\"og:description\" content=\"Polythore aurora m\u00e2les et femelle au P\u00e9rou, description, identification, taille, habitat, distribution g\u00e9ographique, \u00e9tymologie\" \/>\n<meta property=\"og:url\" content=\"https:\/\/www.meslibellules.fr\/blog\/2024\/05\/20\/polythore-aurora\/\" \/>\n<meta property=\"og:site_name\" content=\"Mes Libellules\" \/>\n<meta property=\"article:publisher\" content=\"https:\/\/www.facebook.com\/benoit.guillon.96\/\" \/>\n<meta property=\"article:author\" content=\"https:\/\/www.facebook.com\/benoit.guillon.96\/\" \/>\n<meta property=\"article:published_time\" content=\"2024-05-20T15:19:57+00:00\" \/>\n<meta property=\"article:modified_time\" content=\"2024-05-20T18:50:35+00:00\" \/>\n<meta property=\"og:image\" content=\"https:\/\/www.meslibellules.fr\/blog\/wp-content\/uploads\/Polythore-aurora-male-1.webp\" \/>\n<meta name=\"author\" content=\"Beno\u00eet Guillon\" \/>\n<meta name=\"twitter:card\" content=\"summary_large_image\" \/>\n<meta name=\"twitter:label1\" content=\"\u00c9crit par\" \/>\n\t<meta name=\"twitter:data1\" content=\"Beno\u00eet Guillon\" \/>\n\t<meta name=\"twitter:label2\" content=\"Dur\u00e9e de lecture estim\u00e9e\" \/>\n\t<meta name=\"twitter:data2\" content=\"5 minutes\" \/>\n<script type=\"application\/ld+json\" class=\"yoast-schema-graph\">{\"@context\":\"https:\\\/\\\/schema.org\",\"@graph\":[{\"@type\":\"Article\",\"@id\":\"https:\\\/\\\/www.meslibellules.fr\\\/blog\\\/2024\\\/05\\\/20\\\/polythore-aurora\\\/#article\",\"isPartOf\":{\"@id\":\"https:\\\/\\\/www.meslibellules.fr\\\/blog\\\/2024\\\/05\\\/20\\\/polythore-aurora\\\/\"},\"author\":{\"name\":\"Beno\u00eet Guillon\",\"@id\":\"https:\\\/\\\/www.meslibellules.fr\\\/blog\\\/#\\\/schema\\\/person\\\/9aa3586f9dd053fcf329f43b8b053c77\"},\"headline\":\"P\u00e9rou &#8211; Polythore aurora (Selys, 1879)\",\"datePublished\":\"2024-05-20T15:19:57+00:00\",\"dateModified\":\"2024-05-20T18:50:35+00:00\",\"mainEntityOfPage\":{\"@id\":\"https:\\\/\\\/www.meslibellules.fr\\\/blog\\\/2024\\\/05\\\/20\\\/polythore-aurora\\\/\"},\"wordCount\":693,\"commentCount\":0,\"publisher\":{\"@id\":\"https:\\\/\\\/www.meslibellules.fr\\\/blog\\\/#\\\/schema\\\/person\\\/9aa3586f9dd053fcf329f43b8b053c77\"},\"image\":{\"@id\":\"https:\\\/\\\/www.meslibellules.fr\\\/blog\\\/2024\\\/05\\\/20\\\/polythore-aurora\\\/#primaryimage\"},\"thumbnailUrl\":\"https:\\\/\\\/www.meslibellules.fr\\\/blog\\\/wp-content\\\/uploads\\\/Polythore-aurora-male-1.webp\",\"keywords\":[\"P\u00e9rou\",\"Polythoridae - P\u00e9rou\"],\"articleSection\":[\"P\u00e9rou\",\"Polythoridae\"],\"inLanguage\":\"fr-FR\",\"potentialAction\":[{\"@type\":\"CommentAction\",\"name\":\"Comment\",\"target\":[\"https:\\\/\\\/www.meslibellules.fr\\\/blog\\\/2024\\\/05\\\/20\\\/polythore-aurora\\\/#respond\"]}]},{\"@type\":\"WebPage\",\"@id\":\"https:\\\/\\\/www.meslibellules.fr\\\/blog\\\/2024\\\/05\\\/20\\\/polythore-aurora\\\/\",\"url\":\"https:\\\/\\\/www.meslibellules.fr\\\/blog\\\/2024\\\/05\\\/20\\\/polythore-aurora\\\/\",\"name\":\"Polythore aurora - Mes Libellules\",\"isPartOf\":{\"@id\":\"https:\\\/\\\/www.meslibellules.fr\\\/blog\\\/#website\"},\"primaryImageOfPage\":{\"@id\":\"https:\\\/\\\/www.meslibellules.fr\\\/blog\\\/2024\\\/05\\\/20\\\/polythore-aurora\\\/#primaryimage\"},\"image\":{\"@id\":\"https:\\\/\\\/www.meslibellules.fr\\\/blog\\\/2024\\\/05\\\/20\\\/polythore-aurora\\\/#primaryimage\"},\"thumbnailUrl\":\"https:\\\/\\\/www.meslibellules.fr\\\/blog\\\/wp-content\\\/uploads\\\/Polythore-aurora-male-1.webp\",\"datePublished\":\"2024-05-20T15:19:57+00:00\",\"dateModified\":\"2024-05-20T18:50:35+00:00\",\"description\":\"Polythore aurora m\u00e2les et femelle au P\u00e9rou, description, identification, taille, habitat, distribution g\u00e9ographique, \u00e9tymologie\",\"breadcrumb\":{\"@id\":\"https:\\\/\\\/www.meslibellules.fr\\\/blog\\\/2024\\\/05\\\/20\\\/polythore-aurora\\\/#breadcrumb\"},\"inLanguage\":\"fr-FR\",\"potentialAction\":[{\"@type\":\"ReadAction\",\"target\":[\"https:\\\/\\\/www.meslibellules.fr\\\/blog\\\/2024\\\/05\\\/20\\\/polythore-aurora\\\/\"]}]},{\"@type\":\"ImageObject\",\"inLanguage\":\"fr-FR\",\"@id\":\"https:\\\/\\\/www.meslibellules.fr\\\/blog\\\/2024\\\/05\\\/20\\\/polythore-aurora\\\/#primaryimage\",\"url\":\"https:\\\/\\\/www.meslibellules.fr\\\/blog\\\/wp-content\\\/uploads\\\/Polythore-aurora-male-1.webp\",\"contentUrl\":\"https:\\\/\\\/www.meslibellules.fr\\\/blog\\\/wp-content\\\/uploads\\\/Polythore-aurora-male-1.webp\"},{\"@type\":\"BreadcrumbList\",\"@id\":\"https:\\\/\\\/www.meslibellules.fr\\\/blog\\\/2024\\\/05\\\/20\\\/polythore-aurora\\\/#breadcrumb\",\"itemListElement\":[{\"@type\":\"ListItem\",\"position\":1,\"name\":\"Accueil\",\"item\":\"https:\\\/\\\/www.meslibellules.fr\\\/blog\\\/\"},{\"@type\":\"ListItem\",\"position\":2,\"name\":\"P\u00e9rou &#8211; Polythore aurora (Selys, 1879)\"}]},{\"@type\":\"WebSite\",\"@id\":\"https:\\\/\\\/www.meslibellules.fr\\\/blog\\\/#website\",\"url\":\"https:\\\/\\\/www.meslibellules.fr\\\/blog\\\/\",\"name\":\"Mes Libellules\",\"description\":\"Pr\u00e9sentation des libellules rencontr\u00e9es dans le monde\",\"publisher\":{\"@id\":\"https:\\\/\\\/www.meslibellules.fr\\\/blog\\\/#\\\/schema\\\/person\\\/9aa3586f9dd053fcf329f43b8b053c77\"},\"potentialAction\":[{\"@type\":\"SearchAction\",\"target\":{\"@type\":\"EntryPoint\",\"urlTemplate\":\"https:\\\/\\\/www.meslibellules.fr\\\/blog\\\/?s={search_term_string}\"},\"query-input\":{\"@type\":\"PropertyValueSpecification\",\"valueRequired\":true,\"valueName\":\"search_term_string\"}}],\"inLanguage\":\"fr-FR\"},{\"@type\":[\"Person\",\"Organization\"],\"@id\":\"https:\\\/\\\/www.meslibellules.fr\\\/blog\\\/#\\\/schema\\\/person\\\/9aa3586f9dd053fcf329f43b8b053c77\",\"name\":\"Beno\u00eet Guillon\",\"image\":{\"@type\":\"ImageObject\",\"inLanguage\":\"fr-FR\",\"@id\":\"https:\\\/\\\/www.meslibellules.fr\\\/blog\\\/wp-content\\\/uploads\\\/cropped-avatar-150-pix.jpg\",\"url\":\"https:\\\/\\\/www.meslibellules.fr\\\/blog\\\/wp-content\\\/uploads\\\/cropped-avatar-150-pix.jpg\",\"contentUrl\":\"https:\\\/\\\/www.meslibellules.fr\\\/blog\\\/wp-content\\\/uploads\\\/cropped-avatar-150-pix.jpg\",\"width\":150,\"height\":137,\"caption\":\"Beno\u00eet Guillon\"},\"logo\":{\"@id\":\"https:\\\/\\\/www.meslibellules.fr\\\/blog\\\/wp-content\\\/uploads\\\/cropped-avatar-150-pix.jpg\"},\"sameAs\":[\"https:\\\/\\\/www.facebook.com\\\/benoit.guillon.96\\\/\"]}]}<\/script>\n<!-- \/ Yoast SEO plugin. -->","yoast_head_json":{"title":"Polythore aurora - Mes Libellules","description":"Polythore aurora m\u00e2les et femelle au P\u00e9rou, description, identification, taille, habitat, distribution g\u00e9ographique, \u00e9tymologie","robots":{"index":"index","follow":"follow","max-snippet":"max-snippet:-1","max-image-preview":"max-image-preview:large","max-video-preview":"max-video-preview:-1"},"canonical":"https:\/\/www.meslibellules.fr\/blog\/2024\/05\/20\/polythore-aurora\/","og_locale":"fr_FR","og_type":"article","og_title":"Polythore aurora - Mes Libellules","og_description":"Polythore aurora m\u00e2les et femelle au P\u00e9rou, description, identification, taille, habitat, distribution g\u00e9ographique, \u00e9tymologie","og_url":"https:\/\/www.meslibellules.fr\/blog\/2024\/05\/20\/polythore-aurora\/","og_site_name":"Mes Libellules","article_publisher":"https:\/\/www.facebook.com\/benoit.guillon.96\/","article_author":"https:\/\/www.facebook.com\/benoit.guillon.96\/","article_published_time":"2024-05-20T15:19:57+00:00","article_modified_time":"2024-05-20T18:50:35+00:00","og_image":[{"url":"https:\/\/www.meslibellules.fr\/blog\/wp-content\/uploads\/Polythore-aurora-male-1.webp","type":"","width":"","height":""}],"author":"Beno\u00eet Guillon","twitter_card":"summary_large_image","twitter_misc":{"\u00c9crit par":"Beno\u00eet Guillon","Dur\u00e9e de lecture estim\u00e9e":"5 minutes"},"schema":{"@context":"https:\/\/schema.org","@graph":[{"@type":"Article","@id":"https:\/\/www.meslibellules.fr\/blog\/2024\/05\/20\/polythore-aurora\/#article","isPartOf":{"@id":"https:\/\/www.meslibellules.fr\/blog\/2024\/05\/20\/polythore-aurora\/"},"author":{"name":"Beno\u00eet Guillon","@id":"https:\/\/www.meslibellules.fr\/blog\/#\/schema\/person\/9aa3586f9dd053fcf329f43b8b053c77"},"headline":"P\u00e9rou &#8211; Polythore aurora (Selys, 1879)","datePublished":"2024-05-20T15:19:57+00:00","dateModified":"2024-05-20T18:50:35+00:00","mainEntityOfPage":{"@id":"https:\/\/www.meslibellules.fr\/blog\/2024\/05\/20\/polythore-aurora\/"},"wordCount":693,"commentCount":0,"publisher":{"@id":"https:\/\/www.meslibellules.fr\/blog\/#\/schema\/person\/9aa3586f9dd053fcf329f43b8b053c77"},"image":{"@id":"https:\/\/www.meslibellules.fr\/blog\/2024\/05\/20\/polythore-aurora\/#primaryimage"},"thumbnailUrl":"https:\/\/www.meslibellules.fr\/blog\/wp-content\/uploads\/Polythore-aurora-male-1.webp","keywords":["P\u00e9rou","Polythoridae - P\u00e9rou"],"articleSection":["P\u00e9rou","Polythoridae"],"inLanguage":"fr-FR","potentialAction":[{"@type":"CommentAction","name":"Comment","target":["https:\/\/www.meslibellules.fr\/blog\/2024\/05\/20\/polythore-aurora\/#respond"]}]},{"@type":"WebPage","@id":"https:\/\/www.meslibellules.fr\/blog\/2024\/05\/20\/polythore-aurora\/","url":"https:\/\/www.meslibellules.fr\/blog\/2024\/05\/20\/polythore-aurora\/","name":"Polythore aurora - Mes Libellules","isPartOf":{"@id":"https:\/\/www.meslibellules.fr\/blog\/#website"},"primaryImageOfPage":{"@id":"https:\/\/www.meslibellules.fr\/blog\/2024\/05\/20\/polythore-aurora\/#primaryimage"},"image":{"@id":"https:\/\/www.meslibellules.fr\/blog\/2024\/05\/20\/polythore-aurora\/#primaryimage"},"thumbnailUrl":"https:\/\/www.meslibellules.fr\/blog\/wp-content\/uploads\/Polythore-aurora-male-1.webp","datePublished":"2024-05-20T15:19:57+00:00","dateModified":"2024-05-20T18:50:35+00:00","description":"Polythore aurora m\u00e2les et femelle au P\u00e9rou, description, identification, taille, habitat, distribution g\u00e9ographique, \u00e9tymologie","breadcrumb":{"@id":"https:\/\/www.meslibellules.fr\/blog\/2024\/05\/20\/polythore-aurora\/#breadcrumb"},"inLanguage":"fr-FR","potentialAction":[{"@type":"ReadAction","target":["https:\/\/www.meslibellules.fr\/blog\/2024\/05\/20\/polythore-aurora\/"]}]},{"@type":"ImageObject","inLanguage":"fr-FR","@id":"https:\/\/www.meslibellules.fr\/blog\/2024\/05\/20\/polythore-aurora\/#primaryimage","url":"https:\/\/www.meslibellules.fr\/blog\/wp-content\/uploads\/Polythore-aurora-male-1.webp","contentUrl":"https:\/\/www.meslibellules.fr\/blog\/wp-content\/uploads\/Polythore-aurora-male-1.webp"},{"@type":"BreadcrumbList","@id":"https:\/\/www.meslibellules.fr\/blog\/2024\/05\/20\/polythore-aurora\/#breadcrumb","itemListElement":[{"@type":"ListItem","position":1,"name":"Accueil","item":"https:\/\/www.meslibellules.fr\/blog\/"},{"@type":"ListItem","position":2,"name":"P\u00e9rou &#8211; Polythore aurora (Selys, 1879)"}]},{"@type":"WebSite","@id":"https:\/\/www.meslibellules.fr\/blog\/#website","url":"https:\/\/www.meslibellules.fr\/blog\/","name":"Mes Libellules","description":"Pr\u00e9sentation des libellules rencontr\u00e9es dans le monde","publisher":{"@id":"https:\/\/www.meslibellules.fr\/blog\/#\/schema\/person\/9aa3586f9dd053fcf329f43b8b053c77"},"potentialAction":[{"@type":"SearchAction","target":{"@type":"EntryPoint","urlTemplate":"https:\/\/www.meslibellules.fr\/blog\/?s={search_term_string}"},"query-input":{"@type":"PropertyValueSpecification","valueRequired":true,"valueName":"search_term_string"}}],"inLanguage":"fr-FR"},{"@type":["Person","Organization"],"@id":"https:\/\/www.meslibellules.fr\/blog\/#\/schema\/person\/9aa3586f9dd053fcf329f43b8b053c77","name":"Beno\u00eet Guillon","image":{"@type":"ImageObject","inLanguage":"fr-FR","@id":"https:\/\/www.meslibellules.fr\/blog\/wp-content\/uploads\/cropped-avatar-150-pix.jpg","url":"https:\/\/www.meslibellules.fr\/blog\/wp-content\/uploads\/cropped-avatar-150-pix.jpg","contentUrl":"https:\/\/www.meslibellules.fr\/blog\/wp-content\/uploads\/cropped-avatar-150-pix.jpg","width":150,"height":137,"caption":"Beno\u00eet Guillon"},"logo":{"@id":"https:\/\/www.meslibellules.fr\/blog\/wp-content\/uploads\/cropped-avatar-150-pix.jpg"},"sameAs":["https:\/\/www.facebook.com\/benoit.guillon.96\/"]}]}},"_links":{"self":[{"href":"https:\/\/www.meslibellules.fr\/blog\/wp-json\/wp\/v2\/posts\/19830","targetHints":{"allow":["GET"]}}],"collection":[{"href":"https:\/\/www.meslibellules.fr\/blog\/wp-json\/wp\/v2\/posts"}],"about":[{"href":"https:\/\/www.meslibellules.fr\/blog\/wp-json\/wp\/v2\/types\/post"}],"author":[{"embeddable":true,"href":"https:\/\/www.meslibellules.fr\/blog\/wp-json\/wp\/v2\/users\/1"}],"replies":[{"embeddable":true,"href":"https:\/\/www.meslibellules.fr\/blog\/wp-json\/wp\/v2\/comments?post=19830"}],"version-history":[{"count":0,"href":"https:\/\/www.meslibellules.fr\/blog\/wp-json\/wp\/v2\/posts\/19830\/revisions"}],"wp:attachment":[{"href":"https:\/\/www.meslibellules.fr\/blog\/wp-json\/wp\/v2\/media?parent=19830"}],"wp:term":[{"taxonomy":"category","embeddable":true,"href":"https:\/\/www.meslibellules.fr\/blog\/wp-json\/wp\/v2\/categories?post=19830"},{"taxonomy":"post_tag","embeddable":true,"href":"https:\/\/www.meslibellules.fr\/blog\/wp-json\/wp\/v2\/tags?post=19830"}],"curies":[{"name":"wp","href":"https:\/\/api.w.org\/{rel}","templated":true}]}}