{"id":19906,"date":"2024-06-07T22:15:33","date_gmt":"2024-06-07T20:15:33","guid":{"rendered":"https:\/\/www.meslibellules.fr\/blog\/?p=19906"},"modified":"2024-06-07T22:15:34","modified_gmt":"2024-06-07T20:15:34","slug":"erythemis-peruviana","status":"publish","type":"post","link":"https:\/\/www.meslibellules.fr\/blog\/2024\/06\/07\/erythemis-peruviana\/","title":{"rendered":"P\u00e9rou &#8211; Erythemis peruviana (Rambur, 1842)"},"content":{"rendered":"\n<figure class=\"wp-block-image aligncenter size-full is-resized\"><a href=\"https:\/\/www.meslibellules.fr\/blog\/wp-content\/uploads\/Erythemis-peruviana-male-2.webp\"><img decoding=\"async\" width=\"1536\" height=\"1204\" data-src=\"https:\/\/www.meslibellules.fr\/blog\/wp-content\/uploads\/Erythemis-peruviana-male-2.webp\" alt=\"Erythemis peruviana m\u00e2le, Tabano Lake (Chino), 23\/08\/24\" class=\"wp-image-19905 lazyload\" style=\"--smush-placeholder-width: 1536px; --smush-placeholder-aspect-ratio: 1536\/1204;width:430px;height:auto\" data-srcset=\"https:\/\/www.meslibellules.fr\/blog\/wp-content\/uploads\/Erythemis-peruviana-male-2.webp 1536w, https:\/\/www.meslibellules.fr\/blog\/wp-content\/uploads\/Erythemis-peruviana-male-2-768x602.webp 768w\" data-sizes=\"(max-width: 1536px) 100vw, 1536px\" src=\"data:image\/svg+xml;base64,PHN2ZyB3aWR0aD0iMSIgaGVpZ2h0PSIxIiB4bWxucz0iaHR0cDovL3d3dy53My5vcmcvMjAwMC9zdmciPjwvc3ZnPg==\" \/><\/a><figcaption class=\"wp-element-caption\">Erythemis peruviana m\u00e2le, Tabano Lake (Chino), 23\/08\/24<\/figcaption><\/figure>\n\n\n\n<p>Il aurait \u00e9t\u00e9 dommage de prospecter au P\u00e9rou sans rencontrer Erythemis peruviana ! Je l&rsquo;ai rencontr\u00e9 d\u00e8s mon arriv\u00e9e, autour du lodge situ\u00e9 sur la Tahuayo River, et \u00e0 vrai dire, j&rsquo;y ai peu pr\u00eat\u00e9 attention, pour l&rsquo;avoir d\u00e9j\u00e0 rencontr\u00e9 plusieurs fois en Am\u00e9rique Centrale et en Am\u00e9rique du Sud : <a href=\"https:\/\/www.meslibellules.fr\/voyages\/panama\/erythemis-peruviana\/erythemis-peruviana-male-1.php\">Panama<\/a>, <a href=\"https:\/\/www.meslibellules.fr\/voyages\/costa-rica\/erythemis-peruviana\/erythemis-peruviana.php\">Costa Rica<\/a>, <a href=\"https:\/\/www.meslibellules.fr\/voyages\/colombie\/erythemis-peruviana\/erythemis-peruviana.php\">Colombie<\/a>, ou <a href=\"https:\/\/www.meslibellules.fr\/voyages\/bresil\/erythemis-peruviana\/erythemis-peruviana-male.php\">Br\u00e9sil<\/a>, o\u00f9 l&rsquo;on trouvera de nombreuses photos.<br><br>Les m\u00e2les matures ne posent pas de probl\u00e8me d&rsquo;identification tellement ils sont particuliers avec leur thorax bleu sombre couvert de pruine, les deux premiers segments de la m\u00eame couleur et le reste rouge vif. On peut \u00e9ventuellement le confondre avec <a href=\"https:\/\/www.meslibellules.fr\/voyages\/bresil\/planiplax-phoenicura\/planiplax-phoenicura\/planiplax-phoenicura-male-3big.jpg\">Planiplax phoenicura<\/a>, mais ce dernier a un abdomen enti\u00e8rement rouge et des taches alaires basales ambr\u00e9es.<\/p>\n\n\n\n<figure class=\"wp-block-image aligncenter size-full is-resized\"><a href=\"https:\/\/www.meslibellules.fr\/blog\/wp-content\/uploads\/Erythemis-peruviana-male-1.webp\"><img decoding=\"async\" width=\"1775\" height=\"1204\" data-src=\"https:\/\/www.meslibellules.fr\/blog\/wp-content\/uploads\/Erythemis-peruviana-male-1.webp\" alt=\"Erythemis peruviana m\u00e2le, Cocha Trabix (lake), 13\/08\/2024\" class=\"wp-image-19904 lazyload\" style=\"--smush-placeholder-width: 1775px; --smush-placeholder-aspect-ratio: 1775\/1204;width:512px;height:auto\" data-srcset=\"https:\/\/www.meslibellules.fr\/blog\/wp-content\/uploads\/Erythemis-peruviana-male-1.webp 1775w, https:\/\/www.meslibellules.fr\/blog\/wp-content\/uploads\/Erythemis-peruviana-male-1-768x521.webp 768w, https:\/\/www.meslibellules.fr\/blog\/wp-content\/uploads\/Erythemis-peruviana-male-1-1536x1042.webp 1536w\" data-sizes=\"(max-width: 1775px) 100vw, 1775px\" src=\"data:image\/svg+xml;base64,PHN2ZyB3aWR0aD0iMSIgaGVpZ2h0PSIxIiB4bWxucz0iaHR0cDovL3d3dy53My5vcmcvMjAwMC9zdmciPjwvc3ZnPg==\" \/><\/a><figcaption class=\"wp-element-caption\">Erythemis peruviana m\u00e2le, Cocha Trabix (lake), 13\/08\/2024<\/figcaption><\/figure>\n\n\n\n<p>Il mesure environ 40 mm avec une aile post\u00e9rieure de 30 mm.<br>On le rencontre sur les \u00e9tangs, les mares et les marais et il prend d&rsquo;ailleurs le nom de Flame-tailed Pondhawk en anglais.<br><br>Les immatures m\u00e2les et les femelles ne sont pas difficiles non plus \u00e0 s\u00e9parer des autres Libellulidae en raison d&rsquo;une bande claire qui parcourt la face dorsale de leur thorax et s&rsquo;\u00e9tend entre les ailes.<br>Quand on est novice en mati\u00e8re de libellules, il est difficile de penser qu&rsquo;il s&rsquo;agit de la m\u00eame esp\u00e8ce tellement la maturation de la coloration apporte des changements radicaux.<\/p>\n\n\n\n<figure class=\"wp-block-gallery has-nested-images columns-default is-cropped wp-block-gallery-1 is-layout-flex wp-block-gallery-is-layout-flex\">\n<figure class=\"wp-block-image size-full\"><a href=\"https:\/\/www.meslibellules.fr\/blog\/wp-content\/uploads\/Erythemis-peruviana-male-immature1.webp\"><img decoding=\"async\" width=\"1317\" height=\"1204\" data-id=\"19903\" data-src=\"https:\/\/www.meslibellules.fr\/blog\/wp-content\/uploads\/Erythemis-peruviana-male-immature1.webp\" alt=\"Erythemis peruviana m\u00e2le immature, P\u00e9rou, Tahuayo Lodge, 13\/08\/2024\" class=\"wp-image-19903 lazyload\" data-srcset=\"https:\/\/www.meslibellules.fr\/blog\/wp-content\/uploads\/Erythemis-peruviana-male-immature1.webp 1317w, https:\/\/www.meslibellules.fr\/blog\/wp-content\/uploads\/Erythemis-peruviana-male-immature1-768x702.webp 768w\" data-sizes=\"(max-width: 1317px) 100vw, 1317px\" src=\"data:image\/svg+xml;base64,PHN2ZyB3aWR0aD0iMSIgaGVpZ2h0PSIxIiB4bWxucz0iaHR0cDovL3d3dy53My5vcmcvMjAwMC9zdmciPjwvc3ZnPg==\" style=\"--smush-placeholder-width: 1317px; --smush-placeholder-aspect-ratio: 1317\/1204;\" \/><\/a><\/figure>\n\n\n\n<figure class=\"wp-block-image size-full\"><a href=\"https:\/\/www.meslibellules.fr\/blog\/wp-content\/uploads\/Erythemis-peruviana-male-immature-2.webp\"><img decoding=\"async\" width=\"1388\" height=\"1204\" data-id=\"19902\" data-src=\"https:\/\/www.meslibellules.fr\/blog\/wp-content\/uploads\/Erythemis-peruviana-male-immature-2.webp\" alt=\"Flame-tailed Pondhawk immature male, Peru, Tahuayo Lodge, 13\/08\/2024\" class=\"wp-image-19902 lazyload\" data-srcset=\"https:\/\/www.meslibellules.fr\/blog\/wp-content\/uploads\/Erythemis-peruviana-male-immature-2.webp 1388w, https:\/\/www.meslibellules.fr\/blog\/wp-content\/uploads\/Erythemis-peruviana-male-immature-2-768x666.webp 768w\" data-sizes=\"(max-width: 1388px) 100vw, 1388px\" src=\"data:image\/svg+xml;base64,PHN2ZyB3aWR0aD0iMSIgaGVpZ2h0PSIxIiB4bWxucz0iaHR0cDovL3d3dy53My5vcmcvMjAwMC9zdmciPjwvc3ZnPg==\" style=\"--smush-placeholder-width: 1388px; --smush-placeholder-aspect-ratio: 1388\/1204;\" \/><\/a><\/figure>\n<figcaption class=\"blocks-gallery-caption wp-element-caption\">Erythemis peruviana m\u00e2le immature, P\u00e9rou, Tahuayo Lodge, 13\/08\/2024<\/figcaption><\/figure>\n\n\n\n<p>Sa distribution est tr\u00e8s \u00e9tendue puisqu&rsquo;on le rencontre depuis le sud du Texas jusqu&rsquo;en Argentine, \u00e0 travers toute l&rsquo;Am\u00e9rique Centrale et l&rsquo;Am\u00e9rique du Sud.<br><a href=\"https:\/\/www.iucnredlist.org\/species\/49254729\/49255821#geographic-range\">IUCN Red List<\/a><br><br>Les femelles sont donc tr\u00e8s diff\u00e9rentes et on retrouve cette large bande claire dorsale thoracique qui se prolonge entre les ailes et m\u00eame l\u00e9g\u00e8rement sur les premiers segments abdominaux.<\/p>\n\n\n\n<figure class=\"wp-block-image aligncenter size-full is-resized\"><a href=\"https:\/\/www.meslibellules.fr\/blog\/wp-content\/uploads\/Erythemis-peruviana-femele-1.webp\"><img decoding=\"async\" width=\"1385\" height=\"1204\" data-src=\"https:\/\/www.meslibellules.fr\/blog\/wp-content\/uploads\/Erythemis-peruviana-femele-1.webp\" alt=\"Erythemis peruviana femelle, Cocha Trabix (lake), 13\/08\/2024\" class=\"wp-image-19901 lazyload\" style=\"--smush-placeholder-width: 1385px; --smush-placeholder-aspect-ratio: 1385\/1204;width:515px;height:auto\" data-srcset=\"https:\/\/www.meslibellules.fr\/blog\/wp-content\/uploads\/Erythemis-peruviana-femele-1.webp 1385w, https:\/\/www.meslibellules.fr\/blog\/wp-content\/uploads\/Erythemis-peruviana-femele-1-768x668.webp 768w\" data-sizes=\"(max-width: 1385px) 100vw, 1385px\" src=\"data:image\/svg+xml;base64,PHN2ZyB3aWR0aD0iMSIgaGVpZ2h0PSIxIiB4bWxucz0iaHR0cDovL3d3dy53My5vcmcvMjAwMC9zdmciPjwvc3ZnPg==\" \/><\/a><figcaption class=\"wp-element-caption\">Erythemis peruviana femelle, Cocha Trabix (lake), 13\/08\/2024<\/figcaption><\/figure>\n\n\n\n<p><strong><em>Erythemis<\/em><\/strong>&nbsp;(Hagen, 1861) (2) du grec&nbsp;<em>e\u030drythr\u00f3s<\/em>, rouge et de Themis. Il faut supposer que si Hagen a choisi Themis, \u2013 d\u00e9esse grecque de l\u2019ordre et de la justice, c\u2019est \u00e0 la fois pour respecter la \u00ab&nbsp;mode&nbsp;\u00bb qui consistait \u00e0 donner un nom en rapport avec la mythologie, tr\u00e8s en vogue \u00e0 cette \u00e9poque, et parce qu\u2019elle est particuli\u00e8rement bien adapt\u00e9e \u00e0 la taxonomie, science qui vise \u00e0 d\u00e9crire et ordonner et classer les familles, genres et esp\u00e8ces. Quant au qualificatif \u00ab&nbsp;rouge&nbsp;\u00bb, il s\u2019explique par le fait que Hagen a inclus dans ce nouveau genre trois esp\u00e8ces dont l\u2019abdomen des m\u00e2les est rouge ou ferrugineux.<br>Rambur (1) avait d\u00e9crit l&rsquo;esp\u00e8ce sous le nom de Libellula peruviana.<br><strong>Peruviana<\/strong>, du latin moderne &#8211;<em>peruvianus<\/em>, qui signifie \u00ab\u00a0<em>du P\u00e9rou<\/em>\u00ab\u00a0, le sujet d\u00e9crit par Rambur (1) provenant, selon son \u00e9tiquette, de ce pays : \u00ab\u00a0D\u00e9crite d&rsquo;apr\u00e8s un individu m\u00e2le en mauvais \u00e9tat de la collection du g\u00e9n\u00e9ral Dejean, \u00e9tiquet\u00e9 du P\u00e9rou par Latreille.\u00a0\u00bb<\/p>\n\n\n\n<div style=\"height:34px\" aria-hidden=\"true\" class=\"wp-block-spacer\"><\/div>\n\n\n\n<p>1- M. P. Rambur, Histoire Naturelle des Insectes N\u00e9vropt\u00e8res, 1842, p 81.<\/p>\n\n\n\n<div style=\"height:39px\" aria-hidden=\"true\" class=\"wp-block-spacer\"><\/div>\n\n\n\n<div class=\"wp-block-buttons is-layout-flex wp-block-buttons-is-layout-flex\">\n<div class=\"wp-block-button\"><a class=\"wp-block-button__link wp-element-button\" href=\"https:\/\/www.meslibellules.fr\/blog\/odonates-du-perou-peruvian-odonates\/\">Accueil P\u00e9rou<\/a><\/div>\n<\/div>\n","protected":false},"excerpt":{"rendered":"<p>Il aurait \u00e9t\u00e9 dommage de prospecter au P\u00e9rou sans rencontrer Erythemis peruviana ! Je l&rsquo;ai rencontr\u00e9 d\u00e8s mon arriv\u00e9e, autour du lodge situ\u00e9 sur la Tahuayo River, et \u00e0 vrai dire, j&rsquo;y ai peu pr\u00eat\u00e9 attention, pour l&rsquo;avoir d\u00e9j\u00e0 rencontr\u00e9 plusieurs fois en Am\u00e9rique Centrale et en Am\u00e9rique du Sud : Panama, Costa Rica, Colombie, [&hellip;]<\/p>\n","protected":false},"author":1,"featured_media":0,"comment_status":"open","ping_status":"open","sticky":false,"template":"","format":"image","meta":{"site-sidebar-layout":"default","site-content-layout":"","ast-site-content-layout":"default","site-content-style":"default","site-sidebar-style":"default","ast-global-header-display":"","ast-banner-title-visibility":"","ast-main-header-display":"","ast-hfb-above-header-display":"","ast-hfb-below-header-display":"","ast-hfb-mobile-header-display":"","site-post-title":"","ast-breadcrumbs-content":"","ast-featured-img":"","footer-sml-layout":"","ast-disable-related-posts":"","theme-transparent-header-meta":"","adv-header-id-meta":"","stick-header-meta":"","header-above-stick-meta":"","header-main-stick-meta":"","header-below-stick-meta":"","astra-migrate-meta-layouts":"set","ast-page-background-enabled":"default","ast-page-background-meta":{"desktop":{"background-color":"var(--ast-global-color-4)","background-image":"","background-repeat":"repeat","background-position":"center center","background-size":"auto","background-attachment":"scroll","background-type":"","background-media":"","overlay-type":"","overlay-color":"","overlay-opacity":"","overlay-gradient":""},"tablet":{"background-color":"","background-image":"","background-repeat":"repeat","background-position":"center center","background-size":"auto","background-attachment":"scroll","background-type":"","background-media":"","overlay-type":"","overlay-color":"","overlay-opacity":"","overlay-gradient":""},"mobile":{"background-color":"","background-image":"","background-repeat":"repeat","background-position":"center center","background-size":"auto","background-attachment":"scroll","background-type":"","background-media":"","overlay-type":"","overlay-color":"","overlay-opacity":"","overlay-gradient":""}},"ast-content-background-meta":{"desktop":{"background-color":"var(--ast-global-color-5)","background-image":"","background-repeat":"repeat","background-position":"center center","background-size":"auto","background-attachment":"scroll","background-type":"","background-media":"","overlay-type":"","overlay-color":"","overlay-opacity":"","overlay-gradient":""},"tablet":{"background-color":"var(--ast-global-color-5)","background-image":"","background-repeat":"repeat","background-position":"center center","background-size":"auto","background-attachment":"scroll","background-type":"","background-media":"","overlay-type":"","overlay-color":"","overlay-opacity":"","overlay-gradient":""},"mobile":{"background-color":"var(--ast-global-color-5)","background-image":"","background-repeat":"repeat","background-position":"center center","background-size":"auto","background-attachment":"scroll","background-type":"","background-media":"","overlay-type":"","overlay-color":"","overlay-opacity":"","overlay-gradient":""}},"footnotes":""},"categories":[15,1303],"tags":[1306,1305],"class_list":["post-19906","post","type-post","status-publish","format-image","hentry","category-libellulidae","category-perou","tag-libellulidae-perou","tag-perou","post_format-post-format-image"],"yoast_head":"<!-- This site is optimized with the Yoast SEO plugin v27.5 - https:\/\/yoast.com\/product\/yoast-seo-wordpress\/ -->\n<title>Erythemis peruviana - Mes Libellules<\/title>\n<meta name=\"description\" content=\"Erythemis peruviana m\u00e2le et femelle au P\u00e9rou, description, identification, taille, habitat, distribution g\u00e9ographique, \u00e9tymologie\" \/>\n<meta name=\"robots\" content=\"index, follow, max-snippet:-1, max-image-preview:large, max-video-preview:-1\" \/>\n<link rel=\"canonical\" href=\"https:\/\/www.meslibellules.fr\/blog\/2024\/06\/07\/erythemis-peruviana\/\" \/>\n<meta property=\"og:locale\" content=\"fr_FR\" \/>\n<meta property=\"og:type\" content=\"article\" \/>\n<meta property=\"og:title\" content=\"Erythemis peruviana - Mes Libellules\" \/>\n<meta property=\"og:description\" content=\"Erythemis peruviana m\u00e2le et femelle au P\u00e9rou, description, identification, taille, habitat, distribution g\u00e9ographique, \u00e9tymologie\" \/>\n<meta property=\"og:url\" content=\"https:\/\/www.meslibellules.fr\/blog\/2024\/06\/07\/erythemis-peruviana\/\" \/>\n<meta property=\"og:site_name\" content=\"Mes Libellules\" \/>\n<meta property=\"article:publisher\" content=\"https:\/\/www.facebook.com\/benoit.guillon.96\/\" \/>\n<meta property=\"article:author\" content=\"https:\/\/www.facebook.com\/benoit.guillon.96\/\" \/>\n<meta property=\"article:published_time\" content=\"2024-06-07T20:15:33+00:00\" \/>\n<meta property=\"article:modified_time\" content=\"2024-06-07T20:15:34+00:00\" \/>\n<meta property=\"og:image\" content=\"https:\/\/www.meslibellules.fr\/blog\/wp-content\/uploads\/Erythemis-peruviana-male-2.webp\" \/>\n<meta name=\"author\" content=\"Beno\u00eet Guillon\" \/>\n<meta name=\"twitter:card\" content=\"summary_large_image\" \/>\n<meta name=\"twitter:label1\" content=\"\u00c9crit par\" \/>\n\t<meta name=\"twitter:data1\" content=\"Beno\u00eet Guillon\" \/>\n\t<meta name=\"twitter:label2\" content=\"Dur\u00e9e de lecture estim\u00e9e\" \/>\n\t<meta name=\"twitter:data2\" content=\"4 minutes\" \/>\n<script type=\"application\/ld+json\" class=\"yoast-schema-graph\">{\"@context\":\"https:\\\/\\\/schema.org\",\"@graph\":[{\"@type\":\"Article\",\"@id\":\"https:\\\/\\\/www.meslibellules.fr\\\/blog\\\/2024\\\/06\\\/07\\\/erythemis-peruviana\\\/#article\",\"isPartOf\":{\"@id\":\"https:\\\/\\\/www.meslibellules.fr\\\/blog\\\/2024\\\/06\\\/07\\\/erythemis-peruviana\\\/\"},\"author\":{\"name\":\"Beno\u00eet Guillon\",\"@id\":\"https:\\\/\\\/www.meslibellules.fr\\\/blog\\\/#\\\/schema\\\/person\\\/9aa3586f9dd053fcf329f43b8b053c77\"},\"headline\":\"P\u00e9rou &#8211; Erythemis peruviana (Rambur, 1842)\",\"datePublished\":\"2024-06-07T20:15:33+00:00\",\"dateModified\":\"2024-06-07T20:15:34+00:00\",\"mainEntityOfPage\":{\"@id\":\"https:\\\/\\\/www.meslibellules.fr\\\/blog\\\/2024\\\/06\\\/07\\\/erythemis-peruviana\\\/\"},\"wordCount\":534,\"commentCount\":0,\"publisher\":{\"@id\":\"https:\\\/\\\/www.meslibellules.fr\\\/blog\\\/#\\\/schema\\\/person\\\/9aa3586f9dd053fcf329f43b8b053c77\"},\"image\":{\"@id\":\"https:\\\/\\\/www.meslibellules.fr\\\/blog\\\/2024\\\/06\\\/07\\\/erythemis-peruviana\\\/#primaryimage\"},\"thumbnailUrl\":\"https:\\\/\\\/www.meslibellules.fr\\\/blog\\\/wp-content\\\/uploads\\\/Erythemis-peruviana-male-2.webp\",\"keywords\":[\"Libellulidae - P\u00e9rou\",\"P\u00e9rou\"],\"articleSection\":[\"Libellulidae\",\"P\u00e9rou\"],\"inLanguage\":\"fr-FR\",\"potentialAction\":[{\"@type\":\"CommentAction\",\"name\":\"Comment\",\"target\":[\"https:\\\/\\\/www.meslibellules.fr\\\/blog\\\/2024\\\/06\\\/07\\\/erythemis-peruviana\\\/#respond\"]}]},{\"@type\":\"WebPage\",\"@id\":\"https:\\\/\\\/www.meslibellules.fr\\\/blog\\\/2024\\\/06\\\/07\\\/erythemis-peruviana\\\/\",\"url\":\"https:\\\/\\\/www.meslibellules.fr\\\/blog\\\/2024\\\/06\\\/07\\\/erythemis-peruviana\\\/\",\"name\":\"Erythemis peruviana - Mes Libellules\",\"isPartOf\":{\"@id\":\"https:\\\/\\\/www.meslibellules.fr\\\/blog\\\/#website\"},\"primaryImageOfPage\":{\"@id\":\"https:\\\/\\\/www.meslibellules.fr\\\/blog\\\/2024\\\/06\\\/07\\\/erythemis-peruviana\\\/#primaryimage\"},\"image\":{\"@id\":\"https:\\\/\\\/www.meslibellules.fr\\\/blog\\\/2024\\\/06\\\/07\\\/erythemis-peruviana\\\/#primaryimage\"},\"thumbnailUrl\":\"https:\\\/\\\/www.meslibellules.fr\\\/blog\\\/wp-content\\\/uploads\\\/Erythemis-peruviana-male-2.webp\",\"datePublished\":\"2024-06-07T20:15:33+00:00\",\"dateModified\":\"2024-06-07T20:15:34+00:00\",\"description\":\"Erythemis peruviana m\u00e2le et femelle au P\u00e9rou, description, identification, taille, habitat, distribution g\u00e9ographique, \u00e9tymologie\",\"breadcrumb\":{\"@id\":\"https:\\\/\\\/www.meslibellules.fr\\\/blog\\\/2024\\\/06\\\/07\\\/erythemis-peruviana\\\/#breadcrumb\"},\"inLanguage\":\"fr-FR\",\"potentialAction\":[{\"@type\":\"ReadAction\",\"target\":[\"https:\\\/\\\/www.meslibellules.fr\\\/blog\\\/2024\\\/06\\\/07\\\/erythemis-peruviana\\\/\"]}]},{\"@type\":\"ImageObject\",\"inLanguage\":\"fr-FR\",\"@id\":\"https:\\\/\\\/www.meslibellules.fr\\\/blog\\\/2024\\\/06\\\/07\\\/erythemis-peruviana\\\/#primaryimage\",\"url\":\"https:\\\/\\\/www.meslibellules.fr\\\/blog\\\/wp-content\\\/uploads\\\/Erythemis-peruviana-male-2.webp\",\"contentUrl\":\"https:\\\/\\\/www.meslibellules.fr\\\/blog\\\/wp-content\\\/uploads\\\/Erythemis-peruviana-male-2.webp\"},{\"@type\":\"BreadcrumbList\",\"@id\":\"https:\\\/\\\/www.meslibellules.fr\\\/blog\\\/2024\\\/06\\\/07\\\/erythemis-peruviana\\\/#breadcrumb\",\"itemListElement\":[{\"@type\":\"ListItem\",\"position\":1,\"name\":\"Accueil\",\"item\":\"https:\\\/\\\/www.meslibellules.fr\\\/blog\\\/\"},{\"@type\":\"ListItem\",\"position\":2,\"name\":\"P\u00e9rou &#8211; Erythemis peruviana (Rambur, 1842)\"}]},{\"@type\":\"WebSite\",\"@id\":\"https:\\\/\\\/www.meslibellules.fr\\\/blog\\\/#website\",\"url\":\"https:\\\/\\\/www.meslibellules.fr\\\/blog\\\/\",\"name\":\"Mes Libellules\",\"description\":\"Pr\u00e9sentation des libellules rencontr\u00e9es dans le monde\",\"publisher\":{\"@id\":\"https:\\\/\\\/www.meslibellules.fr\\\/blog\\\/#\\\/schema\\\/person\\\/9aa3586f9dd053fcf329f43b8b053c77\"},\"potentialAction\":[{\"@type\":\"SearchAction\",\"target\":{\"@type\":\"EntryPoint\",\"urlTemplate\":\"https:\\\/\\\/www.meslibellules.fr\\\/blog\\\/?s={search_term_string}\"},\"query-input\":{\"@type\":\"PropertyValueSpecification\",\"valueRequired\":true,\"valueName\":\"search_term_string\"}}],\"inLanguage\":\"fr-FR\"},{\"@type\":[\"Person\",\"Organization\"],\"@id\":\"https:\\\/\\\/www.meslibellules.fr\\\/blog\\\/#\\\/schema\\\/person\\\/9aa3586f9dd053fcf329f43b8b053c77\",\"name\":\"Beno\u00eet Guillon\",\"image\":{\"@type\":\"ImageObject\",\"inLanguage\":\"fr-FR\",\"@id\":\"https:\\\/\\\/www.meslibellules.fr\\\/blog\\\/wp-content\\\/uploads\\\/cropped-avatar-150-pix.jpg\",\"url\":\"https:\\\/\\\/www.meslibellules.fr\\\/blog\\\/wp-content\\\/uploads\\\/cropped-avatar-150-pix.jpg\",\"contentUrl\":\"https:\\\/\\\/www.meslibellules.fr\\\/blog\\\/wp-content\\\/uploads\\\/cropped-avatar-150-pix.jpg\",\"width\":150,\"height\":137,\"caption\":\"Beno\u00eet Guillon\"},\"logo\":{\"@id\":\"https:\\\/\\\/www.meslibellules.fr\\\/blog\\\/wp-content\\\/uploads\\\/cropped-avatar-150-pix.jpg\"},\"sameAs\":[\"https:\\\/\\\/www.facebook.com\\\/benoit.guillon.96\\\/\"]}]}<\/script>\n<!-- \/ Yoast SEO plugin. -->","yoast_head_json":{"title":"Erythemis peruviana - Mes Libellules","description":"Erythemis peruviana m\u00e2le et femelle au P\u00e9rou, description, identification, taille, habitat, distribution g\u00e9ographique, \u00e9tymologie","robots":{"index":"index","follow":"follow","max-snippet":"max-snippet:-1","max-image-preview":"max-image-preview:large","max-video-preview":"max-video-preview:-1"},"canonical":"https:\/\/www.meslibellules.fr\/blog\/2024\/06\/07\/erythemis-peruviana\/","og_locale":"fr_FR","og_type":"article","og_title":"Erythemis peruviana - Mes Libellules","og_description":"Erythemis peruviana m\u00e2le et femelle au P\u00e9rou, description, identification, taille, habitat, distribution g\u00e9ographique, \u00e9tymologie","og_url":"https:\/\/www.meslibellules.fr\/blog\/2024\/06\/07\/erythemis-peruviana\/","og_site_name":"Mes Libellules","article_publisher":"https:\/\/www.facebook.com\/benoit.guillon.96\/","article_author":"https:\/\/www.facebook.com\/benoit.guillon.96\/","article_published_time":"2024-06-07T20:15:33+00:00","article_modified_time":"2024-06-07T20:15:34+00:00","og_image":[{"url":"https:\/\/www.meslibellules.fr\/blog\/wp-content\/uploads\/Erythemis-peruviana-male-2.webp","type":"","width":"","height":""}],"author":"Beno\u00eet Guillon","twitter_card":"summary_large_image","twitter_misc":{"\u00c9crit par":"Beno\u00eet Guillon","Dur\u00e9e de lecture estim\u00e9e":"4 minutes"},"schema":{"@context":"https:\/\/schema.org","@graph":[{"@type":"Article","@id":"https:\/\/www.meslibellules.fr\/blog\/2024\/06\/07\/erythemis-peruviana\/#article","isPartOf":{"@id":"https:\/\/www.meslibellules.fr\/blog\/2024\/06\/07\/erythemis-peruviana\/"},"author":{"name":"Beno\u00eet Guillon","@id":"https:\/\/www.meslibellules.fr\/blog\/#\/schema\/person\/9aa3586f9dd053fcf329f43b8b053c77"},"headline":"P\u00e9rou &#8211; Erythemis peruviana (Rambur, 1842)","datePublished":"2024-06-07T20:15:33+00:00","dateModified":"2024-06-07T20:15:34+00:00","mainEntityOfPage":{"@id":"https:\/\/www.meslibellules.fr\/blog\/2024\/06\/07\/erythemis-peruviana\/"},"wordCount":534,"commentCount":0,"publisher":{"@id":"https:\/\/www.meslibellules.fr\/blog\/#\/schema\/person\/9aa3586f9dd053fcf329f43b8b053c77"},"image":{"@id":"https:\/\/www.meslibellules.fr\/blog\/2024\/06\/07\/erythemis-peruviana\/#primaryimage"},"thumbnailUrl":"https:\/\/www.meslibellules.fr\/blog\/wp-content\/uploads\/Erythemis-peruviana-male-2.webp","keywords":["Libellulidae - P\u00e9rou","P\u00e9rou"],"articleSection":["Libellulidae","P\u00e9rou"],"inLanguage":"fr-FR","potentialAction":[{"@type":"CommentAction","name":"Comment","target":["https:\/\/www.meslibellules.fr\/blog\/2024\/06\/07\/erythemis-peruviana\/#respond"]}]},{"@type":"WebPage","@id":"https:\/\/www.meslibellules.fr\/blog\/2024\/06\/07\/erythemis-peruviana\/","url":"https:\/\/www.meslibellules.fr\/blog\/2024\/06\/07\/erythemis-peruviana\/","name":"Erythemis peruviana - Mes Libellules","isPartOf":{"@id":"https:\/\/www.meslibellules.fr\/blog\/#website"},"primaryImageOfPage":{"@id":"https:\/\/www.meslibellules.fr\/blog\/2024\/06\/07\/erythemis-peruviana\/#primaryimage"},"image":{"@id":"https:\/\/www.meslibellules.fr\/blog\/2024\/06\/07\/erythemis-peruviana\/#primaryimage"},"thumbnailUrl":"https:\/\/www.meslibellules.fr\/blog\/wp-content\/uploads\/Erythemis-peruviana-male-2.webp","datePublished":"2024-06-07T20:15:33+00:00","dateModified":"2024-06-07T20:15:34+00:00","description":"Erythemis peruviana m\u00e2le et femelle au P\u00e9rou, description, identification, taille, habitat, distribution g\u00e9ographique, \u00e9tymologie","breadcrumb":{"@id":"https:\/\/www.meslibellules.fr\/blog\/2024\/06\/07\/erythemis-peruviana\/#breadcrumb"},"inLanguage":"fr-FR","potentialAction":[{"@type":"ReadAction","target":["https:\/\/www.meslibellules.fr\/blog\/2024\/06\/07\/erythemis-peruviana\/"]}]},{"@type":"ImageObject","inLanguage":"fr-FR","@id":"https:\/\/www.meslibellules.fr\/blog\/2024\/06\/07\/erythemis-peruviana\/#primaryimage","url":"https:\/\/www.meslibellules.fr\/blog\/wp-content\/uploads\/Erythemis-peruviana-male-2.webp","contentUrl":"https:\/\/www.meslibellules.fr\/blog\/wp-content\/uploads\/Erythemis-peruviana-male-2.webp"},{"@type":"BreadcrumbList","@id":"https:\/\/www.meslibellules.fr\/blog\/2024\/06\/07\/erythemis-peruviana\/#breadcrumb","itemListElement":[{"@type":"ListItem","position":1,"name":"Accueil","item":"https:\/\/www.meslibellules.fr\/blog\/"},{"@type":"ListItem","position":2,"name":"P\u00e9rou &#8211; Erythemis peruviana (Rambur, 1842)"}]},{"@type":"WebSite","@id":"https:\/\/www.meslibellules.fr\/blog\/#website","url":"https:\/\/www.meslibellules.fr\/blog\/","name":"Mes Libellules","description":"Pr\u00e9sentation des libellules rencontr\u00e9es dans le monde","publisher":{"@id":"https:\/\/www.meslibellules.fr\/blog\/#\/schema\/person\/9aa3586f9dd053fcf329f43b8b053c77"},"potentialAction":[{"@type":"SearchAction","target":{"@type":"EntryPoint","urlTemplate":"https:\/\/www.meslibellules.fr\/blog\/?s={search_term_string}"},"query-input":{"@type":"PropertyValueSpecification","valueRequired":true,"valueName":"search_term_string"}}],"inLanguage":"fr-FR"},{"@type":["Person","Organization"],"@id":"https:\/\/www.meslibellules.fr\/blog\/#\/schema\/person\/9aa3586f9dd053fcf329f43b8b053c77","name":"Beno\u00eet Guillon","image":{"@type":"ImageObject","inLanguage":"fr-FR","@id":"https:\/\/www.meslibellules.fr\/blog\/wp-content\/uploads\/cropped-avatar-150-pix.jpg","url":"https:\/\/www.meslibellules.fr\/blog\/wp-content\/uploads\/cropped-avatar-150-pix.jpg","contentUrl":"https:\/\/www.meslibellules.fr\/blog\/wp-content\/uploads\/cropped-avatar-150-pix.jpg","width":150,"height":137,"caption":"Beno\u00eet Guillon"},"logo":{"@id":"https:\/\/www.meslibellules.fr\/blog\/wp-content\/uploads\/cropped-avatar-150-pix.jpg"},"sameAs":["https:\/\/www.facebook.com\/benoit.guillon.96\/"]}]}},"_links":{"self":[{"href":"https:\/\/www.meslibellules.fr\/blog\/wp-json\/wp\/v2\/posts\/19906","targetHints":{"allow":["GET"]}}],"collection":[{"href":"https:\/\/www.meslibellules.fr\/blog\/wp-json\/wp\/v2\/posts"}],"about":[{"href":"https:\/\/www.meslibellules.fr\/blog\/wp-json\/wp\/v2\/types\/post"}],"author":[{"embeddable":true,"href":"https:\/\/www.meslibellules.fr\/blog\/wp-json\/wp\/v2\/users\/1"}],"replies":[{"embeddable":true,"href":"https:\/\/www.meslibellules.fr\/blog\/wp-json\/wp\/v2\/comments?post=19906"}],"version-history":[{"count":0,"href":"https:\/\/www.meslibellules.fr\/blog\/wp-json\/wp\/v2\/posts\/19906\/revisions"}],"wp:attachment":[{"href":"https:\/\/www.meslibellules.fr\/blog\/wp-json\/wp\/v2\/media?parent=19906"}],"wp:term":[{"taxonomy":"category","embeddable":true,"href":"https:\/\/www.meslibellules.fr\/blog\/wp-json\/wp\/v2\/categories?post=19906"},{"taxonomy":"post_tag","embeddable":true,"href":"https:\/\/www.meslibellules.fr\/blog\/wp-json\/wp\/v2\/tags?post=19906"}],"curies":[{"name":"wp","href":"https:\/\/api.w.org\/{rel}","templated":true}]}}