{"id":20003,"date":"2024-06-15T08:46:58","date_gmt":"2024-06-15T06:46:58","guid":{"rendered":"https:\/\/www.meslibellules.fr\/blog\/?p=20003"},"modified":"2024-06-15T08:46:59","modified_gmt":"2024-06-15T06:46:59","slug":"triacanthagyna-septima","status":"publish","type":"post","link":"https:\/\/www.meslibellules.fr\/blog\/2024\/06\/15\/triacanthagyna-septima\/","title":{"rendered":"P\u00e9rou &#8211; Triacanthagyna septima (Selys in Sagra, 1857)"},"content":{"rendered":"\n<figure class=\"wp-block-image aligncenter size-full is-resized\"><a href=\"https:\/\/www.meslibellules.fr\/blog\/wp-content\/uploads\/Triacanthagyna-septima-femelle.webp\"><img decoding=\"async\" width=\"2480\" height=\"1204\" data-src=\"https:\/\/www.meslibellules.fr\/blog\/wp-content\/uploads\/Triacanthagyna-septima-femelle.webp\" alt=\"Triacanthagyna septima femelle, P\u00e9rou, Tahuayo Lodge, 13\/08\/2023\" class=\"wp-image-20000 lazyload\" style=\"--smush-placeholder-width: 2480px; --smush-placeholder-aspect-ratio: 2480\/1204;width:742px;height:auto\" data-srcset=\"https:\/\/www.meslibellules.fr\/blog\/wp-content\/uploads\/Triacanthagyna-septima-femelle.webp 2480w, https:\/\/www.meslibellules.fr\/blog\/wp-content\/uploads\/Triacanthagyna-septima-femelle-768x373.webp 768w, https:\/\/www.meslibellules.fr\/blog\/wp-content\/uploads\/Triacanthagyna-septima-femelle-1536x746.webp 1536w, https:\/\/www.meslibellules.fr\/blog\/wp-content\/uploads\/Triacanthagyna-septima-femelle-2048x994.webp 2048w\" data-sizes=\"(max-width: 2480px) 100vw, 2480px\" src=\"data:image\/svg+xml;base64,PHN2ZyB3aWR0aD0iMSIgaGVpZ2h0PSIxIiB4bWxucz0iaHR0cDovL3d3dy53My5vcmcvMjAwMC9zdmciPjwvc3ZnPg==\" \/><\/a><figcaption class=\"wp-element-caption\">Triacanthagyna septima femelle, P\u00e9rou, Tahuayo Lodge, 13\/08\/2023<\/figcaption><\/figure>\n\n\n\n<p>Triacanthagyna septima est facile \u00e0 identifier ; c&rsquo;est le (ici la&#8230;) seul Triacanthagyna \u00e0 poss\u00e9der des pattes claires et un thorax dont les sutures ne sont pas soulign\u00e9es de noir. Cette femelle n&rsquo;a pas \u00e9t\u00e9 captur\u00e9e, elle est venue se poser sur le pi\u00e8ge lumineux destin\u00e9 \u00e0 attirer les papillons de nuit (moth) que Phil Benstead avait dispos\u00e9 sur une coursive sur\u00e9lev\u00e9e du lodge de Tahuayo ; donc \u00e0 peine \u00e0 quelques dizaines de m\u00e8tres de la for\u00eat et \u00e0 m\u00eame distance de la rivi\u00e8re Tahuayo. Si j&rsquo;ai fait quelques photos de la face de cette femelle, je regrette de ne pas m&rsquo;\u00eatre attard\u00e9 sur les appendices anaux et l&rsquo;ovipositeur, uniques et sp\u00e9cifiques du genre.<br>Dire que ce pi\u00e8ge attirait des insectes est un euph\u00e9misme, plusieurs centaines le tapissaient tous les soirs !<\/p>\n\n\n\n<div class=\"wp-block-media-text is-stacked-on-mobile\"><figure class=\"wp-block-media-text__media\"><a href=\"https:\/\/www.meslibellules.fr\/blog\/wp-content\/uploads\/Triacanthagyna-septima-femelle-2.webp\"><img decoding=\"async\" width=\"1199\" height=\"1204\" data-src=\"https:\/\/www.meslibellules.fr\/blog\/wp-content\/uploads\/Triacanthagyna-septima-femelle-2.webp\" alt=\"Triacanthagyna septima femelle, P\u00e9rou, Tahuayo Lodge, 13\/08\/2023\" class=\"wp-image-19998 size-full lazyload\" data-srcset=\"https:\/\/www.meslibellules.fr\/blog\/wp-content\/uploads\/Triacanthagyna-septima-femelle-2.webp 1199w, https:\/\/www.meslibellules.fr\/blog\/wp-content\/uploads\/Triacanthagyna-septima-femelle-2-768x771.webp 768w, https:\/\/www.meslibellules.fr\/blog\/wp-content\/uploads\/Triacanthagyna-septima-femelle-2-150x150.webp 150w\" data-sizes=\"(max-width: 1199px) 100vw, 1199px\" src=\"data:image\/svg+xml;base64,PHN2ZyB3aWR0aD0iMSIgaGVpZ2h0PSIxIiB4bWxucz0iaHR0cDovL3d3dy53My5vcmcvMjAwMC9zdmciPjwvc3ZnPg==\" style=\"--smush-placeholder-width: 1199px; --smush-placeholder-aspect-ratio: 1199\/1204;\" \/><\/a><\/figure><div class=\"wp-block-media-text__content\">\n<p>Apr\u00e8s l&rsquo;avoir d\u00e9licatement d\u00e9pos\u00e9 de son support, elle a \u00e9t\u00e9 plac\u00e9e sur un pilier de soutien de cette coursive sur\u00e9lev\u00e9, qui permet de ne pas \u00eatre inond\u00e9 \u00e0 la saison des pluies (d&rsquo;o\u00f9 l&rsquo;aspect vernis).<br><br>Nous avions d\u00e9j\u00e0 rencontr\u00e9 <a href=\"https:\/\/www.meslibellules.fr\/voyages\/panama\/triacanthagyna-septima\/triacanthagyna-septima.php\">une femelle au Panama<\/a> en 2012, je ne me souviens plus de la raison qui fait que je n&rsquo;en ai pas de photo : celle de Netta Smith est pourtant sur mes pages consacr\u00e9es aux Odonates du Panama.<br>Le m\u00e2le mesure de 58 \u00e0 66 mm, pour une aile post\u00e9rieure de 34 \u00e0 43 mm (1).<\/p>\n\n\n\n<p>Triacanthagyna septima femelle, P\u00e9rou, Tahuayo Lodge, 13\/08\/2023<\/p>\n<\/div><\/div>\n\n\n\n<div style=\"height:21px\" aria-hidden=\"true\" class=\"wp-block-spacer\"><\/div>\n\n\n\n<p>Comme tous les Triacanthagyna, c&rsquo;est une esp\u00e8ce cr\u00e9pusculaire qui passe la journ\u00e9e pendant \u00e0 une branche, une feuille ou un rameau en for\u00eat sombre et devient active \u00e0 la tomb\u00e9e de la nuit, pour se nourrir en limite de zones ouvertes.<br>Sa distribution s&rsquo;\u00e9tend du sud de la Floride et du Texas au Br\u00e9sil et \u00e0 la Bolivie, incluant les Cara\u00efbes et Cuba, d&rsquo;o\u00f9 l&rsquo;esp\u00e8ce a \u00e9t\u00e9 d\u00e9crite par S\u00e9lys (2). On la rencontre \u00e9galement en Guyane Fran\u00e7aise.<br><a href=\"https:\/\/www.iucnredlist.org\/species\/49254483\/49254941\">IUCN Red List<\/a><\/p>\n\n\n\n<div class=\"wp-block-media-text has-media-on-the-right is-stacked-on-mobile\"><div class=\"wp-block-media-text__content\">\n<p><strong>\u00c9tymologie<\/strong><br><strong>Triacanthagyna<\/strong>&nbsp;est compos\u00e9 du grec&nbsp;<em>Tri<\/em>&nbsp;, pour \u2013<em>trois<\/em>,&nbsp;<em>acantha<\/em>&nbsp;pour \u2013<em>\u00e9pine<\/em>&nbsp;et&nbsp;<em>gyna<\/em>&nbsp;pour \u2013<em>femme<\/em>. En effet, les femelles de ce genre portent 3 \u00e9pines sous les derniers segments abdominaux. Selys qui a cr\u00e9\u00e9 le genre en 1883 \u00e9crit : \u201c\u2640. Le 10\u1d49 segment prolong\u00e9 en dessous en une plaque procombante arm\u00e9e de trois pointes aigu\u00ebs assez longues, \u00e9gales, dont les deux lat\u00e9rales un peu \u00e9cart\u00e9es.\u201d<br><strong>Septima<\/strong> ; <em>septimus<\/em> en latin signifie &#8211;<em>septi\u00e8me<\/em>, mais rien dans la description de S\u00e9lys ne permet d&rsquo;\u00e9voquer cette \u00e9tymologie ; Selys l&rsquo;appelle d&rsquo;ailleurs Gynacantha septime, et peut-\u00eatre souhaite-t-il rendre hommage \u00e0 une connaissance qui porte le pr\u00e9nom Septime\u2026<\/p>\n<\/div><figure class=\"wp-block-media-text__media\"><a href=\"https:\/\/www.meslibellules.fr\/blog\/wp-content\/uploads\/Triacanthagyna-septima-femelle-3.webp\"><img decoding=\"async\" width=\"1228\" height=\"1204\" data-src=\"https:\/\/www.meslibellules.fr\/blog\/wp-content\/uploads\/Triacanthagyna-septima-femelle-3.webp\" alt=\"Triacanthagyna septima femelle, P\u00e9rou, Tahuayo Lodge, 13\/08\/2023\" class=\"wp-image-19999 size-full lazyload\" data-srcset=\"https:\/\/www.meslibellules.fr\/blog\/wp-content\/uploads\/Triacanthagyna-septima-femelle-3.webp 1228w, https:\/\/www.meslibellules.fr\/blog\/wp-content\/uploads\/Triacanthagyna-septima-femelle-3-768x753.webp 768w\" data-sizes=\"(max-width: 1228px) 100vw, 1228px\" src=\"data:image\/svg+xml;base64,PHN2ZyB3aWR0aD0iMSIgaGVpZ2h0PSIxIiB4bWxucz0iaHR0cDovL3d3dy53My5vcmcvMjAwMC9zdmciPjwvc3ZnPg==\" style=\"--smush-placeholder-width: 1228px; --smush-placeholder-aspect-ratio: 1228\/1204;\" \/><\/a><\/figure><\/div>\n\n\n\n<div style=\"height:43px\" aria-hidden=\"true\" class=\"wp-block-spacer\"><\/div>\n\n\n\n<p style=\"font-size:13px\">1- Dragonflies and Damselflies of Costa Rica, Dennis Paulson &amp; William Haber, Cornwell University Press, 2021<br>2- Selys Longchamps, E. de, 1857. <a href=\"https:\/\/www.biodiversitylibrary.org\/page\/24480774#page\/554\/mode\/1up\">Odonates de Cuba.<\/a> In: Sagra, R. de la (ed.) \u201cHistoire physique, politique et naturelle de l\u2019Ile de Cuba\u201d, 8: 336-472.<\/p>\n\n\n\n<div style=\"height:29px\" aria-hidden=\"true\" class=\"wp-block-spacer\"><\/div>\n\n\n\n<div class=\"wp-block-buttons is-layout-flex wp-block-buttons-is-layout-flex\">\n<div class=\"wp-block-button\"><a class=\"wp-block-button__link wp-element-button\" href=\"https:\/\/www.meslibellules.fr\/blog\/odonates-du-perou-peruvian-odonates\/\">Accueil P\u00e9rou<\/a><\/div>\n<\/div>\n","protected":false},"excerpt":{"rendered":"<p>Triacanthagyna septima est facile \u00e0 identifier ; c&rsquo;est le (ici la&#8230;) seul Triacanthagyna \u00e0 poss\u00e9der des pattes claires et un thorax dont les sutures ne sont pas soulign\u00e9es de noir. Cette femelle n&rsquo;a pas \u00e9t\u00e9 captur\u00e9e, elle est venue se poser sur le pi\u00e8ge lumineux destin\u00e9 \u00e0 attirer les papillons de nuit (moth) que Phil [&hellip;]<\/p>\n","protected":false},"author":1,"featured_media":0,"comment_status":"open","ping_status":"open","sticky":false,"template":"","format":"image","meta":{"site-sidebar-layout":"default","site-content-layout":"","ast-site-content-layout":"default","site-content-style":"default","site-sidebar-style":"default","ast-global-header-display":"","ast-banner-title-visibility":"","ast-main-header-display":"","ast-hfb-above-header-display":"","ast-hfb-below-header-display":"","ast-hfb-mobile-header-display":"","site-post-title":"","ast-breadcrumbs-content":"","ast-featured-img":"","footer-sml-layout":"","ast-disable-related-posts":"","theme-transparent-header-meta":"","adv-header-id-meta":"","stick-header-meta":"","header-above-stick-meta":"","header-main-stick-meta":"","header-below-stick-meta":"","astra-migrate-meta-layouts":"set","ast-page-background-enabled":"default","ast-page-background-meta":{"desktop":{"background-color":"var(--ast-global-color-4)","background-image":"","background-repeat":"repeat","background-position":"center center","background-size":"auto","background-attachment":"scroll","background-type":"","background-media":"","overlay-type":"","overlay-color":"","overlay-opacity":"","overlay-gradient":""},"tablet":{"background-color":"","background-image":"","background-repeat":"repeat","background-position":"center center","background-size":"auto","background-attachment":"scroll","background-type":"","background-media":"","overlay-type":"","overlay-color":"","overlay-opacity":"","overlay-gradient":""},"mobile":{"background-color":"","background-image":"","background-repeat":"repeat","background-position":"center center","background-size":"auto","background-attachment":"scroll","background-type":"","background-media":"","overlay-type":"","overlay-color":"","overlay-opacity":"","overlay-gradient":""}},"ast-content-background-meta":{"desktop":{"background-color":"var(--ast-global-color-5)","background-image":"","background-repeat":"repeat","background-position":"center center","background-size":"auto","background-attachment":"scroll","background-type":"","background-media":"","overlay-type":"","overlay-color":"","overlay-opacity":"","overlay-gradient":""},"tablet":{"background-color":"var(--ast-global-color-5)","background-image":"","background-repeat":"repeat","background-position":"center center","background-size":"auto","background-attachment":"scroll","background-type":"","background-media":"","overlay-type":"","overlay-color":"","overlay-opacity":"","overlay-gradient":""},"mobile":{"background-color":"var(--ast-global-color-5)","background-image":"","background-repeat":"repeat","background-position":"center center","background-size":"auto","background-attachment":"scroll","background-type":"","background-media":"","overlay-type":"","overlay-color":"","overlay-opacity":"","overlay-gradient":""}},"footnotes":""},"categories":[1323,1303],"tags":[1324,1305],"class_list":["post-20003","post","type-post","status-publish","format-image","hentry","category-aeshnidae-perou-2","category-perou","tag-aeshnidae-perou","tag-perou","post_format-post-format-image"],"yoast_head":"<!-- This site is optimized with the Yoast SEO plugin v27.5 - https:\/\/yoast.com\/product\/yoast-seo-wordpress\/ -->\n<title>Triacanthagyna septima - Mes Libellules<\/title>\n<meta name=\"description\" content=\"Triacanthagyna septima au P\u00e9rou, description, identification, taille, habitat, distribution g\u00e9ographique, \u00e9tymologie\" \/>\n<meta name=\"robots\" content=\"index, follow, max-snippet:-1, max-image-preview:large, max-video-preview:-1\" \/>\n<link rel=\"canonical\" href=\"https:\/\/www.meslibellules.fr\/blog\/2024\/06\/15\/triacanthagyna-septima\/\" \/>\n<meta property=\"og:locale\" content=\"fr_FR\" \/>\n<meta property=\"og:type\" content=\"article\" \/>\n<meta property=\"og:title\" content=\"Triacanthagyna septima - Mes Libellules\" \/>\n<meta property=\"og:description\" content=\"Triacanthagyna septima au P\u00e9rou, description, identification, taille, habitat, distribution g\u00e9ographique, \u00e9tymologie\" \/>\n<meta property=\"og:url\" content=\"https:\/\/www.meslibellules.fr\/blog\/2024\/06\/15\/triacanthagyna-septima\/\" \/>\n<meta property=\"og:site_name\" content=\"Mes Libellules\" \/>\n<meta property=\"article:publisher\" content=\"https:\/\/www.facebook.com\/benoit.guillon.96\/\" \/>\n<meta property=\"article:author\" content=\"https:\/\/www.facebook.com\/benoit.guillon.96\/\" \/>\n<meta property=\"article:published_time\" content=\"2024-06-15T06:46:58+00:00\" \/>\n<meta property=\"article:modified_time\" content=\"2024-06-15T06:46:59+00:00\" \/>\n<meta property=\"og:image\" content=\"https:\/\/www.meslibellules.fr\/blog\/wp-content\/uploads\/Triacanthagyna-septima-femelle.webp\" \/>\n<meta name=\"author\" content=\"Beno\u00eet Guillon\" \/>\n<meta name=\"twitter:card\" content=\"summary_large_image\" \/>\n<meta name=\"twitter:label1\" content=\"\u00c9crit par\" \/>\n\t<meta name=\"twitter:data1\" content=\"Beno\u00eet Guillon\" \/>\n\t<meta name=\"twitter:label2\" content=\"Dur\u00e9e de lecture estim\u00e9e\" \/>\n\t<meta name=\"twitter:data2\" content=\"3 minutes\" \/>\n<script type=\"application\/ld+json\" class=\"yoast-schema-graph\">{\"@context\":\"https:\\\/\\\/schema.org\",\"@graph\":[{\"@type\":\"Article\",\"@id\":\"https:\\\/\\\/www.meslibellules.fr\\\/blog\\\/2024\\\/06\\\/15\\\/triacanthagyna-septima\\\/#article\",\"isPartOf\":{\"@id\":\"https:\\\/\\\/www.meslibellules.fr\\\/blog\\\/2024\\\/06\\\/15\\\/triacanthagyna-septima\\\/\"},\"author\":{\"name\":\"Beno\u00eet Guillon\",\"@id\":\"https:\\\/\\\/www.meslibellules.fr\\\/blog\\\/#\\\/schema\\\/person\\\/9aa3586f9dd053fcf329f43b8b053c77\"},\"headline\":\"P\u00e9rou &#8211; Triacanthagyna septima (Selys in Sagra, 1857)\",\"datePublished\":\"2024-06-15T06:46:58+00:00\",\"dateModified\":\"2024-06-15T06:46:59+00:00\",\"mainEntityOfPage\":{\"@id\":\"https:\\\/\\\/www.meslibellules.fr\\\/blog\\\/2024\\\/06\\\/15\\\/triacanthagyna-septima\\\/\"},\"wordCount\":510,\"commentCount\":0,\"publisher\":{\"@id\":\"https:\\\/\\\/www.meslibellules.fr\\\/blog\\\/#\\\/schema\\\/person\\\/9aa3586f9dd053fcf329f43b8b053c77\"},\"image\":{\"@id\":\"https:\\\/\\\/www.meslibellules.fr\\\/blog\\\/2024\\\/06\\\/15\\\/triacanthagyna-septima\\\/#primaryimage\"},\"thumbnailUrl\":\"https:\\\/\\\/www.meslibellules.fr\\\/blog\\\/wp-content\\\/uploads\\\/Triacanthagyna-septima-femelle.webp\",\"keywords\":[\"Aeshnidae - P\u00e9rou\",\"P\u00e9rou\"],\"articleSection\":[\"Aeshnidae\",\"P\u00e9rou\"],\"inLanguage\":\"fr-FR\",\"potentialAction\":[{\"@type\":\"CommentAction\",\"name\":\"Comment\",\"target\":[\"https:\\\/\\\/www.meslibellules.fr\\\/blog\\\/2024\\\/06\\\/15\\\/triacanthagyna-septima\\\/#respond\"]}]},{\"@type\":\"WebPage\",\"@id\":\"https:\\\/\\\/www.meslibellules.fr\\\/blog\\\/2024\\\/06\\\/15\\\/triacanthagyna-septima\\\/\",\"url\":\"https:\\\/\\\/www.meslibellules.fr\\\/blog\\\/2024\\\/06\\\/15\\\/triacanthagyna-septima\\\/\",\"name\":\"Triacanthagyna septima - Mes Libellules\",\"isPartOf\":{\"@id\":\"https:\\\/\\\/www.meslibellules.fr\\\/blog\\\/#website\"},\"primaryImageOfPage\":{\"@id\":\"https:\\\/\\\/www.meslibellules.fr\\\/blog\\\/2024\\\/06\\\/15\\\/triacanthagyna-septima\\\/#primaryimage\"},\"image\":{\"@id\":\"https:\\\/\\\/www.meslibellules.fr\\\/blog\\\/2024\\\/06\\\/15\\\/triacanthagyna-septima\\\/#primaryimage\"},\"thumbnailUrl\":\"https:\\\/\\\/www.meslibellules.fr\\\/blog\\\/wp-content\\\/uploads\\\/Triacanthagyna-septima-femelle.webp\",\"datePublished\":\"2024-06-15T06:46:58+00:00\",\"dateModified\":\"2024-06-15T06:46:59+00:00\",\"description\":\"Triacanthagyna septima au P\u00e9rou, description, identification, taille, habitat, distribution g\u00e9ographique, \u00e9tymologie\",\"breadcrumb\":{\"@id\":\"https:\\\/\\\/www.meslibellules.fr\\\/blog\\\/2024\\\/06\\\/15\\\/triacanthagyna-septima\\\/#breadcrumb\"},\"inLanguage\":\"fr-FR\",\"potentialAction\":[{\"@type\":\"ReadAction\",\"target\":[\"https:\\\/\\\/www.meslibellules.fr\\\/blog\\\/2024\\\/06\\\/15\\\/triacanthagyna-septima\\\/\"]}]},{\"@type\":\"ImageObject\",\"inLanguage\":\"fr-FR\",\"@id\":\"https:\\\/\\\/www.meslibellules.fr\\\/blog\\\/2024\\\/06\\\/15\\\/triacanthagyna-septima\\\/#primaryimage\",\"url\":\"https:\\\/\\\/www.meslibellules.fr\\\/blog\\\/wp-content\\\/uploads\\\/Triacanthagyna-septima-femelle.webp\",\"contentUrl\":\"https:\\\/\\\/www.meslibellules.fr\\\/blog\\\/wp-content\\\/uploads\\\/Triacanthagyna-septima-femelle.webp\"},{\"@type\":\"BreadcrumbList\",\"@id\":\"https:\\\/\\\/www.meslibellules.fr\\\/blog\\\/2024\\\/06\\\/15\\\/triacanthagyna-septima\\\/#breadcrumb\",\"itemListElement\":[{\"@type\":\"ListItem\",\"position\":1,\"name\":\"Accueil\",\"item\":\"https:\\\/\\\/www.meslibellules.fr\\\/blog\\\/\"},{\"@type\":\"ListItem\",\"position\":2,\"name\":\"P\u00e9rou &#8211; Triacanthagyna septima (Selys in Sagra, 1857)\"}]},{\"@type\":\"WebSite\",\"@id\":\"https:\\\/\\\/www.meslibellules.fr\\\/blog\\\/#website\",\"url\":\"https:\\\/\\\/www.meslibellules.fr\\\/blog\\\/\",\"name\":\"Mes Libellules\",\"description\":\"Pr\u00e9sentation des libellules rencontr\u00e9es dans le monde\",\"publisher\":{\"@id\":\"https:\\\/\\\/www.meslibellules.fr\\\/blog\\\/#\\\/schema\\\/person\\\/9aa3586f9dd053fcf329f43b8b053c77\"},\"potentialAction\":[{\"@type\":\"SearchAction\",\"target\":{\"@type\":\"EntryPoint\",\"urlTemplate\":\"https:\\\/\\\/www.meslibellules.fr\\\/blog\\\/?s={search_term_string}\"},\"query-input\":{\"@type\":\"PropertyValueSpecification\",\"valueRequired\":true,\"valueName\":\"search_term_string\"}}],\"inLanguage\":\"fr-FR\"},{\"@type\":[\"Person\",\"Organization\"],\"@id\":\"https:\\\/\\\/www.meslibellules.fr\\\/blog\\\/#\\\/schema\\\/person\\\/9aa3586f9dd053fcf329f43b8b053c77\",\"name\":\"Beno\u00eet Guillon\",\"image\":{\"@type\":\"ImageObject\",\"inLanguage\":\"fr-FR\",\"@id\":\"https:\\\/\\\/www.meslibellules.fr\\\/blog\\\/wp-content\\\/uploads\\\/cropped-avatar-150-pix.jpg\",\"url\":\"https:\\\/\\\/www.meslibellules.fr\\\/blog\\\/wp-content\\\/uploads\\\/cropped-avatar-150-pix.jpg\",\"contentUrl\":\"https:\\\/\\\/www.meslibellules.fr\\\/blog\\\/wp-content\\\/uploads\\\/cropped-avatar-150-pix.jpg\",\"width\":150,\"height\":137,\"caption\":\"Beno\u00eet Guillon\"},\"logo\":{\"@id\":\"https:\\\/\\\/www.meslibellules.fr\\\/blog\\\/wp-content\\\/uploads\\\/cropped-avatar-150-pix.jpg\"},\"sameAs\":[\"https:\\\/\\\/www.facebook.com\\\/benoit.guillon.96\\\/\"]}]}<\/script>\n<!-- \/ Yoast SEO plugin. -->","yoast_head_json":{"title":"Triacanthagyna septima - Mes Libellules","description":"Triacanthagyna septima au P\u00e9rou, description, identification, taille, habitat, distribution g\u00e9ographique, \u00e9tymologie","robots":{"index":"index","follow":"follow","max-snippet":"max-snippet:-1","max-image-preview":"max-image-preview:large","max-video-preview":"max-video-preview:-1"},"canonical":"https:\/\/www.meslibellules.fr\/blog\/2024\/06\/15\/triacanthagyna-septima\/","og_locale":"fr_FR","og_type":"article","og_title":"Triacanthagyna septima - Mes Libellules","og_description":"Triacanthagyna septima au P\u00e9rou, description, identification, taille, habitat, distribution g\u00e9ographique, \u00e9tymologie","og_url":"https:\/\/www.meslibellules.fr\/blog\/2024\/06\/15\/triacanthagyna-septima\/","og_site_name":"Mes Libellules","article_publisher":"https:\/\/www.facebook.com\/benoit.guillon.96\/","article_author":"https:\/\/www.facebook.com\/benoit.guillon.96\/","article_published_time":"2024-06-15T06:46:58+00:00","article_modified_time":"2024-06-15T06:46:59+00:00","og_image":[{"url":"https:\/\/www.meslibellules.fr\/blog\/wp-content\/uploads\/Triacanthagyna-septima-femelle.webp","type":"","width":"","height":""}],"author":"Beno\u00eet Guillon","twitter_card":"summary_large_image","twitter_misc":{"\u00c9crit par":"Beno\u00eet Guillon","Dur\u00e9e de lecture estim\u00e9e":"3 minutes"},"schema":{"@context":"https:\/\/schema.org","@graph":[{"@type":"Article","@id":"https:\/\/www.meslibellules.fr\/blog\/2024\/06\/15\/triacanthagyna-septima\/#article","isPartOf":{"@id":"https:\/\/www.meslibellules.fr\/blog\/2024\/06\/15\/triacanthagyna-septima\/"},"author":{"name":"Beno\u00eet Guillon","@id":"https:\/\/www.meslibellules.fr\/blog\/#\/schema\/person\/9aa3586f9dd053fcf329f43b8b053c77"},"headline":"P\u00e9rou &#8211; Triacanthagyna septima (Selys in Sagra, 1857)","datePublished":"2024-06-15T06:46:58+00:00","dateModified":"2024-06-15T06:46:59+00:00","mainEntityOfPage":{"@id":"https:\/\/www.meslibellules.fr\/blog\/2024\/06\/15\/triacanthagyna-septima\/"},"wordCount":510,"commentCount":0,"publisher":{"@id":"https:\/\/www.meslibellules.fr\/blog\/#\/schema\/person\/9aa3586f9dd053fcf329f43b8b053c77"},"image":{"@id":"https:\/\/www.meslibellules.fr\/blog\/2024\/06\/15\/triacanthagyna-septima\/#primaryimage"},"thumbnailUrl":"https:\/\/www.meslibellules.fr\/blog\/wp-content\/uploads\/Triacanthagyna-septima-femelle.webp","keywords":["Aeshnidae - P\u00e9rou","P\u00e9rou"],"articleSection":["Aeshnidae","P\u00e9rou"],"inLanguage":"fr-FR","potentialAction":[{"@type":"CommentAction","name":"Comment","target":["https:\/\/www.meslibellules.fr\/blog\/2024\/06\/15\/triacanthagyna-septima\/#respond"]}]},{"@type":"WebPage","@id":"https:\/\/www.meslibellules.fr\/blog\/2024\/06\/15\/triacanthagyna-septima\/","url":"https:\/\/www.meslibellules.fr\/blog\/2024\/06\/15\/triacanthagyna-septima\/","name":"Triacanthagyna septima - Mes Libellules","isPartOf":{"@id":"https:\/\/www.meslibellules.fr\/blog\/#website"},"primaryImageOfPage":{"@id":"https:\/\/www.meslibellules.fr\/blog\/2024\/06\/15\/triacanthagyna-septima\/#primaryimage"},"image":{"@id":"https:\/\/www.meslibellules.fr\/blog\/2024\/06\/15\/triacanthagyna-septima\/#primaryimage"},"thumbnailUrl":"https:\/\/www.meslibellules.fr\/blog\/wp-content\/uploads\/Triacanthagyna-septima-femelle.webp","datePublished":"2024-06-15T06:46:58+00:00","dateModified":"2024-06-15T06:46:59+00:00","description":"Triacanthagyna septima au P\u00e9rou, description, identification, taille, habitat, distribution g\u00e9ographique, \u00e9tymologie","breadcrumb":{"@id":"https:\/\/www.meslibellules.fr\/blog\/2024\/06\/15\/triacanthagyna-septima\/#breadcrumb"},"inLanguage":"fr-FR","potentialAction":[{"@type":"ReadAction","target":["https:\/\/www.meslibellules.fr\/blog\/2024\/06\/15\/triacanthagyna-septima\/"]}]},{"@type":"ImageObject","inLanguage":"fr-FR","@id":"https:\/\/www.meslibellules.fr\/blog\/2024\/06\/15\/triacanthagyna-septima\/#primaryimage","url":"https:\/\/www.meslibellules.fr\/blog\/wp-content\/uploads\/Triacanthagyna-septima-femelle.webp","contentUrl":"https:\/\/www.meslibellules.fr\/blog\/wp-content\/uploads\/Triacanthagyna-septima-femelle.webp"},{"@type":"BreadcrumbList","@id":"https:\/\/www.meslibellules.fr\/blog\/2024\/06\/15\/triacanthagyna-septima\/#breadcrumb","itemListElement":[{"@type":"ListItem","position":1,"name":"Accueil","item":"https:\/\/www.meslibellules.fr\/blog\/"},{"@type":"ListItem","position":2,"name":"P\u00e9rou &#8211; Triacanthagyna septima (Selys in Sagra, 1857)"}]},{"@type":"WebSite","@id":"https:\/\/www.meslibellules.fr\/blog\/#website","url":"https:\/\/www.meslibellules.fr\/blog\/","name":"Mes Libellules","description":"Pr\u00e9sentation des libellules rencontr\u00e9es dans le monde","publisher":{"@id":"https:\/\/www.meslibellules.fr\/blog\/#\/schema\/person\/9aa3586f9dd053fcf329f43b8b053c77"},"potentialAction":[{"@type":"SearchAction","target":{"@type":"EntryPoint","urlTemplate":"https:\/\/www.meslibellules.fr\/blog\/?s={search_term_string}"},"query-input":{"@type":"PropertyValueSpecification","valueRequired":true,"valueName":"search_term_string"}}],"inLanguage":"fr-FR"},{"@type":["Person","Organization"],"@id":"https:\/\/www.meslibellules.fr\/blog\/#\/schema\/person\/9aa3586f9dd053fcf329f43b8b053c77","name":"Beno\u00eet Guillon","image":{"@type":"ImageObject","inLanguage":"fr-FR","@id":"https:\/\/www.meslibellules.fr\/blog\/wp-content\/uploads\/cropped-avatar-150-pix.jpg","url":"https:\/\/www.meslibellules.fr\/blog\/wp-content\/uploads\/cropped-avatar-150-pix.jpg","contentUrl":"https:\/\/www.meslibellules.fr\/blog\/wp-content\/uploads\/cropped-avatar-150-pix.jpg","width":150,"height":137,"caption":"Beno\u00eet Guillon"},"logo":{"@id":"https:\/\/www.meslibellules.fr\/blog\/wp-content\/uploads\/cropped-avatar-150-pix.jpg"},"sameAs":["https:\/\/www.facebook.com\/benoit.guillon.96\/"]}]}},"_links":{"self":[{"href":"https:\/\/www.meslibellules.fr\/blog\/wp-json\/wp\/v2\/posts\/20003","targetHints":{"allow":["GET"]}}],"collection":[{"href":"https:\/\/www.meslibellules.fr\/blog\/wp-json\/wp\/v2\/posts"}],"about":[{"href":"https:\/\/www.meslibellules.fr\/blog\/wp-json\/wp\/v2\/types\/post"}],"author":[{"embeddable":true,"href":"https:\/\/www.meslibellules.fr\/blog\/wp-json\/wp\/v2\/users\/1"}],"replies":[{"embeddable":true,"href":"https:\/\/www.meslibellules.fr\/blog\/wp-json\/wp\/v2\/comments?post=20003"}],"version-history":[{"count":0,"href":"https:\/\/www.meslibellules.fr\/blog\/wp-json\/wp\/v2\/posts\/20003\/revisions"}],"wp:attachment":[{"href":"https:\/\/www.meslibellules.fr\/blog\/wp-json\/wp\/v2\/media?parent=20003"}],"wp:term":[{"taxonomy":"category","embeddable":true,"href":"https:\/\/www.meslibellules.fr\/blog\/wp-json\/wp\/v2\/categories?post=20003"},{"taxonomy":"post_tag","embeddable":true,"href":"https:\/\/www.meslibellules.fr\/blog\/wp-json\/wp\/v2\/tags?post=20003"}],"curies":[{"name":"wp","href":"https:\/\/api.w.org\/{rel}","templated":true}]}}