{"id":20223,"date":"2024-07-01T18:07:03","date_gmt":"2024-07-01T16:07:03","guid":{"rendered":"https:\/\/www.meslibellules.fr\/blog\/?p=20223"},"modified":"2024-07-01T18:07:05","modified_gmt":"2024-07-01T16:07:05","slug":"phoenicagrion-flammeum","status":"publish","type":"post","link":"https:\/\/www.meslibellules.fr\/blog\/2024\/07\/01\/phoenicagrion-flammeum\/","title":{"rendered":"P\u00e9rou &#8211; Phoenicagrion flammeum (Selys, 1876)"},"content":{"rendered":"\n<div style=\"height:14px\" aria-hidden=\"true\" class=\"wp-block-spacer\"><\/div>\n\n\n\n<figure class=\"wp-block-image aligncenter size-full is-resized\"><a href=\"https:\/\/www.meslibellules.fr\/blog\/wp-content\/uploads\/Phoenicagrion-flammeum-femelle-1.webp\"><img decoding=\"async\" width=\"2305\" height=\"1204\" data-src=\"https:\/\/www.meslibellules.fr\/blog\/wp-content\/uploads\/Phoenicagrion-flammeum-femelle-1.webp\" alt=\"Phoenicagrion flammeum femelle, P\u00e9rpu, ARC (Chino), 1608\/2023\" class=\"wp-image-20219 lazyload\" style=\"--smush-placeholder-width: 2305px; --smush-placeholder-aspect-ratio: 2305\/1204;width:653px;height:auto\" data-srcset=\"https:\/\/www.meslibellules.fr\/blog\/wp-content\/uploads\/Phoenicagrion-flammeum-femelle-1.webp 2305w, https:\/\/www.meslibellules.fr\/blog\/wp-content\/uploads\/Phoenicagrion-flammeum-femelle-1-768x401.webp 768w, https:\/\/www.meslibellules.fr\/blog\/wp-content\/uploads\/Phoenicagrion-flammeum-femelle-1-1536x802.webp 1536w, https:\/\/www.meslibellules.fr\/blog\/wp-content\/uploads\/Phoenicagrion-flammeum-femelle-1-2048x1070.webp 2048w\" data-sizes=\"(max-width: 2305px) 100vw, 2305px\" src=\"data:image\/svg+xml;base64,PHN2ZyB3aWR0aD0iMSIgaGVpZ2h0PSIxIiB4bWxucz0iaHR0cDovL3d3dy53My5vcmcvMjAwMC9zdmciPjwvc3ZnPg==\" \/><\/a><figcaption class=\"wp-element-caption\">Phoenicagrion flammeum femelle, P\u00e9rou, ARC (Chino), 1608\/2023<\/figcaption><\/figure>\n\n\n\n<p>Phoenicagrion flammeum a \u00e9t\u00e9 d\u00e9crit par Selys sous le nom de Leptagrion flammeum. Williamson (1917) l&rsquo;a plac\u00e9 dans le genre Aeolagrion, puis Natalia von Ellenrieder (1) a cr\u00e9\u00e9 le genre Phoenicagrion pour cette esp\u00e8ce et une qu&rsquo;elle a d\u00e9crit \u00e0 cette occasion, Phoenicagrion paulsoni.<br>Ces Phoenicagrion ont pour caract\u00e9ristique parmi les Coenagrionidae de ne pas porter de coloration noire sur le thorax (ligne noire sur les sutures, coloration noire sur l&rsquo;arri\u00e8re de la t\u00eate ou le pronotum), d&rsquo;avoir une bande ant\u00e9hum\u00e9rale bleue et une tache oblique de la m\u00eame couleur.<\/p>\n\n\n\n<figure class=\"wp-block-image aligncenter size-full is-resized\"><a href=\"https:\/\/www.meslibellules.fr\/blog\/wp-content\/uploads\/Phoenicagrion-flammeum-femelle-2.webp\"><img decoding=\"async\" width=\"1744\" height=\"1204\" data-src=\"https:\/\/www.meslibellules.fr\/blog\/wp-content\/uploads\/Phoenicagrion-flammeum-femelle-2.webp\" alt=\"Phoenicagrion flammeum femelle, P\u00e9rou, ARC (Chino), 16\/08\/2023\" class=\"wp-image-20220 lazyload\" style=\"--smush-placeholder-width: 1744px; --smush-placeholder-aspect-ratio: 1744\/1204;width:583px;height:auto\" data-srcset=\"https:\/\/www.meslibellules.fr\/blog\/wp-content\/uploads\/Phoenicagrion-flammeum-femelle-2.webp 1744w, https:\/\/www.meslibellules.fr\/blog\/wp-content\/uploads\/Phoenicagrion-flammeum-femelle-2-768x530.webp 768w, https:\/\/www.meslibellules.fr\/blog\/wp-content\/uploads\/Phoenicagrion-flammeum-femelle-2-1536x1060.webp 1536w\" data-sizes=\"(max-width: 1744px) 100vw, 1744px\" src=\"data:image\/svg+xml;base64,PHN2ZyB3aWR0aD0iMSIgaGVpZ2h0PSIxIiB4bWxucz0iaHR0cDovL3d3dy53My5vcmcvMjAwMC9zdmciPjwvc3ZnPg==\" \/><\/a><figcaption class=\"wp-element-caption\">Phoenicagrion flammeum femelle, P\u00e9rou, ARC (Chino), 16\/08\/2023<\/figcaption><\/figure>\n\n\n\n<p>Dans la zone que nous avons prospect\u00e9e, au moins un autre Phoenicagrion est connu, P. trilobum ; on peut cependant facilement s\u00e9parer les deux esp\u00e8ces par la couleur de leurs yeux, ceux de<a href=\"https:\/\/www.meslibellules.fr\/blog\/wp-content\/uploads\/Phoenicagrion-trilobum-femelle-3.webp\"> P. trilobum<\/a> \u00e9tant spectaculairement stri\u00e9s horizontalement de trois couleurs.<\/p>\n\n\n\n<div class=\"wp-block-media-text is-stacked-on-mobile\"><figure class=\"wp-block-media-text__media\"><a href=\"https:\/\/www.meslibellules.fr\/blog\/wp-content\/uploads\/Phoenicagrion-flammeum-femelle-4.webp\"><img decoding=\"async\" width=\"1260\" height=\"1204\" data-src=\"https:\/\/www.meslibellules.fr\/blog\/wp-content\/uploads\/Phoenicagrion-flammeum-femelle-4.webp\" alt=\"Phoenicagrion flammeum femelle, P\u00e9rou, ARC (Chino), 16\/08\/2023\" class=\"wp-image-20222 size-full lazyload\" data-srcset=\"https:\/\/www.meslibellules.fr\/blog\/wp-content\/uploads\/Phoenicagrion-flammeum-femelle-4.webp 1260w, https:\/\/www.meslibellules.fr\/blog\/wp-content\/uploads\/Phoenicagrion-flammeum-femelle-4-768x734.webp 768w\" data-sizes=\"(max-width: 1260px) 100vw, 1260px\" src=\"data:image\/svg+xml;base64,PHN2ZyB3aWR0aD0iMSIgaGVpZ2h0PSIxIiB4bWxucz0iaHR0cDovL3d3dy53My5vcmcvMjAwMC9zdmciPjwvc3ZnPg==\" style=\"--smush-placeholder-width: 1260px; --smush-placeholder-aspect-ratio: 1260\/1204;\" \/><\/a><\/figure><div class=\"wp-block-media-text__content\">\n<p>Selys nous dit que l&rsquo;abdomen de la femelle mesure 33 mm, ce qui donne une taille totale d&rsquo;environ 40 mm.<br><br>Nous n&rsquo;avons rencontr\u00e9 qu&rsquo;une seule femelle, assez bri\u00e8vement et en hauteur, dans une zone toute proche des b\u00e2timents de l&rsquo;Amazon Research Center, dans une zone m\u00ealant ombre et lumi\u00e8re.<br><br>Contrairement \u00e0 P. trilobum qui n&rsquo;est connu que de la r\u00e9serve de Tamshiyacu-Tahuayo, cette esp\u00e8ce est largement r\u00e9pandue en Am\u00e9rique du Sud : Colombie, Venezuela, P\u00e9rou, Guyana et Br\u00e9sil.<br><a href=\"https:\/\/www.iucnredlist.org\/species\/49254415\/49255417#geographic-range\">IUCN Red List<\/a><\/p>\n<\/div><\/div>\n\n\n\n<div style=\"height:22px\" aria-hidden=\"true\" class=\"wp-block-spacer\"><\/div>\n\n\n\n<p><span style=\"text-decoration: underline;\"><strong>\u00c9tymologie<\/strong><\/span><br \/><strong>Phoenicagrion<\/strong> (1) ; Natalia von Ellenrieder explique qu&rsquo;elle a cr\u00e9\u00e9 le genre \u00e0 partir du du grec <em>phoinicos<\/em> qui signifie <em>rouge<\/em> et de <em>agrion<\/em>, un nom neutre translitt\u00e9r\u00e9 du grec <em>agrios<\/em> &#8211; utilis\u00e9 pour de nombreux noms de Coenagrionidae signifiant \u00ab\u00a0ce qui est vivant dans les champs, \u00e0 l&rsquo;\u00e9tat sauvage\u00a0\u00bb. Elle souligne que c&rsquo;est aussi une \u00ab\u00a0All\u00e9gorie au mythologique Phoenix, oiseau rouge dor\u00e9, toujours unique et renaissant de ses cendres, se r\u00e9f\u00e9rant aux couleurs singuli\u00e8res rouges et orange de P. flammeum et P. paulsoni, et \u00e0 P. flammeum, \u00ab\u00a0renaissant\u00a0\u00bb p\u00e9riodiquement dans des genres diff\u00e9rents.<br \/><strong>Flammeum<\/strong>, du latin <em>flammeus<\/em>, qui signifie &#8211; <em>de flamme, brillant<\/em>. Selys ne donne pas d&rsquo;explication lorsqu&rsquo;il d\u00e9crit un \u00ab\u00a0semi-adulte\u00a0\u00bb. Il insiste sur la coloration rousse, \u00ab\u00a0rouss\u00e2tre clair vari\u00e9 de bronz\u00e9\u00a0\u00bb, \u00ab\u00a0prothorax roux\u00a0\u00bb, \u00ab\u00a0thorax roux\u00a0\u00bb, \u00ab\u00a0abdomen&#8230; roux jaun\u00e2tre\u00a0\u00bb et c&rsquo;est sans doute cette couleur qui lui fait penser \u00e0 la couleur d&rsquo;une flamme. Noter que les m\u00e2les sont de couleur beaucoup plus vive que la femelle que j&rsquo;ai photographi\u00e9e.<\/p>\n\n\n\n<figure class=\"wp-block-image aligncenter is-resized\"><a href=\"https:\/\/www.meslibellules.fr\/blog\/wp-content\/uploads\/Phoenicagrion-flammeum-femelle-3.webp\"><img decoding=\"async\" width=\"1844\" height=\"1204\" data-src=\"https:\/\/www.meslibellules.fr\/blog\/wp-content\/uploads\/Phoenicagrion-flammeum-femelle-3.webp\" alt=\"Phoenicagrion flammeum femelle, P\u00e9rou, ARC (Chino), 16\/08\/2023\" class=\"wp-image-20221 lazyload\" style=\"--smush-placeholder-width: 1844px; --smush-placeholder-aspect-ratio: 1844\/1204;width:578px;height:auto\" data-srcset=\"https:\/\/www.meslibellules.fr\/blog\/wp-content\/uploads\/Phoenicagrion-flammeum-femelle-3.webp 1844w, https:\/\/www.meslibellules.fr\/blog\/wp-content\/uploads\/Phoenicagrion-flammeum-femelle-3-768x501.webp 768w, https:\/\/www.meslibellules.fr\/blog\/wp-content\/uploads\/Phoenicagrion-flammeum-femelle-3-1536x1003.webp 1536w\" data-sizes=\"(max-width: 1844px) 100vw, 1844px\" src=\"data:image\/svg+xml;base64,PHN2ZyB3aWR0aD0iMSIgaGVpZ2h0PSIxIiB4bWxucz0iaHR0cDovL3d3dy53My5vcmcvMjAwMC9zdmciPjwvc3ZnPg==\" \/><\/a><\/figure>\n\n\n\n<div style=\"height:27px\" aria-hidden=\"true\" class=\"wp-block-spacer\"><\/div>\n\n\n\n<p style=\"font-size:13px\">-1 von Ellenrieder, N. (2008). <a href=\"https:\/\/worlddragonfly.org\/wp-content\/uploads\/ijo\/tijo20.v011.i01\/13887890.2008.9748314\/13887890.2008.9748314.pdf\">Phoenicagrion gen. nov. for Leptagrion flammeum, with description of a new species, P. paulsoni, from Peru (Odonata: Coenagrionidae)<\/a>. International Journal of Odonatology, 11, 81\u201393<br>2- Selys-Longchamps, E. de, 1876. <a href=\"https:\/\/www.biodiversitylibrary.org\/page\/34716922#page\/995\/mode\/1up\">Synopsis des Agrionines. 5e l\u00e9gion : Agrion (suite). Le genre Agrion.<\/a> Bulletin de I&rsquo;Acad\u00e9mie Royale de Belgique 41: 247-322.<\/p>\n\n\n\n<div style=\"height:34px\" aria-hidden=\"true\" class=\"wp-block-spacer\"><\/div>\n\n\n\n<div class=\"wp-block-buttons is-layout-flex wp-block-buttons-is-layout-flex\">\n<div class=\"wp-block-button\"><a class=\"wp-block-button__link wp-element-button\" href=\"https:\/\/www.meslibellules.fr\/blog\/odonates-du-perou-peruvian-odonates\/\">Accueil P\u00e9rou<\/a><\/div>\n<\/div>\n","protected":false},"excerpt":{"rendered":"<p>Phoenicagrion flammeum a \u00e9t\u00e9 d\u00e9crit par Selys sous le nom de Leptagrion flammeum. Williamson (1917) l&rsquo;a plac\u00e9 dans le genre Aeolagrion, puis Natalia von Ellenrieder (1) a cr\u00e9\u00e9 le genre Phoenicagrion pour cette esp\u00e8ce et une qu&rsquo;elle a d\u00e9crit \u00e0 cette occasion, Phoenicagrion paulsoni.Ces Phoenicagrion ont pour caract\u00e9ristique parmi les Coenagrionidae de ne pas porter [&hellip;]<\/p>\n","protected":false},"author":1,"featured_media":0,"comment_status":"open","ping_status":"open","sticky":false,"template":"","format":"image","meta":{"site-sidebar-layout":"default","site-content-layout":"","ast-site-content-layout":"default","site-content-style":"default","site-sidebar-style":"default","ast-global-header-display":"","ast-banner-title-visibility":"","ast-main-header-display":"","ast-hfb-above-header-display":"","ast-hfb-below-header-display":"","ast-hfb-mobile-header-display":"","site-post-title":"","ast-breadcrumbs-content":"","ast-featured-img":"","footer-sml-layout":"","ast-disable-related-posts":"","theme-transparent-header-meta":"","adv-header-id-meta":"","stick-header-meta":"","header-above-stick-meta":"","header-main-stick-meta":"","header-below-stick-meta":"","astra-migrate-meta-layouts":"set","ast-page-background-enabled":"default","ast-page-background-meta":{"desktop":{"background-color":"var(--ast-global-color-4)","background-image":"","background-repeat":"repeat","background-position":"center center","background-size":"auto","background-attachment":"scroll","background-type":"","background-media":"","overlay-type":"","overlay-color":"","overlay-opacity":"","overlay-gradient":""},"tablet":{"background-color":"","background-image":"","background-repeat":"repeat","background-position":"center center","background-size":"auto","background-attachment":"scroll","background-type":"","background-media":"","overlay-type":"","overlay-color":"","overlay-opacity":"","overlay-gradient":""},"mobile":{"background-color":"","background-image":"","background-repeat":"repeat","background-position":"center center","background-size":"auto","background-attachment":"scroll","background-type":"","background-media":"","overlay-type":"","overlay-color":"","overlay-opacity":"","overlay-gradient":""}},"ast-content-background-meta":{"desktop":{"background-color":"var(--ast-global-color-5)","background-image":"","background-repeat":"repeat","background-position":"center center","background-size":"auto","background-attachment":"scroll","background-type":"","background-media":"","overlay-type":"","overlay-color":"","overlay-opacity":"","overlay-gradient":""},"tablet":{"background-color":"var(--ast-global-color-5)","background-image":"","background-repeat":"repeat","background-position":"center center","background-size":"auto","background-attachment":"scroll","background-type":"","background-media":"","overlay-type":"","overlay-color":"","overlay-opacity":"","overlay-gradient":""},"mobile":{"background-color":"var(--ast-global-color-5)","background-image":"","background-repeat":"repeat","background-position":"center center","background-size":"auto","background-attachment":"scroll","background-type":"","background-media":"","overlay-type":"","overlay-color":"","overlay-opacity":"","overlay-gradient":""}},"footnotes":""},"categories":[1308,1303],"tags":[1309,1305],"class_list":["post-20223","post","type-post","status-publish","format-image","hentry","category-coenagrionidae-perou-2","category-perou","tag-coenagrionidae-perou","tag-perou","post_format-post-format-image"],"yoast_head":"<!-- This site is optimized with the Yoast SEO plugin v27.5 - https:\/\/yoast.com\/product\/yoast-seo-wordpress\/ -->\n<title>Phoenicagrion flammeum - Mes Libellules<\/title>\n<meta name=\"description\" content=\"Phoenicagrion flammeum au P\u00e9rou, description, identification, taille, habitat, distribution g\u00e9ographique, \u00e9tymologie\" \/>\n<meta name=\"robots\" content=\"index, follow, max-snippet:-1, max-image-preview:large, max-video-preview:-1\" \/>\n<link rel=\"canonical\" href=\"https:\/\/www.meslibellules.fr\/blog\/2024\/07\/01\/phoenicagrion-flammeum\/\" \/>\n<meta property=\"og:locale\" content=\"fr_FR\" \/>\n<meta property=\"og:type\" content=\"article\" \/>\n<meta property=\"og:title\" content=\"Phoenicagrion flammeum - Mes Libellules\" \/>\n<meta property=\"og:description\" content=\"Phoenicagrion flammeum au P\u00e9rou, description, identification, taille, habitat, distribution g\u00e9ographique, \u00e9tymologie\" \/>\n<meta property=\"og:url\" content=\"https:\/\/www.meslibellules.fr\/blog\/2024\/07\/01\/phoenicagrion-flammeum\/\" \/>\n<meta property=\"og:site_name\" content=\"Mes Libellules\" \/>\n<meta property=\"article:publisher\" content=\"https:\/\/www.facebook.com\/benoit.guillon.96\/\" \/>\n<meta property=\"article:author\" content=\"https:\/\/www.facebook.com\/benoit.guillon.96\/\" \/>\n<meta property=\"article:published_time\" content=\"2024-07-01T16:07:03+00:00\" \/>\n<meta property=\"article:modified_time\" content=\"2024-07-01T16:07:05+00:00\" \/>\n<meta property=\"og:image\" content=\"https:\/\/www.meslibellules.fr\/blog\/wp-content\/uploads\/Phoenicagrion-flammeum-femelle-1.webp\" \/>\n<meta name=\"author\" content=\"Beno\u00eet Guillon\" \/>\n<meta name=\"twitter:card\" content=\"summary_large_image\" \/>\n<meta name=\"twitter:label1\" content=\"\u00c9crit par\" \/>\n\t<meta name=\"twitter:data1\" content=\"Beno\u00eet Guillon\" \/>\n\t<meta name=\"twitter:label2\" content=\"Dur\u00e9e de lecture estim\u00e9e\" \/>\n\t<meta name=\"twitter:data2\" content=\"4 minutes\" \/>\n<script type=\"application\/ld+json\" class=\"yoast-schema-graph\">{\"@context\":\"https:\\\/\\\/schema.org\",\"@graph\":[{\"@type\":\"Article\",\"@id\":\"https:\\\/\\\/www.meslibellules.fr\\\/blog\\\/2024\\\/07\\\/01\\\/phoenicagrion-flammeum\\\/#article\",\"isPartOf\":{\"@id\":\"https:\\\/\\\/www.meslibellules.fr\\\/blog\\\/2024\\\/07\\\/01\\\/phoenicagrion-flammeum\\\/\"},\"author\":{\"name\":\"Beno\u00eet Guillon\",\"@id\":\"https:\\\/\\\/www.meslibellules.fr\\\/blog\\\/#\\\/schema\\\/person\\\/9aa3586f9dd053fcf329f43b8b053c77\"},\"headline\":\"P\u00e9rou &#8211; Phoenicagrion flammeum (Selys, 1876)\",\"datePublished\":\"2024-07-01T16:07:03+00:00\",\"dateModified\":\"2024-07-01T16:07:05+00:00\",\"mainEntityOfPage\":{\"@id\":\"https:\\\/\\\/www.meslibellules.fr\\\/blog\\\/2024\\\/07\\\/01\\\/phoenicagrion-flammeum\\\/\"},\"wordCount\":485,\"commentCount\":0,\"publisher\":{\"@id\":\"https:\\\/\\\/www.meslibellules.fr\\\/blog\\\/#\\\/schema\\\/person\\\/9aa3586f9dd053fcf329f43b8b053c77\"},\"image\":{\"@id\":\"https:\\\/\\\/www.meslibellules.fr\\\/blog\\\/2024\\\/07\\\/01\\\/phoenicagrion-flammeum\\\/#primaryimage\"},\"thumbnailUrl\":\"https:\\\/\\\/www.meslibellules.fr\\\/blog\\\/wp-content\\\/uploads\\\/Phoenicagrion-flammeum-femelle-1.webp\",\"keywords\":[\"Coenagrionidae - P\u00e9rou\",\"P\u00e9rou\"],\"articleSection\":[\"Coenagrionidae\",\"P\u00e9rou\"],\"inLanguage\":\"fr-FR\",\"potentialAction\":[{\"@type\":\"CommentAction\",\"name\":\"Comment\",\"target\":[\"https:\\\/\\\/www.meslibellules.fr\\\/blog\\\/2024\\\/07\\\/01\\\/phoenicagrion-flammeum\\\/#respond\"]}]},{\"@type\":\"WebPage\",\"@id\":\"https:\\\/\\\/www.meslibellules.fr\\\/blog\\\/2024\\\/07\\\/01\\\/phoenicagrion-flammeum\\\/\",\"url\":\"https:\\\/\\\/www.meslibellules.fr\\\/blog\\\/2024\\\/07\\\/01\\\/phoenicagrion-flammeum\\\/\",\"name\":\"Phoenicagrion flammeum - Mes Libellules\",\"isPartOf\":{\"@id\":\"https:\\\/\\\/www.meslibellules.fr\\\/blog\\\/#website\"},\"primaryImageOfPage\":{\"@id\":\"https:\\\/\\\/www.meslibellules.fr\\\/blog\\\/2024\\\/07\\\/01\\\/phoenicagrion-flammeum\\\/#primaryimage\"},\"image\":{\"@id\":\"https:\\\/\\\/www.meslibellules.fr\\\/blog\\\/2024\\\/07\\\/01\\\/phoenicagrion-flammeum\\\/#primaryimage\"},\"thumbnailUrl\":\"https:\\\/\\\/www.meslibellules.fr\\\/blog\\\/wp-content\\\/uploads\\\/Phoenicagrion-flammeum-femelle-1.webp\",\"datePublished\":\"2024-07-01T16:07:03+00:00\",\"dateModified\":\"2024-07-01T16:07:05+00:00\",\"description\":\"Phoenicagrion flammeum au P\u00e9rou, description, identification, taille, habitat, distribution g\u00e9ographique, \u00e9tymologie\",\"breadcrumb\":{\"@id\":\"https:\\\/\\\/www.meslibellules.fr\\\/blog\\\/2024\\\/07\\\/01\\\/phoenicagrion-flammeum\\\/#breadcrumb\"},\"inLanguage\":\"fr-FR\",\"potentialAction\":[{\"@type\":\"ReadAction\",\"target\":[\"https:\\\/\\\/www.meslibellules.fr\\\/blog\\\/2024\\\/07\\\/01\\\/phoenicagrion-flammeum\\\/\"]}]},{\"@type\":\"ImageObject\",\"inLanguage\":\"fr-FR\",\"@id\":\"https:\\\/\\\/www.meslibellules.fr\\\/blog\\\/2024\\\/07\\\/01\\\/phoenicagrion-flammeum\\\/#primaryimage\",\"url\":\"https:\\\/\\\/www.meslibellules.fr\\\/blog\\\/wp-content\\\/uploads\\\/Phoenicagrion-flammeum-femelle-1.webp\",\"contentUrl\":\"https:\\\/\\\/www.meslibellules.fr\\\/blog\\\/wp-content\\\/uploads\\\/Phoenicagrion-flammeum-femelle-1.webp\"},{\"@type\":\"BreadcrumbList\",\"@id\":\"https:\\\/\\\/www.meslibellules.fr\\\/blog\\\/2024\\\/07\\\/01\\\/phoenicagrion-flammeum\\\/#breadcrumb\",\"itemListElement\":[{\"@type\":\"ListItem\",\"position\":1,\"name\":\"Accueil\",\"item\":\"https:\\\/\\\/www.meslibellules.fr\\\/blog\\\/\"},{\"@type\":\"ListItem\",\"position\":2,\"name\":\"P\u00e9rou &#8211; Phoenicagrion flammeum (Selys, 1876)\"}]},{\"@type\":\"WebSite\",\"@id\":\"https:\\\/\\\/www.meslibellules.fr\\\/blog\\\/#website\",\"url\":\"https:\\\/\\\/www.meslibellules.fr\\\/blog\\\/\",\"name\":\"Mes Libellules\",\"description\":\"Pr\u00e9sentation des libellules rencontr\u00e9es dans le monde\",\"publisher\":{\"@id\":\"https:\\\/\\\/www.meslibellules.fr\\\/blog\\\/#\\\/schema\\\/person\\\/9aa3586f9dd053fcf329f43b8b053c77\"},\"potentialAction\":[{\"@type\":\"SearchAction\",\"target\":{\"@type\":\"EntryPoint\",\"urlTemplate\":\"https:\\\/\\\/www.meslibellules.fr\\\/blog\\\/?s={search_term_string}\"},\"query-input\":{\"@type\":\"PropertyValueSpecification\",\"valueRequired\":true,\"valueName\":\"search_term_string\"}}],\"inLanguage\":\"fr-FR\"},{\"@type\":[\"Person\",\"Organization\"],\"@id\":\"https:\\\/\\\/www.meslibellules.fr\\\/blog\\\/#\\\/schema\\\/person\\\/9aa3586f9dd053fcf329f43b8b053c77\",\"name\":\"Beno\u00eet Guillon\",\"image\":{\"@type\":\"ImageObject\",\"inLanguage\":\"fr-FR\",\"@id\":\"https:\\\/\\\/www.meslibellules.fr\\\/blog\\\/wp-content\\\/uploads\\\/cropped-avatar-150-pix.jpg\",\"url\":\"https:\\\/\\\/www.meslibellules.fr\\\/blog\\\/wp-content\\\/uploads\\\/cropped-avatar-150-pix.jpg\",\"contentUrl\":\"https:\\\/\\\/www.meslibellules.fr\\\/blog\\\/wp-content\\\/uploads\\\/cropped-avatar-150-pix.jpg\",\"width\":150,\"height\":137,\"caption\":\"Beno\u00eet Guillon\"},\"logo\":{\"@id\":\"https:\\\/\\\/www.meslibellules.fr\\\/blog\\\/wp-content\\\/uploads\\\/cropped-avatar-150-pix.jpg\"},\"sameAs\":[\"https:\\\/\\\/www.facebook.com\\\/benoit.guillon.96\\\/\"]}]}<\/script>\n<!-- \/ Yoast SEO plugin. -->","yoast_head_json":{"title":"Phoenicagrion flammeum - Mes Libellules","description":"Phoenicagrion flammeum au P\u00e9rou, description, identification, taille, habitat, distribution g\u00e9ographique, \u00e9tymologie","robots":{"index":"index","follow":"follow","max-snippet":"max-snippet:-1","max-image-preview":"max-image-preview:large","max-video-preview":"max-video-preview:-1"},"canonical":"https:\/\/www.meslibellules.fr\/blog\/2024\/07\/01\/phoenicagrion-flammeum\/","og_locale":"fr_FR","og_type":"article","og_title":"Phoenicagrion flammeum - Mes Libellules","og_description":"Phoenicagrion flammeum au P\u00e9rou, description, identification, taille, habitat, distribution g\u00e9ographique, \u00e9tymologie","og_url":"https:\/\/www.meslibellules.fr\/blog\/2024\/07\/01\/phoenicagrion-flammeum\/","og_site_name":"Mes Libellules","article_publisher":"https:\/\/www.facebook.com\/benoit.guillon.96\/","article_author":"https:\/\/www.facebook.com\/benoit.guillon.96\/","article_published_time":"2024-07-01T16:07:03+00:00","article_modified_time":"2024-07-01T16:07:05+00:00","og_image":[{"url":"https:\/\/www.meslibellules.fr\/blog\/wp-content\/uploads\/Phoenicagrion-flammeum-femelle-1.webp","type":"","width":"","height":""}],"author":"Beno\u00eet Guillon","twitter_card":"summary_large_image","twitter_misc":{"\u00c9crit par":"Beno\u00eet Guillon","Dur\u00e9e de lecture estim\u00e9e":"4 minutes"},"schema":{"@context":"https:\/\/schema.org","@graph":[{"@type":"Article","@id":"https:\/\/www.meslibellules.fr\/blog\/2024\/07\/01\/phoenicagrion-flammeum\/#article","isPartOf":{"@id":"https:\/\/www.meslibellules.fr\/blog\/2024\/07\/01\/phoenicagrion-flammeum\/"},"author":{"name":"Beno\u00eet Guillon","@id":"https:\/\/www.meslibellules.fr\/blog\/#\/schema\/person\/9aa3586f9dd053fcf329f43b8b053c77"},"headline":"P\u00e9rou &#8211; Phoenicagrion flammeum (Selys, 1876)","datePublished":"2024-07-01T16:07:03+00:00","dateModified":"2024-07-01T16:07:05+00:00","mainEntityOfPage":{"@id":"https:\/\/www.meslibellules.fr\/blog\/2024\/07\/01\/phoenicagrion-flammeum\/"},"wordCount":485,"commentCount":0,"publisher":{"@id":"https:\/\/www.meslibellules.fr\/blog\/#\/schema\/person\/9aa3586f9dd053fcf329f43b8b053c77"},"image":{"@id":"https:\/\/www.meslibellules.fr\/blog\/2024\/07\/01\/phoenicagrion-flammeum\/#primaryimage"},"thumbnailUrl":"https:\/\/www.meslibellules.fr\/blog\/wp-content\/uploads\/Phoenicagrion-flammeum-femelle-1.webp","keywords":["Coenagrionidae - P\u00e9rou","P\u00e9rou"],"articleSection":["Coenagrionidae","P\u00e9rou"],"inLanguage":"fr-FR","potentialAction":[{"@type":"CommentAction","name":"Comment","target":["https:\/\/www.meslibellules.fr\/blog\/2024\/07\/01\/phoenicagrion-flammeum\/#respond"]}]},{"@type":"WebPage","@id":"https:\/\/www.meslibellules.fr\/blog\/2024\/07\/01\/phoenicagrion-flammeum\/","url":"https:\/\/www.meslibellules.fr\/blog\/2024\/07\/01\/phoenicagrion-flammeum\/","name":"Phoenicagrion flammeum - Mes Libellules","isPartOf":{"@id":"https:\/\/www.meslibellules.fr\/blog\/#website"},"primaryImageOfPage":{"@id":"https:\/\/www.meslibellules.fr\/blog\/2024\/07\/01\/phoenicagrion-flammeum\/#primaryimage"},"image":{"@id":"https:\/\/www.meslibellules.fr\/blog\/2024\/07\/01\/phoenicagrion-flammeum\/#primaryimage"},"thumbnailUrl":"https:\/\/www.meslibellules.fr\/blog\/wp-content\/uploads\/Phoenicagrion-flammeum-femelle-1.webp","datePublished":"2024-07-01T16:07:03+00:00","dateModified":"2024-07-01T16:07:05+00:00","description":"Phoenicagrion flammeum au P\u00e9rou, description, identification, taille, habitat, distribution g\u00e9ographique, \u00e9tymologie","breadcrumb":{"@id":"https:\/\/www.meslibellules.fr\/blog\/2024\/07\/01\/phoenicagrion-flammeum\/#breadcrumb"},"inLanguage":"fr-FR","potentialAction":[{"@type":"ReadAction","target":["https:\/\/www.meslibellules.fr\/blog\/2024\/07\/01\/phoenicagrion-flammeum\/"]}]},{"@type":"ImageObject","inLanguage":"fr-FR","@id":"https:\/\/www.meslibellules.fr\/blog\/2024\/07\/01\/phoenicagrion-flammeum\/#primaryimage","url":"https:\/\/www.meslibellules.fr\/blog\/wp-content\/uploads\/Phoenicagrion-flammeum-femelle-1.webp","contentUrl":"https:\/\/www.meslibellules.fr\/blog\/wp-content\/uploads\/Phoenicagrion-flammeum-femelle-1.webp"},{"@type":"BreadcrumbList","@id":"https:\/\/www.meslibellules.fr\/blog\/2024\/07\/01\/phoenicagrion-flammeum\/#breadcrumb","itemListElement":[{"@type":"ListItem","position":1,"name":"Accueil","item":"https:\/\/www.meslibellules.fr\/blog\/"},{"@type":"ListItem","position":2,"name":"P\u00e9rou &#8211; Phoenicagrion flammeum (Selys, 1876)"}]},{"@type":"WebSite","@id":"https:\/\/www.meslibellules.fr\/blog\/#website","url":"https:\/\/www.meslibellules.fr\/blog\/","name":"Mes Libellules","description":"Pr\u00e9sentation des libellules rencontr\u00e9es dans le monde","publisher":{"@id":"https:\/\/www.meslibellules.fr\/blog\/#\/schema\/person\/9aa3586f9dd053fcf329f43b8b053c77"},"potentialAction":[{"@type":"SearchAction","target":{"@type":"EntryPoint","urlTemplate":"https:\/\/www.meslibellules.fr\/blog\/?s={search_term_string}"},"query-input":{"@type":"PropertyValueSpecification","valueRequired":true,"valueName":"search_term_string"}}],"inLanguage":"fr-FR"},{"@type":["Person","Organization"],"@id":"https:\/\/www.meslibellules.fr\/blog\/#\/schema\/person\/9aa3586f9dd053fcf329f43b8b053c77","name":"Beno\u00eet Guillon","image":{"@type":"ImageObject","inLanguage":"fr-FR","@id":"https:\/\/www.meslibellules.fr\/blog\/wp-content\/uploads\/cropped-avatar-150-pix.jpg","url":"https:\/\/www.meslibellules.fr\/blog\/wp-content\/uploads\/cropped-avatar-150-pix.jpg","contentUrl":"https:\/\/www.meslibellules.fr\/blog\/wp-content\/uploads\/cropped-avatar-150-pix.jpg","width":150,"height":137,"caption":"Beno\u00eet Guillon"},"logo":{"@id":"https:\/\/www.meslibellules.fr\/blog\/wp-content\/uploads\/cropped-avatar-150-pix.jpg"},"sameAs":["https:\/\/www.facebook.com\/benoit.guillon.96\/"]}]}},"_links":{"self":[{"href":"https:\/\/www.meslibellules.fr\/blog\/wp-json\/wp\/v2\/posts\/20223","targetHints":{"allow":["GET"]}}],"collection":[{"href":"https:\/\/www.meslibellules.fr\/blog\/wp-json\/wp\/v2\/posts"}],"about":[{"href":"https:\/\/www.meslibellules.fr\/blog\/wp-json\/wp\/v2\/types\/post"}],"author":[{"embeddable":true,"href":"https:\/\/www.meslibellules.fr\/blog\/wp-json\/wp\/v2\/users\/1"}],"replies":[{"embeddable":true,"href":"https:\/\/www.meslibellules.fr\/blog\/wp-json\/wp\/v2\/comments?post=20223"}],"version-history":[{"count":0,"href":"https:\/\/www.meslibellules.fr\/blog\/wp-json\/wp\/v2\/posts\/20223\/revisions"}],"wp:attachment":[{"href":"https:\/\/www.meslibellules.fr\/blog\/wp-json\/wp\/v2\/media?parent=20223"}],"wp:term":[{"taxonomy":"category","embeddable":true,"href":"https:\/\/www.meslibellules.fr\/blog\/wp-json\/wp\/v2\/categories?post=20223"},{"taxonomy":"post_tag","embeddable":true,"href":"https:\/\/www.meslibellules.fr\/blog\/wp-json\/wp\/v2\/tags?post=20223"}],"curies":[{"name":"wp","href":"https:\/\/api.w.org\/{rel}","templated":true}]}}