{"id":20259,"date":"2024-07-04T06:49:03","date_gmt":"2024-07-04T04:49:03","guid":{"rendered":"https:\/\/www.meslibellules.fr\/blog\/?p=20259"},"modified":"2024-07-05T04:47:43","modified_gmt":"2024-07-05T02:47:43","slug":"neoneura-denticulata","status":"publish","type":"post","link":"https:\/\/www.meslibellules.fr\/blog\/2024\/07\/04\/neoneura-denticulata\/","title":{"rendered":"P\u00e9rou &#8211; Neoneura denticulata (Williamson, 1917)"},"content":{"rendered":"\n<figure class=\"wp-block-image aligncenter size-full is-resized\"><a href=\"https:\/\/www.meslibellules.fr\/blog\/wp-content\/uploads\/Neoneura-denticulata-femelle-1.webp\"><img decoding=\"async\" width=\"1927\" height=\"1204\" data-src=\"https:\/\/www.meslibellules.fr\/blog\/wp-content\/uploads\/Neoneura-denticulata-femelle-1.webp\" alt=\"Neoneura denticulata femelle, P\u00e9rou, pr\u00e8s de Estaci\u00f3n Biol\u00f3gica Quebrada Blanco, 22\/08\/2023\" class=\"wp-image-20257 lazyload\" style=\"--smush-placeholder-width: 1927px; --smush-placeholder-aspect-ratio: 1927\/1204;width:613px;height:auto\" data-srcset=\"https:\/\/www.meslibellules.fr\/blog\/wp-content\/uploads\/Neoneura-denticulata-femelle-1.webp 1927w, https:\/\/www.meslibellules.fr\/blog\/wp-content\/uploads\/Neoneura-denticulata-femelle-1-768x480.webp 768w, https:\/\/www.meslibellules.fr\/blog\/wp-content\/uploads\/Neoneura-denticulata-femelle-1-1536x960.webp 1536w\" data-sizes=\"(max-width: 1927px) 100vw, 1927px\" src=\"data:image\/svg+xml;base64,PHN2ZyB3aWR0aD0iMSIgaGVpZ2h0PSIxIiB4bWxucz0iaHR0cDovL3d3dy53My5vcmcvMjAwMC9zdmciPjwvc3ZnPg==\" \/><\/a><figcaption class=\"wp-element-caption\">Neoneura denticulata femelle, P\u00e9rou, pr\u00e8s de Estaci\u00f3n Biol\u00f3gica Quebrada Blanco, 22\/08\/2023<\/figcaption><\/figure>\n\n\n\n<p>Neoneura denticulata, Protoneuridae, fait partie des 29 (23 en 1999) esp\u00e8ces du genre et quand je l&rsquo;ai rencontr\u00e9e, j&rsquo;ai bien dout\u00e9 de pouvoir l&rsquo;identifier. Heureusement, son pattern thoracique dorsale tr\u00e8s singulier, form\u00e9 de petits traits noirs <em>plac\u00e9s au hasard<\/em>, ne semble appartenir qu&rsquo;\u00e0 deux esp\u00e8ces : <a href=\"https:\/\/www.meslibellules.fr\/blog\/2024\/07\/02\/neoneura-rubriventris\/\">Neoneura rubriventris<\/a> et denticulata.<br>Par chance, la r\u00e9vision du genre que fait R. W. Garrison (1), montre le pronotum des deux esp\u00e8ces et il mentionne que celui de Neoneura denticulata est vraiment particulier : \u00ab\u00a0the broadly expansive, diverging lateral lobes (Fig. 25) are unique.\u00a0\u00bb <\/p>\n\n\n\n<figure class=\"wp-block-image aligncenter size-full is-resized\"><a href=\"https:\/\/www.meslibellules.fr\/blog\/wp-content\/uploads\/Neoneura-rubriventris-vs-denticulata-femelle-Garrison.webp\"><img decoding=\"async\" width=\"1178\" height=\"231\" data-src=\"https:\/\/www.meslibellules.fr\/blog\/wp-content\/uploads\/Neoneura-rubriventris-vs-denticulata-femelle-Garrison.webp\" alt=\"Neoneura rubriventris vs denticulata femelle Garrison\" class=\"wp-image-20261 lazyload\" style=\"--smush-placeholder-width: 1178px; --smush-placeholder-aspect-ratio: 1178\/231;width:798px;height:auto\" data-srcset=\"https:\/\/www.meslibellules.fr\/blog\/wp-content\/uploads\/Neoneura-rubriventris-vs-denticulata-femelle-Garrison.webp 1178w, https:\/\/www.meslibellules.fr\/blog\/wp-content\/uploads\/Neoneura-rubriventris-vs-denticulata-femelle-Garrison-768x151.webp 768w\" data-sizes=\"(max-width: 1178px) 100vw, 1178px\" src=\"data:image\/svg+xml;base64,PHN2ZyB3aWR0aD0iMSIgaGVpZ2h0PSIxIiB4bWxucz0iaHR0cDovL3d3dy53My5vcmcvMjAwMC9zdmciPjwvc3ZnPg==\" \/><\/a><figcaption class=\"wp-element-caption\">Neoneura rubriventris vs denticulata femelle, R. W. Garrison (1)<\/figcaption><\/figure>\n\n\n\n<div class=\"wp-block-media-text is-stacked-on-mobile\"><figure class=\"wp-block-media-text__media\"><a href=\"https:\/\/www.meslibellules.fr\/blog\/wp-content\/uploads\/Neoneura-denticulata-femelle-1bis.webp\"><img decoding=\"async\" width=\"884\" height=\"814\" data-src=\"https:\/\/www.meslibellules.fr\/blog\/wp-content\/uploads\/Neoneura-denticulata-femelle-1bis.webp\" alt=\"Neoneura denticulata femelle, P\u00e9rou, pr\u00e8s de Estaci\u00f3n Biol\u00f3gica Quebrada Blanco, 22\/08\/2023\" class=\"wp-image-20260 size-full lazyload\" data-srcset=\"https:\/\/www.meslibellules.fr\/blog\/wp-content\/uploads\/Neoneura-denticulata-femelle-1bis.webp 884w, https:\/\/www.meslibellules.fr\/blog\/wp-content\/uploads\/Neoneura-denticulata-femelle-1bis-768x707.webp 768w\" data-sizes=\"(max-width: 884px) 100vw, 884px\" src=\"data:image\/svg+xml;base64,PHN2ZyB3aWR0aD0iMSIgaGVpZ2h0PSIxIiB4bWxucz0iaHR0cDovL3d3dy53My5vcmcvMjAwMC9zdmciPjwvc3ZnPg==\" style=\"--smush-placeholder-width: 884px; --smush-placeholder-aspect-ratio: 884\/814;\" \/><\/a><\/figure><div class=\"wp-block-media-text__content\">\n<p>On reconna\u00eet donc facilement le pronotum de P. denticulata, auquel il manque la protrusion centrale de celui de sa cousine.<br><br>Noter la forme et le d\u00e9cor \u00e9tonnant de ses taches postoculaires sur cette photo tr\u00e8s agrandie.<\/p>\n\n\n\n<p><\/p>\n\n\n\n<p>Neoneura denticulata femelle, P\u00e9rou, pr\u00e8s de Estaci\u00f3n Biol\u00f3gica Quebrada Blanco, 22\/08\/2023<\/p>\n<\/div><\/div>\n\n\n\n<div style=\"height:23px\" aria-hidden=\"true\" class=\"wp-block-spacer\"><\/div>\n\n\n\n<p>Je ne peux rien dire du comportement de cette esp\u00e8ce, l&rsquo;ayant observ\u00e9e exactement une minute&#8230; Garrison rel\u00e8ve que les m\u00e2les du genre sont tr\u00e8s souvent en vol, en vol plus ou moins stationnaire \u00e0 ras de l&rsquo;eau et de ce fait difficiles \u00e0 collecter ; c&rsquo;est que nous avions mieux constat\u00e9 pour <a href=\"https:\/\/www.meslibellules.fr\/blog\/wp-content\/uploads\/Neoneura-rubiventris-male-3.webp\">N. rubriventris<\/a> et dont j&rsquo;avais pu tirer parti pour <a href=\"https:\/\/meslibellules.fr\/voyages\/colombie\/neoneura-confundens\/neoneura-confundens\/neoneura-confundens-male-2big.jpg\">N. confundens<\/a> en Colombie voisine.<br>Nous l&rsquo;avons photographi\u00e9e sur la Terra Firme (zone de la for\u00eat jamais inond\u00e9e) \u00e0 proximit\u00e9 d&rsquo;une zone humide travers\u00e9e par un ruisseau tr\u00e8s lent, en compagnie d&rsquo;Argia huanacina et d&rsquo;Amazoneura ephippigera.<br><br>Le m\u00e2le mesure 25 mm pour l&rsquo;abdomen selon Williamson (2), soit environ 32 mm pour l&rsquo;insecte entier.<br><br>On rencontre cette esp\u00e8ce au Venezuela, au P\u00e9rou, en \u00c9quateur, au Guyana, au Suriname et au Br\u00e9sil.<br><a href=\"https:\/\/www.iucnredlist.org\/species\/49254305\/49256673\">IUCN Red List<\/a><\/p>\n\n\n\n<figure class=\"wp-block-image aligncenter size-full is-resized\"><a href=\"https:\/\/www.meslibellules.fr\/blog\/wp-content\/uploads\/Neoneura-denticulata-femelle-2.webp\"><img decoding=\"async\" width=\"1809\" height=\"1204\" data-src=\"https:\/\/www.meslibellules.fr\/blog\/wp-content\/uploads\/Neoneura-denticulata-femelle-2.webp\" alt=\"Neoneura denticulata femelle, P\u00e9rou, pr\u00e8s de Estaci\u00f3n Biol\u00f3gica Quebrada Blanco, 22\/08\/2023\" class=\"wp-image-20258 lazyload\" style=\"--smush-placeholder-width: 1809px; --smush-placeholder-aspect-ratio: 1809\/1204;width:549px;height:auto\" data-srcset=\"https:\/\/www.meslibellules.fr\/blog\/wp-content\/uploads\/Neoneura-denticulata-femelle-2.webp 1809w, https:\/\/www.meslibellules.fr\/blog\/wp-content\/uploads\/Neoneura-denticulata-femelle-2-768x511.webp 768w, https:\/\/www.meslibellules.fr\/blog\/wp-content\/uploads\/Neoneura-denticulata-femelle-2-1536x1022.webp 1536w\" data-sizes=\"(max-width: 1809px) 100vw, 1809px\" src=\"data:image\/svg+xml;base64,PHN2ZyB3aWR0aD0iMSIgaGVpZ2h0PSIxIiB4bWxucz0iaHR0cDovL3d3dy53My5vcmcvMjAwMC9zdmciPjwvc3ZnPg==\" \/><\/a><figcaption class=\"wp-element-caption\">Neoneura denticulata femelle, P\u00e9rou, pr\u00e8s de Estaci\u00f3n Biol\u00f3gica Quebrada Blanco, 22\/08\/2023<\/figcaption><\/figure>\n\n\n\n<p><strong>Etymologie<\/strong><br \/><span style=\"text-decoration: underline;\">Neoneura<\/span> du grec\u00a0<em>neo<\/em>\u00a0pour\u00a0<em>nouveau<\/em>\u00a0et de la forme latinis\u00e9e du grec\u00a0<em>neuron<\/em>, signifiant\u00a0<em>nerf, tendon, veine<\/em>. Selys cr\u00e9e ce genre comme un sous-genre de Protoneura et semble trouver la preuve dans la nervation, qu\u2019il est plus historiquement plus r\u00e9cent, sans apporter d\u2019explication (ou tout simplement que c&rsquo;est un nouveau genre proche du genre protoneura ?) (3).<br \/><span style=\"text-decoration: underline;\">Denticulata<\/span> est expliqu\u00e9 par Williamson lorsqu&rsquo;il d\u00e9crit l&rsquo;esp\u00e8ce : \u00ab\u00a0The specific name refers to the two minute teeth on the lower branch of the superior appendage\u00a0\u00bb &#8211; Le nom d&rsquo;esp\u00e8ce se r\u00e9f\u00e8re aux deux minuscules dents sur la branche basse de l&rsquo;appendice [anal] sup\u00e9rieur.<br \/>Les appendices anaux de ce genre sont en effet tr\u00e8s complexes et difficiles \u00e0 analyser.<\/p>\n\n\n\n<div style=\"height:31px\" aria-hidden=\"true\" class=\"wp-block-spacer\"><\/div>\n\n\n\n<p style=\"font-size:13px\">1- R. W. Garrison, <a href=\"https:\/\/www.researchgate.net\/publication\/262449338_The_genus_Neoneura_with_keys_and_description_of_a_new_species_Neoneura_jurzitzai_spec_nov_Zygoptera_Protoneuridae#fullTextFileContent\">The genus Neoneura, with keys and description of a new species, Neoneura jurzitzai spec. nov. (Zygoptera: Protoneuridae)<\/a>, December 1999, Odonatologica 28(4):343-375.<br>2- WILLIAMSON, E.B., 1917.&nbsp;<a href=\"https:\/\/www.jstor.org\/stable\/pdf\/25076969.pdf?refreqid=fastly-default%3A56e3124198f6eb96cf8d97d5e253b3f8&amp;ab_segments=&amp;origin=&amp;initiator=&amp;acceptTC=1\">The genus Neoneura (Odonata)<\/a>. Trans. Am. ent. Soc. 43: 211-246.<br>3- The Scientific Names of North American Dragonflies, Heinrich Fliedner, Ian Endersby \u2013 Busybird Publishing 2019.<\/p>\n\n\n\n<div style=\"height:33px\" aria-hidden=\"true\" class=\"wp-block-spacer\"><\/div>\n\n\n\n<div class=\"wp-block-buttons is-layout-flex wp-block-buttons-is-layout-flex\">\n<div class=\"wp-block-button\"><a class=\"wp-block-button__link wp-element-button\" href=\"https:\/\/www.meslibellules.fr\/blog\/odonates-du-perou-peruvian-odonates\/\">Accueil P\u00e9rou<\/a><\/div>\n<\/div>\n","protected":false},"excerpt":{"rendered":"<p>Neoneura denticulata, Protoneuridae, fait partie des 29 (23 en 1999) esp\u00e8ces du genre et quand je l&rsquo;ai rencontr\u00e9e, j&rsquo;ai bien dout\u00e9 de pouvoir l&rsquo;identifier. Heureusement, son pattern thoracique dorsale tr\u00e8s singulier, form\u00e9 de petits traits noirs plac\u00e9s au hasard, ne semble appartenir qu&rsquo;\u00e0 deux esp\u00e8ces : Neoneura rubriventris et denticulata.Par chance, la r\u00e9vision du genre [&hellip;]<\/p>\n","protected":false},"author":1,"featured_media":0,"comment_status":"open","ping_status":"open","sticky":false,"template":"","format":"image","meta":{"site-sidebar-layout":"default","site-content-layout":"","ast-site-content-layout":"default","site-content-style":"default","site-sidebar-style":"default","ast-global-header-display":"","ast-banner-title-visibility":"","ast-main-header-display":"","ast-hfb-above-header-display":"","ast-hfb-below-header-display":"","ast-hfb-mobile-header-display":"","site-post-title":"","ast-breadcrumbs-content":"","ast-featured-img":"","footer-sml-layout":"","ast-disable-related-posts":"","theme-transparent-header-meta":"","adv-header-id-meta":"","stick-header-meta":"","header-above-stick-meta":"","header-main-stick-meta":"","header-below-stick-meta":"","astra-migrate-meta-layouts":"set","ast-page-background-enabled":"default","ast-page-background-meta":{"desktop":{"background-color":"var(--ast-global-color-4)","background-image":"","background-repeat":"repeat","background-position":"center center","background-size":"auto","background-attachment":"scroll","background-type":"","background-media":"","overlay-type":"","overlay-color":"","overlay-opacity":"","overlay-gradient":""},"tablet":{"background-color":"","background-image":"","background-repeat":"repeat","background-position":"center center","background-size":"auto","background-attachment":"scroll","background-type":"","background-media":"","overlay-type":"","overlay-color":"","overlay-opacity":"","overlay-gradient":""},"mobile":{"background-color":"","background-image":"","background-repeat":"repeat","background-position":"center center","background-size":"auto","background-attachment":"scroll","background-type":"","background-media":"","overlay-type":"","overlay-color":"","overlay-opacity":"","overlay-gradient":""}},"ast-content-background-meta":{"desktop":{"background-color":"var(--ast-global-color-5)","background-image":"","background-repeat":"repeat","background-position":"center center","background-size":"auto","background-attachment":"scroll","background-type":"","background-media":"","overlay-type":"","overlay-color":"","overlay-opacity":"","overlay-gradient":""},"tablet":{"background-color":"var(--ast-global-color-5)","background-image":"","background-repeat":"repeat","background-position":"center center","background-size":"auto","background-attachment":"scroll","background-type":"","background-media":"","overlay-type":"","overlay-color":"","overlay-opacity":"","overlay-gradient":""},"mobile":{"background-color":"var(--ast-global-color-5)","background-image":"","background-repeat":"repeat","background-position":"center center","background-size":"auto","background-attachment":"scroll","background-type":"","background-media":"","overlay-type":"","overlay-color":"","overlay-opacity":"","overlay-gradient":""}},"footnotes":""},"categories":[1303,1311],"tags":[1305,1312],"class_list":["post-20259","post","type-post","status-publish","format-image","hentry","category-perou","category-protoneuridae-perou","tag-perou","tag-protoneuridae-perou","post_format-post-format-image"],"yoast_head":"<!-- This site is optimized with the Yoast SEO plugin v27.5 - https:\/\/yoast.com\/product\/yoast-seo-wordpress\/ -->\n<title>Neoneura denticulata - Mes Libellules<\/title>\n<meta name=\"description\" content=\"Neoneura denticulata femelle au P\u00e9rou, description, identification, taille, habitat, distribution g\u00e9ographique, \u00e9tymologie\" \/>\n<meta name=\"robots\" content=\"index, follow, max-snippet:-1, max-image-preview:large, max-video-preview:-1\" \/>\n<link rel=\"canonical\" href=\"https:\/\/www.meslibellules.fr\/blog\/2024\/07\/04\/neoneura-denticulata\/\" \/>\n<meta property=\"og:locale\" content=\"fr_FR\" \/>\n<meta property=\"og:type\" content=\"article\" \/>\n<meta property=\"og:title\" content=\"Neoneura denticulata - Mes Libellules\" \/>\n<meta property=\"og:description\" content=\"Neoneura denticulata femelle au P\u00e9rou, description, identification, taille, habitat, distribution g\u00e9ographique, \u00e9tymologie\" \/>\n<meta property=\"og:url\" content=\"https:\/\/www.meslibellules.fr\/blog\/2024\/07\/04\/neoneura-denticulata\/\" \/>\n<meta property=\"og:site_name\" content=\"Mes Libellules\" \/>\n<meta property=\"article:publisher\" content=\"https:\/\/www.facebook.com\/benoit.guillon.96\/\" \/>\n<meta property=\"article:author\" content=\"https:\/\/www.facebook.com\/benoit.guillon.96\/\" \/>\n<meta property=\"article:published_time\" content=\"2024-07-04T04:49:03+00:00\" \/>\n<meta property=\"article:modified_time\" content=\"2024-07-05T02:47:43+00:00\" \/>\n<meta property=\"og:image\" content=\"https:\/\/www.meslibellules.fr\/blog\/wp-content\/uploads\/Neoneura-denticulata-femelle-1.webp\" \/>\n<meta name=\"author\" content=\"Beno\u00eet Guillon\" \/>\n<meta name=\"twitter:card\" content=\"summary_large_image\" \/>\n<meta name=\"twitter:label1\" content=\"\u00c9crit par\" \/>\n\t<meta name=\"twitter:data1\" content=\"Beno\u00eet Guillon\" \/>\n\t<meta name=\"twitter:label2\" content=\"Dur\u00e9e de lecture estim\u00e9e\" \/>\n\t<meta name=\"twitter:data2\" content=\"4 minutes\" \/>\n<script type=\"application\/ld+json\" class=\"yoast-schema-graph\">{\"@context\":\"https:\\\/\\\/schema.org\",\"@graph\":[{\"@type\":\"Article\",\"@id\":\"https:\\\/\\\/www.meslibellules.fr\\\/blog\\\/2024\\\/07\\\/04\\\/neoneura-denticulata\\\/#article\",\"isPartOf\":{\"@id\":\"https:\\\/\\\/www.meslibellules.fr\\\/blog\\\/2024\\\/07\\\/04\\\/neoneura-denticulata\\\/\"},\"author\":{\"name\":\"Beno\u00eet Guillon\",\"@id\":\"https:\\\/\\\/www.meslibellules.fr\\\/blog\\\/#\\\/schema\\\/person\\\/9aa3586f9dd053fcf329f43b8b053c77\"},\"headline\":\"P\u00e9rou &#8211; Neoneura denticulata (Williamson, 1917)\",\"datePublished\":\"2024-07-04T04:49:03+00:00\",\"dateModified\":\"2024-07-05T02:47:43+00:00\",\"mainEntityOfPage\":{\"@id\":\"https:\\\/\\\/www.meslibellules.fr\\\/blog\\\/2024\\\/07\\\/04\\\/neoneura-denticulata\\\/\"},\"wordCount\":522,\"commentCount\":0,\"publisher\":{\"@id\":\"https:\\\/\\\/www.meslibellules.fr\\\/blog\\\/#\\\/schema\\\/person\\\/9aa3586f9dd053fcf329f43b8b053c77\"},\"image\":{\"@id\":\"https:\\\/\\\/www.meslibellules.fr\\\/blog\\\/2024\\\/07\\\/04\\\/neoneura-denticulata\\\/#primaryimage\"},\"thumbnailUrl\":\"https:\\\/\\\/www.meslibellules.fr\\\/blog\\\/wp-content\\\/uploads\\\/Neoneura-denticulata-femelle-1.webp\",\"keywords\":[\"P\u00e9rou\",\"Protoneuridae - P\u00e9rou\"],\"articleSection\":[\"P\u00e9rou\",\"Protoneuridae\"],\"inLanguage\":\"fr-FR\",\"potentialAction\":[{\"@type\":\"CommentAction\",\"name\":\"Comment\",\"target\":[\"https:\\\/\\\/www.meslibellules.fr\\\/blog\\\/2024\\\/07\\\/04\\\/neoneura-denticulata\\\/#respond\"]}]},{\"@type\":\"WebPage\",\"@id\":\"https:\\\/\\\/www.meslibellules.fr\\\/blog\\\/2024\\\/07\\\/04\\\/neoneura-denticulata\\\/\",\"url\":\"https:\\\/\\\/www.meslibellules.fr\\\/blog\\\/2024\\\/07\\\/04\\\/neoneura-denticulata\\\/\",\"name\":\"Neoneura denticulata - Mes Libellules\",\"isPartOf\":{\"@id\":\"https:\\\/\\\/www.meslibellules.fr\\\/blog\\\/#website\"},\"primaryImageOfPage\":{\"@id\":\"https:\\\/\\\/www.meslibellules.fr\\\/blog\\\/2024\\\/07\\\/04\\\/neoneura-denticulata\\\/#primaryimage\"},\"image\":{\"@id\":\"https:\\\/\\\/www.meslibellules.fr\\\/blog\\\/2024\\\/07\\\/04\\\/neoneura-denticulata\\\/#primaryimage\"},\"thumbnailUrl\":\"https:\\\/\\\/www.meslibellules.fr\\\/blog\\\/wp-content\\\/uploads\\\/Neoneura-denticulata-femelle-1.webp\",\"datePublished\":\"2024-07-04T04:49:03+00:00\",\"dateModified\":\"2024-07-05T02:47:43+00:00\",\"description\":\"Neoneura denticulata femelle au P\u00e9rou, description, identification, taille, habitat, distribution g\u00e9ographique, \u00e9tymologie\",\"breadcrumb\":{\"@id\":\"https:\\\/\\\/www.meslibellules.fr\\\/blog\\\/2024\\\/07\\\/04\\\/neoneura-denticulata\\\/#breadcrumb\"},\"inLanguage\":\"fr-FR\",\"potentialAction\":[{\"@type\":\"ReadAction\",\"target\":[\"https:\\\/\\\/www.meslibellules.fr\\\/blog\\\/2024\\\/07\\\/04\\\/neoneura-denticulata\\\/\"]}]},{\"@type\":\"ImageObject\",\"inLanguage\":\"fr-FR\",\"@id\":\"https:\\\/\\\/www.meslibellules.fr\\\/blog\\\/2024\\\/07\\\/04\\\/neoneura-denticulata\\\/#primaryimage\",\"url\":\"https:\\\/\\\/www.meslibellules.fr\\\/blog\\\/wp-content\\\/uploads\\\/Neoneura-denticulata-femelle-1.webp\",\"contentUrl\":\"https:\\\/\\\/www.meslibellules.fr\\\/blog\\\/wp-content\\\/uploads\\\/Neoneura-denticulata-femelle-1.webp\"},{\"@type\":\"BreadcrumbList\",\"@id\":\"https:\\\/\\\/www.meslibellules.fr\\\/blog\\\/2024\\\/07\\\/04\\\/neoneura-denticulata\\\/#breadcrumb\",\"itemListElement\":[{\"@type\":\"ListItem\",\"position\":1,\"name\":\"Accueil\",\"item\":\"https:\\\/\\\/www.meslibellules.fr\\\/blog\\\/\"},{\"@type\":\"ListItem\",\"position\":2,\"name\":\"P\u00e9rou &#8211; Neoneura denticulata (Williamson, 1917)\"}]},{\"@type\":\"WebSite\",\"@id\":\"https:\\\/\\\/www.meslibellules.fr\\\/blog\\\/#website\",\"url\":\"https:\\\/\\\/www.meslibellules.fr\\\/blog\\\/\",\"name\":\"Mes Libellules\",\"description\":\"Pr\u00e9sentation des libellules rencontr\u00e9es dans le monde\",\"publisher\":{\"@id\":\"https:\\\/\\\/www.meslibellules.fr\\\/blog\\\/#\\\/schema\\\/person\\\/9aa3586f9dd053fcf329f43b8b053c77\"},\"potentialAction\":[{\"@type\":\"SearchAction\",\"target\":{\"@type\":\"EntryPoint\",\"urlTemplate\":\"https:\\\/\\\/www.meslibellules.fr\\\/blog\\\/?s={search_term_string}\"},\"query-input\":{\"@type\":\"PropertyValueSpecification\",\"valueRequired\":true,\"valueName\":\"search_term_string\"}}],\"inLanguage\":\"fr-FR\"},{\"@type\":[\"Person\",\"Organization\"],\"@id\":\"https:\\\/\\\/www.meslibellules.fr\\\/blog\\\/#\\\/schema\\\/person\\\/9aa3586f9dd053fcf329f43b8b053c77\",\"name\":\"Beno\u00eet Guillon\",\"image\":{\"@type\":\"ImageObject\",\"inLanguage\":\"fr-FR\",\"@id\":\"https:\\\/\\\/www.meslibellules.fr\\\/blog\\\/wp-content\\\/uploads\\\/cropped-avatar-150-pix.jpg\",\"url\":\"https:\\\/\\\/www.meslibellules.fr\\\/blog\\\/wp-content\\\/uploads\\\/cropped-avatar-150-pix.jpg\",\"contentUrl\":\"https:\\\/\\\/www.meslibellules.fr\\\/blog\\\/wp-content\\\/uploads\\\/cropped-avatar-150-pix.jpg\",\"width\":150,\"height\":137,\"caption\":\"Beno\u00eet Guillon\"},\"logo\":{\"@id\":\"https:\\\/\\\/www.meslibellules.fr\\\/blog\\\/wp-content\\\/uploads\\\/cropped-avatar-150-pix.jpg\"},\"sameAs\":[\"https:\\\/\\\/www.facebook.com\\\/benoit.guillon.96\\\/\"]}]}<\/script>\n<!-- \/ Yoast SEO plugin. -->","yoast_head_json":{"title":"Neoneura denticulata - Mes Libellules","description":"Neoneura denticulata femelle au P\u00e9rou, description, identification, taille, habitat, distribution g\u00e9ographique, \u00e9tymologie","robots":{"index":"index","follow":"follow","max-snippet":"max-snippet:-1","max-image-preview":"max-image-preview:large","max-video-preview":"max-video-preview:-1"},"canonical":"https:\/\/www.meslibellules.fr\/blog\/2024\/07\/04\/neoneura-denticulata\/","og_locale":"fr_FR","og_type":"article","og_title":"Neoneura denticulata - Mes Libellules","og_description":"Neoneura denticulata femelle au P\u00e9rou, description, identification, taille, habitat, distribution g\u00e9ographique, \u00e9tymologie","og_url":"https:\/\/www.meslibellules.fr\/blog\/2024\/07\/04\/neoneura-denticulata\/","og_site_name":"Mes Libellules","article_publisher":"https:\/\/www.facebook.com\/benoit.guillon.96\/","article_author":"https:\/\/www.facebook.com\/benoit.guillon.96\/","article_published_time":"2024-07-04T04:49:03+00:00","article_modified_time":"2024-07-05T02:47:43+00:00","og_image":[{"url":"https:\/\/www.meslibellules.fr\/blog\/wp-content\/uploads\/Neoneura-denticulata-femelle-1.webp","type":"","width":"","height":""}],"author":"Beno\u00eet Guillon","twitter_card":"summary_large_image","twitter_misc":{"\u00c9crit par":"Beno\u00eet Guillon","Dur\u00e9e de lecture estim\u00e9e":"4 minutes"},"schema":{"@context":"https:\/\/schema.org","@graph":[{"@type":"Article","@id":"https:\/\/www.meslibellules.fr\/blog\/2024\/07\/04\/neoneura-denticulata\/#article","isPartOf":{"@id":"https:\/\/www.meslibellules.fr\/blog\/2024\/07\/04\/neoneura-denticulata\/"},"author":{"name":"Beno\u00eet Guillon","@id":"https:\/\/www.meslibellules.fr\/blog\/#\/schema\/person\/9aa3586f9dd053fcf329f43b8b053c77"},"headline":"P\u00e9rou &#8211; Neoneura denticulata (Williamson, 1917)","datePublished":"2024-07-04T04:49:03+00:00","dateModified":"2024-07-05T02:47:43+00:00","mainEntityOfPage":{"@id":"https:\/\/www.meslibellules.fr\/blog\/2024\/07\/04\/neoneura-denticulata\/"},"wordCount":522,"commentCount":0,"publisher":{"@id":"https:\/\/www.meslibellules.fr\/blog\/#\/schema\/person\/9aa3586f9dd053fcf329f43b8b053c77"},"image":{"@id":"https:\/\/www.meslibellules.fr\/blog\/2024\/07\/04\/neoneura-denticulata\/#primaryimage"},"thumbnailUrl":"https:\/\/www.meslibellules.fr\/blog\/wp-content\/uploads\/Neoneura-denticulata-femelle-1.webp","keywords":["P\u00e9rou","Protoneuridae - P\u00e9rou"],"articleSection":["P\u00e9rou","Protoneuridae"],"inLanguage":"fr-FR","potentialAction":[{"@type":"CommentAction","name":"Comment","target":["https:\/\/www.meslibellules.fr\/blog\/2024\/07\/04\/neoneura-denticulata\/#respond"]}]},{"@type":"WebPage","@id":"https:\/\/www.meslibellules.fr\/blog\/2024\/07\/04\/neoneura-denticulata\/","url":"https:\/\/www.meslibellules.fr\/blog\/2024\/07\/04\/neoneura-denticulata\/","name":"Neoneura denticulata - Mes Libellules","isPartOf":{"@id":"https:\/\/www.meslibellules.fr\/blog\/#website"},"primaryImageOfPage":{"@id":"https:\/\/www.meslibellules.fr\/blog\/2024\/07\/04\/neoneura-denticulata\/#primaryimage"},"image":{"@id":"https:\/\/www.meslibellules.fr\/blog\/2024\/07\/04\/neoneura-denticulata\/#primaryimage"},"thumbnailUrl":"https:\/\/www.meslibellules.fr\/blog\/wp-content\/uploads\/Neoneura-denticulata-femelle-1.webp","datePublished":"2024-07-04T04:49:03+00:00","dateModified":"2024-07-05T02:47:43+00:00","description":"Neoneura denticulata femelle au P\u00e9rou, description, identification, taille, habitat, distribution g\u00e9ographique, \u00e9tymologie","breadcrumb":{"@id":"https:\/\/www.meslibellules.fr\/blog\/2024\/07\/04\/neoneura-denticulata\/#breadcrumb"},"inLanguage":"fr-FR","potentialAction":[{"@type":"ReadAction","target":["https:\/\/www.meslibellules.fr\/blog\/2024\/07\/04\/neoneura-denticulata\/"]}]},{"@type":"ImageObject","inLanguage":"fr-FR","@id":"https:\/\/www.meslibellules.fr\/blog\/2024\/07\/04\/neoneura-denticulata\/#primaryimage","url":"https:\/\/www.meslibellules.fr\/blog\/wp-content\/uploads\/Neoneura-denticulata-femelle-1.webp","contentUrl":"https:\/\/www.meslibellules.fr\/blog\/wp-content\/uploads\/Neoneura-denticulata-femelle-1.webp"},{"@type":"BreadcrumbList","@id":"https:\/\/www.meslibellules.fr\/blog\/2024\/07\/04\/neoneura-denticulata\/#breadcrumb","itemListElement":[{"@type":"ListItem","position":1,"name":"Accueil","item":"https:\/\/www.meslibellules.fr\/blog\/"},{"@type":"ListItem","position":2,"name":"P\u00e9rou &#8211; Neoneura denticulata (Williamson, 1917)"}]},{"@type":"WebSite","@id":"https:\/\/www.meslibellules.fr\/blog\/#website","url":"https:\/\/www.meslibellules.fr\/blog\/","name":"Mes Libellules","description":"Pr\u00e9sentation des libellules rencontr\u00e9es dans le monde","publisher":{"@id":"https:\/\/www.meslibellules.fr\/blog\/#\/schema\/person\/9aa3586f9dd053fcf329f43b8b053c77"},"potentialAction":[{"@type":"SearchAction","target":{"@type":"EntryPoint","urlTemplate":"https:\/\/www.meslibellules.fr\/blog\/?s={search_term_string}"},"query-input":{"@type":"PropertyValueSpecification","valueRequired":true,"valueName":"search_term_string"}}],"inLanguage":"fr-FR"},{"@type":["Person","Organization"],"@id":"https:\/\/www.meslibellules.fr\/blog\/#\/schema\/person\/9aa3586f9dd053fcf329f43b8b053c77","name":"Beno\u00eet Guillon","image":{"@type":"ImageObject","inLanguage":"fr-FR","@id":"https:\/\/www.meslibellules.fr\/blog\/wp-content\/uploads\/cropped-avatar-150-pix.jpg","url":"https:\/\/www.meslibellules.fr\/blog\/wp-content\/uploads\/cropped-avatar-150-pix.jpg","contentUrl":"https:\/\/www.meslibellules.fr\/blog\/wp-content\/uploads\/cropped-avatar-150-pix.jpg","width":150,"height":137,"caption":"Beno\u00eet Guillon"},"logo":{"@id":"https:\/\/www.meslibellules.fr\/blog\/wp-content\/uploads\/cropped-avatar-150-pix.jpg"},"sameAs":["https:\/\/www.facebook.com\/benoit.guillon.96\/"]}]}},"_links":{"self":[{"href":"https:\/\/www.meslibellules.fr\/blog\/wp-json\/wp\/v2\/posts\/20259","targetHints":{"allow":["GET"]}}],"collection":[{"href":"https:\/\/www.meslibellules.fr\/blog\/wp-json\/wp\/v2\/posts"}],"about":[{"href":"https:\/\/www.meslibellules.fr\/blog\/wp-json\/wp\/v2\/types\/post"}],"author":[{"embeddable":true,"href":"https:\/\/www.meslibellules.fr\/blog\/wp-json\/wp\/v2\/users\/1"}],"replies":[{"embeddable":true,"href":"https:\/\/www.meslibellules.fr\/blog\/wp-json\/wp\/v2\/comments?post=20259"}],"version-history":[{"count":0,"href":"https:\/\/www.meslibellules.fr\/blog\/wp-json\/wp\/v2\/posts\/20259\/revisions"}],"wp:attachment":[{"href":"https:\/\/www.meslibellules.fr\/blog\/wp-json\/wp\/v2\/media?parent=20259"}],"wp:term":[{"taxonomy":"category","embeddable":true,"href":"https:\/\/www.meslibellules.fr\/blog\/wp-json\/wp\/v2\/categories?post=20259"},{"taxonomy":"post_tag","embeddable":true,"href":"https:\/\/www.meslibellules.fr\/blog\/wp-json\/wp\/v2\/tags?post=20259"}],"curies":[{"name":"wp","href":"https:\/\/api.w.org\/{rel}","templated":true}]}}