{"id":20414,"date":"2024-07-20T13:17:04","date_gmt":"2024-07-20T11:17:04","guid":{"rendered":"https:\/\/www.meslibellules.fr\/blog\/?p=20414"},"modified":"2024-07-21T08:36:19","modified_gmt":"2024-07-21T06:36:19","slug":"pourquoi-les-zygopteres-se-posent-ils-avec-les-ailes-jointes","status":"publish","type":"post","link":"https:\/\/www.meslibellules.fr\/blog\/2024\/07\/20\/pourquoi-les-zygopteres-se-posent-ils-avec-les-ailes-jointes\/","title":{"rendered":"Un Coenagrion puella avec les ailes \u00e9tal\u00e9es&#8230;"},"content":{"rendered":"\n<p>Ou Pourquoi les zygopt\u00e8res se posent ils avec les ailes jointes ?<br><br>Coenagrion puella est un Zygopt\u00e8re et l&rsquo;\u00e9tymologie m\u00eame de ce mot (du grec zygo, joindre) sugg\u00e8re qu&rsquo;il se pose avec les ailes jointes. C&rsquo;est ce que l&rsquo;on observe pour cette esp\u00e8ce dans presque 100% des cas. Je suis incapable de dire pourquoi celui-ci s&rsquo;est pos\u00e9 avec les ailes \u00e0 plat, mon observation a \u00e9t\u00e9 tr\u00e8s br\u00e8ve, le temps de faire trois mauvaises photos identiques sous le m\u00eame angle ; il d\u00e9collait tr\u00e8s bri\u00e8vement et se reposait, <em>charg\u00e9<\/em> \u00e0 de multiples reprises par un Ischnura elegans, il a fini par dispara\u00eetre entre des buissons.<\/p>\n\n\n\n<figure class=\"wp-block-image aligncenter size-full is-resized\"><a href=\"https:\/\/www.meslibellules.fr\/blog\/wp-content\/uploads\/Coneagrion-puella-male-curiosite.webp\"><img decoding=\"async\" width=\"1334\" height=\"1204\" data-src=\"https:\/\/www.meslibellules.fr\/blog\/wp-content\/uploads\/Coneagrion-puella-male-curiosite.webp\" alt=\"Coenagrion puella m\u00e2le pos\u00e9 les ailes ouvertes, Etang de P\u00e9ronne, France - Maine-et-Loire, 18\/07\/2024\" class=\"wp-image-20415 lazyload\" style=\"--smush-placeholder-width: 1334px; --smush-placeholder-aspect-ratio: 1334\/1204;width:468px;height:auto\" data-srcset=\"https:\/\/www.meslibellules.fr\/blog\/wp-content\/uploads\/Coneagrion-puella-male-curiosite.webp 1334w, https:\/\/www.meslibellules.fr\/blog\/wp-content\/uploads\/Coneagrion-puella-male-curiosite-768x693.webp 768w\" data-sizes=\"(max-width: 1334px) 100vw, 1334px\" src=\"data:image\/svg+xml;base64,PHN2ZyB3aWR0aD0iMSIgaGVpZ2h0PSIxIiB4bWxucz0iaHR0cDovL3d3dy53My5vcmcvMjAwMC9zdmciPjwvc3ZnPg==\" \/><\/a><figcaption class=\"wp-element-caption\">Coenagrion puella m\u00e2le pos\u00e9 les ailes ouvertes, Etang de P\u00e9ronne, France &#8211; Maine-et-Loire, 18\/07\/2024<\/figcaption><\/figure>\n\n\n\n<p>Mais cette observation, qui n&rsquo;est pas la premi\u00e8re du genre pour moi, m&rsquo;a interrog\u00e9 ; j&rsquo;ai rencontr\u00e9 de par le monde d&rsquo;assez nombreuses esp\u00e8ces de \u00ab\u00a0Zygopt\u00e8res\u00a0\u00bb qui se posent avec les ailes plus ou moins compl\u00e8tement ouvertes (en dehors des Lestidae pour qui cela est <em>presque<\/em> la r\u00e8gle). <span style=\"text-decoration: underline;\">Pourquoi les Zygopt\u00e8res se posent ils avec les ailes jointes&nbsp; et certains avec les ailes \u00e9tal\u00e9es<\/span> ?<br><br>Quelques exemples de Zygopt\u00e8res aux ailes \u00e9tal\u00e9es : <a href=\"https:\/\/www.meslibellules.fr\/blog\/wp-content\/uploads\/Diphlebia-euphoeoides-male-1.webp\">Diphlebia hybridoides<\/a> (Diphlebiidae) en Australie, <a href=\"https:\/\/www.meslibellules.fr\/blog\/wp-content\/uploads\/Philogenia-sp.-male-2.webp\">Philogenia sp.<\/a> (Philogeniidae) et <a href=\"https:\/\/www.meslibellules.fr\/blog\/wp-content\/uploads\/Heteragrion-inca-male-U3-.webp\">Heteragrion inca<\/a> (Heteragrionidae) en Am\u00e9rique du Sud, <a href=\"https:\/\/www.meslibellules.fr\/blog\/wp-content\/uploads\/Rhinagrion-hainanense.webp\">Rhinagrion hainanense<\/a> (Philosinidae) au Vietnam, et bien s\u00fbr, en Europe, Epallage fatime (Euphaidae) que je n&rsquo;ai jamais rencontr\u00e9.<br><br>Et aussit\u00f4t apr\u00e8s avoir formul\u00e9 cette interrogation, j&rsquo;ai r\u00e9alis\u00e9 que je ne m&rsquo;\u00e9tais simplement jamais demand\u00e9 <span style=\"text-decoration: underline;\">pourquoi les Anisopt\u00e8res (2) se posent les ailes ouvertes et pas la plupart des Zygopt\u00e8res ?<br><\/span><br>Au cours de mes recherches, j&rsquo;ai d\u00e9couvert avec surprise que ces deux sujets avaient pr\u00e9cis\u00e9ment \u00e9t\u00e9 trait\u00e9s par Dennis Paulson, expert odonatologue am\u00e9ricain mondialement reconnu : \u00ab\u00a0Why do some zygopterans (Odonata) perch with open wings?\u00a0\u00bb (1).<\/p>\n\n\n\n<figure class=\"wp-block-image aligncenter size-large is-resized\"><a href=\"https:\/\/www.meslibellules.fr\/voyages\/malaisie\/dysphaea-dimidiata\/dysphaea-dimidiata-3\/dysphaea-dimidiata-4big.jpg\"><img decoding=\"async\" data-src=\"https:\/\/www.meslibellules.fr\/voyages\/malaisie\/dysphaea-dimidiata\/dysphaea-dimidiata-3\/dysphaea-dimidiata-4big.jpg\" alt=\"\" style=\"width:569px;height:auto\" src=\"data:image\/svg+xml;base64,PHN2ZyB3aWR0aD0iMSIgaGVpZ2h0PSIxIiB4bWxucz0iaHR0cDovL3d3dy53My5vcmcvMjAwMC9zdmciPjwvc3ZnPg==\" class=\"lazyload\" \/><\/a><figcaption class=\"wp-element-caption\">Dysphaea dimidiata m\u00e2le (Euphaeidae), Malaisie, Taman Negara, 03\/09\/2013<\/figcaption><\/figure>\n\n\n\n<p>Dans ce document, il reprend et discute les hypoth\u00e8ses anciennes et en propose deux nouvelles :<br><span style=\"text-decoration: underline;\">\u2014 L&rsquo;<\/span><span style=\"text-decoration: underline;\">hypoth\u00e8se de l&rsquo;Inertie phylog\u00e9nique (Phylogenetic Inertia Hypothesis : PIH)<\/span> : Heymer (1975) remarque les Zygopt\u00e8res primitifs (ils ne sont apparus qu&rsquo;apr\u00e8s les Anisopt\u00e8res, qui se posent ailes ouvertes) comme Epallage fatime ou Euphaea dimidiata, se posent avec les ailes ouvertes et il consid\u00e8re qu&rsquo;ils repr\u00e9sentent une transition phylog\u00e9nique (entre les Anisopt\u00e8res et les zygopt\u00e8res modernes aux ailes jointes). D. Paulson rejette cette hypoth\u00e8se, car dans les familles dans lesquelles l&rsquo;on trouve des ailes ouvertes, on trouve aussi des ailes jointes.<br><span style=\"text-decoration: underline;\">\u2014 L&rsquo;<\/span><span style=\"text-decoration: underline;\">hypoth\u00e8se de l&rsquo;affichage de l&rsquo;aile<\/span> (Wings display hypothesis : WDH) : les ailes ouvertes seraient un signal, \u00e0 un partenaire, un concurrent, \u00e0 un pr\u00e9dateur pour para\u00eetre plus imposant. Mais les Zygopt\u00e8res qui se posent avec les ailes ouvertes n&rsquo;ont pas, le plus souvent, de coloration alaire, et il n&rsquo;est pas connu de cas ou des Odonates se serviraient de leurs ailes comme moyen de communication alors qu&rsquo;elles ne sont pas color\u00e9es.<br><span style=\"text-decoration: underline;\">\u2014 L&rsquo;<\/span><span style=\"text-decoration: underline;\">hypoth\u00e8se de thermor\u00e9gulation<\/span> (Thermoregulation Hypothesis : TRH) : le fait de d\u00e9ployer les ailes au soleil serait, pour ces Zygopt\u00e8res particuliers, une technique de thermor\u00e9gulation, en mettant le thorax partiellemment \u00e0 l&rsquo;ombre. Cette hypoth\u00e8se n&rsquo;est pas retenue, car la plupart de ces Zygopt\u00e8res perchent \u00e0 l&rsquo;ombre.<br><span style=\"text-decoration: underline;\">\u2014 L&rsquo;<\/span><span style=\"text-decoration: underline;\">hypoth\u00e8se du d\u00e9collage rapide<\/span> (Quick Takeoff Hypothesis : QTH) : stationner les ailes ouvertes permet un d\u00e9collage plus rapide et D. Paulson constate en effet que ces zygopt\u00e8res aux ailes ouvertes sont essentiellement des Odonates qui capturent leurs proies en vol et non en les glanant sur la v\u00e9g\u00e9tation, d&rsquo;o\u00f9 une efficacit\u00e9 de capture accrue. Cette hypoth\u00e8se est prudemment valid\u00e9e par l&rsquo;auteur, car bien d&rsquo;autres demosielles aux ailes jointes chassent en vol.<br>L&rsquo;hypoth\u00e8se est renforc\u00e9e par le fait que les Anisopt\u00e8res, qui se posent avec les ailes ouvertes, se nourrissent presque exclusivement de proies captur\u00e9es en vol. Ce qui r\u00e9pond \u00e0 ma deuxi\u00e8me question.<\/p>\n\n\n\n<figure class=\"wp-block-image aligncenter size-large is-resized\"><a href=\"https:\/\/www.meslibellules.fr\/blog\/wp-content\/uploads\/2018\/09\/philoganga-vetusta-male-1big.jpg\"><img decoding=\"async\" data-src=\"https:\/\/www.meslibellules.fr\/blog\/wp-content\/uploads\/2018\/09\/philoganga-vetusta-male-1big.jpg\" alt=\"\" style=\"--smush-placeholder-width: 802px; --smush-placeholder-aspect-ratio: 802\/600;width:518px;height:auto\" src=\"data:image\/svg+xml;base64,PHN2ZyB3aWR0aD0iMSIgaGVpZ2h0PSIxIiB4bWxucz0iaHR0cDovL3d3dy53My5vcmcvMjAwMC9zdmciPjwvc3ZnPg==\" class=\"lazyload\" \/><\/a><figcaption class=\"wp-element-caption\">Philoganga vetusta m\u00e2le (Philogangidae), Vietnam, Xuan Son, 8 juin 2018<\/figcaption><\/figure>\n\n\n\n<p>Mais alors, si quasiment tous les Anisopt\u00e8res et quelques Zygopt\u00e8res se perchent les ailes ouvertes, <span style=\"text-decoration: underline;\">pourquoi tous les Zygopt\u00e8res ne se posent ils pas les ailes ouvertes ?<\/span> Il introduit alors l&rsquo;<em>hypoth\u00e8se des ailes brillantes <\/em>\u00a0(Shyiny Wing Hypothesis : SWH). Et la r\u00e9ponse est sans doute parce que le fait d&rsquo;\u00e9taler les ailes au soleil les rend tr\u00e8s visibles \u00e0 d&rsquo;\u00e9ventuels pr\u00e9dateurs, et que m\u00eame si cela est avantageux pour le vol, la n\u00e9cessit\u00e9 de rester discret a exerc\u00e9 une pression de s\u00e9lection suffisante sur ces petits odonates fragiles, au vol lent. <br \/>Les Anisopt\u00e8res ont un vol beaucoup plus rapide et m\u00eame s&rsquo;ils sont plus rep\u00e9rables par la brillance de leurs ailes, ils sont plus gros, plus rapides et \u00e9chappent plus facilement \u00e0 d&rsquo;\u00e9ventuels pr\u00e9dateurs. D&rsquo;ailleurs, les Zygopt\u00e8res qui se posent ailes \u00e9tal\u00e9es font partie des grands Zygopt\u00e8res rapides et sont, comme d\u00e9j\u00e0 signal\u00e9, souvent \u00e0 l&rsquo;ombre, \u00e9vitant par cons\u00e9quent les r\u00e9flexions sur les ailes.<\/p>\n\n\n\n<figure class=\"wp-block-image aligncenter size-large is-resized\"><a href=\"https:\/\/www.meslibellules.fr\/pagesweb\/coenagrionidae\/coenagrion\/coenagrion-hastulatum\/coenagrion-hastulatum-male-1\/coenagrion-hastulatum-male-4big.jpg\"><img decoding=\"async\" data-src=\"https:\/\/www.meslibellules.fr\/pagesweb\/coenagrionidae\/coenagrion\/coenagrion-hastulatum\/coenagrion-hastulatum-male-1\/coenagrion-hastulatum-male-4big.jpg\" alt=\"\" style=\"width:450px;height:auto\" src=\"data:image\/svg+xml;base64,PHN2ZyB3aWR0aD0iMSIgaGVpZ2h0PSIxIiB4bWxucz0iaHR0cDovL3d3dy53My5vcmcvMjAwMC9zdmciPjwvc3ZnPg==\" class=\"lazyload\" \/><\/a><figcaption class=\"wp-element-caption\">Coenagrion hastulatum m\u00e2le, Ard\u00e8che 16\/06\/13 : cas particulier parmi les Coenagrionidae, il se pose les ailes semi-ouvertes<\/figcaption><\/figure>\n\n\n\n<p>Pour r\u00e9sumer \u00e0 l&rsquo;extr\u00eame, dans une formulation non scientifique, pour chasser en vol ou s&rsquo;\u00e9chapper plus vite, il vaut mieux se poser les ailes ouvertes. Mais cela rend plus visible, il faut alors soit \u00eatre rapide comme un Anisopt\u00e8re ou un grand Zygopt\u00e8re, ou \u00eatre \u00e0 l&rsquo;ombre. Si l&rsquo;on est petit et lent, il vaut mieux privil\u00e9gier la discr\u00e9tion et garder les ailes ferm\u00e9es si l&rsquo;on est au soleil.<br><br>Il est bien s\u00fbr largement pr\u00e9f\u00e9rable de lire la publication tr\u00e8s d\u00e9taill\u00e9e, document\u00e9e et argument\u00e9e de Dennis Paulson qu&rsquo;on trouvera en lien ci-dessous.<\/p>\n\n\n\n<div style=\"height:31px\" aria-hidden=\"true\" class=\"wp-block-spacer\"><\/div>\n\n\n\n<p style=\"font-size:13px\">-1 Dennis Paulson, \u00ab\u00a0<a href=\"https:\/\/worlddragonfly.org\/wp-content\/uploads\/ijo\/tijo20.v007.i03\/13887890.2004.9748235\/13887890.2004.9748235.pdf\">Why do some zygopterans (Odonata) perch with open wings?<\/a>\u00ab\u00a0, October 2004, International Journal of Odonatology 7(3):505-515<br>-2 je devrais \u00e9crire Epiproctophora, mais cette \u00e9volution de la phylog\u00e9nie n&rsquo;\u00e9tait pas encore admise et r\u00e9pandue quand D. Paulson a publi\u00e9 cet article.<\/p>\n\n\n\n<div style=\"height:35px\" aria-hidden=\"true\" class=\"wp-block-spacer\"><\/div>\n\n\n\n<div class=\"wp-block-buttons is-vertical is-layout-flex wp-container-core-buttons-is-layout-fe9cc265 wp-block-buttons-is-layout-flex\">\n<div class=\"wp-block-button\"><a class=\"wp-block-button__link wp-element-button\" href=\"https:\/\/www.meslibellules.fr\/blog\/coenagrion-puella\/\">Accueil C. puella<\/a><\/div>\n\n\n\n<div class=\"wp-block-button\"><a class=\"wp-block-button__link wp-element-button\" href=\"https:\/\/www.meslibellules.fr\/blog\/\">Accueil<\/a><\/div>\n<\/div>\n","protected":false},"excerpt":{"rendered":"<p>Ou Pourquoi les zygopt\u00e8res se posent ils avec les ailes jointes ? Coenagrion puella est un Zygopt\u00e8re et l&rsquo;\u00e9tymologie m\u00eame de ce mot (du grec zygo, joindre) sugg\u00e8re qu&rsquo;il se pose avec les ailes jointes. C&rsquo;est ce que l&rsquo;on observe pour cette esp\u00e8ce dans presque 100% des cas. Je suis incapable de dire pourquoi celui-ci [&hellip;]<\/p>\n","protected":false},"author":1,"featured_media":0,"comment_status":"open","ping_status":"open","sticky":false,"template":"","format":"image","meta":{"site-sidebar-layout":"default","site-content-layout":"","ast-site-content-layout":"default","site-content-style":"default","site-sidebar-style":"default","ast-global-header-display":"","ast-banner-title-visibility":"","ast-main-header-display":"","ast-hfb-above-header-display":"","ast-hfb-below-header-display":"","ast-hfb-mobile-header-display":"","site-post-title":"","ast-breadcrumbs-content":"","ast-featured-img":"","footer-sml-layout":"","ast-disable-related-posts":"","theme-transparent-header-meta":"","adv-header-id-meta":"","stick-header-meta":"","header-above-stick-meta":"","header-main-stick-meta":"","header-below-stick-meta":"","astra-migrate-meta-layouts":"set","ast-page-background-enabled":"default","ast-page-background-meta":{"desktop":{"background-color":"var(--ast-global-color-4)","background-image":"","background-repeat":"repeat","background-position":"center center","background-size":"auto","background-attachment":"scroll","background-type":"","background-media":"","overlay-type":"","overlay-color":"","overlay-opacity":"","overlay-gradient":""},"tablet":{"background-color":"","background-image":"","background-repeat":"repeat","background-position":"center center","background-size":"auto","background-attachment":"scroll","background-type":"","background-media":"","overlay-type":"","overlay-color":"","overlay-opacity":"","overlay-gradient":""},"mobile":{"background-color":"","background-image":"","background-repeat":"repeat","background-position":"center center","background-size":"auto","background-attachment":"scroll","background-type":"","background-media":"","overlay-type":"","overlay-color":"","overlay-opacity":"","overlay-gradient":""}},"ast-content-background-meta":{"desktop":{"background-color":"var(--ast-global-color-5)","background-image":"","background-repeat":"repeat","background-position":"center center","background-size":"auto","background-attachment":"scroll","background-type":"","background-media":"","overlay-type":"","overlay-color":"","overlay-opacity":"","overlay-gradient":""},"tablet":{"background-color":"var(--ast-global-color-5)","background-image":"","background-repeat":"repeat","background-position":"center center","background-size":"auto","background-attachment":"scroll","background-type":"","background-media":"","overlay-type":"","overlay-color":"","overlay-opacity":"","overlay-gradient":""},"mobile":{"background-color":"var(--ast-global-color-5)","background-image":"","background-repeat":"repeat","background-position":"center center","background-size":"auto","background-attachment":"scroll","background-type":"","background-media":"","overlay-type":"","overlay-color":"","overlay-opacity":"","overlay-gradient":""}},"footnotes":""},"categories":[457,60,94,55],"tags":[513],"class_list":["post-20414","post","type-post","status-publish","format-image","hentry","category-coenagrion-puella","category-coenagrionidae-france","category-divers","category-france","tag-coenagrion-puella","post_format-post-format-image"],"yoast_head":"<!-- This site is optimized with the Yoast SEO plugin v27.4 - https:\/\/yoast.com\/product\/yoast-seo-wordpress\/ -->\n<title>Pourquoi les zygopt\u00e8res se posent ils avec les ailes jointes - Mes Libellules<\/title>\n<meta name=\"description\" content=\"Pourquoi les Zygopt\u00e8res se posent ils avec les ailes jointes, pourquoi les Anisopt\u00e8res se posent ils avec les ailes \u00e9cart\u00e9es\" \/>\n<meta name=\"robots\" content=\"index, follow, max-snippet:-1, max-image-preview:large, max-video-preview:-1\" \/>\n<link rel=\"canonical\" href=\"https:\/\/www.meslibellules.fr\/blog\/2024\/07\/20\/pourquoi-les-zygopteres-se-posent-ils-avec-les-ailes-jointes\/\" \/>\n<meta property=\"og:locale\" content=\"fr_FR\" \/>\n<meta property=\"og:type\" content=\"article\" \/>\n<meta property=\"og:title\" content=\"Pourquoi les zygopt\u00e8res se posent ils avec les ailes jointes - Mes Libellules\" \/>\n<meta property=\"og:description\" content=\"Pourquoi les Zygopt\u00e8res se posent ils avec les ailes jointes, pourquoi les Anisopt\u00e8res se posent ils avec les ailes \u00e9cart\u00e9es\" \/>\n<meta property=\"og:url\" content=\"https:\/\/www.meslibellules.fr\/blog\/2024\/07\/20\/pourquoi-les-zygopteres-se-posent-ils-avec-les-ailes-jointes\/\" \/>\n<meta property=\"og:site_name\" content=\"Mes Libellules\" \/>\n<meta property=\"article:publisher\" content=\"https:\/\/www.facebook.com\/benoit.guillon.96\/\" \/>\n<meta property=\"article:author\" content=\"https:\/\/www.facebook.com\/benoit.guillon.96\/\" \/>\n<meta property=\"article:published_time\" content=\"2024-07-20T11:17:04+00:00\" \/>\n<meta property=\"article:modified_time\" content=\"2024-07-21T06:36:19+00:00\" \/>\n<meta property=\"og:image\" content=\"https:\/\/www.meslibellules.fr\/blog\/wp-content\/uploads\/Coneagrion-puella-male-curiosite.webp\" \/>\n<meta name=\"author\" content=\"Beno\u00eet Guillon\" \/>\n<meta name=\"twitter:card\" content=\"summary_large_image\" \/>\n<meta name=\"twitter:label1\" content=\"\u00c9crit par\" \/>\n\t<meta name=\"twitter:data1\" content=\"Beno\u00eet Guillon\" \/>\n\t<meta name=\"twitter:label2\" content=\"Dur\u00e9e de lecture estim\u00e9e\" \/>\n\t<meta name=\"twitter:data2\" content=\"6 minutes\" \/>\n<script type=\"application\/ld+json\" class=\"yoast-schema-graph\">{\"@context\":\"https:\\\/\\\/schema.org\",\"@graph\":[{\"@type\":\"Article\",\"@id\":\"https:\\\/\\\/www.meslibellules.fr\\\/blog\\\/2024\\\/07\\\/20\\\/pourquoi-les-zygopteres-se-posent-ils-avec-les-ailes-jointes\\\/#article\",\"isPartOf\":{\"@id\":\"https:\\\/\\\/www.meslibellules.fr\\\/blog\\\/2024\\\/07\\\/20\\\/pourquoi-les-zygopteres-se-posent-ils-avec-les-ailes-jointes\\\/\"},\"author\":{\"name\":\"Beno\u00eet Guillon\",\"@id\":\"https:\\\/\\\/www.meslibellules.fr\\\/blog\\\/#\\\/schema\\\/person\\\/9aa3586f9dd053fcf329f43b8b053c77\"},\"headline\":\"Un Coenagrion puella avec les ailes \u00e9tal\u00e9es&#8230;\",\"datePublished\":\"2024-07-20T11:17:04+00:00\",\"dateModified\":\"2024-07-21T06:36:19+00:00\",\"mainEntityOfPage\":{\"@id\":\"https:\\\/\\\/www.meslibellules.fr\\\/blog\\\/2024\\\/07\\\/20\\\/pourquoi-les-zygopteres-se-posent-ils-avec-les-ailes-jointes\\\/\"},\"wordCount\":1070,\"commentCount\":0,\"publisher\":{\"@id\":\"https:\\\/\\\/www.meslibellules.fr\\\/blog\\\/#\\\/schema\\\/person\\\/9aa3586f9dd053fcf329f43b8b053c77\"},\"image\":{\"@id\":\"https:\\\/\\\/www.meslibellules.fr\\\/blog\\\/2024\\\/07\\\/20\\\/pourquoi-les-zygopteres-se-posent-ils-avec-les-ailes-jointes\\\/#primaryimage\"},\"thumbnailUrl\":\"https:\\\/\\\/www.meslibellules.fr\\\/blog\\\/wp-content\\\/uploads\\\/Coneagrion-puella-male-curiosite.webp\",\"keywords\":[\"Coenagrion puella\"],\"articleSection\":[\"Coenagrion puella\",\"Coenagrionidae\",\"Divers\",\"France\"],\"inLanguage\":\"fr-FR\",\"potentialAction\":[{\"@type\":\"CommentAction\",\"name\":\"Comment\",\"target\":[\"https:\\\/\\\/www.meslibellules.fr\\\/blog\\\/2024\\\/07\\\/20\\\/pourquoi-les-zygopteres-se-posent-ils-avec-les-ailes-jointes\\\/#respond\"]}]},{\"@type\":\"WebPage\",\"@id\":\"https:\\\/\\\/www.meslibellules.fr\\\/blog\\\/2024\\\/07\\\/20\\\/pourquoi-les-zygopteres-se-posent-ils-avec-les-ailes-jointes\\\/\",\"url\":\"https:\\\/\\\/www.meslibellules.fr\\\/blog\\\/2024\\\/07\\\/20\\\/pourquoi-les-zygopteres-se-posent-ils-avec-les-ailes-jointes\\\/\",\"name\":\"Pourquoi les zygopt\u00e8res se posent ils avec les ailes jointes - Mes Libellules\",\"isPartOf\":{\"@id\":\"https:\\\/\\\/www.meslibellules.fr\\\/blog\\\/#website\"},\"primaryImageOfPage\":{\"@id\":\"https:\\\/\\\/www.meslibellules.fr\\\/blog\\\/2024\\\/07\\\/20\\\/pourquoi-les-zygopteres-se-posent-ils-avec-les-ailes-jointes\\\/#primaryimage\"},\"image\":{\"@id\":\"https:\\\/\\\/www.meslibellules.fr\\\/blog\\\/2024\\\/07\\\/20\\\/pourquoi-les-zygopteres-se-posent-ils-avec-les-ailes-jointes\\\/#primaryimage\"},\"thumbnailUrl\":\"https:\\\/\\\/www.meslibellules.fr\\\/blog\\\/wp-content\\\/uploads\\\/Coneagrion-puella-male-curiosite.webp\",\"datePublished\":\"2024-07-20T11:17:04+00:00\",\"dateModified\":\"2024-07-21T06:36:19+00:00\",\"description\":\"Pourquoi les Zygopt\u00e8res se posent ils avec les ailes jointes, pourquoi les Anisopt\u00e8res se posent ils avec les ailes \u00e9cart\u00e9es\",\"breadcrumb\":{\"@id\":\"https:\\\/\\\/www.meslibellules.fr\\\/blog\\\/2024\\\/07\\\/20\\\/pourquoi-les-zygopteres-se-posent-ils-avec-les-ailes-jointes\\\/#breadcrumb\"},\"inLanguage\":\"fr-FR\",\"potentialAction\":[{\"@type\":\"ReadAction\",\"target\":[\"https:\\\/\\\/www.meslibellules.fr\\\/blog\\\/2024\\\/07\\\/20\\\/pourquoi-les-zygopteres-se-posent-ils-avec-les-ailes-jointes\\\/\"]}]},{\"@type\":\"ImageObject\",\"inLanguage\":\"fr-FR\",\"@id\":\"https:\\\/\\\/www.meslibellules.fr\\\/blog\\\/2024\\\/07\\\/20\\\/pourquoi-les-zygopteres-se-posent-ils-avec-les-ailes-jointes\\\/#primaryimage\",\"url\":\"https:\\\/\\\/www.meslibellules.fr\\\/blog\\\/wp-content\\\/uploads\\\/Coneagrion-puella-male-curiosite.webp\",\"contentUrl\":\"https:\\\/\\\/www.meslibellules.fr\\\/blog\\\/wp-content\\\/uploads\\\/Coneagrion-puella-male-curiosite.webp\"},{\"@type\":\"BreadcrumbList\",\"@id\":\"https:\\\/\\\/www.meslibellules.fr\\\/blog\\\/2024\\\/07\\\/20\\\/pourquoi-les-zygopteres-se-posent-ils-avec-les-ailes-jointes\\\/#breadcrumb\",\"itemListElement\":[{\"@type\":\"ListItem\",\"position\":1,\"name\":\"Accueil\",\"item\":\"https:\\\/\\\/www.meslibellules.fr\\\/blog\\\/\"},{\"@type\":\"ListItem\",\"position\":2,\"name\":\"Un Coenagrion puella avec les ailes \u00e9tal\u00e9es&#8230;\"}]},{\"@type\":\"WebSite\",\"@id\":\"https:\\\/\\\/www.meslibellules.fr\\\/blog\\\/#website\",\"url\":\"https:\\\/\\\/www.meslibellules.fr\\\/blog\\\/\",\"name\":\"Mes Libellules\",\"description\":\"Pr\u00e9sentation des libellules rencontr\u00e9es dans le monde\",\"publisher\":{\"@id\":\"https:\\\/\\\/www.meslibellules.fr\\\/blog\\\/#\\\/schema\\\/person\\\/9aa3586f9dd053fcf329f43b8b053c77\"},\"potentialAction\":[{\"@type\":\"SearchAction\",\"target\":{\"@type\":\"EntryPoint\",\"urlTemplate\":\"https:\\\/\\\/www.meslibellules.fr\\\/blog\\\/?s={search_term_string}\"},\"query-input\":{\"@type\":\"PropertyValueSpecification\",\"valueRequired\":true,\"valueName\":\"search_term_string\"}}],\"inLanguage\":\"fr-FR\"},{\"@type\":[\"Person\",\"Organization\"],\"@id\":\"https:\\\/\\\/www.meslibellules.fr\\\/blog\\\/#\\\/schema\\\/person\\\/9aa3586f9dd053fcf329f43b8b053c77\",\"name\":\"Beno\u00eet Guillon\",\"image\":{\"@type\":\"ImageObject\",\"inLanguage\":\"fr-FR\",\"@id\":\"https:\\\/\\\/www.meslibellules.fr\\\/blog\\\/wp-content\\\/uploads\\\/cropped-avatar-150-pix.jpg\",\"url\":\"https:\\\/\\\/www.meslibellules.fr\\\/blog\\\/wp-content\\\/uploads\\\/cropped-avatar-150-pix.jpg\",\"contentUrl\":\"https:\\\/\\\/www.meslibellules.fr\\\/blog\\\/wp-content\\\/uploads\\\/cropped-avatar-150-pix.jpg\",\"width\":150,\"height\":137,\"caption\":\"Beno\u00eet Guillon\"},\"logo\":{\"@id\":\"https:\\\/\\\/www.meslibellules.fr\\\/blog\\\/wp-content\\\/uploads\\\/cropped-avatar-150-pix.jpg\"},\"sameAs\":[\"https:\\\/\\\/www.facebook.com\\\/benoit.guillon.96\\\/\"]}]}<\/script>\n<!-- \/ Yoast SEO plugin. -->","yoast_head_json":{"title":"Pourquoi les zygopt\u00e8res se posent ils avec les ailes jointes - Mes Libellules","description":"Pourquoi les Zygopt\u00e8res se posent ils avec les ailes jointes, pourquoi les Anisopt\u00e8res se posent ils avec les ailes \u00e9cart\u00e9es","robots":{"index":"index","follow":"follow","max-snippet":"max-snippet:-1","max-image-preview":"max-image-preview:large","max-video-preview":"max-video-preview:-1"},"canonical":"https:\/\/www.meslibellules.fr\/blog\/2024\/07\/20\/pourquoi-les-zygopteres-se-posent-ils-avec-les-ailes-jointes\/","og_locale":"fr_FR","og_type":"article","og_title":"Pourquoi les zygopt\u00e8res se posent ils avec les ailes jointes - Mes Libellules","og_description":"Pourquoi les Zygopt\u00e8res se posent ils avec les ailes jointes, pourquoi les Anisopt\u00e8res se posent ils avec les ailes \u00e9cart\u00e9es","og_url":"https:\/\/www.meslibellules.fr\/blog\/2024\/07\/20\/pourquoi-les-zygopteres-se-posent-ils-avec-les-ailes-jointes\/","og_site_name":"Mes Libellules","article_publisher":"https:\/\/www.facebook.com\/benoit.guillon.96\/","article_author":"https:\/\/www.facebook.com\/benoit.guillon.96\/","article_published_time":"2024-07-20T11:17:04+00:00","article_modified_time":"2024-07-21T06:36:19+00:00","og_image":[{"url":"https:\/\/www.meslibellules.fr\/blog\/wp-content\/uploads\/Coneagrion-puella-male-curiosite.webp","type":"","width":"","height":""}],"author":"Beno\u00eet Guillon","twitter_card":"summary_large_image","twitter_misc":{"\u00c9crit par":"Beno\u00eet Guillon","Dur\u00e9e de lecture estim\u00e9e":"6 minutes"},"schema":{"@context":"https:\/\/schema.org","@graph":[{"@type":"Article","@id":"https:\/\/www.meslibellules.fr\/blog\/2024\/07\/20\/pourquoi-les-zygopteres-se-posent-ils-avec-les-ailes-jointes\/#article","isPartOf":{"@id":"https:\/\/www.meslibellules.fr\/blog\/2024\/07\/20\/pourquoi-les-zygopteres-se-posent-ils-avec-les-ailes-jointes\/"},"author":{"name":"Beno\u00eet Guillon","@id":"https:\/\/www.meslibellules.fr\/blog\/#\/schema\/person\/9aa3586f9dd053fcf329f43b8b053c77"},"headline":"Un Coenagrion puella avec les ailes \u00e9tal\u00e9es&#8230;","datePublished":"2024-07-20T11:17:04+00:00","dateModified":"2024-07-21T06:36:19+00:00","mainEntityOfPage":{"@id":"https:\/\/www.meslibellules.fr\/blog\/2024\/07\/20\/pourquoi-les-zygopteres-se-posent-ils-avec-les-ailes-jointes\/"},"wordCount":1070,"commentCount":0,"publisher":{"@id":"https:\/\/www.meslibellules.fr\/blog\/#\/schema\/person\/9aa3586f9dd053fcf329f43b8b053c77"},"image":{"@id":"https:\/\/www.meslibellules.fr\/blog\/2024\/07\/20\/pourquoi-les-zygopteres-se-posent-ils-avec-les-ailes-jointes\/#primaryimage"},"thumbnailUrl":"https:\/\/www.meslibellules.fr\/blog\/wp-content\/uploads\/Coneagrion-puella-male-curiosite.webp","keywords":["Coenagrion puella"],"articleSection":["Coenagrion puella","Coenagrionidae","Divers","France"],"inLanguage":"fr-FR","potentialAction":[{"@type":"CommentAction","name":"Comment","target":["https:\/\/www.meslibellules.fr\/blog\/2024\/07\/20\/pourquoi-les-zygopteres-se-posent-ils-avec-les-ailes-jointes\/#respond"]}]},{"@type":"WebPage","@id":"https:\/\/www.meslibellules.fr\/blog\/2024\/07\/20\/pourquoi-les-zygopteres-se-posent-ils-avec-les-ailes-jointes\/","url":"https:\/\/www.meslibellules.fr\/blog\/2024\/07\/20\/pourquoi-les-zygopteres-se-posent-ils-avec-les-ailes-jointes\/","name":"Pourquoi les zygopt\u00e8res se posent ils avec les ailes jointes - Mes Libellules","isPartOf":{"@id":"https:\/\/www.meslibellules.fr\/blog\/#website"},"primaryImageOfPage":{"@id":"https:\/\/www.meslibellules.fr\/blog\/2024\/07\/20\/pourquoi-les-zygopteres-se-posent-ils-avec-les-ailes-jointes\/#primaryimage"},"image":{"@id":"https:\/\/www.meslibellules.fr\/blog\/2024\/07\/20\/pourquoi-les-zygopteres-se-posent-ils-avec-les-ailes-jointes\/#primaryimage"},"thumbnailUrl":"https:\/\/www.meslibellules.fr\/blog\/wp-content\/uploads\/Coneagrion-puella-male-curiosite.webp","datePublished":"2024-07-20T11:17:04+00:00","dateModified":"2024-07-21T06:36:19+00:00","description":"Pourquoi les Zygopt\u00e8res se posent ils avec les ailes jointes, pourquoi les Anisopt\u00e8res se posent ils avec les ailes \u00e9cart\u00e9es","breadcrumb":{"@id":"https:\/\/www.meslibellules.fr\/blog\/2024\/07\/20\/pourquoi-les-zygopteres-se-posent-ils-avec-les-ailes-jointes\/#breadcrumb"},"inLanguage":"fr-FR","potentialAction":[{"@type":"ReadAction","target":["https:\/\/www.meslibellules.fr\/blog\/2024\/07\/20\/pourquoi-les-zygopteres-se-posent-ils-avec-les-ailes-jointes\/"]}]},{"@type":"ImageObject","inLanguage":"fr-FR","@id":"https:\/\/www.meslibellules.fr\/blog\/2024\/07\/20\/pourquoi-les-zygopteres-se-posent-ils-avec-les-ailes-jointes\/#primaryimage","url":"https:\/\/www.meslibellules.fr\/blog\/wp-content\/uploads\/Coneagrion-puella-male-curiosite.webp","contentUrl":"https:\/\/www.meslibellules.fr\/blog\/wp-content\/uploads\/Coneagrion-puella-male-curiosite.webp"},{"@type":"BreadcrumbList","@id":"https:\/\/www.meslibellules.fr\/blog\/2024\/07\/20\/pourquoi-les-zygopteres-se-posent-ils-avec-les-ailes-jointes\/#breadcrumb","itemListElement":[{"@type":"ListItem","position":1,"name":"Accueil","item":"https:\/\/www.meslibellules.fr\/blog\/"},{"@type":"ListItem","position":2,"name":"Un Coenagrion puella avec les ailes \u00e9tal\u00e9es&#8230;"}]},{"@type":"WebSite","@id":"https:\/\/www.meslibellules.fr\/blog\/#website","url":"https:\/\/www.meslibellules.fr\/blog\/","name":"Mes Libellules","description":"Pr\u00e9sentation des libellules rencontr\u00e9es dans le monde","publisher":{"@id":"https:\/\/www.meslibellules.fr\/blog\/#\/schema\/person\/9aa3586f9dd053fcf329f43b8b053c77"},"potentialAction":[{"@type":"SearchAction","target":{"@type":"EntryPoint","urlTemplate":"https:\/\/www.meslibellules.fr\/blog\/?s={search_term_string}"},"query-input":{"@type":"PropertyValueSpecification","valueRequired":true,"valueName":"search_term_string"}}],"inLanguage":"fr-FR"},{"@type":["Person","Organization"],"@id":"https:\/\/www.meslibellules.fr\/blog\/#\/schema\/person\/9aa3586f9dd053fcf329f43b8b053c77","name":"Beno\u00eet Guillon","image":{"@type":"ImageObject","inLanguage":"fr-FR","@id":"https:\/\/www.meslibellules.fr\/blog\/wp-content\/uploads\/cropped-avatar-150-pix.jpg","url":"https:\/\/www.meslibellules.fr\/blog\/wp-content\/uploads\/cropped-avatar-150-pix.jpg","contentUrl":"https:\/\/www.meslibellules.fr\/blog\/wp-content\/uploads\/cropped-avatar-150-pix.jpg","width":150,"height":137,"caption":"Beno\u00eet Guillon"},"logo":{"@id":"https:\/\/www.meslibellules.fr\/blog\/wp-content\/uploads\/cropped-avatar-150-pix.jpg"},"sameAs":["https:\/\/www.facebook.com\/benoit.guillon.96\/"]}]}},"_links":{"self":[{"href":"https:\/\/www.meslibellules.fr\/blog\/wp-json\/wp\/v2\/posts\/20414","targetHints":{"allow":["GET"]}}],"collection":[{"href":"https:\/\/www.meslibellules.fr\/blog\/wp-json\/wp\/v2\/posts"}],"about":[{"href":"https:\/\/www.meslibellules.fr\/blog\/wp-json\/wp\/v2\/types\/post"}],"author":[{"embeddable":true,"href":"https:\/\/www.meslibellules.fr\/blog\/wp-json\/wp\/v2\/users\/1"}],"replies":[{"embeddable":true,"href":"https:\/\/www.meslibellules.fr\/blog\/wp-json\/wp\/v2\/comments?post=20414"}],"version-history":[{"count":0,"href":"https:\/\/www.meslibellules.fr\/blog\/wp-json\/wp\/v2\/posts\/20414\/revisions"}],"wp:attachment":[{"href":"https:\/\/www.meslibellules.fr\/blog\/wp-json\/wp\/v2\/media?parent=20414"}],"wp:term":[{"taxonomy":"category","embeddable":true,"href":"https:\/\/www.meslibellules.fr\/blog\/wp-json\/wp\/v2\/categories?post=20414"},{"taxonomy":"post_tag","embeddable":true,"href":"https:\/\/www.meslibellules.fr\/blog\/wp-json\/wp\/v2\/tags?post=20414"}],"curies":[{"name":"wp","href":"https:\/\/api.w.org\/{rel}","templated":true}]}}