{"id":20523,"date":"2024-07-30T22:01:40","date_gmt":"2024-07-30T20:01:40","guid":{"rendered":"https:\/\/www.meslibellules.fr\/blog\/?p=20523"},"modified":"2025-12-28T18:19:32","modified_gmt":"2025-12-28T17:19:32","slug":"hetaerina-sanguinea","status":"publish","type":"post","link":"https:\/\/www.meslibellules.fr\/blog\/2024\/07\/30\/hetaerina-sanguinea\/","title":{"rendered":"P\u00e9rou &#8211; Hetaerina sanguinea (Selys, 1853)"},"content":{"rendered":"\n<figure class=\"wp-block-image aligncenter size-full is-resized\"><img decoding=\"async\" width=\"1303\" height=\"1204\" data-src=\"https:\/\/www.meslibellules.fr\/blog\/wp-content\/uploads\/Hetaerina-sanguinea-male-1.webp\" alt=\"Hetaerina sanguinea m\u00e2le, P\u00e9rou, Tahuayo Lodge, 12\/08\/2024\" class=\"wp-image-20524 lazyload\" style=\"--smush-placeholder-width: 1303px; --smush-placeholder-aspect-ratio: 1303\/1204;width:438px;height:auto\" data-srcset=\"https:\/\/www.meslibellules.fr\/blog\/wp-content\/uploads\/Hetaerina-sanguinea-male-1.webp 1303w, https:\/\/www.meslibellules.fr\/blog\/wp-content\/uploads\/Hetaerina-sanguinea-male-1-768x710.webp 768w\" data-sizes=\"(max-width: 1303px) 100vw, 1303px\" src=\"data:image\/svg+xml;base64,PHN2ZyB3aWR0aD0iMSIgaGVpZ2h0PSIxIiB4bWxucz0iaHR0cDovL3d3dy53My5vcmcvMjAwMC9zdmciPjwvc3ZnPg==\" \/><figcaption class=\"wp-element-caption\">Hetaerina sanguinea m\u00e2le, P\u00e9rou, Tahuayo Lodge, 12\/08\/2024<\/figcaption><\/figure>\n\n\n\n<p>Hetaerina sanguinea est d\u00e9crit par Selys dans son <em>Synopsis des Calopt\u00e9rygines<\/em> dans lequel il nous dit que son abdomen mesure 35 mm, soit environ 44 mm pour l&rsquo;insecte entier.<br><br>Nous l&rsquo;avons trouv\u00e9 sur un ruisseau, en zone assez ouverte, \u00e0 quelques dizaines de m\u00e8tres du lodge et de la rivi\u00e8re Tahuayo, en compagnie de Ischnura fluviatilis, et de nombreux Erythrodipax attenuata. C&rsquo;est sa localisation qui permet son identification, car je n&rsquo;ai pas de vue des appendices anaux ; elle a \u00e9t\u00e9 confirm\u00e9e par Tim Faasen sur Inaturalist pour une photo prise au m\u00eame endroit par un de mes compagnons ; je suppose donc qu&rsquo;aucun autre Hetaerina n&rsquo;a jamais \u00e9t\u00e9 vu sur cet endroit tout pr\u00e8s de lodge et souvent visit\u00e9.<br><br>Ici, c&rsquo;est un sujet tr\u00e8s largement mature, les plus jeunes sont plus faciles \u00e0 identifier, car ils portent des taches vert m\u00e9tallique en arri\u00e8re du thorax, comme on peut le constater <a href=\"https:\/\/meslibellules.fr\/voyages\/colombie\/hetaerina-sanguinea\/hetaerina-sanguinea.php\">sur ces sujets<\/a> vus en Colombie voisine.<\/p>\n\n\n\n<figure class=\"wp-block-image aligncenter size-full is-resized\"><a href=\"https:\/\/www.meslibellules.fr\/blog\/wp-content\/uploads\/Hetaerina-sanguinea-male-2.webp\"><img decoding=\"async\" width=\"1071\" height=\"1204\" data-src=\"https:\/\/www.meslibellules.fr\/blog\/wp-content\/uploads\/Hetaerina-sanguinea-male-2.webp\" alt=\"Hetaerina sanguinea m\u00e2le, P\u00e9rou, Tahuayo Lodge, 12\/08\/2024\" class=\"wp-image-20525 lazyload\" style=\"--smush-placeholder-width: 1071px; --smush-placeholder-aspect-ratio: 1071\/1204;width:437px;height:auto\" data-srcset=\"https:\/\/www.meslibellules.fr\/blog\/wp-content\/uploads\/Hetaerina-sanguinea-male-2.webp 1071w, https:\/\/www.meslibellules.fr\/blog\/wp-content\/uploads\/Hetaerina-sanguinea-male-2-768x863.webp 768w\" data-sizes=\"(max-width: 1071px) 100vw, 1071px\" src=\"data:image\/svg+xml;base64,PHN2ZyB3aWR0aD0iMSIgaGVpZ2h0PSIxIiB4bWxucz0iaHR0cDovL3d3dy53My5vcmcvMjAwMC9zdmciPjwvc3ZnPg==\" \/><\/a><figcaption class=\"wp-element-caption\">Hetaerina sanguinea m\u00e2le, P\u00e9rou, Tahuayo Lodge, 12\/08\/2024<\/figcaption><\/figure>\n\n\n\n<p>C&rsquo;est une esp\u00e8ce largement r\u00e9pandue au nord-est de l&rsquo;Am\u00e9rique du Sud, du sud du Venezuela \u00e0 la Bolivie.<br><a href=\"https:\/\/www.iucnredlist.org\/species\/49254488\/49254997#geographic-range\">IUCN Red List<\/a><\/p>\n\n\n\n<p><span style=\"text-decoration: underline;\">\u00c9tymologie<br \/><\/span><strong>Hetaerina<\/strong> (2) est un genre cr\u00e9\u00e9 par Hagen, du grec \u2013 \u1f11\u03c4\u03b1\u03af\u03c1\u03b1 =\u00a0<em>compagnon, courtisane<\/em>\u00a0et du suffixe \u2013 \u03b9\u03bd\u03cc\u03c2 \u2013\u03ae \u2013\u03cc\u03bd =\u00a0<em>se rapportant \u00e0\u2026, comme<\/em>. Hagen n\u2019explique pas ce choix, mais il est clairement en rapport avec la f\u00e9minit\u00e9, comme fr\u00e9quemment pour les zygopt\u00e8res, comme <em>puella<\/em>\u00a0ou\u00a0<em>virgo<\/em>.<br \/><strong>Sanguinea<\/strong>, du latin <em>sanguineus,<\/em> pour &#8211;<em>qui a un rapport au sang, couleur de sang, <\/em>certainement en rapport avec la couleur de l&rsquo;insecte, mais Selys ne mentionne jamais explicitement cette couleur et cet odonate ne me semble pas plus rouge-sang qu&rsquo;un autre, H. sanguinolenta par exemple&#8230;<\/p>\n\n\n\n<div style=\"height:34px\" aria-hidden=\"true\" class=\"wp-block-spacer\"><\/div>\n\n\n\n<p style=\"font-size:13px\">1- Selys-Longchamps, Edm. de. 1853.\u00a0<a href=\"https:\/\/www.biodiversitylibrary.org\/page\/2728662#page\/50\/mode\/1up\">Synopsis des Calopt\u00e9rygines<\/a>. Bull. Acad. Belg. 20, Annexe, 1-73.<br>2- Heinrich Fliedner, Ian Endersby, <a href=\"https:\/\/www.researchgate.net\/publication\/334046392_The_Scientific_Names_of_North_American_Dragonflies\">The Scientific Names of North American Dragonflies<\/a>, Busybird Publishing 2019<\/p>\n\n\n\n<div style=\"height:34px\" aria-hidden=\"true\" class=\"wp-block-spacer\"><\/div>\n\n\n\n<div class=\"wp-block-buttons is-layout-flex wp-block-buttons-is-layout-flex\">\n<div class=\"wp-block-button\"><a class=\"wp-block-button__link wp-element-button\" href=\"https:\/\/www.meslibellules.fr\/blog\/odonates-du-perou-peruvian-odonates\/\">Accueil P\u00e9rou<\/a><\/div>\n<\/div>\n","protected":false},"excerpt":{"rendered":"<p>Hetaerina sanguinea est d\u00e9crit par Selys dans son Synopsis des Calopt\u00e9rygines dans lequel il nous dit que son abdomen mesure 35 mm, soit environ 44 mm pour l&rsquo;insecte entier. Nous l&rsquo;avons trouv\u00e9 sur un ruisseau, en zone assez ouverte, \u00e0 quelques dizaines de m\u00e8tres du lodge et de la rivi\u00e8re Tahuayo, en compagnie de Ischnura [&hellip;]<\/p>\n","protected":false},"author":1,"featured_media":0,"comment_status":"open","ping_status":"open","sticky":false,"template":"","format":"image","meta":{"site-sidebar-layout":"default","site-content-layout":"","ast-site-content-layout":"default","site-content-style":"default","site-sidebar-style":"default","ast-global-header-display":"","ast-banner-title-visibility":"","ast-main-header-display":"","ast-hfb-above-header-display":"","ast-hfb-below-header-display":"","ast-hfb-mobile-header-display":"","site-post-title":"","ast-breadcrumbs-content":"","ast-featured-img":"","footer-sml-layout":"","ast-disable-related-posts":"","theme-transparent-header-meta":"","adv-header-id-meta":"","stick-header-meta":"","header-above-stick-meta":"","header-main-stick-meta":"","header-below-stick-meta":"","astra-migrate-meta-layouts":"set","ast-page-background-enabled":"default","ast-page-background-meta":{"desktop":{"background-color":"var(--ast-global-color-4)","background-image":"","background-repeat":"repeat","background-position":"center center","background-size":"auto","background-attachment":"scroll","background-type":"","background-media":"","overlay-type":"","overlay-color":"","overlay-opacity":"","overlay-gradient":""},"tablet":{"background-color":"","background-image":"","background-repeat":"repeat","background-position":"center center","background-size":"auto","background-attachment":"scroll","background-type":"","background-media":"","overlay-type":"","overlay-color":"","overlay-opacity":"","overlay-gradient":""},"mobile":{"background-color":"","background-image":"","background-repeat":"repeat","background-position":"center center","background-size":"auto","background-attachment":"scroll","background-type":"","background-media":"","overlay-type":"","overlay-color":"","overlay-opacity":"","overlay-gradient":""}},"ast-content-background-meta":{"desktop":{"background-color":"var(--ast-global-color-5)","background-image":"","background-repeat":"repeat","background-position":"center center","background-size":"auto","background-attachment":"scroll","background-type":"","background-media":"","overlay-type":"","overlay-color":"","overlay-opacity":"","overlay-gradient":""},"tablet":{"background-color":"var(--ast-global-color-5)","background-image":"","background-repeat":"repeat","background-position":"center center","background-size":"auto","background-attachment":"scroll","background-type":"","background-media":"","overlay-type":"","overlay-color":"","overlay-opacity":"","overlay-gradient":""},"mobile":{"background-color":"var(--ast-global-color-5)","background-image":"","background-repeat":"repeat","background-position":"center center","background-size":"auto","background-attachment":"scroll","background-type":"","background-media":"","overlay-type":"","overlay-color":"","overlay-opacity":"","overlay-gradient":""}},"footnotes":""},"categories":[1376,1303],"tags":[1377,1305],"class_list":["post-20523","post","type-post","status-publish","format-image","hentry","category-calopterygidae-perou","category-perou","tag-calopterygidae-perou","tag-perou","post_format-post-format-image"],"yoast_head":"<!-- This site is optimized with the Yoast SEO plugin v27.5 - https:\/\/yoast.com\/product\/yoast-seo-wordpress\/ -->\n<title>Hetaerina sanguinea - Mes Libellules<\/title>\n<meta name=\"description\" content=\"Hetaerina sanguinea m\u00e2le au P\u00e9rou, description, identification, taille, habitat, distribution g\u00e9ographique, \u00e9tymologie\" \/>\n<meta name=\"robots\" content=\"index, follow, max-snippet:-1, max-image-preview:large, max-video-preview:-1\" \/>\n<link rel=\"canonical\" href=\"https:\/\/www.meslibellules.fr\/blog\/2024\/07\/30\/hetaerina-sanguinea\/\" \/>\n<meta property=\"og:locale\" content=\"fr_FR\" \/>\n<meta property=\"og:type\" content=\"article\" \/>\n<meta property=\"og:title\" content=\"Hetaerina sanguinea - Mes Libellules\" \/>\n<meta property=\"og:description\" content=\"Hetaerina sanguinea m\u00e2le au P\u00e9rou, description, identification, taille, habitat, distribution g\u00e9ographique, \u00e9tymologie\" \/>\n<meta property=\"og:url\" content=\"https:\/\/www.meslibellules.fr\/blog\/2024\/07\/30\/hetaerina-sanguinea\/\" \/>\n<meta property=\"og:site_name\" content=\"Mes Libellules\" \/>\n<meta property=\"article:publisher\" content=\"https:\/\/www.facebook.com\/benoit.guillon.96\/\" \/>\n<meta property=\"article:author\" content=\"https:\/\/www.facebook.com\/benoit.guillon.96\/\" \/>\n<meta property=\"article:published_time\" content=\"2024-07-30T20:01:40+00:00\" \/>\n<meta property=\"article:modified_time\" content=\"2025-12-28T17:19:32+00:00\" \/>\n<meta property=\"og:image\" content=\"https:\/\/www.meslibellules.fr\/blog\/wp-content\/uploads\/Hetaerina-sanguinea-male-1.webp\" \/>\n\t<meta property=\"og:image:width\" content=\"1303\" \/>\n\t<meta property=\"og:image:height\" content=\"1204\" \/>\n\t<meta property=\"og:image:type\" content=\"image\/webp\" \/>\n<meta name=\"author\" content=\"Beno\u00eet Guillon\" \/>\n<meta name=\"twitter:card\" content=\"summary_large_image\" \/>\n<meta name=\"twitter:label1\" content=\"\u00c9crit par\" \/>\n\t<meta name=\"twitter:data1\" content=\"Beno\u00eet Guillon\" \/>\n\t<meta name=\"twitter:label2\" content=\"Dur\u00e9e de lecture estim\u00e9e\" \/>\n\t<meta name=\"twitter:data2\" content=\"3 minutes\" \/>\n<script type=\"application\/ld+json\" class=\"yoast-schema-graph\">{\"@context\":\"https:\\\/\\\/schema.org\",\"@graph\":[{\"@type\":\"Article\",\"@id\":\"https:\\\/\\\/www.meslibellules.fr\\\/blog\\\/2024\\\/07\\\/30\\\/hetaerina-sanguinea\\\/#article\",\"isPartOf\":{\"@id\":\"https:\\\/\\\/www.meslibellules.fr\\\/blog\\\/2024\\\/07\\\/30\\\/hetaerina-sanguinea\\\/\"},\"author\":{\"name\":\"Beno\u00eet Guillon\",\"@id\":\"https:\\\/\\\/www.meslibellules.fr\\\/blog\\\/#\\\/schema\\\/person\\\/9aa3586f9dd053fcf329f43b8b053c77\"},\"headline\":\"P\u00e9rou &#8211; Hetaerina sanguinea (Selys, 1853)\",\"datePublished\":\"2024-07-30T20:01:40+00:00\",\"dateModified\":\"2025-12-28T17:19:32+00:00\",\"mainEntityOfPage\":{\"@id\":\"https:\\\/\\\/www.meslibellules.fr\\\/blog\\\/2024\\\/07\\\/30\\\/hetaerina-sanguinea\\\/\"},\"wordCount\":335,\"commentCount\":0,\"publisher\":{\"@id\":\"https:\\\/\\\/www.meslibellules.fr\\\/blog\\\/#\\\/schema\\\/person\\\/9aa3586f9dd053fcf329f43b8b053c77\"},\"image\":{\"@id\":\"https:\\\/\\\/www.meslibellules.fr\\\/blog\\\/2024\\\/07\\\/30\\\/hetaerina-sanguinea\\\/#primaryimage\"},\"thumbnailUrl\":\"https:\\\/\\\/www.meslibellules.fr\\\/blog\\\/wp-content\\\/uploads\\\/Hetaerina-sanguinea-male-1.webp\",\"keywords\":[\"Calopterygidae - P\u00e9rou\",\"P\u00e9rou\"],\"articleSection\":[\"Calopterygidae\",\"P\u00e9rou\"],\"inLanguage\":\"fr-FR\",\"potentialAction\":[{\"@type\":\"CommentAction\",\"name\":\"Comment\",\"target\":[\"https:\\\/\\\/www.meslibellules.fr\\\/blog\\\/2024\\\/07\\\/30\\\/hetaerina-sanguinea\\\/#respond\"]}]},{\"@type\":\"WebPage\",\"@id\":\"https:\\\/\\\/www.meslibellules.fr\\\/blog\\\/2024\\\/07\\\/30\\\/hetaerina-sanguinea\\\/\",\"url\":\"https:\\\/\\\/www.meslibellules.fr\\\/blog\\\/2024\\\/07\\\/30\\\/hetaerina-sanguinea\\\/\",\"name\":\"Hetaerina sanguinea - Mes Libellules\",\"isPartOf\":{\"@id\":\"https:\\\/\\\/www.meslibellules.fr\\\/blog\\\/#website\"},\"primaryImageOfPage\":{\"@id\":\"https:\\\/\\\/www.meslibellules.fr\\\/blog\\\/2024\\\/07\\\/30\\\/hetaerina-sanguinea\\\/#primaryimage\"},\"image\":{\"@id\":\"https:\\\/\\\/www.meslibellules.fr\\\/blog\\\/2024\\\/07\\\/30\\\/hetaerina-sanguinea\\\/#primaryimage\"},\"thumbnailUrl\":\"https:\\\/\\\/www.meslibellules.fr\\\/blog\\\/wp-content\\\/uploads\\\/Hetaerina-sanguinea-male-1.webp\",\"datePublished\":\"2024-07-30T20:01:40+00:00\",\"dateModified\":\"2025-12-28T17:19:32+00:00\",\"description\":\"Hetaerina sanguinea m\u00e2le au P\u00e9rou, description, identification, taille, habitat, distribution g\u00e9ographique, \u00e9tymologie\",\"breadcrumb\":{\"@id\":\"https:\\\/\\\/www.meslibellules.fr\\\/blog\\\/2024\\\/07\\\/30\\\/hetaerina-sanguinea\\\/#breadcrumb\"},\"inLanguage\":\"fr-FR\",\"potentialAction\":[{\"@type\":\"ReadAction\",\"target\":[\"https:\\\/\\\/www.meslibellules.fr\\\/blog\\\/2024\\\/07\\\/30\\\/hetaerina-sanguinea\\\/\"]}]},{\"@type\":\"ImageObject\",\"inLanguage\":\"fr-FR\",\"@id\":\"https:\\\/\\\/www.meslibellules.fr\\\/blog\\\/2024\\\/07\\\/30\\\/hetaerina-sanguinea\\\/#primaryimage\",\"url\":\"https:\\\/\\\/www.meslibellules.fr\\\/blog\\\/wp-content\\\/uploads\\\/Hetaerina-sanguinea-male-1.webp\",\"contentUrl\":\"https:\\\/\\\/www.meslibellules.fr\\\/blog\\\/wp-content\\\/uploads\\\/Hetaerina-sanguinea-male-1.webp\",\"width\":1303,\"height\":1204,\"caption\":\"Hetaerina sanguinea m\u00e2le, P\u00e9rou, Tahuayo Lodge, 12\\\/08\\\/2024\"},{\"@type\":\"BreadcrumbList\",\"@id\":\"https:\\\/\\\/www.meslibellules.fr\\\/blog\\\/2024\\\/07\\\/30\\\/hetaerina-sanguinea\\\/#breadcrumb\",\"itemListElement\":[{\"@type\":\"ListItem\",\"position\":1,\"name\":\"Accueil\",\"item\":\"https:\\\/\\\/www.meslibellules.fr\\\/blog\\\/\"},{\"@type\":\"ListItem\",\"position\":2,\"name\":\"P\u00e9rou &#8211; Hetaerina sanguinea (Selys, 1853)\"}]},{\"@type\":\"WebSite\",\"@id\":\"https:\\\/\\\/www.meslibellules.fr\\\/blog\\\/#website\",\"url\":\"https:\\\/\\\/www.meslibellules.fr\\\/blog\\\/\",\"name\":\"Mes Libellules\",\"description\":\"Pr\u00e9sentation des libellules rencontr\u00e9es dans le monde\",\"publisher\":{\"@id\":\"https:\\\/\\\/www.meslibellules.fr\\\/blog\\\/#\\\/schema\\\/person\\\/9aa3586f9dd053fcf329f43b8b053c77\"},\"potentialAction\":[{\"@type\":\"SearchAction\",\"target\":{\"@type\":\"EntryPoint\",\"urlTemplate\":\"https:\\\/\\\/www.meslibellules.fr\\\/blog\\\/?s={search_term_string}\"},\"query-input\":{\"@type\":\"PropertyValueSpecification\",\"valueRequired\":true,\"valueName\":\"search_term_string\"}}],\"inLanguage\":\"fr-FR\"},{\"@type\":[\"Person\",\"Organization\"],\"@id\":\"https:\\\/\\\/www.meslibellules.fr\\\/blog\\\/#\\\/schema\\\/person\\\/9aa3586f9dd053fcf329f43b8b053c77\",\"name\":\"Beno\u00eet Guillon\",\"image\":{\"@type\":\"ImageObject\",\"inLanguage\":\"fr-FR\",\"@id\":\"https:\\\/\\\/www.meslibellules.fr\\\/blog\\\/wp-content\\\/uploads\\\/cropped-avatar-150-pix.jpg\",\"url\":\"https:\\\/\\\/www.meslibellules.fr\\\/blog\\\/wp-content\\\/uploads\\\/cropped-avatar-150-pix.jpg\",\"contentUrl\":\"https:\\\/\\\/www.meslibellules.fr\\\/blog\\\/wp-content\\\/uploads\\\/cropped-avatar-150-pix.jpg\",\"width\":150,\"height\":137,\"caption\":\"Beno\u00eet Guillon\"},\"logo\":{\"@id\":\"https:\\\/\\\/www.meslibellules.fr\\\/blog\\\/wp-content\\\/uploads\\\/cropped-avatar-150-pix.jpg\"},\"sameAs\":[\"https:\\\/\\\/www.facebook.com\\\/benoit.guillon.96\\\/\"]}]}<\/script>\n<!-- \/ Yoast SEO plugin. -->","yoast_head_json":{"title":"Hetaerina sanguinea - Mes Libellules","description":"Hetaerina sanguinea m\u00e2le au P\u00e9rou, description, identification, taille, habitat, distribution g\u00e9ographique, \u00e9tymologie","robots":{"index":"index","follow":"follow","max-snippet":"max-snippet:-1","max-image-preview":"max-image-preview:large","max-video-preview":"max-video-preview:-1"},"canonical":"https:\/\/www.meslibellules.fr\/blog\/2024\/07\/30\/hetaerina-sanguinea\/","og_locale":"fr_FR","og_type":"article","og_title":"Hetaerina sanguinea - Mes Libellules","og_description":"Hetaerina sanguinea m\u00e2le au P\u00e9rou, description, identification, taille, habitat, distribution g\u00e9ographique, \u00e9tymologie","og_url":"https:\/\/www.meslibellules.fr\/blog\/2024\/07\/30\/hetaerina-sanguinea\/","og_site_name":"Mes Libellules","article_publisher":"https:\/\/www.facebook.com\/benoit.guillon.96\/","article_author":"https:\/\/www.facebook.com\/benoit.guillon.96\/","article_published_time":"2024-07-30T20:01:40+00:00","article_modified_time":"2025-12-28T17:19:32+00:00","og_image":[{"width":1303,"height":1204,"url":"https:\/\/www.meslibellules.fr\/blog\/wp-content\/uploads\/Hetaerina-sanguinea-male-1.webp","type":"image\/webp"}],"author":"Beno\u00eet Guillon","twitter_card":"summary_large_image","twitter_misc":{"\u00c9crit par":"Beno\u00eet Guillon","Dur\u00e9e de lecture estim\u00e9e":"3 minutes"},"schema":{"@context":"https:\/\/schema.org","@graph":[{"@type":"Article","@id":"https:\/\/www.meslibellules.fr\/blog\/2024\/07\/30\/hetaerina-sanguinea\/#article","isPartOf":{"@id":"https:\/\/www.meslibellules.fr\/blog\/2024\/07\/30\/hetaerina-sanguinea\/"},"author":{"name":"Beno\u00eet Guillon","@id":"https:\/\/www.meslibellules.fr\/blog\/#\/schema\/person\/9aa3586f9dd053fcf329f43b8b053c77"},"headline":"P\u00e9rou &#8211; Hetaerina sanguinea (Selys, 1853)","datePublished":"2024-07-30T20:01:40+00:00","dateModified":"2025-12-28T17:19:32+00:00","mainEntityOfPage":{"@id":"https:\/\/www.meslibellules.fr\/blog\/2024\/07\/30\/hetaerina-sanguinea\/"},"wordCount":335,"commentCount":0,"publisher":{"@id":"https:\/\/www.meslibellules.fr\/blog\/#\/schema\/person\/9aa3586f9dd053fcf329f43b8b053c77"},"image":{"@id":"https:\/\/www.meslibellules.fr\/blog\/2024\/07\/30\/hetaerina-sanguinea\/#primaryimage"},"thumbnailUrl":"https:\/\/www.meslibellules.fr\/blog\/wp-content\/uploads\/Hetaerina-sanguinea-male-1.webp","keywords":["Calopterygidae - P\u00e9rou","P\u00e9rou"],"articleSection":["Calopterygidae","P\u00e9rou"],"inLanguage":"fr-FR","potentialAction":[{"@type":"CommentAction","name":"Comment","target":["https:\/\/www.meslibellules.fr\/blog\/2024\/07\/30\/hetaerina-sanguinea\/#respond"]}]},{"@type":"WebPage","@id":"https:\/\/www.meslibellules.fr\/blog\/2024\/07\/30\/hetaerina-sanguinea\/","url":"https:\/\/www.meslibellules.fr\/blog\/2024\/07\/30\/hetaerina-sanguinea\/","name":"Hetaerina sanguinea - Mes Libellules","isPartOf":{"@id":"https:\/\/www.meslibellules.fr\/blog\/#website"},"primaryImageOfPage":{"@id":"https:\/\/www.meslibellules.fr\/blog\/2024\/07\/30\/hetaerina-sanguinea\/#primaryimage"},"image":{"@id":"https:\/\/www.meslibellules.fr\/blog\/2024\/07\/30\/hetaerina-sanguinea\/#primaryimage"},"thumbnailUrl":"https:\/\/www.meslibellules.fr\/blog\/wp-content\/uploads\/Hetaerina-sanguinea-male-1.webp","datePublished":"2024-07-30T20:01:40+00:00","dateModified":"2025-12-28T17:19:32+00:00","description":"Hetaerina sanguinea m\u00e2le au P\u00e9rou, description, identification, taille, habitat, distribution g\u00e9ographique, \u00e9tymologie","breadcrumb":{"@id":"https:\/\/www.meslibellules.fr\/blog\/2024\/07\/30\/hetaerina-sanguinea\/#breadcrumb"},"inLanguage":"fr-FR","potentialAction":[{"@type":"ReadAction","target":["https:\/\/www.meslibellules.fr\/blog\/2024\/07\/30\/hetaerina-sanguinea\/"]}]},{"@type":"ImageObject","inLanguage":"fr-FR","@id":"https:\/\/www.meslibellules.fr\/blog\/2024\/07\/30\/hetaerina-sanguinea\/#primaryimage","url":"https:\/\/www.meslibellules.fr\/blog\/wp-content\/uploads\/Hetaerina-sanguinea-male-1.webp","contentUrl":"https:\/\/www.meslibellules.fr\/blog\/wp-content\/uploads\/Hetaerina-sanguinea-male-1.webp","width":1303,"height":1204,"caption":"Hetaerina sanguinea m\u00e2le, P\u00e9rou, Tahuayo Lodge, 12\/08\/2024"},{"@type":"BreadcrumbList","@id":"https:\/\/www.meslibellules.fr\/blog\/2024\/07\/30\/hetaerina-sanguinea\/#breadcrumb","itemListElement":[{"@type":"ListItem","position":1,"name":"Accueil","item":"https:\/\/www.meslibellules.fr\/blog\/"},{"@type":"ListItem","position":2,"name":"P\u00e9rou &#8211; Hetaerina sanguinea (Selys, 1853)"}]},{"@type":"WebSite","@id":"https:\/\/www.meslibellules.fr\/blog\/#website","url":"https:\/\/www.meslibellules.fr\/blog\/","name":"Mes Libellules","description":"Pr\u00e9sentation des libellules rencontr\u00e9es dans le monde","publisher":{"@id":"https:\/\/www.meslibellules.fr\/blog\/#\/schema\/person\/9aa3586f9dd053fcf329f43b8b053c77"},"potentialAction":[{"@type":"SearchAction","target":{"@type":"EntryPoint","urlTemplate":"https:\/\/www.meslibellules.fr\/blog\/?s={search_term_string}"},"query-input":{"@type":"PropertyValueSpecification","valueRequired":true,"valueName":"search_term_string"}}],"inLanguage":"fr-FR"},{"@type":["Person","Organization"],"@id":"https:\/\/www.meslibellules.fr\/blog\/#\/schema\/person\/9aa3586f9dd053fcf329f43b8b053c77","name":"Beno\u00eet Guillon","image":{"@type":"ImageObject","inLanguage":"fr-FR","@id":"https:\/\/www.meslibellules.fr\/blog\/wp-content\/uploads\/cropped-avatar-150-pix.jpg","url":"https:\/\/www.meslibellules.fr\/blog\/wp-content\/uploads\/cropped-avatar-150-pix.jpg","contentUrl":"https:\/\/www.meslibellules.fr\/blog\/wp-content\/uploads\/cropped-avatar-150-pix.jpg","width":150,"height":137,"caption":"Beno\u00eet Guillon"},"logo":{"@id":"https:\/\/www.meslibellules.fr\/blog\/wp-content\/uploads\/cropped-avatar-150-pix.jpg"},"sameAs":["https:\/\/www.facebook.com\/benoit.guillon.96\/"]}]}},"_links":{"self":[{"href":"https:\/\/www.meslibellules.fr\/blog\/wp-json\/wp\/v2\/posts\/20523","targetHints":{"allow":["GET"]}}],"collection":[{"href":"https:\/\/www.meslibellules.fr\/blog\/wp-json\/wp\/v2\/posts"}],"about":[{"href":"https:\/\/www.meslibellules.fr\/blog\/wp-json\/wp\/v2\/types\/post"}],"author":[{"embeddable":true,"href":"https:\/\/www.meslibellules.fr\/blog\/wp-json\/wp\/v2\/users\/1"}],"replies":[{"embeddable":true,"href":"https:\/\/www.meslibellules.fr\/blog\/wp-json\/wp\/v2\/comments?post=20523"}],"version-history":[{"count":2,"href":"https:\/\/www.meslibellules.fr\/blog\/wp-json\/wp\/v2\/posts\/20523\/revisions"}],"predecessor-version":[{"id":27607,"href":"https:\/\/www.meslibellules.fr\/blog\/wp-json\/wp\/v2\/posts\/20523\/revisions\/27607"}],"wp:attachment":[{"href":"https:\/\/www.meslibellules.fr\/blog\/wp-json\/wp\/v2\/media?parent=20523"}],"wp:term":[{"taxonomy":"category","embeddable":true,"href":"https:\/\/www.meslibellules.fr\/blog\/wp-json\/wp\/v2\/categories?post=20523"},{"taxonomy":"post_tag","embeddable":true,"href":"https:\/\/www.meslibellules.fr\/blog\/wp-json\/wp\/v2\/tags?post=20523"}],"curies":[{"name":"wp","href":"https:\/\/api.w.org\/{rel}","templated":true}]}}