{"id":20541,"date":"2024-08-01T21:22:21","date_gmt":"2024-08-01T19:22:21","guid":{"rendered":"https:\/\/www.meslibellules.fr\/blog\/?p=20541"},"modified":"2024-08-01T21:22:22","modified_gmt":"2024-08-01T19:22:22","slug":"phyllocycla-medusa","status":"publish","type":"post","link":"https:\/\/www.meslibellules.fr\/blog\/2024\/08\/01\/phyllocycla-medusa\/","title":{"rendered":"P\u00e9rou &#8211; Phyllocycla medusa (Belle, 1988)"},"content":{"rendered":"\n<div style=\"height:31px\" aria-hidden=\"true\" class=\"wp-block-spacer\"><\/div>\n\n\n\n<p>Il est tr\u00e8s difficile de trouver de bonnes photos de Phyllocycla medusa (Gomphidae). La seule correcte et facilement accessible est celle de <a href=\"https:\/\/www.inaturalist.org\/observations?place_id=any&amp;subview=table&amp;taxon_id=562684\">Tim Faasen sur Inaturalist<\/a>. Celles de notre \u00e9quipe ne sont pas brillantes, toutes en vol.<br><br>C&rsquo;est un genre qui contient de nombreuses esp\u00e8ces, rarement rencontr\u00e9es, dont les femelles sont souvent inconnues. Celle-ci a \u00e9t\u00e9 d\u00e9crite par Jean Belle (1), qui insiste sur le fait que ces odonates habitant les rivi\u00e8res de for\u00eats denses sont tr\u00e8s difficiles \u00e0 rep\u00e9rer, seulement vus en vol et difficiles \u00e0 collecter. Les femelles qui ne sont observ\u00e9es que lors des pontes sont tr\u00e8s rares en collection et tr\u00e8s difficiles \u00e0 s\u00e9parer.<br>Il y a donc une forte probabilit\u00e9 pour que des nouveaux membres du genre soient d\u00e9couverts.<\/p>\n\n\n\n<figure class=\"wp-block-image aligncenter size-full is-resized\"><a href=\"https:\/\/www.meslibellules.fr\/blog\/wp-content\/uploads\/Phyllocycla-medusa-male-1.webp\"><img decoding=\"async\" width=\"1124\" height=\"889\" data-src=\"https:\/\/www.meslibellules.fr\/blog\/wp-content\/uploads\/Phyllocycla-medusa-male-1.webp\" alt=\"Phyllocycla medusa m\u00e2le, P\u00e9rou, Tamshiyacu-Tahuayo Reserve, rio Tahuayo, 15\/08\/2024\" class=\"wp-image-20540 lazyload\" style=\"--smush-placeholder-width: 1124px; --smush-placeholder-aspect-ratio: 1124\/889;width:572px;height:auto\" data-srcset=\"https:\/\/www.meslibellules.fr\/blog\/wp-content\/uploads\/Phyllocycla-medusa-male-1.webp 1124w, https:\/\/www.meslibellules.fr\/blog\/wp-content\/uploads\/Phyllocycla-medusa-male-1-768x607.webp 768w\" data-sizes=\"(max-width: 1124px) 100vw, 1124px\" src=\"data:image\/svg+xml;base64,PHN2ZyB3aWR0aD0iMSIgaGVpZ2h0PSIxIiB4bWxucz0iaHR0cDovL3d3dy53My5vcmcvMjAwMC9zdmciPjwvc3ZnPg==\" \/><\/a><figcaption class=\"wp-element-caption\">Phyllocycla medusa m\u00e2le, P\u00e9rou, Tamshiyacu-Tahuayo Reserve, rio Tahuayo, 15\/08\/2024<\/figcaption><\/figure>\n\n\n\n<p>Nous ne l&rsquo;avons aper\u00e7u qu&rsquo;une seule fois, en vol, au-dessus de la rivi\u00e8re Tahuayo, alors que nous \u00e9tions en pirogue. Le genre est identifiable avec les derniers segments abdominaux tr\u00e8s allong\u00e9s, portant une foliation sur le huiti\u00e8me. Pour l&rsquo;esp\u00e8ce&#8230; disons qu&rsquo;elle correspond parfaitement \u00e0 la photo d\u00e9j\u00e0 cit\u00e9e, pour ce que l&rsquo;on peut en voir sur la mienne. C&rsquo;\u00e9tait aussi, lors de notre prospection, la seule esp\u00e8ce du genre connue dans cette r\u00e9serve (nous en avons trouv\u00e9 une seconde).<br>Il mesure 57 mm pour une aile post\u00e9rieure de 31.5 mm.<br><br>Ce qui nous a marqu\u00e9 quand nous l&rsquo;avons observ\u00e9 en vol, c&rsquo;est la teinte brun-rouge des derniers segments. <br>Ci-dessous le Rio Tahuayo quelques minutes avant cette observation.<\/p>\n\n\n\n<figure class=\"wp-block-image aligncenter size-full is-resized\"><a href=\"https:\/\/www.meslibellules.fr\/blog\/wp-content\/uploads\/15-08-23-peu-apres-depart-vers-ARC-scaled.webp\"><img decoding=\"async\" width=\"2560\" height=\"1186\" data-src=\"https:\/\/www.meslibellules.fr\/blog\/wp-content\/uploads\/15-08-23-peu-apres-depart-vers-ARC-scaled.webp\" alt=\"Tahuayo River, P\u00e9rou, Tamshiyacu-Tahuayo Reserve, 15\/08\/2023\" class=\"wp-image-20542 lazyload\" style=\"--smush-placeholder-width: 2560px; --smush-placeholder-aspect-ratio: 2560\/1186;width:653px;height:auto\" data-srcset=\"https:\/\/www.meslibellules.fr\/blog\/wp-content\/uploads\/15-08-23-peu-apres-depart-vers-ARC-scaled.webp 2560w, https:\/\/www.meslibellules.fr\/blog\/wp-content\/uploads\/15-08-23-peu-apres-depart-vers-ARC-768x356.webp 768w, https:\/\/www.meslibellules.fr\/blog\/wp-content\/uploads\/15-08-23-peu-apres-depart-vers-ARC-1536x712.webp 1536w, https:\/\/www.meslibellules.fr\/blog\/wp-content\/uploads\/15-08-23-peu-apres-depart-vers-ARC-2048x949.webp 2048w\" data-sizes=\"(max-width: 2560px) 100vw, 2560px\" src=\"data:image\/svg+xml;base64,PHN2ZyB3aWR0aD0iMSIgaGVpZ2h0PSIxIiB4bWxucz0iaHR0cDovL3d3dy53My5vcmcvMjAwMC9zdmciPjwvc3ZnPg==\" \/><\/a><figcaption class=\"wp-element-caption\">Tahuayo River, P\u00e9rou, Tamshiyacu-Tahuayo Reserve, 15\/08\/2023<\/figcaption><\/figure>\n\n\n\n<p>Bien qu&rsquo;il soit tr\u00e8s rarement vu, sa distribution serait extr\u00eamement \u00e9tendue ; la r\u00e9serve de Tamshiyacu-Tahuayo au P\u00e9rou constitue actuellement sa limite est de r\u00e9partition qui s&rsquo;\u00e9tendrait \u00e0 travers l&rsquo;Amazonie jusqu&rsquo;\u00e0 l&rsquo;\u00e9tat de Bahia au Br\u00e9sil, \u00e0 l&rsquo;est. Entre les deux les observations sont extr\u00eamement rares.<br><a href=\"https:\/\/www.iucnredlist.org\/species\/166488683\/166693675#geographic-range\">IUCN Red List<\/a><br><br>Il est \u00e0 noter que depuis la publication du synopsis de Belle, il n&rsquo;a \u00e9t\u00e9 d\u00e9crit qu&rsquo;une seule esp\u00e8ce, par le m\u00eame Belle, portant \u00e0 31 le nombre d&rsquo;esp\u00e8ces du genre.<br>J&rsquo;ai reproduit ci-dessous ses dessins relatifs \u00e0 Phyllocycla medusa.<\/p>\n\n\n\n<div class=\"wp-block-media-text is-stacked-on-mobile\" style=\"grid-template-columns:44% auto\"><figure class=\"wp-block-media-text__media\"><a href=\"https:\/\/www.meslibellules.fr\/blog\/wp-content\/uploads\/Phyllocycla-medusa-dessins-de-Jean-Belle-1.webp\"><img decoding=\"async\" width=\"1297\" height=\"900\" data-src=\"https:\/\/www.meslibellules.fr\/blog\/wp-content\/uploads\/Phyllocycla-medusa-dessins-de-Jean-Belle-1.webp\" alt=\"Phyllocycla medusa, dessins de Jean Belle (1)\" class=\"wp-image-20543 size-full lazyload\" data-srcset=\"https:\/\/www.meslibellules.fr\/blog\/wp-content\/uploads\/Phyllocycla-medusa-dessins-de-Jean-Belle-1.webp 1297w, https:\/\/www.meslibellules.fr\/blog\/wp-content\/uploads\/Phyllocycla-medusa-dessins-de-Jean-Belle-1-768x533.webp 768w\" data-sizes=\"(max-width: 1297px) 100vw, 1297px\" src=\"data:image\/svg+xml;base64,PHN2ZyB3aWR0aD0iMSIgaGVpZ2h0PSIxIiB4bWxucz0iaHR0cDovL3d3dy53My5vcmcvMjAwMC9zdmciPjwvc3ZnPg==\" style=\"--smush-placeholder-width: 1297px; --smush-placeholder-aspect-ratio: 1297\/900;\" \/><\/a><\/figure><div class=\"wp-block-media-text__content\">\n<p><strong><span style=\"text-decoration: underline;\">\u00c9tymologie<\/span><\/strong><br \/><strong>Phyllocycla<\/strong> (2) ; du grec <em>phyllo<\/em>, pour <em>feuille<\/em> et <em>kyklos<\/em>, pour cercle ou rond, en rapport avec la forme arrondie de l&rsquo;expansion foliac\u00e9e du huiti\u00e8me segment. Mais ce nom de genre d\u00fb \u00e0 Calvert est une anagramme du genre cr\u00e9\u00e9 par S\u00e9lys (3) sous le nom de Cyclophylla et qui \u00e9tait d\u00e9j\u00e0<em> occup\u00e9<\/em>.<br \/><strong>Medusa<\/strong> ; n&rsquo;ayant pas \u00e9t\u00e9 chang\u00e9 en pierre en l&rsquo;observant, je n&rsquo;ai pas d&rsquo;explication pour le choix de ce nom mythologique, qui fait r\u00e9f\u00e9rence \u00e0 M\u00e9duse, une Gorgone \u00e0 chevelure de serpent, si ce n&rsquo;est que suivre l&rsquo;usage des descripteurs anciens qui puisaient dans l&rsquo;histoire et la mythologie.<\/p>\n<\/div><\/div>\n\n\n\n<div style=\"height:37px\" aria-hidden=\"true\" class=\"wp-block-spacer\"><\/div>\n\n\n\n<p style=\"font-size:13px\">1- Belle J., <a href=\"https:\/\/biostor.org\/reference\/49935\"><em>A synopsis of the species of Phyllocycla Calvert with descriptions of four new taxa and a key to the genera of Neotropical Gomphidae (Odonata, Gomphidae)<\/em>,<\/a> Tijdschrift Voor Entomologie, in 1988, in volume 131, pages 73-102<br>2- Heinrich Fliedner, Ian Endersby, The Scientific Names of North American Dragonflies,  Busybird Publishing, 2019<br>3- Selys, 1854, <a href=\"https:\/\/www.biodiversitylibrary.org\/page\/36937548#page\/658\/mode\/1up\">Synopsis des Gomphines<\/a>. Bulletins de l&rsquo;Acad\u00e9mie royale des sciences, des lettres et des beaux-arts de Belgique, p 76.<\/p>\n\n\n\n<div style=\"height:42px\" aria-hidden=\"true\" class=\"wp-block-spacer\"><\/div>\n\n\n\n<div class=\"wp-block-buttons is-layout-flex wp-block-buttons-is-layout-flex\">\n<div class=\"wp-block-button\"><a class=\"wp-block-button__link wp-element-button\" href=\"https:\/\/www.meslibellules.fr\/blog\/odonates-du-perou-peruvian-odonates\/\">Accueil P\u00e9rou<\/a><\/div>\n<\/div>\n","protected":false},"excerpt":{"rendered":"<p>Il est tr\u00e8s difficile de trouver de bonnes photos de Phyllocycla medusa (Gomphidae). La seule correcte et facilement accessible est celle de Tim Faasen sur Inaturalist. Celles de notre \u00e9quipe ne sont pas brillantes, toutes en vol. C&rsquo;est un genre qui contient de nombreuses esp\u00e8ces, rarement rencontr\u00e9es, dont les femelles sont souvent inconnues. Celle-ci a [&hellip;]<\/p>\n","protected":false},"author":1,"featured_media":0,"comment_status":"open","ping_status":"open","sticky":false,"template":"","format":"image","meta":{"site-sidebar-layout":"default","site-content-layout":"","ast-site-content-layout":"default","site-content-style":"default","site-sidebar-style":"default","ast-global-header-display":"","ast-banner-title-visibility":"","ast-main-header-display":"","ast-hfb-above-header-display":"","ast-hfb-below-header-display":"","ast-hfb-mobile-header-display":"","site-post-title":"","ast-breadcrumbs-content":"","ast-featured-img":"","footer-sml-layout":"","ast-disable-related-posts":"","theme-transparent-header-meta":"","adv-header-id-meta":"","stick-header-meta":"","header-above-stick-meta":"","header-main-stick-meta":"","header-below-stick-meta":"","astra-migrate-meta-layouts":"set","ast-page-background-enabled":"default","ast-page-background-meta":{"desktop":{"background-color":"var(--ast-global-color-4)","background-image":"","background-repeat":"repeat","background-position":"center center","background-size":"auto","background-attachment":"scroll","background-type":"","background-media":"","overlay-type":"","overlay-color":"","overlay-opacity":"","overlay-gradient":""},"tablet":{"background-color":"","background-image":"","background-repeat":"repeat","background-position":"center center","background-size":"auto","background-attachment":"scroll","background-type":"","background-media":"","overlay-type":"","overlay-color":"","overlay-opacity":"","overlay-gradient":""},"mobile":{"background-color":"","background-image":"","background-repeat":"repeat","background-position":"center center","background-size":"auto","background-attachment":"scroll","background-type":"","background-media":"","overlay-type":"","overlay-color":"","overlay-opacity":"","overlay-gradient":""}},"ast-content-background-meta":{"desktop":{"background-color":"var(--ast-global-color-5)","background-image":"","background-repeat":"repeat","background-position":"center center","background-size":"auto","background-attachment":"scroll","background-type":"","background-media":"","overlay-type":"","overlay-color":"","overlay-opacity":"","overlay-gradient":""},"tablet":{"background-color":"var(--ast-global-color-5)","background-image":"","background-repeat":"repeat","background-position":"center center","background-size":"auto","background-attachment":"scroll","background-type":"","background-media":"","overlay-type":"","overlay-color":"","overlay-opacity":"","overlay-gradient":""},"mobile":{"background-color":"var(--ast-global-color-5)","background-image":"","background-repeat":"repeat","background-position":"center center","background-size":"auto","background-attachment":"scroll","background-type":"","background-media":"","overlay-type":"","overlay-color":"","overlay-opacity":"","overlay-gradient":""}},"footnotes":""},"categories":[1318,1303],"tags":[1384,1305],"class_list":["post-20541","post","type-post","status-publish","format-image","hentry","category-gomphidae-perou-2","category-perou","tag-gomphidae-perou-3","tag-perou","post_format-post-format-image"],"yoast_head":"<!-- This site is optimized with the Yoast SEO plugin v27.5 - https:\/\/yoast.com\/product\/yoast-seo-wordpress\/ -->\n<title>Phyllocycla medusa - Mes Libellules<\/title>\n<meta name=\"description\" content=\"Phyllocycla medusa m\u00e2le au P\u00e9rou, description, identification, taille, habitat, distribution g\u00e9ographique, \u00e9tymologie\" \/>\n<meta name=\"robots\" content=\"index, follow, max-snippet:-1, max-image-preview:large, max-video-preview:-1\" \/>\n<link rel=\"canonical\" href=\"https:\/\/www.meslibellules.fr\/blog\/2024\/08\/01\/phyllocycla-medusa\/\" \/>\n<meta property=\"og:locale\" content=\"fr_FR\" \/>\n<meta property=\"og:type\" content=\"article\" \/>\n<meta property=\"og:title\" content=\"Phyllocycla medusa - Mes Libellules\" \/>\n<meta property=\"og:description\" content=\"Phyllocycla medusa m\u00e2le au P\u00e9rou, description, identification, taille, habitat, distribution g\u00e9ographique, \u00e9tymologie\" \/>\n<meta property=\"og:url\" content=\"https:\/\/www.meslibellules.fr\/blog\/2024\/08\/01\/phyllocycla-medusa\/\" \/>\n<meta property=\"og:site_name\" content=\"Mes Libellules\" \/>\n<meta property=\"article:publisher\" content=\"https:\/\/www.facebook.com\/benoit.guillon.96\/\" \/>\n<meta property=\"article:author\" content=\"https:\/\/www.facebook.com\/benoit.guillon.96\/\" \/>\n<meta property=\"article:published_time\" content=\"2024-08-01T19:22:21+00:00\" \/>\n<meta property=\"article:modified_time\" content=\"2024-08-01T19:22:22+00:00\" \/>\n<meta property=\"og:image\" content=\"https:\/\/www.meslibellules.fr\/blog\/wp-content\/uploads\/Phyllocycla-medusa-male-1.webp\" \/>\n<meta name=\"author\" content=\"Beno\u00eet Guillon\" \/>\n<meta name=\"twitter:card\" content=\"summary_large_image\" \/>\n<meta name=\"twitter:label1\" content=\"\u00c9crit par\" \/>\n\t<meta name=\"twitter:data1\" content=\"Beno\u00eet Guillon\" \/>\n\t<meta name=\"twitter:label2\" content=\"Dur\u00e9e de lecture estim\u00e9e\" \/>\n\t<meta name=\"twitter:data2\" content=\"4 minutes\" \/>\n<script type=\"application\/ld+json\" class=\"yoast-schema-graph\">{\"@context\":\"https:\\\/\\\/schema.org\",\"@graph\":[{\"@type\":\"Article\",\"@id\":\"https:\\\/\\\/www.meslibellules.fr\\\/blog\\\/2024\\\/08\\\/01\\\/phyllocycla-medusa\\\/#article\",\"isPartOf\":{\"@id\":\"https:\\\/\\\/www.meslibellules.fr\\\/blog\\\/2024\\\/08\\\/01\\\/phyllocycla-medusa\\\/\"},\"author\":{\"name\":\"Beno\u00eet Guillon\",\"@id\":\"https:\\\/\\\/www.meslibellules.fr\\\/blog\\\/#\\\/schema\\\/person\\\/9aa3586f9dd053fcf329f43b8b053c77\"},\"headline\":\"P\u00e9rou &#8211; Phyllocycla medusa (Belle, 1988)\",\"datePublished\":\"2024-08-01T19:22:21+00:00\",\"dateModified\":\"2024-08-01T19:22:22+00:00\",\"mainEntityOfPage\":{\"@id\":\"https:\\\/\\\/www.meslibellules.fr\\\/blog\\\/2024\\\/08\\\/01\\\/phyllocycla-medusa\\\/\"},\"wordCount\":572,\"commentCount\":0,\"publisher\":{\"@id\":\"https:\\\/\\\/www.meslibellules.fr\\\/blog\\\/#\\\/schema\\\/person\\\/9aa3586f9dd053fcf329f43b8b053c77\"},\"image\":{\"@id\":\"https:\\\/\\\/www.meslibellules.fr\\\/blog\\\/2024\\\/08\\\/01\\\/phyllocycla-medusa\\\/#primaryimage\"},\"thumbnailUrl\":\"https:\\\/\\\/www.meslibellules.fr\\\/blog\\\/wp-content\\\/uploads\\\/Phyllocycla-medusa-male-1.webp\",\"keywords\":[\"Gomphidae - P\u00e9rou\",\"P\u00e9rou\"],\"articleSection\":[\"Gomphidae\",\"P\u00e9rou\"],\"inLanguage\":\"fr-FR\",\"potentialAction\":[{\"@type\":\"CommentAction\",\"name\":\"Comment\",\"target\":[\"https:\\\/\\\/www.meslibellules.fr\\\/blog\\\/2024\\\/08\\\/01\\\/phyllocycla-medusa\\\/#respond\"]}]},{\"@type\":\"WebPage\",\"@id\":\"https:\\\/\\\/www.meslibellules.fr\\\/blog\\\/2024\\\/08\\\/01\\\/phyllocycla-medusa\\\/\",\"url\":\"https:\\\/\\\/www.meslibellules.fr\\\/blog\\\/2024\\\/08\\\/01\\\/phyllocycla-medusa\\\/\",\"name\":\"Phyllocycla medusa - Mes Libellules\",\"isPartOf\":{\"@id\":\"https:\\\/\\\/www.meslibellules.fr\\\/blog\\\/#website\"},\"primaryImageOfPage\":{\"@id\":\"https:\\\/\\\/www.meslibellules.fr\\\/blog\\\/2024\\\/08\\\/01\\\/phyllocycla-medusa\\\/#primaryimage\"},\"image\":{\"@id\":\"https:\\\/\\\/www.meslibellules.fr\\\/blog\\\/2024\\\/08\\\/01\\\/phyllocycla-medusa\\\/#primaryimage\"},\"thumbnailUrl\":\"https:\\\/\\\/www.meslibellules.fr\\\/blog\\\/wp-content\\\/uploads\\\/Phyllocycla-medusa-male-1.webp\",\"datePublished\":\"2024-08-01T19:22:21+00:00\",\"dateModified\":\"2024-08-01T19:22:22+00:00\",\"description\":\"Phyllocycla medusa m\u00e2le au P\u00e9rou, description, identification, taille, habitat, distribution g\u00e9ographique, \u00e9tymologie\",\"breadcrumb\":{\"@id\":\"https:\\\/\\\/www.meslibellules.fr\\\/blog\\\/2024\\\/08\\\/01\\\/phyllocycla-medusa\\\/#breadcrumb\"},\"inLanguage\":\"fr-FR\",\"potentialAction\":[{\"@type\":\"ReadAction\",\"target\":[\"https:\\\/\\\/www.meslibellules.fr\\\/blog\\\/2024\\\/08\\\/01\\\/phyllocycla-medusa\\\/\"]}]},{\"@type\":\"ImageObject\",\"inLanguage\":\"fr-FR\",\"@id\":\"https:\\\/\\\/www.meslibellules.fr\\\/blog\\\/2024\\\/08\\\/01\\\/phyllocycla-medusa\\\/#primaryimage\",\"url\":\"https:\\\/\\\/www.meslibellules.fr\\\/blog\\\/wp-content\\\/uploads\\\/Phyllocycla-medusa-male-1.webp\",\"contentUrl\":\"https:\\\/\\\/www.meslibellules.fr\\\/blog\\\/wp-content\\\/uploads\\\/Phyllocycla-medusa-male-1.webp\"},{\"@type\":\"BreadcrumbList\",\"@id\":\"https:\\\/\\\/www.meslibellules.fr\\\/blog\\\/2024\\\/08\\\/01\\\/phyllocycla-medusa\\\/#breadcrumb\",\"itemListElement\":[{\"@type\":\"ListItem\",\"position\":1,\"name\":\"Accueil\",\"item\":\"https:\\\/\\\/www.meslibellules.fr\\\/blog\\\/\"},{\"@type\":\"ListItem\",\"position\":2,\"name\":\"P\u00e9rou &#8211; Phyllocycla medusa (Belle, 1988)\"}]},{\"@type\":\"WebSite\",\"@id\":\"https:\\\/\\\/www.meslibellules.fr\\\/blog\\\/#website\",\"url\":\"https:\\\/\\\/www.meslibellules.fr\\\/blog\\\/\",\"name\":\"Mes Libellules\",\"description\":\"Pr\u00e9sentation des libellules rencontr\u00e9es dans le monde\",\"publisher\":{\"@id\":\"https:\\\/\\\/www.meslibellules.fr\\\/blog\\\/#\\\/schema\\\/person\\\/9aa3586f9dd053fcf329f43b8b053c77\"},\"potentialAction\":[{\"@type\":\"SearchAction\",\"target\":{\"@type\":\"EntryPoint\",\"urlTemplate\":\"https:\\\/\\\/www.meslibellules.fr\\\/blog\\\/?s={search_term_string}\"},\"query-input\":{\"@type\":\"PropertyValueSpecification\",\"valueRequired\":true,\"valueName\":\"search_term_string\"}}],\"inLanguage\":\"fr-FR\"},{\"@type\":[\"Person\",\"Organization\"],\"@id\":\"https:\\\/\\\/www.meslibellules.fr\\\/blog\\\/#\\\/schema\\\/person\\\/9aa3586f9dd053fcf329f43b8b053c77\",\"name\":\"Beno\u00eet Guillon\",\"image\":{\"@type\":\"ImageObject\",\"inLanguage\":\"fr-FR\",\"@id\":\"https:\\\/\\\/www.meslibellules.fr\\\/blog\\\/wp-content\\\/uploads\\\/cropped-avatar-150-pix.jpg\",\"url\":\"https:\\\/\\\/www.meslibellules.fr\\\/blog\\\/wp-content\\\/uploads\\\/cropped-avatar-150-pix.jpg\",\"contentUrl\":\"https:\\\/\\\/www.meslibellules.fr\\\/blog\\\/wp-content\\\/uploads\\\/cropped-avatar-150-pix.jpg\",\"width\":150,\"height\":137,\"caption\":\"Beno\u00eet Guillon\"},\"logo\":{\"@id\":\"https:\\\/\\\/www.meslibellules.fr\\\/blog\\\/wp-content\\\/uploads\\\/cropped-avatar-150-pix.jpg\"},\"sameAs\":[\"https:\\\/\\\/www.facebook.com\\\/benoit.guillon.96\\\/\"]}]}<\/script>\n<!-- \/ Yoast SEO plugin. -->","yoast_head_json":{"title":"Phyllocycla medusa - Mes Libellules","description":"Phyllocycla medusa m\u00e2le au P\u00e9rou, description, identification, taille, habitat, distribution g\u00e9ographique, \u00e9tymologie","robots":{"index":"index","follow":"follow","max-snippet":"max-snippet:-1","max-image-preview":"max-image-preview:large","max-video-preview":"max-video-preview:-1"},"canonical":"https:\/\/www.meslibellules.fr\/blog\/2024\/08\/01\/phyllocycla-medusa\/","og_locale":"fr_FR","og_type":"article","og_title":"Phyllocycla medusa - Mes Libellules","og_description":"Phyllocycla medusa m\u00e2le au P\u00e9rou, description, identification, taille, habitat, distribution g\u00e9ographique, \u00e9tymologie","og_url":"https:\/\/www.meslibellules.fr\/blog\/2024\/08\/01\/phyllocycla-medusa\/","og_site_name":"Mes Libellules","article_publisher":"https:\/\/www.facebook.com\/benoit.guillon.96\/","article_author":"https:\/\/www.facebook.com\/benoit.guillon.96\/","article_published_time":"2024-08-01T19:22:21+00:00","article_modified_time":"2024-08-01T19:22:22+00:00","og_image":[{"url":"https:\/\/www.meslibellules.fr\/blog\/wp-content\/uploads\/Phyllocycla-medusa-male-1.webp","type":"","width":"","height":""}],"author":"Beno\u00eet Guillon","twitter_card":"summary_large_image","twitter_misc":{"\u00c9crit par":"Beno\u00eet Guillon","Dur\u00e9e de lecture estim\u00e9e":"4 minutes"},"schema":{"@context":"https:\/\/schema.org","@graph":[{"@type":"Article","@id":"https:\/\/www.meslibellules.fr\/blog\/2024\/08\/01\/phyllocycla-medusa\/#article","isPartOf":{"@id":"https:\/\/www.meslibellules.fr\/blog\/2024\/08\/01\/phyllocycla-medusa\/"},"author":{"name":"Beno\u00eet Guillon","@id":"https:\/\/www.meslibellules.fr\/blog\/#\/schema\/person\/9aa3586f9dd053fcf329f43b8b053c77"},"headline":"P\u00e9rou &#8211; Phyllocycla medusa (Belle, 1988)","datePublished":"2024-08-01T19:22:21+00:00","dateModified":"2024-08-01T19:22:22+00:00","mainEntityOfPage":{"@id":"https:\/\/www.meslibellules.fr\/blog\/2024\/08\/01\/phyllocycla-medusa\/"},"wordCount":572,"commentCount":0,"publisher":{"@id":"https:\/\/www.meslibellules.fr\/blog\/#\/schema\/person\/9aa3586f9dd053fcf329f43b8b053c77"},"image":{"@id":"https:\/\/www.meslibellules.fr\/blog\/2024\/08\/01\/phyllocycla-medusa\/#primaryimage"},"thumbnailUrl":"https:\/\/www.meslibellules.fr\/blog\/wp-content\/uploads\/Phyllocycla-medusa-male-1.webp","keywords":["Gomphidae - P\u00e9rou","P\u00e9rou"],"articleSection":["Gomphidae","P\u00e9rou"],"inLanguage":"fr-FR","potentialAction":[{"@type":"CommentAction","name":"Comment","target":["https:\/\/www.meslibellules.fr\/blog\/2024\/08\/01\/phyllocycla-medusa\/#respond"]}]},{"@type":"WebPage","@id":"https:\/\/www.meslibellules.fr\/blog\/2024\/08\/01\/phyllocycla-medusa\/","url":"https:\/\/www.meslibellules.fr\/blog\/2024\/08\/01\/phyllocycla-medusa\/","name":"Phyllocycla medusa - Mes Libellules","isPartOf":{"@id":"https:\/\/www.meslibellules.fr\/blog\/#website"},"primaryImageOfPage":{"@id":"https:\/\/www.meslibellules.fr\/blog\/2024\/08\/01\/phyllocycla-medusa\/#primaryimage"},"image":{"@id":"https:\/\/www.meslibellules.fr\/blog\/2024\/08\/01\/phyllocycla-medusa\/#primaryimage"},"thumbnailUrl":"https:\/\/www.meslibellules.fr\/blog\/wp-content\/uploads\/Phyllocycla-medusa-male-1.webp","datePublished":"2024-08-01T19:22:21+00:00","dateModified":"2024-08-01T19:22:22+00:00","description":"Phyllocycla medusa m\u00e2le au P\u00e9rou, description, identification, taille, habitat, distribution g\u00e9ographique, \u00e9tymologie","breadcrumb":{"@id":"https:\/\/www.meslibellules.fr\/blog\/2024\/08\/01\/phyllocycla-medusa\/#breadcrumb"},"inLanguage":"fr-FR","potentialAction":[{"@type":"ReadAction","target":["https:\/\/www.meslibellules.fr\/blog\/2024\/08\/01\/phyllocycla-medusa\/"]}]},{"@type":"ImageObject","inLanguage":"fr-FR","@id":"https:\/\/www.meslibellules.fr\/blog\/2024\/08\/01\/phyllocycla-medusa\/#primaryimage","url":"https:\/\/www.meslibellules.fr\/blog\/wp-content\/uploads\/Phyllocycla-medusa-male-1.webp","contentUrl":"https:\/\/www.meslibellules.fr\/blog\/wp-content\/uploads\/Phyllocycla-medusa-male-1.webp"},{"@type":"BreadcrumbList","@id":"https:\/\/www.meslibellules.fr\/blog\/2024\/08\/01\/phyllocycla-medusa\/#breadcrumb","itemListElement":[{"@type":"ListItem","position":1,"name":"Accueil","item":"https:\/\/www.meslibellules.fr\/blog\/"},{"@type":"ListItem","position":2,"name":"P\u00e9rou &#8211; Phyllocycla medusa (Belle, 1988)"}]},{"@type":"WebSite","@id":"https:\/\/www.meslibellules.fr\/blog\/#website","url":"https:\/\/www.meslibellules.fr\/blog\/","name":"Mes Libellules","description":"Pr\u00e9sentation des libellules rencontr\u00e9es dans le monde","publisher":{"@id":"https:\/\/www.meslibellules.fr\/blog\/#\/schema\/person\/9aa3586f9dd053fcf329f43b8b053c77"},"potentialAction":[{"@type":"SearchAction","target":{"@type":"EntryPoint","urlTemplate":"https:\/\/www.meslibellules.fr\/blog\/?s={search_term_string}"},"query-input":{"@type":"PropertyValueSpecification","valueRequired":true,"valueName":"search_term_string"}}],"inLanguage":"fr-FR"},{"@type":["Person","Organization"],"@id":"https:\/\/www.meslibellules.fr\/blog\/#\/schema\/person\/9aa3586f9dd053fcf329f43b8b053c77","name":"Beno\u00eet Guillon","image":{"@type":"ImageObject","inLanguage":"fr-FR","@id":"https:\/\/www.meslibellules.fr\/blog\/wp-content\/uploads\/cropped-avatar-150-pix.jpg","url":"https:\/\/www.meslibellules.fr\/blog\/wp-content\/uploads\/cropped-avatar-150-pix.jpg","contentUrl":"https:\/\/www.meslibellules.fr\/blog\/wp-content\/uploads\/cropped-avatar-150-pix.jpg","width":150,"height":137,"caption":"Beno\u00eet Guillon"},"logo":{"@id":"https:\/\/www.meslibellules.fr\/blog\/wp-content\/uploads\/cropped-avatar-150-pix.jpg"},"sameAs":["https:\/\/www.facebook.com\/benoit.guillon.96\/"]}]}},"_links":{"self":[{"href":"https:\/\/www.meslibellules.fr\/blog\/wp-json\/wp\/v2\/posts\/20541","targetHints":{"allow":["GET"]}}],"collection":[{"href":"https:\/\/www.meslibellules.fr\/blog\/wp-json\/wp\/v2\/posts"}],"about":[{"href":"https:\/\/www.meslibellules.fr\/blog\/wp-json\/wp\/v2\/types\/post"}],"author":[{"embeddable":true,"href":"https:\/\/www.meslibellules.fr\/blog\/wp-json\/wp\/v2\/users\/1"}],"replies":[{"embeddable":true,"href":"https:\/\/www.meslibellules.fr\/blog\/wp-json\/wp\/v2\/comments?post=20541"}],"version-history":[{"count":0,"href":"https:\/\/www.meslibellules.fr\/blog\/wp-json\/wp\/v2\/posts\/20541\/revisions"}],"wp:attachment":[{"href":"https:\/\/www.meslibellules.fr\/blog\/wp-json\/wp\/v2\/media?parent=20541"}],"wp:term":[{"taxonomy":"category","embeddable":true,"href":"https:\/\/www.meslibellules.fr\/blog\/wp-json\/wp\/v2\/categories?post=20541"},{"taxonomy":"post_tag","embeddable":true,"href":"https:\/\/www.meslibellules.fr\/blog\/wp-json\/wp\/v2\/tags?post=20541"}],"curies":[{"name":"wp","href":"https:\/\/api.w.org\/{rel}","templated":true}]}}