{"id":20557,"date":"2024-08-02T05:38:30","date_gmt":"2024-08-02T03:38:30","guid":{"rendered":"https:\/\/www.meslibellules.fr\/blog\/?p=20557"},"modified":"2025-03-17T21:42:54","modified_gmt":"2025-03-17T20:42:54","slug":"phyllocycla-sp","status":"publish","type":"post","link":"https:\/\/www.meslibellules.fr\/blog\/2024\/08\/02\/phyllocycla-sp\/","title":{"rendered":"P\u00e9rou &#8211; Phyllocycla sp. (Calvert, 1948)"},"content":{"rendered":"\n<figure class=\"wp-block-image aligncenter size-full is-resized\"><a href=\"https:\/\/www.meslibellules.fr\/blog\/wp-content\/uploads\/Phyllocycla-sp.-male-1.webp\"><img decoding=\"async\" width=\"2186\" height=\"1204\" data-src=\"https:\/\/www.meslibellules.fr\/blog\/wp-content\/uploads\/Phyllocycla-sp.-male-1.webp\" alt=\"Phyllocycla sp. m\u00e2le, P\u00e9rou, Tamshiyacu-Tahuayo Reserve, 18\/08\/2023\" class=\"wp-image-20549 lazyload\" style=\"--smush-placeholder-width: 2186px; --smush-placeholder-aspect-ratio: 2186\/1204;width:720px;height:auto\" data-srcset=\"https:\/\/www.meslibellules.fr\/blog\/wp-content\/uploads\/Phyllocycla-sp.-male-1.webp 2186w, https:\/\/www.meslibellules.fr\/blog\/wp-content\/uploads\/Phyllocycla-sp.-male-1-768x423.webp 768w, https:\/\/www.meslibellules.fr\/blog\/wp-content\/uploads\/Phyllocycla-sp.-male-1-1536x846.webp 1536w, https:\/\/www.meslibellules.fr\/blog\/wp-content\/uploads\/Phyllocycla-sp.-male-1-2048x1128.webp 2048w\" data-sizes=\"(max-width: 2186px) 100vw, 2186px\" src=\"data:image\/svg+xml;base64,PHN2ZyB3aWR0aD0iMSIgaGVpZ2h0PSIxIiB4bWxucz0iaHR0cDovL3d3dy53My5vcmcvMjAwMC9zdmciPjwvc3ZnPg==\" \/><\/a><figcaption class=\"wp-element-caption\">Phyllocycla sp. m\u00e2le, P\u00e9rou, Tamshiyacu-Tahuayo Reserve, 18\/08\/2023<\/figcaption><\/figure>\n\n\n\n<p><em>[\u00e9dit\u00e9 le 17\/03\/2025 : il s&rsquo;agit plut\u00f4t de Phyllogompho\u00efdes selysi, la page devra \u00eatre revue. Ces photos sont les premi\u00e8res pour cette esp\u00e8ce sur iNaturalist et, sans doute, les premi\u00e8res publi\u00e9es sur le Web.]<\/em><br><br>Ce Phyllocycla sp. (Gomphidae) est un myst\u00e8re : \u00e0 chaque fois que nous avons pris la pirogue, nous l&rsquo;avons aper\u00e7u, en vol, ou pos\u00e9 sur les branches qui \u00e9mergeaient, en ce temps de tr\u00e8s basses eaux. J&rsquo;ai bien s\u00fbr fait quelques photos en vol, mais nous avons surtout essay\u00e9 de nous en approcher, ce qui n&rsquo;est pas facile ; il est craintif et une pirogue, m\u00eame moteur coup\u00e9 avec 6 ou 7 individus \u00e0 bord, n&rsquo;est pas tellement discr\u00e8te. De plus, il faut sans cesse compenser la d\u00e9rive et le balancement provoqu\u00e9 par 6 prospecteurs avides de nouveaut\u00e9s.<\/p>\n\n\n\n<figure class=\"wp-block-gallery has-nested-images columns-default is-cropped wp-block-gallery-1 is-layout-flex wp-block-gallery-is-layout-flex\">\n<figure class=\"wp-block-image size-large\"><a href=\"https:\/\/www.meslibellules.fr\/blog\/wp-content\/uploads\/Phyllocycla-sp.-male-2.webp\"><img decoding=\"async\" width=\"2144\" height=\"1204\" data-id=\"20550\" data-src=\"https:\/\/www.meslibellules.fr\/blog\/wp-content\/uploads\/Phyllocycla-sp.-male-2.webp\" alt=\"Phyllocycla sp. m\u00e2le, P\u00e9rou, Tamshiyacu-Tahuayo Reserve, 21\/08\/2023\" class=\"wp-image-20550 lazyload\" data-srcset=\"https:\/\/www.meslibellules.fr\/blog\/wp-content\/uploads\/Phyllocycla-sp.-male-2.webp 2144w, https:\/\/www.meslibellules.fr\/blog\/wp-content\/uploads\/Phyllocycla-sp.-male-2-768x431.webp 768w, https:\/\/www.meslibellules.fr\/blog\/wp-content\/uploads\/Phyllocycla-sp.-male-2-1536x863.webp 1536w, https:\/\/www.meslibellules.fr\/blog\/wp-content\/uploads\/Phyllocycla-sp.-male-2-2048x1150.webp 2048w\" data-sizes=\"(max-width: 2144px) 100vw, 2144px\" src=\"data:image\/svg+xml;base64,PHN2ZyB3aWR0aD0iMSIgaGVpZ2h0PSIxIiB4bWxucz0iaHR0cDovL3d3dy53My5vcmcvMjAwMC9zdmciPjwvc3ZnPg==\" style=\"--smush-placeholder-width: 2144px; --smush-placeholder-aspect-ratio: 2144\/1204;\" \/><\/a><\/figure>\n\n\n\n<figure class=\"wp-block-image size-large\"><a href=\"https:\/\/www.meslibellules.fr\/blog\/wp-content\/uploads\/Phyllocycla-sp.-male-5.webp\"><img decoding=\"async\" width=\"2207\" height=\"1204\" data-id=\"20553\" data-src=\"https:\/\/www.meslibellules.fr\/blog\/wp-content\/uploads\/Phyllocycla-sp.-male-5.webp\" alt=\"Phyllocycla sp. m\u00e2le, P\u00e9rou, Tamshiyacu-Tahuayo Reserve, 18\/08\/2023\" class=\"wp-image-20553 lazyload\" data-srcset=\"https:\/\/www.meslibellules.fr\/blog\/wp-content\/uploads\/Phyllocycla-sp.-male-5.webp 2207w, https:\/\/www.meslibellules.fr\/blog\/wp-content\/uploads\/Phyllocycla-sp.-male-5-768x419.webp 768w, https:\/\/www.meslibellules.fr\/blog\/wp-content\/uploads\/Phyllocycla-sp.-male-5-1536x838.webp 1536w, https:\/\/www.meslibellules.fr\/blog\/wp-content\/uploads\/Phyllocycla-sp.-male-5-2048x1117.webp 2048w\" data-sizes=\"(max-width: 2207px) 100vw, 2207px\" src=\"data:image\/svg+xml;base64,PHN2ZyB3aWR0aD0iMSIgaGVpZ2h0PSIxIiB4bWxucz0iaHR0cDovL3d3dy53My5vcmcvMjAwMC9zdmciPjwvc3ZnPg==\" style=\"--smush-placeholder-width: 2207px; --smush-placeholder-aspect-ratio: 2207\/1204;\" \/><\/a><\/figure>\n<figcaption class=\"blocks-gallery-caption wp-element-caption\">Phyllocycla sp. m\u00e2le, P\u00e9rou, Tamshiyacu-Tahuayo Reserve, 21\/08\/2023<\/figcaption><\/figure>\n\n\n\n<p>Les photos ne sont pas parfaites, mais avec huit rencontres diff\u00e9rentes, j&rsquo;ai finalement r\u00e9ussi \u00e0 le voir sous tous les angles, ce qui devrait permettre son identification. Je n&rsquo;ai malheureusement pas de vue sup\u00e9rieure des appendices anaux, mais une vue lat\u00e9rale est correcte et les motifs thoraciques complexes sont bien visibles.<br>Noter l&rsquo;expansion ventrale du huiti\u00e8me segment, \u00e0 peine marqu\u00e9e sur le neuvi\u00e8me qui porte un ergot sur sa face dorsale. Les appendices anaux sup\u00e9rieurs, <a href=\"https:\/\/meslibellules.fr\/pagesweb\/divers\/glossaire.php\">cerques<\/a>, deux fois plus longs que les inf\u00e9rieurs, sont recourb\u00e9s vers le haut \u00e0 leur extr\u00e9mit\u00e9 et portent, en dessous, en leur milieu, une \u00e9pine dirig\u00e9e vers l&rsquo;arri\u00e8re.<br>Noter \u00e9galement la touffe de soies qui s&rsquo;\u00e9chappe de l&rsquo;espace interoculaire.<\/p>\n\n\n\n<div class=\"wp-block-group is-content-justification-center is-nowrap is-layout-flex wp-container-core-group-is-layout-bfbbbc10 wp-block-group-is-layout-flex\">\n<figure class=\"wp-block-image size-full is-resized\"><a href=\"https:\/\/www.meslibellules.fr\/blog\/wp-content\/uploads\/Phyllocycla-sp.-male-3.webp\"><img decoding=\"async\" width=\"1052\" height=\"597\" data-src=\"https:\/\/www.meslibellules.fr\/blog\/wp-content\/uploads\/Phyllocycla-sp.-male-3.webp\" alt=\"Phyllocycla sp. m\u00e2le, P\u00e9rou, Tamshiyacu-Tahuayo Reserve, 21\/08\/2023\" class=\"wp-image-20551 lazyload\" style=\"--smush-placeholder-width: 1052px; --smush-placeholder-aspect-ratio: 1052\/597;width:446px;height:auto\" data-srcset=\"https:\/\/www.meslibellules.fr\/blog\/wp-content\/uploads\/Phyllocycla-sp.-male-3.webp 1052w, https:\/\/www.meslibellules.fr\/blog\/wp-content\/uploads\/Phyllocycla-sp.-male-3-768x436.webp 768w\" data-sizes=\"(max-width: 1052px) 100vw, 1052px\" src=\"data:image\/svg+xml;base64,PHN2ZyB3aWR0aD0iMSIgaGVpZ2h0PSIxIiB4bWxucz0iaHR0cDovL3d3dy53My5vcmcvMjAwMC9zdmciPjwvc3ZnPg==\" \/><\/a><\/figure>\n\n\n\n<figure class=\"wp-block-image size-full is-resized\"><a href=\"https:\/\/www.meslibellules.fr\/blog\/wp-content\/uploads\/Phyllocycla-sp.-male-4.webp\"><img decoding=\"async\" width=\"1404\" height=\"1204\" data-src=\"https:\/\/www.meslibellules.fr\/blog\/wp-content\/uploads\/Phyllocycla-sp.-male-4.webp\" alt=\"Phyllocycla sp. m\u00e2le, P\u00e9rou, Tamshiyacu-Tahuayo Reserve, 21\/08\/2023\" class=\"wp-image-20552 lazyload\" style=\"--smush-placeholder-width: 1404px; --smush-placeholder-aspect-ratio: 1404\/1204;width:282px;height:auto\" data-srcset=\"https:\/\/www.meslibellules.fr\/blog\/wp-content\/uploads\/Phyllocycla-sp.-male-4.webp 1404w, https:\/\/www.meslibellules.fr\/blog\/wp-content\/uploads\/Phyllocycla-sp.-male-4-768x659.webp 768w\" data-sizes=\"(max-width: 1404px) 100vw, 1404px\" src=\"data:image\/svg+xml;base64,PHN2ZyB3aWR0aD0iMSIgaGVpZ2h0PSIxIiB4bWxucz0iaHR0cDovL3d3dy53My5vcmcvMjAwMC9zdmciPjwvc3ZnPg==\" \/><\/a><\/figure>\n<\/div>\n\n\n\n<p>Le plus surprenant, c&rsquo;est que ce Phyllocycla n&rsquo;a jamais \u00e9t\u00e9 vu par aucun prospecteur dans cette r\u00e9gion, alors qu&rsquo;il nous apparaissait tr\u00e8s pr\u00e9sent, tr\u00e8s visible sur ces supports \u00e9mergents de la rivi\u00e8re, pendant les 15 jours de notre prospection.<br>J&rsquo;ai eu beau chercher dans la litt\u00e9rature, il est tr\u00e8s difficile de trouver des dessins ou photos des appendices anaux des 31 Phyllocycla connus actuellement, je n&rsquo;y suis pas parvenu. De plus, il est fort possible que cette esp\u00e8ce ne soit pas connue et encore non d\u00e9crite.<br>C&rsquo;est un genre tr\u00e8s difficile, car les esp\u00e8ces (sauf au moins <a href=\"https:\/\/www.meslibellules.fr\/voyages\/bresil\/phyllocycla-gladiata\/phyllocycla-gladiatal.php\">P. gladiata<\/a>, beaucoup plus commun) sont rarement aper\u00e7ues ; elles vivent sur les rivi\u00e8res des for\u00eats denses, sont difficiles \u00e0 capturer et les femelles, que l&rsquo;on aper\u00e7oit seulement lors de la ponte, restent souvent inconnues.<\/p>\n\n\n\n<figure class=\"wp-block-image aligncenter size-full is-resized\"><a href=\"https:\/\/www.meslibellules.fr\/blog\/wp-content\/uploads\/Phyllocycla-sp.-male-6-e1730829555593.webp\"><img decoding=\"async\" width=\"1830\" height=\"1204\" data-src=\"https:\/\/www.meslibellules.fr\/blog\/wp-content\/uploads\/Phyllocycla-sp.-male-6-e1730829555593.webp\" alt=\"Phyllocycla sp. m\u00e2le, P\u00e9rou, Tamshiyacu-Tahuayo Reserve, 18\/08\/2023\" class=\"wp-image-20554 lazyload\" style=\"--smush-placeholder-width: 1830px; --smush-placeholder-aspect-ratio: 1830\/1204;width:625px;height:auto\" data-srcset=\"https:\/\/www.meslibellules.fr\/blog\/wp-content\/uploads\/Phyllocycla-sp.-male-6-e1730829555593.webp 1830w, https:\/\/www.meslibellules.fr\/blog\/wp-content\/uploads\/Phyllocycla-sp.-male-6-e1730829555593-768x505.webp 768w, https:\/\/www.meslibellules.fr\/blog\/wp-content\/uploads\/Phyllocycla-sp.-male-6-e1730829555593-1536x1011.webp 1536w\" data-sizes=\"(max-width: 1830px) 100vw, 1830px\" src=\"data:image\/svg+xml;base64,PHN2ZyB3aWR0aD0iMSIgaGVpZ2h0PSIxIiB4bWxucz0iaHR0cDovL3d3dy53My5vcmcvMjAwMC9zdmciPjwvc3ZnPg==\" \/><\/a><figcaption class=\"wp-element-caption\">Phyllocycla sp. m\u00e2le, P\u00e9rou, Tamshiyacu-Tahuayo Reserve, 18\/08\/2023<\/figcaption><\/figure>\n\n\n\n<p>C&rsquo;est un odonate spectaculaire et imposant et je pense qu&rsquo;il doit fr\u00f4ler les 60 mm.<\/p>\n\n\n\n<div class=\"wp-block-media-text is-stacked-on-mobile\" style=\"grid-template-columns:52% auto\"><figure class=\"wp-block-media-text__media\"><a href=\"https:\/\/www.meslibellules.fr\/blog\/wp-content\/uploads\/Phyllocycla-sp.-male-7.webp\"><img decoding=\"async\" width=\"1558\" height=\"1204\" data-src=\"https:\/\/www.meslibellules.fr\/blog\/wp-content\/uploads\/Phyllocycla-sp.-male-7.webp\" alt=\"Phyllocycla sp. m\u00e2le, P\u00e9rou, Tamshiyacu-Tahuayo Reserve, 15\/08\/2023\" class=\"wp-image-20555 size-full lazyload\" data-srcset=\"https:\/\/www.meslibellules.fr\/blog\/wp-content\/uploads\/Phyllocycla-sp.-male-7.webp 1558w, https:\/\/www.meslibellules.fr\/blog\/wp-content\/uploads\/Phyllocycla-sp.-male-7-768x593.webp 768w, https:\/\/www.meslibellules.fr\/blog\/wp-content\/uploads\/Phyllocycla-sp.-male-7-1536x1187.webp 1536w\" data-sizes=\"(max-width: 1558px) 100vw, 1558px\" src=\"data:image\/svg+xml;base64,PHN2ZyB3aWR0aD0iMSIgaGVpZ2h0PSIxIiB4bWxucz0iaHR0cDovL3d3dy53My5vcmcvMjAwMC9zdmciPjwvc3ZnPg==\" style=\"--smush-placeholder-width: 1558px; --smush-placeholder-aspect-ratio: 1558\/1204;\" \/><\/a><\/figure><div class=\"wp-block-media-text__content\">\n<p><strong>Phyllocycla<\/strong> (1) ; du grec <em>phyllo<\/em>, pour <em>feuille<\/em> et <em>kyklos<\/em>, pour cercle ou rond, en rapport avec la forme arrondie de l&rsquo;expansion foliac\u00e9e du huiti\u00e8me segment.<br>Mais ce nom de genre d\u00fb \u00e0 Calvert (1948) (2) est une anagramme du genre cr\u00e9\u00e9 par S\u00e9lys (3) sous le nom de Cyclophylla et qui \u00e9tait d\u00e9j\u00e0<em> occup\u00e9<\/em> par un genre de m\u00e9duse (ce genre n&rsquo;existe plus et a \u00e9t\u00e9 remplac\u00e9 par Periphylla !).<\/p>\n<\/div><\/div>\n\n\n\n<div style=\"height:36px\" aria-hidden=\"true\" class=\"wp-block-spacer\"><\/div>\n\n\n\n<p style=\"font-size:13px\">1- Heinrich Fliedner, Ian Endersby, The Scientific Names of North American Dragonflies, Busybird Publishing, 2019<br>2- Calvert P. P. (1948), <a href=\"https:\/\/www.biodiversitylibrary.org\/page\/50971225#page\/94\/mode\/1up\">Odonata (dragonflies) of Kartabo, Bartica District, British Guiana<\/a>, Scientific contributions of the New York Zoological Society, volume: 33, p. 47-87.<br>3- Selys, 1854, <a href=\"https:\/\/www.biodiversitylibrary.org\/page\/36937548#page\/658\/mode\/1up\">Synopsis des Gomphines<\/a>. Bulletins de l&rsquo;Acad\u00e9mie royale des sciences, des lettres et des beaux-arts de Belgique, p 76.<\/p>\n\n\n\n<figure class=\"wp-block-image aligncenter size-full is-resized\"><a href=\"https:\/\/www.meslibellules.fr\/blog\/wp-content\/uploads\/Phyllocycla-sp.-male-en-vol-8.webp\"><img decoding=\"async\" width=\"1882\" height=\"1204\" data-src=\"https:\/\/www.meslibellules.fr\/blog\/wp-content\/uploads\/Phyllocycla-sp.-male-en-vol-8.webp\" alt=\"\" class=\"wp-image-20556 lazyload\" style=\"--smush-placeholder-width: 1882px; --smush-placeholder-aspect-ratio: 1882\/1204;width:545px;height:auto\" data-srcset=\"https:\/\/www.meslibellules.fr\/blog\/wp-content\/uploads\/Phyllocycla-sp.-male-en-vol-8.webp 1882w, https:\/\/www.meslibellules.fr\/blog\/wp-content\/uploads\/Phyllocycla-sp.-male-en-vol-8-768x491.webp 768w, https:\/\/www.meslibellules.fr\/blog\/wp-content\/uploads\/Phyllocycla-sp.-male-en-vol-8-1536x983.webp 1536w\" data-sizes=\"(max-width: 1882px) 100vw, 1882px\" src=\"data:image\/svg+xml;base64,PHN2ZyB3aWR0aD0iMSIgaGVpZ2h0PSIxIiB4bWxucz0iaHR0cDovL3d3dy53My5vcmcvMjAwMC9zdmciPjwvc3ZnPg==\" \/><\/a><figcaption class=\"wp-element-caption\">Phyllocycla sp. m\u00e2le, P\u00e9rou, Tamshiyacu-Tahuayo Reserve, 22\/08\/2023<\/figcaption><\/figure>\n\n\n\n<div style=\"height:33px\" aria-hidden=\"true\" class=\"wp-block-spacer\"><\/div>\n\n\n\n<div class=\"wp-block-buttons is-layout-flex wp-block-buttons-is-layout-flex\">\n<div class=\"wp-block-button\"><a class=\"wp-block-button__link wp-element-button\" href=\"https:\/\/www.meslibellules.fr\/blog\/odonates-du-perou-peruvian-odonates\/\">Accueil P\u00e9rou<\/a><\/div>\n<\/div>\n","protected":false},"excerpt":{"rendered":"<p>[\u00e9dit\u00e9 le 17\/03\/2025 : il s&rsquo;agit plut\u00f4t de Phyllogompho\u00efdes selysi, la page devra \u00eatre revue. Ces photos sont les premi\u00e8res pour cette esp\u00e8ce sur iNaturalist et, sans doute, les premi\u00e8res publi\u00e9es sur le Web.] Ce Phyllocycla sp. (Gomphidae) est un myst\u00e8re : \u00e0 chaque fois que nous avons pris la pirogue, nous l&rsquo;avons aper\u00e7u, en [&hellip;]<\/p>\n","protected":false},"author":1,"featured_media":0,"comment_status":"open","ping_status":"open","sticky":false,"template":"","format":"image","meta":{"site-sidebar-layout":"default","site-content-layout":"","ast-site-content-layout":"default","site-content-style":"default","site-sidebar-style":"default","ast-global-header-display":"","ast-banner-title-visibility":"","ast-main-header-display":"","ast-hfb-above-header-display":"","ast-hfb-below-header-display":"","ast-hfb-mobile-header-display":"","site-post-title":"","ast-breadcrumbs-content":"","ast-featured-img":"","footer-sml-layout":"","ast-disable-related-posts":"","theme-transparent-header-meta":"","adv-header-id-meta":"","stick-header-meta":"","header-above-stick-meta":"","header-main-stick-meta":"","header-below-stick-meta":"","astra-migrate-meta-layouts":"set","ast-page-background-enabled":"default","ast-page-background-meta":{"desktop":{"background-color":"var(--ast-global-color-4)","background-image":"","background-repeat":"repeat","background-position":"center center","background-size":"auto","background-attachment":"scroll","background-type":"","background-media":"","overlay-type":"","overlay-color":"","overlay-opacity":"","overlay-gradient":""},"tablet":{"background-color":"","background-image":"","background-repeat":"repeat","background-position":"center center","background-size":"auto","background-attachment":"scroll","background-type":"","background-media":"","overlay-type":"","overlay-color":"","overlay-opacity":"","overlay-gradient":""},"mobile":{"background-color":"","background-image":"","background-repeat":"repeat","background-position":"center center","background-size":"auto","background-attachment":"scroll","background-type":"","background-media":"","overlay-type":"","overlay-color":"","overlay-opacity":"","overlay-gradient":""}},"ast-content-background-meta":{"desktop":{"background-color":"var(--ast-global-color-5)","background-image":"","background-repeat":"repeat","background-position":"center center","background-size":"auto","background-attachment":"scroll","background-type":"","background-media":"","overlay-type":"","overlay-color":"","overlay-opacity":"","overlay-gradient":""},"tablet":{"background-color":"var(--ast-global-color-5)","background-image":"","background-repeat":"repeat","background-position":"center center","background-size":"auto","background-attachment":"scroll","background-type":"","background-media":"","overlay-type":"","overlay-color":"","overlay-opacity":"","overlay-gradient":""},"mobile":{"background-color":"var(--ast-global-color-5)","background-image":"","background-repeat":"repeat","background-position":"center center","background-size":"auto","background-attachment":"scroll","background-type":"","background-media":"","overlay-type":"","overlay-color":"","overlay-opacity":"","overlay-gradient":""}},"footnotes":""},"categories":[1318,1303],"tags":[1384,1305],"class_list":["post-20557","post","type-post","status-publish","format-image","hentry","category-gomphidae-perou-2","category-perou","tag-gomphidae-perou-3","tag-perou","post_format-post-format-image"],"yoast_head":"<!-- This site is optimized with the Yoast SEO plugin v27.5 - https:\/\/yoast.com\/product\/yoast-seo-wordpress\/ -->\n<title>Phyllocycla sp. - Mes Libellules<\/title>\n<meta name=\"description\" content=\"Phyllocycla sp. m\u00e2le au P\u00e9rou, description, identification, taille, habitat, distribution g\u00e9ographique, \u00e9tymologie\" \/>\n<meta name=\"robots\" content=\"index, follow, max-snippet:-1, max-image-preview:large, max-video-preview:-1\" \/>\n<link rel=\"canonical\" href=\"https:\/\/www.meslibellules.fr\/blog\/2024\/08\/02\/phyllocycla-sp\/\" \/>\n<meta property=\"og:locale\" content=\"fr_FR\" \/>\n<meta property=\"og:type\" content=\"article\" \/>\n<meta property=\"og:title\" content=\"Phyllocycla sp. - Mes Libellules\" \/>\n<meta property=\"og:description\" content=\"Phyllocycla sp. m\u00e2le au P\u00e9rou, description, identification, taille, habitat, distribution g\u00e9ographique, \u00e9tymologie\" \/>\n<meta property=\"og:url\" content=\"https:\/\/www.meslibellules.fr\/blog\/2024\/08\/02\/phyllocycla-sp\/\" \/>\n<meta property=\"og:site_name\" content=\"Mes Libellules\" \/>\n<meta property=\"article:publisher\" content=\"https:\/\/www.facebook.com\/benoit.guillon.96\/\" \/>\n<meta property=\"article:author\" content=\"https:\/\/www.facebook.com\/benoit.guillon.96\/\" \/>\n<meta property=\"article:published_time\" content=\"2024-08-02T03:38:30+00:00\" \/>\n<meta property=\"article:modified_time\" content=\"2025-03-17T20:42:54+00:00\" \/>\n<meta property=\"og:image\" content=\"https:\/\/www.meslibellules.fr\/blog\/wp-content\/uploads\/Phyllocycla-sp.-male-1.webp\" \/>\n\t<meta property=\"og:image:width\" content=\"2186\" \/>\n\t<meta property=\"og:image:height\" content=\"1204\" \/>\n\t<meta property=\"og:image:type\" content=\"image\/webp\" \/>\n<meta name=\"author\" content=\"Beno\u00eet Guillon\" \/>\n<meta name=\"twitter:card\" content=\"summary_large_image\" \/>\n<meta name=\"twitter:label1\" content=\"\u00c9crit par\" \/>\n\t<meta name=\"twitter:data1\" content=\"Beno\u00eet Guillon\" \/>\n\t<meta name=\"twitter:label2\" content=\"Dur\u00e9e de lecture estim\u00e9e\" \/>\n\t<meta name=\"twitter:data2\" content=\"5 minutes\" \/>\n<script type=\"application\/ld+json\" class=\"yoast-schema-graph\">{\"@context\":\"https:\\\/\\\/schema.org\",\"@graph\":[{\"@type\":\"Article\",\"@id\":\"https:\\\/\\\/www.meslibellules.fr\\\/blog\\\/2024\\\/08\\\/02\\\/phyllocycla-sp\\\/#article\",\"isPartOf\":{\"@id\":\"https:\\\/\\\/www.meslibellules.fr\\\/blog\\\/2024\\\/08\\\/02\\\/phyllocycla-sp\\\/\"},\"author\":{\"name\":\"Beno\u00eet Guillon\",\"@id\":\"https:\\\/\\\/www.meslibellules.fr\\\/blog\\\/#\\\/schema\\\/person\\\/9aa3586f9dd053fcf329f43b8b053c77\"},\"headline\":\"P\u00e9rou &#8211; Phyllocycla sp. (Calvert, 1948)\",\"datePublished\":\"2024-08-02T03:38:30+00:00\",\"dateModified\":\"2025-03-17T20:42:54+00:00\",\"mainEntityOfPage\":{\"@id\":\"https:\\\/\\\/www.meslibellules.fr\\\/blog\\\/2024\\\/08\\\/02\\\/phyllocycla-sp\\\/\"},\"wordCount\":606,\"commentCount\":2,\"publisher\":{\"@id\":\"https:\\\/\\\/www.meslibellules.fr\\\/blog\\\/#\\\/schema\\\/person\\\/9aa3586f9dd053fcf329f43b8b053c77\"},\"image\":{\"@id\":\"https:\\\/\\\/www.meslibellules.fr\\\/blog\\\/2024\\\/08\\\/02\\\/phyllocycla-sp\\\/#primaryimage\"},\"thumbnailUrl\":\"https:\\\/\\\/www.meslibellules.fr\\\/blog\\\/wp-content\\\/uploads\\\/Phyllocycla-sp.-male-1.webp\",\"keywords\":[\"Gomphidae - P\u00e9rou\",\"P\u00e9rou\"],\"articleSection\":[\"Gomphidae\",\"P\u00e9rou\"],\"inLanguage\":\"fr-FR\",\"potentialAction\":[{\"@type\":\"CommentAction\",\"name\":\"Comment\",\"target\":[\"https:\\\/\\\/www.meslibellules.fr\\\/blog\\\/2024\\\/08\\\/02\\\/phyllocycla-sp\\\/#respond\"]}]},{\"@type\":\"WebPage\",\"@id\":\"https:\\\/\\\/www.meslibellules.fr\\\/blog\\\/2024\\\/08\\\/02\\\/phyllocycla-sp\\\/\",\"url\":\"https:\\\/\\\/www.meslibellules.fr\\\/blog\\\/2024\\\/08\\\/02\\\/phyllocycla-sp\\\/\",\"name\":\"Phyllocycla sp. - Mes Libellules\",\"isPartOf\":{\"@id\":\"https:\\\/\\\/www.meslibellules.fr\\\/blog\\\/#website\"},\"primaryImageOfPage\":{\"@id\":\"https:\\\/\\\/www.meslibellules.fr\\\/blog\\\/2024\\\/08\\\/02\\\/phyllocycla-sp\\\/#primaryimage\"},\"image\":{\"@id\":\"https:\\\/\\\/www.meslibellules.fr\\\/blog\\\/2024\\\/08\\\/02\\\/phyllocycla-sp\\\/#primaryimage\"},\"thumbnailUrl\":\"https:\\\/\\\/www.meslibellules.fr\\\/blog\\\/wp-content\\\/uploads\\\/Phyllocycla-sp.-male-1.webp\",\"datePublished\":\"2024-08-02T03:38:30+00:00\",\"dateModified\":\"2025-03-17T20:42:54+00:00\",\"description\":\"Phyllocycla sp. m\u00e2le au P\u00e9rou, description, identification, taille, habitat, distribution g\u00e9ographique, \u00e9tymologie\",\"breadcrumb\":{\"@id\":\"https:\\\/\\\/www.meslibellules.fr\\\/blog\\\/2024\\\/08\\\/02\\\/phyllocycla-sp\\\/#breadcrumb\"},\"inLanguage\":\"fr-FR\",\"potentialAction\":[{\"@type\":\"ReadAction\",\"target\":[\"https:\\\/\\\/www.meslibellules.fr\\\/blog\\\/2024\\\/08\\\/02\\\/phyllocycla-sp\\\/\"]}]},{\"@type\":\"ImageObject\",\"inLanguage\":\"fr-FR\",\"@id\":\"https:\\\/\\\/www.meslibellules.fr\\\/blog\\\/2024\\\/08\\\/02\\\/phyllocycla-sp\\\/#primaryimage\",\"url\":\"https:\\\/\\\/www.meslibellules.fr\\\/blog\\\/wp-content\\\/uploads\\\/Phyllocycla-sp.-male-1.webp\",\"contentUrl\":\"https:\\\/\\\/www.meslibellules.fr\\\/blog\\\/wp-content\\\/uploads\\\/Phyllocycla-sp.-male-1.webp\"},{\"@type\":\"BreadcrumbList\",\"@id\":\"https:\\\/\\\/www.meslibellules.fr\\\/blog\\\/2024\\\/08\\\/02\\\/phyllocycla-sp\\\/#breadcrumb\",\"itemListElement\":[{\"@type\":\"ListItem\",\"position\":1,\"name\":\"Accueil\",\"item\":\"https:\\\/\\\/www.meslibellules.fr\\\/blog\\\/\"},{\"@type\":\"ListItem\",\"position\":2,\"name\":\"P\u00e9rou &#8211; Phyllocycla sp. (Calvert, 1948)\"}]},{\"@type\":\"WebSite\",\"@id\":\"https:\\\/\\\/www.meslibellules.fr\\\/blog\\\/#website\",\"url\":\"https:\\\/\\\/www.meslibellules.fr\\\/blog\\\/\",\"name\":\"Mes Libellules\",\"description\":\"Pr\u00e9sentation des libellules rencontr\u00e9es dans le monde\",\"publisher\":{\"@id\":\"https:\\\/\\\/www.meslibellules.fr\\\/blog\\\/#\\\/schema\\\/person\\\/9aa3586f9dd053fcf329f43b8b053c77\"},\"potentialAction\":[{\"@type\":\"SearchAction\",\"target\":{\"@type\":\"EntryPoint\",\"urlTemplate\":\"https:\\\/\\\/www.meslibellules.fr\\\/blog\\\/?s={search_term_string}\"},\"query-input\":{\"@type\":\"PropertyValueSpecification\",\"valueRequired\":true,\"valueName\":\"search_term_string\"}}],\"inLanguage\":\"fr-FR\"},{\"@type\":[\"Person\",\"Organization\"],\"@id\":\"https:\\\/\\\/www.meslibellules.fr\\\/blog\\\/#\\\/schema\\\/person\\\/9aa3586f9dd053fcf329f43b8b053c77\",\"name\":\"Beno\u00eet Guillon\",\"image\":{\"@type\":\"ImageObject\",\"inLanguage\":\"fr-FR\",\"@id\":\"https:\\\/\\\/www.meslibellules.fr\\\/blog\\\/wp-content\\\/uploads\\\/cropped-avatar-150-pix.jpg\",\"url\":\"https:\\\/\\\/www.meslibellules.fr\\\/blog\\\/wp-content\\\/uploads\\\/cropped-avatar-150-pix.jpg\",\"contentUrl\":\"https:\\\/\\\/www.meslibellules.fr\\\/blog\\\/wp-content\\\/uploads\\\/cropped-avatar-150-pix.jpg\",\"width\":150,\"height\":137,\"caption\":\"Beno\u00eet Guillon\"},\"logo\":{\"@id\":\"https:\\\/\\\/www.meslibellules.fr\\\/blog\\\/wp-content\\\/uploads\\\/cropped-avatar-150-pix.jpg\"},\"sameAs\":[\"https:\\\/\\\/www.facebook.com\\\/benoit.guillon.96\\\/\"]}]}<\/script>\n<!-- \/ Yoast SEO plugin. -->","yoast_head_json":{"title":"Phyllocycla sp. - Mes Libellules","description":"Phyllocycla sp. m\u00e2le au P\u00e9rou, description, identification, taille, habitat, distribution g\u00e9ographique, \u00e9tymologie","robots":{"index":"index","follow":"follow","max-snippet":"max-snippet:-1","max-image-preview":"max-image-preview:large","max-video-preview":"max-video-preview:-1"},"canonical":"https:\/\/www.meslibellules.fr\/blog\/2024\/08\/02\/phyllocycla-sp\/","og_locale":"fr_FR","og_type":"article","og_title":"Phyllocycla sp. - Mes Libellules","og_description":"Phyllocycla sp. m\u00e2le au P\u00e9rou, description, identification, taille, habitat, distribution g\u00e9ographique, \u00e9tymologie","og_url":"https:\/\/www.meslibellules.fr\/blog\/2024\/08\/02\/phyllocycla-sp\/","og_site_name":"Mes Libellules","article_publisher":"https:\/\/www.facebook.com\/benoit.guillon.96\/","article_author":"https:\/\/www.facebook.com\/benoit.guillon.96\/","article_published_time":"2024-08-02T03:38:30+00:00","article_modified_time":"2025-03-17T20:42:54+00:00","og_image":[{"width":2186,"height":1204,"url":"https:\/\/www.meslibellules.fr\/blog\/wp-content\/uploads\/Phyllocycla-sp.-male-1.webp","type":"image\/webp"}],"author":"Beno\u00eet Guillon","twitter_card":"summary_large_image","twitter_misc":{"\u00c9crit par":"Beno\u00eet Guillon","Dur\u00e9e de lecture estim\u00e9e":"5 minutes"},"schema":{"@context":"https:\/\/schema.org","@graph":[{"@type":"Article","@id":"https:\/\/www.meslibellules.fr\/blog\/2024\/08\/02\/phyllocycla-sp\/#article","isPartOf":{"@id":"https:\/\/www.meslibellules.fr\/blog\/2024\/08\/02\/phyllocycla-sp\/"},"author":{"name":"Beno\u00eet Guillon","@id":"https:\/\/www.meslibellules.fr\/blog\/#\/schema\/person\/9aa3586f9dd053fcf329f43b8b053c77"},"headline":"P\u00e9rou &#8211; Phyllocycla sp. (Calvert, 1948)","datePublished":"2024-08-02T03:38:30+00:00","dateModified":"2025-03-17T20:42:54+00:00","mainEntityOfPage":{"@id":"https:\/\/www.meslibellules.fr\/blog\/2024\/08\/02\/phyllocycla-sp\/"},"wordCount":606,"commentCount":2,"publisher":{"@id":"https:\/\/www.meslibellules.fr\/blog\/#\/schema\/person\/9aa3586f9dd053fcf329f43b8b053c77"},"image":{"@id":"https:\/\/www.meslibellules.fr\/blog\/2024\/08\/02\/phyllocycla-sp\/#primaryimage"},"thumbnailUrl":"https:\/\/www.meslibellules.fr\/blog\/wp-content\/uploads\/Phyllocycla-sp.-male-1.webp","keywords":["Gomphidae - P\u00e9rou","P\u00e9rou"],"articleSection":["Gomphidae","P\u00e9rou"],"inLanguage":"fr-FR","potentialAction":[{"@type":"CommentAction","name":"Comment","target":["https:\/\/www.meslibellules.fr\/blog\/2024\/08\/02\/phyllocycla-sp\/#respond"]}]},{"@type":"WebPage","@id":"https:\/\/www.meslibellules.fr\/blog\/2024\/08\/02\/phyllocycla-sp\/","url":"https:\/\/www.meslibellules.fr\/blog\/2024\/08\/02\/phyllocycla-sp\/","name":"Phyllocycla sp. - Mes Libellules","isPartOf":{"@id":"https:\/\/www.meslibellules.fr\/blog\/#website"},"primaryImageOfPage":{"@id":"https:\/\/www.meslibellules.fr\/blog\/2024\/08\/02\/phyllocycla-sp\/#primaryimage"},"image":{"@id":"https:\/\/www.meslibellules.fr\/blog\/2024\/08\/02\/phyllocycla-sp\/#primaryimage"},"thumbnailUrl":"https:\/\/www.meslibellules.fr\/blog\/wp-content\/uploads\/Phyllocycla-sp.-male-1.webp","datePublished":"2024-08-02T03:38:30+00:00","dateModified":"2025-03-17T20:42:54+00:00","description":"Phyllocycla sp. m\u00e2le au P\u00e9rou, description, identification, taille, habitat, distribution g\u00e9ographique, \u00e9tymologie","breadcrumb":{"@id":"https:\/\/www.meslibellules.fr\/blog\/2024\/08\/02\/phyllocycla-sp\/#breadcrumb"},"inLanguage":"fr-FR","potentialAction":[{"@type":"ReadAction","target":["https:\/\/www.meslibellules.fr\/blog\/2024\/08\/02\/phyllocycla-sp\/"]}]},{"@type":"ImageObject","inLanguage":"fr-FR","@id":"https:\/\/www.meslibellules.fr\/blog\/2024\/08\/02\/phyllocycla-sp\/#primaryimage","url":"https:\/\/www.meslibellules.fr\/blog\/wp-content\/uploads\/Phyllocycla-sp.-male-1.webp","contentUrl":"https:\/\/www.meslibellules.fr\/blog\/wp-content\/uploads\/Phyllocycla-sp.-male-1.webp"},{"@type":"BreadcrumbList","@id":"https:\/\/www.meslibellules.fr\/blog\/2024\/08\/02\/phyllocycla-sp\/#breadcrumb","itemListElement":[{"@type":"ListItem","position":1,"name":"Accueil","item":"https:\/\/www.meslibellules.fr\/blog\/"},{"@type":"ListItem","position":2,"name":"P\u00e9rou &#8211; Phyllocycla sp. (Calvert, 1948)"}]},{"@type":"WebSite","@id":"https:\/\/www.meslibellules.fr\/blog\/#website","url":"https:\/\/www.meslibellules.fr\/blog\/","name":"Mes Libellules","description":"Pr\u00e9sentation des libellules rencontr\u00e9es dans le monde","publisher":{"@id":"https:\/\/www.meslibellules.fr\/blog\/#\/schema\/person\/9aa3586f9dd053fcf329f43b8b053c77"},"potentialAction":[{"@type":"SearchAction","target":{"@type":"EntryPoint","urlTemplate":"https:\/\/www.meslibellules.fr\/blog\/?s={search_term_string}"},"query-input":{"@type":"PropertyValueSpecification","valueRequired":true,"valueName":"search_term_string"}}],"inLanguage":"fr-FR"},{"@type":["Person","Organization"],"@id":"https:\/\/www.meslibellules.fr\/blog\/#\/schema\/person\/9aa3586f9dd053fcf329f43b8b053c77","name":"Beno\u00eet Guillon","image":{"@type":"ImageObject","inLanguage":"fr-FR","@id":"https:\/\/www.meslibellules.fr\/blog\/wp-content\/uploads\/cropped-avatar-150-pix.jpg","url":"https:\/\/www.meslibellules.fr\/blog\/wp-content\/uploads\/cropped-avatar-150-pix.jpg","contentUrl":"https:\/\/www.meslibellules.fr\/blog\/wp-content\/uploads\/cropped-avatar-150-pix.jpg","width":150,"height":137,"caption":"Beno\u00eet Guillon"},"logo":{"@id":"https:\/\/www.meslibellules.fr\/blog\/wp-content\/uploads\/cropped-avatar-150-pix.jpg"},"sameAs":["https:\/\/www.facebook.com\/benoit.guillon.96\/"]}]}},"_links":{"self":[{"href":"https:\/\/www.meslibellules.fr\/blog\/wp-json\/wp\/v2\/posts\/20557","targetHints":{"allow":["GET"]}}],"collection":[{"href":"https:\/\/www.meslibellules.fr\/blog\/wp-json\/wp\/v2\/posts"}],"about":[{"href":"https:\/\/www.meslibellules.fr\/blog\/wp-json\/wp\/v2\/types\/post"}],"author":[{"embeddable":true,"href":"https:\/\/www.meslibellules.fr\/blog\/wp-json\/wp\/v2\/users\/1"}],"replies":[{"embeddable":true,"href":"https:\/\/www.meslibellules.fr\/blog\/wp-json\/wp\/v2\/comments?post=20557"}],"version-history":[{"count":2,"href":"https:\/\/www.meslibellules.fr\/blog\/wp-json\/wp\/v2\/posts\/20557\/revisions"}],"predecessor-version":[{"id":24248,"href":"https:\/\/www.meslibellules.fr\/blog\/wp-json\/wp\/v2\/posts\/20557\/revisions\/24248"}],"wp:attachment":[{"href":"https:\/\/www.meslibellules.fr\/blog\/wp-json\/wp\/v2\/media?parent=20557"}],"wp:term":[{"taxonomy":"category","embeddable":true,"href":"https:\/\/www.meslibellules.fr\/blog\/wp-json\/wp\/v2\/categories?post=20557"},{"taxonomy":"post_tag","embeddable":true,"href":"https:\/\/www.meslibellules.fr\/blog\/wp-json\/wp\/v2\/tags?post=20557"}],"curies":[{"name":"wp","href":"https:\/\/api.w.org\/{rel}","templated":true}]}}