{"id":20588,"date":"2024-08-04T06:21:34","date_gmt":"2024-08-04T04:21:34","guid":{"rendered":"https:\/\/www.meslibellules.fr\/blog\/?p=20588"},"modified":"2024-08-04T06:21:35","modified_gmt":"2024-08-04T04:21:35","slug":"mnesarete-cupraea","status":"publish","type":"post","link":"https:\/\/www.meslibellules.fr\/blog\/2024\/08\/04\/mnesarete-cupraea\/","title":{"rendered":"P\u00e9rou &#8211; Mnesarete cupraea (Selys, 1853)"},"content":{"rendered":"\n<div style=\"height:38px\" aria-hidden=\"true\" class=\"wp-block-spacer\"><\/div>\n\n\n\n<div class=\"wp-block-media-text is-stacked-on-mobile\"><figure class=\"wp-block-media-text__media\"><a href=\"https:\/\/www.meslibellules.fr\/blog\/wp-content\/uploads\/Mnesarete-cupraea-male-1.webp\"><img decoding=\"async\" width=\"1054\" height=\"1204\" data-src=\"https:\/\/www.meslibellules.fr\/blog\/wp-content\/uploads\/Mnesarete-cupraea-male-1.webp\" alt=\"Mnesarete cupraea m\u00e2le, P\u00e9rou, Amazon Research Center (Chino), 16\/08\/2023\" class=\"wp-image-20585 size-full lazyload\" data-srcset=\"https:\/\/www.meslibellules.fr\/blog\/wp-content\/uploads\/Mnesarete-cupraea-male-1.webp 1054w, https:\/\/www.meslibellules.fr\/blog\/wp-content\/uploads\/Mnesarete-cupraea-male-1-768x877.webp 768w\" data-sizes=\"(max-width: 1054px) 100vw, 1054px\" src=\"data:image\/svg+xml;base64,PHN2ZyB3aWR0aD0iMSIgaGVpZ2h0PSIxIiB4bWxucz0iaHR0cDovL3d3dy53My5vcmcvMjAwMC9zdmciPjwvc3ZnPg==\" style=\"--smush-placeholder-width: 1054px; --smush-placeholder-aspect-ratio: 1054\/1204;\" \/><\/a><\/figure><div class=\"wp-block-media-text__content\">\n<p>On ne conna\u00eet que deux Mnesarete dans la r\u00e9serve de Tamshiyacu-Tahuayo ; Mnesarete cupraea et <a href=\"https:\/\/www.meslibellules.fr\/blog\/wp-content\/uploads\/Mnesarete-fulgida-male-4-e1714966775688.webp\">Mnesarete fulgida<\/a>. On les s\u00e9pare par leurs appendices anaux et malgr\u00e9 le fait que je n&rsquo;ai qu&rsquo;une tr\u00e8s mauvaise photo de ceux-ci, il est certain que ce ne sont pas ceux de M. fulgida.<br>Car ils sont tous les deux de cette m\u00eame couleur pourpre brillant, n&rsquo;ont pas de tache basale alaire (ce qui les s\u00e9pare heureusement des Hetaerina pr\u00e9sents) et montrent tous les deux une tache apicale sombre.<br><br>Mnesarete cupraea m\u00e2le, P\u00e9rou, Amazon Research Center (Chino), 16\/08\/2023<\/p>\n<\/div><\/div>\n\n\n\n<div style=\"height:40px\" aria-hidden=\"true\" class=\"wp-block-spacer\"><\/div>\n\n\n\n<p>Le seul int\u00e9r\u00eat de ma photo est de montrer une certaine ressemblance pour le <a href=\"https:\/\/meslibellules.fr\/pagesweb\/divers\/glossaire.php\">cerque<\/a> droit et son lobe m\u00e9dian avec les dessins de Garrison (1) et surtout la diff\u00e9rence importante avec ceux de <a href=\"https:\/\/www.meslibellules.fr\/blog\/wp-content\/uploads\/Mnesarete-fulgida-male-appendices-anaux.webp\">M. fulgida<\/a> qui \u00e9carte cette esp\u00e8ce.<\/p>\n\n\n\n<figure class=\"wp-block-gallery has-nested-images columns-default is-cropped wp-block-gallery-1 is-layout-flex wp-block-gallery-is-layout-flex\">\n<figure class=\"wp-block-image size-large\"><img decoding=\"async\" width=\"495\" height=\"484\" data-id=\"20587\" data-src=\"https:\/\/www.meslibellules.fr\/blog\/wp-content\/uploads\/Mnesarete-cupraea-male-3.webp\" alt=\"Appendices anaux de Mnesarete cupraea , Garrison\" class=\"wp-image-20587 lazyload\" src=\"data:image\/svg+xml;base64,PHN2ZyB3aWR0aD0iMSIgaGVpZ2h0PSIxIiB4bWxucz0iaHR0cDovL3d3dy53My5vcmcvMjAwMC9zdmciPjwvc3ZnPg==\" style=\"--smush-placeholder-width: 495px; --smush-placeholder-aspect-ratio: 495\/484;\" \/><\/figure>\n\n\n\n<figure class=\"wp-block-image size-large\"><img decoding=\"async\" width=\"437\" height=\"459\" data-id=\"20586\" data-src=\"https:\/\/www.meslibellules.fr\/blog\/wp-content\/uploads\/Mnesarete-cupraea-male-2-e1722528574788.webp\" alt=\"Mnesarete cupraea m\u00e2le, P\u00e9rou, Amazon Research Center (Chino), 16\/08\/2023\" class=\"wp-image-20586 lazyload\" src=\"data:image\/svg+xml;base64,PHN2ZyB3aWR0aD0iMSIgaGVpZ2h0PSIxIiB4bWxucz0iaHR0cDovL3d3dy53My5vcmcvMjAwMC9zdmciPjwvc3ZnPg==\" style=\"--smush-placeholder-width: 437px; --smush-placeholder-aspect-ratio: 437\/459;\" \/><\/figure>\n<figcaption class=\"blocks-gallery-caption wp-element-caption\">Mnesarete cupraea m\u00e2le appendices-anaux &#8211; Garrison (1) \u00e0 gauche &#8211; P\u00e9rou, Amazon Research Center (Chino), 16\/08\/2023, \u00e0 droite<\/figcaption><\/figure>\n\n\n\n<p>Comme M. fulgida (nous les avons aper\u00e7us presque c\u00f4te \u00e0 c\u00f4te) Mnesarete cupraea habite les ruisseaux forestiers et se trouvait ici en compagnie de Argia euphorbia.<br>Selon Selys (2) l&rsquo;abdomen mesure 28 mm ce qui donne une taille approximative totale de 35 mm.<br><br>L&rsquo;esp\u00e8ce est largement r\u00e9pandue dans le nord de l&rsquo;Am\u00e9rique du Sud, du Venezuela \u00e0 la Guyane Fran\u00e7aise, au P\u00e9rou, dans les \u00e9tats amazoniens du Br\u00e9sil, et dans le nord de la Bolivie.<br><a href=\"https:\/\/www.iucnredlist.org\/species\/49254570\/49255005#geographic-range\">IUCN Red List<\/a>.<\/p>\n\n\n\n<p><strong><span style=\"text-decoration: underline;\">\u00c9tymologie<br \/><\/span>Mnesarete<\/strong> ; je n\u2019ai pas r\u00e9ussi \u00e0 acc\u00e9der au document ou Cowley explique la cr\u00e9ation de ce genre et pourquoi il y a plac\u00e9 les \u00ab Lais \u00bb d\u00e9crits par Selys. Je ne sais donc pas s\u2019il explique le choix de ce terme, mais il est vraisemblable qu\u2019il ne fait que suivre la mode de l\u2019\u00e9poque de Selys qui consistait \u00e0 choisir des noms dans l\u2019Antiquit\u00e9 ou la mythologie. <em>Mn\u00e9saret\u00e9<\/em> (\u00ab\u00a0<em>celle qui se souvient de la vertu <\/em>\u00ab\u00a0) est une courtisane, c\u00e9l\u00e8bre pour ses tarifs \u00e9lev\u00e9s, qui a eu, \u00e0 Ath\u00e8nes, des amants c\u00e9l\u00e8bres, comme Praxit\u00e8le. \u00c0 noter que le nom de genre donn\u00e9 initialement par Selys, <em>Lais<\/em>, \u00e9tait \u00e9galement une courtisane grecque, c\u00e9l\u00e8bre pour sa beaut\u00e9.<br \/><strong><span style=\"text-decoration: underline;\">Cupraea<\/span><\/strong> ; du latin cuprum, pour cuivre bien s\u00fbr en raison de la couleur de son corps. Selys (2) \u00e9crit :\u00a0\u00bbEpistome violet m\u00e9tallique ; corps bronz\u00e9 violet\u00a0\u00bb.<\/p>\n\n\n\n<div style=\"height:31px\" aria-hidden=\"true\" class=\"wp-block-spacer\"><\/div>\n\n\n\n<p style=\"font-size:13px\">1- Rosser W. Garrison, Contributions in Science, n\u00b0 506, 8 june 2006, \u00a0\u00bb&nbsp;<a href=\"https:\/\/www.biodiversitylibrary.org\/page\/52212670#page\/3\/mode\/1up\">A synopsis of the genera Mnesarete Cowley, Bryoplathanon gen. nov., and Ormenoplebia gen. nov. (Odonata: Calopterygidae)<\/a>\u00ab\u00a0.<br>2- E De S\u00e9lys-Longchamps, <em><a href=\"https:\/\/biostor.org\/reference\/209669\">Synopsis des Calopt\u00e9rygines<\/a><\/em>. Published in Bulletin de l&rsquo;Acad\u00e9mie royale de Belgique, in 1853, in volume 20, issue Annexe, page28.<\/p>\n\n\n\n<div style=\"height:35px\" aria-hidden=\"true\" class=\"wp-block-spacer\"><\/div>\n\n\n\n<div class=\"wp-block-buttons is-layout-flex wp-block-buttons-is-layout-flex\">\n<div class=\"wp-block-button\"><a class=\"wp-block-button__link wp-element-button\" href=\"https:\/\/www.meslibellules.fr\/blog\/odonates-du-perou-peruvian-odonates\/\">Accueil P\u00e9rou<\/a><\/div>\n<\/div>\n","protected":false},"excerpt":{"rendered":"<p>On ne conna\u00eet que deux Mnesarete dans la r\u00e9serve de Tamshiyacu-Tahuayo ; Mnesarete cupraea et Mnesarete fulgida. On les s\u00e9pare par leurs appendices anaux et malgr\u00e9 le fait que je n&rsquo;ai qu&rsquo;une tr\u00e8s mauvaise photo de ceux-ci, il est certain que ce ne sont pas ceux de M. fulgida.Car ils sont tous les deux de [&hellip;]<\/p>\n","protected":false},"author":1,"featured_media":0,"comment_status":"open","ping_status":"open","sticky":false,"template":"","format":"image","meta":{"site-sidebar-layout":"default","site-content-layout":"","ast-site-content-layout":"default","site-content-style":"default","site-sidebar-style":"default","ast-global-header-display":"","ast-banner-title-visibility":"","ast-main-header-display":"","ast-hfb-above-header-display":"","ast-hfb-below-header-display":"","ast-hfb-mobile-header-display":"","site-post-title":"","ast-breadcrumbs-content":"","ast-featured-img":"","footer-sml-layout":"","ast-disable-related-posts":"","theme-transparent-header-meta":"","adv-header-id-meta":"","stick-header-meta":"","header-above-stick-meta":"","header-main-stick-meta":"","header-below-stick-meta":"","astra-migrate-meta-layouts":"set","ast-page-background-enabled":"default","ast-page-background-meta":{"desktop":{"background-color":"var(--ast-global-color-4)","background-image":"","background-repeat":"repeat","background-position":"center center","background-size":"auto","background-attachment":"scroll","background-type":"","background-media":"","overlay-type":"","overlay-color":"","overlay-opacity":"","overlay-gradient":""},"tablet":{"background-color":"","background-image":"","background-repeat":"repeat","background-position":"center center","background-size":"auto","background-attachment":"scroll","background-type":"","background-media":"","overlay-type":"","overlay-color":"","overlay-opacity":"","overlay-gradient":""},"mobile":{"background-color":"","background-image":"","background-repeat":"repeat","background-position":"center center","background-size":"auto","background-attachment":"scroll","background-type":"","background-media":"","overlay-type":"","overlay-color":"","overlay-opacity":"","overlay-gradient":""}},"ast-content-background-meta":{"desktop":{"background-color":"var(--ast-global-color-5)","background-image":"","background-repeat":"repeat","background-position":"center center","background-size":"auto","background-attachment":"scroll","background-type":"","background-media":"","overlay-type":"","overlay-color":"","overlay-opacity":"","overlay-gradient":""},"tablet":{"background-color":"var(--ast-global-color-5)","background-image":"","background-repeat":"repeat","background-position":"center center","background-size":"auto","background-attachment":"scroll","background-type":"","background-media":"","overlay-type":"","overlay-color":"","overlay-opacity":"","overlay-gradient":""},"mobile":{"background-color":"var(--ast-global-color-5)","background-image":"","background-repeat":"repeat","background-position":"center center","background-size":"auto","background-attachment":"scroll","background-type":"","background-media":"","overlay-type":"","overlay-color":"","overlay-opacity":"","overlay-gradient":""}},"footnotes":""},"categories":[1376,1303],"tags":[1377,1305],"class_list":["post-20588","post","type-post","status-publish","format-image","hentry","category-calopterygidae-perou","category-perou","tag-calopterygidae-perou","tag-perou","post_format-post-format-image"],"yoast_head":"<!-- This site is optimized with the Yoast SEO plugin v27.5 - https:\/\/yoast.com\/product\/yoast-seo-wordpress\/ -->\n<title>Mnesarete cupraea - Mes Libellules<\/title>\n<meta name=\"description\" content=\"Mnesarete cupraea m\u00e2le au P\u00e9rou, description, identification, taille, habitat, distribution g\u00e9ographique, \u00e9tymologie\" \/>\n<meta name=\"robots\" content=\"index, follow, max-snippet:-1, max-image-preview:large, max-video-preview:-1\" \/>\n<link rel=\"canonical\" href=\"https:\/\/www.meslibellules.fr\/blog\/2024\/08\/04\/mnesarete-cupraea\/\" \/>\n<meta property=\"og:locale\" content=\"fr_FR\" \/>\n<meta property=\"og:type\" content=\"article\" \/>\n<meta property=\"og:title\" content=\"Mnesarete cupraea - Mes Libellules\" \/>\n<meta property=\"og:description\" content=\"Mnesarete cupraea m\u00e2le au P\u00e9rou, description, identification, taille, habitat, distribution g\u00e9ographique, \u00e9tymologie\" \/>\n<meta property=\"og:url\" content=\"https:\/\/www.meslibellules.fr\/blog\/2024\/08\/04\/mnesarete-cupraea\/\" \/>\n<meta property=\"og:site_name\" content=\"Mes Libellules\" \/>\n<meta property=\"article:publisher\" content=\"https:\/\/www.facebook.com\/benoit.guillon.96\/\" \/>\n<meta property=\"article:author\" content=\"https:\/\/www.facebook.com\/benoit.guillon.96\/\" \/>\n<meta property=\"article:published_time\" content=\"2024-08-04T04:21:34+00:00\" \/>\n<meta property=\"article:modified_time\" content=\"2024-08-04T04:21:35+00:00\" \/>\n<meta property=\"og:image\" content=\"https:\/\/www.meslibellules.fr\/blog\/wp-content\/uploads\/Mnesarete-cupraea-male-1.webp\" \/>\n<meta name=\"author\" content=\"Beno\u00eet Guillon\" \/>\n<meta name=\"twitter:card\" content=\"summary_large_image\" \/>\n<meta name=\"twitter:label1\" content=\"\u00c9crit par\" \/>\n\t<meta name=\"twitter:data1\" content=\"Beno\u00eet Guillon\" \/>\n\t<meta name=\"twitter:label2\" content=\"Dur\u00e9e de lecture estim\u00e9e\" \/>\n\t<meta name=\"twitter:data2\" content=\"3 minutes\" \/>\n<script type=\"application\/ld+json\" class=\"yoast-schema-graph\">{\"@context\":\"https:\\\/\\\/schema.org\",\"@graph\":[{\"@type\":\"Article\",\"@id\":\"https:\\\/\\\/www.meslibellules.fr\\\/blog\\\/2024\\\/08\\\/04\\\/mnesarete-cupraea\\\/#article\",\"isPartOf\":{\"@id\":\"https:\\\/\\\/www.meslibellules.fr\\\/blog\\\/2024\\\/08\\\/04\\\/mnesarete-cupraea\\\/\"},\"author\":{\"name\":\"Beno\u00eet Guillon\",\"@id\":\"https:\\\/\\\/www.meslibellules.fr\\\/blog\\\/#\\\/schema\\\/person\\\/9aa3586f9dd053fcf329f43b8b053c77\"},\"headline\":\"P\u00e9rou &#8211; Mnesarete cupraea (Selys, 1853)\",\"datePublished\":\"2024-08-04T04:21:34+00:00\",\"dateModified\":\"2024-08-04T04:21:35+00:00\",\"mainEntityOfPage\":{\"@id\":\"https:\\\/\\\/www.meslibellules.fr\\\/blog\\\/2024\\\/08\\\/04\\\/mnesarete-cupraea\\\/\"},\"wordCount\":460,\"commentCount\":0,\"publisher\":{\"@id\":\"https:\\\/\\\/www.meslibellules.fr\\\/blog\\\/#\\\/schema\\\/person\\\/9aa3586f9dd053fcf329f43b8b053c77\"},\"image\":{\"@id\":\"https:\\\/\\\/www.meslibellules.fr\\\/blog\\\/2024\\\/08\\\/04\\\/mnesarete-cupraea\\\/#primaryimage\"},\"thumbnailUrl\":\"https:\\\/\\\/www.meslibellules.fr\\\/blog\\\/wp-content\\\/uploads\\\/Mnesarete-cupraea-male-1.webp\",\"keywords\":[\"Calopterygidae - P\u00e9rou\",\"P\u00e9rou\"],\"articleSection\":[\"Calopterygidae\",\"P\u00e9rou\"],\"inLanguage\":\"fr-FR\",\"potentialAction\":[{\"@type\":\"CommentAction\",\"name\":\"Comment\",\"target\":[\"https:\\\/\\\/www.meslibellules.fr\\\/blog\\\/2024\\\/08\\\/04\\\/mnesarete-cupraea\\\/#respond\"]}]},{\"@type\":\"WebPage\",\"@id\":\"https:\\\/\\\/www.meslibellules.fr\\\/blog\\\/2024\\\/08\\\/04\\\/mnesarete-cupraea\\\/\",\"url\":\"https:\\\/\\\/www.meslibellules.fr\\\/blog\\\/2024\\\/08\\\/04\\\/mnesarete-cupraea\\\/\",\"name\":\"Mnesarete cupraea - Mes Libellules\",\"isPartOf\":{\"@id\":\"https:\\\/\\\/www.meslibellules.fr\\\/blog\\\/#website\"},\"primaryImageOfPage\":{\"@id\":\"https:\\\/\\\/www.meslibellules.fr\\\/blog\\\/2024\\\/08\\\/04\\\/mnesarete-cupraea\\\/#primaryimage\"},\"image\":{\"@id\":\"https:\\\/\\\/www.meslibellules.fr\\\/blog\\\/2024\\\/08\\\/04\\\/mnesarete-cupraea\\\/#primaryimage\"},\"thumbnailUrl\":\"https:\\\/\\\/www.meslibellules.fr\\\/blog\\\/wp-content\\\/uploads\\\/Mnesarete-cupraea-male-1.webp\",\"datePublished\":\"2024-08-04T04:21:34+00:00\",\"dateModified\":\"2024-08-04T04:21:35+00:00\",\"description\":\"Mnesarete cupraea m\u00e2le au P\u00e9rou, description, identification, taille, habitat, distribution g\u00e9ographique, \u00e9tymologie\",\"breadcrumb\":{\"@id\":\"https:\\\/\\\/www.meslibellules.fr\\\/blog\\\/2024\\\/08\\\/04\\\/mnesarete-cupraea\\\/#breadcrumb\"},\"inLanguage\":\"fr-FR\",\"potentialAction\":[{\"@type\":\"ReadAction\",\"target\":[\"https:\\\/\\\/www.meslibellules.fr\\\/blog\\\/2024\\\/08\\\/04\\\/mnesarete-cupraea\\\/\"]}]},{\"@type\":\"ImageObject\",\"inLanguage\":\"fr-FR\",\"@id\":\"https:\\\/\\\/www.meslibellules.fr\\\/blog\\\/2024\\\/08\\\/04\\\/mnesarete-cupraea\\\/#primaryimage\",\"url\":\"https:\\\/\\\/www.meslibellules.fr\\\/blog\\\/wp-content\\\/uploads\\\/Mnesarete-cupraea-male-1.webp\",\"contentUrl\":\"https:\\\/\\\/www.meslibellules.fr\\\/blog\\\/wp-content\\\/uploads\\\/Mnesarete-cupraea-male-1.webp\"},{\"@type\":\"BreadcrumbList\",\"@id\":\"https:\\\/\\\/www.meslibellules.fr\\\/blog\\\/2024\\\/08\\\/04\\\/mnesarete-cupraea\\\/#breadcrumb\",\"itemListElement\":[{\"@type\":\"ListItem\",\"position\":1,\"name\":\"Accueil\",\"item\":\"https:\\\/\\\/www.meslibellules.fr\\\/blog\\\/\"},{\"@type\":\"ListItem\",\"position\":2,\"name\":\"P\u00e9rou &#8211; Mnesarete cupraea (Selys, 1853)\"}]},{\"@type\":\"WebSite\",\"@id\":\"https:\\\/\\\/www.meslibellules.fr\\\/blog\\\/#website\",\"url\":\"https:\\\/\\\/www.meslibellules.fr\\\/blog\\\/\",\"name\":\"Mes Libellules\",\"description\":\"Pr\u00e9sentation des libellules rencontr\u00e9es dans le monde\",\"publisher\":{\"@id\":\"https:\\\/\\\/www.meslibellules.fr\\\/blog\\\/#\\\/schema\\\/person\\\/9aa3586f9dd053fcf329f43b8b053c77\"},\"potentialAction\":[{\"@type\":\"SearchAction\",\"target\":{\"@type\":\"EntryPoint\",\"urlTemplate\":\"https:\\\/\\\/www.meslibellules.fr\\\/blog\\\/?s={search_term_string}\"},\"query-input\":{\"@type\":\"PropertyValueSpecification\",\"valueRequired\":true,\"valueName\":\"search_term_string\"}}],\"inLanguage\":\"fr-FR\"},{\"@type\":[\"Person\",\"Organization\"],\"@id\":\"https:\\\/\\\/www.meslibellules.fr\\\/blog\\\/#\\\/schema\\\/person\\\/9aa3586f9dd053fcf329f43b8b053c77\",\"name\":\"Beno\u00eet Guillon\",\"image\":{\"@type\":\"ImageObject\",\"inLanguage\":\"fr-FR\",\"@id\":\"https:\\\/\\\/www.meslibellules.fr\\\/blog\\\/wp-content\\\/uploads\\\/cropped-avatar-150-pix.jpg\",\"url\":\"https:\\\/\\\/www.meslibellules.fr\\\/blog\\\/wp-content\\\/uploads\\\/cropped-avatar-150-pix.jpg\",\"contentUrl\":\"https:\\\/\\\/www.meslibellules.fr\\\/blog\\\/wp-content\\\/uploads\\\/cropped-avatar-150-pix.jpg\",\"width\":150,\"height\":137,\"caption\":\"Beno\u00eet Guillon\"},\"logo\":{\"@id\":\"https:\\\/\\\/www.meslibellules.fr\\\/blog\\\/wp-content\\\/uploads\\\/cropped-avatar-150-pix.jpg\"},\"sameAs\":[\"https:\\\/\\\/www.facebook.com\\\/benoit.guillon.96\\\/\"]}]}<\/script>\n<!-- \/ Yoast SEO plugin. -->","yoast_head_json":{"title":"Mnesarete cupraea - Mes Libellules","description":"Mnesarete cupraea m\u00e2le au P\u00e9rou, description, identification, taille, habitat, distribution g\u00e9ographique, \u00e9tymologie","robots":{"index":"index","follow":"follow","max-snippet":"max-snippet:-1","max-image-preview":"max-image-preview:large","max-video-preview":"max-video-preview:-1"},"canonical":"https:\/\/www.meslibellules.fr\/blog\/2024\/08\/04\/mnesarete-cupraea\/","og_locale":"fr_FR","og_type":"article","og_title":"Mnesarete cupraea - Mes Libellules","og_description":"Mnesarete cupraea m\u00e2le au P\u00e9rou, description, identification, taille, habitat, distribution g\u00e9ographique, \u00e9tymologie","og_url":"https:\/\/www.meslibellules.fr\/blog\/2024\/08\/04\/mnesarete-cupraea\/","og_site_name":"Mes Libellules","article_publisher":"https:\/\/www.facebook.com\/benoit.guillon.96\/","article_author":"https:\/\/www.facebook.com\/benoit.guillon.96\/","article_published_time":"2024-08-04T04:21:34+00:00","article_modified_time":"2024-08-04T04:21:35+00:00","og_image":[{"url":"https:\/\/www.meslibellules.fr\/blog\/wp-content\/uploads\/Mnesarete-cupraea-male-1.webp","type":"","width":"","height":""}],"author":"Beno\u00eet Guillon","twitter_card":"summary_large_image","twitter_misc":{"\u00c9crit par":"Beno\u00eet Guillon","Dur\u00e9e de lecture estim\u00e9e":"3 minutes"},"schema":{"@context":"https:\/\/schema.org","@graph":[{"@type":"Article","@id":"https:\/\/www.meslibellules.fr\/blog\/2024\/08\/04\/mnesarete-cupraea\/#article","isPartOf":{"@id":"https:\/\/www.meslibellules.fr\/blog\/2024\/08\/04\/mnesarete-cupraea\/"},"author":{"name":"Beno\u00eet Guillon","@id":"https:\/\/www.meslibellules.fr\/blog\/#\/schema\/person\/9aa3586f9dd053fcf329f43b8b053c77"},"headline":"P\u00e9rou &#8211; Mnesarete cupraea (Selys, 1853)","datePublished":"2024-08-04T04:21:34+00:00","dateModified":"2024-08-04T04:21:35+00:00","mainEntityOfPage":{"@id":"https:\/\/www.meslibellules.fr\/blog\/2024\/08\/04\/mnesarete-cupraea\/"},"wordCount":460,"commentCount":0,"publisher":{"@id":"https:\/\/www.meslibellules.fr\/blog\/#\/schema\/person\/9aa3586f9dd053fcf329f43b8b053c77"},"image":{"@id":"https:\/\/www.meslibellules.fr\/blog\/2024\/08\/04\/mnesarete-cupraea\/#primaryimage"},"thumbnailUrl":"https:\/\/www.meslibellules.fr\/blog\/wp-content\/uploads\/Mnesarete-cupraea-male-1.webp","keywords":["Calopterygidae - P\u00e9rou","P\u00e9rou"],"articleSection":["Calopterygidae","P\u00e9rou"],"inLanguage":"fr-FR","potentialAction":[{"@type":"CommentAction","name":"Comment","target":["https:\/\/www.meslibellules.fr\/blog\/2024\/08\/04\/mnesarete-cupraea\/#respond"]}]},{"@type":"WebPage","@id":"https:\/\/www.meslibellules.fr\/blog\/2024\/08\/04\/mnesarete-cupraea\/","url":"https:\/\/www.meslibellules.fr\/blog\/2024\/08\/04\/mnesarete-cupraea\/","name":"Mnesarete cupraea - Mes Libellules","isPartOf":{"@id":"https:\/\/www.meslibellules.fr\/blog\/#website"},"primaryImageOfPage":{"@id":"https:\/\/www.meslibellules.fr\/blog\/2024\/08\/04\/mnesarete-cupraea\/#primaryimage"},"image":{"@id":"https:\/\/www.meslibellules.fr\/blog\/2024\/08\/04\/mnesarete-cupraea\/#primaryimage"},"thumbnailUrl":"https:\/\/www.meslibellules.fr\/blog\/wp-content\/uploads\/Mnesarete-cupraea-male-1.webp","datePublished":"2024-08-04T04:21:34+00:00","dateModified":"2024-08-04T04:21:35+00:00","description":"Mnesarete cupraea m\u00e2le au P\u00e9rou, description, identification, taille, habitat, distribution g\u00e9ographique, \u00e9tymologie","breadcrumb":{"@id":"https:\/\/www.meslibellules.fr\/blog\/2024\/08\/04\/mnesarete-cupraea\/#breadcrumb"},"inLanguage":"fr-FR","potentialAction":[{"@type":"ReadAction","target":["https:\/\/www.meslibellules.fr\/blog\/2024\/08\/04\/mnesarete-cupraea\/"]}]},{"@type":"ImageObject","inLanguage":"fr-FR","@id":"https:\/\/www.meslibellules.fr\/blog\/2024\/08\/04\/mnesarete-cupraea\/#primaryimage","url":"https:\/\/www.meslibellules.fr\/blog\/wp-content\/uploads\/Mnesarete-cupraea-male-1.webp","contentUrl":"https:\/\/www.meslibellules.fr\/blog\/wp-content\/uploads\/Mnesarete-cupraea-male-1.webp"},{"@type":"BreadcrumbList","@id":"https:\/\/www.meslibellules.fr\/blog\/2024\/08\/04\/mnesarete-cupraea\/#breadcrumb","itemListElement":[{"@type":"ListItem","position":1,"name":"Accueil","item":"https:\/\/www.meslibellules.fr\/blog\/"},{"@type":"ListItem","position":2,"name":"P\u00e9rou &#8211; Mnesarete cupraea (Selys, 1853)"}]},{"@type":"WebSite","@id":"https:\/\/www.meslibellules.fr\/blog\/#website","url":"https:\/\/www.meslibellules.fr\/blog\/","name":"Mes Libellules","description":"Pr\u00e9sentation des libellules rencontr\u00e9es dans le monde","publisher":{"@id":"https:\/\/www.meslibellules.fr\/blog\/#\/schema\/person\/9aa3586f9dd053fcf329f43b8b053c77"},"potentialAction":[{"@type":"SearchAction","target":{"@type":"EntryPoint","urlTemplate":"https:\/\/www.meslibellules.fr\/blog\/?s={search_term_string}"},"query-input":{"@type":"PropertyValueSpecification","valueRequired":true,"valueName":"search_term_string"}}],"inLanguage":"fr-FR"},{"@type":["Person","Organization"],"@id":"https:\/\/www.meslibellules.fr\/blog\/#\/schema\/person\/9aa3586f9dd053fcf329f43b8b053c77","name":"Beno\u00eet Guillon","image":{"@type":"ImageObject","inLanguage":"fr-FR","@id":"https:\/\/www.meslibellules.fr\/blog\/wp-content\/uploads\/cropped-avatar-150-pix.jpg","url":"https:\/\/www.meslibellules.fr\/blog\/wp-content\/uploads\/cropped-avatar-150-pix.jpg","contentUrl":"https:\/\/www.meslibellules.fr\/blog\/wp-content\/uploads\/cropped-avatar-150-pix.jpg","width":150,"height":137,"caption":"Beno\u00eet Guillon"},"logo":{"@id":"https:\/\/www.meslibellules.fr\/blog\/wp-content\/uploads\/cropped-avatar-150-pix.jpg"},"sameAs":["https:\/\/www.facebook.com\/benoit.guillon.96\/"]}]}},"_links":{"self":[{"href":"https:\/\/www.meslibellules.fr\/blog\/wp-json\/wp\/v2\/posts\/20588","targetHints":{"allow":["GET"]}}],"collection":[{"href":"https:\/\/www.meslibellules.fr\/blog\/wp-json\/wp\/v2\/posts"}],"about":[{"href":"https:\/\/www.meslibellules.fr\/blog\/wp-json\/wp\/v2\/types\/post"}],"author":[{"embeddable":true,"href":"https:\/\/www.meslibellules.fr\/blog\/wp-json\/wp\/v2\/users\/1"}],"replies":[{"embeddable":true,"href":"https:\/\/www.meslibellules.fr\/blog\/wp-json\/wp\/v2\/comments?post=20588"}],"version-history":[{"count":0,"href":"https:\/\/www.meslibellules.fr\/blog\/wp-json\/wp\/v2\/posts\/20588\/revisions"}],"wp:attachment":[{"href":"https:\/\/www.meslibellules.fr\/blog\/wp-json\/wp\/v2\/media?parent=20588"}],"wp:term":[{"taxonomy":"category","embeddable":true,"href":"https:\/\/www.meslibellules.fr\/blog\/wp-json\/wp\/v2\/categories?post=20588"},{"taxonomy":"post_tag","embeddable":true,"href":"https:\/\/www.meslibellules.fr\/blog\/wp-json\/wp\/v2\/tags?post=20588"}],"curies":[{"name":"wp","href":"https:\/\/api.w.org\/{rel}","templated":true}]}}