{"id":20692,"date":"2024-08-07T09:28:04","date_gmt":"2024-08-07T07:28:04","guid":{"rendered":"https:\/\/www.meslibellules.fr\/blog\/?p=20692"},"modified":"2024-08-07T12:27:24","modified_gmt":"2024-08-07T10:27:24","slug":"comparer-orthetrum-coerulescens-et-orthetrum-brunneum","status":"publish","type":"post","link":"https:\/\/www.meslibellules.fr\/blog\/2024\/08\/07\/comparer-orthetrum-coerulescens-et-orthetrum-brunneum\/","title":{"rendered":"Comparer Orthetrum coerulescens et Orthetrum brunneum"},"content":{"rendered":"\n<p>Faire un montage photo pour comparer Orthetrum coerulescens et Orthetrum brunneum peut sembler \u00e9tonnant quand on voit la photo ci-dessous ; ils semblent faciles \u00e0 diff\u00e9rencier. Mais, dans la nature, il est rare de les trouver pos\u00e9s l&rsquo;un \u00e0 c\u00f4t\u00e9 de l&rsquo;autre pour avoir le loisir de les d\u00e9tailler.<br>D&rsquo;autant que leur aspect n&rsquo;est pas toujours aussi diff\u00e9rent, on sait que la coloration des odonates \u00e9volue consid\u00e9rablement avec l&rsquo;\u00e2ge.<\/p>\n\n\n\n<figure class=\"wp-block-image aligncenter size-full\"><a href=\"https:\/\/www.meslibellules.fr\/blog\/wp-content\/uploads\/Orthetrum-coerulescens-vs-brunneum-1-scaled.webp\"><img decoding=\"async\" width=\"2560\" height=\"877\" data-src=\"https:\/\/www.meslibellules.fr\/blog\/wp-content\/uploads\/Orthetrum-coerulescens-vs-brunneum-1-scaled.webp\" alt=\"Orthetrum coerulescens &amp; brunneum, photo comparative.\" class=\"wp-image-20691 lazyload\" data-srcset=\"https:\/\/www.meslibellules.fr\/blog\/wp-content\/uploads\/Orthetrum-coerulescens-vs-brunneum-1-scaled.webp 2560w, https:\/\/www.meslibellules.fr\/blog\/wp-content\/uploads\/Orthetrum-coerulescens-vs-brunneum-1-768x263.webp 768w, https:\/\/www.meslibellules.fr\/blog\/wp-content\/uploads\/Orthetrum-coerulescens-vs-brunneum-1-1536x526.webp 1536w, https:\/\/www.meslibellules.fr\/blog\/wp-content\/uploads\/Orthetrum-coerulescens-vs-brunneum-1-2048x702.webp 2048w\" data-sizes=\"(max-width: 2560px) 100vw, 2560px\" src=\"data:image\/svg+xml;base64,PHN2ZyB3aWR0aD0iMSIgaGVpZ2h0PSIxIiB4bWxucz0iaHR0cDovL3d3dy53My5vcmcvMjAwMC9zdmciPjwvc3ZnPg==\" style=\"--smush-placeholder-width: 2560px; --smush-placeholder-aspect-ratio: 2560\/877;\" \/><\/a><figcaption class=\"wp-element-caption\">Orthetrum coerulescens &amp; brunneum, photo comparative.<\/figcaption><\/figure>\n\n\n\n<p>Mais quelques d\u00e9tails \u00e9lev\u00e9s au rang de crit\u00e8res sont toujours pr\u00e9sents et permettent de diff\u00e9rencier Orthetrum coerulescens et Orthetrum brunneum :<br \/>&#8211; <span style=\"text-decoration: underline;\">la face<\/span>, brune pour O. coerulescens, p\u00e2le pour O. brunneum : ce d\u00e9tail est tr\u00e8s utile et parfois le seul possible \u00e0 mettre en \u0153uvre.<br \/>&#8211; <span style=\"text-decoration: underline;\">le thorax<\/span> est le plus souvent brun pour O. coerulescens, mais parfois, dans le sud de la France, <a href=\"https:\/\/www.meslibellules.fr\/blog\/wp-content\/uploads\/Orthetrum-coerulescens-thorax-bleu.webp\">couvert d&rsquo;une pruinosit\u00e9 bleue <em>incompl\u00e8te ou sale<\/em> <\/a>alors qu&rsquo;il est couvert d&rsquo;une pruine bleue, bien r\u00e9guli\u00e8re pour O. brunneum.<br \/>&#8211; <span style=\"text-decoration: underline;\">les pt\u00e9rostigmas<\/span> de O. coerulescens sont plus longs que ceux de O. brunneum<br \/>&#8211; <span style=\"text-decoration: underline;\">les pattes<\/span> de O. coerulescens sont brunes, celle de O. brunneum noires.<br \/>&#8211; <span style=\"text-decoration: underline;\">l&rsquo;abdomen<\/span> de O. coerulescens (plus petit) est plus fin que celui de son cousin.\u00a0<br \/><br \/>J&rsquo;omets ici le crit\u00e8re de veination, qu&rsquo;on ne peut pas voir correctement sur cette photo et qui est trait\u00e9 <a href=\"https:\/\/www.meslibellules.fr\/pagesweb\/libellulidae\/orthetrum\/brunneum\/comparaison-ailes-orthetrum-brunneum-coerulescens-femelle.php\">sur cette page<\/a> consacr\u00e9e aux femelles de ces deux esp\u00e8ces, et qui est aussi valable pour les m\u00e2les.<br \/><br \/><\/p>\n\n\n\n<div style=\"height:33px\" aria-hidden=\"true\" class=\"wp-block-spacer\"><\/div>\n\n\n\n<div class=\"wp-block-buttons is-content-justification-center is-layout-flex wp-container-core-buttons-is-layout-a89b3969 wp-block-buttons-is-layout-flex\">\n<div class=\"wp-block-button\"><a class=\"wp-block-button__link wp-element-button\" href=\"https:\/\/www.meslibellules.fr\/blog\/orthetrum-coerulescens\/\">Accueil O. coerulescens<\/a><\/div>\n\n\n\n<div class=\"wp-block-button\"><a class=\"wp-block-button__link wp-element-button\" href=\"https:\/\/www.meslibellules.fr\/blog\/orthetrum-brunneum\/\">Accueil O. brunneum<\/a><\/div>\n<\/div>\n","protected":false},"excerpt":{"rendered":"<p>Faire un montage photo pour comparer Orthetrum coerulescens et Orthetrum brunneum peut sembler \u00e9tonnant quand on voit la photo ci-dessous ; ils semblent faciles \u00e0 diff\u00e9rencier. Mais, dans la nature, il est rare de les trouver pos\u00e9s l&rsquo;un \u00e0 c\u00f4t\u00e9 de l&rsquo;autre pour avoir le loisir de les d\u00e9tailler.D&rsquo;autant que leur aspect n&rsquo;est pas toujours [&hellip;]<\/p>\n","protected":false},"author":1,"featured_media":0,"comment_status":"open","ping_status":"open","sticky":false,"template":"","format":"image","meta":{"site-sidebar-layout":"default","site-content-layout":"","ast-site-content-layout":"default","site-content-style":"default","site-sidebar-style":"default","ast-global-header-display":"","ast-banner-title-visibility":"","ast-main-header-display":"","ast-hfb-above-header-display":"","ast-hfb-below-header-display":"","ast-hfb-mobile-header-display":"","site-post-title":"","ast-breadcrumbs-content":"","ast-featured-img":"","footer-sml-layout":"","ast-disable-related-posts":"","theme-transparent-header-meta":"","adv-header-id-meta":"","stick-header-meta":"","header-above-stick-meta":"","header-main-stick-meta":"","header-below-stick-meta":"","astra-migrate-meta-layouts":"set","ast-page-background-enabled":"default","ast-page-background-meta":{"desktop":{"background-color":"var(--ast-global-color-4)","background-image":"","background-repeat":"repeat","background-position":"center center","background-size":"auto","background-attachment":"scroll","background-type":"","background-media":"","overlay-type":"","overlay-color":"","overlay-opacity":"","overlay-gradient":""},"tablet":{"background-color":"","background-image":"","background-repeat":"repeat","background-position":"center center","background-size":"auto","background-attachment":"scroll","background-type":"","background-media":"","overlay-type":"","overlay-color":"","overlay-opacity":"","overlay-gradient":""},"mobile":{"background-color":"","background-image":"","background-repeat":"repeat","background-position":"center center","background-size":"auto","background-attachment":"scroll","background-type":"","background-media":"","overlay-type":"","overlay-color":"","overlay-opacity":"","overlay-gradient":""}},"ast-content-background-meta":{"desktop":{"background-color":"var(--ast-global-color-5)","background-image":"","background-repeat":"repeat","background-position":"center center","background-size":"auto","background-attachment":"scroll","background-type":"","background-media":"","overlay-type":"","overlay-color":"","overlay-opacity":"","overlay-gradient":""},"tablet":{"background-color":"var(--ast-global-color-5)","background-image":"","background-repeat":"repeat","background-position":"center center","background-size":"auto","background-attachment":"scroll","background-type":"","background-media":"","overlay-type":"","overlay-color":"","overlay-opacity":"","overlay-gradient":""},"mobile":{"background-color":"var(--ast-global-color-5)","background-image":"","background-repeat":"repeat","background-position":"center center","background-size":"auto","background-attachment":"scroll","background-type":"","background-media":"","overlay-type":"","overlay-color":"","overlay-opacity":"","overlay-gradient":""}},"footnotes":""},"categories":[1],"tags":[],"class_list":["post-20692","post","type-post","status-publish","format-image","hentry","category-non-classe","post_format-post-format-image"],"yoast_head":"<!-- This site is optimized with the Yoast SEO plugin v27.5 - https:\/\/yoast.com\/product\/yoast-seo-wordpress\/ -->\n<title>Comparer Orthetrum coerulescens et Orthetrum brunneum - Mes Libellules<\/title>\n<meta name=\"description\" content=\"Comparer Orthetrum coerulescens et Orthetrum brunneum, listes des crit\u00e8res comparatifs permettant de diff\u00e9rencier les 2 esp\u00e8ces\" \/>\n<meta name=\"robots\" content=\"index, follow, max-snippet:-1, max-image-preview:large, max-video-preview:-1\" \/>\n<link rel=\"canonical\" href=\"https:\/\/www.meslibellules.fr\/blog\/2024\/08\/07\/comparer-orthetrum-coerulescens-et-orthetrum-brunneum\/\" \/>\n<meta property=\"og:locale\" content=\"fr_FR\" \/>\n<meta property=\"og:type\" content=\"article\" \/>\n<meta property=\"og:title\" content=\"Comparer Orthetrum coerulescens et Orthetrum brunneum - Mes Libellules\" \/>\n<meta property=\"og:description\" content=\"Comparer Orthetrum coerulescens et Orthetrum brunneum, listes des crit\u00e8res comparatifs permettant de diff\u00e9rencier les 2 esp\u00e8ces\" \/>\n<meta property=\"og:url\" content=\"https:\/\/www.meslibellules.fr\/blog\/2024\/08\/07\/comparer-orthetrum-coerulescens-et-orthetrum-brunneum\/\" \/>\n<meta property=\"og:site_name\" content=\"Mes Libellules\" \/>\n<meta property=\"article:publisher\" content=\"https:\/\/www.facebook.com\/benoit.guillon.96\/\" \/>\n<meta property=\"article:author\" content=\"https:\/\/www.facebook.com\/benoit.guillon.96\/\" \/>\n<meta property=\"article:published_time\" content=\"2024-08-07T07:28:04+00:00\" \/>\n<meta property=\"article:modified_time\" content=\"2024-08-07T10:27:24+00:00\" \/>\n<meta property=\"og:image\" content=\"https:\/\/www.meslibellules.fr\/blog\/wp-content\/uploads\/Orthetrum-coerulescens-vs-brunneum-1-scaled.webp\" \/>\n<meta name=\"author\" content=\"Beno\u00eet Guillon\" \/>\n<meta name=\"twitter:card\" content=\"summary_large_image\" \/>\n<meta name=\"twitter:label1\" content=\"\u00c9crit par\" \/>\n\t<meta name=\"twitter:data1\" content=\"Beno\u00eet Guillon\" \/>\n\t<meta name=\"twitter:label2\" content=\"Dur\u00e9e de lecture estim\u00e9e\" \/>\n\t<meta name=\"twitter:data2\" content=\"2 minutes\" \/>\n<script type=\"application\/ld+json\" class=\"yoast-schema-graph\">{\"@context\":\"https:\\\/\\\/schema.org\",\"@graph\":[{\"@type\":\"Article\",\"@id\":\"https:\\\/\\\/www.meslibellules.fr\\\/blog\\\/2024\\\/08\\\/07\\\/comparer-orthetrum-coerulescens-et-orthetrum-brunneum\\\/#article\",\"isPartOf\":{\"@id\":\"https:\\\/\\\/www.meslibellules.fr\\\/blog\\\/2024\\\/08\\\/07\\\/comparer-orthetrum-coerulescens-et-orthetrum-brunneum\\\/\"},\"author\":{\"name\":\"Beno\u00eet Guillon\",\"@id\":\"https:\\\/\\\/www.meslibellules.fr\\\/blog\\\/#\\\/schema\\\/person\\\/9aa3586f9dd053fcf329f43b8b053c77\"},\"headline\":\"Comparer Orthetrum coerulescens et Orthetrum brunneum\",\"datePublished\":\"2024-08-07T07:28:04+00:00\",\"dateModified\":\"2024-08-07T10:27:24+00:00\",\"mainEntityOfPage\":{\"@id\":\"https:\\\/\\\/www.meslibellules.fr\\\/blog\\\/2024\\\/08\\\/07\\\/comparer-orthetrum-coerulescens-et-orthetrum-brunneum\\\/\"},\"wordCount\":277,\"commentCount\":0,\"publisher\":{\"@id\":\"https:\\\/\\\/www.meslibellules.fr\\\/blog\\\/#\\\/schema\\\/person\\\/9aa3586f9dd053fcf329f43b8b053c77\"},\"image\":{\"@id\":\"https:\\\/\\\/www.meslibellules.fr\\\/blog\\\/2024\\\/08\\\/07\\\/comparer-orthetrum-coerulescens-et-orthetrum-brunneum\\\/#primaryimage\"},\"thumbnailUrl\":\"https:\\\/\\\/www.meslibellules.fr\\\/blog\\\/wp-content\\\/uploads\\\/Orthetrum-coerulescens-vs-brunneum-1-scaled.webp\",\"inLanguage\":\"fr-FR\",\"potentialAction\":[{\"@type\":\"CommentAction\",\"name\":\"Comment\",\"target\":[\"https:\\\/\\\/www.meslibellules.fr\\\/blog\\\/2024\\\/08\\\/07\\\/comparer-orthetrum-coerulescens-et-orthetrum-brunneum\\\/#respond\"]}]},{\"@type\":\"WebPage\",\"@id\":\"https:\\\/\\\/www.meslibellules.fr\\\/blog\\\/2024\\\/08\\\/07\\\/comparer-orthetrum-coerulescens-et-orthetrum-brunneum\\\/\",\"url\":\"https:\\\/\\\/www.meslibellules.fr\\\/blog\\\/2024\\\/08\\\/07\\\/comparer-orthetrum-coerulescens-et-orthetrum-brunneum\\\/\",\"name\":\"Comparer Orthetrum coerulescens et Orthetrum brunneum - Mes Libellules\",\"isPartOf\":{\"@id\":\"https:\\\/\\\/www.meslibellules.fr\\\/blog\\\/#website\"},\"primaryImageOfPage\":{\"@id\":\"https:\\\/\\\/www.meslibellules.fr\\\/blog\\\/2024\\\/08\\\/07\\\/comparer-orthetrum-coerulescens-et-orthetrum-brunneum\\\/#primaryimage\"},\"image\":{\"@id\":\"https:\\\/\\\/www.meslibellules.fr\\\/blog\\\/2024\\\/08\\\/07\\\/comparer-orthetrum-coerulescens-et-orthetrum-brunneum\\\/#primaryimage\"},\"thumbnailUrl\":\"https:\\\/\\\/www.meslibellules.fr\\\/blog\\\/wp-content\\\/uploads\\\/Orthetrum-coerulescens-vs-brunneum-1-scaled.webp\",\"datePublished\":\"2024-08-07T07:28:04+00:00\",\"dateModified\":\"2024-08-07T10:27:24+00:00\",\"description\":\"Comparer Orthetrum coerulescens et Orthetrum brunneum, listes des crit\u00e8res comparatifs permettant de diff\u00e9rencier les 2 esp\u00e8ces\",\"breadcrumb\":{\"@id\":\"https:\\\/\\\/www.meslibellules.fr\\\/blog\\\/2024\\\/08\\\/07\\\/comparer-orthetrum-coerulescens-et-orthetrum-brunneum\\\/#breadcrumb\"},\"inLanguage\":\"fr-FR\",\"potentialAction\":[{\"@type\":\"ReadAction\",\"target\":[\"https:\\\/\\\/www.meslibellules.fr\\\/blog\\\/2024\\\/08\\\/07\\\/comparer-orthetrum-coerulescens-et-orthetrum-brunneum\\\/\"]}]},{\"@type\":\"ImageObject\",\"inLanguage\":\"fr-FR\",\"@id\":\"https:\\\/\\\/www.meslibellules.fr\\\/blog\\\/2024\\\/08\\\/07\\\/comparer-orthetrum-coerulescens-et-orthetrum-brunneum\\\/#primaryimage\",\"url\":\"https:\\\/\\\/www.meslibellules.fr\\\/blog\\\/wp-content\\\/uploads\\\/Orthetrum-coerulescens-vs-brunneum-1-scaled.webp\",\"contentUrl\":\"https:\\\/\\\/www.meslibellules.fr\\\/blog\\\/wp-content\\\/uploads\\\/Orthetrum-coerulescens-vs-brunneum-1-scaled.webp\"},{\"@type\":\"BreadcrumbList\",\"@id\":\"https:\\\/\\\/www.meslibellules.fr\\\/blog\\\/2024\\\/08\\\/07\\\/comparer-orthetrum-coerulescens-et-orthetrum-brunneum\\\/#breadcrumb\",\"itemListElement\":[{\"@type\":\"ListItem\",\"position\":1,\"name\":\"Accueil\",\"item\":\"https:\\\/\\\/www.meslibellules.fr\\\/blog\\\/\"},{\"@type\":\"ListItem\",\"position\":2,\"name\":\"Comparer Orthetrum coerulescens et Orthetrum brunneum\"}]},{\"@type\":\"WebSite\",\"@id\":\"https:\\\/\\\/www.meslibellules.fr\\\/blog\\\/#website\",\"url\":\"https:\\\/\\\/www.meslibellules.fr\\\/blog\\\/\",\"name\":\"Mes Libellules\",\"description\":\"Pr\u00e9sentation des libellules rencontr\u00e9es dans le monde\",\"publisher\":{\"@id\":\"https:\\\/\\\/www.meslibellules.fr\\\/blog\\\/#\\\/schema\\\/person\\\/9aa3586f9dd053fcf329f43b8b053c77\"},\"potentialAction\":[{\"@type\":\"SearchAction\",\"target\":{\"@type\":\"EntryPoint\",\"urlTemplate\":\"https:\\\/\\\/www.meslibellules.fr\\\/blog\\\/?s={search_term_string}\"},\"query-input\":{\"@type\":\"PropertyValueSpecification\",\"valueRequired\":true,\"valueName\":\"search_term_string\"}}],\"inLanguage\":\"fr-FR\"},{\"@type\":[\"Person\",\"Organization\"],\"@id\":\"https:\\\/\\\/www.meslibellules.fr\\\/blog\\\/#\\\/schema\\\/person\\\/9aa3586f9dd053fcf329f43b8b053c77\",\"name\":\"Beno\u00eet Guillon\",\"image\":{\"@type\":\"ImageObject\",\"inLanguage\":\"fr-FR\",\"@id\":\"https:\\\/\\\/www.meslibellules.fr\\\/blog\\\/wp-content\\\/uploads\\\/cropped-avatar-150-pix.jpg\",\"url\":\"https:\\\/\\\/www.meslibellules.fr\\\/blog\\\/wp-content\\\/uploads\\\/cropped-avatar-150-pix.jpg\",\"contentUrl\":\"https:\\\/\\\/www.meslibellules.fr\\\/blog\\\/wp-content\\\/uploads\\\/cropped-avatar-150-pix.jpg\",\"width\":150,\"height\":137,\"caption\":\"Beno\u00eet Guillon\"},\"logo\":{\"@id\":\"https:\\\/\\\/www.meslibellules.fr\\\/blog\\\/wp-content\\\/uploads\\\/cropped-avatar-150-pix.jpg\"},\"sameAs\":[\"https:\\\/\\\/www.facebook.com\\\/benoit.guillon.96\\\/\"]}]}<\/script>\n<!-- \/ Yoast SEO plugin. -->","yoast_head_json":{"title":"Comparer Orthetrum coerulescens et Orthetrum brunneum - Mes Libellules","description":"Comparer Orthetrum coerulescens et Orthetrum brunneum, listes des crit\u00e8res comparatifs permettant de diff\u00e9rencier les 2 esp\u00e8ces","robots":{"index":"index","follow":"follow","max-snippet":"max-snippet:-1","max-image-preview":"max-image-preview:large","max-video-preview":"max-video-preview:-1"},"canonical":"https:\/\/www.meslibellules.fr\/blog\/2024\/08\/07\/comparer-orthetrum-coerulescens-et-orthetrum-brunneum\/","og_locale":"fr_FR","og_type":"article","og_title":"Comparer Orthetrum coerulescens et Orthetrum brunneum - Mes Libellules","og_description":"Comparer Orthetrum coerulescens et Orthetrum brunneum, listes des crit\u00e8res comparatifs permettant de diff\u00e9rencier les 2 esp\u00e8ces","og_url":"https:\/\/www.meslibellules.fr\/blog\/2024\/08\/07\/comparer-orthetrum-coerulescens-et-orthetrum-brunneum\/","og_site_name":"Mes Libellules","article_publisher":"https:\/\/www.facebook.com\/benoit.guillon.96\/","article_author":"https:\/\/www.facebook.com\/benoit.guillon.96\/","article_published_time":"2024-08-07T07:28:04+00:00","article_modified_time":"2024-08-07T10:27:24+00:00","og_image":[{"url":"https:\/\/www.meslibellules.fr\/blog\/wp-content\/uploads\/Orthetrum-coerulescens-vs-brunneum-1-scaled.webp","type":"","width":"","height":""}],"author":"Beno\u00eet Guillon","twitter_card":"summary_large_image","twitter_misc":{"\u00c9crit par":"Beno\u00eet Guillon","Dur\u00e9e de lecture estim\u00e9e":"2 minutes"},"schema":{"@context":"https:\/\/schema.org","@graph":[{"@type":"Article","@id":"https:\/\/www.meslibellules.fr\/blog\/2024\/08\/07\/comparer-orthetrum-coerulescens-et-orthetrum-brunneum\/#article","isPartOf":{"@id":"https:\/\/www.meslibellules.fr\/blog\/2024\/08\/07\/comparer-orthetrum-coerulescens-et-orthetrum-brunneum\/"},"author":{"name":"Beno\u00eet Guillon","@id":"https:\/\/www.meslibellules.fr\/blog\/#\/schema\/person\/9aa3586f9dd053fcf329f43b8b053c77"},"headline":"Comparer Orthetrum coerulescens et Orthetrum brunneum","datePublished":"2024-08-07T07:28:04+00:00","dateModified":"2024-08-07T10:27:24+00:00","mainEntityOfPage":{"@id":"https:\/\/www.meslibellules.fr\/blog\/2024\/08\/07\/comparer-orthetrum-coerulescens-et-orthetrum-brunneum\/"},"wordCount":277,"commentCount":0,"publisher":{"@id":"https:\/\/www.meslibellules.fr\/blog\/#\/schema\/person\/9aa3586f9dd053fcf329f43b8b053c77"},"image":{"@id":"https:\/\/www.meslibellules.fr\/blog\/2024\/08\/07\/comparer-orthetrum-coerulescens-et-orthetrum-brunneum\/#primaryimage"},"thumbnailUrl":"https:\/\/www.meslibellules.fr\/blog\/wp-content\/uploads\/Orthetrum-coerulescens-vs-brunneum-1-scaled.webp","inLanguage":"fr-FR","potentialAction":[{"@type":"CommentAction","name":"Comment","target":["https:\/\/www.meslibellules.fr\/blog\/2024\/08\/07\/comparer-orthetrum-coerulescens-et-orthetrum-brunneum\/#respond"]}]},{"@type":"WebPage","@id":"https:\/\/www.meslibellules.fr\/blog\/2024\/08\/07\/comparer-orthetrum-coerulescens-et-orthetrum-brunneum\/","url":"https:\/\/www.meslibellules.fr\/blog\/2024\/08\/07\/comparer-orthetrum-coerulescens-et-orthetrum-brunneum\/","name":"Comparer Orthetrum coerulescens et Orthetrum brunneum - Mes Libellules","isPartOf":{"@id":"https:\/\/www.meslibellules.fr\/blog\/#website"},"primaryImageOfPage":{"@id":"https:\/\/www.meslibellules.fr\/blog\/2024\/08\/07\/comparer-orthetrum-coerulescens-et-orthetrum-brunneum\/#primaryimage"},"image":{"@id":"https:\/\/www.meslibellules.fr\/blog\/2024\/08\/07\/comparer-orthetrum-coerulescens-et-orthetrum-brunneum\/#primaryimage"},"thumbnailUrl":"https:\/\/www.meslibellules.fr\/blog\/wp-content\/uploads\/Orthetrum-coerulescens-vs-brunneum-1-scaled.webp","datePublished":"2024-08-07T07:28:04+00:00","dateModified":"2024-08-07T10:27:24+00:00","description":"Comparer Orthetrum coerulescens et Orthetrum brunneum, listes des crit\u00e8res comparatifs permettant de diff\u00e9rencier les 2 esp\u00e8ces","breadcrumb":{"@id":"https:\/\/www.meslibellules.fr\/blog\/2024\/08\/07\/comparer-orthetrum-coerulescens-et-orthetrum-brunneum\/#breadcrumb"},"inLanguage":"fr-FR","potentialAction":[{"@type":"ReadAction","target":["https:\/\/www.meslibellules.fr\/blog\/2024\/08\/07\/comparer-orthetrum-coerulescens-et-orthetrum-brunneum\/"]}]},{"@type":"ImageObject","inLanguage":"fr-FR","@id":"https:\/\/www.meslibellules.fr\/blog\/2024\/08\/07\/comparer-orthetrum-coerulescens-et-orthetrum-brunneum\/#primaryimage","url":"https:\/\/www.meslibellules.fr\/blog\/wp-content\/uploads\/Orthetrum-coerulescens-vs-brunneum-1-scaled.webp","contentUrl":"https:\/\/www.meslibellules.fr\/blog\/wp-content\/uploads\/Orthetrum-coerulescens-vs-brunneum-1-scaled.webp"},{"@type":"BreadcrumbList","@id":"https:\/\/www.meslibellules.fr\/blog\/2024\/08\/07\/comparer-orthetrum-coerulescens-et-orthetrum-brunneum\/#breadcrumb","itemListElement":[{"@type":"ListItem","position":1,"name":"Accueil","item":"https:\/\/www.meslibellules.fr\/blog\/"},{"@type":"ListItem","position":2,"name":"Comparer Orthetrum coerulescens et Orthetrum brunneum"}]},{"@type":"WebSite","@id":"https:\/\/www.meslibellules.fr\/blog\/#website","url":"https:\/\/www.meslibellules.fr\/blog\/","name":"Mes Libellules","description":"Pr\u00e9sentation des libellules rencontr\u00e9es dans le monde","publisher":{"@id":"https:\/\/www.meslibellules.fr\/blog\/#\/schema\/person\/9aa3586f9dd053fcf329f43b8b053c77"},"potentialAction":[{"@type":"SearchAction","target":{"@type":"EntryPoint","urlTemplate":"https:\/\/www.meslibellules.fr\/blog\/?s={search_term_string}"},"query-input":{"@type":"PropertyValueSpecification","valueRequired":true,"valueName":"search_term_string"}}],"inLanguage":"fr-FR"},{"@type":["Person","Organization"],"@id":"https:\/\/www.meslibellules.fr\/blog\/#\/schema\/person\/9aa3586f9dd053fcf329f43b8b053c77","name":"Beno\u00eet Guillon","image":{"@type":"ImageObject","inLanguage":"fr-FR","@id":"https:\/\/www.meslibellules.fr\/blog\/wp-content\/uploads\/cropped-avatar-150-pix.jpg","url":"https:\/\/www.meslibellules.fr\/blog\/wp-content\/uploads\/cropped-avatar-150-pix.jpg","contentUrl":"https:\/\/www.meslibellules.fr\/blog\/wp-content\/uploads\/cropped-avatar-150-pix.jpg","width":150,"height":137,"caption":"Beno\u00eet Guillon"},"logo":{"@id":"https:\/\/www.meslibellules.fr\/blog\/wp-content\/uploads\/cropped-avatar-150-pix.jpg"},"sameAs":["https:\/\/www.facebook.com\/benoit.guillon.96\/"]}]}},"_links":{"self":[{"href":"https:\/\/www.meslibellules.fr\/blog\/wp-json\/wp\/v2\/posts\/20692","targetHints":{"allow":["GET"]}}],"collection":[{"href":"https:\/\/www.meslibellules.fr\/blog\/wp-json\/wp\/v2\/posts"}],"about":[{"href":"https:\/\/www.meslibellules.fr\/blog\/wp-json\/wp\/v2\/types\/post"}],"author":[{"embeddable":true,"href":"https:\/\/www.meslibellules.fr\/blog\/wp-json\/wp\/v2\/users\/1"}],"replies":[{"embeddable":true,"href":"https:\/\/www.meslibellules.fr\/blog\/wp-json\/wp\/v2\/comments?post=20692"}],"version-history":[{"count":0,"href":"https:\/\/www.meslibellules.fr\/blog\/wp-json\/wp\/v2\/posts\/20692\/revisions"}],"wp:attachment":[{"href":"https:\/\/www.meslibellules.fr\/blog\/wp-json\/wp\/v2\/media?parent=20692"}],"wp:term":[{"taxonomy":"category","embeddable":true,"href":"https:\/\/www.meslibellules.fr\/blog\/wp-json\/wp\/v2\/categories?post=20692"},{"taxonomy":"post_tag","embeddable":true,"href":"https:\/\/www.meslibellules.fr\/blog\/wp-json\/wp\/v2\/tags?post=20692"}],"curies":[{"name":"wp","href":"https:\/\/api.w.org\/{rel}","templated":true}]}}