{"id":20763,"date":"2024-08-13T20:00:09","date_gmt":"2024-08-13T18:00:09","guid":{"rendered":"https:\/\/www.meslibellules.fr\/blog\/?p=20763"},"modified":"2026-01-09T10:29:28","modified_gmt":"2026-01-09T09:29:28","slug":"coeliccia-loogali","status":"publish","type":"post","link":"https:\/\/www.meslibellules.fr\/blog\/2024\/08\/13\/coeliccia-loogali\/","title":{"rendered":"Tha\u00eflande &#8211; Coeliccia loogali (Laidlaw, 1932)"},"content":{"rendered":"\n<figure class=\"wp-block-image aligncenter size-full is-resized\"><a href=\"https:\/\/www.meslibellules.fr\/blog\/wp-content\/uploads\/Coeliccia-loogali-male-1.webp\"><img decoding=\"async\" width=\"2231\" height=\"1204\" data-src=\"https:\/\/www.meslibellules.fr\/blog\/wp-content\/uploads\/Coeliccia-loogali-male-1.webp\" alt=\"Coeliccia loogali m\u00e2le, Tha\u00eflande, Ban Luang, 02\/06\/2024\" class=\"wp-image-20743 lazyload\" style=\"--smush-placeholder-width: 2231px; --smush-placeholder-aspect-ratio: 2231\/1204;width:708px;height:auto\" data-srcset=\"https:\/\/www.meslibellules.fr\/blog\/wp-content\/uploads\/Coeliccia-loogali-male-1.webp 2231w, https:\/\/www.meslibellules.fr\/blog\/wp-content\/uploads\/Coeliccia-loogali-male-1-768x414.webp 768w, https:\/\/www.meslibellules.fr\/blog\/wp-content\/uploads\/Coeliccia-loogali-male-1-1536x829.webp 1536w, https:\/\/www.meslibellules.fr\/blog\/wp-content\/uploads\/Coeliccia-loogali-male-1-2048x1105.webp 2048w\" data-sizes=\"(max-width: 2231px) 100vw, 2231px\" src=\"data:image\/svg+xml;base64,PHN2ZyB3aWR0aD0iMSIgaGVpZ2h0PSIxIiB4bWxucz0iaHR0cDovL3d3dy53My5vcmcvMjAwMC9zdmciPjwvc3ZnPg==\" \/><\/a><figcaption class=\"wp-element-caption\">Coeliccia loogali m\u00e2le, Tha\u00eflande, Ban Luang, 02\/06\/2024<\/figcaption><\/figure>\n\n\n\n<p>Coeliccia loogali, Platycnemididae, est un des 5 Coeliccia que nous avons contact\u00e9 en Tha\u00eflande, un des 80 que comprend ce genre tr\u00e8s riche. De nombreuses esp\u00e8ces ont \u00e9t\u00e9 d\u00e9crites ces derni\u00e8res ann\u00e9es, comme <a href=\"https:\/\/www.meslibellules.fr\/blog\/2019\/04\/26\/vietnam-2018-coeliccia-sp-nov-c\/\">C. curua<\/a> ou <a href=\"https:\/\/www.meslibellules.fr\/blog\/2018\/12\/11\/coeliccia-pulchella\/\">C. pulchella<\/a> en 2020. Et m\u00eame si le genre est tr\u00e8s riche, l&rsquo;identification n&rsquo;est pas trop difficile, car ils diff\u00e8rent, pour ceux que j&rsquo;ai rencontr\u00e9s, en coloration ou\/et en motifs sur le thorax. <\/p>\n\n\n\n<figure class=\"wp-block-gallery has-nested-images columns-default is-cropped wp-block-gallery-1 is-layout-flex wp-block-gallery-is-layout-flex\">\n<figure class=\"wp-block-image size-large\"><a href=\"https:\/\/www.meslibellules.fr\/blog\/wp-content\/uploads\/Coeliccia-loogali-male-2.webp\"><img decoding=\"async\" width=\"2162\" height=\"1204\" data-id=\"20744\" data-src=\"https:\/\/www.meslibellules.fr\/blog\/wp-content\/uploads\/Coeliccia-loogali-male-2.webp\" alt=\"\" class=\"wp-image-20744 lazyload\" data-srcset=\"https:\/\/www.meslibellules.fr\/blog\/wp-content\/uploads\/Coeliccia-loogali-male-2.webp 2162w, https:\/\/www.meslibellules.fr\/blog\/wp-content\/uploads\/Coeliccia-loogali-male-2-768x428.webp 768w, https:\/\/www.meslibellules.fr\/blog\/wp-content\/uploads\/Coeliccia-loogali-male-2-1536x855.webp 1536w, https:\/\/www.meslibellules.fr\/blog\/wp-content\/uploads\/Coeliccia-loogali-male-2-2048x1141.webp 2048w\" data-sizes=\"(max-width: 2162px) 100vw, 2162px\" src=\"data:image\/svg+xml;base64,PHN2ZyB3aWR0aD0iMSIgaGVpZ2h0PSIxIiB4bWxucz0iaHR0cDovL3d3dy53My5vcmcvMjAwMC9zdmciPjwvc3ZnPg==\" style=\"--smush-placeholder-width: 2162px; --smush-placeholder-aspect-ratio: 2162\/1204;\" \/><\/a><\/figure>\n\n\n\n<figure class=\"wp-block-image size-large\"><a href=\"https:\/\/www.meslibellules.fr\/blog\/wp-content\/uploads\/Coeliccia-loogali-male-3.webp\"><img decoding=\"async\" width=\"2157\" height=\"1204\" data-id=\"20745\" data-src=\"https:\/\/www.meslibellules.fr\/blog\/wp-content\/uploads\/Coeliccia-loogali-male-3.webp\" alt=\"\" class=\"wp-image-20745 lazyload\" data-srcset=\"https:\/\/www.meslibellules.fr\/blog\/wp-content\/uploads\/Coeliccia-loogali-male-3.webp 2157w, https:\/\/www.meslibellules.fr\/blog\/wp-content\/uploads\/Coeliccia-loogali-male-3-768x429.webp 768w, https:\/\/www.meslibellules.fr\/blog\/wp-content\/uploads\/Coeliccia-loogali-male-3-1536x857.webp 1536w, https:\/\/www.meslibellules.fr\/blog\/wp-content\/uploads\/Coeliccia-loogali-male-3-2048x1143.webp 2048w\" data-sizes=\"(max-width: 2157px) 100vw, 2157px\" src=\"data:image\/svg+xml;base64,PHN2ZyB3aWR0aD0iMSIgaGVpZ2h0PSIxIiB4bWxucz0iaHR0cDovL3d3dy53My5vcmcvMjAwMC9zdmciPjwvc3ZnPg==\" style=\"--smush-placeholder-width: 2157px; --smush-placeholder-aspect-ratio: 2157\/1204;\" \/><\/a><\/figure>\n<figcaption class=\"blocks-gallery-caption wp-element-caption\">Coeliccia loogali m\u00e2le, Tha\u00eflande, Ban Luang, 02 &amp; 05\/06\/2024<\/figcaption><\/figure>\n\n\n\n<p>Coeliccia loogali m\u00e2le se reconna\u00eet par son abdomen compl\u00e8tement sombre dorsalement, la partie inf\u00e9rieure des yeux et du thorax bleu ciel et sa bande ant\u00e9hum\u00e9rale \u00e9galement bleu ciel, en virgule, plus ou moins longue. Noter le petit trait des taches postoculaires, tr\u00e8s post\u00e9rieures, caract\u00e9ristiques du genre.<br>Il a \u00e9t\u00e9 d\u00e9crit par Laidlaw (1) qui pr\u00e9cise que l&rsquo;abdomen du m\u00e2le atteint 43 mm (41 \u00e0 46 mm pour Asahina (2)) et son aile post\u00e9rieure 28 mm, il atteint donc une longueur totale d&rsquo;environ 51 mm.<\/p>\n\n\n\n<figure class=\"wp-block-gallery aligncenter has-nested-images columns-default is-cropped wp-block-gallery-2 is-layout-flex wp-block-gallery-is-layout-flex\">\n<figure class=\"wp-block-image size-large\"><a href=\"https:\/\/www.meslibellules.fr\/blog\/wp-content\/uploads\/Coeliccia-loogali-male-6.webp\"><img decoding=\"async\" width=\"1742\" height=\"1204\" data-id=\"23032\" data-src=\"https:\/\/www.meslibellules.fr\/blog\/wp-content\/uploads\/Coeliccia-loogali-male-6.webp\" alt=\"Coeliccia loogali m\u00e2le, Tha\u00eflande, Suthep, Mueang Chiang Mai, 29\/05\/2024\" class=\"wp-image-23032 lazyload\" data-srcset=\"https:\/\/www.meslibellules.fr\/blog\/wp-content\/uploads\/Coeliccia-loogali-male-6.webp 1742w, https:\/\/www.meslibellules.fr\/blog\/wp-content\/uploads\/Coeliccia-loogali-male-6-768x531.webp 768w, https:\/\/www.meslibellules.fr\/blog\/wp-content\/uploads\/Coeliccia-loogali-male-6-1536x1062.webp 1536w\" data-sizes=\"(max-width: 1742px) 100vw, 1742px\" src=\"data:image\/svg+xml;base64,PHN2ZyB3aWR0aD0iMSIgaGVpZ2h0PSIxIiB4bWxucz0iaHR0cDovL3d3dy53My5vcmcvMjAwMC9zdmciPjwvc3ZnPg==\" style=\"--smush-placeholder-width: 1742px; --smush-placeholder-aspect-ratio: 1742\/1204;\" \/><\/a><\/figure>\n\n\n\n<figure class=\"wp-block-image size-large\"><a href=\"https:\/\/www.meslibellules.fr\/blog\/wp-content\/uploads\/Coeliccia-loogali-male-5.webp\"><img decoding=\"async\" width=\"1964\" height=\"1204\" data-id=\"23031\" data-src=\"https:\/\/www.meslibellules.fr\/blog\/wp-content\/uploads\/Coeliccia-loogali-male-5.webp\" alt=\"Coeliccia loogali m\u00e2le, Tha\u00eflande, Suthep, Mueang Chiang Mai, 29\/05\/2024\" class=\"wp-image-23031 lazyload\" data-srcset=\"https:\/\/www.meslibellules.fr\/blog\/wp-content\/uploads\/Coeliccia-loogali-male-5.webp 1964w, https:\/\/www.meslibellules.fr\/blog\/wp-content\/uploads\/Coeliccia-loogali-male-5-768x471.webp 768w, https:\/\/www.meslibellules.fr\/blog\/wp-content\/uploads\/Coeliccia-loogali-male-5-1536x942.webp 1536w\" data-sizes=\"(max-width: 1964px) 100vw, 1964px\" src=\"data:image\/svg+xml;base64,PHN2ZyB3aWR0aD0iMSIgaGVpZ2h0PSIxIiB4bWxucz0iaHR0cDovL3d3dy53My5vcmcvMjAwMC9zdmciPjwvc3ZnPg==\" style=\"--smush-placeholder-width: 1964px; --smush-placeholder-aspect-ratio: 1964\/1204;\" \/><\/a><\/figure>\n<figcaption class=\"blocks-gallery-caption wp-element-caption\">Coeliccia loogali m\u00e2le, Tha\u00eflande, Suthep, Mueang Chiang Mai, 29\/05\/2024<\/figcaption><\/figure>\n\n\n\n<p>Comme fr\u00e9quemment, les m\u00e2les immatures arborent les couleurs des femelles et sont tr\u00e8s diff\u00e9rents des m\u00e2les matures. Il serait vraiment int\u00e9ressant de trouver des sujets portant les couleurs interm\u00e9diaires ! Mais ces phases transitionnelles sont sans doute tr\u00e8s courtes.<\/p>\n\n\n\n<figure class=\"wp-block-gallery aligncenter has-nested-images columns-default is-cropped wp-block-gallery-3 is-layout-flex wp-block-gallery-is-layout-flex\">\n<figure class=\"wp-block-image size-full\"><a href=\"https:\/\/www.meslibellules.fr\/blog\/wp-content\/uploads\/Coeliccia-loogali-male-immature-2.webp\"><img decoding=\"async\" width=\"2093\" height=\"1204\" data-id=\"20837\" data-src=\"https:\/\/www.meslibellules.fr\/blog\/wp-content\/uploads\/Coeliccia-loogali-male-immature-2.webp\" alt=\"Coeliccia loogali m\u00e2le immature, Tha\u00eflande, Suthep, Mueang Chiang Mai, 29\/05\/2024\" class=\"wp-image-20837 lazyload\" data-srcset=\"https:\/\/www.meslibellules.fr\/blog\/wp-content\/uploads\/Coeliccia-loogali-male-immature-2.webp 2093w, https:\/\/www.meslibellules.fr\/blog\/wp-content\/uploads\/Coeliccia-loogali-male-immature-2-768x442.webp 768w, https:\/\/www.meslibellules.fr\/blog\/wp-content\/uploads\/Coeliccia-loogali-male-immature-2-1536x884.webp 1536w, https:\/\/www.meslibellules.fr\/blog\/wp-content\/uploads\/Coeliccia-loogali-male-immature-2-2048x1178.webp 2048w\" data-sizes=\"(max-width: 2093px) 100vw, 2093px\" src=\"data:image\/svg+xml;base64,PHN2ZyB3aWR0aD0iMSIgaGVpZ2h0PSIxIiB4bWxucz0iaHR0cDovL3d3dy53My5vcmcvMjAwMC9zdmciPjwvc3ZnPg==\" style=\"--smush-placeholder-width: 2093px; --smush-placeholder-aspect-ratio: 2093\/1204;\" \/><\/a><\/figure>\n\n\n\n<figure class=\"wp-block-image size-full\"><a href=\"https:\/\/www.meslibellules.fr\/blog\/wp-content\/uploads\/Coeliccia-loogali-male-ommature-1.webp\"><img decoding=\"async\" width=\"1857\" height=\"1204\" data-id=\"20746\" data-src=\"https:\/\/www.meslibellules.fr\/blog\/wp-content\/uploads\/Coeliccia-loogali-male-ommature-1.webp\" alt=\"Coeliccia loogali m\u00e2le immature, Tha\u00eflande, Ban Luang, 02\/06\/2024\" class=\"wp-image-20746 lazyload\" data-srcset=\"https:\/\/www.meslibellules.fr\/blog\/wp-content\/uploads\/Coeliccia-loogali-male-ommature-1.webp 1857w, https:\/\/www.meslibellules.fr\/blog\/wp-content\/uploads\/Coeliccia-loogali-male-ommature-1-768x498.webp 768w, https:\/\/www.meslibellules.fr\/blog\/wp-content\/uploads\/Coeliccia-loogali-male-ommature-1-1536x996.webp 1536w\" data-sizes=\"(max-width: 1857px) 100vw, 1857px\" src=\"data:image\/svg+xml;base64,PHN2ZyB3aWR0aD0iMSIgaGVpZ2h0PSIxIiB4bWxucz0iaHR0cDovL3d3dy53My5vcmcvMjAwMC9zdmciPjwvc3ZnPg==\" style=\"--smush-placeholder-width: 1857px; --smush-placeholder-aspect-ratio: 1857\/1204;\" \/><\/a><\/figure>\n<figcaption class=\"blocks-gallery-caption wp-element-caption\">Coeliccia loogali m\u00e2le immature, Tha\u00eflande, Suthep, Mueang Chiang Mai, 29\/05\/2024 &amp; Ban Luang, 02\/06\/2024<\/figcaption><\/figure>\n\n\n\n<p>Ils sont apparemment localement communs, c&rsquo;est en tout cas ce que nous avons observ\u00e9 au long de cette rivi\u00e8re foresti\u00e8re, avec un courant assez rapide, qui est utilis\u00e9e pour alimenter une station hydro\u00e9lectrique et fourni de nombreux captages pour l&rsquo;irrigation des cultures mara\u00eech\u00e8res ; nous sommes en effet \u00e0 1300 m d&rsquo;altitude et la chaleur est nettement moins \u00e9lev\u00e9e que dans la plaine.<\/p>\n\n\n\n<div class=\"wp-block-media-text is-stacked-on-mobile\" style=\"grid-template-columns:31% auto\"><figure class=\"wp-block-media-text__media\"><a href=\"https:\/\/www.meslibellules.fr\/blog\/wp-content\/uploads\/02-06-24-matin-Mae-Klang-River.webp\"><img decoding=\"async\" width=\"766\" height=\"1204\" data-src=\"https:\/\/www.meslibellules.fr\/blog\/wp-content\/uploads\/02-06-24-matin-Mae-Klang-River.webp\" alt=\"Mae Klang River, Tha\u00eflande, Ban Luang, Chom Thong, Province de Chiang Mai, 02\/06\/2024\" class=\"wp-image-20766 size-full lazyload\" src=\"data:image\/svg+xml;base64,PHN2ZyB3aWR0aD0iMSIgaGVpZ2h0PSIxIiB4bWxucz0iaHR0cDovL3d3dy53My5vcmcvMjAwMC9zdmciPjwvc3ZnPg==\" style=\"--smush-placeholder-width: 766px; --smush-placeholder-aspect-ratio: 766\/1204;\" \/><\/a><\/figure><div class=\"wp-block-media-text__content\">\n<p>Nous les avons trouv\u00e9s dans l&rsquo;ombre, pos\u00e9s sur la v\u00e9g\u00e9tation, entre 50 cm et 2 m\u00e8tres, \u00e0 quelques m\u00e8tres de la rivi\u00e8re.<br><br>Il partageait cet environnement avec un nombre important de Megalestes kurahashii, un spectaculaire Lestidae qui m\u00e9rite amplement son qualificatif de Mega. Nous y avons aussi trouv\u00e9 notre premier Mnais andersoni, qui s&rsquo;av\u00e9rera commun plus haut sur la rivi\u00e8re.<\/p>\n<\/div><\/div>\n\n\n\n<div style=\"height:28px\" aria-hidden=\"true\" class=\"wp-block-spacer\"><\/div>\n\n\n\n<p>Les femelles <em>matures<\/em> ont \u00e9galement un abdomen noir, mais portent un motif clair typique sur les derniers segments. Leur bande ant\u00e9hum\u00e9rale jaune est plus longue que celle des m\u00e2les.<\/p>\n\n\n\n<figure class=\"wp-block-gallery has-nested-images columns-default is-cropped wp-block-gallery-4 is-layout-flex wp-block-gallery-is-layout-flex\">\n<figure class=\"wp-block-image size-large\"><a href=\"https:\/\/www.meslibellules.fr\/blog\/wp-content\/uploads\/Coeliccia-loogali-femelle-2.webp\"><img decoding=\"async\" width=\"1506\" height=\"1204\" data-id=\"20751\" data-src=\"https:\/\/www.meslibellules.fr\/blog\/wp-content\/uploads\/Coeliccia-loogali-femelle-2.webp\" alt=\"Coeliccia loogali femelle, Tha\u00eflande, Ban Luang, 02\/06\/2024\" class=\"wp-image-20751 lazyload\" data-srcset=\"https:\/\/www.meslibellules.fr\/blog\/wp-content\/uploads\/Coeliccia-loogali-femelle-2.webp 1506w, https:\/\/www.meslibellules.fr\/blog\/wp-content\/uploads\/Coeliccia-loogali-femelle-2-768x614.webp 768w\" data-sizes=\"(max-width: 1506px) 100vw, 1506px\" src=\"data:image\/svg+xml;base64,PHN2ZyB3aWR0aD0iMSIgaGVpZ2h0PSIxIiB4bWxucz0iaHR0cDovL3d3dy53My5vcmcvMjAwMC9zdmciPjwvc3ZnPg==\" style=\"--smush-placeholder-width: 1506px; --smush-placeholder-aspect-ratio: 1506\/1204;\" \/><\/a><\/figure>\n\n\n\n<figure class=\"wp-block-image size-large\"><a href=\"https:\/\/www.meslibellules.fr\/blog\/wp-content\/uploads\/Coeliccia-loogali-femelle-3.webp\"><img decoding=\"async\" width=\"1700\" height=\"1204\" data-id=\"20752\" data-src=\"https:\/\/www.meslibellules.fr\/blog\/wp-content\/uploads\/Coeliccia-loogali-femelle-3.webp\" alt=\"Coeliccia loogali femelle, Tha\u00eflande, Ban Luang, Siriphum waterfall carpark, 02\/06\/2024\" class=\"wp-image-20752 lazyload\" data-srcset=\"https:\/\/www.meslibellules.fr\/blog\/wp-content\/uploads\/Coeliccia-loogali-femelle-3.webp 1700w, https:\/\/www.meslibellules.fr\/blog\/wp-content\/uploads\/Coeliccia-loogali-femelle-3-768x544.webp 768w, https:\/\/www.meslibellules.fr\/blog\/wp-content\/uploads\/Coeliccia-loogali-femelle-3-1536x1088.webp 1536w\" data-sizes=\"(max-width: 1700px) 100vw, 1700px\" src=\"data:image\/svg+xml;base64,PHN2ZyB3aWR0aD0iMSIgaGVpZ2h0PSIxIiB4bWxucz0iaHR0cDovL3d3dy53My5vcmcvMjAwMC9zdmciPjwvc3ZnPg==\" style=\"--smush-placeholder-width: 1700px; --smush-placeholder-aspect-ratio: 1700\/1204;\" \/><\/a><\/figure>\n<figcaption class=\"blocks-gallery-caption wp-element-caption\">Coeliccia loogali femelle, Tha\u00eflande, Ban Luang, 02\/06\/2024 &amp; Siriphum Waterfall carpark, 02\/06\/2024<\/figcaption><\/figure>\n\n\n\n<p>Mais ce motif sur les derniers segments n&rsquo;appara\u00eet qu&rsquo;au cours de la maturation, car comme on le voit ci-dessous, il est absent pour les sujets \u00e9mergents ou les immatures, comme illustr\u00e9 sur les photos ci-dessous.<\/p>\n\n\n\n<figure class=\"wp-block-gallery has-nested-images columns-default is-cropped wp-block-gallery-5 is-layout-flex wp-block-gallery-is-layout-flex\">\n<figure class=\"wp-block-image size-large\"><a href=\"https:\/\/www.meslibellules.fr\/blog\/wp-content\/uploads\/Coeliccia-loogali-femelle-emergente-1.webp\"><img decoding=\"async\" width=\"777\" height=\"1204\" data-id=\"20755\" data-src=\"https:\/\/www.meslibellules.fr\/blog\/wp-content\/uploads\/Coeliccia-loogali-femelle-emergente-1.webp\" alt=\"Coeliccia loogali femelle, Tha\u00eflande, Ban Luang, Siriphum waterfall carpark, 02\/06\/2024\" class=\"wp-image-20755 lazyload\" data-srcset=\"https:\/\/www.meslibellules.fr\/blog\/wp-content\/uploads\/Coeliccia-loogali-femelle-emergente-1.webp 777w, https:\/\/www.meslibellules.fr\/blog\/wp-content\/uploads\/Coeliccia-loogali-femelle-emergente-1-768x1190.webp 768w\" data-sizes=\"(max-width: 777px) 100vw, 777px\" src=\"data:image\/svg+xml;base64,PHN2ZyB3aWR0aD0iMSIgaGVpZ2h0PSIxIiB4bWxucz0iaHR0cDovL3d3dy53My5vcmcvMjAwMC9zdmciPjwvc3ZnPg==\" style=\"--smush-placeholder-width: 777px; --smush-placeholder-aspect-ratio: 777\/1204;\" \/><\/a><\/figure>\n\n\n\n<figure class=\"wp-block-image size-large\"><a href=\"https:\/\/www.meslibellules.fr\/blog\/wp-content\/uploads\/Coeliccia-loogali-femelle-5.webp\"><img decoding=\"async\" width=\"734\" height=\"1204\" data-id=\"20754\" data-src=\"https:\/\/www.meslibellules.fr\/blog\/wp-content\/uploads\/Coeliccia-loogali-femelle-5.webp\" alt=\"Coeliccia loogali femelle, Tha\u00eflande, Ban Luang, 02\/06\/2024\" class=\"wp-image-20754 lazyload\" src=\"data:image\/svg+xml;base64,PHN2ZyB3aWR0aD0iMSIgaGVpZ2h0PSIxIiB4bWxucz0iaHR0cDovL3d3dy53My5vcmcvMjAwMC9zdmciPjwvc3ZnPg==\" style=\"--smush-placeholder-width: 734px; --smush-placeholder-aspect-ratio: 734\/1204;\" \/><\/a><\/figure>\n<figcaption class=\"blocks-gallery-caption wp-element-caption\">Coeliccia loogali femelle \u00e9mergente, Tha\u00eflande, Ban Luang, Siriphum waterfall carpark, 02\/06\/2024<br>Coeliccia loogali femelle immature, Tha\u00eflande, Ban Luang, 02\/06\/2024<br><\/figcaption><\/figure>\n\n\n\n<p>L&rsquo;esp\u00e8ce est pr\u00e9sente au nord-est de l&rsquo;Inde, au Myanmar, au nord du Laos et de la Tha\u00eflande.<br><a href=\"https:\/\/www.iucnredlist.org\/species\/169137\/176214369#geographic-range\">IUCN Red List<\/a><\/p>\n\n\n\n<figure class=\"wp-block-gallery has-nested-images columns-default is-cropped wp-block-gallery-6 is-layout-flex wp-block-gallery-is-layout-flex\">\n<figure class=\"wp-block-image size-large\"><a href=\"https:\/\/www.meslibellules.fr\/blog\/wp-content\/uploads\/Coeliccia-loogali-femelle-immature-1.webp\"><img decoding=\"async\" width=\"2264\" height=\"1204\" data-id=\"20756\" data-src=\"https:\/\/www.meslibellules.fr\/blog\/wp-content\/uploads\/Coeliccia-loogali-femelle-immature-1.webp\" alt=\"Coeliccia loogali femelle, Tha\u00eflande, Ban Luang, Siriphum waterfall carpark, 02\/06\/2024\" class=\"wp-image-20756 lazyload\" data-srcset=\"https:\/\/www.meslibellules.fr\/blog\/wp-content\/uploads\/Coeliccia-loogali-femelle-immature-1.webp 2264w, https:\/\/www.meslibellules.fr\/blog\/wp-content\/uploads\/Coeliccia-loogali-femelle-immature-1-768x408.webp 768w, https:\/\/www.meslibellules.fr\/blog\/wp-content\/uploads\/Coeliccia-loogali-femelle-immature-1-1536x817.webp 1536w, https:\/\/www.meslibellules.fr\/blog\/wp-content\/uploads\/Coeliccia-loogali-femelle-immature-1-2048x1089.webp 2048w\" data-sizes=\"(max-width: 2264px) 100vw, 2264px\" src=\"data:image\/svg+xml;base64,PHN2ZyB3aWR0aD0iMSIgaGVpZ2h0PSIxIiB4bWxucz0iaHR0cDovL3d3dy53My5vcmcvMjAwMC9zdmciPjwvc3ZnPg==\" style=\"--smush-placeholder-width: 2264px; --smush-placeholder-aspect-ratio: 2264\/1204;\" \/><\/a><\/figure>\n\n\n\n<figure class=\"wp-block-image size-large\"><a href=\"https:\/\/www.meslibellules.fr\/blog\/wp-content\/uploads\/Coeliccia-loogali-male-4.webp\"><img decoding=\"async\" width=\"2016\" height=\"1204\" data-id=\"20760\" data-src=\"https:\/\/www.meslibellules.fr\/blog\/wp-content\/uploads\/Coeliccia-loogali-male-4.webp\" alt=\"Coeliccia loogali m\u00e2le, Tha\u00eflande, Ban Luang, 02\/06\/2024\" class=\"wp-image-20760 lazyload\" data-srcset=\"https:\/\/www.meslibellules.fr\/blog\/wp-content\/uploads\/Coeliccia-loogali-male-4.webp 2016w, https:\/\/www.meslibellules.fr\/blog\/wp-content\/uploads\/Coeliccia-loogali-male-4-768x459.webp 768w, https:\/\/www.meslibellules.fr\/blog\/wp-content\/uploads\/Coeliccia-loogali-male-4-1536x917.webp 1536w\" data-sizes=\"(max-width: 2016px) 100vw, 2016px\" src=\"data:image\/svg+xml;base64,PHN2ZyB3aWR0aD0iMSIgaGVpZ2h0PSIxIiB4bWxucz0iaHR0cDovL3d3dy53My5vcmcvMjAwMC9zdmciPjwvc3ZnPg==\" style=\"--smush-placeholder-width: 2016px; --smush-placeholder-aspect-ratio: 2016\/1204;\" \/><\/a><\/figure>\n<figcaption class=\"blocks-gallery-caption wp-element-caption\">Coeliccia loogali femelle immature, Tha\u00eflande, Ban Luang, Siriphum waterfall carpark, 02\/06\/2024<br>Coeliccia loogali m\u00e2le, Tha\u00eflande, Ban Luang, 02\/06\/2024<\/figcaption><\/figure>\n\n\n\n<p><strong><span style=\"text-decoration: underline;\">\u00c9tymologie<\/span><\/strong><br \/>Selys a d\u00e9crit la premi\u00e8re esp\u00e8ce du genre en 1863 sous le nom pr\u00e9occup\u00e9 de Trichocnemis (col\u00e9opt\u00e8re longicorne) et c\u2019est Kirby qui a rectifi\u00e9 et cr\u00e9\u00e9 le genre <strong>Coeliccia<\/strong> en 1890. Ce nom de genre, inexpliqu\u00e9 par l\u2019auteur, \u00e0 ma connaissance, vient peut-\u00eatre du latin <em>coelum<\/em> \u00a0(ou \u00a0<em>caelum<\/em><strong> )<\/strong>, qui signifie \u00a0\u00ab\u00a0<em>ciel<\/em>\u00a0\u00a0\u00bb\u00a0 ou \u00ab\u00a0<em>c\u00e9leste <\/em>\u00ab\u00a0, et d\u2019un suffixe ou simple terminaison choisie pour l\u2019esth\u00e9tique ou la phon\u00e9tique. En effet, la premi\u00e8re esp\u00e8ce d\u00e9crite par Selys, Trichocnemis membranipes, est <em>bleu-ciel<\/em>, pour toutes ses parties non noires.<br \/><strong>Loogali<\/strong> est expliqu\u00e9 par Laidlaw et vient de la langue Birmane : \u00ab\u00a0<em>The word loogali is I understand Burmese for a lad or youth. (Le mot <i data-path-to-node=\"3,0\" data-index-in-node=\"9\">loogali<\/i> est, d&rsquo;apr\u00e8s ce que je comprends, le terme birman pour un jeune homme ou un gar\u00e7on.)<\/em>\u00ab\u00a0, &#8211;<em>lu<\/em> pour <em>homme<\/em>, personne et &#8211;<em>gale<\/em> signifiant <em>petit<\/em>. Laidlaw ne conna\u00eet pas le Birman mais cette d\u00e9couverte est en fait celle de Fraser, ce que ne manque pas de rappeler Laidlaw en pr\u00e9cisant : \u00ab\u00a0(Fraser Mss.)\u00a0\u00bb soit \u00ab\u00a0<em>manuscrits de Fraser\u00a0\u00bb.\u00a0<br \/><\/em>Fraser, lui, ma\u00eetrisait les bases du Birman et il a voulu sans doute lui donner un nom local sympathique (le sens de <em>lad<\/em> est souvent, en anglais, charg\u00e9 d&rsquo;affection), comme \u00ab\u00a0<em>petit page\u00a0\u00bb.<\/em><\/p>\n\n\n\n<figure class=\"wp-block-image aligncenter size-full is-resized\"><a href=\"https:\/\/www.meslibellules.fr\/blog\/wp-content\/uploads\/Coeliccia-loogali-femelle-1.webp\"><img decoding=\"async\" width=\"2087\" height=\"1204\" data-src=\"https:\/\/www.meslibellules.fr\/blog\/wp-content\/uploads\/Coeliccia-loogali-femelle-1.webp\" alt=\"Coeliccia loogali femelle, Tha\u00eflande, Ban Luang, 02\/06\/2024\" class=\"wp-image-20750 lazyload\" style=\"--smush-placeholder-width: 2087px; --smush-placeholder-aspect-ratio: 2087\/1204;width:732px;height:auto\" data-srcset=\"https:\/\/www.meslibellules.fr\/blog\/wp-content\/uploads\/Coeliccia-loogali-femelle-1.webp 2087w, https:\/\/www.meslibellules.fr\/blog\/wp-content\/uploads\/Coeliccia-loogali-femelle-1-768x443.webp 768w, https:\/\/www.meslibellules.fr\/blog\/wp-content\/uploads\/Coeliccia-loogali-femelle-1-1536x886.webp 1536w, https:\/\/www.meslibellules.fr\/blog\/wp-content\/uploads\/Coeliccia-loogali-femelle-1-2048x1182.webp 2048w\" data-sizes=\"(max-width: 2087px) 100vw, 2087px\" src=\"data:image\/svg+xml;base64,PHN2ZyB3aWR0aD0iMSIgaGVpZ2h0PSIxIiB4bWxucz0iaHR0cDovL3d3dy53My5vcmcvMjAwMC9zdmciPjwvc3ZnPg==\" \/><\/a><figcaption class=\"wp-element-caption\">Coeliccia loogali femelle, Tha\u00eflande, Ban Luang, 02\/06\/2024<\/figcaption><\/figure>\n\n\n\n<div style=\"height:30px\" aria-hidden=\"true\" class=\"wp-block-spacer\"><\/div>\n\n\n\n<p style=\"font-size:13px\">1- Laidlaw, 1932 &#8211; \u00ab\u00a0<a href=\"https:\/\/recordsofzsi.com\/index.php\/zsoi\/article\/view\/162480\/113014\">A revision of the genus Coeliccia (Order Odonata)<\/a>\u00a0\u00bb p. 26, Records of the Zoological Survey of India,&nbsp;34(1), 07\u201342.<br>2-  Dr Syoziro Asahina, A List of the Odonata from Thailand (Parts I \u2013 XXI), Bro. Amnuay Pinratana, 1993.<\/p>\n\n\n\n<div style=\"height:30px\" aria-hidden=\"true\" class=\"wp-block-spacer\"><\/div>\n\n\n\n<div class=\"wp-block-buttons is-vertical is-layout-flex wp-container-core-buttons-is-layout-16cda065 wp-block-buttons-is-layout-flex\">\n<div class=\"wp-block-button\"><a class=\"wp-block-button__link wp-element-button\" href=\"https:\/\/www.meslibellules.fr\/blog\/libellules-de-thailande\/\">Accueil Tha\u00eflande<\/a><\/div>\n\n\n\n<div class=\"wp-block-button\"><a class=\"wp-block-button__link wp-element-button\" href=\"http:\/\/www.meslibellules.fr\/pagesweb\/divers\/liste-generale-odonates-du-site\/asia-odonates.php\">Liste Asie<\/a><\/div>\n\n\n\n<div class=\"wp-block-button\"><a class=\"wp-block-button__link wp-element-button\" href=\"https:\/\/www.meslibellules.fr\/blog\/\">Accueil<\/a><\/div>\n<\/div>\n","protected":false},"excerpt":{"rendered":"<p>Coeliccia loogali, Platycnemididae, est un des 5 Coeliccia que nous avons contact\u00e9 en Tha\u00eflande, un des 80 que comprend ce genre tr\u00e8s riche. De nombreuses esp\u00e8ces ont \u00e9t\u00e9 d\u00e9crites ces derni\u00e8res ann\u00e9es, comme C. curua ou C. pulchella en 2020. Et m\u00eame si le genre est tr\u00e8s riche, l&rsquo;identification n&rsquo;est pas trop difficile, car ils [&hellip;]<\/p>\n","protected":false},"author":1,"featured_media":0,"comment_status":"open","ping_status":"open","sticky":false,"template":"","format":"image","meta":{"site-sidebar-layout":"default","site-content-layout":"","ast-site-content-layout":"default","site-content-style":"default","site-sidebar-style":"default","ast-global-header-display":"","ast-banner-title-visibility":"","ast-main-header-display":"","ast-hfb-above-header-display":"","ast-hfb-below-header-display":"","ast-hfb-mobile-header-display":"","site-post-title":"","ast-breadcrumbs-content":"","ast-featured-img":"","footer-sml-layout":"","ast-disable-related-posts":"","theme-transparent-header-meta":"","adv-header-id-meta":"","stick-header-meta":"","header-above-stick-meta":"","header-main-stick-meta":"","header-below-stick-meta":"","astra-migrate-meta-layouts":"set","ast-page-background-enabled":"default","ast-page-background-meta":{"desktop":{"background-color":"var(--ast-global-color-4)","background-image":"","background-repeat":"repeat","background-position":"center center","background-size":"auto","background-attachment":"scroll","background-type":"","background-media":"","overlay-type":"","overlay-color":"","overlay-opacity":"","overlay-gradient":""},"tablet":{"background-color":"","background-image":"","background-repeat":"repeat","background-position":"center center","background-size":"auto","background-attachment":"scroll","background-type":"","background-media":"","overlay-type":"","overlay-color":"","overlay-opacity":"","overlay-gradient":""},"mobile":{"background-color":"","background-image":"","background-repeat":"repeat","background-position":"center center","background-size":"auto","background-attachment":"scroll","background-type":"","background-media":"","overlay-type":"","overlay-color":"","overlay-opacity":"","overlay-gradient":""}},"ast-content-background-meta":{"desktop":{"background-color":"var(--ast-global-color-5)","background-image":"","background-repeat":"repeat","background-position":"center center","background-size":"auto","background-attachment":"scroll","background-type":"","background-media":"","overlay-type":"","overlay-color":"","overlay-opacity":"","overlay-gradient":""},"tablet":{"background-color":"var(--ast-global-color-5)","background-image":"","background-repeat":"repeat","background-position":"center center","background-size":"auto","background-attachment":"scroll","background-type":"","background-media":"","overlay-type":"","overlay-color":"","overlay-opacity":"","overlay-gradient":""},"mobile":{"background-color":"var(--ast-global-color-5)","background-image":"","background-repeat":"repeat","background-position":"center center","background-size":"auto","background-attachment":"scroll","background-type":"","background-media":"","overlay-type":"","overlay-color":"","overlay-opacity":"","overlay-gradient":""}},"footnotes":""},"categories":[1386,1379],"tags":[509,1381],"class_list":["post-20763","post","type-post","status-publish","format-image","hentry","category-platycnemididae-thailande","category-thailande","tag-platycnemididae","tag-thailande","post_format-post-format-image"],"yoast_head":"<!-- This site is optimized with the Yoast SEO plugin v27.5 - https:\/\/yoast.com\/product\/yoast-seo-wordpress\/ -->\n<title>Coeliccia loogali - Mes Libellules<\/title>\n<meta name=\"description\" content=\"Coeliccia loogali m\u00e2les et femelles en Tha\u00eflande, description, identification, taille, habitat, distribution g\u00e9ographique, \u00e9tymologie\" \/>\n<meta name=\"robots\" content=\"index, follow, max-snippet:-1, max-image-preview:large, max-video-preview:-1\" \/>\n<link rel=\"canonical\" href=\"https:\/\/www.meslibellules.fr\/blog\/2024\/08\/13\/coeliccia-loogali\/\" \/>\n<meta property=\"og:locale\" content=\"fr_FR\" \/>\n<meta property=\"og:type\" content=\"article\" \/>\n<meta property=\"og:title\" content=\"Coeliccia loogali - Mes Libellules\" \/>\n<meta property=\"og:description\" content=\"Coeliccia loogali m\u00e2les et femelles en Tha\u00eflande, description, identification, taille, habitat, distribution g\u00e9ographique, \u00e9tymologie\" \/>\n<meta property=\"og:url\" content=\"https:\/\/www.meslibellules.fr\/blog\/2024\/08\/13\/coeliccia-loogali\/\" \/>\n<meta property=\"og:site_name\" content=\"Mes Libellules\" \/>\n<meta property=\"article:publisher\" content=\"https:\/\/www.facebook.com\/benoit.guillon.96\/\" \/>\n<meta property=\"article:author\" content=\"https:\/\/www.facebook.com\/benoit.guillon.96\/\" \/>\n<meta property=\"article:published_time\" content=\"2024-08-13T18:00:09+00:00\" \/>\n<meta property=\"article:modified_time\" content=\"2026-01-09T09:29:28+00:00\" \/>\n<meta property=\"og:image\" content=\"https:\/\/www.meslibellules.fr\/blog\/wp-content\/uploads\/Coeliccia-loogali-male-1.webp\" \/>\n\t<meta property=\"og:image:width\" content=\"2231\" \/>\n\t<meta property=\"og:image:height\" content=\"1204\" \/>\n\t<meta property=\"og:image:type\" content=\"image\/webp\" \/>\n<meta name=\"author\" content=\"Beno\u00eet Guillon\" \/>\n<meta name=\"twitter:card\" content=\"summary_large_image\" \/>\n<meta name=\"twitter:label1\" content=\"\u00c9crit par\" \/>\n\t<meta name=\"twitter:data1\" content=\"Beno\u00eet Guillon\" \/>\n\t<meta name=\"twitter:label2\" content=\"Dur\u00e9e de lecture estim\u00e9e\" \/>\n\t<meta name=\"twitter:data2\" content=\"7 minutes\" \/>\n<script type=\"application\/ld+json\" class=\"yoast-schema-graph\">{\"@context\":\"https:\\\/\\\/schema.org\",\"@graph\":[{\"@type\":\"Article\",\"@id\":\"https:\\\/\\\/www.meslibellules.fr\\\/blog\\\/2024\\\/08\\\/13\\\/coeliccia-loogali\\\/#article\",\"isPartOf\":{\"@id\":\"https:\\\/\\\/www.meslibellules.fr\\\/blog\\\/2024\\\/08\\\/13\\\/coeliccia-loogali\\\/\"},\"author\":{\"name\":\"Beno\u00eet Guillon\",\"@id\":\"https:\\\/\\\/www.meslibellules.fr\\\/blog\\\/#\\\/schema\\\/person\\\/9aa3586f9dd053fcf329f43b8b053c77\"},\"headline\":\"Tha\u00eflande &#8211; Coeliccia loogali (Laidlaw, 1932)\",\"datePublished\":\"2024-08-13T18:00:09+00:00\",\"dateModified\":\"2026-01-09T09:29:28+00:00\",\"mainEntityOfPage\":{\"@id\":\"https:\\\/\\\/www.meslibellules.fr\\\/blog\\\/2024\\\/08\\\/13\\\/coeliccia-loogali\\\/\"},\"wordCount\":810,\"commentCount\":0,\"publisher\":{\"@id\":\"https:\\\/\\\/www.meslibellules.fr\\\/blog\\\/#\\\/schema\\\/person\\\/9aa3586f9dd053fcf329f43b8b053c77\"},\"image\":{\"@id\":\"https:\\\/\\\/www.meslibellules.fr\\\/blog\\\/2024\\\/08\\\/13\\\/coeliccia-loogali\\\/#primaryimage\"},\"thumbnailUrl\":\"https:\\\/\\\/www.meslibellules.fr\\\/blog\\\/wp-content\\\/uploads\\\/Coeliccia-loogali-male-1.webp\",\"keywords\":[\"Platycnemididae\",\"Tha\u00eflande\"],\"articleSection\":[\"Platycnemididae\",\"Tha\u00eflande\"],\"inLanguage\":\"fr-FR\",\"potentialAction\":[{\"@type\":\"CommentAction\",\"name\":\"Comment\",\"target\":[\"https:\\\/\\\/www.meslibellules.fr\\\/blog\\\/2024\\\/08\\\/13\\\/coeliccia-loogali\\\/#respond\"]}]},{\"@type\":\"WebPage\",\"@id\":\"https:\\\/\\\/www.meslibellules.fr\\\/blog\\\/2024\\\/08\\\/13\\\/coeliccia-loogali\\\/\",\"url\":\"https:\\\/\\\/www.meslibellules.fr\\\/blog\\\/2024\\\/08\\\/13\\\/coeliccia-loogali\\\/\",\"name\":\"Coeliccia loogali - Mes Libellules\",\"isPartOf\":{\"@id\":\"https:\\\/\\\/www.meslibellules.fr\\\/blog\\\/#website\"},\"primaryImageOfPage\":{\"@id\":\"https:\\\/\\\/www.meslibellules.fr\\\/blog\\\/2024\\\/08\\\/13\\\/coeliccia-loogali\\\/#primaryimage\"},\"image\":{\"@id\":\"https:\\\/\\\/www.meslibellules.fr\\\/blog\\\/2024\\\/08\\\/13\\\/coeliccia-loogali\\\/#primaryimage\"},\"thumbnailUrl\":\"https:\\\/\\\/www.meslibellules.fr\\\/blog\\\/wp-content\\\/uploads\\\/Coeliccia-loogali-male-1.webp\",\"datePublished\":\"2024-08-13T18:00:09+00:00\",\"dateModified\":\"2026-01-09T09:29:28+00:00\",\"description\":\"Coeliccia loogali m\u00e2les et femelles en Tha\u00eflande, description, identification, taille, habitat, distribution g\u00e9ographique, \u00e9tymologie\",\"breadcrumb\":{\"@id\":\"https:\\\/\\\/www.meslibellules.fr\\\/blog\\\/2024\\\/08\\\/13\\\/coeliccia-loogali\\\/#breadcrumb\"},\"inLanguage\":\"fr-FR\",\"potentialAction\":[{\"@type\":\"ReadAction\",\"target\":[\"https:\\\/\\\/www.meslibellules.fr\\\/blog\\\/2024\\\/08\\\/13\\\/coeliccia-loogali\\\/\"]}]},{\"@type\":\"ImageObject\",\"inLanguage\":\"fr-FR\",\"@id\":\"https:\\\/\\\/www.meslibellules.fr\\\/blog\\\/2024\\\/08\\\/13\\\/coeliccia-loogali\\\/#primaryimage\",\"url\":\"https:\\\/\\\/www.meslibellules.fr\\\/blog\\\/wp-content\\\/uploads\\\/Coeliccia-loogali-male-1.webp\",\"contentUrl\":\"https:\\\/\\\/www.meslibellules.fr\\\/blog\\\/wp-content\\\/uploads\\\/Coeliccia-loogali-male-1.webp\"},{\"@type\":\"BreadcrumbList\",\"@id\":\"https:\\\/\\\/www.meslibellules.fr\\\/blog\\\/2024\\\/08\\\/13\\\/coeliccia-loogali\\\/#breadcrumb\",\"itemListElement\":[{\"@type\":\"ListItem\",\"position\":1,\"name\":\"Accueil\",\"item\":\"https:\\\/\\\/www.meslibellules.fr\\\/blog\\\/\"},{\"@type\":\"ListItem\",\"position\":2,\"name\":\"Tha\u00eflande &#8211; Coeliccia loogali (Laidlaw, 1932)\"}]},{\"@type\":\"WebSite\",\"@id\":\"https:\\\/\\\/www.meslibellules.fr\\\/blog\\\/#website\",\"url\":\"https:\\\/\\\/www.meslibellules.fr\\\/blog\\\/\",\"name\":\"Mes Libellules\",\"description\":\"Pr\u00e9sentation des libellules rencontr\u00e9es dans le monde\",\"publisher\":{\"@id\":\"https:\\\/\\\/www.meslibellules.fr\\\/blog\\\/#\\\/schema\\\/person\\\/9aa3586f9dd053fcf329f43b8b053c77\"},\"potentialAction\":[{\"@type\":\"SearchAction\",\"target\":{\"@type\":\"EntryPoint\",\"urlTemplate\":\"https:\\\/\\\/www.meslibellules.fr\\\/blog\\\/?s={search_term_string}\"},\"query-input\":{\"@type\":\"PropertyValueSpecification\",\"valueRequired\":true,\"valueName\":\"search_term_string\"}}],\"inLanguage\":\"fr-FR\"},{\"@type\":[\"Person\",\"Organization\"],\"@id\":\"https:\\\/\\\/www.meslibellules.fr\\\/blog\\\/#\\\/schema\\\/person\\\/9aa3586f9dd053fcf329f43b8b053c77\",\"name\":\"Beno\u00eet Guillon\",\"image\":{\"@type\":\"ImageObject\",\"inLanguage\":\"fr-FR\",\"@id\":\"https:\\\/\\\/www.meslibellules.fr\\\/blog\\\/wp-content\\\/uploads\\\/cropped-avatar-150-pix.jpg\",\"url\":\"https:\\\/\\\/www.meslibellules.fr\\\/blog\\\/wp-content\\\/uploads\\\/cropped-avatar-150-pix.jpg\",\"contentUrl\":\"https:\\\/\\\/www.meslibellules.fr\\\/blog\\\/wp-content\\\/uploads\\\/cropped-avatar-150-pix.jpg\",\"width\":150,\"height\":137,\"caption\":\"Beno\u00eet Guillon\"},\"logo\":{\"@id\":\"https:\\\/\\\/www.meslibellules.fr\\\/blog\\\/wp-content\\\/uploads\\\/cropped-avatar-150-pix.jpg\"},\"sameAs\":[\"https:\\\/\\\/www.facebook.com\\\/benoit.guillon.96\\\/\"]}]}<\/script>\n<!-- \/ Yoast SEO plugin. -->","yoast_head_json":{"title":"Coeliccia loogali - Mes Libellules","description":"Coeliccia loogali m\u00e2les et femelles en Tha\u00eflande, description, identification, taille, habitat, distribution g\u00e9ographique, \u00e9tymologie","robots":{"index":"index","follow":"follow","max-snippet":"max-snippet:-1","max-image-preview":"max-image-preview:large","max-video-preview":"max-video-preview:-1"},"canonical":"https:\/\/www.meslibellules.fr\/blog\/2024\/08\/13\/coeliccia-loogali\/","og_locale":"fr_FR","og_type":"article","og_title":"Coeliccia loogali - Mes Libellules","og_description":"Coeliccia loogali m\u00e2les et femelles en Tha\u00eflande, description, identification, taille, habitat, distribution g\u00e9ographique, \u00e9tymologie","og_url":"https:\/\/www.meslibellules.fr\/blog\/2024\/08\/13\/coeliccia-loogali\/","og_site_name":"Mes Libellules","article_publisher":"https:\/\/www.facebook.com\/benoit.guillon.96\/","article_author":"https:\/\/www.facebook.com\/benoit.guillon.96\/","article_published_time":"2024-08-13T18:00:09+00:00","article_modified_time":"2026-01-09T09:29:28+00:00","og_image":[{"width":2231,"height":1204,"url":"https:\/\/www.meslibellules.fr\/blog\/wp-content\/uploads\/Coeliccia-loogali-male-1.webp","type":"image\/webp"}],"author":"Beno\u00eet Guillon","twitter_card":"summary_large_image","twitter_misc":{"\u00c9crit par":"Beno\u00eet Guillon","Dur\u00e9e de lecture estim\u00e9e":"7 minutes"},"schema":{"@context":"https:\/\/schema.org","@graph":[{"@type":"Article","@id":"https:\/\/www.meslibellules.fr\/blog\/2024\/08\/13\/coeliccia-loogali\/#article","isPartOf":{"@id":"https:\/\/www.meslibellules.fr\/blog\/2024\/08\/13\/coeliccia-loogali\/"},"author":{"name":"Beno\u00eet Guillon","@id":"https:\/\/www.meslibellules.fr\/blog\/#\/schema\/person\/9aa3586f9dd053fcf329f43b8b053c77"},"headline":"Tha\u00eflande &#8211; Coeliccia loogali (Laidlaw, 1932)","datePublished":"2024-08-13T18:00:09+00:00","dateModified":"2026-01-09T09:29:28+00:00","mainEntityOfPage":{"@id":"https:\/\/www.meslibellules.fr\/blog\/2024\/08\/13\/coeliccia-loogali\/"},"wordCount":810,"commentCount":0,"publisher":{"@id":"https:\/\/www.meslibellules.fr\/blog\/#\/schema\/person\/9aa3586f9dd053fcf329f43b8b053c77"},"image":{"@id":"https:\/\/www.meslibellules.fr\/blog\/2024\/08\/13\/coeliccia-loogali\/#primaryimage"},"thumbnailUrl":"https:\/\/www.meslibellules.fr\/blog\/wp-content\/uploads\/Coeliccia-loogali-male-1.webp","keywords":["Platycnemididae","Tha\u00eflande"],"articleSection":["Platycnemididae","Tha\u00eflande"],"inLanguage":"fr-FR","potentialAction":[{"@type":"CommentAction","name":"Comment","target":["https:\/\/www.meslibellules.fr\/blog\/2024\/08\/13\/coeliccia-loogali\/#respond"]}]},{"@type":"WebPage","@id":"https:\/\/www.meslibellules.fr\/blog\/2024\/08\/13\/coeliccia-loogali\/","url":"https:\/\/www.meslibellules.fr\/blog\/2024\/08\/13\/coeliccia-loogali\/","name":"Coeliccia loogali - Mes Libellules","isPartOf":{"@id":"https:\/\/www.meslibellules.fr\/blog\/#website"},"primaryImageOfPage":{"@id":"https:\/\/www.meslibellules.fr\/blog\/2024\/08\/13\/coeliccia-loogali\/#primaryimage"},"image":{"@id":"https:\/\/www.meslibellules.fr\/blog\/2024\/08\/13\/coeliccia-loogali\/#primaryimage"},"thumbnailUrl":"https:\/\/www.meslibellules.fr\/blog\/wp-content\/uploads\/Coeliccia-loogali-male-1.webp","datePublished":"2024-08-13T18:00:09+00:00","dateModified":"2026-01-09T09:29:28+00:00","description":"Coeliccia loogali m\u00e2les et femelles en Tha\u00eflande, description, identification, taille, habitat, distribution g\u00e9ographique, \u00e9tymologie","breadcrumb":{"@id":"https:\/\/www.meslibellules.fr\/blog\/2024\/08\/13\/coeliccia-loogali\/#breadcrumb"},"inLanguage":"fr-FR","potentialAction":[{"@type":"ReadAction","target":["https:\/\/www.meslibellules.fr\/blog\/2024\/08\/13\/coeliccia-loogali\/"]}]},{"@type":"ImageObject","inLanguage":"fr-FR","@id":"https:\/\/www.meslibellules.fr\/blog\/2024\/08\/13\/coeliccia-loogali\/#primaryimage","url":"https:\/\/www.meslibellules.fr\/blog\/wp-content\/uploads\/Coeliccia-loogali-male-1.webp","contentUrl":"https:\/\/www.meslibellules.fr\/blog\/wp-content\/uploads\/Coeliccia-loogali-male-1.webp"},{"@type":"BreadcrumbList","@id":"https:\/\/www.meslibellules.fr\/blog\/2024\/08\/13\/coeliccia-loogali\/#breadcrumb","itemListElement":[{"@type":"ListItem","position":1,"name":"Accueil","item":"https:\/\/www.meslibellules.fr\/blog\/"},{"@type":"ListItem","position":2,"name":"Tha\u00eflande &#8211; Coeliccia loogali (Laidlaw, 1932)"}]},{"@type":"WebSite","@id":"https:\/\/www.meslibellules.fr\/blog\/#website","url":"https:\/\/www.meslibellules.fr\/blog\/","name":"Mes Libellules","description":"Pr\u00e9sentation des libellules rencontr\u00e9es dans le monde","publisher":{"@id":"https:\/\/www.meslibellules.fr\/blog\/#\/schema\/person\/9aa3586f9dd053fcf329f43b8b053c77"},"potentialAction":[{"@type":"SearchAction","target":{"@type":"EntryPoint","urlTemplate":"https:\/\/www.meslibellules.fr\/blog\/?s={search_term_string}"},"query-input":{"@type":"PropertyValueSpecification","valueRequired":true,"valueName":"search_term_string"}}],"inLanguage":"fr-FR"},{"@type":["Person","Organization"],"@id":"https:\/\/www.meslibellules.fr\/blog\/#\/schema\/person\/9aa3586f9dd053fcf329f43b8b053c77","name":"Beno\u00eet Guillon","image":{"@type":"ImageObject","inLanguage":"fr-FR","@id":"https:\/\/www.meslibellules.fr\/blog\/wp-content\/uploads\/cropped-avatar-150-pix.jpg","url":"https:\/\/www.meslibellules.fr\/blog\/wp-content\/uploads\/cropped-avatar-150-pix.jpg","contentUrl":"https:\/\/www.meslibellules.fr\/blog\/wp-content\/uploads\/cropped-avatar-150-pix.jpg","width":150,"height":137,"caption":"Beno\u00eet Guillon"},"logo":{"@id":"https:\/\/www.meslibellules.fr\/blog\/wp-content\/uploads\/cropped-avatar-150-pix.jpg"},"sameAs":["https:\/\/www.facebook.com\/benoit.guillon.96\/"]}]}},"_links":{"self":[{"href":"https:\/\/www.meslibellules.fr\/blog\/wp-json\/wp\/v2\/posts\/20763","targetHints":{"allow":["GET"]}}],"collection":[{"href":"https:\/\/www.meslibellules.fr\/blog\/wp-json\/wp\/v2\/posts"}],"about":[{"href":"https:\/\/www.meslibellules.fr\/blog\/wp-json\/wp\/v2\/types\/post"}],"author":[{"embeddable":true,"href":"https:\/\/www.meslibellules.fr\/blog\/wp-json\/wp\/v2\/users\/1"}],"replies":[{"embeddable":true,"href":"https:\/\/www.meslibellules.fr\/blog\/wp-json\/wp\/v2\/comments?post=20763"}],"version-history":[{"count":2,"href":"https:\/\/www.meslibellules.fr\/blog\/wp-json\/wp\/v2\/posts\/20763\/revisions"}],"predecessor-version":[{"id":27785,"href":"https:\/\/www.meslibellules.fr\/blog\/wp-json\/wp\/v2\/posts\/20763\/revisions\/27785"}],"wp:attachment":[{"href":"https:\/\/www.meslibellules.fr\/blog\/wp-json\/wp\/v2\/media?parent=20763"}],"wp:term":[{"taxonomy":"category","embeddable":true,"href":"https:\/\/www.meslibellules.fr\/blog\/wp-json\/wp\/v2\/categories?post=20763"},{"taxonomy":"post_tag","embeddable":true,"href":"https:\/\/www.meslibellules.fr\/blog\/wp-json\/wp\/v2\/tags?post=20763"}],"curies":[{"name":"wp","href":"https:\/\/api.w.org\/{rel}","templated":true}]}}