{"id":20782,"date":"2024-08-14T13:13:56","date_gmt":"2024-08-14T11:13:56","guid":{"rendered":"https:\/\/www.meslibellules.fr\/blog\/?p=20782"},"modified":"2024-08-23T17:58:32","modified_gmt":"2024-08-23T15:58:32","slug":"coeliccia-didyma","status":"publish","type":"post","link":"https:\/\/www.meslibellules.fr\/blog\/2024\/08\/14\/coeliccia-didyma\/","title":{"rendered":"Tha\u00eflande &#8211; Coeliccia didyma (Selys, 1863)"},"content":{"rendered":"\n<figure class=\"wp-block-image aligncenter size-full is-resized\"><a href=\"https:\/\/www.meslibellules.fr\/blog\/wp-content\/uploads\/Coeliccia-didyma-male-1.webp\"><img decoding=\"async\" width=\"1962\" height=\"1204\" data-src=\"https:\/\/www.meslibellules.fr\/blog\/wp-content\/uploads\/Coeliccia-didyma-male-1.webp\" alt=\"Coeliccia didyma m\u00e2le, Tha\u00eflande, Wang Bua Ban Pha Ngoep Waterfall, 29\/05\/2024\" class=\"wp-image-20777 lazyload\" style=\"--smush-placeholder-width: 1962px; --smush-placeholder-aspect-ratio: 1962\/1204;width:645px;height:auto\" data-srcset=\"https:\/\/www.meslibellules.fr\/blog\/wp-content\/uploads\/Coeliccia-didyma-male-1.webp 1962w, https:\/\/www.meslibellules.fr\/blog\/wp-content\/uploads\/Coeliccia-didyma-male-1-768x471.webp 768w, https:\/\/www.meslibellules.fr\/blog\/wp-content\/uploads\/Coeliccia-didyma-male-1-1536x943.webp 1536w\" data-sizes=\"(max-width: 1962px) 100vw, 1962px\" src=\"data:image\/svg+xml;base64,PHN2ZyB3aWR0aD0iMSIgaGVpZ2h0PSIxIiB4bWxucz0iaHR0cDovL3d3dy53My5vcmcvMjAwMC9zdmciPjwvc3ZnPg==\" \/><\/a><figcaption class=\"wp-element-caption\">Coeliccia didyma m\u00e2le, Tha\u00eflande, Wang Bua Ban Pha Ngoep Waterfall, 29\/05\/2024<\/figcaption><\/figure>\n\n\n\n<p>D\u00e9crit par Selys sous le nom de Trichocnemis didyma, Coeliccia didyma est un des 80 repr\u00e9sentants du genre. Je l&rsquo;avais d\u00e9j\u00e0 rencontr\u00e9 bri\u00e8vement <a href=\"https:\/\/www.meslibellules.fr\/voyages\/laos\/coeliccia-didyma\/coeliccia-didyma.php\">au Laos<\/a> et la rencontre n&rsquo;a gu\u00e8re \u00e9t\u00e9 plus longue ici puisque nous n&rsquo;avons vu qu&rsquo;un seul individu, en prospectant le long d&rsquo;une rivi\u00e8re, \u00e0 450m d&rsquo;altitude, \u00e0 la sortie de la ville de Chiang Mai.<br>Il est facile \u00e0 identifier avec son thorax d\u00e9cor\u00e9 de deux taches bleues allong\u00e9es, de chaque c\u00f4t\u00e9 du thorax : ses yeux sont du m\u00eame bleu, comme les parties inf\u00e9rieures de son thorax et ses deux derniers segments.<\/p>\n\n\n\n<figure class=\"wp-block-image aligncenter size-full is-resized\"><a href=\"https:\/\/www.meslibellules.fr\/blog\/wp-content\/uploads\/Coeliccia-didyma-male-2bis.webp\"><img decoding=\"async\" width=\"1121\" height=\"1185\" data-src=\"https:\/\/www.meslibellules.fr\/blog\/wp-content\/uploads\/Coeliccia-didyma-male-2bis.webp\" alt=\"Coeliccia didyma m\u00e2le, Tha\u00eflande, Wang Bua Ban Pha Ngoep Waterfall, 29\/05\/2024\" class=\"wp-image-20779 lazyload\" style=\"--smush-placeholder-width: 1121px; --smush-placeholder-aspect-ratio: 1121\/1185;width:463px;height:auto\" data-srcset=\"https:\/\/www.meslibellules.fr\/blog\/wp-content\/uploads\/Coeliccia-didyma-male-2bis.webp 1121w, https:\/\/www.meslibellules.fr\/blog\/wp-content\/uploads\/Coeliccia-didyma-male-2bis-768x812.webp 768w\" data-sizes=\"(max-width: 1121px) 100vw, 1121px\" src=\"data:image\/svg+xml;base64,PHN2ZyB3aWR0aD0iMSIgaGVpZ2h0PSIxIiB4bWxucz0iaHR0cDovL3d3dy53My5vcmcvMjAwMC9zdmciPjwvc3ZnPg==\" \/><\/a><figcaption class=\"wp-element-caption\">Coeliccia didyma m\u00e2le, Tha\u00eflande, Wang Bua Ban Pha Ngoep Waterfall, 29\/05\/2024<\/figcaption><\/figure>\n\n\n\n<p>Noter les \u00e9pines des pattes, peu denses, mais tr\u00e8s longues. Et les taches postoculaires, presque rectangulaires, mais surtout tr\u00e8s en arri\u00e8re de la t\u00eate, comme pour tous les Coeliccia.<br>On le trouve pr\u00e8s des rivi\u00e8res, perch\u00e9 sur la v\u00e9g\u00e9tation, le plus souvent \u00e0 l&rsquo;ombre en for\u00eat, comme en t\u00e9moigne son nom vernaculaire anglais, Twin-spotted Sylvan.<\/p>\n\n\n\n<figure class=\"wp-block-image aligncenter size-full is-resized\"><a href=\"https:\/\/www.meslibellules.fr\/blog\/wp-content\/uploads\/Coeliccia-didyma-male-3.webp\"><img decoding=\"async\" width=\"2040\" height=\"1204\" data-src=\"https:\/\/www.meslibellules.fr\/blog\/wp-content\/uploads\/Coeliccia-didyma-male-3.webp\" alt=\"Coeliccia didyma m\u00e2le, Tha\u00eflande, Wang Bua Ban Pha Ngoep Waterfall, 29\/05\/2024\" class=\"wp-image-20780 lazyload\" style=\"--smush-placeholder-width: 2040px; --smush-placeholder-aspect-ratio: 2040\/1204;width:627px;height:auto\" data-srcset=\"https:\/\/www.meslibellules.fr\/blog\/wp-content\/uploads\/Coeliccia-didyma-male-3.webp 2040w, https:\/\/www.meslibellules.fr\/blog\/wp-content\/uploads\/Coeliccia-didyma-male-3-768x453.webp 768w, https:\/\/www.meslibellules.fr\/blog\/wp-content\/uploads\/Coeliccia-didyma-male-3-1536x907.webp 1536w\" data-sizes=\"(max-width: 2040px) 100vw, 2040px\" src=\"data:image\/svg+xml;base64,PHN2ZyB3aWR0aD0iMSIgaGVpZ2h0PSIxIiB4bWxucz0iaHR0cDovL3d3dy53My5vcmcvMjAwMC9zdmciPjwvc3ZnPg==\" \/><\/a><figcaption class=\"wp-element-caption\">Coeliccia didyma m\u00e2le, Tha\u00eflande, Wang Bua Ban Pha Ngoep Waterfall, 29\/05\/2024<\/figcaption><\/figure>\n\n\n\n<p>Dans son Synopsis des Agrionines (1), Selys nous dit que son abdomen mesure environ 38 mm et son aile post\u00e9rieure 24 mm. L&rsquo;insecte atteint une longueur totale de 45 mm. Asahina (2) le voit parfois plus grand avec un abdomen variant de 36 \u00e0 42 mm.<\/p>\n\n\n\n<div class=\"wp-block-media-text is-stacked-on-mobile\" style=\"grid-template-columns:44% auto\"><figure class=\"wp-block-media-text__media\"><a href=\"https:\/\/www.meslibellules.fr\/blog\/wp-content\/uploads\/Coeliccia-didyma-male-4.webp\"><img decoding=\"async\" width=\"881\" height=\"1204\" data-src=\"https:\/\/www.meslibellules.fr\/blog\/wp-content\/uploads\/Coeliccia-didyma-male-4.webp\" alt=\"Coeliccia didyma m\u00e2le, Tha\u00eflande, Wang Bua Ban Pha Ngoep Waterfall, 29\/05\/2024\" class=\"wp-image-20781 size-full lazyload\" data-srcset=\"https:\/\/www.meslibellules.fr\/blog\/wp-content\/uploads\/Coeliccia-didyma-male-4.webp 881w, https:\/\/www.meslibellules.fr\/blog\/wp-content\/uploads\/Coeliccia-didyma-male-4-768x1050.webp 768w\" data-sizes=\"(max-width: 881px) 100vw, 881px\" src=\"data:image\/svg+xml;base64,PHN2ZyB3aWR0aD0iMSIgaGVpZ2h0PSIxIiB4bWxucz0iaHR0cDovL3d3dy53My5vcmcvMjAwMC9zdmciPjwvc3ZnPg==\" style=\"--smush-placeholder-width: 881px; --smush-placeholder-aspect-ratio: 881\/1204;\" \/><\/a><\/figure><div class=\"wp-block-media-text__content\">\n<p>Selys a d\u00e9crit la premi\u00e8re esp\u00e8ce du genre en 1863 sous le nom pr\u00e9occup\u00e9 de Trichocnemis (col\u00e9opt\u00e8re longicorne) et c\u2019est Kirby qui a rectifi\u00e9 et cr\u00e9\u00e9 le genre\u00a0<strong>Coeliccia<\/strong>\u00a0en 1890. Ce nom de genre, inexpliqu\u00e9 par l\u2019auteur, \u00e0 ma connaissance, vient peut-\u00eatre du latin\u00a0<strong>coelum\u00a0\u00bb<\/strong>\u00a0(ou\u00a0<strong>\u00ab\u00a0caelum\u00a0\u00bb<\/strong>), qui signifie <em>ciel<\/em>\u00a0ou <em>c\u00e9leste<\/em>, et d\u2019un suffixe ou simple terminaison choisie pour l\u2019esth\u00e9tique ou la phon\u00e9tique. En effet, la premi\u00e8re esp\u00e8ce d\u00e9crite par Selys, Trichocnemis membranipes, est\u00a0<em>bleu-ciel<\/em>, pour toutes ses parties non noires.<br><strong>Didyma<\/strong>, du grec didumos qui signifie double, jumeaux. Je suppose que ce qualificatif se rapporte \u00e0 la double tache bleue port\u00e9e de chaque c\u00f4t\u00e9 du thorax (<em>Twin-spotted<\/em>&#8230;). Selys \u00e9crit :\u00a0\u00bb &#8230;ayant de chaque c\u00f4t\u00e9 de l&rsquo;ar\u00eate dorsale une tache ovale bleue inf\u00e9rieure remontant jusqu&rsquo;\u00e0 la moiti\u00e9 de la hauteur, et en haut, contre la suture hum\u00e9rale pr\u00e8s des sinus une autre petite tache ovale bleue, mais tr\u00e8s-petite.\u00a0\u00bb<\/p>\n\n\n\n<p>Coeliccia didyma m\u00e2le, Tha\u00eflande, Wang Bua Ban Pha Ngoep Waterfall, 29\/05\/2024<\/p>\n<\/div><\/div>\n\n\n\n<div style=\"height:33px\" aria-hidden=\"true\" class=\"wp-block-spacer\"><\/div>\n\n\n\n<figure class=\"wp-block-image aligncenter size-full is-resized\"><a href=\"https:\/\/www.meslibellules.fr\/blog\/wp-content\/uploads\/Coeliccia-didyma-male-2.webp\"><img decoding=\"async\" width=\"2144\" height=\"1204\" data-src=\"https:\/\/www.meslibellules.fr\/blog\/wp-content\/uploads\/Coeliccia-didyma-male-2.webp\" alt=\"Twin-spotted Sylvan male, Thailand, Wang Bua Ban Pha Ngoep Waterfall, 29\/05\/2024\" class=\"wp-image-20778 lazyload\" style=\"--smush-placeholder-width: 2144px; --smush-placeholder-aspect-ratio: 2144\/1204;width:634px;height:auto\" data-srcset=\"https:\/\/www.meslibellules.fr\/blog\/wp-content\/uploads\/Coeliccia-didyma-male-2.webp 2144w, https:\/\/www.meslibellules.fr\/blog\/wp-content\/uploads\/Coeliccia-didyma-male-2-768x431.webp 768w, https:\/\/www.meslibellules.fr\/blog\/wp-content\/uploads\/Coeliccia-didyma-male-2-1536x863.webp 1536w, https:\/\/www.meslibellules.fr\/blog\/wp-content\/uploads\/Coeliccia-didyma-male-2-2048x1150.webp 2048w\" data-sizes=\"(max-width: 2144px) 100vw, 2144px\" src=\"data:image\/svg+xml;base64,PHN2ZyB3aWR0aD0iMSIgaGVpZ2h0PSIxIiB4bWxucz0iaHR0cDovL3d3dy53My5vcmcvMjAwMC9zdmciPjwvc3ZnPg==\" \/><\/a><figcaption class=\"wp-element-caption\">Coeliccia didyma m\u00e2le, Tha\u00eflande, Wang Bua Ban Pha Ngoep Waterfall,  29\/05\/2024<\/figcaption><\/figure>\n\n\n\n<div style=\"height:26px\" aria-hidden=\"true\" class=\"wp-block-spacer\"><\/div>\n\n\n\n<p style=\"font-size:13px\">1- Selys, 1863 &#8211; <a href=\"https:\/\/www.biodiversitylibrary.org\/item\/132906#page\/44\/mode\/1up\">Synopsis des Agrionines, 4\u00b0 L\u00e9gion Platycnemis<\/a>, p 158.<br>2- 2- Dr Syoziro Asahina, A List of the Odonata from Thailand (Parts I \u2013 XXI), Bro. Amnuay Pinratana, 1993.<\/p>\n\n\n\n<div style=\"height:30px\" aria-hidden=\"true\" class=\"wp-block-spacer\"><\/div>\n\n\n\n<div class=\"wp-block-buttons is-vertical is-layout-flex wp-container-core-buttons-is-layout-16cda065 wp-block-buttons-is-layout-flex\">\n<div class=\"wp-block-button\"><a class=\"wp-block-button__link wp-element-button\" href=\"https:\/\/www.meslibellules.fr\/blog\/libellules-de-thailande\/\">Accueil Tha\u00eflande<\/a><\/div>\n\n\n\n<div class=\"wp-block-button\"><a class=\"wp-block-button__link wp-element-button\" href=\"http:\/\/www.meslibellules.fr\/pagesweb\/divers\/liste-generale-odonates-du-site\/asia-odonates.php\">Liste Asie<\/a><\/div>\n\n\n\n<div class=\"wp-block-button\"><a class=\"wp-block-button__link wp-element-button\" href=\"https:\/\/www.meslibellules.fr\/blog\/\">Accueil<\/a><\/div>\n<\/div>\n","protected":false},"excerpt":{"rendered":"<p>D\u00e9crit par Selys sous le nom de Trichocnemis didyma, Coeliccia didyma est un des 80 repr\u00e9sentants du genre. Je l&rsquo;avais d\u00e9j\u00e0 rencontr\u00e9 bri\u00e8vement au Laos et la rencontre n&rsquo;a gu\u00e8re \u00e9t\u00e9 plus longue ici puisque nous n&rsquo;avons vu qu&rsquo;un seul individu, en prospectant le long d&rsquo;une rivi\u00e8re, \u00e0 450m d&rsquo;altitude, \u00e0 la sortie de la [&hellip;]<\/p>\n","protected":false},"author":1,"featured_media":0,"comment_status":"open","ping_status":"open","sticky":false,"template":"","format":"image","meta":{"site-sidebar-layout":"default","site-content-layout":"","ast-site-content-layout":"default","site-content-style":"default","site-sidebar-style":"default","ast-global-header-display":"","ast-banner-title-visibility":"","ast-main-header-display":"","ast-hfb-above-header-display":"","ast-hfb-below-header-display":"","ast-hfb-mobile-header-display":"","site-post-title":"","ast-breadcrumbs-content":"","ast-featured-img":"","footer-sml-layout":"","ast-disable-related-posts":"","theme-transparent-header-meta":"","adv-header-id-meta":"","stick-header-meta":"","header-above-stick-meta":"","header-main-stick-meta":"","header-below-stick-meta":"","astra-migrate-meta-layouts":"set","ast-page-background-enabled":"default","ast-page-background-meta":{"desktop":{"background-color":"var(--ast-global-color-4)","background-image":"","background-repeat":"repeat","background-position":"center center","background-size":"auto","background-attachment":"scroll","background-type":"","background-media":"","overlay-type":"","overlay-color":"","overlay-opacity":"","overlay-gradient":""},"tablet":{"background-color":"","background-image":"","background-repeat":"repeat","background-position":"center center","background-size":"auto","background-attachment":"scroll","background-type":"","background-media":"","overlay-type":"","overlay-color":"","overlay-opacity":"","overlay-gradient":""},"mobile":{"background-color":"","background-image":"","background-repeat":"repeat","background-position":"center center","background-size":"auto","background-attachment":"scroll","background-type":"","background-media":"","overlay-type":"","overlay-color":"","overlay-opacity":"","overlay-gradient":""}},"ast-content-background-meta":{"desktop":{"background-color":"var(--ast-global-color-5)","background-image":"","background-repeat":"repeat","background-position":"center center","background-size":"auto","background-attachment":"scroll","background-type":"","background-media":"","overlay-type":"","overlay-color":"","overlay-opacity":"","overlay-gradient":""},"tablet":{"background-color":"var(--ast-global-color-5)","background-image":"","background-repeat":"repeat","background-position":"center center","background-size":"auto","background-attachment":"scroll","background-type":"","background-media":"","overlay-type":"","overlay-color":"","overlay-opacity":"","overlay-gradient":""},"mobile":{"background-color":"var(--ast-global-color-5)","background-image":"","background-repeat":"repeat","background-position":"center center","background-size":"auto","background-attachment":"scroll","background-type":"","background-media":"","overlay-type":"","overlay-color":"","overlay-opacity":"","overlay-gradient":""}},"footnotes":""},"categories":[1386,1379],"tags":[509,1381],"class_list":["post-20782","post","type-post","status-publish","format-image","hentry","category-platycnemididae-thailande","category-thailande","tag-platycnemididae","tag-thailande","post_format-post-format-image"],"yoast_head":"<!-- This site is optimized with the Yoast SEO plugin v27.5 - https:\/\/yoast.com\/product\/yoast-seo-wordpress\/ -->\n<title>Coeliccia didyma - Mes Libellules<\/title>\n<meta name=\"description\" content=\"Coeliccia didyma m\u00e2le en Tha\u00eflande, description, identification, taille, habitat, distribution g\u00e9ographique, \u00e9tymologie\" \/>\n<meta name=\"robots\" content=\"index, follow, max-snippet:-1, max-image-preview:large, max-video-preview:-1\" \/>\n<link rel=\"canonical\" href=\"https:\/\/www.meslibellules.fr\/blog\/2024\/08\/14\/coeliccia-didyma\/\" \/>\n<meta property=\"og:locale\" content=\"fr_FR\" \/>\n<meta property=\"og:type\" content=\"article\" \/>\n<meta property=\"og:title\" content=\"Coeliccia didyma - Mes Libellules\" \/>\n<meta property=\"og:description\" content=\"Coeliccia didyma m\u00e2le en Tha\u00eflande, description, identification, taille, habitat, distribution g\u00e9ographique, \u00e9tymologie\" \/>\n<meta property=\"og:url\" content=\"https:\/\/www.meslibellules.fr\/blog\/2024\/08\/14\/coeliccia-didyma\/\" \/>\n<meta property=\"og:site_name\" content=\"Mes Libellules\" \/>\n<meta property=\"article:publisher\" content=\"https:\/\/www.facebook.com\/benoit.guillon.96\/\" \/>\n<meta property=\"article:author\" content=\"https:\/\/www.facebook.com\/benoit.guillon.96\/\" \/>\n<meta property=\"article:published_time\" content=\"2024-08-14T11:13:56+00:00\" \/>\n<meta property=\"article:modified_time\" content=\"2024-08-23T15:58:32+00:00\" \/>\n<meta property=\"og:image\" content=\"https:\/\/www.meslibellules.fr\/blog\/wp-content\/uploads\/Coeliccia-didyma-male-1.webp\" \/>\n<meta name=\"author\" content=\"Beno\u00eet Guillon\" \/>\n<meta name=\"twitter:card\" content=\"summary_large_image\" \/>\n<meta name=\"twitter:label1\" content=\"\u00c9crit par\" \/>\n\t<meta name=\"twitter:data1\" content=\"Beno\u00eet Guillon\" \/>\n\t<meta name=\"twitter:label2\" content=\"Dur\u00e9e de lecture estim\u00e9e\" \/>\n\t<meta name=\"twitter:data2\" content=\"4 minutes\" \/>\n<script type=\"application\/ld+json\" class=\"yoast-schema-graph\">{\"@context\":\"https:\\\/\\\/schema.org\",\"@graph\":[{\"@type\":\"Article\",\"@id\":\"https:\\\/\\\/www.meslibellules.fr\\\/blog\\\/2024\\\/08\\\/14\\\/coeliccia-didyma\\\/#article\",\"isPartOf\":{\"@id\":\"https:\\\/\\\/www.meslibellules.fr\\\/blog\\\/2024\\\/08\\\/14\\\/coeliccia-didyma\\\/\"},\"author\":{\"name\":\"Beno\u00eet Guillon\",\"@id\":\"https:\\\/\\\/www.meslibellules.fr\\\/blog\\\/#\\\/schema\\\/person\\\/9aa3586f9dd053fcf329f43b8b053c77\"},\"headline\":\"Tha\u00eflande &#8211; Coeliccia didyma (Selys, 1863)\",\"datePublished\":\"2024-08-14T11:13:56+00:00\",\"dateModified\":\"2024-08-23T15:58:32+00:00\",\"mainEntityOfPage\":{\"@id\":\"https:\\\/\\\/www.meslibellules.fr\\\/blog\\\/2024\\\/08\\\/14\\\/coeliccia-didyma\\\/\"},\"wordCount\":479,\"commentCount\":0,\"publisher\":{\"@id\":\"https:\\\/\\\/www.meslibellules.fr\\\/blog\\\/#\\\/schema\\\/person\\\/9aa3586f9dd053fcf329f43b8b053c77\"},\"image\":{\"@id\":\"https:\\\/\\\/www.meslibellules.fr\\\/blog\\\/2024\\\/08\\\/14\\\/coeliccia-didyma\\\/#primaryimage\"},\"thumbnailUrl\":\"https:\\\/\\\/www.meslibellules.fr\\\/blog\\\/wp-content\\\/uploads\\\/Coeliccia-didyma-male-1.webp\",\"keywords\":[\"Platycnemididae\",\"Tha\u00eflande\"],\"articleSection\":[\"Platycnemididae\",\"Tha\u00eflande\"],\"inLanguage\":\"fr-FR\",\"potentialAction\":[{\"@type\":\"CommentAction\",\"name\":\"Comment\",\"target\":[\"https:\\\/\\\/www.meslibellules.fr\\\/blog\\\/2024\\\/08\\\/14\\\/coeliccia-didyma\\\/#respond\"]}]},{\"@type\":\"WebPage\",\"@id\":\"https:\\\/\\\/www.meslibellules.fr\\\/blog\\\/2024\\\/08\\\/14\\\/coeliccia-didyma\\\/\",\"url\":\"https:\\\/\\\/www.meslibellules.fr\\\/blog\\\/2024\\\/08\\\/14\\\/coeliccia-didyma\\\/\",\"name\":\"Coeliccia didyma - Mes Libellules\",\"isPartOf\":{\"@id\":\"https:\\\/\\\/www.meslibellules.fr\\\/blog\\\/#website\"},\"primaryImageOfPage\":{\"@id\":\"https:\\\/\\\/www.meslibellules.fr\\\/blog\\\/2024\\\/08\\\/14\\\/coeliccia-didyma\\\/#primaryimage\"},\"image\":{\"@id\":\"https:\\\/\\\/www.meslibellules.fr\\\/blog\\\/2024\\\/08\\\/14\\\/coeliccia-didyma\\\/#primaryimage\"},\"thumbnailUrl\":\"https:\\\/\\\/www.meslibellules.fr\\\/blog\\\/wp-content\\\/uploads\\\/Coeliccia-didyma-male-1.webp\",\"datePublished\":\"2024-08-14T11:13:56+00:00\",\"dateModified\":\"2024-08-23T15:58:32+00:00\",\"description\":\"Coeliccia didyma m\u00e2le en Tha\u00eflande, description, identification, taille, habitat, distribution g\u00e9ographique, \u00e9tymologie\",\"breadcrumb\":{\"@id\":\"https:\\\/\\\/www.meslibellules.fr\\\/blog\\\/2024\\\/08\\\/14\\\/coeliccia-didyma\\\/#breadcrumb\"},\"inLanguage\":\"fr-FR\",\"potentialAction\":[{\"@type\":\"ReadAction\",\"target\":[\"https:\\\/\\\/www.meslibellules.fr\\\/blog\\\/2024\\\/08\\\/14\\\/coeliccia-didyma\\\/\"]}]},{\"@type\":\"ImageObject\",\"inLanguage\":\"fr-FR\",\"@id\":\"https:\\\/\\\/www.meslibellules.fr\\\/blog\\\/2024\\\/08\\\/14\\\/coeliccia-didyma\\\/#primaryimage\",\"url\":\"https:\\\/\\\/www.meslibellules.fr\\\/blog\\\/wp-content\\\/uploads\\\/Coeliccia-didyma-male-1.webp\",\"contentUrl\":\"https:\\\/\\\/www.meslibellules.fr\\\/blog\\\/wp-content\\\/uploads\\\/Coeliccia-didyma-male-1.webp\"},{\"@type\":\"BreadcrumbList\",\"@id\":\"https:\\\/\\\/www.meslibellules.fr\\\/blog\\\/2024\\\/08\\\/14\\\/coeliccia-didyma\\\/#breadcrumb\",\"itemListElement\":[{\"@type\":\"ListItem\",\"position\":1,\"name\":\"Accueil\",\"item\":\"https:\\\/\\\/www.meslibellules.fr\\\/blog\\\/\"},{\"@type\":\"ListItem\",\"position\":2,\"name\":\"Tha\u00eflande &#8211; Coeliccia didyma (Selys, 1863)\"}]},{\"@type\":\"WebSite\",\"@id\":\"https:\\\/\\\/www.meslibellules.fr\\\/blog\\\/#website\",\"url\":\"https:\\\/\\\/www.meslibellules.fr\\\/blog\\\/\",\"name\":\"Mes Libellules\",\"description\":\"Pr\u00e9sentation des libellules rencontr\u00e9es dans le monde\",\"publisher\":{\"@id\":\"https:\\\/\\\/www.meslibellules.fr\\\/blog\\\/#\\\/schema\\\/person\\\/9aa3586f9dd053fcf329f43b8b053c77\"},\"potentialAction\":[{\"@type\":\"SearchAction\",\"target\":{\"@type\":\"EntryPoint\",\"urlTemplate\":\"https:\\\/\\\/www.meslibellules.fr\\\/blog\\\/?s={search_term_string}\"},\"query-input\":{\"@type\":\"PropertyValueSpecification\",\"valueRequired\":true,\"valueName\":\"search_term_string\"}}],\"inLanguage\":\"fr-FR\"},{\"@type\":[\"Person\",\"Organization\"],\"@id\":\"https:\\\/\\\/www.meslibellules.fr\\\/blog\\\/#\\\/schema\\\/person\\\/9aa3586f9dd053fcf329f43b8b053c77\",\"name\":\"Beno\u00eet Guillon\",\"image\":{\"@type\":\"ImageObject\",\"inLanguage\":\"fr-FR\",\"@id\":\"https:\\\/\\\/www.meslibellules.fr\\\/blog\\\/wp-content\\\/uploads\\\/cropped-avatar-150-pix.jpg\",\"url\":\"https:\\\/\\\/www.meslibellules.fr\\\/blog\\\/wp-content\\\/uploads\\\/cropped-avatar-150-pix.jpg\",\"contentUrl\":\"https:\\\/\\\/www.meslibellules.fr\\\/blog\\\/wp-content\\\/uploads\\\/cropped-avatar-150-pix.jpg\",\"width\":150,\"height\":137,\"caption\":\"Beno\u00eet Guillon\"},\"logo\":{\"@id\":\"https:\\\/\\\/www.meslibellules.fr\\\/blog\\\/wp-content\\\/uploads\\\/cropped-avatar-150-pix.jpg\"},\"sameAs\":[\"https:\\\/\\\/www.facebook.com\\\/benoit.guillon.96\\\/\"]}]}<\/script>\n<!-- \/ Yoast SEO plugin. -->","yoast_head_json":{"title":"Coeliccia didyma - Mes Libellules","description":"Coeliccia didyma m\u00e2le en Tha\u00eflande, description, identification, taille, habitat, distribution g\u00e9ographique, \u00e9tymologie","robots":{"index":"index","follow":"follow","max-snippet":"max-snippet:-1","max-image-preview":"max-image-preview:large","max-video-preview":"max-video-preview:-1"},"canonical":"https:\/\/www.meslibellules.fr\/blog\/2024\/08\/14\/coeliccia-didyma\/","og_locale":"fr_FR","og_type":"article","og_title":"Coeliccia didyma - Mes Libellules","og_description":"Coeliccia didyma m\u00e2le en Tha\u00eflande, description, identification, taille, habitat, distribution g\u00e9ographique, \u00e9tymologie","og_url":"https:\/\/www.meslibellules.fr\/blog\/2024\/08\/14\/coeliccia-didyma\/","og_site_name":"Mes Libellules","article_publisher":"https:\/\/www.facebook.com\/benoit.guillon.96\/","article_author":"https:\/\/www.facebook.com\/benoit.guillon.96\/","article_published_time":"2024-08-14T11:13:56+00:00","article_modified_time":"2024-08-23T15:58:32+00:00","og_image":[{"url":"https:\/\/www.meslibellules.fr\/blog\/wp-content\/uploads\/Coeliccia-didyma-male-1.webp","type":"","width":"","height":""}],"author":"Beno\u00eet Guillon","twitter_card":"summary_large_image","twitter_misc":{"\u00c9crit par":"Beno\u00eet Guillon","Dur\u00e9e de lecture estim\u00e9e":"4 minutes"},"schema":{"@context":"https:\/\/schema.org","@graph":[{"@type":"Article","@id":"https:\/\/www.meslibellules.fr\/blog\/2024\/08\/14\/coeliccia-didyma\/#article","isPartOf":{"@id":"https:\/\/www.meslibellules.fr\/blog\/2024\/08\/14\/coeliccia-didyma\/"},"author":{"name":"Beno\u00eet Guillon","@id":"https:\/\/www.meslibellules.fr\/blog\/#\/schema\/person\/9aa3586f9dd053fcf329f43b8b053c77"},"headline":"Tha\u00eflande &#8211; Coeliccia didyma (Selys, 1863)","datePublished":"2024-08-14T11:13:56+00:00","dateModified":"2024-08-23T15:58:32+00:00","mainEntityOfPage":{"@id":"https:\/\/www.meslibellules.fr\/blog\/2024\/08\/14\/coeliccia-didyma\/"},"wordCount":479,"commentCount":0,"publisher":{"@id":"https:\/\/www.meslibellules.fr\/blog\/#\/schema\/person\/9aa3586f9dd053fcf329f43b8b053c77"},"image":{"@id":"https:\/\/www.meslibellules.fr\/blog\/2024\/08\/14\/coeliccia-didyma\/#primaryimage"},"thumbnailUrl":"https:\/\/www.meslibellules.fr\/blog\/wp-content\/uploads\/Coeliccia-didyma-male-1.webp","keywords":["Platycnemididae","Tha\u00eflande"],"articleSection":["Platycnemididae","Tha\u00eflande"],"inLanguage":"fr-FR","potentialAction":[{"@type":"CommentAction","name":"Comment","target":["https:\/\/www.meslibellules.fr\/blog\/2024\/08\/14\/coeliccia-didyma\/#respond"]}]},{"@type":"WebPage","@id":"https:\/\/www.meslibellules.fr\/blog\/2024\/08\/14\/coeliccia-didyma\/","url":"https:\/\/www.meslibellules.fr\/blog\/2024\/08\/14\/coeliccia-didyma\/","name":"Coeliccia didyma - Mes Libellules","isPartOf":{"@id":"https:\/\/www.meslibellules.fr\/blog\/#website"},"primaryImageOfPage":{"@id":"https:\/\/www.meslibellules.fr\/blog\/2024\/08\/14\/coeliccia-didyma\/#primaryimage"},"image":{"@id":"https:\/\/www.meslibellules.fr\/blog\/2024\/08\/14\/coeliccia-didyma\/#primaryimage"},"thumbnailUrl":"https:\/\/www.meslibellules.fr\/blog\/wp-content\/uploads\/Coeliccia-didyma-male-1.webp","datePublished":"2024-08-14T11:13:56+00:00","dateModified":"2024-08-23T15:58:32+00:00","description":"Coeliccia didyma m\u00e2le en Tha\u00eflande, description, identification, taille, habitat, distribution g\u00e9ographique, \u00e9tymologie","breadcrumb":{"@id":"https:\/\/www.meslibellules.fr\/blog\/2024\/08\/14\/coeliccia-didyma\/#breadcrumb"},"inLanguage":"fr-FR","potentialAction":[{"@type":"ReadAction","target":["https:\/\/www.meslibellules.fr\/blog\/2024\/08\/14\/coeliccia-didyma\/"]}]},{"@type":"ImageObject","inLanguage":"fr-FR","@id":"https:\/\/www.meslibellules.fr\/blog\/2024\/08\/14\/coeliccia-didyma\/#primaryimage","url":"https:\/\/www.meslibellules.fr\/blog\/wp-content\/uploads\/Coeliccia-didyma-male-1.webp","contentUrl":"https:\/\/www.meslibellules.fr\/blog\/wp-content\/uploads\/Coeliccia-didyma-male-1.webp"},{"@type":"BreadcrumbList","@id":"https:\/\/www.meslibellules.fr\/blog\/2024\/08\/14\/coeliccia-didyma\/#breadcrumb","itemListElement":[{"@type":"ListItem","position":1,"name":"Accueil","item":"https:\/\/www.meslibellules.fr\/blog\/"},{"@type":"ListItem","position":2,"name":"Tha\u00eflande &#8211; Coeliccia didyma (Selys, 1863)"}]},{"@type":"WebSite","@id":"https:\/\/www.meslibellules.fr\/blog\/#website","url":"https:\/\/www.meslibellules.fr\/blog\/","name":"Mes Libellules","description":"Pr\u00e9sentation des libellules rencontr\u00e9es dans le monde","publisher":{"@id":"https:\/\/www.meslibellules.fr\/blog\/#\/schema\/person\/9aa3586f9dd053fcf329f43b8b053c77"},"potentialAction":[{"@type":"SearchAction","target":{"@type":"EntryPoint","urlTemplate":"https:\/\/www.meslibellules.fr\/blog\/?s={search_term_string}"},"query-input":{"@type":"PropertyValueSpecification","valueRequired":true,"valueName":"search_term_string"}}],"inLanguage":"fr-FR"},{"@type":["Person","Organization"],"@id":"https:\/\/www.meslibellules.fr\/blog\/#\/schema\/person\/9aa3586f9dd053fcf329f43b8b053c77","name":"Beno\u00eet Guillon","image":{"@type":"ImageObject","inLanguage":"fr-FR","@id":"https:\/\/www.meslibellules.fr\/blog\/wp-content\/uploads\/cropped-avatar-150-pix.jpg","url":"https:\/\/www.meslibellules.fr\/blog\/wp-content\/uploads\/cropped-avatar-150-pix.jpg","contentUrl":"https:\/\/www.meslibellules.fr\/blog\/wp-content\/uploads\/cropped-avatar-150-pix.jpg","width":150,"height":137,"caption":"Beno\u00eet Guillon"},"logo":{"@id":"https:\/\/www.meslibellules.fr\/blog\/wp-content\/uploads\/cropped-avatar-150-pix.jpg"},"sameAs":["https:\/\/www.facebook.com\/benoit.guillon.96\/"]}]}},"_links":{"self":[{"href":"https:\/\/www.meslibellules.fr\/blog\/wp-json\/wp\/v2\/posts\/20782","targetHints":{"allow":["GET"]}}],"collection":[{"href":"https:\/\/www.meslibellules.fr\/blog\/wp-json\/wp\/v2\/posts"}],"about":[{"href":"https:\/\/www.meslibellules.fr\/blog\/wp-json\/wp\/v2\/types\/post"}],"author":[{"embeddable":true,"href":"https:\/\/www.meslibellules.fr\/blog\/wp-json\/wp\/v2\/users\/1"}],"replies":[{"embeddable":true,"href":"https:\/\/www.meslibellules.fr\/blog\/wp-json\/wp\/v2\/comments?post=20782"}],"version-history":[{"count":0,"href":"https:\/\/www.meslibellules.fr\/blog\/wp-json\/wp\/v2\/posts\/20782\/revisions"}],"wp:attachment":[{"href":"https:\/\/www.meslibellules.fr\/blog\/wp-json\/wp\/v2\/media?parent=20782"}],"wp:term":[{"taxonomy":"category","embeddable":true,"href":"https:\/\/www.meslibellules.fr\/blog\/wp-json\/wp\/v2\/categories?post=20782"},{"taxonomy":"post_tag","embeddable":true,"href":"https:\/\/www.meslibellules.fr\/blog\/wp-json\/wp\/v2\/tags?post=20782"}],"curies":[{"name":"wp","href":"https:\/\/api.w.org\/{rel}","templated":true}]}}