{"id":20811,"date":"2024-08-17T19:38:11","date_gmt":"2024-08-17T17:38:11","guid":{"rendered":"https:\/\/www.meslibellules.fr\/blog\/?p=20811"},"modified":"2024-08-23T17:57:36","modified_gmt":"2024-08-23T15:57:36","slug":"coeliccia-chromothorax-males","status":"publish","type":"post","link":"https:\/\/www.meslibellules.fr\/blog\/2024\/08\/17\/coeliccia-chromothorax-males\/","title":{"rendered":"Tha\u00eflande &#8211; Coeliccia chromothorax (Selys, 1891)"},"content":{"rendered":"\n<figure class=\"wp-block-image aligncenter size-full is-resized\"><a href=\"https:\/\/www.meslibellules.fr\/blog\/wp-content\/uploads\/Coeliccia-chromothorax-male-1.webp\"><img decoding=\"async\" width=\"1984\" height=\"1204\" data-src=\"https:\/\/www.meslibellules.fr\/blog\/wp-content\/uploads\/Coeliccia-chromothorax-male-1.webp\" alt=\"Coeliccia chromothorax m\u00e2le, Tha\u00eflande, Doi Inthanon, Ban Luang, 02\/06\/2024\" class=\"wp-image-20800 lazyload\" style=\"--smush-placeholder-width: 1984px; --smush-placeholder-aspect-ratio: 1984\/1204;width:597px;height:auto\" data-srcset=\"https:\/\/www.meslibellules.fr\/blog\/wp-content\/uploads\/Coeliccia-chromothorax-male-1.webp 1984w, https:\/\/www.meslibellules.fr\/blog\/wp-content\/uploads\/Coeliccia-chromothorax-male-1-768x466.webp 768w, https:\/\/www.meslibellules.fr\/blog\/wp-content\/uploads\/Coeliccia-chromothorax-male-1-1536x932.webp 1536w\" data-sizes=\"(max-width: 1984px) 100vw, 1984px\" src=\"data:image\/svg+xml;base64,PHN2ZyB3aWR0aD0iMSIgaGVpZ2h0PSIxIiB4bWxucz0iaHR0cDovL3d3dy53My5vcmcvMjAwMC9zdmciPjwvc3ZnPg==\" \/><\/a><figcaption class=\"wp-element-caption\">Coeliccia chromothorax m\u00e2le, Tha\u00eflande, Doi Inthanon, Ban Luang, 02\/06\/2024<\/figcaption><\/figure>\n\n\n\n<p>J&rsquo;ai \u00e9t\u00e9 particuli\u00e8rement content de retrouver ces Coeliccia chromothorax m\u00e2les (Platycnemididae) que j&rsquo;avais d\u00e9j\u00e0 admir\u00e9s quelques ann\u00e9es auparavant au <a href=\"https:\/\/www.meslibellules.fr\/voyages\/laos\/coelicciachromo\/coelicciachromo1.php\">Laos<\/a> et au <a href=\"https:\/\/www.meslibellules.fr\/blog\/2019\/04\/18\/coeliccia-chromothorax\/\">Vietnam<\/a> ; les contrastes entre le noir de sa t\u00eate et ses yeux verts, le noir de sa bande thoracique et son thorax jaune lumineux sont splendides. S&rsquo;y ajoute la petite touche de jaune \u00e0 la fin de l&rsquo;abdomen qui est noir \u00e9galement sur sa face sup\u00e9rieure.<br>Ces \u00e9l\u00e9ments suffisent \u00e0 l&rsquo;identification de ces m\u00e2les matures tr\u00e8s \u00e9l\u00e9gants.<\/p>\n\n\n\n<figure class=\"wp-block-gallery has-nested-images columns-default is-cropped wp-block-gallery-1 is-layout-flex wp-block-gallery-is-layout-flex\">\n<figure class=\"wp-block-image size-full\"><a href=\"https:\/\/www.meslibellules.fr\/blog\/wp-content\/uploads\/Coeliccia-chromothorax-male-3.webp\"><img decoding=\"async\" width=\"2104\" height=\"1204\" data-id=\"20802\" data-src=\"https:\/\/www.meslibellules.fr\/blog\/wp-content\/uploads\/Coeliccia-chromothorax-male-3.webp\" alt=\"Coeliccia chromothorax m\u00e2le, Tha\u00eflande, Doi Inthanon, Ban Luang, 02\/06\/2024\" class=\"wp-image-20802 lazyload\" data-srcset=\"https:\/\/www.meslibellules.fr\/blog\/wp-content\/uploads\/Coeliccia-chromothorax-male-3.webp 2104w, https:\/\/www.meslibellules.fr\/blog\/wp-content\/uploads\/Coeliccia-chromothorax-male-3-768x439.webp 768w, https:\/\/www.meslibellules.fr\/blog\/wp-content\/uploads\/Coeliccia-chromothorax-male-3-1536x879.webp 1536w, https:\/\/www.meslibellules.fr\/blog\/wp-content\/uploads\/Coeliccia-chromothorax-male-3-2048x1172.webp 2048w\" data-sizes=\"(max-width: 2104px) 100vw, 2104px\" src=\"data:image\/svg+xml;base64,PHN2ZyB3aWR0aD0iMSIgaGVpZ2h0PSIxIiB4bWxucz0iaHR0cDovL3d3dy53My5vcmcvMjAwMC9zdmciPjwvc3ZnPg==\" style=\"--smush-placeholder-width: 2104px; --smush-placeholder-aspect-ratio: 2104\/1204;\" \/><\/a><\/figure>\n\n\n\n<figure class=\"wp-block-image size-full\"><a href=\"https:\/\/www.meslibellules.fr\/blog\/wp-content\/uploads\/Coeliccia-chromothorax-male-2.webp\"><img decoding=\"async\" width=\"2228\" height=\"1204\" data-id=\"20801\" data-src=\"https:\/\/www.meslibellules.fr\/blog\/wp-content\/uploads\/Coeliccia-chromothorax-male-2.webp\" alt=\"Coeliccia chromothorax m\u00e2le, Tha\u00eflande, Doi Inthanon, Ban Luang, 02\/06\/2024\" class=\"wp-image-20801 lazyload\" data-srcset=\"https:\/\/www.meslibellules.fr\/blog\/wp-content\/uploads\/Coeliccia-chromothorax-male-2.webp 2228w, https:\/\/www.meslibellules.fr\/blog\/wp-content\/uploads\/Coeliccia-chromothorax-male-2-768x415.webp 768w, https:\/\/www.meslibellules.fr\/blog\/wp-content\/uploads\/Coeliccia-chromothorax-male-2-1536x830.webp 1536w, https:\/\/www.meslibellules.fr\/blog\/wp-content\/uploads\/Coeliccia-chromothorax-male-2-2048x1107.webp 2048w\" data-sizes=\"(max-width: 2228px) 100vw, 2228px\" src=\"data:image\/svg+xml;base64,PHN2ZyB3aWR0aD0iMSIgaGVpZ2h0PSIxIiB4bWxucz0iaHR0cDovL3d3dy53My5vcmcvMjAwMC9zdmciPjwvc3ZnPg==\" style=\"--smush-placeholder-width: 2228px; --smush-placeholder-aspect-ratio: 2228\/1204;\" \/><\/a><\/figure>\n<figcaption class=\"blocks-gallery-caption wp-element-caption\">Coeliccia chromothorax m\u00e2le, Tha\u00eflande, Doi Inthanon, Ban Luang, 02\/06\/2024<\/figcaption><\/figure>\n\n\n\n<p>Sur ces photos, on note deux constantes des Coeliccia, un genre tr\u00e8s riche qui compte actuellement 80 esp\u00e8ces en Asie : les longues et rares \u00e9pines sur les pattes ainsi que les petites taches postoculaires cun\u00e9iformes plac\u00e9es tr\u00e8s en arri\u00e8re de la t\u00eate.<br>Selys, qui a d\u00e9crit l&rsquo;esp\u00e8ce (1) sous le nom de Calicnemis chromothorax \u00e0 partie d&rsquo;un exemplaire de <em>Birmanie<\/em> (Myanmar) indique que l&rsquo;abdomen du m\u00e2le mesure 39 \u00e0 40 mm, il atteint donc une longueur totale d&rsquo;environ 47 mm. <\/p>\n\n\n\n<figure class=\"wp-block-image aligncenter size-full is-resized\"><a href=\"https:\/\/www.meslibellules.fr\/blog\/wp-content\/uploads\/Coeliccia-chromothorax-male-4.webp\"><img decoding=\"async\" width=\"1971\" height=\"1204\" data-src=\"https:\/\/www.meslibellules.fr\/blog\/wp-content\/uploads\/Coeliccia-chromothorax-male-4.webp\" alt=\"Coeliccia chromothorax m\u00e2le, Tha\u00eflande, Doi Inthanon, Ban Luang, 02\/06\/2024\" class=\"wp-image-20803 lazyload\" style=\"--smush-placeholder-width: 1971px; --smush-placeholder-aspect-ratio: 1971\/1204;width:534px;height:auto\" data-srcset=\"https:\/\/www.meslibellules.fr\/blog\/wp-content\/uploads\/Coeliccia-chromothorax-male-4.webp 1971w, https:\/\/www.meslibellules.fr\/blog\/wp-content\/uploads\/Coeliccia-chromothorax-male-4-768x469.webp 768w, https:\/\/www.meslibellules.fr\/blog\/wp-content\/uploads\/Coeliccia-chromothorax-male-4-1536x938.webp 1536w\" data-sizes=\"(max-width: 1971px) 100vw, 1971px\" src=\"data:image\/svg+xml;base64,PHN2ZyB3aWR0aD0iMSIgaGVpZ2h0PSIxIiB4bWxucz0iaHR0cDovL3d3dy53My5vcmcvMjAwMC9zdmciPjwvc3ZnPg==\" \/><\/a><figcaption class=\"wp-element-caption\">Coeliccia chromothorax m\u00e2le, Tha\u00eflande, Doi Inthanon, Ban Luang, 02\/06\/2024<\/figcaption><\/figure>\n\n\n\n<p>On pourrait tout de m\u00eame confondre Coeliccia chromothorax m\u00e2le avec les m\u00e2les Coeliccia poungyi <span style=\"text-decoration: underline;\">immatures<\/span> <span style=\"text-decoration: underline;\">(<\/span>nous les avons rencontr\u00e9s sur un m\u00eame site<span style=\"text-decoration: underline;\">)<\/span>, mais ceux-ci, tr\u00e8s similaires pour le thorax lumineux montrent plus de jaune sur l&rsquo;abdomen, colorant enti\u00e8rement le neuvi\u00e8me segment et d\u00e9bordant l\u00e9g\u00e8rement sur le huiti\u00e8me.<br \/>Nous les avons observ\u00e9s essentiellement sur deux sites, tous les deux assez ouverts, en limite de for\u00eat, l&rsquo;un le long d&rsquo;une rivi\u00e8re, l&rsquo;autre pr\u00e8s d&rsquo;une mare \u00e0 pr\u00e8s de 1200 m d&rsquo;altitude.<\/p>\n\n\n\n<figure class=\"wp-block-image aligncenter size-full is-resized\"><a href=\"https:\/\/www.meslibellules.fr\/blog\/wp-content\/uploads\/Coeliccia-chromothorax-male-5.webp\"><img decoding=\"async\" width=\"1328\" height=\"1204\" data-src=\"https:\/\/www.meslibellules.fr\/blog\/wp-content\/uploads\/Coeliccia-chromothorax-male-5.webp\" alt=\"Coeliccia chromothorax m\u00e2le, Tha\u00eflande, mare Ban Luang, Chom Thong, 05\/06\/2024\" class=\"wp-image-20804 lazyload\" style=\"--smush-placeholder-width: 1328px; --smush-placeholder-aspect-ratio: 1328\/1204;width:435px;height:auto\" data-srcset=\"https:\/\/www.meslibellules.fr\/blog\/wp-content\/uploads\/Coeliccia-chromothorax-male-5.webp 1328w, https:\/\/www.meslibellules.fr\/blog\/wp-content\/uploads\/Coeliccia-chromothorax-male-5-768x696.webp 768w\" data-sizes=\"(max-width: 1328px) 100vw, 1328px\" src=\"data:image\/svg+xml;base64,PHN2ZyB3aWR0aD0iMSIgaGVpZ2h0PSIxIiB4bWxucz0iaHR0cDovL3d3dy53My5vcmcvMjAwMC9zdmciPjwvc3ZnPg==\" \/><\/a><figcaption class=\"wp-element-caption\">Coeliccia chromothorax jeune m\u00e2le, Tha\u00eflande, mare Ban Luang, Chom Thong, 05\/06\/2024<\/figcaption><\/figure>\n\n\n\n<p>Si je connaissais donc d\u00e9j\u00e0 l&rsquo;esp\u00e8ce, je n&rsquo;avais jamais vu de femelles et nous avons eu la chance d&rsquo;observer plusieurs tandems et tentatives d&rsquo;accouplement ; et c&rsquo;est toujours une excellente occasion d&rsquo;examiner les femelles, qui isol\u00e9es, sont parfois tr\u00e8s difficiles \u00e0 identifier. <br>Ci-dessous, la femelle n&rsquo;est jamais parvenue \u00e0 positionner correctement son abdomen contre celui du m\u00e2le et la gymnastique \u00e9tait assez comique.<\/p>\n\n\n\n<figure class=\"wp-block-gallery has-nested-images columns-default is-cropped wp-block-gallery-2 is-layout-flex wp-block-gallery-is-layout-flex\">\n<figure class=\"wp-block-image size-large\"><a href=\"https:\/\/www.meslibellules.fr\/blog\/wp-content\/uploads\/Coeliccia-chromothorax-tandem-1.webp\"><img decoding=\"async\" width=\"621\" height=\"1204\" data-id=\"20805\" data-src=\"https:\/\/www.meslibellules.fr\/blog\/wp-content\/uploads\/Coeliccia-chromothorax-tandem-1.webp\" alt=\"Coeliccia chromothorax tandem, Tha\u00eflande, mare Suthep, Mueang Chiang Mai, 29\/05\/2024\" class=\"wp-image-20805 lazyload\" src=\"data:image\/svg+xml;base64,PHN2ZyB3aWR0aD0iMSIgaGVpZ2h0PSIxIiB4bWxucz0iaHR0cDovL3d3dy53My5vcmcvMjAwMC9zdmciPjwvc3ZnPg==\" style=\"--smush-placeholder-width: 621px; --smush-placeholder-aspect-ratio: 621\/1204;\" \/><\/a><\/figure>\n\n\n\n<figure class=\"wp-block-image size-large\"><a href=\"https:\/\/www.meslibellules.fr\/blog\/wp-content\/uploads\/Coeliccia-chromothorax-tandem-2.webp\"><img decoding=\"async\" width=\"772\" height=\"1204\" data-id=\"20807\" data-src=\"https:\/\/www.meslibellules.fr\/blog\/wp-content\/uploads\/Coeliccia-chromothorax-tandem-2.webp\" alt=\"Coeliccia chromothorax tandem, Tha\u00eflande, mare Suthep, Mueang Chiang Mai, 29\/05\/2024\" class=\"wp-image-20807 lazyload\" data-srcset=\"https:\/\/www.meslibellules.fr\/blog\/wp-content\/uploads\/Coeliccia-chromothorax-tandem-2.webp 772w, https:\/\/www.meslibellules.fr\/blog\/wp-content\/uploads\/Coeliccia-chromothorax-tandem-2-768x1198.webp 768w\" data-sizes=\"(max-width: 772px) 100vw, 772px\" src=\"data:image\/svg+xml;base64,PHN2ZyB3aWR0aD0iMSIgaGVpZ2h0PSIxIiB4bWxucz0iaHR0cDovL3d3dy53My5vcmcvMjAwMC9zdmciPjwvc3ZnPg==\" style=\"--smush-placeholder-width: 772px; --smush-placeholder-aspect-ratio: 772\/1204;\" \/><\/a><\/figure>\n\n\n\n<figure class=\"wp-block-image size-large\"><a href=\"https:\/\/www.meslibellules.fr\/blog\/wp-content\/uploads\/Coeliccia-chromothorax-tandem-3.webp\"><img decoding=\"async\" width=\"756\" height=\"1204\" data-id=\"20808\" data-src=\"https:\/\/www.meslibellules.fr\/blog\/wp-content\/uploads\/Coeliccia-chromothorax-tandem-3.webp\" alt=\"Coeliccia chromothorax tandem, Tha\u00eflande, mare Suthep, Mueang Chiang Mai, 29\/05\/2024\" class=\"wp-image-20808 lazyload\" src=\"data:image\/svg+xml;base64,PHN2ZyB3aWR0aD0iMSIgaGVpZ2h0PSIxIiB4bWxucz0iaHR0cDovL3d3dy53My5vcmcvMjAwMC9zdmciPjwvc3ZnPg==\" style=\"--smush-placeholder-width: 756px; --smush-placeholder-aspect-ratio: 756\/1204;\" \/><\/a><\/figure>\n<figcaption class=\"blocks-gallery-caption wp-element-caption\">Coeliccia chromothorax tandem, Tha\u00eflande, mare Suthep, Mueang Chiang Mai, 29\/05\/2024<\/figcaption><\/figure>\n\n\n\n<p>C&rsquo;est aussi l&rsquo;occasion de constater la technique de capture du m\u00e2le qui utilise ses appendices anaux afin de crocheter la femelle par son pronotum.<\/p>\n\n\n\n<figure class=\"wp-block-gallery has-nested-images columns-default is-cropped wp-block-gallery-3 is-layout-flex wp-block-gallery-is-layout-flex\">\n<figure class=\"wp-block-image size-large\"><a href=\"https:\/\/www.meslibellules.fr\/blog\/wp-content\/uploads\/Coeliccia-chromothorax-tandem-1bis.webp\"><img decoding=\"async\" width=\"1139\" height=\"1204\" data-id=\"20806\" data-src=\"https:\/\/www.meslibellules.fr\/blog\/wp-content\/uploads\/Coeliccia-chromothorax-tandem-1bis.webp\" alt=\"Coeliccia chromothorax tandem, Tha\u00eflande, mare Suthep, Mueang Chiang Mai, 29\/05\/2024\" class=\"wp-image-20806 lazyload\" data-srcset=\"https:\/\/www.meslibellules.fr\/blog\/wp-content\/uploads\/Coeliccia-chromothorax-tandem-1bis.webp 1139w, https:\/\/www.meslibellules.fr\/blog\/wp-content\/uploads\/Coeliccia-chromothorax-tandem-1bis-768x812.webp 768w\" data-sizes=\"(max-width: 1139px) 100vw, 1139px\" src=\"data:image\/svg+xml;base64,PHN2ZyB3aWR0aD0iMSIgaGVpZ2h0PSIxIiB4bWxucz0iaHR0cDovL3d3dy53My5vcmcvMjAwMC9zdmciPjwvc3ZnPg==\" style=\"--smush-placeholder-width: 1139px; --smush-placeholder-aspect-ratio: 1139\/1204;\" \/><\/a><\/figure>\n\n\n\n<figure class=\"wp-block-image size-large\"><a href=\"https:\/\/www.meslibellules.fr\/blog\/wp-content\/uploads\/Coeliccia-chromothorax-tandem-4bis.webp\"><img decoding=\"async\" width=\"1324\" height=\"1120\" data-id=\"20810\" data-src=\"https:\/\/www.meslibellules.fr\/blog\/wp-content\/uploads\/Coeliccia-chromothorax-tandem-4bis.webp\" alt=\"Coeliccia chromothorax tandem, Tha\u00eflande, Doi Inthanon, Ban Luang, 02\/06\/2024\" class=\"wp-image-20810 lazyload\" data-srcset=\"https:\/\/www.meslibellules.fr\/blog\/wp-content\/uploads\/Coeliccia-chromothorax-tandem-4bis.webp 1324w, https:\/\/www.meslibellules.fr\/blog\/wp-content\/uploads\/Coeliccia-chromothorax-tandem-4bis-768x650.webp 768w\" data-sizes=\"(max-width: 1324px) 100vw, 1324px\" src=\"data:image\/svg+xml;base64,PHN2ZyB3aWR0aD0iMSIgaGVpZ2h0PSIxIiB4bWxucz0iaHR0cDovL3d3dy53My5vcmcvMjAwMC9zdmciPjwvc3ZnPg==\" style=\"--smush-placeholder-width: 1324px; --smush-placeholder-aspect-ratio: 1324\/1120;\" \/><\/a><\/figure>\n<figcaption class=\"blocks-gallery-caption wp-element-caption\">Coeliccia chromothorax tandem, Tha\u00eflande, mare Suthep, Mueang Chiang Mai, 29\/05\/2024 &amp; Doi Inthanon, Ban Luang, 02\/06\/2024<\/figcaption><\/figure>\n\n\n\n<p>La distribution de l&rsquo;esp\u00e8ce s&rsquo;\u00e9tend du Myanmar au sud de la Chine (Yunnan) \u00e0 travers le Laos, la Tha\u00eflande et le Vietnam.<br><a href=\"https:\/\/www.iucnredlist.org\/species\/167493\/176213208#geographic-range\">IUCN Red List<\/a><\/p>\n\n\n\n<div style=\"height:14px\" aria-hidden=\"true\" class=\"wp-block-spacer\"><\/div>\n\n\n\n<div class=\"wp-block-media-text is-stacked-on-mobile\" style=\"grid-template-columns:42% auto\"><figure class=\"wp-block-media-text__media\"><a href=\"https:\/\/www.meslibellules.fr\/blog\/wp-content\/uploads\/Coeliccia-chromothorax-tandem-4.webp\"><img decoding=\"async\" width=\"1146\" height=\"1204\" data-src=\"https:\/\/www.meslibellules.fr\/blog\/wp-content\/uploads\/Coeliccia-chromothorax-tandem-4.webp\" alt=\"Coeliccia chromothorax tandem, Tha\u00eflande, Doi Inthanon, Ban Luang, 02\/06\/2024\" class=\"wp-image-20809 size-full lazyload\" data-srcset=\"https:\/\/www.meslibellules.fr\/blog\/wp-content\/uploads\/Coeliccia-chromothorax-tandem-4.webp 1146w, https:\/\/www.meslibellules.fr\/blog\/wp-content\/uploads\/Coeliccia-chromothorax-tandem-4-768x807.webp 768w\" data-sizes=\"(max-width: 1146px) 100vw, 1146px\" src=\"data:image\/svg+xml;base64,PHN2ZyB3aWR0aD0iMSIgaGVpZ2h0PSIxIiB4bWxucz0iaHR0cDovL3d3dy53My5vcmcvMjAwMC9zdmciPjwvc3ZnPg==\" style=\"--smush-placeholder-width: 1146px; --smush-placeholder-aspect-ratio: 1146\/1204;\" \/><\/a><\/figure><div class=\"wp-block-media-text__content\">\n<p>Selys a d\u00e9crit la premi\u00e8re esp\u00e8ce du genre en 1863 sous le nom pr\u00e9occup\u00e9 de Trichocnemis (col\u00e9opt\u00e8re longicorne) et c\u2019est Kirby qui a rectifi\u00e9 et cr\u00e9\u00e9 le genre\u00a0<strong>Coeliccia<\/strong>\u00a0en 1890. Ce nom de genre, inexpliqu\u00e9 par l\u2019auteur \u00e0 ma connaissance, vient peut-\u00eatre du latin\u00a0<strong>coelum\u00a0\u00bb<\/strong>\u00a0(ou\u00a0<strong>\u00ab\u00a0caelum\u00a0\u00bb<\/strong>), qui signifie <em>ciel<\/em>\u00a0ou <em>c\u00e9leste<\/em>, et d\u2019un suffixe ou simple terminaison choisie pour l\u2019esth\u00e9tique ou la phon\u00e9tique. En effet, la premi\u00e8re esp\u00e8ce d\u00e9crite par Selys, Trichocnemis membranipes, est\u00a0<em>bleu-ciel<\/em>, pour toutes ses parties non noires.<br><strong>Chromothorax<\/strong>, du grec ancien <em>chroma<\/em> qui signifie <em>couleur<\/em> et <em>thorax<\/em> qu&rsquo;il n&rsquo;est pas besoin d&rsquo;expliciter. Selys a choisi pour cette esp\u00e8ce d&rsquo;insister sur la couleur <em>jaune de chrome<\/em>, comme il le mentionne dans sa description : \u00ab\u00a0<em>Thorax jaune de chrome brillant &#8230; La moiti\u00e9 terminale du 9\u00b0 en dessus et le 10\u00b0 en entier sont jaune de chrome &#8230; Appendices anals jaune de chrome.<\/em>\u00ab\u00a0<\/p>\n\n\n\n<p><\/p>\n<\/div><\/div>\n\n\n\n<div style=\"height:30px\" aria-hidden=\"true\" class=\"wp-block-spacer\"><\/div>\n\n\n\n<p style=\"font-size:13px\">1- Selys, 1891,&nbsp;<a href=\"https:\/\/www.biodiversitylibrary.org\/page\/30149944#page\/516\/mode\/1up\">Viaggio di Leonardo Fea in <\/a><a href=\"https:\/\/www.biodiversitylibrary.org\/page\/30149944#page\/527\/mode\/1up\">Birmania e regione vicine<\/a>. XXXII. Odonates.p 502<\/p>\n\n\n\n<div style=\"height:30px\" aria-hidden=\"true\" class=\"wp-block-spacer\"><\/div>\n\n\n\n<div class=\"wp-block-buttons is-vertical is-layout-flex wp-container-core-buttons-is-layout-16cda065 wp-block-buttons-is-layout-flex\">\n<div class=\"wp-block-button\"><a class=\"wp-block-button__link wp-element-button\" href=\"https:\/\/www.meslibellules.fr\/blog\/libellules-de-thailande\/\">Accueil Tha\u00eflande<\/a><\/div>\n\n\n\n<div class=\"wp-block-button\"><a class=\"wp-block-button__link wp-element-button\" href=\"http:\/\/www.meslibellules.fr\/pagesweb\/divers\/liste-generale-odonates-du-site\/asia-odonates.php\">Liste Asie<\/a><\/div>\n\n\n\n<div class=\"wp-block-button\"><a class=\"wp-block-button__link wp-element-button\" href=\"https:\/\/www.meslibellules.fr\/blog\/\">Accueil<\/a><\/div>\n<\/div>\n","protected":false},"excerpt":{"rendered":"<p>J&rsquo;ai \u00e9t\u00e9 particuli\u00e8rement content de retrouver ces Coeliccia chromothorax m\u00e2les (Platycnemididae) que j&rsquo;avais d\u00e9j\u00e0 admir\u00e9s quelques ann\u00e9es auparavant au Laos et au Vietnam ; les contrastes entre le noir de sa t\u00eate et ses yeux verts, le noir de sa bande thoracique et son thorax jaune lumineux sont splendides. S&rsquo;y ajoute la petite touche de [&hellip;]<\/p>\n","protected":false},"author":1,"featured_media":0,"comment_status":"open","ping_status":"open","sticky":false,"template":"","format":"image","meta":{"site-sidebar-layout":"default","site-content-layout":"","ast-site-content-layout":"default","site-content-style":"default","site-sidebar-style":"default","ast-global-header-display":"","ast-banner-title-visibility":"","ast-main-header-display":"","ast-hfb-above-header-display":"","ast-hfb-below-header-display":"","ast-hfb-mobile-header-display":"","site-post-title":"","ast-breadcrumbs-content":"","ast-featured-img":"","footer-sml-layout":"","ast-disable-related-posts":"","theme-transparent-header-meta":"","adv-header-id-meta":"","stick-header-meta":"","header-above-stick-meta":"","header-main-stick-meta":"","header-below-stick-meta":"","astra-migrate-meta-layouts":"set","ast-page-background-enabled":"default","ast-page-background-meta":{"desktop":{"background-color":"var(--ast-global-color-4)","background-image":"","background-repeat":"repeat","background-position":"center center","background-size":"auto","background-attachment":"scroll","background-type":"","background-media":"","overlay-type":"","overlay-color":"","overlay-opacity":"","overlay-gradient":""},"tablet":{"background-color":"","background-image":"","background-repeat":"repeat","background-position":"center center","background-size":"auto","background-attachment":"scroll","background-type":"","background-media":"","overlay-type":"","overlay-color":"","overlay-opacity":"","overlay-gradient":""},"mobile":{"background-color":"","background-image":"","background-repeat":"repeat","background-position":"center center","background-size":"auto","background-attachment":"scroll","background-type":"","background-media":"","overlay-type":"","overlay-color":"","overlay-opacity":"","overlay-gradient":""}},"ast-content-background-meta":{"desktop":{"background-color":"var(--ast-global-color-5)","background-image":"","background-repeat":"repeat","background-position":"center center","background-size":"auto","background-attachment":"scroll","background-type":"","background-media":"","overlay-type":"","overlay-color":"","overlay-opacity":"","overlay-gradient":""},"tablet":{"background-color":"var(--ast-global-color-5)","background-image":"","background-repeat":"repeat","background-position":"center center","background-size":"auto","background-attachment":"scroll","background-type":"","background-media":"","overlay-type":"","overlay-color":"","overlay-opacity":"","overlay-gradient":""},"mobile":{"background-color":"var(--ast-global-color-5)","background-image":"","background-repeat":"repeat","background-position":"center center","background-size":"auto","background-attachment":"scroll","background-type":"","background-media":"","overlay-type":"","overlay-color":"","overlay-opacity":"","overlay-gradient":""}},"footnotes":""},"categories":[1],"tags":[],"class_list":["post-20811","post","type-post","status-publish","format-image","hentry","category-non-classe","post_format-post-format-image"],"yoast_head":"<!-- This site is optimized with the Yoast SEO plugin v27.5 - https:\/\/yoast.com\/product\/yoast-seo-wordpress\/ -->\n<title>Coeliccia chromothorax m\u00e2les - Mes Libellules<\/title>\n<meta name=\"description\" content=\"Coeliccia chromothorax m\u00e2les et femelles en Tha\u00eflande, description, identification, taille, habitat, distribution g\u00e9ographique, \u00e9tymologie\" \/>\n<meta name=\"robots\" content=\"index, follow, max-snippet:-1, max-image-preview:large, max-video-preview:-1\" \/>\n<link rel=\"canonical\" href=\"https:\/\/www.meslibellules.fr\/blog\/2024\/08\/17\/coeliccia-chromothorax-males\/\" \/>\n<meta property=\"og:locale\" content=\"fr_FR\" \/>\n<meta property=\"og:type\" content=\"article\" \/>\n<meta property=\"og:title\" content=\"Coeliccia chromothorax m\u00e2les - Mes Libellules\" \/>\n<meta property=\"og:description\" content=\"Coeliccia chromothorax m\u00e2les et femelles en Tha\u00eflande, description, identification, taille, habitat, distribution g\u00e9ographique, \u00e9tymologie\" \/>\n<meta property=\"og:url\" content=\"https:\/\/www.meslibellules.fr\/blog\/2024\/08\/17\/coeliccia-chromothorax-males\/\" \/>\n<meta property=\"og:site_name\" content=\"Mes Libellules\" \/>\n<meta property=\"article:publisher\" content=\"https:\/\/www.facebook.com\/benoit.guillon.96\/\" \/>\n<meta property=\"article:author\" content=\"https:\/\/www.facebook.com\/benoit.guillon.96\/\" \/>\n<meta property=\"article:published_time\" content=\"2024-08-17T17:38:11+00:00\" \/>\n<meta property=\"article:modified_time\" content=\"2024-08-23T15:57:36+00:00\" \/>\n<meta property=\"og:image\" content=\"https:\/\/www.meslibellules.fr\/blog\/wp-content\/uploads\/Coeliccia-chromothorax-male-1.webp\" \/>\n<meta name=\"author\" content=\"Beno\u00eet Guillon\" \/>\n<meta name=\"twitter:card\" content=\"summary_large_image\" \/>\n<meta name=\"twitter:label1\" content=\"\u00c9crit par\" \/>\n\t<meta name=\"twitter:data1\" content=\"Beno\u00eet Guillon\" \/>\n\t<meta name=\"twitter:label2\" content=\"Dur\u00e9e de lecture estim\u00e9e\" \/>\n\t<meta name=\"twitter:data2\" content=\"6 minutes\" \/>\n<script type=\"application\/ld+json\" class=\"yoast-schema-graph\">{\"@context\":\"https:\\\/\\\/schema.org\",\"@graph\":[{\"@type\":\"Article\",\"@id\":\"https:\\\/\\\/www.meslibellules.fr\\\/blog\\\/2024\\\/08\\\/17\\\/coeliccia-chromothorax-males\\\/#article\",\"isPartOf\":{\"@id\":\"https:\\\/\\\/www.meslibellules.fr\\\/blog\\\/2024\\\/08\\\/17\\\/coeliccia-chromothorax-males\\\/\"},\"author\":{\"name\":\"Beno\u00eet Guillon\",\"@id\":\"https:\\\/\\\/www.meslibellules.fr\\\/blog\\\/#\\\/schema\\\/person\\\/9aa3586f9dd053fcf329f43b8b053c77\"},\"headline\":\"Tha\u00eflande &#8211; Coeliccia chromothorax (Selys, 1891)\",\"datePublished\":\"2024-08-17T17:38:11+00:00\",\"dateModified\":\"2024-08-23T15:57:36+00:00\",\"mainEntityOfPage\":{\"@id\":\"https:\\\/\\\/www.meslibellules.fr\\\/blog\\\/2024\\\/08\\\/17\\\/coeliccia-chromothorax-males\\\/\"},\"wordCount\":657,\"commentCount\":0,\"publisher\":{\"@id\":\"https:\\\/\\\/www.meslibellules.fr\\\/blog\\\/#\\\/schema\\\/person\\\/9aa3586f9dd053fcf329f43b8b053c77\"},\"image\":{\"@id\":\"https:\\\/\\\/www.meslibellules.fr\\\/blog\\\/2024\\\/08\\\/17\\\/coeliccia-chromothorax-males\\\/#primaryimage\"},\"thumbnailUrl\":\"https:\\\/\\\/www.meslibellules.fr\\\/blog\\\/wp-content\\\/uploads\\\/Coeliccia-chromothorax-male-1.webp\",\"inLanguage\":\"fr-FR\",\"potentialAction\":[{\"@type\":\"CommentAction\",\"name\":\"Comment\",\"target\":[\"https:\\\/\\\/www.meslibellules.fr\\\/blog\\\/2024\\\/08\\\/17\\\/coeliccia-chromothorax-males\\\/#respond\"]}]},{\"@type\":\"WebPage\",\"@id\":\"https:\\\/\\\/www.meslibellules.fr\\\/blog\\\/2024\\\/08\\\/17\\\/coeliccia-chromothorax-males\\\/\",\"url\":\"https:\\\/\\\/www.meslibellules.fr\\\/blog\\\/2024\\\/08\\\/17\\\/coeliccia-chromothorax-males\\\/\",\"name\":\"Coeliccia chromothorax m\u00e2les - Mes Libellules\",\"isPartOf\":{\"@id\":\"https:\\\/\\\/www.meslibellules.fr\\\/blog\\\/#website\"},\"primaryImageOfPage\":{\"@id\":\"https:\\\/\\\/www.meslibellules.fr\\\/blog\\\/2024\\\/08\\\/17\\\/coeliccia-chromothorax-males\\\/#primaryimage\"},\"image\":{\"@id\":\"https:\\\/\\\/www.meslibellules.fr\\\/blog\\\/2024\\\/08\\\/17\\\/coeliccia-chromothorax-males\\\/#primaryimage\"},\"thumbnailUrl\":\"https:\\\/\\\/www.meslibellules.fr\\\/blog\\\/wp-content\\\/uploads\\\/Coeliccia-chromothorax-male-1.webp\",\"datePublished\":\"2024-08-17T17:38:11+00:00\",\"dateModified\":\"2024-08-23T15:57:36+00:00\",\"description\":\"Coeliccia chromothorax m\u00e2les et femelles en Tha\u00eflande, description, identification, taille, habitat, distribution g\u00e9ographique, \u00e9tymologie\",\"breadcrumb\":{\"@id\":\"https:\\\/\\\/www.meslibellules.fr\\\/blog\\\/2024\\\/08\\\/17\\\/coeliccia-chromothorax-males\\\/#breadcrumb\"},\"inLanguage\":\"fr-FR\",\"potentialAction\":[{\"@type\":\"ReadAction\",\"target\":[\"https:\\\/\\\/www.meslibellules.fr\\\/blog\\\/2024\\\/08\\\/17\\\/coeliccia-chromothorax-males\\\/\"]}]},{\"@type\":\"ImageObject\",\"inLanguage\":\"fr-FR\",\"@id\":\"https:\\\/\\\/www.meslibellules.fr\\\/blog\\\/2024\\\/08\\\/17\\\/coeliccia-chromothorax-males\\\/#primaryimage\",\"url\":\"https:\\\/\\\/www.meslibellules.fr\\\/blog\\\/wp-content\\\/uploads\\\/Coeliccia-chromothorax-male-1.webp\",\"contentUrl\":\"https:\\\/\\\/www.meslibellules.fr\\\/blog\\\/wp-content\\\/uploads\\\/Coeliccia-chromothorax-male-1.webp\"},{\"@type\":\"BreadcrumbList\",\"@id\":\"https:\\\/\\\/www.meslibellules.fr\\\/blog\\\/2024\\\/08\\\/17\\\/coeliccia-chromothorax-males\\\/#breadcrumb\",\"itemListElement\":[{\"@type\":\"ListItem\",\"position\":1,\"name\":\"Accueil\",\"item\":\"https:\\\/\\\/www.meslibellules.fr\\\/blog\\\/\"},{\"@type\":\"ListItem\",\"position\":2,\"name\":\"Tha\u00eflande &#8211; Coeliccia chromothorax (Selys, 1891)\"}]},{\"@type\":\"WebSite\",\"@id\":\"https:\\\/\\\/www.meslibellules.fr\\\/blog\\\/#website\",\"url\":\"https:\\\/\\\/www.meslibellules.fr\\\/blog\\\/\",\"name\":\"Mes Libellules\",\"description\":\"Pr\u00e9sentation des libellules rencontr\u00e9es dans le monde\",\"publisher\":{\"@id\":\"https:\\\/\\\/www.meslibellules.fr\\\/blog\\\/#\\\/schema\\\/person\\\/9aa3586f9dd053fcf329f43b8b053c77\"},\"potentialAction\":[{\"@type\":\"SearchAction\",\"target\":{\"@type\":\"EntryPoint\",\"urlTemplate\":\"https:\\\/\\\/www.meslibellules.fr\\\/blog\\\/?s={search_term_string}\"},\"query-input\":{\"@type\":\"PropertyValueSpecification\",\"valueRequired\":true,\"valueName\":\"search_term_string\"}}],\"inLanguage\":\"fr-FR\"},{\"@type\":[\"Person\",\"Organization\"],\"@id\":\"https:\\\/\\\/www.meslibellules.fr\\\/blog\\\/#\\\/schema\\\/person\\\/9aa3586f9dd053fcf329f43b8b053c77\",\"name\":\"Beno\u00eet Guillon\",\"image\":{\"@type\":\"ImageObject\",\"inLanguage\":\"fr-FR\",\"@id\":\"https:\\\/\\\/www.meslibellules.fr\\\/blog\\\/wp-content\\\/uploads\\\/cropped-avatar-150-pix.jpg\",\"url\":\"https:\\\/\\\/www.meslibellules.fr\\\/blog\\\/wp-content\\\/uploads\\\/cropped-avatar-150-pix.jpg\",\"contentUrl\":\"https:\\\/\\\/www.meslibellules.fr\\\/blog\\\/wp-content\\\/uploads\\\/cropped-avatar-150-pix.jpg\",\"width\":150,\"height\":137,\"caption\":\"Beno\u00eet Guillon\"},\"logo\":{\"@id\":\"https:\\\/\\\/www.meslibellules.fr\\\/blog\\\/wp-content\\\/uploads\\\/cropped-avatar-150-pix.jpg\"},\"sameAs\":[\"https:\\\/\\\/www.facebook.com\\\/benoit.guillon.96\\\/\"]}]}<\/script>\n<!-- \/ Yoast SEO plugin. -->","yoast_head_json":{"title":"Coeliccia chromothorax m\u00e2les - Mes Libellules","description":"Coeliccia chromothorax m\u00e2les et femelles en Tha\u00eflande, description, identification, taille, habitat, distribution g\u00e9ographique, \u00e9tymologie","robots":{"index":"index","follow":"follow","max-snippet":"max-snippet:-1","max-image-preview":"max-image-preview:large","max-video-preview":"max-video-preview:-1"},"canonical":"https:\/\/www.meslibellules.fr\/blog\/2024\/08\/17\/coeliccia-chromothorax-males\/","og_locale":"fr_FR","og_type":"article","og_title":"Coeliccia chromothorax m\u00e2les - Mes Libellules","og_description":"Coeliccia chromothorax m\u00e2les et femelles en Tha\u00eflande, description, identification, taille, habitat, distribution g\u00e9ographique, \u00e9tymologie","og_url":"https:\/\/www.meslibellules.fr\/blog\/2024\/08\/17\/coeliccia-chromothorax-males\/","og_site_name":"Mes Libellules","article_publisher":"https:\/\/www.facebook.com\/benoit.guillon.96\/","article_author":"https:\/\/www.facebook.com\/benoit.guillon.96\/","article_published_time":"2024-08-17T17:38:11+00:00","article_modified_time":"2024-08-23T15:57:36+00:00","og_image":[{"url":"https:\/\/www.meslibellules.fr\/blog\/wp-content\/uploads\/Coeliccia-chromothorax-male-1.webp","type":"","width":"","height":""}],"author":"Beno\u00eet Guillon","twitter_card":"summary_large_image","twitter_misc":{"\u00c9crit par":"Beno\u00eet Guillon","Dur\u00e9e de lecture estim\u00e9e":"6 minutes"},"schema":{"@context":"https:\/\/schema.org","@graph":[{"@type":"Article","@id":"https:\/\/www.meslibellules.fr\/blog\/2024\/08\/17\/coeliccia-chromothorax-males\/#article","isPartOf":{"@id":"https:\/\/www.meslibellules.fr\/blog\/2024\/08\/17\/coeliccia-chromothorax-males\/"},"author":{"name":"Beno\u00eet Guillon","@id":"https:\/\/www.meslibellules.fr\/blog\/#\/schema\/person\/9aa3586f9dd053fcf329f43b8b053c77"},"headline":"Tha\u00eflande &#8211; Coeliccia chromothorax (Selys, 1891)","datePublished":"2024-08-17T17:38:11+00:00","dateModified":"2024-08-23T15:57:36+00:00","mainEntityOfPage":{"@id":"https:\/\/www.meslibellules.fr\/blog\/2024\/08\/17\/coeliccia-chromothorax-males\/"},"wordCount":657,"commentCount":0,"publisher":{"@id":"https:\/\/www.meslibellules.fr\/blog\/#\/schema\/person\/9aa3586f9dd053fcf329f43b8b053c77"},"image":{"@id":"https:\/\/www.meslibellules.fr\/blog\/2024\/08\/17\/coeliccia-chromothorax-males\/#primaryimage"},"thumbnailUrl":"https:\/\/www.meslibellules.fr\/blog\/wp-content\/uploads\/Coeliccia-chromothorax-male-1.webp","inLanguage":"fr-FR","potentialAction":[{"@type":"CommentAction","name":"Comment","target":["https:\/\/www.meslibellules.fr\/blog\/2024\/08\/17\/coeliccia-chromothorax-males\/#respond"]}]},{"@type":"WebPage","@id":"https:\/\/www.meslibellules.fr\/blog\/2024\/08\/17\/coeliccia-chromothorax-males\/","url":"https:\/\/www.meslibellules.fr\/blog\/2024\/08\/17\/coeliccia-chromothorax-males\/","name":"Coeliccia chromothorax m\u00e2les - Mes Libellules","isPartOf":{"@id":"https:\/\/www.meslibellules.fr\/blog\/#website"},"primaryImageOfPage":{"@id":"https:\/\/www.meslibellules.fr\/blog\/2024\/08\/17\/coeliccia-chromothorax-males\/#primaryimage"},"image":{"@id":"https:\/\/www.meslibellules.fr\/blog\/2024\/08\/17\/coeliccia-chromothorax-males\/#primaryimage"},"thumbnailUrl":"https:\/\/www.meslibellules.fr\/blog\/wp-content\/uploads\/Coeliccia-chromothorax-male-1.webp","datePublished":"2024-08-17T17:38:11+00:00","dateModified":"2024-08-23T15:57:36+00:00","description":"Coeliccia chromothorax m\u00e2les et femelles en Tha\u00eflande, description, identification, taille, habitat, distribution g\u00e9ographique, \u00e9tymologie","breadcrumb":{"@id":"https:\/\/www.meslibellules.fr\/blog\/2024\/08\/17\/coeliccia-chromothorax-males\/#breadcrumb"},"inLanguage":"fr-FR","potentialAction":[{"@type":"ReadAction","target":["https:\/\/www.meslibellules.fr\/blog\/2024\/08\/17\/coeliccia-chromothorax-males\/"]}]},{"@type":"ImageObject","inLanguage":"fr-FR","@id":"https:\/\/www.meslibellules.fr\/blog\/2024\/08\/17\/coeliccia-chromothorax-males\/#primaryimage","url":"https:\/\/www.meslibellules.fr\/blog\/wp-content\/uploads\/Coeliccia-chromothorax-male-1.webp","contentUrl":"https:\/\/www.meslibellules.fr\/blog\/wp-content\/uploads\/Coeliccia-chromothorax-male-1.webp"},{"@type":"BreadcrumbList","@id":"https:\/\/www.meslibellules.fr\/blog\/2024\/08\/17\/coeliccia-chromothorax-males\/#breadcrumb","itemListElement":[{"@type":"ListItem","position":1,"name":"Accueil","item":"https:\/\/www.meslibellules.fr\/blog\/"},{"@type":"ListItem","position":2,"name":"Tha\u00eflande &#8211; Coeliccia chromothorax (Selys, 1891)"}]},{"@type":"WebSite","@id":"https:\/\/www.meslibellules.fr\/blog\/#website","url":"https:\/\/www.meslibellules.fr\/blog\/","name":"Mes Libellules","description":"Pr\u00e9sentation des libellules rencontr\u00e9es dans le monde","publisher":{"@id":"https:\/\/www.meslibellules.fr\/blog\/#\/schema\/person\/9aa3586f9dd053fcf329f43b8b053c77"},"potentialAction":[{"@type":"SearchAction","target":{"@type":"EntryPoint","urlTemplate":"https:\/\/www.meslibellules.fr\/blog\/?s={search_term_string}"},"query-input":{"@type":"PropertyValueSpecification","valueRequired":true,"valueName":"search_term_string"}}],"inLanguage":"fr-FR"},{"@type":["Person","Organization"],"@id":"https:\/\/www.meslibellules.fr\/blog\/#\/schema\/person\/9aa3586f9dd053fcf329f43b8b053c77","name":"Beno\u00eet Guillon","image":{"@type":"ImageObject","inLanguage":"fr-FR","@id":"https:\/\/www.meslibellules.fr\/blog\/wp-content\/uploads\/cropped-avatar-150-pix.jpg","url":"https:\/\/www.meslibellules.fr\/blog\/wp-content\/uploads\/cropped-avatar-150-pix.jpg","contentUrl":"https:\/\/www.meslibellules.fr\/blog\/wp-content\/uploads\/cropped-avatar-150-pix.jpg","width":150,"height":137,"caption":"Beno\u00eet Guillon"},"logo":{"@id":"https:\/\/www.meslibellules.fr\/blog\/wp-content\/uploads\/cropped-avatar-150-pix.jpg"},"sameAs":["https:\/\/www.facebook.com\/benoit.guillon.96\/"]}]}},"_links":{"self":[{"href":"https:\/\/www.meslibellules.fr\/blog\/wp-json\/wp\/v2\/posts\/20811","targetHints":{"allow":["GET"]}}],"collection":[{"href":"https:\/\/www.meslibellules.fr\/blog\/wp-json\/wp\/v2\/posts"}],"about":[{"href":"https:\/\/www.meslibellules.fr\/blog\/wp-json\/wp\/v2\/types\/post"}],"author":[{"embeddable":true,"href":"https:\/\/www.meslibellules.fr\/blog\/wp-json\/wp\/v2\/users\/1"}],"replies":[{"embeddable":true,"href":"https:\/\/www.meslibellules.fr\/blog\/wp-json\/wp\/v2\/comments?post=20811"}],"version-history":[{"count":0,"href":"https:\/\/www.meslibellules.fr\/blog\/wp-json\/wp\/v2\/posts\/20811\/revisions"}],"wp:attachment":[{"href":"https:\/\/www.meslibellules.fr\/blog\/wp-json\/wp\/v2\/media?parent=20811"}],"wp:term":[{"taxonomy":"category","embeddable":true,"href":"https:\/\/www.meslibellules.fr\/blog\/wp-json\/wp\/v2\/categories?post=20811"},{"taxonomy":"post_tag","embeddable":true,"href":"https:\/\/www.meslibellules.fr\/blog\/wp-json\/wp\/v2\/tags?post=20811"}],"curies":[{"name":"wp","href":"https:\/\/api.w.org\/{rel}","templated":true}]}}